{"id":46455,"date":"2018-07-20T10:15:56","date_gmt":"2018-07-20T07:15:56","guid":{"rendered":"http:\/\/www.lovendal.ro\/wp52\/?p=46455"},"modified":"2018-07-20T10:17:40","modified_gmt":"2018-07-20T07:17:40","slug":"profesorul-roman-grigore-gral-albu-care-a-murit-dumnezeu-sa-l-odihneasca-in-pace-detinea-harta-atlantidei-pe-care-nimeni-nu-o-avea-dar-n-a-fost-bagat-in-seama-de-nimeni","status":"publish","type":"post","link":"https:\/\/www.lovendal.ro\/wp52\/profesorul-roman-grigore-gral-albu-care-a-murit-dumnezeu-sa-l-odihneasca-in-pace-detinea-harta-atlantidei-pe-care-nimeni-nu-o-avea-dar-n-a-fost-bagat-in-seama-de-nimeni\/","title":{"rendered":"Profesorul rom\u00e2n Grigore Gral Albu (care a murit, Dumnezeu s\u0103-l odihneasc\u0103 \u00een pace) de\u0163inea harta Atlantidei, pe care nimeni nu o avea! Dar n-a fost b\u0103gat \u00een seam\u0103 de nimeni&#8230;"},"content":{"rendered":"<p><img loading=\"lazy\" decoding=\"async\" class=\"alignleft size-full wp-image-46456\" src=\"https:\/\/www.lovendal.ro\/wp52\/wp-content\/uploads\/2016\/11\/harta-Atlantidei.jpg\" alt=\"harta-atlantidei\" width=\"331\" height=\"248\" srcset=\"https:\/\/www.lovendal.ro\/wp52\/wp-content\/uploads\/2016\/11\/harta-Atlantidei.jpg 331w, https:\/\/www.lovendal.ro\/wp52\/wp-content\/uploads\/2016\/11\/harta-Atlantidei-200x150.jpg 200w\" sizes=\"auto, (max-width: 331px) 100vw, 331px\" \/>Pe 20 ianuarie 2012, \u00een urma unui accident vascular cerebral suferit \u00een 27 decembrie 2011, a \u00eencetat din via\u0163\u0103 domnul Grigore Gral Albu, profesor \u015fi scriitor, membru al Uniunii Scriitorilor din Bucure\u015fti, un prieten deosebit al revistei <em>&#8222;Lumea misterelor&#8221;<\/em>.<\/p>\n<p>S-a n\u0103scut pe 27 decembrie 1941 \u00een comuna Seaca, jude\u0163ul Olt, dar a fost \u00eenregistrat la prim\u0103rie pe 21 ianuarie 1942. La v\u00eersta de cinci ani, \u00een urma unui stupid joc de copii, acesta \u015fi-a pierdut vederea, dar acest fapt nu l-a \u00eempiedicat s\u0103 urmeze studiile Liceului de nev\u0103z\u0103tori din Cluj, Facultatea de Filozofie general\u0103 \u015fi apoi Facultatea de Limba \u015fi Literatura Rom\u00e2n\u0103 din Bucure\u015fti. La v\u00eersta de 18 ani a devenit membru al Uniunii Scriitorilor din Bucure\u015fti. Toat\u0103 existen\u0163a sa a fost o lupt\u0103, \u00een care a demonstrat c\u0103 \u00ee\u015fi poate dep\u0103\u015fi condi\u0163ia de nev\u0103z\u0103tor. De-a lungul vie\u0163ii, Grigore Gral Albu a publicat: Carte de vizit\u0103 (versuri, Editura E.S.P.L.A. -1968); Daruri (versuri, la Editura Eminescu \u2013 1972); Pasul de tain\u0103 (versuri, la Editura Dacia \u2013 1979); Lungul drum al nop\u0163ii c\u0103tre zi (microroman, Editura Litera \u2013 1981); A\u015fteptare (versuri, Ed. Cartea Rom\u00e2neasc\u0103 \u2013 1990); Basorelief pe ochi \u00eenchis (versuri, Casa E.V.I.O. de Tip\u0103rituri -1993); Ertfragtu Kogayon Dyatra \u2013 Cartea dat\u0103 de ursitar poporului rom\u00e2n (un studiu dedicat Monumentului de la Sarmizegetusa, la Casa E.V.I.O. de Tip\u0103rituri \u2013 1994); Furnon Kogayon Dyatra \u2013 Cartea despre Iisus Hristos dup\u0103 \u00eenscrisuri Mesia (la Casa E.V.I.O. de Tip\u0103rituri \u2013 1995).<\/p>\n<p>A p\u0103r\u0103sit \u00eenva\u0163\u0103m\u00eentul \u00een 1996 \u015fi a organizat, la cerere, cursuri de sermoterapie \u00een 16 localit\u0103\u0163i din Rom\u00e2nia. Scriitorul \u015fi profesorul Grigore Gral Albu a fost \u015fi un mare specialist \u00een citirea runelor. In 1990 a publicat cercetarea Despre compromisul protocre\u015ftin \u00een \u00eenscrip\u0163iile de la Basarabi, iar \u00een anul 2000 a organizat mai multe expozi\u0163ii cu documentele despre Jalomis, ritualul na\u015fterii la traco-geto-daci, citite \u00een pe\u015ftera Ialomicioarei din mun\u0163ii Bucegi \u015fi nu numai. Din anul 1990 \u015fi p\u00een\u0103 \u00een ultimele clipe a \u00eentreprins un lung \u015fir de cercet\u0103ri, dezvolt\u00e2nd principiile sermoterapiei, metod\u0103 prin care a rezolvat peste 8.000 de cazuri, unele dintre acestea declarate de medici ca incurabile. I-a fost dat s\u0103 plece din aceast\u0103 lume exact \u00een aceea\u015fi zi \u00een care a venit.<\/p>\n<p><strong><a href=\"http:\/\/www.elianacorina.com\/sermoterapie-cu-profesorul-grigore-albu-gral\/\"><em>Sursa:<\/em><\/a><\/strong> <strong>elianacorina.com<\/strong><\/p>\n<p>Grig, a\u015fa cum \u00eei spuneau cei apropia\u021bi, a fost clarv\u0103z\u0103torul a c\u0103rui menire a fost aceea de a scoate la lumin\u0103 istoria at\u00e2t de ocultat\u0103 a acestui neam rom\u00e2nesc, a fost omul de \u0219tiin\u021b\u0103 care \u015fi-a dedicat \u00eentreaga via\u021b\u0103 descoperirii codului fonogenetic al limbii pe care o vorbim cu at\u00e2ta drag.<\/p>\n<p>Profesorul Grigore Albu Gral a expus, \u00een cadrul mai multor expozi\u0163ii, 44 de texte runice descoperite \u0219i interpretate de el. Runele sunt concepte religioase care sunt mi\u0219cate \u00eentr-un spa\u021biu holografic reprezentat prin figuri geometrice. Iat\u0103 ce declara profesorul \u00een cadrul unei expozi\u0163ii: <em>\u201eAceast\u0103 expozi\u021bie indic\u0103 cea mai veche scriere omeneasc\u0103 mo\u0219tenit\u0103 de la atlan\u021bi, mai bine zis de la zeii atlan\u021bi\u201d<\/em>.<\/p>\n<p>\u00cen expozi\u0163iile sale, profesorul a expus harta Atlantidei, pe care nu o are nimeni, \u00een afar\u0103 de Rom\u00e2nia, h\u0103r\u021bile Africii, a\u0219a cum ar\u0103tau ele \u00een perioada atlan\u021bilor, h\u0103r\u021bi ale Americii de Nord \u0219i de Sud, cum erau dup\u0103 cutremur. Toate aceste lucruri, toate aceste informa\u021bii istorice extraordinare, pe care le-a revelat profesorul Albu, nu sunt promovate bine\u00een\u021beles de marii \u201eacademicieni\u201d \u0219i \u201esavan\u021bi\u201d ai \u021b\u0103rii, care apar\u021bin unor anumite grupuri de interese. Profesorul a fost dat u\u0219or \u0219i \u00een mod politicos la o parte, pentru a nu i se promova \u0219tiin\u021ba, iar istoria rom\u00e2nilor s\u0103 r\u0103m\u00e2n\u0103 a\u0219a cum ne-au scris-o al\u021bii.<\/p>\n","protected":false},"excerpt":{"rendered":"<p>Pe 20 ianuarie 2012, \u00een urma unui accident vascular cerebral suferit \u00een 27 decembrie 2011, a \u00eencetat din via\u0163\u0103 domnul Grigore Gral Albu, profesor \u015fi scriitor, membru al Uniunii Scriitorilor din Bucure\u015fti, un prieten deosebit al revistei &#8222;Lumea misterelor&#8221;. S-a &#8230; <\/p>\n<p class=\"read-more-container\"><a title=\"Profesorul rom\u00e2n Grigore Gral Albu (care a murit, Dumnezeu s\u0103-l odihneasc\u0103 \u00een pace) de\u0163inea harta Atlantidei, pe care nimeni nu o avea! Dar n-a fost b\u0103gat \u00een seam\u0103 de nimeni&#8230;\" class=\"read-more button\" href=\"https:\/\/www.lovendal.ro\/wp52\/profesorul-roman-grigore-gral-albu-care-a-murit-dumnezeu-sa-l-odihneasca-in-pace-detinea-harta-atlantidei-pe-care-nimeni-nu-o-avea-dar-n-a-fost-bagat-in-seama-de-nimeni\/#more-46455\" aria-label=\"Cite\u0219te mai multe despre Profesorul rom\u00e2n Grigore Gral Albu (care a murit, Dumnezeu s\u0103-l odihneasc\u0103 \u00een pace) de\u0163inea harta Atlantidei, pe care nimeni nu o avea! Dar n-a fost b\u0103gat \u00een seam\u0103 de nimeni&#8230;\">Cititi mai multe<\/a><\/p>\n","protected":false},"author":1,"featured_media":46456,"comment_status":"closed","ping_status":"closed","sticky":false,"template":"","format":"standard","meta":{"footnotes":""},"categories":[9,2833],"tags":[235,5045,4420,192,813,827,1103,4760,1331,6596,10911,720,4387,1532,8134,2890,2478,74,10912,2250],"class_list":["post-46455","post","type-post","status-publish","format-standard","has-post-thumbnail","hentry","category-istorie","category-noutati","tag-africa","tag-america-de-nord","tag-america-de-sud","tag-atlantida","tag-bucegi","tag-bucuresti","tag-carte","tag-cluj-napoca","tag-cutremur","tag-geto-daci","tag-grigore-gral-albu","tag-harta","tag-ialomicioara","tag-istorie-si-civilizatii","tag-olt","tag-pestera","tag-profesor","tag-romania","tag-rune","tag-universitate","resize-featured-image"],"yoast_head":"<!-- This site is optimized with the Yoast SEO Premium plugin v23.3 (Yoast SEO v27.4) - https:\/\/yoast.com\/product\/yoast-seo-premium-wordpress\/ -->\n<title>Profesorul rom\u00e2n Grigore Gral Albu (care a murit, Dumnezeu s\u0103-l odihneasc\u0103 \u00een pace) de\u0163inea harta Atlantidei, pe care nimeni nu o avea! Dar n-a fost b\u0103gat \u00een seam\u0103 de nimeni... - Secretele lui Lovendal<\/title>\n<meta name=\"robots\" content=\"index, follow, max-snippet:-1, max-image-preview:large, max-video-preview:-1\" \/>\n<link rel=\"canonical\" href=\"https:\/\/www.lovendal.ro\/wp52\/profesorul-roman-grigore-gral-albu-care-a-murit-dumnezeu-sa-l-odihneasca-in-pace-detinea-harta-atlantidei-pe-care-nimeni-nu-o-avea-dar-n-a-fost-bagat-in-seama-de-nimeni\/\" \/>\n<meta property=\"og:locale\" content=\"ro_RO\" \/>\n<meta property=\"og:type\" content=\"article\" \/>\n<meta property=\"og:title\" content=\"Profesorul rom\u00e2n Grigore Gral Albu (care a murit, Dumnezeu s\u0103-l odihneasc\u0103 \u00een pace) de\u0163inea harta Atlantidei, pe care nimeni nu o avea! Dar n-a fost b\u0103gat \u00een seam\u0103 de nimeni...\" \/>\n<meta property=\"og:description\" content=\"Pe 20 ianuarie 2012, \u00een urma unui accident vascular cerebral suferit \u00een 27 decembrie 2011, a \u00eencetat din via\u0163\u0103 domnul Grigore Gral Albu, profesor \u015fi scriitor, membru al Uniunii Scriitorilor din Bucure\u015fti, un prieten deosebit al revistei &#8222;Lumea misterelor&#8221;. S-a ... Cititi mai multe\" \/>\n<meta property=\"og:url\" content=\"https:\/\/www.lovendal.ro\/wp52\/profesorul-roman-grigore-gral-albu-care-a-murit-dumnezeu-sa-l-odihneasca-in-pace-detinea-harta-atlantidei-pe-care-nimeni-nu-o-avea-dar-n-a-fost-bagat-in-seama-de-nimeni\/\" \/>\n<meta property=\"og:site_name\" content=\"Secretele lui Lovendal\" \/>\n<meta property=\"article:publisher\" content=\"https:\/\/www.facebook.com\/secreteleluilovendal\" \/>\n<meta property=\"article:published_time\" content=\"2018-07-20T07:15:56+00:00\" \/>\n<meta property=\"article:modified_time\" content=\"2018-07-20T07:17:40+00:00\" \/>\n<meta property=\"og:image\" content=\"https:\/\/www.lovendal.ro\/wp52\/wp-content\/uploads\/2016\/11\/harta-Atlantidei.jpg\" \/>\n\t<meta property=\"og:image:width\" content=\"331\" \/>\n\t<meta property=\"og:image:height\" content=\"248\" \/>\n\t<meta property=\"og:image:type\" content=\"image\/jpeg\" \/>\n<meta name=\"author\" content=\"admin\" \/>\n<meta name=\"twitter:card\" content=\"summary_large_image\" \/>\n<meta name=\"twitter:label1\" content=\"Scris de\" \/>\n\t<meta name=\"twitter:data1\" content=\"admin\" \/>\n\t<meta name=\"twitter:label2\" content=\"Timp estimat pentru citire\" \/>\n\t<meta name=\"twitter:data2\" content=\"3 minute\" \/>\n<script type=\"application\/ld+json\" class=\"yoast-schema-graph\">{\"@context\":\"https:\\\/\\\/schema.org\",\"@graph\":[{\"@type\":\"Article\",\"@id\":\"https:\\\/\\\/www.lovendal.ro\\\/wp52\\\/profesorul-roman-grigore-gral-albu-care-a-murit-dumnezeu-sa-l-odihneasca-in-pace-detinea-harta-atlantidei-pe-care-nimeni-nu-o-avea-dar-n-a-fost-bagat-in-seama-de-nimeni\\\/#article\",\"isPartOf\":{\"@id\":\"https:\\\/\\\/www.lovendal.ro\\\/wp52\\\/profesorul-roman-grigore-gral-albu-care-a-murit-dumnezeu-sa-l-odihneasca-in-pace-detinea-harta-atlantidei-pe-care-nimeni-nu-o-avea-dar-n-a-fost-bagat-in-seama-de-nimeni\\\/\"},\"author\":{\"name\":\"admin\",\"@id\":\"https:\\\/\\\/www.lovendal.ro\\\/wp52\\\/#\\\/schema\\\/person\\\/088691de5dfc346bb0c023e1e52ef5d9\"},\"headline\":\"Profesorul rom\u00e2n Grigore Gral Albu (care a murit, Dumnezeu s\u0103-l odihneasc\u0103 \u00een pace) de\u0163inea harta Atlantidei, pe care nimeni nu o avea! Dar n-a fost b\u0103gat \u00een seam\u0103 de nimeni&#8230;\",\"datePublished\":\"2018-07-20T07:15:56+00:00\",\"dateModified\":\"2018-07-20T07:17:40+00:00\",\"mainEntityOfPage\":{\"@id\":\"https:\\\/\\\/www.lovendal.ro\\\/wp52\\\/profesorul-roman-grigore-gral-albu-care-a-murit-dumnezeu-sa-l-odihneasca-in-pace-detinea-harta-atlantidei-pe-care-nimeni-nu-o-avea-dar-n-a-fost-bagat-in-seama-de-nimeni\\\/\"},\"wordCount\":670,\"publisher\":{\"@id\":\"https:\\\/\\\/www.lovendal.ro\\\/wp52\\\/#organization\"},\"image\":{\"@id\":\"https:\\\/\\\/www.lovendal.ro\\\/wp52\\\/profesorul-roman-grigore-gral-albu-care-a-murit-dumnezeu-sa-l-odihneasca-in-pace-detinea-harta-atlantidei-pe-care-nimeni-nu-o-avea-dar-n-a-fost-bagat-in-seama-de-nimeni\\\/#primaryimage\"},\"thumbnailUrl\":\"https:\\\/\\\/www.lovendal.ro\\\/wp52\\\/wp-content\\\/uploads\\\/2016\\\/11\\\/harta-Atlantidei.jpg\",\"keywords\":[\"Africa\",\"America de Nord\",\"America de Sud\",\"Atlantida\",\"Bucegi\",\"Bucure\u015fti\",\"carte\",\"Cluj-Napoca\",\"cutremur\",\"geto-daci\",\"Grigore Gral Albu\",\"hart\u0103\",\"Ialomicioara\",\"Istorie si Civilizatii\",\"Olt\",\"pe\u015fter\u0103\",\"profesor\",\"Rom\u00e2nia\",\"rune\",\"universitate\"],\"articleSection\":[\"Istorie si Civilizatii\",\"Noutati\"],\"inLanguage\":\"ro-RO\"},{\"@type\":\"WebPage\",\"@id\":\"https:\\\/\\\/www.lovendal.ro\\\/wp52\\\/profesorul-roman-grigore-gral-albu-care-a-murit-dumnezeu-sa-l-odihneasca-in-pace-detinea-harta-atlantidei-pe-care-nimeni-nu-o-avea-dar-n-a-fost-bagat-in-seama-de-nimeni\\\/\",\"url\":\"https:\\\/\\\/www.lovendal.ro\\\/wp52\\\/profesorul-roman-grigore-gral-albu-care-a-murit-dumnezeu-sa-l-odihneasca-in-pace-detinea-harta-atlantidei-pe-care-nimeni-nu-o-avea-dar-n-a-fost-bagat-in-seama-de-nimeni\\\/\",\"name\":\"Profesorul rom\u00e2n Grigore Gral Albu (care a murit, Dumnezeu s\u0103-l odihneasc\u0103 \u00een pace) de\u0163inea harta Atlantidei, pe care nimeni nu o avea! Dar n-a fost b\u0103gat \u00een seam\u0103 de nimeni... - Secretele lui Lovendal\",\"isPartOf\":{\"@id\":\"https:\\\/\\\/www.lovendal.ro\\\/wp52\\\/#website\"},\"primaryImageOfPage\":{\"@id\":\"https:\\\/\\\/www.lovendal.ro\\\/wp52\\\/profesorul-roman-grigore-gral-albu-care-a-murit-dumnezeu-sa-l-odihneasca-in-pace-detinea-harta-atlantidei-pe-care-nimeni-nu-o-avea-dar-n-a-fost-bagat-in-seama-de-nimeni\\\/#primaryimage\"},\"image\":{\"@id\":\"https:\\\/\\\/www.lovendal.ro\\\/wp52\\\/profesorul-roman-grigore-gral-albu-care-a-murit-dumnezeu-sa-l-odihneasca-in-pace-detinea-harta-atlantidei-pe-care-nimeni-nu-o-avea-dar-n-a-fost-bagat-in-seama-de-nimeni\\\/#primaryimage\"},\"thumbnailUrl\":\"https:\\\/\\\/www.lovendal.ro\\\/wp52\\\/wp-content\\\/uploads\\\/2016\\\/11\\\/harta-Atlantidei.jpg\",\"datePublished\":\"2018-07-20T07:15:56+00:00\",\"dateModified\":\"2018-07-20T07:17:40+00:00\",\"breadcrumb\":{\"@id\":\"https:\\\/\\\/www.lovendal.ro\\\/wp52\\\/profesorul-roman-grigore-gral-albu-care-a-murit-dumnezeu-sa-l-odihneasca-in-pace-detinea-harta-atlantidei-pe-care-nimeni-nu-o-avea-dar-n-a-fost-bagat-in-seama-de-nimeni\\\/#breadcrumb\"},\"inLanguage\":\"ro-RO\",\"potentialAction\":[{\"@type\":\"ReadAction\",\"target\":[\"https:\\\/\\\/www.lovendal.ro\\\/wp52\\\/profesorul-roman-grigore-gral-albu-care-a-murit-dumnezeu-sa-l-odihneasca-in-pace-detinea-harta-atlantidei-pe-care-nimeni-nu-o-avea-dar-n-a-fost-bagat-in-seama-de-nimeni\\\/\"]}]},{\"@type\":\"ImageObject\",\"inLanguage\":\"ro-RO\",\"@id\":\"https:\\\/\\\/www.lovendal.ro\\\/wp52\\\/profesorul-roman-grigore-gral-albu-care-a-murit-dumnezeu-sa-l-odihneasca-in-pace-detinea-harta-atlantidei-pe-care-nimeni-nu-o-avea-dar-n-a-fost-bagat-in-seama-de-nimeni\\\/#primaryimage\",\"url\":\"https:\\\/\\\/www.lovendal.ro\\\/wp52\\\/wp-content\\\/uploads\\\/2016\\\/11\\\/harta-Atlantidei.jpg\",\"contentUrl\":\"https:\\\/\\\/www.lovendal.ro\\\/wp52\\\/wp-content\\\/uploads\\\/2016\\\/11\\\/harta-Atlantidei.jpg\",\"width\":331,\"height\":248},{\"@type\":\"BreadcrumbList\",\"@id\":\"https:\\\/\\\/www.lovendal.ro\\\/wp52\\\/profesorul-roman-grigore-gral-albu-care-a-murit-dumnezeu-sa-l-odihneasca-in-pace-detinea-harta-atlantidei-pe-care-nimeni-nu-o-avea-dar-n-a-fost-bagat-in-seama-de-nimeni\\\/#breadcrumb\",\"itemListElement\":[{\"@type\":\"ListItem\",\"position\":1,\"name\":\"Home\",\"item\":\"https:\\\/\\\/www.lovendal.ro\\\/wp52\\\/\"},{\"@type\":\"ListItem\",\"position\":2,\"name\":\"Profesorul rom\u00e2n Grigore Gral Albu (care a murit, Dumnezeu s\u0103-l odihneasc\u0103 \u00een pace) de\u0163inea harta Atlantidei, pe care nimeni nu o avea! Dar n-a fost b\u0103gat \u00een seam\u0103 de nimeni&#8230;\"}]},{\"@type\":\"WebSite\",\"@id\":\"https:\\\/\\\/www.lovendal.ro\\\/wp52\\\/#website\",\"url\":\"https:\\\/\\\/www.lovendal.ro\\\/wp52\\\/\",\"name\":\"Secretele lui Lovendal\",\"description\":\"Site de secrete, stiinta si metafizica - din 2008 -\",\"publisher\":{\"@id\":\"https:\\\/\\\/www.lovendal.ro\\\/wp52\\\/#organization\"},\"potentialAction\":[{\"@type\":\"SearchAction\",\"target\":{\"@type\":\"EntryPoint\",\"urlTemplate\":\"https:\\\/\\\/www.lovendal.ro\\\/wp52\\\/?s={search_term_string}\"},\"query-input\":{\"@type\":\"PropertyValueSpecification\",\"valueRequired\":true,\"valueName\":\"search_term_string\"}}],\"inLanguage\":\"ro-RO\"},{\"@type\":\"Organization\",\"@id\":\"https:\\\/\\\/www.lovendal.ro\\\/wp52\\\/#organization\",\"name\":\"Secretele lui Lovendal\",\"url\":\"https:\\\/\\\/www.lovendal.ro\\\/wp52\\\/\",\"logo\":{\"@type\":\"ImageObject\",\"inLanguage\":\"ro-RO\",\"@id\":\"https:\\\/\\\/www.lovendal.ro\\\/wp52\\\/#\\\/schema\\\/logo\\\/image\\\/\",\"url\":\"https:\\\/\\\/www.lovendal.ro\\\/wp52\\\/wp-content\\\/uploads\\\/2024\\\/06\\\/cropped-SLL-iun-2024-1.jpg\",\"contentUrl\":\"https:\\\/\\\/www.lovendal.ro\\\/wp52\\\/wp-content\\\/uploads\\\/2024\\\/06\\\/cropped-SLL-iun-2024-1.jpg\",\"width\":771,\"height\":240,\"caption\":\"Secretele lui Lovendal\"},\"image\":{\"@id\":\"https:\\\/\\\/www.lovendal.ro\\\/wp52\\\/#\\\/schema\\\/logo\\\/image\\\/\"},\"sameAs\":[\"https:\\\/\\\/www.facebook.com\\\/secreteleluilovendal\"]},{\"@type\":\"Person\",\"@id\":\"https:\\\/\\\/www.lovendal.ro\\\/wp52\\\/#\\\/schema\\\/person\\\/088691de5dfc346bb0c023e1e52ef5d9\",\"name\":\"admin\",\"image\":{\"@type\":\"ImageObject\",\"inLanguage\":\"ro-RO\",\"@id\":\"https:\\\/\\\/secure.gravatar.com\\\/avatar\\\/ecb9cd41f5f63c9c9b989999a59f6e2639a865ec361e9db054db0679a8f341c2?s=96&d=mm&r=g\",\"url\":\"https:\\\/\\\/secure.gravatar.com\\\/avatar\\\/ecb9cd41f5f63c9c9b989999a59f6e2639a865ec361e9db054db0679a8f341c2?s=96&d=mm&r=g\",\"contentUrl\":\"https:\\\/\\\/secure.gravatar.com\\\/avatar\\\/ecb9cd41f5f63c9c9b989999a59f6e2639a865ec361e9db054db0679a8f341c2?s=96&d=mm&r=g\",\"caption\":\"admin\"},\"sameAs\":[\"https:\\\/\\\/www.lovendal.ro\\\/wp52\"]}]}<\/script>\n<!-- \/ Yoast SEO Premium plugin. -->","yoast_head_json":{"title":"Profesorul rom\u00e2n Grigore Gral Albu (care a murit, Dumnezeu s\u0103-l odihneasc\u0103 \u00een pace) de\u0163inea harta Atlantidei, pe care nimeni nu o avea! Dar n-a fost b\u0103gat \u00een seam\u0103 de nimeni... - Secretele lui Lovendal","robots":{"index":"index","follow":"follow","max-snippet":"max-snippet:-1","max-image-preview":"max-image-preview:large","max-video-preview":"max-video-preview:-1"},"canonical":"https:\/\/www.lovendal.ro\/wp52\/profesorul-roman-grigore-gral-albu-care-a-murit-dumnezeu-sa-l-odihneasca-in-pace-detinea-harta-atlantidei-pe-care-nimeni-nu-o-avea-dar-n-a-fost-bagat-in-seama-de-nimeni\/","og_locale":"ro_RO","og_type":"article","og_title":"Profesorul rom\u00e2n Grigore Gral Albu (care a murit, Dumnezeu s\u0103-l odihneasc\u0103 \u00een pace) de\u0163inea harta Atlantidei, pe care nimeni nu o avea! Dar n-a fost b\u0103gat \u00een seam\u0103 de nimeni...","og_description":"Pe 20 ianuarie 2012, \u00een urma unui accident vascular cerebral suferit \u00een 27 decembrie 2011, a \u00eencetat din via\u0163\u0103 domnul Grigore Gral Albu, profesor \u015fi scriitor, membru al Uniunii Scriitorilor din Bucure\u015fti, un prieten deosebit al revistei &#8222;Lumea misterelor&#8221;. S-a ... Cititi mai multe","og_url":"https:\/\/www.lovendal.ro\/wp52\/profesorul-roman-grigore-gral-albu-care-a-murit-dumnezeu-sa-l-odihneasca-in-pace-detinea-harta-atlantidei-pe-care-nimeni-nu-o-avea-dar-n-a-fost-bagat-in-seama-de-nimeni\/","og_site_name":"Secretele lui Lovendal","article_publisher":"https:\/\/www.facebook.com\/secreteleluilovendal","article_published_time":"2018-07-20T07:15:56+00:00","article_modified_time":"2018-07-20T07:17:40+00:00","og_image":[{"width":331,"height":248,"url":"https:\/\/www.lovendal.ro\/wp52\/wp-content\/uploads\/2016\/11\/harta-Atlantidei.jpg","type":"image\/jpeg"}],"author":"admin","twitter_card":"summary_large_image","twitter_misc":{"Scris de":"admin","Timp estimat pentru citire":"3 minute"},"schema":{"@context":"https:\/\/schema.org","@graph":[{"@type":"Article","@id":"https:\/\/www.lovendal.ro\/wp52\/profesorul-roman-grigore-gral-albu-care-a-murit-dumnezeu-sa-l-odihneasca-in-pace-detinea-harta-atlantidei-pe-care-nimeni-nu-o-avea-dar-n-a-fost-bagat-in-seama-de-nimeni\/#article","isPartOf":{"@id":"https:\/\/www.lovendal.ro\/wp52\/profesorul-roman-grigore-gral-albu-care-a-murit-dumnezeu-sa-l-odihneasca-in-pace-detinea-harta-atlantidei-pe-care-nimeni-nu-o-avea-dar-n-a-fost-bagat-in-seama-de-nimeni\/"},"author":{"name":"admin","@id":"https:\/\/www.lovendal.ro\/wp52\/#\/schema\/person\/088691de5dfc346bb0c023e1e52ef5d9"},"headline":"Profesorul rom\u00e2n Grigore Gral Albu (care a murit, Dumnezeu s\u0103-l odihneasc\u0103 \u00een pace) de\u0163inea harta Atlantidei, pe care nimeni nu o avea! Dar n-a fost b\u0103gat \u00een seam\u0103 de nimeni&#8230;","datePublished":"2018-07-20T07:15:56+00:00","dateModified":"2018-07-20T07:17:40+00:00","mainEntityOfPage":{"@id":"https:\/\/www.lovendal.ro\/wp52\/profesorul-roman-grigore-gral-albu-care-a-murit-dumnezeu-sa-l-odihneasca-in-pace-detinea-harta-atlantidei-pe-care-nimeni-nu-o-avea-dar-n-a-fost-bagat-in-seama-de-nimeni\/"},"wordCount":670,"publisher":{"@id":"https:\/\/www.lovendal.ro\/wp52\/#organization"},"image":{"@id":"https:\/\/www.lovendal.ro\/wp52\/profesorul-roman-grigore-gral-albu-care-a-murit-dumnezeu-sa-l-odihneasca-in-pace-detinea-harta-atlantidei-pe-care-nimeni-nu-o-avea-dar-n-a-fost-bagat-in-seama-de-nimeni\/#primaryimage"},"thumbnailUrl":"https:\/\/www.lovendal.ro\/wp52\/wp-content\/uploads\/2016\/11\/harta-Atlantidei.jpg","keywords":["Africa","America de Nord","America de Sud","Atlantida","Bucegi","Bucure\u015fti","carte","Cluj-Napoca","cutremur","geto-daci","Grigore Gral Albu","hart\u0103","Ialomicioara","Istorie si Civilizatii","Olt","pe\u015fter\u0103","profesor","Rom\u00e2nia","rune","universitate"],"articleSection":["Istorie si Civilizatii","Noutati"],"inLanguage":"ro-RO"},{"@type":"WebPage","@id":"https:\/\/www.lovendal.ro\/wp52\/profesorul-roman-grigore-gral-albu-care-a-murit-dumnezeu-sa-l-odihneasca-in-pace-detinea-harta-atlantidei-pe-care-nimeni-nu-o-avea-dar-n-a-fost-bagat-in-seama-de-nimeni\/","url":"https:\/\/www.lovendal.ro\/wp52\/profesorul-roman-grigore-gral-albu-care-a-murit-dumnezeu-sa-l-odihneasca-in-pace-detinea-harta-atlantidei-pe-care-nimeni-nu-o-avea-dar-n-a-fost-bagat-in-seama-de-nimeni\/","name":"Profesorul rom\u00e2n Grigore Gral Albu (care a murit, Dumnezeu s\u0103-l odihneasc\u0103 \u00een pace) de\u0163inea harta Atlantidei, pe care nimeni nu o avea! Dar n-a fost b\u0103gat \u00een seam\u0103 de nimeni... - Secretele lui Lovendal","isPartOf":{"@id":"https:\/\/www.lovendal.ro\/wp52\/#website"},"primaryImageOfPage":{"@id":"https:\/\/www.lovendal.ro\/wp52\/profesorul-roman-grigore-gral-albu-care-a-murit-dumnezeu-sa-l-odihneasca-in-pace-detinea-harta-atlantidei-pe-care-nimeni-nu-o-avea-dar-n-a-fost-bagat-in-seama-de-nimeni\/#primaryimage"},"image":{"@id":"https:\/\/www.lovendal.ro\/wp52\/profesorul-roman-grigore-gral-albu-care-a-murit-dumnezeu-sa-l-odihneasca-in-pace-detinea-harta-atlantidei-pe-care-nimeni-nu-o-avea-dar-n-a-fost-bagat-in-seama-de-nimeni\/#primaryimage"},"thumbnailUrl":"https:\/\/www.lovendal.ro\/wp52\/wp-content\/uploads\/2016\/11\/harta-Atlantidei.jpg","datePublished":"2018-07-20T07:15:56+00:00","dateModified":"2018-07-20T07:17:40+00:00","breadcrumb":{"@id":"https:\/\/www.lovendal.ro\/wp52\/profesorul-roman-grigore-gral-albu-care-a-murit-dumnezeu-sa-l-odihneasca-in-pace-detinea-harta-atlantidei-pe-care-nimeni-nu-o-avea-dar-n-a-fost-bagat-in-seama-de-nimeni\/#breadcrumb"},"inLanguage":"ro-RO","potentialAction":[{"@type":"ReadAction","target":["https:\/\/www.lovendal.ro\/wp52\/profesorul-roman-grigore-gral-albu-care-a-murit-dumnezeu-sa-l-odihneasca-in-pace-detinea-harta-atlantidei-pe-care-nimeni-nu-o-avea-dar-n-a-fost-bagat-in-seama-de-nimeni\/"]}]},{"@type":"ImageObject","inLanguage":"ro-RO","@id":"https:\/\/www.lovendal.ro\/wp52\/profesorul-roman-grigore-gral-albu-care-a-murit-dumnezeu-sa-l-odihneasca-in-pace-detinea-harta-atlantidei-pe-care-nimeni-nu-o-avea-dar-n-a-fost-bagat-in-seama-de-nimeni\/#primaryimage","url":"https:\/\/www.lovendal.ro\/wp52\/wp-content\/uploads\/2016\/11\/harta-Atlantidei.jpg","contentUrl":"https:\/\/www.lovendal.ro\/wp52\/wp-content\/uploads\/2016\/11\/harta-Atlantidei.jpg","width":331,"height":248},{"@type":"BreadcrumbList","@id":"https:\/\/www.lovendal.ro\/wp52\/profesorul-roman-grigore-gral-albu-care-a-murit-dumnezeu-sa-l-odihneasca-in-pace-detinea-harta-atlantidei-pe-care-nimeni-nu-o-avea-dar-n-a-fost-bagat-in-seama-de-nimeni\/#breadcrumb","itemListElement":[{"@type":"ListItem","position":1,"name":"Home","item":"https:\/\/www.lovendal.ro\/wp52\/"},{"@type":"ListItem","position":2,"name":"Profesorul rom\u00e2n Grigore Gral Albu (care a murit, Dumnezeu s\u0103-l odihneasc\u0103 \u00een pace) de\u0163inea harta Atlantidei, pe care nimeni nu o avea! Dar n-a fost b\u0103gat \u00een seam\u0103 de nimeni&#8230;"}]},{"@type":"WebSite","@id":"https:\/\/www.lovendal.ro\/wp52\/#website","url":"https:\/\/www.lovendal.ro\/wp52\/","name":"Secretele lui Lovendal","description":"Site de secrete, stiinta si metafizica - din 2008 -","publisher":{"@id":"https:\/\/www.lovendal.ro\/wp52\/#organization"},"potentialAction":[{"@type":"SearchAction","target":{"@type":"EntryPoint","urlTemplate":"https:\/\/www.lovendal.ro\/wp52\/?s={search_term_string}"},"query-input":{"@type":"PropertyValueSpecification","valueRequired":true,"valueName":"search_term_string"}}],"inLanguage":"ro-RO"},{"@type":"Organization","@id":"https:\/\/www.lovendal.ro\/wp52\/#organization","name":"Secretele lui Lovendal","url":"https:\/\/www.lovendal.ro\/wp52\/","logo":{"@type":"ImageObject","inLanguage":"ro-RO","@id":"https:\/\/www.lovendal.ro\/wp52\/#\/schema\/logo\/image\/","url":"https:\/\/www.lovendal.ro\/wp52\/wp-content\/uploads\/2024\/06\/cropped-SLL-iun-2024-1.jpg","contentUrl":"https:\/\/www.lovendal.ro\/wp52\/wp-content\/uploads\/2024\/06\/cropped-SLL-iun-2024-1.jpg","width":771,"height":240,"caption":"Secretele lui Lovendal"},"image":{"@id":"https:\/\/www.lovendal.ro\/wp52\/#\/schema\/logo\/image\/"},"sameAs":["https:\/\/www.facebook.com\/secreteleluilovendal"]},{"@type":"Person","@id":"https:\/\/www.lovendal.ro\/wp52\/#\/schema\/person\/088691de5dfc346bb0c023e1e52ef5d9","name":"admin","image":{"@type":"ImageObject","inLanguage":"ro-RO","@id":"https:\/\/secure.gravatar.com\/avatar\/ecb9cd41f5f63c9c9b989999a59f6e2639a865ec361e9db054db0679a8f341c2?s=96&d=mm&r=g","url":"https:\/\/secure.gravatar.com\/avatar\/ecb9cd41f5f63c9c9b989999a59f6e2639a865ec361e9db054db0679a8f341c2?s=96&d=mm&r=g","contentUrl":"https:\/\/secure.gravatar.com\/avatar\/ecb9cd41f5f63c9c9b989999a59f6e2639a865ec361e9db054db0679a8f341c2?s=96&d=mm&r=g","caption":"admin"},"sameAs":["https:\/\/www.lovendal.ro\/wp52"]}]}},"_links":{"self":[{"href":"https:\/\/www.lovendal.ro\/wp52\/wp-json\/wp\/v2\/posts\/46455","targetHints":{"allow":["GET"]}}],"collection":[{"href":"https:\/\/www.lovendal.ro\/wp52\/wp-json\/wp\/v2\/posts"}],"about":[{"href":"https:\/\/www.lovendal.ro\/wp52\/wp-json\/wp\/v2\/types\/post"}],"author":[{"embeddable":true,"href":"https:\/\/www.lovendal.ro\/wp52\/wp-json\/wp\/v2\/users\/1"}],"replies":[{"embeddable":true,"href":"https:\/\/www.lovendal.ro\/wp52\/wp-json\/wp\/v2\/comments?post=46455"}],"version-history":[{"count":0,"href":"https:\/\/www.lovendal.ro\/wp52\/wp-json\/wp\/v2\/posts\/46455\/revisions"}],"wp:featuredmedia":[{"embeddable":true,"href":"https:\/\/www.lovendal.ro\/wp52\/wp-json\/wp\/v2\/media\/46456"}],"wp:attachment":[{"href":"https:\/\/www.lovendal.ro\/wp52\/wp-json\/wp\/v2\/media?parent=46455"}],"wp:term":[{"taxonomy":"category","embeddable":true,"href":"https:\/\/www.lovendal.ro\/wp52\/wp-json\/wp\/v2\/categories?post=46455"},{"taxonomy":"post_tag","embeddable":true,"href":"https:\/\/www.lovendal.ro\/wp52\/wp-json\/wp\/v2\/tags?post=46455"}],"curies":[{"name":"wp","href":"https:\/\/api.w.org\/{rel}","templated":true}]}}