{"id":46081,"date":"2016-09-21T21:47:07","date_gmt":"2016-09-21T18:47:07","guid":{"rendered":"http:\/\/www.lovendal.ro\/wp52\/?p=46081"},"modified":"2018-12-03T09:06:45","modified_gmt":"2018-12-03T07:06:45","slug":"un-fulger-gigantic-sub-forma-unei-meduze-sau-a-unei-ciuperci-atomice-a-fost-fotografiat-deasupra-marii-caraibelor-n-ar-fi-exclus-sa-fie-o-nava-extraterestra-colosala-camuflata","status":"publish","type":"post","link":"https:\/\/www.lovendal.ro\/wp52\/un-fulger-gigantic-sub-forma-unei-meduze-sau-a-unei-ciuperci-atomice-a-fost-fotografiat-deasupra-marii-caraibelor-n-ar-fi-exclus-sa-fie-o-nava-extraterestra-colosala-camuflata\/","title":{"rendered":"Un fulger gigantic, sub forma unei meduze sau a unei ciuperci atomice, a fost fotografiat deasupra M\u0103rii Caraibelor! N-ar fi exclus s\u0103 fie o nav\u0103 extraterestr\u0103 colosal\u0103 camuflat\u0103!"},"content":{"rendered":"<p><a href=\"https:\/\/www.lovendal.ro\/wp52\/un-fulger-gigantic-sub-forma-unei-meduze-sau-a-unei-ciuperci-atomice-a-fost-fotografiat-deasupra-marii-caraibelor-n-ar-fi-exclus-sa-fie-o-nava-extraterestra-colosala-camuflata\/fulger-marea-caraibelor-coperta\/\" rel=\"attachment wp-att-46082\"><img loading=\"lazy\" decoding=\"async\" class=\"alignleft size-full wp-image-46082\" src=\"https:\/\/www.lovendal.ro\/wp52\/wp-content\/uploads\/2016\/09\/fulger-marea-caraibelor-coperta.jpg\" alt=\"fulger-marea-caraibelor-coperta\" width=\"334\" height=\"244\" srcset=\"https:\/\/www.lovendal.ro\/wp52\/wp-content\/uploads\/2016\/09\/fulger-marea-caraibelor-coperta.jpg 334w, https:\/\/www.lovendal.ro\/wp52\/wp-content\/uploads\/2016\/09\/fulger-marea-caraibelor-coperta-300x219.jpg 300w, https:\/\/www.lovendal.ro\/wp52\/wp-content\/uploads\/2016\/09\/fulger-marea-caraibelor-coperta-220x162.jpg 220w\" sizes=\"auto, (max-width: 334px) 100vw, 334px\" \/><\/a>Un fulger gigantic, sub forma unei meduze sau a unei ciuperci atomice, a fost fotografiat de un b\u0103rbat peste Marea Caraibelor. Citez de pe site-ul NASA, spaceweather.com:<\/p>\n<p>Pe 18 septembrie 2016, Frankie Lucena din Cabo Rojo, Puerto Rico, a fotografiat un fulger enorm peste Marea Caraibelor. Pentru o frac\u021biune de secund\u0103, cerul a fost luminat de un fulger cu o form\u0103 de ciuperc\u0103.<\/p>\n<p>Oscar van der Velde, membru al Grupului de Cercetare al Fulgerelor, de la Universitatea Politehnic\u0103 din Catalunia, explic\u0103 ce a fotografiat Lucena: <em>&#8222;Acest tip de fulgere sunt adesea numite &#8222;meduze&#8221; sau &#8222;bombe atomice&#8221; \u0219i reprezint\u0103 cel mai mare tip de fulger, at\u00e2t \u00een plan orizontal c\u00e2t \u0219i vertical. El se compune dintr-un halou luminos de aproximativ 85 de km deasupra P\u0103m\u00e2ntului, cu ni\u015fte ramifica\u0163ii care coboar\u0103 \u00een jos p\u00e2n\u0103 la aproximativ 30 de km deasupra P\u0103m\u00e2ntului&#8221;<\/em>.<\/p>\n<p>Cu toate c\u0103 acest tip de fulgere au fost observate de cel pu\u0163in un secol, cei mai mul\u021bi oameni de \u0219tiin\u021b\u0103 nu au crezut \u00een existen\u0163a lor p\u00e2n\u0103 dup\u0103 1989, c\u00e2nd ele au fost fotografiate de camerele video de la bordul navetelor spa\u021biale.<\/p>\n<p>P.S. De\u015fi oamenii de \u015ftiin\u0163\u0103 cred c\u0103 ele sunt fenomene naturale, exist\u0103 unii conspira\u0163ioni\u015fti care cred c\u0103 ar putea fi vorba de o nav\u0103 spa\u0163ial\u0103 extraterestr\u0103 camuflat\u0103, care se dezv\u0103luie doar c\u00e2teva zecimi de secunde.<\/p>\n<p><a href=\"https:\/\/www.lovendal.ro\/wp52\/un-fulger-gigantic-sub-forma-unei-meduze-sau-a-unei-ciuperci-atomice-a-fost-fotografiat-deasupra-marii-caraibelor-n-ar-fi-exclus-sa-fie-o-nava-extraterestra-colosala-camuflata\/fulger-marea-caraibelor\/\" rel=\"attachment wp-att-46083\"><img loading=\"lazy\" decoding=\"async\" class=\"aligncenter size-full wp-image-46083\" src=\"https:\/\/www.lovendal.ro\/wp52\/wp-content\/uploads\/2016\/09\/fulger-marea-caraibelor.jpg\" alt=\"fulger-marea-caraibelor\" width=\"539\" height=\"393\" srcset=\"https:\/\/www.lovendal.ro\/wp52\/wp-content\/uploads\/2016\/09\/fulger-marea-caraibelor.jpg 539w, https:\/\/www.lovendal.ro\/wp52\/wp-content\/uploads\/2016\/09\/fulger-marea-caraibelor-300x219.jpg 300w\" sizes=\"auto, (max-width: 539px) 100vw, 539px\" \/><\/a><\/p>\n<p>&nbsp;<\/p>\n","protected":false},"excerpt":{"rendered":"<p>Un fulger gigantic, sub forma unei meduze sau a unei ciuperci atomice, a fost fotografiat de un b\u0103rbat peste Marea Caraibelor. Citez de pe site-ul NASA, spaceweather.com: Pe 18 septembrie 2016, Frankie Lucena din Cabo Rojo, Puerto Rico, a fotografiat &#8230; <\/p>\n<p class=\"read-more-container\"><a title=\"Un fulger gigantic, sub forma unei meduze sau a unei ciuperci atomice, a fost fotografiat deasupra M\u0103rii Caraibelor! N-ar fi exclus s\u0103 fie o nav\u0103 extraterestr\u0103 colosal\u0103 camuflat\u0103!\" class=\"read-more button\" href=\"https:\/\/www.lovendal.ro\/wp52\/un-fulger-gigantic-sub-forma-unei-meduze-sau-a-unei-ciuperci-atomice-a-fost-fotografiat-deasupra-marii-caraibelor-n-ar-fi-exclus-sa-fie-o-nava-extraterestra-colosala-camuflata\/#more-46081\" aria-label=\"Cite\u0219te mai multe despre Un fulger gigantic, sub forma unei meduze sau a unei ciuperci atomice, a fost fotografiat deasupra M\u0103rii Caraibelor! N-ar fi exclus s\u0103 fie o nav\u0103 extraterestr\u0103 colosal\u0103 camuflat\u0103!\">Cititi mai multe<\/a><\/p>\n","protected":false},"author":1,"featured_media":46082,"comment_status":"closed","ping_status":"closed","sticky":false,"template":"","format":"standard","meta":{"footnotes":""},"categories":[2833,14],"tags":[930,4045,1171,4152,1571,150,7818,1324,105,9796,3492,2250],"class_list":["post-46081","post","type-post","status-publish","format-standard","has-post-thumbnail","hentry","category-noutati","category-paranormal-spiritualitate","tag-bomba-atomica","tag-ciuperca","tag-fulger","tag-marea-caraibelor","tag-meduza","tag-nasa","tag-nava-extraterestra","tag-nava-spatiala","tag-pamant","tag-paranormal-spiritualitate","tag-puerto-rico","tag-universitate","resize-featured-image"],"yoast_head":"<!-- This site is optimized with the Yoast SEO Premium plugin v23.3 (Yoast SEO v27.4) - https:\/\/yoast.com\/product\/yoast-seo-premium-wordpress\/ -->\n<title>Un fulger gigantic, sub forma unei meduze sau a unei ciuperci atomice, a fost fotografiat deasupra M\u0103rii Caraibelor! N-ar fi exclus s\u0103 fie o nav\u0103 extraterestr\u0103 colosal\u0103 camuflat\u0103! - Secretele lui Lovendal<\/title>\n<meta name=\"robots\" content=\"index, follow, max-snippet:-1, max-image-preview:large, max-video-preview:-1\" \/>\n<link rel=\"canonical\" href=\"https:\/\/www.lovendal.ro\/wp52\/un-fulger-gigantic-sub-forma-unei-meduze-sau-a-unei-ciuperci-atomice-a-fost-fotografiat-deasupra-marii-caraibelor-n-ar-fi-exclus-sa-fie-o-nava-extraterestra-colosala-camuflata\/\" \/>\n<meta property=\"og:locale\" content=\"ro_RO\" \/>\n<meta property=\"og:type\" content=\"article\" \/>\n<meta property=\"og:title\" content=\"Un fulger gigantic, sub forma unei meduze sau a unei ciuperci atomice, a fost fotografiat deasupra M\u0103rii Caraibelor! N-ar fi exclus s\u0103 fie o nav\u0103 extraterestr\u0103 colosal\u0103 camuflat\u0103!\" \/>\n<meta property=\"og:description\" content=\"Un fulger gigantic, sub forma unei meduze sau a unei ciuperci atomice, a fost fotografiat de un b\u0103rbat peste Marea Caraibelor. Citez de pe site-ul NASA, spaceweather.com: Pe 18 septembrie 2016, Frankie Lucena din Cabo Rojo, Puerto Rico, a fotografiat ... Cititi mai multe\" \/>\n<meta property=\"og:url\" content=\"https:\/\/www.lovendal.ro\/wp52\/un-fulger-gigantic-sub-forma-unei-meduze-sau-a-unei-ciuperci-atomice-a-fost-fotografiat-deasupra-marii-caraibelor-n-ar-fi-exclus-sa-fie-o-nava-extraterestra-colosala-camuflata\/\" \/>\n<meta property=\"og:site_name\" content=\"Secretele lui Lovendal\" \/>\n<meta property=\"article:publisher\" content=\"https:\/\/www.facebook.com\/secreteleluilovendal\" \/>\n<meta property=\"article:published_time\" content=\"2016-09-21T18:47:07+00:00\" \/>\n<meta property=\"article:modified_time\" content=\"2018-12-03T07:06:45+00:00\" \/>\n<meta property=\"og:image\" content=\"https:\/\/www.lovendal.ro\/wp52\/wp-content\/uploads\/2016\/09\/fulger-marea-caraibelor-coperta.jpg\" \/>\n\t<meta property=\"og:image:width\" content=\"334\" \/>\n\t<meta property=\"og:image:height\" content=\"244\" \/>\n\t<meta property=\"og:image:type\" content=\"image\/jpeg\" \/>\n<meta name=\"author\" content=\"admin\" \/>\n<meta name=\"twitter:card\" content=\"summary_large_image\" \/>\n<meta name=\"twitter:label1\" content=\"Scris de\" \/>\n\t<meta name=\"twitter:data1\" content=\"admin\" \/>\n\t<meta name=\"twitter:label2\" content=\"Timp estimat pentru citire\" \/>\n\t<meta name=\"twitter:data2\" content=\"1 minut\" \/>\n<script type=\"application\/ld+json\" class=\"yoast-schema-graph\">{\"@context\":\"https:\\\/\\\/schema.org\",\"@graph\":[{\"@type\":\"Article\",\"@id\":\"https:\\\/\\\/www.lovendal.ro\\\/wp52\\\/un-fulger-gigantic-sub-forma-unei-meduze-sau-a-unei-ciuperci-atomice-a-fost-fotografiat-deasupra-marii-caraibelor-n-ar-fi-exclus-sa-fie-o-nava-extraterestra-colosala-camuflata\\\/#article\",\"isPartOf\":{\"@id\":\"https:\\\/\\\/www.lovendal.ro\\\/wp52\\\/un-fulger-gigantic-sub-forma-unei-meduze-sau-a-unei-ciuperci-atomice-a-fost-fotografiat-deasupra-marii-caraibelor-n-ar-fi-exclus-sa-fie-o-nava-extraterestra-colosala-camuflata\\\/\"},\"author\":{\"name\":\"admin\",\"@id\":\"https:\\\/\\\/www.lovendal.ro\\\/wp52\\\/#\\\/schema\\\/person\\\/088691de5dfc346bb0c023e1e52ef5d9\"},\"headline\":\"Un fulger gigantic, sub forma unei meduze sau a unei ciuperci atomice, a fost fotografiat deasupra M\u0103rii Caraibelor! N-ar fi exclus s\u0103 fie o nav\u0103 extraterestr\u0103 colosal\u0103 camuflat\u0103!\",\"datePublished\":\"2016-09-21T18:47:07+00:00\",\"dateModified\":\"2018-12-03T07:06:45+00:00\",\"mainEntityOfPage\":{\"@id\":\"https:\\\/\\\/www.lovendal.ro\\\/wp52\\\/un-fulger-gigantic-sub-forma-unei-meduze-sau-a-unei-ciuperci-atomice-a-fost-fotografiat-deasupra-marii-caraibelor-n-ar-fi-exclus-sa-fie-o-nava-extraterestra-colosala-camuflata\\\/\"},\"wordCount\":267,\"publisher\":{\"@id\":\"https:\\\/\\\/www.lovendal.ro\\\/wp52\\\/#organization\"},\"image\":{\"@id\":\"https:\\\/\\\/www.lovendal.ro\\\/wp52\\\/un-fulger-gigantic-sub-forma-unei-meduze-sau-a-unei-ciuperci-atomice-a-fost-fotografiat-deasupra-marii-caraibelor-n-ar-fi-exclus-sa-fie-o-nava-extraterestra-colosala-camuflata\\\/#primaryimage\"},\"thumbnailUrl\":\"https:\\\/\\\/www.lovendal.ro\\\/wp52\\\/wp-content\\\/uploads\\\/2016\\\/09\\\/fulger-marea-caraibelor-coperta.jpg\",\"keywords\":[\"bomb\u0103 atomic\u0103\",\"ciuperc\u0103\",\"fulger\",\"Marea Caraibelor\",\"meduz\u0103\",\"NASA\",\"nav\u0103 extraterestr\u0103\",\"nav\u0103 spa\u0163ial\u0103\",\"P\u0103m\u00e2nt\",\"Paranormal-Spiritualitate\",\"Puerto Rico\",\"universitate\"],\"articleSection\":[\"Noutati\",\"Paranormal-Spiritualitate\"],\"inLanguage\":\"ro-RO\"},{\"@type\":\"WebPage\",\"@id\":\"https:\\\/\\\/www.lovendal.ro\\\/wp52\\\/un-fulger-gigantic-sub-forma-unei-meduze-sau-a-unei-ciuperci-atomice-a-fost-fotografiat-deasupra-marii-caraibelor-n-ar-fi-exclus-sa-fie-o-nava-extraterestra-colosala-camuflata\\\/\",\"url\":\"https:\\\/\\\/www.lovendal.ro\\\/wp52\\\/un-fulger-gigantic-sub-forma-unei-meduze-sau-a-unei-ciuperci-atomice-a-fost-fotografiat-deasupra-marii-caraibelor-n-ar-fi-exclus-sa-fie-o-nava-extraterestra-colosala-camuflata\\\/\",\"name\":\"Un fulger gigantic, sub forma unei meduze sau a unei ciuperci atomice, a fost fotografiat deasupra M\u0103rii Caraibelor! N-ar fi exclus s\u0103 fie o nav\u0103 extraterestr\u0103 colosal\u0103 camuflat\u0103! - Secretele lui Lovendal\",\"isPartOf\":{\"@id\":\"https:\\\/\\\/www.lovendal.ro\\\/wp52\\\/#website\"},\"primaryImageOfPage\":{\"@id\":\"https:\\\/\\\/www.lovendal.ro\\\/wp52\\\/un-fulger-gigantic-sub-forma-unei-meduze-sau-a-unei-ciuperci-atomice-a-fost-fotografiat-deasupra-marii-caraibelor-n-ar-fi-exclus-sa-fie-o-nava-extraterestra-colosala-camuflata\\\/#primaryimage\"},\"image\":{\"@id\":\"https:\\\/\\\/www.lovendal.ro\\\/wp52\\\/un-fulger-gigantic-sub-forma-unei-meduze-sau-a-unei-ciuperci-atomice-a-fost-fotografiat-deasupra-marii-caraibelor-n-ar-fi-exclus-sa-fie-o-nava-extraterestra-colosala-camuflata\\\/#primaryimage\"},\"thumbnailUrl\":\"https:\\\/\\\/www.lovendal.ro\\\/wp52\\\/wp-content\\\/uploads\\\/2016\\\/09\\\/fulger-marea-caraibelor-coperta.jpg\",\"datePublished\":\"2016-09-21T18:47:07+00:00\",\"dateModified\":\"2018-12-03T07:06:45+00:00\",\"breadcrumb\":{\"@id\":\"https:\\\/\\\/www.lovendal.ro\\\/wp52\\\/un-fulger-gigantic-sub-forma-unei-meduze-sau-a-unei-ciuperci-atomice-a-fost-fotografiat-deasupra-marii-caraibelor-n-ar-fi-exclus-sa-fie-o-nava-extraterestra-colosala-camuflata\\\/#breadcrumb\"},\"inLanguage\":\"ro-RO\",\"potentialAction\":[{\"@type\":\"ReadAction\",\"target\":[\"https:\\\/\\\/www.lovendal.ro\\\/wp52\\\/un-fulger-gigantic-sub-forma-unei-meduze-sau-a-unei-ciuperci-atomice-a-fost-fotografiat-deasupra-marii-caraibelor-n-ar-fi-exclus-sa-fie-o-nava-extraterestra-colosala-camuflata\\\/\"]}]},{\"@type\":\"ImageObject\",\"inLanguage\":\"ro-RO\",\"@id\":\"https:\\\/\\\/www.lovendal.ro\\\/wp52\\\/un-fulger-gigantic-sub-forma-unei-meduze-sau-a-unei-ciuperci-atomice-a-fost-fotografiat-deasupra-marii-caraibelor-n-ar-fi-exclus-sa-fie-o-nava-extraterestra-colosala-camuflata\\\/#primaryimage\",\"url\":\"https:\\\/\\\/www.lovendal.ro\\\/wp52\\\/wp-content\\\/uploads\\\/2016\\\/09\\\/fulger-marea-caraibelor-coperta.jpg\",\"contentUrl\":\"https:\\\/\\\/www.lovendal.ro\\\/wp52\\\/wp-content\\\/uploads\\\/2016\\\/09\\\/fulger-marea-caraibelor-coperta.jpg\",\"width\":334,\"height\":244},{\"@type\":\"BreadcrumbList\",\"@id\":\"https:\\\/\\\/www.lovendal.ro\\\/wp52\\\/un-fulger-gigantic-sub-forma-unei-meduze-sau-a-unei-ciuperci-atomice-a-fost-fotografiat-deasupra-marii-caraibelor-n-ar-fi-exclus-sa-fie-o-nava-extraterestra-colosala-camuflata\\\/#breadcrumb\",\"itemListElement\":[{\"@type\":\"ListItem\",\"position\":1,\"name\":\"Home\",\"item\":\"https:\\\/\\\/www.lovendal.ro\\\/wp52\\\/\"},{\"@type\":\"ListItem\",\"position\":2,\"name\":\"Un fulger gigantic, sub forma unei meduze sau a unei ciuperci atomice, a fost fotografiat deasupra M\u0103rii Caraibelor! N-ar fi exclus s\u0103 fie o nav\u0103 extraterestr\u0103 colosal\u0103 camuflat\u0103!\"}]},{\"@type\":\"WebSite\",\"@id\":\"https:\\\/\\\/www.lovendal.ro\\\/wp52\\\/#website\",\"url\":\"https:\\\/\\\/www.lovendal.ro\\\/wp52\\\/\",\"name\":\"Secretele lui Lovendal\",\"description\":\"Site de secrete, stiinta si metafizica - din 2008 -\",\"publisher\":{\"@id\":\"https:\\\/\\\/www.lovendal.ro\\\/wp52\\\/#organization\"},\"potentialAction\":[{\"@type\":\"SearchAction\",\"target\":{\"@type\":\"EntryPoint\",\"urlTemplate\":\"https:\\\/\\\/www.lovendal.ro\\\/wp52\\\/?s={search_term_string}\"},\"query-input\":{\"@type\":\"PropertyValueSpecification\",\"valueRequired\":true,\"valueName\":\"search_term_string\"}}],\"inLanguage\":\"ro-RO\"},{\"@type\":\"Organization\",\"@id\":\"https:\\\/\\\/www.lovendal.ro\\\/wp52\\\/#organization\",\"name\":\"Secretele lui Lovendal\",\"url\":\"https:\\\/\\\/www.lovendal.ro\\\/wp52\\\/\",\"logo\":{\"@type\":\"ImageObject\",\"inLanguage\":\"ro-RO\",\"@id\":\"https:\\\/\\\/www.lovendal.ro\\\/wp52\\\/#\\\/schema\\\/logo\\\/image\\\/\",\"url\":\"https:\\\/\\\/www.lovendal.ro\\\/wp52\\\/wp-content\\\/uploads\\\/2024\\\/06\\\/cropped-SLL-iun-2024-1.jpg\",\"contentUrl\":\"https:\\\/\\\/www.lovendal.ro\\\/wp52\\\/wp-content\\\/uploads\\\/2024\\\/06\\\/cropped-SLL-iun-2024-1.jpg\",\"width\":771,\"height\":240,\"caption\":\"Secretele lui Lovendal\"},\"image\":{\"@id\":\"https:\\\/\\\/www.lovendal.ro\\\/wp52\\\/#\\\/schema\\\/logo\\\/image\\\/\"},\"sameAs\":[\"https:\\\/\\\/www.facebook.com\\\/secreteleluilovendal\"]},{\"@type\":\"Person\",\"@id\":\"https:\\\/\\\/www.lovendal.ro\\\/wp52\\\/#\\\/schema\\\/person\\\/088691de5dfc346bb0c023e1e52ef5d9\",\"name\":\"admin\",\"image\":{\"@type\":\"ImageObject\",\"inLanguage\":\"ro-RO\",\"@id\":\"https:\\\/\\\/secure.gravatar.com\\\/avatar\\\/ecb9cd41f5f63c9c9b989999a59f6e2639a865ec361e9db054db0679a8f341c2?s=96&d=mm&r=g\",\"url\":\"https:\\\/\\\/secure.gravatar.com\\\/avatar\\\/ecb9cd41f5f63c9c9b989999a59f6e2639a865ec361e9db054db0679a8f341c2?s=96&d=mm&r=g\",\"contentUrl\":\"https:\\\/\\\/secure.gravatar.com\\\/avatar\\\/ecb9cd41f5f63c9c9b989999a59f6e2639a865ec361e9db054db0679a8f341c2?s=96&d=mm&r=g\",\"caption\":\"admin\"},\"sameAs\":[\"https:\\\/\\\/www.lovendal.ro\\\/wp52\"]}]}<\/script>\n<!-- \/ Yoast SEO Premium plugin. -->","yoast_head_json":{"title":"Un fulger gigantic, sub forma unei meduze sau a unei ciuperci atomice, a fost fotografiat deasupra M\u0103rii Caraibelor! N-ar fi exclus s\u0103 fie o nav\u0103 extraterestr\u0103 colosal\u0103 camuflat\u0103! - Secretele lui Lovendal","robots":{"index":"index","follow":"follow","max-snippet":"max-snippet:-1","max-image-preview":"max-image-preview:large","max-video-preview":"max-video-preview:-1"},"canonical":"https:\/\/www.lovendal.ro\/wp52\/un-fulger-gigantic-sub-forma-unei-meduze-sau-a-unei-ciuperci-atomice-a-fost-fotografiat-deasupra-marii-caraibelor-n-ar-fi-exclus-sa-fie-o-nava-extraterestra-colosala-camuflata\/","og_locale":"ro_RO","og_type":"article","og_title":"Un fulger gigantic, sub forma unei meduze sau a unei ciuperci atomice, a fost fotografiat deasupra M\u0103rii Caraibelor! N-ar fi exclus s\u0103 fie o nav\u0103 extraterestr\u0103 colosal\u0103 camuflat\u0103!","og_description":"Un fulger gigantic, sub forma unei meduze sau a unei ciuperci atomice, a fost fotografiat de un b\u0103rbat peste Marea Caraibelor. Citez de pe site-ul NASA, spaceweather.com: Pe 18 septembrie 2016, Frankie Lucena din Cabo Rojo, Puerto Rico, a fotografiat ... Cititi mai multe","og_url":"https:\/\/www.lovendal.ro\/wp52\/un-fulger-gigantic-sub-forma-unei-meduze-sau-a-unei-ciuperci-atomice-a-fost-fotografiat-deasupra-marii-caraibelor-n-ar-fi-exclus-sa-fie-o-nava-extraterestra-colosala-camuflata\/","og_site_name":"Secretele lui Lovendal","article_publisher":"https:\/\/www.facebook.com\/secreteleluilovendal","article_published_time":"2016-09-21T18:47:07+00:00","article_modified_time":"2018-12-03T07:06:45+00:00","og_image":[{"width":334,"height":244,"url":"https:\/\/www.lovendal.ro\/wp52\/wp-content\/uploads\/2016\/09\/fulger-marea-caraibelor-coperta.jpg","type":"image\/jpeg"}],"author":"admin","twitter_card":"summary_large_image","twitter_misc":{"Scris de":"admin","Timp estimat pentru citire":"1 minut"},"schema":{"@context":"https:\/\/schema.org","@graph":[{"@type":"Article","@id":"https:\/\/www.lovendal.ro\/wp52\/un-fulger-gigantic-sub-forma-unei-meduze-sau-a-unei-ciuperci-atomice-a-fost-fotografiat-deasupra-marii-caraibelor-n-ar-fi-exclus-sa-fie-o-nava-extraterestra-colosala-camuflata\/#article","isPartOf":{"@id":"https:\/\/www.lovendal.ro\/wp52\/un-fulger-gigantic-sub-forma-unei-meduze-sau-a-unei-ciuperci-atomice-a-fost-fotografiat-deasupra-marii-caraibelor-n-ar-fi-exclus-sa-fie-o-nava-extraterestra-colosala-camuflata\/"},"author":{"name":"admin","@id":"https:\/\/www.lovendal.ro\/wp52\/#\/schema\/person\/088691de5dfc346bb0c023e1e52ef5d9"},"headline":"Un fulger gigantic, sub forma unei meduze sau a unei ciuperci atomice, a fost fotografiat deasupra M\u0103rii Caraibelor! N-ar fi exclus s\u0103 fie o nav\u0103 extraterestr\u0103 colosal\u0103 camuflat\u0103!","datePublished":"2016-09-21T18:47:07+00:00","dateModified":"2018-12-03T07:06:45+00:00","mainEntityOfPage":{"@id":"https:\/\/www.lovendal.ro\/wp52\/un-fulger-gigantic-sub-forma-unei-meduze-sau-a-unei-ciuperci-atomice-a-fost-fotografiat-deasupra-marii-caraibelor-n-ar-fi-exclus-sa-fie-o-nava-extraterestra-colosala-camuflata\/"},"wordCount":267,"publisher":{"@id":"https:\/\/www.lovendal.ro\/wp52\/#organization"},"image":{"@id":"https:\/\/www.lovendal.ro\/wp52\/un-fulger-gigantic-sub-forma-unei-meduze-sau-a-unei-ciuperci-atomice-a-fost-fotografiat-deasupra-marii-caraibelor-n-ar-fi-exclus-sa-fie-o-nava-extraterestra-colosala-camuflata\/#primaryimage"},"thumbnailUrl":"https:\/\/www.lovendal.ro\/wp52\/wp-content\/uploads\/2016\/09\/fulger-marea-caraibelor-coperta.jpg","keywords":["bomb\u0103 atomic\u0103","ciuperc\u0103","fulger","Marea Caraibelor","meduz\u0103","NASA","nav\u0103 extraterestr\u0103","nav\u0103 spa\u0163ial\u0103","P\u0103m\u00e2nt","Paranormal-Spiritualitate","Puerto Rico","universitate"],"articleSection":["Noutati","Paranormal-Spiritualitate"],"inLanguage":"ro-RO"},{"@type":"WebPage","@id":"https:\/\/www.lovendal.ro\/wp52\/un-fulger-gigantic-sub-forma-unei-meduze-sau-a-unei-ciuperci-atomice-a-fost-fotografiat-deasupra-marii-caraibelor-n-ar-fi-exclus-sa-fie-o-nava-extraterestra-colosala-camuflata\/","url":"https:\/\/www.lovendal.ro\/wp52\/un-fulger-gigantic-sub-forma-unei-meduze-sau-a-unei-ciuperci-atomice-a-fost-fotografiat-deasupra-marii-caraibelor-n-ar-fi-exclus-sa-fie-o-nava-extraterestra-colosala-camuflata\/","name":"Un fulger gigantic, sub forma unei meduze sau a unei ciuperci atomice, a fost fotografiat deasupra M\u0103rii Caraibelor! N-ar fi exclus s\u0103 fie o nav\u0103 extraterestr\u0103 colosal\u0103 camuflat\u0103! - Secretele lui Lovendal","isPartOf":{"@id":"https:\/\/www.lovendal.ro\/wp52\/#website"},"primaryImageOfPage":{"@id":"https:\/\/www.lovendal.ro\/wp52\/un-fulger-gigantic-sub-forma-unei-meduze-sau-a-unei-ciuperci-atomice-a-fost-fotografiat-deasupra-marii-caraibelor-n-ar-fi-exclus-sa-fie-o-nava-extraterestra-colosala-camuflata\/#primaryimage"},"image":{"@id":"https:\/\/www.lovendal.ro\/wp52\/un-fulger-gigantic-sub-forma-unei-meduze-sau-a-unei-ciuperci-atomice-a-fost-fotografiat-deasupra-marii-caraibelor-n-ar-fi-exclus-sa-fie-o-nava-extraterestra-colosala-camuflata\/#primaryimage"},"thumbnailUrl":"https:\/\/www.lovendal.ro\/wp52\/wp-content\/uploads\/2016\/09\/fulger-marea-caraibelor-coperta.jpg","datePublished":"2016-09-21T18:47:07+00:00","dateModified":"2018-12-03T07:06:45+00:00","breadcrumb":{"@id":"https:\/\/www.lovendal.ro\/wp52\/un-fulger-gigantic-sub-forma-unei-meduze-sau-a-unei-ciuperci-atomice-a-fost-fotografiat-deasupra-marii-caraibelor-n-ar-fi-exclus-sa-fie-o-nava-extraterestra-colosala-camuflata\/#breadcrumb"},"inLanguage":"ro-RO","potentialAction":[{"@type":"ReadAction","target":["https:\/\/www.lovendal.ro\/wp52\/un-fulger-gigantic-sub-forma-unei-meduze-sau-a-unei-ciuperci-atomice-a-fost-fotografiat-deasupra-marii-caraibelor-n-ar-fi-exclus-sa-fie-o-nava-extraterestra-colosala-camuflata\/"]}]},{"@type":"ImageObject","inLanguage":"ro-RO","@id":"https:\/\/www.lovendal.ro\/wp52\/un-fulger-gigantic-sub-forma-unei-meduze-sau-a-unei-ciuperci-atomice-a-fost-fotografiat-deasupra-marii-caraibelor-n-ar-fi-exclus-sa-fie-o-nava-extraterestra-colosala-camuflata\/#primaryimage","url":"https:\/\/www.lovendal.ro\/wp52\/wp-content\/uploads\/2016\/09\/fulger-marea-caraibelor-coperta.jpg","contentUrl":"https:\/\/www.lovendal.ro\/wp52\/wp-content\/uploads\/2016\/09\/fulger-marea-caraibelor-coperta.jpg","width":334,"height":244},{"@type":"BreadcrumbList","@id":"https:\/\/www.lovendal.ro\/wp52\/un-fulger-gigantic-sub-forma-unei-meduze-sau-a-unei-ciuperci-atomice-a-fost-fotografiat-deasupra-marii-caraibelor-n-ar-fi-exclus-sa-fie-o-nava-extraterestra-colosala-camuflata\/#breadcrumb","itemListElement":[{"@type":"ListItem","position":1,"name":"Home","item":"https:\/\/www.lovendal.ro\/wp52\/"},{"@type":"ListItem","position":2,"name":"Un fulger gigantic, sub forma unei meduze sau a unei ciuperci atomice, a fost fotografiat deasupra M\u0103rii Caraibelor! N-ar fi exclus s\u0103 fie o nav\u0103 extraterestr\u0103 colosal\u0103 camuflat\u0103!"}]},{"@type":"WebSite","@id":"https:\/\/www.lovendal.ro\/wp52\/#website","url":"https:\/\/www.lovendal.ro\/wp52\/","name":"Secretele lui Lovendal","description":"Site de secrete, stiinta si metafizica - din 2008 -","publisher":{"@id":"https:\/\/www.lovendal.ro\/wp52\/#organization"},"potentialAction":[{"@type":"SearchAction","target":{"@type":"EntryPoint","urlTemplate":"https:\/\/www.lovendal.ro\/wp52\/?s={search_term_string}"},"query-input":{"@type":"PropertyValueSpecification","valueRequired":true,"valueName":"search_term_string"}}],"inLanguage":"ro-RO"},{"@type":"Organization","@id":"https:\/\/www.lovendal.ro\/wp52\/#organization","name":"Secretele lui Lovendal","url":"https:\/\/www.lovendal.ro\/wp52\/","logo":{"@type":"ImageObject","inLanguage":"ro-RO","@id":"https:\/\/www.lovendal.ro\/wp52\/#\/schema\/logo\/image\/","url":"https:\/\/www.lovendal.ro\/wp52\/wp-content\/uploads\/2024\/06\/cropped-SLL-iun-2024-1.jpg","contentUrl":"https:\/\/www.lovendal.ro\/wp52\/wp-content\/uploads\/2024\/06\/cropped-SLL-iun-2024-1.jpg","width":771,"height":240,"caption":"Secretele lui Lovendal"},"image":{"@id":"https:\/\/www.lovendal.ro\/wp52\/#\/schema\/logo\/image\/"},"sameAs":["https:\/\/www.facebook.com\/secreteleluilovendal"]},{"@type":"Person","@id":"https:\/\/www.lovendal.ro\/wp52\/#\/schema\/person\/088691de5dfc346bb0c023e1e52ef5d9","name":"admin","image":{"@type":"ImageObject","inLanguage":"ro-RO","@id":"https:\/\/secure.gravatar.com\/avatar\/ecb9cd41f5f63c9c9b989999a59f6e2639a865ec361e9db054db0679a8f341c2?s=96&d=mm&r=g","url":"https:\/\/secure.gravatar.com\/avatar\/ecb9cd41f5f63c9c9b989999a59f6e2639a865ec361e9db054db0679a8f341c2?s=96&d=mm&r=g","contentUrl":"https:\/\/secure.gravatar.com\/avatar\/ecb9cd41f5f63c9c9b989999a59f6e2639a865ec361e9db054db0679a8f341c2?s=96&d=mm&r=g","caption":"admin"},"sameAs":["https:\/\/www.lovendal.ro\/wp52"]}]}},"_links":{"self":[{"href":"https:\/\/www.lovendal.ro\/wp52\/wp-json\/wp\/v2\/posts\/46081","targetHints":{"allow":["GET"]}}],"collection":[{"href":"https:\/\/www.lovendal.ro\/wp52\/wp-json\/wp\/v2\/posts"}],"about":[{"href":"https:\/\/www.lovendal.ro\/wp52\/wp-json\/wp\/v2\/types\/post"}],"author":[{"embeddable":true,"href":"https:\/\/www.lovendal.ro\/wp52\/wp-json\/wp\/v2\/users\/1"}],"replies":[{"embeddable":true,"href":"https:\/\/www.lovendal.ro\/wp52\/wp-json\/wp\/v2\/comments?post=46081"}],"version-history":[{"count":0,"href":"https:\/\/www.lovendal.ro\/wp52\/wp-json\/wp\/v2\/posts\/46081\/revisions"}],"wp:featuredmedia":[{"embeddable":true,"href":"https:\/\/www.lovendal.ro\/wp52\/wp-json\/wp\/v2\/media\/46082"}],"wp:attachment":[{"href":"https:\/\/www.lovendal.ro\/wp52\/wp-json\/wp\/v2\/media?parent=46081"}],"wp:term":[{"taxonomy":"category","embeddable":true,"href":"https:\/\/www.lovendal.ro\/wp52\/wp-json\/wp\/v2\/categories?post=46081"},{"taxonomy":"post_tag","embeddable":true,"href":"https:\/\/www.lovendal.ro\/wp52\/wp-json\/wp\/v2\/tags?post=46081"}],"curies":[{"name":"wp","href":"https:\/\/api.w.org\/{rel}","templated":true}]}}