{"id":45701,"date":"2016-08-28T11:47:58","date_gmt":"2016-08-28T08:47:58","guid":{"rendered":"http:\/\/www.lovendal.ro\/wp52\/?p=45701"},"modified":"2016-08-28T11:48:05","modified_gmt":"2016-08-28T08:48:05","slug":"trei-dovezi-din-secolele-trecute-care-arata-ca-tara-noastra-trebuia-sa-se-numeasca-dacia-dar-au-intervenit-francmasonii-in-secolul-al-xix-lea-care-ne-au-latinizat-si-ne-au-numit-romania","status":"publish","type":"post","link":"https:\/\/www.lovendal.ro\/wp52\/trei-dovezi-din-secolele-trecute-care-arata-ca-tara-noastra-trebuia-sa-se-numeasca-dacia-dar-au-intervenit-francmasonii-in-secolul-al-xix-lea-care-ne-au-latinizat-si-ne-au-numit-romania\/","title":{"rendered":"Trei dovezi din secolele trecute care arat\u0103 c\u0103 \u0163ara noastr\u0103 trebuia s\u0103 se numeasc\u0103 &#8222;Dacia&#8221;! Dar au intervenit francmasonii \u00een secolul al XIX-lea, care ne-au &#8222;latinizat&#8221; \u015fi ne-au numit &#8222;Rom\u00e2nia&#8221;! Trebuia s\u0103 fim urma\u015fii Romei&#8230;"},"content":{"rendered":"<p><a href=\"https:\/\/www.lovendal.ro\/wp52\/trei-dovezi-din-secolele-trecute-care-arata-ca-tara-noastra-trebuia-sa-se-numeasca-dacia-dar-au-intervenit-francmasonii-in-secolul-al-xix-lea-care-ne-au-latinizat-si-ne-au-numit-romania\/dacia-romania\/\" rel=\"attachment wp-att-45702\"><img loading=\"lazy\" decoding=\"async\" class=\"alignleft size-full wp-image-45702\" src=\"https:\/\/www.lovendal.ro\/wp52\/wp-content\/uploads\/2016\/08\/dacia-romania.jpg\" alt=\"dacia romania\" width=\"335\" height=\"246\" srcset=\"https:\/\/www.lovendal.ro\/wp52\/wp-content\/uploads\/2016\/08\/dacia-romania.jpg 335w, https:\/\/www.lovendal.ro\/wp52\/wp-content\/uploads\/2016\/08\/dacia-romania-300x220.jpg 300w, https:\/\/www.lovendal.ro\/wp52\/wp-content\/uploads\/2016\/08\/dacia-romania-220x162.jpg 220w\" sizes=\"auto, (max-width: 335px) 100vw, 335px\" \/><\/a>Mie \u00eemi plac polemicile, at\u00e2t timp c\u00e2t le sus\u0163in cu argumente. Din p\u0103cate, \u00een multe din articole argumentele logice le am, \u00eens\u0103 \u00eemi lipsesc dovezile fizice; exist\u0103 \u00eens\u0103 \u015fi subiecte pentru care am \u015fi dovezi.<\/p>\n<p>Ast\u0103zi vreau s\u0103 intru \u00een polemic\u0103 cu un profesor universitar doctor, pe nume Alexandru C\u0103linescu, critic literar \u015fi scriitor. Nu am s\u0103 intru \u00een polemic\u0103 cu el \u00een domeniul literar (unde sunt sigur c\u0103 e foarte bun), ci \u00een domeniul istoric, unde am studiat foarte mult, citind \u00een biblioteci sute de c\u0103r\u0163i \u015fi documente cu privire la istoria poporului rom\u00e2n. E adev\u0103rat, nu am studii de specialitate \u00een domeniul istoric, dar totu\u015fi pasiunea mea pentru istorie a surmontat acest &#8222;handicap&#8221; (lipsa studiilor \u00een istorie).<\/p>\n<p>Domnul profesor universitar doctor Alexandru C\u0103linescu o fi el bun la critic\u0103 literar\u0103, dar la istorie a picat testul (din punctul meu de vedere). Iat\u0103, de exemplu, ce putem citi \u00eentr-un editorial publicat pe <strong><a href=\"http:\/\/www.ziaruldeiasi.ro\/stiri\/nazbatii-la-onu--137122.html\" target=\"_blank\">ziaruldeiasi.ro<\/a><\/strong>, intitulat <em>&#8222;N\u0103zb\u00e2t\u00e2i la ONU&#8221;<\/em>. El \u00eencearc\u0103 s\u0103 fie ironic (chiar promov\u00e2nd o ironie r\u0103ut\u0103cioas\u0103) cu cei care cred \u00een mo\u015ftenirea dacic\u0103 a poporului nostru. Citez din editorial:<\/p>\n<p><em>&#8222;A\u015fa-numita \u201edacologie\u201d duce pe culmile ridicolului \u015fi absurdului protocronismul, acea doctrin\u0103 at\u00e2t de drag\u0103 regimului Ceau\u015fescu \u015fi care ne \u00eencredin\u0163a c\u0103 rom\u00e2nii au fost cei dint\u00e2i \u00een mai toate domeniile, descoperind lucruri epocale pe care al\u0163ii (\u201estr\u0103inii\u201d, evident) \u015fi le-au \u00eensu\u015fit, ulterior, \u00een mod abuziv; c\u00e2t prive\u015fte literatura rom\u00e2n\u0103, ea anticipa curente (existen\u0163ialismul, spre exemplu) care au ap\u0103rut mult mai t\u00e2rziu \u00een Occident.<\/em><\/p>\n<p><strong><em>Pentru promotorii \u201edacologiei\u201d, \u0163ara noastr\u0103 se nume\u015fte Rom\u00e2nia dintr-o \u201emare eroare istoric\u0103\u201d: ea ar trebui s\u0103 se numeasc\u0103 Dacia, dar numele de Rom\u00e2nia a fost impus de Vatican \u015fi de c\u0103tre statele occidentale, ce voiau astfel s\u0103 supun\u0103 poporul rom\u00e2n invent\u00e2ndu-i origini latine. Opera\u0163iunea a reu\u015fit gra\u0163ie \u015fi unor tr\u0103d\u0103tori din r\u00e2ndurile noastre, de felul celor ce au constituit \u015ecoala Ardelean\u0103 (Gheorghe \u015eincai, Petru Maior etc.), oameni ademeni\u0163i de papista\u015fi \u015fi \u00eendoctrina\u0163i la Vatican.<\/em><\/strong><\/p>\n<p><em>Mai mult: dacii nici m\u0103car nu au fost romaniza\u0163i, deoarece ei vorbeau deja limba latin\u0103 (sau, m\u0103 rog, o limb\u0103 practic identic\u0103 limbii latine) atunci c\u00e2nd romanii au ajuns pe aceste meleaguri. Despre romanizare nu poate fi vorba \u015fi pentru c\u0103 civiliza\u0163ia dacic\u0103 era una veche \u015fi net superioar\u0103, dacii fiind primii locuitori ai Europei, de unde concluzia previzibil\u0103 c\u0103 noi suntem cei care am fondat Europa. Dacii st\u0103p\u00e2neau la un moment dat aproape \u00eentreg continentul, de unde au plecat h\u0103t-\u00eencolo, departe, ajung\u00e2nd (cu mult \u00eenaintea lui Columb) p\u00e2n\u0103 \u00een America \u015fi chiar \u00een Japonia. \u015ei germanii, \u015fi popoarele nordice (\u015fi multe altele) tot din daci se trag, neam c\u0103ruia i se datoreaz\u0103 \u015fi c\u00e2teva din marile inven\u0163ii ce au marcat destinul omenirii, cum ar fi roata \u015fi primul alfabet&#8221;.<\/em><\/p>\n<p>Din tot fragmentul citat, am s\u0103 m\u0103 refer la cel subliniat \u00eengro\u015fat, unde, domnul C\u0103linescu, ne vorbe\u015fte ironic despre cum dacopa\u0163ii cred gre\u015fit c\u0103 \u0163ara noastr\u0103 ar fi trebuit s\u0103 se numeasc\u0103 Dacia \u00een secolul al XIX-lea \u015fi nu Rom\u00e2nia. Cu acea\u015fi ironie r\u0103ut\u0103cioas\u0103, domnul profesor nu crede \u00een conspira\u0163ia francmasonic\u0103 de la mijlocul secolului al XIX-lea, c\u00e2nd, \u00eentr-adev\u0103r, ni s-a impus for\u0163at numele de Rom\u00e2nia, \u00een loc de Dacia. De c\u0103tre cine? De c\u0103tre francmasonii care au invadat elitele noastre intelectuale.<\/p>\n<p>\u015ei am s\u0103-i spun domnului profesor universitar (poate nu \u015ftia sau nu a auzit p\u00e2n\u0103 acum, sau dac\u0103 \u015ftia \u015fi a omis &#8211; e cu at\u00e2t mai grav) c\u0103 numele de Dacia dat popula\u0163iei rom\u00e2ne\u015fti nu a fost inventat nici de Ceau\u015fescu \u015fi nici de &#8222;dacopa\u0163ii&#8221; din zilele noastre, nici de Putin, nici de poporul rus (cum mai v\u0103d abera\u0163ii de genul \u0103sta), ci apare \u00een documente \u015fi inscrip\u0163ii din secolele trecute. Am mai vorbit despre lucru acesta \u015fi \u00een alte articole, dar am s-o mai fac de mii de ori, p\u00e2n\u0103 c\u00e2nd voi vedea c\u0103 poporul acesta nu mai este min\u0163it cu at\u00e2tea neadev\u0103ruri, cultivate \u00een con\u015ftiin\u0163a noastr\u0103 \u00eenc\u0103 de la mijlocul secolului al XIX-lea.<\/p>\n<p>\u015ei am s\u0103 mai scriu \u00eenc\u0103 o dat\u0103 dovezile (v\u0103 prezint doar 3, dar ele sunt \u015fi mai multe):<\/p>\n<p><strong>1) Epitaful \u00een limba greceasc\u0103 al unei pietre de morm\u00e2nt din interiorul bisericii Golia din Ia\u015fi, datat\u0103 1753 (deci cu circa un secol \u00eenainte de apari\u0163ia statului &#8222;Rom\u00e2nia&#8221;):<\/strong><\/p>\n<p><em>Nici p\u0103m\u00e2ntean\u0103, nici din <strong>Dacia<\/strong> nu sunt, amice<\/em><br \/>\n<em> Byza mea, Byza, produc\u0103toare de b\u0103rba\u0163i glorio\u015fi, \u00eemi este patria,<\/em><br \/>\n<em> M\u2019a n\u0103scut Ghiorghios so\u0163iei sale \u015fi mama Eufrosina,<\/em><br \/>\n<em> Numele meu este Sultana cea cu via\u0163a scurt\u0103<\/em><br \/>\n<em> \u015ei eram so\u0163ia lui Mihail Racovi\u0163\u0103,<\/em><br \/>\n<em> A <strong>Domnitorului \u00een\u0163elept al<\/strong> <strong>Dacilor<\/strong> \u015fi Misienilor.<\/em><br \/>\n<em> Vai! vai! n\u2019am murit \u00een patria mea<\/em><br \/>\n<em> Ci soarta m\u2019a r\u0103pit pe p\u0103m\u00e2ntul Misienilor<\/em><br \/>\n<em> \u00cen anul al treilea \u015fi o mie de la Hristos<\/em><br \/>\n<em> Plus cincizeci, \u015fi \u015fepte ori o sut\u0103 (=1753)<\/em><br \/>\n<em> \u00cen ziua de s\u00e2mb\u0103t\u0103 a lui Ianuarie,<\/em><br \/>\n<em> Cam pe la \u00eenceput, adec\u0103 a dou\u0103 zi.<\/em><\/p>\n<p>Vede\u0163i cum se vorbe\u015fte de domnitorul Mihail Racovi\u0163\u0103 (care a fost \u015fi domn al Moldovei \u015fi cel al \u0162\u0103rii Rom\u00e2ne\u015fti) de &#8222;domnitor al dacilor \u015fi misienilor&#8221;, \u00een niciun caz de &#8222;domnitor al rom\u00e2nilor&#8221;. Misienii sunt un alt nume pentru vlahi, iar ace\u015fti vlahi sunt urma\u015fi ai tracilor.\u00a0A\u015fadar, \u0163ara noastr\u0103 se putea numi \u201cValahia\u201d sau \u201cDacia\u201d, fiind urma\u015fi ai tracilor \u015fi dacilor. So\u0163ia sa, Sultana Racovi\u0163\u0103, precizeaz\u0103 faptul c\u0103 nu s-a n\u0103scut \u00een &#8222;Dacia&#8221;, ci \u00een Bizan\u0163.<\/p>\n<p><strong>2) Piatra de morm\u00e2nt a Smarandei Ghica, fiic\u0103 de domnitor, din Biserica Sf. Gheorghe din Ia\u015fi, datat\u0103 1738:<\/strong><\/p>\n<p><em>\u201eAci zace sub p\u0103m\u00e2nt dup\u0103 moartea ei \/ Prea str\u0103lucita Domni\u0163\u0103, nobila Smaranda \/ Fiic\u0103 a piosului <strong>Egemon al \u00eentregei Dacie<\/strong> \/ Domnul Grigorie Ghica, frunta\u015ful \/ Celor din Bizan\u0163, at\u00e2t pentru str\u0103lucirea neamului \/ c\u00e2t \u015fi pentru piositate \/ \u00cen anul 1738, Ianuar 22\u201d<\/em><em><em>. <\/em><\/em><\/p>\n<p>&#8222;Egemon&#8221; este un arhaism pentru &#8222;conduc\u0103tor&#8221;; a\u015fadar, Grigore Ghica (care a fost \u015fi el domnitor al Moldovei \u015fi al \u0162\u0103rii Rom\u00e2ne\u015fti) este considerat a fi fost &#8222;conduc\u0103torul Daciei&#8221;, nu al &#8222;Rom\u00e2niei&#8221;.<\/p>\n<p><strong>3) O lucrare german\u0103 din 1683, scris\u0103 de compozitorul Daniel Speer (1636-1707) \u015fi intitulat\u0103 <em>\u201cUngarischer oder Dacianischer Simplicissimus\u201d<\/em> adic\u0103 <\/strong><em><strong>\u201eSimplicissimus ungar sau dac\u201d.\u00a0<\/strong> <\/em><\/p>\n<p>Eroul nostru porne\u015fte din Silezia, petrece un timp \u00een Polonia, vine apoi \u00een Slovacia, unde studiaz\u0103 muzica \u015fi particip\u0103 la lupte cu turcii, intr\u0103 la un moment dat \u00een slujba unor magna\u0163i maghiari care \u00eel aduc \u00een Transilvania, unde, \u00een cele din urm\u0103, se angajeaz\u0103 pe l\u00eeng\u0103 Gheorghe \u015etefan, fostul domn al Moldovei (1653-1658), \u015fi apoi pe l\u00eeng\u0103 nefericitul principe ardelean Aca\u0163iu Barcsai. Ac\u0163iunea se petrece aproximativ \u00eentre 1654-1661, continu\u00eend apoi \u00eentr-un alt roman \u201esimplician\u201d al lui Speer, <em>\u201cTurkischer Vagant\u201d<\/em>, \u00een care eroul c\u0103l\u0103tore\u015fte prin \u0163inuturile asiatice ale Imperiului otoman.<\/p>\n<p>\u00cen acea vreme, s-au tip\u0103rit o sumedenie de texte geografice \u015fi istoriografice \u00een leg\u0103tur\u0103 cu deplasarea interesului politicii habsburgice c\u0103tre Ungaria \u015fi Balcani; \u00een aceste texte, apare frecvent denumirea <strong>Dacia<\/strong>, aplicat\u0103 uneia sau alteia dintre \u0163\u0103rile rom\u00e2ne, de cele mai multe ori \u00eens\u0103 tuturor la un loc, marc\u00e2ndu-se astfel ideea unit\u0103\u0163ii lor ini\u0163iale. Tot atunci, circulau cu insisten\u0163\u0103 zvonurile despre proiectele \u201edacice\u201d ale principilor ardeleni \u2014 Gabriel Bethlen \u015fi cei doi Rakoczi \u2014 ale cur\u0163ii poloneze \u015fi chiar ale cur\u0163ii de la Viena. Toate acestea nu-i puteau fi str\u0103ine lui Daniel Speer. Titlul romanului indic\u0103 existen\u0163a \u015fi mai ales consisten\u0163a unei idei deosebit de pre\u0163ioase pentru con\u015ftiin\u0163a opiniei publice europene a epocii, dincolo de proiectele urzite de cabinetele diplomatice: ideea re\u00eenvierii vechii Dacii, a reunirii celor trei \u0163\u0103ri rom\u00e2ne \u00eentr-un singur stat, a\u015fa cum o f\u0103cuse Mihai Viteazul.<\/p>\n<p>Indiferent c\u00e2t dore\u015fte domnul profesor universitar doctor Alexandru C\u0103linescu s\u0103 ignore aceste dovezi, nu are cum s-o fac\u0103, c\u0103ci ele au r\u0103mas scrise. \u015ei atunci, te \u00eentrebi pe bun\u0103 dreptate dac\u0103 nu cumva a existat \u00een secolul al XIX-lea o conspira\u0163ie francmasonic\u0103, prin care se urm\u0103rea \u00eendep\u0103rtarea ideii de Dacie, limb\u0103 \u015fi civiliza\u0163ie dacic\u0103 din istorie&#8230; Iar \u00een ziua de ast\u0103zi, marea majoritate a istoricilor, c\u0103zu\u0163i \u00eentr-un fel de mimetism social, ignor\u0103 aceste dovezi, c\u0103ci s-ar da peste cap istoria oficial\u0103 pe care noi o \u015ftim p\u00e2n\u0103 acum.<\/p>\n","protected":false},"excerpt":{"rendered":"<p>Mie \u00eemi plac polemicile, at\u00e2t timp c\u00e2t le sus\u0163in cu argumente. Din p\u0103cate, \u00een multe din articole argumentele logice le am, \u00eens\u0103 \u00eemi lipsesc dovezile fizice; exist\u0103 \u00eens\u0103 \u015fi subiecte pentru care am \u015fi dovezi. Ast\u0103zi vreau s\u0103 intru \u00een &#8230; <\/p>\n<p class=\"read-more-container\"><a title=\"Trei dovezi din secolele trecute care arat\u0103 c\u0103 \u0163ara noastr\u0103 trebuia s\u0103 se numeasc\u0103 &#8222;Dacia&#8221;! Dar au intervenit francmasonii \u00een secolul al XIX-lea, care ne-au &#8222;latinizat&#8221; \u015fi ne-au numit &#8222;Rom\u00e2nia&#8221;! Trebuia s\u0103 fim urma\u015fii Romei&#8230;\" class=\"read-more button\" href=\"https:\/\/www.lovendal.ro\/wp52\/trei-dovezi-din-secolele-trecute-care-arata-ca-tara-noastra-trebuia-sa-se-numeasca-dacia-dar-au-intervenit-francmasonii-in-secolul-al-xix-lea-care-ne-au-latinizat-si-ne-au-numit-romania\/#more-45701\" aria-label=\"Cite\u0219te mai multe despre Trei dovezi din secolele trecute care arat\u0103 c\u0103 \u0163ara noastr\u0103 trebuia s\u0103 se numeasc\u0103 &#8222;Dacia&#8221;! Dar au intervenit francmasonii \u00een secolul al XIX-lea, care ne-au &#8222;latinizat&#8221; \u015fi ne-au numit &#8222;Rom\u00e2nia&#8221;! Trebuia s\u0103 fim urma\u015fii Romei&#8230;\">Cititi mai multe<\/a><\/p>\n","protected":false},"author":1,"featured_media":45702,"comment_status":"open","ping_status":"open","sticky":false,"template":"","format":"standard","meta":{"footnotes":""},"categories":[5072],"tags":[10,253,135,1110,1157,10688,1428,341,38,10693,10690,2970,10401,10692,329,549,1532,128,4015,847,5145,377,315,590,10691,9819,583,46,74,10689,7896,5005,228,2689,339],"class_list":["post-45701","post","type-post","status-publish","format-standard","has-post-thumbnail","hentry","category-polemici","tag-america","tag-biserica","tag-ceausescu","tag-daci","tag-dacia","tag-dacopati","tag-domnitor","tag-europa","tag-francmasonerie","tag-gabriel-bethlen","tag-gheorghe-sincai","tag-gheorghe-stefan","tag-golia","tag-grigore-ghica","tag-iasi","tag-imperiul-otoman","tag-istorie-si-civilizatii","tag-japonia","tag-limba-latina","tag-mihai-viteazul","tag-mihail-racovita","tag-moldova","tag-mormant","tag-onu","tag-petru-maior","tag-polemici","tag-polonia","tag-putin","tag-romania","tag-scoala-ardeleana","tag-silezia","tag-slovacia","tag-tara-romaneasca","tag-traci","tag-vatican","resize-featured-image"],"yoast_head":"<!-- This site is optimized with the Yoast SEO Premium plugin v23.3 (Yoast SEO v27.4) - https:\/\/yoast.com\/product\/yoast-seo-premium-wordpress\/ -->\n<title>Trei dovezi din secolele trecute care arat\u0103 c\u0103 \u0163ara noastr\u0103 trebuia s\u0103 se numeasc\u0103 &quot;Dacia&quot;! Dar au intervenit francmasonii \u00een secolul al XIX-lea, care ne-au &quot;latinizat&quot; \u015fi ne-au numit &quot;Rom\u00e2nia&quot;! Trebuia s\u0103 fim urma\u015fii Romei... - Secretele lui Lovendal<\/title>\n<meta name=\"robots\" content=\"index, follow, max-snippet:-1, max-image-preview:large, max-video-preview:-1\" \/>\n<link rel=\"canonical\" href=\"https:\/\/www.lovendal.ro\/wp52\/trei-dovezi-din-secolele-trecute-care-arata-ca-tara-noastra-trebuia-sa-se-numeasca-dacia-dar-au-intervenit-francmasonii-in-secolul-al-xix-lea-care-ne-au-latinizat-si-ne-au-numit-romania\/\" \/>\n<meta property=\"og:locale\" content=\"ro_RO\" \/>\n<meta property=\"og:type\" content=\"article\" \/>\n<meta property=\"og:title\" content=\"Trei dovezi din secolele trecute care arat\u0103 c\u0103 \u0163ara noastr\u0103 trebuia s\u0103 se numeasc\u0103 &quot;Dacia&quot;! Dar au intervenit francmasonii \u00een secolul al XIX-lea, care ne-au &quot;latinizat&quot; \u015fi ne-au numit &quot;Rom\u00e2nia&quot;! Trebuia s\u0103 fim urma\u015fii Romei...\" \/>\n<meta property=\"og:description\" content=\"Mie \u00eemi plac polemicile, at\u00e2t timp c\u00e2t le sus\u0163in cu argumente. Din p\u0103cate, \u00een multe din articole argumentele logice le am, \u00eens\u0103 \u00eemi lipsesc dovezile fizice; exist\u0103 \u00eens\u0103 \u015fi subiecte pentru care am \u015fi dovezi. Ast\u0103zi vreau s\u0103 intru \u00een ... Cititi mai multe\" \/>\n<meta property=\"og:url\" content=\"https:\/\/www.lovendal.ro\/wp52\/trei-dovezi-din-secolele-trecute-care-arata-ca-tara-noastra-trebuia-sa-se-numeasca-dacia-dar-au-intervenit-francmasonii-in-secolul-al-xix-lea-care-ne-au-latinizat-si-ne-au-numit-romania\/\" \/>\n<meta property=\"og:site_name\" content=\"Secretele lui Lovendal\" \/>\n<meta property=\"article:publisher\" content=\"https:\/\/www.facebook.com\/secreteleluilovendal\" \/>\n<meta property=\"article:published_time\" content=\"2016-08-28T08:47:58+00:00\" \/>\n<meta property=\"article:modified_time\" content=\"2016-08-28T08:48:05+00:00\" \/>\n<meta property=\"og:image\" content=\"https:\/\/www.lovendal.ro\/wp52\/wp-content\/uploads\/2016\/08\/dacia-romania.jpg\" \/>\n\t<meta property=\"og:image:width\" content=\"335\" \/>\n\t<meta property=\"og:image:height\" content=\"246\" \/>\n\t<meta property=\"og:image:type\" content=\"image\/jpeg\" \/>\n<meta name=\"author\" content=\"admin\" \/>\n<meta name=\"twitter:card\" content=\"summary_large_image\" \/>\n<meta name=\"twitter:label1\" content=\"Scris de\" \/>\n\t<meta name=\"twitter:data1\" content=\"admin\" \/>\n\t<meta name=\"twitter:label2\" content=\"Timp estimat pentru citire\" \/>\n\t<meta name=\"twitter:data2\" content=\"7 minute\" \/>\n<script type=\"application\/ld+json\" class=\"yoast-schema-graph\">{\"@context\":\"https:\\\/\\\/schema.org\",\"@graph\":[{\"@type\":\"Article\",\"@id\":\"https:\\\/\\\/www.lovendal.ro\\\/wp52\\\/trei-dovezi-din-secolele-trecute-care-arata-ca-tara-noastra-trebuia-sa-se-numeasca-dacia-dar-au-intervenit-francmasonii-in-secolul-al-xix-lea-care-ne-au-latinizat-si-ne-au-numit-romania\\\/#article\",\"isPartOf\":{\"@id\":\"https:\\\/\\\/www.lovendal.ro\\\/wp52\\\/trei-dovezi-din-secolele-trecute-care-arata-ca-tara-noastra-trebuia-sa-se-numeasca-dacia-dar-au-intervenit-francmasonii-in-secolul-al-xix-lea-care-ne-au-latinizat-si-ne-au-numit-romania\\\/\"},\"author\":{\"name\":\"admin\",\"@id\":\"https:\\\/\\\/www.lovendal.ro\\\/wp52\\\/#\\\/schema\\\/person\\\/088691de5dfc346bb0c023e1e52ef5d9\"},\"headline\":\"Trei dovezi din secolele trecute care arat\u0103 c\u0103 \u0163ara noastr\u0103 trebuia s\u0103 se numeasc\u0103 &#8222;Dacia&#8221;! Dar au intervenit francmasonii \u00een secolul al XIX-lea, care ne-au &#8222;latinizat&#8221; \u015fi ne-au numit &#8222;Rom\u00e2nia&#8221;! Trebuia s\u0103 fim urma\u015fii Romei&#8230;\",\"datePublished\":\"2016-08-28T08:47:58+00:00\",\"dateModified\":\"2016-08-28T08:48:05+00:00\",\"mainEntityOfPage\":{\"@id\":\"https:\\\/\\\/www.lovendal.ro\\\/wp52\\\/trei-dovezi-din-secolele-trecute-care-arata-ca-tara-noastra-trebuia-sa-se-numeasca-dacia-dar-au-intervenit-francmasonii-in-secolul-al-xix-lea-care-ne-au-latinizat-si-ne-au-numit-romania\\\/\"},\"wordCount\":1505,\"commentCount\":1,\"publisher\":{\"@id\":\"https:\\\/\\\/www.lovendal.ro\\\/wp52\\\/#organization\"},\"image\":{\"@id\":\"https:\\\/\\\/www.lovendal.ro\\\/wp52\\\/trei-dovezi-din-secolele-trecute-care-arata-ca-tara-noastra-trebuia-sa-se-numeasca-dacia-dar-au-intervenit-francmasonii-in-secolul-al-xix-lea-care-ne-au-latinizat-si-ne-au-numit-romania\\\/#primaryimage\"},\"thumbnailUrl\":\"https:\\\/\\\/www.lovendal.ro\\\/wp52\\\/wp-content\\\/uploads\\\/2016\\\/08\\\/dacia-romania.jpg\",\"keywords\":[\"America\",\"biseric\u0103\",\"Ceau\u015fescu\",\"daci\",\"Dacia\",\"dacopa\u0163i\",\"domnitor\",\"Europa\",\"francmasonerie\",\"Gabriel Bethlen\",\"Gheorghe \u015eincai\",\"Gheorghe \u015etefan\",\"Golia\",\"Grigore Ghica\",\"Ia\u015fi\",\"Imperiul Otoman\",\"Istorie si Civilizatii\",\"Japonia\",\"limba latin\u0103\",\"Mihai Viteazul\",\"Mihail Racovi\u0163\u0103\",\"Moldova\",\"morm\u00e2nt\",\"ONU\",\"Petru Maior\",\"Polemici\",\"Polonia\",\"Putin\",\"Rom\u00e2nia\",\"\u015ecoala Ardelean\u0103\",\"Silezia\",\"Slovacia\",\"\u0162ara Rom\u00e2neasc\u0103\",\"traci\",\"Vatican\"],\"articleSection\":[\"Polemici\"],\"inLanguage\":\"ro-RO\",\"potentialAction\":[{\"@type\":\"CommentAction\",\"name\":\"Comment\",\"target\":[\"https:\\\/\\\/www.lovendal.ro\\\/wp52\\\/trei-dovezi-din-secolele-trecute-care-arata-ca-tara-noastra-trebuia-sa-se-numeasca-dacia-dar-au-intervenit-francmasonii-in-secolul-al-xix-lea-care-ne-au-latinizat-si-ne-au-numit-romania\\\/#respond\"]}]},{\"@type\":\"WebPage\",\"@id\":\"https:\\\/\\\/www.lovendal.ro\\\/wp52\\\/trei-dovezi-din-secolele-trecute-care-arata-ca-tara-noastra-trebuia-sa-se-numeasca-dacia-dar-au-intervenit-francmasonii-in-secolul-al-xix-lea-care-ne-au-latinizat-si-ne-au-numit-romania\\\/\",\"url\":\"https:\\\/\\\/www.lovendal.ro\\\/wp52\\\/trei-dovezi-din-secolele-trecute-care-arata-ca-tara-noastra-trebuia-sa-se-numeasca-dacia-dar-au-intervenit-francmasonii-in-secolul-al-xix-lea-care-ne-au-latinizat-si-ne-au-numit-romania\\\/\",\"name\":\"Trei dovezi din secolele trecute care arat\u0103 c\u0103 \u0163ara noastr\u0103 trebuia s\u0103 se numeasc\u0103 \\\"Dacia\\\"! Dar au intervenit francmasonii \u00een secolul al XIX-lea, care ne-au \\\"latinizat\\\" \u015fi ne-au numit \\\"Rom\u00e2nia\\\"! Trebuia s\u0103 fim urma\u015fii Romei... - Secretele lui Lovendal\",\"isPartOf\":{\"@id\":\"https:\\\/\\\/www.lovendal.ro\\\/wp52\\\/#website\"},\"primaryImageOfPage\":{\"@id\":\"https:\\\/\\\/www.lovendal.ro\\\/wp52\\\/trei-dovezi-din-secolele-trecute-care-arata-ca-tara-noastra-trebuia-sa-se-numeasca-dacia-dar-au-intervenit-francmasonii-in-secolul-al-xix-lea-care-ne-au-latinizat-si-ne-au-numit-romania\\\/#primaryimage\"},\"image\":{\"@id\":\"https:\\\/\\\/www.lovendal.ro\\\/wp52\\\/trei-dovezi-din-secolele-trecute-care-arata-ca-tara-noastra-trebuia-sa-se-numeasca-dacia-dar-au-intervenit-francmasonii-in-secolul-al-xix-lea-care-ne-au-latinizat-si-ne-au-numit-romania\\\/#primaryimage\"},\"thumbnailUrl\":\"https:\\\/\\\/www.lovendal.ro\\\/wp52\\\/wp-content\\\/uploads\\\/2016\\\/08\\\/dacia-romania.jpg\",\"datePublished\":\"2016-08-28T08:47:58+00:00\",\"dateModified\":\"2016-08-28T08:48:05+00:00\",\"breadcrumb\":{\"@id\":\"https:\\\/\\\/www.lovendal.ro\\\/wp52\\\/trei-dovezi-din-secolele-trecute-care-arata-ca-tara-noastra-trebuia-sa-se-numeasca-dacia-dar-au-intervenit-francmasonii-in-secolul-al-xix-lea-care-ne-au-latinizat-si-ne-au-numit-romania\\\/#breadcrumb\"},\"inLanguage\":\"ro-RO\",\"potentialAction\":[{\"@type\":\"ReadAction\",\"target\":[\"https:\\\/\\\/www.lovendal.ro\\\/wp52\\\/trei-dovezi-din-secolele-trecute-care-arata-ca-tara-noastra-trebuia-sa-se-numeasca-dacia-dar-au-intervenit-francmasonii-in-secolul-al-xix-lea-care-ne-au-latinizat-si-ne-au-numit-romania\\\/\"]}]},{\"@type\":\"ImageObject\",\"inLanguage\":\"ro-RO\",\"@id\":\"https:\\\/\\\/www.lovendal.ro\\\/wp52\\\/trei-dovezi-din-secolele-trecute-care-arata-ca-tara-noastra-trebuia-sa-se-numeasca-dacia-dar-au-intervenit-francmasonii-in-secolul-al-xix-lea-care-ne-au-latinizat-si-ne-au-numit-romania\\\/#primaryimage\",\"url\":\"https:\\\/\\\/www.lovendal.ro\\\/wp52\\\/wp-content\\\/uploads\\\/2016\\\/08\\\/dacia-romania.jpg\",\"contentUrl\":\"https:\\\/\\\/www.lovendal.ro\\\/wp52\\\/wp-content\\\/uploads\\\/2016\\\/08\\\/dacia-romania.jpg\",\"width\":335,\"height\":246},{\"@type\":\"BreadcrumbList\",\"@id\":\"https:\\\/\\\/www.lovendal.ro\\\/wp52\\\/trei-dovezi-din-secolele-trecute-care-arata-ca-tara-noastra-trebuia-sa-se-numeasca-dacia-dar-au-intervenit-francmasonii-in-secolul-al-xix-lea-care-ne-au-latinizat-si-ne-au-numit-romania\\\/#breadcrumb\",\"itemListElement\":[{\"@type\":\"ListItem\",\"position\":1,\"name\":\"Home\",\"item\":\"https:\\\/\\\/www.lovendal.ro\\\/wp52\\\/\"},{\"@type\":\"ListItem\",\"position\":2,\"name\":\"Trei dovezi din secolele trecute care arat\u0103 c\u0103 \u0163ara noastr\u0103 trebuia s\u0103 se numeasc\u0103 &#8222;Dacia&#8221;! Dar au intervenit francmasonii \u00een secolul al XIX-lea, care ne-au &#8222;latinizat&#8221; \u015fi ne-au numit &#8222;Rom\u00e2nia&#8221;! Trebuia s\u0103 fim urma\u015fii Romei&#8230;\"}]},{\"@type\":\"WebSite\",\"@id\":\"https:\\\/\\\/www.lovendal.ro\\\/wp52\\\/#website\",\"url\":\"https:\\\/\\\/www.lovendal.ro\\\/wp52\\\/\",\"name\":\"Secretele lui Lovendal\",\"description\":\"Site de secrete, stiinta si metafizica - din 2008 -\",\"publisher\":{\"@id\":\"https:\\\/\\\/www.lovendal.ro\\\/wp52\\\/#organization\"},\"potentialAction\":[{\"@type\":\"SearchAction\",\"target\":{\"@type\":\"EntryPoint\",\"urlTemplate\":\"https:\\\/\\\/www.lovendal.ro\\\/wp52\\\/?s={search_term_string}\"},\"query-input\":{\"@type\":\"PropertyValueSpecification\",\"valueRequired\":true,\"valueName\":\"search_term_string\"}}],\"inLanguage\":\"ro-RO\"},{\"@type\":\"Organization\",\"@id\":\"https:\\\/\\\/www.lovendal.ro\\\/wp52\\\/#organization\",\"name\":\"Secretele lui Lovendal\",\"url\":\"https:\\\/\\\/www.lovendal.ro\\\/wp52\\\/\",\"logo\":{\"@type\":\"ImageObject\",\"inLanguage\":\"ro-RO\",\"@id\":\"https:\\\/\\\/www.lovendal.ro\\\/wp52\\\/#\\\/schema\\\/logo\\\/image\\\/\",\"url\":\"https:\\\/\\\/www.lovendal.ro\\\/wp52\\\/wp-content\\\/uploads\\\/2024\\\/06\\\/cropped-SLL-iun-2024-1.jpg\",\"contentUrl\":\"https:\\\/\\\/www.lovendal.ro\\\/wp52\\\/wp-content\\\/uploads\\\/2024\\\/06\\\/cropped-SLL-iun-2024-1.jpg\",\"width\":771,\"height\":240,\"caption\":\"Secretele lui Lovendal\"},\"image\":{\"@id\":\"https:\\\/\\\/www.lovendal.ro\\\/wp52\\\/#\\\/schema\\\/logo\\\/image\\\/\"},\"sameAs\":[\"https:\\\/\\\/www.facebook.com\\\/secreteleluilovendal\"]},{\"@type\":\"Person\",\"@id\":\"https:\\\/\\\/www.lovendal.ro\\\/wp52\\\/#\\\/schema\\\/person\\\/088691de5dfc346bb0c023e1e52ef5d9\",\"name\":\"admin\",\"image\":{\"@type\":\"ImageObject\",\"inLanguage\":\"ro-RO\",\"@id\":\"https:\\\/\\\/secure.gravatar.com\\\/avatar\\\/ecb9cd41f5f63c9c9b989999a59f6e2639a865ec361e9db054db0679a8f341c2?s=96&d=mm&r=g\",\"url\":\"https:\\\/\\\/secure.gravatar.com\\\/avatar\\\/ecb9cd41f5f63c9c9b989999a59f6e2639a865ec361e9db054db0679a8f341c2?s=96&d=mm&r=g\",\"contentUrl\":\"https:\\\/\\\/secure.gravatar.com\\\/avatar\\\/ecb9cd41f5f63c9c9b989999a59f6e2639a865ec361e9db054db0679a8f341c2?s=96&d=mm&r=g\",\"caption\":\"admin\"},\"sameAs\":[\"https:\\\/\\\/www.lovendal.ro\\\/wp52\"]}]}<\/script>\n<!-- \/ Yoast SEO Premium plugin. -->","yoast_head_json":{"title":"Trei dovezi din secolele trecute care arat\u0103 c\u0103 \u0163ara noastr\u0103 trebuia s\u0103 se numeasc\u0103 \"Dacia\"! Dar au intervenit francmasonii \u00een secolul al XIX-lea, care ne-au \"latinizat\" \u015fi ne-au numit \"Rom\u00e2nia\"! Trebuia s\u0103 fim urma\u015fii Romei... - Secretele lui Lovendal","robots":{"index":"index","follow":"follow","max-snippet":"max-snippet:-1","max-image-preview":"max-image-preview:large","max-video-preview":"max-video-preview:-1"},"canonical":"https:\/\/www.lovendal.ro\/wp52\/trei-dovezi-din-secolele-trecute-care-arata-ca-tara-noastra-trebuia-sa-se-numeasca-dacia-dar-au-intervenit-francmasonii-in-secolul-al-xix-lea-care-ne-au-latinizat-si-ne-au-numit-romania\/","og_locale":"ro_RO","og_type":"article","og_title":"Trei dovezi din secolele trecute care arat\u0103 c\u0103 \u0163ara noastr\u0103 trebuia s\u0103 se numeasc\u0103 \"Dacia\"! Dar au intervenit francmasonii \u00een secolul al XIX-lea, care ne-au \"latinizat\" \u015fi ne-au numit \"Rom\u00e2nia\"! Trebuia s\u0103 fim urma\u015fii Romei...","og_description":"Mie \u00eemi plac polemicile, at\u00e2t timp c\u00e2t le sus\u0163in cu argumente. Din p\u0103cate, \u00een multe din articole argumentele logice le am, \u00eens\u0103 \u00eemi lipsesc dovezile fizice; exist\u0103 \u00eens\u0103 \u015fi subiecte pentru care am \u015fi dovezi. Ast\u0103zi vreau s\u0103 intru \u00een ... Cititi mai multe","og_url":"https:\/\/www.lovendal.ro\/wp52\/trei-dovezi-din-secolele-trecute-care-arata-ca-tara-noastra-trebuia-sa-se-numeasca-dacia-dar-au-intervenit-francmasonii-in-secolul-al-xix-lea-care-ne-au-latinizat-si-ne-au-numit-romania\/","og_site_name":"Secretele lui Lovendal","article_publisher":"https:\/\/www.facebook.com\/secreteleluilovendal","article_published_time":"2016-08-28T08:47:58+00:00","article_modified_time":"2016-08-28T08:48:05+00:00","og_image":[{"width":335,"height":246,"url":"https:\/\/www.lovendal.ro\/wp52\/wp-content\/uploads\/2016\/08\/dacia-romania.jpg","type":"image\/jpeg"}],"author":"admin","twitter_card":"summary_large_image","twitter_misc":{"Scris de":"admin","Timp estimat pentru citire":"7 minute"},"schema":{"@context":"https:\/\/schema.org","@graph":[{"@type":"Article","@id":"https:\/\/www.lovendal.ro\/wp52\/trei-dovezi-din-secolele-trecute-care-arata-ca-tara-noastra-trebuia-sa-se-numeasca-dacia-dar-au-intervenit-francmasonii-in-secolul-al-xix-lea-care-ne-au-latinizat-si-ne-au-numit-romania\/#article","isPartOf":{"@id":"https:\/\/www.lovendal.ro\/wp52\/trei-dovezi-din-secolele-trecute-care-arata-ca-tara-noastra-trebuia-sa-se-numeasca-dacia-dar-au-intervenit-francmasonii-in-secolul-al-xix-lea-care-ne-au-latinizat-si-ne-au-numit-romania\/"},"author":{"name":"admin","@id":"https:\/\/www.lovendal.ro\/wp52\/#\/schema\/person\/088691de5dfc346bb0c023e1e52ef5d9"},"headline":"Trei dovezi din secolele trecute care arat\u0103 c\u0103 \u0163ara noastr\u0103 trebuia s\u0103 se numeasc\u0103 &#8222;Dacia&#8221;! Dar au intervenit francmasonii \u00een secolul al XIX-lea, care ne-au &#8222;latinizat&#8221; \u015fi ne-au numit &#8222;Rom\u00e2nia&#8221;! Trebuia s\u0103 fim urma\u015fii Romei&#8230;","datePublished":"2016-08-28T08:47:58+00:00","dateModified":"2016-08-28T08:48:05+00:00","mainEntityOfPage":{"@id":"https:\/\/www.lovendal.ro\/wp52\/trei-dovezi-din-secolele-trecute-care-arata-ca-tara-noastra-trebuia-sa-se-numeasca-dacia-dar-au-intervenit-francmasonii-in-secolul-al-xix-lea-care-ne-au-latinizat-si-ne-au-numit-romania\/"},"wordCount":1505,"commentCount":1,"publisher":{"@id":"https:\/\/www.lovendal.ro\/wp52\/#organization"},"image":{"@id":"https:\/\/www.lovendal.ro\/wp52\/trei-dovezi-din-secolele-trecute-care-arata-ca-tara-noastra-trebuia-sa-se-numeasca-dacia-dar-au-intervenit-francmasonii-in-secolul-al-xix-lea-care-ne-au-latinizat-si-ne-au-numit-romania\/#primaryimage"},"thumbnailUrl":"https:\/\/www.lovendal.ro\/wp52\/wp-content\/uploads\/2016\/08\/dacia-romania.jpg","keywords":["America","biseric\u0103","Ceau\u015fescu","daci","Dacia","dacopa\u0163i","domnitor","Europa","francmasonerie","Gabriel Bethlen","Gheorghe \u015eincai","Gheorghe \u015etefan","Golia","Grigore Ghica","Ia\u015fi","Imperiul Otoman","Istorie si Civilizatii","Japonia","limba latin\u0103","Mihai Viteazul","Mihail Racovi\u0163\u0103","Moldova","morm\u00e2nt","ONU","Petru Maior","Polemici","Polonia","Putin","Rom\u00e2nia","\u015ecoala Ardelean\u0103","Silezia","Slovacia","\u0162ara Rom\u00e2neasc\u0103","traci","Vatican"],"articleSection":["Polemici"],"inLanguage":"ro-RO","potentialAction":[{"@type":"CommentAction","name":"Comment","target":["https:\/\/www.lovendal.ro\/wp52\/trei-dovezi-din-secolele-trecute-care-arata-ca-tara-noastra-trebuia-sa-se-numeasca-dacia-dar-au-intervenit-francmasonii-in-secolul-al-xix-lea-care-ne-au-latinizat-si-ne-au-numit-romania\/#respond"]}]},{"@type":"WebPage","@id":"https:\/\/www.lovendal.ro\/wp52\/trei-dovezi-din-secolele-trecute-care-arata-ca-tara-noastra-trebuia-sa-se-numeasca-dacia-dar-au-intervenit-francmasonii-in-secolul-al-xix-lea-care-ne-au-latinizat-si-ne-au-numit-romania\/","url":"https:\/\/www.lovendal.ro\/wp52\/trei-dovezi-din-secolele-trecute-care-arata-ca-tara-noastra-trebuia-sa-se-numeasca-dacia-dar-au-intervenit-francmasonii-in-secolul-al-xix-lea-care-ne-au-latinizat-si-ne-au-numit-romania\/","name":"Trei dovezi din secolele trecute care arat\u0103 c\u0103 \u0163ara noastr\u0103 trebuia s\u0103 se numeasc\u0103 \"Dacia\"! Dar au intervenit francmasonii \u00een secolul al XIX-lea, care ne-au \"latinizat\" \u015fi ne-au numit \"Rom\u00e2nia\"! Trebuia s\u0103 fim urma\u015fii Romei... - Secretele lui Lovendal","isPartOf":{"@id":"https:\/\/www.lovendal.ro\/wp52\/#website"},"primaryImageOfPage":{"@id":"https:\/\/www.lovendal.ro\/wp52\/trei-dovezi-din-secolele-trecute-care-arata-ca-tara-noastra-trebuia-sa-se-numeasca-dacia-dar-au-intervenit-francmasonii-in-secolul-al-xix-lea-care-ne-au-latinizat-si-ne-au-numit-romania\/#primaryimage"},"image":{"@id":"https:\/\/www.lovendal.ro\/wp52\/trei-dovezi-din-secolele-trecute-care-arata-ca-tara-noastra-trebuia-sa-se-numeasca-dacia-dar-au-intervenit-francmasonii-in-secolul-al-xix-lea-care-ne-au-latinizat-si-ne-au-numit-romania\/#primaryimage"},"thumbnailUrl":"https:\/\/www.lovendal.ro\/wp52\/wp-content\/uploads\/2016\/08\/dacia-romania.jpg","datePublished":"2016-08-28T08:47:58+00:00","dateModified":"2016-08-28T08:48:05+00:00","breadcrumb":{"@id":"https:\/\/www.lovendal.ro\/wp52\/trei-dovezi-din-secolele-trecute-care-arata-ca-tara-noastra-trebuia-sa-se-numeasca-dacia-dar-au-intervenit-francmasonii-in-secolul-al-xix-lea-care-ne-au-latinizat-si-ne-au-numit-romania\/#breadcrumb"},"inLanguage":"ro-RO","potentialAction":[{"@type":"ReadAction","target":["https:\/\/www.lovendal.ro\/wp52\/trei-dovezi-din-secolele-trecute-care-arata-ca-tara-noastra-trebuia-sa-se-numeasca-dacia-dar-au-intervenit-francmasonii-in-secolul-al-xix-lea-care-ne-au-latinizat-si-ne-au-numit-romania\/"]}]},{"@type":"ImageObject","inLanguage":"ro-RO","@id":"https:\/\/www.lovendal.ro\/wp52\/trei-dovezi-din-secolele-trecute-care-arata-ca-tara-noastra-trebuia-sa-se-numeasca-dacia-dar-au-intervenit-francmasonii-in-secolul-al-xix-lea-care-ne-au-latinizat-si-ne-au-numit-romania\/#primaryimage","url":"https:\/\/www.lovendal.ro\/wp52\/wp-content\/uploads\/2016\/08\/dacia-romania.jpg","contentUrl":"https:\/\/www.lovendal.ro\/wp52\/wp-content\/uploads\/2016\/08\/dacia-romania.jpg","width":335,"height":246},{"@type":"BreadcrumbList","@id":"https:\/\/www.lovendal.ro\/wp52\/trei-dovezi-din-secolele-trecute-care-arata-ca-tara-noastra-trebuia-sa-se-numeasca-dacia-dar-au-intervenit-francmasonii-in-secolul-al-xix-lea-care-ne-au-latinizat-si-ne-au-numit-romania\/#breadcrumb","itemListElement":[{"@type":"ListItem","position":1,"name":"Home","item":"https:\/\/www.lovendal.ro\/wp52\/"},{"@type":"ListItem","position":2,"name":"Trei dovezi din secolele trecute care arat\u0103 c\u0103 \u0163ara noastr\u0103 trebuia s\u0103 se numeasc\u0103 &#8222;Dacia&#8221;! Dar au intervenit francmasonii \u00een secolul al XIX-lea, care ne-au &#8222;latinizat&#8221; \u015fi ne-au numit &#8222;Rom\u00e2nia&#8221;! Trebuia s\u0103 fim urma\u015fii Romei&#8230;"}]},{"@type":"WebSite","@id":"https:\/\/www.lovendal.ro\/wp52\/#website","url":"https:\/\/www.lovendal.ro\/wp52\/","name":"Secretele lui Lovendal","description":"Site de secrete, stiinta si metafizica - din 2008 -","publisher":{"@id":"https:\/\/www.lovendal.ro\/wp52\/#organization"},"potentialAction":[{"@type":"SearchAction","target":{"@type":"EntryPoint","urlTemplate":"https:\/\/www.lovendal.ro\/wp52\/?s={search_term_string}"},"query-input":{"@type":"PropertyValueSpecification","valueRequired":true,"valueName":"search_term_string"}}],"inLanguage":"ro-RO"},{"@type":"Organization","@id":"https:\/\/www.lovendal.ro\/wp52\/#organization","name":"Secretele lui Lovendal","url":"https:\/\/www.lovendal.ro\/wp52\/","logo":{"@type":"ImageObject","inLanguage":"ro-RO","@id":"https:\/\/www.lovendal.ro\/wp52\/#\/schema\/logo\/image\/","url":"https:\/\/www.lovendal.ro\/wp52\/wp-content\/uploads\/2024\/06\/cropped-SLL-iun-2024-1.jpg","contentUrl":"https:\/\/www.lovendal.ro\/wp52\/wp-content\/uploads\/2024\/06\/cropped-SLL-iun-2024-1.jpg","width":771,"height":240,"caption":"Secretele lui Lovendal"},"image":{"@id":"https:\/\/www.lovendal.ro\/wp52\/#\/schema\/logo\/image\/"},"sameAs":["https:\/\/www.facebook.com\/secreteleluilovendal"]},{"@type":"Person","@id":"https:\/\/www.lovendal.ro\/wp52\/#\/schema\/person\/088691de5dfc346bb0c023e1e52ef5d9","name":"admin","image":{"@type":"ImageObject","inLanguage":"ro-RO","@id":"https:\/\/secure.gravatar.com\/avatar\/ecb9cd41f5f63c9c9b989999a59f6e2639a865ec361e9db054db0679a8f341c2?s=96&d=mm&r=g","url":"https:\/\/secure.gravatar.com\/avatar\/ecb9cd41f5f63c9c9b989999a59f6e2639a865ec361e9db054db0679a8f341c2?s=96&d=mm&r=g","contentUrl":"https:\/\/secure.gravatar.com\/avatar\/ecb9cd41f5f63c9c9b989999a59f6e2639a865ec361e9db054db0679a8f341c2?s=96&d=mm&r=g","caption":"admin"},"sameAs":["https:\/\/www.lovendal.ro\/wp52"]}]}},"_links":{"self":[{"href":"https:\/\/www.lovendal.ro\/wp52\/wp-json\/wp\/v2\/posts\/45701","targetHints":{"allow":["GET"]}}],"collection":[{"href":"https:\/\/www.lovendal.ro\/wp52\/wp-json\/wp\/v2\/posts"}],"about":[{"href":"https:\/\/www.lovendal.ro\/wp52\/wp-json\/wp\/v2\/types\/post"}],"author":[{"embeddable":true,"href":"https:\/\/www.lovendal.ro\/wp52\/wp-json\/wp\/v2\/users\/1"}],"replies":[{"embeddable":true,"href":"https:\/\/www.lovendal.ro\/wp52\/wp-json\/wp\/v2\/comments?post=45701"}],"version-history":[{"count":0,"href":"https:\/\/www.lovendal.ro\/wp52\/wp-json\/wp\/v2\/posts\/45701\/revisions"}],"wp:featuredmedia":[{"embeddable":true,"href":"https:\/\/www.lovendal.ro\/wp52\/wp-json\/wp\/v2\/media\/45702"}],"wp:attachment":[{"href":"https:\/\/www.lovendal.ro\/wp52\/wp-json\/wp\/v2\/media?parent=45701"}],"wp:term":[{"taxonomy":"category","embeddable":true,"href":"https:\/\/www.lovendal.ro\/wp52\/wp-json\/wp\/v2\/categories?post=45701"},{"taxonomy":"post_tag","embeddable":true,"href":"https:\/\/www.lovendal.ro\/wp52\/wp-json\/wp\/v2\/tags?post=45701"}],"curies":[{"name":"wp","href":"https:\/\/api.w.org\/{rel}","templated":true}]}}