{"id":45490,"date":"2016-08-14T13:40:59","date_gmt":"2016-08-14T10:40:59","guid":{"rendered":"http:\/\/www.lovendal.ro\/wp52\/?p=45490"},"modified":"2016-08-14T13:41:05","modified_gmt":"2016-08-14T10:41:05","slug":"extraterestrii-exista-dar-ei-nu-vor-sa-aiba-de-a-face-cu-noi-pentru-ca-suntem-o-specie-depravata-si-violenta","status":"publish","type":"post","link":"https:\/\/www.lovendal.ro\/wp52\/extraterestrii-exista-dar-ei-nu-vor-sa-aiba-de-a-face-cu-noi-pentru-ca-suntem-o-specie-depravata-si-violenta\/","title":{"rendered":"Extratere\u015ftrii exist\u0103, dar ei nu vor s\u0103 aib\u0103 de-a face cu noi, pentru c\u0103 suntem o specie depravat\u0103 \u015fi violent\u0103!"},"content":{"rendered":"<p><a href=\"https:\/\/www.lovendal.ro\/wp52\/extraterestrii-exista-dar-ei-nu-vor-sa-aiba-de-a-face-cu-noi-pentru-ca-suntem-o-specie-depravata-si-violenta\/extraterestri-oameni-3\/\" rel=\"attachment wp-att-45491\"><img loading=\"lazy\" decoding=\"async\" class=\"alignleft size-full wp-image-45491\" src=\"https:\/\/www.lovendal.ro\/wp52\/wp-content\/uploads\/2016\/08\/extraterestri-oameni.jpg\" alt=\"extraterestri oameni\" width=\"332\" height=\"214\" srcset=\"https:\/\/www.lovendal.ro\/wp52\/wp-content\/uploads\/2016\/08\/extraterestri-oameni.jpg 332w, https:\/\/www.lovendal.ro\/wp52\/wp-content\/uploads\/2016\/08\/extraterestri-oameni-300x193.jpg 300w\" sizes=\"auto, (max-width: 332px) 100vw, 332px\" \/><\/a>Actorul Dan Akroyd este convins c\u0103 formele de via\u021b\u0103 extraterestr\u0103 refuz\u0103 s\u0103 intre \u00een contact cu rasa uman\u0103, pentru c\u0103 suntem v\u0103zu\u021bi ca o specie dezgust\u0103toare, depravat\u0103 \u015fi violent\u0103.<\/p>\n<p>Actorul este pasionat de OZN \u015fi extratere\u015ftri, spun\u00e2nd chiar c\u0103 a observat personal mai multe OZN-uri. El afirm\u0103 chiar c\u0103 a v\u0103zut dou\u0103 obiecte misterioase pe cer, \u00een timpul atacului terorist din 2001 asupra World Trade Center din New York, consider\u00e2nd c\u0103 acest lucru ofer\u0103 un indiciu clar de ce extratere\u0219trii nu vor s\u0103 fac\u0103 un contact cu oamenii: <em>&#8222;Pentru c\u0103 suntem o specie violent\u0103. Ei nu doresc s\u0103 aib\u0103 nimic de-a face cu noi&#8221;<\/em>.<\/p>\n<p>Akroyd a declarat: <em>&#8222;Ei ne-au urm\u0103rit. Au existat dou\u0103 globuri albe peste New Jersey, c\u00e2nd cel de-al doilea turn s-a pr\u0103bu\u015fit pe 9\/11. Ele au fost pe CNN timp de aproximativ dou\u0103 minute (&#8230;) V\u0103 pute\u021bi imagina ce g\u00e2ndesc cu mintea lor avansat\u0103, c\u00e2nd au v\u0103zut ce s-a \u00eent\u00e2mplat pe 9\/11? C\u0103 ace\u015fti oameni \u00ee\u015fi d\u0103r\u00e2m\u0103, cu ajutorul progresului realizat de avia\u0163ie, cea mai \u00eenalt\u0103 evolu\u0163ie \u00een arhitectur\u0103 (&#8230;) Ei sunt dezgusta\u0163i de noi. \u0218i pe bun\u0103 dreptate. Pentru c\u0103 suntem o specie depravat\u0103, dezgust\u0103toare&#8221;.<\/em><\/p>\n<p><em><strong>Sursa:<\/strong><\/em> <strong><a href=\"http:\/\/www.nzherald.co.nz\/entertainment\/news\/article.cfm?c_id=1501119&amp;objectid=11352924\">nzherald.co.nz<\/a><\/strong><\/p>\n","protected":false},"excerpt":{"rendered":"<p>Actorul Dan Akroyd este convins c\u0103 formele de via\u021b\u0103 extraterestr\u0103 refuz\u0103 s\u0103 intre \u00een contact cu rasa uman\u0103, pentru c\u0103 suntem v\u0103zu\u021bi ca o specie dezgust\u0103toare, depravat\u0103 \u015fi violent\u0103. Actorul este pasionat de OZN \u015fi extratere\u015ftri, spun\u00e2nd chiar c\u0103 a &#8230; <\/p>\n<p class=\"read-more-container\"><a title=\"Extratere\u015ftrii exist\u0103, dar ei nu vor s\u0103 aib\u0103 de-a face cu noi, pentru c\u0103 suntem o specie depravat\u0103 \u015fi violent\u0103!\" class=\"read-more button\" href=\"https:\/\/www.lovendal.ro\/wp52\/extraterestrii-exista-dar-ei-nu-vor-sa-aiba-de-a-face-cu-noi-pentru-ca-suntem-o-specie-depravata-si-violenta\/#more-45490\" aria-label=\"Cite\u0219te mai multe despre Extratere\u015ftrii exist\u0103, dar ei nu vor s\u0103 aib\u0103 de-a face cu noi, pentru c\u0103 suntem o specie depravat\u0103 \u015fi violent\u0103!\">Cititi mai multe<\/a><\/p>\n","protected":false},"author":1,"featured_media":45491,"comment_status":"open","ping_status":"open","sticky":false,"template":"","format":"standard","meta":{"footnotes":""},"categories":[2833,14],"tags":[1870,979,831,10638,51,525,57,50,9796,2154],"class_list":["post-45490","post","type-post","status-publish","format-standard","has-post-thumbnail","hentry","category-noutati","category-paranormal-spiritualitate","tag-1870","tag-actor","tag-cnn","tag-dan-akroyd","tag-extraterestri","tag-new-york","tag-oameni","tag-ozn","tag-paranormal-spiritualitate","tag-world-trade-center","resize-featured-image"],"yoast_head":"<!-- This site is optimized with the Yoast SEO Premium plugin v23.3 (Yoast SEO v27.4) - https:\/\/yoast.com\/product\/yoast-seo-premium-wordpress\/ -->\n<title>Extratere\u015ftrii exist\u0103, dar ei nu vor s\u0103 aib\u0103 de-a face cu noi, pentru c\u0103 suntem o specie depravat\u0103 \u015fi violent\u0103! - Secretele lui Lovendal<\/title>\n<meta name=\"robots\" content=\"index, follow, max-snippet:-1, max-image-preview:large, max-video-preview:-1\" \/>\n<link rel=\"canonical\" href=\"https:\/\/www.lovendal.ro\/wp52\/extraterestrii-exista-dar-ei-nu-vor-sa-aiba-de-a-face-cu-noi-pentru-ca-suntem-o-specie-depravata-si-violenta\/\" \/>\n<meta property=\"og:locale\" content=\"ro_RO\" \/>\n<meta property=\"og:type\" content=\"article\" \/>\n<meta property=\"og:title\" content=\"Extratere\u015ftrii exist\u0103, dar ei nu vor s\u0103 aib\u0103 de-a face cu noi, pentru c\u0103 suntem o specie depravat\u0103 \u015fi violent\u0103!\" \/>\n<meta property=\"og:description\" content=\"Actorul Dan Akroyd este convins c\u0103 formele de via\u021b\u0103 extraterestr\u0103 refuz\u0103 s\u0103 intre \u00een contact cu rasa uman\u0103, pentru c\u0103 suntem v\u0103zu\u021bi ca o specie dezgust\u0103toare, depravat\u0103 \u015fi violent\u0103. Actorul este pasionat de OZN \u015fi extratere\u015ftri, spun\u00e2nd chiar c\u0103 a ... Cititi mai multe\" \/>\n<meta property=\"og:url\" content=\"https:\/\/www.lovendal.ro\/wp52\/extraterestrii-exista-dar-ei-nu-vor-sa-aiba-de-a-face-cu-noi-pentru-ca-suntem-o-specie-depravata-si-violenta\/\" \/>\n<meta property=\"og:site_name\" content=\"Secretele lui Lovendal\" \/>\n<meta property=\"article:publisher\" content=\"https:\/\/www.facebook.com\/secreteleluilovendal\" \/>\n<meta property=\"article:published_time\" content=\"2016-08-14T10:40:59+00:00\" \/>\n<meta property=\"article:modified_time\" content=\"2016-08-14T10:41:05+00:00\" \/>\n<meta property=\"og:image\" content=\"https:\/\/www.lovendal.ro\/wp52\/wp-content\/uploads\/2016\/08\/extraterestri-oameni.jpg\" \/>\n\t<meta property=\"og:image:width\" content=\"332\" \/>\n\t<meta property=\"og:image:height\" content=\"214\" \/>\n\t<meta property=\"og:image:type\" content=\"image\/jpeg\" \/>\n<meta name=\"author\" content=\"admin\" \/>\n<meta name=\"twitter:card\" content=\"summary_large_image\" \/>\n<meta name=\"twitter:label1\" content=\"Scris de\" \/>\n\t<meta name=\"twitter:data1\" content=\"admin\" \/>\n\t<meta name=\"twitter:label2\" content=\"Timp estimat pentru citire\" \/>\n\t<meta name=\"twitter:data2\" content=\"1 minut\" \/>\n<script type=\"application\/ld+json\" class=\"yoast-schema-graph\">{\"@context\":\"https:\\\/\\\/schema.org\",\"@graph\":[{\"@type\":\"Article\",\"@id\":\"https:\\\/\\\/www.lovendal.ro\\\/wp52\\\/extraterestrii-exista-dar-ei-nu-vor-sa-aiba-de-a-face-cu-noi-pentru-ca-suntem-o-specie-depravata-si-violenta\\\/#article\",\"isPartOf\":{\"@id\":\"https:\\\/\\\/www.lovendal.ro\\\/wp52\\\/extraterestrii-exista-dar-ei-nu-vor-sa-aiba-de-a-face-cu-noi-pentru-ca-suntem-o-specie-depravata-si-violenta\\\/\"},\"author\":{\"name\":\"admin\",\"@id\":\"https:\\\/\\\/www.lovendal.ro\\\/wp52\\\/#\\\/schema\\\/person\\\/088691de5dfc346bb0c023e1e52ef5d9\"},\"headline\":\"Extratere\u015ftrii exist\u0103, dar ei nu vor s\u0103 aib\u0103 de-a face cu noi, pentru c\u0103 suntem o specie depravat\u0103 \u015fi violent\u0103!\",\"datePublished\":\"2016-08-14T10:40:59+00:00\",\"dateModified\":\"2016-08-14T10:41:05+00:00\",\"mainEntityOfPage\":{\"@id\":\"https:\\\/\\\/www.lovendal.ro\\\/wp52\\\/extraterestrii-exista-dar-ei-nu-vor-sa-aiba-de-a-face-cu-noi-pentru-ca-suntem-o-specie-depravata-si-violenta\\\/\"},\"wordCount\":233,\"commentCount\":6,\"publisher\":{\"@id\":\"https:\\\/\\\/www.lovendal.ro\\\/wp52\\\/#organization\"},\"image\":{\"@id\":\"https:\\\/\\\/www.lovendal.ro\\\/wp52\\\/extraterestrii-exista-dar-ei-nu-vor-sa-aiba-de-a-face-cu-noi-pentru-ca-suntem-o-specie-depravata-si-violenta\\\/#primaryimage\"},\"thumbnailUrl\":\"https:\\\/\\\/www.lovendal.ro\\\/wp52\\\/wp-content\\\/uploads\\\/2016\\\/08\\\/extraterestri-oameni.jpg\",\"keywords\":[\"9\\\/11\",\"actor\",\"CNN\",\"Dan Akroyd\",\"extratere\u015ftri\",\"New York\",\"oameni\",\"OZN\",\"Paranormal-Spiritualitate\",\"World Trade Center\"],\"articleSection\":[\"Noutati\",\"Paranormal-Spiritualitate\"],\"inLanguage\":\"ro-RO\",\"potentialAction\":[{\"@type\":\"CommentAction\",\"name\":\"Comment\",\"target\":[\"https:\\\/\\\/www.lovendal.ro\\\/wp52\\\/extraterestrii-exista-dar-ei-nu-vor-sa-aiba-de-a-face-cu-noi-pentru-ca-suntem-o-specie-depravata-si-violenta\\\/#respond\"]}]},{\"@type\":\"WebPage\",\"@id\":\"https:\\\/\\\/www.lovendal.ro\\\/wp52\\\/extraterestrii-exista-dar-ei-nu-vor-sa-aiba-de-a-face-cu-noi-pentru-ca-suntem-o-specie-depravata-si-violenta\\\/\",\"url\":\"https:\\\/\\\/www.lovendal.ro\\\/wp52\\\/extraterestrii-exista-dar-ei-nu-vor-sa-aiba-de-a-face-cu-noi-pentru-ca-suntem-o-specie-depravata-si-violenta\\\/\",\"name\":\"Extratere\u015ftrii exist\u0103, dar ei nu vor s\u0103 aib\u0103 de-a face cu noi, pentru c\u0103 suntem o specie depravat\u0103 \u015fi violent\u0103! - Secretele lui Lovendal\",\"isPartOf\":{\"@id\":\"https:\\\/\\\/www.lovendal.ro\\\/wp52\\\/#website\"},\"primaryImageOfPage\":{\"@id\":\"https:\\\/\\\/www.lovendal.ro\\\/wp52\\\/extraterestrii-exista-dar-ei-nu-vor-sa-aiba-de-a-face-cu-noi-pentru-ca-suntem-o-specie-depravata-si-violenta\\\/#primaryimage\"},\"image\":{\"@id\":\"https:\\\/\\\/www.lovendal.ro\\\/wp52\\\/extraterestrii-exista-dar-ei-nu-vor-sa-aiba-de-a-face-cu-noi-pentru-ca-suntem-o-specie-depravata-si-violenta\\\/#primaryimage\"},\"thumbnailUrl\":\"https:\\\/\\\/www.lovendal.ro\\\/wp52\\\/wp-content\\\/uploads\\\/2016\\\/08\\\/extraterestri-oameni.jpg\",\"datePublished\":\"2016-08-14T10:40:59+00:00\",\"dateModified\":\"2016-08-14T10:41:05+00:00\",\"breadcrumb\":{\"@id\":\"https:\\\/\\\/www.lovendal.ro\\\/wp52\\\/extraterestrii-exista-dar-ei-nu-vor-sa-aiba-de-a-face-cu-noi-pentru-ca-suntem-o-specie-depravata-si-violenta\\\/#breadcrumb\"},\"inLanguage\":\"ro-RO\",\"potentialAction\":[{\"@type\":\"ReadAction\",\"target\":[\"https:\\\/\\\/www.lovendal.ro\\\/wp52\\\/extraterestrii-exista-dar-ei-nu-vor-sa-aiba-de-a-face-cu-noi-pentru-ca-suntem-o-specie-depravata-si-violenta\\\/\"]}]},{\"@type\":\"ImageObject\",\"inLanguage\":\"ro-RO\",\"@id\":\"https:\\\/\\\/www.lovendal.ro\\\/wp52\\\/extraterestrii-exista-dar-ei-nu-vor-sa-aiba-de-a-face-cu-noi-pentru-ca-suntem-o-specie-depravata-si-violenta\\\/#primaryimage\",\"url\":\"https:\\\/\\\/www.lovendal.ro\\\/wp52\\\/wp-content\\\/uploads\\\/2016\\\/08\\\/extraterestri-oameni.jpg\",\"contentUrl\":\"https:\\\/\\\/www.lovendal.ro\\\/wp52\\\/wp-content\\\/uploads\\\/2016\\\/08\\\/extraterestri-oameni.jpg\",\"width\":332,\"height\":214},{\"@type\":\"BreadcrumbList\",\"@id\":\"https:\\\/\\\/www.lovendal.ro\\\/wp52\\\/extraterestrii-exista-dar-ei-nu-vor-sa-aiba-de-a-face-cu-noi-pentru-ca-suntem-o-specie-depravata-si-violenta\\\/#breadcrumb\",\"itemListElement\":[{\"@type\":\"ListItem\",\"position\":1,\"name\":\"Home\",\"item\":\"https:\\\/\\\/www.lovendal.ro\\\/wp52\\\/\"},{\"@type\":\"ListItem\",\"position\":2,\"name\":\"Extratere\u015ftrii exist\u0103, dar ei nu vor s\u0103 aib\u0103 de-a face cu noi, pentru c\u0103 suntem o specie depravat\u0103 \u015fi violent\u0103!\"}]},{\"@type\":\"WebSite\",\"@id\":\"https:\\\/\\\/www.lovendal.ro\\\/wp52\\\/#website\",\"url\":\"https:\\\/\\\/www.lovendal.ro\\\/wp52\\\/\",\"name\":\"Secretele lui Lovendal\",\"description\":\"Site de secrete, stiinta si metafizica - din 2008 -\",\"publisher\":{\"@id\":\"https:\\\/\\\/www.lovendal.ro\\\/wp52\\\/#organization\"},\"potentialAction\":[{\"@type\":\"SearchAction\",\"target\":{\"@type\":\"EntryPoint\",\"urlTemplate\":\"https:\\\/\\\/www.lovendal.ro\\\/wp52\\\/?s={search_term_string}\"},\"query-input\":{\"@type\":\"PropertyValueSpecification\",\"valueRequired\":true,\"valueName\":\"search_term_string\"}}],\"inLanguage\":\"ro-RO\"},{\"@type\":\"Organization\",\"@id\":\"https:\\\/\\\/www.lovendal.ro\\\/wp52\\\/#organization\",\"name\":\"Secretele lui Lovendal\",\"url\":\"https:\\\/\\\/www.lovendal.ro\\\/wp52\\\/\",\"logo\":{\"@type\":\"ImageObject\",\"inLanguage\":\"ro-RO\",\"@id\":\"https:\\\/\\\/www.lovendal.ro\\\/wp52\\\/#\\\/schema\\\/logo\\\/image\\\/\",\"url\":\"https:\\\/\\\/www.lovendal.ro\\\/wp52\\\/wp-content\\\/uploads\\\/2024\\\/06\\\/cropped-SLL-iun-2024-1.jpg\",\"contentUrl\":\"https:\\\/\\\/www.lovendal.ro\\\/wp52\\\/wp-content\\\/uploads\\\/2024\\\/06\\\/cropped-SLL-iun-2024-1.jpg\",\"width\":771,\"height\":240,\"caption\":\"Secretele lui Lovendal\"},\"image\":{\"@id\":\"https:\\\/\\\/www.lovendal.ro\\\/wp52\\\/#\\\/schema\\\/logo\\\/image\\\/\"},\"sameAs\":[\"https:\\\/\\\/www.facebook.com\\\/secreteleluilovendal\"]},{\"@type\":\"Person\",\"@id\":\"https:\\\/\\\/www.lovendal.ro\\\/wp52\\\/#\\\/schema\\\/person\\\/088691de5dfc346bb0c023e1e52ef5d9\",\"name\":\"admin\",\"image\":{\"@type\":\"ImageObject\",\"inLanguage\":\"ro-RO\",\"@id\":\"https:\\\/\\\/secure.gravatar.com\\\/avatar\\\/ecb9cd41f5f63c9c9b989999a59f6e2639a865ec361e9db054db0679a8f341c2?s=96&d=mm&r=g\",\"url\":\"https:\\\/\\\/secure.gravatar.com\\\/avatar\\\/ecb9cd41f5f63c9c9b989999a59f6e2639a865ec361e9db054db0679a8f341c2?s=96&d=mm&r=g\",\"contentUrl\":\"https:\\\/\\\/secure.gravatar.com\\\/avatar\\\/ecb9cd41f5f63c9c9b989999a59f6e2639a865ec361e9db054db0679a8f341c2?s=96&d=mm&r=g\",\"caption\":\"admin\"},\"sameAs\":[\"https:\\\/\\\/www.lovendal.ro\\\/wp52\"]}]}<\/script>\n<!-- \/ Yoast SEO Premium plugin. -->","yoast_head_json":{"title":"Extratere\u015ftrii exist\u0103, dar ei nu vor s\u0103 aib\u0103 de-a face cu noi, pentru c\u0103 suntem o specie depravat\u0103 \u015fi violent\u0103! - Secretele lui Lovendal","robots":{"index":"index","follow":"follow","max-snippet":"max-snippet:-1","max-image-preview":"max-image-preview:large","max-video-preview":"max-video-preview:-1"},"canonical":"https:\/\/www.lovendal.ro\/wp52\/extraterestrii-exista-dar-ei-nu-vor-sa-aiba-de-a-face-cu-noi-pentru-ca-suntem-o-specie-depravata-si-violenta\/","og_locale":"ro_RO","og_type":"article","og_title":"Extratere\u015ftrii exist\u0103, dar ei nu vor s\u0103 aib\u0103 de-a face cu noi, pentru c\u0103 suntem o specie depravat\u0103 \u015fi violent\u0103!","og_description":"Actorul Dan Akroyd este convins c\u0103 formele de via\u021b\u0103 extraterestr\u0103 refuz\u0103 s\u0103 intre \u00een contact cu rasa uman\u0103, pentru c\u0103 suntem v\u0103zu\u021bi ca o specie dezgust\u0103toare, depravat\u0103 \u015fi violent\u0103. Actorul este pasionat de OZN \u015fi extratere\u015ftri, spun\u00e2nd chiar c\u0103 a ... Cititi mai multe","og_url":"https:\/\/www.lovendal.ro\/wp52\/extraterestrii-exista-dar-ei-nu-vor-sa-aiba-de-a-face-cu-noi-pentru-ca-suntem-o-specie-depravata-si-violenta\/","og_site_name":"Secretele lui Lovendal","article_publisher":"https:\/\/www.facebook.com\/secreteleluilovendal","article_published_time":"2016-08-14T10:40:59+00:00","article_modified_time":"2016-08-14T10:41:05+00:00","og_image":[{"width":332,"height":214,"url":"https:\/\/www.lovendal.ro\/wp52\/wp-content\/uploads\/2016\/08\/extraterestri-oameni.jpg","type":"image\/jpeg"}],"author":"admin","twitter_card":"summary_large_image","twitter_misc":{"Scris de":"admin","Timp estimat pentru citire":"1 minut"},"schema":{"@context":"https:\/\/schema.org","@graph":[{"@type":"Article","@id":"https:\/\/www.lovendal.ro\/wp52\/extraterestrii-exista-dar-ei-nu-vor-sa-aiba-de-a-face-cu-noi-pentru-ca-suntem-o-specie-depravata-si-violenta\/#article","isPartOf":{"@id":"https:\/\/www.lovendal.ro\/wp52\/extraterestrii-exista-dar-ei-nu-vor-sa-aiba-de-a-face-cu-noi-pentru-ca-suntem-o-specie-depravata-si-violenta\/"},"author":{"name":"admin","@id":"https:\/\/www.lovendal.ro\/wp52\/#\/schema\/person\/088691de5dfc346bb0c023e1e52ef5d9"},"headline":"Extratere\u015ftrii exist\u0103, dar ei nu vor s\u0103 aib\u0103 de-a face cu noi, pentru c\u0103 suntem o specie depravat\u0103 \u015fi violent\u0103!","datePublished":"2016-08-14T10:40:59+00:00","dateModified":"2016-08-14T10:41:05+00:00","mainEntityOfPage":{"@id":"https:\/\/www.lovendal.ro\/wp52\/extraterestrii-exista-dar-ei-nu-vor-sa-aiba-de-a-face-cu-noi-pentru-ca-suntem-o-specie-depravata-si-violenta\/"},"wordCount":233,"commentCount":6,"publisher":{"@id":"https:\/\/www.lovendal.ro\/wp52\/#organization"},"image":{"@id":"https:\/\/www.lovendal.ro\/wp52\/extraterestrii-exista-dar-ei-nu-vor-sa-aiba-de-a-face-cu-noi-pentru-ca-suntem-o-specie-depravata-si-violenta\/#primaryimage"},"thumbnailUrl":"https:\/\/www.lovendal.ro\/wp52\/wp-content\/uploads\/2016\/08\/extraterestri-oameni.jpg","keywords":["9\/11","actor","CNN","Dan Akroyd","extratere\u015ftri","New York","oameni","OZN","Paranormal-Spiritualitate","World Trade Center"],"articleSection":["Noutati","Paranormal-Spiritualitate"],"inLanguage":"ro-RO","potentialAction":[{"@type":"CommentAction","name":"Comment","target":["https:\/\/www.lovendal.ro\/wp52\/extraterestrii-exista-dar-ei-nu-vor-sa-aiba-de-a-face-cu-noi-pentru-ca-suntem-o-specie-depravata-si-violenta\/#respond"]}]},{"@type":"WebPage","@id":"https:\/\/www.lovendal.ro\/wp52\/extraterestrii-exista-dar-ei-nu-vor-sa-aiba-de-a-face-cu-noi-pentru-ca-suntem-o-specie-depravata-si-violenta\/","url":"https:\/\/www.lovendal.ro\/wp52\/extraterestrii-exista-dar-ei-nu-vor-sa-aiba-de-a-face-cu-noi-pentru-ca-suntem-o-specie-depravata-si-violenta\/","name":"Extratere\u015ftrii exist\u0103, dar ei nu vor s\u0103 aib\u0103 de-a face cu noi, pentru c\u0103 suntem o specie depravat\u0103 \u015fi violent\u0103! - Secretele lui Lovendal","isPartOf":{"@id":"https:\/\/www.lovendal.ro\/wp52\/#website"},"primaryImageOfPage":{"@id":"https:\/\/www.lovendal.ro\/wp52\/extraterestrii-exista-dar-ei-nu-vor-sa-aiba-de-a-face-cu-noi-pentru-ca-suntem-o-specie-depravata-si-violenta\/#primaryimage"},"image":{"@id":"https:\/\/www.lovendal.ro\/wp52\/extraterestrii-exista-dar-ei-nu-vor-sa-aiba-de-a-face-cu-noi-pentru-ca-suntem-o-specie-depravata-si-violenta\/#primaryimage"},"thumbnailUrl":"https:\/\/www.lovendal.ro\/wp52\/wp-content\/uploads\/2016\/08\/extraterestri-oameni.jpg","datePublished":"2016-08-14T10:40:59+00:00","dateModified":"2016-08-14T10:41:05+00:00","breadcrumb":{"@id":"https:\/\/www.lovendal.ro\/wp52\/extraterestrii-exista-dar-ei-nu-vor-sa-aiba-de-a-face-cu-noi-pentru-ca-suntem-o-specie-depravata-si-violenta\/#breadcrumb"},"inLanguage":"ro-RO","potentialAction":[{"@type":"ReadAction","target":["https:\/\/www.lovendal.ro\/wp52\/extraterestrii-exista-dar-ei-nu-vor-sa-aiba-de-a-face-cu-noi-pentru-ca-suntem-o-specie-depravata-si-violenta\/"]}]},{"@type":"ImageObject","inLanguage":"ro-RO","@id":"https:\/\/www.lovendal.ro\/wp52\/extraterestrii-exista-dar-ei-nu-vor-sa-aiba-de-a-face-cu-noi-pentru-ca-suntem-o-specie-depravata-si-violenta\/#primaryimage","url":"https:\/\/www.lovendal.ro\/wp52\/wp-content\/uploads\/2016\/08\/extraterestri-oameni.jpg","contentUrl":"https:\/\/www.lovendal.ro\/wp52\/wp-content\/uploads\/2016\/08\/extraterestri-oameni.jpg","width":332,"height":214},{"@type":"BreadcrumbList","@id":"https:\/\/www.lovendal.ro\/wp52\/extraterestrii-exista-dar-ei-nu-vor-sa-aiba-de-a-face-cu-noi-pentru-ca-suntem-o-specie-depravata-si-violenta\/#breadcrumb","itemListElement":[{"@type":"ListItem","position":1,"name":"Home","item":"https:\/\/www.lovendal.ro\/wp52\/"},{"@type":"ListItem","position":2,"name":"Extratere\u015ftrii exist\u0103, dar ei nu vor s\u0103 aib\u0103 de-a face cu noi, pentru c\u0103 suntem o specie depravat\u0103 \u015fi violent\u0103!"}]},{"@type":"WebSite","@id":"https:\/\/www.lovendal.ro\/wp52\/#website","url":"https:\/\/www.lovendal.ro\/wp52\/","name":"Secretele lui Lovendal","description":"Site de secrete, stiinta si metafizica - din 2008 -","publisher":{"@id":"https:\/\/www.lovendal.ro\/wp52\/#organization"},"potentialAction":[{"@type":"SearchAction","target":{"@type":"EntryPoint","urlTemplate":"https:\/\/www.lovendal.ro\/wp52\/?s={search_term_string}"},"query-input":{"@type":"PropertyValueSpecification","valueRequired":true,"valueName":"search_term_string"}}],"inLanguage":"ro-RO"},{"@type":"Organization","@id":"https:\/\/www.lovendal.ro\/wp52\/#organization","name":"Secretele lui Lovendal","url":"https:\/\/www.lovendal.ro\/wp52\/","logo":{"@type":"ImageObject","inLanguage":"ro-RO","@id":"https:\/\/www.lovendal.ro\/wp52\/#\/schema\/logo\/image\/","url":"https:\/\/www.lovendal.ro\/wp52\/wp-content\/uploads\/2024\/06\/cropped-SLL-iun-2024-1.jpg","contentUrl":"https:\/\/www.lovendal.ro\/wp52\/wp-content\/uploads\/2024\/06\/cropped-SLL-iun-2024-1.jpg","width":771,"height":240,"caption":"Secretele lui Lovendal"},"image":{"@id":"https:\/\/www.lovendal.ro\/wp52\/#\/schema\/logo\/image\/"},"sameAs":["https:\/\/www.facebook.com\/secreteleluilovendal"]},{"@type":"Person","@id":"https:\/\/www.lovendal.ro\/wp52\/#\/schema\/person\/088691de5dfc346bb0c023e1e52ef5d9","name":"admin","image":{"@type":"ImageObject","inLanguage":"ro-RO","@id":"https:\/\/secure.gravatar.com\/avatar\/ecb9cd41f5f63c9c9b989999a59f6e2639a865ec361e9db054db0679a8f341c2?s=96&d=mm&r=g","url":"https:\/\/secure.gravatar.com\/avatar\/ecb9cd41f5f63c9c9b989999a59f6e2639a865ec361e9db054db0679a8f341c2?s=96&d=mm&r=g","contentUrl":"https:\/\/secure.gravatar.com\/avatar\/ecb9cd41f5f63c9c9b989999a59f6e2639a865ec361e9db054db0679a8f341c2?s=96&d=mm&r=g","caption":"admin"},"sameAs":["https:\/\/www.lovendal.ro\/wp52"]}]}},"_links":{"self":[{"href":"https:\/\/www.lovendal.ro\/wp52\/wp-json\/wp\/v2\/posts\/45490","targetHints":{"allow":["GET"]}}],"collection":[{"href":"https:\/\/www.lovendal.ro\/wp52\/wp-json\/wp\/v2\/posts"}],"about":[{"href":"https:\/\/www.lovendal.ro\/wp52\/wp-json\/wp\/v2\/types\/post"}],"author":[{"embeddable":true,"href":"https:\/\/www.lovendal.ro\/wp52\/wp-json\/wp\/v2\/users\/1"}],"replies":[{"embeddable":true,"href":"https:\/\/www.lovendal.ro\/wp52\/wp-json\/wp\/v2\/comments?post=45490"}],"version-history":[{"count":0,"href":"https:\/\/www.lovendal.ro\/wp52\/wp-json\/wp\/v2\/posts\/45490\/revisions"}],"wp:featuredmedia":[{"embeddable":true,"href":"https:\/\/www.lovendal.ro\/wp52\/wp-json\/wp\/v2\/media\/45491"}],"wp:attachment":[{"href":"https:\/\/www.lovendal.ro\/wp52\/wp-json\/wp\/v2\/media?parent=45490"}],"wp:term":[{"taxonomy":"category","embeddable":true,"href":"https:\/\/www.lovendal.ro\/wp52\/wp-json\/wp\/v2\/categories?post=45490"},{"taxonomy":"post_tag","embeddable":true,"href":"https:\/\/www.lovendal.ro\/wp52\/wp-json\/wp\/v2\/tags?post=45490"}],"curies":[{"name":"wp","href":"https:\/\/api.w.org\/{rel}","templated":true}]}}