{"id":43941,"date":"2016-04-24T16:38:47","date_gmt":"2016-04-24T13:38:47","guid":{"rendered":"http:\/\/www.lovendal.ro\/wp52\/?p=43941"},"modified":"2016-04-24T16:38:56","modified_gmt":"2016-04-24T13:38:56","slug":"un-nou-studiu-arata-ca-soarecii-de-laborator-au-mari-probleme-cu-ficatul-dupa-doar-2-saptamani-de-zbor-cosmic-si-cica-noi-am-fost-pe-luna-in-urma-cu-jumatate-de-secol-si-mai-vrem-sa-ajungem-si-pe","status":"publish","type":"post","link":"https:\/\/www.lovendal.ro\/wp52\/un-nou-studiu-arata-ca-soarecii-de-laborator-au-mari-probleme-cu-ficatul-dupa-doar-2-saptamani-de-zbor-cosmic-si-cica-noi-am-fost-pe-luna-in-urma-cu-jumatate-de-secol-si-mai-vrem-sa-ajungem-si-pe\/","title":{"rendered":"Un nou studiu arat\u0103 c\u0103 \u015foarecii de laborator au mari probleme cu ficatul dup\u0103 doar 2 s\u0103pt\u0103m\u00e2ni de zbor cosmic! \u015ei cic\u0103 noi am fost pe Lun\u0103 \u00een urm\u0103 cu jum\u0103tate de secol !:) \u015ei mai vrem s\u0103 ajungem \u015fi pe Marte&#8230; Visuri!"},"content":{"rendered":"<p><a href=\"https:\/\/www.lovendal.ro\/wp52\/un-nou-studiu-arata-ca-soarecii-de-laborator-au-mari-probleme-cu-ficatul-dupa-doar-2-saptamani-de-zbor-cosmic-si-cica-noi-am-fost-pe-luna-in-urma-cu-jumatate-de-secol-si-mai-vrem-sa-ajungem-si-pe\/pamant-spatiul-cosmic\/\" rel=\"attachment wp-att-43942\"><img loading=\"lazy\" decoding=\"async\" class=\"alignleft size-full wp-image-43942\" src=\"https:\/\/www.lovendal.ro\/wp52\/wp-content\/uploads\/2016\/04\/Pamant-spatiul-cosmic.jpg\" alt=\"Pamant spatiul cosmic\" width=\"332\" height=\"212\" srcset=\"https:\/\/www.lovendal.ro\/wp52\/wp-content\/uploads\/2016\/04\/Pamant-spatiul-cosmic.jpg 332w, https:\/\/www.lovendal.ro\/wp52\/wp-content\/uploads\/2016\/04\/Pamant-spatiul-cosmic-300x192.jpg 300w\" sizes=\"auto, (max-width: 332px) 100vw, 332px\" \/><\/a>\u015eoareci de laborator care au petrecut doar dou\u0103 s\u0103pt\u0103m\u00e2ni pe orbita P\u0103m\u00e2ntului, \u00een spa\u0163iul cosmic, au ar\u0103tat semne precoce de leziuni hepatice la revenirea pe P\u0103m\u00e2nt, pun\u00e2nd sub semnul \u00eentreb\u0103rii duratele lungi de zbor spa\u0163ial care s-ar putea face pentru oameni, au declarat cercet\u0103torii cita\u0163i de <a href=\"http:\/\/news.discovery.com\/space\/private-spaceflight\/mice-in-space-showed-liver-damage-after-two-weeks-160421.htm\" target=\"_blank\"><strong>Discovery News<\/strong><\/a>.<\/p>\n<p>Descoperirile ar putea interesa agen\u021bia spa\u021bial\u0103 american\u0103, care inten\u021bioneaz\u0103 s\u0103 trimit\u0103 oameni c\u0103tre destina\u0163ii \u00eendep\u0103rtate, cum ar fi un asteroid sau c\u0103tre Marte &#8211; ce vor necesita sejururi lungi \u00een spa\u021biul cosmic. NASA studiaz\u0103 deja efectele misiunilor spa\u0163iale pe termen lung asupra organismului uman, iar recent a trimis unul dintre astronau\u0163ii s\u0103i veterani, Scott Kelly, la o \u0219edere de 340 de zile \u00een orbita Sta\u021biei Spa\u021biale Interna\u021bionale.<\/p>\n<p><em>&#8222;\u00cenainte de acest studiu, nu au avut mai multe informa\u021bii cu privire la impactul asupra ficatului a misiunilor spatiale&#8221;<\/em>, a declarat autorul principal al studiului Karen Jonscher, profesor asociat de Anesteziologie \u0219i fizician la Universitatea Medical\u0103 Anschutz Colorado. \u0218oarecii au petrecut 13 zile \u0219i jum\u0103tate la bordul navetei spa\u0163iale Atlantis \u00een 2011.<\/p>\n<p>Odat\u0103 ajun\u015fi pe P\u0103m\u00e2nt, cercet\u0103torii au descoperit c\u0103 zborul spa\u0163ial a cauzat apari\u0163ia de efecte pe termen lung asupra ficatului. Astfel, \u015foarecii au crescut cantitatea de gr\u0103sime din ficatul lor \u0219i au avut o pierdere de retinol, o form\u0103 animal\u0103 de vitamina A. Ei au ar\u0103tat, de asemenea, schimb\u0103ri \u00een capacitatea lor de a descompune gr\u0103simile, precum \u015fi semne ale bolii de ficat gras nealcoolic; totodat\u0103, au prezentat indicatori timpurii pentru \u00eenceputul de ficat fibrozat.<\/p>\n<p>Cercet\u0103torii stiau deja c\u0103 zborul spa\u0163ial poate provoca o pierdere de mas\u0103 osoas\u0103 \u015fi mas\u0103 muscular\u0103, precum \u015fi modific\u0103ri ale vederii \u015fi a func\u0163iei cerebrale la oameni. Jonscher a declarat c\u0103 semnele leziunilor hepatice v\u0103zute la soareci ar lua, de obicei, c\u00e2teva luni sau ani pentru a se dezvolta prin consumul unei diete nes\u0103n\u0103toase. <em>&#8222;Dac\u0103 un \u0219oarece prezint\u0103 semne de fibroz\u0103 \u00een curs de formare, f\u0103r\u0103 o schimbare \u00een diet\u0103, dup\u0103 13 zile, ce se \u00eent\u00e2mpl\u0103 cu oamenii?&#8221;<\/em>, \u015fi-a pus \u00eentrebarea Jonscher.<\/p>\n<p>P.S. Eu sunt siderat cum NASA face asemenea studii abia acum, dup\u0103 ce aceea\u015fi agen\u0163ie trimitea oameni pe Lun\u0103 la sf\u00e2r\u015fitul anilor 60&#8230; \ud83d\ude42 Ha, ha, ha! &#8222;Sigur&#8221; au ajuns oamenii pe Lun\u0103. V\u0103d da\u0163i seama, noi, oamenii, suntem afecta\u0163i din punct de vedere fizic, \u015fi de-o ie\u015fire \u00een spa\u0163iul cosmic, foarte aproape de P\u0103m\u00e2nt, d-apoi s\u0103 ne aventur\u0103m mai departe, trec\u00e2nd \u015fi de celebra centur\u0103 de radia\u0163ii van Allen, cea care ar omor\u00ee orice fiin\u0163\u0103 vie. Acum v\u0103 pute\u0163i convinge \u015fi voi c\u0103 aceast\u0103 \u015ftire demonstreaz\u0103 \u00eenc\u0103 o dat\u0103 c\u0103 aseleniz\u0103rile din 1969-1972 au fost toate ni\u015fte minciuni gogonate \u015fi c\u0103 omul nu se poate aventura mai mult \u00een spa\u0163iul cosmic, dec\u00e2t \u00eenv\u00e2rtindu-se \u00eentr-o capsul\u0103 \u00een jurul P\u0103m\u00e2ntului. Restul abera\u0163iilor c\u0103 am putea ajunge pe Lun\u0103, pe Marte sau pe nu \u015ftiu ce planet\u0103 nu reprezint\u0103 dec\u00e2t ni\u015fte simple visuri \u015fi basme de adormit copiii.<\/p>\n","protected":false},"excerpt":{"rendered":"<p>\u015eoareci de laborator care au petrecut doar dou\u0103 s\u0103pt\u0103m\u00e2ni pe orbita P\u0103m\u00e2ntului, \u00een spa\u0163iul cosmic, au ar\u0103tat semne precoce de leziuni hepatice la revenirea pe P\u0103m\u00e2nt, pun\u00e2nd sub semnul \u00eentreb\u0103rii duratele lungi de zbor spa\u0163ial care s-ar putea face pentru &#8230; <\/p>\n<p class=\"read-more-container\"><a title=\"Un nou studiu arat\u0103 c\u0103 \u015foarecii de laborator au mari probleme cu ficatul dup\u0103 doar 2 s\u0103pt\u0103m\u00e2ni de zbor cosmic! \u015ei cic\u0103 noi am fost pe Lun\u0103 \u00een urm\u0103 cu jum\u0103tate de secol !:) \u015ei mai vrem s\u0103 ajungem \u015fi pe Marte&#8230; Visuri!\" class=\"read-more button\" href=\"https:\/\/www.lovendal.ro\/wp52\/un-nou-studiu-arata-ca-soarecii-de-laborator-au-mari-probleme-cu-ficatul-dupa-doar-2-saptamani-de-zbor-cosmic-si-cica-noi-am-fost-pe-luna-in-urma-cu-jumatate-de-secol-si-mai-vrem-sa-ajungem-si-pe\/#more-43941\" aria-label=\"Cite\u0219te mai multe despre Un nou studiu arat\u0103 c\u0103 \u015foarecii de laborator au mari probleme cu ficatul dup\u0103 doar 2 s\u0103pt\u0103m\u00e2ni de zbor cosmic! \u015ei cic\u0103 noi am fost pe Lun\u0103 \u00een urm\u0103 cu jum\u0103tate de secol !:) \u015ei mai vrem s\u0103 ajungem \u015fi pe Marte&#8230; Visuri!\">Cititi mai multe<\/a><\/p>\n","protected":false},"author":1,"featured_media":43942,"comment_status":"open","ping_status":"open","sticky":false,"template":"","format":"standard","meta":{"footnotes":""},"categories":[2833,106],"tags":[238,2075,966,3058,102,170,4114,3009,2048,4724,149,156,150,105,732,2478,351,5133,9803,2250],"class_list":["post-43941","post","type-post","status-publish","format-standard","has-post-thumbnail","hentry","category-noutati","category-stiinta","tag-alcool","tag-aselenizare","tag-asteroid","tag-astronaut","tag-astronomie","tag-boala","tag-centura-van-allen","tag-ficat","tag-fizician","tag-laborator","tag-luna","tag-marte","tag-nasa","tag-pamant","tag-planeta","tag-profesor","tag-soareci","tag-statia-spatiala-internationala","tag-stiinta","tag-universitate","resize-featured-image"],"yoast_head":"<!-- This site is optimized with the Yoast SEO Premium plugin v23.3 (Yoast SEO v27.4) - https:\/\/yoast.com\/product\/yoast-seo-premium-wordpress\/ -->\n<title>Un nou studiu arat\u0103 c\u0103 \u015foarecii de laborator au mari probleme cu ficatul dup\u0103 doar 2 s\u0103pt\u0103m\u00e2ni de zbor cosmic! \u015ei cic\u0103 noi am fost pe Lun\u0103 \u00een urm\u0103 cu jum\u0103tate de secol !:) \u015ei mai vrem s\u0103 ajungem \u015fi pe Marte... Visuri! - Secretele lui Lovendal<\/title>\n<meta name=\"robots\" content=\"index, follow, max-snippet:-1, max-image-preview:large, max-video-preview:-1\" \/>\n<link rel=\"canonical\" href=\"https:\/\/www.lovendal.ro\/wp52\/un-nou-studiu-arata-ca-soarecii-de-laborator-au-mari-probleme-cu-ficatul-dupa-doar-2-saptamani-de-zbor-cosmic-si-cica-noi-am-fost-pe-luna-in-urma-cu-jumatate-de-secol-si-mai-vrem-sa-ajungem-si-pe\/\" \/>\n<meta property=\"og:locale\" content=\"ro_RO\" \/>\n<meta property=\"og:type\" content=\"article\" \/>\n<meta property=\"og:title\" content=\"Un nou studiu arat\u0103 c\u0103 \u015foarecii de laborator au mari probleme cu ficatul dup\u0103 doar 2 s\u0103pt\u0103m\u00e2ni de zbor cosmic! \u015ei cic\u0103 noi am fost pe Lun\u0103 \u00een urm\u0103 cu jum\u0103tate de secol !:) \u015ei mai vrem s\u0103 ajungem \u015fi pe Marte... Visuri!\" \/>\n<meta property=\"og:description\" content=\"\u015eoareci de laborator care au petrecut doar dou\u0103 s\u0103pt\u0103m\u00e2ni pe orbita P\u0103m\u00e2ntului, \u00een spa\u0163iul cosmic, au ar\u0103tat semne precoce de leziuni hepatice la revenirea pe P\u0103m\u00e2nt, pun\u00e2nd sub semnul \u00eentreb\u0103rii duratele lungi de zbor spa\u0163ial care s-ar putea face pentru ... Cititi mai multe\" \/>\n<meta property=\"og:url\" content=\"https:\/\/www.lovendal.ro\/wp52\/un-nou-studiu-arata-ca-soarecii-de-laborator-au-mari-probleme-cu-ficatul-dupa-doar-2-saptamani-de-zbor-cosmic-si-cica-noi-am-fost-pe-luna-in-urma-cu-jumatate-de-secol-si-mai-vrem-sa-ajungem-si-pe\/\" \/>\n<meta property=\"og:site_name\" content=\"Secretele lui Lovendal\" \/>\n<meta property=\"article:publisher\" content=\"https:\/\/www.facebook.com\/secreteleluilovendal\" \/>\n<meta property=\"article:published_time\" content=\"2016-04-24T13:38:47+00:00\" \/>\n<meta property=\"article:modified_time\" content=\"2016-04-24T13:38:56+00:00\" \/>\n<meta property=\"og:image\" content=\"https:\/\/www.lovendal.ro\/wp52\/wp-content\/uploads\/2016\/04\/Pamant-spatiul-cosmic.jpg\" \/>\n\t<meta property=\"og:image:width\" content=\"332\" \/>\n\t<meta property=\"og:image:height\" content=\"212\" \/>\n\t<meta property=\"og:image:type\" content=\"image\/jpeg\" \/>\n<meta name=\"author\" content=\"admin\" \/>\n<meta name=\"twitter:card\" content=\"summary_large_image\" \/>\n<meta name=\"twitter:label1\" content=\"Scris de\" \/>\n\t<meta name=\"twitter:data1\" content=\"admin\" \/>\n\t<meta name=\"twitter:label2\" content=\"Timp estimat pentru citire\" \/>\n\t<meta name=\"twitter:data2\" content=\"3 minute\" \/>\n<script type=\"application\/ld+json\" class=\"yoast-schema-graph\">{\"@context\":\"https:\\\/\\\/schema.org\",\"@graph\":[{\"@type\":\"Article\",\"@id\":\"https:\\\/\\\/www.lovendal.ro\\\/wp52\\\/un-nou-studiu-arata-ca-soarecii-de-laborator-au-mari-probleme-cu-ficatul-dupa-doar-2-saptamani-de-zbor-cosmic-si-cica-noi-am-fost-pe-luna-in-urma-cu-jumatate-de-secol-si-mai-vrem-sa-ajungem-si-pe\\\/#article\",\"isPartOf\":{\"@id\":\"https:\\\/\\\/www.lovendal.ro\\\/wp52\\\/un-nou-studiu-arata-ca-soarecii-de-laborator-au-mari-probleme-cu-ficatul-dupa-doar-2-saptamani-de-zbor-cosmic-si-cica-noi-am-fost-pe-luna-in-urma-cu-jumatate-de-secol-si-mai-vrem-sa-ajungem-si-pe\\\/\"},\"author\":{\"name\":\"admin\",\"@id\":\"https:\\\/\\\/www.lovendal.ro\\\/wp52\\\/#\\\/schema\\\/person\\\/088691de5dfc346bb0c023e1e52ef5d9\"},\"headline\":\"Un nou studiu arat\u0103 c\u0103 \u015foarecii de laborator au mari probleme cu ficatul dup\u0103 doar 2 s\u0103pt\u0103m\u00e2ni de zbor cosmic! \u015ei cic\u0103 noi am fost pe Lun\u0103 \u00een urm\u0103 cu jum\u0103tate de secol !:) \u015ei mai vrem s\u0103 ajungem \u015fi pe Marte&#8230; Visuri!\",\"datePublished\":\"2016-04-24T13:38:47+00:00\",\"dateModified\":\"2016-04-24T13:38:56+00:00\",\"mainEntityOfPage\":{\"@id\":\"https:\\\/\\\/www.lovendal.ro\\\/wp52\\\/un-nou-studiu-arata-ca-soarecii-de-laborator-au-mari-probleme-cu-ficatul-dupa-doar-2-saptamani-de-zbor-cosmic-si-cica-noi-am-fost-pe-luna-in-urma-cu-jumatate-de-secol-si-mai-vrem-sa-ajungem-si-pe\\\/\"},\"wordCount\":586,\"commentCount\":10,\"publisher\":{\"@id\":\"https:\\\/\\\/www.lovendal.ro\\\/wp52\\\/#organization\"},\"image\":{\"@id\":\"https:\\\/\\\/www.lovendal.ro\\\/wp52\\\/un-nou-studiu-arata-ca-soarecii-de-laborator-au-mari-probleme-cu-ficatul-dupa-doar-2-saptamani-de-zbor-cosmic-si-cica-noi-am-fost-pe-luna-in-urma-cu-jumatate-de-secol-si-mai-vrem-sa-ajungem-si-pe\\\/#primaryimage\"},\"thumbnailUrl\":\"https:\\\/\\\/www.lovendal.ro\\\/wp52\\\/wp-content\\\/uploads\\\/2016\\\/04\\\/Pamant-spatiul-cosmic.jpg\",\"keywords\":[\"alcool\",\"aselenizare\",\"asteroid\",\"astronaut\",\"astronomie\",\"boal\u0103\",\"centura van Allen\",\"ficat\",\"fizician\",\"laborator\",\"Lun\u0103\",\"Marte\",\"NASA\",\"P\u0103m\u00e2nt\",\"planet\u0103\",\"profesor\",\"\u015foareci\",\"Sta\u0163ia Spa\u0163ial\u0103 Interna\u0163ional\u0103\",\"Stiinta\",\"universitate\"],\"articleSection\":[\"Noutati\",\"Stiinta\"],\"inLanguage\":\"ro-RO\",\"potentialAction\":[{\"@type\":\"CommentAction\",\"name\":\"Comment\",\"target\":[\"https:\\\/\\\/www.lovendal.ro\\\/wp52\\\/un-nou-studiu-arata-ca-soarecii-de-laborator-au-mari-probleme-cu-ficatul-dupa-doar-2-saptamani-de-zbor-cosmic-si-cica-noi-am-fost-pe-luna-in-urma-cu-jumatate-de-secol-si-mai-vrem-sa-ajungem-si-pe\\\/#respond\"]}]},{\"@type\":\"WebPage\",\"@id\":\"https:\\\/\\\/www.lovendal.ro\\\/wp52\\\/un-nou-studiu-arata-ca-soarecii-de-laborator-au-mari-probleme-cu-ficatul-dupa-doar-2-saptamani-de-zbor-cosmic-si-cica-noi-am-fost-pe-luna-in-urma-cu-jumatate-de-secol-si-mai-vrem-sa-ajungem-si-pe\\\/\",\"url\":\"https:\\\/\\\/www.lovendal.ro\\\/wp52\\\/un-nou-studiu-arata-ca-soarecii-de-laborator-au-mari-probleme-cu-ficatul-dupa-doar-2-saptamani-de-zbor-cosmic-si-cica-noi-am-fost-pe-luna-in-urma-cu-jumatate-de-secol-si-mai-vrem-sa-ajungem-si-pe\\\/\",\"name\":\"Un nou studiu arat\u0103 c\u0103 \u015foarecii de laborator au mari probleme cu ficatul dup\u0103 doar 2 s\u0103pt\u0103m\u00e2ni de zbor cosmic! \u015ei cic\u0103 noi am fost pe Lun\u0103 \u00een urm\u0103 cu jum\u0103tate de secol !:) \u015ei mai vrem s\u0103 ajungem \u015fi pe Marte... Visuri! - Secretele lui Lovendal\",\"isPartOf\":{\"@id\":\"https:\\\/\\\/www.lovendal.ro\\\/wp52\\\/#website\"},\"primaryImageOfPage\":{\"@id\":\"https:\\\/\\\/www.lovendal.ro\\\/wp52\\\/un-nou-studiu-arata-ca-soarecii-de-laborator-au-mari-probleme-cu-ficatul-dupa-doar-2-saptamani-de-zbor-cosmic-si-cica-noi-am-fost-pe-luna-in-urma-cu-jumatate-de-secol-si-mai-vrem-sa-ajungem-si-pe\\\/#primaryimage\"},\"image\":{\"@id\":\"https:\\\/\\\/www.lovendal.ro\\\/wp52\\\/un-nou-studiu-arata-ca-soarecii-de-laborator-au-mari-probleme-cu-ficatul-dupa-doar-2-saptamani-de-zbor-cosmic-si-cica-noi-am-fost-pe-luna-in-urma-cu-jumatate-de-secol-si-mai-vrem-sa-ajungem-si-pe\\\/#primaryimage\"},\"thumbnailUrl\":\"https:\\\/\\\/www.lovendal.ro\\\/wp52\\\/wp-content\\\/uploads\\\/2016\\\/04\\\/Pamant-spatiul-cosmic.jpg\",\"datePublished\":\"2016-04-24T13:38:47+00:00\",\"dateModified\":\"2016-04-24T13:38:56+00:00\",\"breadcrumb\":{\"@id\":\"https:\\\/\\\/www.lovendal.ro\\\/wp52\\\/un-nou-studiu-arata-ca-soarecii-de-laborator-au-mari-probleme-cu-ficatul-dupa-doar-2-saptamani-de-zbor-cosmic-si-cica-noi-am-fost-pe-luna-in-urma-cu-jumatate-de-secol-si-mai-vrem-sa-ajungem-si-pe\\\/#breadcrumb\"},\"inLanguage\":\"ro-RO\",\"potentialAction\":[{\"@type\":\"ReadAction\",\"target\":[\"https:\\\/\\\/www.lovendal.ro\\\/wp52\\\/un-nou-studiu-arata-ca-soarecii-de-laborator-au-mari-probleme-cu-ficatul-dupa-doar-2-saptamani-de-zbor-cosmic-si-cica-noi-am-fost-pe-luna-in-urma-cu-jumatate-de-secol-si-mai-vrem-sa-ajungem-si-pe\\\/\"]}]},{\"@type\":\"ImageObject\",\"inLanguage\":\"ro-RO\",\"@id\":\"https:\\\/\\\/www.lovendal.ro\\\/wp52\\\/un-nou-studiu-arata-ca-soarecii-de-laborator-au-mari-probleme-cu-ficatul-dupa-doar-2-saptamani-de-zbor-cosmic-si-cica-noi-am-fost-pe-luna-in-urma-cu-jumatate-de-secol-si-mai-vrem-sa-ajungem-si-pe\\\/#primaryimage\",\"url\":\"https:\\\/\\\/www.lovendal.ro\\\/wp52\\\/wp-content\\\/uploads\\\/2016\\\/04\\\/Pamant-spatiul-cosmic.jpg\",\"contentUrl\":\"https:\\\/\\\/www.lovendal.ro\\\/wp52\\\/wp-content\\\/uploads\\\/2016\\\/04\\\/Pamant-spatiul-cosmic.jpg\",\"width\":332,\"height\":212},{\"@type\":\"BreadcrumbList\",\"@id\":\"https:\\\/\\\/www.lovendal.ro\\\/wp52\\\/un-nou-studiu-arata-ca-soarecii-de-laborator-au-mari-probleme-cu-ficatul-dupa-doar-2-saptamani-de-zbor-cosmic-si-cica-noi-am-fost-pe-luna-in-urma-cu-jumatate-de-secol-si-mai-vrem-sa-ajungem-si-pe\\\/#breadcrumb\",\"itemListElement\":[{\"@type\":\"ListItem\",\"position\":1,\"name\":\"Home\",\"item\":\"https:\\\/\\\/www.lovendal.ro\\\/wp52\\\/\"},{\"@type\":\"ListItem\",\"position\":2,\"name\":\"Un nou studiu arat\u0103 c\u0103 \u015foarecii de laborator au mari probleme cu ficatul dup\u0103 doar 2 s\u0103pt\u0103m\u00e2ni de zbor cosmic! \u015ei cic\u0103 noi am fost pe Lun\u0103 \u00een urm\u0103 cu jum\u0103tate de secol !:) \u015ei mai vrem s\u0103 ajungem \u015fi pe Marte&#8230; Visuri!\"}]},{\"@type\":\"WebSite\",\"@id\":\"https:\\\/\\\/www.lovendal.ro\\\/wp52\\\/#website\",\"url\":\"https:\\\/\\\/www.lovendal.ro\\\/wp52\\\/\",\"name\":\"Secretele lui Lovendal\",\"description\":\"Site de secrete, stiinta si metafizica - din 2008 -\",\"publisher\":{\"@id\":\"https:\\\/\\\/www.lovendal.ro\\\/wp52\\\/#organization\"},\"potentialAction\":[{\"@type\":\"SearchAction\",\"target\":{\"@type\":\"EntryPoint\",\"urlTemplate\":\"https:\\\/\\\/www.lovendal.ro\\\/wp52\\\/?s={search_term_string}\"},\"query-input\":{\"@type\":\"PropertyValueSpecification\",\"valueRequired\":true,\"valueName\":\"search_term_string\"}}],\"inLanguage\":\"ro-RO\"},{\"@type\":\"Organization\",\"@id\":\"https:\\\/\\\/www.lovendal.ro\\\/wp52\\\/#organization\",\"name\":\"Secretele lui Lovendal\",\"url\":\"https:\\\/\\\/www.lovendal.ro\\\/wp52\\\/\",\"logo\":{\"@type\":\"ImageObject\",\"inLanguage\":\"ro-RO\",\"@id\":\"https:\\\/\\\/www.lovendal.ro\\\/wp52\\\/#\\\/schema\\\/logo\\\/image\\\/\",\"url\":\"https:\\\/\\\/www.lovendal.ro\\\/wp52\\\/wp-content\\\/uploads\\\/2024\\\/06\\\/cropped-SLL-iun-2024-1.jpg\",\"contentUrl\":\"https:\\\/\\\/www.lovendal.ro\\\/wp52\\\/wp-content\\\/uploads\\\/2024\\\/06\\\/cropped-SLL-iun-2024-1.jpg\",\"width\":771,\"height\":240,\"caption\":\"Secretele lui Lovendal\"},\"image\":{\"@id\":\"https:\\\/\\\/www.lovendal.ro\\\/wp52\\\/#\\\/schema\\\/logo\\\/image\\\/\"},\"sameAs\":[\"https:\\\/\\\/www.facebook.com\\\/secreteleluilovendal\"]},{\"@type\":\"Person\",\"@id\":\"https:\\\/\\\/www.lovendal.ro\\\/wp52\\\/#\\\/schema\\\/person\\\/088691de5dfc346bb0c023e1e52ef5d9\",\"name\":\"admin\",\"image\":{\"@type\":\"ImageObject\",\"inLanguage\":\"ro-RO\",\"@id\":\"https:\\\/\\\/secure.gravatar.com\\\/avatar\\\/ecb9cd41f5f63c9c9b989999a59f6e2639a865ec361e9db054db0679a8f341c2?s=96&d=mm&r=g\",\"url\":\"https:\\\/\\\/secure.gravatar.com\\\/avatar\\\/ecb9cd41f5f63c9c9b989999a59f6e2639a865ec361e9db054db0679a8f341c2?s=96&d=mm&r=g\",\"contentUrl\":\"https:\\\/\\\/secure.gravatar.com\\\/avatar\\\/ecb9cd41f5f63c9c9b989999a59f6e2639a865ec361e9db054db0679a8f341c2?s=96&d=mm&r=g\",\"caption\":\"admin\"},\"sameAs\":[\"https:\\\/\\\/www.lovendal.ro\\\/wp52\"]}]}<\/script>\n<!-- \/ Yoast SEO Premium plugin. -->","yoast_head_json":{"title":"Un nou studiu arat\u0103 c\u0103 \u015foarecii de laborator au mari probleme cu ficatul dup\u0103 doar 2 s\u0103pt\u0103m\u00e2ni de zbor cosmic! \u015ei cic\u0103 noi am fost pe Lun\u0103 \u00een urm\u0103 cu jum\u0103tate de secol !:) \u015ei mai vrem s\u0103 ajungem \u015fi pe Marte... Visuri! - Secretele lui Lovendal","robots":{"index":"index","follow":"follow","max-snippet":"max-snippet:-1","max-image-preview":"max-image-preview:large","max-video-preview":"max-video-preview:-1"},"canonical":"https:\/\/www.lovendal.ro\/wp52\/un-nou-studiu-arata-ca-soarecii-de-laborator-au-mari-probleme-cu-ficatul-dupa-doar-2-saptamani-de-zbor-cosmic-si-cica-noi-am-fost-pe-luna-in-urma-cu-jumatate-de-secol-si-mai-vrem-sa-ajungem-si-pe\/","og_locale":"ro_RO","og_type":"article","og_title":"Un nou studiu arat\u0103 c\u0103 \u015foarecii de laborator au mari probleme cu ficatul dup\u0103 doar 2 s\u0103pt\u0103m\u00e2ni de zbor cosmic! \u015ei cic\u0103 noi am fost pe Lun\u0103 \u00een urm\u0103 cu jum\u0103tate de secol !:) \u015ei mai vrem s\u0103 ajungem \u015fi pe Marte... Visuri!","og_description":"\u015eoareci de laborator care au petrecut doar dou\u0103 s\u0103pt\u0103m\u00e2ni pe orbita P\u0103m\u00e2ntului, \u00een spa\u0163iul cosmic, au ar\u0103tat semne precoce de leziuni hepatice la revenirea pe P\u0103m\u00e2nt, pun\u00e2nd sub semnul \u00eentreb\u0103rii duratele lungi de zbor spa\u0163ial care s-ar putea face pentru ... Cititi mai multe","og_url":"https:\/\/www.lovendal.ro\/wp52\/un-nou-studiu-arata-ca-soarecii-de-laborator-au-mari-probleme-cu-ficatul-dupa-doar-2-saptamani-de-zbor-cosmic-si-cica-noi-am-fost-pe-luna-in-urma-cu-jumatate-de-secol-si-mai-vrem-sa-ajungem-si-pe\/","og_site_name":"Secretele lui Lovendal","article_publisher":"https:\/\/www.facebook.com\/secreteleluilovendal","article_published_time":"2016-04-24T13:38:47+00:00","article_modified_time":"2016-04-24T13:38:56+00:00","og_image":[{"width":332,"height":212,"url":"https:\/\/www.lovendal.ro\/wp52\/wp-content\/uploads\/2016\/04\/Pamant-spatiul-cosmic.jpg","type":"image\/jpeg"}],"author":"admin","twitter_card":"summary_large_image","twitter_misc":{"Scris de":"admin","Timp estimat pentru citire":"3 minute"},"schema":{"@context":"https:\/\/schema.org","@graph":[{"@type":"Article","@id":"https:\/\/www.lovendal.ro\/wp52\/un-nou-studiu-arata-ca-soarecii-de-laborator-au-mari-probleme-cu-ficatul-dupa-doar-2-saptamani-de-zbor-cosmic-si-cica-noi-am-fost-pe-luna-in-urma-cu-jumatate-de-secol-si-mai-vrem-sa-ajungem-si-pe\/#article","isPartOf":{"@id":"https:\/\/www.lovendal.ro\/wp52\/un-nou-studiu-arata-ca-soarecii-de-laborator-au-mari-probleme-cu-ficatul-dupa-doar-2-saptamani-de-zbor-cosmic-si-cica-noi-am-fost-pe-luna-in-urma-cu-jumatate-de-secol-si-mai-vrem-sa-ajungem-si-pe\/"},"author":{"name":"admin","@id":"https:\/\/www.lovendal.ro\/wp52\/#\/schema\/person\/088691de5dfc346bb0c023e1e52ef5d9"},"headline":"Un nou studiu arat\u0103 c\u0103 \u015foarecii de laborator au mari probleme cu ficatul dup\u0103 doar 2 s\u0103pt\u0103m\u00e2ni de zbor cosmic! \u015ei cic\u0103 noi am fost pe Lun\u0103 \u00een urm\u0103 cu jum\u0103tate de secol !:) \u015ei mai vrem s\u0103 ajungem \u015fi pe Marte&#8230; Visuri!","datePublished":"2016-04-24T13:38:47+00:00","dateModified":"2016-04-24T13:38:56+00:00","mainEntityOfPage":{"@id":"https:\/\/www.lovendal.ro\/wp52\/un-nou-studiu-arata-ca-soarecii-de-laborator-au-mari-probleme-cu-ficatul-dupa-doar-2-saptamani-de-zbor-cosmic-si-cica-noi-am-fost-pe-luna-in-urma-cu-jumatate-de-secol-si-mai-vrem-sa-ajungem-si-pe\/"},"wordCount":586,"commentCount":10,"publisher":{"@id":"https:\/\/www.lovendal.ro\/wp52\/#organization"},"image":{"@id":"https:\/\/www.lovendal.ro\/wp52\/un-nou-studiu-arata-ca-soarecii-de-laborator-au-mari-probleme-cu-ficatul-dupa-doar-2-saptamani-de-zbor-cosmic-si-cica-noi-am-fost-pe-luna-in-urma-cu-jumatate-de-secol-si-mai-vrem-sa-ajungem-si-pe\/#primaryimage"},"thumbnailUrl":"https:\/\/www.lovendal.ro\/wp52\/wp-content\/uploads\/2016\/04\/Pamant-spatiul-cosmic.jpg","keywords":["alcool","aselenizare","asteroid","astronaut","astronomie","boal\u0103","centura van Allen","ficat","fizician","laborator","Lun\u0103","Marte","NASA","P\u0103m\u00e2nt","planet\u0103","profesor","\u015foareci","Sta\u0163ia Spa\u0163ial\u0103 Interna\u0163ional\u0103","Stiinta","universitate"],"articleSection":["Noutati","Stiinta"],"inLanguage":"ro-RO","potentialAction":[{"@type":"CommentAction","name":"Comment","target":["https:\/\/www.lovendal.ro\/wp52\/un-nou-studiu-arata-ca-soarecii-de-laborator-au-mari-probleme-cu-ficatul-dupa-doar-2-saptamani-de-zbor-cosmic-si-cica-noi-am-fost-pe-luna-in-urma-cu-jumatate-de-secol-si-mai-vrem-sa-ajungem-si-pe\/#respond"]}]},{"@type":"WebPage","@id":"https:\/\/www.lovendal.ro\/wp52\/un-nou-studiu-arata-ca-soarecii-de-laborator-au-mari-probleme-cu-ficatul-dupa-doar-2-saptamani-de-zbor-cosmic-si-cica-noi-am-fost-pe-luna-in-urma-cu-jumatate-de-secol-si-mai-vrem-sa-ajungem-si-pe\/","url":"https:\/\/www.lovendal.ro\/wp52\/un-nou-studiu-arata-ca-soarecii-de-laborator-au-mari-probleme-cu-ficatul-dupa-doar-2-saptamani-de-zbor-cosmic-si-cica-noi-am-fost-pe-luna-in-urma-cu-jumatate-de-secol-si-mai-vrem-sa-ajungem-si-pe\/","name":"Un nou studiu arat\u0103 c\u0103 \u015foarecii de laborator au mari probleme cu ficatul dup\u0103 doar 2 s\u0103pt\u0103m\u00e2ni de zbor cosmic! \u015ei cic\u0103 noi am fost pe Lun\u0103 \u00een urm\u0103 cu jum\u0103tate de secol !:) \u015ei mai vrem s\u0103 ajungem \u015fi pe Marte... Visuri! - Secretele lui Lovendal","isPartOf":{"@id":"https:\/\/www.lovendal.ro\/wp52\/#website"},"primaryImageOfPage":{"@id":"https:\/\/www.lovendal.ro\/wp52\/un-nou-studiu-arata-ca-soarecii-de-laborator-au-mari-probleme-cu-ficatul-dupa-doar-2-saptamani-de-zbor-cosmic-si-cica-noi-am-fost-pe-luna-in-urma-cu-jumatate-de-secol-si-mai-vrem-sa-ajungem-si-pe\/#primaryimage"},"image":{"@id":"https:\/\/www.lovendal.ro\/wp52\/un-nou-studiu-arata-ca-soarecii-de-laborator-au-mari-probleme-cu-ficatul-dupa-doar-2-saptamani-de-zbor-cosmic-si-cica-noi-am-fost-pe-luna-in-urma-cu-jumatate-de-secol-si-mai-vrem-sa-ajungem-si-pe\/#primaryimage"},"thumbnailUrl":"https:\/\/www.lovendal.ro\/wp52\/wp-content\/uploads\/2016\/04\/Pamant-spatiul-cosmic.jpg","datePublished":"2016-04-24T13:38:47+00:00","dateModified":"2016-04-24T13:38:56+00:00","breadcrumb":{"@id":"https:\/\/www.lovendal.ro\/wp52\/un-nou-studiu-arata-ca-soarecii-de-laborator-au-mari-probleme-cu-ficatul-dupa-doar-2-saptamani-de-zbor-cosmic-si-cica-noi-am-fost-pe-luna-in-urma-cu-jumatate-de-secol-si-mai-vrem-sa-ajungem-si-pe\/#breadcrumb"},"inLanguage":"ro-RO","potentialAction":[{"@type":"ReadAction","target":["https:\/\/www.lovendal.ro\/wp52\/un-nou-studiu-arata-ca-soarecii-de-laborator-au-mari-probleme-cu-ficatul-dupa-doar-2-saptamani-de-zbor-cosmic-si-cica-noi-am-fost-pe-luna-in-urma-cu-jumatate-de-secol-si-mai-vrem-sa-ajungem-si-pe\/"]}]},{"@type":"ImageObject","inLanguage":"ro-RO","@id":"https:\/\/www.lovendal.ro\/wp52\/un-nou-studiu-arata-ca-soarecii-de-laborator-au-mari-probleme-cu-ficatul-dupa-doar-2-saptamani-de-zbor-cosmic-si-cica-noi-am-fost-pe-luna-in-urma-cu-jumatate-de-secol-si-mai-vrem-sa-ajungem-si-pe\/#primaryimage","url":"https:\/\/www.lovendal.ro\/wp52\/wp-content\/uploads\/2016\/04\/Pamant-spatiul-cosmic.jpg","contentUrl":"https:\/\/www.lovendal.ro\/wp52\/wp-content\/uploads\/2016\/04\/Pamant-spatiul-cosmic.jpg","width":332,"height":212},{"@type":"BreadcrumbList","@id":"https:\/\/www.lovendal.ro\/wp52\/un-nou-studiu-arata-ca-soarecii-de-laborator-au-mari-probleme-cu-ficatul-dupa-doar-2-saptamani-de-zbor-cosmic-si-cica-noi-am-fost-pe-luna-in-urma-cu-jumatate-de-secol-si-mai-vrem-sa-ajungem-si-pe\/#breadcrumb","itemListElement":[{"@type":"ListItem","position":1,"name":"Home","item":"https:\/\/www.lovendal.ro\/wp52\/"},{"@type":"ListItem","position":2,"name":"Un nou studiu arat\u0103 c\u0103 \u015foarecii de laborator au mari probleme cu ficatul dup\u0103 doar 2 s\u0103pt\u0103m\u00e2ni de zbor cosmic! \u015ei cic\u0103 noi am fost pe Lun\u0103 \u00een urm\u0103 cu jum\u0103tate de secol !:) \u015ei mai vrem s\u0103 ajungem \u015fi pe Marte&#8230; Visuri!"}]},{"@type":"WebSite","@id":"https:\/\/www.lovendal.ro\/wp52\/#website","url":"https:\/\/www.lovendal.ro\/wp52\/","name":"Secretele lui Lovendal","description":"Site de secrete, stiinta si metafizica - din 2008 -","publisher":{"@id":"https:\/\/www.lovendal.ro\/wp52\/#organization"},"potentialAction":[{"@type":"SearchAction","target":{"@type":"EntryPoint","urlTemplate":"https:\/\/www.lovendal.ro\/wp52\/?s={search_term_string}"},"query-input":{"@type":"PropertyValueSpecification","valueRequired":true,"valueName":"search_term_string"}}],"inLanguage":"ro-RO"},{"@type":"Organization","@id":"https:\/\/www.lovendal.ro\/wp52\/#organization","name":"Secretele lui Lovendal","url":"https:\/\/www.lovendal.ro\/wp52\/","logo":{"@type":"ImageObject","inLanguage":"ro-RO","@id":"https:\/\/www.lovendal.ro\/wp52\/#\/schema\/logo\/image\/","url":"https:\/\/www.lovendal.ro\/wp52\/wp-content\/uploads\/2024\/06\/cropped-SLL-iun-2024-1.jpg","contentUrl":"https:\/\/www.lovendal.ro\/wp52\/wp-content\/uploads\/2024\/06\/cropped-SLL-iun-2024-1.jpg","width":771,"height":240,"caption":"Secretele lui Lovendal"},"image":{"@id":"https:\/\/www.lovendal.ro\/wp52\/#\/schema\/logo\/image\/"},"sameAs":["https:\/\/www.facebook.com\/secreteleluilovendal"]},{"@type":"Person","@id":"https:\/\/www.lovendal.ro\/wp52\/#\/schema\/person\/088691de5dfc346bb0c023e1e52ef5d9","name":"admin","image":{"@type":"ImageObject","inLanguage":"ro-RO","@id":"https:\/\/secure.gravatar.com\/avatar\/ecb9cd41f5f63c9c9b989999a59f6e2639a865ec361e9db054db0679a8f341c2?s=96&d=mm&r=g","url":"https:\/\/secure.gravatar.com\/avatar\/ecb9cd41f5f63c9c9b989999a59f6e2639a865ec361e9db054db0679a8f341c2?s=96&d=mm&r=g","contentUrl":"https:\/\/secure.gravatar.com\/avatar\/ecb9cd41f5f63c9c9b989999a59f6e2639a865ec361e9db054db0679a8f341c2?s=96&d=mm&r=g","caption":"admin"},"sameAs":["https:\/\/www.lovendal.ro\/wp52"]}]}},"_links":{"self":[{"href":"https:\/\/www.lovendal.ro\/wp52\/wp-json\/wp\/v2\/posts\/43941","targetHints":{"allow":["GET"]}}],"collection":[{"href":"https:\/\/www.lovendal.ro\/wp52\/wp-json\/wp\/v2\/posts"}],"about":[{"href":"https:\/\/www.lovendal.ro\/wp52\/wp-json\/wp\/v2\/types\/post"}],"author":[{"embeddable":true,"href":"https:\/\/www.lovendal.ro\/wp52\/wp-json\/wp\/v2\/users\/1"}],"replies":[{"embeddable":true,"href":"https:\/\/www.lovendal.ro\/wp52\/wp-json\/wp\/v2\/comments?post=43941"}],"version-history":[{"count":0,"href":"https:\/\/www.lovendal.ro\/wp52\/wp-json\/wp\/v2\/posts\/43941\/revisions"}],"wp:featuredmedia":[{"embeddable":true,"href":"https:\/\/www.lovendal.ro\/wp52\/wp-json\/wp\/v2\/media\/43942"}],"wp:attachment":[{"href":"https:\/\/www.lovendal.ro\/wp52\/wp-json\/wp\/v2\/media?parent=43941"}],"wp:term":[{"taxonomy":"category","embeddable":true,"href":"https:\/\/www.lovendal.ro\/wp52\/wp-json\/wp\/v2\/categories?post=43941"},{"taxonomy":"post_tag","embeddable":true,"href":"https:\/\/www.lovendal.ro\/wp52\/wp-json\/wp\/v2\/tags?post=43941"}],"curies":[{"name":"wp","href":"https:\/\/api.w.org\/{rel}","templated":true}]}}