{"id":43562,"date":"2016-03-29T22:02:09","date_gmt":"2016-03-29T20:02:09","guid":{"rendered":"http:\/\/www.lovendal.ro\/wp52\/?p=43562"},"modified":"2016-03-29T22:02:12","modified_gmt":"2016-03-29T20:02:12","slug":"norul-ucigas-din-troyes-intr-o-zona-din-franta-oamenii-sunt-omorati-din-cauza-unui-nor-bizar-care-se-tabaraste-pe-ei","status":"publish","type":"post","link":"https:\/\/www.lovendal.ro\/wp52\/norul-ucigas-din-troyes-intr-o-zona-din-franta-oamenii-sunt-omorati-din-cauza-unui-nor-bizar-care-se-tabaraste-pe-ei\/","title":{"rendered":"Norul uciga\u015f din Troyes: \u00eentr-o zon\u0103 din Fran\u0163a oamenii sunt omor\u00e2\u0163i din cauza unui nor bizar care se t\u0103b\u0103r\u0103\u015fte pe ei!"},"content":{"rendered":"<p><a href=\"https:\/\/www.lovendal.ro\/wp52\/norul-ucigas-din-troyes-intr-o-zona-din-franta-oamenii-sunt-omorati-din-cauza-unui-nor-bizar-care-se-tabaraste-pe-ei\/norul-troyes\/\" rel=\"attachment wp-att-43563\"><img loading=\"lazy\" decoding=\"async\" class=\"alignleft size-full wp-image-43563\" src=\"https:\/\/www.lovendal.ro\/wp52\/wp-content\/uploads\/2016\/03\/norul-Troyes.jpg\" alt=\"norul Troyes\" width=\"332\" height=\"222\" srcset=\"https:\/\/www.lovendal.ro\/wp52\/wp-content\/uploads\/2016\/03\/norul-Troyes.jpg 332w, https:\/\/www.lovendal.ro\/wp52\/wp-content\/uploads\/2016\/03\/norul-Troyes-300x200.jpg 300w\" sizes=\"auto, (max-width: 332px) 100vw, 332px\" \/><\/a>\u00cen seara unei calde zile de var\u0103 din anul 1936, un confec\u0163ioner de unelte numit Simenon merge cu motocicleta sa pe strada care duce de la Orleans la Troyes. T\u00e2n\u0103rul fran\u0163uz este la mai pu\u0163in de doi kilometri de Troyes \u015fi, evident, \u00eentr-o dispozi\u0163ie normal\u0103, dup\u0103 cum avea s\u0103 declare mai t\u00e2rziu \u015foferul auto care mergea \u00een spatele lui Simenon. Din motive necunoscute, motociclistul se r\u0103stoarn\u0103 ca atins de fulger, direct \u00een fa\u0163a ma\u015finii care venea din spate. Chiar \u00een ultimul moment, \u015foferul auto \u00eenc\u0103 poate s\u0103-l ocoleasc\u0103 pe cel c\u0103zut. Vehiculul se opre\u015fte cu scr\u00e2\u015fnet de fr\u00e2ne. Omul de la volan sare din ma\u015fin\u0103, alearg\u0103 la cel care zace nemi\u015fcat l\u00e2ng\u0103 motociclet\u0103 \u015fi care pare a nu avea r\u0103ni. Nu se constat\u0103 nici r\u0103ni, nici hematoame. \u015eoferul auto \u00eel duce \u00een ma\u015fin\u0103 pe cel care, dup\u0103 cum crede el, este incon\u015ftient. Pleac\u0103 \u00een mare vitez\u0103 \u015fi se opre\u015fte la cea mai apropiat\u0103 curte \u0163\u0103r\u0103neasc\u0103. Prea t\u00e2rziu. T\u00e2n\u0103rul murise. Un medic chemat de \u0163\u0103ran constat\u0103 moarte prin \u015foc. La examinarea cadavrului nu se poate stabili nicio alt\u0103 cauz\u0103 a mor\u0163ii, nici droguri, nici boal\u0103 \u015fi nici vreo violen\u0163\u0103.<\/p>\n<p>O s\u0103pt\u0103m\u00e2n\u0103 mai t\u00e2rziu se \u00eent\u00eempl\u0103 pe exact acela\u015fi tronson de \u015fosea un caz mortal tot a\u015fa de misterios. Imping\u00e2nd c\u0103ruciorul \u00een care se aflau cei doi bebelu\u015fi ai ei, o t\u00e2n\u0103r\u0103 femeie, pe partea pietonal\u0103 paralel\u0103 cu \u015foseaua, se duce la pia\u0163\u0103, \u0163int\u0103 pe care nu avea s-o mai ating\u0103 niciodat\u0103. Un trec\u0103tor vede c\u0103ruciorul abandonat la marginea drumului. Cei doi micu\u0163i \u0163ip\u0103 tare de tot. Al\u0103turi corpul ne\u00eensufle\u0163it al tinerei mame. Cauz\u0103 a mor\u0163ii iar\u0103\u015fi: \u015focul.<\/p>\n<p>Deja \u00eencep specula\u0163iile. Sunt dezgropate cazuri asem\u0103n\u0103toare petrecute cu ani \u00een urm\u0103. \u00cen anii trecu\u0163i, exact pe aceast\u0103 mic\u0103 por\u0163iune de drum, mai mul\u0163i oameni &#8211; printre ei \u015fi surorile medicale ale districtului, cunoscute ca persoane lucide &#8211; s-au \u00eent\u00e2lnit cu o \u201eumbr\u0103 geroas\u0103&#8221;, care i-a speriat de moarte, dar nu i-a omor\u00e2t. Oamenii de \u015ftiin\u0163\u0103 prind de veste despre fenomenele ciudate.<\/p>\n<p>La invita\u0163ia unui prieten avocat, profesorul Paul Gennett, titular al unei catedre de fizic\u0103 la Universitatea din Lyon, \u00ee\u015fi \u00eentrerupe concediul \u00een Alsacia ca s\u0103 c\u0103l\u0103toreasc\u0103 la Troyes. Ia cu el un geamantan mare plin cu aparate \u015fi instrumente \u015ftiin\u0163ifice. La sosire, profesorul d\u0103 peste un val de c\u0103ldur\u0103 estival\u0103. Acum s-ar putea constata dac\u0103 \u015fi \u00een aceste condi\u0163ii se formeaz\u0103 o &#8222;umbr\u0103 geroas\u0103&#8221;. Locul unde aceasta urma s\u0103 z\u0103boveasc\u0103 se afl\u0103 la doi kilometri \u00een afara localit\u0103\u0163ii Troyes \u00eentr-o vale \u00eengust\u0103 \u00eentre ni\u015fte dealuri mici. \u00cen lung \u015fi-n lat niciun copac. Soarele \u00ee\u015fi trimite nestingherit razele arz\u0103toare spre p\u0103m\u00e2nt. Aerul sc\u00eenteiaz\u0103 de c\u0103ldur\u0103, \u00een timp ce profesorul \u00eenainteaz\u0103 \u00eencet pe \u015foseaua al c\u0103rei asfalt radiaz\u0103 \u015fi el c\u0103ldur\u0103. Cu toate acestea, el simte dintr-o dat\u0103 cum aerul devine incontestabil mai rece.<\/p>\n<p>Profesorul se \u00eentoarce \u00een tab\u0103ra lui \u015fi revine cu c\u00e2teva termometre ca s\u0103 determine cu exactitate temperatura din diferite locuri. Acum \u00eel frapeaz\u0103 ceva ciudat pe care-l re\u0163ine \u00een scris: <em>\u201eEu am observat c\u0103 \u00een acest loc al \u015foselei nu exist\u0103 nicio pas\u0103re. Doar o singur\u0103 pas\u0103re a zburat odat\u0103 spre acest tronson al \u015foselei. C\u00e2nd s-a aflat aproximativ deasupra marginii \u015foselei, pas\u0103rea \u015fi-a schimbat brusc direc\u0163ia, de parc\u0103 s-ar fi izbit de un obstacol. \u00cen timpul cercet\u0103rilor mele nu am v\u0103zut niciodat\u0103 vreo pas\u0103re zbur\u00eend deasupra \u015foselei&#8221;.<\/em><\/p>\n<p>La aceast\u0103 observa\u0163ie s-au ad\u0103ugat rezultatele m\u0103sur\u0103rii temperaturii care pe tronsonul \u00een chestiune era cu c\u00e2teva grade mai mic\u0103 dec\u00e2t \u00een \u00eentreaga zon\u0103. Tot a\u015fa convins de ni\u015fte cauze naturale precum turbulen\u0163ele atmosferice, profesorul aprinde un foc pe marginea \u015foselei. Fumul se ridic\u0103 drept ca o lum\u00eenare.<\/p>\n<p>La \u00eencercarea de a stabili ni\u015fte anomalii ale presiunii atmosferice, se ajunge la o experien\u0163\u0103 despre a c\u0103rei tr\u0103ire Gennett scrie mai t\u00e2rziu \u00eentr-o renumit\u0103 revist\u0103 \u015ftiin\u0163ific\u0103 fran\u0163uzeasc\u0103: <em>\u201eDeodat\u0103, temperatura aerului p\u0103ru s\u0103 scad\u0103 cu cel pu\u0163in zece grade. Pe toate le z\u0103ream acum vag. Un nor p\u0103ru s\u0103 m\u0103 \u00eenf\u0103\u015foare. Am c\u0103zut \u00een genunchi. &#8222;Norul&#8221; at\u00e2rna cam un metru deasupra p\u0103m\u00eentului. Deodat\u0103 norul disp\u0103ru la fel de repede precum venise. M\u0103 sim\u0163eam nenorocit. Parc\u0103 mi s-ar fi luat toate for\u0163ele. Pentru cele \u00eent\u00e2mplate nu am nicio explica\u0163ie&#8221;.<\/em><\/p>\n<p>\u00cen timpul \u015federii profesorului Gennett, au continuat tragediile \u00een zon\u0103. Doi oameni mai \u00een v\u00e2rst\u0103 &#8211; so\u0163 \u015fi so\u0163ie &#8211; voiau s\u0103-\u015fi viziteze ni\u015fte rude din localitatea \u00eenvecinat\u0103. Pe tronsonul problematic un motociclist i-a g\u0103sit \u00een stare de incon\u015ftien\u0163\u0103. Medicul de la urgen\u0163\u0103 nu a putut dec\u00eet s\u0103 constate moartea femeii. So\u0163ul ei a murit patru zile mai t\u00e2rziu \u00een spital. C\u00e2nd pentru c\u00e2teva momente a redevenit con\u015ftient, a vorbit despre un \u201enor&#8221; mare, care cobor\u00e2se asupra lor. \u00cen momentul acela au le\u015finat. S-a \u00eent\u00eemplat \u015fi un alt atac, de data aceasta asupra unui b\u0103ie\u0163el, apoi s-a instalat lini\u015ftea.<\/p>\n<p>\u015etiin\u0163a \u00eencearc\u0103 s\u0103 dea de resorturile unor astfel de ciud\u0103\u0163enii, dar nu este capabil\u0103 nici m\u0103car de o clasificare clar\u0103.<\/p>\n","protected":false},"excerpt":{"rendered":"<p>\u00cen seara unei calde zile de var\u0103 din anul 1936, un confec\u0163ioner de unelte numit Simenon merge cu motocicleta sa pe strada care duce de la Orleans la Troyes. T\u00e2n\u0103rul fran\u0163uz este la mai pu\u0163in de doi kilometri de Troyes &#8230; <\/p>\n<p class=\"read-more-container\"><a title=\"Norul uciga\u015f din Troyes: \u00eentr-o zon\u0103 din Fran\u0163a oamenii sunt omor\u00e2\u0163i din cauza unui nor bizar care se t\u0103b\u0103r\u0103\u015fte pe ei!\" class=\"read-more button\" href=\"https:\/\/www.lovendal.ro\/wp52\/norul-ucigas-din-troyes-intr-o-zona-din-franta-oamenii-sunt-omorati-din-cauza-unui-nor-bizar-care-se-tabaraste-pe-ei\/#more-43562\" aria-label=\"Cite\u0219te mai multe despre Norul uciga\u015f din Troyes: \u00eentr-o zon\u0103 din Fran\u0163a oamenii sunt omor\u00e2\u0163i din cauza unui nor bizar care se t\u0103b\u0103r\u0103\u015fte pe ei!\">Cititi mai multe<\/a><\/p>\n","protected":false},"author":1,"featured_media":43563,"comment_status":"open","ping_status":"open","sticky":false,"template":"","format":"standard","meta":{"footnotes":""},"categories":[5040,2833],"tags":[3864,9818,2671,2048,10345,202,7075,580,3763,108,4198,1238,1710,2880,5511,2358,2250],"class_list":["post-43562","post","type-post","status-publish","format-standard","has-post-thumbnail","hentry","category-bizar","category-noutati","tag-aer","tag-bizar","tag-caldura","tag-fizician","tag-frana","tag-franta","tag-lyon","tag-masina","tag-medic","tag-moarte","tag-motociclist","tag-nor","tag-pasare","tag-sofer","tag-sosea","tag-temperatura","tag-universitate","resize-featured-image"],"yoast_head":"<!-- This site is optimized with the Yoast SEO Premium plugin v23.3 (Yoast SEO v27.4) - https:\/\/yoast.com\/product\/yoast-seo-premium-wordpress\/ -->\n<title>Norul uciga\u015f din Troyes: \u00eentr-o zon\u0103 din Fran\u0163a oamenii sunt omor\u00e2\u0163i din cauza unui nor bizar care se t\u0103b\u0103r\u0103\u015fte pe ei! - Secretele lui Lovendal<\/title>\n<meta name=\"robots\" content=\"index, follow, max-snippet:-1, max-image-preview:large, max-video-preview:-1\" \/>\n<link rel=\"canonical\" href=\"https:\/\/www.lovendal.ro\/wp52\/norul-ucigas-din-troyes-intr-o-zona-din-franta-oamenii-sunt-omorati-din-cauza-unui-nor-bizar-care-se-tabaraste-pe-ei\/\" \/>\n<meta property=\"og:locale\" content=\"ro_RO\" \/>\n<meta property=\"og:type\" content=\"article\" \/>\n<meta property=\"og:title\" content=\"Norul uciga\u015f din Troyes: \u00eentr-o zon\u0103 din Fran\u0163a oamenii sunt omor\u00e2\u0163i din cauza unui nor bizar care se t\u0103b\u0103r\u0103\u015fte pe ei!\" \/>\n<meta property=\"og:description\" content=\"\u00cen seara unei calde zile de var\u0103 din anul 1936, un confec\u0163ioner de unelte numit Simenon merge cu motocicleta sa pe strada care duce de la Orleans la Troyes. T\u00e2n\u0103rul fran\u0163uz este la mai pu\u0163in de doi kilometri de Troyes ... Cititi mai multe\" \/>\n<meta property=\"og:url\" content=\"https:\/\/www.lovendal.ro\/wp52\/norul-ucigas-din-troyes-intr-o-zona-din-franta-oamenii-sunt-omorati-din-cauza-unui-nor-bizar-care-se-tabaraste-pe-ei\/\" \/>\n<meta property=\"og:site_name\" content=\"Secretele lui Lovendal\" \/>\n<meta property=\"article:publisher\" content=\"https:\/\/www.facebook.com\/secreteleluilovendal\" \/>\n<meta property=\"article:published_time\" content=\"2016-03-29T20:02:09+00:00\" \/>\n<meta property=\"article:modified_time\" content=\"2016-03-29T20:02:12+00:00\" \/>\n<meta property=\"og:image\" content=\"https:\/\/www.lovendal.ro\/wp52\/wp-content\/uploads\/2016\/03\/norul-Troyes.jpg\" \/>\n\t<meta property=\"og:image:width\" content=\"332\" \/>\n\t<meta property=\"og:image:height\" content=\"222\" \/>\n\t<meta property=\"og:image:type\" content=\"image\/jpeg\" \/>\n<meta name=\"author\" content=\"admin\" \/>\n<meta name=\"twitter:card\" content=\"summary_large_image\" \/>\n<meta name=\"twitter:label1\" content=\"Scris de\" \/>\n\t<meta name=\"twitter:data1\" content=\"admin\" \/>\n\t<meta name=\"twitter:label2\" content=\"Timp estimat pentru citire\" \/>\n\t<meta name=\"twitter:data2\" content=\"5 minute\" \/>\n<script type=\"application\/ld+json\" class=\"yoast-schema-graph\">{\"@context\":\"https:\\\/\\\/schema.org\",\"@graph\":[{\"@type\":\"Article\",\"@id\":\"https:\\\/\\\/www.lovendal.ro\\\/wp52\\\/norul-ucigas-din-troyes-intr-o-zona-din-franta-oamenii-sunt-omorati-din-cauza-unui-nor-bizar-care-se-tabaraste-pe-ei\\\/#article\",\"isPartOf\":{\"@id\":\"https:\\\/\\\/www.lovendal.ro\\\/wp52\\\/norul-ucigas-din-troyes-intr-o-zona-din-franta-oamenii-sunt-omorati-din-cauza-unui-nor-bizar-care-se-tabaraste-pe-ei\\\/\"},\"author\":{\"name\":\"admin\",\"@id\":\"https:\\\/\\\/www.lovendal.ro\\\/wp52\\\/#\\\/schema\\\/person\\\/088691de5dfc346bb0c023e1e52ef5d9\"},\"headline\":\"Norul uciga\u015f din Troyes: \u00eentr-o zon\u0103 din Fran\u0163a oamenii sunt omor\u00e2\u0163i din cauza unui nor bizar care se t\u0103b\u0103r\u0103\u015fte pe ei!\",\"datePublished\":\"2016-03-29T20:02:09+00:00\",\"dateModified\":\"2016-03-29T20:02:12+00:00\",\"mainEntityOfPage\":{\"@id\":\"https:\\\/\\\/www.lovendal.ro\\\/wp52\\\/norul-ucigas-din-troyes-intr-o-zona-din-franta-oamenii-sunt-omorati-din-cauza-unui-nor-bizar-care-se-tabaraste-pe-ei\\\/\"},\"wordCount\":963,\"commentCount\":1,\"publisher\":{\"@id\":\"https:\\\/\\\/www.lovendal.ro\\\/wp52\\\/#organization\"},\"image\":{\"@id\":\"https:\\\/\\\/www.lovendal.ro\\\/wp52\\\/norul-ucigas-din-troyes-intr-o-zona-din-franta-oamenii-sunt-omorati-din-cauza-unui-nor-bizar-care-se-tabaraste-pe-ei\\\/#primaryimage\"},\"thumbnailUrl\":\"https:\\\/\\\/www.lovendal.ro\\\/wp52\\\/wp-content\\\/uploads\\\/2016\\\/03\\\/norul-Troyes.jpg\",\"keywords\":[\"aer\",\"Bizar\",\"c\u0103ldur\u0103\",\"fizician\",\"fr\u00e2n\u0103\",\"Fran\u0163a\",\"Lyon\",\"ma\u015fin\u0103\",\"medic\",\"moarte\",\"motociclist\",\"nor\",\"pas\u0103re\",\"\u015fofer\",\"\u015fosea\",\"temperatur\u0103\",\"universitate\"],\"articleSection\":[\"Bizar\",\"Noutati\"],\"inLanguage\":\"ro-RO\",\"potentialAction\":[{\"@type\":\"CommentAction\",\"name\":\"Comment\",\"target\":[\"https:\\\/\\\/www.lovendal.ro\\\/wp52\\\/norul-ucigas-din-troyes-intr-o-zona-din-franta-oamenii-sunt-omorati-din-cauza-unui-nor-bizar-care-se-tabaraste-pe-ei\\\/#respond\"]}]},{\"@type\":\"WebPage\",\"@id\":\"https:\\\/\\\/www.lovendal.ro\\\/wp52\\\/norul-ucigas-din-troyes-intr-o-zona-din-franta-oamenii-sunt-omorati-din-cauza-unui-nor-bizar-care-se-tabaraste-pe-ei\\\/\",\"url\":\"https:\\\/\\\/www.lovendal.ro\\\/wp52\\\/norul-ucigas-din-troyes-intr-o-zona-din-franta-oamenii-sunt-omorati-din-cauza-unui-nor-bizar-care-se-tabaraste-pe-ei\\\/\",\"name\":\"Norul uciga\u015f din Troyes: \u00eentr-o zon\u0103 din Fran\u0163a oamenii sunt omor\u00e2\u0163i din cauza unui nor bizar care se t\u0103b\u0103r\u0103\u015fte pe ei! - Secretele lui Lovendal\",\"isPartOf\":{\"@id\":\"https:\\\/\\\/www.lovendal.ro\\\/wp52\\\/#website\"},\"primaryImageOfPage\":{\"@id\":\"https:\\\/\\\/www.lovendal.ro\\\/wp52\\\/norul-ucigas-din-troyes-intr-o-zona-din-franta-oamenii-sunt-omorati-din-cauza-unui-nor-bizar-care-se-tabaraste-pe-ei\\\/#primaryimage\"},\"image\":{\"@id\":\"https:\\\/\\\/www.lovendal.ro\\\/wp52\\\/norul-ucigas-din-troyes-intr-o-zona-din-franta-oamenii-sunt-omorati-din-cauza-unui-nor-bizar-care-se-tabaraste-pe-ei\\\/#primaryimage\"},\"thumbnailUrl\":\"https:\\\/\\\/www.lovendal.ro\\\/wp52\\\/wp-content\\\/uploads\\\/2016\\\/03\\\/norul-Troyes.jpg\",\"datePublished\":\"2016-03-29T20:02:09+00:00\",\"dateModified\":\"2016-03-29T20:02:12+00:00\",\"breadcrumb\":{\"@id\":\"https:\\\/\\\/www.lovendal.ro\\\/wp52\\\/norul-ucigas-din-troyes-intr-o-zona-din-franta-oamenii-sunt-omorati-din-cauza-unui-nor-bizar-care-se-tabaraste-pe-ei\\\/#breadcrumb\"},\"inLanguage\":\"ro-RO\",\"potentialAction\":[{\"@type\":\"ReadAction\",\"target\":[\"https:\\\/\\\/www.lovendal.ro\\\/wp52\\\/norul-ucigas-din-troyes-intr-o-zona-din-franta-oamenii-sunt-omorati-din-cauza-unui-nor-bizar-care-se-tabaraste-pe-ei\\\/\"]}]},{\"@type\":\"ImageObject\",\"inLanguage\":\"ro-RO\",\"@id\":\"https:\\\/\\\/www.lovendal.ro\\\/wp52\\\/norul-ucigas-din-troyes-intr-o-zona-din-franta-oamenii-sunt-omorati-din-cauza-unui-nor-bizar-care-se-tabaraste-pe-ei\\\/#primaryimage\",\"url\":\"https:\\\/\\\/www.lovendal.ro\\\/wp52\\\/wp-content\\\/uploads\\\/2016\\\/03\\\/norul-Troyes.jpg\",\"contentUrl\":\"https:\\\/\\\/www.lovendal.ro\\\/wp52\\\/wp-content\\\/uploads\\\/2016\\\/03\\\/norul-Troyes.jpg\",\"width\":332,\"height\":222},{\"@type\":\"BreadcrumbList\",\"@id\":\"https:\\\/\\\/www.lovendal.ro\\\/wp52\\\/norul-ucigas-din-troyes-intr-o-zona-din-franta-oamenii-sunt-omorati-din-cauza-unui-nor-bizar-care-se-tabaraste-pe-ei\\\/#breadcrumb\",\"itemListElement\":[{\"@type\":\"ListItem\",\"position\":1,\"name\":\"Home\",\"item\":\"https:\\\/\\\/www.lovendal.ro\\\/wp52\\\/\"},{\"@type\":\"ListItem\",\"position\":2,\"name\":\"Norul uciga\u015f din Troyes: \u00eentr-o zon\u0103 din Fran\u0163a oamenii sunt omor\u00e2\u0163i din cauza unui nor bizar care se t\u0103b\u0103r\u0103\u015fte pe ei!\"}]},{\"@type\":\"WebSite\",\"@id\":\"https:\\\/\\\/www.lovendal.ro\\\/wp52\\\/#website\",\"url\":\"https:\\\/\\\/www.lovendal.ro\\\/wp52\\\/\",\"name\":\"Secretele lui Lovendal\",\"description\":\"Site de secrete, stiinta si metafizica - din 2008 -\",\"publisher\":{\"@id\":\"https:\\\/\\\/www.lovendal.ro\\\/wp52\\\/#organization\"},\"potentialAction\":[{\"@type\":\"SearchAction\",\"target\":{\"@type\":\"EntryPoint\",\"urlTemplate\":\"https:\\\/\\\/www.lovendal.ro\\\/wp52\\\/?s={search_term_string}\"},\"query-input\":{\"@type\":\"PropertyValueSpecification\",\"valueRequired\":true,\"valueName\":\"search_term_string\"}}],\"inLanguage\":\"ro-RO\"},{\"@type\":\"Organization\",\"@id\":\"https:\\\/\\\/www.lovendal.ro\\\/wp52\\\/#organization\",\"name\":\"Secretele lui Lovendal\",\"url\":\"https:\\\/\\\/www.lovendal.ro\\\/wp52\\\/\",\"logo\":{\"@type\":\"ImageObject\",\"inLanguage\":\"ro-RO\",\"@id\":\"https:\\\/\\\/www.lovendal.ro\\\/wp52\\\/#\\\/schema\\\/logo\\\/image\\\/\",\"url\":\"https:\\\/\\\/www.lovendal.ro\\\/wp52\\\/wp-content\\\/uploads\\\/2024\\\/06\\\/cropped-SLL-iun-2024-1.jpg\",\"contentUrl\":\"https:\\\/\\\/www.lovendal.ro\\\/wp52\\\/wp-content\\\/uploads\\\/2024\\\/06\\\/cropped-SLL-iun-2024-1.jpg\",\"width\":771,\"height\":240,\"caption\":\"Secretele lui Lovendal\"},\"image\":{\"@id\":\"https:\\\/\\\/www.lovendal.ro\\\/wp52\\\/#\\\/schema\\\/logo\\\/image\\\/\"},\"sameAs\":[\"https:\\\/\\\/www.facebook.com\\\/secreteleluilovendal\"]},{\"@type\":\"Person\",\"@id\":\"https:\\\/\\\/www.lovendal.ro\\\/wp52\\\/#\\\/schema\\\/person\\\/088691de5dfc346bb0c023e1e52ef5d9\",\"name\":\"admin\",\"image\":{\"@type\":\"ImageObject\",\"inLanguage\":\"ro-RO\",\"@id\":\"https:\\\/\\\/secure.gravatar.com\\\/avatar\\\/ecb9cd41f5f63c9c9b989999a59f6e2639a865ec361e9db054db0679a8f341c2?s=96&d=mm&r=g\",\"url\":\"https:\\\/\\\/secure.gravatar.com\\\/avatar\\\/ecb9cd41f5f63c9c9b989999a59f6e2639a865ec361e9db054db0679a8f341c2?s=96&d=mm&r=g\",\"contentUrl\":\"https:\\\/\\\/secure.gravatar.com\\\/avatar\\\/ecb9cd41f5f63c9c9b989999a59f6e2639a865ec361e9db054db0679a8f341c2?s=96&d=mm&r=g\",\"caption\":\"admin\"},\"sameAs\":[\"https:\\\/\\\/www.lovendal.ro\\\/wp52\"]}]}<\/script>\n<!-- \/ Yoast SEO Premium plugin. -->","yoast_head_json":{"title":"Norul uciga\u015f din Troyes: \u00eentr-o zon\u0103 din Fran\u0163a oamenii sunt omor\u00e2\u0163i din cauza unui nor bizar care se t\u0103b\u0103r\u0103\u015fte pe ei! - Secretele lui Lovendal","robots":{"index":"index","follow":"follow","max-snippet":"max-snippet:-1","max-image-preview":"max-image-preview:large","max-video-preview":"max-video-preview:-1"},"canonical":"https:\/\/www.lovendal.ro\/wp52\/norul-ucigas-din-troyes-intr-o-zona-din-franta-oamenii-sunt-omorati-din-cauza-unui-nor-bizar-care-se-tabaraste-pe-ei\/","og_locale":"ro_RO","og_type":"article","og_title":"Norul uciga\u015f din Troyes: \u00eentr-o zon\u0103 din Fran\u0163a oamenii sunt omor\u00e2\u0163i din cauza unui nor bizar care se t\u0103b\u0103r\u0103\u015fte pe ei!","og_description":"\u00cen seara unei calde zile de var\u0103 din anul 1936, un confec\u0163ioner de unelte numit Simenon merge cu motocicleta sa pe strada care duce de la Orleans la Troyes. T\u00e2n\u0103rul fran\u0163uz este la mai pu\u0163in de doi kilometri de Troyes ... Cititi mai multe","og_url":"https:\/\/www.lovendal.ro\/wp52\/norul-ucigas-din-troyes-intr-o-zona-din-franta-oamenii-sunt-omorati-din-cauza-unui-nor-bizar-care-se-tabaraste-pe-ei\/","og_site_name":"Secretele lui Lovendal","article_publisher":"https:\/\/www.facebook.com\/secreteleluilovendal","article_published_time":"2016-03-29T20:02:09+00:00","article_modified_time":"2016-03-29T20:02:12+00:00","og_image":[{"width":332,"height":222,"url":"https:\/\/www.lovendal.ro\/wp52\/wp-content\/uploads\/2016\/03\/norul-Troyes.jpg","type":"image\/jpeg"}],"author":"admin","twitter_card":"summary_large_image","twitter_misc":{"Scris de":"admin","Timp estimat pentru citire":"5 minute"},"schema":{"@context":"https:\/\/schema.org","@graph":[{"@type":"Article","@id":"https:\/\/www.lovendal.ro\/wp52\/norul-ucigas-din-troyes-intr-o-zona-din-franta-oamenii-sunt-omorati-din-cauza-unui-nor-bizar-care-se-tabaraste-pe-ei\/#article","isPartOf":{"@id":"https:\/\/www.lovendal.ro\/wp52\/norul-ucigas-din-troyes-intr-o-zona-din-franta-oamenii-sunt-omorati-din-cauza-unui-nor-bizar-care-se-tabaraste-pe-ei\/"},"author":{"name":"admin","@id":"https:\/\/www.lovendal.ro\/wp52\/#\/schema\/person\/088691de5dfc346bb0c023e1e52ef5d9"},"headline":"Norul uciga\u015f din Troyes: \u00eentr-o zon\u0103 din Fran\u0163a oamenii sunt omor\u00e2\u0163i din cauza unui nor bizar care se t\u0103b\u0103r\u0103\u015fte pe ei!","datePublished":"2016-03-29T20:02:09+00:00","dateModified":"2016-03-29T20:02:12+00:00","mainEntityOfPage":{"@id":"https:\/\/www.lovendal.ro\/wp52\/norul-ucigas-din-troyes-intr-o-zona-din-franta-oamenii-sunt-omorati-din-cauza-unui-nor-bizar-care-se-tabaraste-pe-ei\/"},"wordCount":963,"commentCount":1,"publisher":{"@id":"https:\/\/www.lovendal.ro\/wp52\/#organization"},"image":{"@id":"https:\/\/www.lovendal.ro\/wp52\/norul-ucigas-din-troyes-intr-o-zona-din-franta-oamenii-sunt-omorati-din-cauza-unui-nor-bizar-care-se-tabaraste-pe-ei\/#primaryimage"},"thumbnailUrl":"https:\/\/www.lovendal.ro\/wp52\/wp-content\/uploads\/2016\/03\/norul-Troyes.jpg","keywords":["aer","Bizar","c\u0103ldur\u0103","fizician","fr\u00e2n\u0103","Fran\u0163a","Lyon","ma\u015fin\u0103","medic","moarte","motociclist","nor","pas\u0103re","\u015fofer","\u015fosea","temperatur\u0103","universitate"],"articleSection":["Bizar","Noutati"],"inLanguage":"ro-RO","potentialAction":[{"@type":"CommentAction","name":"Comment","target":["https:\/\/www.lovendal.ro\/wp52\/norul-ucigas-din-troyes-intr-o-zona-din-franta-oamenii-sunt-omorati-din-cauza-unui-nor-bizar-care-se-tabaraste-pe-ei\/#respond"]}]},{"@type":"WebPage","@id":"https:\/\/www.lovendal.ro\/wp52\/norul-ucigas-din-troyes-intr-o-zona-din-franta-oamenii-sunt-omorati-din-cauza-unui-nor-bizar-care-se-tabaraste-pe-ei\/","url":"https:\/\/www.lovendal.ro\/wp52\/norul-ucigas-din-troyes-intr-o-zona-din-franta-oamenii-sunt-omorati-din-cauza-unui-nor-bizar-care-se-tabaraste-pe-ei\/","name":"Norul uciga\u015f din Troyes: \u00eentr-o zon\u0103 din Fran\u0163a oamenii sunt omor\u00e2\u0163i din cauza unui nor bizar care se t\u0103b\u0103r\u0103\u015fte pe ei! - Secretele lui Lovendal","isPartOf":{"@id":"https:\/\/www.lovendal.ro\/wp52\/#website"},"primaryImageOfPage":{"@id":"https:\/\/www.lovendal.ro\/wp52\/norul-ucigas-din-troyes-intr-o-zona-din-franta-oamenii-sunt-omorati-din-cauza-unui-nor-bizar-care-se-tabaraste-pe-ei\/#primaryimage"},"image":{"@id":"https:\/\/www.lovendal.ro\/wp52\/norul-ucigas-din-troyes-intr-o-zona-din-franta-oamenii-sunt-omorati-din-cauza-unui-nor-bizar-care-se-tabaraste-pe-ei\/#primaryimage"},"thumbnailUrl":"https:\/\/www.lovendal.ro\/wp52\/wp-content\/uploads\/2016\/03\/norul-Troyes.jpg","datePublished":"2016-03-29T20:02:09+00:00","dateModified":"2016-03-29T20:02:12+00:00","breadcrumb":{"@id":"https:\/\/www.lovendal.ro\/wp52\/norul-ucigas-din-troyes-intr-o-zona-din-franta-oamenii-sunt-omorati-din-cauza-unui-nor-bizar-care-se-tabaraste-pe-ei\/#breadcrumb"},"inLanguage":"ro-RO","potentialAction":[{"@type":"ReadAction","target":["https:\/\/www.lovendal.ro\/wp52\/norul-ucigas-din-troyes-intr-o-zona-din-franta-oamenii-sunt-omorati-din-cauza-unui-nor-bizar-care-se-tabaraste-pe-ei\/"]}]},{"@type":"ImageObject","inLanguage":"ro-RO","@id":"https:\/\/www.lovendal.ro\/wp52\/norul-ucigas-din-troyes-intr-o-zona-din-franta-oamenii-sunt-omorati-din-cauza-unui-nor-bizar-care-se-tabaraste-pe-ei\/#primaryimage","url":"https:\/\/www.lovendal.ro\/wp52\/wp-content\/uploads\/2016\/03\/norul-Troyes.jpg","contentUrl":"https:\/\/www.lovendal.ro\/wp52\/wp-content\/uploads\/2016\/03\/norul-Troyes.jpg","width":332,"height":222},{"@type":"BreadcrumbList","@id":"https:\/\/www.lovendal.ro\/wp52\/norul-ucigas-din-troyes-intr-o-zona-din-franta-oamenii-sunt-omorati-din-cauza-unui-nor-bizar-care-se-tabaraste-pe-ei\/#breadcrumb","itemListElement":[{"@type":"ListItem","position":1,"name":"Home","item":"https:\/\/www.lovendal.ro\/wp52\/"},{"@type":"ListItem","position":2,"name":"Norul uciga\u015f din Troyes: \u00eentr-o zon\u0103 din Fran\u0163a oamenii sunt omor\u00e2\u0163i din cauza unui nor bizar care se t\u0103b\u0103r\u0103\u015fte pe ei!"}]},{"@type":"WebSite","@id":"https:\/\/www.lovendal.ro\/wp52\/#website","url":"https:\/\/www.lovendal.ro\/wp52\/","name":"Secretele lui Lovendal","description":"Site de secrete, stiinta si metafizica - din 2008 -","publisher":{"@id":"https:\/\/www.lovendal.ro\/wp52\/#organization"},"potentialAction":[{"@type":"SearchAction","target":{"@type":"EntryPoint","urlTemplate":"https:\/\/www.lovendal.ro\/wp52\/?s={search_term_string}"},"query-input":{"@type":"PropertyValueSpecification","valueRequired":true,"valueName":"search_term_string"}}],"inLanguage":"ro-RO"},{"@type":"Organization","@id":"https:\/\/www.lovendal.ro\/wp52\/#organization","name":"Secretele lui Lovendal","url":"https:\/\/www.lovendal.ro\/wp52\/","logo":{"@type":"ImageObject","inLanguage":"ro-RO","@id":"https:\/\/www.lovendal.ro\/wp52\/#\/schema\/logo\/image\/","url":"https:\/\/www.lovendal.ro\/wp52\/wp-content\/uploads\/2024\/06\/cropped-SLL-iun-2024-1.jpg","contentUrl":"https:\/\/www.lovendal.ro\/wp52\/wp-content\/uploads\/2024\/06\/cropped-SLL-iun-2024-1.jpg","width":771,"height":240,"caption":"Secretele lui Lovendal"},"image":{"@id":"https:\/\/www.lovendal.ro\/wp52\/#\/schema\/logo\/image\/"},"sameAs":["https:\/\/www.facebook.com\/secreteleluilovendal"]},{"@type":"Person","@id":"https:\/\/www.lovendal.ro\/wp52\/#\/schema\/person\/088691de5dfc346bb0c023e1e52ef5d9","name":"admin","image":{"@type":"ImageObject","inLanguage":"ro-RO","@id":"https:\/\/secure.gravatar.com\/avatar\/ecb9cd41f5f63c9c9b989999a59f6e2639a865ec361e9db054db0679a8f341c2?s=96&d=mm&r=g","url":"https:\/\/secure.gravatar.com\/avatar\/ecb9cd41f5f63c9c9b989999a59f6e2639a865ec361e9db054db0679a8f341c2?s=96&d=mm&r=g","contentUrl":"https:\/\/secure.gravatar.com\/avatar\/ecb9cd41f5f63c9c9b989999a59f6e2639a865ec361e9db054db0679a8f341c2?s=96&d=mm&r=g","caption":"admin"},"sameAs":["https:\/\/www.lovendal.ro\/wp52"]}]}},"_links":{"self":[{"href":"https:\/\/www.lovendal.ro\/wp52\/wp-json\/wp\/v2\/posts\/43562","targetHints":{"allow":["GET"]}}],"collection":[{"href":"https:\/\/www.lovendal.ro\/wp52\/wp-json\/wp\/v2\/posts"}],"about":[{"href":"https:\/\/www.lovendal.ro\/wp52\/wp-json\/wp\/v2\/types\/post"}],"author":[{"embeddable":true,"href":"https:\/\/www.lovendal.ro\/wp52\/wp-json\/wp\/v2\/users\/1"}],"replies":[{"embeddable":true,"href":"https:\/\/www.lovendal.ro\/wp52\/wp-json\/wp\/v2\/comments?post=43562"}],"version-history":[{"count":0,"href":"https:\/\/www.lovendal.ro\/wp52\/wp-json\/wp\/v2\/posts\/43562\/revisions"}],"wp:featuredmedia":[{"embeddable":true,"href":"https:\/\/www.lovendal.ro\/wp52\/wp-json\/wp\/v2\/media\/43563"}],"wp:attachment":[{"href":"https:\/\/www.lovendal.ro\/wp52\/wp-json\/wp\/v2\/media?parent=43562"}],"wp:term":[{"taxonomy":"category","embeddable":true,"href":"https:\/\/www.lovendal.ro\/wp52\/wp-json\/wp\/v2\/categories?post=43562"},{"taxonomy":"post_tag","embeddable":true,"href":"https:\/\/www.lovendal.ro\/wp52\/wp-json\/wp\/v2\/tags?post=43562"}],"curies":[{"name":"wp","href":"https:\/\/api.w.org\/{rel}","templated":true}]}}