{"id":43140,"date":"2016-03-02T00:22:39","date_gmt":"2016-03-01T22:22:39","guid":{"rendered":"http:\/\/www.lovendal.ro\/wp52\/?p=43140"},"modified":"2023-10-09T10:48:15","modified_gmt":"2023-10-09T07:48:15","slug":"o-biofiziciana-din-rusia-crede-ca-din-21-12-2012-ne-am-mutat-fara-sa-ne-dam-seama-pe-o-alta-planeta-iar-acum-suntem-cu-totii-extraterestri-vai-de-capul-nostru","status":"publish","type":"post","link":"https:\/\/www.lovendal.ro\/wp52\/o-biofiziciana-din-rusia-crede-ca-din-21-12-2012-ne-am-mutat-fara-sa-ne-dam-seama-pe-o-alta-planeta-iar-acum-suntem-cu-totii-extraterestri-vai-de-capul-nostru\/","title":{"rendered":"O biofizician\u0103 din Rusia crede c\u0103 din 21-12-2012 ne-am mutat, f\u0103r\u0103 s\u0103 ne d\u0103m seama, pe o alt\u0103 planet\u0103, iar acum suntem cu to\u0163ii&#8230;. extratere\u015ftri! Vai de capul nostru&#8230;"},"content":{"rendered":"<p><a href=\"https:\/\/www.lovendal.ro\/wp52\/o-biofiziciana-din-rusia-crede-ca-din-21-12-2012-ne-am-mutat-fara-sa-ne-dam-seama-pe-o-alta-planeta-iar-acum-suntem-cu-totii-extraterestri-vai-de-capul-nostru\/alta-dimensiune\/\" rel=\"attachment wp-att-43141\"><img loading=\"lazy\" decoding=\"async\" class=\"alignleft size-full wp-image-43141\" src=\"https:\/\/www.lovendal.ro\/wp52\/wp-content\/uploads\/2016\/03\/alta-dimensiune.jpg\" alt=\"alta dimensiune\" width=\"332\" height=\"233\" srcset=\"https:\/\/www.lovendal.ro\/wp52\/wp-content\/uploads\/2016\/03\/alta-dimensiune.jpg 332w, https:\/\/www.lovendal.ro\/wp52\/wp-content\/uploads\/2016\/03\/alta-dimensiune-300x211.jpg 300w\" sizes=\"auto, (max-width: 332px) 100vw, 332px\" \/><\/a>Ce s\u0103 spun de acest articol publicat \u00een 2016 pe site-ul <a href=\"http:\/\/www.aktual24.ro\/biofizician-rusia-oamenii-se-transforma-incepand-din-21-12-2012-dar-inca-nu-isi-dau-seama\/\" target=\"_blank\" rel=\"noopener\"><strong>aktual24.ro<\/strong><\/a>? S\u0103 r\u00e2d, s\u0103-l iau \u00een serios? S\u0103 m\u0103 cutremur? Dar, haide\u0163i s\u0103 vedem mai \u00eent\u00e2i despre ce e vorba:<\/p>\n<p>Un cunoscut biofizician din Rusia spune c\u0103 \u00een corpul oamenilor au avut loc transform\u0103ri importante \u00een ultimii doi ani, dar \u00eenc\u0103 nu \u015fi-au dat seama. Omul s-a transformat \u00een extraterestru \u015fi deja noi tr\u0103im pe alt\u0103 planet\u0103, conform biofizicianului rus, Valentina Mironova. Potrivit acesteia, care are o experien\u0163\u0103 de 20 de ani la Centrul Cosmic al Rusiei, lumea noastr\u0103 s-a schimbat f\u0103r\u0103 s\u0103 sim\u0163im. Acest lucru s-a \u00eent\u00e2mplat la momentul schimb\u0103rii cuantice, pe care mul\u0163i l-au desemnat ca fiind 21.12.2012.<\/p>\n<p><em>\u201eAtunci to\u0163i au s\u0103rit \u00een sus, spun\u00e2nd c\u0103 nu s-a \u00eent\u00e2mplat nimic, dar evenimentul a avut loc de fapt, f\u0103r\u0103 ca noi s\u0103 sim\u0163im\u201d<\/em>, spune femeia. <em>\u201eStructura noastr\u0103 biologic\u0103 este deja alta, de aceea at\u00e2t de multe medicamente nu mai au efect asupra noastr\u0103. Oricum, noi suntem acum extratere\u015ftri \u015fi tr\u0103im pe alt\u0103 planet\u0103. Legile fizice care au d\u0103inuit p\u00e2n\u0103 \u00een 2013, deodat\u0103 au \u00eencetat s\u0103 mai aib\u0103 efect, deoarece densitatea materiei a devenit alta\u201d<\/em>, a mai spus Mironova.<\/p>\n<p>Ea mai aduce un argument \u00een sprijinul afirma\u0163iilor sale, amintind cuvintele c\u00e2torva \u00een\u0163elep\u0163i ai vremurilor str\u0103vechi care spuneau: <em>\u201eVa veni un timp c\u00e2nd ve\u0163i vedea Galaxiile de Aur\u201d. <\/em>Telescopul german Spitzer a descoperit galaxii infraro\u015fii care sunt de 60 de ori mai str\u0103lucitoare dec\u00e2t cele obi\u015fnuite. <em>\u201e\u00cen decembrie 2012, aceste galaxii nu se vedeau, iar \u00een ianuarie 2013 au ap\u0103rut pentru o zi. Sunt sau nu acolo?\u201d<\/em>, se \u00eentreab\u0103 rusoaica.<\/p>\n<p>P.S. Oare ar trebui ca biofiziciana rus\u0103 s\u0103 fie internat\u0103 la spitalul de nebuni? Sau ar putea avea dreptate? Eu nu \u00een\u0163eleg totu\u015fi un lucru din aceste afirma\u0163ii: dac\u0103 ne-am mutat pe alt\u0103 planet\u0103, s-a mutat odat\u0103 cu noi \u015fi Soarele \u015fi Luna \u015fi celelalte astre pe care le vedem pe toiul nop\u0163ii? S-a mutat doar sistemul nostru solar? Sau s-a mutat \u00eentreaga galaxie Calea Lactee? Ori poate suntem \u00een alt\u0103 dimensiune? \u015ei atunci, mutatul pe alt\u0103 planet\u0103 ar c\u0103p\u0103ta un cu tot alt sens. Sincer, a\u015f vrea mai multe detalii de la doamna biofizician\u0103 rus\u0103&#8230;<\/p>\n","protected":false},"excerpt":{"rendered":"<p>Ce s\u0103 spun de acest articol publicat \u00een 2016 pe site-ul aktual24.ro? S\u0103 r\u00e2d, s\u0103-l iau \u00een serios? S\u0103 m\u0103 cutremur? Dar, haide\u0163i s\u0103 vedem mai \u00eent\u00e2i despre ce e vorba: Un cunoscut biofizician din Rusia spune c\u0103 \u00een corpul &#8230; <\/p>\n<p class=\"read-more-container\"><a title=\"O biofizician\u0103 din Rusia crede c\u0103 din 21-12-2012 ne-am mutat, f\u0103r\u0103 s\u0103 ne d\u0103m seama, pe o alt\u0103 planet\u0103, iar acum suntem cu to\u0163ii&#8230;. extratere\u015ftri! Vai de capul nostru&#8230;\" class=\"read-more button\" href=\"https:\/\/www.lovendal.ro\/wp52\/o-biofiziciana-din-rusia-crede-ca-din-21-12-2012-ne-am-mutat-fara-sa-ne-dam-seama-pe-o-alta-planeta-iar-acum-suntem-cu-totii-extraterestri-vai-de-capul-nostru\/#more-43140\" aria-label=\"Cite\u0219te mai multe despre O biofizician\u0103 din Rusia crede c\u0103 din 21-12-2012 ne-am mutat, f\u0103r\u0103 s\u0103 ne d\u0103m seama, pe o alt\u0103 planet\u0103, iar acum suntem cu to\u0163ii&#8230;. extratere\u015ftri! Vai de capul nostru&#8230;\">Cititi mai multe<\/a><\/p>\n","protected":false},"author":1,"featured_media":43141,"comment_status":"open","ping_status":"open","sticky":false,"template":"","format":"standard","meta":{"footnotes":""},"categories":[1833],"tags":[4850,10246,4527,51,9808,433,149,345,1830,732,48,3417,865,512,434,4641],"class_list":["post-43140","post","type-post","status-publish","format-standard","has-post-thumbnail","hentry","category-farse-celebre","tag-4850","tag-biofizician","tag-dimensiune","tag-extraterestri","tag-farse-celebre","tag-galaxie","tag-luna","tag-materie","tag-om","tag-planeta","tag-rusia","tag-sistem-solar","tag-soare","tag-spital","tag-telescop","tag-telescopul-spatial-spitzer","resize-featured-image"],"yoast_head":"<!-- This site is optimized with the Yoast SEO Premium plugin v23.3 (Yoast SEO v27.4) - https:\/\/yoast.com\/product\/yoast-seo-premium-wordpress\/ -->\n<title>O biofizician\u0103 din Rusia crede c\u0103 din 21-12-2012 ne-am mutat, f\u0103r\u0103 s\u0103 ne d\u0103m seama, pe o alt\u0103 planet\u0103, iar acum suntem cu to\u0163ii.... extratere\u015ftri! Vai de capul nostru... - Secretele lui Lovendal<\/title>\n<meta name=\"robots\" content=\"index, follow, max-snippet:-1, max-image-preview:large, max-video-preview:-1\" \/>\n<link rel=\"canonical\" href=\"https:\/\/www.lovendal.ro\/wp52\/o-biofiziciana-din-rusia-crede-ca-din-21-12-2012-ne-am-mutat-fara-sa-ne-dam-seama-pe-o-alta-planeta-iar-acum-suntem-cu-totii-extraterestri-vai-de-capul-nostru\/\" \/>\n<meta property=\"og:locale\" content=\"ro_RO\" \/>\n<meta property=\"og:type\" content=\"article\" \/>\n<meta property=\"og:title\" content=\"O biofizician\u0103 din Rusia crede c\u0103 din 21-12-2012 ne-am mutat, f\u0103r\u0103 s\u0103 ne d\u0103m seama, pe o alt\u0103 planet\u0103, iar acum suntem cu to\u0163ii.... extratere\u015ftri! Vai de capul nostru...\" \/>\n<meta property=\"og:description\" content=\"Ce s\u0103 spun de acest articol publicat \u00een 2016 pe site-ul aktual24.ro? S\u0103 r\u00e2d, s\u0103-l iau \u00een serios? S\u0103 m\u0103 cutremur? Dar, haide\u0163i s\u0103 vedem mai \u00eent\u00e2i despre ce e vorba: Un cunoscut biofizician din Rusia spune c\u0103 \u00een corpul ... Cititi mai multe\" \/>\n<meta property=\"og:url\" content=\"https:\/\/www.lovendal.ro\/wp52\/o-biofiziciana-din-rusia-crede-ca-din-21-12-2012-ne-am-mutat-fara-sa-ne-dam-seama-pe-o-alta-planeta-iar-acum-suntem-cu-totii-extraterestri-vai-de-capul-nostru\/\" \/>\n<meta property=\"og:site_name\" content=\"Secretele lui Lovendal\" \/>\n<meta property=\"article:publisher\" content=\"https:\/\/www.facebook.com\/secreteleluilovendal\" \/>\n<meta property=\"article:published_time\" content=\"2016-03-01T22:22:39+00:00\" \/>\n<meta property=\"article:modified_time\" content=\"2023-10-09T07:48:15+00:00\" \/>\n<meta property=\"og:image\" content=\"https:\/\/www.lovendal.ro\/wp52\/wp-content\/uploads\/2016\/03\/alta-dimensiune.jpg\" \/>\n\t<meta property=\"og:image:width\" content=\"332\" \/>\n\t<meta property=\"og:image:height\" content=\"233\" \/>\n\t<meta property=\"og:image:type\" content=\"image\/jpeg\" \/>\n<meta name=\"author\" content=\"admin\" \/>\n<meta name=\"twitter:card\" content=\"summary_large_image\" \/>\n<meta name=\"twitter:label1\" content=\"Scris de\" \/>\n\t<meta name=\"twitter:data1\" content=\"admin\" \/>\n\t<meta name=\"twitter:label2\" content=\"Timp estimat pentru citire\" \/>\n\t<meta name=\"twitter:data2\" content=\"2 minute\" \/>\n<script type=\"application\/ld+json\" class=\"yoast-schema-graph\">{\"@context\":\"https:\\\/\\\/schema.org\",\"@graph\":[{\"@type\":\"Article\",\"@id\":\"https:\\\/\\\/www.lovendal.ro\\\/wp52\\\/o-biofiziciana-din-rusia-crede-ca-din-21-12-2012-ne-am-mutat-fara-sa-ne-dam-seama-pe-o-alta-planeta-iar-acum-suntem-cu-totii-extraterestri-vai-de-capul-nostru\\\/#article\",\"isPartOf\":{\"@id\":\"https:\\\/\\\/www.lovendal.ro\\\/wp52\\\/o-biofiziciana-din-rusia-crede-ca-din-21-12-2012-ne-am-mutat-fara-sa-ne-dam-seama-pe-o-alta-planeta-iar-acum-suntem-cu-totii-extraterestri-vai-de-capul-nostru\\\/\"},\"author\":{\"name\":\"admin\",\"@id\":\"https:\\\/\\\/www.lovendal.ro\\\/wp52\\\/#\\\/schema\\\/person\\\/088691de5dfc346bb0c023e1e52ef5d9\"},\"headline\":\"O biofizician\u0103 din Rusia crede c\u0103 din 21-12-2012 ne-am mutat, f\u0103r\u0103 s\u0103 ne d\u0103m seama, pe o alt\u0103 planet\u0103, iar acum suntem cu to\u0163ii&#8230;. extratere\u015ftri! Vai de capul nostru&#8230;\",\"datePublished\":\"2016-03-01T22:22:39+00:00\",\"dateModified\":\"2023-10-09T07:48:15+00:00\",\"mainEntityOfPage\":{\"@id\":\"https:\\\/\\\/www.lovendal.ro\\\/wp52\\\/o-biofiziciana-din-rusia-crede-ca-din-21-12-2012-ne-am-mutat-fara-sa-ne-dam-seama-pe-o-alta-planeta-iar-acum-suntem-cu-totii-extraterestri-vai-de-capul-nostru\\\/\"},\"wordCount\":425,\"commentCount\":18,\"publisher\":{\"@id\":\"https:\\\/\\\/www.lovendal.ro\\\/wp52\\\/#organization\"},\"image\":{\"@id\":\"https:\\\/\\\/www.lovendal.ro\\\/wp52\\\/o-biofiziciana-din-rusia-crede-ca-din-21-12-2012-ne-am-mutat-fara-sa-ne-dam-seama-pe-o-alta-planeta-iar-acum-suntem-cu-totii-extraterestri-vai-de-capul-nostru\\\/#primaryimage\"},\"thumbnailUrl\":\"https:\\\/\\\/www.lovendal.ro\\\/wp52\\\/wp-content\\\/uploads\\\/2016\\\/03\\\/alta-dimensiune.jpg\",\"keywords\":[\"21\\\/12\\\/2012\",\"biofizician\",\"dimensiune\",\"extratere\u015ftri\",\"Farse si Fantezii\",\"galaxie\",\"Lun\u0103\",\"materie\",\"om\",\"planet\u0103\",\"Rusia\",\"sistem solar\",\"Soare\",\"spital\",\"telescop\",\"telescopul spa\u0163ial Spitzer\"],\"articleSection\":[\"Farse si Fantezii\"],\"inLanguage\":\"ro-RO\",\"potentialAction\":[{\"@type\":\"CommentAction\",\"name\":\"Comment\",\"target\":[\"https:\\\/\\\/www.lovendal.ro\\\/wp52\\\/o-biofiziciana-din-rusia-crede-ca-din-21-12-2012-ne-am-mutat-fara-sa-ne-dam-seama-pe-o-alta-planeta-iar-acum-suntem-cu-totii-extraterestri-vai-de-capul-nostru\\\/#respond\"]}]},{\"@type\":\"WebPage\",\"@id\":\"https:\\\/\\\/www.lovendal.ro\\\/wp52\\\/o-biofiziciana-din-rusia-crede-ca-din-21-12-2012-ne-am-mutat-fara-sa-ne-dam-seama-pe-o-alta-planeta-iar-acum-suntem-cu-totii-extraterestri-vai-de-capul-nostru\\\/\",\"url\":\"https:\\\/\\\/www.lovendal.ro\\\/wp52\\\/o-biofiziciana-din-rusia-crede-ca-din-21-12-2012-ne-am-mutat-fara-sa-ne-dam-seama-pe-o-alta-planeta-iar-acum-suntem-cu-totii-extraterestri-vai-de-capul-nostru\\\/\",\"name\":\"O biofizician\u0103 din Rusia crede c\u0103 din 21-12-2012 ne-am mutat, f\u0103r\u0103 s\u0103 ne d\u0103m seama, pe o alt\u0103 planet\u0103, iar acum suntem cu to\u0163ii.... extratere\u015ftri! Vai de capul nostru... - Secretele lui Lovendal\",\"isPartOf\":{\"@id\":\"https:\\\/\\\/www.lovendal.ro\\\/wp52\\\/#website\"},\"primaryImageOfPage\":{\"@id\":\"https:\\\/\\\/www.lovendal.ro\\\/wp52\\\/o-biofiziciana-din-rusia-crede-ca-din-21-12-2012-ne-am-mutat-fara-sa-ne-dam-seama-pe-o-alta-planeta-iar-acum-suntem-cu-totii-extraterestri-vai-de-capul-nostru\\\/#primaryimage\"},\"image\":{\"@id\":\"https:\\\/\\\/www.lovendal.ro\\\/wp52\\\/o-biofiziciana-din-rusia-crede-ca-din-21-12-2012-ne-am-mutat-fara-sa-ne-dam-seama-pe-o-alta-planeta-iar-acum-suntem-cu-totii-extraterestri-vai-de-capul-nostru\\\/#primaryimage\"},\"thumbnailUrl\":\"https:\\\/\\\/www.lovendal.ro\\\/wp52\\\/wp-content\\\/uploads\\\/2016\\\/03\\\/alta-dimensiune.jpg\",\"datePublished\":\"2016-03-01T22:22:39+00:00\",\"dateModified\":\"2023-10-09T07:48:15+00:00\",\"breadcrumb\":{\"@id\":\"https:\\\/\\\/www.lovendal.ro\\\/wp52\\\/o-biofiziciana-din-rusia-crede-ca-din-21-12-2012-ne-am-mutat-fara-sa-ne-dam-seama-pe-o-alta-planeta-iar-acum-suntem-cu-totii-extraterestri-vai-de-capul-nostru\\\/#breadcrumb\"},\"inLanguage\":\"ro-RO\",\"potentialAction\":[{\"@type\":\"ReadAction\",\"target\":[\"https:\\\/\\\/www.lovendal.ro\\\/wp52\\\/o-biofiziciana-din-rusia-crede-ca-din-21-12-2012-ne-am-mutat-fara-sa-ne-dam-seama-pe-o-alta-planeta-iar-acum-suntem-cu-totii-extraterestri-vai-de-capul-nostru\\\/\"]}]},{\"@type\":\"ImageObject\",\"inLanguage\":\"ro-RO\",\"@id\":\"https:\\\/\\\/www.lovendal.ro\\\/wp52\\\/o-biofiziciana-din-rusia-crede-ca-din-21-12-2012-ne-am-mutat-fara-sa-ne-dam-seama-pe-o-alta-planeta-iar-acum-suntem-cu-totii-extraterestri-vai-de-capul-nostru\\\/#primaryimage\",\"url\":\"https:\\\/\\\/www.lovendal.ro\\\/wp52\\\/wp-content\\\/uploads\\\/2016\\\/03\\\/alta-dimensiune.jpg\",\"contentUrl\":\"https:\\\/\\\/www.lovendal.ro\\\/wp52\\\/wp-content\\\/uploads\\\/2016\\\/03\\\/alta-dimensiune.jpg\",\"width\":332,\"height\":233},{\"@type\":\"BreadcrumbList\",\"@id\":\"https:\\\/\\\/www.lovendal.ro\\\/wp52\\\/o-biofiziciana-din-rusia-crede-ca-din-21-12-2012-ne-am-mutat-fara-sa-ne-dam-seama-pe-o-alta-planeta-iar-acum-suntem-cu-totii-extraterestri-vai-de-capul-nostru\\\/#breadcrumb\",\"itemListElement\":[{\"@type\":\"ListItem\",\"position\":1,\"name\":\"Home\",\"item\":\"https:\\\/\\\/www.lovendal.ro\\\/wp52\\\/\"},{\"@type\":\"ListItem\",\"position\":2,\"name\":\"O biofizician\u0103 din Rusia crede c\u0103 din 21-12-2012 ne-am mutat, f\u0103r\u0103 s\u0103 ne d\u0103m seama, pe o alt\u0103 planet\u0103, iar acum suntem cu to\u0163ii&#8230;. extratere\u015ftri! Vai de capul nostru&#8230;\"}]},{\"@type\":\"WebSite\",\"@id\":\"https:\\\/\\\/www.lovendal.ro\\\/wp52\\\/#website\",\"url\":\"https:\\\/\\\/www.lovendal.ro\\\/wp52\\\/\",\"name\":\"Secretele lui Lovendal\",\"description\":\"Site de secrete, stiinta si metafizica - din 2008 -\",\"publisher\":{\"@id\":\"https:\\\/\\\/www.lovendal.ro\\\/wp52\\\/#organization\"},\"potentialAction\":[{\"@type\":\"SearchAction\",\"target\":{\"@type\":\"EntryPoint\",\"urlTemplate\":\"https:\\\/\\\/www.lovendal.ro\\\/wp52\\\/?s={search_term_string}\"},\"query-input\":{\"@type\":\"PropertyValueSpecification\",\"valueRequired\":true,\"valueName\":\"search_term_string\"}}],\"inLanguage\":\"ro-RO\"},{\"@type\":\"Organization\",\"@id\":\"https:\\\/\\\/www.lovendal.ro\\\/wp52\\\/#organization\",\"name\":\"Secretele lui Lovendal\",\"url\":\"https:\\\/\\\/www.lovendal.ro\\\/wp52\\\/\",\"logo\":{\"@type\":\"ImageObject\",\"inLanguage\":\"ro-RO\",\"@id\":\"https:\\\/\\\/www.lovendal.ro\\\/wp52\\\/#\\\/schema\\\/logo\\\/image\\\/\",\"url\":\"https:\\\/\\\/www.lovendal.ro\\\/wp52\\\/wp-content\\\/uploads\\\/2024\\\/06\\\/cropped-SLL-iun-2024-1.jpg\",\"contentUrl\":\"https:\\\/\\\/www.lovendal.ro\\\/wp52\\\/wp-content\\\/uploads\\\/2024\\\/06\\\/cropped-SLL-iun-2024-1.jpg\",\"width\":771,\"height\":240,\"caption\":\"Secretele lui Lovendal\"},\"image\":{\"@id\":\"https:\\\/\\\/www.lovendal.ro\\\/wp52\\\/#\\\/schema\\\/logo\\\/image\\\/\"},\"sameAs\":[\"https:\\\/\\\/www.facebook.com\\\/secreteleluilovendal\"]},{\"@type\":\"Person\",\"@id\":\"https:\\\/\\\/www.lovendal.ro\\\/wp52\\\/#\\\/schema\\\/person\\\/088691de5dfc346bb0c023e1e52ef5d9\",\"name\":\"admin\",\"image\":{\"@type\":\"ImageObject\",\"inLanguage\":\"ro-RO\",\"@id\":\"https:\\\/\\\/secure.gravatar.com\\\/avatar\\\/ecb9cd41f5f63c9c9b989999a59f6e2639a865ec361e9db054db0679a8f341c2?s=96&d=mm&r=g\",\"url\":\"https:\\\/\\\/secure.gravatar.com\\\/avatar\\\/ecb9cd41f5f63c9c9b989999a59f6e2639a865ec361e9db054db0679a8f341c2?s=96&d=mm&r=g\",\"contentUrl\":\"https:\\\/\\\/secure.gravatar.com\\\/avatar\\\/ecb9cd41f5f63c9c9b989999a59f6e2639a865ec361e9db054db0679a8f341c2?s=96&d=mm&r=g\",\"caption\":\"admin\"},\"sameAs\":[\"https:\\\/\\\/www.lovendal.ro\\\/wp52\"]}]}<\/script>\n<!-- \/ Yoast SEO Premium plugin. -->","yoast_head_json":{"title":"O biofizician\u0103 din Rusia crede c\u0103 din 21-12-2012 ne-am mutat, f\u0103r\u0103 s\u0103 ne d\u0103m seama, pe o alt\u0103 planet\u0103, iar acum suntem cu to\u0163ii.... extratere\u015ftri! Vai de capul nostru... - Secretele lui Lovendal","robots":{"index":"index","follow":"follow","max-snippet":"max-snippet:-1","max-image-preview":"max-image-preview:large","max-video-preview":"max-video-preview:-1"},"canonical":"https:\/\/www.lovendal.ro\/wp52\/o-biofiziciana-din-rusia-crede-ca-din-21-12-2012-ne-am-mutat-fara-sa-ne-dam-seama-pe-o-alta-planeta-iar-acum-suntem-cu-totii-extraterestri-vai-de-capul-nostru\/","og_locale":"ro_RO","og_type":"article","og_title":"O biofizician\u0103 din Rusia crede c\u0103 din 21-12-2012 ne-am mutat, f\u0103r\u0103 s\u0103 ne d\u0103m seama, pe o alt\u0103 planet\u0103, iar acum suntem cu to\u0163ii.... extratere\u015ftri! Vai de capul nostru...","og_description":"Ce s\u0103 spun de acest articol publicat \u00een 2016 pe site-ul aktual24.ro? S\u0103 r\u00e2d, s\u0103-l iau \u00een serios? S\u0103 m\u0103 cutremur? Dar, haide\u0163i s\u0103 vedem mai \u00eent\u00e2i despre ce e vorba: Un cunoscut biofizician din Rusia spune c\u0103 \u00een corpul ... Cititi mai multe","og_url":"https:\/\/www.lovendal.ro\/wp52\/o-biofiziciana-din-rusia-crede-ca-din-21-12-2012-ne-am-mutat-fara-sa-ne-dam-seama-pe-o-alta-planeta-iar-acum-suntem-cu-totii-extraterestri-vai-de-capul-nostru\/","og_site_name":"Secretele lui Lovendal","article_publisher":"https:\/\/www.facebook.com\/secreteleluilovendal","article_published_time":"2016-03-01T22:22:39+00:00","article_modified_time":"2023-10-09T07:48:15+00:00","og_image":[{"width":332,"height":233,"url":"https:\/\/www.lovendal.ro\/wp52\/wp-content\/uploads\/2016\/03\/alta-dimensiune.jpg","type":"image\/jpeg"}],"author":"admin","twitter_card":"summary_large_image","twitter_misc":{"Scris de":"admin","Timp estimat pentru citire":"2 minute"},"schema":{"@context":"https:\/\/schema.org","@graph":[{"@type":"Article","@id":"https:\/\/www.lovendal.ro\/wp52\/o-biofiziciana-din-rusia-crede-ca-din-21-12-2012-ne-am-mutat-fara-sa-ne-dam-seama-pe-o-alta-planeta-iar-acum-suntem-cu-totii-extraterestri-vai-de-capul-nostru\/#article","isPartOf":{"@id":"https:\/\/www.lovendal.ro\/wp52\/o-biofiziciana-din-rusia-crede-ca-din-21-12-2012-ne-am-mutat-fara-sa-ne-dam-seama-pe-o-alta-planeta-iar-acum-suntem-cu-totii-extraterestri-vai-de-capul-nostru\/"},"author":{"name":"admin","@id":"https:\/\/www.lovendal.ro\/wp52\/#\/schema\/person\/088691de5dfc346bb0c023e1e52ef5d9"},"headline":"O biofizician\u0103 din Rusia crede c\u0103 din 21-12-2012 ne-am mutat, f\u0103r\u0103 s\u0103 ne d\u0103m seama, pe o alt\u0103 planet\u0103, iar acum suntem cu to\u0163ii&#8230;. extratere\u015ftri! Vai de capul nostru&#8230;","datePublished":"2016-03-01T22:22:39+00:00","dateModified":"2023-10-09T07:48:15+00:00","mainEntityOfPage":{"@id":"https:\/\/www.lovendal.ro\/wp52\/o-biofiziciana-din-rusia-crede-ca-din-21-12-2012-ne-am-mutat-fara-sa-ne-dam-seama-pe-o-alta-planeta-iar-acum-suntem-cu-totii-extraterestri-vai-de-capul-nostru\/"},"wordCount":425,"commentCount":18,"publisher":{"@id":"https:\/\/www.lovendal.ro\/wp52\/#organization"},"image":{"@id":"https:\/\/www.lovendal.ro\/wp52\/o-biofiziciana-din-rusia-crede-ca-din-21-12-2012-ne-am-mutat-fara-sa-ne-dam-seama-pe-o-alta-planeta-iar-acum-suntem-cu-totii-extraterestri-vai-de-capul-nostru\/#primaryimage"},"thumbnailUrl":"https:\/\/www.lovendal.ro\/wp52\/wp-content\/uploads\/2016\/03\/alta-dimensiune.jpg","keywords":["21\/12\/2012","biofizician","dimensiune","extratere\u015ftri","Farse si Fantezii","galaxie","Lun\u0103","materie","om","planet\u0103","Rusia","sistem solar","Soare","spital","telescop","telescopul spa\u0163ial Spitzer"],"articleSection":["Farse si Fantezii"],"inLanguage":"ro-RO","potentialAction":[{"@type":"CommentAction","name":"Comment","target":["https:\/\/www.lovendal.ro\/wp52\/o-biofiziciana-din-rusia-crede-ca-din-21-12-2012-ne-am-mutat-fara-sa-ne-dam-seama-pe-o-alta-planeta-iar-acum-suntem-cu-totii-extraterestri-vai-de-capul-nostru\/#respond"]}]},{"@type":"WebPage","@id":"https:\/\/www.lovendal.ro\/wp52\/o-biofiziciana-din-rusia-crede-ca-din-21-12-2012-ne-am-mutat-fara-sa-ne-dam-seama-pe-o-alta-planeta-iar-acum-suntem-cu-totii-extraterestri-vai-de-capul-nostru\/","url":"https:\/\/www.lovendal.ro\/wp52\/o-biofiziciana-din-rusia-crede-ca-din-21-12-2012-ne-am-mutat-fara-sa-ne-dam-seama-pe-o-alta-planeta-iar-acum-suntem-cu-totii-extraterestri-vai-de-capul-nostru\/","name":"O biofizician\u0103 din Rusia crede c\u0103 din 21-12-2012 ne-am mutat, f\u0103r\u0103 s\u0103 ne d\u0103m seama, pe o alt\u0103 planet\u0103, iar acum suntem cu to\u0163ii.... extratere\u015ftri! Vai de capul nostru... - Secretele lui Lovendal","isPartOf":{"@id":"https:\/\/www.lovendal.ro\/wp52\/#website"},"primaryImageOfPage":{"@id":"https:\/\/www.lovendal.ro\/wp52\/o-biofiziciana-din-rusia-crede-ca-din-21-12-2012-ne-am-mutat-fara-sa-ne-dam-seama-pe-o-alta-planeta-iar-acum-suntem-cu-totii-extraterestri-vai-de-capul-nostru\/#primaryimage"},"image":{"@id":"https:\/\/www.lovendal.ro\/wp52\/o-biofiziciana-din-rusia-crede-ca-din-21-12-2012-ne-am-mutat-fara-sa-ne-dam-seama-pe-o-alta-planeta-iar-acum-suntem-cu-totii-extraterestri-vai-de-capul-nostru\/#primaryimage"},"thumbnailUrl":"https:\/\/www.lovendal.ro\/wp52\/wp-content\/uploads\/2016\/03\/alta-dimensiune.jpg","datePublished":"2016-03-01T22:22:39+00:00","dateModified":"2023-10-09T07:48:15+00:00","breadcrumb":{"@id":"https:\/\/www.lovendal.ro\/wp52\/o-biofiziciana-din-rusia-crede-ca-din-21-12-2012-ne-am-mutat-fara-sa-ne-dam-seama-pe-o-alta-planeta-iar-acum-suntem-cu-totii-extraterestri-vai-de-capul-nostru\/#breadcrumb"},"inLanguage":"ro-RO","potentialAction":[{"@type":"ReadAction","target":["https:\/\/www.lovendal.ro\/wp52\/o-biofiziciana-din-rusia-crede-ca-din-21-12-2012-ne-am-mutat-fara-sa-ne-dam-seama-pe-o-alta-planeta-iar-acum-suntem-cu-totii-extraterestri-vai-de-capul-nostru\/"]}]},{"@type":"ImageObject","inLanguage":"ro-RO","@id":"https:\/\/www.lovendal.ro\/wp52\/o-biofiziciana-din-rusia-crede-ca-din-21-12-2012-ne-am-mutat-fara-sa-ne-dam-seama-pe-o-alta-planeta-iar-acum-suntem-cu-totii-extraterestri-vai-de-capul-nostru\/#primaryimage","url":"https:\/\/www.lovendal.ro\/wp52\/wp-content\/uploads\/2016\/03\/alta-dimensiune.jpg","contentUrl":"https:\/\/www.lovendal.ro\/wp52\/wp-content\/uploads\/2016\/03\/alta-dimensiune.jpg","width":332,"height":233},{"@type":"BreadcrumbList","@id":"https:\/\/www.lovendal.ro\/wp52\/o-biofiziciana-din-rusia-crede-ca-din-21-12-2012-ne-am-mutat-fara-sa-ne-dam-seama-pe-o-alta-planeta-iar-acum-suntem-cu-totii-extraterestri-vai-de-capul-nostru\/#breadcrumb","itemListElement":[{"@type":"ListItem","position":1,"name":"Home","item":"https:\/\/www.lovendal.ro\/wp52\/"},{"@type":"ListItem","position":2,"name":"O biofizician\u0103 din Rusia crede c\u0103 din 21-12-2012 ne-am mutat, f\u0103r\u0103 s\u0103 ne d\u0103m seama, pe o alt\u0103 planet\u0103, iar acum suntem cu to\u0163ii&#8230;. extratere\u015ftri! Vai de capul nostru&#8230;"}]},{"@type":"WebSite","@id":"https:\/\/www.lovendal.ro\/wp52\/#website","url":"https:\/\/www.lovendal.ro\/wp52\/","name":"Secretele lui Lovendal","description":"Site de secrete, stiinta si metafizica - din 2008 -","publisher":{"@id":"https:\/\/www.lovendal.ro\/wp52\/#organization"},"potentialAction":[{"@type":"SearchAction","target":{"@type":"EntryPoint","urlTemplate":"https:\/\/www.lovendal.ro\/wp52\/?s={search_term_string}"},"query-input":{"@type":"PropertyValueSpecification","valueRequired":true,"valueName":"search_term_string"}}],"inLanguage":"ro-RO"},{"@type":"Organization","@id":"https:\/\/www.lovendal.ro\/wp52\/#organization","name":"Secretele lui Lovendal","url":"https:\/\/www.lovendal.ro\/wp52\/","logo":{"@type":"ImageObject","inLanguage":"ro-RO","@id":"https:\/\/www.lovendal.ro\/wp52\/#\/schema\/logo\/image\/","url":"https:\/\/www.lovendal.ro\/wp52\/wp-content\/uploads\/2024\/06\/cropped-SLL-iun-2024-1.jpg","contentUrl":"https:\/\/www.lovendal.ro\/wp52\/wp-content\/uploads\/2024\/06\/cropped-SLL-iun-2024-1.jpg","width":771,"height":240,"caption":"Secretele lui Lovendal"},"image":{"@id":"https:\/\/www.lovendal.ro\/wp52\/#\/schema\/logo\/image\/"},"sameAs":["https:\/\/www.facebook.com\/secreteleluilovendal"]},{"@type":"Person","@id":"https:\/\/www.lovendal.ro\/wp52\/#\/schema\/person\/088691de5dfc346bb0c023e1e52ef5d9","name":"admin","image":{"@type":"ImageObject","inLanguage":"ro-RO","@id":"https:\/\/secure.gravatar.com\/avatar\/ecb9cd41f5f63c9c9b989999a59f6e2639a865ec361e9db054db0679a8f341c2?s=96&d=mm&r=g","url":"https:\/\/secure.gravatar.com\/avatar\/ecb9cd41f5f63c9c9b989999a59f6e2639a865ec361e9db054db0679a8f341c2?s=96&d=mm&r=g","contentUrl":"https:\/\/secure.gravatar.com\/avatar\/ecb9cd41f5f63c9c9b989999a59f6e2639a865ec361e9db054db0679a8f341c2?s=96&d=mm&r=g","caption":"admin"},"sameAs":["https:\/\/www.lovendal.ro\/wp52"]}]}},"_links":{"self":[{"href":"https:\/\/www.lovendal.ro\/wp52\/wp-json\/wp\/v2\/posts\/43140","targetHints":{"allow":["GET"]}}],"collection":[{"href":"https:\/\/www.lovendal.ro\/wp52\/wp-json\/wp\/v2\/posts"}],"about":[{"href":"https:\/\/www.lovendal.ro\/wp52\/wp-json\/wp\/v2\/types\/post"}],"author":[{"embeddable":true,"href":"https:\/\/www.lovendal.ro\/wp52\/wp-json\/wp\/v2\/users\/1"}],"replies":[{"embeddable":true,"href":"https:\/\/www.lovendal.ro\/wp52\/wp-json\/wp\/v2\/comments?post=43140"}],"version-history":[{"count":1,"href":"https:\/\/www.lovendal.ro\/wp52\/wp-json\/wp\/v2\/posts\/43140\/revisions"}],"predecessor-version":[{"id":88099,"href":"https:\/\/www.lovendal.ro\/wp52\/wp-json\/wp\/v2\/posts\/43140\/revisions\/88099"}],"wp:featuredmedia":[{"embeddable":true,"href":"https:\/\/www.lovendal.ro\/wp52\/wp-json\/wp\/v2\/media\/43141"}],"wp:attachment":[{"href":"https:\/\/www.lovendal.ro\/wp52\/wp-json\/wp\/v2\/media?parent=43140"}],"wp:term":[{"taxonomy":"category","embeddable":true,"href":"https:\/\/www.lovendal.ro\/wp52\/wp-json\/wp\/v2\/categories?post=43140"},{"taxonomy":"post_tag","embeddable":true,"href":"https:\/\/www.lovendal.ro\/wp52\/wp-json\/wp\/v2\/tags?post=43140"}],"curies":[{"name":"wp","href":"https:\/\/api.w.org\/{rel}","templated":true}]}}