{"id":43091,"date":"2016-02-28T00:24:49","date_gmt":"2016-02-27T22:24:49","guid":{"rendered":"http:\/\/www.lovendal.ro\/wp52\/?p=43091"},"modified":"2016-02-28T00:24:52","modified_gmt":"2016-02-27T22:24:52","slug":"va-vine-sa-credeti-persoana-din-aceasta-fotografie-a-aparut-pe-lume-in-1745-si-este-primul-om-fotografiat-care-s-a-nascut-cel-mai-timpuriu-si-mai-era-si-cizmar-ca-ceausescu","status":"publish","type":"post","link":"https:\/\/www.lovendal.ro\/wp52\/va-vine-sa-credeti-persoana-din-aceasta-fotografie-a-aparut-pe-lume-in-1745-si-este-primul-om-fotografiat-care-s-a-nascut-cel-mai-timpuriu-si-mai-era-si-cizmar-ca-ceausescu\/","title":{"rendered":"V\u0103 vine s\u0103 crede\u0163i? Persoana din aceast\u0103 fotografie a ap\u0103rut pe lume \u00een 1745 \u015fi este primul om fotografiat care s-a n\u0103scut cel mai timpuriu! \u015ei mai era \u015fi cizmar, ca Ceau\u015fescu&#8230;"},"content":{"rendered":"<p><a href=\"https:\/\/www.lovendal.ro\/wp52\/va-vine-sa-credeti-persoana-din-aceasta-fotografie-a-aparut-pe-lume-in-1745-si-este-primul-om-fotografiat-care-s-a-nascut-cel-mai-timpuriu-si-mai-era-si-cizmar-ca-ceausescu\/johnadams\/\" rel=\"attachment wp-att-43092\"><img loading=\"lazy\" decoding=\"async\" class=\"alignleft size-full wp-image-43092\" src=\"https:\/\/www.lovendal.ro\/wp52\/wp-content\/uploads\/2016\/02\/johnadams.jpg\" alt=\"johnadams\" width=\"333\" height=\"332\" srcset=\"https:\/\/www.lovendal.ro\/wp52\/wp-content\/uploads\/2016\/02\/johnadams.jpg 333w, https:\/\/www.lovendal.ro\/wp52\/wp-content\/uploads\/2016\/02\/johnadams-150x150.jpg 150w, https:\/\/www.lovendal.ro\/wp52\/wp-content\/uploads\/2016\/02\/johnadams-300x300.jpg 300w, https:\/\/www.lovendal.ro\/wp52\/wp-content\/uploads\/2016\/02\/johnadams-65x65.jpg 65w\" sizes=\"auto, (max-width: 333px) 100vw, 333px\" \/><\/a>Cine cunoa\u015fte pu\u0163in istoria fotografiei, va re\u0163ine cu siguran\u0163\u0103 c\u00e2teva date importante legate de aceast\u0103 magic\u0103 art\u0103: prima fotografie (1826), prima fotografie a Soarelui (1845), primul pre\u015fedinte american fotografiat (1843) sau prima fotografie digital\u0103 (1957). Dar cine a fost \u00een istorie prima persoan\u0103 fotografiat\u0103 \u00een lume, care s-a n\u0103scut cel mai devreme?<\/p>\n<p>Persoana respectiv\u0103 se nume\u015fte\u00a0<span id=\"result_box\" class=\"\" lang=\"ro\"><span class=\"hps\">John<\/span> <span class=\"hps\">Adams<\/span>, s-a<span class=\"hps\"> n\u0103scut \u00een<\/span> <span class=\"hps\">Worcester<\/span>, <span class=\"hps\">Massachusetts (SUA)<\/span> <span class=\"hps\">la 22 ianuarie<\/span> <span class=\"hps\">1745, \u015fi a fost<\/span> <span class=\"hps\">fiul<\/span> <span class=\"hps\">c\u0103pitanului<\/span> <span class=\"hps\">Thomas<\/span> <span class=\"hps\">Adams<\/span> <span class=\"hps\">\u0219i<\/span> al <span class=\"hps\">Lydiei<\/span> <span class=\"hps\">Chadwick<\/span>. Fiind <span class=\"hps\">cizmar<\/span>, acesta <span class=\"hps\">a murit<\/span> <span class=\"hps\">la 26 martie<\/span> <span class=\"hps\">1849<\/span> <span class=\"hps\">\u00een<\/span> <span class=\"hps\">Harford<\/span>, <span class=\"hps\">Pennsylvania<\/span>, <span class=\"hps\">\u00een v\u00e2rst\u0103 de<\/span> <span class=\"hps\">104 ani<\/span>, <span class=\"hps\">chiar \u00een acel an f\u0103c\u00e2nd numai pu\u0163in de 9 perechi de pantofi<\/span>. Nu se \u015ftie exact c\u00e2nd a fost realizat\u0103 poza de mai sus, dar se presupune c\u0103 ea a fost f\u0103cut\u0103 pu\u0163in \u00eenainte de moartea cizmarului. <span class=\"hps\">O<\/span> <span class=\"hps\">copie<\/span> <span class=\"hps\">fotografic\u0103<\/span> <span class=\"hps\">a<\/span> <span class=\"hps\">unui<\/span> &#8222;<span class=\"hps\">daguerreotype&#8221;<\/span>\u00a0<span class=\"hps\">se afl\u0103 \u00een<\/span> <span class=\"hps\">posesia<\/span> <span class=\"hps\">Societ\u0103\u021bii de Istorie<\/span> <span class=\"hps\">Susquehanna<\/span> <span class=\"hps\">County<\/span>; nu se \u015ftie unde este originalul. Tehnica de fotografiere daguerreotype a fost inventat\u0103 \u00een 1839.<\/span><\/p>\n<p>\u00cen schimb, site-ul <a href=\"http:\/\/www.imaging-resource.com\/news\/2014\/05\/19\/conrad-hayer-earliest-born-person-ever-to-be-photographed\" target=\"_blank\"><strong>imaging-resource.com<\/strong><\/a> crede c\u0103 prima persoan\u0103 fotografiat\u0103 \u00een lume, care s-a n\u0103scut cel mai devreme, ar fi Conrad Heyer, un veteran al R\u0103zboiului de Independen\u0163\u0103 american, numai c\u0103 acesta s-a n\u0103scut \u00een 1749, fiind astfel cu 4 ani mai t\u00e2n\u0103r dec\u00e2t John Adams.<\/p>\n<p>C\u0103 o fi John Adams sau Conrad Heyer prima persoan\u0103 fotografiat\u0103 \u00een lume, care s-a n\u0103scut cel mai devreme, e greu de \u015ftiut. Totu\u015fi, trebuie s\u0103 remarc\u0103m c\u0103 aceste persoane fotografiate au prins vremea lui Voltaire, a lui George Washington \u015fi a lui Napoleon. C\u00e2nd ei s-au n\u0103scut, nici nu b\u0103nuiau c\u0103, undeva la b\u0103tr\u0103ne\u0163e, cineva, cu un aparat modern, le va surprinde propriile chipuri reale, f\u0103r\u0103 interven\u0163ia penelului vreunui pictor&#8230;<\/p>\n","protected":false},"excerpt":{"rendered":"<p>Cine cunoa\u015fte pu\u0163in istoria fotografiei, va re\u0163ine cu siguran\u0163\u0103 c\u00e2teva date importante legate de aceast\u0103 magic\u0103 art\u0103: prima fotografie (1826), prima fotografie a Soarelui (1845), primul pre\u015fedinte american fotografiat (1843) sau prima fotografie digital\u0103 (1957). Dar cine a fost \u00een &#8230; <\/p>\n<p class=\"read-more-container\"><a title=\"V\u0103 vine s\u0103 crede\u0163i? Persoana din aceast\u0103 fotografie a ap\u0103rut pe lume \u00een 1745 \u015fi este primul om fotografiat care s-a n\u0103scut cel mai timpuriu! \u015ei mai era \u015fi cizmar, ca Ceau\u015fescu&#8230;\" class=\"read-more button\" href=\"https:\/\/www.lovendal.ro\/wp52\/va-vine-sa-credeti-persoana-din-aceasta-fotografie-a-aparut-pe-lume-in-1745-si-este-primul-om-fotografiat-care-s-a-nascut-cel-mai-timpuriu-si-mai-era-si-cizmar-ca-ceausescu\/#more-43091\" aria-label=\"Cite\u0219te mai multe despre V\u0103 vine s\u0103 crede\u0163i? Persoana din aceast\u0103 fotografie a ap\u0103rut pe lume \u00een 1745 \u015fi este primul om fotografiat care s-a n\u0103scut cel mai timpuriu! \u015ei mai era \u015fi cizmar, ca Ceau\u015fescu&#8230;\">Cititi mai multe<\/a><\/p>\n","protected":false},"author":1,"featured_media":43092,"comment_status":"open","ping_status":"open","sticky":false,"template":"","format":"standard","meta":{"footnotes":""},"categories":[1852,2833],"tags":[135,9264,15,3912,9809,108,201,4844,5403,165,190,23,1517],"class_list":["post-43091","post","type-post","status-publish","format-standard","has-post-thumbnail","hentry","category-incredibil","category-noutati","tag-ceausescu","tag-cizmar","tag-fotografie","tag-george-washington","tag-incredibil","tag-moarte","tag-napoleon","tag-pantofi","tag-pennsylvania","tag-pictor","tag-presedinte","tag-sua","tag-voltaire","resize-featured-image"],"yoast_head":"<!-- This site is optimized with the Yoast SEO Premium plugin v23.3 (Yoast SEO v27.4) - https:\/\/yoast.com\/product\/yoast-seo-premium-wordpress\/ -->\n<title>V\u0103 vine s\u0103 crede\u0163i? Persoana din aceast\u0103 fotografie a ap\u0103rut pe lume \u00een 1745 \u015fi este primul om fotografiat care s-a n\u0103scut cel mai timpuriu! \u015ei mai era \u015fi cizmar, ca Ceau\u015fescu... - Secretele lui Lovendal<\/title>\n<meta name=\"robots\" content=\"index, follow, max-snippet:-1, max-image-preview:large, max-video-preview:-1\" \/>\n<link rel=\"canonical\" href=\"https:\/\/www.lovendal.ro\/wp52\/va-vine-sa-credeti-persoana-din-aceasta-fotografie-a-aparut-pe-lume-in-1745-si-este-primul-om-fotografiat-care-s-a-nascut-cel-mai-timpuriu-si-mai-era-si-cizmar-ca-ceausescu\/\" \/>\n<meta property=\"og:locale\" content=\"ro_RO\" \/>\n<meta property=\"og:type\" content=\"article\" \/>\n<meta property=\"og:title\" content=\"V\u0103 vine s\u0103 crede\u0163i? Persoana din aceast\u0103 fotografie a ap\u0103rut pe lume \u00een 1745 \u015fi este primul om fotografiat care s-a n\u0103scut cel mai timpuriu! \u015ei mai era \u015fi cizmar, ca Ceau\u015fescu...\" \/>\n<meta property=\"og:description\" content=\"Cine cunoa\u015fte pu\u0163in istoria fotografiei, va re\u0163ine cu siguran\u0163\u0103 c\u00e2teva date importante legate de aceast\u0103 magic\u0103 art\u0103: prima fotografie (1826), prima fotografie a Soarelui (1845), primul pre\u015fedinte american fotografiat (1843) sau prima fotografie digital\u0103 (1957). Dar cine a fost \u00een ... Cititi mai multe\" \/>\n<meta property=\"og:url\" content=\"https:\/\/www.lovendal.ro\/wp52\/va-vine-sa-credeti-persoana-din-aceasta-fotografie-a-aparut-pe-lume-in-1745-si-este-primul-om-fotografiat-care-s-a-nascut-cel-mai-timpuriu-si-mai-era-si-cizmar-ca-ceausescu\/\" \/>\n<meta property=\"og:site_name\" content=\"Secretele lui Lovendal\" \/>\n<meta property=\"article:publisher\" content=\"https:\/\/www.facebook.com\/secreteleluilovendal\" \/>\n<meta property=\"article:published_time\" content=\"2016-02-27T22:24:49+00:00\" \/>\n<meta property=\"article:modified_time\" content=\"2016-02-27T22:24:52+00:00\" \/>\n<meta property=\"og:image\" content=\"https:\/\/www.lovendal.ro\/wp52\/wp-content\/uploads\/2016\/02\/johnadams.jpg\" \/>\n\t<meta property=\"og:image:width\" content=\"333\" \/>\n\t<meta property=\"og:image:height\" content=\"332\" \/>\n\t<meta property=\"og:image:type\" content=\"image\/jpeg\" \/>\n<meta name=\"author\" content=\"admin\" \/>\n<meta name=\"twitter:card\" content=\"summary_large_image\" \/>\n<meta name=\"twitter:label1\" content=\"Scris de\" \/>\n\t<meta name=\"twitter:data1\" content=\"admin\" \/>\n\t<meta name=\"twitter:label2\" content=\"Timp estimat pentru citire\" \/>\n\t<meta name=\"twitter:data2\" content=\"2 minute\" \/>\n<script type=\"application\/ld+json\" class=\"yoast-schema-graph\">{\"@context\":\"https:\\\/\\\/schema.org\",\"@graph\":[{\"@type\":\"Article\",\"@id\":\"https:\\\/\\\/www.lovendal.ro\\\/wp52\\\/va-vine-sa-credeti-persoana-din-aceasta-fotografie-a-aparut-pe-lume-in-1745-si-este-primul-om-fotografiat-care-s-a-nascut-cel-mai-timpuriu-si-mai-era-si-cizmar-ca-ceausescu\\\/#article\",\"isPartOf\":{\"@id\":\"https:\\\/\\\/www.lovendal.ro\\\/wp52\\\/va-vine-sa-credeti-persoana-din-aceasta-fotografie-a-aparut-pe-lume-in-1745-si-este-primul-om-fotografiat-care-s-a-nascut-cel-mai-timpuriu-si-mai-era-si-cizmar-ca-ceausescu\\\/\"},\"author\":{\"name\":\"admin\",\"@id\":\"https:\\\/\\\/www.lovendal.ro\\\/wp52\\\/#\\\/schema\\\/person\\\/088691de5dfc346bb0c023e1e52ef5d9\"},\"headline\":\"V\u0103 vine s\u0103 crede\u0163i? Persoana din aceast\u0103 fotografie a ap\u0103rut pe lume \u00een 1745 \u015fi este primul om fotografiat care s-a n\u0103scut cel mai timpuriu! \u015ei mai era \u015fi cizmar, ca Ceau\u015fescu&#8230;\",\"datePublished\":\"2016-02-27T22:24:49+00:00\",\"dateModified\":\"2016-02-27T22:24:52+00:00\",\"mainEntityOfPage\":{\"@id\":\"https:\\\/\\\/www.lovendal.ro\\\/wp52\\\/va-vine-sa-credeti-persoana-din-aceasta-fotografie-a-aparut-pe-lume-in-1745-si-este-primul-om-fotografiat-care-s-a-nascut-cel-mai-timpuriu-si-mai-era-si-cizmar-ca-ceausescu\\\/\"},\"wordCount\":336,\"commentCount\":5,\"publisher\":{\"@id\":\"https:\\\/\\\/www.lovendal.ro\\\/wp52\\\/#organization\"},\"image\":{\"@id\":\"https:\\\/\\\/www.lovendal.ro\\\/wp52\\\/va-vine-sa-credeti-persoana-din-aceasta-fotografie-a-aparut-pe-lume-in-1745-si-este-primul-om-fotografiat-care-s-a-nascut-cel-mai-timpuriu-si-mai-era-si-cizmar-ca-ceausescu\\\/#primaryimage\"},\"thumbnailUrl\":\"https:\\\/\\\/www.lovendal.ro\\\/wp52\\\/wp-content\\\/uploads\\\/2016\\\/02\\\/johnadams.jpg\",\"keywords\":[\"Ceau\u015fescu\",\"cizmar\",\"fotografie\",\"George Washington\",\"Incredibil!\",\"moarte\",\"Napoleon\",\"pantofi\",\"Pennsylvania\",\"pictor\",\"pre\u015fedinte\",\"SUA\",\"Voltaire\"],\"articleSection\":[\"Incredibil!\",\"Noutati\"],\"inLanguage\":\"ro-RO\",\"potentialAction\":[{\"@type\":\"CommentAction\",\"name\":\"Comment\",\"target\":[\"https:\\\/\\\/www.lovendal.ro\\\/wp52\\\/va-vine-sa-credeti-persoana-din-aceasta-fotografie-a-aparut-pe-lume-in-1745-si-este-primul-om-fotografiat-care-s-a-nascut-cel-mai-timpuriu-si-mai-era-si-cizmar-ca-ceausescu\\\/#respond\"]}]},{\"@type\":\"WebPage\",\"@id\":\"https:\\\/\\\/www.lovendal.ro\\\/wp52\\\/va-vine-sa-credeti-persoana-din-aceasta-fotografie-a-aparut-pe-lume-in-1745-si-este-primul-om-fotografiat-care-s-a-nascut-cel-mai-timpuriu-si-mai-era-si-cizmar-ca-ceausescu\\\/\",\"url\":\"https:\\\/\\\/www.lovendal.ro\\\/wp52\\\/va-vine-sa-credeti-persoana-din-aceasta-fotografie-a-aparut-pe-lume-in-1745-si-este-primul-om-fotografiat-care-s-a-nascut-cel-mai-timpuriu-si-mai-era-si-cizmar-ca-ceausescu\\\/\",\"name\":\"V\u0103 vine s\u0103 crede\u0163i? Persoana din aceast\u0103 fotografie a ap\u0103rut pe lume \u00een 1745 \u015fi este primul om fotografiat care s-a n\u0103scut cel mai timpuriu! \u015ei mai era \u015fi cizmar, ca Ceau\u015fescu... - Secretele lui Lovendal\",\"isPartOf\":{\"@id\":\"https:\\\/\\\/www.lovendal.ro\\\/wp52\\\/#website\"},\"primaryImageOfPage\":{\"@id\":\"https:\\\/\\\/www.lovendal.ro\\\/wp52\\\/va-vine-sa-credeti-persoana-din-aceasta-fotografie-a-aparut-pe-lume-in-1745-si-este-primul-om-fotografiat-care-s-a-nascut-cel-mai-timpuriu-si-mai-era-si-cizmar-ca-ceausescu\\\/#primaryimage\"},\"image\":{\"@id\":\"https:\\\/\\\/www.lovendal.ro\\\/wp52\\\/va-vine-sa-credeti-persoana-din-aceasta-fotografie-a-aparut-pe-lume-in-1745-si-este-primul-om-fotografiat-care-s-a-nascut-cel-mai-timpuriu-si-mai-era-si-cizmar-ca-ceausescu\\\/#primaryimage\"},\"thumbnailUrl\":\"https:\\\/\\\/www.lovendal.ro\\\/wp52\\\/wp-content\\\/uploads\\\/2016\\\/02\\\/johnadams.jpg\",\"datePublished\":\"2016-02-27T22:24:49+00:00\",\"dateModified\":\"2016-02-27T22:24:52+00:00\",\"breadcrumb\":{\"@id\":\"https:\\\/\\\/www.lovendal.ro\\\/wp52\\\/va-vine-sa-credeti-persoana-din-aceasta-fotografie-a-aparut-pe-lume-in-1745-si-este-primul-om-fotografiat-care-s-a-nascut-cel-mai-timpuriu-si-mai-era-si-cizmar-ca-ceausescu\\\/#breadcrumb\"},\"inLanguage\":\"ro-RO\",\"potentialAction\":[{\"@type\":\"ReadAction\",\"target\":[\"https:\\\/\\\/www.lovendal.ro\\\/wp52\\\/va-vine-sa-credeti-persoana-din-aceasta-fotografie-a-aparut-pe-lume-in-1745-si-este-primul-om-fotografiat-care-s-a-nascut-cel-mai-timpuriu-si-mai-era-si-cizmar-ca-ceausescu\\\/\"]}]},{\"@type\":\"ImageObject\",\"inLanguage\":\"ro-RO\",\"@id\":\"https:\\\/\\\/www.lovendal.ro\\\/wp52\\\/va-vine-sa-credeti-persoana-din-aceasta-fotografie-a-aparut-pe-lume-in-1745-si-este-primul-om-fotografiat-care-s-a-nascut-cel-mai-timpuriu-si-mai-era-si-cizmar-ca-ceausescu\\\/#primaryimage\",\"url\":\"https:\\\/\\\/www.lovendal.ro\\\/wp52\\\/wp-content\\\/uploads\\\/2016\\\/02\\\/johnadams.jpg\",\"contentUrl\":\"https:\\\/\\\/www.lovendal.ro\\\/wp52\\\/wp-content\\\/uploads\\\/2016\\\/02\\\/johnadams.jpg\",\"width\":333,\"height\":332},{\"@type\":\"BreadcrumbList\",\"@id\":\"https:\\\/\\\/www.lovendal.ro\\\/wp52\\\/va-vine-sa-credeti-persoana-din-aceasta-fotografie-a-aparut-pe-lume-in-1745-si-este-primul-om-fotografiat-care-s-a-nascut-cel-mai-timpuriu-si-mai-era-si-cizmar-ca-ceausescu\\\/#breadcrumb\",\"itemListElement\":[{\"@type\":\"ListItem\",\"position\":1,\"name\":\"Home\",\"item\":\"https:\\\/\\\/www.lovendal.ro\\\/wp52\\\/\"},{\"@type\":\"ListItem\",\"position\":2,\"name\":\"V\u0103 vine s\u0103 crede\u0163i? Persoana din aceast\u0103 fotografie a ap\u0103rut pe lume \u00een 1745 \u015fi este primul om fotografiat care s-a n\u0103scut cel mai timpuriu! \u015ei mai era \u015fi cizmar, ca Ceau\u015fescu&#8230;\"}]},{\"@type\":\"WebSite\",\"@id\":\"https:\\\/\\\/www.lovendal.ro\\\/wp52\\\/#website\",\"url\":\"https:\\\/\\\/www.lovendal.ro\\\/wp52\\\/\",\"name\":\"Secretele lui Lovendal\",\"description\":\"Site de secrete, stiinta si metafizica - din 2008 -\",\"publisher\":{\"@id\":\"https:\\\/\\\/www.lovendal.ro\\\/wp52\\\/#organization\"},\"potentialAction\":[{\"@type\":\"SearchAction\",\"target\":{\"@type\":\"EntryPoint\",\"urlTemplate\":\"https:\\\/\\\/www.lovendal.ro\\\/wp52\\\/?s={search_term_string}\"},\"query-input\":{\"@type\":\"PropertyValueSpecification\",\"valueRequired\":true,\"valueName\":\"search_term_string\"}}],\"inLanguage\":\"ro-RO\"},{\"@type\":\"Organization\",\"@id\":\"https:\\\/\\\/www.lovendal.ro\\\/wp52\\\/#organization\",\"name\":\"Secretele lui Lovendal\",\"url\":\"https:\\\/\\\/www.lovendal.ro\\\/wp52\\\/\",\"logo\":{\"@type\":\"ImageObject\",\"inLanguage\":\"ro-RO\",\"@id\":\"https:\\\/\\\/www.lovendal.ro\\\/wp52\\\/#\\\/schema\\\/logo\\\/image\\\/\",\"url\":\"https:\\\/\\\/www.lovendal.ro\\\/wp52\\\/wp-content\\\/uploads\\\/2024\\\/06\\\/cropped-SLL-iun-2024-1.jpg\",\"contentUrl\":\"https:\\\/\\\/www.lovendal.ro\\\/wp52\\\/wp-content\\\/uploads\\\/2024\\\/06\\\/cropped-SLL-iun-2024-1.jpg\",\"width\":771,\"height\":240,\"caption\":\"Secretele lui Lovendal\"},\"image\":{\"@id\":\"https:\\\/\\\/www.lovendal.ro\\\/wp52\\\/#\\\/schema\\\/logo\\\/image\\\/\"},\"sameAs\":[\"https:\\\/\\\/www.facebook.com\\\/secreteleluilovendal\"]},{\"@type\":\"Person\",\"@id\":\"https:\\\/\\\/www.lovendal.ro\\\/wp52\\\/#\\\/schema\\\/person\\\/088691de5dfc346bb0c023e1e52ef5d9\",\"name\":\"admin\",\"image\":{\"@type\":\"ImageObject\",\"inLanguage\":\"ro-RO\",\"@id\":\"https:\\\/\\\/secure.gravatar.com\\\/avatar\\\/ecb9cd41f5f63c9c9b989999a59f6e2639a865ec361e9db054db0679a8f341c2?s=96&d=mm&r=g\",\"url\":\"https:\\\/\\\/secure.gravatar.com\\\/avatar\\\/ecb9cd41f5f63c9c9b989999a59f6e2639a865ec361e9db054db0679a8f341c2?s=96&d=mm&r=g\",\"contentUrl\":\"https:\\\/\\\/secure.gravatar.com\\\/avatar\\\/ecb9cd41f5f63c9c9b989999a59f6e2639a865ec361e9db054db0679a8f341c2?s=96&d=mm&r=g\",\"caption\":\"admin\"},\"sameAs\":[\"https:\\\/\\\/www.lovendal.ro\\\/wp52\"]}]}<\/script>\n<!-- \/ Yoast SEO Premium plugin. -->","yoast_head_json":{"title":"V\u0103 vine s\u0103 crede\u0163i? Persoana din aceast\u0103 fotografie a ap\u0103rut pe lume \u00een 1745 \u015fi este primul om fotografiat care s-a n\u0103scut cel mai timpuriu! \u015ei mai era \u015fi cizmar, ca Ceau\u015fescu... - Secretele lui Lovendal","robots":{"index":"index","follow":"follow","max-snippet":"max-snippet:-1","max-image-preview":"max-image-preview:large","max-video-preview":"max-video-preview:-1"},"canonical":"https:\/\/www.lovendal.ro\/wp52\/va-vine-sa-credeti-persoana-din-aceasta-fotografie-a-aparut-pe-lume-in-1745-si-este-primul-om-fotografiat-care-s-a-nascut-cel-mai-timpuriu-si-mai-era-si-cizmar-ca-ceausescu\/","og_locale":"ro_RO","og_type":"article","og_title":"V\u0103 vine s\u0103 crede\u0163i? Persoana din aceast\u0103 fotografie a ap\u0103rut pe lume \u00een 1745 \u015fi este primul om fotografiat care s-a n\u0103scut cel mai timpuriu! \u015ei mai era \u015fi cizmar, ca Ceau\u015fescu...","og_description":"Cine cunoa\u015fte pu\u0163in istoria fotografiei, va re\u0163ine cu siguran\u0163\u0103 c\u00e2teva date importante legate de aceast\u0103 magic\u0103 art\u0103: prima fotografie (1826), prima fotografie a Soarelui (1845), primul pre\u015fedinte american fotografiat (1843) sau prima fotografie digital\u0103 (1957). Dar cine a fost \u00een ... Cititi mai multe","og_url":"https:\/\/www.lovendal.ro\/wp52\/va-vine-sa-credeti-persoana-din-aceasta-fotografie-a-aparut-pe-lume-in-1745-si-este-primul-om-fotografiat-care-s-a-nascut-cel-mai-timpuriu-si-mai-era-si-cizmar-ca-ceausescu\/","og_site_name":"Secretele lui Lovendal","article_publisher":"https:\/\/www.facebook.com\/secreteleluilovendal","article_published_time":"2016-02-27T22:24:49+00:00","article_modified_time":"2016-02-27T22:24:52+00:00","og_image":[{"width":333,"height":332,"url":"https:\/\/www.lovendal.ro\/wp52\/wp-content\/uploads\/2016\/02\/johnadams.jpg","type":"image\/jpeg"}],"author":"admin","twitter_card":"summary_large_image","twitter_misc":{"Scris de":"admin","Timp estimat pentru citire":"2 minute"},"schema":{"@context":"https:\/\/schema.org","@graph":[{"@type":"Article","@id":"https:\/\/www.lovendal.ro\/wp52\/va-vine-sa-credeti-persoana-din-aceasta-fotografie-a-aparut-pe-lume-in-1745-si-este-primul-om-fotografiat-care-s-a-nascut-cel-mai-timpuriu-si-mai-era-si-cizmar-ca-ceausescu\/#article","isPartOf":{"@id":"https:\/\/www.lovendal.ro\/wp52\/va-vine-sa-credeti-persoana-din-aceasta-fotografie-a-aparut-pe-lume-in-1745-si-este-primul-om-fotografiat-care-s-a-nascut-cel-mai-timpuriu-si-mai-era-si-cizmar-ca-ceausescu\/"},"author":{"name":"admin","@id":"https:\/\/www.lovendal.ro\/wp52\/#\/schema\/person\/088691de5dfc346bb0c023e1e52ef5d9"},"headline":"V\u0103 vine s\u0103 crede\u0163i? Persoana din aceast\u0103 fotografie a ap\u0103rut pe lume \u00een 1745 \u015fi este primul om fotografiat care s-a n\u0103scut cel mai timpuriu! \u015ei mai era \u015fi cizmar, ca Ceau\u015fescu&#8230;","datePublished":"2016-02-27T22:24:49+00:00","dateModified":"2016-02-27T22:24:52+00:00","mainEntityOfPage":{"@id":"https:\/\/www.lovendal.ro\/wp52\/va-vine-sa-credeti-persoana-din-aceasta-fotografie-a-aparut-pe-lume-in-1745-si-este-primul-om-fotografiat-care-s-a-nascut-cel-mai-timpuriu-si-mai-era-si-cizmar-ca-ceausescu\/"},"wordCount":336,"commentCount":5,"publisher":{"@id":"https:\/\/www.lovendal.ro\/wp52\/#organization"},"image":{"@id":"https:\/\/www.lovendal.ro\/wp52\/va-vine-sa-credeti-persoana-din-aceasta-fotografie-a-aparut-pe-lume-in-1745-si-este-primul-om-fotografiat-care-s-a-nascut-cel-mai-timpuriu-si-mai-era-si-cizmar-ca-ceausescu\/#primaryimage"},"thumbnailUrl":"https:\/\/www.lovendal.ro\/wp52\/wp-content\/uploads\/2016\/02\/johnadams.jpg","keywords":["Ceau\u015fescu","cizmar","fotografie","George Washington","Incredibil!","moarte","Napoleon","pantofi","Pennsylvania","pictor","pre\u015fedinte","SUA","Voltaire"],"articleSection":["Incredibil!","Noutati"],"inLanguage":"ro-RO","potentialAction":[{"@type":"CommentAction","name":"Comment","target":["https:\/\/www.lovendal.ro\/wp52\/va-vine-sa-credeti-persoana-din-aceasta-fotografie-a-aparut-pe-lume-in-1745-si-este-primul-om-fotografiat-care-s-a-nascut-cel-mai-timpuriu-si-mai-era-si-cizmar-ca-ceausescu\/#respond"]}]},{"@type":"WebPage","@id":"https:\/\/www.lovendal.ro\/wp52\/va-vine-sa-credeti-persoana-din-aceasta-fotografie-a-aparut-pe-lume-in-1745-si-este-primul-om-fotografiat-care-s-a-nascut-cel-mai-timpuriu-si-mai-era-si-cizmar-ca-ceausescu\/","url":"https:\/\/www.lovendal.ro\/wp52\/va-vine-sa-credeti-persoana-din-aceasta-fotografie-a-aparut-pe-lume-in-1745-si-este-primul-om-fotografiat-care-s-a-nascut-cel-mai-timpuriu-si-mai-era-si-cizmar-ca-ceausescu\/","name":"V\u0103 vine s\u0103 crede\u0163i? Persoana din aceast\u0103 fotografie a ap\u0103rut pe lume \u00een 1745 \u015fi este primul om fotografiat care s-a n\u0103scut cel mai timpuriu! \u015ei mai era \u015fi cizmar, ca Ceau\u015fescu... - Secretele lui Lovendal","isPartOf":{"@id":"https:\/\/www.lovendal.ro\/wp52\/#website"},"primaryImageOfPage":{"@id":"https:\/\/www.lovendal.ro\/wp52\/va-vine-sa-credeti-persoana-din-aceasta-fotografie-a-aparut-pe-lume-in-1745-si-este-primul-om-fotografiat-care-s-a-nascut-cel-mai-timpuriu-si-mai-era-si-cizmar-ca-ceausescu\/#primaryimage"},"image":{"@id":"https:\/\/www.lovendal.ro\/wp52\/va-vine-sa-credeti-persoana-din-aceasta-fotografie-a-aparut-pe-lume-in-1745-si-este-primul-om-fotografiat-care-s-a-nascut-cel-mai-timpuriu-si-mai-era-si-cizmar-ca-ceausescu\/#primaryimage"},"thumbnailUrl":"https:\/\/www.lovendal.ro\/wp52\/wp-content\/uploads\/2016\/02\/johnadams.jpg","datePublished":"2016-02-27T22:24:49+00:00","dateModified":"2016-02-27T22:24:52+00:00","breadcrumb":{"@id":"https:\/\/www.lovendal.ro\/wp52\/va-vine-sa-credeti-persoana-din-aceasta-fotografie-a-aparut-pe-lume-in-1745-si-este-primul-om-fotografiat-care-s-a-nascut-cel-mai-timpuriu-si-mai-era-si-cizmar-ca-ceausescu\/#breadcrumb"},"inLanguage":"ro-RO","potentialAction":[{"@type":"ReadAction","target":["https:\/\/www.lovendal.ro\/wp52\/va-vine-sa-credeti-persoana-din-aceasta-fotografie-a-aparut-pe-lume-in-1745-si-este-primul-om-fotografiat-care-s-a-nascut-cel-mai-timpuriu-si-mai-era-si-cizmar-ca-ceausescu\/"]}]},{"@type":"ImageObject","inLanguage":"ro-RO","@id":"https:\/\/www.lovendal.ro\/wp52\/va-vine-sa-credeti-persoana-din-aceasta-fotografie-a-aparut-pe-lume-in-1745-si-este-primul-om-fotografiat-care-s-a-nascut-cel-mai-timpuriu-si-mai-era-si-cizmar-ca-ceausescu\/#primaryimage","url":"https:\/\/www.lovendal.ro\/wp52\/wp-content\/uploads\/2016\/02\/johnadams.jpg","contentUrl":"https:\/\/www.lovendal.ro\/wp52\/wp-content\/uploads\/2016\/02\/johnadams.jpg","width":333,"height":332},{"@type":"BreadcrumbList","@id":"https:\/\/www.lovendal.ro\/wp52\/va-vine-sa-credeti-persoana-din-aceasta-fotografie-a-aparut-pe-lume-in-1745-si-este-primul-om-fotografiat-care-s-a-nascut-cel-mai-timpuriu-si-mai-era-si-cizmar-ca-ceausescu\/#breadcrumb","itemListElement":[{"@type":"ListItem","position":1,"name":"Home","item":"https:\/\/www.lovendal.ro\/wp52\/"},{"@type":"ListItem","position":2,"name":"V\u0103 vine s\u0103 crede\u0163i? Persoana din aceast\u0103 fotografie a ap\u0103rut pe lume \u00een 1745 \u015fi este primul om fotografiat care s-a n\u0103scut cel mai timpuriu! \u015ei mai era \u015fi cizmar, ca Ceau\u015fescu&#8230;"}]},{"@type":"WebSite","@id":"https:\/\/www.lovendal.ro\/wp52\/#website","url":"https:\/\/www.lovendal.ro\/wp52\/","name":"Secretele lui Lovendal","description":"Site de secrete, stiinta si metafizica - din 2008 -","publisher":{"@id":"https:\/\/www.lovendal.ro\/wp52\/#organization"},"potentialAction":[{"@type":"SearchAction","target":{"@type":"EntryPoint","urlTemplate":"https:\/\/www.lovendal.ro\/wp52\/?s={search_term_string}"},"query-input":{"@type":"PropertyValueSpecification","valueRequired":true,"valueName":"search_term_string"}}],"inLanguage":"ro-RO"},{"@type":"Organization","@id":"https:\/\/www.lovendal.ro\/wp52\/#organization","name":"Secretele lui Lovendal","url":"https:\/\/www.lovendal.ro\/wp52\/","logo":{"@type":"ImageObject","inLanguage":"ro-RO","@id":"https:\/\/www.lovendal.ro\/wp52\/#\/schema\/logo\/image\/","url":"https:\/\/www.lovendal.ro\/wp52\/wp-content\/uploads\/2024\/06\/cropped-SLL-iun-2024-1.jpg","contentUrl":"https:\/\/www.lovendal.ro\/wp52\/wp-content\/uploads\/2024\/06\/cropped-SLL-iun-2024-1.jpg","width":771,"height":240,"caption":"Secretele lui Lovendal"},"image":{"@id":"https:\/\/www.lovendal.ro\/wp52\/#\/schema\/logo\/image\/"},"sameAs":["https:\/\/www.facebook.com\/secreteleluilovendal"]},{"@type":"Person","@id":"https:\/\/www.lovendal.ro\/wp52\/#\/schema\/person\/088691de5dfc346bb0c023e1e52ef5d9","name":"admin","image":{"@type":"ImageObject","inLanguage":"ro-RO","@id":"https:\/\/secure.gravatar.com\/avatar\/ecb9cd41f5f63c9c9b989999a59f6e2639a865ec361e9db054db0679a8f341c2?s=96&d=mm&r=g","url":"https:\/\/secure.gravatar.com\/avatar\/ecb9cd41f5f63c9c9b989999a59f6e2639a865ec361e9db054db0679a8f341c2?s=96&d=mm&r=g","contentUrl":"https:\/\/secure.gravatar.com\/avatar\/ecb9cd41f5f63c9c9b989999a59f6e2639a865ec361e9db054db0679a8f341c2?s=96&d=mm&r=g","caption":"admin"},"sameAs":["https:\/\/www.lovendal.ro\/wp52"]}]}},"_links":{"self":[{"href":"https:\/\/www.lovendal.ro\/wp52\/wp-json\/wp\/v2\/posts\/43091","targetHints":{"allow":["GET"]}}],"collection":[{"href":"https:\/\/www.lovendal.ro\/wp52\/wp-json\/wp\/v2\/posts"}],"about":[{"href":"https:\/\/www.lovendal.ro\/wp52\/wp-json\/wp\/v2\/types\/post"}],"author":[{"embeddable":true,"href":"https:\/\/www.lovendal.ro\/wp52\/wp-json\/wp\/v2\/users\/1"}],"replies":[{"embeddable":true,"href":"https:\/\/www.lovendal.ro\/wp52\/wp-json\/wp\/v2\/comments?post=43091"}],"version-history":[{"count":0,"href":"https:\/\/www.lovendal.ro\/wp52\/wp-json\/wp\/v2\/posts\/43091\/revisions"}],"wp:featuredmedia":[{"embeddable":true,"href":"https:\/\/www.lovendal.ro\/wp52\/wp-json\/wp\/v2\/media\/43092"}],"wp:attachment":[{"href":"https:\/\/www.lovendal.ro\/wp52\/wp-json\/wp\/v2\/media?parent=43091"}],"wp:term":[{"taxonomy":"category","embeddable":true,"href":"https:\/\/www.lovendal.ro\/wp52\/wp-json\/wp\/v2\/categories?post=43091"},{"taxonomy":"post_tag","embeddable":true,"href":"https:\/\/www.lovendal.ro\/wp52\/wp-json\/wp\/v2\/tags?post=43091"}],"curies":[{"name":"wp","href":"https:\/\/api.w.org\/{rel}","templated":true}]}}