{"id":4304,"date":"2009-04-02T07:27:04","date_gmt":"2009-04-02T04:27:04","guid":{"rendered":"http:\/\/www.lovendal.net\/wp52\/?p=4304"},"modified":"2009-04-02T07:27:04","modified_gmt":"2009-04-02T04:27:04","slug":"sfarsitul-lumii-din-2012-va-fi-provocat-de-furtunile-solare","status":"publish","type":"post","link":"https:\/\/www.lovendal.ro\/wp52\/sfarsitul-lumii-din-2012-va-fi-provocat-de-furtunile-solare\/","title":{"rendered":"Sf\u00e2r\u015fitul lumii din 2012 va fi provocat de furtunile solare?"},"content":{"rendered":"<p><img loading=\"lazy\" decoding=\"async\" class=\"alignleft size-full wp-image-4305\" title=\"furtuna-solara\" src=\"https:\/\/www.lovendal.ro\/wp52\/wp-content\/uploads\/2009\/04\/furtuna-solara.jpg\" alt=\"furtuna-solara\" width=\"286\" height=\"242\" \/>C\u00e2t de puternic ar fi afectat\u0103 Terra de o furtun\u0103 solar\u0103? Aparent, un astfel de eveniment, petrecut la 150 de milioane de kilometri distan\u0163\u0103, nu ar trebui s\u0103 aib\u0103 un impact deosebit. Un raport elaborat de NASA arat\u0103 \u00eens\u0103 c\u0103 furtuna de particule solare din 2012 are \u015fanse s\u0103 devasteze infrastructura mondial\u0103, relateaz\u0103 revist\u0103 de prestigiu <strong>New Scientist<\/strong>. <em>&#8222;Suntem dependen\u0163i de tehnologiile moderne \u015fi tindem s\u0103 uit\u0103m c\u0103 Soarele poate produce dezastre \u00een re\u0163elele de comunica\u0163ii, sistemul financiar, de transport sau de urgen\u0163e&#8221;<\/em>, se ar\u0103t\u0103 \u00een raport.<\/p>\n<p>Daniel Baker, \u015feful comisiei care a elaborat raportul, specialist la Universitatea din Boulder, Colorado, arata c\u0103 <em>&#8222;Oricare ar fi incidentul, de natur\u0103 terestr\u0103 sau spa\u0163ial\u0103, rezultatul poate fi unul devastator pentru societatea modern\u0103, care este dependenta de sistemele tehnologice avansate&#8221;.<\/em><\/p>\n<p>Este greu de crezut c\u0103 soarele ar \u015fterge de pe suprafa\u0163a P\u0103m\u00e2ntului progrese pe care le-a realizat omenirea. \u00cens\u0103 este posibil, sus\u0163in oamenii de \u015ftiin\u0163\u0103. O furtun\u0103 solar\u0103 poate provoca fenomenul CME (coronal mass ejection), un nor \u00eenc\u0103rcat cu particule emanate de soare, care traverseaz\u0103 spa\u0163iul cu viteze supersonice. Un astfel de fenomen, supranumit Evenimentul Carrington, a lovit P\u0103m\u00e2ntul \u00een 1859, c\u00e2nd &#8222;cea mai puternic\u0103 erup\u0163ie solar\u0103 cunoscut\u0103 \u00een istorie&#8221; a dublat temporar luminozitatea soarelui. Au urmat, timp de c\u00e2teva zile, puternice furtuni magnetice cu impact major asupra P\u0103m\u00e2ntului. Concret, oamenii de \u015ftiin\u0163\u0103 efectele unui CME cu cele ale uraganului Katrina, la scar\u0103 global\u0103 &#8211; o lume f\u0103r\u0103 ap\u0103, electricitate, sisteme de comunica\u0163ie.<\/p>\n<p>Activitatea soarelui se desf\u0103\u015foar\u0103 pe cicluri cu o durat\u0103 medie de 11,2 ani, determin\u00e2nd schimb\u0103rile climatice pe P\u0103m\u00e2nt. Se presupune c\u0103 un ciclu solar este determinat de c\u00e2mpul magnetic al Soarelui, care se inverseaz\u0103 o dat\u0103 la 11 ani. Un ciclu magnetic complet dureaz\u0103 22 de ani.<\/p>\n<p>Ast\u0103zi, Soarele se afl\u0103 aproape de un final de ciclu de 11 ani, iar furtunile solare vor cre\u015fte \u00een frecven\u0163a \u015fi intensitate spre v\u00e2rful activit\u0103\u0163ii, \u00een 2012. <em>&#8222;Impactul unor evenimente climaterice severe&#8221;<\/em>, mai men\u0163ioneaz\u0103 raportul NASA, <em>&#8222;poate cauza nu doar distrugerea sistemelor tehnologice existente, ci poate duce la distrugeri pe termen scurt \u015fi lung pe plan socioeconomic&#8221;.<\/em><\/p>\n","protected":false},"excerpt":{"rendered":"<p>C\u00e2t de puternic ar fi afectat\u0103 Terra de o furtun\u0103 solar\u0103? Aparent, un astfel de eveniment, petrecut la 150 de milioane de kilometri distan\u0163\u0103, nu ar trebui s\u0103 aib\u0103 un impact deosebit. Un raport elaborat de NASA arat\u0103 \u00eens\u0103 c\u0103 &#8230; <\/p>\n<p class=\"read-more-container\"><a title=\"Sf\u00e2r\u015fitul lumii din 2012 va fi provocat de furtunile solare?\" class=\"read-more button\" href=\"https:\/\/www.lovendal.ro\/wp52\/sfarsitul-lumii-din-2012-va-fi-provocat-de-furtunile-solare\/#more-4304\" aria-label=\"Cite\u0219te mai multe despre Sf\u00e2r\u015fitul lumii din 2012 va fi provocat de furtunile solare?\">Cititi mai multe<\/a><\/p>\n","protected":false},"author":1,"featured_media":4305,"comment_status":"open","ping_status":"closed","sticky":false,"template":"","format":"standard","meta":{"footnotes":""},"categories":[106],"tags":[1017,102,865,9803],"class_list":["post-4304","post","type-post","status-publish","format-standard","has-post-thumbnail","hentry","category-stiinta","tag-1017","tag-astronomie","tag-soare","tag-stiinta","resize-featured-image"],"yoast_head":"<!-- This site is optimized with the Yoast SEO Premium plugin v23.3 (Yoast SEO v27.4) - https:\/\/yoast.com\/product\/yoast-seo-premium-wordpress\/ -->\n<title>Sf\u00e2r\u015fitul lumii din 2012 va fi provocat de furtunile solare? - Secretele lui Lovendal<\/title>\n<meta name=\"robots\" content=\"index, follow, max-snippet:-1, max-image-preview:large, max-video-preview:-1\" \/>\n<link rel=\"canonical\" href=\"https:\/\/www.lovendal.ro\/wp52\/sfarsitul-lumii-din-2012-va-fi-provocat-de-furtunile-solare\/\" \/>\n<meta property=\"og:locale\" content=\"ro_RO\" \/>\n<meta property=\"og:type\" content=\"article\" \/>\n<meta property=\"og:title\" content=\"Sf\u00e2r\u015fitul lumii din 2012 va fi provocat de furtunile solare?\" \/>\n<meta property=\"og:description\" content=\"C\u00e2t de puternic ar fi afectat\u0103 Terra de o furtun\u0103 solar\u0103? Aparent, un astfel de eveniment, petrecut la 150 de milioane de kilometri distan\u0163\u0103, nu ar trebui s\u0103 aib\u0103 un impact deosebit. Un raport elaborat de NASA arat\u0103 \u00eens\u0103 c\u0103 ... Cititi mai multe\" \/>\n<meta property=\"og:url\" content=\"https:\/\/www.lovendal.ro\/wp52\/sfarsitul-lumii-din-2012-va-fi-provocat-de-furtunile-solare\/\" \/>\n<meta property=\"og:site_name\" content=\"Secretele lui Lovendal\" \/>\n<meta property=\"article:publisher\" content=\"https:\/\/www.facebook.com\/secreteleluilovendal\" \/>\n<meta property=\"article:published_time\" content=\"2009-04-02T04:27:04+00:00\" \/>\n<meta property=\"og:image\" content=\"https:\/\/www.lovendal.ro\/wp52\/wp-content\/uploads\/2009\/04\/furtuna-solara.jpg\" \/>\n\t<meta property=\"og:image:width\" content=\"286\" \/>\n\t<meta property=\"og:image:height\" content=\"242\" \/>\n\t<meta property=\"og:image:type\" content=\"image\/jpeg\" \/>\n<meta name=\"author\" content=\"admin\" \/>\n<meta name=\"twitter:card\" content=\"summary_large_image\" \/>\n<meta name=\"twitter:label1\" content=\"Scris de\" \/>\n\t<meta name=\"twitter:data1\" content=\"admin\" \/>\n\t<meta name=\"twitter:label2\" content=\"Timp estimat pentru citire\" \/>\n\t<meta name=\"twitter:data2\" content=\"2 minute\" \/>\n<script type=\"application\/ld+json\" class=\"yoast-schema-graph\">{\"@context\":\"https:\\\/\\\/schema.org\",\"@graph\":[{\"@type\":\"Article\",\"@id\":\"https:\\\/\\\/www.lovendal.ro\\\/wp52\\\/sfarsitul-lumii-din-2012-va-fi-provocat-de-furtunile-solare\\\/#article\",\"isPartOf\":{\"@id\":\"https:\\\/\\\/www.lovendal.ro\\\/wp52\\\/sfarsitul-lumii-din-2012-va-fi-provocat-de-furtunile-solare\\\/\"},\"author\":{\"name\":\"admin\",\"@id\":\"https:\\\/\\\/www.lovendal.ro\\\/wp52\\\/#\\\/schema\\\/person\\\/088691de5dfc346bb0c023e1e52ef5d9\"},\"headline\":\"Sf\u00e2r\u015fitul lumii din 2012 va fi provocat de furtunile solare?\",\"datePublished\":\"2009-04-02T04:27:04+00:00\",\"mainEntityOfPage\":{\"@id\":\"https:\\\/\\\/www.lovendal.ro\\\/wp52\\\/sfarsitul-lumii-din-2012-va-fi-provocat-de-furtunile-solare\\\/\"},\"wordCount\":382,\"commentCount\":26,\"publisher\":{\"@id\":\"https:\\\/\\\/www.lovendal.ro\\\/wp52\\\/#organization\"},\"image\":{\"@id\":\"https:\\\/\\\/www.lovendal.ro\\\/wp52\\\/sfarsitul-lumii-din-2012-va-fi-provocat-de-furtunile-solare\\\/#primaryimage\"},\"thumbnailUrl\":\"https:\\\/\\\/www.lovendal.ro\\\/wp52\\\/wp-content\\\/uploads\\\/2009\\\/04\\\/furtuna-solara.jpg\",\"keywords\":[\"2012\",\"astronomie\",\"Soare\",\"Stiinta\"],\"articleSection\":[\"Stiinta\"],\"inLanguage\":\"ro-RO\",\"potentialAction\":[{\"@type\":\"CommentAction\",\"name\":\"Comment\",\"target\":[\"https:\\\/\\\/www.lovendal.ro\\\/wp52\\\/sfarsitul-lumii-din-2012-va-fi-provocat-de-furtunile-solare\\\/#respond\"]}]},{\"@type\":\"WebPage\",\"@id\":\"https:\\\/\\\/www.lovendal.ro\\\/wp52\\\/sfarsitul-lumii-din-2012-va-fi-provocat-de-furtunile-solare\\\/\",\"url\":\"https:\\\/\\\/www.lovendal.ro\\\/wp52\\\/sfarsitul-lumii-din-2012-va-fi-provocat-de-furtunile-solare\\\/\",\"name\":\"Sf\u00e2r\u015fitul lumii din 2012 va fi provocat de furtunile solare? - Secretele lui Lovendal\",\"isPartOf\":{\"@id\":\"https:\\\/\\\/www.lovendal.ro\\\/wp52\\\/#website\"},\"primaryImageOfPage\":{\"@id\":\"https:\\\/\\\/www.lovendal.ro\\\/wp52\\\/sfarsitul-lumii-din-2012-va-fi-provocat-de-furtunile-solare\\\/#primaryimage\"},\"image\":{\"@id\":\"https:\\\/\\\/www.lovendal.ro\\\/wp52\\\/sfarsitul-lumii-din-2012-va-fi-provocat-de-furtunile-solare\\\/#primaryimage\"},\"thumbnailUrl\":\"https:\\\/\\\/www.lovendal.ro\\\/wp52\\\/wp-content\\\/uploads\\\/2009\\\/04\\\/furtuna-solara.jpg\",\"datePublished\":\"2009-04-02T04:27:04+00:00\",\"breadcrumb\":{\"@id\":\"https:\\\/\\\/www.lovendal.ro\\\/wp52\\\/sfarsitul-lumii-din-2012-va-fi-provocat-de-furtunile-solare\\\/#breadcrumb\"},\"inLanguage\":\"ro-RO\",\"potentialAction\":[{\"@type\":\"ReadAction\",\"target\":[\"https:\\\/\\\/www.lovendal.ro\\\/wp52\\\/sfarsitul-lumii-din-2012-va-fi-provocat-de-furtunile-solare\\\/\"]}]},{\"@type\":\"ImageObject\",\"inLanguage\":\"ro-RO\",\"@id\":\"https:\\\/\\\/www.lovendal.ro\\\/wp52\\\/sfarsitul-lumii-din-2012-va-fi-provocat-de-furtunile-solare\\\/#primaryimage\",\"url\":\"https:\\\/\\\/www.lovendal.ro\\\/wp52\\\/wp-content\\\/uploads\\\/2009\\\/04\\\/furtuna-solara.jpg\",\"contentUrl\":\"https:\\\/\\\/www.lovendal.ro\\\/wp52\\\/wp-content\\\/uploads\\\/2009\\\/04\\\/furtuna-solara.jpg\",\"width\":\"286\",\"height\":\"242\"},{\"@type\":\"BreadcrumbList\",\"@id\":\"https:\\\/\\\/www.lovendal.ro\\\/wp52\\\/sfarsitul-lumii-din-2012-va-fi-provocat-de-furtunile-solare\\\/#breadcrumb\",\"itemListElement\":[{\"@type\":\"ListItem\",\"position\":1,\"name\":\"Home\",\"item\":\"https:\\\/\\\/www.lovendal.ro\\\/wp52\\\/\"},{\"@type\":\"ListItem\",\"position\":2,\"name\":\"Sf\u00e2r\u015fitul lumii din 2012 va fi provocat de furtunile solare?\"}]},{\"@type\":\"WebSite\",\"@id\":\"https:\\\/\\\/www.lovendal.ro\\\/wp52\\\/#website\",\"url\":\"https:\\\/\\\/www.lovendal.ro\\\/wp52\\\/\",\"name\":\"Secretele lui Lovendal\",\"description\":\"Site de secrete, stiinta si metafizica - din 2008 -\",\"publisher\":{\"@id\":\"https:\\\/\\\/www.lovendal.ro\\\/wp52\\\/#organization\"},\"potentialAction\":[{\"@type\":\"SearchAction\",\"target\":{\"@type\":\"EntryPoint\",\"urlTemplate\":\"https:\\\/\\\/www.lovendal.ro\\\/wp52\\\/?s={search_term_string}\"},\"query-input\":{\"@type\":\"PropertyValueSpecification\",\"valueRequired\":true,\"valueName\":\"search_term_string\"}}],\"inLanguage\":\"ro-RO\"},{\"@type\":\"Organization\",\"@id\":\"https:\\\/\\\/www.lovendal.ro\\\/wp52\\\/#organization\",\"name\":\"Secretele lui Lovendal\",\"url\":\"https:\\\/\\\/www.lovendal.ro\\\/wp52\\\/\",\"logo\":{\"@type\":\"ImageObject\",\"inLanguage\":\"ro-RO\",\"@id\":\"https:\\\/\\\/www.lovendal.ro\\\/wp52\\\/#\\\/schema\\\/logo\\\/image\\\/\",\"url\":\"https:\\\/\\\/www.lovendal.ro\\\/wp52\\\/wp-content\\\/uploads\\\/2024\\\/06\\\/cropped-SLL-iun-2024-1.jpg\",\"contentUrl\":\"https:\\\/\\\/www.lovendal.ro\\\/wp52\\\/wp-content\\\/uploads\\\/2024\\\/06\\\/cropped-SLL-iun-2024-1.jpg\",\"width\":771,\"height\":240,\"caption\":\"Secretele lui Lovendal\"},\"image\":{\"@id\":\"https:\\\/\\\/www.lovendal.ro\\\/wp52\\\/#\\\/schema\\\/logo\\\/image\\\/\"},\"sameAs\":[\"https:\\\/\\\/www.facebook.com\\\/secreteleluilovendal\"]},{\"@type\":\"Person\",\"@id\":\"https:\\\/\\\/www.lovendal.ro\\\/wp52\\\/#\\\/schema\\\/person\\\/088691de5dfc346bb0c023e1e52ef5d9\",\"name\":\"admin\",\"image\":{\"@type\":\"ImageObject\",\"inLanguage\":\"ro-RO\",\"@id\":\"https:\\\/\\\/secure.gravatar.com\\\/avatar\\\/ecb9cd41f5f63c9c9b989999a59f6e2639a865ec361e9db054db0679a8f341c2?s=96&d=mm&r=g\",\"url\":\"https:\\\/\\\/secure.gravatar.com\\\/avatar\\\/ecb9cd41f5f63c9c9b989999a59f6e2639a865ec361e9db054db0679a8f341c2?s=96&d=mm&r=g\",\"contentUrl\":\"https:\\\/\\\/secure.gravatar.com\\\/avatar\\\/ecb9cd41f5f63c9c9b989999a59f6e2639a865ec361e9db054db0679a8f341c2?s=96&d=mm&r=g\",\"caption\":\"admin\"},\"sameAs\":[\"https:\\\/\\\/www.lovendal.ro\\\/wp52\"]}]}<\/script>\n<!-- \/ Yoast SEO Premium plugin. -->","yoast_head_json":{"title":"Sf\u00e2r\u015fitul lumii din 2012 va fi provocat de furtunile solare? - Secretele lui Lovendal","robots":{"index":"index","follow":"follow","max-snippet":"max-snippet:-1","max-image-preview":"max-image-preview:large","max-video-preview":"max-video-preview:-1"},"canonical":"https:\/\/www.lovendal.ro\/wp52\/sfarsitul-lumii-din-2012-va-fi-provocat-de-furtunile-solare\/","og_locale":"ro_RO","og_type":"article","og_title":"Sf\u00e2r\u015fitul lumii din 2012 va fi provocat de furtunile solare?","og_description":"C\u00e2t de puternic ar fi afectat\u0103 Terra de o furtun\u0103 solar\u0103? Aparent, un astfel de eveniment, petrecut la 150 de milioane de kilometri distan\u0163\u0103, nu ar trebui s\u0103 aib\u0103 un impact deosebit. Un raport elaborat de NASA arat\u0103 \u00eens\u0103 c\u0103 ... Cititi mai multe","og_url":"https:\/\/www.lovendal.ro\/wp52\/sfarsitul-lumii-din-2012-va-fi-provocat-de-furtunile-solare\/","og_site_name":"Secretele lui Lovendal","article_publisher":"https:\/\/www.facebook.com\/secreteleluilovendal","article_published_time":"2009-04-02T04:27:04+00:00","og_image":[{"width":286,"height":242,"url":"https:\/\/www.lovendal.ro\/wp52\/wp-content\/uploads\/2009\/04\/furtuna-solara.jpg","type":"image\/jpeg"}],"author":"admin","twitter_card":"summary_large_image","twitter_misc":{"Scris de":"admin","Timp estimat pentru citire":"2 minute"},"schema":{"@context":"https:\/\/schema.org","@graph":[{"@type":"Article","@id":"https:\/\/www.lovendal.ro\/wp52\/sfarsitul-lumii-din-2012-va-fi-provocat-de-furtunile-solare\/#article","isPartOf":{"@id":"https:\/\/www.lovendal.ro\/wp52\/sfarsitul-lumii-din-2012-va-fi-provocat-de-furtunile-solare\/"},"author":{"name":"admin","@id":"https:\/\/www.lovendal.ro\/wp52\/#\/schema\/person\/088691de5dfc346bb0c023e1e52ef5d9"},"headline":"Sf\u00e2r\u015fitul lumii din 2012 va fi provocat de furtunile solare?","datePublished":"2009-04-02T04:27:04+00:00","mainEntityOfPage":{"@id":"https:\/\/www.lovendal.ro\/wp52\/sfarsitul-lumii-din-2012-va-fi-provocat-de-furtunile-solare\/"},"wordCount":382,"commentCount":26,"publisher":{"@id":"https:\/\/www.lovendal.ro\/wp52\/#organization"},"image":{"@id":"https:\/\/www.lovendal.ro\/wp52\/sfarsitul-lumii-din-2012-va-fi-provocat-de-furtunile-solare\/#primaryimage"},"thumbnailUrl":"https:\/\/www.lovendal.ro\/wp52\/wp-content\/uploads\/2009\/04\/furtuna-solara.jpg","keywords":["2012","astronomie","Soare","Stiinta"],"articleSection":["Stiinta"],"inLanguage":"ro-RO","potentialAction":[{"@type":"CommentAction","name":"Comment","target":["https:\/\/www.lovendal.ro\/wp52\/sfarsitul-lumii-din-2012-va-fi-provocat-de-furtunile-solare\/#respond"]}]},{"@type":"WebPage","@id":"https:\/\/www.lovendal.ro\/wp52\/sfarsitul-lumii-din-2012-va-fi-provocat-de-furtunile-solare\/","url":"https:\/\/www.lovendal.ro\/wp52\/sfarsitul-lumii-din-2012-va-fi-provocat-de-furtunile-solare\/","name":"Sf\u00e2r\u015fitul lumii din 2012 va fi provocat de furtunile solare? - Secretele lui Lovendal","isPartOf":{"@id":"https:\/\/www.lovendal.ro\/wp52\/#website"},"primaryImageOfPage":{"@id":"https:\/\/www.lovendal.ro\/wp52\/sfarsitul-lumii-din-2012-va-fi-provocat-de-furtunile-solare\/#primaryimage"},"image":{"@id":"https:\/\/www.lovendal.ro\/wp52\/sfarsitul-lumii-din-2012-va-fi-provocat-de-furtunile-solare\/#primaryimage"},"thumbnailUrl":"https:\/\/www.lovendal.ro\/wp52\/wp-content\/uploads\/2009\/04\/furtuna-solara.jpg","datePublished":"2009-04-02T04:27:04+00:00","breadcrumb":{"@id":"https:\/\/www.lovendal.ro\/wp52\/sfarsitul-lumii-din-2012-va-fi-provocat-de-furtunile-solare\/#breadcrumb"},"inLanguage":"ro-RO","potentialAction":[{"@type":"ReadAction","target":["https:\/\/www.lovendal.ro\/wp52\/sfarsitul-lumii-din-2012-va-fi-provocat-de-furtunile-solare\/"]}]},{"@type":"ImageObject","inLanguage":"ro-RO","@id":"https:\/\/www.lovendal.ro\/wp52\/sfarsitul-lumii-din-2012-va-fi-provocat-de-furtunile-solare\/#primaryimage","url":"https:\/\/www.lovendal.ro\/wp52\/wp-content\/uploads\/2009\/04\/furtuna-solara.jpg","contentUrl":"https:\/\/www.lovendal.ro\/wp52\/wp-content\/uploads\/2009\/04\/furtuna-solara.jpg","width":"286","height":"242"},{"@type":"BreadcrumbList","@id":"https:\/\/www.lovendal.ro\/wp52\/sfarsitul-lumii-din-2012-va-fi-provocat-de-furtunile-solare\/#breadcrumb","itemListElement":[{"@type":"ListItem","position":1,"name":"Home","item":"https:\/\/www.lovendal.ro\/wp52\/"},{"@type":"ListItem","position":2,"name":"Sf\u00e2r\u015fitul lumii din 2012 va fi provocat de furtunile solare?"}]},{"@type":"WebSite","@id":"https:\/\/www.lovendal.ro\/wp52\/#website","url":"https:\/\/www.lovendal.ro\/wp52\/","name":"Secretele lui Lovendal","description":"Site de secrete, stiinta si metafizica - din 2008 -","publisher":{"@id":"https:\/\/www.lovendal.ro\/wp52\/#organization"},"potentialAction":[{"@type":"SearchAction","target":{"@type":"EntryPoint","urlTemplate":"https:\/\/www.lovendal.ro\/wp52\/?s={search_term_string}"},"query-input":{"@type":"PropertyValueSpecification","valueRequired":true,"valueName":"search_term_string"}}],"inLanguage":"ro-RO"},{"@type":"Organization","@id":"https:\/\/www.lovendal.ro\/wp52\/#organization","name":"Secretele lui Lovendal","url":"https:\/\/www.lovendal.ro\/wp52\/","logo":{"@type":"ImageObject","inLanguage":"ro-RO","@id":"https:\/\/www.lovendal.ro\/wp52\/#\/schema\/logo\/image\/","url":"https:\/\/www.lovendal.ro\/wp52\/wp-content\/uploads\/2024\/06\/cropped-SLL-iun-2024-1.jpg","contentUrl":"https:\/\/www.lovendal.ro\/wp52\/wp-content\/uploads\/2024\/06\/cropped-SLL-iun-2024-1.jpg","width":771,"height":240,"caption":"Secretele lui Lovendal"},"image":{"@id":"https:\/\/www.lovendal.ro\/wp52\/#\/schema\/logo\/image\/"},"sameAs":["https:\/\/www.facebook.com\/secreteleluilovendal"]},{"@type":"Person","@id":"https:\/\/www.lovendal.ro\/wp52\/#\/schema\/person\/088691de5dfc346bb0c023e1e52ef5d9","name":"admin","image":{"@type":"ImageObject","inLanguage":"ro-RO","@id":"https:\/\/secure.gravatar.com\/avatar\/ecb9cd41f5f63c9c9b989999a59f6e2639a865ec361e9db054db0679a8f341c2?s=96&d=mm&r=g","url":"https:\/\/secure.gravatar.com\/avatar\/ecb9cd41f5f63c9c9b989999a59f6e2639a865ec361e9db054db0679a8f341c2?s=96&d=mm&r=g","contentUrl":"https:\/\/secure.gravatar.com\/avatar\/ecb9cd41f5f63c9c9b989999a59f6e2639a865ec361e9db054db0679a8f341c2?s=96&d=mm&r=g","caption":"admin"},"sameAs":["https:\/\/www.lovendal.ro\/wp52"]}]}},"_links":{"self":[{"href":"https:\/\/www.lovendal.ro\/wp52\/wp-json\/wp\/v2\/posts\/4304","targetHints":{"allow":["GET"]}}],"collection":[{"href":"https:\/\/www.lovendal.ro\/wp52\/wp-json\/wp\/v2\/posts"}],"about":[{"href":"https:\/\/www.lovendal.ro\/wp52\/wp-json\/wp\/v2\/types\/post"}],"author":[{"embeddable":true,"href":"https:\/\/www.lovendal.ro\/wp52\/wp-json\/wp\/v2\/users\/1"}],"replies":[{"embeddable":true,"href":"https:\/\/www.lovendal.ro\/wp52\/wp-json\/wp\/v2\/comments?post=4304"}],"version-history":[{"count":0,"href":"https:\/\/www.lovendal.ro\/wp52\/wp-json\/wp\/v2\/posts\/4304\/revisions"}],"wp:featuredmedia":[{"embeddable":true,"href":"https:\/\/www.lovendal.ro\/wp52\/wp-json\/wp\/v2\/media\/4305"}],"wp:attachment":[{"href":"https:\/\/www.lovendal.ro\/wp52\/wp-json\/wp\/v2\/media?parent=4304"}],"wp:term":[{"taxonomy":"category","embeddable":true,"href":"https:\/\/www.lovendal.ro\/wp52\/wp-json\/wp\/v2\/categories?post=4304"},{"taxonomy":"post_tag","embeddable":true,"href":"https:\/\/www.lovendal.ro\/wp52\/wp-json\/wp\/v2\/tags?post=4304"}],"curies":[{"name":"wp","href":"https:\/\/api.w.org\/{rel}","templated":true}]}}