{"id":43012,"date":"2016-02-21T13:44:48","date_gmt":"2016-02-21T11:44:48","guid":{"rendered":"http:\/\/www.lovendal.ro\/wp52\/?p=43012"},"modified":"2016-02-21T13:47:03","modified_gmt":"2016-02-21T11:47:03","slug":"lumea-e-condusa-de-o-mana-de-nebuni-in-egipt-un-baietel-de-4-ani-a-fost-condamnat-la-inchisoare-pe-viata-pentru-o-posibila-crima-comisa-cand-avea-2-ani","status":"publish","type":"post","link":"https:\/\/www.lovendal.ro\/wp52\/lumea-e-condusa-de-o-mana-de-nebuni-in-egipt-un-baietel-de-4-ani-a-fost-condamnat-la-inchisoare-pe-viata-pentru-o-posibila-crima-comisa-cand-avea-2-ani\/","title":{"rendered":"Lumea e condus\u0103 de o m\u00e2n\u0103 de nebuni! \u00cen Egipt, un b\u0103ie\u0163el de 4 ani a fost condamnat la \u00eenchisoare pe via\u0163\u0103, pentru o posibil\u0103 crim\u0103 comis\u0103 c\u00e2nd avea 2 ani!"},"content":{"rendered":"<p><a href=\"https:\/\/www.lovendal.ro\/wp52\/lumea-e-condusa-de-o-mana-de-nebuni-in-egipt-un-baietel-de-4-ani-a-fost-condamnat-la-inchisoare-pe-viata-pentru-o-posibila-crima-comisa-cand-avea-2-ani\/copil-in-inchisoare\/\" rel=\"attachment wp-att-43013\"><img loading=\"lazy\" decoding=\"async\" class=\"alignleft size-full wp-image-43013\" src=\"https:\/\/www.lovendal.ro\/wp52\/wp-content\/uploads\/2016\/02\/copil-in-inchisoare.jpg\" alt=\"copil in inchisoare\" width=\"330\" height=\"219\" srcset=\"https:\/\/www.lovendal.ro\/wp52\/wp-content\/uploads\/2016\/02\/copil-in-inchisoare.jpg 330w, https:\/\/www.lovendal.ro\/wp52\/wp-content\/uploads\/2016\/02\/copil-in-inchisoare-300x200.jpg 300w\" sizes=\"auto, (max-width: 330px) 100vw, 330px\" \/><\/a>A\u015fa ceva n-am crezut c\u0103 o s\u0103 citesc vreodat\u0103, dar iat\u0103 c\u0103 chiar s-a \u00eent\u00e2mplat. Citez de pe <a href=\"http:\/\/www.jpost.com\/Middle-East\/Cairo-court-sentences-4-year-old-boy-to-life-in-jail-for-murder-among-charges-445406\" target=\"_blank\"><strong>Jerusalem Post.com<\/strong><\/a>:<\/p>\n<p>Un tribunal militar egiptean a condamnat un b\u0103iat de patru ani la \u00eenchisoare pe via\u021b\u0103, dup\u0103 ce l-a g\u0103sit vinovat de crim\u0103, la v\u00e2rsta de doi ani. Ahmed Mansour Karni, numele b\u0103iatului, a fost condamnat \u00een absen\u021b\u0103 la \u00eenceputul acestei s\u0103pt\u0103m\u00e2ni \u00eentr-un proces ce a avut loc la Cairo, acuza\u0163iile fiind acelea de crim\u0103, tulburarea lini\u0219tii publice \u0219i distrugerea propriet\u0103\u021bii publice. Al\u0103turi de b\u0103ie\u0163el, au mai fost condamnate 116 persoane, pentru participarea la actele de violen\u021b\u0103 ce au avut loc \u00een luna ianuarie 2014, \u00een provincia Fayoum, 70 km sud de Cairo.<\/p>\n<p>Avocatul ap\u0103r\u0103rii \u00een cazul b\u0103iatului, Faisal a-Sayd, a fost citat de Jerusalem Post, aceste declar\u00e2nd c\u0103 certificatul de na\u0219tere al copilului a fost prezentat instan\u021bei, \u00eens\u0103 documentul nu a fost luat \u00een considerare de c\u0103tre judec\u0103tor. <em>&#8222;Certificatul de na\u015ftere al b\u0103iatului a fost prezentat instan\u0163ei, dup\u0103 ce a fost pus sub acuzare, dar apoi cazul a fost transferat la instan\u021ba militar\u0103, iar copilul a fost condamnat \u00een lips\u0103&#8221;<\/em>.<\/p>\n<p>Rechizitoriul a constat \u00een patru capete de acuzare de omor, opt capete de acuzare de tentativ\u0103 de omor \u015fi pentru vandalizarea bunurilor care apar\u021bin Ministerul Egiptean al S\u0103n\u0103t\u0103\u0163ii. Avocatul Ahmed Kari a mai declarat c\u0103 acest caz a dovedit faptul c\u0103 <em>&#8222;nu este nicio justi\u0163ie \u00een Egipt, nicio logic\u0103. Egiptul a luat-o razna. \u0162ara e condus\u0103 acum de o m\u00e2n\u0103 de nebuni&#8221;.<\/em><\/p>\n<p>P.S. Mi se pare incredibil acest caz, dar nu m\u0103 mai mir\u0103 c\u0103 are loc \u00een \u0163\u0103rile din Orientul Mijlociu. \u00cen 2014, scriam acest articol (<a href=\"https:\/\/www.lovendal.ro\/wp52\/pakistanezii-au-innebunit-un-baietel-de-9-luni-este-acuzat-de-tentativa-de-omor-si-a-fost-dus-in-fata-judecatorilor\/\" target=\"_blank\"><strong>Pakistanezii au \u00eennebunit! Un b\u0103ie\u0163el de 9 luni este acuzat de\u2026 tentativ\u0103 de omor \u015fi a fost dus \u00een fa\u0163a judec\u0103torilor!<\/strong><\/a>), \u00een care ar\u0103tam cum un bebelu\u015f de 9 luni a fost pus sub acuzare pentru&#8230; tentativ\u0103 de omor!<\/p>\n","protected":false},"excerpt":{"rendered":"<p>A\u015fa ceva n-am crezut c\u0103 o s\u0103 citesc vreodat\u0103, dar iat\u0103 c\u0103 chiar s-a \u00eent\u00e2mplat. Citez de pe Jerusalem Post.com: Un tribunal militar egiptean a condamnat un b\u0103iat de patru ani la \u00eenchisoare pe via\u021b\u0103, dup\u0103 ce l-a g\u0103sit vinovat &#8230; <\/p>\n<p class=\"read-more-container\"><a title=\"Lumea e condus\u0103 de o m\u00e2n\u0103 de nebuni! \u00cen Egipt, un b\u0103ie\u0163el de 4 ani a fost condamnat la \u00eenchisoare pe via\u0163\u0103, pentru o posibil\u0103 crim\u0103 comis\u0103 c\u00e2nd avea 2 ani!\" class=\"read-more button\" href=\"https:\/\/www.lovendal.ro\/wp52\/lumea-e-condusa-de-o-mana-de-nebuni-in-egipt-un-baietel-de-4-ani-a-fost-condamnat-la-inchisoare-pe-viata-pentru-o-posibila-crima-comisa-cand-avea-2-ani\/#more-43012\" aria-label=\"Cite\u0219te mai multe despre Lumea e condus\u0103 de o m\u00e2n\u0103 de nebuni! \u00cen Egipt, un b\u0103ie\u0163el de 4 ani a fost condamnat la \u00eenchisoare pe via\u0163\u0103, pentru o posibil\u0103 crim\u0103 comis\u0103 c\u00e2nd avea 2 ani!\">Cititi mai multe<\/a><\/p>\n","protected":false},"author":1,"featured_media":43013,"comment_status":"open","ping_status":"open","sticky":false,"template":"","format":"standard","meta":{"footnotes":""},"categories":[1852,2833],"tags":[1091,3756,1355,5924,386,164,9809,5148,2266,4028,2906,3362],"class_list":["post-43012","post","type-post","status-publish","format-standard","has-post-thumbnail","hentry","category-incredibil","category-noutati","tag-avocat","tag-cairo","tag-copil","tag-crima","tag-egipt","tag-inchisoare","tag-incredibil","tag-judecator","tag-nebun","tag-orientul-mijlociu","tag-pakistan","tag-violenta","resize-featured-image"],"yoast_head":"<!-- This site is optimized with the Yoast SEO Premium plugin v23.3 (Yoast SEO v27.4) - https:\/\/yoast.com\/product\/yoast-seo-premium-wordpress\/ -->\n<title>Lumea e condus\u0103 de o m\u00e2n\u0103 de nebuni! \u00cen Egipt, un b\u0103ie\u0163el de 4 ani a fost condamnat la \u00eenchisoare pe via\u0163\u0103, pentru o posibil\u0103 crim\u0103 comis\u0103 c\u00e2nd avea 2 ani! - Secretele lui Lovendal<\/title>\n<meta name=\"robots\" content=\"index, follow, max-snippet:-1, max-image-preview:large, max-video-preview:-1\" \/>\n<link rel=\"canonical\" href=\"https:\/\/www.lovendal.ro\/wp52\/lumea-e-condusa-de-o-mana-de-nebuni-in-egipt-un-baietel-de-4-ani-a-fost-condamnat-la-inchisoare-pe-viata-pentru-o-posibila-crima-comisa-cand-avea-2-ani\/\" \/>\n<meta property=\"og:locale\" content=\"ro_RO\" \/>\n<meta property=\"og:type\" content=\"article\" \/>\n<meta property=\"og:title\" content=\"Lumea e condus\u0103 de o m\u00e2n\u0103 de nebuni! \u00cen Egipt, un b\u0103ie\u0163el de 4 ani a fost condamnat la \u00eenchisoare pe via\u0163\u0103, pentru o posibil\u0103 crim\u0103 comis\u0103 c\u00e2nd avea 2 ani!\" \/>\n<meta property=\"og:description\" content=\"A\u015fa ceva n-am crezut c\u0103 o s\u0103 citesc vreodat\u0103, dar iat\u0103 c\u0103 chiar s-a \u00eent\u00e2mplat. Citez de pe Jerusalem Post.com: Un tribunal militar egiptean a condamnat un b\u0103iat de patru ani la \u00eenchisoare pe via\u021b\u0103, dup\u0103 ce l-a g\u0103sit vinovat ... Cititi mai multe\" \/>\n<meta property=\"og:url\" content=\"https:\/\/www.lovendal.ro\/wp52\/lumea-e-condusa-de-o-mana-de-nebuni-in-egipt-un-baietel-de-4-ani-a-fost-condamnat-la-inchisoare-pe-viata-pentru-o-posibila-crima-comisa-cand-avea-2-ani\/\" \/>\n<meta property=\"og:site_name\" content=\"Secretele lui Lovendal\" \/>\n<meta property=\"article:publisher\" content=\"https:\/\/www.facebook.com\/secreteleluilovendal\" \/>\n<meta property=\"article:published_time\" content=\"2016-02-21T11:44:48+00:00\" \/>\n<meta property=\"article:modified_time\" content=\"2016-02-21T11:47:03+00:00\" \/>\n<meta property=\"og:image\" content=\"https:\/\/www.lovendal.ro\/wp52\/wp-content\/uploads\/2016\/02\/copil-in-inchisoare.jpg\" \/>\n\t<meta property=\"og:image:width\" content=\"330\" \/>\n\t<meta property=\"og:image:height\" content=\"219\" \/>\n\t<meta property=\"og:image:type\" content=\"image\/jpeg\" \/>\n<meta name=\"author\" content=\"admin\" \/>\n<meta name=\"twitter:card\" content=\"summary_large_image\" \/>\n<meta name=\"twitter:label1\" content=\"Scris de\" \/>\n\t<meta name=\"twitter:data1\" content=\"admin\" \/>\n\t<meta name=\"twitter:label2\" content=\"Timp estimat pentru citire\" \/>\n\t<meta name=\"twitter:data2\" content=\"2 minute\" \/>\n<script type=\"application\/ld+json\" class=\"yoast-schema-graph\">{\"@context\":\"https:\\\/\\\/schema.org\",\"@graph\":[{\"@type\":\"Article\",\"@id\":\"https:\\\/\\\/www.lovendal.ro\\\/wp52\\\/lumea-e-condusa-de-o-mana-de-nebuni-in-egipt-un-baietel-de-4-ani-a-fost-condamnat-la-inchisoare-pe-viata-pentru-o-posibila-crima-comisa-cand-avea-2-ani\\\/#article\",\"isPartOf\":{\"@id\":\"https:\\\/\\\/www.lovendal.ro\\\/wp52\\\/lumea-e-condusa-de-o-mana-de-nebuni-in-egipt-un-baietel-de-4-ani-a-fost-condamnat-la-inchisoare-pe-viata-pentru-o-posibila-crima-comisa-cand-avea-2-ani\\\/\"},\"author\":{\"name\":\"admin\",\"@id\":\"https:\\\/\\\/www.lovendal.ro\\\/wp52\\\/#\\\/schema\\\/person\\\/088691de5dfc346bb0c023e1e52ef5d9\"},\"headline\":\"Lumea e condus\u0103 de o m\u00e2n\u0103 de nebuni! \u00cen Egipt, un b\u0103ie\u0163el de 4 ani a fost condamnat la \u00eenchisoare pe via\u0163\u0103, pentru o posibil\u0103 crim\u0103 comis\u0103 c\u00e2nd avea 2 ani!\",\"datePublished\":\"2016-02-21T11:44:48+00:00\",\"dateModified\":\"2016-02-21T11:47:03+00:00\",\"mainEntityOfPage\":{\"@id\":\"https:\\\/\\\/www.lovendal.ro\\\/wp52\\\/lumea-e-condusa-de-o-mana-de-nebuni-in-egipt-un-baietel-de-4-ani-a-fost-condamnat-la-inchisoare-pe-viata-pentru-o-posibila-crima-comisa-cand-avea-2-ani\\\/\"},\"wordCount\":373,\"commentCount\":10,\"publisher\":{\"@id\":\"https:\\\/\\\/www.lovendal.ro\\\/wp52\\\/#organization\"},\"image\":{\"@id\":\"https:\\\/\\\/www.lovendal.ro\\\/wp52\\\/lumea-e-condusa-de-o-mana-de-nebuni-in-egipt-un-baietel-de-4-ani-a-fost-condamnat-la-inchisoare-pe-viata-pentru-o-posibila-crima-comisa-cand-avea-2-ani\\\/#primaryimage\"},\"thumbnailUrl\":\"https:\\\/\\\/www.lovendal.ro\\\/wp52\\\/wp-content\\\/uploads\\\/2016\\\/02\\\/copil-in-inchisoare.jpg\",\"keywords\":[\"avocat\",\"Cairo\",\"copil\",\"crim\u0103\",\"Egipt\",\"\u00eenchisoare\",\"Incredibil!\",\"judec\u0103tor\",\"nebun\",\"Orientul Mijlociu\",\"Pakistan\",\"violen\u0163\u0103\"],\"articleSection\":[\"Incredibil!\",\"Noutati\"],\"inLanguage\":\"ro-RO\",\"potentialAction\":[{\"@type\":\"CommentAction\",\"name\":\"Comment\",\"target\":[\"https:\\\/\\\/www.lovendal.ro\\\/wp52\\\/lumea-e-condusa-de-o-mana-de-nebuni-in-egipt-un-baietel-de-4-ani-a-fost-condamnat-la-inchisoare-pe-viata-pentru-o-posibila-crima-comisa-cand-avea-2-ani\\\/#respond\"]}]},{\"@type\":\"WebPage\",\"@id\":\"https:\\\/\\\/www.lovendal.ro\\\/wp52\\\/lumea-e-condusa-de-o-mana-de-nebuni-in-egipt-un-baietel-de-4-ani-a-fost-condamnat-la-inchisoare-pe-viata-pentru-o-posibila-crima-comisa-cand-avea-2-ani\\\/\",\"url\":\"https:\\\/\\\/www.lovendal.ro\\\/wp52\\\/lumea-e-condusa-de-o-mana-de-nebuni-in-egipt-un-baietel-de-4-ani-a-fost-condamnat-la-inchisoare-pe-viata-pentru-o-posibila-crima-comisa-cand-avea-2-ani\\\/\",\"name\":\"Lumea e condus\u0103 de o m\u00e2n\u0103 de nebuni! \u00cen Egipt, un b\u0103ie\u0163el de 4 ani a fost condamnat la \u00eenchisoare pe via\u0163\u0103, pentru o posibil\u0103 crim\u0103 comis\u0103 c\u00e2nd avea 2 ani! - Secretele lui Lovendal\",\"isPartOf\":{\"@id\":\"https:\\\/\\\/www.lovendal.ro\\\/wp52\\\/#website\"},\"primaryImageOfPage\":{\"@id\":\"https:\\\/\\\/www.lovendal.ro\\\/wp52\\\/lumea-e-condusa-de-o-mana-de-nebuni-in-egipt-un-baietel-de-4-ani-a-fost-condamnat-la-inchisoare-pe-viata-pentru-o-posibila-crima-comisa-cand-avea-2-ani\\\/#primaryimage\"},\"image\":{\"@id\":\"https:\\\/\\\/www.lovendal.ro\\\/wp52\\\/lumea-e-condusa-de-o-mana-de-nebuni-in-egipt-un-baietel-de-4-ani-a-fost-condamnat-la-inchisoare-pe-viata-pentru-o-posibila-crima-comisa-cand-avea-2-ani\\\/#primaryimage\"},\"thumbnailUrl\":\"https:\\\/\\\/www.lovendal.ro\\\/wp52\\\/wp-content\\\/uploads\\\/2016\\\/02\\\/copil-in-inchisoare.jpg\",\"datePublished\":\"2016-02-21T11:44:48+00:00\",\"dateModified\":\"2016-02-21T11:47:03+00:00\",\"breadcrumb\":{\"@id\":\"https:\\\/\\\/www.lovendal.ro\\\/wp52\\\/lumea-e-condusa-de-o-mana-de-nebuni-in-egipt-un-baietel-de-4-ani-a-fost-condamnat-la-inchisoare-pe-viata-pentru-o-posibila-crima-comisa-cand-avea-2-ani\\\/#breadcrumb\"},\"inLanguage\":\"ro-RO\",\"potentialAction\":[{\"@type\":\"ReadAction\",\"target\":[\"https:\\\/\\\/www.lovendal.ro\\\/wp52\\\/lumea-e-condusa-de-o-mana-de-nebuni-in-egipt-un-baietel-de-4-ani-a-fost-condamnat-la-inchisoare-pe-viata-pentru-o-posibila-crima-comisa-cand-avea-2-ani\\\/\"]}]},{\"@type\":\"ImageObject\",\"inLanguage\":\"ro-RO\",\"@id\":\"https:\\\/\\\/www.lovendal.ro\\\/wp52\\\/lumea-e-condusa-de-o-mana-de-nebuni-in-egipt-un-baietel-de-4-ani-a-fost-condamnat-la-inchisoare-pe-viata-pentru-o-posibila-crima-comisa-cand-avea-2-ani\\\/#primaryimage\",\"url\":\"https:\\\/\\\/www.lovendal.ro\\\/wp52\\\/wp-content\\\/uploads\\\/2016\\\/02\\\/copil-in-inchisoare.jpg\",\"contentUrl\":\"https:\\\/\\\/www.lovendal.ro\\\/wp52\\\/wp-content\\\/uploads\\\/2016\\\/02\\\/copil-in-inchisoare.jpg\",\"width\":330,\"height\":219},{\"@type\":\"BreadcrumbList\",\"@id\":\"https:\\\/\\\/www.lovendal.ro\\\/wp52\\\/lumea-e-condusa-de-o-mana-de-nebuni-in-egipt-un-baietel-de-4-ani-a-fost-condamnat-la-inchisoare-pe-viata-pentru-o-posibila-crima-comisa-cand-avea-2-ani\\\/#breadcrumb\",\"itemListElement\":[{\"@type\":\"ListItem\",\"position\":1,\"name\":\"Home\",\"item\":\"https:\\\/\\\/www.lovendal.ro\\\/wp52\\\/\"},{\"@type\":\"ListItem\",\"position\":2,\"name\":\"Lumea e condus\u0103 de o m\u00e2n\u0103 de nebuni! \u00cen Egipt, un b\u0103ie\u0163el de 4 ani a fost condamnat la \u00eenchisoare pe via\u0163\u0103, pentru o posibil\u0103 crim\u0103 comis\u0103 c\u00e2nd avea 2 ani!\"}]},{\"@type\":\"WebSite\",\"@id\":\"https:\\\/\\\/www.lovendal.ro\\\/wp52\\\/#website\",\"url\":\"https:\\\/\\\/www.lovendal.ro\\\/wp52\\\/\",\"name\":\"Secretele lui Lovendal\",\"description\":\"Site de secrete, stiinta si metafizica - din 2008 -\",\"publisher\":{\"@id\":\"https:\\\/\\\/www.lovendal.ro\\\/wp52\\\/#organization\"},\"potentialAction\":[{\"@type\":\"SearchAction\",\"target\":{\"@type\":\"EntryPoint\",\"urlTemplate\":\"https:\\\/\\\/www.lovendal.ro\\\/wp52\\\/?s={search_term_string}\"},\"query-input\":{\"@type\":\"PropertyValueSpecification\",\"valueRequired\":true,\"valueName\":\"search_term_string\"}}],\"inLanguage\":\"ro-RO\"},{\"@type\":\"Organization\",\"@id\":\"https:\\\/\\\/www.lovendal.ro\\\/wp52\\\/#organization\",\"name\":\"Secretele lui Lovendal\",\"url\":\"https:\\\/\\\/www.lovendal.ro\\\/wp52\\\/\",\"logo\":{\"@type\":\"ImageObject\",\"inLanguage\":\"ro-RO\",\"@id\":\"https:\\\/\\\/www.lovendal.ro\\\/wp52\\\/#\\\/schema\\\/logo\\\/image\\\/\",\"url\":\"https:\\\/\\\/www.lovendal.ro\\\/wp52\\\/wp-content\\\/uploads\\\/2024\\\/06\\\/cropped-SLL-iun-2024-1.jpg\",\"contentUrl\":\"https:\\\/\\\/www.lovendal.ro\\\/wp52\\\/wp-content\\\/uploads\\\/2024\\\/06\\\/cropped-SLL-iun-2024-1.jpg\",\"width\":771,\"height\":240,\"caption\":\"Secretele lui Lovendal\"},\"image\":{\"@id\":\"https:\\\/\\\/www.lovendal.ro\\\/wp52\\\/#\\\/schema\\\/logo\\\/image\\\/\"},\"sameAs\":[\"https:\\\/\\\/www.facebook.com\\\/secreteleluilovendal\"]},{\"@type\":\"Person\",\"@id\":\"https:\\\/\\\/www.lovendal.ro\\\/wp52\\\/#\\\/schema\\\/person\\\/088691de5dfc346bb0c023e1e52ef5d9\",\"name\":\"admin\",\"image\":{\"@type\":\"ImageObject\",\"inLanguage\":\"ro-RO\",\"@id\":\"https:\\\/\\\/secure.gravatar.com\\\/avatar\\\/ecb9cd41f5f63c9c9b989999a59f6e2639a865ec361e9db054db0679a8f341c2?s=96&d=mm&r=g\",\"url\":\"https:\\\/\\\/secure.gravatar.com\\\/avatar\\\/ecb9cd41f5f63c9c9b989999a59f6e2639a865ec361e9db054db0679a8f341c2?s=96&d=mm&r=g\",\"contentUrl\":\"https:\\\/\\\/secure.gravatar.com\\\/avatar\\\/ecb9cd41f5f63c9c9b989999a59f6e2639a865ec361e9db054db0679a8f341c2?s=96&d=mm&r=g\",\"caption\":\"admin\"},\"sameAs\":[\"https:\\\/\\\/www.lovendal.ro\\\/wp52\"]}]}<\/script>\n<!-- \/ Yoast SEO Premium plugin. -->","yoast_head_json":{"title":"Lumea e condus\u0103 de o m\u00e2n\u0103 de nebuni! \u00cen Egipt, un b\u0103ie\u0163el de 4 ani a fost condamnat la \u00eenchisoare pe via\u0163\u0103, pentru o posibil\u0103 crim\u0103 comis\u0103 c\u00e2nd avea 2 ani! - Secretele lui Lovendal","robots":{"index":"index","follow":"follow","max-snippet":"max-snippet:-1","max-image-preview":"max-image-preview:large","max-video-preview":"max-video-preview:-1"},"canonical":"https:\/\/www.lovendal.ro\/wp52\/lumea-e-condusa-de-o-mana-de-nebuni-in-egipt-un-baietel-de-4-ani-a-fost-condamnat-la-inchisoare-pe-viata-pentru-o-posibila-crima-comisa-cand-avea-2-ani\/","og_locale":"ro_RO","og_type":"article","og_title":"Lumea e condus\u0103 de o m\u00e2n\u0103 de nebuni! \u00cen Egipt, un b\u0103ie\u0163el de 4 ani a fost condamnat la \u00eenchisoare pe via\u0163\u0103, pentru o posibil\u0103 crim\u0103 comis\u0103 c\u00e2nd avea 2 ani!","og_description":"A\u015fa ceva n-am crezut c\u0103 o s\u0103 citesc vreodat\u0103, dar iat\u0103 c\u0103 chiar s-a \u00eent\u00e2mplat. Citez de pe Jerusalem Post.com: Un tribunal militar egiptean a condamnat un b\u0103iat de patru ani la \u00eenchisoare pe via\u021b\u0103, dup\u0103 ce l-a g\u0103sit vinovat ... Cititi mai multe","og_url":"https:\/\/www.lovendal.ro\/wp52\/lumea-e-condusa-de-o-mana-de-nebuni-in-egipt-un-baietel-de-4-ani-a-fost-condamnat-la-inchisoare-pe-viata-pentru-o-posibila-crima-comisa-cand-avea-2-ani\/","og_site_name":"Secretele lui Lovendal","article_publisher":"https:\/\/www.facebook.com\/secreteleluilovendal","article_published_time":"2016-02-21T11:44:48+00:00","article_modified_time":"2016-02-21T11:47:03+00:00","og_image":[{"width":330,"height":219,"url":"https:\/\/www.lovendal.ro\/wp52\/wp-content\/uploads\/2016\/02\/copil-in-inchisoare.jpg","type":"image\/jpeg"}],"author":"admin","twitter_card":"summary_large_image","twitter_misc":{"Scris de":"admin","Timp estimat pentru citire":"2 minute"},"schema":{"@context":"https:\/\/schema.org","@graph":[{"@type":"Article","@id":"https:\/\/www.lovendal.ro\/wp52\/lumea-e-condusa-de-o-mana-de-nebuni-in-egipt-un-baietel-de-4-ani-a-fost-condamnat-la-inchisoare-pe-viata-pentru-o-posibila-crima-comisa-cand-avea-2-ani\/#article","isPartOf":{"@id":"https:\/\/www.lovendal.ro\/wp52\/lumea-e-condusa-de-o-mana-de-nebuni-in-egipt-un-baietel-de-4-ani-a-fost-condamnat-la-inchisoare-pe-viata-pentru-o-posibila-crima-comisa-cand-avea-2-ani\/"},"author":{"name":"admin","@id":"https:\/\/www.lovendal.ro\/wp52\/#\/schema\/person\/088691de5dfc346bb0c023e1e52ef5d9"},"headline":"Lumea e condus\u0103 de o m\u00e2n\u0103 de nebuni! \u00cen Egipt, un b\u0103ie\u0163el de 4 ani a fost condamnat la \u00eenchisoare pe via\u0163\u0103, pentru o posibil\u0103 crim\u0103 comis\u0103 c\u00e2nd avea 2 ani!","datePublished":"2016-02-21T11:44:48+00:00","dateModified":"2016-02-21T11:47:03+00:00","mainEntityOfPage":{"@id":"https:\/\/www.lovendal.ro\/wp52\/lumea-e-condusa-de-o-mana-de-nebuni-in-egipt-un-baietel-de-4-ani-a-fost-condamnat-la-inchisoare-pe-viata-pentru-o-posibila-crima-comisa-cand-avea-2-ani\/"},"wordCount":373,"commentCount":10,"publisher":{"@id":"https:\/\/www.lovendal.ro\/wp52\/#organization"},"image":{"@id":"https:\/\/www.lovendal.ro\/wp52\/lumea-e-condusa-de-o-mana-de-nebuni-in-egipt-un-baietel-de-4-ani-a-fost-condamnat-la-inchisoare-pe-viata-pentru-o-posibila-crima-comisa-cand-avea-2-ani\/#primaryimage"},"thumbnailUrl":"https:\/\/www.lovendal.ro\/wp52\/wp-content\/uploads\/2016\/02\/copil-in-inchisoare.jpg","keywords":["avocat","Cairo","copil","crim\u0103","Egipt","\u00eenchisoare","Incredibil!","judec\u0103tor","nebun","Orientul Mijlociu","Pakistan","violen\u0163\u0103"],"articleSection":["Incredibil!","Noutati"],"inLanguage":"ro-RO","potentialAction":[{"@type":"CommentAction","name":"Comment","target":["https:\/\/www.lovendal.ro\/wp52\/lumea-e-condusa-de-o-mana-de-nebuni-in-egipt-un-baietel-de-4-ani-a-fost-condamnat-la-inchisoare-pe-viata-pentru-o-posibila-crima-comisa-cand-avea-2-ani\/#respond"]}]},{"@type":"WebPage","@id":"https:\/\/www.lovendal.ro\/wp52\/lumea-e-condusa-de-o-mana-de-nebuni-in-egipt-un-baietel-de-4-ani-a-fost-condamnat-la-inchisoare-pe-viata-pentru-o-posibila-crima-comisa-cand-avea-2-ani\/","url":"https:\/\/www.lovendal.ro\/wp52\/lumea-e-condusa-de-o-mana-de-nebuni-in-egipt-un-baietel-de-4-ani-a-fost-condamnat-la-inchisoare-pe-viata-pentru-o-posibila-crima-comisa-cand-avea-2-ani\/","name":"Lumea e condus\u0103 de o m\u00e2n\u0103 de nebuni! \u00cen Egipt, un b\u0103ie\u0163el de 4 ani a fost condamnat la \u00eenchisoare pe via\u0163\u0103, pentru o posibil\u0103 crim\u0103 comis\u0103 c\u00e2nd avea 2 ani! - Secretele lui Lovendal","isPartOf":{"@id":"https:\/\/www.lovendal.ro\/wp52\/#website"},"primaryImageOfPage":{"@id":"https:\/\/www.lovendal.ro\/wp52\/lumea-e-condusa-de-o-mana-de-nebuni-in-egipt-un-baietel-de-4-ani-a-fost-condamnat-la-inchisoare-pe-viata-pentru-o-posibila-crima-comisa-cand-avea-2-ani\/#primaryimage"},"image":{"@id":"https:\/\/www.lovendal.ro\/wp52\/lumea-e-condusa-de-o-mana-de-nebuni-in-egipt-un-baietel-de-4-ani-a-fost-condamnat-la-inchisoare-pe-viata-pentru-o-posibila-crima-comisa-cand-avea-2-ani\/#primaryimage"},"thumbnailUrl":"https:\/\/www.lovendal.ro\/wp52\/wp-content\/uploads\/2016\/02\/copil-in-inchisoare.jpg","datePublished":"2016-02-21T11:44:48+00:00","dateModified":"2016-02-21T11:47:03+00:00","breadcrumb":{"@id":"https:\/\/www.lovendal.ro\/wp52\/lumea-e-condusa-de-o-mana-de-nebuni-in-egipt-un-baietel-de-4-ani-a-fost-condamnat-la-inchisoare-pe-viata-pentru-o-posibila-crima-comisa-cand-avea-2-ani\/#breadcrumb"},"inLanguage":"ro-RO","potentialAction":[{"@type":"ReadAction","target":["https:\/\/www.lovendal.ro\/wp52\/lumea-e-condusa-de-o-mana-de-nebuni-in-egipt-un-baietel-de-4-ani-a-fost-condamnat-la-inchisoare-pe-viata-pentru-o-posibila-crima-comisa-cand-avea-2-ani\/"]}]},{"@type":"ImageObject","inLanguage":"ro-RO","@id":"https:\/\/www.lovendal.ro\/wp52\/lumea-e-condusa-de-o-mana-de-nebuni-in-egipt-un-baietel-de-4-ani-a-fost-condamnat-la-inchisoare-pe-viata-pentru-o-posibila-crima-comisa-cand-avea-2-ani\/#primaryimage","url":"https:\/\/www.lovendal.ro\/wp52\/wp-content\/uploads\/2016\/02\/copil-in-inchisoare.jpg","contentUrl":"https:\/\/www.lovendal.ro\/wp52\/wp-content\/uploads\/2016\/02\/copil-in-inchisoare.jpg","width":330,"height":219},{"@type":"BreadcrumbList","@id":"https:\/\/www.lovendal.ro\/wp52\/lumea-e-condusa-de-o-mana-de-nebuni-in-egipt-un-baietel-de-4-ani-a-fost-condamnat-la-inchisoare-pe-viata-pentru-o-posibila-crima-comisa-cand-avea-2-ani\/#breadcrumb","itemListElement":[{"@type":"ListItem","position":1,"name":"Home","item":"https:\/\/www.lovendal.ro\/wp52\/"},{"@type":"ListItem","position":2,"name":"Lumea e condus\u0103 de o m\u00e2n\u0103 de nebuni! \u00cen Egipt, un b\u0103ie\u0163el de 4 ani a fost condamnat la \u00eenchisoare pe via\u0163\u0103, pentru o posibil\u0103 crim\u0103 comis\u0103 c\u00e2nd avea 2 ani!"}]},{"@type":"WebSite","@id":"https:\/\/www.lovendal.ro\/wp52\/#website","url":"https:\/\/www.lovendal.ro\/wp52\/","name":"Secretele lui Lovendal","description":"Site de secrete, stiinta si metafizica - din 2008 -","publisher":{"@id":"https:\/\/www.lovendal.ro\/wp52\/#organization"},"potentialAction":[{"@type":"SearchAction","target":{"@type":"EntryPoint","urlTemplate":"https:\/\/www.lovendal.ro\/wp52\/?s={search_term_string}"},"query-input":{"@type":"PropertyValueSpecification","valueRequired":true,"valueName":"search_term_string"}}],"inLanguage":"ro-RO"},{"@type":"Organization","@id":"https:\/\/www.lovendal.ro\/wp52\/#organization","name":"Secretele lui Lovendal","url":"https:\/\/www.lovendal.ro\/wp52\/","logo":{"@type":"ImageObject","inLanguage":"ro-RO","@id":"https:\/\/www.lovendal.ro\/wp52\/#\/schema\/logo\/image\/","url":"https:\/\/www.lovendal.ro\/wp52\/wp-content\/uploads\/2024\/06\/cropped-SLL-iun-2024-1.jpg","contentUrl":"https:\/\/www.lovendal.ro\/wp52\/wp-content\/uploads\/2024\/06\/cropped-SLL-iun-2024-1.jpg","width":771,"height":240,"caption":"Secretele lui Lovendal"},"image":{"@id":"https:\/\/www.lovendal.ro\/wp52\/#\/schema\/logo\/image\/"},"sameAs":["https:\/\/www.facebook.com\/secreteleluilovendal"]},{"@type":"Person","@id":"https:\/\/www.lovendal.ro\/wp52\/#\/schema\/person\/088691de5dfc346bb0c023e1e52ef5d9","name":"admin","image":{"@type":"ImageObject","inLanguage":"ro-RO","@id":"https:\/\/secure.gravatar.com\/avatar\/ecb9cd41f5f63c9c9b989999a59f6e2639a865ec361e9db054db0679a8f341c2?s=96&d=mm&r=g","url":"https:\/\/secure.gravatar.com\/avatar\/ecb9cd41f5f63c9c9b989999a59f6e2639a865ec361e9db054db0679a8f341c2?s=96&d=mm&r=g","contentUrl":"https:\/\/secure.gravatar.com\/avatar\/ecb9cd41f5f63c9c9b989999a59f6e2639a865ec361e9db054db0679a8f341c2?s=96&d=mm&r=g","caption":"admin"},"sameAs":["https:\/\/www.lovendal.ro\/wp52"]}]}},"_links":{"self":[{"href":"https:\/\/www.lovendal.ro\/wp52\/wp-json\/wp\/v2\/posts\/43012","targetHints":{"allow":["GET"]}}],"collection":[{"href":"https:\/\/www.lovendal.ro\/wp52\/wp-json\/wp\/v2\/posts"}],"about":[{"href":"https:\/\/www.lovendal.ro\/wp52\/wp-json\/wp\/v2\/types\/post"}],"author":[{"embeddable":true,"href":"https:\/\/www.lovendal.ro\/wp52\/wp-json\/wp\/v2\/users\/1"}],"replies":[{"embeddable":true,"href":"https:\/\/www.lovendal.ro\/wp52\/wp-json\/wp\/v2\/comments?post=43012"}],"version-history":[{"count":0,"href":"https:\/\/www.lovendal.ro\/wp52\/wp-json\/wp\/v2\/posts\/43012\/revisions"}],"wp:featuredmedia":[{"embeddable":true,"href":"https:\/\/www.lovendal.ro\/wp52\/wp-json\/wp\/v2\/media\/43013"}],"wp:attachment":[{"href":"https:\/\/www.lovendal.ro\/wp52\/wp-json\/wp\/v2\/media?parent=43012"}],"wp:term":[{"taxonomy":"category","embeddable":true,"href":"https:\/\/www.lovendal.ro\/wp52\/wp-json\/wp\/v2\/categories?post=43012"},{"taxonomy":"post_tag","embeddable":true,"href":"https:\/\/www.lovendal.ro\/wp52\/wp-json\/wp\/v2\/tags?post=43012"}],"curies":[{"name":"wp","href":"https:\/\/api.w.org\/{rel}","templated":true}]}}