{"id":42633,"date":"2016-01-28T23:04:24","date_gmt":"2016-01-28T21:04:24","guid":{"rendered":"http:\/\/www.lovendal.ro\/wp52\/?p=42633"},"modified":"2016-01-28T23:04:27","modified_gmt":"2016-01-28T21:04:27","slug":"renumitul-fizician-dr-michio-kaku-crede-ca-am-putea-fi-atacati-de-o-rasa-extraterestra-avansata-si-ostila-2016-o-sa-fie-anul-dezvaluirii-extraterestrilor-ca-asa-doreste-oculta-mondiala","status":"publish","type":"post","link":"https:\/\/www.lovendal.ro\/wp52\/renumitul-fizician-dr-michio-kaku-crede-ca-am-putea-fi-atacati-de-o-rasa-extraterestra-avansata-si-ostila-2016-o-sa-fie-anul-dezvaluirii-extraterestrilor-ca-asa-doreste-oculta-mondiala\/","title":{"rendered":"Renumitul fizician dr. Michio Kaku crede c\u0103 am putea fi ataca\u0163i de o ras\u0103 extraterestr\u0103 avansat\u0103 \u015fi ostil\u0103! 2016 o s\u0103 fie anul &#8222;dezv\u0103luirii&#8221; extratere\u015ftrilor, c\u0103 a\u015fa dore\u015fte Oculta Mondial\u0103!"},"content":{"rendered":"<p><a href=\"https:\/\/www.lovendal.ro\/wp52\/renumitul-fizician-dr-michio-kaku-crede-ca-am-putea-fi-atacati-de-o-rasa-extraterestra-avansata-si-ostila-2016-o-sa-fie-anul-dezvaluirii-extraterestrilor-ca-asa-doreste-oculta-mondiala\/extraterestrii-ataca\/\" rel=\"attachment wp-att-42634\"><img loading=\"lazy\" decoding=\"async\" class=\"alignleft size-full wp-image-42634\" src=\"https:\/\/www.lovendal.ro\/wp52\/wp-content\/uploads\/2016\/01\/extraterestrii-ataca.jpeg\" alt=\"extraterestrii ataca\" width=\"333\" height=\"249\" srcset=\"https:\/\/www.lovendal.ro\/wp52\/wp-content\/uploads\/2016\/01\/extraterestrii-ataca.jpeg 333w, https:\/\/www.lovendal.ro\/wp52\/wp-content\/uploads\/2016\/01\/extraterestrii-ataca-300x224.jpeg 300w\" sizes=\"auto, (max-width: 333px) 100vw, 333px\" \/><\/a>Extratere\u015ftrii care sunt mai avansa\u0163i dec\u00e2t noi cu 1 milion de ani ar distruge omenirea \u00een c\u00e2teva secunde dac\u0103 ar invada planeta, avertizeaz\u0103 un expert. Uita\u0163i de scenariile hollywoodiene conform c\u0103rora omenirea s-ar lupta \u015fi ar \u00eenvinge o amenin\u021bare extraterestr\u0103; extratere\u015ftrii ne-ar distruge cu u\u0219urin\u021b\u0103.<\/p>\n<p>Asta e teoria omului de \u0219tiin\u021b\u0103 de top Dr. Michio Kaku, care consider\u0103 c\u0103 ar putea exista via\u021b\u0103 inteligent\u0103 pe planete care \u00eenc\u0103 n-au fost descoperite. Dr. Kaku, care este consultant pentru seria Curiosity al lui Discovery Channel, pretinde c\u0103 chiar dac\u0103 exist\u0103 alte fiin\u021be \u00een Univers, ele s-ar putea s\u0103 nu ne deranjeze.<\/p>\n<p>Dr. Kaku a discutat, \u00een cadrul unui interviu pentru Fox News, ce se va \u00eent\u00e2mpla \u00een cazul \u00een care extratere\u0219trii ar ataca P\u0103m\u00e2ntul. Dr. Kaku a spus: <em>&#8222;Ce se \u00eent\u00e2mpl\u0103 dac\u0103 ne \u00eent\u00e2lnim cu o civiliza\u021bie ostil\u0103, avansat\u0103 \u00een spa\u021biu? Hollywood-ul gre\u0219e\u015fte, pentru c\u0103 presupune c\u0103 extratere\u015ftrii ar fi doar cu 100 de ani mai avansa\u0163i dec\u00e2t noi \u0219i numai dac\u0103 am avea o arm\u0103 secret\u0103 i-am putea \u00eenvinge pe extratere\u015ftri. Fie extratere\u0219trii nu ne deranjeaz\u0103, pentru c\u0103 suntem pur \u0219i simplu prea primitivi pentru ei, fie ne vor invada, dar, \u00een cazul acesta va fi ca puiul de c\u0103prioar\u0103 Bambi vs. monstrul Godzilla. Ei ar putea fi cu un milion de ani mai avansa\u0163i dec\u00e2t noi. G\u00e2ndi\u0163i-v\u0103 c\u0103 Universul are 13,7 miliarde de ani vechime. Ei ar putea avea arme, pe care noi nici nu le-am putea concepe&#8221;.<\/em><\/p>\n<p>Dr Michio Kaku consider\u0103 c\u0103 singurul mod de a ne ap\u0103ra planeta ar fi acela de a \u00eenv\u0103\u021ba \u0219i a ne adapta tehnologiei lor. El a ad\u0103ugat: <em>&#8222;Uita\u0163i-v\u0103 la modul \u00een care barbarii i-au \u00eenvins \u00een cele din urm\u0103 pe romani. Barbarii n-au avut vreo arm\u0103 secret\u0103 cu care i-au \u00eenvins pe romani; ei pur \u015fi simplu au \u00eenv\u0103\u021bat tehnologia romanilor&#8221;<\/em>. Omul de \u015ftiin\u0163\u0103 mai consider\u0103 c\u0103 marea majoritate a civiliza\u0163iilor extraterestre avansate sunt pa\u015fnice, dar, \u00een cazul \u00een care ne-am confrunta cu o civiliza\u0163ie ostil\u0103, cu un inamic comun din spa\u0163iul cosmic, oamenii de pe P\u0103m\u00e2nt trebuie s\u0103 se uneasc\u0103. Dr. Kaku mai crede c\u0103 anul 2016 va fi anul \u00een care marile puteri ale lumii vor face dezv\u0103luiri despre realitatea extratere\u015ftrilor.<\/p>\n<p><em><strong>Sursa:<\/strong><\/em> <a href=\"http:\/\/www.dailystar.co.uk\/news\/latest-news\/490704\/Human-race-alien-invasion-battle-warning-bambi-godzilla-disney-independence-day\" target=\"_blank\"><strong>Daily Star<\/strong><\/a><\/p>\n<p>Din toate declara\u0163iile dr. Kaku despre extratere\u015ftri, ultimele dou\u0103 fraze mi s-au p\u0103rut cele mai interesante. \u00cen primul r\u00e2nd, ideea c\u0103 omenirea trebuie s\u0103 se uneasc\u0103 \u00een fa\u0163a unui inamic comun, mi-aduce aminte de Ronald Reagan, fostul pre\u015fedinte american, care spune exact acela\u015fi lucru \u00eentr-un discurs din anii 80: <em>\u201cPoate c\u0103 avem nevoie de o amenin\u0163are global\u0103 de afar\u0103. C\u00e2teodat\u0103, m\u0103 \u00eentreb c\u00e2t de repede diferen\u0163ele noastre la nivel global ar disp\u0103rea dac\u0103 ne-am confrunta cu o amenin\u0163are extraterestr\u0103, din afara lumii acesteia.\u201d <\/em>Iar aici intervine din nou Oculta Mondial\u0103: trebuie s\u0103 se creeze o amenin\u0163are extraterestr\u0103 inventat\u0103 la adresa P\u0103m\u00e2ntului, pentru a se putea instala o guvernare mondial\u0103 \u015fi totalitar\u0103.<\/p>\n<p>\u00cen al doilea r\u00e2nd, Kaku mai spune c\u0103 anul 2016 va fi anul \u00een care marile puteri ale lumii vor dezv\u0103lui despre realitatea extratere\u015ftrilor. Deja a \u00eenceput-o CIA, a\u015fa cum spuneam \u00eentr-un articol de acum c\u00e2teva zile: <strong><a href=\"https:\/\/www.lovendal.ro\/wp52\/o-miscare-uluitoare-cia-a-publicat-pe-internet-dosarele-x-pe-care-le-detine-despre-ozn-uri-si-extraterestri-ar-trebui-sa-ne-surprinda-lucrul-acesta\/\" target=\"_blank\">O mi\u015fcare uluitoare: CIA a publicat pe Internet \u201cdosarele X\u201d pe care le de\u0163ine despre OZN-uri \u015fi extratere\u015ftri! Ar trebui s\u0103 ne surprind\u0103 lucrul acesta?<\/a> <\/strong>Probabil c\u0103 acesta este planul lor: s\u0103 fim amenin\u0163a\u0163i de pericolul acestor extratere\u015ftri ostili, ce vin din spa\u0163iul cosmic&#8230; O s\u0103 mai auzi\u0163i multe declara\u0163ii pe tema aceasta \u00een perioada urm\u0103toare!<\/p>\n","protected":false},"excerpt":{"rendered":"<p>Extratere\u015ftrii care sunt mai avansa\u0163i dec\u00e2t noi cu 1 milion de ani ar distruge omenirea \u00een c\u00e2teva secunde dac\u0103 ar invada planeta, avertizeaz\u0103 un expert. Uita\u0163i de scenariile hollywoodiene conform c\u0103rora omenirea s-ar lupta \u015fi ar \u00eenvinge o amenin\u021bare extraterestr\u0103; &#8230; <\/p>\n<p class=\"read-more-container\"><a title=\"Renumitul fizician dr. Michio Kaku crede c\u0103 am putea fi ataca\u0163i de o ras\u0103 extraterestr\u0103 avansat\u0103 \u015fi ostil\u0103! 2016 o s\u0103 fie anul &#8222;dezv\u0103luirii&#8221; extratere\u015ftrilor, c\u0103 a\u015fa dore\u015fte Oculta Mondial\u0103!\" class=\"read-more button\" href=\"https:\/\/www.lovendal.ro\/wp52\/renumitul-fizician-dr-michio-kaku-crede-ca-am-putea-fi-atacati-de-o-rasa-extraterestra-avansata-si-ostila-2016-o-sa-fie-anul-dezvaluirii-extraterestrilor-ca-asa-doreste-oculta-mondiala\/#more-42633\" aria-label=\"Cite\u0219te mai multe despre Renumitul fizician dr. Michio Kaku crede c\u0103 am putea fi ataca\u0163i de o ras\u0103 extraterestr\u0103 avansat\u0103 \u015fi ostil\u0103! 2016 o s\u0103 fie anul &#8222;dezv\u0103luirii&#8221; extratere\u015ftrilor, c\u0103 a\u015fa dore\u015fte Oculta Mondial\u0103!\">Cititi mai multe<\/a><\/p>\n","protected":false},"author":1,"featured_media":42634,"comment_status":"open","ping_status":"open","sticky":false,"template":"","format":"standard","meta":{"footnotes":""},"categories":[2833,14],"tags":[2854,10153,5570,5678,53,10152,51,2048,10154,1873,4823,10151,57,4495,105,9796,732,190,858,2013,23,1087,366],"class_list":["post-42633","post","type-post","status-publish","format-standard","has-post-thumbnail","hentry","category-noutati","category-paranormal-spiritualitate","tag-arme","tag-bambi","tag-barbari","tag-caprioara","tag-cia","tag-doscovery-channel","tag-extraterestri","tag-fizician","tag-godzilla","tag-hollywood","tag-interviu","tag-michio-kaku","tag-oameni","tag-oculta-mondiala","tag-pamant","tag-paranormal-spiritualitate","tag-planeta","tag-presedinte","tag-romani","tag-ronald-reagan","tag-sua","tag-univers","tag-viata","resize-featured-image"],"yoast_head":"<!-- This site is optimized with the Yoast SEO Premium plugin v23.3 (Yoast SEO v27.4) - https:\/\/yoast.com\/product\/yoast-seo-premium-wordpress\/ -->\n<title>Renumitul fizician dr. Michio Kaku crede c\u0103 am putea fi ataca\u0163i de o ras\u0103 extraterestr\u0103 avansat\u0103 \u015fi ostil\u0103! 2016 o s\u0103 fie anul &quot;dezv\u0103luirii&quot; extratere\u015ftrilor, c\u0103 a\u015fa dore\u015fte Oculta Mondial\u0103! - Secretele lui Lovendal<\/title>\n<meta name=\"robots\" content=\"index, follow, max-snippet:-1, max-image-preview:large, max-video-preview:-1\" \/>\n<link rel=\"canonical\" href=\"https:\/\/www.lovendal.ro\/wp52\/renumitul-fizician-dr-michio-kaku-crede-ca-am-putea-fi-atacati-de-o-rasa-extraterestra-avansata-si-ostila-2016-o-sa-fie-anul-dezvaluirii-extraterestrilor-ca-asa-doreste-oculta-mondiala\/\" \/>\n<meta property=\"og:locale\" content=\"ro_RO\" \/>\n<meta property=\"og:type\" content=\"article\" \/>\n<meta property=\"og:title\" content=\"Renumitul fizician dr. Michio Kaku crede c\u0103 am putea fi ataca\u0163i de o ras\u0103 extraterestr\u0103 avansat\u0103 \u015fi ostil\u0103! 2016 o s\u0103 fie anul &quot;dezv\u0103luirii&quot; extratere\u015ftrilor, c\u0103 a\u015fa dore\u015fte Oculta Mondial\u0103!\" \/>\n<meta property=\"og:description\" content=\"Extratere\u015ftrii care sunt mai avansa\u0163i dec\u00e2t noi cu 1 milion de ani ar distruge omenirea \u00een c\u00e2teva secunde dac\u0103 ar invada planeta, avertizeaz\u0103 un expert. Uita\u0163i de scenariile hollywoodiene conform c\u0103rora omenirea s-ar lupta \u015fi ar \u00eenvinge o amenin\u021bare extraterestr\u0103; ... Cititi mai multe\" \/>\n<meta property=\"og:url\" content=\"https:\/\/www.lovendal.ro\/wp52\/renumitul-fizician-dr-michio-kaku-crede-ca-am-putea-fi-atacati-de-o-rasa-extraterestra-avansata-si-ostila-2016-o-sa-fie-anul-dezvaluirii-extraterestrilor-ca-asa-doreste-oculta-mondiala\/\" \/>\n<meta property=\"og:site_name\" content=\"Secretele lui Lovendal\" \/>\n<meta property=\"article:publisher\" content=\"https:\/\/www.facebook.com\/secreteleluilovendal\" \/>\n<meta property=\"article:published_time\" content=\"2016-01-28T21:04:24+00:00\" \/>\n<meta property=\"article:modified_time\" content=\"2016-01-28T21:04:27+00:00\" \/>\n<meta property=\"og:image\" content=\"https:\/\/www.lovendal.ro\/wp52\/wp-content\/uploads\/2016\/01\/extraterestrii-ataca.jpeg\" \/>\n\t<meta property=\"og:image:width\" content=\"333\" \/>\n\t<meta property=\"og:image:height\" content=\"249\" \/>\n\t<meta property=\"og:image:type\" content=\"image\/jpeg\" \/>\n<meta name=\"author\" content=\"admin\" \/>\n<meta name=\"twitter:card\" content=\"summary_large_image\" \/>\n<meta name=\"twitter:label1\" content=\"Scris de\" \/>\n\t<meta name=\"twitter:data1\" content=\"admin\" \/>\n\t<meta name=\"twitter:label2\" content=\"Timp estimat pentru citire\" \/>\n\t<meta name=\"twitter:data2\" content=\"3 minute\" \/>\n<script type=\"application\/ld+json\" class=\"yoast-schema-graph\">{\"@context\":\"https:\\\/\\\/schema.org\",\"@graph\":[{\"@type\":\"Article\",\"@id\":\"https:\\\/\\\/www.lovendal.ro\\\/wp52\\\/renumitul-fizician-dr-michio-kaku-crede-ca-am-putea-fi-atacati-de-o-rasa-extraterestra-avansata-si-ostila-2016-o-sa-fie-anul-dezvaluirii-extraterestrilor-ca-asa-doreste-oculta-mondiala\\\/#article\",\"isPartOf\":{\"@id\":\"https:\\\/\\\/www.lovendal.ro\\\/wp52\\\/renumitul-fizician-dr-michio-kaku-crede-ca-am-putea-fi-atacati-de-o-rasa-extraterestra-avansata-si-ostila-2016-o-sa-fie-anul-dezvaluirii-extraterestrilor-ca-asa-doreste-oculta-mondiala\\\/\"},\"author\":{\"name\":\"admin\",\"@id\":\"https:\\\/\\\/www.lovendal.ro\\\/wp52\\\/#\\\/schema\\\/person\\\/088691de5dfc346bb0c023e1e52ef5d9\"},\"headline\":\"Renumitul fizician dr. Michio Kaku crede c\u0103 am putea fi ataca\u0163i de o ras\u0103 extraterestr\u0103 avansat\u0103 \u015fi ostil\u0103! 2016 o s\u0103 fie anul &#8222;dezv\u0103luirii&#8221; extratere\u015ftrilor, c\u0103 a\u015fa dore\u015fte Oculta Mondial\u0103!\",\"datePublished\":\"2016-01-28T21:04:24+00:00\",\"dateModified\":\"2016-01-28T21:04:27+00:00\",\"mainEntityOfPage\":{\"@id\":\"https:\\\/\\\/www.lovendal.ro\\\/wp52\\\/renumitul-fizician-dr-michio-kaku-crede-ca-am-putea-fi-atacati-de-o-rasa-extraterestra-avansata-si-ostila-2016-o-sa-fie-anul-dezvaluirii-extraterestrilor-ca-asa-doreste-oculta-mondiala\\\/\"},\"wordCount\":670,\"commentCount\":24,\"publisher\":{\"@id\":\"https:\\\/\\\/www.lovendal.ro\\\/wp52\\\/#organization\"},\"image\":{\"@id\":\"https:\\\/\\\/www.lovendal.ro\\\/wp52\\\/renumitul-fizician-dr-michio-kaku-crede-ca-am-putea-fi-atacati-de-o-rasa-extraterestra-avansata-si-ostila-2016-o-sa-fie-anul-dezvaluirii-extraterestrilor-ca-asa-doreste-oculta-mondiala\\\/#primaryimage\"},\"thumbnailUrl\":\"https:\\\/\\\/www.lovendal.ro\\\/wp52\\\/wp-content\\\/uploads\\\/2016\\\/01\\\/extraterestrii-ataca.jpeg\",\"keywords\":[\"arme\",\"Bambi\",\"barbari\",\"c\u0103prioar\u0103\",\"CIA\",\"Doscovery Channel\",\"extratere\u015ftri\",\"fizician\",\"Godzilla\",\"Hollywood\",\"interviu\",\"Michio Kaku\",\"oameni\",\"Oculta Mondial\u0103\",\"P\u0103m\u00e2nt\",\"Paranormal-Spiritualitate\",\"planet\u0103\",\"pre\u015fedinte\",\"romani\",\"Ronald Reagan\",\"SUA\",\"Univers\",\"via\u0163\u0103\"],\"articleSection\":[\"Noutati\",\"Paranormal-Spiritualitate\"],\"inLanguage\":\"ro-RO\",\"potentialAction\":[{\"@type\":\"CommentAction\",\"name\":\"Comment\",\"target\":[\"https:\\\/\\\/www.lovendal.ro\\\/wp52\\\/renumitul-fizician-dr-michio-kaku-crede-ca-am-putea-fi-atacati-de-o-rasa-extraterestra-avansata-si-ostila-2016-o-sa-fie-anul-dezvaluirii-extraterestrilor-ca-asa-doreste-oculta-mondiala\\\/#respond\"]}]},{\"@type\":\"WebPage\",\"@id\":\"https:\\\/\\\/www.lovendal.ro\\\/wp52\\\/renumitul-fizician-dr-michio-kaku-crede-ca-am-putea-fi-atacati-de-o-rasa-extraterestra-avansata-si-ostila-2016-o-sa-fie-anul-dezvaluirii-extraterestrilor-ca-asa-doreste-oculta-mondiala\\\/\",\"url\":\"https:\\\/\\\/www.lovendal.ro\\\/wp52\\\/renumitul-fizician-dr-michio-kaku-crede-ca-am-putea-fi-atacati-de-o-rasa-extraterestra-avansata-si-ostila-2016-o-sa-fie-anul-dezvaluirii-extraterestrilor-ca-asa-doreste-oculta-mondiala\\\/\",\"name\":\"Renumitul fizician dr. Michio Kaku crede c\u0103 am putea fi ataca\u0163i de o ras\u0103 extraterestr\u0103 avansat\u0103 \u015fi ostil\u0103! 2016 o s\u0103 fie anul \\\"dezv\u0103luirii\\\" extratere\u015ftrilor, c\u0103 a\u015fa dore\u015fte Oculta Mondial\u0103! - Secretele lui Lovendal\",\"isPartOf\":{\"@id\":\"https:\\\/\\\/www.lovendal.ro\\\/wp52\\\/#website\"},\"primaryImageOfPage\":{\"@id\":\"https:\\\/\\\/www.lovendal.ro\\\/wp52\\\/renumitul-fizician-dr-michio-kaku-crede-ca-am-putea-fi-atacati-de-o-rasa-extraterestra-avansata-si-ostila-2016-o-sa-fie-anul-dezvaluirii-extraterestrilor-ca-asa-doreste-oculta-mondiala\\\/#primaryimage\"},\"image\":{\"@id\":\"https:\\\/\\\/www.lovendal.ro\\\/wp52\\\/renumitul-fizician-dr-michio-kaku-crede-ca-am-putea-fi-atacati-de-o-rasa-extraterestra-avansata-si-ostila-2016-o-sa-fie-anul-dezvaluirii-extraterestrilor-ca-asa-doreste-oculta-mondiala\\\/#primaryimage\"},\"thumbnailUrl\":\"https:\\\/\\\/www.lovendal.ro\\\/wp52\\\/wp-content\\\/uploads\\\/2016\\\/01\\\/extraterestrii-ataca.jpeg\",\"datePublished\":\"2016-01-28T21:04:24+00:00\",\"dateModified\":\"2016-01-28T21:04:27+00:00\",\"breadcrumb\":{\"@id\":\"https:\\\/\\\/www.lovendal.ro\\\/wp52\\\/renumitul-fizician-dr-michio-kaku-crede-ca-am-putea-fi-atacati-de-o-rasa-extraterestra-avansata-si-ostila-2016-o-sa-fie-anul-dezvaluirii-extraterestrilor-ca-asa-doreste-oculta-mondiala\\\/#breadcrumb\"},\"inLanguage\":\"ro-RO\",\"potentialAction\":[{\"@type\":\"ReadAction\",\"target\":[\"https:\\\/\\\/www.lovendal.ro\\\/wp52\\\/renumitul-fizician-dr-michio-kaku-crede-ca-am-putea-fi-atacati-de-o-rasa-extraterestra-avansata-si-ostila-2016-o-sa-fie-anul-dezvaluirii-extraterestrilor-ca-asa-doreste-oculta-mondiala\\\/\"]}]},{\"@type\":\"ImageObject\",\"inLanguage\":\"ro-RO\",\"@id\":\"https:\\\/\\\/www.lovendal.ro\\\/wp52\\\/renumitul-fizician-dr-michio-kaku-crede-ca-am-putea-fi-atacati-de-o-rasa-extraterestra-avansata-si-ostila-2016-o-sa-fie-anul-dezvaluirii-extraterestrilor-ca-asa-doreste-oculta-mondiala\\\/#primaryimage\",\"url\":\"https:\\\/\\\/www.lovendal.ro\\\/wp52\\\/wp-content\\\/uploads\\\/2016\\\/01\\\/extraterestrii-ataca.jpeg\",\"contentUrl\":\"https:\\\/\\\/www.lovendal.ro\\\/wp52\\\/wp-content\\\/uploads\\\/2016\\\/01\\\/extraterestrii-ataca.jpeg\",\"width\":333,\"height\":249},{\"@type\":\"BreadcrumbList\",\"@id\":\"https:\\\/\\\/www.lovendal.ro\\\/wp52\\\/renumitul-fizician-dr-michio-kaku-crede-ca-am-putea-fi-atacati-de-o-rasa-extraterestra-avansata-si-ostila-2016-o-sa-fie-anul-dezvaluirii-extraterestrilor-ca-asa-doreste-oculta-mondiala\\\/#breadcrumb\",\"itemListElement\":[{\"@type\":\"ListItem\",\"position\":1,\"name\":\"Home\",\"item\":\"https:\\\/\\\/www.lovendal.ro\\\/wp52\\\/\"},{\"@type\":\"ListItem\",\"position\":2,\"name\":\"Renumitul fizician dr. Michio Kaku crede c\u0103 am putea fi ataca\u0163i de o ras\u0103 extraterestr\u0103 avansat\u0103 \u015fi ostil\u0103! 2016 o s\u0103 fie anul &#8222;dezv\u0103luirii&#8221; extratere\u015ftrilor, c\u0103 a\u015fa dore\u015fte Oculta Mondial\u0103!\"}]},{\"@type\":\"WebSite\",\"@id\":\"https:\\\/\\\/www.lovendal.ro\\\/wp52\\\/#website\",\"url\":\"https:\\\/\\\/www.lovendal.ro\\\/wp52\\\/\",\"name\":\"Secretele lui Lovendal\",\"description\":\"Site de secrete, stiinta si metafizica - din 2008 -\",\"publisher\":{\"@id\":\"https:\\\/\\\/www.lovendal.ro\\\/wp52\\\/#organization\"},\"potentialAction\":[{\"@type\":\"SearchAction\",\"target\":{\"@type\":\"EntryPoint\",\"urlTemplate\":\"https:\\\/\\\/www.lovendal.ro\\\/wp52\\\/?s={search_term_string}\"},\"query-input\":{\"@type\":\"PropertyValueSpecification\",\"valueRequired\":true,\"valueName\":\"search_term_string\"}}],\"inLanguage\":\"ro-RO\"},{\"@type\":\"Organization\",\"@id\":\"https:\\\/\\\/www.lovendal.ro\\\/wp52\\\/#organization\",\"name\":\"Secretele lui Lovendal\",\"url\":\"https:\\\/\\\/www.lovendal.ro\\\/wp52\\\/\",\"logo\":{\"@type\":\"ImageObject\",\"inLanguage\":\"ro-RO\",\"@id\":\"https:\\\/\\\/www.lovendal.ro\\\/wp52\\\/#\\\/schema\\\/logo\\\/image\\\/\",\"url\":\"https:\\\/\\\/www.lovendal.ro\\\/wp52\\\/wp-content\\\/uploads\\\/2024\\\/06\\\/cropped-SLL-iun-2024-1.jpg\",\"contentUrl\":\"https:\\\/\\\/www.lovendal.ro\\\/wp52\\\/wp-content\\\/uploads\\\/2024\\\/06\\\/cropped-SLL-iun-2024-1.jpg\",\"width\":771,\"height\":240,\"caption\":\"Secretele lui Lovendal\"},\"image\":{\"@id\":\"https:\\\/\\\/www.lovendal.ro\\\/wp52\\\/#\\\/schema\\\/logo\\\/image\\\/\"},\"sameAs\":[\"https:\\\/\\\/www.facebook.com\\\/secreteleluilovendal\"]},{\"@type\":\"Person\",\"@id\":\"https:\\\/\\\/www.lovendal.ro\\\/wp52\\\/#\\\/schema\\\/person\\\/088691de5dfc346bb0c023e1e52ef5d9\",\"name\":\"admin\",\"image\":{\"@type\":\"ImageObject\",\"inLanguage\":\"ro-RO\",\"@id\":\"https:\\\/\\\/secure.gravatar.com\\\/avatar\\\/ecb9cd41f5f63c9c9b989999a59f6e2639a865ec361e9db054db0679a8f341c2?s=96&d=mm&r=g\",\"url\":\"https:\\\/\\\/secure.gravatar.com\\\/avatar\\\/ecb9cd41f5f63c9c9b989999a59f6e2639a865ec361e9db054db0679a8f341c2?s=96&d=mm&r=g\",\"contentUrl\":\"https:\\\/\\\/secure.gravatar.com\\\/avatar\\\/ecb9cd41f5f63c9c9b989999a59f6e2639a865ec361e9db054db0679a8f341c2?s=96&d=mm&r=g\",\"caption\":\"admin\"},\"sameAs\":[\"https:\\\/\\\/www.lovendal.ro\\\/wp52\"]}]}<\/script>\n<!-- \/ Yoast SEO Premium plugin. -->","yoast_head_json":{"title":"Renumitul fizician dr. Michio Kaku crede c\u0103 am putea fi ataca\u0163i de o ras\u0103 extraterestr\u0103 avansat\u0103 \u015fi ostil\u0103! 2016 o s\u0103 fie anul \"dezv\u0103luirii\" extratere\u015ftrilor, c\u0103 a\u015fa dore\u015fte Oculta Mondial\u0103! - Secretele lui Lovendal","robots":{"index":"index","follow":"follow","max-snippet":"max-snippet:-1","max-image-preview":"max-image-preview:large","max-video-preview":"max-video-preview:-1"},"canonical":"https:\/\/www.lovendal.ro\/wp52\/renumitul-fizician-dr-michio-kaku-crede-ca-am-putea-fi-atacati-de-o-rasa-extraterestra-avansata-si-ostila-2016-o-sa-fie-anul-dezvaluirii-extraterestrilor-ca-asa-doreste-oculta-mondiala\/","og_locale":"ro_RO","og_type":"article","og_title":"Renumitul fizician dr. Michio Kaku crede c\u0103 am putea fi ataca\u0163i de o ras\u0103 extraterestr\u0103 avansat\u0103 \u015fi ostil\u0103! 2016 o s\u0103 fie anul \"dezv\u0103luirii\" extratere\u015ftrilor, c\u0103 a\u015fa dore\u015fte Oculta Mondial\u0103!","og_description":"Extratere\u015ftrii care sunt mai avansa\u0163i dec\u00e2t noi cu 1 milion de ani ar distruge omenirea \u00een c\u00e2teva secunde dac\u0103 ar invada planeta, avertizeaz\u0103 un expert. Uita\u0163i de scenariile hollywoodiene conform c\u0103rora omenirea s-ar lupta \u015fi ar \u00eenvinge o amenin\u021bare extraterestr\u0103; ... Cititi mai multe","og_url":"https:\/\/www.lovendal.ro\/wp52\/renumitul-fizician-dr-michio-kaku-crede-ca-am-putea-fi-atacati-de-o-rasa-extraterestra-avansata-si-ostila-2016-o-sa-fie-anul-dezvaluirii-extraterestrilor-ca-asa-doreste-oculta-mondiala\/","og_site_name":"Secretele lui Lovendal","article_publisher":"https:\/\/www.facebook.com\/secreteleluilovendal","article_published_time":"2016-01-28T21:04:24+00:00","article_modified_time":"2016-01-28T21:04:27+00:00","og_image":[{"width":333,"height":249,"url":"https:\/\/www.lovendal.ro\/wp52\/wp-content\/uploads\/2016\/01\/extraterestrii-ataca.jpeg","type":"image\/jpeg"}],"author":"admin","twitter_card":"summary_large_image","twitter_misc":{"Scris de":"admin","Timp estimat pentru citire":"3 minute"},"schema":{"@context":"https:\/\/schema.org","@graph":[{"@type":"Article","@id":"https:\/\/www.lovendal.ro\/wp52\/renumitul-fizician-dr-michio-kaku-crede-ca-am-putea-fi-atacati-de-o-rasa-extraterestra-avansata-si-ostila-2016-o-sa-fie-anul-dezvaluirii-extraterestrilor-ca-asa-doreste-oculta-mondiala\/#article","isPartOf":{"@id":"https:\/\/www.lovendal.ro\/wp52\/renumitul-fizician-dr-michio-kaku-crede-ca-am-putea-fi-atacati-de-o-rasa-extraterestra-avansata-si-ostila-2016-o-sa-fie-anul-dezvaluirii-extraterestrilor-ca-asa-doreste-oculta-mondiala\/"},"author":{"name":"admin","@id":"https:\/\/www.lovendal.ro\/wp52\/#\/schema\/person\/088691de5dfc346bb0c023e1e52ef5d9"},"headline":"Renumitul fizician dr. Michio Kaku crede c\u0103 am putea fi ataca\u0163i de o ras\u0103 extraterestr\u0103 avansat\u0103 \u015fi ostil\u0103! 2016 o s\u0103 fie anul &#8222;dezv\u0103luirii&#8221; extratere\u015ftrilor, c\u0103 a\u015fa dore\u015fte Oculta Mondial\u0103!","datePublished":"2016-01-28T21:04:24+00:00","dateModified":"2016-01-28T21:04:27+00:00","mainEntityOfPage":{"@id":"https:\/\/www.lovendal.ro\/wp52\/renumitul-fizician-dr-michio-kaku-crede-ca-am-putea-fi-atacati-de-o-rasa-extraterestra-avansata-si-ostila-2016-o-sa-fie-anul-dezvaluirii-extraterestrilor-ca-asa-doreste-oculta-mondiala\/"},"wordCount":670,"commentCount":24,"publisher":{"@id":"https:\/\/www.lovendal.ro\/wp52\/#organization"},"image":{"@id":"https:\/\/www.lovendal.ro\/wp52\/renumitul-fizician-dr-michio-kaku-crede-ca-am-putea-fi-atacati-de-o-rasa-extraterestra-avansata-si-ostila-2016-o-sa-fie-anul-dezvaluirii-extraterestrilor-ca-asa-doreste-oculta-mondiala\/#primaryimage"},"thumbnailUrl":"https:\/\/www.lovendal.ro\/wp52\/wp-content\/uploads\/2016\/01\/extraterestrii-ataca.jpeg","keywords":["arme","Bambi","barbari","c\u0103prioar\u0103","CIA","Doscovery Channel","extratere\u015ftri","fizician","Godzilla","Hollywood","interviu","Michio Kaku","oameni","Oculta Mondial\u0103","P\u0103m\u00e2nt","Paranormal-Spiritualitate","planet\u0103","pre\u015fedinte","romani","Ronald Reagan","SUA","Univers","via\u0163\u0103"],"articleSection":["Noutati","Paranormal-Spiritualitate"],"inLanguage":"ro-RO","potentialAction":[{"@type":"CommentAction","name":"Comment","target":["https:\/\/www.lovendal.ro\/wp52\/renumitul-fizician-dr-michio-kaku-crede-ca-am-putea-fi-atacati-de-o-rasa-extraterestra-avansata-si-ostila-2016-o-sa-fie-anul-dezvaluirii-extraterestrilor-ca-asa-doreste-oculta-mondiala\/#respond"]}]},{"@type":"WebPage","@id":"https:\/\/www.lovendal.ro\/wp52\/renumitul-fizician-dr-michio-kaku-crede-ca-am-putea-fi-atacati-de-o-rasa-extraterestra-avansata-si-ostila-2016-o-sa-fie-anul-dezvaluirii-extraterestrilor-ca-asa-doreste-oculta-mondiala\/","url":"https:\/\/www.lovendal.ro\/wp52\/renumitul-fizician-dr-michio-kaku-crede-ca-am-putea-fi-atacati-de-o-rasa-extraterestra-avansata-si-ostila-2016-o-sa-fie-anul-dezvaluirii-extraterestrilor-ca-asa-doreste-oculta-mondiala\/","name":"Renumitul fizician dr. Michio Kaku crede c\u0103 am putea fi ataca\u0163i de o ras\u0103 extraterestr\u0103 avansat\u0103 \u015fi ostil\u0103! 2016 o s\u0103 fie anul \"dezv\u0103luirii\" extratere\u015ftrilor, c\u0103 a\u015fa dore\u015fte Oculta Mondial\u0103! - Secretele lui Lovendal","isPartOf":{"@id":"https:\/\/www.lovendal.ro\/wp52\/#website"},"primaryImageOfPage":{"@id":"https:\/\/www.lovendal.ro\/wp52\/renumitul-fizician-dr-michio-kaku-crede-ca-am-putea-fi-atacati-de-o-rasa-extraterestra-avansata-si-ostila-2016-o-sa-fie-anul-dezvaluirii-extraterestrilor-ca-asa-doreste-oculta-mondiala\/#primaryimage"},"image":{"@id":"https:\/\/www.lovendal.ro\/wp52\/renumitul-fizician-dr-michio-kaku-crede-ca-am-putea-fi-atacati-de-o-rasa-extraterestra-avansata-si-ostila-2016-o-sa-fie-anul-dezvaluirii-extraterestrilor-ca-asa-doreste-oculta-mondiala\/#primaryimage"},"thumbnailUrl":"https:\/\/www.lovendal.ro\/wp52\/wp-content\/uploads\/2016\/01\/extraterestrii-ataca.jpeg","datePublished":"2016-01-28T21:04:24+00:00","dateModified":"2016-01-28T21:04:27+00:00","breadcrumb":{"@id":"https:\/\/www.lovendal.ro\/wp52\/renumitul-fizician-dr-michio-kaku-crede-ca-am-putea-fi-atacati-de-o-rasa-extraterestra-avansata-si-ostila-2016-o-sa-fie-anul-dezvaluirii-extraterestrilor-ca-asa-doreste-oculta-mondiala\/#breadcrumb"},"inLanguage":"ro-RO","potentialAction":[{"@type":"ReadAction","target":["https:\/\/www.lovendal.ro\/wp52\/renumitul-fizician-dr-michio-kaku-crede-ca-am-putea-fi-atacati-de-o-rasa-extraterestra-avansata-si-ostila-2016-o-sa-fie-anul-dezvaluirii-extraterestrilor-ca-asa-doreste-oculta-mondiala\/"]}]},{"@type":"ImageObject","inLanguage":"ro-RO","@id":"https:\/\/www.lovendal.ro\/wp52\/renumitul-fizician-dr-michio-kaku-crede-ca-am-putea-fi-atacati-de-o-rasa-extraterestra-avansata-si-ostila-2016-o-sa-fie-anul-dezvaluirii-extraterestrilor-ca-asa-doreste-oculta-mondiala\/#primaryimage","url":"https:\/\/www.lovendal.ro\/wp52\/wp-content\/uploads\/2016\/01\/extraterestrii-ataca.jpeg","contentUrl":"https:\/\/www.lovendal.ro\/wp52\/wp-content\/uploads\/2016\/01\/extraterestrii-ataca.jpeg","width":333,"height":249},{"@type":"BreadcrumbList","@id":"https:\/\/www.lovendal.ro\/wp52\/renumitul-fizician-dr-michio-kaku-crede-ca-am-putea-fi-atacati-de-o-rasa-extraterestra-avansata-si-ostila-2016-o-sa-fie-anul-dezvaluirii-extraterestrilor-ca-asa-doreste-oculta-mondiala\/#breadcrumb","itemListElement":[{"@type":"ListItem","position":1,"name":"Home","item":"https:\/\/www.lovendal.ro\/wp52\/"},{"@type":"ListItem","position":2,"name":"Renumitul fizician dr. Michio Kaku crede c\u0103 am putea fi ataca\u0163i de o ras\u0103 extraterestr\u0103 avansat\u0103 \u015fi ostil\u0103! 2016 o s\u0103 fie anul &#8222;dezv\u0103luirii&#8221; extratere\u015ftrilor, c\u0103 a\u015fa dore\u015fte Oculta Mondial\u0103!"}]},{"@type":"WebSite","@id":"https:\/\/www.lovendal.ro\/wp52\/#website","url":"https:\/\/www.lovendal.ro\/wp52\/","name":"Secretele lui Lovendal","description":"Site de secrete, stiinta si metafizica - din 2008 -","publisher":{"@id":"https:\/\/www.lovendal.ro\/wp52\/#organization"},"potentialAction":[{"@type":"SearchAction","target":{"@type":"EntryPoint","urlTemplate":"https:\/\/www.lovendal.ro\/wp52\/?s={search_term_string}"},"query-input":{"@type":"PropertyValueSpecification","valueRequired":true,"valueName":"search_term_string"}}],"inLanguage":"ro-RO"},{"@type":"Organization","@id":"https:\/\/www.lovendal.ro\/wp52\/#organization","name":"Secretele lui Lovendal","url":"https:\/\/www.lovendal.ro\/wp52\/","logo":{"@type":"ImageObject","inLanguage":"ro-RO","@id":"https:\/\/www.lovendal.ro\/wp52\/#\/schema\/logo\/image\/","url":"https:\/\/www.lovendal.ro\/wp52\/wp-content\/uploads\/2024\/06\/cropped-SLL-iun-2024-1.jpg","contentUrl":"https:\/\/www.lovendal.ro\/wp52\/wp-content\/uploads\/2024\/06\/cropped-SLL-iun-2024-1.jpg","width":771,"height":240,"caption":"Secretele lui Lovendal"},"image":{"@id":"https:\/\/www.lovendal.ro\/wp52\/#\/schema\/logo\/image\/"},"sameAs":["https:\/\/www.facebook.com\/secreteleluilovendal"]},{"@type":"Person","@id":"https:\/\/www.lovendal.ro\/wp52\/#\/schema\/person\/088691de5dfc346bb0c023e1e52ef5d9","name":"admin","image":{"@type":"ImageObject","inLanguage":"ro-RO","@id":"https:\/\/secure.gravatar.com\/avatar\/ecb9cd41f5f63c9c9b989999a59f6e2639a865ec361e9db054db0679a8f341c2?s=96&d=mm&r=g","url":"https:\/\/secure.gravatar.com\/avatar\/ecb9cd41f5f63c9c9b989999a59f6e2639a865ec361e9db054db0679a8f341c2?s=96&d=mm&r=g","contentUrl":"https:\/\/secure.gravatar.com\/avatar\/ecb9cd41f5f63c9c9b989999a59f6e2639a865ec361e9db054db0679a8f341c2?s=96&d=mm&r=g","caption":"admin"},"sameAs":["https:\/\/www.lovendal.ro\/wp52"]}]}},"_links":{"self":[{"href":"https:\/\/www.lovendal.ro\/wp52\/wp-json\/wp\/v2\/posts\/42633","targetHints":{"allow":["GET"]}}],"collection":[{"href":"https:\/\/www.lovendal.ro\/wp52\/wp-json\/wp\/v2\/posts"}],"about":[{"href":"https:\/\/www.lovendal.ro\/wp52\/wp-json\/wp\/v2\/types\/post"}],"author":[{"embeddable":true,"href":"https:\/\/www.lovendal.ro\/wp52\/wp-json\/wp\/v2\/users\/1"}],"replies":[{"embeddable":true,"href":"https:\/\/www.lovendal.ro\/wp52\/wp-json\/wp\/v2\/comments?post=42633"}],"version-history":[{"count":0,"href":"https:\/\/www.lovendal.ro\/wp52\/wp-json\/wp\/v2\/posts\/42633\/revisions"}],"wp:featuredmedia":[{"embeddable":true,"href":"https:\/\/www.lovendal.ro\/wp52\/wp-json\/wp\/v2\/media\/42634"}],"wp:attachment":[{"href":"https:\/\/www.lovendal.ro\/wp52\/wp-json\/wp\/v2\/media?parent=42633"}],"wp:term":[{"taxonomy":"category","embeddable":true,"href":"https:\/\/www.lovendal.ro\/wp52\/wp-json\/wp\/v2\/categories?post=42633"},{"taxonomy":"post_tag","embeddable":true,"href":"https:\/\/www.lovendal.ro\/wp52\/wp-json\/wp\/v2\/tags?post=42633"}],"curies":[{"name":"wp","href":"https:\/\/api.w.org\/{rel}","templated":true}]}}