{"id":4250,"date":"2009-03-30T07:21:51","date_gmt":"2009-03-30T05:21:51","guid":{"rendered":"http:\/\/www.lovendal.net\/wp52\/?p=4250"},"modified":"2009-03-30T19:58:37","modified_gmt":"2009-03-30T16:58:37","slug":"imparatul-faustin-si-curtea-sa-ciudata-contele-limonada-si-ducele-marmelada","status":"publish","type":"post","link":"https:\/\/www.lovendal.ro\/wp52\/imparatul-faustin-si-curtea-sa-ciudata-contele-limonada-si-ducele-marmelada\/","title":{"rendered":"\u00cemp\u0103ratul Faustin \u015fi curtea sa ciudat\u0103: contele Limonad\u0103 \u015fi ducele Marmelad\u0103"},"content":{"rendered":"<p><img loading=\"lazy\" decoding=\"async\" class=\"alignleft size-full wp-image-4251\" title=\"faustin\" src=\"https:\/\/www.lovendal.ro\/wp52\/wp-content\/uploads\/2009\/03\/faustin.jpg\" alt=\"faustin\" width=\"280\" height=\"245\" \/>Haiti, o mic\u0103 republic\u0103 din America Central\u0103, secolul al XIX-lea&#8230; Generalul Faustin Soulouque, care era p\u00e2n\u0103 atunci pre\u015fedintele statului, nu s-a mul\u0163umit cu pre\u015fedin\u0163ia republicii, ci a dorit mai multe onoruri, de aceea proclam\u00e2ndu-se \u00eemp\u0103rat. Importantul act a avut loc la 26 august 1849. Nefiind la \u00eendem\u00e2n\u0103 o coroan\u0103 de aur, s-a \u00eencropit una din carton aurit, pe care pre\u015fedintele senatului a a\u015fezat-o solemn pe cre\u015ftetul noului \u00eemp\u0103rat.<\/p>\n<p>Faustin I \u2014 acest nume \u015fi-l luase \u2014 \u015fi-a organizat curtea \u00eemp\u0103r\u0103teasc\u0103 dup\u0103 acela\u015fi model ca \u015fi regele Henric. A f\u0103cut mari nobili \u015fi mari demnitari, a instituit un ordin cavaleresc. Printre demnit\u0103\u0163ile cur\u0163ii, era \u015fi cea de mare maestru brutar, copiat\u0103 dup\u0103 aceea de grand panetier, de la curtea francez\u0103. Dar, interveni o \u00eencurc\u0103tur\u0103, fiindc\u0103 nimeni nu putu s\u0103-i spun\u0103 demnitarului \u00een ce const\u0103 func\u0163ia lui. Fiind teribil de \u00eencurcat, el ceru audien\u0163\u0103 \u00eemp\u0103ratului, care, plin de m\u0103rinimie, \u00eel concedie cu urm\u0103toarele cuvinte: <em>C&#8217;est quelque chose de bon (este ceva bun)<\/em>. Numele marelui maestru brutar era contele Limonad\u0103. \u00centr-adev\u0103r, ciudat nume!<\/p>\n<p>Iat\u0103 \u00eens\u0103 \u015fi un alt nobil: ducele Marmelad\u0103. Dar s\u0103 citim lista noii aristocra\u0163ii: Ducele de Durduliu (Duc de Dondon), ducele de \u00eenaintare (Duc de Avancee), contele de Avers\u0103 (Comte de l&#8217;Avalasse), contele de C\u00e2ine-Ro\u015fu (Comte de Terrier-Rouge), baronul de Sering\u0103 (Baron de la Seringue), baronul de Gaur\u0103-Murdar\u0103 (Baron de Sale-Prou), contele de Num\u0103rul-Doi (Comte de Numero- Deux).<\/p>\n<p>Aceste absurdit\u0103\u0163i au \u015fi ele o explica\u0163ie: c\u00e2nd \u00eemp\u0103ratul Faustin a instaurat nobilimea, i-a donat \u015fi propriet\u0103\u0163i, planta\u0163ii mai mari sau mai mici, confiscate de la diver\u015fi proprietari. Fiind cunoscut faptul c\u0103 membrii nobilimii franceze, pe care o maimu\u0163\u0103reau, \u00ee\u015fi \u00eemprumutau numele de la domeniile pe care le st\u0103p\u00e2neau, s-a g\u0103sit de cuviin\u0163\u0103 ca \u015fi nobilimea haitian\u0103 s\u0103 poarte nume de latifundii. Numai c\u0103 planta\u0163iile lor n-aveau denumiri melodioase cum aveau castelele nobiliare franceze. Vechii proprietari au dat planta\u0163iilor ni\u015fte nume tare de r\u00e2nd, potrivite cu produsul care se cultiva ori se prelucra pe ele, fie cu a\u015fezarea sau cu \u00eensu\u015firile specifice ale terenului. Astfel, s-a ajuns ea \u00een actul de dona\u0163ie, noul proprietar al livezii de l\u0103m\u00e2i s\u0103 figureze eu numele de Comte de Limonade, iar proasp\u0103tul proprietar al fabricii de marmelad\u0103 s\u0103 se m\u00e2ndreasc\u0103, pe viitor, c\u0103 este Duc de Marmelade.<\/p>\n","protected":false},"excerpt":{"rendered":"<p>Haiti, o mic\u0103 republic\u0103 din America Central\u0103, secolul al XIX-lea&#8230; Generalul Faustin Soulouque, care era p\u00e2n\u0103 atunci pre\u015fedintele statului, nu s-a mul\u0163umit cu pre\u015fedin\u0163ia republicii, ci a dorit mai multe onoruri, de aceea proclam\u00e2ndu-se \u00eemp\u0103rat. Importantul act a avut loc &#8230; <\/p>\n<p class=\"read-more-container\"><a title=\"\u00cemp\u0103ratul Faustin \u015fi curtea sa ciudat\u0103: contele Limonad\u0103 \u015fi ducele Marmelad\u0103\" class=\"read-more button\" href=\"https:\/\/www.lovendal.ro\/wp52\/imparatul-faustin-si-curtea-sa-ciudata-contele-limonada-si-ducele-marmelada\/#more-4250\" aria-label=\"Cite\u0219te mai multe despre \u00cemp\u0103ratul Faustin \u015fi curtea sa ciudat\u0103: contele Limonad\u0103 \u015fi ducele Marmelad\u0103\">Cititi mai multe<\/a><\/p>\n","protected":false},"author":1,"featured_media":4251,"comment_status":"open","ping_status":"closed","sticky":false,"template":"","format":"standard","meta":{"footnotes":""},"categories":[9],"tags":[143,295,9795],"class_list":["post-4250","post","type-post","status-publish","format-standard","has-post-thumbnail","hentry","category-istorie","tag-haiti","tag-imparat","tag-istorie","resize-featured-image"],"yoast_head":"<!-- This site is optimized with the Yoast SEO Premium plugin v23.3 (Yoast SEO v27.4) - https:\/\/yoast.com\/product\/yoast-seo-premium-wordpress\/ -->\n<title>\u00cemp\u0103ratul Faustin \u015fi curtea sa ciudat\u0103: contele Limonad\u0103 \u015fi ducele Marmelad\u0103 - Secretele lui Lovendal<\/title>\n<meta name=\"robots\" content=\"index, follow, max-snippet:-1, max-image-preview:large, max-video-preview:-1\" \/>\n<link rel=\"canonical\" href=\"https:\/\/www.lovendal.ro\/wp52\/imparatul-faustin-si-curtea-sa-ciudata-contele-limonada-si-ducele-marmelada\/\" \/>\n<meta property=\"og:locale\" content=\"ro_RO\" \/>\n<meta property=\"og:type\" content=\"article\" \/>\n<meta property=\"og:title\" content=\"\u00cemp\u0103ratul Faustin \u015fi curtea sa ciudat\u0103: contele Limonad\u0103 \u015fi ducele Marmelad\u0103\" \/>\n<meta property=\"og:description\" content=\"Haiti, o mic\u0103 republic\u0103 din America Central\u0103, secolul al XIX-lea&#8230; Generalul Faustin Soulouque, care era p\u00e2n\u0103 atunci pre\u015fedintele statului, nu s-a mul\u0163umit cu pre\u015fedin\u0163ia republicii, ci a dorit mai multe onoruri, de aceea proclam\u00e2ndu-se \u00eemp\u0103rat. Importantul act a avut loc ... Cititi mai multe\" \/>\n<meta property=\"og:url\" content=\"https:\/\/www.lovendal.ro\/wp52\/imparatul-faustin-si-curtea-sa-ciudata-contele-limonada-si-ducele-marmelada\/\" \/>\n<meta property=\"og:site_name\" content=\"Secretele lui Lovendal\" \/>\n<meta property=\"article:publisher\" content=\"https:\/\/www.facebook.com\/secreteleluilovendal\" \/>\n<meta property=\"article:published_time\" content=\"2009-03-30T05:21:51+00:00\" \/>\n<meta property=\"article:modified_time\" content=\"2009-03-30T16:58:37+00:00\" \/>\n<meta property=\"og:image\" content=\"https:\/\/www.lovendal.ro\/wp52\/wp-content\/uploads\/2009\/03\/faustin.jpg\" \/>\n\t<meta property=\"og:image:width\" content=\"280\" \/>\n\t<meta property=\"og:image:height\" content=\"245\" \/>\n\t<meta property=\"og:image:type\" content=\"image\/jpeg\" \/>\n<meta name=\"author\" content=\"admin\" \/>\n<meta name=\"twitter:card\" content=\"summary_large_image\" \/>\n<meta name=\"twitter:label1\" content=\"Scris de\" \/>\n\t<meta name=\"twitter:data1\" content=\"admin\" \/>\n\t<meta name=\"twitter:label2\" content=\"Timp estimat pentru citire\" \/>\n\t<meta name=\"twitter:data2\" content=\"2 minute\" \/>\n<script type=\"application\/ld+json\" class=\"yoast-schema-graph\">{\"@context\":\"https:\\\/\\\/schema.org\",\"@graph\":[{\"@type\":\"Article\",\"@id\":\"https:\\\/\\\/www.lovendal.ro\\\/wp52\\\/imparatul-faustin-si-curtea-sa-ciudata-contele-limonada-si-ducele-marmelada\\\/#article\",\"isPartOf\":{\"@id\":\"https:\\\/\\\/www.lovendal.ro\\\/wp52\\\/imparatul-faustin-si-curtea-sa-ciudata-contele-limonada-si-ducele-marmelada\\\/\"},\"author\":{\"name\":\"admin\",\"@id\":\"https:\\\/\\\/www.lovendal.ro\\\/wp52\\\/#\\\/schema\\\/person\\\/088691de5dfc346bb0c023e1e52ef5d9\"},\"headline\":\"\u00cemp\u0103ratul Faustin \u015fi curtea sa ciudat\u0103: contele Limonad\u0103 \u015fi ducele Marmelad\u0103\",\"datePublished\":\"2009-03-30T05:21:51+00:00\",\"dateModified\":\"2009-03-30T16:58:37+00:00\",\"mainEntityOfPage\":{\"@id\":\"https:\\\/\\\/www.lovendal.ro\\\/wp52\\\/imparatul-faustin-si-curtea-sa-ciudata-contele-limonada-si-ducele-marmelada\\\/\"},\"wordCount\":433,\"commentCount\":1,\"publisher\":{\"@id\":\"https:\\\/\\\/www.lovendal.ro\\\/wp52\\\/#organization\"},\"image\":{\"@id\":\"https:\\\/\\\/www.lovendal.ro\\\/wp52\\\/imparatul-faustin-si-curtea-sa-ciudata-contele-limonada-si-ducele-marmelada\\\/#primaryimage\"},\"thumbnailUrl\":\"https:\\\/\\\/www.lovendal.ro\\\/wp52\\\/wp-content\\\/uploads\\\/2009\\\/03\\\/faustin.jpg\",\"keywords\":[\"Haiti\",\"\u00eemp\u0103rat\",\"Istorie si Civilizatii\"],\"articleSection\":[\"Istorie si Civilizatii\"],\"inLanguage\":\"ro-RO\",\"potentialAction\":[{\"@type\":\"CommentAction\",\"name\":\"Comment\",\"target\":[\"https:\\\/\\\/www.lovendal.ro\\\/wp52\\\/imparatul-faustin-si-curtea-sa-ciudata-contele-limonada-si-ducele-marmelada\\\/#respond\"]}]},{\"@type\":\"WebPage\",\"@id\":\"https:\\\/\\\/www.lovendal.ro\\\/wp52\\\/imparatul-faustin-si-curtea-sa-ciudata-contele-limonada-si-ducele-marmelada\\\/\",\"url\":\"https:\\\/\\\/www.lovendal.ro\\\/wp52\\\/imparatul-faustin-si-curtea-sa-ciudata-contele-limonada-si-ducele-marmelada\\\/\",\"name\":\"\u00cemp\u0103ratul Faustin \u015fi curtea sa ciudat\u0103: contele Limonad\u0103 \u015fi ducele Marmelad\u0103 - Secretele lui Lovendal\",\"isPartOf\":{\"@id\":\"https:\\\/\\\/www.lovendal.ro\\\/wp52\\\/#website\"},\"primaryImageOfPage\":{\"@id\":\"https:\\\/\\\/www.lovendal.ro\\\/wp52\\\/imparatul-faustin-si-curtea-sa-ciudata-contele-limonada-si-ducele-marmelada\\\/#primaryimage\"},\"image\":{\"@id\":\"https:\\\/\\\/www.lovendal.ro\\\/wp52\\\/imparatul-faustin-si-curtea-sa-ciudata-contele-limonada-si-ducele-marmelada\\\/#primaryimage\"},\"thumbnailUrl\":\"https:\\\/\\\/www.lovendal.ro\\\/wp52\\\/wp-content\\\/uploads\\\/2009\\\/03\\\/faustin.jpg\",\"datePublished\":\"2009-03-30T05:21:51+00:00\",\"dateModified\":\"2009-03-30T16:58:37+00:00\",\"breadcrumb\":{\"@id\":\"https:\\\/\\\/www.lovendal.ro\\\/wp52\\\/imparatul-faustin-si-curtea-sa-ciudata-contele-limonada-si-ducele-marmelada\\\/#breadcrumb\"},\"inLanguage\":\"ro-RO\",\"potentialAction\":[{\"@type\":\"ReadAction\",\"target\":[\"https:\\\/\\\/www.lovendal.ro\\\/wp52\\\/imparatul-faustin-si-curtea-sa-ciudata-contele-limonada-si-ducele-marmelada\\\/\"]}]},{\"@type\":\"ImageObject\",\"inLanguage\":\"ro-RO\",\"@id\":\"https:\\\/\\\/www.lovendal.ro\\\/wp52\\\/imparatul-faustin-si-curtea-sa-ciudata-contele-limonada-si-ducele-marmelada\\\/#primaryimage\",\"url\":\"https:\\\/\\\/www.lovendal.ro\\\/wp52\\\/wp-content\\\/uploads\\\/2009\\\/03\\\/faustin.jpg\",\"contentUrl\":\"https:\\\/\\\/www.lovendal.ro\\\/wp52\\\/wp-content\\\/uploads\\\/2009\\\/03\\\/faustin.jpg\",\"width\":\"280\",\"height\":\"245\"},{\"@type\":\"BreadcrumbList\",\"@id\":\"https:\\\/\\\/www.lovendal.ro\\\/wp52\\\/imparatul-faustin-si-curtea-sa-ciudata-contele-limonada-si-ducele-marmelada\\\/#breadcrumb\",\"itemListElement\":[{\"@type\":\"ListItem\",\"position\":1,\"name\":\"Home\",\"item\":\"https:\\\/\\\/www.lovendal.ro\\\/wp52\\\/\"},{\"@type\":\"ListItem\",\"position\":2,\"name\":\"\u00cemp\u0103ratul Faustin \u015fi curtea sa ciudat\u0103: contele Limonad\u0103 \u015fi ducele Marmelad\u0103\"}]},{\"@type\":\"WebSite\",\"@id\":\"https:\\\/\\\/www.lovendal.ro\\\/wp52\\\/#website\",\"url\":\"https:\\\/\\\/www.lovendal.ro\\\/wp52\\\/\",\"name\":\"Secretele lui Lovendal\",\"description\":\"Site de secrete, stiinta si metafizica - din 2008 -\",\"publisher\":{\"@id\":\"https:\\\/\\\/www.lovendal.ro\\\/wp52\\\/#organization\"},\"potentialAction\":[{\"@type\":\"SearchAction\",\"target\":{\"@type\":\"EntryPoint\",\"urlTemplate\":\"https:\\\/\\\/www.lovendal.ro\\\/wp52\\\/?s={search_term_string}\"},\"query-input\":{\"@type\":\"PropertyValueSpecification\",\"valueRequired\":true,\"valueName\":\"search_term_string\"}}],\"inLanguage\":\"ro-RO\"},{\"@type\":\"Organization\",\"@id\":\"https:\\\/\\\/www.lovendal.ro\\\/wp52\\\/#organization\",\"name\":\"Secretele lui Lovendal\",\"url\":\"https:\\\/\\\/www.lovendal.ro\\\/wp52\\\/\",\"logo\":{\"@type\":\"ImageObject\",\"inLanguage\":\"ro-RO\",\"@id\":\"https:\\\/\\\/www.lovendal.ro\\\/wp52\\\/#\\\/schema\\\/logo\\\/image\\\/\",\"url\":\"https:\\\/\\\/www.lovendal.ro\\\/wp52\\\/wp-content\\\/uploads\\\/2024\\\/06\\\/cropped-SLL-iun-2024-1.jpg\",\"contentUrl\":\"https:\\\/\\\/www.lovendal.ro\\\/wp52\\\/wp-content\\\/uploads\\\/2024\\\/06\\\/cropped-SLL-iun-2024-1.jpg\",\"width\":771,\"height\":240,\"caption\":\"Secretele lui Lovendal\"},\"image\":{\"@id\":\"https:\\\/\\\/www.lovendal.ro\\\/wp52\\\/#\\\/schema\\\/logo\\\/image\\\/\"},\"sameAs\":[\"https:\\\/\\\/www.facebook.com\\\/secreteleluilovendal\"]},{\"@type\":\"Person\",\"@id\":\"https:\\\/\\\/www.lovendal.ro\\\/wp52\\\/#\\\/schema\\\/person\\\/088691de5dfc346bb0c023e1e52ef5d9\",\"name\":\"admin\",\"image\":{\"@type\":\"ImageObject\",\"inLanguage\":\"ro-RO\",\"@id\":\"https:\\\/\\\/secure.gravatar.com\\\/avatar\\\/ecb9cd41f5f63c9c9b989999a59f6e2639a865ec361e9db054db0679a8f341c2?s=96&d=mm&r=g\",\"url\":\"https:\\\/\\\/secure.gravatar.com\\\/avatar\\\/ecb9cd41f5f63c9c9b989999a59f6e2639a865ec361e9db054db0679a8f341c2?s=96&d=mm&r=g\",\"contentUrl\":\"https:\\\/\\\/secure.gravatar.com\\\/avatar\\\/ecb9cd41f5f63c9c9b989999a59f6e2639a865ec361e9db054db0679a8f341c2?s=96&d=mm&r=g\",\"caption\":\"admin\"},\"sameAs\":[\"https:\\\/\\\/www.lovendal.ro\\\/wp52\"]}]}<\/script>\n<!-- \/ Yoast SEO Premium plugin. -->","yoast_head_json":{"title":"\u00cemp\u0103ratul Faustin \u015fi curtea sa ciudat\u0103: contele Limonad\u0103 \u015fi ducele Marmelad\u0103 - Secretele lui Lovendal","robots":{"index":"index","follow":"follow","max-snippet":"max-snippet:-1","max-image-preview":"max-image-preview:large","max-video-preview":"max-video-preview:-1"},"canonical":"https:\/\/www.lovendal.ro\/wp52\/imparatul-faustin-si-curtea-sa-ciudata-contele-limonada-si-ducele-marmelada\/","og_locale":"ro_RO","og_type":"article","og_title":"\u00cemp\u0103ratul Faustin \u015fi curtea sa ciudat\u0103: contele Limonad\u0103 \u015fi ducele Marmelad\u0103","og_description":"Haiti, o mic\u0103 republic\u0103 din America Central\u0103, secolul al XIX-lea&#8230; Generalul Faustin Soulouque, care era p\u00e2n\u0103 atunci pre\u015fedintele statului, nu s-a mul\u0163umit cu pre\u015fedin\u0163ia republicii, ci a dorit mai multe onoruri, de aceea proclam\u00e2ndu-se \u00eemp\u0103rat. Importantul act a avut loc ... Cititi mai multe","og_url":"https:\/\/www.lovendal.ro\/wp52\/imparatul-faustin-si-curtea-sa-ciudata-contele-limonada-si-ducele-marmelada\/","og_site_name":"Secretele lui Lovendal","article_publisher":"https:\/\/www.facebook.com\/secreteleluilovendal","article_published_time":"2009-03-30T05:21:51+00:00","article_modified_time":"2009-03-30T16:58:37+00:00","og_image":[{"width":280,"height":245,"url":"https:\/\/www.lovendal.ro\/wp52\/wp-content\/uploads\/2009\/03\/faustin.jpg","type":"image\/jpeg"}],"author":"admin","twitter_card":"summary_large_image","twitter_misc":{"Scris de":"admin","Timp estimat pentru citire":"2 minute"},"schema":{"@context":"https:\/\/schema.org","@graph":[{"@type":"Article","@id":"https:\/\/www.lovendal.ro\/wp52\/imparatul-faustin-si-curtea-sa-ciudata-contele-limonada-si-ducele-marmelada\/#article","isPartOf":{"@id":"https:\/\/www.lovendal.ro\/wp52\/imparatul-faustin-si-curtea-sa-ciudata-contele-limonada-si-ducele-marmelada\/"},"author":{"name":"admin","@id":"https:\/\/www.lovendal.ro\/wp52\/#\/schema\/person\/088691de5dfc346bb0c023e1e52ef5d9"},"headline":"\u00cemp\u0103ratul Faustin \u015fi curtea sa ciudat\u0103: contele Limonad\u0103 \u015fi ducele Marmelad\u0103","datePublished":"2009-03-30T05:21:51+00:00","dateModified":"2009-03-30T16:58:37+00:00","mainEntityOfPage":{"@id":"https:\/\/www.lovendal.ro\/wp52\/imparatul-faustin-si-curtea-sa-ciudata-contele-limonada-si-ducele-marmelada\/"},"wordCount":433,"commentCount":1,"publisher":{"@id":"https:\/\/www.lovendal.ro\/wp52\/#organization"},"image":{"@id":"https:\/\/www.lovendal.ro\/wp52\/imparatul-faustin-si-curtea-sa-ciudata-contele-limonada-si-ducele-marmelada\/#primaryimage"},"thumbnailUrl":"https:\/\/www.lovendal.ro\/wp52\/wp-content\/uploads\/2009\/03\/faustin.jpg","keywords":["Haiti","\u00eemp\u0103rat","Istorie si Civilizatii"],"articleSection":["Istorie si Civilizatii"],"inLanguage":"ro-RO","potentialAction":[{"@type":"CommentAction","name":"Comment","target":["https:\/\/www.lovendal.ro\/wp52\/imparatul-faustin-si-curtea-sa-ciudata-contele-limonada-si-ducele-marmelada\/#respond"]}]},{"@type":"WebPage","@id":"https:\/\/www.lovendal.ro\/wp52\/imparatul-faustin-si-curtea-sa-ciudata-contele-limonada-si-ducele-marmelada\/","url":"https:\/\/www.lovendal.ro\/wp52\/imparatul-faustin-si-curtea-sa-ciudata-contele-limonada-si-ducele-marmelada\/","name":"\u00cemp\u0103ratul Faustin \u015fi curtea sa ciudat\u0103: contele Limonad\u0103 \u015fi ducele Marmelad\u0103 - Secretele lui Lovendal","isPartOf":{"@id":"https:\/\/www.lovendal.ro\/wp52\/#website"},"primaryImageOfPage":{"@id":"https:\/\/www.lovendal.ro\/wp52\/imparatul-faustin-si-curtea-sa-ciudata-contele-limonada-si-ducele-marmelada\/#primaryimage"},"image":{"@id":"https:\/\/www.lovendal.ro\/wp52\/imparatul-faustin-si-curtea-sa-ciudata-contele-limonada-si-ducele-marmelada\/#primaryimage"},"thumbnailUrl":"https:\/\/www.lovendal.ro\/wp52\/wp-content\/uploads\/2009\/03\/faustin.jpg","datePublished":"2009-03-30T05:21:51+00:00","dateModified":"2009-03-30T16:58:37+00:00","breadcrumb":{"@id":"https:\/\/www.lovendal.ro\/wp52\/imparatul-faustin-si-curtea-sa-ciudata-contele-limonada-si-ducele-marmelada\/#breadcrumb"},"inLanguage":"ro-RO","potentialAction":[{"@type":"ReadAction","target":["https:\/\/www.lovendal.ro\/wp52\/imparatul-faustin-si-curtea-sa-ciudata-contele-limonada-si-ducele-marmelada\/"]}]},{"@type":"ImageObject","inLanguage":"ro-RO","@id":"https:\/\/www.lovendal.ro\/wp52\/imparatul-faustin-si-curtea-sa-ciudata-contele-limonada-si-ducele-marmelada\/#primaryimage","url":"https:\/\/www.lovendal.ro\/wp52\/wp-content\/uploads\/2009\/03\/faustin.jpg","contentUrl":"https:\/\/www.lovendal.ro\/wp52\/wp-content\/uploads\/2009\/03\/faustin.jpg","width":"280","height":"245"},{"@type":"BreadcrumbList","@id":"https:\/\/www.lovendal.ro\/wp52\/imparatul-faustin-si-curtea-sa-ciudata-contele-limonada-si-ducele-marmelada\/#breadcrumb","itemListElement":[{"@type":"ListItem","position":1,"name":"Home","item":"https:\/\/www.lovendal.ro\/wp52\/"},{"@type":"ListItem","position":2,"name":"\u00cemp\u0103ratul Faustin \u015fi curtea sa ciudat\u0103: contele Limonad\u0103 \u015fi ducele Marmelad\u0103"}]},{"@type":"WebSite","@id":"https:\/\/www.lovendal.ro\/wp52\/#website","url":"https:\/\/www.lovendal.ro\/wp52\/","name":"Secretele lui Lovendal","description":"Site de secrete, stiinta si metafizica - din 2008 -","publisher":{"@id":"https:\/\/www.lovendal.ro\/wp52\/#organization"},"potentialAction":[{"@type":"SearchAction","target":{"@type":"EntryPoint","urlTemplate":"https:\/\/www.lovendal.ro\/wp52\/?s={search_term_string}"},"query-input":{"@type":"PropertyValueSpecification","valueRequired":true,"valueName":"search_term_string"}}],"inLanguage":"ro-RO"},{"@type":"Organization","@id":"https:\/\/www.lovendal.ro\/wp52\/#organization","name":"Secretele lui Lovendal","url":"https:\/\/www.lovendal.ro\/wp52\/","logo":{"@type":"ImageObject","inLanguage":"ro-RO","@id":"https:\/\/www.lovendal.ro\/wp52\/#\/schema\/logo\/image\/","url":"https:\/\/www.lovendal.ro\/wp52\/wp-content\/uploads\/2024\/06\/cropped-SLL-iun-2024-1.jpg","contentUrl":"https:\/\/www.lovendal.ro\/wp52\/wp-content\/uploads\/2024\/06\/cropped-SLL-iun-2024-1.jpg","width":771,"height":240,"caption":"Secretele lui Lovendal"},"image":{"@id":"https:\/\/www.lovendal.ro\/wp52\/#\/schema\/logo\/image\/"},"sameAs":["https:\/\/www.facebook.com\/secreteleluilovendal"]},{"@type":"Person","@id":"https:\/\/www.lovendal.ro\/wp52\/#\/schema\/person\/088691de5dfc346bb0c023e1e52ef5d9","name":"admin","image":{"@type":"ImageObject","inLanguage":"ro-RO","@id":"https:\/\/secure.gravatar.com\/avatar\/ecb9cd41f5f63c9c9b989999a59f6e2639a865ec361e9db054db0679a8f341c2?s=96&d=mm&r=g","url":"https:\/\/secure.gravatar.com\/avatar\/ecb9cd41f5f63c9c9b989999a59f6e2639a865ec361e9db054db0679a8f341c2?s=96&d=mm&r=g","contentUrl":"https:\/\/secure.gravatar.com\/avatar\/ecb9cd41f5f63c9c9b989999a59f6e2639a865ec361e9db054db0679a8f341c2?s=96&d=mm&r=g","caption":"admin"},"sameAs":["https:\/\/www.lovendal.ro\/wp52"]}]}},"_links":{"self":[{"href":"https:\/\/www.lovendal.ro\/wp52\/wp-json\/wp\/v2\/posts\/4250","targetHints":{"allow":["GET"]}}],"collection":[{"href":"https:\/\/www.lovendal.ro\/wp52\/wp-json\/wp\/v2\/posts"}],"about":[{"href":"https:\/\/www.lovendal.ro\/wp52\/wp-json\/wp\/v2\/types\/post"}],"author":[{"embeddable":true,"href":"https:\/\/www.lovendal.ro\/wp52\/wp-json\/wp\/v2\/users\/1"}],"replies":[{"embeddable":true,"href":"https:\/\/www.lovendal.ro\/wp52\/wp-json\/wp\/v2\/comments?post=4250"}],"version-history":[{"count":0,"href":"https:\/\/www.lovendal.ro\/wp52\/wp-json\/wp\/v2\/posts\/4250\/revisions"}],"wp:featuredmedia":[{"embeddable":true,"href":"https:\/\/www.lovendal.ro\/wp52\/wp-json\/wp\/v2\/media\/4251"}],"wp:attachment":[{"href":"https:\/\/www.lovendal.ro\/wp52\/wp-json\/wp\/v2\/media?parent=4250"}],"wp:term":[{"taxonomy":"category","embeddable":true,"href":"https:\/\/www.lovendal.ro\/wp52\/wp-json\/wp\/v2\/categories?post=4250"},{"taxonomy":"post_tag","embeddable":true,"href":"https:\/\/www.lovendal.ro\/wp52\/wp-json\/wp\/v2\/tags?post=4250"}],"curies":[{"name":"wp","href":"https:\/\/api.w.org\/{rel}","templated":true}]}}