{"id":4241,"date":"2009-03-29T21:00:26","date_gmt":"2009-03-29T19:00:26","guid":{"rendered":"http:\/\/www.lovendal.net\/wp52\/?p=4241"},"modified":"2009-03-30T07:22:09","modified_gmt":"2009-03-30T05:22:09","slug":"cum-luau-masa-regii-morti-ai-frantei-sub-forma-unor-papusi-de-ceara","status":"publish","type":"post","link":"https:\/\/www.lovendal.ro\/wp52\/cum-luau-masa-regii-morti-ai-frantei-sub-forma-unor-papusi-de-ceara\/","title":{"rendered":"Cum luau masa regii mor\u0163i ai Fran\u0163ei, sub forma unor p\u0103pu\u015fi de cear\u0103"},"content":{"rendered":"<p><img loading=\"lazy\" decoding=\"async\" class=\"alignleft size-full wp-image-4242\" title=\"rege2\" src=\"https:\/\/www.lovendal.ro\/wp52\/wp-content\/uploads\/2009\/03\/rege2.jpg\" alt=\"rege2\" width=\"315\" height=\"237\" srcset=\"https:\/\/www.lovendal.ro\/wp52\/wp-content\/uploads\/2009\/03\/rege2.jpg 315w, https:\/\/www.lovendal.ro\/wp52\/wp-content\/uploads\/2009\/03\/rege2-300x225.jpg 300w\" sizes=\"auto, (max-width: 315px) 100vw, 315px\" \/>Trupul \u00eemb\u0103ls\u0103mat al regilor francezi era \u00eenhumat la patruzeci de zile dup\u0103 moarte. P\u00e2n\u0103 atunci sicriul era depus pe un catafalc luxos, acoperit cu o cuvertur\u0103 din brocart ele aur, tivit\u0103, de jur-\u00eemprejur, cu hermin\u0103. Pe cuvertur\u0103 era culcat\u0103 o p\u0103pu\u015f\u0103, copia de cear\u0103 a regelui, pe cap cu coroan\u0103, iar \u00een m\u00e2n\u0103 cu sceptrul regal. Manechinului de cear\u0103 i se d\u0103deau toate onorurile, de parc\u0103 ar fi fost \u00eensu\u015fi regele, \u00een via\u0163\u0103, doritor de toate cele lume\u015fti. Bine\u00een\u0163eles c\u0103 ceremonialul sculatului \u015fi culcatului nu se mai \u00eendeplinea; cu at\u00e2t mai minu\u0163ios se desf\u0103\u015fura \u00eens\u0103 \u00eentreaga ceremonie a meselor. Personalul cur\u0163ii aducea t\u0103vile care erau preluate de c\u0103tre nobili, \u00eendeplinindu-se toate chi\u0163ibu\u015furile etichetei.<\/p>\n<p>Cu o seriozitate de nezdruncinat amestecau \u015fi gustau vinurile, respectau, la predarea \u015fervetului, legile priorit\u0103\u0163ii \u00een rang, de fa\u0163\u0103 fiind, \u00een afara nobililor de serviciu, \u00eentreaga curte. Cel care avea dreptul s\u0103 participe la masa regelui viu insista s\u0103 fie de fa\u0163\u0103 \u015fi la \u201ehr\u0103nirea&#8221; p\u0103pu\u015fii de cear\u0103. Manechinul de cear\u0103 suporta \u00een t\u0103cere intr\u0103rile, ie\u015firile, complimentele. Nici m\u0103car n-avea cum s\u0103 z\u00e2mbeasc\u0103. Cum o fi luat oare fiin\u0163\u0103 aceast\u0103 comedie absurd\u0103?<\/p>\n<p>F\u0103r\u0103 discu\u0163ie, \u00een apari\u0163ia ei a jucat un rol \u00eensemnat vanitatea f\u0103r\u0103 de margini a curtenilor. Timp de 40 de zile se puteau etala ranguri \u015fi se putea uza \u015fi abuza de favoruri. Dac\u0103 unul dintre curteni apuca s\u0103 \u00eendeplineasc\u0103 vreo func\u0163ie, se declan\u015fa o reac\u0163ie \u00een lan\u0163: \u015fi al doilea \u015fi al patrulea \u015fi al o sut\u0103lea \u00ee\u015fi pretindea, cu vehemen\u0163\u0103, dreptul de a se eviden\u0163ia. Cina \u015fi pr\u00e2nzul p\u0103pu\u015fii de cear\u0103 erau fapte binevenite ca s\u0103 hr\u0103neasc\u0103 vanitatea \u00eentregi cur\u0163i.<\/p>\n<p>De unde s-a ivit \u00eens\u0103 ideca dement\u0103 de a confec\u0163iona un manechin de cear\u0103? \u00cei vom g\u0103si geneza \u00eentorc\u00e2ndu-ne la \u00eemp\u0103ra\u0163ii romani. \u00cen descrierile lui Herodianus se poate afla c\u0103 atunci c\u00e2nd murea \u00eemp\u0103ratul, copia lui de cear\u0103 era depus\u0103 \u00een vestibulul palatului, culcat\u0103 pe un pat de filde\u015f. Sulemenit \u00een culori care s\u0103-i dea un aspect livid, \u00eemp\u0103ratul de cear\u0103 era tot timpul \u00eenconjurat de senatori \u00een haine de doliu. Pe afar\u0103, poporul se \u00eembulzea a\u015ftept\u00e2nd \u015ftirile. Din timp \u00een timp, medicii examinau bolnavul de cear\u0103 \u015fi, cl\u0103tin\u00e2nd \u00eengrijora\u0163i din cap, declarau c\u0103 starea i se \u00eenr\u0103ut\u0103\u0163e\u015fte din ce \u00een ce mai mult. \u00cen cea de-a \u015faptea zi se declara, oficial, moartea. Abia dup\u0103 aceea urma adev\u0103rata \u00eenmorm\u00e2ntare, apoteoza, adic\u0103 incinerarea pe uria\u015ful rug festiv \u015fi zeificarea \u00eemp\u0103ratului.<\/p>\n<p>S-a modelat \u015fi dup\u0103 Ludovic al XVIII-lea o p\u0103pu\u015f\u0103 de cear\u0103. La catafalcul lui \u00eens\u0103 ceremonialul hr\u0103nirii nu s-a mai \u00eendeplinit, deoarece ultimului vl\u0103star al celei mai vechi ramuri a Bourbonilor i se dusese buhul de m\u00e2nc\u0103u ce era \u015fi curtenii s-au ferit s\u0103 st\u00e2rneasc\u0103 mul\u0163imea, ca nu cumva hohotele de r\u00e2s ale str\u0103zii s\u0103 p\u0103trund\u0103 \u00een sala catafalcului.<\/p>\n","protected":false},"excerpt":{"rendered":"<p>Trupul \u00eemb\u0103ls\u0103mat al regilor francezi era \u00eenhumat la patruzeci de zile dup\u0103 moarte. P\u00e2n\u0103 atunci sicriul era depus pe un catafalc luxos, acoperit cu o cuvertur\u0103 din brocart ele aur, tivit\u0103, de jur-\u00eemprejur, cu hermin\u0103. Pe cuvertur\u0103 era culcat\u0103 o &#8230; <\/p>\n<p class=\"read-more-container\"><a title=\"Cum luau masa regii mor\u0163i ai Fran\u0163ei, sub forma unor p\u0103pu\u015fi de cear\u0103\" class=\"read-more button\" href=\"https:\/\/www.lovendal.ro\/wp52\/cum-luau-masa-regii-morti-ai-frantei-sub-forma-unor-papusi-de-ceara\/#more-4241\" aria-label=\"Cite\u0219te mai multe despre Cum luau masa regii mor\u0163i ai Fran\u0163ei, sub forma unor p\u0103pu\u015fi de cear\u0103\">Cititi mai multe<\/a><\/p>\n","protected":false},"author":1,"featured_media":4242,"comment_status":"open","ping_status":"closed","sticky":false,"template":"","format":"standard","meta":{"footnotes":""},"categories":[9,54],"tags":[202,9795,108,453],"class_list":["post-4241","post","type-post","status-publish","format-standard","has-post-thumbnail","hentry","category-istorie","category-natura-animale","tag-franta","tag-istorie","tag-moarte","tag-rege","resize-featured-image"],"yoast_head":"<!-- This site is optimized with the Yoast SEO Premium plugin v23.3 (Yoast SEO v27.4) - https:\/\/yoast.com\/product\/yoast-seo-premium-wordpress\/ -->\n<title>Cum luau masa regii mor\u0163i ai Fran\u0163ei, sub forma unor p\u0103pu\u015fi de cear\u0103 - Secretele lui Lovendal<\/title>\n<meta name=\"robots\" content=\"index, follow, max-snippet:-1, max-image-preview:large, max-video-preview:-1\" \/>\n<link rel=\"canonical\" href=\"https:\/\/www.lovendal.ro\/wp52\/cum-luau-masa-regii-morti-ai-frantei-sub-forma-unor-papusi-de-ceara\/\" \/>\n<meta property=\"og:locale\" content=\"ro_RO\" \/>\n<meta property=\"og:type\" content=\"article\" \/>\n<meta property=\"og:title\" content=\"Cum luau masa regii mor\u0163i ai Fran\u0163ei, sub forma unor p\u0103pu\u015fi de cear\u0103\" \/>\n<meta property=\"og:description\" content=\"Trupul \u00eemb\u0103ls\u0103mat al regilor francezi era \u00eenhumat la patruzeci de zile dup\u0103 moarte. P\u00e2n\u0103 atunci sicriul era depus pe un catafalc luxos, acoperit cu o cuvertur\u0103 din brocart ele aur, tivit\u0103, de jur-\u00eemprejur, cu hermin\u0103. Pe cuvertur\u0103 era culcat\u0103 o ... Cititi mai multe\" \/>\n<meta property=\"og:url\" content=\"https:\/\/www.lovendal.ro\/wp52\/cum-luau-masa-regii-morti-ai-frantei-sub-forma-unor-papusi-de-ceara\/\" \/>\n<meta property=\"og:site_name\" content=\"Secretele lui Lovendal\" \/>\n<meta property=\"article:publisher\" content=\"https:\/\/www.facebook.com\/secreteleluilovendal\" \/>\n<meta property=\"article:published_time\" content=\"2009-03-29T19:00:26+00:00\" \/>\n<meta property=\"article:modified_time\" content=\"2009-03-30T05:22:09+00:00\" \/>\n<meta property=\"og:image\" content=\"https:\/\/www.lovendal.ro\/wp52\/wp-content\/uploads\/2009\/03\/rege2.jpg\" \/>\n\t<meta property=\"og:image:width\" content=\"315\" \/>\n\t<meta property=\"og:image:height\" content=\"237\" \/>\n\t<meta property=\"og:image:type\" content=\"image\/jpeg\" \/>\n<meta name=\"author\" content=\"admin\" \/>\n<meta name=\"twitter:card\" content=\"summary_large_image\" \/>\n<meta name=\"twitter:label1\" content=\"Scris de\" \/>\n\t<meta name=\"twitter:data1\" content=\"admin\" \/>\n\t<meta name=\"twitter:label2\" content=\"Timp estimat pentru citire\" \/>\n\t<meta name=\"twitter:data2\" content=\"3 minute\" \/>\n<script type=\"application\/ld+json\" class=\"yoast-schema-graph\">{\"@context\":\"https:\\\/\\\/schema.org\",\"@graph\":[{\"@type\":\"Article\",\"@id\":\"https:\\\/\\\/www.lovendal.ro\\\/wp52\\\/cum-luau-masa-regii-morti-ai-frantei-sub-forma-unor-papusi-de-ceara\\\/#article\",\"isPartOf\":{\"@id\":\"https:\\\/\\\/www.lovendal.ro\\\/wp52\\\/cum-luau-masa-regii-morti-ai-frantei-sub-forma-unor-papusi-de-ceara\\\/\"},\"author\":{\"name\":\"admin\",\"@id\":\"https:\\\/\\\/www.lovendal.ro\\\/wp52\\\/#\\\/schema\\\/person\\\/088691de5dfc346bb0c023e1e52ef5d9\"},\"headline\":\"Cum luau masa regii mor\u0163i ai Fran\u0163ei, sub forma unor p\u0103pu\u015fi de cear\u0103\",\"datePublished\":\"2009-03-29T19:00:26+00:00\",\"dateModified\":\"2009-03-30T05:22:09+00:00\",\"mainEntityOfPage\":{\"@id\":\"https:\\\/\\\/www.lovendal.ro\\\/wp52\\\/cum-luau-masa-regii-morti-ai-frantei-sub-forma-unor-papusi-de-ceara\\\/\"},\"wordCount\":544,\"commentCount\":2,\"publisher\":{\"@id\":\"https:\\\/\\\/www.lovendal.ro\\\/wp52\\\/#organization\"},\"image\":{\"@id\":\"https:\\\/\\\/www.lovendal.ro\\\/wp52\\\/cum-luau-masa-regii-morti-ai-frantei-sub-forma-unor-papusi-de-ceara\\\/#primaryimage\"},\"thumbnailUrl\":\"https:\\\/\\\/www.lovendal.ro\\\/wp52\\\/wp-content\\\/uploads\\\/2009\\\/03\\\/rege2.jpg\",\"keywords\":[\"Fran\u0163a\",\"Istorie si Civilizatii\",\"moarte\",\"rege\"],\"articleSection\":[\"Istorie si Civilizatii\",\"Natura-Animale\"],\"inLanguage\":\"ro-RO\",\"potentialAction\":[{\"@type\":\"CommentAction\",\"name\":\"Comment\",\"target\":[\"https:\\\/\\\/www.lovendal.ro\\\/wp52\\\/cum-luau-masa-regii-morti-ai-frantei-sub-forma-unor-papusi-de-ceara\\\/#respond\"]}]},{\"@type\":\"WebPage\",\"@id\":\"https:\\\/\\\/www.lovendal.ro\\\/wp52\\\/cum-luau-masa-regii-morti-ai-frantei-sub-forma-unor-papusi-de-ceara\\\/\",\"url\":\"https:\\\/\\\/www.lovendal.ro\\\/wp52\\\/cum-luau-masa-regii-morti-ai-frantei-sub-forma-unor-papusi-de-ceara\\\/\",\"name\":\"Cum luau masa regii mor\u0163i ai Fran\u0163ei, sub forma unor p\u0103pu\u015fi de cear\u0103 - Secretele lui Lovendal\",\"isPartOf\":{\"@id\":\"https:\\\/\\\/www.lovendal.ro\\\/wp52\\\/#website\"},\"primaryImageOfPage\":{\"@id\":\"https:\\\/\\\/www.lovendal.ro\\\/wp52\\\/cum-luau-masa-regii-morti-ai-frantei-sub-forma-unor-papusi-de-ceara\\\/#primaryimage\"},\"image\":{\"@id\":\"https:\\\/\\\/www.lovendal.ro\\\/wp52\\\/cum-luau-masa-regii-morti-ai-frantei-sub-forma-unor-papusi-de-ceara\\\/#primaryimage\"},\"thumbnailUrl\":\"https:\\\/\\\/www.lovendal.ro\\\/wp52\\\/wp-content\\\/uploads\\\/2009\\\/03\\\/rege2.jpg\",\"datePublished\":\"2009-03-29T19:00:26+00:00\",\"dateModified\":\"2009-03-30T05:22:09+00:00\",\"breadcrumb\":{\"@id\":\"https:\\\/\\\/www.lovendal.ro\\\/wp52\\\/cum-luau-masa-regii-morti-ai-frantei-sub-forma-unor-papusi-de-ceara\\\/#breadcrumb\"},\"inLanguage\":\"ro-RO\",\"potentialAction\":[{\"@type\":\"ReadAction\",\"target\":[\"https:\\\/\\\/www.lovendal.ro\\\/wp52\\\/cum-luau-masa-regii-morti-ai-frantei-sub-forma-unor-papusi-de-ceara\\\/\"]}]},{\"@type\":\"ImageObject\",\"inLanguage\":\"ro-RO\",\"@id\":\"https:\\\/\\\/www.lovendal.ro\\\/wp52\\\/cum-luau-masa-regii-morti-ai-frantei-sub-forma-unor-papusi-de-ceara\\\/#primaryimage\",\"url\":\"https:\\\/\\\/www.lovendal.ro\\\/wp52\\\/wp-content\\\/uploads\\\/2009\\\/03\\\/rege2.jpg\",\"contentUrl\":\"https:\\\/\\\/www.lovendal.ro\\\/wp52\\\/wp-content\\\/uploads\\\/2009\\\/03\\\/rege2.jpg\",\"width\":\"315\",\"height\":\"237\"},{\"@type\":\"BreadcrumbList\",\"@id\":\"https:\\\/\\\/www.lovendal.ro\\\/wp52\\\/cum-luau-masa-regii-morti-ai-frantei-sub-forma-unor-papusi-de-ceara\\\/#breadcrumb\",\"itemListElement\":[{\"@type\":\"ListItem\",\"position\":1,\"name\":\"Home\",\"item\":\"https:\\\/\\\/www.lovendal.ro\\\/wp52\\\/\"},{\"@type\":\"ListItem\",\"position\":2,\"name\":\"Cum luau masa regii mor\u0163i ai Fran\u0163ei, sub forma unor p\u0103pu\u015fi de cear\u0103\"}]},{\"@type\":\"WebSite\",\"@id\":\"https:\\\/\\\/www.lovendal.ro\\\/wp52\\\/#website\",\"url\":\"https:\\\/\\\/www.lovendal.ro\\\/wp52\\\/\",\"name\":\"Secretele lui Lovendal\",\"description\":\"Site de secrete, stiinta si metafizica - din 2008 -\",\"publisher\":{\"@id\":\"https:\\\/\\\/www.lovendal.ro\\\/wp52\\\/#organization\"},\"potentialAction\":[{\"@type\":\"SearchAction\",\"target\":{\"@type\":\"EntryPoint\",\"urlTemplate\":\"https:\\\/\\\/www.lovendal.ro\\\/wp52\\\/?s={search_term_string}\"},\"query-input\":{\"@type\":\"PropertyValueSpecification\",\"valueRequired\":true,\"valueName\":\"search_term_string\"}}],\"inLanguage\":\"ro-RO\"},{\"@type\":\"Organization\",\"@id\":\"https:\\\/\\\/www.lovendal.ro\\\/wp52\\\/#organization\",\"name\":\"Secretele lui Lovendal\",\"url\":\"https:\\\/\\\/www.lovendal.ro\\\/wp52\\\/\",\"logo\":{\"@type\":\"ImageObject\",\"inLanguage\":\"ro-RO\",\"@id\":\"https:\\\/\\\/www.lovendal.ro\\\/wp52\\\/#\\\/schema\\\/logo\\\/image\\\/\",\"url\":\"https:\\\/\\\/www.lovendal.ro\\\/wp52\\\/wp-content\\\/uploads\\\/2024\\\/06\\\/cropped-SLL-iun-2024-1.jpg\",\"contentUrl\":\"https:\\\/\\\/www.lovendal.ro\\\/wp52\\\/wp-content\\\/uploads\\\/2024\\\/06\\\/cropped-SLL-iun-2024-1.jpg\",\"width\":771,\"height\":240,\"caption\":\"Secretele lui Lovendal\"},\"image\":{\"@id\":\"https:\\\/\\\/www.lovendal.ro\\\/wp52\\\/#\\\/schema\\\/logo\\\/image\\\/\"},\"sameAs\":[\"https:\\\/\\\/www.facebook.com\\\/secreteleluilovendal\"]},{\"@type\":\"Person\",\"@id\":\"https:\\\/\\\/www.lovendal.ro\\\/wp52\\\/#\\\/schema\\\/person\\\/088691de5dfc346bb0c023e1e52ef5d9\",\"name\":\"admin\",\"image\":{\"@type\":\"ImageObject\",\"inLanguage\":\"ro-RO\",\"@id\":\"https:\\\/\\\/secure.gravatar.com\\\/avatar\\\/ecb9cd41f5f63c9c9b989999a59f6e2639a865ec361e9db054db0679a8f341c2?s=96&d=mm&r=g\",\"url\":\"https:\\\/\\\/secure.gravatar.com\\\/avatar\\\/ecb9cd41f5f63c9c9b989999a59f6e2639a865ec361e9db054db0679a8f341c2?s=96&d=mm&r=g\",\"contentUrl\":\"https:\\\/\\\/secure.gravatar.com\\\/avatar\\\/ecb9cd41f5f63c9c9b989999a59f6e2639a865ec361e9db054db0679a8f341c2?s=96&d=mm&r=g\",\"caption\":\"admin\"},\"sameAs\":[\"https:\\\/\\\/www.lovendal.ro\\\/wp52\"]}]}<\/script>\n<!-- \/ Yoast SEO Premium plugin. -->","yoast_head_json":{"title":"Cum luau masa regii mor\u0163i ai Fran\u0163ei, sub forma unor p\u0103pu\u015fi de cear\u0103 - Secretele lui Lovendal","robots":{"index":"index","follow":"follow","max-snippet":"max-snippet:-1","max-image-preview":"max-image-preview:large","max-video-preview":"max-video-preview:-1"},"canonical":"https:\/\/www.lovendal.ro\/wp52\/cum-luau-masa-regii-morti-ai-frantei-sub-forma-unor-papusi-de-ceara\/","og_locale":"ro_RO","og_type":"article","og_title":"Cum luau masa regii mor\u0163i ai Fran\u0163ei, sub forma unor p\u0103pu\u015fi de cear\u0103","og_description":"Trupul \u00eemb\u0103ls\u0103mat al regilor francezi era \u00eenhumat la patruzeci de zile dup\u0103 moarte. P\u00e2n\u0103 atunci sicriul era depus pe un catafalc luxos, acoperit cu o cuvertur\u0103 din brocart ele aur, tivit\u0103, de jur-\u00eemprejur, cu hermin\u0103. Pe cuvertur\u0103 era culcat\u0103 o ... Cititi mai multe","og_url":"https:\/\/www.lovendal.ro\/wp52\/cum-luau-masa-regii-morti-ai-frantei-sub-forma-unor-papusi-de-ceara\/","og_site_name":"Secretele lui Lovendal","article_publisher":"https:\/\/www.facebook.com\/secreteleluilovendal","article_published_time":"2009-03-29T19:00:26+00:00","article_modified_time":"2009-03-30T05:22:09+00:00","og_image":[{"width":315,"height":237,"url":"https:\/\/www.lovendal.ro\/wp52\/wp-content\/uploads\/2009\/03\/rege2.jpg","type":"image\/jpeg"}],"author":"admin","twitter_card":"summary_large_image","twitter_misc":{"Scris de":"admin","Timp estimat pentru citire":"3 minute"},"schema":{"@context":"https:\/\/schema.org","@graph":[{"@type":"Article","@id":"https:\/\/www.lovendal.ro\/wp52\/cum-luau-masa-regii-morti-ai-frantei-sub-forma-unor-papusi-de-ceara\/#article","isPartOf":{"@id":"https:\/\/www.lovendal.ro\/wp52\/cum-luau-masa-regii-morti-ai-frantei-sub-forma-unor-papusi-de-ceara\/"},"author":{"name":"admin","@id":"https:\/\/www.lovendal.ro\/wp52\/#\/schema\/person\/088691de5dfc346bb0c023e1e52ef5d9"},"headline":"Cum luau masa regii mor\u0163i ai Fran\u0163ei, sub forma unor p\u0103pu\u015fi de cear\u0103","datePublished":"2009-03-29T19:00:26+00:00","dateModified":"2009-03-30T05:22:09+00:00","mainEntityOfPage":{"@id":"https:\/\/www.lovendal.ro\/wp52\/cum-luau-masa-regii-morti-ai-frantei-sub-forma-unor-papusi-de-ceara\/"},"wordCount":544,"commentCount":2,"publisher":{"@id":"https:\/\/www.lovendal.ro\/wp52\/#organization"},"image":{"@id":"https:\/\/www.lovendal.ro\/wp52\/cum-luau-masa-regii-morti-ai-frantei-sub-forma-unor-papusi-de-ceara\/#primaryimage"},"thumbnailUrl":"https:\/\/www.lovendal.ro\/wp52\/wp-content\/uploads\/2009\/03\/rege2.jpg","keywords":["Fran\u0163a","Istorie si Civilizatii","moarte","rege"],"articleSection":["Istorie si Civilizatii","Natura-Animale"],"inLanguage":"ro-RO","potentialAction":[{"@type":"CommentAction","name":"Comment","target":["https:\/\/www.lovendal.ro\/wp52\/cum-luau-masa-regii-morti-ai-frantei-sub-forma-unor-papusi-de-ceara\/#respond"]}]},{"@type":"WebPage","@id":"https:\/\/www.lovendal.ro\/wp52\/cum-luau-masa-regii-morti-ai-frantei-sub-forma-unor-papusi-de-ceara\/","url":"https:\/\/www.lovendal.ro\/wp52\/cum-luau-masa-regii-morti-ai-frantei-sub-forma-unor-papusi-de-ceara\/","name":"Cum luau masa regii mor\u0163i ai Fran\u0163ei, sub forma unor p\u0103pu\u015fi de cear\u0103 - Secretele lui Lovendal","isPartOf":{"@id":"https:\/\/www.lovendal.ro\/wp52\/#website"},"primaryImageOfPage":{"@id":"https:\/\/www.lovendal.ro\/wp52\/cum-luau-masa-regii-morti-ai-frantei-sub-forma-unor-papusi-de-ceara\/#primaryimage"},"image":{"@id":"https:\/\/www.lovendal.ro\/wp52\/cum-luau-masa-regii-morti-ai-frantei-sub-forma-unor-papusi-de-ceara\/#primaryimage"},"thumbnailUrl":"https:\/\/www.lovendal.ro\/wp52\/wp-content\/uploads\/2009\/03\/rege2.jpg","datePublished":"2009-03-29T19:00:26+00:00","dateModified":"2009-03-30T05:22:09+00:00","breadcrumb":{"@id":"https:\/\/www.lovendal.ro\/wp52\/cum-luau-masa-regii-morti-ai-frantei-sub-forma-unor-papusi-de-ceara\/#breadcrumb"},"inLanguage":"ro-RO","potentialAction":[{"@type":"ReadAction","target":["https:\/\/www.lovendal.ro\/wp52\/cum-luau-masa-regii-morti-ai-frantei-sub-forma-unor-papusi-de-ceara\/"]}]},{"@type":"ImageObject","inLanguage":"ro-RO","@id":"https:\/\/www.lovendal.ro\/wp52\/cum-luau-masa-regii-morti-ai-frantei-sub-forma-unor-papusi-de-ceara\/#primaryimage","url":"https:\/\/www.lovendal.ro\/wp52\/wp-content\/uploads\/2009\/03\/rege2.jpg","contentUrl":"https:\/\/www.lovendal.ro\/wp52\/wp-content\/uploads\/2009\/03\/rege2.jpg","width":"315","height":"237"},{"@type":"BreadcrumbList","@id":"https:\/\/www.lovendal.ro\/wp52\/cum-luau-masa-regii-morti-ai-frantei-sub-forma-unor-papusi-de-ceara\/#breadcrumb","itemListElement":[{"@type":"ListItem","position":1,"name":"Home","item":"https:\/\/www.lovendal.ro\/wp52\/"},{"@type":"ListItem","position":2,"name":"Cum luau masa regii mor\u0163i ai Fran\u0163ei, sub forma unor p\u0103pu\u015fi de cear\u0103"}]},{"@type":"WebSite","@id":"https:\/\/www.lovendal.ro\/wp52\/#website","url":"https:\/\/www.lovendal.ro\/wp52\/","name":"Secretele lui Lovendal","description":"Site de secrete, stiinta si metafizica - din 2008 -","publisher":{"@id":"https:\/\/www.lovendal.ro\/wp52\/#organization"},"potentialAction":[{"@type":"SearchAction","target":{"@type":"EntryPoint","urlTemplate":"https:\/\/www.lovendal.ro\/wp52\/?s={search_term_string}"},"query-input":{"@type":"PropertyValueSpecification","valueRequired":true,"valueName":"search_term_string"}}],"inLanguage":"ro-RO"},{"@type":"Organization","@id":"https:\/\/www.lovendal.ro\/wp52\/#organization","name":"Secretele lui Lovendal","url":"https:\/\/www.lovendal.ro\/wp52\/","logo":{"@type":"ImageObject","inLanguage":"ro-RO","@id":"https:\/\/www.lovendal.ro\/wp52\/#\/schema\/logo\/image\/","url":"https:\/\/www.lovendal.ro\/wp52\/wp-content\/uploads\/2024\/06\/cropped-SLL-iun-2024-1.jpg","contentUrl":"https:\/\/www.lovendal.ro\/wp52\/wp-content\/uploads\/2024\/06\/cropped-SLL-iun-2024-1.jpg","width":771,"height":240,"caption":"Secretele lui Lovendal"},"image":{"@id":"https:\/\/www.lovendal.ro\/wp52\/#\/schema\/logo\/image\/"},"sameAs":["https:\/\/www.facebook.com\/secreteleluilovendal"]},{"@type":"Person","@id":"https:\/\/www.lovendal.ro\/wp52\/#\/schema\/person\/088691de5dfc346bb0c023e1e52ef5d9","name":"admin","image":{"@type":"ImageObject","inLanguage":"ro-RO","@id":"https:\/\/secure.gravatar.com\/avatar\/ecb9cd41f5f63c9c9b989999a59f6e2639a865ec361e9db054db0679a8f341c2?s=96&d=mm&r=g","url":"https:\/\/secure.gravatar.com\/avatar\/ecb9cd41f5f63c9c9b989999a59f6e2639a865ec361e9db054db0679a8f341c2?s=96&d=mm&r=g","contentUrl":"https:\/\/secure.gravatar.com\/avatar\/ecb9cd41f5f63c9c9b989999a59f6e2639a865ec361e9db054db0679a8f341c2?s=96&d=mm&r=g","caption":"admin"},"sameAs":["https:\/\/www.lovendal.ro\/wp52"]}]}},"_links":{"self":[{"href":"https:\/\/www.lovendal.ro\/wp52\/wp-json\/wp\/v2\/posts\/4241","targetHints":{"allow":["GET"]}}],"collection":[{"href":"https:\/\/www.lovendal.ro\/wp52\/wp-json\/wp\/v2\/posts"}],"about":[{"href":"https:\/\/www.lovendal.ro\/wp52\/wp-json\/wp\/v2\/types\/post"}],"author":[{"embeddable":true,"href":"https:\/\/www.lovendal.ro\/wp52\/wp-json\/wp\/v2\/users\/1"}],"replies":[{"embeddable":true,"href":"https:\/\/www.lovendal.ro\/wp52\/wp-json\/wp\/v2\/comments?post=4241"}],"version-history":[{"count":0,"href":"https:\/\/www.lovendal.ro\/wp52\/wp-json\/wp\/v2\/posts\/4241\/revisions"}],"wp:featuredmedia":[{"embeddable":true,"href":"https:\/\/www.lovendal.ro\/wp52\/wp-json\/wp\/v2\/media\/4242"}],"wp:attachment":[{"href":"https:\/\/www.lovendal.ro\/wp52\/wp-json\/wp\/v2\/media?parent=4241"}],"wp:term":[{"taxonomy":"category","embeddable":true,"href":"https:\/\/www.lovendal.ro\/wp52\/wp-json\/wp\/v2\/categories?post=4241"},{"taxonomy":"post_tag","embeddable":true,"href":"https:\/\/www.lovendal.ro\/wp52\/wp-json\/wp\/v2\/tags?post=4241"}],"curies":[{"name":"wp","href":"https:\/\/api.w.org\/{rel}","templated":true}]}}