{"id":42383,"date":"2016-01-18T12:15:26","date_gmt":"2016-01-18T10:15:26","guid":{"rendered":"http:\/\/www.lovendal.ro\/wp52\/?p=42383"},"modified":"2021-12-09T22:45:32","modified_gmt":"2021-12-09T20:45:32","slug":"priviti-aceasta-fotografie-de-pe-marte-cu-cerul-albastru-parca-ar-fi-de-pe-pamant-nu-e-atmosfera-rosiatica-si-lipsita-de-viata-cu-care-am-fost-obisnuiti","status":"publish","type":"post","link":"https:\/\/www.lovendal.ro\/wp52\/priviti-aceasta-fotografie-de-pe-marte-cu-cerul-albastru-parca-ar-fi-de-pe-pamant-nu-e-atmosfera-rosiatica-si-lipsita-de-viata-cu-care-am-fost-obisnuiti\/","title":{"rendered":"Privi\u0163i aceast\u0103 fotografie de pe Marte, cu cerul albastru! Parc\u0103 ar fi de pe P\u0103m\u00e2nt! Nu e &#8222;atmosfera&#8221; ro\u015fiatic\u0103 \u015fi lipsit\u0103 de via\u0163\u0103 cu care am fost obi\u015fnui\u0163i&#8230;"},"content":{"rendered":"<p><a href=\"https:\/\/www.lovendal.ro\/wp52\/priviti-aceasta-fotografie-de-pe-marte-cu-cerul-albastru-parca-ar-fi-de-pe-pamant-nu-e-atmosfera-rosiatica-si-lipsita-de-viata-cu-care-am-fost-obisnuiti\/marte-cer-albastru-2\/\" rel=\"attachment wp-att-42385\"><img loading=\"lazy\" decoding=\"async\" class=\"alignleft size-full wp-image-42385\" src=\"https:\/\/www.lovendal.ro\/wp52\/wp-content\/uploads\/2016\/01\/Marte-cer-albastru-1.jpg\" alt=\"Marte cer albastru\" width=\"332\" height=\"252\" srcset=\"https:\/\/www.lovendal.ro\/wp52\/wp-content\/uploads\/2016\/01\/Marte-cer-albastru-1.jpg 332w, https:\/\/www.lovendal.ro\/wp52\/wp-content\/uploads\/2016\/01\/Marte-cer-albastru-1-300x228.jpg 300w\" sizes=\"auto, (max-width: 332px) 100vw, 332px\" \/><\/a>Spuneam \u00eentr-un articol din 2015 (<a href=\"https:\/\/www.lovendal.ro\/wp52\/marte-nu-e-chiar-o-planeta-rosie-nasa-a-modificat-in-mod-intentionat-imaginile-de-pe-marte-pentru-a-face-sa-arate-ca-o-planeta-pustie-si-lipsita-de-viata\/\" target=\"_blank\" rel=\"noopener\"><strong>Marte nu e chiar o \u201cplanet\u0103 ro\u015fie\u201d! NASA a modificat \u00een mod inten\u021bionat imaginile de pe Marte, pentru a face s\u0103 arate ca o planet\u0103 pustie \u0219i lipsit\u0103 de via\u021b\u0103!<\/strong><\/a>) c\u0103 NASA modific\u0103 inten\u0163ionat imaginile de pe Marte, pentru ca aceasta s\u0103-\u015fi merite renumele de &#8222;planeta ro\u015fie&#8221;, adic\u0103 un corp ceresc pustiu, f\u0103r\u0103 via\u0163\u0103. Iat\u0103 ce afirmam atunci:<\/p>\n<p><em>&#8222;Ni s-a \u00eencet\u0103\u0163enit ideea c\u0103 planeta Marte ar avea culoarea ro\u015fie (&#8230;)\u00a0NASA a recunoscut c\u0103 toate culorile fotografiilor de pe suprafa\u021ba mar\u021bian\u0103 sunt \u00een mare parte o viziune \u201cartistic\u0103\u201d \u0219i nu reprezentint\u0103 culorile reale ale suprafe\u021bei (&#8230;)\u00a0Mul\u021bi oameni cred c\u0103 NASA ascunde de fapt o mul\u021bime de informa\u021bii de pe Marte. Numero\u015fi ufologi\u015fti sugereaz\u0103 c\u0103 NASA a modificat \u00een mod inten\u021bionat imaginile de pe Marte, pentru a face s\u0103 arate ca o planet\u0103 pustie \u0219i lipsit\u0103 de via\u021b\u0103, \u00een timp ce adev\u0103rul este foarte diferit de ceea ce NASA \u0219i alte agen\u021bii spa\u021biale ne spun. Concluzia e aceea c\u0103 \u201cplaneta ro\u0219ie\u201d s-ar putea s\u0103 nu fie at\u00e2t de ro\u0219ie \u0219i s-ar putea dovedi c\u0103 Marte este de fapt foarte similar cu P\u0103m\u00e2ntul, sau cel pu\u021bin a fost \u00een trecutul \u00eendep\u0103rtat&#8221;.<\/em><\/p>\n<p>Dar, c\u00e2teodat\u0103 \u015fi NASA are unele &#8222;sc\u0103p\u0103ri&#8221; \u015fi d\u0103 publice fotografii rare, ca cea din acest articol, \u00een care se poate observa foarte clar c\u0103 Marte e o planet\u0103 asem\u0103n\u0103toare cu P\u0103m\u00e2ntul, cu cer albastru. Sursa original\u0103 a pozei, luat\u0103 de robotul spa\u0163ial Mars Rover Spirit, o g\u0103si\u0163i pe site-ul <a href=\"http:\/\/areo.info\/mer\/spirit\/178\/tn\/2P142165367EFF69A8P2385L5M1_L4L5L5L5L6.jpg.html\" target=\"_blank\" rel=\"noopener\"><strong>areo.info<\/strong><\/a>.<\/p>\n<p><a href=\"https:\/\/www.lovendal.ro\/wp52\/priviti-aceasta-fotografie-de-pe-marte-cu-cerul-albastru-parca-ar-fi-de-pe-pamant-nu-e-atmosfera-rosiatica-si-lipsita-de-viata-cu-care-am-fost-obisnuiti\/marte-cer-albastru\/\" rel=\"attachment wp-att-42384\"><img loading=\"lazy\" decoding=\"async\" class=\"aligncenter size-full wp-image-42384\" src=\"https:\/\/www.lovendal.ro\/wp52\/wp-content\/uploads\/2016\/01\/Marte-cer-albastru.jpg\" alt=\"Marte cer albastru\" width=\"538\" height=\"483\" srcset=\"https:\/\/www.lovendal.ro\/wp52\/wp-content\/uploads\/2016\/01\/Marte-cer-albastru.jpg 538w, https:\/\/www.lovendal.ro\/wp52\/wp-content\/uploads\/2016\/01\/Marte-cer-albastru-300x269.jpg 300w\" sizes=\"auto, (max-width: 538px) 100vw, 538px\" \/><\/a><\/p>\n<p>Precum se observ\u0103 \u015fi din aceast\u0103 poz\u0103, cerul este albastru, ca \u015fi cerul de pe P\u0103m\u00e2nt, iar pietrele au nuant\u0103 de gri-albastru. Nimic din ro\u015ful cu care am fost obi\u015fnui\u0163i p\u00e2n\u0103 acum. A\u015fa arat\u0103 cu adev\u0103rat peisajul mar\u0163ian sau&#8230; totul e fotografiat dintr-o loca\u0163ie secret\u0103 de pe P\u0103m\u00e2nt, \u015fi anume pe insula Devon din Canada, a\u015fa cum presupuneam \u00eentr-un articol din 2015 (<a href=\"https:\/\/www.lovendal.ro\/wp52\/nasaphotoshop-imaginile-pe-care-nasa-ni-le-arata-ca-fiind-de-pe-marte-provin-de-fapt-de-pe-insula-devon-din-canada-suntem-mintiti-si-iar-mintiti-fara-incetare\/\" target=\"_blank\" rel=\"noopener\"><strong>NASAPhotoShop: Imaginile pe care NASA ni le arat\u0103 ca fiind de pe Marte provin, de fapt, de pe insula Devon din Canada! Suntem min\u0163i\u0163i \u015fi iar min\u0163i\u0163i, f\u0103r\u0103 \u00eencetare\u2026<\/strong><\/a>). A\u015fadar, avem dou\u0103 ipoteze:<\/p>\n<p>1) Planeta Marte se aseam\u0103n\u0103 foarte mult cu P\u0103m\u00e2ntul, av\u00e2nd acela\u015fi cer albastru \u015fi, aproximativ, aceea\u015fi culoare ca \u015fi Terra, nefiind a\u015fadar o planet\u0103 ro\u015fiat\u0103, de\u015fertic\u0103 \u015fi total lipsit\u0103 de via\u0163\u0103, a\u015fa cum NASA ne sugereaz\u0103;<\/p>\n<p>2) NASA ne minte cu pozele pe care le public\u0103 ca fiind de pe Marte, ele fiind luate, de fapt, de pe P\u0103m\u00e2nt, dintr-o loca\u0163ie secret\u0103.<\/p>\n<p>Oricare din cele dou\u0103 variante ar fi adev\u0103rat\u0103, concluzia nu poate fi dec\u00e2t una singur\u0103: NASA ne ascunde adev\u0103rul despre planeta Marte!<\/p>\n","protected":false},"excerpt":{"rendered":"<p>Spuneam \u00eentr-un articol din 2015 (Marte nu e chiar o \u201cplanet\u0103 ro\u015fie\u201d! NASA a modificat \u00een mod inten\u021bionat imaginile de pe Marte, pentru a face s\u0103 arate ca o planet\u0103 pustie \u0219i lipsit\u0103 de via\u021b\u0103!) c\u0103 NASA modific\u0103 inten\u0163ionat imaginile &#8230; <\/p>\n<p class=\"read-more-container\"><a title=\"Privi\u0163i aceast\u0103 fotografie de pe Marte, cu cerul albastru! Parc\u0103 ar fi de pe P\u0103m\u00e2nt! Nu e &#8222;atmosfera&#8221; ro\u015fiatic\u0103 \u015fi lipsit\u0103 de via\u0163\u0103 cu care am fost obi\u015fnui\u0163i&#8230;\" class=\"read-more button\" href=\"https:\/\/www.lovendal.ro\/wp52\/priviti-aceasta-fotografie-de-pe-marte-cu-cerul-albastru-parca-ar-fi-de-pe-pamant-nu-e-atmosfera-rosiatica-si-lipsita-de-viata-cu-care-am-fost-obisnuiti\/#more-42383\" aria-label=\"Cite\u0219te mai multe despre Privi\u0163i aceast\u0103 fotografie de pe Marte, cu cerul albastru! Parc\u0103 ar fi de pe P\u0103m\u00e2nt! Nu e &#8222;atmosfera&#8221; ro\u015fiatic\u0103 \u015fi lipsit\u0103 de via\u0163\u0103 cu care am fost obi\u015fnui\u0163i&#8230;\">Cititi mai multe<\/a><\/p>\n","protected":false},"author":1,"featured_media":42385,"comment_status":"open","ping_status":"open","sticky":false,"template":"","format":"standard","meta":{"footnotes":""},"categories":[2761],"tags":[950,272,2466,10102,1784,9714,156,105,1377,732,9812,7370,1231],"class_list":["post-42383","post","type-post","status-publish","format-standard","has-post-thumbnail","hentry","category-poze-controversate","tag-albastru","tag-canada","tag-cer","tag-devon","tag-insula","tag-mars-rover","tag-marte","tag-pamant","tag-pietre","tag-planeta","tag-poze-controversate","tag-robot-spatial","tag-rosu","resize-featured-image"],"yoast_head":"<!-- This site is optimized with the Yoast SEO Premium plugin v23.3 (Yoast SEO v27.4) - https:\/\/yoast.com\/product\/yoast-seo-premium-wordpress\/ -->\n<title>Privi\u0163i aceast\u0103 fotografie de pe Marte, cu cerul albastru! Parc\u0103 ar fi de pe P\u0103m\u00e2nt! Nu e &quot;atmosfera&quot; ro\u015fiatic\u0103 \u015fi lipsit\u0103 de via\u0163\u0103 cu care am fost obi\u015fnui\u0163i... - Secretele lui Lovendal<\/title>\n<meta name=\"robots\" content=\"index, follow, max-snippet:-1, max-image-preview:large, max-video-preview:-1\" \/>\n<link rel=\"canonical\" href=\"https:\/\/www.lovendal.ro\/wp52\/priviti-aceasta-fotografie-de-pe-marte-cu-cerul-albastru-parca-ar-fi-de-pe-pamant-nu-e-atmosfera-rosiatica-si-lipsita-de-viata-cu-care-am-fost-obisnuiti\/\" \/>\n<meta property=\"og:locale\" content=\"ro_RO\" \/>\n<meta property=\"og:type\" content=\"article\" \/>\n<meta property=\"og:title\" content=\"Privi\u0163i aceast\u0103 fotografie de pe Marte, cu cerul albastru! Parc\u0103 ar fi de pe P\u0103m\u00e2nt! Nu e &quot;atmosfera&quot; ro\u015fiatic\u0103 \u015fi lipsit\u0103 de via\u0163\u0103 cu care am fost obi\u015fnui\u0163i...\" \/>\n<meta property=\"og:description\" content=\"Spuneam \u00eentr-un articol din 2015 (Marte nu e chiar o \u201cplanet\u0103 ro\u015fie\u201d! NASA a modificat \u00een mod inten\u021bionat imaginile de pe Marte, pentru a face s\u0103 arate ca o planet\u0103 pustie \u0219i lipsit\u0103 de via\u021b\u0103!) c\u0103 NASA modific\u0103 inten\u0163ionat imaginile ... Cititi mai multe\" \/>\n<meta property=\"og:url\" content=\"https:\/\/www.lovendal.ro\/wp52\/priviti-aceasta-fotografie-de-pe-marte-cu-cerul-albastru-parca-ar-fi-de-pe-pamant-nu-e-atmosfera-rosiatica-si-lipsita-de-viata-cu-care-am-fost-obisnuiti\/\" \/>\n<meta property=\"og:site_name\" content=\"Secretele lui Lovendal\" \/>\n<meta property=\"article:publisher\" content=\"https:\/\/www.facebook.com\/secreteleluilovendal\" \/>\n<meta property=\"article:published_time\" content=\"2016-01-18T10:15:26+00:00\" \/>\n<meta property=\"article:modified_time\" content=\"2021-12-09T20:45:32+00:00\" \/>\n<meta property=\"og:image\" content=\"https:\/\/www.lovendal.ro\/wp52\/wp-content\/uploads\/2016\/01\/Marte-cer-albastru-1.jpg\" \/>\n\t<meta property=\"og:image:width\" content=\"332\" \/>\n\t<meta property=\"og:image:height\" content=\"252\" \/>\n\t<meta property=\"og:image:type\" content=\"image\/jpeg\" \/>\n<meta name=\"author\" content=\"admin\" \/>\n<meta name=\"twitter:card\" content=\"summary_large_image\" \/>\n<meta name=\"twitter:label1\" content=\"Scris de\" \/>\n\t<meta name=\"twitter:data1\" content=\"admin\" \/>\n\t<meta name=\"twitter:label2\" content=\"Timp estimat pentru citire\" \/>\n\t<meta name=\"twitter:data2\" content=\"2 minute\" \/>\n<script type=\"application\/ld+json\" class=\"yoast-schema-graph\">{\"@context\":\"https:\\\/\\\/schema.org\",\"@graph\":[{\"@type\":\"Article\",\"@id\":\"https:\\\/\\\/www.lovendal.ro\\\/wp52\\\/priviti-aceasta-fotografie-de-pe-marte-cu-cerul-albastru-parca-ar-fi-de-pe-pamant-nu-e-atmosfera-rosiatica-si-lipsita-de-viata-cu-care-am-fost-obisnuiti\\\/#article\",\"isPartOf\":{\"@id\":\"https:\\\/\\\/www.lovendal.ro\\\/wp52\\\/priviti-aceasta-fotografie-de-pe-marte-cu-cerul-albastru-parca-ar-fi-de-pe-pamant-nu-e-atmosfera-rosiatica-si-lipsita-de-viata-cu-care-am-fost-obisnuiti\\\/\"},\"author\":{\"name\":\"admin\",\"@id\":\"https:\\\/\\\/www.lovendal.ro\\\/wp52\\\/#\\\/schema\\\/person\\\/088691de5dfc346bb0c023e1e52ef5d9\"},\"headline\":\"Privi\u0163i aceast\u0103 fotografie de pe Marte, cu cerul albastru! Parc\u0103 ar fi de pe P\u0103m\u00e2nt! Nu e &#8222;atmosfera&#8221; ro\u015fiatic\u0103 \u015fi lipsit\u0103 de via\u0163\u0103 cu care am fost obi\u015fnui\u0163i&#8230;\",\"datePublished\":\"2016-01-18T10:15:26+00:00\",\"dateModified\":\"2021-12-09T20:45:32+00:00\",\"mainEntityOfPage\":{\"@id\":\"https:\\\/\\\/www.lovendal.ro\\\/wp52\\\/priviti-aceasta-fotografie-de-pe-marte-cu-cerul-albastru-parca-ar-fi-de-pe-pamant-nu-e-atmosfera-rosiatica-si-lipsita-de-viata-cu-care-am-fost-obisnuiti\\\/\"},\"wordCount\":527,\"commentCount\":4,\"publisher\":{\"@id\":\"https:\\\/\\\/www.lovendal.ro\\\/wp52\\\/#organization\"},\"image\":{\"@id\":\"https:\\\/\\\/www.lovendal.ro\\\/wp52\\\/priviti-aceasta-fotografie-de-pe-marte-cu-cerul-albastru-parca-ar-fi-de-pe-pamant-nu-e-atmosfera-rosiatica-si-lipsita-de-viata-cu-care-am-fost-obisnuiti\\\/#primaryimage\"},\"thumbnailUrl\":\"https:\\\/\\\/www.lovendal.ro\\\/wp52\\\/wp-content\\\/uploads\\\/2016\\\/01\\\/Marte-cer-albastru-1.jpg\",\"keywords\":[\"albastru\",\"Canada\",\"cer\",\"Devon\",\"insul\u0103\",\"Mars Rover\",\"Marte\",\"P\u0103m\u00e2nt\",\"pietre\",\"planet\u0103\",\"Poze controversate\",\"robot spa\u0163ial\",\"ro\u015fu\"],\"articleSection\":[\"Poze controversate\"],\"inLanguage\":\"ro-RO\",\"potentialAction\":[{\"@type\":\"CommentAction\",\"name\":\"Comment\",\"target\":[\"https:\\\/\\\/www.lovendal.ro\\\/wp52\\\/priviti-aceasta-fotografie-de-pe-marte-cu-cerul-albastru-parca-ar-fi-de-pe-pamant-nu-e-atmosfera-rosiatica-si-lipsita-de-viata-cu-care-am-fost-obisnuiti\\\/#respond\"]}]},{\"@type\":\"WebPage\",\"@id\":\"https:\\\/\\\/www.lovendal.ro\\\/wp52\\\/priviti-aceasta-fotografie-de-pe-marte-cu-cerul-albastru-parca-ar-fi-de-pe-pamant-nu-e-atmosfera-rosiatica-si-lipsita-de-viata-cu-care-am-fost-obisnuiti\\\/\",\"url\":\"https:\\\/\\\/www.lovendal.ro\\\/wp52\\\/priviti-aceasta-fotografie-de-pe-marte-cu-cerul-albastru-parca-ar-fi-de-pe-pamant-nu-e-atmosfera-rosiatica-si-lipsita-de-viata-cu-care-am-fost-obisnuiti\\\/\",\"name\":\"Privi\u0163i aceast\u0103 fotografie de pe Marte, cu cerul albastru! Parc\u0103 ar fi de pe P\u0103m\u00e2nt! Nu e \\\"atmosfera\\\" ro\u015fiatic\u0103 \u015fi lipsit\u0103 de via\u0163\u0103 cu care am fost obi\u015fnui\u0163i... - Secretele lui Lovendal\",\"isPartOf\":{\"@id\":\"https:\\\/\\\/www.lovendal.ro\\\/wp52\\\/#website\"},\"primaryImageOfPage\":{\"@id\":\"https:\\\/\\\/www.lovendal.ro\\\/wp52\\\/priviti-aceasta-fotografie-de-pe-marte-cu-cerul-albastru-parca-ar-fi-de-pe-pamant-nu-e-atmosfera-rosiatica-si-lipsita-de-viata-cu-care-am-fost-obisnuiti\\\/#primaryimage\"},\"image\":{\"@id\":\"https:\\\/\\\/www.lovendal.ro\\\/wp52\\\/priviti-aceasta-fotografie-de-pe-marte-cu-cerul-albastru-parca-ar-fi-de-pe-pamant-nu-e-atmosfera-rosiatica-si-lipsita-de-viata-cu-care-am-fost-obisnuiti\\\/#primaryimage\"},\"thumbnailUrl\":\"https:\\\/\\\/www.lovendal.ro\\\/wp52\\\/wp-content\\\/uploads\\\/2016\\\/01\\\/Marte-cer-albastru-1.jpg\",\"datePublished\":\"2016-01-18T10:15:26+00:00\",\"dateModified\":\"2021-12-09T20:45:32+00:00\",\"breadcrumb\":{\"@id\":\"https:\\\/\\\/www.lovendal.ro\\\/wp52\\\/priviti-aceasta-fotografie-de-pe-marte-cu-cerul-albastru-parca-ar-fi-de-pe-pamant-nu-e-atmosfera-rosiatica-si-lipsita-de-viata-cu-care-am-fost-obisnuiti\\\/#breadcrumb\"},\"inLanguage\":\"ro-RO\",\"potentialAction\":[{\"@type\":\"ReadAction\",\"target\":[\"https:\\\/\\\/www.lovendal.ro\\\/wp52\\\/priviti-aceasta-fotografie-de-pe-marte-cu-cerul-albastru-parca-ar-fi-de-pe-pamant-nu-e-atmosfera-rosiatica-si-lipsita-de-viata-cu-care-am-fost-obisnuiti\\\/\"]}]},{\"@type\":\"ImageObject\",\"inLanguage\":\"ro-RO\",\"@id\":\"https:\\\/\\\/www.lovendal.ro\\\/wp52\\\/priviti-aceasta-fotografie-de-pe-marte-cu-cerul-albastru-parca-ar-fi-de-pe-pamant-nu-e-atmosfera-rosiatica-si-lipsita-de-viata-cu-care-am-fost-obisnuiti\\\/#primaryimage\",\"url\":\"https:\\\/\\\/www.lovendal.ro\\\/wp52\\\/wp-content\\\/uploads\\\/2016\\\/01\\\/Marte-cer-albastru-1.jpg\",\"contentUrl\":\"https:\\\/\\\/www.lovendal.ro\\\/wp52\\\/wp-content\\\/uploads\\\/2016\\\/01\\\/Marte-cer-albastru-1.jpg\",\"width\":332,\"height\":252},{\"@type\":\"BreadcrumbList\",\"@id\":\"https:\\\/\\\/www.lovendal.ro\\\/wp52\\\/priviti-aceasta-fotografie-de-pe-marte-cu-cerul-albastru-parca-ar-fi-de-pe-pamant-nu-e-atmosfera-rosiatica-si-lipsita-de-viata-cu-care-am-fost-obisnuiti\\\/#breadcrumb\",\"itemListElement\":[{\"@type\":\"ListItem\",\"position\":1,\"name\":\"Home\",\"item\":\"https:\\\/\\\/www.lovendal.ro\\\/wp52\\\/\"},{\"@type\":\"ListItem\",\"position\":2,\"name\":\"Privi\u0163i aceast\u0103 fotografie de pe Marte, cu cerul albastru! Parc\u0103 ar fi de pe P\u0103m\u00e2nt! Nu e &#8222;atmosfera&#8221; ro\u015fiatic\u0103 \u015fi lipsit\u0103 de via\u0163\u0103 cu care am fost obi\u015fnui\u0163i&#8230;\"}]},{\"@type\":\"WebSite\",\"@id\":\"https:\\\/\\\/www.lovendal.ro\\\/wp52\\\/#website\",\"url\":\"https:\\\/\\\/www.lovendal.ro\\\/wp52\\\/\",\"name\":\"Secretele lui Lovendal\",\"description\":\"Site de secrete, stiinta si metafizica - din 2008 -\",\"publisher\":{\"@id\":\"https:\\\/\\\/www.lovendal.ro\\\/wp52\\\/#organization\"},\"potentialAction\":[{\"@type\":\"SearchAction\",\"target\":{\"@type\":\"EntryPoint\",\"urlTemplate\":\"https:\\\/\\\/www.lovendal.ro\\\/wp52\\\/?s={search_term_string}\"},\"query-input\":{\"@type\":\"PropertyValueSpecification\",\"valueRequired\":true,\"valueName\":\"search_term_string\"}}],\"inLanguage\":\"ro-RO\"},{\"@type\":\"Organization\",\"@id\":\"https:\\\/\\\/www.lovendal.ro\\\/wp52\\\/#organization\",\"name\":\"Secretele lui Lovendal\",\"url\":\"https:\\\/\\\/www.lovendal.ro\\\/wp52\\\/\",\"logo\":{\"@type\":\"ImageObject\",\"inLanguage\":\"ro-RO\",\"@id\":\"https:\\\/\\\/www.lovendal.ro\\\/wp52\\\/#\\\/schema\\\/logo\\\/image\\\/\",\"url\":\"https:\\\/\\\/www.lovendal.ro\\\/wp52\\\/wp-content\\\/uploads\\\/2024\\\/06\\\/cropped-SLL-iun-2024-1.jpg\",\"contentUrl\":\"https:\\\/\\\/www.lovendal.ro\\\/wp52\\\/wp-content\\\/uploads\\\/2024\\\/06\\\/cropped-SLL-iun-2024-1.jpg\",\"width\":771,\"height\":240,\"caption\":\"Secretele lui Lovendal\"},\"image\":{\"@id\":\"https:\\\/\\\/www.lovendal.ro\\\/wp52\\\/#\\\/schema\\\/logo\\\/image\\\/\"},\"sameAs\":[\"https:\\\/\\\/www.facebook.com\\\/secreteleluilovendal\"]},{\"@type\":\"Person\",\"@id\":\"https:\\\/\\\/www.lovendal.ro\\\/wp52\\\/#\\\/schema\\\/person\\\/088691de5dfc346bb0c023e1e52ef5d9\",\"name\":\"admin\",\"image\":{\"@type\":\"ImageObject\",\"inLanguage\":\"ro-RO\",\"@id\":\"https:\\\/\\\/secure.gravatar.com\\\/avatar\\\/ecb9cd41f5f63c9c9b989999a59f6e2639a865ec361e9db054db0679a8f341c2?s=96&d=mm&r=g\",\"url\":\"https:\\\/\\\/secure.gravatar.com\\\/avatar\\\/ecb9cd41f5f63c9c9b989999a59f6e2639a865ec361e9db054db0679a8f341c2?s=96&d=mm&r=g\",\"contentUrl\":\"https:\\\/\\\/secure.gravatar.com\\\/avatar\\\/ecb9cd41f5f63c9c9b989999a59f6e2639a865ec361e9db054db0679a8f341c2?s=96&d=mm&r=g\",\"caption\":\"admin\"},\"sameAs\":[\"https:\\\/\\\/www.lovendal.ro\\\/wp52\"]}]}<\/script>\n<!-- \/ Yoast SEO Premium plugin. -->","yoast_head_json":{"title":"Privi\u0163i aceast\u0103 fotografie de pe Marte, cu cerul albastru! Parc\u0103 ar fi de pe P\u0103m\u00e2nt! Nu e \"atmosfera\" ro\u015fiatic\u0103 \u015fi lipsit\u0103 de via\u0163\u0103 cu care am fost obi\u015fnui\u0163i... - Secretele lui Lovendal","robots":{"index":"index","follow":"follow","max-snippet":"max-snippet:-1","max-image-preview":"max-image-preview:large","max-video-preview":"max-video-preview:-1"},"canonical":"https:\/\/www.lovendal.ro\/wp52\/priviti-aceasta-fotografie-de-pe-marte-cu-cerul-albastru-parca-ar-fi-de-pe-pamant-nu-e-atmosfera-rosiatica-si-lipsita-de-viata-cu-care-am-fost-obisnuiti\/","og_locale":"ro_RO","og_type":"article","og_title":"Privi\u0163i aceast\u0103 fotografie de pe Marte, cu cerul albastru! Parc\u0103 ar fi de pe P\u0103m\u00e2nt! Nu e \"atmosfera\" ro\u015fiatic\u0103 \u015fi lipsit\u0103 de via\u0163\u0103 cu care am fost obi\u015fnui\u0163i...","og_description":"Spuneam \u00eentr-un articol din 2015 (Marte nu e chiar o \u201cplanet\u0103 ro\u015fie\u201d! NASA a modificat \u00een mod inten\u021bionat imaginile de pe Marte, pentru a face s\u0103 arate ca o planet\u0103 pustie \u0219i lipsit\u0103 de via\u021b\u0103!) c\u0103 NASA modific\u0103 inten\u0163ionat imaginile ... Cititi mai multe","og_url":"https:\/\/www.lovendal.ro\/wp52\/priviti-aceasta-fotografie-de-pe-marte-cu-cerul-albastru-parca-ar-fi-de-pe-pamant-nu-e-atmosfera-rosiatica-si-lipsita-de-viata-cu-care-am-fost-obisnuiti\/","og_site_name":"Secretele lui Lovendal","article_publisher":"https:\/\/www.facebook.com\/secreteleluilovendal","article_published_time":"2016-01-18T10:15:26+00:00","article_modified_time":"2021-12-09T20:45:32+00:00","og_image":[{"width":332,"height":252,"url":"https:\/\/www.lovendal.ro\/wp52\/wp-content\/uploads\/2016\/01\/Marte-cer-albastru-1.jpg","type":"image\/jpeg"}],"author":"admin","twitter_card":"summary_large_image","twitter_misc":{"Scris de":"admin","Timp estimat pentru citire":"2 minute"},"schema":{"@context":"https:\/\/schema.org","@graph":[{"@type":"Article","@id":"https:\/\/www.lovendal.ro\/wp52\/priviti-aceasta-fotografie-de-pe-marte-cu-cerul-albastru-parca-ar-fi-de-pe-pamant-nu-e-atmosfera-rosiatica-si-lipsita-de-viata-cu-care-am-fost-obisnuiti\/#article","isPartOf":{"@id":"https:\/\/www.lovendal.ro\/wp52\/priviti-aceasta-fotografie-de-pe-marte-cu-cerul-albastru-parca-ar-fi-de-pe-pamant-nu-e-atmosfera-rosiatica-si-lipsita-de-viata-cu-care-am-fost-obisnuiti\/"},"author":{"name":"admin","@id":"https:\/\/www.lovendal.ro\/wp52\/#\/schema\/person\/088691de5dfc346bb0c023e1e52ef5d9"},"headline":"Privi\u0163i aceast\u0103 fotografie de pe Marte, cu cerul albastru! Parc\u0103 ar fi de pe P\u0103m\u00e2nt! Nu e &#8222;atmosfera&#8221; ro\u015fiatic\u0103 \u015fi lipsit\u0103 de via\u0163\u0103 cu care am fost obi\u015fnui\u0163i&#8230;","datePublished":"2016-01-18T10:15:26+00:00","dateModified":"2021-12-09T20:45:32+00:00","mainEntityOfPage":{"@id":"https:\/\/www.lovendal.ro\/wp52\/priviti-aceasta-fotografie-de-pe-marte-cu-cerul-albastru-parca-ar-fi-de-pe-pamant-nu-e-atmosfera-rosiatica-si-lipsita-de-viata-cu-care-am-fost-obisnuiti\/"},"wordCount":527,"commentCount":4,"publisher":{"@id":"https:\/\/www.lovendal.ro\/wp52\/#organization"},"image":{"@id":"https:\/\/www.lovendal.ro\/wp52\/priviti-aceasta-fotografie-de-pe-marte-cu-cerul-albastru-parca-ar-fi-de-pe-pamant-nu-e-atmosfera-rosiatica-si-lipsita-de-viata-cu-care-am-fost-obisnuiti\/#primaryimage"},"thumbnailUrl":"https:\/\/www.lovendal.ro\/wp52\/wp-content\/uploads\/2016\/01\/Marte-cer-albastru-1.jpg","keywords":["albastru","Canada","cer","Devon","insul\u0103","Mars Rover","Marte","P\u0103m\u00e2nt","pietre","planet\u0103","Poze controversate","robot spa\u0163ial","ro\u015fu"],"articleSection":["Poze controversate"],"inLanguage":"ro-RO","potentialAction":[{"@type":"CommentAction","name":"Comment","target":["https:\/\/www.lovendal.ro\/wp52\/priviti-aceasta-fotografie-de-pe-marte-cu-cerul-albastru-parca-ar-fi-de-pe-pamant-nu-e-atmosfera-rosiatica-si-lipsita-de-viata-cu-care-am-fost-obisnuiti\/#respond"]}]},{"@type":"WebPage","@id":"https:\/\/www.lovendal.ro\/wp52\/priviti-aceasta-fotografie-de-pe-marte-cu-cerul-albastru-parca-ar-fi-de-pe-pamant-nu-e-atmosfera-rosiatica-si-lipsita-de-viata-cu-care-am-fost-obisnuiti\/","url":"https:\/\/www.lovendal.ro\/wp52\/priviti-aceasta-fotografie-de-pe-marte-cu-cerul-albastru-parca-ar-fi-de-pe-pamant-nu-e-atmosfera-rosiatica-si-lipsita-de-viata-cu-care-am-fost-obisnuiti\/","name":"Privi\u0163i aceast\u0103 fotografie de pe Marte, cu cerul albastru! Parc\u0103 ar fi de pe P\u0103m\u00e2nt! Nu e \"atmosfera\" ro\u015fiatic\u0103 \u015fi lipsit\u0103 de via\u0163\u0103 cu care am fost obi\u015fnui\u0163i... - Secretele lui Lovendal","isPartOf":{"@id":"https:\/\/www.lovendal.ro\/wp52\/#website"},"primaryImageOfPage":{"@id":"https:\/\/www.lovendal.ro\/wp52\/priviti-aceasta-fotografie-de-pe-marte-cu-cerul-albastru-parca-ar-fi-de-pe-pamant-nu-e-atmosfera-rosiatica-si-lipsita-de-viata-cu-care-am-fost-obisnuiti\/#primaryimage"},"image":{"@id":"https:\/\/www.lovendal.ro\/wp52\/priviti-aceasta-fotografie-de-pe-marte-cu-cerul-albastru-parca-ar-fi-de-pe-pamant-nu-e-atmosfera-rosiatica-si-lipsita-de-viata-cu-care-am-fost-obisnuiti\/#primaryimage"},"thumbnailUrl":"https:\/\/www.lovendal.ro\/wp52\/wp-content\/uploads\/2016\/01\/Marte-cer-albastru-1.jpg","datePublished":"2016-01-18T10:15:26+00:00","dateModified":"2021-12-09T20:45:32+00:00","breadcrumb":{"@id":"https:\/\/www.lovendal.ro\/wp52\/priviti-aceasta-fotografie-de-pe-marte-cu-cerul-albastru-parca-ar-fi-de-pe-pamant-nu-e-atmosfera-rosiatica-si-lipsita-de-viata-cu-care-am-fost-obisnuiti\/#breadcrumb"},"inLanguage":"ro-RO","potentialAction":[{"@type":"ReadAction","target":["https:\/\/www.lovendal.ro\/wp52\/priviti-aceasta-fotografie-de-pe-marte-cu-cerul-albastru-parca-ar-fi-de-pe-pamant-nu-e-atmosfera-rosiatica-si-lipsita-de-viata-cu-care-am-fost-obisnuiti\/"]}]},{"@type":"ImageObject","inLanguage":"ro-RO","@id":"https:\/\/www.lovendal.ro\/wp52\/priviti-aceasta-fotografie-de-pe-marte-cu-cerul-albastru-parca-ar-fi-de-pe-pamant-nu-e-atmosfera-rosiatica-si-lipsita-de-viata-cu-care-am-fost-obisnuiti\/#primaryimage","url":"https:\/\/www.lovendal.ro\/wp52\/wp-content\/uploads\/2016\/01\/Marte-cer-albastru-1.jpg","contentUrl":"https:\/\/www.lovendal.ro\/wp52\/wp-content\/uploads\/2016\/01\/Marte-cer-albastru-1.jpg","width":332,"height":252},{"@type":"BreadcrumbList","@id":"https:\/\/www.lovendal.ro\/wp52\/priviti-aceasta-fotografie-de-pe-marte-cu-cerul-albastru-parca-ar-fi-de-pe-pamant-nu-e-atmosfera-rosiatica-si-lipsita-de-viata-cu-care-am-fost-obisnuiti\/#breadcrumb","itemListElement":[{"@type":"ListItem","position":1,"name":"Home","item":"https:\/\/www.lovendal.ro\/wp52\/"},{"@type":"ListItem","position":2,"name":"Privi\u0163i aceast\u0103 fotografie de pe Marte, cu cerul albastru! Parc\u0103 ar fi de pe P\u0103m\u00e2nt! Nu e &#8222;atmosfera&#8221; ro\u015fiatic\u0103 \u015fi lipsit\u0103 de via\u0163\u0103 cu care am fost obi\u015fnui\u0163i&#8230;"}]},{"@type":"WebSite","@id":"https:\/\/www.lovendal.ro\/wp52\/#website","url":"https:\/\/www.lovendal.ro\/wp52\/","name":"Secretele lui Lovendal","description":"Site de secrete, stiinta si metafizica - din 2008 -","publisher":{"@id":"https:\/\/www.lovendal.ro\/wp52\/#organization"},"potentialAction":[{"@type":"SearchAction","target":{"@type":"EntryPoint","urlTemplate":"https:\/\/www.lovendal.ro\/wp52\/?s={search_term_string}"},"query-input":{"@type":"PropertyValueSpecification","valueRequired":true,"valueName":"search_term_string"}}],"inLanguage":"ro-RO"},{"@type":"Organization","@id":"https:\/\/www.lovendal.ro\/wp52\/#organization","name":"Secretele lui Lovendal","url":"https:\/\/www.lovendal.ro\/wp52\/","logo":{"@type":"ImageObject","inLanguage":"ro-RO","@id":"https:\/\/www.lovendal.ro\/wp52\/#\/schema\/logo\/image\/","url":"https:\/\/www.lovendal.ro\/wp52\/wp-content\/uploads\/2024\/06\/cropped-SLL-iun-2024-1.jpg","contentUrl":"https:\/\/www.lovendal.ro\/wp52\/wp-content\/uploads\/2024\/06\/cropped-SLL-iun-2024-1.jpg","width":771,"height":240,"caption":"Secretele lui Lovendal"},"image":{"@id":"https:\/\/www.lovendal.ro\/wp52\/#\/schema\/logo\/image\/"},"sameAs":["https:\/\/www.facebook.com\/secreteleluilovendal"]},{"@type":"Person","@id":"https:\/\/www.lovendal.ro\/wp52\/#\/schema\/person\/088691de5dfc346bb0c023e1e52ef5d9","name":"admin","image":{"@type":"ImageObject","inLanguage":"ro-RO","@id":"https:\/\/secure.gravatar.com\/avatar\/ecb9cd41f5f63c9c9b989999a59f6e2639a865ec361e9db054db0679a8f341c2?s=96&d=mm&r=g","url":"https:\/\/secure.gravatar.com\/avatar\/ecb9cd41f5f63c9c9b989999a59f6e2639a865ec361e9db054db0679a8f341c2?s=96&d=mm&r=g","contentUrl":"https:\/\/secure.gravatar.com\/avatar\/ecb9cd41f5f63c9c9b989999a59f6e2639a865ec361e9db054db0679a8f341c2?s=96&d=mm&r=g","caption":"admin"},"sameAs":["https:\/\/www.lovendal.ro\/wp52"]}]}},"_links":{"self":[{"href":"https:\/\/www.lovendal.ro\/wp52\/wp-json\/wp\/v2\/posts\/42383","targetHints":{"allow":["GET"]}}],"collection":[{"href":"https:\/\/www.lovendal.ro\/wp52\/wp-json\/wp\/v2\/posts"}],"about":[{"href":"https:\/\/www.lovendal.ro\/wp52\/wp-json\/wp\/v2\/types\/post"}],"author":[{"embeddable":true,"href":"https:\/\/www.lovendal.ro\/wp52\/wp-json\/wp\/v2\/users\/1"}],"replies":[{"embeddable":true,"href":"https:\/\/www.lovendal.ro\/wp52\/wp-json\/wp\/v2\/comments?post=42383"}],"version-history":[{"count":0,"href":"https:\/\/www.lovendal.ro\/wp52\/wp-json\/wp\/v2\/posts\/42383\/revisions"}],"wp:featuredmedia":[{"embeddable":true,"href":"https:\/\/www.lovendal.ro\/wp52\/wp-json\/wp\/v2\/media\/42385"}],"wp:attachment":[{"href":"https:\/\/www.lovendal.ro\/wp52\/wp-json\/wp\/v2\/media?parent=42383"}],"wp:term":[{"taxonomy":"category","embeddable":true,"href":"https:\/\/www.lovendal.ro\/wp52\/wp-json\/wp\/v2\/categories?post=42383"},{"taxonomy":"post_tag","embeddable":true,"href":"https:\/\/www.lovendal.ro\/wp52\/wp-json\/wp\/v2\/tags?post=42383"}],"curies":[{"name":"wp","href":"https:\/\/api.w.org\/{rel}","templated":true}]}}