{"id":41848,"date":"2015-12-14T22:48:36","date_gmt":"2015-12-14T20:48:36","guid":{"rendered":"http:\/\/www.lovendal.ro\/wp52\/?p=41848"},"modified":"2015-12-14T22:48:36","modified_gmt":"2015-12-14T20:48:36","slug":"oamenii-de-stiinta-au-rezolvat-celebrul-paradox-al-cauzalitatii-in-cazul-calatoriei-in-timp-solutia-este-folosirea-curbelor-de-timp-deschise","status":"publish","type":"post","link":"https:\/\/www.lovendal.ro\/wp52\/oamenii-de-stiinta-au-rezolvat-celebrul-paradox-al-cauzalitatii-in-cazul-calatoriei-in-timp-solutia-este-folosirea-curbelor-de-timp-deschise\/","title":{"rendered":"Oamenii de \u015ftiin\u0163\u0103 au rezolvat celebrul paradox al cauzalit\u0103\u0163ii \u00een cazul c\u0103l\u0103toriei \u00een timp! Solu\u0163ia este folosirea curbelor de timp deschise!"},"content":{"rendered":"<p><img loading=\"lazy\" decoding=\"async\" class=\"alignleft size-full wp-image-41850\" src=\"https:\/\/www.lovendal.ro\/wp52\/wp-content\/uploads\/2015\/12\/calatorie-in-timp-gauri-de-vierme.jpg\" alt=\"calatorie in timp gauri de vierme\" width=\"333\" height=\"294\" srcset=\"https:\/\/www.lovendal.ro\/wp52\/wp-content\/uploads\/2015\/12\/calatorie-in-timp-gauri-de-vierme.jpg 333w, https:\/\/www.lovendal.ro\/wp52\/wp-content\/uploads\/2015\/12\/calatorie-in-timp-gauri-de-vierme-300x265.jpg 300w\" sizes=\"auto, (max-width: 333px) 100vw, 333px\" \/>Dac\u0103 o persoan\u0103 c\u0103l\u0103tore\u0219te \u00eenapoi \u00een timp \u0219i \u00ee\u015fi ucide str\u0103bunicul (c\u00e2nd era copil), ei bine, acest lucru creeaz\u0103 un paradox existen\u021bial. Cum ar mai putea exista acea persoan\u0103, dac\u0103 str\u0103bunicul nu mai poate da na\u015ftere la urma\u015fi? Se pare c\u0103 acest paradox a fost rezolvat de c\u0103tre o echip\u0103 interna\u0163ional\u0103 de oameni de \u015ftiin\u0163\u0103 care a dezvoltat un calcul cuantic pentru c\u0103l\u0103toria \u00een timp, f\u0103r\u0103 a rupe leg\u0103tura de cauzalitate. Studiul lor a fost publicat pe 24 noiembrie 2015 \u00een revista <em>&#8222;Quantum&#8221;<\/em>.<\/p>\n<p>Cheia rezolv\u0103rii acestui paradox este folosirea curbelor de timp deschise (OTC &#8211; Open Timelikes Curves) \u00een locul folosirii curbelor de timp \u00eenchise (CTC &#8211; Closed Timelikes Curves). Ambele sunt de bucle de timp, ce pot fi realizate \u00een Teoria general\u0103 a relativit\u0103\u0163ii a lui Albert Einstein, c\u0103l\u0103torind \u00een timp prin g\u0103uri de vierme.<\/p>\n<p>CTC-urile creeaz\u0103 paradoxuri cauzale, similare cu uciderea \u00een trecut a str\u0103bunicului persoanei respective. Acest lucru se \u00eent\u00e2mpl\u0103 pentru c\u0103 un obiect care intr\u0103 \u00eentr-o gaur\u0103 de vierme poate interac\u021biona cu factori de cauzalitate \u00een propriul trecut. Dar, \u00een cazul OTC-urilor, obiectul nu poate interac\u021biona cu aceste elemente. El este complet izolat de tot ceea ce poate afecta propriul trecut cauzal \u00een timpul procesului de c\u0103l\u0103torie \u00een timp. Acest lucru se \u00eent\u00e2mpl\u0103 \u00een mod natural, de exemplu, \u00een cazurile \u00een care gurile g\u0103urilor de vierme sunt separate spa\u021bial.<\/p>\n<p>Privi\u0163i mai jos diagrama. \u00cen cazul a) avem o curb\u0103 de timp \u00eenchis\u0103, \u00een care un obiect ce intr\u0103 \u00een gura unei g\u0103uri de vierme, la un anumit moment (tA), poate s\u0103ri la un moment anterior de timp (tB) \u015fi s\u0103 interac\u0163ioneze cu propriul trecut printr-o unitate U. \u00cen cazul b) avem o curb\u0103 de timp deschis\u0103, \u00een care nu apare nicio interac\u0163iune.<\/p>\n<p><img loading=\"lazy\" decoding=\"async\" class=\"aligncenter size-full wp-image-41849\" src=\"https:\/\/www.lovendal.ro\/wp52\/wp-content\/uploads\/2015\/12\/gauri-de-vierme.jpg\" alt=\"gauri de vierme\" width=\"540\" height=\"450\" srcset=\"https:\/\/www.lovendal.ro\/wp52\/wp-content\/uploads\/2015\/12\/gauri-de-vierme.jpg 540w, https:\/\/www.lovendal.ro\/wp52\/wp-content\/uploads\/2015\/12\/gauri-de-vierme-300x250.jpg 300w\" sizes=\"auto, (max-width: 540px) 100vw, 540px\" \/><\/p>\n<p>Iat\u0103 a\u015fadar cum se poate rezolva vechiul paradox al c\u0103l\u0103toriei \u00een timp!<\/p>\n<p><em><strong>Sursa:<\/strong><\/em> <strong><a href=\"http:\/\/www.theepochtimes.com\/n3\/1917938-quantum-time-travel-paradox-solved-study\/\" target=\"_blank\">The Epoch Times.com<\/a><\/strong><\/p>\n","protected":false},"excerpt":{"rendered":"<p>Dac\u0103 o persoan\u0103 c\u0103l\u0103tore\u0219te \u00eenapoi \u00een timp \u0219i \u00ee\u015fi ucide str\u0103bunicul (c\u00e2nd era copil), ei bine, acest lucru creeaz\u0103 un paradox existen\u021bial. Cum ar mai putea exista acea persoan\u0103, dac\u0103 str\u0103bunicul nu mai poate da na\u015ftere la urma\u015fi? Se pare &#8230; <\/p>\n<p class=\"read-more-container\"><a title=\"Oamenii de \u015ftiin\u0163\u0103 au rezolvat celebrul paradox al cauzalit\u0103\u0163ii \u00een cazul c\u0103l\u0103toriei \u00een timp! Solu\u0163ia este folosirea curbelor de timp deschise!\" class=\"read-more button\" href=\"https:\/\/www.lovendal.ro\/wp52\/oamenii-de-stiinta-au-rezolvat-celebrul-paradox-al-cauzalitatii-in-cazul-calatoriei-in-timp-solutia-este-folosirea-curbelor-de-timp-deschise\/#more-41848\" aria-label=\"Cite\u0219te mai multe despre Oamenii de \u015ftiin\u0163\u0103 au rezolvat celebrul paradox al cauzalit\u0103\u0163ii \u00een cazul c\u0103l\u0103toriei \u00een timp! Solu\u0163ia este folosirea curbelor de timp deschise!\">Cititi mai multe<\/a><\/p>\n","protected":false},"author":1,"featured_media":41850,"comment_status":"open","ping_status":"open","sticky":false,"template":"","format":"standard","meta":{"footnotes":""},"categories":[2833,106],"tags":[6826,610,3510,9803,1104,789,1084],"class_list":["post-41848","post","type-post","status-publish","format-standard","has-post-thumbnail","hentry","category-noutati","category-stiinta","tag-calatorie-in-timp","tag-einstein","tag-gaura-de-vierme","tag-stiinta","tag-teoria-relativitatii","tag-timp","tag-trecut","resize-featured-image"],"yoast_head":"<!-- This site is optimized with the Yoast SEO Premium plugin v23.3 (Yoast SEO v27.4) - https:\/\/yoast.com\/product\/yoast-seo-premium-wordpress\/ -->\n<title>Oamenii de \u015ftiin\u0163\u0103 au rezolvat celebrul paradox al cauzalit\u0103\u0163ii \u00een cazul c\u0103l\u0103toriei \u00een timp! Solu\u0163ia este folosirea curbelor de timp deschise! - Secretele lui Lovendal<\/title>\n<meta name=\"robots\" content=\"index, follow, max-snippet:-1, max-image-preview:large, max-video-preview:-1\" \/>\n<link rel=\"canonical\" href=\"https:\/\/www.lovendal.ro\/wp52\/oamenii-de-stiinta-au-rezolvat-celebrul-paradox-al-cauzalitatii-in-cazul-calatoriei-in-timp-solutia-este-folosirea-curbelor-de-timp-deschise\/\" \/>\n<meta property=\"og:locale\" content=\"ro_RO\" \/>\n<meta property=\"og:type\" content=\"article\" \/>\n<meta property=\"og:title\" content=\"Oamenii de \u015ftiin\u0163\u0103 au rezolvat celebrul paradox al cauzalit\u0103\u0163ii \u00een cazul c\u0103l\u0103toriei \u00een timp! Solu\u0163ia este folosirea curbelor de timp deschise!\" \/>\n<meta property=\"og:description\" content=\"Dac\u0103 o persoan\u0103 c\u0103l\u0103tore\u0219te \u00eenapoi \u00een timp \u0219i \u00ee\u015fi ucide str\u0103bunicul (c\u00e2nd era copil), ei bine, acest lucru creeaz\u0103 un paradox existen\u021bial. Cum ar mai putea exista acea persoan\u0103, dac\u0103 str\u0103bunicul nu mai poate da na\u015ftere la urma\u015fi? Se pare ... Cititi mai multe\" \/>\n<meta property=\"og:url\" content=\"https:\/\/www.lovendal.ro\/wp52\/oamenii-de-stiinta-au-rezolvat-celebrul-paradox-al-cauzalitatii-in-cazul-calatoriei-in-timp-solutia-este-folosirea-curbelor-de-timp-deschise\/\" \/>\n<meta property=\"og:site_name\" content=\"Secretele lui Lovendal\" \/>\n<meta property=\"article:publisher\" content=\"https:\/\/www.facebook.com\/secreteleluilovendal\" \/>\n<meta property=\"article:published_time\" content=\"2015-12-14T20:48:36+00:00\" \/>\n<meta property=\"og:image\" content=\"https:\/\/www.lovendal.ro\/wp52\/wp-content\/uploads\/2015\/12\/calatorie-in-timp-gauri-de-vierme.jpg\" \/>\n\t<meta property=\"og:image:width\" content=\"333\" \/>\n\t<meta property=\"og:image:height\" content=\"294\" \/>\n\t<meta property=\"og:image:type\" content=\"image\/jpeg\" \/>\n<meta name=\"author\" content=\"admin\" \/>\n<meta name=\"twitter:card\" content=\"summary_large_image\" \/>\n<meta name=\"twitter:label1\" content=\"Scris de\" \/>\n\t<meta name=\"twitter:data1\" content=\"admin\" \/>\n\t<meta name=\"twitter:label2\" content=\"Timp estimat pentru citire\" \/>\n\t<meta name=\"twitter:data2\" content=\"2 minute\" \/>\n<script type=\"application\/ld+json\" class=\"yoast-schema-graph\">{\"@context\":\"https:\\\/\\\/schema.org\",\"@graph\":[{\"@type\":\"Article\",\"@id\":\"https:\\\/\\\/www.lovendal.ro\\\/wp52\\\/oamenii-de-stiinta-au-rezolvat-celebrul-paradox-al-cauzalitatii-in-cazul-calatoriei-in-timp-solutia-este-folosirea-curbelor-de-timp-deschise\\\/#article\",\"isPartOf\":{\"@id\":\"https:\\\/\\\/www.lovendal.ro\\\/wp52\\\/oamenii-de-stiinta-au-rezolvat-celebrul-paradox-al-cauzalitatii-in-cazul-calatoriei-in-timp-solutia-este-folosirea-curbelor-de-timp-deschise\\\/\"},\"author\":{\"name\":\"admin\",\"@id\":\"https:\\\/\\\/www.lovendal.ro\\\/wp52\\\/#\\\/schema\\\/person\\\/088691de5dfc346bb0c023e1e52ef5d9\"},\"headline\":\"Oamenii de \u015ftiin\u0163\u0103 au rezolvat celebrul paradox al cauzalit\u0103\u0163ii \u00een cazul c\u0103l\u0103toriei \u00een timp! Solu\u0163ia este folosirea curbelor de timp deschise!\",\"datePublished\":\"2015-12-14T20:48:36+00:00\",\"mainEntityOfPage\":{\"@id\":\"https:\\\/\\\/www.lovendal.ro\\\/wp52\\\/oamenii-de-stiinta-au-rezolvat-celebrul-paradox-al-cauzalitatii-in-cazul-calatoriei-in-timp-solutia-este-folosirea-curbelor-de-timp-deschise\\\/\"},\"wordCount\":363,\"commentCount\":3,\"publisher\":{\"@id\":\"https:\\\/\\\/www.lovendal.ro\\\/wp52\\\/#organization\"},\"image\":{\"@id\":\"https:\\\/\\\/www.lovendal.ro\\\/wp52\\\/oamenii-de-stiinta-au-rezolvat-celebrul-paradox-al-cauzalitatii-in-cazul-calatoriei-in-timp-solutia-este-folosirea-curbelor-de-timp-deschise\\\/#primaryimage\"},\"thumbnailUrl\":\"https:\\\/\\\/www.lovendal.ro\\\/wp52\\\/wp-content\\\/uploads\\\/2015\\\/12\\\/calatorie-in-timp-gauri-de-vierme.jpg\",\"keywords\":[\"c\u0103l\u0103torie \u00een timp\",\"Einstein\",\"gaur\u0103 de vierme\",\"Stiinta\",\"teoria relativit\u0103\u0163ii\",\"timp\",\"trecut\"],\"articleSection\":[\"Noutati\",\"Stiinta\"],\"inLanguage\":\"ro-RO\",\"potentialAction\":[{\"@type\":\"CommentAction\",\"name\":\"Comment\",\"target\":[\"https:\\\/\\\/www.lovendal.ro\\\/wp52\\\/oamenii-de-stiinta-au-rezolvat-celebrul-paradox-al-cauzalitatii-in-cazul-calatoriei-in-timp-solutia-este-folosirea-curbelor-de-timp-deschise\\\/#respond\"]}]},{\"@type\":\"WebPage\",\"@id\":\"https:\\\/\\\/www.lovendal.ro\\\/wp52\\\/oamenii-de-stiinta-au-rezolvat-celebrul-paradox-al-cauzalitatii-in-cazul-calatoriei-in-timp-solutia-este-folosirea-curbelor-de-timp-deschise\\\/\",\"url\":\"https:\\\/\\\/www.lovendal.ro\\\/wp52\\\/oamenii-de-stiinta-au-rezolvat-celebrul-paradox-al-cauzalitatii-in-cazul-calatoriei-in-timp-solutia-este-folosirea-curbelor-de-timp-deschise\\\/\",\"name\":\"Oamenii de \u015ftiin\u0163\u0103 au rezolvat celebrul paradox al cauzalit\u0103\u0163ii \u00een cazul c\u0103l\u0103toriei \u00een timp! Solu\u0163ia este folosirea curbelor de timp deschise! - Secretele lui Lovendal\",\"isPartOf\":{\"@id\":\"https:\\\/\\\/www.lovendal.ro\\\/wp52\\\/#website\"},\"primaryImageOfPage\":{\"@id\":\"https:\\\/\\\/www.lovendal.ro\\\/wp52\\\/oamenii-de-stiinta-au-rezolvat-celebrul-paradox-al-cauzalitatii-in-cazul-calatoriei-in-timp-solutia-este-folosirea-curbelor-de-timp-deschise\\\/#primaryimage\"},\"image\":{\"@id\":\"https:\\\/\\\/www.lovendal.ro\\\/wp52\\\/oamenii-de-stiinta-au-rezolvat-celebrul-paradox-al-cauzalitatii-in-cazul-calatoriei-in-timp-solutia-este-folosirea-curbelor-de-timp-deschise\\\/#primaryimage\"},\"thumbnailUrl\":\"https:\\\/\\\/www.lovendal.ro\\\/wp52\\\/wp-content\\\/uploads\\\/2015\\\/12\\\/calatorie-in-timp-gauri-de-vierme.jpg\",\"datePublished\":\"2015-12-14T20:48:36+00:00\",\"breadcrumb\":{\"@id\":\"https:\\\/\\\/www.lovendal.ro\\\/wp52\\\/oamenii-de-stiinta-au-rezolvat-celebrul-paradox-al-cauzalitatii-in-cazul-calatoriei-in-timp-solutia-este-folosirea-curbelor-de-timp-deschise\\\/#breadcrumb\"},\"inLanguage\":\"ro-RO\",\"potentialAction\":[{\"@type\":\"ReadAction\",\"target\":[\"https:\\\/\\\/www.lovendal.ro\\\/wp52\\\/oamenii-de-stiinta-au-rezolvat-celebrul-paradox-al-cauzalitatii-in-cazul-calatoriei-in-timp-solutia-este-folosirea-curbelor-de-timp-deschise\\\/\"]}]},{\"@type\":\"ImageObject\",\"inLanguage\":\"ro-RO\",\"@id\":\"https:\\\/\\\/www.lovendal.ro\\\/wp52\\\/oamenii-de-stiinta-au-rezolvat-celebrul-paradox-al-cauzalitatii-in-cazul-calatoriei-in-timp-solutia-este-folosirea-curbelor-de-timp-deschise\\\/#primaryimage\",\"url\":\"https:\\\/\\\/www.lovendal.ro\\\/wp52\\\/wp-content\\\/uploads\\\/2015\\\/12\\\/calatorie-in-timp-gauri-de-vierme.jpg\",\"contentUrl\":\"https:\\\/\\\/www.lovendal.ro\\\/wp52\\\/wp-content\\\/uploads\\\/2015\\\/12\\\/calatorie-in-timp-gauri-de-vierme.jpg\",\"width\":333,\"height\":294},{\"@type\":\"BreadcrumbList\",\"@id\":\"https:\\\/\\\/www.lovendal.ro\\\/wp52\\\/oamenii-de-stiinta-au-rezolvat-celebrul-paradox-al-cauzalitatii-in-cazul-calatoriei-in-timp-solutia-este-folosirea-curbelor-de-timp-deschise\\\/#breadcrumb\",\"itemListElement\":[{\"@type\":\"ListItem\",\"position\":1,\"name\":\"Home\",\"item\":\"https:\\\/\\\/www.lovendal.ro\\\/wp52\\\/\"},{\"@type\":\"ListItem\",\"position\":2,\"name\":\"Oamenii de \u015ftiin\u0163\u0103 au rezolvat celebrul paradox al cauzalit\u0103\u0163ii \u00een cazul c\u0103l\u0103toriei \u00een timp! Solu\u0163ia este folosirea curbelor de timp deschise!\"}]},{\"@type\":\"WebSite\",\"@id\":\"https:\\\/\\\/www.lovendal.ro\\\/wp52\\\/#website\",\"url\":\"https:\\\/\\\/www.lovendal.ro\\\/wp52\\\/\",\"name\":\"Secretele lui Lovendal\",\"description\":\"Site de secrete, stiinta si metafizica - din 2008 -\",\"publisher\":{\"@id\":\"https:\\\/\\\/www.lovendal.ro\\\/wp52\\\/#organization\"},\"potentialAction\":[{\"@type\":\"SearchAction\",\"target\":{\"@type\":\"EntryPoint\",\"urlTemplate\":\"https:\\\/\\\/www.lovendal.ro\\\/wp52\\\/?s={search_term_string}\"},\"query-input\":{\"@type\":\"PropertyValueSpecification\",\"valueRequired\":true,\"valueName\":\"search_term_string\"}}],\"inLanguage\":\"ro-RO\"},{\"@type\":\"Organization\",\"@id\":\"https:\\\/\\\/www.lovendal.ro\\\/wp52\\\/#organization\",\"name\":\"Secretele lui Lovendal\",\"url\":\"https:\\\/\\\/www.lovendal.ro\\\/wp52\\\/\",\"logo\":{\"@type\":\"ImageObject\",\"inLanguage\":\"ro-RO\",\"@id\":\"https:\\\/\\\/www.lovendal.ro\\\/wp52\\\/#\\\/schema\\\/logo\\\/image\\\/\",\"url\":\"https:\\\/\\\/www.lovendal.ro\\\/wp52\\\/wp-content\\\/uploads\\\/2024\\\/06\\\/cropped-SLL-iun-2024-1.jpg\",\"contentUrl\":\"https:\\\/\\\/www.lovendal.ro\\\/wp52\\\/wp-content\\\/uploads\\\/2024\\\/06\\\/cropped-SLL-iun-2024-1.jpg\",\"width\":771,\"height\":240,\"caption\":\"Secretele lui Lovendal\"},\"image\":{\"@id\":\"https:\\\/\\\/www.lovendal.ro\\\/wp52\\\/#\\\/schema\\\/logo\\\/image\\\/\"},\"sameAs\":[\"https:\\\/\\\/www.facebook.com\\\/secreteleluilovendal\"]},{\"@type\":\"Person\",\"@id\":\"https:\\\/\\\/www.lovendal.ro\\\/wp52\\\/#\\\/schema\\\/person\\\/088691de5dfc346bb0c023e1e52ef5d9\",\"name\":\"admin\",\"image\":{\"@type\":\"ImageObject\",\"inLanguage\":\"ro-RO\",\"@id\":\"https:\\\/\\\/secure.gravatar.com\\\/avatar\\\/ecb9cd41f5f63c9c9b989999a59f6e2639a865ec361e9db054db0679a8f341c2?s=96&d=mm&r=g\",\"url\":\"https:\\\/\\\/secure.gravatar.com\\\/avatar\\\/ecb9cd41f5f63c9c9b989999a59f6e2639a865ec361e9db054db0679a8f341c2?s=96&d=mm&r=g\",\"contentUrl\":\"https:\\\/\\\/secure.gravatar.com\\\/avatar\\\/ecb9cd41f5f63c9c9b989999a59f6e2639a865ec361e9db054db0679a8f341c2?s=96&d=mm&r=g\",\"caption\":\"admin\"},\"sameAs\":[\"https:\\\/\\\/www.lovendal.ro\\\/wp52\"]}]}<\/script>\n<!-- \/ Yoast SEO Premium plugin. -->","yoast_head_json":{"title":"Oamenii de \u015ftiin\u0163\u0103 au rezolvat celebrul paradox al cauzalit\u0103\u0163ii \u00een cazul c\u0103l\u0103toriei \u00een timp! Solu\u0163ia este folosirea curbelor de timp deschise! - Secretele lui Lovendal","robots":{"index":"index","follow":"follow","max-snippet":"max-snippet:-1","max-image-preview":"max-image-preview:large","max-video-preview":"max-video-preview:-1"},"canonical":"https:\/\/www.lovendal.ro\/wp52\/oamenii-de-stiinta-au-rezolvat-celebrul-paradox-al-cauzalitatii-in-cazul-calatoriei-in-timp-solutia-este-folosirea-curbelor-de-timp-deschise\/","og_locale":"ro_RO","og_type":"article","og_title":"Oamenii de \u015ftiin\u0163\u0103 au rezolvat celebrul paradox al cauzalit\u0103\u0163ii \u00een cazul c\u0103l\u0103toriei \u00een timp! Solu\u0163ia este folosirea curbelor de timp deschise!","og_description":"Dac\u0103 o persoan\u0103 c\u0103l\u0103tore\u0219te \u00eenapoi \u00een timp \u0219i \u00ee\u015fi ucide str\u0103bunicul (c\u00e2nd era copil), ei bine, acest lucru creeaz\u0103 un paradox existen\u021bial. Cum ar mai putea exista acea persoan\u0103, dac\u0103 str\u0103bunicul nu mai poate da na\u015ftere la urma\u015fi? Se pare ... Cititi mai multe","og_url":"https:\/\/www.lovendal.ro\/wp52\/oamenii-de-stiinta-au-rezolvat-celebrul-paradox-al-cauzalitatii-in-cazul-calatoriei-in-timp-solutia-este-folosirea-curbelor-de-timp-deschise\/","og_site_name":"Secretele lui Lovendal","article_publisher":"https:\/\/www.facebook.com\/secreteleluilovendal","article_published_time":"2015-12-14T20:48:36+00:00","og_image":[{"width":333,"height":294,"url":"https:\/\/www.lovendal.ro\/wp52\/wp-content\/uploads\/2015\/12\/calatorie-in-timp-gauri-de-vierme.jpg","type":"image\/jpeg"}],"author":"admin","twitter_card":"summary_large_image","twitter_misc":{"Scris de":"admin","Timp estimat pentru citire":"2 minute"},"schema":{"@context":"https:\/\/schema.org","@graph":[{"@type":"Article","@id":"https:\/\/www.lovendal.ro\/wp52\/oamenii-de-stiinta-au-rezolvat-celebrul-paradox-al-cauzalitatii-in-cazul-calatoriei-in-timp-solutia-este-folosirea-curbelor-de-timp-deschise\/#article","isPartOf":{"@id":"https:\/\/www.lovendal.ro\/wp52\/oamenii-de-stiinta-au-rezolvat-celebrul-paradox-al-cauzalitatii-in-cazul-calatoriei-in-timp-solutia-este-folosirea-curbelor-de-timp-deschise\/"},"author":{"name":"admin","@id":"https:\/\/www.lovendal.ro\/wp52\/#\/schema\/person\/088691de5dfc346bb0c023e1e52ef5d9"},"headline":"Oamenii de \u015ftiin\u0163\u0103 au rezolvat celebrul paradox al cauzalit\u0103\u0163ii \u00een cazul c\u0103l\u0103toriei \u00een timp! Solu\u0163ia este folosirea curbelor de timp deschise!","datePublished":"2015-12-14T20:48:36+00:00","mainEntityOfPage":{"@id":"https:\/\/www.lovendal.ro\/wp52\/oamenii-de-stiinta-au-rezolvat-celebrul-paradox-al-cauzalitatii-in-cazul-calatoriei-in-timp-solutia-este-folosirea-curbelor-de-timp-deschise\/"},"wordCount":363,"commentCount":3,"publisher":{"@id":"https:\/\/www.lovendal.ro\/wp52\/#organization"},"image":{"@id":"https:\/\/www.lovendal.ro\/wp52\/oamenii-de-stiinta-au-rezolvat-celebrul-paradox-al-cauzalitatii-in-cazul-calatoriei-in-timp-solutia-este-folosirea-curbelor-de-timp-deschise\/#primaryimage"},"thumbnailUrl":"https:\/\/www.lovendal.ro\/wp52\/wp-content\/uploads\/2015\/12\/calatorie-in-timp-gauri-de-vierme.jpg","keywords":["c\u0103l\u0103torie \u00een timp","Einstein","gaur\u0103 de vierme","Stiinta","teoria relativit\u0103\u0163ii","timp","trecut"],"articleSection":["Noutati","Stiinta"],"inLanguage":"ro-RO","potentialAction":[{"@type":"CommentAction","name":"Comment","target":["https:\/\/www.lovendal.ro\/wp52\/oamenii-de-stiinta-au-rezolvat-celebrul-paradox-al-cauzalitatii-in-cazul-calatoriei-in-timp-solutia-este-folosirea-curbelor-de-timp-deschise\/#respond"]}]},{"@type":"WebPage","@id":"https:\/\/www.lovendal.ro\/wp52\/oamenii-de-stiinta-au-rezolvat-celebrul-paradox-al-cauzalitatii-in-cazul-calatoriei-in-timp-solutia-este-folosirea-curbelor-de-timp-deschise\/","url":"https:\/\/www.lovendal.ro\/wp52\/oamenii-de-stiinta-au-rezolvat-celebrul-paradox-al-cauzalitatii-in-cazul-calatoriei-in-timp-solutia-este-folosirea-curbelor-de-timp-deschise\/","name":"Oamenii de \u015ftiin\u0163\u0103 au rezolvat celebrul paradox al cauzalit\u0103\u0163ii \u00een cazul c\u0103l\u0103toriei \u00een timp! Solu\u0163ia este folosirea curbelor de timp deschise! - Secretele lui Lovendal","isPartOf":{"@id":"https:\/\/www.lovendal.ro\/wp52\/#website"},"primaryImageOfPage":{"@id":"https:\/\/www.lovendal.ro\/wp52\/oamenii-de-stiinta-au-rezolvat-celebrul-paradox-al-cauzalitatii-in-cazul-calatoriei-in-timp-solutia-este-folosirea-curbelor-de-timp-deschise\/#primaryimage"},"image":{"@id":"https:\/\/www.lovendal.ro\/wp52\/oamenii-de-stiinta-au-rezolvat-celebrul-paradox-al-cauzalitatii-in-cazul-calatoriei-in-timp-solutia-este-folosirea-curbelor-de-timp-deschise\/#primaryimage"},"thumbnailUrl":"https:\/\/www.lovendal.ro\/wp52\/wp-content\/uploads\/2015\/12\/calatorie-in-timp-gauri-de-vierme.jpg","datePublished":"2015-12-14T20:48:36+00:00","breadcrumb":{"@id":"https:\/\/www.lovendal.ro\/wp52\/oamenii-de-stiinta-au-rezolvat-celebrul-paradox-al-cauzalitatii-in-cazul-calatoriei-in-timp-solutia-este-folosirea-curbelor-de-timp-deschise\/#breadcrumb"},"inLanguage":"ro-RO","potentialAction":[{"@type":"ReadAction","target":["https:\/\/www.lovendal.ro\/wp52\/oamenii-de-stiinta-au-rezolvat-celebrul-paradox-al-cauzalitatii-in-cazul-calatoriei-in-timp-solutia-este-folosirea-curbelor-de-timp-deschise\/"]}]},{"@type":"ImageObject","inLanguage":"ro-RO","@id":"https:\/\/www.lovendal.ro\/wp52\/oamenii-de-stiinta-au-rezolvat-celebrul-paradox-al-cauzalitatii-in-cazul-calatoriei-in-timp-solutia-este-folosirea-curbelor-de-timp-deschise\/#primaryimage","url":"https:\/\/www.lovendal.ro\/wp52\/wp-content\/uploads\/2015\/12\/calatorie-in-timp-gauri-de-vierme.jpg","contentUrl":"https:\/\/www.lovendal.ro\/wp52\/wp-content\/uploads\/2015\/12\/calatorie-in-timp-gauri-de-vierme.jpg","width":333,"height":294},{"@type":"BreadcrumbList","@id":"https:\/\/www.lovendal.ro\/wp52\/oamenii-de-stiinta-au-rezolvat-celebrul-paradox-al-cauzalitatii-in-cazul-calatoriei-in-timp-solutia-este-folosirea-curbelor-de-timp-deschise\/#breadcrumb","itemListElement":[{"@type":"ListItem","position":1,"name":"Home","item":"https:\/\/www.lovendal.ro\/wp52\/"},{"@type":"ListItem","position":2,"name":"Oamenii de \u015ftiin\u0163\u0103 au rezolvat celebrul paradox al cauzalit\u0103\u0163ii \u00een cazul c\u0103l\u0103toriei \u00een timp! Solu\u0163ia este folosirea curbelor de timp deschise!"}]},{"@type":"WebSite","@id":"https:\/\/www.lovendal.ro\/wp52\/#website","url":"https:\/\/www.lovendal.ro\/wp52\/","name":"Secretele lui Lovendal","description":"Site de secrete, stiinta si metafizica - din 2008 -","publisher":{"@id":"https:\/\/www.lovendal.ro\/wp52\/#organization"},"potentialAction":[{"@type":"SearchAction","target":{"@type":"EntryPoint","urlTemplate":"https:\/\/www.lovendal.ro\/wp52\/?s={search_term_string}"},"query-input":{"@type":"PropertyValueSpecification","valueRequired":true,"valueName":"search_term_string"}}],"inLanguage":"ro-RO"},{"@type":"Organization","@id":"https:\/\/www.lovendal.ro\/wp52\/#organization","name":"Secretele lui Lovendal","url":"https:\/\/www.lovendal.ro\/wp52\/","logo":{"@type":"ImageObject","inLanguage":"ro-RO","@id":"https:\/\/www.lovendal.ro\/wp52\/#\/schema\/logo\/image\/","url":"https:\/\/www.lovendal.ro\/wp52\/wp-content\/uploads\/2024\/06\/cropped-SLL-iun-2024-1.jpg","contentUrl":"https:\/\/www.lovendal.ro\/wp52\/wp-content\/uploads\/2024\/06\/cropped-SLL-iun-2024-1.jpg","width":771,"height":240,"caption":"Secretele lui Lovendal"},"image":{"@id":"https:\/\/www.lovendal.ro\/wp52\/#\/schema\/logo\/image\/"},"sameAs":["https:\/\/www.facebook.com\/secreteleluilovendal"]},{"@type":"Person","@id":"https:\/\/www.lovendal.ro\/wp52\/#\/schema\/person\/088691de5dfc346bb0c023e1e52ef5d9","name":"admin","image":{"@type":"ImageObject","inLanguage":"ro-RO","@id":"https:\/\/secure.gravatar.com\/avatar\/ecb9cd41f5f63c9c9b989999a59f6e2639a865ec361e9db054db0679a8f341c2?s=96&d=mm&r=g","url":"https:\/\/secure.gravatar.com\/avatar\/ecb9cd41f5f63c9c9b989999a59f6e2639a865ec361e9db054db0679a8f341c2?s=96&d=mm&r=g","contentUrl":"https:\/\/secure.gravatar.com\/avatar\/ecb9cd41f5f63c9c9b989999a59f6e2639a865ec361e9db054db0679a8f341c2?s=96&d=mm&r=g","caption":"admin"},"sameAs":["https:\/\/www.lovendal.ro\/wp52"]}]}},"_links":{"self":[{"href":"https:\/\/www.lovendal.ro\/wp52\/wp-json\/wp\/v2\/posts\/41848","targetHints":{"allow":["GET"]}}],"collection":[{"href":"https:\/\/www.lovendal.ro\/wp52\/wp-json\/wp\/v2\/posts"}],"about":[{"href":"https:\/\/www.lovendal.ro\/wp52\/wp-json\/wp\/v2\/types\/post"}],"author":[{"embeddable":true,"href":"https:\/\/www.lovendal.ro\/wp52\/wp-json\/wp\/v2\/users\/1"}],"replies":[{"embeddable":true,"href":"https:\/\/www.lovendal.ro\/wp52\/wp-json\/wp\/v2\/comments?post=41848"}],"version-history":[{"count":0,"href":"https:\/\/www.lovendal.ro\/wp52\/wp-json\/wp\/v2\/posts\/41848\/revisions"}],"wp:featuredmedia":[{"embeddable":true,"href":"https:\/\/www.lovendal.ro\/wp52\/wp-json\/wp\/v2\/media\/41850"}],"wp:attachment":[{"href":"https:\/\/www.lovendal.ro\/wp52\/wp-json\/wp\/v2\/media?parent=41848"}],"wp:term":[{"taxonomy":"category","embeddable":true,"href":"https:\/\/www.lovendal.ro\/wp52\/wp-json\/wp\/v2\/categories?post=41848"},{"taxonomy":"post_tag","embeddable":true,"href":"https:\/\/www.lovendal.ro\/wp52\/wp-json\/wp\/v2\/tags?post=41848"}],"curies":[{"name":"wp","href":"https:\/\/api.w.org\/{rel}","templated":true}]}}