{"id":41700,"date":"2015-12-04T20:17:05","date_gmt":"2015-12-04T18:17:05","guid":{"rendered":"http:\/\/www.lovendal.ro\/wp52\/?p=41700"},"modified":"2015-12-04T20:17:05","modified_gmt":"2015-12-04T18:17:05","slug":"un-caz-incredibil-de-rapire-extraterestra-cum-un-taran-din-polonia-a-luat-in-caruta-sa-doi-extraterestri-cu-fata-verzuie-dupa-care-a-fost-examinat-in-ozn-ul-extraterestrilor","status":"publish","type":"post","link":"https:\/\/www.lovendal.ro\/wp52\/un-caz-incredibil-de-rapire-extraterestra-cum-un-taran-din-polonia-a-luat-in-caruta-sa-doi-extraterestri-cu-fata-verzuie-dupa-care-a-fost-examinat-in-ozn-ul-extraterestrilor\/","title":{"rendered":"Un caz incredibil de r\u0103pire extraterestr\u0103: cum un \u0163\u0103ran din Polonia a luat \u00een c\u0103ru\u0163a sa doi extratere\u015ftri cu fa\u0163\u0103 verzuie, dup\u0103 care a fost examinat \u00een OZN-ul extratere\u015ftrilor!"},"content":{"rendered":"<p><img loading=\"lazy\" decoding=\"async\" class=\"alignleft size-full wp-image-41701\" src=\"https:\/\/www.lovendal.ro\/wp52\/wp-content\/uploads\/2015\/12\/OZN-Polonia.jpg\" alt=\"OZN Polonia\" width=\"334\" height=\"214\" srcset=\"https:\/\/www.lovendal.ro\/wp52\/wp-content\/uploads\/2015\/12\/OZN-Polonia.jpg 334w, https:\/\/www.lovendal.ro\/wp52\/wp-content\/uploads\/2015\/12\/OZN-Polonia-300x192.jpg 300w\" sizes=\"auto, (max-width: 334px) 100vw, 334px\" \/>\u00cen diminea\u021ba zilei de 10 mai 1978, un fermier polonez \u00een v\u00e2rst\u0103 de 71 ani, pe nume Jan Wolski de Emilcin, a avut parte de o \u00eent\u00e2lnire extraterestr\u0103 de gradul III. Desigur, cei care nu cred \u00een a\u015fa ceva, spun c\u0103 presupusa r\u0103pire extraterestr\u0103 este una nerealist\u0103, f\u0103r\u0103 credibilitate, dar&#8230; s\u0103 ne g\u00e2ndim \u00een ce context a avut loc ea. Nu ast\u0103zi, c\u00e2nd po\u0163i foarte u\u015for s\u0103 devii vedet\u0103 peste noapte, pe Facebook, Internet sau la TV, ci \u00een anii 70-80, c\u00e2nd expunerea media era aproape absent\u0103, \u00een timpul regimului comunist din Polonia. De aceea, aceste m\u0103rturisiri ar trebui s\u0103 fie luate serios \u00een seam\u0103.<\/p>\n<p>Dar, haide\u0163i s\u0103 vedem ce-a p\u0103\u0163it Jan Wolski \u00een acea diminea\u0163\u0103 de mai. B\u0103rbatul s-a suit \u00een c\u0103ru\u0163a sa \u015fi a plecat la ora 5 diminea\u0163a. Dup\u0103 vreo 2 ore petrecute pe drumul de \u0163ar\u0103, el a observat ceea ce p\u0103reau a fi doi v\u00e2n\u0103tori, care se \u00eendreptau \u00een aceea\u015fi direc\u0163ie. B\u0103rbatul i-a ajuns cu c\u0103ru\u0163a din urm\u0103, dar, c\u00e2nd i-a v\u0103zut a fost uluit de tenta verzuie de pe fe\u0163ele lor. Felul \u00een care str\u0103inii mergeau era exact cum p\u0103\u015feau scafandrii pe fundul m\u0103rii; ei p\u0103reau mai degrab\u0103 s\u0103 mearg\u0103 \u00een salturi.<\/p>\n<p>Dr. Zbigniew Blania Bolnar, un sociolog foarte respectat, a investigat cazul Wolski \u0219i a scris un raport, inclusiv concluziile personale. \u00cen propriile sale cuvinte, fermierul i-a descris pe str\u0103ini ca purt\u00e2nd ceva asem\u0103n\u0103tor unui costum de scafandru. <em>&#8222;Oamenii spun c\u0103 astfel de tinute sunt purtate de scafandri, dar niciodat\u0103 nu am v\u0103zut un scafandru, deci nu pot sus\u0163ine lucrul acesta&#8221;.<\/em> Aceasta este, de asemenea, o declara\u021bie care d\u0103 puternic\u0103 credibilitate acestui caz.<\/p>\n<p>Jan Wolski a fost un om religios, un romano-catolic din na\u015ftere, asa ca el nu credea \u00een existen\u0163a vie\u0163ii extraterestre. Primul s\u0103u g\u00e2nd a fost acela c\u0103 fiin\u0163ele ciudate ar fi, probabil, de origine asiatic\u0103. Cei doi au mers \u00eempreun\u0103 cu c\u0103ru\u0163a \u0163\u0103ranului polonez o bun\u0103 bucat\u0103 de vreme, iar apoi s-a a\u015fezat pe ea, de-o parte \u015fi cealalt\u0103 a c\u0103ru\u0163ei, pentru a ajunge la destina\u0163ie. Wolski n-a sim\u0163it nicio clip\u0103 c\u0103 s-ar afla \u00een pericol, dar c\u0103 nu putea \u00een\u0163elege ceea ce ei \u00ee\u015fi vorbeau: <em>&#8222;Nu mi s-au adresat mie. Ei au vorbit \u00eentre ei, dar eu n-am putut s\u0103 \u00een\u0163eleg nimic.&#8221; <\/em>Wolski a mai povestit c\u0103 acele fiin\u0163e m\u00e2ncau ceva care se asem\u0103na cu p\u00e2inea, dar a refuzat c\u00e2nd i s-a oferit \u015fi lui.<\/p>\n<p>Apoi, to\u0163i trei au ajuns \u00een dreptul a ceea ce p\u0103rea a fi o nav\u0103 extraterestr\u0103. \u0162\u0103ranul, neav\u00e2nd niciun fel de informa\u0163ii despre OZN-uri p\u00e2n\u0103 la acea dat\u0103, a descris nava ca un fel de autobuz dreptunghiular gigantic care pur \u0219i simplu plutea \u00een aer. B\u0103tr\u00e2nul a fost dus \u00een acel OZN \u015fi pus \u00eentr-o camer\u0103 \u00eentunecat\u0103. Acolo el a fost dezbr\u0103cat \u015fi supus la c\u00e2teva experimente, explicate de \u0163\u0103ran \u00eentr-un limbaj simplu, de baz\u0103. Wolski a mai v\u0103zut pe podeaua \u00eenc\u0103perii \u015fi ni\u015fte ciori paralizate, probabil c\u0103 supuse \u015fi ele acelora\u015fi experimente.<\/p>\n<p>To\u0163i cei din sat, care l-au cunoscut pe b\u0103tr\u00e2n, au sus\u0163inut c\u0103 acesta a fost \u00eentotdeauna un om la locul lui \u015fi serios \u015fi c\u0103 nu l-ar crede invent\u00e2nd a\u015fa ceva. \u00cen definitiv, de ce-ar face-o? Mai ales c\u0103 acel \u0163\u0103ran niciodat\u0103, dar niciodat\u0103 nu a fost atras de subiecte de genul acesta&#8230; De aceea, aceast\u0103 &#8222;r\u0103pire extrasterestr\u0103&#8221; r\u0103m\u00e2ne una dintre relat\u0103rile cele mai credibile din istoria ufologiei.<\/p>\n","protected":false},"excerpt":{"rendered":"<p>\u00cen diminea\u021ba zilei de 10 mai 1978, un fermier polonez \u00een v\u00e2rst\u0103 de 71 ani, pe nume Jan Wolski de Emilcin, a avut parte de o \u00eent\u00e2lnire extraterestr\u0103 de gradul III. Desigur, cei care nu cred \u00een a\u015fa ceva, spun &#8230; <\/p>\n<p class=\"read-more-container\"><a title=\"Un caz incredibil de r\u0103pire extraterestr\u0103: cum un \u0163\u0103ran din Polonia a luat \u00een c\u0103ru\u0163a sa doi extratere\u015ftri cu fa\u0163\u0103 verzuie, dup\u0103 care a fost examinat \u00een OZN-ul extratere\u015ftrilor!\" class=\"read-more button\" href=\"https:\/\/www.lovendal.ro\/wp52\/un-caz-incredibil-de-rapire-extraterestra-cum-un-taran-din-polonia-a-luat-in-caruta-sa-doi-extraterestri-cu-fata-verzuie-dupa-care-a-fost-examinat-in-ozn-ul-extraterestrilor\/#more-41700\" aria-label=\"Cite\u0219te mai multe despre Un caz incredibil de r\u0103pire extraterestr\u0103: cum un \u0163\u0103ran din Polonia a luat \u00een c\u0103ru\u0163a sa doi extratere\u015ftri cu fa\u0163\u0103 verzuie, dup\u0103 care a fost examinat \u00een OZN-ul extratere\u015ftrilor!\">Cititi mai multe<\/a><\/p>\n","protected":false},"author":1,"featured_media":41701,"comment_status":"open","ping_status":"open","sticky":false,"template":"","format":"standard","meta":{"footnotes":""},"categories":[2833,14],"tags":[10010,10011,81,51,4052,597,50,9796,583,8292,1696,2925,233],"class_list":["post-41700","post","type-post","status-publish","format-standard","has-post-thumbnail","hentry","category-noutati","category-paranormal-spiritualitate","tag-caruta","tag-ciori","tag-comunism","tag-extraterestri","tag-facebook","tag-internet","tag-ozn","tag-paranormal-spiritualitate","tag-polonia","tag-rapire-extraterestra","tag-scafandru","tag-taran","tag-tv","resize-featured-image"],"yoast_head":"<!-- This site is optimized with the Yoast SEO Premium plugin v23.3 (Yoast SEO v27.4) - https:\/\/yoast.com\/product\/yoast-seo-premium-wordpress\/ -->\n<title>Un caz incredibil de r\u0103pire extraterestr\u0103: cum un \u0163\u0103ran din Polonia a luat \u00een c\u0103ru\u0163a sa doi extratere\u015ftri cu fa\u0163\u0103 verzuie, dup\u0103 care a fost examinat \u00een OZN-ul extratere\u015ftrilor! - Secretele lui Lovendal<\/title>\n<meta name=\"robots\" content=\"index, follow, max-snippet:-1, max-image-preview:large, max-video-preview:-1\" \/>\n<link rel=\"canonical\" href=\"https:\/\/www.lovendal.ro\/wp52\/un-caz-incredibil-de-rapire-extraterestra-cum-un-taran-din-polonia-a-luat-in-caruta-sa-doi-extraterestri-cu-fata-verzuie-dupa-care-a-fost-examinat-in-ozn-ul-extraterestrilor\/\" \/>\n<meta property=\"og:locale\" content=\"ro_RO\" \/>\n<meta property=\"og:type\" content=\"article\" \/>\n<meta property=\"og:title\" content=\"Un caz incredibil de r\u0103pire extraterestr\u0103: cum un \u0163\u0103ran din Polonia a luat \u00een c\u0103ru\u0163a sa doi extratere\u015ftri cu fa\u0163\u0103 verzuie, dup\u0103 care a fost examinat \u00een OZN-ul extratere\u015ftrilor!\" \/>\n<meta property=\"og:description\" content=\"\u00cen diminea\u021ba zilei de 10 mai 1978, un fermier polonez \u00een v\u00e2rst\u0103 de 71 ani, pe nume Jan Wolski de Emilcin, a avut parte de o \u00eent\u00e2lnire extraterestr\u0103 de gradul III. Desigur, cei care nu cred \u00een a\u015fa ceva, spun ... Cititi mai multe\" \/>\n<meta property=\"og:url\" content=\"https:\/\/www.lovendal.ro\/wp52\/un-caz-incredibil-de-rapire-extraterestra-cum-un-taran-din-polonia-a-luat-in-caruta-sa-doi-extraterestri-cu-fata-verzuie-dupa-care-a-fost-examinat-in-ozn-ul-extraterestrilor\/\" \/>\n<meta property=\"og:site_name\" content=\"Secretele lui Lovendal\" \/>\n<meta property=\"article:publisher\" content=\"https:\/\/www.facebook.com\/secreteleluilovendal\" \/>\n<meta property=\"article:published_time\" content=\"2015-12-04T18:17:05+00:00\" \/>\n<meta property=\"og:image\" content=\"https:\/\/www.lovendal.ro\/wp52\/wp-content\/uploads\/2015\/12\/OZN-Polonia.jpg\" \/>\n\t<meta property=\"og:image:width\" content=\"334\" \/>\n\t<meta property=\"og:image:height\" content=\"214\" \/>\n\t<meta property=\"og:image:type\" content=\"image\/jpeg\" \/>\n<meta name=\"author\" content=\"admin\" \/>\n<meta name=\"twitter:card\" content=\"summary_large_image\" \/>\n<meta name=\"twitter:label1\" content=\"Scris de\" \/>\n\t<meta name=\"twitter:data1\" content=\"admin\" \/>\n\t<meta name=\"twitter:label2\" content=\"Timp estimat pentru citire\" \/>\n\t<meta name=\"twitter:data2\" content=\"3 minute\" \/>\n<script type=\"application\/ld+json\" class=\"yoast-schema-graph\">{\"@context\":\"https:\\\/\\\/schema.org\",\"@graph\":[{\"@type\":\"Article\",\"@id\":\"https:\\\/\\\/www.lovendal.ro\\\/wp52\\\/un-caz-incredibil-de-rapire-extraterestra-cum-un-taran-din-polonia-a-luat-in-caruta-sa-doi-extraterestri-cu-fata-verzuie-dupa-care-a-fost-examinat-in-ozn-ul-extraterestrilor\\\/#article\",\"isPartOf\":{\"@id\":\"https:\\\/\\\/www.lovendal.ro\\\/wp52\\\/un-caz-incredibil-de-rapire-extraterestra-cum-un-taran-din-polonia-a-luat-in-caruta-sa-doi-extraterestri-cu-fata-verzuie-dupa-care-a-fost-examinat-in-ozn-ul-extraterestrilor\\\/\"},\"author\":{\"name\":\"admin\",\"@id\":\"https:\\\/\\\/www.lovendal.ro\\\/wp52\\\/#\\\/schema\\\/person\\\/088691de5dfc346bb0c023e1e52ef5d9\"},\"headline\":\"Un caz incredibil de r\u0103pire extraterestr\u0103: cum un \u0163\u0103ran din Polonia a luat \u00een c\u0103ru\u0163a sa doi extratere\u015ftri cu fa\u0163\u0103 verzuie, dup\u0103 care a fost examinat \u00een OZN-ul extratere\u015ftrilor!\",\"datePublished\":\"2015-12-04T18:17:05+00:00\",\"mainEntityOfPage\":{\"@id\":\"https:\\\/\\\/www.lovendal.ro\\\/wp52\\\/un-caz-incredibil-de-rapire-extraterestra-cum-un-taran-din-polonia-a-luat-in-caruta-sa-doi-extraterestri-cu-fata-verzuie-dupa-care-a-fost-examinat-in-ozn-ul-extraterestrilor\\\/\"},\"wordCount\":670,\"commentCount\":2,\"publisher\":{\"@id\":\"https:\\\/\\\/www.lovendal.ro\\\/wp52\\\/#organization\"},\"image\":{\"@id\":\"https:\\\/\\\/www.lovendal.ro\\\/wp52\\\/un-caz-incredibil-de-rapire-extraterestra-cum-un-taran-din-polonia-a-luat-in-caruta-sa-doi-extraterestri-cu-fata-verzuie-dupa-care-a-fost-examinat-in-ozn-ul-extraterestrilor\\\/#primaryimage\"},\"thumbnailUrl\":\"https:\\\/\\\/www.lovendal.ro\\\/wp52\\\/wp-content\\\/uploads\\\/2015\\\/12\\\/OZN-Polonia.jpg\",\"keywords\":[\"c\u0103ru\u0163\u0103\",\"ciori\",\"comunism\",\"extratere\u015ftri\",\"Facebook\",\"Internet\",\"OZN\",\"Paranormal-Spiritualitate\",\"Polonia\",\"r\u0103pire extraterestr\u0103\",\"scafandru\",\"\u0163\u0103ran\",\"TV\"],\"articleSection\":[\"Noutati\",\"Paranormal-Spiritualitate\"],\"inLanguage\":\"ro-RO\",\"potentialAction\":[{\"@type\":\"CommentAction\",\"name\":\"Comment\",\"target\":[\"https:\\\/\\\/www.lovendal.ro\\\/wp52\\\/un-caz-incredibil-de-rapire-extraterestra-cum-un-taran-din-polonia-a-luat-in-caruta-sa-doi-extraterestri-cu-fata-verzuie-dupa-care-a-fost-examinat-in-ozn-ul-extraterestrilor\\\/#respond\"]}]},{\"@type\":\"WebPage\",\"@id\":\"https:\\\/\\\/www.lovendal.ro\\\/wp52\\\/un-caz-incredibil-de-rapire-extraterestra-cum-un-taran-din-polonia-a-luat-in-caruta-sa-doi-extraterestri-cu-fata-verzuie-dupa-care-a-fost-examinat-in-ozn-ul-extraterestrilor\\\/\",\"url\":\"https:\\\/\\\/www.lovendal.ro\\\/wp52\\\/un-caz-incredibil-de-rapire-extraterestra-cum-un-taran-din-polonia-a-luat-in-caruta-sa-doi-extraterestri-cu-fata-verzuie-dupa-care-a-fost-examinat-in-ozn-ul-extraterestrilor\\\/\",\"name\":\"Un caz incredibil de r\u0103pire extraterestr\u0103: cum un \u0163\u0103ran din Polonia a luat \u00een c\u0103ru\u0163a sa doi extratere\u015ftri cu fa\u0163\u0103 verzuie, dup\u0103 care a fost examinat \u00een OZN-ul extratere\u015ftrilor! - Secretele lui Lovendal\",\"isPartOf\":{\"@id\":\"https:\\\/\\\/www.lovendal.ro\\\/wp52\\\/#website\"},\"primaryImageOfPage\":{\"@id\":\"https:\\\/\\\/www.lovendal.ro\\\/wp52\\\/un-caz-incredibil-de-rapire-extraterestra-cum-un-taran-din-polonia-a-luat-in-caruta-sa-doi-extraterestri-cu-fata-verzuie-dupa-care-a-fost-examinat-in-ozn-ul-extraterestrilor\\\/#primaryimage\"},\"image\":{\"@id\":\"https:\\\/\\\/www.lovendal.ro\\\/wp52\\\/un-caz-incredibil-de-rapire-extraterestra-cum-un-taran-din-polonia-a-luat-in-caruta-sa-doi-extraterestri-cu-fata-verzuie-dupa-care-a-fost-examinat-in-ozn-ul-extraterestrilor\\\/#primaryimage\"},\"thumbnailUrl\":\"https:\\\/\\\/www.lovendal.ro\\\/wp52\\\/wp-content\\\/uploads\\\/2015\\\/12\\\/OZN-Polonia.jpg\",\"datePublished\":\"2015-12-04T18:17:05+00:00\",\"breadcrumb\":{\"@id\":\"https:\\\/\\\/www.lovendal.ro\\\/wp52\\\/un-caz-incredibil-de-rapire-extraterestra-cum-un-taran-din-polonia-a-luat-in-caruta-sa-doi-extraterestri-cu-fata-verzuie-dupa-care-a-fost-examinat-in-ozn-ul-extraterestrilor\\\/#breadcrumb\"},\"inLanguage\":\"ro-RO\",\"potentialAction\":[{\"@type\":\"ReadAction\",\"target\":[\"https:\\\/\\\/www.lovendal.ro\\\/wp52\\\/un-caz-incredibil-de-rapire-extraterestra-cum-un-taran-din-polonia-a-luat-in-caruta-sa-doi-extraterestri-cu-fata-verzuie-dupa-care-a-fost-examinat-in-ozn-ul-extraterestrilor\\\/\"]}]},{\"@type\":\"ImageObject\",\"inLanguage\":\"ro-RO\",\"@id\":\"https:\\\/\\\/www.lovendal.ro\\\/wp52\\\/un-caz-incredibil-de-rapire-extraterestra-cum-un-taran-din-polonia-a-luat-in-caruta-sa-doi-extraterestri-cu-fata-verzuie-dupa-care-a-fost-examinat-in-ozn-ul-extraterestrilor\\\/#primaryimage\",\"url\":\"https:\\\/\\\/www.lovendal.ro\\\/wp52\\\/wp-content\\\/uploads\\\/2015\\\/12\\\/OZN-Polonia.jpg\",\"contentUrl\":\"https:\\\/\\\/www.lovendal.ro\\\/wp52\\\/wp-content\\\/uploads\\\/2015\\\/12\\\/OZN-Polonia.jpg\",\"width\":334,\"height\":214},{\"@type\":\"BreadcrumbList\",\"@id\":\"https:\\\/\\\/www.lovendal.ro\\\/wp52\\\/un-caz-incredibil-de-rapire-extraterestra-cum-un-taran-din-polonia-a-luat-in-caruta-sa-doi-extraterestri-cu-fata-verzuie-dupa-care-a-fost-examinat-in-ozn-ul-extraterestrilor\\\/#breadcrumb\",\"itemListElement\":[{\"@type\":\"ListItem\",\"position\":1,\"name\":\"Home\",\"item\":\"https:\\\/\\\/www.lovendal.ro\\\/wp52\\\/\"},{\"@type\":\"ListItem\",\"position\":2,\"name\":\"Un caz incredibil de r\u0103pire extraterestr\u0103: cum un \u0163\u0103ran din Polonia a luat \u00een c\u0103ru\u0163a sa doi extratere\u015ftri cu fa\u0163\u0103 verzuie, dup\u0103 care a fost examinat \u00een OZN-ul extratere\u015ftrilor!\"}]},{\"@type\":\"WebSite\",\"@id\":\"https:\\\/\\\/www.lovendal.ro\\\/wp52\\\/#website\",\"url\":\"https:\\\/\\\/www.lovendal.ro\\\/wp52\\\/\",\"name\":\"Secretele lui Lovendal\",\"description\":\"Site de secrete, stiinta si metafizica - din 2008 -\",\"publisher\":{\"@id\":\"https:\\\/\\\/www.lovendal.ro\\\/wp52\\\/#organization\"},\"potentialAction\":[{\"@type\":\"SearchAction\",\"target\":{\"@type\":\"EntryPoint\",\"urlTemplate\":\"https:\\\/\\\/www.lovendal.ro\\\/wp52\\\/?s={search_term_string}\"},\"query-input\":{\"@type\":\"PropertyValueSpecification\",\"valueRequired\":true,\"valueName\":\"search_term_string\"}}],\"inLanguage\":\"ro-RO\"},{\"@type\":\"Organization\",\"@id\":\"https:\\\/\\\/www.lovendal.ro\\\/wp52\\\/#organization\",\"name\":\"Secretele lui Lovendal\",\"url\":\"https:\\\/\\\/www.lovendal.ro\\\/wp52\\\/\",\"logo\":{\"@type\":\"ImageObject\",\"inLanguage\":\"ro-RO\",\"@id\":\"https:\\\/\\\/www.lovendal.ro\\\/wp52\\\/#\\\/schema\\\/logo\\\/image\\\/\",\"url\":\"https:\\\/\\\/www.lovendal.ro\\\/wp52\\\/wp-content\\\/uploads\\\/2024\\\/06\\\/cropped-SLL-iun-2024-1.jpg\",\"contentUrl\":\"https:\\\/\\\/www.lovendal.ro\\\/wp52\\\/wp-content\\\/uploads\\\/2024\\\/06\\\/cropped-SLL-iun-2024-1.jpg\",\"width\":771,\"height\":240,\"caption\":\"Secretele lui Lovendal\"},\"image\":{\"@id\":\"https:\\\/\\\/www.lovendal.ro\\\/wp52\\\/#\\\/schema\\\/logo\\\/image\\\/\"},\"sameAs\":[\"https:\\\/\\\/www.facebook.com\\\/secreteleluilovendal\"]},{\"@type\":\"Person\",\"@id\":\"https:\\\/\\\/www.lovendal.ro\\\/wp52\\\/#\\\/schema\\\/person\\\/088691de5dfc346bb0c023e1e52ef5d9\",\"name\":\"admin\",\"image\":{\"@type\":\"ImageObject\",\"inLanguage\":\"ro-RO\",\"@id\":\"https:\\\/\\\/secure.gravatar.com\\\/avatar\\\/ecb9cd41f5f63c9c9b989999a59f6e2639a865ec361e9db054db0679a8f341c2?s=96&d=mm&r=g\",\"url\":\"https:\\\/\\\/secure.gravatar.com\\\/avatar\\\/ecb9cd41f5f63c9c9b989999a59f6e2639a865ec361e9db054db0679a8f341c2?s=96&d=mm&r=g\",\"contentUrl\":\"https:\\\/\\\/secure.gravatar.com\\\/avatar\\\/ecb9cd41f5f63c9c9b989999a59f6e2639a865ec361e9db054db0679a8f341c2?s=96&d=mm&r=g\",\"caption\":\"admin\"},\"sameAs\":[\"https:\\\/\\\/www.lovendal.ro\\\/wp52\"]}]}<\/script>\n<!-- \/ Yoast SEO Premium plugin. -->","yoast_head_json":{"title":"Un caz incredibil de r\u0103pire extraterestr\u0103: cum un \u0163\u0103ran din Polonia a luat \u00een c\u0103ru\u0163a sa doi extratere\u015ftri cu fa\u0163\u0103 verzuie, dup\u0103 care a fost examinat \u00een OZN-ul extratere\u015ftrilor! - Secretele lui Lovendal","robots":{"index":"index","follow":"follow","max-snippet":"max-snippet:-1","max-image-preview":"max-image-preview:large","max-video-preview":"max-video-preview:-1"},"canonical":"https:\/\/www.lovendal.ro\/wp52\/un-caz-incredibil-de-rapire-extraterestra-cum-un-taran-din-polonia-a-luat-in-caruta-sa-doi-extraterestri-cu-fata-verzuie-dupa-care-a-fost-examinat-in-ozn-ul-extraterestrilor\/","og_locale":"ro_RO","og_type":"article","og_title":"Un caz incredibil de r\u0103pire extraterestr\u0103: cum un \u0163\u0103ran din Polonia a luat \u00een c\u0103ru\u0163a sa doi extratere\u015ftri cu fa\u0163\u0103 verzuie, dup\u0103 care a fost examinat \u00een OZN-ul extratere\u015ftrilor!","og_description":"\u00cen diminea\u021ba zilei de 10 mai 1978, un fermier polonez \u00een v\u00e2rst\u0103 de 71 ani, pe nume Jan Wolski de Emilcin, a avut parte de o \u00eent\u00e2lnire extraterestr\u0103 de gradul III. Desigur, cei care nu cred \u00een a\u015fa ceva, spun ... Cititi mai multe","og_url":"https:\/\/www.lovendal.ro\/wp52\/un-caz-incredibil-de-rapire-extraterestra-cum-un-taran-din-polonia-a-luat-in-caruta-sa-doi-extraterestri-cu-fata-verzuie-dupa-care-a-fost-examinat-in-ozn-ul-extraterestrilor\/","og_site_name":"Secretele lui Lovendal","article_publisher":"https:\/\/www.facebook.com\/secreteleluilovendal","article_published_time":"2015-12-04T18:17:05+00:00","og_image":[{"width":334,"height":214,"url":"https:\/\/www.lovendal.ro\/wp52\/wp-content\/uploads\/2015\/12\/OZN-Polonia.jpg","type":"image\/jpeg"}],"author":"admin","twitter_card":"summary_large_image","twitter_misc":{"Scris de":"admin","Timp estimat pentru citire":"3 minute"},"schema":{"@context":"https:\/\/schema.org","@graph":[{"@type":"Article","@id":"https:\/\/www.lovendal.ro\/wp52\/un-caz-incredibil-de-rapire-extraterestra-cum-un-taran-din-polonia-a-luat-in-caruta-sa-doi-extraterestri-cu-fata-verzuie-dupa-care-a-fost-examinat-in-ozn-ul-extraterestrilor\/#article","isPartOf":{"@id":"https:\/\/www.lovendal.ro\/wp52\/un-caz-incredibil-de-rapire-extraterestra-cum-un-taran-din-polonia-a-luat-in-caruta-sa-doi-extraterestri-cu-fata-verzuie-dupa-care-a-fost-examinat-in-ozn-ul-extraterestrilor\/"},"author":{"name":"admin","@id":"https:\/\/www.lovendal.ro\/wp52\/#\/schema\/person\/088691de5dfc346bb0c023e1e52ef5d9"},"headline":"Un caz incredibil de r\u0103pire extraterestr\u0103: cum un \u0163\u0103ran din Polonia a luat \u00een c\u0103ru\u0163a sa doi extratere\u015ftri cu fa\u0163\u0103 verzuie, dup\u0103 care a fost examinat \u00een OZN-ul extratere\u015ftrilor!","datePublished":"2015-12-04T18:17:05+00:00","mainEntityOfPage":{"@id":"https:\/\/www.lovendal.ro\/wp52\/un-caz-incredibil-de-rapire-extraterestra-cum-un-taran-din-polonia-a-luat-in-caruta-sa-doi-extraterestri-cu-fata-verzuie-dupa-care-a-fost-examinat-in-ozn-ul-extraterestrilor\/"},"wordCount":670,"commentCount":2,"publisher":{"@id":"https:\/\/www.lovendal.ro\/wp52\/#organization"},"image":{"@id":"https:\/\/www.lovendal.ro\/wp52\/un-caz-incredibil-de-rapire-extraterestra-cum-un-taran-din-polonia-a-luat-in-caruta-sa-doi-extraterestri-cu-fata-verzuie-dupa-care-a-fost-examinat-in-ozn-ul-extraterestrilor\/#primaryimage"},"thumbnailUrl":"https:\/\/www.lovendal.ro\/wp52\/wp-content\/uploads\/2015\/12\/OZN-Polonia.jpg","keywords":["c\u0103ru\u0163\u0103","ciori","comunism","extratere\u015ftri","Facebook","Internet","OZN","Paranormal-Spiritualitate","Polonia","r\u0103pire extraterestr\u0103","scafandru","\u0163\u0103ran","TV"],"articleSection":["Noutati","Paranormal-Spiritualitate"],"inLanguage":"ro-RO","potentialAction":[{"@type":"CommentAction","name":"Comment","target":["https:\/\/www.lovendal.ro\/wp52\/un-caz-incredibil-de-rapire-extraterestra-cum-un-taran-din-polonia-a-luat-in-caruta-sa-doi-extraterestri-cu-fata-verzuie-dupa-care-a-fost-examinat-in-ozn-ul-extraterestrilor\/#respond"]}]},{"@type":"WebPage","@id":"https:\/\/www.lovendal.ro\/wp52\/un-caz-incredibil-de-rapire-extraterestra-cum-un-taran-din-polonia-a-luat-in-caruta-sa-doi-extraterestri-cu-fata-verzuie-dupa-care-a-fost-examinat-in-ozn-ul-extraterestrilor\/","url":"https:\/\/www.lovendal.ro\/wp52\/un-caz-incredibil-de-rapire-extraterestra-cum-un-taran-din-polonia-a-luat-in-caruta-sa-doi-extraterestri-cu-fata-verzuie-dupa-care-a-fost-examinat-in-ozn-ul-extraterestrilor\/","name":"Un caz incredibil de r\u0103pire extraterestr\u0103: cum un \u0163\u0103ran din Polonia a luat \u00een c\u0103ru\u0163a sa doi extratere\u015ftri cu fa\u0163\u0103 verzuie, dup\u0103 care a fost examinat \u00een OZN-ul extratere\u015ftrilor! - Secretele lui Lovendal","isPartOf":{"@id":"https:\/\/www.lovendal.ro\/wp52\/#website"},"primaryImageOfPage":{"@id":"https:\/\/www.lovendal.ro\/wp52\/un-caz-incredibil-de-rapire-extraterestra-cum-un-taran-din-polonia-a-luat-in-caruta-sa-doi-extraterestri-cu-fata-verzuie-dupa-care-a-fost-examinat-in-ozn-ul-extraterestrilor\/#primaryimage"},"image":{"@id":"https:\/\/www.lovendal.ro\/wp52\/un-caz-incredibil-de-rapire-extraterestra-cum-un-taran-din-polonia-a-luat-in-caruta-sa-doi-extraterestri-cu-fata-verzuie-dupa-care-a-fost-examinat-in-ozn-ul-extraterestrilor\/#primaryimage"},"thumbnailUrl":"https:\/\/www.lovendal.ro\/wp52\/wp-content\/uploads\/2015\/12\/OZN-Polonia.jpg","datePublished":"2015-12-04T18:17:05+00:00","breadcrumb":{"@id":"https:\/\/www.lovendal.ro\/wp52\/un-caz-incredibil-de-rapire-extraterestra-cum-un-taran-din-polonia-a-luat-in-caruta-sa-doi-extraterestri-cu-fata-verzuie-dupa-care-a-fost-examinat-in-ozn-ul-extraterestrilor\/#breadcrumb"},"inLanguage":"ro-RO","potentialAction":[{"@type":"ReadAction","target":["https:\/\/www.lovendal.ro\/wp52\/un-caz-incredibil-de-rapire-extraterestra-cum-un-taran-din-polonia-a-luat-in-caruta-sa-doi-extraterestri-cu-fata-verzuie-dupa-care-a-fost-examinat-in-ozn-ul-extraterestrilor\/"]}]},{"@type":"ImageObject","inLanguage":"ro-RO","@id":"https:\/\/www.lovendal.ro\/wp52\/un-caz-incredibil-de-rapire-extraterestra-cum-un-taran-din-polonia-a-luat-in-caruta-sa-doi-extraterestri-cu-fata-verzuie-dupa-care-a-fost-examinat-in-ozn-ul-extraterestrilor\/#primaryimage","url":"https:\/\/www.lovendal.ro\/wp52\/wp-content\/uploads\/2015\/12\/OZN-Polonia.jpg","contentUrl":"https:\/\/www.lovendal.ro\/wp52\/wp-content\/uploads\/2015\/12\/OZN-Polonia.jpg","width":334,"height":214},{"@type":"BreadcrumbList","@id":"https:\/\/www.lovendal.ro\/wp52\/un-caz-incredibil-de-rapire-extraterestra-cum-un-taran-din-polonia-a-luat-in-caruta-sa-doi-extraterestri-cu-fata-verzuie-dupa-care-a-fost-examinat-in-ozn-ul-extraterestrilor\/#breadcrumb","itemListElement":[{"@type":"ListItem","position":1,"name":"Home","item":"https:\/\/www.lovendal.ro\/wp52\/"},{"@type":"ListItem","position":2,"name":"Un caz incredibil de r\u0103pire extraterestr\u0103: cum un \u0163\u0103ran din Polonia a luat \u00een c\u0103ru\u0163a sa doi extratere\u015ftri cu fa\u0163\u0103 verzuie, dup\u0103 care a fost examinat \u00een OZN-ul extratere\u015ftrilor!"}]},{"@type":"WebSite","@id":"https:\/\/www.lovendal.ro\/wp52\/#website","url":"https:\/\/www.lovendal.ro\/wp52\/","name":"Secretele lui Lovendal","description":"Site de secrete, stiinta si metafizica - din 2008 -","publisher":{"@id":"https:\/\/www.lovendal.ro\/wp52\/#organization"},"potentialAction":[{"@type":"SearchAction","target":{"@type":"EntryPoint","urlTemplate":"https:\/\/www.lovendal.ro\/wp52\/?s={search_term_string}"},"query-input":{"@type":"PropertyValueSpecification","valueRequired":true,"valueName":"search_term_string"}}],"inLanguage":"ro-RO"},{"@type":"Organization","@id":"https:\/\/www.lovendal.ro\/wp52\/#organization","name":"Secretele lui Lovendal","url":"https:\/\/www.lovendal.ro\/wp52\/","logo":{"@type":"ImageObject","inLanguage":"ro-RO","@id":"https:\/\/www.lovendal.ro\/wp52\/#\/schema\/logo\/image\/","url":"https:\/\/www.lovendal.ro\/wp52\/wp-content\/uploads\/2024\/06\/cropped-SLL-iun-2024-1.jpg","contentUrl":"https:\/\/www.lovendal.ro\/wp52\/wp-content\/uploads\/2024\/06\/cropped-SLL-iun-2024-1.jpg","width":771,"height":240,"caption":"Secretele lui Lovendal"},"image":{"@id":"https:\/\/www.lovendal.ro\/wp52\/#\/schema\/logo\/image\/"},"sameAs":["https:\/\/www.facebook.com\/secreteleluilovendal"]},{"@type":"Person","@id":"https:\/\/www.lovendal.ro\/wp52\/#\/schema\/person\/088691de5dfc346bb0c023e1e52ef5d9","name":"admin","image":{"@type":"ImageObject","inLanguage":"ro-RO","@id":"https:\/\/secure.gravatar.com\/avatar\/ecb9cd41f5f63c9c9b989999a59f6e2639a865ec361e9db054db0679a8f341c2?s=96&d=mm&r=g","url":"https:\/\/secure.gravatar.com\/avatar\/ecb9cd41f5f63c9c9b989999a59f6e2639a865ec361e9db054db0679a8f341c2?s=96&d=mm&r=g","contentUrl":"https:\/\/secure.gravatar.com\/avatar\/ecb9cd41f5f63c9c9b989999a59f6e2639a865ec361e9db054db0679a8f341c2?s=96&d=mm&r=g","caption":"admin"},"sameAs":["https:\/\/www.lovendal.ro\/wp52"]}]}},"_links":{"self":[{"href":"https:\/\/www.lovendal.ro\/wp52\/wp-json\/wp\/v2\/posts\/41700","targetHints":{"allow":["GET"]}}],"collection":[{"href":"https:\/\/www.lovendal.ro\/wp52\/wp-json\/wp\/v2\/posts"}],"about":[{"href":"https:\/\/www.lovendal.ro\/wp52\/wp-json\/wp\/v2\/types\/post"}],"author":[{"embeddable":true,"href":"https:\/\/www.lovendal.ro\/wp52\/wp-json\/wp\/v2\/users\/1"}],"replies":[{"embeddable":true,"href":"https:\/\/www.lovendal.ro\/wp52\/wp-json\/wp\/v2\/comments?post=41700"}],"version-history":[{"count":0,"href":"https:\/\/www.lovendal.ro\/wp52\/wp-json\/wp\/v2\/posts\/41700\/revisions"}],"wp:featuredmedia":[{"embeddable":true,"href":"https:\/\/www.lovendal.ro\/wp52\/wp-json\/wp\/v2\/media\/41701"}],"wp:attachment":[{"href":"https:\/\/www.lovendal.ro\/wp52\/wp-json\/wp\/v2\/media?parent=41700"}],"wp:term":[{"taxonomy":"category","embeddable":true,"href":"https:\/\/www.lovendal.ro\/wp52\/wp-json\/wp\/v2\/categories?post=41700"},{"taxonomy":"post_tag","embeddable":true,"href":"https:\/\/www.lovendal.ro\/wp52\/wp-json\/wp\/v2\/tags?post=41700"}],"curies":[{"name":"wp","href":"https:\/\/api.w.org\/{rel}","templated":true}]}}