{"id":41614,"date":"2015-11-27T23:56:46","date_gmt":"2015-11-27T21:56:46","guid":{"rendered":"http:\/\/www.lovendal.ro\/wp52\/?p=41614"},"modified":"2015-11-27T23:56:46","modified_gmt":"2015-11-27T21:56:46","slug":"misterul-oamenilor-cu-ochi-intunecati-cine-sunt-ei-si-de-ce-sunt-atat-de-diferiti-fata-de-noi-de-ce-provoaca-ei-atata-teama","status":"publish","type":"post","link":"https:\/\/www.lovendal.ro\/wp52\/misterul-oamenilor-cu-ochi-intunecati-cine-sunt-ei-si-de-ce-sunt-atat-de-diferiti-fata-de-noi-de-ce-provoaca-ei-atata-teama\/","title":{"rendered":"Misterul oamenilor cu ochi \u00eentuneca\u0163i: cine sunt ei \u015fi de ce sunt at\u00e2t de diferi\u0163i fa\u0163\u0103 de noi? De ce provoac\u0103 ei at\u00e2ta team\u0103?"},"content":{"rendered":"<p><img loading=\"lazy\" decoding=\"async\" class=\"alignleft size-full wp-image-41616\" src=\"https:\/\/www.lovendal.ro\/wp52\/wp-content\/uploads\/2015\/11\/ochi-negri.jpg\" alt=\"ochi negri\" width=\"333\" height=\"249\" srcset=\"https:\/\/www.lovendal.ro\/wp52\/wp-content\/uploads\/2015\/11\/ochi-negri.jpg 333w, https:\/\/www.lovendal.ro\/wp52\/wp-content\/uploads\/2015\/11\/ochi-negri-300x224.jpg 300w, https:\/\/www.lovendal.ro\/wp52\/wp-content\/uploads\/2015\/11\/ochi-negri-20x15.jpg 20w\" sizes=\"auto, (max-width: 333px) 100vw, 333px\" \/>Ei au fost \u00eent\u00e2lni\u0163i peste tot \u00een lume. Ochii lor sunt total negri, f\u0103r\u0103 nicio culoare. Cine sunt ei \u015fi de ce sunt ei at\u00e2t de diferi\u0163i fa\u0163\u0103 de restul dintre noi? Exist\u0103 mai multe pove\u0219ti cu \u00eent\u00e2lniri cu aceste fiin\u021be ciudate, care par a fi inumane din cauza culorii neobi\u015fnuite a ochilor lor \u0219i a comportamentului lor ciudat. Oamenii care i-au \u00eent\u00e2lnit pe aceste persoane misterioase au avut un sentiment ciudat de groaz\u0103. Exist\u0103 explica\u021bii ra\u021bionale pentru aceste \u00eent\u00e2lniri remarcabile?<\/p>\n<p>Unii spun c\u0103 ochii sunt fereastra sufletului nostru. A\u0163i \u00eent\u00e2lnit vreodat\u0103 pe cineva al c\u0103rui ochi nu sunt nimic altceva dec\u00e2t un \u00eentuneric complet? Cei care i-au \u00eent\u00e2lnit pe oamenii cu ochii negri spun nu numai c\u0103 ochii lor sunt \u00eentuneca\u0163i, dar \u015fi \u00eentreaga lor fiin\u021b\u0103. Este ca \u0219i cum sufletele lor ar fi \u00eenvaluite \u00een \u00eentuneric.<\/p>\n<p>\u00cen lumea paranormalului, exist\u0103 \u015fi pove\u015fti despre \u00eent\u00e2lniri cu oamenii cu ochii negri. Negrul nu este o culoare natural\u0103 a ochilor. Partea alb\u0103 a unui ochi uman este numit scler\u0103 \u0219i cuprinde 5\/6 din suprafa\u021ba exterioar\u0103 a ochiului. Fiecare persoan\u0103 s\u0103n\u0103toas\u0103, indiferent de ras\u0103, are o scler\u0103 alb\u0103. Problemele de s\u0103n\u0103tate pot provoca, uneori, ca sclera s\u0103 devin\u0103 galben\u0103 sau chiar ro\u015fie. Animalele, pe de alt\u0103 parte, pot avea o scler\u0103 foarte \u00eentunecat\u0103. C\u00e2inii, caii \u0219i \u0219op\u00e2rlele, de exemplu, de multe ori au o scler\u0103 neagr\u0103.<\/p>\n<p>Dar, persoanele umane cu ochi negri, au toate componentele globului ocular negre: sclera, irisul \u015fi pupila. De asemenea, atitudinea \u015fi comportamentul acestor fiin\u0163e sunt diferite. Ele provoac\u0103 un sentiment de fric\u0103 intens\u0103 celor cu care se \u00eent\u00e2lne\u015fte. Aceste persoane sunt, de obicei, \u00eembr\u0103cate \u00een negru, sau \u00een haine de mod\u0103 veche.<\/p>\n<p>S\u0103 examin\u0103m c\u00e2teva povestiri care povestesc despre \u00eent\u00e2lnirile cu ace\u015fti oameni cu ochii negri. Unul dintre martorii oculari, Chris \u0219i so\u021bul ei, c\u0103l\u0103torind \u00een Michigan, atunci c\u00e2nd au decis s\u0103 fac\u0103 o oprire la un popas. Iat\u0103 ce spune femeia:<\/p>\n<p><em>&#8222;Am intrat \u00een toaleta femeilor. C\u00e2nd m\u0103 preg\u0103team s\u0103 p\u0103r\u0103sesc sala, am observat deodat\u0103 o femeie sub\u021bire, cu p\u0103rul negru \u015fi uit\u00e2ndu-se direct c\u0103tre mine. Am sim\u021bit imediat un sentiment teribil de groaz\u0103, ca \u0219i cum era ceva nefiresc \u00een leg\u0103tur\u0103 cu ea. Am observat apoi ochii care se uitau la mine cu r\u0103ceal\u0103, iar ei erau complet negri. Nu avea vreo alt\u0103 culoare \u00een ei. Am sim\u021bit o nevoie puternic\u0103 de a m\u0103 \u00eendep\u0103rta de ea c\u00e2t mai repede posibil, deoarece sim\u0163eam c\u0103 m\u0103 aflam \u00een pericol. Privirea ei era lipsit\u0103 de orice emo\u021bie.<\/em><\/p>\n<p><em>Sentimentul meu instant a fost acela c\u0103 ea nu era om. Nu \u015ftiu ce m-a f\u0103cut s\u0103 nu cred asta, dar a\u015fa am sim\u0163it. De asemenea, am sim\u0163it la ea c\u0103 ar fi fost asemenea unui pr\u0103d\u0103tor care \u00ee\u015fi v\u00e2na prada. Am plecat c\u00e2t mai repede posibil \u015fi am sim\u0163it o mare eliberare atunci c\u00e2nd m-am \u00eentors la ma\u015fin\u0103. Trebuie s\u0103 spun c\u0103 aceasta a fost una dintre experien\u021bele cele mai tulbur\u0103toare pe care le-am avut vreodat\u0103 \u00een prezen\u0163a unei persoane&#8221;.<\/em><\/p>\n<p>O alt\u0103 povestire ciudat\u0103 provine de la Tee, administrator de imobil \u00een Portland, Oregon. Tee, care a lucrat timp de 20 de ani, era obi\u015fnuit\u0103 a se \u00eent\u00e2lni cu oameni de toate rasele \u015fi v\u00e2rstele, \u0219i totu\u0219i c\u00e2nd a \u00eent\u00e2lnit un t\u00e2n\u0103r cu ochi negri, pur \u0219i simplu \u015fi-a dat seama c\u0103 acea persoan\u0103 nu este una normal\u0103: <em>&#8222;Era t\u00e2n\u0103r b\u0103iat de aproximativ 17 sau 18 ani. El m-a \u00eentrebat despre un apartament de \u00eenchiriat. Eram tare speriat\u0103 de aspectul s\u0103u, mai precis de ochii s\u0103i. \u00cemi amintesc cum mi s-a ridicat p\u0103rul de pe spate&#8221;<\/em>. De asemenea, Tee a sim\u0163it un sentiment de maleficitate \u00een acel t\u00e2n\u0103r: <em>&#8222;Nu l-am putut privi drept \u00een ochi. Nu \u015ftiam cum s\u0103 scap de el. Sim\u0163eam c\u0103 m\u0103 aflam \u00een pericol extrem&#8221;.<\/em><\/p>\n<p>Un caz uluitor despre \u00eent\u00e2lnirea cu o fiin\u0163\u0103 cu ochi \u00eentuneca\u0163i l-am scris \u00een 2011, \u00een cadrul acestui articol: <a href=\"https:\/\/www.lovendal.ro\/wp52\/moartea-poate-veni-de-la-o-femeie-cu-ochi-negri-fara-emotii-si-fara-viata\/\" target=\"_blank\"><strong>Moartea poate veni de la o femeie cu ochi negri, f\u0103r\u0103 emo\u0163ii \u015fi f\u0103r\u0103 via\u0163\u0103<\/strong><\/a>. Martora, o femeie din SUA, poveste\u015fte starea ei c\u00e2nd a dat fa\u0163\u0103 \u00een fa\u0163\u0103 cu o asemenea fiin\u0163\u0103: <em>&#8222;C\u00e2nd am deschis u\u015fa, am r\u0103mas \u00eenm\u0103rmurit\u0103. \u00cen fa\u0163a mea st\u0103tea o femeie care p\u0103rea c\u0103 nu are ochi. Imediat, o senza\u0163ie de fric\u0103 imens\u0103 mi-a cople\u015fit tot sufletul. M\u0103 uitam la femeia aceea \u015fi p\u0103rea c\u0103 nu avea nimic: nici ochi, nici emo\u0163ii, nici via\u0163\u0103. P\u0103rea c\u0103 este \u00eens\u0103\u015fi moartea. Era doar \u00eentuneric&#8221;.<\/em><\/p>\n<p>Dar, oare de unde vin aceste fiin\u0163e cu ochi negri? Provin ele din copiii cu ochi negri, despre care am vorbit \u00eentr-un articol de anul trecut (<a href=\"https:\/\/www.lovendal.ro\/wp52\/armata-de-copii-cu-ochi-negri-se-afla-printre-noi-ei-sunt-rezultatul-unei-incrucisari-genetice-intre-extraterestrii-nephilim-si-femeile-umane\/\" target=\"_blank\"><strong>Armata de copii cu ochi negri se afl\u0103 printre noi! Ei sunt rezultatul unei \u00eencruci\u015f\u0103ri genetice \u00eentre extratere\u015ftrii Nephilim \u015fi femeile umane!<\/strong><\/a>)? Aveam atunci urm\u0103toarea ipotez\u0103: c\u0103 ace\u015fti copii cu ochi negri reprezint\u0103 un program secret de \u00eencruci\u015fare hibrid\u0103 \u015fi de schimbare a ADN-ului nostru. Ei ar putea fi rezultatul unui program secret de \u00eencruci\u015fare \u00eentre extratere\u015ftrii Nephilim din Biblie (urma\u0219ii lui Satana) \u0219i femeile umane, rezult\u00e2nd un hibrid, care are un corp uman \u015fi care nu poate fi diferen\u0163iat cu adev\u0103rat de o fiin\u021b\u0103 uman\u0103, dec\u00e2t faptul c\u0103 ochii s\u0103i sunt negri. Hibrizii au capacitatea s\u0103-\u015fi lege min\u0163ile \u00eentre ei, s\u0103 citeasc\u0103 g\u00e2ndurile \u015fi emo\u0163iile oamenilor obi\u015fnui\u0163i. De asemenea, ei pot s\u0103-\u015fi schimbe forma sau au capacitatea de a deveni invizibili. Aceast\u0103 specie-hibrid s-ar putea afla la toate nivelurile societ\u0103\u021bii noastre: \u00een mass-media, muzic\u0103, art\u0103, politic\u0103, corpora\u0163ii, educa\u021bie, guvern. Ei stau ascun\u015fi printre noi \u0219i servesc o agend\u0103 satanic\u0103. Planul lor este acela de a conduce c\u00e2t mai mul\u021bi oameni spre Satana, urm\u0103rind a ne \u201cfura\u201d sufletele.<\/p>\n<p>&nbsp;<\/p>\n","protected":false},"excerpt":{"rendered":"<p>Ei au fost \u00eent\u00e2lni\u0163i peste tot \u00een lume. Ochii lor sunt total negri, f\u0103r\u0103 nicio culoare. Cine sunt ei \u015fi de ce sunt ei at\u00e2t de diferi\u0163i fa\u0163\u0103 de restul dintre noi? Exist\u0103 mai multe pove\u0219ti cu \u00eent\u00e2lniri cu aceste &#8230; <\/p>\n<p class=\"read-more-container\"><a title=\"Misterul oamenilor cu ochi \u00eentuneca\u0163i: cine sunt ei \u015fi de ce sunt at\u00e2t de diferi\u0163i fa\u0163\u0103 de noi? De ce provoac\u0103 ei at\u00e2ta team\u0103?\" class=\"read-more button\" href=\"https:\/\/www.lovendal.ro\/wp52\/misterul-oamenilor-cu-ochi-intunecati-cine-sunt-ei-si-de-ce-sunt-atat-de-diferiti-fata-de-noi-de-ce-provoaca-ei-atata-teama\/#more-41614\" aria-label=\"Cite\u0219te mai multe despre Misterul oamenilor cu ochi \u00eentuneca\u0163i: cine sunt ei \u015fi de ce sunt at\u00e2t de diferi\u0163i fa\u0163\u0103 de noi? De ce provoac\u0103 ei at\u00e2ta team\u0103?\">Cititi mai multe<\/a><\/p>\n","protected":false},"author":1,"featured_media":41616,"comment_status":"open","ping_status":"open","sticky":false,"template":"","format":"standard","meta":{"footnotes":""},"categories":[2833,14],"tags":[415,60,652,240,1073,487,51,1121,1012,3999,2276,8581,4496,4713,4169,166,9988,1169,9796,7327,750,538,23,1676,3351],"class_list":["post-41614","post","type-post","status-publish","format-standard","has-post-thumbnail","hentry","category-noutati","category-paranormal-spiritualitate","tag-adn","tag-biblie","tag-caine","tag-cal","tag-copii","tag-emotii","tag-extraterestri","tag-femeie","tag-frica","tag-gand","tag-haine","tag-hibrizi","tag-mass-media","tag-michigan","tag-nephilim","tag-ochi","tag-ochi-negri","tag-par","tag-paranormal-spiritualitate","tag-portland","tag-satana","tag-soparla","tag-sua","tag-suflet","tag-toaleta","resize-featured-image"],"yoast_head":"<!-- This site is optimized with the Yoast SEO Premium plugin v23.3 (Yoast SEO v27.4) - https:\/\/yoast.com\/product\/yoast-seo-premium-wordpress\/ -->\n<title>Misterul oamenilor cu ochi \u00eentuneca\u0163i: cine sunt ei \u015fi de ce sunt at\u00e2t de diferi\u0163i fa\u0163\u0103 de noi? De ce provoac\u0103 ei at\u00e2ta team\u0103? - Secretele lui Lovendal<\/title>\n<meta name=\"robots\" content=\"index, follow, max-snippet:-1, max-image-preview:large, max-video-preview:-1\" \/>\n<link rel=\"canonical\" href=\"https:\/\/www.lovendal.ro\/wp52\/misterul-oamenilor-cu-ochi-intunecati-cine-sunt-ei-si-de-ce-sunt-atat-de-diferiti-fata-de-noi-de-ce-provoaca-ei-atata-teama\/\" \/>\n<meta property=\"og:locale\" content=\"ro_RO\" \/>\n<meta property=\"og:type\" content=\"article\" \/>\n<meta property=\"og:title\" content=\"Misterul oamenilor cu ochi \u00eentuneca\u0163i: cine sunt ei \u015fi de ce sunt at\u00e2t de diferi\u0163i fa\u0163\u0103 de noi? De ce provoac\u0103 ei at\u00e2ta team\u0103?\" \/>\n<meta property=\"og:description\" content=\"Ei au fost \u00eent\u00e2lni\u0163i peste tot \u00een lume. Ochii lor sunt total negri, f\u0103r\u0103 nicio culoare. Cine sunt ei \u015fi de ce sunt ei at\u00e2t de diferi\u0163i fa\u0163\u0103 de restul dintre noi? Exist\u0103 mai multe pove\u0219ti cu \u00eent\u00e2lniri cu aceste ... Cititi mai multe\" \/>\n<meta property=\"og:url\" content=\"https:\/\/www.lovendal.ro\/wp52\/misterul-oamenilor-cu-ochi-intunecati-cine-sunt-ei-si-de-ce-sunt-atat-de-diferiti-fata-de-noi-de-ce-provoaca-ei-atata-teama\/\" \/>\n<meta property=\"og:site_name\" content=\"Secretele lui Lovendal\" \/>\n<meta property=\"article:publisher\" content=\"https:\/\/www.facebook.com\/secreteleluilovendal\" \/>\n<meta property=\"article:published_time\" content=\"2015-11-27T21:56:46+00:00\" \/>\n<meta property=\"og:image\" content=\"https:\/\/www.lovendal.ro\/wp52\/wp-content\/uploads\/2015\/11\/ochi-negri.jpg\" \/>\n\t<meta property=\"og:image:width\" content=\"333\" \/>\n\t<meta property=\"og:image:height\" content=\"249\" \/>\n\t<meta property=\"og:image:type\" content=\"image\/jpeg\" \/>\n<meta name=\"author\" content=\"admin\" \/>\n<meta name=\"twitter:card\" content=\"summary_large_image\" \/>\n<meta name=\"twitter:label1\" content=\"Scris de\" \/>\n\t<meta name=\"twitter:data1\" content=\"admin\" \/>\n\t<meta name=\"twitter:label2\" content=\"Timp estimat pentru citire\" \/>\n\t<meta name=\"twitter:data2\" content=\"5 minute\" \/>\n<script type=\"application\/ld+json\" class=\"yoast-schema-graph\">{\"@context\":\"https:\\\/\\\/schema.org\",\"@graph\":[{\"@type\":\"Article\",\"@id\":\"https:\\\/\\\/www.lovendal.ro\\\/wp52\\\/misterul-oamenilor-cu-ochi-intunecati-cine-sunt-ei-si-de-ce-sunt-atat-de-diferiti-fata-de-noi-de-ce-provoaca-ei-atata-teama\\\/#article\",\"isPartOf\":{\"@id\":\"https:\\\/\\\/www.lovendal.ro\\\/wp52\\\/misterul-oamenilor-cu-ochi-intunecati-cine-sunt-ei-si-de-ce-sunt-atat-de-diferiti-fata-de-noi-de-ce-provoaca-ei-atata-teama\\\/\"},\"author\":{\"name\":\"admin\",\"@id\":\"https:\\\/\\\/www.lovendal.ro\\\/wp52\\\/#\\\/schema\\\/person\\\/088691de5dfc346bb0c023e1e52ef5d9\"},\"headline\":\"Misterul oamenilor cu ochi \u00eentuneca\u0163i: cine sunt ei \u015fi de ce sunt at\u00e2t de diferi\u0163i fa\u0163\u0103 de noi? De ce provoac\u0103 ei at\u00e2ta team\u0103?\",\"datePublished\":\"2015-11-27T21:56:46+00:00\",\"mainEntityOfPage\":{\"@id\":\"https:\\\/\\\/www.lovendal.ro\\\/wp52\\\/misterul-oamenilor-cu-ochi-intunecati-cine-sunt-ei-si-de-ce-sunt-atat-de-diferiti-fata-de-noi-de-ce-provoaca-ei-atata-teama\\\/\"},\"wordCount\":1083,\"commentCount\":26,\"publisher\":{\"@id\":\"https:\\\/\\\/www.lovendal.ro\\\/wp52\\\/#organization\"},\"image\":{\"@id\":\"https:\\\/\\\/www.lovendal.ro\\\/wp52\\\/misterul-oamenilor-cu-ochi-intunecati-cine-sunt-ei-si-de-ce-sunt-atat-de-diferiti-fata-de-noi-de-ce-provoaca-ei-atata-teama\\\/#primaryimage\"},\"thumbnailUrl\":\"https:\\\/\\\/www.lovendal.ro\\\/wp52\\\/wp-content\\\/uploads\\\/2015\\\/11\\\/ochi-negri.jpg\",\"keywords\":[\"ADN\",\"Biblie\",\"c\u00e2ine\",\"cal\",\"copii\",\"emo\u0163ii\",\"extratere\u015ftri\",\"femeie\",\"fric\u0103\",\"g\u00e2nd\",\"haine\",\"hibrizi\",\"mass-media\",\"Michigan\",\"Nephilim\",\"ochi\",\"ochi negri\",\"p\u0103r\",\"Paranormal-Spiritualitate\",\"Portland\",\"Satana\",\"\u015fop\u00e2rl\u0103\",\"SUA\",\"suflet\",\"toalet\u0103\"],\"articleSection\":[\"Noutati\",\"Paranormal-Spiritualitate\"],\"inLanguage\":\"ro-RO\",\"potentialAction\":[{\"@type\":\"CommentAction\",\"name\":\"Comment\",\"target\":[\"https:\\\/\\\/www.lovendal.ro\\\/wp52\\\/misterul-oamenilor-cu-ochi-intunecati-cine-sunt-ei-si-de-ce-sunt-atat-de-diferiti-fata-de-noi-de-ce-provoaca-ei-atata-teama\\\/#respond\"]}]},{\"@type\":\"WebPage\",\"@id\":\"https:\\\/\\\/www.lovendal.ro\\\/wp52\\\/misterul-oamenilor-cu-ochi-intunecati-cine-sunt-ei-si-de-ce-sunt-atat-de-diferiti-fata-de-noi-de-ce-provoaca-ei-atata-teama\\\/\",\"url\":\"https:\\\/\\\/www.lovendal.ro\\\/wp52\\\/misterul-oamenilor-cu-ochi-intunecati-cine-sunt-ei-si-de-ce-sunt-atat-de-diferiti-fata-de-noi-de-ce-provoaca-ei-atata-teama\\\/\",\"name\":\"Misterul oamenilor cu ochi \u00eentuneca\u0163i: cine sunt ei \u015fi de ce sunt at\u00e2t de diferi\u0163i fa\u0163\u0103 de noi? De ce provoac\u0103 ei at\u00e2ta team\u0103? - Secretele lui Lovendal\",\"isPartOf\":{\"@id\":\"https:\\\/\\\/www.lovendal.ro\\\/wp52\\\/#website\"},\"primaryImageOfPage\":{\"@id\":\"https:\\\/\\\/www.lovendal.ro\\\/wp52\\\/misterul-oamenilor-cu-ochi-intunecati-cine-sunt-ei-si-de-ce-sunt-atat-de-diferiti-fata-de-noi-de-ce-provoaca-ei-atata-teama\\\/#primaryimage\"},\"image\":{\"@id\":\"https:\\\/\\\/www.lovendal.ro\\\/wp52\\\/misterul-oamenilor-cu-ochi-intunecati-cine-sunt-ei-si-de-ce-sunt-atat-de-diferiti-fata-de-noi-de-ce-provoaca-ei-atata-teama\\\/#primaryimage\"},\"thumbnailUrl\":\"https:\\\/\\\/www.lovendal.ro\\\/wp52\\\/wp-content\\\/uploads\\\/2015\\\/11\\\/ochi-negri.jpg\",\"datePublished\":\"2015-11-27T21:56:46+00:00\",\"breadcrumb\":{\"@id\":\"https:\\\/\\\/www.lovendal.ro\\\/wp52\\\/misterul-oamenilor-cu-ochi-intunecati-cine-sunt-ei-si-de-ce-sunt-atat-de-diferiti-fata-de-noi-de-ce-provoaca-ei-atata-teama\\\/#breadcrumb\"},\"inLanguage\":\"ro-RO\",\"potentialAction\":[{\"@type\":\"ReadAction\",\"target\":[\"https:\\\/\\\/www.lovendal.ro\\\/wp52\\\/misterul-oamenilor-cu-ochi-intunecati-cine-sunt-ei-si-de-ce-sunt-atat-de-diferiti-fata-de-noi-de-ce-provoaca-ei-atata-teama\\\/\"]}]},{\"@type\":\"ImageObject\",\"inLanguage\":\"ro-RO\",\"@id\":\"https:\\\/\\\/www.lovendal.ro\\\/wp52\\\/misterul-oamenilor-cu-ochi-intunecati-cine-sunt-ei-si-de-ce-sunt-atat-de-diferiti-fata-de-noi-de-ce-provoaca-ei-atata-teama\\\/#primaryimage\",\"url\":\"https:\\\/\\\/www.lovendal.ro\\\/wp52\\\/wp-content\\\/uploads\\\/2015\\\/11\\\/ochi-negri.jpg\",\"contentUrl\":\"https:\\\/\\\/www.lovendal.ro\\\/wp52\\\/wp-content\\\/uploads\\\/2015\\\/11\\\/ochi-negri.jpg\",\"width\":333,\"height\":249},{\"@type\":\"BreadcrumbList\",\"@id\":\"https:\\\/\\\/www.lovendal.ro\\\/wp52\\\/misterul-oamenilor-cu-ochi-intunecati-cine-sunt-ei-si-de-ce-sunt-atat-de-diferiti-fata-de-noi-de-ce-provoaca-ei-atata-teama\\\/#breadcrumb\",\"itemListElement\":[{\"@type\":\"ListItem\",\"position\":1,\"name\":\"Home\",\"item\":\"https:\\\/\\\/www.lovendal.ro\\\/wp52\\\/\"},{\"@type\":\"ListItem\",\"position\":2,\"name\":\"Misterul oamenilor cu ochi \u00eentuneca\u0163i: cine sunt ei \u015fi de ce sunt at\u00e2t de diferi\u0163i fa\u0163\u0103 de noi? De ce provoac\u0103 ei at\u00e2ta team\u0103?\"}]},{\"@type\":\"WebSite\",\"@id\":\"https:\\\/\\\/www.lovendal.ro\\\/wp52\\\/#website\",\"url\":\"https:\\\/\\\/www.lovendal.ro\\\/wp52\\\/\",\"name\":\"Secretele lui Lovendal\",\"description\":\"Site de secrete, stiinta si metafizica - din 2008 -\",\"publisher\":{\"@id\":\"https:\\\/\\\/www.lovendal.ro\\\/wp52\\\/#organization\"},\"potentialAction\":[{\"@type\":\"SearchAction\",\"target\":{\"@type\":\"EntryPoint\",\"urlTemplate\":\"https:\\\/\\\/www.lovendal.ro\\\/wp52\\\/?s={search_term_string}\"},\"query-input\":{\"@type\":\"PropertyValueSpecification\",\"valueRequired\":true,\"valueName\":\"search_term_string\"}}],\"inLanguage\":\"ro-RO\"},{\"@type\":\"Organization\",\"@id\":\"https:\\\/\\\/www.lovendal.ro\\\/wp52\\\/#organization\",\"name\":\"Secretele lui Lovendal\",\"url\":\"https:\\\/\\\/www.lovendal.ro\\\/wp52\\\/\",\"logo\":{\"@type\":\"ImageObject\",\"inLanguage\":\"ro-RO\",\"@id\":\"https:\\\/\\\/www.lovendal.ro\\\/wp52\\\/#\\\/schema\\\/logo\\\/image\\\/\",\"url\":\"https:\\\/\\\/www.lovendal.ro\\\/wp52\\\/wp-content\\\/uploads\\\/2024\\\/06\\\/cropped-SLL-iun-2024-1.jpg\",\"contentUrl\":\"https:\\\/\\\/www.lovendal.ro\\\/wp52\\\/wp-content\\\/uploads\\\/2024\\\/06\\\/cropped-SLL-iun-2024-1.jpg\",\"width\":771,\"height\":240,\"caption\":\"Secretele lui Lovendal\"},\"image\":{\"@id\":\"https:\\\/\\\/www.lovendal.ro\\\/wp52\\\/#\\\/schema\\\/logo\\\/image\\\/\"},\"sameAs\":[\"https:\\\/\\\/www.facebook.com\\\/secreteleluilovendal\"]},{\"@type\":\"Person\",\"@id\":\"https:\\\/\\\/www.lovendal.ro\\\/wp52\\\/#\\\/schema\\\/person\\\/088691de5dfc346bb0c023e1e52ef5d9\",\"name\":\"admin\",\"image\":{\"@type\":\"ImageObject\",\"inLanguage\":\"ro-RO\",\"@id\":\"https:\\\/\\\/secure.gravatar.com\\\/avatar\\\/ecb9cd41f5f63c9c9b989999a59f6e2639a865ec361e9db054db0679a8f341c2?s=96&d=mm&r=g\",\"url\":\"https:\\\/\\\/secure.gravatar.com\\\/avatar\\\/ecb9cd41f5f63c9c9b989999a59f6e2639a865ec361e9db054db0679a8f341c2?s=96&d=mm&r=g\",\"contentUrl\":\"https:\\\/\\\/secure.gravatar.com\\\/avatar\\\/ecb9cd41f5f63c9c9b989999a59f6e2639a865ec361e9db054db0679a8f341c2?s=96&d=mm&r=g\",\"caption\":\"admin\"},\"sameAs\":[\"https:\\\/\\\/www.lovendal.ro\\\/wp52\"]}]}<\/script>\n<!-- \/ Yoast SEO Premium plugin. -->","yoast_head_json":{"title":"Misterul oamenilor cu ochi \u00eentuneca\u0163i: cine sunt ei \u015fi de ce sunt at\u00e2t de diferi\u0163i fa\u0163\u0103 de noi? De ce provoac\u0103 ei at\u00e2ta team\u0103? - Secretele lui Lovendal","robots":{"index":"index","follow":"follow","max-snippet":"max-snippet:-1","max-image-preview":"max-image-preview:large","max-video-preview":"max-video-preview:-1"},"canonical":"https:\/\/www.lovendal.ro\/wp52\/misterul-oamenilor-cu-ochi-intunecati-cine-sunt-ei-si-de-ce-sunt-atat-de-diferiti-fata-de-noi-de-ce-provoaca-ei-atata-teama\/","og_locale":"ro_RO","og_type":"article","og_title":"Misterul oamenilor cu ochi \u00eentuneca\u0163i: cine sunt ei \u015fi de ce sunt at\u00e2t de diferi\u0163i fa\u0163\u0103 de noi? De ce provoac\u0103 ei at\u00e2ta team\u0103?","og_description":"Ei au fost \u00eent\u00e2lni\u0163i peste tot \u00een lume. Ochii lor sunt total negri, f\u0103r\u0103 nicio culoare. Cine sunt ei \u015fi de ce sunt ei at\u00e2t de diferi\u0163i fa\u0163\u0103 de restul dintre noi? Exist\u0103 mai multe pove\u0219ti cu \u00eent\u00e2lniri cu aceste ... Cititi mai multe","og_url":"https:\/\/www.lovendal.ro\/wp52\/misterul-oamenilor-cu-ochi-intunecati-cine-sunt-ei-si-de-ce-sunt-atat-de-diferiti-fata-de-noi-de-ce-provoaca-ei-atata-teama\/","og_site_name":"Secretele lui Lovendal","article_publisher":"https:\/\/www.facebook.com\/secreteleluilovendal","article_published_time":"2015-11-27T21:56:46+00:00","og_image":[{"width":333,"height":249,"url":"https:\/\/www.lovendal.ro\/wp52\/wp-content\/uploads\/2015\/11\/ochi-negri.jpg","type":"image\/jpeg"}],"author":"admin","twitter_card":"summary_large_image","twitter_misc":{"Scris de":"admin","Timp estimat pentru citire":"5 minute"},"schema":{"@context":"https:\/\/schema.org","@graph":[{"@type":"Article","@id":"https:\/\/www.lovendal.ro\/wp52\/misterul-oamenilor-cu-ochi-intunecati-cine-sunt-ei-si-de-ce-sunt-atat-de-diferiti-fata-de-noi-de-ce-provoaca-ei-atata-teama\/#article","isPartOf":{"@id":"https:\/\/www.lovendal.ro\/wp52\/misterul-oamenilor-cu-ochi-intunecati-cine-sunt-ei-si-de-ce-sunt-atat-de-diferiti-fata-de-noi-de-ce-provoaca-ei-atata-teama\/"},"author":{"name":"admin","@id":"https:\/\/www.lovendal.ro\/wp52\/#\/schema\/person\/088691de5dfc346bb0c023e1e52ef5d9"},"headline":"Misterul oamenilor cu ochi \u00eentuneca\u0163i: cine sunt ei \u015fi de ce sunt at\u00e2t de diferi\u0163i fa\u0163\u0103 de noi? De ce provoac\u0103 ei at\u00e2ta team\u0103?","datePublished":"2015-11-27T21:56:46+00:00","mainEntityOfPage":{"@id":"https:\/\/www.lovendal.ro\/wp52\/misterul-oamenilor-cu-ochi-intunecati-cine-sunt-ei-si-de-ce-sunt-atat-de-diferiti-fata-de-noi-de-ce-provoaca-ei-atata-teama\/"},"wordCount":1083,"commentCount":26,"publisher":{"@id":"https:\/\/www.lovendal.ro\/wp52\/#organization"},"image":{"@id":"https:\/\/www.lovendal.ro\/wp52\/misterul-oamenilor-cu-ochi-intunecati-cine-sunt-ei-si-de-ce-sunt-atat-de-diferiti-fata-de-noi-de-ce-provoaca-ei-atata-teama\/#primaryimage"},"thumbnailUrl":"https:\/\/www.lovendal.ro\/wp52\/wp-content\/uploads\/2015\/11\/ochi-negri.jpg","keywords":["ADN","Biblie","c\u00e2ine","cal","copii","emo\u0163ii","extratere\u015ftri","femeie","fric\u0103","g\u00e2nd","haine","hibrizi","mass-media","Michigan","Nephilim","ochi","ochi negri","p\u0103r","Paranormal-Spiritualitate","Portland","Satana","\u015fop\u00e2rl\u0103","SUA","suflet","toalet\u0103"],"articleSection":["Noutati","Paranormal-Spiritualitate"],"inLanguage":"ro-RO","potentialAction":[{"@type":"CommentAction","name":"Comment","target":["https:\/\/www.lovendal.ro\/wp52\/misterul-oamenilor-cu-ochi-intunecati-cine-sunt-ei-si-de-ce-sunt-atat-de-diferiti-fata-de-noi-de-ce-provoaca-ei-atata-teama\/#respond"]}]},{"@type":"WebPage","@id":"https:\/\/www.lovendal.ro\/wp52\/misterul-oamenilor-cu-ochi-intunecati-cine-sunt-ei-si-de-ce-sunt-atat-de-diferiti-fata-de-noi-de-ce-provoaca-ei-atata-teama\/","url":"https:\/\/www.lovendal.ro\/wp52\/misterul-oamenilor-cu-ochi-intunecati-cine-sunt-ei-si-de-ce-sunt-atat-de-diferiti-fata-de-noi-de-ce-provoaca-ei-atata-teama\/","name":"Misterul oamenilor cu ochi \u00eentuneca\u0163i: cine sunt ei \u015fi de ce sunt at\u00e2t de diferi\u0163i fa\u0163\u0103 de noi? De ce provoac\u0103 ei at\u00e2ta team\u0103? - Secretele lui Lovendal","isPartOf":{"@id":"https:\/\/www.lovendal.ro\/wp52\/#website"},"primaryImageOfPage":{"@id":"https:\/\/www.lovendal.ro\/wp52\/misterul-oamenilor-cu-ochi-intunecati-cine-sunt-ei-si-de-ce-sunt-atat-de-diferiti-fata-de-noi-de-ce-provoaca-ei-atata-teama\/#primaryimage"},"image":{"@id":"https:\/\/www.lovendal.ro\/wp52\/misterul-oamenilor-cu-ochi-intunecati-cine-sunt-ei-si-de-ce-sunt-atat-de-diferiti-fata-de-noi-de-ce-provoaca-ei-atata-teama\/#primaryimage"},"thumbnailUrl":"https:\/\/www.lovendal.ro\/wp52\/wp-content\/uploads\/2015\/11\/ochi-negri.jpg","datePublished":"2015-11-27T21:56:46+00:00","breadcrumb":{"@id":"https:\/\/www.lovendal.ro\/wp52\/misterul-oamenilor-cu-ochi-intunecati-cine-sunt-ei-si-de-ce-sunt-atat-de-diferiti-fata-de-noi-de-ce-provoaca-ei-atata-teama\/#breadcrumb"},"inLanguage":"ro-RO","potentialAction":[{"@type":"ReadAction","target":["https:\/\/www.lovendal.ro\/wp52\/misterul-oamenilor-cu-ochi-intunecati-cine-sunt-ei-si-de-ce-sunt-atat-de-diferiti-fata-de-noi-de-ce-provoaca-ei-atata-teama\/"]}]},{"@type":"ImageObject","inLanguage":"ro-RO","@id":"https:\/\/www.lovendal.ro\/wp52\/misterul-oamenilor-cu-ochi-intunecati-cine-sunt-ei-si-de-ce-sunt-atat-de-diferiti-fata-de-noi-de-ce-provoaca-ei-atata-teama\/#primaryimage","url":"https:\/\/www.lovendal.ro\/wp52\/wp-content\/uploads\/2015\/11\/ochi-negri.jpg","contentUrl":"https:\/\/www.lovendal.ro\/wp52\/wp-content\/uploads\/2015\/11\/ochi-negri.jpg","width":333,"height":249},{"@type":"BreadcrumbList","@id":"https:\/\/www.lovendal.ro\/wp52\/misterul-oamenilor-cu-ochi-intunecati-cine-sunt-ei-si-de-ce-sunt-atat-de-diferiti-fata-de-noi-de-ce-provoaca-ei-atata-teama\/#breadcrumb","itemListElement":[{"@type":"ListItem","position":1,"name":"Home","item":"https:\/\/www.lovendal.ro\/wp52\/"},{"@type":"ListItem","position":2,"name":"Misterul oamenilor cu ochi \u00eentuneca\u0163i: cine sunt ei \u015fi de ce sunt at\u00e2t de diferi\u0163i fa\u0163\u0103 de noi? De ce provoac\u0103 ei at\u00e2ta team\u0103?"}]},{"@type":"WebSite","@id":"https:\/\/www.lovendal.ro\/wp52\/#website","url":"https:\/\/www.lovendal.ro\/wp52\/","name":"Secretele lui Lovendal","description":"Site de secrete, stiinta si metafizica - din 2008 -","publisher":{"@id":"https:\/\/www.lovendal.ro\/wp52\/#organization"},"potentialAction":[{"@type":"SearchAction","target":{"@type":"EntryPoint","urlTemplate":"https:\/\/www.lovendal.ro\/wp52\/?s={search_term_string}"},"query-input":{"@type":"PropertyValueSpecification","valueRequired":true,"valueName":"search_term_string"}}],"inLanguage":"ro-RO"},{"@type":"Organization","@id":"https:\/\/www.lovendal.ro\/wp52\/#organization","name":"Secretele lui Lovendal","url":"https:\/\/www.lovendal.ro\/wp52\/","logo":{"@type":"ImageObject","inLanguage":"ro-RO","@id":"https:\/\/www.lovendal.ro\/wp52\/#\/schema\/logo\/image\/","url":"https:\/\/www.lovendal.ro\/wp52\/wp-content\/uploads\/2024\/06\/cropped-SLL-iun-2024-1.jpg","contentUrl":"https:\/\/www.lovendal.ro\/wp52\/wp-content\/uploads\/2024\/06\/cropped-SLL-iun-2024-1.jpg","width":771,"height":240,"caption":"Secretele lui Lovendal"},"image":{"@id":"https:\/\/www.lovendal.ro\/wp52\/#\/schema\/logo\/image\/"},"sameAs":["https:\/\/www.facebook.com\/secreteleluilovendal"]},{"@type":"Person","@id":"https:\/\/www.lovendal.ro\/wp52\/#\/schema\/person\/088691de5dfc346bb0c023e1e52ef5d9","name":"admin","image":{"@type":"ImageObject","inLanguage":"ro-RO","@id":"https:\/\/secure.gravatar.com\/avatar\/ecb9cd41f5f63c9c9b989999a59f6e2639a865ec361e9db054db0679a8f341c2?s=96&d=mm&r=g","url":"https:\/\/secure.gravatar.com\/avatar\/ecb9cd41f5f63c9c9b989999a59f6e2639a865ec361e9db054db0679a8f341c2?s=96&d=mm&r=g","contentUrl":"https:\/\/secure.gravatar.com\/avatar\/ecb9cd41f5f63c9c9b989999a59f6e2639a865ec361e9db054db0679a8f341c2?s=96&d=mm&r=g","caption":"admin"},"sameAs":["https:\/\/www.lovendal.ro\/wp52"]}]}},"_links":{"self":[{"href":"https:\/\/www.lovendal.ro\/wp52\/wp-json\/wp\/v2\/posts\/41614","targetHints":{"allow":["GET"]}}],"collection":[{"href":"https:\/\/www.lovendal.ro\/wp52\/wp-json\/wp\/v2\/posts"}],"about":[{"href":"https:\/\/www.lovendal.ro\/wp52\/wp-json\/wp\/v2\/types\/post"}],"author":[{"embeddable":true,"href":"https:\/\/www.lovendal.ro\/wp52\/wp-json\/wp\/v2\/users\/1"}],"replies":[{"embeddable":true,"href":"https:\/\/www.lovendal.ro\/wp52\/wp-json\/wp\/v2\/comments?post=41614"}],"version-history":[{"count":0,"href":"https:\/\/www.lovendal.ro\/wp52\/wp-json\/wp\/v2\/posts\/41614\/revisions"}],"wp:featuredmedia":[{"embeddable":true,"href":"https:\/\/www.lovendal.ro\/wp52\/wp-json\/wp\/v2\/media\/41616"}],"wp:attachment":[{"href":"https:\/\/www.lovendal.ro\/wp52\/wp-json\/wp\/v2\/media?parent=41614"}],"wp:term":[{"taxonomy":"category","embeddable":true,"href":"https:\/\/www.lovendal.ro\/wp52\/wp-json\/wp\/v2\/categories?post=41614"},{"taxonomy":"post_tag","embeddable":true,"href":"https:\/\/www.lovendal.ro\/wp52\/wp-json\/wp\/v2\/tags?post=41614"}],"curies":[{"name":"wp","href":"https:\/\/api.w.org\/{rel}","templated":true}]}}