{"id":41076,"date":"2015-10-29T09:01:21","date_gmt":"2015-10-29T07:01:21","guid":{"rendered":"http:\/\/www.lovendal.ro\/wp52\/?p=41076"},"modified":"2024-07-19T06:13:07","modified_gmt":"2024-07-19T03:13:07","slug":"un-cititor-a-fotografiat-cum-o-lumina-misterioasa-iese-dintr-un-munte-din-platoul-bucegi-lumina-a-fost-insotita-si-de-un-tiuit-bizar","status":"publish","type":"post","link":"https:\/\/www.lovendal.ro\/wp52\/un-cititor-a-fotografiat-cum-o-lumina-misterioasa-iese-dintr-un-munte-din-platoul-bucegi-lumina-a-fost-insotita-si-de-un-tiuit-bizar\/","title":{"rendered":"Un cititor a fotografiat cum o lumin\u0103 misterioas\u0103 iese dintr-un munte din platoul Bucegi! Lumina a fost \u00eenso\u0163it\u0103 \u015fi de un \u0163iuit bizar&#8230;"},"content":{"rendered":"<p><img loading=\"lazy\" decoding=\"async\" class=\"alignleft size-full wp-image-41077\" src=\"https:\/\/www.lovendal.ro\/wp52\/wp-content\/uploads\/2015\/10\/lumina-muntele-Furnica.jpg\" alt=\"lumina muntele Furnica\" width=\"332\" height=\"240\" srcset=\"https:\/\/www.lovendal.ro\/wp52\/wp-content\/uploads\/2015\/10\/lumina-muntele-Furnica.jpg 332w, https:\/\/www.lovendal.ro\/wp52\/wp-content\/uploads\/2015\/10\/lumina-muntele-Furnica-300x217.jpg 300w, https:\/\/www.lovendal.ro\/wp52\/wp-content\/uploads\/2015\/10\/lumina-muntele-Furnica-82x60.jpg 82w\" sizes=\"auto, (max-width: 332px) 100vw, 332px\" \/>Am primit un email de la un cititor, \u00eenso\u0163it de o fotografie ciudat\u0103, care spune multe. F\u0103r\u0103 s\u0103 o lungesc prea mult, citez direct din email, sco\u0163\u00e2nd paragrafele neinteresante:<\/p>\n<p><em>&#8222;Bun\u0103 Lovendal (&#8230;) Acum 2 luni am fost la munte pentru o s\u0103pt\u0103m\u00e2n\u0103, mai exact \u00een zona Sinaia-Bra\u015fov. Era \u00eentr-o sear\u0103 \u015fi m\u0103 aflam la M\u0103n\u0103stirea Sinaia, c\u00e2nd, deodat\u0103, am auzit un zgomot extrem de ascu\u0163it \u015fi de strident. \u015ei so\u0163ia mea, cu care m\u0103 aflam, a auzit la fel. Vreau s\u0103 precizez c\u0103 nu era sunet de avion, \u015ftiind ce zgomot face o aeronav\u0103. Era ca un&#8230; cum s\u0103-\u0163i explic eu \u0163ie, ca un \u0163iuit \u00een urechea intern\u0103.<\/em><\/p>\n<p><em>Fiind \u00een curtea m\u0103n\u0103stirii, m-am uitat \u00eemprejur s\u0103 aflu originea zgomotului, dar nu-l puteam repera. Totu\u015fi, c\u00e2nd m-am uitat sus, spre muntele unde se afl\u0103 construit telefericul din Sinaia, am fost martorul unui eveniment incredibil. \u015ei \u00ee\u0163i jur c\u0103 a\u015fa a fost: o raz\u0103 luminoas\u0103 a ie\u015fit din munte \u015fi s-a \u00eendreptat undeva spre cer! \u00centreg fenomenul s-a petrecut \u00een dou\u0103 secunde, iar raza luminoas\u0103 a mai durat c\u00e2teva secunde. Buim\u0103cit, am scos aparatul foto pe care l-aveam la mine \u015fi am f\u0103cut poza pe care \u0163i-am ata\u015fat-o emailului (\u00eemi cer scuze pentru calitatea sa mai proast\u0103, dar era la apusul soarelui \u015fi n-am avut timp s\u0103-i fac set\u0103rile corespunz\u0103toare). Apoi, raza luminoas\u0103 a disp\u0103rut brusc, la fel cum a ap\u0103rut. Dup\u0103 circa 20-30 de secunde, s-a oprit \u015fi \u0163iuitul.<\/em><\/p>\n<p><em>Eu \u015fi cu so\u0163ia mea am fost foarte impresiona\u0163i de acest eveniment. Le-am mai spus aceast\u0103 \u00eent\u00e2mplare \u015fi prietenilor, dar se pare c\u0103 ei nu prea m-au crezut. \u015etiu c\u0103 tu te ocupi cu chestii paranormale, a\u015fa c\u0103 m-am g\u00e2ndit s\u0103-\u0163i scriu \u0163ie. Nu \u015ftiu ce-a fost \u015fi am rug\u0103mintea s\u0103 nu-mi dai numele, pentru c\u0103 doresc s\u0103 fiu anonim; de aceea, n-am niciun interes s\u0103 fabulez&#8221;.<\/em><\/p>\n<p>P.S. Foarte interesant\u0103 relatarea cititorului meu, dar la fel de interesant\u0103 e \u015fi poza care o \u00eenso\u0163e\u015fte. Dup\u0103 c\u00e2te \u015ftiu, muntele \u00een care se g\u0103se\u015fte telefericul din Sinaia este Muntele Furnica. Privit din M\u0103n\u0103stirea Sinaia, are o form\u0103 ciudat\u0103 de piramid\u0103. Iar, dac\u0103 relatarea cititorului este una adev\u0103rat\u0103, iat\u0103 c\u0103 avem \u00eenc\u0103 un caz misterios de &#8222;lumini ciudate&#8221; \u00een platoul Bucegi. Iar astfel de \u00eent\u00e2mpl\u0103ri se pare c\u0103 sunt destul de \u00eent\u00e2lnite \u00een zona Bucegilor. Oare ce energii ciudate se ascund acolo?<\/p>\n<p><img loading=\"lazy\" decoding=\"async\" class=\"aligncenter size-full wp-image-41078\" src=\"https:\/\/www.lovendal.ro\/wp52\/wp-content\/uploads\/2015\/10\/lumina-muntele-Furnica-1.jpg\" alt=\"lumina muntele Furnica 1\" width=\"540\" height=\"391\" srcset=\"https:\/\/www.lovendal.ro\/wp52\/wp-content\/uploads\/2015\/10\/lumina-muntele-Furnica-1.jpg 540w, https:\/\/www.lovendal.ro\/wp52\/wp-content\/uploads\/2015\/10\/lumina-muntele-Furnica-1-300x217.jpg 300w, https:\/\/www.lovendal.ro\/wp52\/wp-content\/uploads\/2015\/10\/lumina-muntele-Furnica-1-82x60.jpg 82w\" sizes=\"auto, (max-width: 540px) 100vw, 540px\" \/><\/p>\n","protected":false},"excerpt":{"rendered":"<p>Am primit un email de la un cititor, \u00eenso\u0163it de o fotografie ciudat\u0103, care spune multe. F\u0103r\u0103 s\u0103 o lungesc prea mult, citez direct din email, sco\u0163\u00e2nd paragrafele neinteresante: &#8222;Bun\u0103 Lovendal (&#8230;) Acum 2 luni am fost la munte pentru &#8230; <\/p>\n<p class=\"read-more-container\"><a title=\"Un cititor a fotografiat cum o lumin\u0103 misterioas\u0103 iese dintr-un munte din platoul Bucegi! Lumina a fost \u00eenso\u0163it\u0103 \u015fi de un \u0163iuit bizar&#8230;\" class=\"read-more button\" href=\"https:\/\/www.lovendal.ro\/wp52\/un-cititor-a-fotografiat-cum-o-lumina-misterioasa-iese-dintr-un-munte-din-platoul-bucegi-lumina-a-fost-insotita-si-de-un-tiuit-bizar\/#more-41076\" aria-label=\"Cite\u0219te mai multe despre Un cititor a fotografiat cum o lumin\u0103 misterioas\u0103 iese dintr-un munte din platoul Bucegi! Lumina a fost \u00eenso\u0163it\u0103 \u015fi de un \u0163iuit bizar&#8230;\">Cititi mai multe<\/a><\/p>\n","protected":false},"author":1,"featured_media":41077,"comment_status":"open","ping_status":"open","sticky":false,"template":"","format":"standard","meta":{"footnotes":""},"categories":[5040],"tags":[6027,8440,762,9818,4761,813,15,952,1620,3783,1040,406,4101,9886,9885,184],"class_list":["post-41076","post","type-post","status-publish","format-standard","has-post-thumbnail","hentry","category-bizar","tag-aparat-foto","tag-apusul-soarelui","tag-avion","tag-bizar","tag-brasov","tag-bucegi","tag-fotografie","tag-lumina","tag-manastire","tag-munte","tag-piramida","tag-sinaia","tag-sunet","tag-teleferic","tag-tiuit","tag-ureche","resize-featured-image"],"yoast_head":"<!-- This site is optimized with the Yoast SEO Premium plugin v23.3 (Yoast SEO v27.4) - https:\/\/yoast.com\/product\/yoast-seo-premium-wordpress\/ -->\n<title>Un cititor a fotografiat cum o lumin\u0103 misterioas\u0103 iese dintr-un munte din platoul Bucegi! Lumina a fost \u00eenso\u0163it\u0103 \u015fi de un \u0163iuit bizar... - Secretele lui Lovendal<\/title>\n<meta name=\"robots\" content=\"index, follow, max-snippet:-1, max-image-preview:large, max-video-preview:-1\" \/>\n<link rel=\"canonical\" href=\"https:\/\/www.lovendal.ro\/wp52\/un-cititor-a-fotografiat-cum-o-lumina-misterioasa-iese-dintr-un-munte-din-platoul-bucegi-lumina-a-fost-insotita-si-de-un-tiuit-bizar\/\" \/>\n<meta property=\"og:locale\" content=\"ro_RO\" \/>\n<meta property=\"og:type\" content=\"article\" \/>\n<meta property=\"og:title\" content=\"Un cititor a fotografiat cum o lumin\u0103 misterioas\u0103 iese dintr-un munte din platoul Bucegi! Lumina a fost \u00eenso\u0163it\u0103 \u015fi de un \u0163iuit bizar...\" \/>\n<meta property=\"og:description\" content=\"Am primit un email de la un cititor, \u00eenso\u0163it de o fotografie ciudat\u0103, care spune multe. F\u0103r\u0103 s\u0103 o lungesc prea mult, citez direct din email, sco\u0163\u00e2nd paragrafele neinteresante: &#8222;Bun\u0103 Lovendal (&#8230;) Acum 2 luni am fost la munte pentru ... Cititi mai multe\" \/>\n<meta property=\"og:url\" content=\"https:\/\/www.lovendal.ro\/wp52\/un-cititor-a-fotografiat-cum-o-lumina-misterioasa-iese-dintr-un-munte-din-platoul-bucegi-lumina-a-fost-insotita-si-de-un-tiuit-bizar\/\" \/>\n<meta property=\"og:site_name\" content=\"Secretele lui Lovendal\" \/>\n<meta property=\"article:publisher\" content=\"https:\/\/www.facebook.com\/secreteleluilovendal\" \/>\n<meta property=\"article:published_time\" content=\"2015-10-29T07:01:21+00:00\" \/>\n<meta property=\"article:modified_time\" content=\"2024-07-19T03:13:07+00:00\" \/>\n<meta property=\"og:image\" content=\"https:\/\/www.lovendal.ro\/wp52\/wp-content\/uploads\/2015\/10\/lumina-muntele-Furnica.jpg\" \/>\n\t<meta property=\"og:image:width\" content=\"332\" \/>\n\t<meta property=\"og:image:height\" content=\"240\" \/>\n\t<meta property=\"og:image:type\" content=\"image\/jpeg\" \/>\n<meta name=\"author\" content=\"admin\" \/>\n<meta name=\"twitter:card\" content=\"summary_large_image\" \/>\n<meta name=\"twitter:label1\" content=\"Scris de\" \/>\n\t<meta name=\"twitter:data1\" content=\"admin\" \/>\n\t<meta name=\"twitter:label2\" content=\"Timp estimat pentru citire\" \/>\n\t<meta name=\"twitter:data2\" content=\"3 minute\" \/>\n<script type=\"application\/ld+json\" class=\"yoast-schema-graph\">{\"@context\":\"https:\\\/\\\/schema.org\",\"@graph\":[{\"@type\":\"Article\",\"@id\":\"https:\\\/\\\/www.lovendal.ro\\\/wp52\\\/un-cititor-a-fotografiat-cum-o-lumina-misterioasa-iese-dintr-un-munte-din-platoul-bucegi-lumina-a-fost-insotita-si-de-un-tiuit-bizar\\\/#article\",\"isPartOf\":{\"@id\":\"https:\\\/\\\/www.lovendal.ro\\\/wp52\\\/un-cititor-a-fotografiat-cum-o-lumina-misterioasa-iese-dintr-un-munte-din-platoul-bucegi-lumina-a-fost-insotita-si-de-un-tiuit-bizar\\\/\"},\"author\":{\"name\":\"admin\",\"@id\":\"https:\\\/\\\/www.lovendal.ro\\\/wp52\\\/#\\\/schema\\\/person\\\/088691de5dfc346bb0c023e1e52ef5d9\"},\"headline\":\"Un cititor a fotografiat cum o lumin\u0103 misterioas\u0103 iese dintr-un munte din platoul Bucegi! Lumina a fost \u00eenso\u0163it\u0103 \u015fi de un \u0163iuit bizar&#8230;\",\"datePublished\":\"2015-10-29T07:01:21+00:00\",\"dateModified\":\"2024-07-19T03:13:07+00:00\",\"mainEntityOfPage\":{\"@id\":\"https:\\\/\\\/www.lovendal.ro\\\/wp52\\\/un-cititor-a-fotografiat-cum-o-lumina-misterioasa-iese-dintr-un-munte-din-platoul-bucegi-lumina-a-fost-insotita-si-de-un-tiuit-bizar\\\/\"},\"wordCount\":458,\"commentCount\":19,\"publisher\":{\"@id\":\"https:\\\/\\\/www.lovendal.ro\\\/wp52\\\/#organization\"},\"image\":{\"@id\":\"https:\\\/\\\/www.lovendal.ro\\\/wp52\\\/un-cititor-a-fotografiat-cum-o-lumina-misterioasa-iese-dintr-un-munte-din-platoul-bucegi-lumina-a-fost-insotita-si-de-un-tiuit-bizar\\\/#primaryimage\"},\"thumbnailUrl\":\"https:\\\/\\\/www.lovendal.ro\\\/wp52\\\/wp-content\\\/uploads\\\/2015\\\/10\\\/lumina-muntele-Furnica.jpg\",\"keywords\":[\"aparat foto\",\"apusul Soarelui\",\"avion\",\"Bizar\",\"Bra\u015fov\",\"Bucegi\",\"fotografie\",\"lumin\u0103\",\"m\u0103n\u0103stire\",\"munte\",\"piramid\u0103\",\"Sinaia\",\"sunet\",\"teleferic\",\"\u0163iuit\",\"ureche\"],\"articleSection\":[\"Bizar\"],\"inLanguage\":\"ro-RO\",\"potentialAction\":[{\"@type\":\"CommentAction\",\"name\":\"Comment\",\"target\":[\"https:\\\/\\\/www.lovendal.ro\\\/wp52\\\/un-cititor-a-fotografiat-cum-o-lumina-misterioasa-iese-dintr-un-munte-din-platoul-bucegi-lumina-a-fost-insotita-si-de-un-tiuit-bizar\\\/#respond\"]}]},{\"@type\":\"WebPage\",\"@id\":\"https:\\\/\\\/www.lovendal.ro\\\/wp52\\\/un-cititor-a-fotografiat-cum-o-lumina-misterioasa-iese-dintr-un-munte-din-platoul-bucegi-lumina-a-fost-insotita-si-de-un-tiuit-bizar\\\/\",\"url\":\"https:\\\/\\\/www.lovendal.ro\\\/wp52\\\/un-cititor-a-fotografiat-cum-o-lumina-misterioasa-iese-dintr-un-munte-din-platoul-bucegi-lumina-a-fost-insotita-si-de-un-tiuit-bizar\\\/\",\"name\":\"Un cititor a fotografiat cum o lumin\u0103 misterioas\u0103 iese dintr-un munte din platoul Bucegi! Lumina a fost \u00eenso\u0163it\u0103 \u015fi de un \u0163iuit bizar... - Secretele lui Lovendal\",\"isPartOf\":{\"@id\":\"https:\\\/\\\/www.lovendal.ro\\\/wp52\\\/#website\"},\"primaryImageOfPage\":{\"@id\":\"https:\\\/\\\/www.lovendal.ro\\\/wp52\\\/un-cititor-a-fotografiat-cum-o-lumina-misterioasa-iese-dintr-un-munte-din-platoul-bucegi-lumina-a-fost-insotita-si-de-un-tiuit-bizar\\\/#primaryimage\"},\"image\":{\"@id\":\"https:\\\/\\\/www.lovendal.ro\\\/wp52\\\/un-cititor-a-fotografiat-cum-o-lumina-misterioasa-iese-dintr-un-munte-din-platoul-bucegi-lumina-a-fost-insotita-si-de-un-tiuit-bizar\\\/#primaryimage\"},\"thumbnailUrl\":\"https:\\\/\\\/www.lovendal.ro\\\/wp52\\\/wp-content\\\/uploads\\\/2015\\\/10\\\/lumina-muntele-Furnica.jpg\",\"datePublished\":\"2015-10-29T07:01:21+00:00\",\"dateModified\":\"2024-07-19T03:13:07+00:00\",\"breadcrumb\":{\"@id\":\"https:\\\/\\\/www.lovendal.ro\\\/wp52\\\/un-cititor-a-fotografiat-cum-o-lumina-misterioasa-iese-dintr-un-munte-din-platoul-bucegi-lumina-a-fost-insotita-si-de-un-tiuit-bizar\\\/#breadcrumb\"},\"inLanguage\":\"ro-RO\",\"potentialAction\":[{\"@type\":\"ReadAction\",\"target\":[\"https:\\\/\\\/www.lovendal.ro\\\/wp52\\\/un-cititor-a-fotografiat-cum-o-lumina-misterioasa-iese-dintr-un-munte-din-platoul-bucegi-lumina-a-fost-insotita-si-de-un-tiuit-bizar\\\/\"]}]},{\"@type\":\"ImageObject\",\"inLanguage\":\"ro-RO\",\"@id\":\"https:\\\/\\\/www.lovendal.ro\\\/wp52\\\/un-cititor-a-fotografiat-cum-o-lumina-misterioasa-iese-dintr-un-munte-din-platoul-bucegi-lumina-a-fost-insotita-si-de-un-tiuit-bizar\\\/#primaryimage\",\"url\":\"https:\\\/\\\/www.lovendal.ro\\\/wp52\\\/wp-content\\\/uploads\\\/2015\\\/10\\\/lumina-muntele-Furnica.jpg\",\"contentUrl\":\"https:\\\/\\\/www.lovendal.ro\\\/wp52\\\/wp-content\\\/uploads\\\/2015\\\/10\\\/lumina-muntele-Furnica.jpg\",\"width\":332,\"height\":240},{\"@type\":\"BreadcrumbList\",\"@id\":\"https:\\\/\\\/www.lovendal.ro\\\/wp52\\\/un-cititor-a-fotografiat-cum-o-lumina-misterioasa-iese-dintr-un-munte-din-platoul-bucegi-lumina-a-fost-insotita-si-de-un-tiuit-bizar\\\/#breadcrumb\",\"itemListElement\":[{\"@type\":\"ListItem\",\"position\":1,\"name\":\"Home\",\"item\":\"https:\\\/\\\/www.lovendal.ro\\\/wp52\\\/\"},{\"@type\":\"ListItem\",\"position\":2,\"name\":\"Un cititor a fotografiat cum o lumin\u0103 misterioas\u0103 iese dintr-un munte din platoul Bucegi! Lumina a fost \u00eenso\u0163it\u0103 \u015fi de un \u0163iuit bizar&#8230;\"}]},{\"@type\":\"WebSite\",\"@id\":\"https:\\\/\\\/www.lovendal.ro\\\/wp52\\\/#website\",\"url\":\"https:\\\/\\\/www.lovendal.ro\\\/wp52\\\/\",\"name\":\"Secretele lui Lovendal\",\"description\":\"Site de secrete, stiinta si metafizica - din 2008 -\",\"publisher\":{\"@id\":\"https:\\\/\\\/www.lovendal.ro\\\/wp52\\\/#organization\"},\"potentialAction\":[{\"@type\":\"SearchAction\",\"target\":{\"@type\":\"EntryPoint\",\"urlTemplate\":\"https:\\\/\\\/www.lovendal.ro\\\/wp52\\\/?s={search_term_string}\"},\"query-input\":{\"@type\":\"PropertyValueSpecification\",\"valueRequired\":true,\"valueName\":\"search_term_string\"}}],\"inLanguage\":\"ro-RO\"},{\"@type\":\"Organization\",\"@id\":\"https:\\\/\\\/www.lovendal.ro\\\/wp52\\\/#organization\",\"name\":\"Secretele lui Lovendal\",\"url\":\"https:\\\/\\\/www.lovendal.ro\\\/wp52\\\/\",\"logo\":{\"@type\":\"ImageObject\",\"inLanguage\":\"ro-RO\",\"@id\":\"https:\\\/\\\/www.lovendal.ro\\\/wp52\\\/#\\\/schema\\\/logo\\\/image\\\/\",\"url\":\"https:\\\/\\\/www.lovendal.ro\\\/wp52\\\/wp-content\\\/uploads\\\/2024\\\/06\\\/cropped-SLL-iun-2024-1.jpg\",\"contentUrl\":\"https:\\\/\\\/www.lovendal.ro\\\/wp52\\\/wp-content\\\/uploads\\\/2024\\\/06\\\/cropped-SLL-iun-2024-1.jpg\",\"width\":771,\"height\":240,\"caption\":\"Secretele lui Lovendal\"},\"image\":{\"@id\":\"https:\\\/\\\/www.lovendal.ro\\\/wp52\\\/#\\\/schema\\\/logo\\\/image\\\/\"},\"sameAs\":[\"https:\\\/\\\/www.facebook.com\\\/secreteleluilovendal\"]},{\"@type\":\"Person\",\"@id\":\"https:\\\/\\\/www.lovendal.ro\\\/wp52\\\/#\\\/schema\\\/person\\\/088691de5dfc346bb0c023e1e52ef5d9\",\"name\":\"admin\",\"image\":{\"@type\":\"ImageObject\",\"inLanguage\":\"ro-RO\",\"@id\":\"https:\\\/\\\/secure.gravatar.com\\\/avatar\\\/ecb9cd41f5f63c9c9b989999a59f6e2639a865ec361e9db054db0679a8f341c2?s=96&d=mm&r=g\",\"url\":\"https:\\\/\\\/secure.gravatar.com\\\/avatar\\\/ecb9cd41f5f63c9c9b989999a59f6e2639a865ec361e9db054db0679a8f341c2?s=96&d=mm&r=g\",\"contentUrl\":\"https:\\\/\\\/secure.gravatar.com\\\/avatar\\\/ecb9cd41f5f63c9c9b989999a59f6e2639a865ec361e9db054db0679a8f341c2?s=96&d=mm&r=g\",\"caption\":\"admin\"},\"sameAs\":[\"https:\\\/\\\/www.lovendal.ro\\\/wp52\"]}]}<\/script>\n<!-- \/ Yoast SEO Premium plugin. -->","yoast_head_json":{"title":"Un cititor a fotografiat cum o lumin\u0103 misterioas\u0103 iese dintr-un munte din platoul Bucegi! Lumina a fost \u00eenso\u0163it\u0103 \u015fi de un \u0163iuit bizar... - Secretele lui Lovendal","robots":{"index":"index","follow":"follow","max-snippet":"max-snippet:-1","max-image-preview":"max-image-preview:large","max-video-preview":"max-video-preview:-1"},"canonical":"https:\/\/www.lovendal.ro\/wp52\/un-cititor-a-fotografiat-cum-o-lumina-misterioasa-iese-dintr-un-munte-din-platoul-bucegi-lumina-a-fost-insotita-si-de-un-tiuit-bizar\/","og_locale":"ro_RO","og_type":"article","og_title":"Un cititor a fotografiat cum o lumin\u0103 misterioas\u0103 iese dintr-un munte din platoul Bucegi! Lumina a fost \u00eenso\u0163it\u0103 \u015fi de un \u0163iuit bizar...","og_description":"Am primit un email de la un cititor, \u00eenso\u0163it de o fotografie ciudat\u0103, care spune multe. F\u0103r\u0103 s\u0103 o lungesc prea mult, citez direct din email, sco\u0163\u00e2nd paragrafele neinteresante: &#8222;Bun\u0103 Lovendal (&#8230;) Acum 2 luni am fost la munte pentru ... Cititi mai multe","og_url":"https:\/\/www.lovendal.ro\/wp52\/un-cititor-a-fotografiat-cum-o-lumina-misterioasa-iese-dintr-un-munte-din-platoul-bucegi-lumina-a-fost-insotita-si-de-un-tiuit-bizar\/","og_site_name":"Secretele lui Lovendal","article_publisher":"https:\/\/www.facebook.com\/secreteleluilovendal","article_published_time":"2015-10-29T07:01:21+00:00","article_modified_time":"2024-07-19T03:13:07+00:00","og_image":[{"width":332,"height":240,"url":"https:\/\/www.lovendal.ro\/wp52\/wp-content\/uploads\/2015\/10\/lumina-muntele-Furnica.jpg","type":"image\/jpeg"}],"author":"admin","twitter_card":"summary_large_image","twitter_misc":{"Scris de":"admin","Timp estimat pentru citire":"3 minute"},"schema":{"@context":"https:\/\/schema.org","@graph":[{"@type":"Article","@id":"https:\/\/www.lovendal.ro\/wp52\/un-cititor-a-fotografiat-cum-o-lumina-misterioasa-iese-dintr-un-munte-din-platoul-bucegi-lumina-a-fost-insotita-si-de-un-tiuit-bizar\/#article","isPartOf":{"@id":"https:\/\/www.lovendal.ro\/wp52\/un-cititor-a-fotografiat-cum-o-lumina-misterioasa-iese-dintr-un-munte-din-platoul-bucegi-lumina-a-fost-insotita-si-de-un-tiuit-bizar\/"},"author":{"name":"admin","@id":"https:\/\/www.lovendal.ro\/wp52\/#\/schema\/person\/088691de5dfc346bb0c023e1e52ef5d9"},"headline":"Un cititor a fotografiat cum o lumin\u0103 misterioas\u0103 iese dintr-un munte din platoul Bucegi! Lumina a fost \u00eenso\u0163it\u0103 \u015fi de un \u0163iuit bizar&#8230;","datePublished":"2015-10-29T07:01:21+00:00","dateModified":"2024-07-19T03:13:07+00:00","mainEntityOfPage":{"@id":"https:\/\/www.lovendal.ro\/wp52\/un-cititor-a-fotografiat-cum-o-lumina-misterioasa-iese-dintr-un-munte-din-platoul-bucegi-lumina-a-fost-insotita-si-de-un-tiuit-bizar\/"},"wordCount":458,"commentCount":19,"publisher":{"@id":"https:\/\/www.lovendal.ro\/wp52\/#organization"},"image":{"@id":"https:\/\/www.lovendal.ro\/wp52\/un-cititor-a-fotografiat-cum-o-lumina-misterioasa-iese-dintr-un-munte-din-platoul-bucegi-lumina-a-fost-insotita-si-de-un-tiuit-bizar\/#primaryimage"},"thumbnailUrl":"https:\/\/www.lovendal.ro\/wp52\/wp-content\/uploads\/2015\/10\/lumina-muntele-Furnica.jpg","keywords":["aparat foto","apusul Soarelui","avion","Bizar","Bra\u015fov","Bucegi","fotografie","lumin\u0103","m\u0103n\u0103stire","munte","piramid\u0103","Sinaia","sunet","teleferic","\u0163iuit","ureche"],"articleSection":["Bizar"],"inLanguage":"ro-RO","potentialAction":[{"@type":"CommentAction","name":"Comment","target":["https:\/\/www.lovendal.ro\/wp52\/un-cititor-a-fotografiat-cum-o-lumina-misterioasa-iese-dintr-un-munte-din-platoul-bucegi-lumina-a-fost-insotita-si-de-un-tiuit-bizar\/#respond"]}]},{"@type":"WebPage","@id":"https:\/\/www.lovendal.ro\/wp52\/un-cititor-a-fotografiat-cum-o-lumina-misterioasa-iese-dintr-un-munte-din-platoul-bucegi-lumina-a-fost-insotita-si-de-un-tiuit-bizar\/","url":"https:\/\/www.lovendal.ro\/wp52\/un-cititor-a-fotografiat-cum-o-lumina-misterioasa-iese-dintr-un-munte-din-platoul-bucegi-lumina-a-fost-insotita-si-de-un-tiuit-bizar\/","name":"Un cititor a fotografiat cum o lumin\u0103 misterioas\u0103 iese dintr-un munte din platoul Bucegi! Lumina a fost \u00eenso\u0163it\u0103 \u015fi de un \u0163iuit bizar... - Secretele lui Lovendal","isPartOf":{"@id":"https:\/\/www.lovendal.ro\/wp52\/#website"},"primaryImageOfPage":{"@id":"https:\/\/www.lovendal.ro\/wp52\/un-cititor-a-fotografiat-cum-o-lumina-misterioasa-iese-dintr-un-munte-din-platoul-bucegi-lumina-a-fost-insotita-si-de-un-tiuit-bizar\/#primaryimage"},"image":{"@id":"https:\/\/www.lovendal.ro\/wp52\/un-cititor-a-fotografiat-cum-o-lumina-misterioasa-iese-dintr-un-munte-din-platoul-bucegi-lumina-a-fost-insotita-si-de-un-tiuit-bizar\/#primaryimage"},"thumbnailUrl":"https:\/\/www.lovendal.ro\/wp52\/wp-content\/uploads\/2015\/10\/lumina-muntele-Furnica.jpg","datePublished":"2015-10-29T07:01:21+00:00","dateModified":"2024-07-19T03:13:07+00:00","breadcrumb":{"@id":"https:\/\/www.lovendal.ro\/wp52\/un-cititor-a-fotografiat-cum-o-lumina-misterioasa-iese-dintr-un-munte-din-platoul-bucegi-lumina-a-fost-insotita-si-de-un-tiuit-bizar\/#breadcrumb"},"inLanguage":"ro-RO","potentialAction":[{"@type":"ReadAction","target":["https:\/\/www.lovendal.ro\/wp52\/un-cititor-a-fotografiat-cum-o-lumina-misterioasa-iese-dintr-un-munte-din-platoul-bucegi-lumina-a-fost-insotita-si-de-un-tiuit-bizar\/"]}]},{"@type":"ImageObject","inLanguage":"ro-RO","@id":"https:\/\/www.lovendal.ro\/wp52\/un-cititor-a-fotografiat-cum-o-lumina-misterioasa-iese-dintr-un-munte-din-platoul-bucegi-lumina-a-fost-insotita-si-de-un-tiuit-bizar\/#primaryimage","url":"https:\/\/www.lovendal.ro\/wp52\/wp-content\/uploads\/2015\/10\/lumina-muntele-Furnica.jpg","contentUrl":"https:\/\/www.lovendal.ro\/wp52\/wp-content\/uploads\/2015\/10\/lumina-muntele-Furnica.jpg","width":332,"height":240},{"@type":"BreadcrumbList","@id":"https:\/\/www.lovendal.ro\/wp52\/un-cititor-a-fotografiat-cum-o-lumina-misterioasa-iese-dintr-un-munte-din-platoul-bucegi-lumina-a-fost-insotita-si-de-un-tiuit-bizar\/#breadcrumb","itemListElement":[{"@type":"ListItem","position":1,"name":"Home","item":"https:\/\/www.lovendal.ro\/wp52\/"},{"@type":"ListItem","position":2,"name":"Un cititor a fotografiat cum o lumin\u0103 misterioas\u0103 iese dintr-un munte din platoul Bucegi! Lumina a fost \u00eenso\u0163it\u0103 \u015fi de un \u0163iuit bizar&#8230;"}]},{"@type":"WebSite","@id":"https:\/\/www.lovendal.ro\/wp52\/#website","url":"https:\/\/www.lovendal.ro\/wp52\/","name":"Secretele lui Lovendal","description":"Site de secrete, stiinta si metafizica - din 2008 -","publisher":{"@id":"https:\/\/www.lovendal.ro\/wp52\/#organization"},"potentialAction":[{"@type":"SearchAction","target":{"@type":"EntryPoint","urlTemplate":"https:\/\/www.lovendal.ro\/wp52\/?s={search_term_string}"},"query-input":{"@type":"PropertyValueSpecification","valueRequired":true,"valueName":"search_term_string"}}],"inLanguage":"ro-RO"},{"@type":"Organization","@id":"https:\/\/www.lovendal.ro\/wp52\/#organization","name":"Secretele lui Lovendal","url":"https:\/\/www.lovendal.ro\/wp52\/","logo":{"@type":"ImageObject","inLanguage":"ro-RO","@id":"https:\/\/www.lovendal.ro\/wp52\/#\/schema\/logo\/image\/","url":"https:\/\/www.lovendal.ro\/wp52\/wp-content\/uploads\/2024\/06\/cropped-SLL-iun-2024-1.jpg","contentUrl":"https:\/\/www.lovendal.ro\/wp52\/wp-content\/uploads\/2024\/06\/cropped-SLL-iun-2024-1.jpg","width":771,"height":240,"caption":"Secretele lui Lovendal"},"image":{"@id":"https:\/\/www.lovendal.ro\/wp52\/#\/schema\/logo\/image\/"},"sameAs":["https:\/\/www.facebook.com\/secreteleluilovendal"]},{"@type":"Person","@id":"https:\/\/www.lovendal.ro\/wp52\/#\/schema\/person\/088691de5dfc346bb0c023e1e52ef5d9","name":"admin","image":{"@type":"ImageObject","inLanguage":"ro-RO","@id":"https:\/\/secure.gravatar.com\/avatar\/ecb9cd41f5f63c9c9b989999a59f6e2639a865ec361e9db054db0679a8f341c2?s=96&d=mm&r=g","url":"https:\/\/secure.gravatar.com\/avatar\/ecb9cd41f5f63c9c9b989999a59f6e2639a865ec361e9db054db0679a8f341c2?s=96&d=mm&r=g","contentUrl":"https:\/\/secure.gravatar.com\/avatar\/ecb9cd41f5f63c9c9b989999a59f6e2639a865ec361e9db054db0679a8f341c2?s=96&d=mm&r=g","caption":"admin"},"sameAs":["https:\/\/www.lovendal.ro\/wp52"]}]}},"_links":{"self":[{"href":"https:\/\/www.lovendal.ro\/wp52\/wp-json\/wp\/v2\/posts\/41076","targetHints":{"allow":["GET"]}}],"collection":[{"href":"https:\/\/www.lovendal.ro\/wp52\/wp-json\/wp\/v2\/posts"}],"about":[{"href":"https:\/\/www.lovendal.ro\/wp52\/wp-json\/wp\/v2\/types\/post"}],"author":[{"embeddable":true,"href":"https:\/\/www.lovendal.ro\/wp52\/wp-json\/wp\/v2\/users\/1"}],"replies":[{"embeddable":true,"href":"https:\/\/www.lovendal.ro\/wp52\/wp-json\/wp\/v2\/comments?post=41076"}],"version-history":[{"count":1,"href":"https:\/\/www.lovendal.ro\/wp52\/wp-json\/wp\/v2\/posts\/41076\/revisions"}],"predecessor-version":[{"id":91962,"href":"https:\/\/www.lovendal.ro\/wp52\/wp-json\/wp\/v2\/posts\/41076\/revisions\/91962"}],"wp:featuredmedia":[{"embeddable":true,"href":"https:\/\/www.lovendal.ro\/wp52\/wp-json\/wp\/v2\/media\/41077"}],"wp:attachment":[{"href":"https:\/\/www.lovendal.ro\/wp52\/wp-json\/wp\/v2\/media?parent=41076"}],"wp:term":[{"taxonomy":"category","embeddable":true,"href":"https:\/\/www.lovendal.ro\/wp52\/wp-json\/wp\/v2\/categories?post=41076"},{"taxonomy":"post_tag","embeddable":true,"href":"https:\/\/www.lovendal.ro\/wp52\/wp-json\/wp\/v2\/tags?post=41076"}],"curies":[{"name":"wp","href":"https:\/\/api.w.org\/{rel}","templated":true}]}}