{"id":40346,"date":"2015-09-14T22:47:15","date_gmt":"2015-09-14T19:47:15","guid":{"rendered":"http:\/\/www.lovendal.ro\/wp52\/?p=40346"},"modified":"2015-09-14T22:47:52","modified_gmt":"2015-09-14T19:47:52","slug":"explicatii-ezoterice-uluitoare-despre-cum-si-a-prevestit-vadim-tudoar-moartea-cu-o-saptamana-inainte-scriind-poezia-hai-moarte-sa-bem-o-cafea","status":"publish","type":"post","link":"https:\/\/www.lovendal.ro\/wp52\/explicatii-ezoterice-uluitoare-despre-cum-si-a-prevestit-vadim-tudoar-moartea-cu-o-saptamana-inainte-scriind-poezia-hai-moarte-sa-bem-o-cafea\/","title":{"rendered":"Explica\u0163ii ezoterice uluitoare despre cum \u015fi-a prevestit Vadim Tudor moartea cu o s\u0103pt\u0103m\u00e2n\u0103 \u00eenainte, scriind poezia &#8222;Hai, Moarte, s\u0103 bem o cafea&#8221;!"},"content":{"rendered":"<p><img loading=\"lazy\" decoding=\"async\" class=\"alignleft size-full wp-image-40347\" src=\"https:\/\/www.lovendal.ro\/wp52\/wp-content\/uploads\/2015\/09\/Vadim-Tudor-moarte.jpg\" alt=\"Vadim Tudor moarte\" width=\"332\" height=\"285\" srcset=\"https:\/\/www.lovendal.ro\/wp52\/wp-content\/uploads\/2015\/09\/Vadim-Tudor-moarte.jpg 332w, https:\/\/www.lovendal.ro\/wp52\/wp-content\/uploads\/2015\/09\/Vadim-Tudor-moarte-300x257.jpg 300w\" sizes=\"auto, (max-width: 332px) 100vw, 332px\" \/>\u00cen afara \u015focului mor\u0163ii politicianului Corneliu Vadim Tudor, probabil c\u0103 unii dintre voi a\u0163i fost \u015focat \u015fi de faptul c\u0103 Vadim a scris \u00een urm\u0103 cu doar o s\u0103pt\u0103m\u00e2n\u0103 o poezie \u00een care p\u0103rea c\u0103 \u00ee\u015fi anun\u0163\u0103 propria moarte! Citez de pe <a href=\"http:\/\/www.stiripesurse.ro\/ocant-ultima-poezie-a-lui-corneliu-vadim-tudor-hai-moarte-sa-bem-o-cafea_966997.html\" target=\"_blank\"><strong>stiripesurse.ro<\/strong><\/a>:<\/p>\n<p>Fondatorul PRM Corneliu Vadim Tudor, \u00een v\u00e2rst\u0103 de 65 de ani, a murit ast\u0103zi, \u00een Centrul Clinic de Urgen\u0163\u0103 de Boli Cardiovasculare al Armatei, unde a fost dus dup\u0103 ce i s-a f\u0103cut r\u0103u,\u00a0la ora 18:30! Ultima sa poezie este de-a dreptul \u0219ocant\u0103:<\/p>\n<p>ULTIMA CAFEA<br \/>\nHai, Moarte, s\u0103 bem o cafea<br \/>\n\u0162i-o fac cu caimac, aromat\u0103<br \/>\nMai leap\u0103d\u0103-\u0163i coasa cea grea<br \/>\n\u015ei mantia asta ciudat\u0103.<br \/>\nTe rog s\u0103 iei loc \u00een fotoliu<br \/>\nNu m\u0103 sup\u0103r\u0103 dac\u0103 fumezi<br \/>\nDup\u0103 cine e\u015fti, Moarte, \u00een doliu?<br \/>\nDe ce tot suspini \u015fi oftezi?<br \/>\nE foarte fierbinte cafeaua<br \/>\nNu te gr\u0103bi, c\u0103 te frigi<br \/>\nMai las\u0103-mi pe cer, \u00eenc\u0103, steaua<br \/>\nDac\u0103 eu am s\u0103 mor, ce c\u00ee\u015ftigi?<br \/>\nAi venit s\u0103 m\u0103 iei \u00een persoan\u0103<br \/>\nPrea mare onoare \u00eemi faci<br \/>\nDin toat\u0103 specia asta uman\u0103<br \/>\nNumai pe mine m\u0103 placi?<br \/>\nHai s\u0103-\u0163i ghicesc \u00een cafea<br \/>\nE bine s\u0103 \u015ftii ce te-a\u015fteapt\u0103<br \/>\nO cump\u0103n\u0103 grea vei avea<br \/>\nDar tu te descurci, e\u015fti de\u015fteapt\u0103.<br \/>\nE\u015fti tot timpul \u00een criz\u0103 de bani<br \/>\nAici, te asemeni cu mine<br \/>\nDe ce s\u0103 fim noi du\u015fmani?<br \/>\nEu te-n\u0163eleg cel mai bine.<br \/>\nLumea te aplaud\u0103 de departe<br \/>\n\u00cen zvon de corrid\u0103, ol\u00e9!<br \/>\nFii bun\u0103 \u015fi-ntoarce-te, Moarte<br \/>\nS\u0103 v\u0103d: dup\u0103 tine ce e?<br \/>\nAcum e\u015fti captiv\u0103 la mine<br \/>\nAm vrut s\u0103-\u0163i ar\u0103t, draga mea<br \/>\nC\u0103 nu-mi este fric\u0103 de tine:<br \/>\n\u0162i-am pus \u015foricioaic\u0103-n cafea.<\/p>\n<p>Corneliu Vadim Tudor<br \/>\nNoaptea de duminic\u0103 spre luni<br \/>\n6 spre 7 septembie 2015<\/p>\n<p>P.S. E clar, nu poate fi nicio coinciden\u0163\u0103. Prin aceast\u0103 poezie, Corneliu Vadim Tudor \u015fi-a prevestit propria moarte. \u015ei nu e singurul. Multe persoane, \u00eenainte de a pleca din aceast\u0103 lume, au tot felul de &#8222;profe\u0163ii&#8221; despre propria moarte. Dar, cum se \u00eent\u00e2mpl\u0103 acest lucru? E doar un simplu presentiment al min\u0163ii? Eu mi-am expus teoria personal\u0103 \u00eenc\u0103 de pe acum 4 ani \u00een acest articol: <a href=\"https:\/\/www.lovendal.ro\/wp52\/marele-secret-al-universului-omul-percepe-timpul-prezent-cu-o-intarziere-de-6-luni\/\" target=\"_blank\"><strong>Marele secret al Universului: omul percepe timpul prezent cu o \u00eent\u00e2rziere de 6 luni<\/strong><\/a> &#8211; faptul c\u0103 fiin\u0163a uman\u0103 \u00een \u00eentregime percepe timpul prezent cu \u00eent\u00e2rziere (maxim 6 luni). Cum se \u00eent\u00e2mpl\u0103 acest lucru mai precis? Omul percepe cu \u00eent\u00e2rziere realitatea din jurul s\u0103u; mai precis, realitatea are loc deja, dar omul o percepe mult mai t\u00e2rziu. Dac\u0103 toate fenomenele de previziune, profe\u0163ie sau alte evenimente asem\u0103n\u0103toare se datoreaz\u0103 \u00eent\u00e2rzierii creierului, a con\u015ftiin\u0163ei umane sau a trupului \u00een a observa evenimentele din jurul s\u0103u, atunci am putea avea o anumit\u0103 explica\u0163ie logic\u0103 pentru toate aceste fenomene. \u015ei atunci, nu exist\u0103 \u201ca vedea viitorul\u201d, nu exist\u0103 destin, ci doar o \u00eencetineal\u0103 a con\u015ftiin\u0163ei noastre. Uneori \u00eens\u0103, aceea\u015fi con\u015ftiin\u0163\u0103 a noastr\u0103 poate avea \u201csc\u0103p\u0103ri\u201d \u015fi percepe evenimente ce par a fi din viitor, dar sunt din adev\u0103ratul prezent pe care noi \u00eel credem c\u0103 este viitor.<\/p>\n<p>\u00cen cazul lui Vadim Tudor, lucrurile probabil c\u0103 a\u015fa s-au \u00eent\u00e2mplat: moartea \u00eel cuprinsese deja pe poet (\u00eentr-o alt\u0103 dimensiune), subcon\u015ftientul s\u0103u a primit aceste semnale \u015fi a putut scrie acea poezie premonitorie. \u00cens\u0103 \u00eentreaga sa fiin\u0163\u0103 a fost cuprins\u0103 de moarte o s\u0103pt\u0103m\u00e2n\u0103 mai t\u00e2rziu, \u00een aceats\u0103 dimensiune. Lucrurile acestea merit\u0103 studiate mai bine, pentru c\u0103 sunt extrem de importante \u015fi nu studii de 2 bani ale cercet\u0103torilor, ca de exemplu: &#8222;E mai bine s\u0103 face\u0163i dragoste \u00eenainte de mas\u0103 sau dup\u0103?&#8221;<\/p>\n","protected":false},"excerpt":{"rendered":"<p>\u00cen afara \u015focului mor\u0163ii politicianului Corneliu Vadim Tudor, probabil c\u0103 unii dintre voi a\u0163i fost \u015focat \u015fi de faptul c\u0103 Vadim a scris \u00een urm\u0103 cu doar o s\u0103pt\u0103m\u00e2n\u0103 o poezie \u00een care p\u0103rea c\u0103 \u00ee\u015fi anun\u0163\u0103 propria moarte! Citez &#8230; <\/p>\n<p class=\"read-more-container\"><a title=\"Explica\u0163ii ezoterice uluitoare despre cum \u015fi-a prevestit Vadim Tudor moartea cu o s\u0103pt\u0103m\u00e2n\u0103 \u00eenainte, scriind poezia &#8222;Hai, Moarte, s\u0103 bem o cafea&#8221;!\" class=\"read-more button\" href=\"https:\/\/www.lovendal.ro\/wp52\/explicatii-ezoterice-uluitoare-despre-cum-si-a-prevestit-vadim-tudoar-moartea-cu-o-saptamana-inainte-scriind-poezia-hai-moarte-sa-bem-o-cafea\/#more-40346\" aria-label=\"Cite\u0219te mai multe despre Explica\u0163ii ezoterice uluitoare despre cum \u015fi-a prevestit Vadim Tudor moartea cu o s\u0103pt\u0103m\u00e2n\u0103 \u00eenainte, scriind poezia &#8222;Hai, Moarte, s\u0103 bem o cafea&#8221;!\">Cititi mai multe<\/a><\/p>\n","protected":false},"author":1,"featured_media":40347,"comment_status":"open","ping_status":"open","sticky":false,"template":"","format":"standard","meta":{"footnotes":""},"categories":[2833,14],"tags":[625,2676,108,9796,215,788,1381,8964,4067,2343,178,2108],"class_list":["post-40346","post","type-post","status-publish","format-standard","has-post-thumbnail","hentry","category-noutati","category-paranormal-spiritualitate","tag-cafea","tag-constiinta","tag-moarte","tag-paranormal-spiritualitate","tag-poet","tag-poezie","tag-politician","tag-previziune","tag-prezent","tag-subconstient","tag-vadim-tudor","tag-viitor","resize-featured-image"],"yoast_head":"<!-- This site is optimized with the Yoast SEO Premium plugin v23.3 (Yoast SEO v27.4) - https:\/\/yoast.com\/product\/yoast-seo-premium-wordpress\/ -->\n<title>Explica\u0163ii ezoterice uluitoare despre cum \u015fi-a prevestit Vadim Tudor moartea cu o s\u0103pt\u0103m\u00e2n\u0103 \u00eenainte, scriind poezia &quot;Hai, Moarte, s\u0103 bem o cafea&quot;!  - Secretele lui Lovendal<\/title>\n<meta name=\"robots\" content=\"index, follow, max-snippet:-1, max-image-preview:large, max-video-preview:-1\" \/>\n<link rel=\"canonical\" href=\"https:\/\/www.lovendal.ro\/wp52\/explicatii-ezoterice-uluitoare-despre-cum-si-a-prevestit-vadim-tudoar-moartea-cu-o-saptamana-inainte-scriind-poezia-hai-moarte-sa-bem-o-cafea\/\" \/>\n<meta property=\"og:locale\" content=\"ro_RO\" \/>\n<meta property=\"og:type\" content=\"article\" \/>\n<meta property=\"og:title\" content=\"Explica\u0163ii ezoterice uluitoare despre cum \u015fi-a prevestit Vadim Tudor moartea cu o s\u0103pt\u0103m\u00e2n\u0103 \u00eenainte, scriind poezia &quot;Hai, Moarte, s\u0103 bem o cafea&quot;!\" \/>\n<meta property=\"og:description\" content=\"\u00cen afara \u015focului mor\u0163ii politicianului Corneliu Vadim Tudor, probabil c\u0103 unii dintre voi a\u0163i fost \u015focat \u015fi de faptul c\u0103 Vadim a scris \u00een urm\u0103 cu doar o s\u0103pt\u0103m\u00e2n\u0103 o poezie \u00een care p\u0103rea c\u0103 \u00ee\u015fi anun\u0163\u0103 propria moarte! Citez ... Cititi mai multe\" \/>\n<meta property=\"og:url\" content=\"https:\/\/www.lovendal.ro\/wp52\/explicatii-ezoterice-uluitoare-despre-cum-si-a-prevestit-vadim-tudoar-moartea-cu-o-saptamana-inainte-scriind-poezia-hai-moarte-sa-bem-o-cafea\/\" \/>\n<meta property=\"og:site_name\" content=\"Secretele lui Lovendal\" \/>\n<meta property=\"article:publisher\" content=\"https:\/\/www.facebook.com\/secreteleluilovendal\" \/>\n<meta property=\"article:published_time\" content=\"2015-09-14T19:47:15+00:00\" \/>\n<meta property=\"article:modified_time\" content=\"2015-09-14T19:47:52+00:00\" \/>\n<meta property=\"og:image\" content=\"https:\/\/www.lovendal.ro\/wp52\/wp-content\/uploads\/2015\/09\/Vadim-Tudor-moarte.jpg\" \/>\n\t<meta property=\"og:image:width\" content=\"332\" \/>\n\t<meta property=\"og:image:height\" content=\"285\" \/>\n\t<meta property=\"og:image:type\" content=\"image\/jpeg\" \/>\n<meta name=\"author\" content=\"admin\" \/>\n<meta name=\"twitter:card\" content=\"summary_large_image\" \/>\n<meta name=\"twitter:label1\" content=\"Scris de\" \/>\n\t<meta name=\"twitter:data1\" content=\"admin\" \/>\n\t<meta name=\"twitter:label2\" content=\"Timp estimat pentru citire\" \/>\n\t<meta name=\"twitter:data2\" content=\"3 minute\" \/>\n<script type=\"application\/ld+json\" class=\"yoast-schema-graph\">{\"@context\":\"https:\\\/\\\/schema.org\",\"@graph\":[{\"@type\":\"Article\",\"@id\":\"https:\\\/\\\/www.lovendal.ro\\\/wp52\\\/explicatii-ezoterice-uluitoare-despre-cum-si-a-prevestit-vadim-tudoar-moartea-cu-o-saptamana-inainte-scriind-poezia-hai-moarte-sa-bem-o-cafea\\\/#article\",\"isPartOf\":{\"@id\":\"https:\\\/\\\/www.lovendal.ro\\\/wp52\\\/explicatii-ezoterice-uluitoare-despre-cum-si-a-prevestit-vadim-tudoar-moartea-cu-o-saptamana-inainte-scriind-poezia-hai-moarte-sa-bem-o-cafea\\\/\"},\"author\":{\"name\":\"admin\",\"@id\":\"https:\\\/\\\/www.lovendal.ro\\\/wp52\\\/#\\\/schema\\\/person\\\/088691de5dfc346bb0c023e1e52ef5d9\"},\"headline\":\"Explica\u0163ii ezoterice uluitoare despre cum \u015fi-a prevestit Vadim Tudor moartea cu o s\u0103pt\u0103m\u00e2n\u0103 \u00eenainte, scriind poezia &#8222;Hai, Moarte, s\u0103 bem o cafea&#8221;!\",\"datePublished\":\"2015-09-14T19:47:15+00:00\",\"dateModified\":\"2015-09-14T19:47:52+00:00\",\"mainEntityOfPage\":{\"@id\":\"https:\\\/\\\/www.lovendal.ro\\\/wp52\\\/explicatii-ezoterice-uluitoare-despre-cum-si-a-prevestit-vadim-tudoar-moartea-cu-o-saptamana-inainte-scriind-poezia-hai-moarte-sa-bem-o-cafea\\\/\"},\"wordCount\":657,\"commentCount\":28,\"publisher\":{\"@id\":\"https:\\\/\\\/www.lovendal.ro\\\/wp52\\\/#organization\"},\"image\":{\"@id\":\"https:\\\/\\\/www.lovendal.ro\\\/wp52\\\/explicatii-ezoterice-uluitoare-despre-cum-si-a-prevestit-vadim-tudoar-moartea-cu-o-saptamana-inainte-scriind-poezia-hai-moarte-sa-bem-o-cafea\\\/#primaryimage\"},\"thumbnailUrl\":\"https:\\\/\\\/www.lovendal.ro\\\/wp52\\\/wp-content\\\/uploads\\\/2015\\\/09\\\/Vadim-Tudor-moarte.jpg\",\"keywords\":[\"cafea\",\"con\u015ftiin\u0163\u0103\",\"moarte\",\"Paranormal-Spiritualitate\",\"poet\",\"poezie\",\"politician\",\"previziune\",\"prezent\",\"subcon\u015ftient\",\"Vadim Tudor\",\"viitor\"],\"articleSection\":[\"Noutati\",\"Paranormal-Spiritualitate\"],\"inLanguage\":\"ro-RO\",\"potentialAction\":[{\"@type\":\"CommentAction\",\"name\":\"Comment\",\"target\":[\"https:\\\/\\\/www.lovendal.ro\\\/wp52\\\/explicatii-ezoterice-uluitoare-despre-cum-si-a-prevestit-vadim-tudoar-moartea-cu-o-saptamana-inainte-scriind-poezia-hai-moarte-sa-bem-o-cafea\\\/#respond\"]}]},{\"@type\":\"WebPage\",\"@id\":\"https:\\\/\\\/www.lovendal.ro\\\/wp52\\\/explicatii-ezoterice-uluitoare-despre-cum-si-a-prevestit-vadim-tudoar-moartea-cu-o-saptamana-inainte-scriind-poezia-hai-moarte-sa-bem-o-cafea\\\/\",\"url\":\"https:\\\/\\\/www.lovendal.ro\\\/wp52\\\/explicatii-ezoterice-uluitoare-despre-cum-si-a-prevestit-vadim-tudoar-moartea-cu-o-saptamana-inainte-scriind-poezia-hai-moarte-sa-bem-o-cafea\\\/\",\"name\":\"Explica\u0163ii ezoterice uluitoare despre cum \u015fi-a prevestit Vadim Tudor moartea cu o s\u0103pt\u0103m\u00e2n\u0103 \u00eenainte, scriind poezia \\\"Hai, Moarte, s\u0103 bem o cafea\\\"! - Secretele lui Lovendal\",\"isPartOf\":{\"@id\":\"https:\\\/\\\/www.lovendal.ro\\\/wp52\\\/#website\"},\"primaryImageOfPage\":{\"@id\":\"https:\\\/\\\/www.lovendal.ro\\\/wp52\\\/explicatii-ezoterice-uluitoare-despre-cum-si-a-prevestit-vadim-tudoar-moartea-cu-o-saptamana-inainte-scriind-poezia-hai-moarte-sa-bem-o-cafea\\\/#primaryimage\"},\"image\":{\"@id\":\"https:\\\/\\\/www.lovendal.ro\\\/wp52\\\/explicatii-ezoterice-uluitoare-despre-cum-si-a-prevestit-vadim-tudoar-moartea-cu-o-saptamana-inainte-scriind-poezia-hai-moarte-sa-bem-o-cafea\\\/#primaryimage\"},\"thumbnailUrl\":\"https:\\\/\\\/www.lovendal.ro\\\/wp52\\\/wp-content\\\/uploads\\\/2015\\\/09\\\/Vadim-Tudor-moarte.jpg\",\"datePublished\":\"2015-09-14T19:47:15+00:00\",\"dateModified\":\"2015-09-14T19:47:52+00:00\",\"breadcrumb\":{\"@id\":\"https:\\\/\\\/www.lovendal.ro\\\/wp52\\\/explicatii-ezoterice-uluitoare-despre-cum-si-a-prevestit-vadim-tudoar-moartea-cu-o-saptamana-inainte-scriind-poezia-hai-moarte-sa-bem-o-cafea\\\/#breadcrumb\"},\"inLanguage\":\"ro-RO\",\"potentialAction\":[{\"@type\":\"ReadAction\",\"target\":[\"https:\\\/\\\/www.lovendal.ro\\\/wp52\\\/explicatii-ezoterice-uluitoare-despre-cum-si-a-prevestit-vadim-tudoar-moartea-cu-o-saptamana-inainte-scriind-poezia-hai-moarte-sa-bem-o-cafea\\\/\"]}]},{\"@type\":\"ImageObject\",\"inLanguage\":\"ro-RO\",\"@id\":\"https:\\\/\\\/www.lovendal.ro\\\/wp52\\\/explicatii-ezoterice-uluitoare-despre-cum-si-a-prevestit-vadim-tudoar-moartea-cu-o-saptamana-inainte-scriind-poezia-hai-moarte-sa-bem-o-cafea\\\/#primaryimage\",\"url\":\"https:\\\/\\\/www.lovendal.ro\\\/wp52\\\/wp-content\\\/uploads\\\/2015\\\/09\\\/Vadim-Tudor-moarte.jpg\",\"contentUrl\":\"https:\\\/\\\/www.lovendal.ro\\\/wp52\\\/wp-content\\\/uploads\\\/2015\\\/09\\\/Vadim-Tudor-moarte.jpg\",\"width\":332,\"height\":285},{\"@type\":\"BreadcrumbList\",\"@id\":\"https:\\\/\\\/www.lovendal.ro\\\/wp52\\\/explicatii-ezoterice-uluitoare-despre-cum-si-a-prevestit-vadim-tudoar-moartea-cu-o-saptamana-inainte-scriind-poezia-hai-moarte-sa-bem-o-cafea\\\/#breadcrumb\",\"itemListElement\":[{\"@type\":\"ListItem\",\"position\":1,\"name\":\"Home\",\"item\":\"https:\\\/\\\/www.lovendal.ro\\\/wp52\\\/\"},{\"@type\":\"ListItem\",\"position\":2,\"name\":\"Explica\u0163ii ezoterice uluitoare despre cum \u015fi-a prevestit Vadim Tudor moartea cu o s\u0103pt\u0103m\u00e2n\u0103 \u00eenainte, scriind poezia &#8222;Hai, Moarte, s\u0103 bem o cafea&#8221;!\"}]},{\"@type\":\"WebSite\",\"@id\":\"https:\\\/\\\/www.lovendal.ro\\\/wp52\\\/#website\",\"url\":\"https:\\\/\\\/www.lovendal.ro\\\/wp52\\\/\",\"name\":\"Secretele lui Lovendal\",\"description\":\"Site de secrete, stiinta si metafizica - din 2008 -\",\"publisher\":{\"@id\":\"https:\\\/\\\/www.lovendal.ro\\\/wp52\\\/#organization\"},\"potentialAction\":[{\"@type\":\"SearchAction\",\"target\":{\"@type\":\"EntryPoint\",\"urlTemplate\":\"https:\\\/\\\/www.lovendal.ro\\\/wp52\\\/?s={search_term_string}\"},\"query-input\":{\"@type\":\"PropertyValueSpecification\",\"valueRequired\":true,\"valueName\":\"search_term_string\"}}],\"inLanguage\":\"ro-RO\"},{\"@type\":\"Organization\",\"@id\":\"https:\\\/\\\/www.lovendal.ro\\\/wp52\\\/#organization\",\"name\":\"Secretele lui Lovendal\",\"url\":\"https:\\\/\\\/www.lovendal.ro\\\/wp52\\\/\",\"logo\":{\"@type\":\"ImageObject\",\"inLanguage\":\"ro-RO\",\"@id\":\"https:\\\/\\\/www.lovendal.ro\\\/wp52\\\/#\\\/schema\\\/logo\\\/image\\\/\",\"url\":\"https:\\\/\\\/www.lovendal.ro\\\/wp52\\\/wp-content\\\/uploads\\\/2024\\\/06\\\/cropped-SLL-iun-2024-1.jpg\",\"contentUrl\":\"https:\\\/\\\/www.lovendal.ro\\\/wp52\\\/wp-content\\\/uploads\\\/2024\\\/06\\\/cropped-SLL-iun-2024-1.jpg\",\"width\":771,\"height\":240,\"caption\":\"Secretele lui Lovendal\"},\"image\":{\"@id\":\"https:\\\/\\\/www.lovendal.ro\\\/wp52\\\/#\\\/schema\\\/logo\\\/image\\\/\"},\"sameAs\":[\"https:\\\/\\\/www.facebook.com\\\/secreteleluilovendal\"]},{\"@type\":\"Person\",\"@id\":\"https:\\\/\\\/www.lovendal.ro\\\/wp52\\\/#\\\/schema\\\/person\\\/088691de5dfc346bb0c023e1e52ef5d9\",\"name\":\"admin\",\"image\":{\"@type\":\"ImageObject\",\"inLanguage\":\"ro-RO\",\"@id\":\"https:\\\/\\\/secure.gravatar.com\\\/avatar\\\/ecb9cd41f5f63c9c9b989999a59f6e2639a865ec361e9db054db0679a8f341c2?s=96&d=mm&r=g\",\"url\":\"https:\\\/\\\/secure.gravatar.com\\\/avatar\\\/ecb9cd41f5f63c9c9b989999a59f6e2639a865ec361e9db054db0679a8f341c2?s=96&d=mm&r=g\",\"contentUrl\":\"https:\\\/\\\/secure.gravatar.com\\\/avatar\\\/ecb9cd41f5f63c9c9b989999a59f6e2639a865ec361e9db054db0679a8f341c2?s=96&d=mm&r=g\",\"caption\":\"admin\"},\"sameAs\":[\"https:\\\/\\\/www.lovendal.ro\\\/wp52\"]}]}<\/script>\n<!-- \/ Yoast SEO Premium plugin. -->","yoast_head_json":{"title":"Explica\u0163ii ezoterice uluitoare despre cum \u015fi-a prevestit Vadim Tudor moartea cu o s\u0103pt\u0103m\u00e2n\u0103 \u00eenainte, scriind poezia \"Hai, Moarte, s\u0103 bem o cafea\"!  - Secretele lui Lovendal","robots":{"index":"index","follow":"follow","max-snippet":"max-snippet:-1","max-image-preview":"max-image-preview:large","max-video-preview":"max-video-preview:-1"},"canonical":"https:\/\/www.lovendal.ro\/wp52\/explicatii-ezoterice-uluitoare-despre-cum-si-a-prevestit-vadim-tudoar-moartea-cu-o-saptamana-inainte-scriind-poezia-hai-moarte-sa-bem-o-cafea\/","og_locale":"ro_RO","og_type":"article","og_title":"Explica\u0163ii ezoterice uluitoare despre cum \u015fi-a prevestit Vadim Tudor moartea cu o s\u0103pt\u0103m\u00e2n\u0103 \u00eenainte, scriind poezia \"Hai, Moarte, s\u0103 bem o cafea\"!","og_description":"\u00cen afara \u015focului mor\u0163ii politicianului Corneliu Vadim Tudor, probabil c\u0103 unii dintre voi a\u0163i fost \u015focat \u015fi de faptul c\u0103 Vadim a scris \u00een urm\u0103 cu doar o s\u0103pt\u0103m\u00e2n\u0103 o poezie \u00een care p\u0103rea c\u0103 \u00ee\u015fi anun\u0163\u0103 propria moarte! Citez ... Cititi mai multe","og_url":"https:\/\/www.lovendal.ro\/wp52\/explicatii-ezoterice-uluitoare-despre-cum-si-a-prevestit-vadim-tudoar-moartea-cu-o-saptamana-inainte-scriind-poezia-hai-moarte-sa-bem-o-cafea\/","og_site_name":"Secretele lui Lovendal","article_publisher":"https:\/\/www.facebook.com\/secreteleluilovendal","article_published_time":"2015-09-14T19:47:15+00:00","article_modified_time":"2015-09-14T19:47:52+00:00","og_image":[{"width":332,"height":285,"url":"https:\/\/www.lovendal.ro\/wp52\/wp-content\/uploads\/2015\/09\/Vadim-Tudor-moarte.jpg","type":"image\/jpeg"}],"author":"admin","twitter_card":"summary_large_image","twitter_misc":{"Scris de":"admin","Timp estimat pentru citire":"3 minute"},"schema":{"@context":"https:\/\/schema.org","@graph":[{"@type":"Article","@id":"https:\/\/www.lovendal.ro\/wp52\/explicatii-ezoterice-uluitoare-despre-cum-si-a-prevestit-vadim-tudoar-moartea-cu-o-saptamana-inainte-scriind-poezia-hai-moarte-sa-bem-o-cafea\/#article","isPartOf":{"@id":"https:\/\/www.lovendal.ro\/wp52\/explicatii-ezoterice-uluitoare-despre-cum-si-a-prevestit-vadim-tudoar-moartea-cu-o-saptamana-inainte-scriind-poezia-hai-moarte-sa-bem-o-cafea\/"},"author":{"name":"admin","@id":"https:\/\/www.lovendal.ro\/wp52\/#\/schema\/person\/088691de5dfc346bb0c023e1e52ef5d9"},"headline":"Explica\u0163ii ezoterice uluitoare despre cum \u015fi-a prevestit Vadim Tudor moartea cu o s\u0103pt\u0103m\u00e2n\u0103 \u00eenainte, scriind poezia &#8222;Hai, Moarte, s\u0103 bem o cafea&#8221;!","datePublished":"2015-09-14T19:47:15+00:00","dateModified":"2015-09-14T19:47:52+00:00","mainEntityOfPage":{"@id":"https:\/\/www.lovendal.ro\/wp52\/explicatii-ezoterice-uluitoare-despre-cum-si-a-prevestit-vadim-tudoar-moartea-cu-o-saptamana-inainte-scriind-poezia-hai-moarte-sa-bem-o-cafea\/"},"wordCount":657,"commentCount":28,"publisher":{"@id":"https:\/\/www.lovendal.ro\/wp52\/#organization"},"image":{"@id":"https:\/\/www.lovendal.ro\/wp52\/explicatii-ezoterice-uluitoare-despre-cum-si-a-prevestit-vadim-tudoar-moartea-cu-o-saptamana-inainte-scriind-poezia-hai-moarte-sa-bem-o-cafea\/#primaryimage"},"thumbnailUrl":"https:\/\/www.lovendal.ro\/wp52\/wp-content\/uploads\/2015\/09\/Vadim-Tudor-moarte.jpg","keywords":["cafea","con\u015ftiin\u0163\u0103","moarte","Paranormal-Spiritualitate","poet","poezie","politician","previziune","prezent","subcon\u015ftient","Vadim Tudor","viitor"],"articleSection":["Noutati","Paranormal-Spiritualitate"],"inLanguage":"ro-RO","potentialAction":[{"@type":"CommentAction","name":"Comment","target":["https:\/\/www.lovendal.ro\/wp52\/explicatii-ezoterice-uluitoare-despre-cum-si-a-prevestit-vadim-tudoar-moartea-cu-o-saptamana-inainte-scriind-poezia-hai-moarte-sa-bem-o-cafea\/#respond"]}]},{"@type":"WebPage","@id":"https:\/\/www.lovendal.ro\/wp52\/explicatii-ezoterice-uluitoare-despre-cum-si-a-prevestit-vadim-tudoar-moartea-cu-o-saptamana-inainte-scriind-poezia-hai-moarte-sa-bem-o-cafea\/","url":"https:\/\/www.lovendal.ro\/wp52\/explicatii-ezoterice-uluitoare-despre-cum-si-a-prevestit-vadim-tudoar-moartea-cu-o-saptamana-inainte-scriind-poezia-hai-moarte-sa-bem-o-cafea\/","name":"Explica\u0163ii ezoterice uluitoare despre cum \u015fi-a prevestit Vadim Tudor moartea cu o s\u0103pt\u0103m\u00e2n\u0103 \u00eenainte, scriind poezia \"Hai, Moarte, s\u0103 bem o cafea\"! - Secretele lui Lovendal","isPartOf":{"@id":"https:\/\/www.lovendal.ro\/wp52\/#website"},"primaryImageOfPage":{"@id":"https:\/\/www.lovendal.ro\/wp52\/explicatii-ezoterice-uluitoare-despre-cum-si-a-prevestit-vadim-tudoar-moartea-cu-o-saptamana-inainte-scriind-poezia-hai-moarte-sa-bem-o-cafea\/#primaryimage"},"image":{"@id":"https:\/\/www.lovendal.ro\/wp52\/explicatii-ezoterice-uluitoare-despre-cum-si-a-prevestit-vadim-tudoar-moartea-cu-o-saptamana-inainte-scriind-poezia-hai-moarte-sa-bem-o-cafea\/#primaryimage"},"thumbnailUrl":"https:\/\/www.lovendal.ro\/wp52\/wp-content\/uploads\/2015\/09\/Vadim-Tudor-moarte.jpg","datePublished":"2015-09-14T19:47:15+00:00","dateModified":"2015-09-14T19:47:52+00:00","breadcrumb":{"@id":"https:\/\/www.lovendal.ro\/wp52\/explicatii-ezoterice-uluitoare-despre-cum-si-a-prevestit-vadim-tudoar-moartea-cu-o-saptamana-inainte-scriind-poezia-hai-moarte-sa-bem-o-cafea\/#breadcrumb"},"inLanguage":"ro-RO","potentialAction":[{"@type":"ReadAction","target":["https:\/\/www.lovendal.ro\/wp52\/explicatii-ezoterice-uluitoare-despre-cum-si-a-prevestit-vadim-tudoar-moartea-cu-o-saptamana-inainte-scriind-poezia-hai-moarte-sa-bem-o-cafea\/"]}]},{"@type":"ImageObject","inLanguage":"ro-RO","@id":"https:\/\/www.lovendal.ro\/wp52\/explicatii-ezoterice-uluitoare-despre-cum-si-a-prevestit-vadim-tudoar-moartea-cu-o-saptamana-inainte-scriind-poezia-hai-moarte-sa-bem-o-cafea\/#primaryimage","url":"https:\/\/www.lovendal.ro\/wp52\/wp-content\/uploads\/2015\/09\/Vadim-Tudor-moarte.jpg","contentUrl":"https:\/\/www.lovendal.ro\/wp52\/wp-content\/uploads\/2015\/09\/Vadim-Tudor-moarte.jpg","width":332,"height":285},{"@type":"BreadcrumbList","@id":"https:\/\/www.lovendal.ro\/wp52\/explicatii-ezoterice-uluitoare-despre-cum-si-a-prevestit-vadim-tudoar-moartea-cu-o-saptamana-inainte-scriind-poezia-hai-moarte-sa-bem-o-cafea\/#breadcrumb","itemListElement":[{"@type":"ListItem","position":1,"name":"Home","item":"https:\/\/www.lovendal.ro\/wp52\/"},{"@type":"ListItem","position":2,"name":"Explica\u0163ii ezoterice uluitoare despre cum \u015fi-a prevestit Vadim Tudor moartea cu o s\u0103pt\u0103m\u00e2n\u0103 \u00eenainte, scriind poezia &#8222;Hai, Moarte, s\u0103 bem o cafea&#8221;!"}]},{"@type":"WebSite","@id":"https:\/\/www.lovendal.ro\/wp52\/#website","url":"https:\/\/www.lovendal.ro\/wp52\/","name":"Secretele lui Lovendal","description":"Site de secrete, stiinta si metafizica - din 2008 -","publisher":{"@id":"https:\/\/www.lovendal.ro\/wp52\/#organization"},"potentialAction":[{"@type":"SearchAction","target":{"@type":"EntryPoint","urlTemplate":"https:\/\/www.lovendal.ro\/wp52\/?s={search_term_string}"},"query-input":{"@type":"PropertyValueSpecification","valueRequired":true,"valueName":"search_term_string"}}],"inLanguage":"ro-RO"},{"@type":"Organization","@id":"https:\/\/www.lovendal.ro\/wp52\/#organization","name":"Secretele lui Lovendal","url":"https:\/\/www.lovendal.ro\/wp52\/","logo":{"@type":"ImageObject","inLanguage":"ro-RO","@id":"https:\/\/www.lovendal.ro\/wp52\/#\/schema\/logo\/image\/","url":"https:\/\/www.lovendal.ro\/wp52\/wp-content\/uploads\/2024\/06\/cropped-SLL-iun-2024-1.jpg","contentUrl":"https:\/\/www.lovendal.ro\/wp52\/wp-content\/uploads\/2024\/06\/cropped-SLL-iun-2024-1.jpg","width":771,"height":240,"caption":"Secretele lui Lovendal"},"image":{"@id":"https:\/\/www.lovendal.ro\/wp52\/#\/schema\/logo\/image\/"},"sameAs":["https:\/\/www.facebook.com\/secreteleluilovendal"]},{"@type":"Person","@id":"https:\/\/www.lovendal.ro\/wp52\/#\/schema\/person\/088691de5dfc346bb0c023e1e52ef5d9","name":"admin","image":{"@type":"ImageObject","inLanguage":"ro-RO","@id":"https:\/\/secure.gravatar.com\/avatar\/ecb9cd41f5f63c9c9b989999a59f6e2639a865ec361e9db054db0679a8f341c2?s=96&d=mm&r=g","url":"https:\/\/secure.gravatar.com\/avatar\/ecb9cd41f5f63c9c9b989999a59f6e2639a865ec361e9db054db0679a8f341c2?s=96&d=mm&r=g","contentUrl":"https:\/\/secure.gravatar.com\/avatar\/ecb9cd41f5f63c9c9b989999a59f6e2639a865ec361e9db054db0679a8f341c2?s=96&d=mm&r=g","caption":"admin"},"sameAs":["https:\/\/www.lovendal.ro\/wp52"]}]}},"_links":{"self":[{"href":"https:\/\/www.lovendal.ro\/wp52\/wp-json\/wp\/v2\/posts\/40346","targetHints":{"allow":["GET"]}}],"collection":[{"href":"https:\/\/www.lovendal.ro\/wp52\/wp-json\/wp\/v2\/posts"}],"about":[{"href":"https:\/\/www.lovendal.ro\/wp52\/wp-json\/wp\/v2\/types\/post"}],"author":[{"embeddable":true,"href":"https:\/\/www.lovendal.ro\/wp52\/wp-json\/wp\/v2\/users\/1"}],"replies":[{"embeddable":true,"href":"https:\/\/www.lovendal.ro\/wp52\/wp-json\/wp\/v2\/comments?post=40346"}],"version-history":[{"count":0,"href":"https:\/\/www.lovendal.ro\/wp52\/wp-json\/wp\/v2\/posts\/40346\/revisions"}],"wp:featuredmedia":[{"embeddable":true,"href":"https:\/\/www.lovendal.ro\/wp52\/wp-json\/wp\/v2\/media\/40347"}],"wp:attachment":[{"href":"https:\/\/www.lovendal.ro\/wp52\/wp-json\/wp\/v2\/media?parent=40346"}],"wp:term":[{"taxonomy":"category","embeddable":true,"href":"https:\/\/www.lovendal.ro\/wp52\/wp-json\/wp\/v2\/categories?post=40346"},{"taxonomy":"post_tag","embeddable":true,"href":"https:\/\/www.lovendal.ro\/wp52\/wp-json\/wp\/v2\/tags?post=40346"}],"curies":[{"name":"wp","href":"https:\/\/api.w.org\/{rel}","templated":true}]}}