{"id":39444,"date":"2015-07-12T11:33:26","date_gmt":"2015-07-12T08:33:26","guid":{"rendered":"http:\/\/www.lovendal.ro\/wp52\/?p=39444"},"modified":"2015-07-12T11:33:26","modified_gmt":"2015-07-12T08:33:26","slug":"cercetatorii-avertizeaza-ca-soarele-va-adormi-pana-in-2030-intrand-astfel-intr-o-mini-era-glaciara-gata-cu-incalzirea-globala","status":"publish","type":"post","link":"https:\/\/www.lovendal.ro\/wp52\/cercetatorii-avertizeaza-ca-soarele-va-adormi-pana-in-2030-intrand-astfel-intr-o-mini-era-glaciara-gata-cu-incalzirea-globala\/","title":{"rendered":"Cercet\u0103torii avertizeaz\u0103 c\u0103 Soarele &#8222;va adormi&#8221; p\u00e2n\u0103 \u00een 2030, intr\u00e2nd astfel \u00eentr-o mini er\u0103 glaciar\u0103! Gata cu \u00eenc\u0103lzirea global\u0103!"},"content":{"rendered":"<p><img loading=\"lazy\" decoding=\"async\" class=\"alignleft size-full wp-image-39445\" src=\"https:\/\/www.lovendal.ro\/wp52\/wp-content\/uploads\/2015\/07\/pamant-ice-age.jpg\" alt=\"pamant ice age\" width=\"332\" height=\"276\" srcset=\"https:\/\/www.lovendal.ro\/wp52\/wp-content\/uploads\/2015\/07\/pamant-ice-age.jpg 332w, https:\/\/www.lovendal.ro\/wp52\/wp-content\/uploads\/2015\/07\/pamant-ice-age-300x249.jpg 300w\" sizes=\"auto, (max-width: 332px) 100vw, 332px\" \/>N-am fost amenin\u0163a\u0163i de ani \u00eentregi cu \u00eenc\u0103lzirea global\u0103 care ar arde pur \u015fi simplu planeta, iar aceast\u0103 \u00eenc\u0103lzire e cauzat\u0103 de activitatea uman\u0103? \u00cen c\u00e2te articole de pe site n-am explicat c\u0103 aceast\u0103 \u00eenc\u0103lzire e doar un mit \u015fi c\u0103, din contra, planeta noastr\u0103 se r\u0103ce\u015fte? Citi\u0163i, de exemplu, articolul meu din 2010 intitulat <a href=\"https:\/\/www.lovendal.ro\/wp52\/uitati-de-prostia-cu-incalzirea-globala-de-fapt-pamantul-se-va-raci-in-urmatorii-30-de-ani\/\" target=\"_blank\"><strong>Uita\u0163i de prostia cu \u00eenc\u0103lzirea global\u0103! De fapt, P\u0103m\u00e2ntul se va r\u0103ci \u00een urm\u0103torii 30 de ani<\/strong><\/a>.<\/p>\n<p>Acum, un nou articol de pe <a href=\"http:\/\/www.sciencedaily.com\/releases\/2015\/07\/150709092955.htm\" target=\"_blank\"><strong>sciencedaily.com<\/strong><\/a>, ap\u0103rut pe 9 iulie 2015, confirm\u0103 aceast\u0103 ipotez\u0103, afirm\u00e2nd c\u0103, din cauza iregularit\u0103\u0163ilor ciclului solar de 11 ani, Soarele va intra \u00eentr-o perioad\u0103 de &#8222;adormire&#8221;, av\u00e2nd ca efect sc\u0103derea drastic\u0103 a temperaturilor \u015fi intrarea \u00eentr-o mini-er\u0103 glaciar\u0103 \u00een jurul anilor 2030, asem\u0103n\u0103toare cu mini-era glaciar\u0103 dintre 1645 \u015fi 1715. Modelul mai spune c\u0103 p\u00e2n\u0103 \u00een 2020 Soarele se va afla \u00eentr-o activitate mai mare, ceea ce \u00eenseamn\u0103 c\u0103 timp de 5 ani vor mai fi temperaturi mai ridicate pe \u00eentreaga planet\u0103, dar apoi temperaturile vor scade treptat.<\/p>\n<p>Articolul mai spune c\u0103 activitatea solar\u0103 va sc\u0103dea \u00eentre 2030 \u015fi 2040 cu 60%&#8230; dar eu stau \u015fi m\u0103 \u00eentreb: 60% nu-i cam mult? M\u0103 g\u00e2ndesc c\u0103 la un asemenea procent important, tot ce e viu ar muri, iar planeta nu ar mai putea sus\u0163ine via\u0163a. M\u0103 rog, poate nu m\u0103 pricep eu prea bine&#8230;<\/p>\n<p>Dar, eu abia a\u015ftept s\u0103 v\u0103d reac\u0163ia sus\u0163in\u0103torilor \u00eenc\u0103lzirii globale&#8230; ce minciuni vor mai inventa acum pentru a-\u015fi sus\u0163ine teoria aberant\u0103 \ud83d\ude42<\/p>\n<p>&nbsp;<\/p>\n","protected":false},"excerpt":{"rendered":"<p>N-am fost amenin\u0163a\u0163i de ani \u00eentregi cu \u00eenc\u0103lzirea global\u0103 care ar arde pur \u015fi simplu planeta, iar aceast\u0103 \u00eenc\u0103lzire e cauzat\u0103 de activitatea uman\u0103? \u00cen c\u00e2te articole de pe site n-am explicat c\u0103 aceast\u0103 \u00eenc\u0103lzire e doar un mit \u015fi &#8230; <\/p>\n<p class=\"read-more-container\"><a title=\"Cercet\u0103torii avertizeaz\u0103 c\u0103 Soarele &#8222;va adormi&#8221; p\u00e2n\u0103 \u00een 2030, intr\u00e2nd astfel \u00eentr-o mini er\u0103 glaciar\u0103! Gata cu \u00eenc\u0103lzirea global\u0103!\" class=\"read-more button\" href=\"https:\/\/www.lovendal.ro\/wp52\/cercetatorii-avertizeaza-ca-soarele-va-adormi-pana-in-2030-intrand-astfel-intr-o-mini-era-glaciara-gata-cu-incalzirea-globala\/#more-39444\" aria-label=\"Cite\u0219te mai multe despre Cercet\u0103torii avertizeaz\u0103 c\u0103 Soarele &#8222;va adormi&#8221; p\u00e2n\u0103 \u00een 2030, intr\u00e2nd astfel \u00eentr-o mini er\u0103 glaciar\u0103! Gata cu \u00eenc\u0103lzirea global\u0103!\">Cititi mai multe<\/a><\/p>\n","protected":false},"author":1,"featured_media":39445,"comment_status":"open","ping_status":"open","sticky":false,"template":"","format":"standard","meta":{"footnotes":""},"categories":[2833,106],"tags":[1438,1960,105,732,865,9803,7217,366],"class_list":["post-39444","post","type-post","status-publish","format-standard","has-post-thumbnail","hentry","category-noutati","category-stiinta","tag-era-glaciara","tag-incalzire-globala","tag-pamant","tag-planeta","tag-soare","tag-stiinta","tag-temperaturi","tag-viata","resize-featured-image"],"yoast_head":"<!-- This site is optimized with the Yoast SEO Premium plugin v23.3 (Yoast SEO v27.4) - https:\/\/yoast.com\/product\/yoast-seo-premium-wordpress\/ -->\n<title>Cercet\u0103torii avertizeaz\u0103 c\u0103 Soarele &quot;va adormi&quot; p\u00e2n\u0103 \u00een 2030, intr\u00e2nd astfel \u00eentr-o mini er\u0103 glaciar\u0103! Gata cu \u00eenc\u0103lzirea global\u0103! - Secretele lui Lovendal<\/title>\n<meta name=\"robots\" content=\"index, follow, max-snippet:-1, max-image-preview:large, max-video-preview:-1\" \/>\n<link rel=\"canonical\" href=\"https:\/\/www.lovendal.ro\/wp52\/cercetatorii-avertizeaza-ca-soarele-va-adormi-pana-in-2030-intrand-astfel-intr-o-mini-era-glaciara-gata-cu-incalzirea-globala\/\" \/>\n<meta property=\"og:locale\" content=\"ro_RO\" \/>\n<meta property=\"og:type\" content=\"article\" \/>\n<meta property=\"og:title\" content=\"Cercet\u0103torii avertizeaz\u0103 c\u0103 Soarele &quot;va adormi&quot; p\u00e2n\u0103 \u00een 2030, intr\u00e2nd astfel \u00eentr-o mini er\u0103 glaciar\u0103! Gata cu \u00eenc\u0103lzirea global\u0103!\" \/>\n<meta property=\"og:description\" content=\"N-am fost amenin\u0163a\u0163i de ani \u00eentregi cu \u00eenc\u0103lzirea global\u0103 care ar arde pur \u015fi simplu planeta, iar aceast\u0103 \u00eenc\u0103lzire e cauzat\u0103 de activitatea uman\u0103? \u00cen c\u00e2te articole de pe site n-am explicat c\u0103 aceast\u0103 \u00eenc\u0103lzire e doar un mit \u015fi ... Cititi mai multe\" \/>\n<meta property=\"og:url\" content=\"https:\/\/www.lovendal.ro\/wp52\/cercetatorii-avertizeaza-ca-soarele-va-adormi-pana-in-2030-intrand-astfel-intr-o-mini-era-glaciara-gata-cu-incalzirea-globala\/\" \/>\n<meta property=\"og:site_name\" content=\"Secretele lui Lovendal\" \/>\n<meta property=\"article:publisher\" content=\"https:\/\/www.facebook.com\/secreteleluilovendal\" \/>\n<meta property=\"article:published_time\" content=\"2015-07-12T08:33:26+00:00\" \/>\n<meta property=\"og:image\" content=\"https:\/\/www.lovendal.ro\/wp52\/wp-content\/uploads\/2015\/07\/pamant-ice-age.jpg\" \/>\n\t<meta property=\"og:image:width\" content=\"332\" \/>\n\t<meta property=\"og:image:height\" content=\"276\" \/>\n\t<meta property=\"og:image:type\" content=\"image\/jpeg\" \/>\n<meta name=\"author\" content=\"admin\" \/>\n<meta name=\"twitter:card\" content=\"summary_large_image\" \/>\n<meta name=\"twitter:label1\" content=\"Scris de\" \/>\n\t<meta name=\"twitter:data1\" content=\"admin\" \/>\n\t<meta name=\"twitter:label2\" content=\"Timp estimat pentru citire\" \/>\n\t<meta name=\"twitter:data2\" content=\"1 minut\" \/>\n<script type=\"application\/ld+json\" class=\"yoast-schema-graph\">{\"@context\":\"https:\\\/\\\/schema.org\",\"@graph\":[{\"@type\":\"Article\",\"@id\":\"https:\\\/\\\/www.lovendal.ro\\\/wp52\\\/cercetatorii-avertizeaza-ca-soarele-va-adormi-pana-in-2030-intrand-astfel-intr-o-mini-era-glaciara-gata-cu-incalzirea-globala\\\/#article\",\"isPartOf\":{\"@id\":\"https:\\\/\\\/www.lovendal.ro\\\/wp52\\\/cercetatorii-avertizeaza-ca-soarele-va-adormi-pana-in-2030-intrand-astfel-intr-o-mini-era-glaciara-gata-cu-incalzirea-globala\\\/\"},\"author\":{\"name\":\"admin\",\"@id\":\"https:\\\/\\\/www.lovendal.ro\\\/wp52\\\/#\\\/schema\\\/person\\\/088691de5dfc346bb0c023e1e52ef5d9\"},\"headline\":\"Cercet\u0103torii avertizeaz\u0103 c\u0103 Soarele &#8222;va adormi&#8221; p\u00e2n\u0103 \u00een 2030, intr\u00e2nd astfel \u00eentr-o mini er\u0103 glaciar\u0103! Gata cu \u00eenc\u0103lzirea global\u0103!\",\"datePublished\":\"2015-07-12T08:33:26+00:00\",\"mainEntityOfPage\":{\"@id\":\"https:\\\/\\\/www.lovendal.ro\\\/wp52\\\/cercetatorii-avertizeaza-ca-soarele-va-adormi-pana-in-2030-intrand-astfel-intr-o-mini-era-glaciara-gata-cu-incalzirea-globala\\\/\"},\"wordCount\":287,\"commentCount\":22,\"publisher\":{\"@id\":\"https:\\\/\\\/www.lovendal.ro\\\/wp52\\\/#organization\"},\"image\":{\"@id\":\"https:\\\/\\\/www.lovendal.ro\\\/wp52\\\/cercetatorii-avertizeaza-ca-soarele-va-adormi-pana-in-2030-intrand-astfel-intr-o-mini-era-glaciara-gata-cu-incalzirea-globala\\\/#primaryimage\"},\"thumbnailUrl\":\"https:\\\/\\\/www.lovendal.ro\\\/wp52\\\/wp-content\\\/uploads\\\/2015\\\/07\\\/pamant-ice-age.jpg\",\"keywords\":[\"era glaciar\u0103\",\"\u00eenc\u0103lzire global\u0103\",\"P\u0103m\u00e2nt\",\"planet\u0103\",\"Soare\",\"Stiinta\",\"temperaturi\",\"via\u0163\u0103\"],\"articleSection\":[\"Noutati\",\"Stiinta\"],\"inLanguage\":\"ro-RO\",\"potentialAction\":[{\"@type\":\"CommentAction\",\"name\":\"Comment\",\"target\":[\"https:\\\/\\\/www.lovendal.ro\\\/wp52\\\/cercetatorii-avertizeaza-ca-soarele-va-adormi-pana-in-2030-intrand-astfel-intr-o-mini-era-glaciara-gata-cu-incalzirea-globala\\\/#respond\"]}]},{\"@type\":\"WebPage\",\"@id\":\"https:\\\/\\\/www.lovendal.ro\\\/wp52\\\/cercetatorii-avertizeaza-ca-soarele-va-adormi-pana-in-2030-intrand-astfel-intr-o-mini-era-glaciara-gata-cu-incalzirea-globala\\\/\",\"url\":\"https:\\\/\\\/www.lovendal.ro\\\/wp52\\\/cercetatorii-avertizeaza-ca-soarele-va-adormi-pana-in-2030-intrand-astfel-intr-o-mini-era-glaciara-gata-cu-incalzirea-globala\\\/\",\"name\":\"Cercet\u0103torii avertizeaz\u0103 c\u0103 Soarele \\\"va adormi\\\" p\u00e2n\u0103 \u00een 2030, intr\u00e2nd astfel \u00eentr-o mini er\u0103 glaciar\u0103! Gata cu \u00eenc\u0103lzirea global\u0103! - Secretele lui Lovendal\",\"isPartOf\":{\"@id\":\"https:\\\/\\\/www.lovendal.ro\\\/wp52\\\/#website\"},\"primaryImageOfPage\":{\"@id\":\"https:\\\/\\\/www.lovendal.ro\\\/wp52\\\/cercetatorii-avertizeaza-ca-soarele-va-adormi-pana-in-2030-intrand-astfel-intr-o-mini-era-glaciara-gata-cu-incalzirea-globala\\\/#primaryimage\"},\"image\":{\"@id\":\"https:\\\/\\\/www.lovendal.ro\\\/wp52\\\/cercetatorii-avertizeaza-ca-soarele-va-adormi-pana-in-2030-intrand-astfel-intr-o-mini-era-glaciara-gata-cu-incalzirea-globala\\\/#primaryimage\"},\"thumbnailUrl\":\"https:\\\/\\\/www.lovendal.ro\\\/wp52\\\/wp-content\\\/uploads\\\/2015\\\/07\\\/pamant-ice-age.jpg\",\"datePublished\":\"2015-07-12T08:33:26+00:00\",\"breadcrumb\":{\"@id\":\"https:\\\/\\\/www.lovendal.ro\\\/wp52\\\/cercetatorii-avertizeaza-ca-soarele-va-adormi-pana-in-2030-intrand-astfel-intr-o-mini-era-glaciara-gata-cu-incalzirea-globala\\\/#breadcrumb\"},\"inLanguage\":\"ro-RO\",\"potentialAction\":[{\"@type\":\"ReadAction\",\"target\":[\"https:\\\/\\\/www.lovendal.ro\\\/wp52\\\/cercetatorii-avertizeaza-ca-soarele-va-adormi-pana-in-2030-intrand-astfel-intr-o-mini-era-glaciara-gata-cu-incalzirea-globala\\\/\"]}]},{\"@type\":\"ImageObject\",\"inLanguage\":\"ro-RO\",\"@id\":\"https:\\\/\\\/www.lovendal.ro\\\/wp52\\\/cercetatorii-avertizeaza-ca-soarele-va-adormi-pana-in-2030-intrand-astfel-intr-o-mini-era-glaciara-gata-cu-incalzirea-globala\\\/#primaryimage\",\"url\":\"https:\\\/\\\/www.lovendal.ro\\\/wp52\\\/wp-content\\\/uploads\\\/2015\\\/07\\\/pamant-ice-age.jpg\",\"contentUrl\":\"https:\\\/\\\/www.lovendal.ro\\\/wp52\\\/wp-content\\\/uploads\\\/2015\\\/07\\\/pamant-ice-age.jpg\",\"width\":332,\"height\":276},{\"@type\":\"BreadcrumbList\",\"@id\":\"https:\\\/\\\/www.lovendal.ro\\\/wp52\\\/cercetatorii-avertizeaza-ca-soarele-va-adormi-pana-in-2030-intrand-astfel-intr-o-mini-era-glaciara-gata-cu-incalzirea-globala\\\/#breadcrumb\",\"itemListElement\":[{\"@type\":\"ListItem\",\"position\":1,\"name\":\"Home\",\"item\":\"https:\\\/\\\/www.lovendal.ro\\\/wp52\\\/\"},{\"@type\":\"ListItem\",\"position\":2,\"name\":\"Cercet\u0103torii avertizeaz\u0103 c\u0103 Soarele &#8222;va adormi&#8221; p\u00e2n\u0103 \u00een 2030, intr\u00e2nd astfel \u00eentr-o mini er\u0103 glaciar\u0103! Gata cu \u00eenc\u0103lzirea global\u0103!\"}]},{\"@type\":\"WebSite\",\"@id\":\"https:\\\/\\\/www.lovendal.ro\\\/wp52\\\/#website\",\"url\":\"https:\\\/\\\/www.lovendal.ro\\\/wp52\\\/\",\"name\":\"Secretele lui Lovendal\",\"description\":\"Site de secrete, stiinta si metafizica - din 2008 -\",\"publisher\":{\"@id\":\"https:\\\/\\\/www.lovendal.ro\\\/wp52\\\/#organization\"},\"potentialAction\":[{\"@type\":\"SearchAction\",\"target\":{\"@type\":\"EntryPoint\",\"urlTemplate\":\"https:\\\/\\\/www.lovendal.ro\\\/wp52\\\/?s={search_term_string}\"},\"query-input\":{\"@type\":\"PropertyValueSpecification\",\"valueRequired\":true,\"valueName\":\"search_term_string\"}}],\"inLanguage\":\"ro-RO\"},{\"@type\":\"Organization\",\"@id\":\"https:\\\/\\\/www.lovendal.ro\\\/wp52\\\/#organization\",\"name\":\"Secretele lui Lovendal\",\"url\":\"https:\\\/\\\/www.lovendal.ro\\\/wp52\\\/\",\"logo\":{\"@type\":\"ImageObject\",\"inLanguage\":\"ro-RO\",\"@id\":\"https:\\\/\\\/www.lovendal.ro\\\/wp52\\\/#\\\/schema\\\/logo\\\/image\\\/\",\"url\":\"https:\\\/\\\/www.lovendal.ro\\\/wp52\\\/wp-content\\\/uploads\\\/2024\\\/06\\\/cropped-SLL-iun-2024-1.jpg\",\"contentUrl\":\"https:\\\/\\\/www.lovendal.ro\\\/wp52\\\/wp-content\\\/uploads\\\/2024\\\/06\\\/cropped-SLL-iun-2024-1.jpg\",\"width\":771,\"height\":240,\"caption\":\"Secretele lui Lovendal\"},\"image\":{\"@id\":\"https:\\\/\\\/www.lovendal.ro\\\/wp52\\\/#\\\/schema\\\/logo\\\/image\\\/\"},\"sameAs\":[\"https:\\\/\\\/www.facebook.com\\\/secreteleluilovendal\"]},{\"@type\":\"Person\",\"@id\":\"https:\\\/\\\/www.lovendal.ro\\\/wp52\\\/#\\\/schema\\\/person\\\/088691de5dfc346bb0c023e1e52ef5d9\",\"name\":\"admin\",\"image\":{\"@type\":\"ImageObject\",\"inLanguage\":\"ro-RO\",\"@id\":\"https:\\\/\\\/secure.gravatar.com\\\/avatar\\\/ecb9cd41f5f63c9c9b989999a59f6e2639a865ec361e9db054db0679a8f341c2?s=96&d=mm&r=g\",\"url\":\"https:\\\/\\\/secure.gravatar.com\\\/avatar\\\/ecb9cd41f5f63c9c9b989999a59f6e2639a865ec361e9db054db0679a8f341c2?s=96&d=mm&r=g\",\"contentUrl\":\"https:\\\/\\\/secure.gravatar.com\\\/avatar\\\/ecb9cd41f5f63c9c9b989999a59f6e2639a865ec361e9db054db0679a8f341c2?s=96&d=mm&r=g\",\"caption\":\"admin\"},\"sameAs\":[\"https:\\\/\\\/www.lovendal.ro\\\/wp52\"]}]}<\/script>\n<!-- \/ Yoast SEO Premium plugin. -->","yoast_head_json":{"title":"Cercet\u0103torii avertizeaz\u0103 c\u0103 Soarele \"va adormi\" p\u00e2n\u0103 \u00een 2030, intr\u00e2nd astfel \u00eentr-o mini er\u0103 glaciar\u0103! Gata cu \u00eenc\u0103lzirea global\u0103! - Secretele lui Lovendal","robots":{"index":"index","follow":"follow","max-snippet":"max-snippet:-1","max-image-preview":"max-image-preview:large","max-video-preview":"max-video-preview:-1"},"canonical":"https:\/\/www.lovendal.ro\/wp52\/cercetatorii-avertizeaza-ca-soarele-va-adormi-pana-in-2030-intrand-astfel-intr-o-mini-era-glaciara-gata-cu-incalzirea-globala\/","og_locale":"ro_RO","og_type":"article","og_title":"Cercet\u0103torii avertizeaz\u0103 c\u0103 Soarele \"va adormi\" p\u00e2n\u0103 \u00een 2030, intr\u00e2nd astfel \u00eentr-o mini er\u0103 glaciar\u0103! Gata cu \u00eenc\u0103lzirea global\u0103!","og_description":"N-am fost amenin\u0163a\u0163i de ani \u00eentregi cu \u00eenc\u0103lzirea global\u0103 care ar arde pur \u015fi simplu planeta, iar aceast\u0103 \u00eenc\u0103lzire e cauzat\u0103 de activitatea uman\u0103? \u00cen c\u00e2te articole de pe site n-am explicat c\u0103 aceast\u0103 \u00eenc\u0103lzire e doar un mit \u015fi ... Cititi mai multe","og_url":"https:\/\/www.lovendal.ro\/wp52\/cercetatorii-avertizeaza-ca-soarele-va-adormi-pana-in-2030-intrand-astfel-intr-o-mini-era-glaciara-gata-cu-incalzirea-globala\/","og_site_name":"Secretele lui Lovendal","article_publisher":"https:\/\/www.facebook.com\/secreteleluilovendal","article_published_time":"2015-07-12T08:33:26+00:00","og_image":[{"width":332,"height":276,"url":"https:\/\/www.lovendal.ro\/wp52\/wp-content\/uploads\/2015\/07\/pamant-ice-age.jpg","type":"image\/jpeg"}],"author":"admin","twitter_card":"summary_large_image","twitter_misc":{"Scris de":"admin","Timp estimat pentru citire":"1 minut"},"schema":{"@context":"https:\/\/schema.org","@graph":[{"@type":"Article","@id":"https:\/\/www.lovendal.ro\/wp52\/cercetatorii-avertizeaza-ca-soarele-va-adormi-pana-in-2030-intrand-astfel-intr-o-mini-era-glaciara-gata-cu-incalzirea-globala\/#article","isPartOf":{"@id":"https:\/\/www.lovendal.ro\/wp52\/cercetatorii-avertizeaza-ca-soarele-va-adormi-pana-in-2030-intrand-astfel-intr-o-mini-era-glaciara-gata-cu-incalzirea-globala\/"},"author":{"name":"admin","@id":"https:\/\/www.lovendal.ro\/wp52\/#\/schema\/person\/088691de5dfc346bb0c023e1e52ef5d9"},"headline":"Cercet\u0103torii avertizeaz\u0103 c\u0103 Soarele &#8222;va adormi&#8221; p\u00e2n\u0103 \u00een 2030, intr\u00e2nd astfel \u00eentr-o mini er\u0103 glaciar\u0103! Gata cu \u00eenc\u0103lzirea global\u0103!","datePublished":"2015-07-12T08:33:26+00:00","mainEntityOfPage":{"@id":"https:\/\/www.lovendal.ro\/wp52\/cercetatorii-avertizeaza-ca-soarele-va-adormi-pana-in-2030-intrand-astfel-intr-o-mini-era-glaciara-gata-cu-incalzirea-globala\/"},"wordCount":287,"commentCount":22,"publisher":{"@id":"https:\/\/www.lovendal.ro\/wp52\/#organization"},"image":{"@id":"https:\/\/www.lovendal.ro\/wp52\/cercetatorii-avertizeaza-ca-soarele-va-adormi-pana-in-2030-intrand-astfel-intr-o-mini-era-glaciara-gata-cu-incalzirea-globala\/#primaryimage"},"thumbnailUrl":"https:\/\/www.lovendal.ro\/wp52\/wp-content\/uploads\/2015\/07\/pamant-ice-age.jpg","keywords":["era glaciar\u0103","\u00eenc\u0103lzire global\u0103","P\u0103m\u00e2nt","planet\u0103","Soare","Stiinta","temperaturi","via\u0163\u0103"],"articleSection":["Noutati","Stiinta"],"inLanguage":"ro-RO","potentialAction":[{"@type":"CommentAction","name":"Comment","target":["https:\/\/www.lovendal.ro\/wp52\/cercetatorii-avertizeaza-ca-soarele-va-adormi-pana-in-2030-intrand-astfel-intr-o-mini-era-glaciara-gata-cu-incalzirea-globala\/#respond"]}]},{"@type":"WebPage","@id":"https:\/\/www.lovendal.ro\/wp52\/cercetatorii-avertizeaza-ca-soarele-va-adormi-pana-in-2030-intrand-astfel-intr-o-mini-era-glaciara-gata-cu-incalzirea-globala\/","url":"https:\/\/www.lovendal.ro\/wp52\/cercetatorii-avertizeaza-ca-soarele-va-adormi-pana-in-2030-intrand-astfel-intr-o-mini-era-glaciara-gata-cu-incalzirea-globala\/","name":"Cercet\u0103torii avertizeaz\u0103 c\u0103 Soarele \"va adormi\" p\u00e2n\u0103 \u00een 2030, intr\u00e2nd astfel \u00eentr-o mini er\u0103 glaciar\u0103! Gata cu \u00eenc\u0103lzirea global\u0103! - Secretele lui Lovendal","isPartOf":{"@id":"https:\/\/www.lovendal.ro\/wp52\/#website"},"primaryImageOfPage":{"@id":"https:\/\/www.lovendal.ro\/wp52\/cercetatorii-avertizeaza-ca-soarele-va-adormi-pana-in-2030-intrand-astfel-intr-o-mini-era-glaciara-gata-cu-incalzirea-globala\/#primaryimage"},"image":{"@id":"https:\/\/www.lovendal.ro\/wp52\/cercetatorii-avertizeaza-ca-soarele-va-adormi-pana-in-2030-intrand-astfel-intr-o-mini-era-glaciara-gata-cu-incalzirea-globala\/#primaryimage"},"thumbnailUrl":"https:\/\/www.lovendal.ro\/wp52\/wp-content\/uploads\/2015\/07\/pamant-ice-age.jpg","datePublished":"2015-07-12T08:33:26+00:00","breadcrumb":{"@id":"https:\/\/www.lovendal.ro\/wp52\/cercetatorii-avertizeaza-ca-soarele-va-adormi-pana-in-2030-intrand-astfel-intr-o-mini-era-glaciara-gata-cu-incalzirea-globala\/#breadcrumb"},"inLanguage":"ro-RO","potentialAction":[{"@type":"ReadAction","target":["https:\/\/www.lovendal.ro\/wp52\/cercetatorii-avertizeaza-ca-soarele-va-adormi-pana-in-2030-intrand-astfel-intr-o-mini-era-glaciara-gata-cu-incalzirea-globala\/"]}]},{"@type":"ImageObject","inLanguage":"ro-RO","@id":"https:\/\/www.lovendal.ro\/wp52\/cercetatorii-avertizeaza-ca-soarele-va-adormi-pana-in-2030-intrand-astfel-intr-o-mini-era-glaciara-gata-cu-incalzirea-globala\/#primaryimage","url":"https:\/\/www.lovendal.ro\/wp52\/wp-content\/uploads\/2015\/07\/pamant-ice-age.jpg","contentUrl":"https:\/\/www.lovendal.ro\/wp52\/wp-content\/uploads\/2015\/07\/pamant-ice-age.jpg","width":332,"height":276},{"@type":"BreadcrumbList","@id":"https:\/\/www.lovendal.ro\/wp52\/cercetatorii-avertizeaza-ca-soarele-va-adormi-pana-in-2030-intrand-astfel-intr-o-mini-era-glaciara-gata-cu-incalzirea-globala\/#breadcrumb","itemListElement":[{"@type":"ListItem","position":1,"name":"Home","item":"https:\/\/www.lovendal.ro\/wp52\/"},{"@type":"ListItem","position":2,"name":"Cercet\u0103torii avertizeaz\u0103 c\u0103 Soarele &#8222;va adormi&#8221; p\u00e2n\u0103 \u00een 2030, intr\u00e2nd astfel \u00eentr-o mini er\u0103 glaciar\u0103! Gata cu \u00eenc\u0103lzirea global\u0103!"}]},{"@type":"WebSite","@id":"https:\/\/www.lovendal.ro\/wp52\/#website","url":"https:\/\/www.lovendal.ro\/wp52\/","name":"Secretele lui Lovendal","description":"Site de secrete, stiinta si metafizica - din 2008 -","publisher":{"@id":"https:\/\/www.lovendal.ro\/wp52\/#organization"},"potentialAction":[{"@type":"SearchAction","target":{"@type":"EntryPoint","urlTemplate":"https:\/\/www.lovendal.ro\/wp52\/?s={search_term_string}"},"query-input":{"@type":"PropertyValueSpecification","valueRequired":true,"valueName":"search_term_string"}}],"inLanguage":"ro-RO"},{"@type":"Organization","@id":"https:\/\/www.lovendal.ro\/wp52\/#organization","name":"Secretele lui Lovendal","url":"https:\/\/www.lovendal.ro\/wp52\/","logo":{"@type":"ImageObject","inLanguage":"ro-RO","@id":"https:\/\/www.lovendal.ro\/wp52\/#\/schema\/logo\/image\/","url":"https:\/\/www.lovendal.ro\/wp52\/wp-content\/uploads\/2024\/06\/cropped-SLL-iun-2024-1.jpg","contentUrl":"https:\/\/www.lovendal.ro\/wp52\/wp-content\/uploads\/2024\/06\/cropped-SLL-iun-2024-1.jpg","width":771,"height":240,"caption":"Secretele lui Lovendal"},"image":{"@id":"https:\/\/www.lovendal.ro\/wp52\/#\/schema\/logo\/image\/"},"sameAs":["https:\/\/www.facebook.com\/secreteleluilovendal"]},{"@type":"Person","@id":"https:\/\/www.lovendal.ro\/wp52\/#\/schema\/person\/088691de5dfc346bb0c023e1e52ef5d9","name":"admin","image":{"@type":"ImageObject","inLanguage":"ro-RO","@id":"https:\/\/secure.gravatar.com\/avatar\/ecb9cd41f5f63c9c9b989999a59f6e2639a865ec361e9db054db0679a8f341c2?s=96&d=mm&r=g","url":"https:\/\/secure.gravatar.com\/avatar\/ecb9cd41f5f63c9c9b989999a59f6e2639a865ec361e9db054db0679a8f341c2?s=96&d=mm&r=g","contentUrl":"https:\/\/secure.gravatar.com\/avatar\/ecb9cd41f5f63c9c9b989999a59f6e2639a865ec361e9db054db0679a8f341c2?s=96&d=mm&r=g","caption":"admin"},"sameAs":["https:\/\/www.lovendal.ro\/wp52"]}]}},"_links":{"self":[{"href":"https:\/\/www.lovendal.ro\/wp52\/wp-json\/wp\/v2\/posts\/39444","targetHints":{"allow":["GET"]}}],"collection":[{"href":"https:\/\/www.lovendal.ro\/wp52\/wp-json\/wp\/v2\/posts"}],"about":[{"href":"https:\/\/www.lovendal.ro\/wp52\/wp-json\/wp\/v2\/types\/post"}],"author":[{"embeddable":true,"href":"https:\/\/www.lovendal.ro\/wp52\/wp-json\/wp\/v2\/users\/1"}],"replies":[{"embeddable":true,"href":"https:\/\/www.lovendal.ro\/wp52\/wp-json\/wp\/v2\/comments?post=39444"}],"version-history":[{"count":0,"href":"https:\/\/www.lovendal.ro\/wp52\/wp-json\/wp\/v2\/posts\/39444\/revisions"}],"wp:featuredmedia":[{"embeddable":true,"href":"https:\/\/www.lovendal.ro\/wp52\/wp-json\/wp\/v2\/media\/39445"}],"wp:attachment":[{"href":"https:\/\/www.lovendal.ro\/wp52\/wp-json\/wp\/v2\/media?parent=39444"}],"wp:term":[{"taxonomy":"category","embeddable":true,"href":"https:\/\/www.lovendal.ro\/wp52\/wp-json\/wp\/v2\/categories?post=39444"},{"taxonomy":"post_tag","embeddable":true,"href":"https:\/\/www.lovendal.ro\/wp52\/wp-json\/wp\/v2\/tags?post=39444"}],"curies":[{"name":"wp","href":"https:\/\/api.w.org\/{rel}","templated":true}]}}