{"id":39413,"date":"2015-07-10T14:43:26","date_gmt":"2015-07-10T11:43:26","guid":{"rendered":"http:\/\/www.lovendal.ro\/wp52\/?p=39413"},"modified":"2015-07-10T14:43:45","modified_gmt":"2015-07-10T11:43:45","slug":"un-om-de-stiinta-crede-ca-extraterestrii-trebuie-sa-arate-asemenea-meduzelor-sa-l-credem","status":"publish","type":"post","link":"https:\/\/www.lovendal.ro\/wp52\/un-om-de-stiinta-crede-ca-extraterestrii-trebuie-sa-arate-asemenea-meduzelor-sa-l-credem\/","title":{"rendered":"Un om de \u015ftiin\u0163\u0103 crede c\u0103 extratere\u015ftrii trebuie s\u0103 arate asemenea meduzelor! S\u0103-l credem?"},"content":{"rendered":"<p><img loading=\"lazy\" decoding=\"async\" class=\"alignleft size-full wp-image-39414\" src=\"https:\/\/www.lovendal.ro\/wp52\/wp-content\/uploads\/2015\/07\/meduza-extraterestra.jpg\" alt=\"meduza extraterestra\" width=\"335\" height=\"298\" srcset=\"https:\/\/www.lovendal.ro\/wp52\/wp-content\/uploads\/2015\/07\/meduza-extraterestra.jpg 335w, https:\/\/www.lovendal.ro\/wp52\/wp-content\/uploads\/2015\/07\/meduza-extraterestra-300x266.jpg 300w\" sizes=\"auto, (max-width: 335px) 100vw, 335px\" \/>Oricine este interesat de forme de via\u021b\u0103 extraterestre avansate s-a \u00eentrebat nu de pu\u0163ine ori cum ar ar\u0103ta specia extraterestr\u0103. Probabil c\u0103 nu exist\u0103 nimeni care s\u0103 ne poat\u0103 oferi un r\u0103spuns adecvat, pentru c\u0103 sunt multe opinii care adesea se contrazic. \u015ei asta \u00eentruc\u00e2t condi\u021biile de mediu joac\u0103 un rol important \u00een dezvoltarea oric\u0103rei specii.<\/p>\n<p>De-a lungul anilor, mul\u021bi oameni de \u0219tiin\u021b\u0103 au speculat \u0219i au \u00eencercat s\u0103 ne ofere o imagine a civiliza\u0163iilor extraterestre avansate. De exemplu, dr Alderin-Pocock, un expert \u00een domeniu astrobiologic \u0219i consilier guvernamental, crede c\u0103 via\u021ba este posibil s\u0103 fi evoluat foarte diferit pe alte planete. Baz\u00e2ndu-se pe descoperirile astronomice recente, dr Alderin-Pocock speculeaz\u0103 faptul c\u0103 cel pu\u0163in 4 civiliza\u021bii extraterestre inteligente ar putea exista \u00een galaxia noastr\u0103, Calea Lactee.<\/p>\n<p>Dar, prezentarea extratere\u015ftrilor de c\u0103tre dr. Alderin-Pocock este una destul de surprinz\u0103toare. Astfel, domnia sa crede c\u0103 extratere\u015ftrii inteligen\u0163i ar ar\u0103ta asemenea unor meduze enorme!<\/p>\n<p><em>&#8222;Imagina\u021bia noastr\u0103 este constr\u00e2ns\u0103 \u00een mod natural de ceea ce vedem \u00een jurul nostru, iar \u00een\u0163elepciunea conven\u0163ional\u0103 este aceea c\u0103 via\u021ba are nevoie de ap\u0103 \u0219i se bazeaz\u0103 pe carbon. Dar unii cercet\u0103tori au alte idei interesante, ca de exemplu aceea ca via\u0163a s\u0103 se bazeze \u015fi pe siliciu. Siliciul este chiar sub carbon \u00een tabelul periodic, are unele similitudini chimice \u0219i este disponibil pe scar\u0103 larg\u0103 \u00een Univers. A\u015fa c\u0103 probabil ne-am putea imagina instruc\u021biuni similare cu ADN-ul, dar pe baz\u0103 de siliciu. Poate c\u0103 via\u021ba nu trebuie s\u0103 se asemene cu ADN-ul&#8221;<\/em>, a declarat Dr. Alderin-Pocock.<\/p>\n<p>Dar nu to\u0163i sunt de acord cu aceast\u0103 opinie. \u00cen noua sa carte, <em>&#8222;Runele evolu\u0163iei&#8221;<\/em>, profesorul Conway Morris sus\u021bine c\u0103, \u00een cazul \u00een care exist\u0103 extratere\u015ftri, ace\u015ftia ar ar\u0103ta foarte similar cu noi: <em>&#8222;Cartea mea \u00eencearc\u0103 s\u0103 conving\u0103 lumea c\u0103 procesul de convergen\u021b\u0103 evolutiv\u0103 este omniprezent. Oriunde te ui\u021bi, \u00eel vezi. Evolu\u0163ia este mult mai previzibil\u0103 dec\u00e2t oamenii cred. Prin urmare, \u00een principiu, \u015fi alte planete ca \u015fi P\u0103m\u00e2ntul trebuie s\u0103 evolueze foarte multe la fel.&#8221; <\/em>A\u015fadar, profesorul Conway Morris a spus c\u0103 via\u0163a vegetal\u0103 \u0219i animal\u0103 de pe alte planete trebuie s\u0103 arate similar cu cea a P\u0103m\u00e2ntului. La fel, dac\u0103 exist\u0103 via\u0163\u0103 inteligent\u0103 pe alte planete, aceasta trebuie s\u0103 fie foarte asem\u0103n\u0103toare cu omul&#8230;<\/p>\n<p>Pe care din cei doi oameni de \u015ftiin\u0163\u0103 \u00eei crede\u0163i?<\/p>\n<p>&nbsp;<\/p>\n","protected":false},"excerpt":{"rendered":"<p>Oricine este interesat de forme de via\u021b\u0103 extraterestre avansate s-a \u00eentrebat nu de pu\u0163ine ori cum ar ar\u0103ta specia extraterestr\u0103. Probabil c\u0103 nu exist\u0103 nimeni care s\u0103 ne poat\u0103 oferi un r\u0103spuns adecvat, pentru c\u0103 sunt multe opinii care adesea &#8230; <\/p>\n<p class=\"read-more-container\"><a title=\"Un om de \u015ftiin\u0163\u0103 crede c\u0103 extratere\u015ftrii trebuie s\u0103 arate asemenea meduzelor! S\u0103-l credem?\" class=\"read-more button\" href=\"https:\/\/www.lovendal.ro\/wp52\/un-om-de-stiinta-crede-ca-extraterestrii-trebuie-sa-arate-asemenea-meduzelor-sa-l-credem\/#more-39413\" aria-label=\"Cite\u0219te mai multe despre Un om de \u015ftiin\u0163\u0103 crede c\u0103 extratere\u015ftrii trebuie s\u0103 arate asemenea meduzelor! S\u0103-l credem?\">Cititi mai multe<\/a><\/p>\n","protected":false},"author":1,"featured_media":39414,"comment_status":"open","ping_status":"open","sticky":false,"template":"","format":"standard","meta":{"footnotes":""},"categories":[2833,14],"tags":[415,601,1405,3481,1103,51,433,1571,1830,105,9796,732,6787,366],"class_list":["post-39413","post","type-post","status-publish","format-standard","has-post-thumbnail","hentry","category-noutati","category-paranormal-spiritualitate","tag-adn","tag-apa","tag-calea-lactee","tag-carbon","tag-carte","tag-extraterestri","tag-galaxie","tag-meduza","tag-om","tag-pamant","tag-paranormal-spiritualitate","tag-planeta","tag-siliciu","tag-viata","resize-featured-image"],"yoast_head":"<!-- This site is optimized with the Yoast SEO Premium plugin v23.3 (Yoast SEO v27.4) - https:\/\/yoast.com\/product\/yoast-seo-premium-wordpress\/ -->\n<title>Un om de \u015ftiin\u0163\u0103 crede c\u0103 extratere\u015ftrii trebuie s\u0103 arate asemenea meduzelor! S\u0103-l credem? - Secretele lui Lovendal<\/title>\n<meta name=\"robots\" content=\"index, follow, max-snippet:-1, max-image-preview:large, max-video-preview:-1\" \/>\n<link rel=\"canonical\" href=\"https:\/\/www.lovendal.ro\/wp52\/un-om-de-stiinta-crede-ca-extraterestrii-trebuie-sa-arate-asemenea-meduzelor-sa-l-credem\/\" \/>\n<meta property=\"og:locale\" content=\"ro_RO\" \/>\n<meta property=\"og:type\" content=\"article\" \/>\n<meta property=\"og:title\" content=\"Un om de \u015ftiin\u0163\u0103 crede c\u0103 extratere\u015ftrii trebuie s\u0103 arate asemenea meduzelor! S\u0103-l credem?\" \/>\n<meta property=\"og:description\" content=\"Oricine este interesat de forme de via\u021b\u0103 extraterestre avansate s-a \u00eentrebat nu de pu\u0163ine ori cum ar ar\u0103ta specia extraterestr\u0103. Probabil c\u0103 nu exist\u0103 nimeni care s\u0103 ne poat\u0103 oferi un r\u0103spuns adecvat, pentru c\u0103 sunt multe opinii care adesea ... Cititi mai multe\" \/>\n<meta property=\"og:url\" content=\"https:\/\/www.lovendal.ro\/wp52\/un-om-de-stiinta-crede-ca-extraterestrii-trebuie-sa-arate-asemenea-meduzelor-sa-l-credem\/\" \/>\n<meta property=\"og:site_name\" content=\"Secretele lui Lovendal\" \/>\n<meta property=\"article:publisher\" content=\"https:\/\/www.facebook.com\/secreteleluilovendal\" \/>\n<meta property=\"article:published_time\" content=\"2015-07-10T11:43:26+00:00\" \/>\n<meta property=\"article:modified_time\" content=\"2015-07-10T11:43:45+00:00\" \/>\n<meta property=\"og:image\" content=\"https:\/\/www.lovendal.ro\/wp52\/wp-content\/uploads\/2015\/07\/meduza-extraterestra.jpg\" \/>\n\t<meta property=\"og:image:width\" content=\"335\" \/>\n\t<meta property=\"og:image:height\" content=\"298\" \/>\n\t<meta property=\"og:image:type\" content=\"image\/jpeg\" \/>\n<meta name=\"author\" content=\"admin\" \/>\n<meta name=\"twitter:card\" content=\"summary_large_image\" \/>\n<meta name=\"twitter:label1\" content=\"Scris de\" \/>\n\t<meta name=\"twitter:data1\" content=\"admin\" \/>\n\t<meta name=\"twitter:label2\" content=\"Timp estimat pentru citire\" \/>\n\t<meta name=\"twitter:data2\" content=\"2 minute\" \/>\n<script type=\"application\/ld+json\" class=\"yoast-schema-graph\">{\"@context\":\"https:\\\/\\\/schema.org\",\"@graph\":[{\"@type\":\"Article\",\"@id\":\"https:\\\/\\\/www.lovendal.ro\\\/wp52\\\/un-om-de-stiinta-crede-ca-extraterestrii-trebuie-sa-arate-asemenea-meduzelor-sa-l-credem\\\/#article\",\"isPartOf\":{\"@id\":\"https:\\\/\\\/www.lovendal.ro\\\/wp52\\\/un-om-de-stiinta-crede-ca-extraterestrii-trebuie-sa-arate-asemenea-meduzelor-sa-l-credem\\\/\"},\"author\":{\"name\":\"admin\",\"@id\":\"https:\\\/\\\/www.lovendal.ro\\\/wp52\\\/#\\\/schema\\\/person\\\/088691de5dfc346bb0c023e1e52ef5d9\"},\"headline\":\"Un om de \u015ftiin\u0163\u0103 crede c\u0103 extratere\u015ftrii trebuie s\u0103 arate asemenea meduzelor! S\u0103-l credem?\",\"datePublished\":\"2015-07-10T11:43:26+00:00\",\"dateModified\":\"2015-07-10T11:43:45+00:00\",\"mainEntityOfPage\":{\"@id\":\"https:\\\/\\\/www.lovendal.ro\\\/wp52\\\/un-om-de-stiinta-crede-ca-extraterestrii-trebuie-sa-arate-asemenea-meduzelor-sa-l-credem\\\/\"},\"wordCount\":437,\"commentCount\":6,\"publisher\":{\"@id\":\"https:\\\/\\\/www.lovendal.ro\\\/wp52\\\/#organization\"},\"image\":{\"@id\":\"https:\\\/\\\/www.lovendal.ro\\\/wp52\\\/un-om-de-stiinta-crede-ca-extraterestrii-trebuie-sa-arate-asemenea-meduzelor-sa-l-credem\\\/#primaryimage\"},\"thumbnailUrl\":\"https:\\\/\\\/www.lovendal.ro\\\/wp52\\\/wp-content\\\/uploads\\\/2015\\\/07\\\/meduza-extraterestra.jpg\",\"keywords\":[\"ADN\",\"ap\u0103\",\"Calea Lactee\",\"carbon\",\"carte\",\"extratere\u015ftri\",\"galaxie\",\"meduz\u0103\",\"om\",\"P\u0103m\u00e2nt\",\"Paranormal-Spiritualitate\",\"planet\u0103\",\"siliciu\",\"via\u0163\u0103\"],\"articleSection\":[\"Noutati\",\"Paranormal-Spiritualitate\"],\"inLanguage\":\"ro-RO\",\"potentialAction\":[{\"@type\":\"CommentAction\",\"name\":\"Comment\",\"target\":[\"https:\\\/\\\/www.lovendal.ro\\\/wp52\\\/un-om-de-stiinta-crede-ca-extraterestrii-trebuie-sa-arate-asemenea-meduzelor-sa-l-credem\\\/#respond\"]}]},{\"@type\":\"WebPage\",\"@id\":\"https:\\\/\\\/www.lovendal.ro\\\/wp52\\\/un-om-de-stiinta-crede-ca-extraterestrii-trebuie-sa-arate-asemenea-meduzelor-sa-l-credem\\\/\",\"url\":\"https:\\\/\\\/www.lovendal.ro\\\/wp52\\\/un-om-de-stiinta-crede-ca-extraterestrii-trebuie-sa-arate-asemenea-meduzelor-sa-l-credem\\\/\",\"name\":\"Un om de \u015ftiin\u0163\u0103 crede c\u0103 extratere\u015ftrii trebuie s\u0103 arate asemenea meduzelor! S\u0103-l credem? - Secretele lui Lovendal\",\"isPartOf\":{\"@id\":\"https:\\\/\\\/www.lovendal.ro\\\/wp52\\\/#website\"},\"primaryImageOfPage\":{\"@id\":\"https:\\\/\\\/www.lovendal.ro\\\/wp52\\\/un-om-de-stiinta-crede-ca-extraterestrii-trebuie-sa-arate-asemenea-meduzelor-sa-l-credem\\\/#primaryimage\"},\"image\":{\"@id\":\"https:\\\/\\\/www.lovendal.ro\\\/wp52\\\/un-om-de-stiinta-crede-ca-extraterestrii-trebuie-sa-arate-asemenea-meduzelor-sa-l-credem\\\/#primaryimage\"},\"thumbnailUrl\":\"https:\\\/\\\/www.lovendal.ro\\\/wp52\\\/wp-content\\\/uploads\\\/2015\\\/07\\\/meduza-extraterestra.jpg\",\"datePublished\":\"2015-07-10T11:43:26+00:00\",\"dateModified\":\"2015-07-10T11:43:45+00:00\",\"breadcrumb\":{\"@id\":\"https:\\\/\\\/www.lovendal.ro\\\/wp52\\\/un-om-de-stiinta-crede-ca-extraterestrii-trebuie-sa-arate-asemenea-meduzelor-sa-l-credem\\\/#breadcrumb\"},\"inLanguage\":\"ro-RO\",\"potentialAction\":[{\"@type\":\"ReadAction\",\"target\":[\"https:\\\/\\\/www.lovendal.ro\\\/wp52\\\/un-om-de-stiinta-crede-ca-extraterestrii-trebuie-sa-arate-asemenea-meduzelor-sa-l-credem\\\/\"]}]},{\"@type\":\"ImageObject\",\"inLanguage\":\"ro-RO\",\"@id\":\"https:\\\/\\\/www.lovendal.ro\\\/wp52\\\/un-om-de-stiinta-crede-ca-extraterestrii-trebuie-sa-arate-asemenea-meduzelor-sa-l-credem\\\/#primaryimage\",\"url\":\"https:\\\/\\\/www.lovendal.ro\\\/wp52\\\/wp-content\\\/uploads\\\/2015\\\/07\\\/meduza-extraterestra.jpg\",\"contentUrl\":\"https:\\\/\\\/www.lovendal.ro\\\/wp52\\\/wp-content\\\/uploads\\\/2015\\\/07\\\/meduza-extraterestra.jpg\",\"width\":335,\"height\":298},{\"@type\":\"BreadcrumbList\",\"@id\":\"https:\\\/\\\/www.lovendal.ro\\\/wp52\\\/un-om-de-stiinta-crede-ca-extraterestrii-trebuie-sa-arate-asemenea-meduzelor-sa-l-credem\\\/#breadcrumb\",\"itemListElement\":[{\"@type\":\"ListItem\",\"position\":1,\"name\":\"Home\",\"item\":\"https:\\\/\\\/www.lovendal.ro\\\/wp52\\\/\"},{\"@type\":\"ListItem\",\"position\":2,\"name\":\"Un om de \u015ftiin\u0163\u0103 crede c\u0103 extratere\u015ftrii trebuie s\u0103 arate asemenea meduzelor! S\u0103-l credem?\"}]},{\"@type\":\"WebSite\",\"@id\":\"https:\\\/\\\/www.lovendal.ro\\\/wp52\\\/#website\",\"url\":\"https:\\\/\\\/www.lovendal.ro\\\/wp52\\\/\",\"name\":\"Secretele lui Lovendal\",\"description\":\"Site de secrete, stiinta si metafizica - din 2008 -\",\"publisher\":{\"@id\":\"https:\\\/\\\/www.lovendal.ro\\\/wp52\\\/#organization\"},\"potentialAction\":[{\"@type\":\"SearchAction\",\"target\":{\"@type\":\"EntryPoint\",\"urlTemplate\":\"https:\\\/\\\/www.lovendal.ro\\\/wp52\\\/?s={search_term_string}\"},\"query-input\":{\"@type\":\"PropertyValueSpecification\",\"valueRequired\":true,\"valueName\":\"search_term_string\"}}],\"inLanguage\":\"ro-RO\"},{\"@type\":\"Organization\",\"@id\":\"https:\\\/\\\/www.lovendal.ro\\\/wp52\\\/#organization\",\"name\":\"Secretele lui Lovendal\",\"url\":\"https:\\\/\\\/www.lovendal.ro\\\/wp52\\\/\",\"logo\":{\"@type\":\"ImageObject\",\"inLanguage\":\"ro-RO\",\"@id\":\"https:\\\/\\\/www.lovendal.ro\\\/wp52\\\/#\\\/schema\\\/logo\\\/image\\\/\",\"url\":\"https:\\\/\\\/www.lovendal.ro\\\/wp52\\\/wp-content\\\/uploads\\\/2024\\\/06\\\/cropped-SLL-iun-2024-1.jpg\",\"contentUrl\":\"https:\\\/\\\/www.lovendal.ro\\\/wp52\\\/wp-content\\\/uploads\\\/2024\\\/06\\\/cropped-SLL-iun-2024-1.jpg\",\"width\":771,\"height\":240,\"caption\":\"Secretele lui Lovendal\"},\"image\":{\"@id\":\"https:\\\/\\\/www.lovendal.ro\\\/wp52\\\/#\\\/schema\\\/logo\\\/image\\\/\"},\"sameAs\":[\"https:\\\/\\\/www.facebook.com\\\/secreteleluilovendal\"]},{\"@type\":\"Person\",\"@id\":\"https:\\\/\\\/www.lovendal.ro\\\/wp52\\\/#\\\/schema\\\/person\\\/088691de5dfc346bb0c023e1e52ef5d9\",\"name\":\"admin\",\"image\":{\"@type\":\"ImageObject\",\"inLanguage\":\"ro-RO\",\"@id\":\"https:\\\/\\\/secure.gravatar.com\\\/avatar\\\/ecb9cd41f5f63c9c9b989999a59f6e2639a865ec361e9db054db0679a8f341c2?s=96&d=mm&r=g\",\"url\":\"https:\\\/\\\/secure.gravatar.com\\\/avatar\\\/ecb9cd41f5f63c9c9b989999a59f6e2639a865ec361e9db054db0679a8f341c2?s=96&d=mm&r=g\",\"contentUrl\":\"https:\\\/\\\/secure.gravatar.com\\\/avatar\\\/ecb9cd41f5f63c9c9b989999a59f6e2639a865ec361e9db054db0679a8f341c2?s=96&d=mm&r=g\",\"caption\":\"admin\"},\"sameAs\":[\"https:\\\/\\\/www.lovendal.ro\\\/wp52\"]}]}<\/script>\n<!-- \/ Yoast SEO Premium plugin. -->","yoast_head_json":{"title":"Un om de \u015ftiin\u0163\u0103 crede c\u0103 extratere\u015ftrii trebuie s\u0103 arate asemenea meduzelor! S\u0103-l credem? - Secretele lui Lovendal","robots":{"index":"index","follow":"follow","max-snippet":"max-snippet:-1","max-image-preview":"max-image-preview:large","max-video-preview":"max-video-preview:-1"},"canonical":"https:\/\/www.lovendal.ro\/wp52\/un-om-de-stiinta-crede-ca-extraterestrii-trebuie-sa-arate-asemenea-meduzelor-sa-l-credem\/","og_locale":"ro_RO","og_type":"article","og_title":"Un om de \u015ftiin\u0163\u0103 crede c\u0103 extratere\u015ftrii trebuie s\u0103 arate asemenea meduzelor! S\u0103-l credem?","og_description":"Oricine este interesat de forme de via\u021b\u0103 extraterestre avansate s-a \u00eentrebat nu de pu\u0163ine ori cum ar ar\u0103ta specia extraterestr\u0103. Probabil c\u0103 nu exist\u0103 nimeni care s\u0103 ne poat\u0103 oferi un r\u0103spuns adecvat, pentru c\u0103 sunt multe opinii care adesea ... Cititi mai multe","og_url":"https:\/\/www.lovendal.ro\/wp52\/un-om-de-stiinta-crede-ca-extraterestrii-trebuie-sa-arate-asemenea-meduzelor-sa-l-credem\/","og_site_name":"Secretele lui Lovendal","article_publisher":"https:\/\/www.facebook.com\/secreteleluilovendal","article_published_time":"2015-07-10T11:43:26+00:00","article_modified_time":"2015-07-10T11:43:45+00:00","og_image":[{"width":335,"height":298,"url":"https:\/\/www.lovendal.ro\/wp52\/wp-content\/uploads\/2015\/07\/meduza-extraterestra.jpg","type":"image\/jpeg"}],"author":"admin","twitter_card":"summary_large_image","twitter_misc":{"Scris de":"admin","Timp estimat pentru citire":"2 minute"},"schema":{"@context":"https:\/\/schema.org","@graph":[{"@type":"Article","@id":"https:\/\/www.lovendal.ro\/wp52\/un-om-de-stiinta-crede-ca-extraterestrii-trebuie-sa-arate-asemenea-meduzelor-sa-l-credem\/#article","isPartOf":{"@id":"https:\/\/www.lovendal.ro\/wp52\/un-om-de-stiinta-crede-ca-extraterestrii-trebuie-sa-arate-asemenea-meduzelor-sa-l-credem\/"},"author":{"name":"admin","@id":"https:\/\/www.lovendal.ro\/wp52\/#\/schema\/person\/088691de5dfc346bb0c023e1e52ef5d9"},"headline":"Un om de \u015ftiin\u0163\u0103 crede c\u0103 extratere\u015ftrii trebuie s\u0103 arate asemenea meduzelor! S\u0103-l credem?","datePublished":"2015-07-10T11:43:26+00:00","dateModified":"2015-07-10T11:43:45+00:00","mainEntityOfPage":{"@id":"https:\/\/www.lovendal.ro\/wp52\/un-om-de-stiinta-crede-ca-extraterestrii-trebuie-sa-arate-asemenea-meduzelor-sa-l-credem\/"},"wordCount":437,"commentCount":6,"publisher":{"@id":"https:\/\/www.lovendal.ro\/wp52\/#organization"},"image":{"@id":"https:\/\/www.lovendal.ro\/wp52\/un-om-de-stiinta-crede-ca-extraterestrii-trebuie-sa-arate-asemenea-meduzelor-sa-l-credem\/#primaryimage"},"thumbnailUrl":"https:\/\/www.lovendal.ro\/wp52\/wp-content\/uploads\/2015\/07\/meduza-extraterestra.jpg","keywords":["ADN","ap\u0103","Calea Lactee","carbon","carte","extratere\u015ftri","galaxie","meduz\u0103","om","P\u0103m\u00e2nt","Paranormal-Spiritualitate","planet\u0103","siliciu","via\u0163\u0103"],"articleSection":["Noutati","Paranormal-Spiritualitate"],"inLanguage":"ro-RO","potentialAction":[{"@type":"CommentAction","name":"Comment","target":["https:\/\/www.lovendal.ro\/wp52\/un-om-de-stiinta-crede-ca-extraterestrii-trebuie-sa-arate-asemenea-meduzelor-sa-l-credem\/#respond"]}]},{"@type":"WebPage","@id":"https:\/\/www.lovendal.ro\/wp52\/un-om-de-stiinta-crede-ca-extraterestrii-trebuie-sa-arate-asemenea-meduzelor-sa-l-credem\/","url":"https:\/\/www.lovendal.ro\/wp52\/un-om-de-stiinta-crede-ca-extraterestrii-trebuie-sa-arate-asemenea-meduzelor-sa-l-credem\/","name":"Un om de \u015ftiin\u0163\u0103 crede c\u0103 extratere\u015ftrii trebuie s\u0103 arate asemenea meduzelor! S\u0103-l credem? - Secretele lui Lovendal","isPartOf":{"@id":"https:\/\/www.lovendal.ro\/wp52\/#website"},"primaryImageOfPage":{"@id":"https:\/\/www.lovendal.ro\/wp52\/un-om-de-stiinta-crede-ca-extraterestrii-trebuie-sa-arate-asemenea-meduzelor-sa-l-credem\/#primaryimage"},"image":{"@id":"https:\/\/www.lovendal.ro\/wp52\/un-om-de-stiinta-crede-ca-extraterestrii-trebuie-sa-arate-asemenea-meduzelor-sa-l-credem\/#primaryimage"},"thumbnailUrl":"https:\/\/www.lovendal.ro\/wp52\/wp-content\/uploads\/2015\/07\/meduza-extraterestra.jpg","datePublished":"2015-07-10T11:43:26+00:00","dateModified":"2015-07-10T11:43:45+00:00","breadcrumb":{"@id":"https:\/\/www.lovendal.ro\/wp52\/un-om-de-stiinta-crede-ca-extraterestrii-trebuie-sa-arate-asemenea-meduzelor-sa-l-credem\/#breadcrumb"},"inLanguage":"ro-RO","potentialAction":[{"@type":"ReadAction","target":["https:\/\/www.lovendal.ro\/wp52\/un-om-de-stiinta-crede-ca-extraterestrii-trebuie-sa-arate-asemenea-meduzelor-sa-l-credem\/"]}]},{"@type":"ImageObject","inLanguage":"ro-RO","@id":"https:\/\/www.lovendal.ro\/wp52\/un-om-de-stiinta-crede-ca-extraterestrii-trebuie-sa-arate-asemenea-meduzelor-sa-l-credem\/#primaryimage","url":"https:\/\/www.lovendal.ro\/wp52\/wp-content\/uploads\/2015\/07\/meduza-extraterestra.jpg","contentUrl":"https:\/\/www.lovendal.ro\/wp52\/wp-content\/uploads\/2015\/07\/meduza-extraterestra.jpg","width":335,"height":298},{"@type":"BreadcrumbList","@id":"https:\/\/www.lovendal.ro\/wp52\/un-om-de-stiinta-crede-ca-extraterestrii-trebuie-sa-arate-asemenea-meduzelor-sa-l-credem\/#breadcrumb","itemListElement":[{"@type":"ListItem","position":1,"name":"Home","item":"https:\/\/www.lovendal.ro\/wp52\/"},{"@type":"ListItem","position":2,"name":"Un om de \u015ftiin\u0163\u0103 crede c\u0103 extratere\u015ftrii trebuie s\u0103 arate asemenea meduzelor! S\u0103-l credem?"}]},{"@type":"WebSite","@id":"https:\/\/www.lovendal.ro\/wp52\/#website","url":"https:\/\/www.lovendal.ro\/wp52\/","name":"Secretele lui Lovendal","description":"Site de secrete, stiinta si metafizica - din 2008 -","publisher":{"@id":"https:\/\/www.lovendal.ro\/wp52\/#organization"},"potentialAction":[{"@type":"SearchAction","target":{"@type":"EntryPoint","urlTemplate":"https:\/\/www.lovendal.ro\/wp52\/?s={search_term_string}"},"query-input":{"@type":"PropertyValueSpecification","valueRequired":true,"valueName":"search_term_string"}}],"inLanguage":"ro-RO"},{"@type":"Organization","@id":"https:\/\/www.lovendal.ro\/wp52\/#organization","name":"Secretele lui Lovendal","url":"https:\/\/www.lovendal.ro\/wp52\/","logo":{"@type":"ImageObject","inLanguage":"ro-RO","@id":"https:\/\/www.lovendal.ro\/wp52\/#\/schema\/logo\/image\/","url":"https:\/\/www.lovendal.ro\/wp52\/wp-content\/uploads\/2024\/06\/cropped-SLL-iun-2024-1.jpg","contentUrl":"https:\/\/www.lovendal.ro\/wp52\/wp-content\/uploads\/2024\/06\/cropped-SLL-iun-2024-1.jpg","width":771,"height":240,"caption":"Secretele lui Lovendal"},"image":{"@id":"https:\/\/www.lovendal.ro\/wp52\/#\/schema\/logo\/image\/"},"sameAs":["https:\/\/www.facebook.com\/secreteleluilovendal"]},{"@type":"Person","@id":"https:\/\/www.lovendal.ro\/wp52\/#\/schema\/person\/088691de5dfc346bb0c023e1e52ef5d9","name":"admin","image":{"@type":"ImageObject","inLanguage":"ro-RO","@id":"https:\/\/secure.gravatar.com\/avatar\/ecb9cd41f5f63c9c9b989999a59f6e2639a865ec361e9db054db0679a8f341c2?s=96&d=mm&r=g","url":"https:\/\/secure.gravatar.com\/avatar\/ecb9cd41f5f63c9c9b989999a59f6e2639a865ec361e9db054db0679a8f341c2?s=96&d=mm&r=g","contentUrl":"https:\/\/secure.gravatar.com\/avatar\/ecb9cd41f5f63c9c9b989999a59f6e2639a865ec361e9db054db0679a8f341c2?s=96&d=mm&r=g","caption":"admin"},"sameAs":["https:\/\/www.lovendal.ro\/wp52"]}]}},"_links":{"self":[{"href":"https:\/\/www.lovendal.ro\/wp52\/wp-json\/wp\/v2\/posts\/39413","targetHints":{"allow":["GET"]}}],"collection":[{"href":"https:\/\/www.lovendal.ro\/wp52\/wp-json\/wp\/v2\/posts"}],"about":[{"href":"https:\/\/www.lovendal.ro\/wp52\/wp-json\/wp\/v2\/types\/post"}],"author":[{"embeddable":true,"href":"https:\/\/www.lovendal.ro\/wp52\/wp-json\/wp\/v2\/users\/1"}],"replies":[{"embeddable":true,"href":"https:\/\/www.lovendal.ro\/wp52\/wp-json\/wp\/v2\/comments?post=39413"}],"version-history":[{"count":0,"href":"https:\/\/www.lovendal.ro\/wp52\/wp-json\/wp\/v2\/posts\/39413\/revisions"}],"wp:featuredmedia":[{"embeddable":true,"href":"https:\/\/www.lovendal.ro\/wp52\/wp-json\/wp\/v2\/media\/39414"}],"wp:attachment":[{"href":"https:\/\/www.lovendal.ro\/wp52\/wp-json\/wp\/v2\/media?parent=39413"}],"wp:term":[{"taxonomy":"category","embeddable":true,"href":"https:\/\/www.lovendal.ro\/wp52\/wp-json\/wp\/v2\/categories?post=39413"},{"taxonomy":"post_tag","embeddable":true,"href":"https:\/\/www.lovendal.ro\/wp52\/wp-json\/wp\/v2\/tags?post=39413"}],"curies":[{"name":"wp","href":"https:\/\/api.w.org\/{rel}","templated":true}]}}