{"id":39180,"date":"2015-06-22T12:47:28","date_gmt":"2015-06-22T09:47:28","guid":{"rendered":"http:\/\/www.lovendal.ro\/wp52\/?p=39180"},"modified":"2015-06-22T12:47:28","modified_gmt":"2015-06-22T09:47:28","slug":"cea-mai-ciudata-imagine-cu-hitler-dictatorul-german-imbracat-intr-un-kimono-japonez-wtf","status":"publish","type":"post","link":"https:\/\/www.lovendal.ro\/wp52\/cea-mai-ciudata-imagine-cu-hitler-dictatorul-german-imbracat-intr-un-kimono-japonez-wtf\/","title":{"rendered":"Cea mai ciudat\u0103 imagine cu Hitler: dictatorul german \u00eembr\u0103cat \u00eentr-un kimono japonez! Wtf&#8230;!?"},"content":{"rendered":"<p><img loading=\"lazy\" decoding=\"async\" class=\"alignleft size-full wp-image-39181\" src=\"https:\/\/www.lovendal.ro\/wp52\/wp-content\/uploads\/2015\/06\/Hitler-Kimono.jpg\" alt=\"Hitler-Kimono\" width=\"336\" height=\"333\" srcset=\"https:\/\/www.lovendal.ro\/wp52\/wp-content\/uploads\/2015\/06\/Hitler-Kimono.jpg 336w, https:\/\/www.lovendal.ro\/wp52\/wp-content\/uploads\/2015\/06\/Hitler-Kimono-150x150.jpg 150w, https:\/\/www.lovendal.ro\/wp52\/wp-content\/uploads\/2015\/06\/Hitler-Kimono-300x297.jpg 300w, https:\/\/www.lovendal.ro\/wp52\/wp-content\/uploads\/2015\/06\/Hitler-Kimono-65x65.jpg 65w, https:\/\/www.lovendal.ro\/wp52\/wp-content\/uploads\/2015\/06\/Hitler-Kimono-144x144.jpg 144w, https:\/\/www.lovendal.ro\/wp52\/wp-content\/uploads\/2015\/06\/Hitler-Kimono-73x73.jpg 73w, https:\/\/www.lovendal.ro\/wp52\/wp-content\/uploads\/2015\/06\/Hitler-Kimono-40x40.jpg 40w\" sizes=\"auto, (max-width: 336px) 100vw, 336px\" \/>Atunci c\u00e2nd ne uit\u0103m la poze cu Hitler, \u00eel vedem de obicei \u00een costume militare serioase, purt\u00e2nd nelipsita zvastic\u0103. Foarte rar, Hitler a pozat altfel. De exemplu, l-a\u0163i v\u0103zut vreodat\u0103 pe dictatorul german \u00een tricou? Sau \u00een costum cu cravat\u0103? Hitler avea un mesaj de transmis na\u0163iunii germane, iar acesta con\u0163inea dou\u0103 lucruri nelipsite: zvastica \u015fi armata.<\/p>\n<p>Dar, conform unui articol de pe site-ul britanic express.co.uk, s-a descoperit o fotografie rar\u0103 \u00een care Hitler apare \u00eembr\u0103cat \u00eentr-un&#8230; kimono japonez! (vede\u0163i imaginea din st\u00e2nga articolului). Da, este un kimono \u015fi nu \u00eembr\u0103c\u0103minte de dame, a\u015fa cum ar putea p\u0103rea la prima vedere. Ar fi \u015fi culmea ca Hitler s\u0103 se fi pozat \u00een a\u015fa ceva&#8230;<\/p>\n<p>Cum de s-a fotografiat Hitler \u00een kimono japonez, mai ales c\u0103 dictatorul nu era cunoscut ca fiind iubitor al altor culturi? Nu se \u015ftie \u00een mod exact, dar se speculeaz\u0103 c\u0103 poza a fost realizat\u0103 pentru a comemora pactul dintre Germania nazist\u0103 \u015fi Japonia imperialist\u0103, pact semnat pe 25 noiembrie 1936.<\/p>\n<p>Oricum, pare tare ciudat s\u0103-l vedem pe Hitler \u00eembr\u0103cat \u00eentr-un kimon japonez&#8230;<\/p>\n","protected":false},"excerpt":{"rendered":"<p>Atunci c\u00e2nd ne uit\u0103m la poze cu Hitler, \u00eel vedem de obicei \u00een costume militare serioase, purt\u00e2nd nelipsita zvastic\u0103. Foarte rar, Hitler a pozat altfel. De exemplu, l-a\u0163i v\u0103zut vreodat\u0103 pe dictatorul german \u00een tricou? Sau \u00een costum cu cravat\u0103? &#8230; <\/p>\n<p class=\"read-more-container\"><a title=\"Cea mai ciudat\u0103 imagine cu Hitler: dictatorul german \u00eembr\u0103cat \u00eentr-un kimono japonez! Wtf&#8230;!?\" class=\"read-more button\" href=\"https:\/\/www.lovendal.ro\/wp52\/cea-mai-ciudata-imagine-cu-hitler-dictatorul-german-imbracat-intr-un-kimono-japonez-wtf\/#more-39180\" aria-label=\"Cite\u0219te mai multe despre Cea mai ciudat\u0103 imagine cu Hitler: dictatorul german \u00eembr\u0103cat \u00eentr-un kimono japonez! Wtf&#8230;!?\">Cititi mai multe<\/a><\/p>\n","protected":false},"author":1,"featured_media":39181,"comment_status":"open","ping_status":"open","sticky":false,"template":"","format":"standard","meta":{"footnotes":""},"categories":[2833,2761],"tags":[84,203,85,128,9483,9812,493],"class_list":["post-39180","post","type-post","status-publish","format-standard","has-post-thumbnail","hentry","category-noutati","category-poze-controversate","tag-dictator","tag-germania","tag-hitler","tag-japonia","tag-kimono","tag-poze-controversate","tag-zvastica","resize-featured-image"],"yoast_head":"<!-- This site is optimized with the Yoast SEO Premium plugin v23.3 (Yoast SEO v27.4) - https:\/\/yoast.com\/product\/yoast-seo-premium-wordpress\/ -->\n<title>Cea mai ciudat\u0103 imagine cu Hitler: dictatorul german \u00eembr\u0103cat \u00eentr-un kimono japonez! Wtf...!? - Secretele lui Lovendal<\/title>\n<meta name=\"robots\" content=\"index, follow, max-snippet:-1, max-image-preview:large, max-video-preview:-1\" \/>\n<link rel=\"canonical\" href=\"https:\/\/www.lovendal.ro\/wp52\/cea-mai-ciudata-imagine-cu-hitler-dictatorul-german-imbracat-intr-un-kimono-japonez-wtf\/\" \/>\n<meta property=\"og:locale\" content=\"ro_RO\" \/>\n<meta property=\"og:type\" content=\"article\" \/>\n<meta property=\"og:title\" content=\"Cea mai ciudat\u0103 imagine cu Hitler: dictatorul german \u00eembr\u0103cat \u00eentr-un kimono japonez! Wtf...!?\" \/>\n<meta property=\"og:description\" content=\"Atunci c\u00e2nd ne uit\u0103m la poze cu Hitler, \u00eel vedem de obicei \u00een costume militare serioase, purt\u00e2nd nelipsita zvastic\u0103. Foarte rar, Hitler a pozat altfel. De exemplu, l-a\u0163i v\u0103zut vreodat\u0103 pe dictatorul german \u00een tricou? Sau \u00een costum cu cravat\u0103? ... Cititi mai multe\" \/>\n<meta property=\"og:url\" content=\"https:\/\/www.lovendal.ro\/wp52\/cea-mai-ciudata-imagine-cu-hitler-dictatorul-german-imbracat-intr-un-kimono-japonez-wtf\/\" \/>\n<meta property=\"og:site_name\" content=\"Secretele lui Lovendal\" \/>\n<meta property=\"article:publisher\" content=\"https:\/\/www.facebook.com\/secreteleluilovendal\" \/>\n<meta property=\"article:published_time\" content=\"2015-06-22T09:47:28+00:00\" \/>\n<meta property=\"og:image\" content=\"https:\/\/www.lovendal.ro\/wp52\/wp-content\/uploads\/2015\/06\/Hitler-Kimono.jpg\" \/>\n\t<meta property=\"og:image:width\" content=\"336\" \/>\n\t<meta property=\"og:image:height\" content=\"333\" \/>\n\t<meta property=\"og:image:type\" content=\"image\/jpeg\" \/>\n<meta name=\"author\" content=\"admin\" \/>\n<meta name=\"twitter:card\" content=\"summary_large_image\" \/>\n<meta name=\"twitter:label1\" content=\"Scris de\" \/>\n\t<meta name=\"twitter:data1\" content=\"admin\" \/>\n\t<meta name=\"twitter:label2\" content=\"Timp estimat pentru citire\" \/>\n\t<meta name=\"twitter:data2\" content=\"1 minut\" \/>\n<script type=\"application\/ld+json\" class=\"yoast-schema-graph\">{\"@context\":\"https:\\\/\\\/schema.org\",\"@graph\":[{\"@type\":\"Article\",\"@id\":\"https:\\\/\\\/www.lovendal.ro\\\/wp52\\\/cea-mai-ciudata-imagine-cu-hitler-dictatorul-german-imbracat-intr-un-kimono-japonez-wtf\\\/#article\",\"isPartOf\":{\"@id\":\"https:\\\/\\\/www.lovendal.ro\\\/wp52\\\/cea-mai-ciudata-imagine-cu-hitler-dictatorul-german-imbracat-intr-un-kimono-japonez-wtf\\\/\"},\"author\":{\"name\":\"admin\",\"@id\":\"https:\\\/\\\/www.lovendal.ro\\\/wp52\\\/#\\\/schema\\\/person\\\/088691de5dfc346bb0c023e1e52ef5d9\"},\"headline\":\"Cea mai ciudat\u0103 imagine cu Hitler: dictatorul german \u00eembr\u0103cat \u00eentr-un kimono japonez! Wtf&#8230;!?\",\"datePublished\":\"2015-06-22T09:47:28+00:00\",\"mainEntityOfPage\":{\"@id\":\"https:\\\/\\\/www.lovendal.ro\\\/wp52\\\/cea-mai-ciudata-imagine-cu-hitler-dictatorul-german-imbracat-intr-un-kimono-japonez-wtf\\\/\"},\"wordCount\":208,\"commentCount\":2,\"publisher\":{\"@id\":\"https:\\\/\\\/www.lovendal.ro\\\/wp52\\\/#organization\"},\"image\":{\"@id\":\"https:\\\/\\\/www.lovendal.ro\\\/wp52\\\/cea-mai-ciudata-imagine-cu-hitler-dictatorul-german-imbracat-intr-un-kimono-japonez-wtf\\\/#primaryimage\"},\"thumbnailUrl\":\"https:\\\/\\\/www.lovendal.ro\\\/wp52\\\/wp-content\\\/uploads\\\/2015\\\/06\\\/Hitler-Kimono.jpg\",\"keywords\":[\"dictator\",\"Germania\",\"Hitler\",\"Japonia\",\"kimono\",\"Poze controversate\",\"zvastic\u0103\"],\"articleSection\":[\"Noutati\",\"Poze controversate\"],\"inLanguage\":\"ro-RO\",\"potentialAction\":[{\"@type\":\"CommentAction\",\"name\":\"Comment\",\"target\":[\"https:\\\/\\\/www.lovendal.ro\\\/wp52\\\/cea-mai-ciudata-imagine-cu-hitler-dictatorul-german-imbracat-intr-un-kimono-japonez-wtf\\\/#respond\"]}]},{\"@type\":\"WebPage\",\"@id\":\"https:\\\/\\\/www.lovendal.ro\\\/wp52\\\/cea-mai-ciudata-imagine-cu-hitler-dictatorul-german-imbracat-intr-un-kimono-japonez-wtf\\\/\",\"url\":\"https:\\\/\\\/www.lovendal.ro\\\/wp52\\\/cea-mai-ciudata-imagine-cu-hitler-dictatorul-german-imbracat-intr-un-kimono-japonez-wtf\\\/\",\"name\":\"Cea mai ciudat\u0103 imagine cu Hitler: dictatorul german \u00eembr\u0103cat \u00eentr-un kimono japonez! Wtf...!? - Secretele lui Lovendal\",\"isPartOf\":{\"@id\":\"https:\\\/\\\/www.lovendal.ro\\\/wp52\\\/#website\"},\"primaryImageOfPage\":{\"@id\":\"https:\\\/\\\/www.lovendal.ro\\\/wp52\\\/cea-mai-ciudata-imagine-cu-hitler-dictatorul-german-imbracat-intr-un-kimono-japonez-wtf\\\/#primaryimage\"},\"image\":{\"@id\":\"https:\\\/\\\/www.lovendal.ro\\\/wp52\\\/cea-mai-ciudata-imagine-cu-hitler-dictatorul-german-imbracat-intr-un-kimono-japonez-wtf\\\/#primaryimage\"},\"thumbnailUrl\":\"https:\\\/\\\/www.lovendal.ro\\\/wp52\\\/wp-content\\\/uploads\\\/2015\\\/06\\\/Hitler-Kimono.jpg\",\"datePublished\":\"2015-06-22T09:47:28+00:00\",\"breadcrumb\":{\"@id\":\"https:\\\/\\\/www.lovendal.ro\\\/wp52\\\/cea-mai-ciudata-imagine-cu-hitler-dictatorul-german-imbracat-intr-un-kimono-japonez-wtf\\\/#breadcrumb\"},\"inLanguage\":\"ro-RO\",\"potentialAction\":[{\"@type\":\"ReadAction\",\"target\":[\"https:\\\/\\\/www.lovendal.ro\\\/wp52\\\/cea-mai-ciudata-imagine-cu-hitler-dictatorul-german-imbracat-intr-un-kimono-japonez-wtf\\\/\"]}]},{\"@type\":\"ImageObject\",\"inLanguage\":\"ro-RO\",\"@id\":\"https:\\\/\\\/www.lovendal.ro\\\/wp52\\\/cea-mai-ciudata-imagine-cu-hitler-dictatorul-german-imbracat-intr-un-kimono-japonez-wtf\\\/#primaryimage\",\"url\":\"https:\\\/\\\/www.lovendal.ro\\\/wp52\\\/wp-content\\\/uploads\\\/2015\\\/06\\\/Hitler-Kimono.jpg\",\"contentUrl\":\"https:\\\/\\\/www.lovendal.ro\\\/wp52\\\/wp-content\\\/uploads\\\/2015\\\/06\\\/Hitler-Kimono.jpg\",\"width\":336,\"height\":333},{\"@type\":\"BreadcrumbList\",\"@id\":\"https:\\\/\\\/www.lovendal.ro\\\/wp52\\\/cea-mai-ciudata-imagine-cu-hitler-dictatorul-german-imbracat-intr-un-kimono-japonez-wtf\\\/#breadcrumb\",\"itemListElement\":[{\"@type\":\"ListItem\",\"position\":1,\"name\":\"Home\",\"item\":\"https:\\\/\\\/www.lovendal.ro\\\/wp52\\\/\"},{\"@type\":\"ListItem\",\"position\":2,\"name\":\"Cea mai ciudat\u0103 imagine cu Hitler: dictatorul german \u00eembr\u0103cat \u00eentr-un kimono japonez! Wtf&#8230;!?\"}]},{\"@type\":\"WebSite\",\"@id\":\"https:\\\/\\\/www.lovendal.ro\\\/wp52\\\/#website\",\"url\":\"https:\\\/\\\/www.lovendal.ro\\\/wp52\\\/\",\"name\":\"Secretele lui Lovendal\",\"description\":\"Site de secrete, stiinta si metafizica - din 2008 -\",\"publisher\":{\"@id\":\"https:\\\/\\\/www.lovendal.ro\\\/wp52\\\/#organization\"},\"potentialAction\":[{\"@type\":\"SearchAction\",\"target\":{\"@type\":\"EntryPoint\",\"urlTemplate\":\"https:\\\/\\\/www.lovendal.ro\\\/wp52\\\/?s={search_term_string}\"},\"query-input\":{\"@type\":\"PropertyValueSpecification\",\"valueRequired\":true,\"valueName\":\"search_term_string\"}}],\"inLanguage\":\"ro-RO\"},{\"@type\":\"Organization\",\"@id\":\"https:\\\/\\\/www.lovendal.ro\\\/wp52\\\/#organization\",\"name\":\"Secretele lui Lovendal\",\"url\":\"https:\\\/\\\/www.lovendal.ro\\\/wp52\\\/\",\"logo\":{\"@type\":\"ImageObject\",\"inLanguage\":\"ro-RO\",\"@id\":\"https:\\\/\\\/www.lovendal.ro\\\/wp52\\\/#\\\/schema\\\/logo\\\/image\\\/\",\"url\":\"https:\\\/\\\/www.lovendal.ro\\\/wp52\\\/wp-content\\\/uploads\\\/2024\\\/06\\\/cropped-SLL-iun-2024-1.jpg\",\"contentUrl\":\"https:\\\/\\\/www.lovendal.ro\\\/wp52\\\/wp-content\\\/uploads\\\/2024\\\/06\\\/cropped-SLL-iun-2024-1.jpg\",\"width\":771,\"height\":240,\"caption\":\"Secretele lui Lovendal\"},\"image\":{\"@id\":\"https:\\\/\\\/www.lovendal.ro\\\/wp52\\\/#\\\/schema\\\/logo\\\/image\\\/\"},\"sameAs\":[\"https:\\\/\\\/www.facebook.com\\\/secreteleluilovendal\"]},{\"@type\":\"Person\",\"@id\":\"https:\\\/\\\/www.lovendal.ro\\\/wp52\\\/#\\\/schema\\\/person\\\/088691de5dfc346bb0c023e1e52ef5d9\",\"name\":\"admin\",\"image\":{\"@type\":\"ImageObject\",\"inLanguage\":\"ro-RO\",\"@id\":\"https:\\\/\\\/secure.gravatar.com\\\/avatar\\\/ecb9cd41f5f63c9c9b989999a59f6e2639a865ec361e9db054db0679a8f341c2?s=96&d=mm&r=g\",\"url\":\"https:\\\/\\\/secure.gravatar.com\\\/avatar\\\/ecb9cd41f5f63c9c9b989999a59f6e2639a865ec361e9db054db0679a8f341c2?s=96&d=mm&r=g\",\"contentUrl\":\"https:\\\/\\\/secure.gravatar.com\\\/avatar\\\/ecb9cd41f5f63c9c9b989999a59f6e2639a865ec361e9db054db0679a8f341c2?s=96&d=mm&r=g\",\"caption\":\"admin\"},\"sameAs\":[\"https:\\\/\\\/www.lovendal.ro\\\/wp52\"]}]}<\/script>\n<!-- \/ Yoast SEO Premium plugin. -->","yoast_head_json":{"title":"Cea mai ciudat\u0103 imagine cu Hitler: dictatorul german \u00eembr\u0103cat \u00eentr-un kimono japonez! Wtf...!? - Secretele lui Lovendal","robots":{"index":"index","follow":"follow","max-snippet":"max-snippet:-1","max-image-preview":"max-image-preview:large","max-video-preview":"max-video-preview:-1"},"canonical":"https:\/\/www.lovendal.ro\/wp52\/cea-mai-ciudata-imagine-cu-hitler-dictatorul-german-imbracat-intr-un-kimono-japonez-wtf\/","og_locale":"ro_RO","og_type":"article","og_title":"Cea mai ciudat\u0103 imagine cu Hitler: dictatorul german \u00eembr\u0103cat \u00eentr-un kimono japonez! Wtf...!?","og_description":"Atunci c\u00e2nd ne uit\u0103m la poze cu Hitler, \u00eel vedem de obicei \u00een costume militare serioase, purt\u00e2nd nelipsita zvastic\u0103. Foarte rar, Hitler a pozat altfel. De exemplu, l-a\u0163i v\u0103zut vreodat\u0103 pe dictatorul german \u00een tricou? Sau \u00een costum cu cravat\u0103? ... Cititi mai multe","og_url":"https:\/\/www.lovendal.ro\/wp52\/cea-mai-ciudata-imagine-cu-hitler-dictatorul-german-imbracat-intr-un-kimono-japonez-wtf\/","og_site_name":"Secretele lui Lovendal","article_publisher":"https:\/\/www.facebook.com\/secreteleluilovendal","article_published_time":"2015-06-22T09:47:28+00:00","og_image":[{"width":336,"height":333,"url":"https:\/\/www.lovendal.ro\/wp52\/wp-content\/uploads\/2015\/06\/Hitler-Kimono.jpg","type":"image\/jpeg"}],"author":"admin","twitter_card":"summary_large_image","twitter_misc":{"Scris de":"admin","Timp estimat pentru citire":"1 minut"},"schema":{"@context":"https:\/\/schema.org","@graph":[{"@type":"Article","@id":"https:\/\/www.lovendal.ro\/wp52\/cea-mai-ciudata-imagine-cu-hitler-dictatorul-german-imbracat-intr-un-kimono-japonez-wtf\/#article","isPartOf":{"@id":"https:\/\/www.lovendal.ro\/wp52\/cea-mai-ciudata-imagine-cu-hitler-dictatorul-german-imbracat-intr-un-kimono-japonez-wtf\/"},"author":{"name":"admin","@id":"https:\/\/www.lovendal.ro\/wp52\/#\/schema\/person\/088691de5dfc346bb0c023e1e52ef5d9"},"headline":"Cea mai ciudat\u0103 imagine cu Hitler: dictatorul german \u00eembr\u0103cat \u00eentr-un kimono japonez! Wtf&#8230;!?","datePublished":"2015-06-22T09:47:28+00:00","mainEntityOfPage":{"@id":"https:\/\/www.lovendal.ro\/wp52\/cea-mai-ciudata-imagine-cu-hitler-dictatorul-german-imbracat-intr-un-kimono-japonez-wtf\/"},"wordCount":208,"commentCount":2,"publisher":{"@id":"https:\/\/www.lovendal.ro\/wp52\/#organization"},"image":{"@id":"https:\/\/www.lovendal.ro\/wp52\/cea-mai-ciudata-imagine-cu-hitler-dictatorul-german-imbracat-intr-un-kimono-japonez-wtf\/#primaryimage"},"thumbnailUrl":"https:\/\/www.lovendal.ro\/wp52\/wp-content\/uploads\/2015\/06\/Hitler-Kimono.jpg","keywords":["dictator","Germania","Hitler","Japonia","kimono","Poze controversate","zvastic\u0103"],"articleSection":["Noutati","Poze controversate"],"inLanguage":"ro-RO","potentialAction":[{"@type":"CommentAction","name":"Comment","target":["https:\/\/www.lovendal.ro\/wp52\/cea-mai-ciudata-imagine-cu-hitler-dictatorul-german-imbracat-intr-un-kimono-japonez-wtf\/#respond"]}]},{"@type":"WebPage","@id":"https:\/\/www.lovendal.ro\/wp52\/cea-mai-ciudata-imagine-cu-hitler-dictatorul-german-imbracat-intr-un-kimono-japonez-wtf\/","url":"https:\/\/www.lovendal.ro\/wp52\/cea-mai-ciudata-imagine-cu-hitler-dictatorul-german-imbracat-intr-un-kimono-japonez-wtf\/","name":"Cea mai ciudat\u0103 imagine cu Hitler: dictatorul german \u00eembr\u0103cat \u00eentr-un kimono japonez! Wtf...!? - Secretele lui Lovendal","isPartOf":{"@id":"https:\/\/www.lovendal.ro\/wp52\/#website"},"primaryImageOfPage":{"@id":"https:\/\/www.lovendal.ro\/wp52\/cea-mai-ciudata-imagine-cu-hitler-dictatorul-german-imbracat-intr-un-kimono-japonez-wtf\/#primaryimage"},"image":{"@id":"https:\/\/www.lovendal.ro\/wp52\/cea-mai-ciudata-imagine-cu-hitler-dictatorul-german-imbracat-intr-un-kimono-japonez-wtf\/#primaryimage"},"thumbnailUrl":"https:\/\/www.lovendal.ro\/wp52\/wp-content\/uploads\/2015\/06\/Hitler-Kimono.jpg","datePublished":"2015-06-22T09:47:28+00:00","breadcrumb":{"@id":"https:\/\/www.lovendal.ro\/wp52\/cea-mai-ciudata-imagine-cu-hitler-dictatorul-german-imbracat-intr-un-kimono-japonez-wtf\/#breadcrumb"},"inLanguage":"ro-RO","potentialAction":[{"@type":"ReadAction","target":["https:\/\/www.lovendal.ro\/wp52\/cea-mai-ciudata-imagine-cu-hitler-dictatorul-german-imbracat-intr-un-kimono-japonez-wtf\/"]}]},{"@type":"ImageObject","inLanguage":"ro-RO","@id":"https:\/\/www.lovendal.ro\/wp52\/cea-mai-ciudata-imagine-cu-hitler-dictatorul-german-imbracat-intr-un-kimono-japonez-wtf\/#primaryimage","url":"https:\/\/www.lovendal.ro\/wp52\/wp-content\/uploads\/2015\/06\/Hitler-Kimono.jpg","contentUrl":"https:\/\/www.lovendal.ro\/wp52\/wp-content\/uploads\/2015\/06\/Hitler-Kimono.jpg","width":336,"height":333},{"@type":"BreadcrumbList","@id":"https:\/\/www.lovendal.ro\/wp52\/cea-mai-ciudata-imagine-cu-hitler-dictatorul-german-imbracat-intr-un-kimono-japonez-wtf\/#breadcrumb","itemListElement":[{"@type":"ListItem","position":1,"name":"Home","item":"https:\/\/www.lovendal.ro\/wp52\/"},{"@type":"ListItem","position":2,"name":"Cea mai ciudat\u0103 imagine cu Hitler: dictatorul german \u00eembr\u0103cat \u00eentr-un kimono japonez! Wtf&#8230;!?"}]},{"@type":"WebSite","@id":"https:\/\/www.lovendal.ro\/wp52\/#website","url":"https:\/\/www.lovendal.ro\/wp52\/","name":"Secretele lui Lovendal","description":"Site de secrete, stiinta si metafizica - din 2008 -","publisher":{"@id":"https:\/\/www.lovendal.ro\/wp52\/#organization"},"potentialAction":[{"@type":"SearchAction","target":{"@type":"EntryPoint","urlTemplate":"https:\/\/www.lovendal.ro\/wp52\/?s={search_term_string}"},"query-input":{"@type":"PropertyValueSpecification","valueRequired":true,"valueName":"search_term_string"}}],"inLanguage":"ro-RO"},{"@type":"Organization","@id":"https:\/\/www.lovendal.ro\/wp52\/#organization","name":"Secretele lui Lovendal","url":"https:\/\/www.lovendal.ro\/wp52\/","logo":{"@type":"ImageObject","inLanguage":"ro-RO","@id":"https:\/\/www.lovendal.ro\/wp52\/#\/schema\/logo\/image\/","url":"https:\/\/www.lovendal.ro\/wp52\/wp-content\/uploads\/2024\/06\/cropped-SLL-iun-2024-1.jpg","contentUrl":"https:\/\/www.lovendal.ro\/wp52\/wp-content\/uploads\/2024\/06\/cropped-SLL-iun-2024-1.jpg","width":771,"height":240,"caption":"Secretele lui Lovendal"},"image":{"@id":"https:\/\/www.lovendal.ro\/wp52\/#\/schema\/logo\/image\/"},"sameAs":["https:\/\/www.facebook.com\/secreteleluilovendal"]},{"@type":"Person","@id":"https:\/\/www.lovendal.ro\/wp52\/#\/schema\/person\/088691de5dfc346bb0c023e1e52ef5d9","name":"admin","image":{"@type":"ImageObject","inLanguage":"ro-RO","@id":"https:\/\/secure.gravatar.com\/avatar\/ecb9cd41f5f63c9c9b989999a59f6e2639a865ec361e9db054db0679a8f341c2?s=96&d=mm&r=g","url":"https:\/\/secure.gravatar.com\/avatar\/ecb9cd41f5f63c9c9b989999a59f6e2639a865ec361e9db054db0679a8f341c2?s=96&d=mm&r=g","contentUrl":"https:\/\/secure.gravatar.com\/avatar\/ecb9cd41f5f63c9c9b989999a59f6e2639a865ec361e9db054db0679a8f341c2?s=96&d=mm&r=g","caption":"admin"},"sameAs":["https:\/\/www.lovendal.ro\/wp52"]}]}},"_links":{"self":[{"href":"https:\/\/www.lovendal.ro\/wp52\/wp-json\/wp\/v2\/posts\/39180","targetHints":{"allow":["GET"]}}],"collection":[{"href":"https:\/\/www.lovendal.ro\/wp52\/wp-json\/wp\/v2\/posts"}],"about":[{"href":"https:\/\/www.lovendal.ro\/wp52\/wp-json\/wp\/v2\/types\/post"}],"author":[{"embeddable":true,"href":"https:\/\/www.lovendal.ro\/wp52\/wp-json\/wp\/v2\/users\/1"}],"replies":[{"embeddable":true,"href":"https:\/\/www.lovendal.ro\/wp52\/wp-json\/wp\/v2\/comments?post=39180"}],"version-history":[{"count":0,"href":"https:\/\/www.lovendal.ro\/wp52\/wp-json\/wp\/v2\/posts\/39180\/revisions"}],"wp:featuredmedia":[{"embeddable":true,"href":"https:\/\/www.lovendal.ro\/wp52\/wp-json\/wp\/v2\/media\/39181"}],"wp:attachment":[{"href":"https:\/\/www.lovendal.ro\/wp52\/wp-json\/wp\/v2\/media?parent=39180"}],"wp:term":[{"taxonomy":"category","embeddable":true,"href":"https:\/\/www.lovendal.ro\/wp52\/wp-json\/wp\/v2\/categories?post=39180"},{"taxonomy":"post_tag","embeddable":true,"href":"https:\/\/www.lovendal.ro\/wp52\/wp-json\/wp\/v2\/tags?post=39180"}],"curies":[{"name":"wp","href":"https:\/\/api.w.org\/{rel}","templated":true}]}}