{"id":38077,"date":"2015-03-20T14:13:11","date_gmt":"2015-03-20T12:13:11","guid":{"rendered":"http:\/\/www.lovendal.ro\/wp52\/?p=38077"},"modified":"2015-03-20T14:13:11","modified_gmt":"2015-03-20T12:13:11","slug":"un-ozn-stralucitor-a-aparut-deasupra-muntilor-fagaras-e-imens-si-incredibil-cititi-acest-caz-extraordinar","status":"publish","type":"post","link":"https:\/\/www.lovendal.ro\/wp52\/un-ozn-stralucitor-a-aparut-deasupra-muntilor-fagaras-e-imens-si-incredibil-cititi-acest-caz-extraordinar\/","title":{"rendered":"Un OZN str\u0103lucitor a ap\u0103rut deasupra Mun\u0163ilor F\u0103g\u0103ra\u015f! E imens \u015fi incredibil! Citi\u0163i acest caz extraordinar&#8230;"},"content":{"rendered":"<p><img loading=\"lazy\" decoding=\"async\" class=\"alignleft size-full wp-image-38082\" src=\"https:\/\/www.lovendal.ro\/wp52\/wp-content\/uploads\/2015\/03\/Mufon59.jpg\" alt=\"Mufon59\" width=\"335\" height=\"223\" srcset=\"https:\/\/www.lovendal.ro\/wp52\/wp-content\/uploads\/2015\/03\/Mufon59.jpg 335w, https:\/\/www.lovendal.ro\/wp52\/wp-content\/uploads\/2015\/03\/Mufon59-300x199.jpg 300w, https:\/\/www.lovendal.ro\/wp52\/wp-content\/uploads\/2015\/03\/Mufon59-140x94.jpg 140w\" sizes=\"auto, (max-width: 335px) 100vw, 335px\" \/>Un cititor m-a anun\u0163at pe Facebook de un link care ducea c\u0103tre o pagin\u0103 de discu\u0163ie a fenomenului OZN \u00een limba englez\u0103. Prin c\u00e2teva c\u0103ut\u0103ri pe net, am dat peste o pagin\u0103 &#8211; <a href=\"http:\/\/www.ufostalker.com\/ufostalker\/UFO+Sighting+in+F%C4%83g%C4%83ra%C8%99+Bra%C8%99ov+Romania+on+October+19th+2013\/52076\" target=\"_blank\"><strong>ufostalker.com<\/strong><\/a> &#8211; \u00een care un rom\u00e2n poveste\u015fte de experien\u0163a sa cu OZN-urile \u00een Mun\u0163ii F\u0103g\u0103ra\u015f \u00een anul 2013 (presupun). Iat\u0103 raportul original al martorului rom\u00e2n (am mai modificat pu\u0163in textul, unde era cazul):<\/p>\n<p>F\u0103ceam, \u00eempreun\u0103 cu cumnatul meu, poze lunii pline, atunci c\u00e2nd, v\u0103z\u00e2nd \u00een direc\u0163ia opus\u0103 mun\u0163ii F\u0103g\u0103ra\u015f u\u015for lumina\u0163i de lumina lunii ce se ridica, am \u00eencercat s\u0103 fac o poz\u0103 nocturn\u0103 de pe trepied cu expunere mai lung\u0103 c\u0103tre mun\u0163i. Am tras cam 3 cadre \u00een care, \u00een timpul expunerilor, discutam cu al meu cumnat care, cu un aparat mai pu\u0163in performant, se str\u0103duia s\u0103 surprind\u0103 luna c\u00e2t mai satisf\u0103c\u0103tor.<\/p>\n<p>Dup\u0103 fiecare cadru luat mun\u0163ilor, am verificat ceea ce am ob\u0163inut, iar la una dintre ele am remarcat o mic\u0103 d\u00e2r\u0103 luminoas\u0103, pe care am considerat-o atunci ca fiind probabil vreo stea; consider\u00e2nd poza probabil &#8222;mi\u015fcat\u0103&#8221; din gre\u015feal\u0103, am mai f\u0103cut cel pu\u0163in o poz\u0103, \u00een speran\u0163a de a prinde fotografii c\u00e2t mai clare. \u0162in minte c\u0103 discutam cu al meu cumnat despre faptul c\u0103 totu\u015fi m\u0103 mir c\u0103 am prins o lumin\u0103 de stea, \u00eentruc\u00e2t cu ochiul liber nu se vedeau stele deasupra mun\u0163ilor, \u00eens\u0103 nu am dat mai mult\u0103 aten\u0163ie acestui fapt. Re\u0163in \u00eens\u0103 faptul c\u0103 lumina lunii (care se tot ridica de la orizont) cre\u015ftea, a\u015fa \u00eenc\u00e2t \u015fi stelele care se mai vedeau \u00een mod curent deveneau destul de pu\u0163in vizibile.<\/p>\n<p>La foarte scurt\u0103 vreme am auzit un zgomot ca de avion apropiindu-se. Fiindc\u0103 se auzea destul de tare, fa\u0163\u0103 de felul cum se aud cele care trec frecvent deasupra zonei unde locuiesc, am c\u0103utat din priviri \u00een sus s\u0103 localizez sursa acelui sunet. Atunci am remarcat faptul c\u0103 nu se v\u0103d luminile pe care \u00een mod obi\u015fnuit le pot vedea la avioanele de linie care str\u0103bat, la altitudine mare, din diverse direc\u0163ii zona de domiciliu. Av\u00e2nd aparatul pe trepied, l-am decuplat rapid \u015fi din m\u00e2n\u0103 am \u00eencercat s\u0103 prind c\u00e2teva cadre cu acele lumini dar, pentru c\u0103 foloseam un obiectiv de zoom \u00eens\u0103 destul de nepotrivit pentru capturi ale unor obiecte insuficient luminate, am avut o oarecare \u00eent\u00e2rziere a prinderii \u00een cadru a acelor lumini.<\/p>\n<p>Poza surprins\u0103 mi-a ridicat mai multe \u00eentreb\u0103ri, \u00eentruc\u00e2t apar lumini cu d\u00e2re cauzate de mi\u015fcarea natural\u0103 a m\u00e2inii la zoom maxim, dar \u015fi lumini \u015fi d\u00e2re absolut deloc &#8222;mi\u015fcate&#8221;. Iar luminile &#8222;mi\u015fcate&#8221; par s\u0103 fie sub celelalte care sunt &#8222;nemi\u015fcate&#8221;. Pot afirma dup\u0103 sunet ca a fost cel pu\u0163in un avion implicat \u00een aceast\u0103 experien\u0163\u0103, \u00eens\u0103 dup\u0103 num\u0103rul luminilor albe precum \u015fi dup\u0103 t\u0103ria \u015fi felul sunelelor auzite, a\u015f \u00eenclina s\u0103 cred c\u0103 a fost vorba probabil de dou\u0103 avioane. \u015ei nu cred c\u0103 erau avioane de linie, pentru c\u0103 p\u0103reau a fi mult mai jos dec\u00e2t cele care, cum spuneam, survoleaz\u0103 frecvent zona de la mare \u00een\u0103l\u0163ime \u00een diversele lor rute.<\/p>\n<p>\u00cens\u0103, separat de acele sunete specifice de avion, nu pot afirma clar dac\u0103 se mai auzea \u015fi altceva, \u00eentruc\u00e2t aten\u0163ia mea era \u00een acele secunde spre captarea de imagini c\u00e2t mai repede posibil, \u00eenainte ca obiectele s\u0103 se \u00eendep\u0103rteze. \u00cens\u0103 am re\u0163inut faptul c\u0103 am remarcat mai multe lumini dec\u00e2t \u00een mod obi\u015fnuit, \u015fi nu toate puls\u00e2nd. Cele ro\u015fii p\u0103reau \u015fi mai mari dec\u00e2t cele albe, nici nu pulsau \u015fi c\u00e2nd le-am v\u0103zut prima dat\u0103 p\u0103reau a fi a o scurt\u0103 distan\u0163\u0103 de cele albe (aveau un mic avans fa\u0163\u0103 de ele). C\u00e2nd am reu\u015fit s\u0103 prind \u00een obiectiv luminile respective trecuser\u0103 deja peste locul unde eram eu, a\u015fa \u00eenc\u00e2t le-am prins oarecumva pu\u0163in din urma lor.<\/p>\n<p>C\u00e2nd am desc\u0103rcat pozele pe calculator \u015fi le-am studiat, am remarcat faptul c\u0103 \u015fi poza cu peisajul montan nu e una mi\u015fcat\u0103 \u015fi mai mult m-a mirat faptul c\u0103, la o prelucrare simplist\u0103 a pozei \u00een sensul aplic\u0103rii unui surplus de luminozitate, se observa faptul c\u0103 norii slabi prezen\u0163i deasupra mun\u0163ilor erau mai lumina\u0163i \u00een zona acelei d\u00e2re de lumin\u0103. Adic\u0103 d\u00e2r\u0103 de lumin\u0103 era pozi\u0163ionat\u0103 \u00eentre mun\u0163i \u015fi norii destul de jo\u015fi. \u015ei mai mult, nu putea fi o stea a\u015fa mare comparativ cu mun\u0163ii \u015fi nici nu putea s\u0103 se deplaseze aparent a\u015fa mult \u00een intervalul de timp \u00een care am tras cadrul.<\/p>\n<p>Mai multe despre experien\u0163a asta nu \u015ftiu ce s\u0103 v\u0103 spun, \u00eens\u0103 m-a\u015f bucura dac\u0103 m-a\u0163i oferi o explica\u0163ie logic\u0103 \u00eentruc\u00e2t cei cu care m-am sf\u0103tuit nu au reu\u015fit s\u0103 explice poza \u00een mod mul\u0163umitor. Pozele ata\u015fate sunt cele originale (cele mari) \u015fi cele mai mici sunt decup\u0103ri din cele mari la care le-am aplicat strict un surplus de lumin\u0103 (uniform \u00een toat\u0103 poza) pentru a vedea mai clar ce anume e acolo.<\/p>\n<p>P.S. \u0102sta e raportul \u015fi, mai departe, pute\u0163i vedea \u015fi c\u00e2teva din poze. Prima poz\u0103 e foarte tremurat\u0103 (de aceea se v\u0103d d\u00e2rele), dar totu\u015fi putem observa lumini ro\u015fii \u015fi albe:<\/p>\n<p><img loading=\"lazy\" decoding=\"async\" class=\"aligncenter size-full wp-image-38078\" src=\"https:\/\/www.lovendal.ro\/wp52\/wp-content\/uploads\/2015\/03\/mufon1.jpg\" alt=\"mufon1\" width=\"538\" height=\"383\" srcset=\"https:\/\/www.lovendal.ro\/wp52\/wp-content\/uploads\/2015\/03\/mufon1.jpg 538w, https:\/\/www.lovendal.ro\/wp52\/wp-content\/uploads\/2015\/03\/mufon1-300x213.jpg 300w\" sizes=\"auto, (max-width: 538px) 100vw, 538px\" \/><\/p>\n<p>La o m\u0103rire a pozei, se observ\u0103 natura ciudat\u0103 a acestor lumini albe \u015fi ro\u015fii:<\/p>\n<p><img loading=\"lazy\" decoding=\"async\" class=\"aligncenter size-full wp-image-38079\" src=\"https:\/\/www.lovendal.ro\/wp52\/wp-content\/uploads\/2015\/03\/mufon2.jpg\" alt=\"mufon2\" width=\"539\" height=\"551\" srcset=\"https:\/\/www.lovendal.ro\/wp52\/wp-content\/uploads\/2015\/03\/mufon2.jpg 539w, https:\/\/www.lovendal.ro\/wp52\/wp-content\/uploads\/2015\/03\/mufon2-293x300.jpg 293w, https:\/\/www.lovendal.ro\/wp52\/wp-content\/uploads\/2015\/03\/mufon2-40x40.jpg 40w\" sizes=\"auto, (max-width: 539px) 100vw, 539px\" \/><\/p>\n<p>Dar, cea mai interesant\u0103 este poza de mai jos. Se observ\u0103 clar un OZN lunguie\u0163 deasupra Mun\u0163ilor F\u0103g\u0103ra\u015f:<\/p>\n<p><img loading=\"lazy\" decoding=\"async\" class=\"aligncenter size-full wp-image-38080\" src=\"https:\/\/www.lovendal.ro\/wp52\/wp-content\/uploads\/2015\/03\/Mufon3.jpg\" alt=\"Mufon3\" width=\"540\" height=\"359\" srcset=\"https:\/\/www.lovendal.ro\/wp52\/wp-content\/uploads\/2015\/03\/Mufon3.jpg 540w, https:\/\/www.lovendal.ro\/wp52\/wp-content\/uploads\/2015\/03\/Mufon3-300x199.jpg 300w, https:\/\/www.lovendal.ro\/wp52\/wp-content\/uploads\/2015\/03\/Mufon3-140x94.jpg 140w\" sizes=\"auto, (max-width: 540px) 100vw, 540px\" \/><\/p>\n<p>Mai jos, aceea\u015fi imagine a fost prelucrat\u0103 din punct de vedere al luminozit\u0103\u0163ii:<\/p>\n<p><img loading=\"lazy\" decoding=\"async\" class=\"aligncenter size-full wp-image-38081\" src=\"https:\/\/www.lovendal.ro\/wp52\/wp-content\/uploads\/2015\/03\/Mufon5.jpg\" alt=\"Mufon5\" width=\"540\" height=\"359\" srcset=\"https:\/\/www.lovendal.ro\/wp52\/wp-content\/uploads\/2015\/03\/Mufon5.jpg 540w, https:\/\/www.lovendal.ro\/wp52\/wp-content\/uploads\/2015\/03\/Mufon5-300x199.jpg 300w, https:\/\/www.lovendal.ro\/wp52\/wp-content\/uploads\/2015\/03\/Mufon5-140x94.jpg 140w\" sizes=\"auto, (max-width: 540px) 100vw, 540px\" \/><\/p>\n<p>Dac\u0103 acea lumin\u0103 nu e Luna &#8222;tremur\u00e2nd\u0103&#8221; \u00een urma mi\u015fc\u0103rii aparatului foto, atunci poza este incredibil\u0103. Pare a fi vorba de un OZN extrem de str\u0103lucitor care lumineaz\u0103 cerul \u015fi norii de sus! Oare avioanele auzite de martor o fi fost avioane de v\u00e2n\u0103toare care urm\u0103reau acel OZN str\u0103lucitor?<\/p>\n","protected":false},"excerpt":{"rendered":"<p>Un cititor m-a anun\u0163at pe Facebook de un link care ducea c\u0103tre o pagin\u0103 de discu\u0163ie a fenomenului OZN \u00een limba englez\u0103. Prin c\u00e2teva c\u0103ut\u0103ri pe net, am dat peste o pagin\u0103 &#8211; ufostalker.com &#8211; \u00een care un rom\u00e2n poveste\u015fte &#8230; <\/p>\n<p class=\"read-more-container\"><a title=\"Un OZN str\u0103lucitor a ap\u0103rut deasupra Mun\u0163ilor F\u0103g\u0103ra\u015f! E imens \u015fi incredibil! Citi\u0163i acest caz extraordinar&#8230;\" class=\"read-more button\" href=\"https:\/\/www.lovendal.ro\/wp52\/un-ozn-stralucitor-a-aparut-deasupra-muntilor-fagaras-e-imens-si-incredibil-cititi-acest-caz-extraordinar\/#more-38077\" aria-label=\"Cite\u0219te mai multe despre Un OZN str\u0103lucitor a ap\u0103rut deasupra Mun\u0163ilor F\u0103g\u0103ra\u015f! E imens \u015fi incredibil! Citi\u0163i acest caz extraordinar&#8230;\">Cititi mai multe<\/a><\/p>\n","protected":false},"author":1,"featured_media":38082,"comment_status":"open","ping_status":"open","sticky":false,"template":"","format":"standard","meta":{"footnotes":""},"categories":[2833,14],"tags":[762,15,952,149,8978,1978,50,9796,74,733,7294],"class_list":["post-38077","post","type-post","status-publish","format-standard","has-post-thumbnail","hentry","category-noutati","category-paranormal-spiritualitate","tag-avion","tag-fotografie","tag-lumina","tag-luna","tag-muntii-fagaras","tag-nori","tag-ozn","tag-paranormal-spiritualitate","tag-romania","tag-stea","tag-trepied","resize-featured-image"],"yoast_head":"<!-- This site is optimized with the Yoast SEO Premium plugin v23.3 (Yoast SEO v27.4) - https:\/\/yoast.com\/product\/yoast-seo-premium-wordpress\/ -->\n<title>Un OZN str\u0103lucitor a ap\u0103rut deasupra Mun\u0163ilor F\u0103g\u0103ra\u015f! E imens \u015fi incredibil! Citi\u0163i acest caz extraordinar... - Secretele lui Lovendal<\/title>\n<meta name=\"robots\" content=\"index, follow, max-snippet:-1, max-image-preview:large, max-video-preview:-1\" \/>\n<link rel=\"canonical\" href=\"https:\/\/www.lovendal.ro\/wp52\/un-ozn-stralucitor-a-aparut-deasupra-muntilor-fagaras-e-imens-si-incredibil-cititi-acest-caz-extraordinar\/\" \/>\n<meta property=\"og:locale\" content=\"ro_RO\" \/>\n<meta property=\"og:type\" content=\"article\" \/>\n<meta property=\"og:title\" content=\"Un OZN str\u0103lucitor a ap\u0103rut deasupra Mun\u0163ilor F\u0103g\u0103ra\u015f! E imens \u015fi incredibil! Citi\u0163i acest caz extraordinar...\" \/>\n<meta property=\"og:description\" content=\"Un cititor m-a anun\u0163at pe Facebook de un link care ducea c\u0103tre o pagin\u0103 de discu\u0163ie a fenomenului OZN \u00een limba englez\u0103. Prin c\u00e2teva c\u0103ut\u0103ri pe net, am dat peste o pagin\u0103 &#8211; ufostalker.com &#8211; \u00een care un rom\u00e2n poveste\u015fte ... Cititi mai multe\" \/>\n<meta property=\"og:url\" content=\"https:\/\/www.lovendal.ro\/wp52\/un-ozn-stralucitor-a-aparut-deasupra-muntilor-fagaras-e-imens-si-incredibil-cititi-acest-caz-extraordinar\/\" \/>\n<meta property=\"og:site_name\" content=\"Secretele lui Lovendal\" \/>\n<meta property=\"article:publisher\" content=\"https:\/\/www.facebook.com\/secreteleluilovendal\" \/>\n<meta property=\"article:published_time\" content=\"2015-03-20T12:13:11+00:00\" \/>\n<meta property=\"og:image\" content=\"https:\/\/www.lovendal.ro\/wp52\/wp-content\/uploads\/2015\/03\/Mufon59.jpg\" \/>\n\t<meta property=\"og:image:width\" content=\"335\" \/>\n\t<meta property=\"og:image:height\" content=\"223\" \/>\n\t<meta property=\"og:image:type\" content=\"image\/jpeg\" \/>\n<meta name=\"author\" content=\"admin\" \/>\n<meta name=\"twitter:card\" content=\"summary_large_image\" \/>\n<meta name=\"twitter:label1\" content=\"Scris de\" \/>\n\t<meta name=\"twitter:data1\" content=\"admin\" \/>\n\t<meta name=\"twitter:label2\" content=\"Timp estimat pentru citire\" \/>\n\t<meta name=\"twitter:data2\" content=\"5 minute\" \/>\n<script type=\"application\/ld+json\" class=\"yoast-schema-graph\">{\"@context\":\"https:\\\/\\\/schema.org\",\"@graph\":[{\"@type\":\"Article\",\"@id\":\"https:\\\/\\\/www.lovendal.ro\\\/wp52\\\/un-ozn-stralucitor-a-aparut-deasupra-muntilor-fagaras-e-imens-si-incredibil-cititi-acest-caz-extraordinar\\\/#article\",\"isPartOf\":{\"@id\":\"https:\\\/\\\/www.lovendal.ro\\\/wp52\\\/un-ozn-stralucitor-a-aparut-deasupra-muntilor-fagaras-e-imens-si-incredibil-cititi-acest-caz-extraordinar\\\/\"},\"author\":{\"name\":\"admin\",\"@id\":\"https:\\\/\\\/www.lovendal.ro\\\/wp52\\\/#\\\/schema\\\/person\\\/088691de5dfc346bb0c023e1e52ef5d9\"},\"headline\":\"Un OZN str\u0103lucitor a ap\u0103rut deasupra Mun\u0163ilor F\u0103g\u0103ra\u015f! E imens \u015fi incredibil! Citi\u0163i acest caz extraordinar&#8230;\",\"datePublished\":\"2015-03-20T12:13:11+00:00\",\"mainEntityOfPage\":{\"@id\":\"https:\\\/\\\/www.lovendal.ro\\\/wp52\\\/un-ozn-stralucitor-a-aparut-deasupra-muntilor-fagaras-e-imens-si-incredibil-cititi-acest-caz-extraordinar\\\/\"},\"wordCount\":1079,\"commentCount\":7,\"publisher\":{\"@id\":\"https:\\\/\\\/www.lovendal.ro\\\/wp52\\\/#organization\"},\"image\":{\"@id\":\"https:\\\/\\\/www.lovendal.ro\\\/wp52\\\/un-ozn-stralucitor-a-aparut-deasupra-muntilor-fagaras-e-imens-si-incredibil-cititi-acest-caz-extraordinar\\\/#primaryimage\"},\"thumbnailUrl\":\"https:\\\/\\\/www.lovendal.ro\\\/wp52\\\/wp-content\\\/uploads\\\/2015\\\/03\\\/Mufon59.jpg\",\"keywords\":[\"avion\",\"fotografie\",\"lumin\u0103\",\"Lun\u0103\",\"Mun\u0163ii F\u0103g\u0103ra\u015f\",\"nori\",\"OZN\",\"Paranormal-Spiritualitate\",\"Rom\u00e2nia\",\"stea\",\"trepied\"],\"articleSection\":[\"Noutati\",\"Paranormal-Spiritualitate\"],\"inLanguage\":\"ro-RO\",\"potentialAction\":[{\"@type\":\"CommentAction\",\"name\":\"Comment\",\"target\":[\"https:\\\/\\\/www.lovendal.ro\\\/wp52\\\/un-ozn-stralucitor-a-aparut-deasupra-muntilor-fagaras-e-imens-si-incredibil-cititi-acest-caz-extraordinar\\\/#respond\"]}]},{\"@type\":\"WebPage\",\"@id\":\"https:\\\/\\\/www.lovendal.ro\\\/wp52\\\/un-ozn-stralucitor-a-aparut-deasupra-muntilor-fagaras-e-imens-si-incredibil-cititi-acest-caz-extraordinar\\\/\",\"url\":\"https:\\\/\\\/www.lovendal.ro\\\/wp52\\\/un-ozn-stralucitor-a-aparut-deasupra-muntilor-fagaras-e-imens-si-incredibil-cititi-acest-caz-extraordinar\\\/\",\"name\":\"Un OZN str\u0103lucitor a ap\u0103rut deasupra Mun\u0163ilor F\u0103g\u0103ra\u015f! E imens \u015fi incredibil! Citi\u0163i acest caz extraordinar... - Secretele lui Lovendal\",\"isPartOf\":{\"@id\":\"https:\\\/\\\/www.lovendal.ro\\\/wp52\\\/#website\"},\"primaryImageOfPage\":{\"@id\":\"https:\\\/\\\/www.lovendal.ro\\\/wp52\\\/un-ozn-stralucitor-a-aparut-deasupra-muntilor-fagaras-e-imens-si-incredibil-cititi-acest-caz-extraordinar\\\/#primaryimage\"},\"image\":{\"@id\":\"https:\\\/\\\/www.lovendal.ro\\\/wp52\\\/un-ozn-stralucitor-a-aparut-deasupra-muntilor-fagaras-e-imens-si-incredibil-cititi-acest-caz-extraordinar\\\/#primaryimage\"},\"thumbnailUrl\":\"https:\\\/\\\/www.lovendal.ro\\\/wp52\\\/wp-content\\\/uploads\\\/2015\\\/03\\\/Mufon59.jpg\",\"datePublished\":\"2015-03-20T12:13:11+00:00\",\"breadcrumb\":{\"@id\":\"https:\\\/\\\/www.lovendal.ro\\\/wp52\\\/un-ozn-stralucitor-a-aparut-deasupra-muntilor-fagaras-e-imens-si-incredibil-cititi-acest-caz-extraordinar\\\/#breadcrumb\"},\"inLanguage\":\"ro-RO\",\"potentialAction\":[{\"@type\":\"ReadAction\",\"target\":[\"https:\\\/\\\/www.lovendal.ro\\\/wp52\\\/un-ozn-stralucitor-a-aparut-deasupra-muntilor-fagaras-e-imens-si-incredibil-cititi-acest-caz-extraordinar\\\/\"]}]},{\"@type\":\"ImageObject\",\"inLanguage\":\"ro-RO\",\"@id\":\"https:\\\/\\\/www.lovendal.ro\\\/wp52\\\/un-ozn-stralucitor-a-aparut-deasupra-muntilor-fagaras-e-imens-si-incredibil-cititi-acest-caz-extraordinar\\\/#primaryimage\",\"url\":\"https:\\\/\\\/www.lovendal.ro\\\/wp52\\\/wp-content\\\/uploads\\\/2015\\\/03\\\/Mufon59.jpg\",\"contentUrl\":\"https:\\\/\\\/www.lovendal.ro\\\/wp52\\\/wp-content\\\/uploads\\\/2015\\\/03\\\/Mufon59.jpg\",\"width\":335,\"height\":223},{\"@type\":\"BreadcrumbList\",\"@id\":\"https:\\\/\\\/www.lovendal.ro\\\/wp52\\\/un-ozn-stralucitor-a-aparut-deasupra-muntilor-fagaras-e-imens-si-incredibil-cititi-acest-caz-extraordinar\\\/#breadcrumb\",\"itemListElement\":[{\"@type\":\"ListItem\",\"position\":1,\"name\":\"Home\",\"item\":\"https:\\\/\\\/www.lovendal.ro\\\/wp52\\\/\"},{\"@type\":\"ListItem\",\"position\":2,\"name\":\"Un OZN str\u0103lucitor a ap\u0103rut deasupra Mun\u0163ilor F\u0103g\u0103ra\u015f! E imens \u015fi incredibil! Citi\u0163i acest caz extraordinar&#8230;\"}]},{\"@type\":\"WebSite\",\"@id\":\"https:\\\/\\\/www.lovendal.ro\\\/wp52\\\/#website\",\"url\":\"https:\\\/\\\/www.lovendal.ro\\\/wp52\\\/\",\"name\":\"Secretele lui Lovendal\",\"description\":\"Site de secrete, stiinta si metafizica - din 2008 -\",\"publisher\":{\"@id\":\"https:\\\/\\\/www.lovendal.ro\\\/wp52\\\/#organization\"},\"potentialAction\":[{\"@type\":\"SearchAction\",\"target\":{\"@type\":\"EntryPoint\",\"urlTemplate\":\"https:\\\/\\\/www.lovendal.ro\\\/wp52\\\/?s={search_term_string}\"},\"query-input\":{\"@type\":\"PropertyValueSpecification\",\"valueRequired\":true,\"valueName\":\"search_term_string\"}}],\"inLanguage\":\"ro-RO\"},{\"@type\":\"Organization\",\"@id\":\"https:\\\/\\\/www.lovendal.ro\\\/wp52\\\/#organization\",\"name\":\"Secretele lui Lovendal\",\"url\":\"https:\\\/\\\/www.lovendal.ro\\\/wp52\\\/\",\"logo\":{\"@type\":\"ImageObject\",\"inLanguage\":\"ro-RO\",\"@id\":\"https:\\\/\\\/www.lovendal.ro\\\/wp52\\\/#\\\/schema\\\/logo\\\/image\\\/\",\"url\":\"https:\\\/\\\/www.lovendal.ro\\\/wp52\\\/wp-content\\\/uploads\\\/2024\\\/06\\\/cropped-SLL-iun-2024-1.jpg\",\"contentUrl\":\"https:\\\/\\\/www.lovendal.ro\\\/wp52\\\/wp-content\\\/uploads\\\/2024\\\/06\\\/cropped-SLL-iun-2024-1.jpg\",\"width\":771,\"height\":240,\"caption\":\"Secretele lui Lovendal\"},\"image\":{\"@id\":\"https:\\\/\\\/www.lovendal.ro\\\/wp52\\\/#\\\/schema\\\/logo\\\/image\\\/\"},\"sameAs\":[\"https:\\\/\\\/www.facebook.com\\\/secreteleluilovendal\"]},{\"@type\":\"Person\",\"@id\":\"https:\\\/\\\/www.lovendal.ro\\\/wp52\\\/#\\\/schema\\\/person\\\/088691de5dfc346bb0c023e1e52ef5d9\",\"name\":\"admin\",\"image\":{\"@type\":\"ImageObject\",\"inLanguage\":\"ro-RO\",\"@id\":\"https:\\\/\\\/secure.gravatar.com\\\/avatar\\\/ecb9cd41f5f63c9c9b989999a59f6e2639a865ec361e9db054db0679a8f341c2?s=96&d=mm&r=g\",\"url\":\"https:\\\/\\\/secure.gravatar.com\\\/avatar\\\/ecb9cd41f5f63c9c9b989999a59f6e2639a865ec361e9db054db0679a8f341c2?s=96&d=mm&r=g\",\"contentUrl\":\"https:\\\/\\\/secure.gravatar.com\\\/avatar\\\/ecb9cd41f5f63c9c9b989999a59f6e2639a865ec361e9db054db0679a8f341c2?s=96&d=mm&r=g\",\"caption\":\"admin\"},\"sameAs\":[\"https:\\\/\\\/www.lovendal.ro\\\/wp52\"]}]}<\/script>\n<!-- \/ Yoast SEO Premium plugin. -->","yoast_head_json":{"title":"Un OZN str\u0103lucitor a ap\u0103rut deasupra Mun\u0163ilor F\u0103g\u0103ra\u015f! E imens \u015fi incredibil! Citi\u0163i acest caz extraordinar... - Secretele lui Lovendal","robots":{"index":"index","follow":"follow","max-snippet":"max-snippet:-1","max-image-preview":"max-image-preview:large","max-video-preview":"max-video-preview:-1"},"canonical":"https:\/\/www.lovendal.ro\/wp52\/un-ozn-stralucitor-a-aparut-deasupra-muntilor-fagaras-e-imens-si-incredibil-cititi-acest-caz-extraordinar\/","og_locale":"ro_RO","og_type":"article","og_title":"Un OZN str\u0103lucitor a ap\u0103rut deasupra Mun\u0163ilor F\u0103g\u0103ra\u015f! E imens \u015fi incredibil! Citi\u0163i acest caz extraordinar...","og_description":"Un cititor m-a anun\u0163at pe Facebook de un link care ducea c\u0103tre o pagin\u0103 de discu\u0163ie a fenomenului OZN \u00een limba englez\u0103. Prin c\u00e2teva c\u0103ut\u0103ri pe net, am dat peste o pagin\u0103 &#8211; ufostalker.com &#8211; \u00een care un rom\u00e2n poveste\u015fte ... Cititi mai multe","og_url":"https:\/\/www.lovendal.ro\/wp52\/un-ozn-stralucitor-a-aparut-deasupra-muntilor-fagaras-e-imens-si-incredibil-cititi-acest-caz-extraordinar\/","og_site_name":"Secretele lui Lovendal","article_publisher":"https:\/\/www.facebook.com\/secreteleluilovendal","article_published_time":"2015-03-20T12:13:11+00:00","og_image":[{"width":335,"height":223,"url":"https:\/\/www.lovendal.ro\/wp52\/wp-content\/uploads\/2015\/03\/Mufon59.jpg","type":"image\/jpeg"}],"author":"admin","twitter_card":"summary_large_image","twitter_misc":{"Scris de":"admin","Timp estimat pentru citire":"5 minute"},"schema":{"@context":"https:\/\/schema.org","@graph":[{"@type":"Article","@id":"https:\/\/www.lovendal.ro\/wp52\/un-ozn-stralucitor-a-aparut-deasupra-muntilor-fagaras-e-imens-si-incredibil-cititi-acest-caz-extraordinar\/#article","isPartOf":{"@id":"https:\/\/www.lovendal.ro\/wp52\/un-ozn-stralucitor-a-aparut-deasupra-muntilor-fagaras-e-imens-si-incredibil-cititi-acest-caz-extraordinar\/"},"author":{"name":"admin","@id":"https:\/\/www.lovendal.ro\/wp52\/#\/schema\/person\/088691de5dfc346bb0c023e1e52ef5d9"},"headline":"Un OZN str\u0103lucitor a ap\u0103rut deasupra Mun\u0163ilor F\u0103g\u0103ra\u015f! E imens \u015fi incredibil! Citi\u0163i acest caz extraordinar&#8230;","datePublished":"2015-03-20T12:13:11+00:00","mainEntityOfPage":{"@id":"https:\/\/www.lovendal.ro\/wp52\/un-ozn-stralucitor-a-aparut-deasupra-muntilor-fagaras-e-imens-si-incredibil-cititi-acest-caz-extraordinar\/"},"wordCount":1079,"commentCount":7,"publisher":{"@id":"https:\/\/www.lovendal.ro\/wp52\/#organization"},"image":{"@id":"https:\/\/www.lovendal.ro\/wp52\/un-ozn-stralucitor-a-aparut-deasupra-muntilor-fagaras-e-imens-si-incredibil-cititi-acest-caz-extraordinar\/#primaryimage"},"thumbnailUrl":"https:\/\/www.lovendal.ro\/wp52\/wp-content\/uploads\/2015\/03\/Mufon59.jpg","keywords":["avion","fotografie","lumin\u0103","Lun\u0103","Mun\u0163ii F\u0103g\u0103ra\u015f","nori","OZN","Paranormal-Spiritualitate","Rom\u00e2nia","stea","trepied"],"articleSection":["Noutati","Paranormal-Spiritualitate"],"inLanguage":"ro-RO","potentialAction":[{"@type":"CommentAction","name":"Comment","target":["https:\/\/www.lovendal.ro\/wp52\/un-ozn-stralucitor-a-aparut-deasupra-muntilor-fagaras-e-imens-si-incredibil-cititi-acest-caz-extraordinar\/#respond"]}]},{"@type":"WebPage","@id":"https:\/\/www.lovendal.ro\/wp52\/un-ozn-stralucitor-a-aparut-deasupra-muntilor-fagaras-e-imens-si-incredibil-cititi-acest-caz-extraordinar\/","url":"https:\/\/www.lovendal.ro\/wp52\/un-ozn-stralucitor-a-aparut-deasupra-muntilor-fagaras-e-imens-si-incredibil-cititi-acest-caz-extraordinar\/","name":"Un OZN str\u0103lucitor a ap\u0103rut deasupra Mun\u0163ilor F\u0103g\u0103ra\u015f! E imens \u015fi incredibil! Citi\u0163i acest caz extraordinar... - Secretele lui Lovendal","isPartOf":{"@id":"https:\/\/www.lovendal.ro\/wp52\/#website"},"primaryImageOfPage":{"@id":"https:\/\/www.lovendal.ro\/wp52\/un-ozn-stralucitor-a-aparut-deasupra-muntilor-fagaras-e-imens-si-incredibil-cititi-acest-caz-extraordinar\/#primaryimage"},"image":{"@id":"https:\/\/www.lovendal.ro\/wp52\/un-ozn-stralucitor-a-aparut-deasupra-muntilor-fagaras-e-imens-si-incredibil-cititi-acest-caz-extraordinar\/#primaryimage"},"thumbnailUrl":"https:\/\/www.lovendal.ro\/wp52\/wp-content\/uploads\/2015\/03\/Mufon59.jpg","datePublished":"2015-03-20T12:13:11+00:00","breadcrumb":{"@id":"https:\/\/www.lovendal.ro\/wp52\/un-ozn-stralucitor-a-aparut-deasupra-muntilor-fagaras-e-imens-si-incredibil-cititi-acest-caz-extraordinar\/#breadcrumb"},"inLanguage":"ro-RO","potentialAction":[{"@type":"ReadAction","target":["https:\/\/www.lovendal.ro\/wp52\/un-ozn-stralucitor-a-aparut-deasupra-muntilor-fagaras-e-imens-si-incredibil-cititi-acest-caz-extraordinar\/"]}]},{"@type":"ImageObject","inLanguage":"ro-RO","@id":"https:\/\/www.lovendal.ro\/wp52\/un-ozn-stralucitor-a-aparut-deasupra-muntilor-fagaras-e-imens-si-incredibil-cititi-acest-caz-extraordinar\/#primaryimage","url":"https:\/\/www.lovendal.ro\/wp52\/wp-content\/uploads\/2015\/03\/Mufon59.jpg","contentUrl":"https:\/\/www.lovendal.ro\/wp52\/wp-content\/uploads\/2015\/03\/Mufon59.jpg","width":335,"height":223},{"@type":"BreadcrumbList","@id":"https:\/\/www.lovendal.ro\/wp52\/un-ozn-stralucitor-a-aparut-deasupra-muntilor-fagaras-e-imens-si-incredibil-cititi-acest-caz-extraordinar\/#breadcrumb","itemListElement":[{"@type":"ListItem","position":1,"name":"Home","item":"https:\/\/www.lovendal.ro\/wp52\/"},{"@type":"ListItem","position":2,"name":"Un OZN str\u0103lucitor a ap\u0103rut deasupra Mun\u0163ilor F\u0103g\u0103ra\u015f! E imens \u015fi incredibil! Citi\u0163i acest caz extraordinar&#8230;"}]},{"@type":"WebSite","@id":"https:\/\/www.lovendal.ro\/wp52\/#website","url":"https:\/\/www.lovendal.ro\/wp52\/","name":"Secretele lui Lovendal","description":"Site de secrete, stiinta si metafizica - din 2008 -","publisher":{"@id":"https:\/\/www.lovendal.ro\/wp52\/#organization"},"potentialAction":[{"@type":"SearchAction","target":{"@type":"EntryPoint","urlTemplate":"https:\/\/www.lovendal.ro\/wp52\/?s={search_term_string}"},"query-input":{"@type":"PropertyValueSpecification","valueRequired":true,"valueName":"search_term_string"}}],"inLanguage":"ro-RO"},{"@type":"Organization","@id":"https:\/\/www.lovendal.ro\/wp52\/#organization","name":"Secretele lui Lovendal","url":"https:\/\/www.lovendal.ro\/wp52\/","logo":{"@type":"ImageObject","inLanguage":"ro-RO","@id":"https:\/\/www.lovendal.ro\/wp52\/#\/schema\/logo\/image\/","url":"https:\/\/www.lovendal.ro\/wp52\/wp-content\/uploads\/2024\/06\/cropped-SLL-iun-2024-1.jpg","contentUrl":"https:\/\/www.lovendal.ro\/wp52\/wp-content\/uploads\/2024\/06\/cropped-SLL-iun-2024-1.jpg","width":771,"height":240,"caption":"Secretele lui Lovendal"},"image":{"@id":"https:\/\/www.lovendal.ro\/wp52\/#\/schema\/logo\/image\/"},"sameAs":["https:\/\/www.facebook.com\/secreteleluilovendal"]},{"@type":"Person","@id":"https:\/\/www.lovendal.ro\/wp52\/#\/schema\/person\/088691de5dfc346bb0c023e1e52ef5d9","name":"admin","image":{"@type":"ImageObject","inLanguage":"ro-RO","@id":"https:\/\/secure.gravatar.com\/avatar\/ecb9cd41f5f63c9c9b989999a59f6e2639a865ec361e9db054db0679a8f341c2?s=96&d=mm&r=g","url":"https:\/\/secure.gravatar.com\/avatar\/ecb9cd41f5f63c9c9b989999a59f6e2639a865ec361e9db054db0679a8f341c2?s=96&d=mm&r=g","contentUrl":"https:\/\/secure.gravatar.com\/avatar\/ecb9cd41f5f63c9c9b989999a59f6e2639a865ec361e9db054db0679a8f341c2?s=96&d=mm&r=g","caption":"admin"},"sameAs":["https:\/\/www.lovendal.ro\/wp52"]}]}},"_links":{"self":[{"href":"https:\/\/www.lovendal.ro\/wp52\/wp-json\/wp\/v2\/posts\/38077","targetHints":{"allow":["GET"]}}],"collection":[{"href":"https:\/\/www.lovendal.ro\/wp52\/wp-json\/wp\/v2\/posts"}],"about":[{"href":"https:\/\/www.lovendal.ro\/wp52\/wp-json\/wp\/v2\/types\/post"}],"author":[{"embeddable":true,"href":"https:\/\/www.lovendal.ro\/wp52\/wp-json\/wp\/v2\/users\/1"}],"replies":[{"embeddable":true,"href":"https:\/\/www.lovendal.ro\/wp52\/wp-json\/wp\/v2\/comments?post=38077"}],"version-history":[{"count":0,"href":"https:\/\/www.lovendal.ro\/wp52\/wp-json\/wp\/v2\/posts\/38077\/revisions"}],"wp:featuredmedia":[{"embeddable":true,"href":"https:\/\/www.lovendal.ro\/wp52\/wp-json\/wp\/v2\/media\/38082"}],"wp:attachment":[{"href":"https:\/\/www.lovendal.ro\/wp52\/wp-json\/wp\/v2\/media?parent=38077"}],"wp:term":[{"taxonomy":"category","embeddable":true,"href":"https:\/\/www.lovendal.ro\/wp52\/wp-json\/wp\/v2\/categories?post=38077"},{"taxonomy":"post_tag","embeddable":true,"href":"https:\/\/www.lovendal.ro\/wp52\/wp-json\/wp\/v2\/tags?post=38077"}],"curies":[{"name":"wp","href":"https:\/\/api.w.org\/{rel}","templated":true}]}}