{"id":37438,"date":"2015-01-29T12:50:42","date_gmt":"2015-01-29T10:50:42","guid":{"rendered":"http:\/\/www.lovendal.ro\/wp52\/?p=37438"},"modified":"2015-01-29T12:50:42","modified_gmt":"2015-01-29T10:50:42","slug":"un-preot-iezuit-vazu-odata-un-oras-imens-si-splendid-plutind-in-aer-deasupra-marii-e-doar-fenomenul-fetei-morgana-sau-e-vorba-de-altceval","status":"publish","type":"post","link":"https:\/\/www.lovendal.ro\/wp52\/un-preot-iezuit-vazu-odata-un-oras-imens-si-splendid-plutind-in-aer-deasupra-marii-e-doar-fenomenul-fetei-morgana-sau-e-vorba-de-altceval\/","title":{"rendered":"Un preot iezuit v\u0103zu odat\u0103 un ora\u015f imens \u015fi splendid plutind \u00een aer, deasupra m\u0103rii! E doar fenomenul &#8222;fetei morgana&#8221; sau e vorba de altceva?l"},"content":{"rendered":"<p><span id=\"result_box\" lang=\"ro\"><span class=\"hps\"><img loading=\"lazy\" decoding=\"async\" class=\"alignleft size-full wp-image-37439\" src=\"https:\/\/www.lovendal.ro\/wp52\/wp-content\/uploads\/2015\/01\/fata-morgana.jpg\" alt=\"fata morgana\" width=\"328\" height=\"307\" srcset=\"https:\/\/www.lovendal.ro\/wp52\/wp-content\/uploads\/2015\/01\/fata-morgana.jpg 328w, https:\/\/www.lovendal.ro\/wp52\/wp-content\/uploads\/2015\/01\/fata-morgana-300x280.jpg 300w\" sizes=\"auto, (max-width: 328px) 100vw, 328px\" \/>Preo\u021bii<\/span> <span class=\"hps\">iezui\u021bi<\/span> <span class=\"hps\">nu<\/span> <span class=\"hps\">sunt<\/span> <span class=\"hps\">cunoscu\u0163i c\u0103 ar fi consumatori de droguri, dar viziunea p\u0103rintelui iezuit Domenico<\/span> <span class=\"hps\">Giardina<\/span> <span id=\"result_box\" lang=\"ro\">fost at\u00e2t de &#8222;real\u0103&#8221;, \u00eenc\u00e2t ai crede c\u0103 acest preot chiar s-a drogat. Ce s-a \u00eent\u00e2mplat de fapt? Era o zi frumoas\u0103 pe 14 august<\/span> <span class=\"hps\">1643.<\/span> <span class=\"hps\">Privind<\/span> <span class=\"hps\">peste<\/span> <span class=\"hps\">mare,<\/span> <span class=\"hps\">din<\/span> <span class=\"hps\">Messina<\/span>, <span class=\"hps\">Sicilia<\/span>, <span class=\"hps\">Giardina<\/span> <span class=\"hps atn\">a v\u0103zut <\/span>un \u00eentreg <span class=\"hps\">ora\u0219<\/span> <span class=\"hps\">plutind \u00een<\/span> <span class=\"hps\">aer<\/span>, acesta fiind nelimitat ca dimensiuni <span class=\"hps\">\u0219i plin de<\/span> <span class=\"hps\">splendoare<\/span>, fiind <span class=\"hps\">\u00eempodobit<\/span> <span class=\"hps\">cu<\/span> <span class=\"hps\">cl\u0103diri<\/span> <span class=\"hps\">magnifice<\/span>, de parc\u0103 ar fi fost create din <span class=\"hps\">cristale<\/span> <span class=\"hps\">luminoase<\/span>. <\/span><\/p>\n<p><span id=\"result_box\" lang=\"ro\"><span class=\"hps atn\">Apoi, preotul poveste\u015fte: <em>&#8222;M<\/em><\/span><em>etropola <span class=\"hps\">brusc<\/span> s-a <span class=\"hps\">transformat \u00eentr-o<\/span> <span class=\"hps\">gr\u0103din\u0103<\/span>, <span class=\"hps\">\u0219i apoi \u00eentr-o<\/span><span class=\"hps\"> p\u0103dure<\/span>. Ulterior, <span class=\"hps\">\u00eentr-o clip\u0103, p\u0103rea c\u0103<\/span> <span class=\"hps\">totul<\/span> a <span class=\"hps\">disp\u0103rut \u00een<\/span> <span class=\"hps\">haos<\/span>. Se v\u0103zu a<span class=\"hps\">rmate<\/span> <span class=\"hps\">imense, apoi totul se pierdu definitiv.&#8221;<\/span><\/em> <\/span><\/p>\n<p><span lang=\"ro\">Nu, p\u0103rintele Giardina nu s-a drogat, ci el chiar a asistat la acest eveniment, el fiind martorului unui miraj, fenomen fizic cunoscut sub numele de &#8222;fata morgana&#8221;. Secole \u00eentregi, &#8222;fata morgana&#8221; a fost considerat a fi opera vr\u0103jitorilor sau a unui zeu, \u00eens\u0103 noi ast\u0103zi \u015ftim c\u0103 sunt ni\u015fte simple legi optice ale fizicii. Nu vreau s\u0103 redau din nou explica\u0163ia pe care ne ofer\u0103 fizica, \u00eens\u0103, \u00eentr-un articol din 2009, <\/span><a href=\"https:\/\/www.lovendal.ro\/wp52\/oglinzile-aeriene-fata-morgana-un-fenomen-insuficient-explicat\/\" target=\"_blank\"><strong>Oglinzile aeriene: \u201cFata morgana\u201d, un fenomen insuficient explicat,<\/strong><\/a> aveam \u00eendoieli c\u0103 toate fenomenele de &#8222;fata morgana&#8221; ar putea fi explicate astfel. Citez c\u00e2teva fragmente din acel articol:<\/p>\n<p>* Imaginilor propriu zise li se pot g\u0103si o explica\u0163ie satisf\u0103c\u0103toare, \u00eens\u0103 claritatea acestor imagini te pune pe g\u00e2nduri: nicio distorsiune, nicio deformare \u015fi faptul c\u0103, in pofida marilor distan\u0163e, dimensiunile sunt perfect respectate \u015fi detaliile abund\u0103! \u00cen aceste cazuri, teoria clasic\u0103 apare deficitar\u0103.<\/p>\n<p>* Fizicienii atmosferei au \u00eenc\u0103 multe necunoscute de descifrat, ca de exemplu forma\u0163ia c\u00e2mpului magnetic, transmisiile semnalelor hertziene etc.<\/p>\n<p>* Iat\u0103, de pild\u0103, c\u00e2teva dintre cazurile bizare prin claritatea lor:<em> \u201e\u00centr-o zi, o cas\u0103 ascuns\u0103 de o colin\u0103 a fost at\u00e2t de limpede reflectat\u0103 \u00eenc\u00e2t se puteau recunoa\u015fte copiii care se jucau \u00een curte\u201d\u2026 \u201eLa 20 km sud de Yuma se afl\u0103 o ferm\u0103 al c\u0103rui proprietar vede adeseori or\u0103\u015felul San Luis, de dincolo de frontiera cu Mexicul. \u00cen mod normal, \u00eens\u0103, San Luis nu poate fi v\u0103zut. C\u00e2nd condi\u0163iile meteorologice sunt propice mirajului, se distinge clar autostrada cu automobilele gonind, se vede spitalul ora\u015fului\u201d\u2026<\/em><\/p>\n<p><em>* \u201e\u00cen 1920, personalul g\u0103rii Bagdhad, pe ruta Santa Fe, a v\u0103zut de mai multe ori profil\u00eendu-se o imagine pe lacul secat dinspre sud de gar\u0103. Spectacolul era at\u00e2t de precis, \u00eenc\u00e2t a putut fi indentificat: era or\u0103\u015felul californian San Jose, situat la 800 km distan\u0163\u0103, dincolo de mai multe lan\u0163uri muntoase.\u201d<\/em><\/p>\n<p>&nbsp;<\/p>\n","protected":false},"excerpt":{"rendered":"<p>Preo\u021bii iezui\u021bi nu sunt cunoscu\u0163i c\u0103 ar fi consumatori de droguri, dar viziunea p\u0103rintelui iezuit Domenico Giardina fost at\u00e2t de &#8222;real\u0103&#8221;, \u00eenc\u00e2t ai crede c\u0103 acest preot chiar s-a drogat. Ce s-a \u00eent\u00e2mplat de fapt? Era o zi frumoas\u0103 pe &#8230; <\/p>\n<p class=\"read-more-container\"><a title=\"Un preot iezuit v\u0103zu odat\u0103 un ora\u015f imens \u015fi splendid plutind \u00een aer, deasupra m\u0103rii! E doar fenomenul &#8222;fetei morgana&#8221; sau e vorba de altceva?l\" class=\"read-more button\" href=\"https:\/\/www.lovendal.ro\/wp52\/un-preot-iezuit-vazu-odata-un-oras-imens-si-splendid-plutind-in-aer-deasupra-marii-e-doar-fenomenul-fetei-morgana-sau-e-vorba-de-altceval\/#more-37438\" aria-label=\"Cite\u0219te mai multe despre Un preot iezuit v\u0103zu odat\u0103 un ora\u015f imens \u015fi splendid plutind \u00een aer, deasupra m\u0103rii! E doar fenomenul &#8222;fetei morgana&#8221; sau e vorba de altceva?l\">Cititi mai multe<\/a><\/p>\n","protected":false},"author":1,"featured_media":37439,"comment_status":"open","ping_status":"open","sticky":false,"template":"","format":"standard","meta":{"footnotes":""},"categories":[2833,106],"tags":[2502,4512,1662,7691,617,348,3522,2781,2094,3615,1605,8572,206,151,2398,592,9072,9071,1683,9803],"class_list":["post-37438","post","type-post","status-publish","format-standard","has-post-thumbnail","hentry","category-noutati","category-stiinta","tag-atmosfera","tag-autostrada","tag-camp-magnetic","tag-drog","tag-fata-morgana","tag-fizica","tag-gara","tag-gradina","tag-iezuiti","tag-imagine","tag-mare","tag-messina","tag-mexic","tag-oras","tag-padure","tag-preot","tag-san-jose","tag-santa-fe","tag-sicilia","tag-stiinta","resize-featured-image"],"yoast_head":"<!-- This site is optimized with the Yoast SEO Premium plugin v23.3 (Yoast SEO v27.4) - https:\/\/yoast.com\/product\/yoast-seo-premium-wordpress\/ -->\n<title>Un preot iezuit v\u0103zu odat\u0103 un ora\u015f imens \u015fi splendid plutind \u00een aer, deasupra m\u0103rii! E doar fenomenul &quot;fetei morgana&quot; sau e vorba de altceva?l - Secretele lui Lovendal<\/title>\n<meta name=\"robots\" content=\"index, follow, max-snippet:-1, max-image-preview:large, max-video-preview:-1\" \/>\n<link rel=\"canonical\" href=\"https:\/\/www.lovendal.ro\/wp52\/un-preot-iezuit-vazu-odata-un-oras-imens-si-splendid-plutind-in-aer-deasupra-marii-e-doar-fenomenul-fetei-morgana-sau-e-vorba-de-altceval\/\" \/>\n<meta property=\"og:locale\" content=\"ro_RO\" \/>\n<meta property=\"og:type\" content=\"article\" \/>\n<meta property=\"og:title\" content=\"Un preot iezuit v\u0103zu odat\u0103 un ora\u015f imens \u015fi splendid plutind \u00een aer, deasupra m\u0103rii! E doar fenomenul &quot;fetei morgana&quot; sau e vorba de altceva?l\" \/>\n<meta property=\"og:description\" content=\"Preo\u021bii iezui\u021bi nu sunt cunoscu\u0163i c\u0103 ar fi consumatori de droguri, dar viziunea p\u0103rintelui iezuit Domenico Giardina fost at\u00e2t de &#8222;real\u0103&#8221;, \u00eenc\u00e2t ai crede c\u0103 acest preot chiar s-a drogat. Ce s-a \u00eent\u00e2mplat de fapt? Era o zi frumoas\u0103 pe ... Cititi mai multe\" \/>\n<meta property=\"og:url\" content=\"https:\/\/www.lovendal.ro\/wp52\/un-preot-iezuit-vazu-odata-un-oras-imens-si-splendid-plutind-in-aer-deasupra-marii-e-doar-fenomenul-fetei-morgana-sau-e-vorba-de-altceval\/\" \/>\n<meta property=\"og:site_name\" content=\"Secretele lui Lovendal\" \/>\n<meta property=\"article:publisher\" content=\"https:\/\/www.facebook.com\/secreteleluilovendal\" \/>\n<meta property=\"article:published_time\" content=\"2015-01-29T10:50:42+00:00\" \/>\n<meta property=\"og:image\" content=\"https:\/\/www.lovendal.ro\/wp52\/wp-content\/uploads\/2015\/01\/fata-morgana.jpg\" \/>\n\t<meta property=\"og:image:width\" content=\"328\" \/>\n\t<meta property=\"og:image:height\" content=\"307\" \/>\n\t<meta property=\"og:image:type\" content=\"image\/jpeg\" \/>\n<meta name=\"author\" content=\"admin\" \/>\n<meta name=\"twitter:card\" content=\"summary_large_image\" \/>\n<meta name=\"twitter:label1\" content=\"Scris de\" \/>\n\t<meta name=\"twitter:data1\" content=\"admin\" \/>\n\t<meta name=\"twitter:label2\" content=\"Timp estimat pentru citire\" \/>\n\t<meta name=\"twitter:data2\" content=\"2 minute\" \/>\n<script type=\"application\/ld+json\" class=\"yoast-schema-graph\">{\"@context\":\"https:\\\/\\\/schema.org\",\"@graph\":[{\"@type\":\"Article\",\"@id\":\"https:\\\/\\\/www.lovendal.ro\\\/wp52\\\/un-preot-iezuit-vazu-odata-un-oras-imens-si-splendid-plutind-in-aer-deasupra-marii-e-doar-fenomenul-fetei-morgana-sau-e-vorba-de-altceval\\\/#article\",\"isPartOf\":{\"@id\":\"https:\\\/\\\/www.lovendal.ro\\\/wp52\\\/un-preot-iezuit-vazu-odata-un-oras-imens-si-splendid-plutind-in-aer-deasupra-marii-e-doar-fenomenul-fetei-morgana-sau-e-vorba-de-altceval\\\/\"},\"author\":{\"name\":\"admin\",\"@id\":\"https:\\\/\\\/www.lovendal.ro\\\/wp52\\\/#\\\/schema\\\/person\\\/088691de5dfc346bb0c023e1e52ef5d9\"},\"headline\":\"Un preot iezuit v\u0103zu odat\u0103 un ora\u015f imens \u015fi splendid plutind \u00een aer, deasupra m\u0103rii! E doar fenomenul &#8222;fetei morgana&#8221; sau e vorba de altceva?l\",\"datePublished\":\"2015-01-29T10:50:42+00:00\",\"mainEntityOfPage\":{\"@id\":\"https:\\\/\\\/www.lovendal.ro\\\/wp52\\\/un-preot-iezuit-vazu-odata-un-oras-imens-si-splendid-plutind-in-aer-deasupra-marii-e-doar-fenomenul-fetei-morgana-sau-e-vorba-de-altceval\\\/\"},\"wordCount\":478,\"commentCount\":4,\"publisher\":{\"@id\":\"https:\\\/\\\/www.lovendal.ro\\\/wp52\\\/#organization\"},\"image\":{\"@id\":\"https:\\\/\\\/www.lovendal.ro\\\/wp52\\\/un-preot-iezuit-vazu-odata-un-oras-imens-si-splendid-plutind-in-aer-deasupra-marii-e-doar-fenomenul-fetei-morgana-sau-e-vorba-de-altceval\\\/#primaryimage\"},\"thumbnailUrl\":\"https:\\\/\\\/www.lovendal.ro\\\/wp52\\\/wp-content\\\/uploads\\\/2015\\\/01\\\/fata-morgana.jpg\",\"keywords\":[\"atmosfer\u0103\",\"autostrad\u0103\",\"c\u00e2mp magnetic\",\"drog\",\"Fata Morgan\u0103\",\"fizic\u0103\",\"gar\u0103\",\"gr\u0103din\u0103\",\"Iezui\u0163i\",\"imagine\",\"mare\",\"Messina\",\"Mexic\",\"ora\u015f\",\"p\u0103dure\",\"preot\",\"San Jose\",\"Santa Fe\",\"Sicilia\",\"Stiinta\"],\"articleSection\":[\"Noutati\",\"Stiinta\"],\"inLanguage\":\"ro-RO\",\"potentialAction\":[{\"@type\":\"CommentAction\",\"name\":\"Comment\",\"target\":[\"https:\\\/\\\/www.lovendal.ro\\\/wp52\\\/un-preot-iezuit-vazu-odata-un-oras-imens-si-splendid-plutind-in-aer-deasupra-marii-e-doar-fenomenul-fetei-morgana-sau-e-vorba-de-altceval\\\/#respond\"]}]},{\"@type\":\"WebPage\",\"@id\":\"https:\\\/\\\/www.lovendal.ro\\\/wp52\\\/un-preot-iezuit-vazu-odata-un-oras-imens-si-splendid-plutind-in-aer-deasupra-marii-e-doar-fenomenul-fetei-morgana-sau-e-vorba-de-altceval\\\/\",\"url\":\"https:\\\/\\\/www.lovendal.ro\\\/wp52\\\/un-preot-iezuit-vazu-odata-un-oras-imens-si-splendid-plutind-in-aer-deasupra-marii-e-doar-fenomenul-fetei-morgana-sau-e-vorba-de-altceval\\\/\",\"name\":\"Un preot iezuit v\u0103zu odat\u0103 un ora\u015f imens \u015fi splendid plutind \u00een aer, deasupra m\u0103rii! E doar fenomenul \\\"fetei morgana\\\" sau e vorba de altceva?l - Secretele lui Lovendal\",\"isPartOf\":{\"@id\":\"https:\\\/\\\/www.lovendal.ro\\\/wp52\\\/#website\"},\"primaryImageOfPage\":{\"@id\":\"https:\\\/\\\/www.lovendal.ro\\\/wp52\\\/un-preot-iezuit-vazu-odata-un-oras-imens-si-splendid-plutind-in-aer-deasupra-marii-e-doar-fenomenul-fetei-morgana-sau-e-vorba-de-altceval\\\/#primaryimage\"},\"image\":{\"@id\":\"https:\\\/\\\/www.lovendal.ro\\\/wp52\\\/un-preot-iezuit-vazu-odata-un-oras-imens-si-splendid-plutind-in-aer-deasupra-marii-e-doar-fenomenul-fetei-morgana-sau-e-vorba-de-altceval\\\/#primaryimage\"},\"thumbnailUrl\":\"https:\\\/\\\/www.lovendal.ro\\\/wp52\\\/wp-content\\\/uploads\\\/2015\\\/01\\\/fata-morgana.jpg\",\"datePublished\":\"2015-01-29T10:50:42+00:00\",\"breadcrumb\":{\"@id\":\"https:\\\/\\\/www.lovendal.ro\\\/wp52\\\/un-preot-iezuit-vazu-odata-un-oras-imens-si-splendid-plutind-in-aer-deasupra-marii-e-doar-fenomenul-fetei-morgana-sau-e-vorba-de-altceval\\\/#breadcrumb\"},\"inLanguage\":\"ro-RO\",\"potentialAction\":[{\"@type\":\"ReadAction\",\"target\":[\"https:\\\/\\\/www.lovendal.ro\\\/wp52\\\/un-preot-iezuit-vazu-odata-un-oras-imens-si-splendid-plutind-in-aer-deasupra-marii-e-doar-fenomenul-fetei-morgana-sau-e-vorba-de-altceval\\\/\"]}]},{\"@type\":\"ImageObject\",\"inLanguage\":\"ro-RO\",\"@id\":\"https:\\\/\\\/www.lovendal.ro\\\/wp52\\\/un-preot-iezuit-vazu-odata-un-oras-imens-si-splendid-plutind-in-aer-deasupra-marii-e-doar-fenomenul-fetei-morgana-sau-e-vorba-de-altceval\\\/#primaryimage\",\"url\":\"https:\\\/\\\/www.lovendal.ro\\\/wp52\\\/wp-content\\\/uploads\\\/2015\\\/01\\\/fata-morgana.jpg\",\"contentUrl\":\"https:\\\/\\\/www.lovendal.ro\\\/wp52\\\/wp-content\\\/uploads\\\/2015\\\/01\\\/fata-morgana.jpg\",\"width\":328,\"height\":307},{\"@type\":\"BreadcrumbList\",\"@id\":\"https:\\\/\\\/www.lovendal.ro\\\/wp52\\\/un-preot-iezuit-vazu-odata-un-oras-imens-si-splendid-plutind-in-aer-deasupra-marii-e-doar-fenomenul-fetei-morgana-sau-e-vorba-de-altceval\\\/#breadcrumb\",\"itemListElement\":[{\"@type\":\"ListItem\",\"position\":1,\"name\":\"Home\",\"item\":\"https:\\\/\\\/www.lovendal.ro\\\/wp52\\\/\"},{\"@type\":\"ListItem\",\"position\":2,\"name\":\"Un preot iezuit v\u0103zu odat\u0103 un ora\u015f imens \u015fi splendid plutind \u00een aer, deasupra m\u0103rii! E doar fenomenul &#8222;fetei morgana&#8221; sau e vorba de altceva?l\"}]},{\"@type\":\"WebSite\",\"@id\":\"https:\\\/\\\/www.lovendal.ro\\\/wp52\\\/#website\",\"url\":\"https:\\\/\\\/www.lovendal.ro\\\/wp52\\\/\",\"name\":\"Secretele lui Lovendal\",\"description\":\"Site de secrete, stiinta si metafizica - din 2008 -\",\"publisher\":{\"@id\":\"https:\\\/\\\/www.lovendal.ro\\\/wp52\\\/#organization\"},\"potentialAction\":[{\"@type\":\"SearchAction\",\"target\":{\"@type\":\"EntryPoint\",\"urlTemplate\":\"https:\\\/\\\/www.lovendal.ro\\\/wp52\\\/?s={search_term_string}\"},\"query-input\":{\"@type\":\"PropertyValueSpecification\",\"valueRequired\":true,\"valueName\":\"search_term_string\"}}],\"inLanguage\":\"ro-RO\"},{\"@type\":\"Organization\",\"@id\":\"https:\\\/\\\/www.lovendal.ro\\\/wp52\\\/#organization\",\"name\":\"Secretele lui Lovendal\",\"url\":\"https:\\\/\\\/www.lovendal.ro\\\/wp52\\\/\",\"logo\":{\"@type\":\"ImageObject\",\"inLanguage\":\"ro-RO\",\"@id\":\"https:\\\/\\\/www.lovendal.ro\\\/wp52\\\/#\\\/schema\\\/logo\\\/image\\\/\",\"url\":\"https:\\\/\\\/www.lovendal.ro\\\/wp52\\\/wp-content\\\/uploads\\\/2024\\\/06\\\/cropped-SLL-iun-2024-1.jpg\",\"contentUrl\":\"https:\\\/\\\/www.lovendal.ro\\\/wp52\\\/wp-content\\\/uploads\\\/2024\\\/06\\\/cropped-SLL-iun-2024-1.jpg\",\"width\":771,\"height\":240,\"caption\":\"Secretele lui Lovendal\"},\"image\":{\"@id\":\"https:\\\/\\\/www.lovendal.ro\\\/wp52\\\/#\\\/schema\\\/logo\\\/image\\\/\"},\"sameAs\":[\"https:\\\/\\\/www.facebook.com\\\/secreteleluilovendal\"]},{\"@type\":\"Person\",\"@id\":\"https:\\\/\\\/www.lovendal.ro\\\/wp52\\\/#\\\/schema\\\/person\\\/088691de5dfc346bb0c023e1e52ef5d9\",\"name\":\"admin\",\"image\":{\"@type\":\"ImageObject\",\"inLanguage\":\"ro-RO\",\"@id\":\"https:\\\/\\\/secure.gravatar.com\\\/avatar\\\/ecb9cd41f5f63c9c9b989999a59f6e2639a865ec361e9db054db0679a8f341c2?s=96&d=mm&r=g\",\"url\":\"https:\\\/\\\/secure.gravatar.com\\\/avatar\\\/ecb9cd41f5f63c9c9b989999a59f6e2639a865ec361e9db054db0679a8f341c2?s=96&d=mm&r=g\",\"contentUrl\":\"https:\\\/\\\/secure.gravatar.com\\\/avatar\\\/ecb9cd41f5f63c9c9b989999a59f6e2639a865ec361e9db054db0679a8f341c2?s=96&d=mm&r=g\",\"caption\":\"admin\"},\"sameAs\":[\"https:\\\/\\\/www.lovendal.ro\\\/wp52\"]}]}<\/script>\n<!-- \/ Yoast SEO Premium plugin. -->","yoast_head_json":{"title":"Un preot iezuit v\u0103zu odat\u0103 un ora\u015f imens \u015fi splendid plutind \u00een aer, deasupra m\u0103rii! E doar fenomenul \"fetei morgana\" sau e vorba de altceva?l - Secretele lui Lovendal","robots":{"index":"index","follow":"follow","max-snippet":"max-snippet:-1","max-image-preview":"max-image-preview:large","max-video-preview":"max-video-preview:-1"},"canonical":"https:\/\/www.lovendal.ro\/wp52\/un-preot-iezuit-vazu-odata-un-oras-imens-si-splendid-plutind-in-aer-deasupra-marii-e-doar-fenomenul-fetei-morgana-sau-e-vorba-de-altceval\/","og_locale":"ro_RO","og_type":"article","og_title":"Un preot iezuit v\u0103zu odat\u0103 un ora\u015f imens \u015fi splendid plutind \u00een aer, deasupra m\u0103rii! E doar fenomenul \"fetei morgana\" sau e vorba de altceva?l","og_description":"Preo\u021bii iezui\u021bi nu sunt cunoscu\u0163i c\u0103 ar fi consumatori de droguri, dar viziunea p\u0103rintelui iezuit Domenico Giardina fost at\u00e2t de &#8222;real\u0103&#8221;, \u00eenc\u00e2t ai crede c\u0103 acest preot chiar s-a drogat. Ce s-a \u00eent\u00e2mplat de fapt? Era o zi frumoas\u0103 pe ... Cititi mai multe","og_url":"https:\/\/www.lovendal.ro\/wp52\/un-preot-iezuit-vazu-odata-un-oras-imens-si-splendid-plutind-in-aer-deasupra-marii-e-doar-fenomenul-fetei-morgana-sau-e-vorba-de-altceval\/","og_site_name":"Secretele lui Lovendal","article_publisher":"https:\/\/www.facebook.com\/secreteleluilovendal","article_published_time":"2015-01-29T10:50:42+00:00","og_image":[{"width":328,"height":307,"url":"https:\/\/www.lovendal.ro\/wp52\/wp-content\/uploads\/2015\/01\/fata-morgana.jpg","type":"image\/jpeg"}],"author":"admin","twitter_card":"summary_large_image","twitter_misc":{"Scris de":"admin","Timp estimat pentru citire":"2 minute"},"schema":{"@context":"https:\/\/schema.org","@graph":[{"@type":"Article","@id":"https:\/\/www.lovendal.ro\/wp52\/un-preot-iezuit-vazu-odata-un-oras-imens-si-splendid-plutind-in-aer-deasupra-marii-e-doar-fenomenul-fetei-morgana-sau-e-vorba-de-altceval\/#article","isPartOf":{"@id":"https:\/\/www.lovendal.ro\/wp52\/un-preot-iezuit-vazu-odata-un-oras-imens-si-splendid-plutind-in-aer-deasupra-marii-e-doar-fenomenul-fetei-morgana-sau-e-vorba-de-altceval\/"},"author":{"name":"admin","@id":"https:\/\/www.lovendal.ro\/wp52\/#\/schema\/person\/088691de5dfc346bb0c023e1e52ef5d9"},"headline":"Un preot iezuit v\u0103zu odat\u0103 un ora\u015f imens \u015fi splendid plutind \u00een aer, deasupra m\u0103rii! E doar fenomenul &#8222;fetei morgana&#8221; sau e vorba de altceva?l","datePublished":"2015-01-29T10:50:42+00:00","mainEntityOfPage":{"@id":"https:\/\/www.lovendal.ro\/wp52\/un-preot-iezuit-vazu-odata-un-oras-imens-si-splendid-plutind-in-aer-deasupra-marii-e-doar-fenomenul-fetei-morgana-sau-e-vorba-de-altceval\/"},"wordCount":478,"commentCount":4,"publisher":{"@id":"https:\/\/www.lovendal.ro\/wp52\/#organization"},"image":{"@id":"https:\/\/www.lovendal.ro\/wp52\/un-preot-iezuit-vazu-odata-un-oras-imens-si-splendid-plutind-in-aer-deasupra-marii-e-doar-fenomenul-fetei-morgana-sau-e-vorba-de-altceval\/#primaryimage"},"thumbnailUrl":"https:\/\/www.lovendal.ro\/wp52\/wp-content\/uploads\/2015\/01\/fata-morgana.jpg","keywords":["atmosfer\u0103","autostrad\u0103","c\u00e2mp magnetic","drog","Fata Morgan\u0103","fizic\u0103","gar\u0103","gr\u0103din\u0103","Iezui\u0163i","imagine","mare","Messina","Mexic","ora\u015f","p\u0103dure","preot","San Jose","Santa Fe","Sicilia","Stiinta"],"articleSection":["Noutati","Stiinta"],"inLanguage":"ro-RO","potentialAction":[{"@type":"CommentAction","name":"Comment","target":["https:\/\/www.lovendal.ro\/wp52\/un-preot-iezuit-vazu-odata-un-oras-imens-si-splendid-plutind-in-aer-deasupra-marii-e-doar-fenomenul-fetei-morgana-sau-e-vorba-de-altceval\/#respond"]}]},{"@type":"WebPage","@id":"https:\/\/www.lovendal.ro\/wp52\/un-preot-iezuit-vazu-odata-un-oras-imens-si-splendid-plutind-in-aer-deasupra-marii-e-doar-fenomenul-fetei-morgana-sau-e-vorba-de-altceval\/","url":"https:\/\/www.lovendal.ro\/wp52\/un-preot-iezuit-vazu-odata-un-oras-imens-si-splendid-plutind-in-aer-deasupra-marii-e-doar-fenomenul-fetei-morgana-sau-e-vorba-de-altceval\/","name":"Un preot iezuit v\u0103zu odat\u0103 un ora\u015f imens \u015fi splendid plutind \u00een aer, deasupra m\u0103rii! E doar fenomenul \"fetei morgana\" sau e vorba de altceva?l - Secretele lui Lovendal","isPartOf":{"@id":"https:\/\/www.lovendal.ro\/wp52\/#website"},"primaryImageOfPage":{"@id":"https:\/\/www.lovendal.ro\/wp52\/un-preot-iezuit-vazu-odata-un-oras-imens-si-splendid-plutind-in-aer-deasupra-marii-e-doar-fenomenul-fetei-morgana-sau-e-vorba-de-altceval\/#primaryimage"},"image":{"@id":"https:\/\/www.lovendal.ro\/wp52\/un-preot-iezuit-vazu-odata-un-oras-imens-si-splendid-plutind-in-aer-deasupra-marii-e-doar-fenomenul-fetei-morgana-sau-e-vorba-de-altceval\/#primaryimage"},"thumbnailUrl":"https:\/\/www.lovendal.ro\/wp52\/wp-content\/uploads\/2015\/01\/fata-morgana.jpg","datePublished":"2015-01-29T10:50:42+00:00","breadcrumb":{"@id":"https:\/\/www.lovendal.ro\/wp52\/un-preot-iezuit-vazu-odata-un-oras-imens-si-splendid-plutind-in-aer-deasupra-marii-e-doar-fenomenul-fetei-morgana-sau-e-vorba-de-altceval\/#breadcrumb"},"inLanguage":"ro-RO","potentialAction":[{"@type":"ReadAction","target":["https:\/\/www.lovendal.ro\/wp52\/un-preot-iezuit-vazu-odata-un-oras-imens-si-splendid-plutind-in-aer-deasupra-marii-e-doar-fenomenul-fetei-morgana-sau-e-vorba-de-altceval\/"]}]},{"@type":"ImageObject","inLanguage":"ro-RO","@id":"https:\/\/www.lovendal.ro\/wp52\/un-preot-iezuit-vazu-odata-un-oras-imens-si-splendid-plutind-in-aer-deasupra-marii-e-doar-fenomenul-fetei-morgana-sau-e-vorba-de-altceval\/#primaryimage","url":"https:\/\/www.lovendal.ro\/wp52\/wp-content\/uploads\/2015\/01\/fata-morgana.jpg","contentUrl":"https:\/\/www.lovendal.ro\/wp52\/wp-content\/uploads\/2015\/01\/fata-morgana.jpg","width":328,"height":307},{"@type":"BreadcrumbList","@id":"https:\/\/www.lovendal.ro\/wp52\/un-preot-iezuit-vazu-odata-un-oras-imens-si-splendid-plutind-in-aer-deasupra-marii-e-doar-fenomenul-fetei-morgana-sau-e-vorba-de-altceval\/#breadcrumb","itemListElement":[{"@type":"ListItem","position":1,"name":"Home","item":"https:\/\/www.lovendal.ro\/wp52\/"},{"@type":"ListItem","position":2,"name":"Un preot iezuit v\u0103zu odat\u0103 un ora\u015f imens \u015fi splendid plutind \u00een aer, deasupra m\u0103rii! E doar fenomenul &#8222;fetei morgana&#8221; sau e vorba de altceva?l"}]},{"@type":"WebSite","@id":"https:\/\/www.lovendal.ro\/wp52\/#website","url":"https:\/\/www.lovendal.ro\/wp52\/","name":"Secretele lui Lovendal","description":"Site de secrete, stiinta si metafizica - din 2008 -","publisher":{"@id":"https:\/\/www.lovendal.ro\/wp52\/#organization"},"potentialAction":[{"@type":"SearchAction","target":{"@type":"EntryPoint","urlTemplate":"https:\/\/www.lovendal.ro\/wp52\/?s={search_term_string}"},"query-input":{"@type":"PropertyValueSpecification","valueRequired":true,"valueName":"search_term_string"}}],"inLanguage":"ro-RO"},{"@type":"Organization","@id":"https:\/\/www.lovendal.ro\/wp52\/#organization","name":"Secretele lui Lovendal","url":"https:\/\/www.lovendal.ro\/wp52\/","logo":{"@type":"ImageObject","inLanguage":"ro-RO","@id":"https:\/\/www.lovendal.ro\/wp52\/#\/schema\/logo\/image\/","url":"https:\/\/www.lovendal.ro\/wp52\/wp-content\/uploads\/2024\/06\/cropped-SLL-iun-2024-1.jpg","contentUrl":"https:\/\/www.lovendal.ro\/wp52\/wp-content\/uploads\/2024\/06\/cropped-SLL-iun-2024-1.jpg","width":771,"height":240,"caption":"Secretele lui Lovendal"},"image":{"@id":"https:\/\/www.lovendal.ro\/wp52\/#\/schema\/logo\/image\/"},"sameAs":["https:\/\/www.facebook.com\/secreteleluilovendal"]},{"@type":"Person","@id":"https:\/\/www.lovendal.ro\/wp52\/#\/schema\/person\/088691de5dfc346bb0c023e1e52ef5d9","name":"admin","image":{"@type":"ImageObject","inLanguage":"ro-RO","@id":"https:\/\/secure.gravatar.com\/avatar\/ecb9cd41f5f63c9c9b989999a59f6e2639a865ec361e9db054db0679a8f341c2?s=96&d=mm&r=g","url":"https:\/\/secure.gravatar.com\/avatar\/ecb9cd41f5f63c9c9b989999a59f6e2639a865ec361e9db054db0679a8f341c2?s=96&d=mm&r=g","contentUrl":"https:\/\/secure.gravatar.com\/avatar\/ecb9cd41f5f63c9c9b989999a59f6e2639a865ec361e9db054db0679a8f341c2?s=96&d=mm&r=g","caption":"admin"},"sameAs":["https:\/\/www.lovendal.ro\/wp52"]}]}},"_links":{"self":[{"href":"https:\/\/www.lovendal.ro\/wp52\/wp-json\/wp\/v2\/posts\/37438","targetHints":{"allow":["GET"]}}],"collection":[{"href":"https:\/\/www.lovendal.ro\/wp52\/wp-json\/wp\/v2\/posts"}],"about":[{"href":"https:\/\/www.lovendal.ro\/wp52\/wp-json\/wp\/v2\/types\/post"}],"author":[{"embeddable":true,"href":"https:\/\/www.lovendal.ro\/wp52\/wp-json\/wp\/v2\/users\/1"}],"replies":[{"embeddable":true,"href":"https:\/\/www.lovendal.ro\/wp52\/wp-json\/wp\/v2\/comments?post=37438"}],"version-history":[{"count":0,"href":"https:\/\/www.lovendal.ro\/wp52\/wp-json\/wp\/v2\/posts\/37438\/revisions"}],"wp:featuredmedia":[{"embeddable":true,"href":"https:\/\/www.lovendal.ro\/wp52\/wp-json\/wp\/v2\/media\/37439"}],"wp:attachment":[{"href":"https:\/\/www.lovendal.ro\/wp52\/wp-json\/wp\/v2\/media?parent=37438"}],"wp:term":[{"taxonomy":"category","embeddable":true,"href":"https:\/\/www.lovendal.ro\/wp52\/wp-json\/wp\/v2\/categories?post=37438"},{"taxonomy":"post_tag","embeddable":true,"href":"https:\/\/www.lovendal.ro\/wp52\/wp-json\/wp\/v2\/tags?post=37438"}],"curies":[{"name":"wp","href":"https:\/\/api.w.org\/{rel}","templated":true}]}}