{"id":37311,"date":"2015-01-21T22:43:52","date_gmt":"2015-01-21T20:43:52","guid":{"rendered":"http:\/\/www.lovendal.ro\/wp52\/?p=37311"},"modified":"2015-01-21T22:43:52","modified_gmt":"2015-01-21T20:43:52","slug":"un-om-de-stiinta-francez-crede-ca-pamantenii-sunt-urmasii-martienilor-care-au-venit-pe-pamant-acum-1-milion-de-ani-asadar-toti-suntem-martieni","status":"publish","type":"post","link":"https:\/\/www.lovendal.ro\/wp52\/un-om-de-stiinta-francez-crede-ca-pamantenii-sunt-urmasii-martienilor-care-au-venit-pe-pamant-acum-1-milion-de-ani-asadar-toti-suntem-martieni\/","title":{"rendered":"Un om de \u015ftiin\u0163\u0103 francez crede c\u0103 p\u0103m\u00e2ntenii sunt urma\u015fii mar\u0163ienilor care au venit pe P\u0103m\u00e2nt acum 1 milion de ani! A\u015fadar, to\u0163i suntem mar\u0163ieni!"},"content":{"rendered":"<p><img loading=\"lazy\" decoding=\"async\" class=\"alignleft size-full wp-image-37312\" src=\"https:\/\/www.lovendal.ro\/wp52\/wp-content\/uploads\/2015\/01\/martieni-3.jpg\" alt=\"martieni 3\" width=\"330\" height=\"247\" srcset=\"https:\/\/www.lovendal.ro\/wp52\/wp-content\/uploads\/2015\/01\/martieni-3.jpg 330w, https:\/\/www.lovendal.ro\/wp52\/wp-content\/uploads\/2015\/01\/martieni-3-300x224.jpg 300w\" sizes=\"auto, (max-width: 330px) 100vw, 330px\" \/>Oare noi suntem urma\u015fii extratere\u015ftrilor? Profesorul Lencement, fost director al Sec\u0163iei de Astronomie din cadrul Palatului Descoperirii (Paris) a formulat o teorie, \u00eemp\u0103rt\u0103\u015fit\u0103 \u015fi de o serie de cercet\u0103tori americani. \u00cen cadrul unei conferin\u0163e \u0163inute la Sorbona, profesorul R. Lencement a expus urm\u0103toarea ipotez\u0103:<\/p>\n<p><em>\u201eDac\u0103 admitem c\u0103 \u015fi pe alte planete pot exista fiin\u0163e inteligente, este c\u00e2t se poate de firesc s\u0103 ne punem urm\u0103toarea \u00eentrebare: Aceste fiin\u0163e nu au venit deja? Nu se g\u0103sesc cumva, pe fundul oceanelor sau \u00een regiuni neexplorate \u00eenc\u0103, resturi ale unor astronave c\u0103zute acum 15 zile sau acum 15000 de ani?\u201c<\/em><\/p>\n<p>Plec\u00e2nd de la aceast\u0103 ipotez\u0103, R. Lencement adaug\u0103:<\/p>\n<p><em>\u201eAcum 300.000 de ani sau poate chiar un milion de ani, o expedi\u0163ie venit\u0103 de pe Marte a ajuns pe un P\u0103m\u00e2nt cu o popula\u0163ie aflat\u0103 la sf\u00e2r\u015fitul erei ter\u0163iare. Surprin\u015fi de condi\u0163iile fizice pe care nu le prev\u0103zuser\u0103, mar\u0163ienii au suportat cu greu o sc\u0103dere brutal\u0103 a facult\u0103\u0163ilor lor \u015fi nu au mai putut pleca de pe P\u0103m\u00e2nt (din cauza atrac\u0163iei gravita\u0163ionale, a atmosferei mai dense, a bolilor microbiene, a astronavelor lor avariate etc.). Cu toate acestea, au supravie\u0163uit (dup\u0103 o \u201eaclimatizare&#8221; lent\u0103 \u015fi o degenerare rapid\u0103)&#8221;.<\/em><\/p>\n<p>Suntem noi descenden\u0163ii acestor str\u0103mo\u015fi \u00eendep\u0103rta\u0163i? \u00cen octombrie 2013 (<a href=\"https:\/\/www.lovendal.ro\/wp52\/concluziile-socante-ale-unui-om-de-stiinta-noi-oamenii-suntem-extraterestri-am-fost-adusi-aici-pe-pamant-acum-60-000-200-000-de-ani\/\" target=\"_blank\"><strong>Concluziile \u015focante ale unui om de \u015ftiin\u0163\u0103: noi, oamenii, suntem extratere\u015ftri! Am fost adu\u015fi aici, pe P\u0103m\u00e2nt, acum 60.000-200.000 de ani!<\/strong><\/a>) scriam un articol despre cercet\u0103rile unui om de \u015ftiin\u0163\u0103 care consider\u0103 c\u0103 noi, oameni, nu suntem originari de pe aceast\u0103 planet\u0103. Citez din acel articol:<\/p>\n<blockquote><p>Autorul c\u0103r\u0163ii scoate \u00een eviden\u0163\u0103 c\u00e2teva aspecte care ne fac s\u0103 ne g\u00e2ndim c\u0103 noi nu am evoluat ini\u0163ial pe aceast\u0103 planet\u0103 de la bun \u00eenceput. \u00cen primul r\u00e2nd, noi, oamenii, nu putem s\u0103 st\u0103m foarte mult la soare, fa\u0163\u0103 de alte specii de animale. \u00cen al doilea r\u00e2nd, unele boli cronice ale rasei umane (ca bolile de spate) arat\u0103 faptul c\u0103 noi am evoluat \u00eentr-o lume \u00een care gravita\u0163ia era mai sc\u0103zut\u0103. \u00cen al treilea r\u00e2nd, trebuie s\u0103 ne g\u00e2ndim la faptul c\u0103, \u00een timpul na\u015fterilor femeilor, capul bebelu\u015filor este at\u00e2t de mare \u00eenc\u00e2t m\u0103micile vor avea \u00eentotdeauna probleme, nicio specie nativ\u0103 de pe aceast\u0103 planet\u0103 neav\u00e2nd aceast\u0103 problem\u0103. \u015ei, \u00een al patrulea r\u00e2nd, exist\u0103 223 de gene suplimentare \u00een fiin\u0163a uman\u0103, gene care n-au fost g\u0103site la nicio alt\u0103 specie (&#8230;) Toate aceste lucruri sugereaz\u0103 faptul c\u0103 omenirea a evoluat pe o alt\u0103 planet\u0103, iar noi am fi fost adu\u015fi aici de o specie extrem de dezvoltat\u0103. Unul din motive ar fi acela c\u0103 P\u0103m\u00e2ntul ar putea fi o planet\u0103-\u00eenchisoare, din moment ce suntem o specie violent\u0103, \u015fi ne vom afla aici p\u00e2n\u0103 c\u00e2nd vom \u00eenv\u0103\u0163a s\u0103 ne comport\u0103m cum trebuie.<\/p><\/blockquote>\n<p>&nbsp;<\/p>\n","protected":false},"excerpt":{"rendered":"<p>Oare noi suntem urma\u015fii extratere\u015ftrilor? Profesorul Lencement, fost director al Sec\u0163iei de Astronomie din cadrul Palatului Descoperirii (Paris) a formulat o teorie, \u00eemp\u0103rt\u0103\u015fit\u0103 \u015fi de o serie de cercet\u0103tori americani. \u00cen cadrul unei conferin\u0163e \u0163inute la Sorbona, profesorul R. Lencement &#8230; <\/p>\n<p class=\"read-more-container\"><a title=\"Un om de \u015ftiin\u0163\u0103 francez crede c\u0103 p\u0103m\u00e2ntenii sunt urma\u015fii mar\u0163ienilor care au venit pe P\u0103m\u00e2nt acum 1 milion de ani! A\u015fadar, to\u0163i suntem mar\u0163ieni!\" class=\"read-more button\" href=\"https:\/\/www.lovendal.ro\/wp52\/un-om-de-stiinta-francez-crede-ca-pamantenii-sunt-urmasii-martienilor-care-au-venit-pe-pamant-acum-1-milion-de-ani-asadar-toti-suntem-martieni\/#more-37311\" aria-label=\"Cite\u0219te mai multe despre Un om de \u015ftiin\u0163\u0103 francez crede c\u0103 p\u0103m\u00e2ntenii sunt urma\u015fii mar\u0163ienilor care au venit pe P\u0103m\u00e2nt acum 1 milion de ani! A\u015fadar, to\u0163i suntem mar\u0163ieni!\">Cititi mai multe<\/a><\/p>\n","protected":false},"author":1,"featured_media":37312,"comment_status":"open","ping_status":"open","sticky":false,"template":"","format":"standard","meta":{"footnotes":""},"categories":[2833,14],"tags":[2502,170,51,156,57,105,9796,732],"class_list":["post-37311","post","type-post","status-publish","format-standard","has-post-thumbnail","hentry","category-noutati","category-paranormal-spiritualitate","tag-atmosfera","tag-boala","tag-extraterestri","tag-marte","tag-oameni","tag-pamant","tag-paranormal-spiritualitate","tag-planeta","resize-featured-image"],"yoast_head":"<!-- This site is optimized with the Yoast SEO Premium plugin v23.3 (Yoast SEO v27.4) - https:\/\/yoast.com\/product\/yoast-seo-premium-wordpress\/ -->\n<title>Un om de \u015ftiin\u0163\u0103 francez crede c\u0103 p\u0103m\u00e2ntenii sunt urma\u015fii mar\u0163ienilor care au venit pe P\u0103m\u00e2nt acum 1 milion de ani! A\u015fadar, to\u0163i suntem mar\u0163ieni! - Secretele lui Lovendal<\/title>\n<meta name=\"robots\" content=\"index, follow, max-snippet:-1, max-image-preview:large, max-video-preview:-1\" \/>\n<link rel=\"canonical\" href=\"https:\/\/www.lovendal.ro\/wp52\/un-om-de-stiinta-francez-crede-ca-pamantenii-sunt-urmasii-martienilor-care-au-venit-pe-pamant-acum-1-milion-de-ani-asadar-toti-suntem-martieni\/\" \/>\n<meta property=\"og:locale\" content=\"ro_RO\" \/>\n<meta property=\"og:type\" content=\"article\" \/>\n<meta property=\"og:title\" content=\"Un om de \u015ftiin\u0163\u0103 francez crede c\u0103 p\u0103m\u00e2ntenii sunt urma\u015fii mar\u0163ienilor care au venit pe P\u0103m\u00e2nt acum 1 milion de ani! A\u015fadar, to\u0163i suntem mar\u0163ieni!\" \/>\n<meta property=\"og:description\" content=\"Oare noi suntem urma\u015fii extratere\u015ftrilor? Profesorul Lencement, fost director al Sec\u0163iei de Astronomie din cadrul Palatului Descoperirii (Paris) a formulat o teorie, \u00eemp\u0103rt\u0103\u015fit\u0103 \u015fi de o serie de cercet\u0103tori americani. \u00cen cadrul unei conferin\u0163e \u0163inute la Sorbona, profesorul R. Lencement ... Cititi mai multe\" \/>\n<meta property=\"og:url\" content=\"https:\/\/www.lovendal.ro\/wp52\/un-om-de-stiinta-francez-crede-ca-pamantenii-sunt-urmasii-martienilor-care-au-venit-pe-pamant-acum-1-milion-de-ani-asadar-toti-suntem-martieni\/\" \/>\n<meta property=\"og:site_name\" content=\"Secretele lui Lovendal\" \/>\n<meta property=\"article:publisher\" content=\"https:\/\/www.facebook.com\/secreteleluilovendal\" \/>\n<meta property=\"article:published_time\" content=\"2015-01-21T20:43:52+00:00\" \/>\n<meta property=\"og:image\" content=\"https:\/\/www.lovendal.ro\/wp52\/wp-content\/uploads\/2015\/01\/martieni-3.jpg\" \/>\n\t<meta property=\"og:image:width\" content=\"330\" \/>\n\t<meta property=\"og:image:height\" content=\"247\" \/>\n\t<meta property=\"og:image:type\" content=\"image\/jpeg\" \/>\n<meta name=\"author\" content=\"admin\" \/>\n<meta name=\"twitter:card\" content=\"summary_large_image\" \/>\n<meta name=\"twitter:label1\" content=\"Scris de\" \/>\n\t<meta name=\"twitter:data1\" content=\"admin\" \/>\n\t<meta name=\"twitter:label2\" content=\"Timp estimat pentru citire\" \/>\n\t<meta name=\"twitter:data2\" content=\"3 minute\" \/>\n<script type=\"application\/ld+json\" class=\"yoast-schema-graph\">{\"@context\":\"https:\\\/\\\/schema.org\",\"@graph\":[{\"@type\":\"Article\",\"@id\":\"https:\\\/\\\/www.lovendal.ro\\\/wp52\\\/un-om-de-stiinta-francez-crede-ca-pamantenii-sunt-urmasii-martienilor-care-au-venit-pe-pamant-acum-1-milion-de-ani-asadar-toti-suntem-martieni\\\/#article\",\"isPartOf\":{\"@id\":\"https:\\\/\\\/www.lovendal.ro\\\/wp52\\\/un-om-de-stiinta-francez-crede-ca-pamantenii-sunt-urmasii-martienilor-care-au-venit-pe-pamant-acum-1-milion-de-ani-asadar-toti-suntem-martieni\\\/\"},\"author\":{\"name\":\"admin\",\"@id\":\"https:\\\/\\\/www.lovendal.ro\\\/wp52\\\/#\\\/schema\\\/person\\\/088691de5dfc346bb0c023e1e52ef5d9\"},\"headline\":\"Un om de \u015ftiin\u0163\u0103 francez crede c\u0103 p\u0103m\u00e2ntenii sunt urma\u015fii mar\u0163ienilor care au venit pe P\u0103m\u00e2nt acum 1 milion de ani! A\u015fadar, to\u0163i suntem mar\u0163ieni!\",\"datePublished\":\"2015-01-21T20:43:52+00:00\",\"mainEntityOfPage\":{\"@id\":\"https:\\\/\\\/www.lovendal.ro\\\/wp52\\\/un-om-de-stiinta-francez-crede-ca-pamantenii-sunt-urmasii-martienilor-care-au-venit-pe-pamant-acum-1-milion-de-ani-asadar-toti-suntem-martieni\\\/\"},\"wordCount\":542,\"commentCount\":3,\"publisher\":{\"@id\":\"https:\\\/\\\/www.lovendal.ro\\\/wp52\\\/#organization\"},\"image\":{\"@id\":\"https:\\\/\\\/www.lovendal.ro\\\/wp52\\\/un-om-de-stiinta-francez-crede-ca-pamantenii-sunt-urmasii-martienilor-care-au-venit-pe-pamant-acum-1-milion-de-ani-asadar-toti-suntem-martieni\\\/#primaryimage\"},\"thumbnailUrl\":\"https:\\\/\\\/www.lovendal.ro\\\/wp52\\\/wp-content\\\/uploads\\\/2015\\\/01\\\/martieni-3.jpg\",\"keywords\":[\"atmosfer\u0103\",\"boal\u0103\",\"extratere\u015ftri\",\"Marte\",\"oameni\",\"P\u0103m\u00e2nt\",\"Paranormal-Spiritualitate\",\"planet\u0103\"],\"articleSection\":[\"Noutati\",\"Paranormal-Spiritualitate\"],\"inLanguage\":\"ro-RO\",\"potentialAction\":[{\"@type\":\"CommentAction\",\"name\":\"Comment\",\"target\":[\"https:\\\/\\\/www.lovendal.ro\\\/wp52\\\/un-om-de-stiinta-francez-crede-ca-pamantenii-sunt-urmasii-martienilor-care-au-venit-pe-pamant-acum-1-milion-de-ani-asadar-toti-suntem-martieni\\\/#respond\"]}]},{\"@type\":\"WebPage\",\"@id\":\"https:\\\/\\\/www.lovendal.ro\\\/wp52\\\/un-om-de-stiinta-francez-crede-ca-pamantenii-sunt-urmasii-martienilor-care-au-venit-pe-pamant-acum-1-milion-de-ani-asadar-toti-suntem-martieni\\\/\",\"url\":\"https:\\\/\\\/www.lovendal.ro\\\/wp52\\\/un-om-de-stiinta-francez-crede-ca-pamantenii-sunt-urmasii-martienilor-care-au-venit-pe-pamant-acum-1-milion-de-ani-asadar-toti-suntem-martieni\\\/\",\"name\":\"Un om de \u015ftiin\u0163\u0103 francez crede c\u0103 p\u0103m\u00e2ntenii sunt urma\u015fii mar\u0163ienilor care au venit pe P\u0103m\u00e2nt acum 1 milion de ani! A\u015fadar, to\u0163i suntem mar\u0163ieni! - Secretele lui Lovendal\",\"isPartOf\":{\"@id\":\"https:\\\/\\\/www.lovendal.ro\\\/wp52\\\/#website\"},\"primaryImageOfPage\":{\"@id\":\"https:\\\/\\\/www.lovendal.ro\\\/wp52\\\/un-om-de-stiinta-francez-crede-ca-pamantenii-sunt-urmasii-martienilor-care-au-venit-pe-pamant-acum-1-milion-de-ani-asadar-toti-suntem-martieni\\\/#primaryimage\"},\"image\":{\"@id\":\"https:\\\/\\\/www.lovendal.ro\\\/wp52\\\/un-om-de-stiinta-francez-crede-ca-pamantenii-sunt-urmasii-martienilor-care-au-venit-pe-pamant-acum-1-milion-de-ani-asadar-toti-suntem-martieni\\\/#primaryimage\"},\"thumbnailUrl\":\"https:\\\/\\\/www.lovendal.ro\\\/wp52\\\/wp-content\\\/uploads\\\/2015\\\/01\\\/martieni-3.jpg\",\"datePublished\":\"2015-01-21T20:43:52+00:00\",\"breadcrumb\":{\"@id\":\"https:\\\/\\\/www.lovendal.ro\\\/wp52\\\/un-om-de-stiinta-francez-crede-ca-pamantenii-sunt-urmasii-martienilor-care-au-venit-pe-pamant-acum-1-milion-de-ani-asadar-toti-suntem-martieni\\\/#breadcrumb\"},\"inLanguage\":\"ro-RO\",\"potentialAction\":[{\"@type\":\"ReadAction\",\"target\":[\"https:\\\/\\\/www.lovendal.ro\\\/wp52\\\/un-om-de-stiinta-francez-crede-ca-pamantenii-sunt-urmasii-martienilor-care-au-venit-pe-pamant-acum-1-milion-de-ani-asadar-toti-suntem-martieni\\\/\"]}]},{\"@type\":\"ImageObject\",\"inLanguage\":\"ro-RO\",\"@id\":\"https:\\\/\\\/www.lovendal.ro\\\/wp52\\\/un-om-de-stiinta-francez-crede-ca-pamantenii-sunt-urmasii-martienilor-care-au-venit-pe-pamant-acum-1-milion-de-ani-asadar-toti-suntem-martieni\\\/#primaryimage\",\"url\":\"https:\\\/\\\/www.lovendal.ro\\\/wp52\\\/wp-content\\\/uploads\\\/2015\\\/01\\\/martieni-3.jpg\",\"contentUrl\":\"https:\\\/\\\/www.lovendal.ro\\\/wp52\\\/wp-content\\\/uploads\\\/2015\\\/01\\\/martieni-3.jpg\",\"width\":330,\"height\":247},{\"@type\":\"BreadcrumbList\",\"@id\":\"https:\\\/\\\/www.lovendal.ro\\\/wp52\\\/un-om-de-stiinta-francez-crede-ca-pamantenii-sunt-urmasii-martienilor-care-au-venit-pe-pamant-acum-1-milion-de-ani-asadar-toti-suntem-martieni\\\/#breadcrumb\",\"itemListElement\":[{\"@type\":\"ListItem\",\"position\":1,\"name\":\"Home\",\"item\":\"https:\\\/\\\/www.lovendal.ro\\\/wp52\\\/\"},{\"@type\":\"ListItem\",\"position\":2,\"name\":\"Un om de \u015ftiin\u0163\u0103 francez crede c\u0103 p\u0103m\u00e2ntenii sunt urma\u015fii mar\u0163ienilor care au venit pe P\u0103m\u00e2nt acum 1 milion de ani! A\u015fadar, to\u0163i suntem mar\u0163ieni!\"}]},{\"@type\":\"WebSite\",\"@id\":\"https:\\\/\\\/www.lovendal.ro\\\/wp52\\\/#website\",\"url\":\"https:\\\/\\\/www.lovendal.ro\\\/wp52\\\/\",\"name\":\"Secretele lui Lovendal\",\"description\":\"Site de secrete, stiinta si metafizica - din 2008 -\",\"publisher\":{\"@id\":\"https:\\\/\\\/www.lovendal.ro\\\/wp52\\\/#organization\"},\"potentialAction\":[{\"@type\":\"SearchAction\",\"target\":{\"@type\":\"EntryPoint\",\"urlTemplate\":\"https:\\\/\\\/www.lovendal.ro\\\/wp52\\\/?s={search_term_string}\"},\"query-input\":{\"@type\":\"PropertyValueSpecification\",\"valueRequired\":true,\"valueName\":\"search_term_string\"}}],\"inLanguage\":\"ro-RO\"},{\"@type\":\"Organization\",\"@id\":\"https:\\\/\\\/www.lovendal.ro\\\/wp52\\\/#organization\",\"name\":\"Secretele lui Lovendal\",\"url\":\"https:\\\/\\\/www.lovendal.ro\\\/wp52\\\/\",\"logo\":{\"@type\":\"ImageObject\",\"inLanguage\":\"ro-RO\",\"@id\":\"https:\\\/\\\/www.lovendal.ro\\\/wp52\\\/#\\\/schema\\\/logo\\\/image\\\/\",\"url\":\"https:\\\/\\\/www.lovendal.ro\\\/wp52\\\/wp-content\\\/uploads\\\/2024\\\/06\\\/cropped-SLL-iun-2024-1.jpg\",\"contentUrl\":\"https:\\\/\\\/www.lovendal.ro\\\/wp52\\\/wp-content\\\/uploads\\\/2024\\\/06\\\/cropped-SLL-iun-2024-1.jpg\",\"width\":771,\"height\":240,\"caption\":\"Secretele lui Lovendal\"},\"image\":{\"@id\":\"https:\\\/\\\/www.lovendal.ro\\\/wp52\\\/#\\\/schema\\\/logo\\\/image\\\/\"},\"sameAs\":[\"https:\\\/\\\/www.facebook.com\\\/secreteleluilovendal\"]},{\"@type\":\"Person\",\"@id\":\"https:\\\/\\\/www.lovendal.ro\\\/wp52\\\/#\\\/schema\\\/person\\\/088691de5dfc346bb0c023e1e52ef5d9\",\"name\":\"admin\",\"image\":{\"@type\":\"ImageObject\",\"inLanguage\":\"ro-RO\",\"@id\":\"https:\\\/\\\/secure.gravatar.com\\\/avatar\\\/ecb9cd41f5f63c9c9b989999a59f6e2639a865ec361e9db054db0679a8f341c2?s=96&d=mm&r=g\",\"url\":\"https:\\\/\\\/secure.gravatar.com\\\/avatar\\\/ecb9cd41f5f63c9c9b989999a59f6e2639a865ec361e9db054db0679a8f341c2?s=96&d=mm&r=g\",\"contentUrl\":\"https:\\\/\\\/secure.gravatar.com\\\/avatar\\\/ecb9cd41f5f63c9c9b989999a59f6e2639a865ec361e9db054db0679a8f341c2?s=96&d=mm&r=g\",\"caption\":\"admin\"},\"sameAs\":[\"https:\\\/\\\/www.lovendal.ro\\\/wp52\"]}]}<\/script>\n<!-- \/ Yoast SEO Premium plugin. -->","yoast_head_json":{"title":"Un om de \u015ftiin\u0163\u0103 francez crede c\u0103 p\u0103m\u00e2ntenii sunt urma\u015fii mar\u0163ienilor care au venit pe P\u0103m\u00e2nt acum 1 milion de ani! A\u015fadar, to\u0163i suntem mar\u0163ieni! - Secretele lui Lovendal","robots":{"index":"index","follow":"follow","max-snippet":"max-snippet:-1","max-image-preview":"max-image-preview:large","max-video-preview":"max-video-preview:-1"},"canonical":"https:\/\/www.lovendal.ro\/wp52\/un-om-de-stiinta-francez-crede-ca-pamantenii-sunt-urmasii-martienilor-care-au-venit-pe-pamant-acum-1-milion-de-ani-asadar-toti-suntem-martieni\/","og_locale":"ro_RO","og_type":"article","og_title":"Un om de \u015ftiin\u0163\u0103 francez crede c\u0103 p\u0103m\u00e2ntenii sunt urma\u015fii mar\u0163ienilor care au venit pe P\u0103m\u00e2nt acum 1 milion de ani! A\u015fadar, to\u0163i suntem mar\u0163ieni!","og_description":"Oare noi suntem urma\u015fii extratere\u015ftrilor? Profesorul Lencement, fost director al Sec\u0163iei de Astronomie din cadrul Palatului Descoperirii (Paris) a formulat o teorie, \u00eemp\u0103rt\u0103\u015fit\u0103 \u015fi de o serie de cercet\u0103tori americani. \u00cen cadrul unei conferin\u0163e \u0163inute la Sorbona, profesorul R. Lencement ... Cititi mai multe","og_url":"https:\/\/www.lovendal.ro\/wp52\/un-om-de-stiinta-francez-crede-ca-pamantenii-sunt-urmasii-martienilor-care-au-venit-pe-pamant-acum-1-milion-de-ani-asadar-toti-suntem-martieni\/","og_site_name":"Secretele lui Lovendal","article_publisher":"https:\/\/www.facebook.com\/secreteleluilovendal","article_published_time":"2015-01-21T20:43:52+00:00","og_image":[{"width":330,"height":247,"url":"https:\/\/www.lovendal.ro\/wp52\/wp-content\/uploads\/2015\/01\/martieni-3.jpg","type":"image\/jpeg"}],"author":"admin","twitter_card":"summary_large_image","twitter_misc":{"Scris de":"admin","Timp estimat pentru citire":"3 minute"},"schema":{"@context":"https:\/\/schema.org","@graph":[{"@type":"Article","@id":"https:\/\/www.lovendal.ro\/wp52\/un-om-de-stiinta-francez-crede-ca-pamantenii-sunt-urmasii-martienilor-care-au-venit-pe-pamant-acum-1-milion-de-ani-asadar-toti-suntem-martieni\/#article","isPartOf":{"@id":"https:\/\/www.lovendal.ro\/wp52\/un-om-de-stiinta-francez-crede-ca-pamantenii-sunt-urmasii-martienilor-care-au-venit-pe-pamant-acum-1-milion-de-ani-asadar-toti-suntem-martieni\/"},"author":{"name":"admin","@id":"https:\/\/www.lovendal.ro\/wp52\/#\/schema\/person\/088691de5dfc346bb0c023e1e52ef5d9"},"headline":"Un om de \u015ftiin\u0163\u0103 francez crede c\u0103 p\u0103m\u00e2ntenii sunt urma\u015fii mar\u0163ienilor care au venit pe P\u0103m\u00e2nt acum 1 milion de ani! A\u015fadar, to\u0163i suntem mar\u0163ieni!","datePublished":"2015-01-21T20:43:52+00:00","mainEntityOfPage":{"@id":"https:\/\/www.lovendal.ro\/wp52\/un-om-de-stiinta-francez-crede-ca-pamantenii-sunt-urmasii-martienilor-care-au-venit-pe-pamant-acum-1-milion-de-ani-asadar-toti-suntem-martieni\/"},"wordCount":542,"commentCount":3,"publisher":{"@id":"https:\/\/www.lovendal.ro\/wp52\/#organization"},"image":{"@id":"https:\/\/www.lovendal.ro\/wp52\/un-om-de-stiinta-francez-crede-ca-pamantenii-sunt-urmasii-martienilor-care-au-venit-pe-pamant-acum-1-milion-de-ani-asadar-toti-suntem-martieni\/#primaryimage"},"thumbnailUrl":"https:\/\/www.lovendal.ro\/wp52\/wp-content\/uploads\/2015\/01\/martieni-3.jpg","keywords":["atmosfer\u0103","boal\u0103","extratere\u015ftri","Marte","oameni","P\u0103m\u00e2nt","Paranormal-Spiritualitate","planet\u0103"],"articleSection":["Noutati","Paranormal-Spiritualitate"],"inLanguage":"ro-RO","potentialAction":[{"@type":"CommentAction","name":"Comment","target":["https:\/\/www.lovendal.ro\/wp52\/un-om-de-stiinta-francez-crede-ca-pamantenii-sunt-urmasii-martienilor-care-au-venit-pe-pamant-acum-1-milion-de-ani-asadar-toti-suntem-martieni\/#respond"]}]},{"@type":"WebPage","@id":"https:\/\/www.lovendal.ro\/wp52\/un-om-de-stiinta-francez-crede-ca-pamantenii-sunt-urmasii-martienilor-care-au-venit-pe-pamant-acum-1-milion-de-ani-asadar-toti-suntem-martieni\/","url":"https:\/\/www.lovendal.ro\/wp52\/un-om-de-stiinta-francez-crede-ca-pamantenii-sunt-urmasii-martienilor-care-au-venit-pe-pamant-acum-1-milion-de-ani-asadar-toti-suntem-martieni\/","name":"Un om de \u015ftiin\u0163\u0103 francez crede c\u0103 p\u0103m\u00e2ntenii sunt urma\u015fii mar\u0163ienilor care au venit pe P\u0103m\u00e2nt acum 1 milion de ani! A\u015fadar, to\u0163i suntem mar\u0163ieni! - Secretele lui Lovendal","isPartOf":{"@id":"https:\/\/www.lovendal.ro\/wp52\/#website"},"primaryImageOfPage":{"@id":"https:\/\/www.lovendal.ro\/wp52\/un-om-de-stiinta-francez-crede-ca-pamantenii-sunt-urmasii-martienilor-care-au-venit-pe-pamant-acum-1-milion-de-ani-asadar-toti-suntem-martieni\/#primaryimage"},"image":{"@id":"https:\/\/www.lovendal.ro\/wp52\/un-om-de-stiinta-francez-crede-ca-pamantenii-sunt-urmasii-martienilor-care-au-venit-pe-pamant-acum-1-milion-de-ani-asadar-toti-suntem-martieni\/#primaryimage"},"thumbnailUrl":"https:\/\/www.lovendal.ro\/wp52\/wp-content\/uploads\/2015\/01\/martieni-3.jpg","datePublished":"2015-01-21T20:43:52+00:00","breadcrumb":{"@id":"https:\/\/www.lovendal.ro\/wp52\/un-om-de-stiinta-francez-crede-ca-pamantenii-sunt-urmasii-martienilor-care-au-venit-pe-pamant-acum-1-milion-de-ani-asadar-toti-suntem-martieni\/#breadcrumb"},"inLanguage":"ro-RO","potentialAction":[{"@type":"ReadAction","target":["https:\/\/www.lovendal.ro\/wp52\/un-om-de-stiinta-francez-crede-ca-pamantenii-sunt-urmasii-martienilor-care-au-venit-pe-pamant-acum-1-milion-de-ani-asadar-toti-suntem-martieni\/"]}]},{"@type":"ImageObject","inLanguage":"ro-RO","@id":"https:\/\/www.lovendal.ro\/wp52\/un-om-de-stiinta-francez-crede-ca-pamantenii-sunt-urmasii-martienilor-care-au-venit-pe-pamant-acum-1-milion-de-ani-asadar-toti-suntem-martieni\/#primaryimage","url":"https:\/\/www.lovendal.ro\/wp52\/wp-content\/uploads\/2015\/01\/martieni-3.jpg","contentUrl":"https:\/\/www.lovendal.ro\/wp52\/wp-content\/uploads\/2015\/01\/martieni-3.jpg","width":330,"height":247},{"@type":"BreadcrumbList","@id":"https:\/\/www.lovendal.ro\/wp52\/un-om-de-stiinta-francez-crede-ca-pamantenii-sunt-urmasii-martienilor-care-au-venit-pe-pamant-acum-1-milion-de-ani-asadar-toti-suntem-martieni\/#breadcrumb","itemListElement":[{"@type":"ListItem","position":1,"name":"Home","item":"https:\/\/www.lovendal.ro\/wp52\/"},{"@type":"ListItem","position":2,"name":"Un om de \u015ftiin\u0163\u0103 francez crede c\u0103 p\u0103m\u00e2ntenii sunt urma\u015fii mar\u0163ienilor care au venit pe P\u0103m\u00e2nt acum 1 milion de ani! A\u015fadar, to\u0163i suntem mar\u0163ieni!"}]},{"@type":"WebSite","@id":"https:\/\/www.lovendal.ro\/wp52\/#website","url":"https:\/\/www.lovendal.ro\/wp52\/","name":"Secretele lui Lovendal","description":"Site de secrete, stiinta si metafizica - din 2008 -","publisher":{"@id":"https:\/\/www.lovendal.ro\/wp52\/#organization"},"potentialAction":[{"@type":"SearchAction","target":{"@type":"EntryPoint","urlTemplate":"https:\/\/www.lovendal.ro\/wp52\/?s={search_term_string}"},"query-input":{"@type":"PropertyValueSpecification","valueRequired":true,"valueName":"search_term_string"}}],"inLanguage":"ro-RO"},{"@type":"Organization","@id":"https:\/\/www.lovendal.ro\/wp52\/#organization","name":"Secretele lui Lovendal","url":"https:\/\/www.lovendal.ro\/wp52\/","logo":{"@type":"ImageObject","inLanguage":"ro-RO","@id":"https:\/\/www.lovendal.ro\/wp52\/#\/schema\/logo\/image\/","url":"https:\/\/www.lovendal.ro\/wp52\/wp-content\/uploads\/2024\/06\/cropped-SLL-iun-2024-1.jpg","contentUrl":"https:\/\/www.lovendal.ro\/wp52\/wp-content\/uploads\/2024\/06\/cropped-SLL-iun-2024-1.jpg","width":771,"height":240,"caption":"Secretele lui Lovendal"},"image":{"@id":"https:\/\/www.lovendal.ro\/wp52\/#\/schema\/logo\/image\/"},"sameAs":["https:\/\/www.facebook.com\/secreteleluilovendal"]},{"@type":"Person","@id":"https:\/\/www.lovendal.ro\/wp52\/#\/schema\/person\/088691de5dfc346bb0c023e1e52ef5d9","name":"admin","image":{"@type":"ImageObject","inLanguage":"ro-RO","@id":"https:\/\/secure.gravatar.com\/avatar\/ecb9cd41f5f63c9c9b989999a59f6e2639a865ec361e9db054db0679a8f341c2?s=96&d=mm&r=g","url":"https:\/\/secure.gravatar.com\/avatar\/ecb9cd41f5f63c9c9b989999a59f6e2639a865ec361e9db054db0679a8f341c2?s=96&d=mm&r=g","contentUrl":"https:\/\/secure.gravatar.com\/avatar\/ecb9cd41f5f63c9c9b989999a59f6e2639a865ec361e9db054db0679a8f341c2?s=96&d=mm&r=g","caption":"admin"},"sameAs":["https:\/\/www.lovendal.ro\/wp52"]}]}},"_links":{"self":[{"href":"https:\/\/www.lovendal.ro\/wp52\/wp-json\/wp\/v2\/posts\/37311","targetHints":{"allow":["GET"]}}],"collection":[{"href":"https:\/\/www.lovendal.ro\/wp52\/wp-json\/wp\/v2\/posts"}],"about":[{"href":"https:\/\/www.lovendal.ro\/wp52\/wp-json\/wp\/v2\/types\/post"}],"author":[{"embeddable":true,"href":"https:\/\/www.lovendal.ro\/wp52\/wp-json\/wp\/v2\/users\/1"}],"replies":[{"embeddable":true,"href":"https:\/\/www.lovendal.ro\/wp52\/wp-json\/wp\/v2\/comments?post=37311"}],"version-history":[{"count":0,"href":"https:\/\/www.lovendal.ro\/wp52\/wp-json\/wp\/v2\/posts\/37311\/revisions"}],"wp:featuredmedia":[{"embeddable":true,"href":"https:\/\/www.lovendal.ro\/wp52\/wp-json\/wp\/v2\/media\/37312"}],"wp:attachment":[{"href":"https:\/\/www.lovendal.ro\/wp52\/wp-json\/wp\/v2\/media?parent=37311"}],"wp:term":[{"taxonomy":"category","embeddable":true,"href":"https:\/\/www.lovendal.ro\/wp52\/wp-json\/wp\/v2\/categories?post=37311"},{"taxonomy":"post_tag","embeddable":true,"href":"https:\/\/www.lovendal.ro\/wp52\/wp-json\/wp\/v2\/tags?post=37311"}],"curies":[{"name":"wp","href":"https:\/\/api.w.org\/{rel}","templated":true}]}}