{"id":37107,"date":"2015-01-02T10:05:17","date_gmt":"2015-01-02T08:05:17","guid":{"rendered":"http:\/\/www.lovendal.ro\/wp52\/?p=37107"},"modified":"2015-01-02T10:05:17","modified_gmt":"2015-01-02T08:05:17","slug":"forma-neobisnuita-a-galaxiei-ic-335-e-prea-aplatizata-ceea-ce-inseamna-ca-a-ramas-fara-mediu-interstelar","status":"publish","type":"post","link":"https:\/\/www.lovendal.ro\/wp52\/forma-neobisnuita-a-galaxiei-ic-335-e-prea-aplatizata-ceea-ce-inseamna-ca-a-ramas-fara-mediu-interstelar\/","title":{"rendered":"Forma neobi\u015fnuit\u0103 a galaxiei IC 335: e prea aplatizat\u0103, ceea ce \u00eenseamn\u0103 c\u0103 a r\u0103mas f\u0103r\u0103 mediu interstelar!"},"content":{"rendered":"<p><img loading=\"lazy\" decoding=\"async\" class=\"alignleft size-full wp-image-37108\" src=\"https:\/\/www.lovendal.ro\/wp52\/wp-content\/uploads\/2015\/01\/IC-335.jpg\" alt=\"IC 335\" width=\"332\" height=\"258\" srcset=\"https:\/\/www.lovendal.ro\/wp52\/wp-content\/uploads\/2015\/01\/IC-335.jpg 332w, https:\/\/www.lovendal.ro\/wp52\/wp-content\/uploads\/2015\/01\/IC-335-300x233.jpg 300w\" sizes=\"auto, (max-width: 332px) 100vw, 332px\" \/>Universul acesta ne provoac\u0103 numai surprize, odat\u0103 ce-l descoperim! Ca, de exemplu, o<span id=\"result_box\" lang=\"ro\"><span class=\"hps\"> imagine<\/span> recent\u0103 a telescopului <span class=\"hps\">Hubble<\/span> <span class=\"hps\">ne arat\u0103 o galaxie foarte bizar\u0103,\u00a0IC 335, <\/span><span class=\"hps\">cu<\/span> <span class=\"hps\">o form\u0103 plat\u0103<\/span> deloc asem\u0103n\u0103toare cu galaxia noastr\u0103, <span class=\"hps\">Calea Lactee<\/span>. <span class=\"hps\">Dar, \u00een timp ce<\/span> <span class=\"hps\">Calea Lactee<\/span> <span class=\"hps\">con\u021bine<\/span> o serie de\u00a0<span class=\"hps\">nebuloase<\/span> <span class=\"hps\">\u0219i<\/span>\u00a0<span class=\"hps\">nori de praf<\/span>, <span class=\"hps\">IC<\/span> <span class=\"hps\">335<\/span> <span class=\"hps\">pare a<\/span> nu <span class=\"hps\">avea<\/span> <span class=\"hps\">nimic din tot acest<\/span> <span class=\"hps atn\">&#8222;<\/span>mediu <span class=\"hps\">interstelar<\/span>.&#8221; <\/span><\/p>\n<p><span class=\"hps\">Aceast\u0103<\/span> <span class=\"hps\">galaxie<\/span> (IC 335) <span class=\"hps\">este membr\u0103 a<\/span> <span class=\"hps\">unui<\/span> <span class=\"hps\">grup<\/span> <span class=\"hps\">mare<\/span> <span class=\"hps\">de<\/span> <span class=\"hps\">galaxii,<\/span> <span class=\"hps\">situat \u00een<\/span> <span class=\"hps\">constela\u021bia<\/span> <span class=\"hps\">Fornax<\/span>, <span class=\"hps\">la<\/span> <span class=\"hps\">o<\/span> <span class=\"hps\">distan\u021b\u0103<\/span> <span class=\"hps\">de<\/span> <span class=\"hps\">aproximativ 60 de milioane<\/span> <span class=\"hps\">de ani-lumin\u0103<\/span> fa\u0163\u0103 <span class=\"hps\">de<\/span> <span class=\"hps\">Calea Lactee<\/span>. <span class=\"hps\">Clusterul Fornax<\/span> <span class=\"hps\">con\u021bine aproximativ<\/span> <span class=\"hps\">100 de<\/span> <span class=\"hps\">galaxii<\/span> <span class=\"hps\">\u00eentr-un<\/span> <span class=\"hps\">volum<\/span> <span class=\"hps\">de<\/span> <span class=\"hps\">spa\u021biu de<\/span> <span class=\"hps\">doar 10<\/span> <span class=\"hps atn\">milioane de ani-<\/span>lumin\u0103. <span class=\"hps\">Marea majoritate<\/span> <span class=\"hps\">a<\/span> <span class=\"hps\">galaxiilor<\/span> di<span class=\"hps\">n acest grup<\/span> au un diametru cuprins \u00eentre <span class=\"hps\">30.000<\/span> \u015fi<span class=\"hps\"> 50.000 de<\/span> <span class=\"hps\">ani-lumin\u0103<\/span>.<\/p>\n<p><span class=\"hps\">Forma<\/span> <span class=\"hps\">aplatizat\u0103<\/span> <span class=\"hps\">a<\/span> <span class=\"hps\">acestei galaxii<\/span> (IC 335) <span class=\"hps\">sugereaz\u0103<\/span> faptul <span class=\"hps\">c\u0103 ea a fost<\/span> <span class=\"hps\">odat\u0103<\/span> <span class=\"hps\">o<\/span> <span class=\"hps\">galaxie<\/span> <span class=\"hps\">spiralat\u0103,<\/span>\u00a0<span class=\"hps\">ca<\/span> \u015fi <span class=\"hps\">Calea Lactee<\/span>, <span class=\"hps\">dar,<\/span> <span class=\"hps\">\u00een timp,<\/span> <span class=\"hps\">\u00eent\u00e2lnirea<\/span> <span class=\"hps\">sa<\/span> <span class=\"hps\">cu\u00a0<\/span><span class=\"hps\">mediul<\/span> <span class=\"hps\">intergalactic<\/span> <span class=\"hps\">fierbinte<\/span> <span class=\"hps\">\u0219i<\/span>, activitatea ne\u00eencetat\u0103 de formare a stelelor, probabil c\u0103 a <span class=\"hps\">s\u0103r\u0103cit-o de<\/span> norii s\u0103i <span class=\"hps\">primordial<\/span><span class=\"hps\">i de gaz<\/span> <span class=\"hps\">\u0219i<\/span> <span class=\"hps\">praf<\/span>. <span class=\"hps\">Acum,<\/span> dup\u0103 ce toate <span class=\"hps\">acestea au<\/span> disp\u0103rut<span class=\"hps\">,<\/span> <span class=\"hps\">\u00een urm\u0103<\/span> a r\u0103mas <span class=\"hps\">doar<\/span> <span class=\"hps\">o popula\u021bie<\/span>\u00a0<span class=\"hps\">de<\/span> <span class=\"hps\">stele<\/span> <span class=\"hps\">vechi<\/span>, aflate \u00een moarte, doar c\u00e2teva mici stele put\u00e2nd fi \u00eenlocuite<span class=\"hps\">.<\/span><\/p>\n<p><span class=\"hps\">\u00centr-un<\/span> <span class=\"hps\">grup<\/span> <span class=\"hps\">dens<\/span> <span class=\"hps\">ca<\/span> clusterul de galaxii <span class=\"hps\">Fornax<\/span>, <span class=\"hps\">destinul<\/span> viitor al lui IC 335 <span class=\"hps\">va<\/span> <span class=\"hps\">implica<\/span>, probabil, canibalizarea <span class=\"hps\">de<\/span> c\u0103tre <span class=\"hps\">una<\/span> <span class=\"hps\">dintre<\/span> <span class=\"hps\">cele<\/span> <span class=\"hps\">mai mari<\/span> <span class=\"hps\">galaxii din cluster<\/span> <span class=\"hps\">sau poate<\/span> c\u0103 va fi <span class=\"hps\">scoas\u0103<\/span> definitiv <span class=\"hps\">din<\/span> <span class=\"hps\">cluster<\/span>!<span class=\"hps\"><br \/>\n<\/span><\/p>\n<p><em><strong>Sursa \u015ftirii:<\/strong> <\/em><a href=\"http:\/\/www.huffingtonpost.com\/dr-sten-odenwald\/the-not-so-curious-case-of-galaxy-ic-335_b_6395882.html\" target=\"_blank\"><strong>Huffington Post<\/strong><\/a><\/p>\n","protected":false},"excerpt":{"rendered":"<p>Universul acesta ne provoac\u0103 numai surprize, odat\u0103 ce-l descoperim! Ca, de exemplu, o imagine recent\u0103 a telescopului Hubble ne arat\u0103 o galaxie foarte bizar\u0103,\u00a0IC 335, cu o form\u0103 plat\u0103 deloc asem\u0103n\u0103toare cu galaxia noastr\u0103, Calea Lactee. Dar, \u00een timp ce &#8230; <\/p>\n<p class=\"read-more-container\"><a title=\"Forma neobi\u015fnuit\u0103 a galaxiei IC 335: e prea aplatizat\u0103, ceea ce \u00eenseamn\u0103 c\u0103 a r\u0103mas f\u0103r\u0103 mediu interstelar!\" class=\"read-more button\" href=\"https:\/\/www.lovendal.ro\/wp52\/forma-neobisnuita-a-galaxiei-ic-335-e-prea-aplatizata-ceea-ce-inseamna-ca-a-ramas-fara-mediu-interstelar\/#more-37107\" aria-label=\"Cite\u0219te mai multe despre Forma neobi\u015fnuit\u0103 a galaxiei IC 335: e prea aplatizat\u0103, ceea ce \u00eenseamn\u0103 c\u0103 a r\u0103mas f\u0103r\u0103 mediu interstelar!\">Cititi mai multe<\/a><\/p>\n","protected":false},"author":1,"featured_media":37108,"comment_status":"open","ping_status":"open","sticky":false,"template":"","format":"standard","meta":{"footnotes":""},"categories":[2833,106],"tags":[102,1405,103,433,1978,6987,733,9803,5025,1087],"class_list":["post-37107","post","type-post","status-publish","format-standard","has-post-thumbnail","hentry","category-noutati","category-stiinta","tag-astronomie","tag-calea-lactee","tag-constelatie","tag-galaxie","tag-nori","tag-praf","tag-stea","tag-stiinta","tag-telescopul-hubble","tag-univers","resize-featured-image"],"yoast_head":"<!-- This site is optimized with the Yoast SEO Premium plugin v23.3 (Yoast SEO v27.4) - https:\/\/yoast.com\/product\/yoast-seo-premium-wordpress\/ -->\n<title>Forma neobi\u015fnuit\u0103 a galaxiei IC 335: e prea aplatizat\u0103, ceea ce \u00eenseamn\u0103 c\u0103 a r\u0103mas f\u0103r\u0103 mediu interstelar! - Secretele lui Lovendal<\/title>\n<meta name=\"robots\" content=\"index, follow, max-snippet:-1, max-image-preview:large, max-video-preview:-1\" \/>\n<link rel=\"canonical\" href=\"https:\/\/www.lovendal.ro\/wp52\/forma-neobisnuita-a-galaxiei-ic-335-e-prea-aplatizata-ceea-ce-inseamna-ca-a-ramas-fara-mediu-interstelar\/\" \/>\n<meta property=\"og:locale\" content=\"ro_RO\" \/>\n<meta property=\"og:type\" content=\"article\" \/>\n<meta property=\"og:title\" content=\"Forma neobi\u015fnuit\u0103 a galaxiei IC 335: e prea aplatizat\u0103, ceea ce \u00eenseamn\u0103 c\u0103 a r\u0103mas f\u0103r\u0103 mediu interstelar!\" \/>\n<meta property=\"og:description\" content=\"Universul acesta ne provoac\u0103 numai surprize, odat\u0103 ce-l descoperim! Ca, de exemplu, o imagine recent\u0103 a telescopului Hubble ne arat\u0103 o galaxie foarte bizar\u0103,\u00a0IC 335, cu o form\u0103 plat\u0103 deloc asem\u0103n\u0103toare cu galaxia noastr\u0103, Calea Lactee. Dar, \u00een timp ce ... Cititi mai multe\" \/>\n<meta property=\"og:url\" content=\"https:\/\/www.lovendal.ro\/wp52\/forma-neobisnuita-a-galaxiei-ic-335-e-prea-aplatizata-ceea-ce-inseamna-ca-a-ramas-fara-mediu-interstelar\/\" \/>\n<meta property=\"og:site_name\" content=\"Secretele lui Lovendal\" \/>\n<meta property=\"article:publisher\" content=\"https:\/\/www.facebook.com\/secreteleluilovendal\" \/>\n<meta property=\"article:published_time\" content=\"2015-01-02T08:05:17+00:00\" \/>\n<meta property=\"og:image\" content=\"https:\/\/www.lovendal.ro\/wp52\/wp-content\/uploads\/2015\/01\/IC-335.jpg\" \/>\n\t<meta property=\"og:image:width\" content=\"332\" \/>\n\t<meta property=\"og:image:height\" content=\"258\" \/>\n\t<meta property=\"og:image:type\" content=\"image\/jpeg\" \/>\n<meta name=\"author\" content=\"admin\" \/>\n<meta name=\"twitter:card\" content=\"summary_large_image\" \/>\n<meta name=\"twitter:label1\" content=\"Scris de\" \/>\n\t<meta name=\"twitter:data1\" content=\"admin\" \/>\n\t<meta name=\"twitter:label2\" content=\"Timp estimat pentru citire\" \/>\n\t<meta name=\"twitter:data2\" content=\"1 minut\" \/>\n<script type=\"application\/ld+json\" class=\"yoast-schema-graph\">{\"@context\":\"https:\\\/\\\/schema.org\",\"@graph\":[{\"@type\":\"Article\",\"@id\":\"https:\\\/\\\/www.lovendal.ro\\\/wp52\\\/forma-neobisnuita-a-galaxiei-ic-335-e-prea-aplatizata-ceea-ce-inseamna-ca-a-ramas-fara-mediu-interstelar\\\/#article\",\"isPartOf\":{\"@id\":\"https:\\\/\\\/www.lovendal.ro\\\/wp52\\\/forma-neobisnuita-a-galaxiei-ic-335-e-prea-aplatizata-ceea-ce-inseamna-ca-a-ramas-fara-mediu-interstelar\\\/\"},\"author\":{\"name\":\"admin\",\"@id\":\"https:\\\/\\\/www.lovendal.ro\\\/wp52\\\/#\\\/schema\\\/person\\\/088691de5dfc346bb0c023e1e52ef5d9\"},\"headline\":\"Forma neobi\u015fnuit\u0103 a galaxiei IC 335: e prea aplatizat\u0103, ceea ce \u00eenseamn\u0103 c\u0103 a r\u0103mas f\u0103r\u0103 mediu interstelar!\",\"datePublished\":\"2015-01-02T08:05:17+00:00\",\"mainEntityOfPage\":{\"@id\":\"https:\\\/\\\/www.lovendal.ro\\\/wp52\\\/forma-neobisnuita-a-galaxiei-ic-335-e-prea-aplatizata-ceea-ce-inseamna-ca-a-ramas-fara-mediu-interstelar\\\/\"},\"wordCount\":273,\"commentCount\":4,\"publisher\":{\"@id\":\"https:\\\/\\\/www.lovendal.ro\\\/wp52\\\/#organization\"},\"image\":{\"@id\":\"https:\\\/\\\/www.lovendal.ro\\\/wp52\\\/forma-neobisnuita-a-galaxiei-ic-335-e-prea-aplatizata-ceea-ce-inseamna-ca-a-ramas-fara-mediu-interstelar\\\/#primaryimage\"},\"thumbnailUrl\":\"https:\\\/\\\/www.lovendal.ro\\\/wp52\\\/wp-content\\\/uploads\\\/2015\\\/01\\\/IC-335.jpg\",\"keywords\":[\"astronomie\",\"Calea Lactee\",\"constela\u0163ie\",\"galaxie\",\"nori\",\"praf\",\"stea\",\"Stiinta\",\"telescopul Hubble\",\"Univers\"],\"articleSection\":[\"Noutati\",\"Stiinta\"],\"inLanguage\":\"ro-RO\",\"potentialAction\":[{\"@type\":\"CommentAction\",\"name\":\"Comment\",\"target\":[\"https:\\\/\\\/www.lovendal.ro\\\/wp52\\\/forma-neobisnuita-a-galaxiei-ic-335-e-prea-aplatizata-ceea-ce-inseamna-ca-a-ramas-fara-mediu-interstelar\\\/#respond\"]}]},{\"@type\":\"WebPage\",\"@id\":\"https:\\\/\\\/www.lovendal.ro\\\/wp52\\\/forma-neobisnuita-a-galaxiei-ic-335-e-prea-aplatizata-ceea-ce-inseamna-ca-a-ramas-fara-mediu-interstelar\\\/\",\"url\":\"https:\\\/\\\/www.lovendal.ro\\\/wp52\\\/forma-neobisnuita-a-galaxiei-ic-335-e-prea-aplatizata-ceea-ce-inseamna-ca-a-ramas-fara-mediu-interstelar\\\/\",\"name\":\"Forma neobi\u015fnuit\u0103 a galaxiei IC 335: e prea aplatizat\u0103, ceea ce \u00eenseamn\u0103 c\u0103 a r\u0103mas f\u0103r\u0103 mediu interstelar! - Secretele lui Lovendal\",\"isPartOf\":{\"@id\":\"https:\\\/\\\/www.lovendal.ro\\\/wp52\\\/#website\"},\"primaryImageOfPage\":{\"@id\":\"https:\\\/\\\/www.lovendal.ro\\\/wp52\\\/forma-neobisnuita-a-galaxiei-ic-335-e-prea-aplatizata-ceea-ce-inseamna-ca-a-ramas-fara-mediu-interstelar\\\/#primaryimage\"},\"image\":{\"@id\":\"https:\\\/\\\/www.lovendal.ro\\\/wp52\\\/forma-neobisnuita-a-galaxiei-ic-335-e-prea-aplatizata-ceea-ce-inseamna-ca-a-ramas-fara-mediu-interstelar\\\/#primaryimage\"},\"thumbnailUrl\":\"https:\\\/\\\/www.lovendal.ro\\\/wp52\\\/wp-content\\\/uploads\\\/2015\\\/01\\\/IC-335.jpg\",\"datePublished\":\"2015-01-02T08:05:17+00:00\",\"breadcrumb\":{\"@id\":\"https:\\\/\\\/www.lovendal.ro\\\/wp52\\\/forma-neobisnuita-a-galaxiei-ic-335-e-prea-aplatizata-ceea-ce-inseamna-ca-a-ramas-fara-mediu-interstelar\\\/#breadcrumb\"},\"inLanguage\":\"ro-RO\",\"potentialAction\":[{\"@type\":\"ReadAction\",\"target\":[\"https:\\\/\\\/www.lovendal.ro\\\/wp52\\\/forma-neobisnuita-a-galaxiei-ic-335-e-prea-aplatizata-ceea-ce-inseamna-ca-a-ramas-fara-mediu-interstelar\\\/\"]}]},{\"@type\":\"ImageObject\",\"inLanguage\":\"ro-RO\",\"@id\":\"https:\\\/\\\/www.lovendal.ro\\\/wp52\\\/forma-neobisnuita-a-galaxiei-ic-335-e-prea-aplatizata-ceea-ce-inseamna-ca-a-ramas-fara-mediu-interstelar\\\/#primaryimage\",\"url\":\"https:\\\/\\\/www.lovendal.ro\\\/wp52\\\/wp-content\\\/uploads\\\/2015\\\/01\\\/IC-335.jpg\",\"contentUrl\":\"https:\\\/\\\/www.lovendal.ro\\\/wp52\\\/wp-content\\\/uploads\\\/2015\\\/01\\\/IC-335.jpg\",\"width\":332,\"height\":258},{\"@type\":\"BreadcrumbList\",\"@id\":\"https:\\\/\\\/www.lovendal.ro\\\/wp52\\\/forma-neobisnuita-a-galaxiei-ic-335-e-prea-aplatizata-ceea-ce-inseamna-ca-a-ramas-fara-mediu-interstelar\\\/#breadcrumb\",\"itemListElement\":[{\"@type\":\"ListItem\",\"position\":1,\"name\":\"Home\",\"item\":\"https:\\\/\\\/www.lovendal.ro\\\/wp52\\\/\"},{\"@type\":\"ListItem\",\"position\":2,\"name\":\"Forma neobi\u015fnuit\u0103 a galaxiei IC 335: e prea aplatizat\u0103, ceea ce \u00eenseamn\u0103 c\u0103 a r\u0103mas f\u0103r\u0103 mediu interstelar!\"}]},{\"@type\":\"WebSite\",\"@id\":\"https:\\\/\\\/www.lovendal.ro\\\/wp52\\\/#website\",\"url\":\"https:\\\/\\\/www.lovendal.ro\\\/wp52\\\/\",\"name\":\"Secretele lui Lovendal\",\"description\":\"Site de secrete, stiinta si metafizica - din 2008 -\",\"publisher\":{\"@id\":\"https:\\\/\\\/www.lovendal.ro\\\/wp52\\\/#organization\"},\"potentialAction\":[{\"@type\":\"SearchAction\",\"target\":{\"@type\":\"EntryPoint\",\"urlTemplate\":\"https:\\\/\\\/www.lovendal.ro\\\/wp52\\\/?s={search_term_string}\"},\"query-input\":{\"@type\":\"PropertyValueSpecification\",\"valueRequired\":true,\"valueName\":\"search_term_string\"}}],\"inLanguage\":\"ro-RO\"},{\"@type\":\"Organization\",\"@id\":\"https:\\\/\\\/www.lovendal.ro\\\/wp52\\\/#organization\",\"name\":\"Secretele lui Lovendal\",\"url\":\"https:\\\/\\\/www.lovendal.ro\\\/wp52\\\/\",\"logo\":{\"@type\":\"ImageObject\",\"inLanguage\":\"ro-RO\",\"@id\":\"https:\\\/\\\/www.lovendal.ro\\\/wp52\\\/#\\\/schema\\\/logo\\\/image\\\/\",\"url\":\"https:\\\/\\\/www.lovendal.ro\\\/wp52\\\/wp-content\\\/uploads\\\/2024\\\/06\\\/cropped-SLL-iun-2024-1.jpg\",\"contentUrl\":\"https:\\\/\\\/www.lovendal.ro\\\/wp52\\\/wp-content\\\/uploads\\\/2024\\\/06\\\/cropped-SLL-iun-2024-1.jpg\",\"width\":771,\"height\":240,\"caption\":\"Secretele lui Lovendal\"},\"image\":{\"@id\":\"https:\\\/\\\/www.lovendal.ro\\\/wp52\\\/#\\\/schema\\\/logo\\\/image\\\/\"},\"sameAs\":[\"https:\\\/\\\/www.facebook.com\\\/secreteleluilovendal\"]},{\"@type\":\"Person\",\"@id\":\"https:\\\/\\\/www.lovendal.ro\\\/wp52\\\/#\\\/schema\\\/person\\\/088691de5dfc346bb0c023e1e52ef5d9\",\"name\":\"admin\",\"image\":{\"@type\":\"ImageObject\",\"inLanguage\":\"ro-RO\",\"@id\":\"https:\\\/\\\/secure.gravatar.com\\\/avatar\\\/ecb9cd41f5f63c9c9b989999a59f6e2639a865ec361e9db054db0679a8f341c2?s=96&d=mm&r=g\",\"url\":\"https:\\\/\\\/secure.gravatar.com\\\/avatar\\\/ecb9cd41f5f63c9c9b989999a59f6e2639a865ec361e9db054db0679a8f341c2?s=96&d=mm&r=g\",\"contentUrl\":\"https:\\\/\\\/secure.gravatar.com\\\/avatar\\\/ecb9cd41f5f63c9c9b989999a59f6e2639a865ec361e9db054db0679a8f341c2?s=96&d=mm&r=g\",\"caption\":\"admin\"},\"sameAs\":[\"https:\\\/\\\/www.lovendal.ro\\\/wp52\"]}]}<\/script>\n<!-- \/ Yoast SEO Premium plugin. -->","yoast_head_json":{"title":"Forma neobi\u015fnuit\u0103 a galaxiei IC 335: e prea aplatizat\u0103, ceea ce \u00eenseamn\u0103 c\u0103 a r\u0103mas f\u0103r\u0103 mediu interstelar! - Secretele lui Lovendal","robots":{"index":"index","follow":"follow","max-snippet":"max-snippet:-1","max-image-preview":"max-image-preview:large","max-video-preview":"max-video-preview:-1"},"canonical":"https:\/\/www.lovendal.ro\/wp52\/forma-neobisnuita-a-galaxiei-ic-335-e-prea-aplatizata-ceea-ce-inseamna-ca-a-ramas-fara-mediu-interstelar\/","og_locale":"ro_RO","og_type":"article","og_title":"Forma neobi\u015fnuit\u0103 a galaxiei IC 335: e prea aplatizat\u0103, ceea ce \u00eenseamn\u0103 c\u0103 a r\u0103mas f\u0103r\u0103 mediu interstelar!","og_description":"Universul acesta ne provoac\u0103 numai surprize, odat\u0103 ce-l descoperim! Ca, de exemplu, o imagine recent\u0103 a telescopului Hubble ne arat\u0103 o galaxie foarte bizar\u0103,\u00a0IC 335, cu o form\u0103 plat\u0103 deloc asem\u0103n\u0103toare cu galaxia noastr\u0103, Calea Lactee. Dar, \u00een timp ce ... Cititi mai multe","og_url":"https:\/\/www.lovendal.ro\/wp52\/forma-neobisnuita-a-galaxiei-ic-335-e-prea-aplatizata-ceea-ce-inseamna-ca-a-ramas-fara-mediu-interstelar\/","og_site_name":"Secretele lui Lovendal","article_publisher":"https:\/\/www.facebook.com\/secreteleluilovendal","article_published_time":"2015-01-02T08:05:17+00:00","og_image":[{"width":332,"height":258,"url":"https:\/\/www.lovendal.ro\/wp52\/wp-content\/uploads\/2015\/01\/IC-335.jpg","type":"image\/jpeg"}],"author":"admin","twitter_card":"summary_large_image","twitter_misc":{"Scris de":"admin","Timp estimat pentru citire":"1 minut"},"schema":{"@context":"https:\/\/schema.org","@graph":[{"@type":"Article","@id":"https:\/\/www.lovendal.ro\/wp52\/forma-neobisnuita-a-galaxiei-ic-335-e-prea-aplatizata-ceea-ce-inseamna-ca-a-ramas-fara-mediu-interstelar\/#article","isPartOf":{"@id":"https:\/\/www.lovendal.ro\/wp52\/forma-neobisnuita-a-galaxiei-ic-335-e-prea-aplatizata-ceea-ce-inseamna-ca-a-ramas-fara-mediu-interstelar\/"},"author":{"name":"admin","@id":"https:\/\/www.lovendal.ro\/wp52\/#\/schema\/person\/088691de5dfc346bb0c023e1e52ef5d9"},"headline":"Forma neobi\u015fnuit\u0103 a galaxiei IC 335: e prea aplatizat\u0103, ceea ce \u00eenseamn\u0103 c\u0103 a r\u0103mas f\u0103r\u0103 mediu interstelar!","datePublished":"2015-01-02T08:05:17+00:00","mainEntityOfPage":{"@id":"https:\/\/www.lovendal.ro\/wp52\/forma-neobisnuita-a-galaxiei-ic-335-e-prea-aplatizata-ceea-ce-inseamna-ca-a-ramas-fara-mediu-interstelar\/"},"wordCount":273,"commentCount":4,"publisher":{"@id":"https:\/\/www.lovendal.ro\/wp52\/#organization"},"image":{"@id":"https:\/\/www.lovendal.ro\/wp52\/forma-neobisnuita-a-galaxiei-ic-335-e-prea-aplatizata-ceea-ce-inseamna-ca-a-ramas-fara-mediu-interstelar\/#primaryimage"},"thumbnailUrl":"https:\/\/www.lovendal.ro\/wp52\/wp-content\/uploads\/2015\/01\/IC-335.jpg","keywords":["astronomie","Calea Lactee","constela\u0163ie","galaxie","nori","praf","stea","Stiinta","telescopul Hubble","Univers"],"articleSection":["Noutati","Stiinta"],"inLanguage":"ro-RO","potentialAction":[{"@type":"CommentAction","name":"Comment","target":["https:\/\/www.lovendal.ro\/wp52\/forma-neobisnuita-a-galaxiei-ic-335-e-prea-aplatizata-ceea-ce-inseamna-ca-a-ramas-fara-mediu-interstelar\/#respond"]}]},{"@type":"WebPage","@id":"https:\/\/www.lovendal.ro\/wp52\/forma-neobisnuita-a-galaxiei-ic-335-e-prea-aplatizata-ceea-ce-inseamna-ca-a-ramas-fara-mediu-interstelar\/","url":"https:\/\/www.lovendal.ro\/wp52\/forma-neobisnuita-a-galaxiei-ic-335-e-prea-aplatizata-ceea-ce-inseamna-ca-a-ramas-fara-mediu-interstelar\/","name":"Forma neobi\u015fnuit\u0103 a galaxiei IC 335: e prea aplatizat\u0103, ceea ce \u00eenseamn\u0103 c\u0103 a r\u0103mas f\u0103r\u0103 mediu interstelar! - Secretele lui Lovendal","isPartOf":{"@id":"https:\/\/www.lovendal.ro\/wp52\/#website"},"primaryImageOfPage":{"@id":"https:\/\/www.lovendal.ro\/wp52\/forma-neobisnuita-a-galaxiei-ic-335-e-prea-aplatizata-ceea-ce-inseamna-ca-a-ramas-fara-mediu-interstelar\/#primaryimage"},"image":{"@id":"https:\/\/www.lovendal.ro\/wp52\/forma-neobisnuita-a-galaxiei-ic-335-e-prea-aplatizata-ceea-ce-inseamna-ca-a-ramas-fara-mediu-interstelar\/#primaryimage"},"thumbnailUrl":"https:\/\/www.lovendal.ro\/wp52\/wp-content\/uploads\/2015\/01\/IC-335.jpg","datePublished":"2015-01-02T08:05:17+00:00","breadcrumb":{"@id":"https:\/\/www.lovendal.ro\/wp52\/forma-neobisnuita-a-galaxiei-ic-335-e-prea-aplatizata-ceea-ce-inseamna-ca-a-ramas-fara-mediu-interstelar\/#breadcrumb"},"inLanguage":"ro-RO","potentialAction":[{"@type":"ReadAction","target":["https:\/\/www.lovendal.ro\/wp52\/forma-neobisnuita-a-galaxiei-ic-335-e-prea-aplatizata-ceea-ce-inseamna-ca-a-ramas-fara-mediu-interstelar\/"]}]},{"@type":"ImageObject","inLanguage":"ro-RO","@id":"https:\/\/www.lovendal.ro\/wp52\/forma-neobisnuita-a-galaxiei-ic-335-e-prea-aplatizata-ceea-ce-inseamna-ca-a-ramas-fara-mediu-interstelar\/#primaryimage","url":"https:\/\/www.lovendal.ro\/wp52\/wp-content\/uploads\/2015\/01\/IC-335.jpg","contentUrl":"https:\/\/www.lovendal.ro\/wp52\/wp-content\/uploads\/2015\/01\/IC-335.jpg","width":332,"height":258},{"@type":"BreadcrumbList","@id":"https:\/\/www.lovendal.ro\/wp52\/forma-neobisnuita-a-galaxiei-ic-335-e-prea-aplatizata-ceea-ce-inseamna-ca-a-ramas-fara-mediu-interstelar\/#breadcrumb","itemListElement":[{"@type":"ListItem","position":1,"name":"Home","item":"https:\/\/www.lovendal.ro\/wp52\/"},{"@type":"ListItem","position":2,"name":"Forma neobi\u015fnuit\u0103 a galaxiei IC 335: e prea aplatizat\u0103, ceea ce \u00eenseamn\u0103 c\u0103 a r\u0103mas f\u0103r\u0103 mediu interstelar!"}]},{"@type":"WebSite","@id":"https:\/\/www.lovendal.ro\/wp52\/#website","url":"https:\/\/www.lovendal.ro\/wp52\/","name":"Secretele lui Lovendal","description":"Site de secrete, stiinta si metafizica - din 2008 -","publisher":{"@id":"https:\/\/www.lovendal.ro\/wp52\/#organization"},"potentialAction":[{"@type":"SearchAction","target":{"@type":"EntryPoint","urlTemplate":"https:\/\/www.lovendal.ro\/wp52\/?s={search_term_string}"},"query-input":{"@type":"PropertyValueSpecification","valueRequired":true,"valueName":"search_term_string"}}],"inLanguage":"ro-RO"},{"@type":"Organization","@id":"https:\/\/www.lovendal.ro\/wp52\/#organization","name":"Secretele lui Lovendal","url":"https:\/\/www.lovendal.ro\/wp52\/","logo":{"@type":"ImageObject","inLanguage":"ro-RO","@id":"https:\/\/www.lovendal.ro\/wp52\/#\/schema\/logo\/image\/","url":"https:\/\/www.lovendal.ro\/wp52\/wp-content\/uploads\/2024\/06\/cropped-SLL-iun-2024-1.jpg","contentUrl":"https:\/\/www.lovendal.ro\/wp52\/wp-content\/uploads\/2024\/06\/cropped-SLL-iun-2024-1.jpg","width":771,"height":240,"caption":"Secretele lui Lovendal"},"image":{"@id":"https:\/\/www.lovendal.ro\/wp52\/#\/schema\/logo\/image\/"},"sameAs":["https:\/\/www.facebook.com\/secreteleluilovendal"]},{"@type":"Person","@id":"https:\/\/www.lovendal.ro\/wp52\/#\/schema\/person\/088691de5dfc346bb0c023e1e52ef5d9","name":"admin","image":{"@type":"ImageObject","inLanguage":"ro-RO","@id":"https:\/\/secure.gravatar.com\/avatar\/ecb9cd41f5f63c9c9b989999a59f6e2639a865ec361e9db054db0679a8f341c2?s=96&d=mm&r=g","url":"https:\/\/secure.gravatar.com\/avatar\/ecb9cd41f5f63c9c9b989999a59f6e2639a865ec361e9db054db0679a8f341c2?s=96&d=mm&r=g","contentUrl":"https:\/\/secure.gravatar.com\/avatar\/ecb9cd41f5f63c9c9b989999a59f6e2639a865ec361e9db054db0679a8f341c2?s=96&d=mm&r=g","caption":"admin"},"sameAs":["https:\/\/www.lovendal.ro\/wp52"]}]}},"_links":{"self":[{"href":"https:\/\/www.lovendal.ro\/wp52\/wp-json\/wp\/v2\/posts\/37107","targetHints":{"allow":["GET"]}}],"collection":[{"href":"https:\/\/www.lovendal.ro\/wp52\/wp-json\/wp\/v2\/posts"}],"about":[{"href":"https:\/\/www.lovendal.ro\/wp52\/wp-json\/wp\/v2\/types\/post"}],"author":[{"embeddable":true,"href":"https:\/\/www.lovendal.ro\/wp52\/wp-json\/wp\/v2\/users\/1"}],"replies":[{"embeddable":true,"href":"https:\/\/www.lovendal.ro\/wp52\/wp-json\/wp\/v2\/comments?post=37107"}],"version-history":[{"count":0,"href":"https:\/\/www.lovendal.ro\/wp52\/wp-json\/wp\/v2\/posts\/37107\/revisions"}],"wp:featuredmedia":[{"embeddable":true,"href":"https:\/\/www.lovendal.ro\/wp52\/wp-json\/wp\/v2\/media\/37108"}],"wp:attachment":[{"href":"https:\/\/www.lovendal.ro\/wp52\/wp-json\/wp\/v2\/media?parent=37107"}],"wp:term":[{"taxonomy":"category","embeddable":true,"href":"https:\/\/www.lovendal.ro\/wp52\/wp-json\/wp\/v2\/categories?post=37107"},{"taxonomy":"post_tag","embeddable":true,"href":"https:\/\/www.lovendal.ro\/wp52\/wp-json\/wp\/v2\/tags?post=37107"}],"curies":[{"name":"wp","href":"https:\/\/api.w.org\/{rel}","templated":true}]}}