{"id":36916,"date":"2014-12-19T23:28:40","date_gmt":"2014-12-19T21:28:40","guid":{"rendered":"http:\/\/www.lovendal.ro\/wp52\/?p=36916"},"modified":"2021-06-24T18:40:28","modified_gmt":"2021-06-24T15:40:28","slug":"n-am-mai-vazut-vreodata-vreo-poza-mai-misterioasa-si-mai-infioratoare-fotografia-familiei-cooper","status":"publish","type":"post","link":"https:\/\/www.lovendal.ro\/wp52\/n-am-mai-vazut-vreodata-vreo-poza-mai-misterioasa-si-mai-infioratoare-fotografia-familiei-cooper\/","title":{"rendered":"N-am mai v\u0103zut vreodat\u0103 \u00een via\u0163a mea o poz\u0103 mai misterioas\u0103 \u015fi mai \u00eenfior\u0103toare: fotografia familiei Cooper! Ce naiba at\u00e2rn\u0103 de tavan!?"},"content":{"rendered":"<p><a href=\"https:\/\/www.lovendal.ro\/wp52\/wp-content\/uploads\/2014\/12\/cadavru-atarnand-din-tavan-2.jpg\"><img loading=\"lazy\" decoding=\"async\" class=\"alignleft size-full wp-image-74168\" src=\"https:\/\/www.lovendal.ro\/wp52\/wp-content\/uploads\/2014\/12\/cadavru-atarnand-din-tavan-2.jpg\" alt=\"\" width=\"350\" height=\"203\" srcset=\"https:\/\/www.lovendal.ro\/wp52\/wp-content\/uploads\/2014\/12\/cadavru-atarnand-din-tavan-2.jpg 350w, https:\/\/www.lovendal.ro\/wp52\/wp-content\/uploads\/2014\/12\/cadavru-atarnand-din-tavan-2-300x174.jpg 300w\" sizes=\"auto, (max-width: 350px) 100vw, 350px\" \/><\/a>Una dintre cele mai misterioase \u015fi mai \u00eenfior\u0103toare poze pe care am v\u0103zut-o vreodat\u0103 este poza familiei Cooper, \u00een care, pe l\u00e2ng\u0103 cele dou\u0103 femei \u015fi doi copii, \u00een fundal se poate vedea o &#8222;fantom\u0103 a unui cadavru&#8221;, care pare c\u0103 at\u00e2rn\u0103 de tavan, cu capul \u015fi m\u00e2inile \u00een jos. Fotografia a fost realizat\u0103 acum 50 de ani \u015fi, de\u015fi mul\u0163i au \u00eencercat o explica\u0163ie, nu s-a reu\u015fit niciuna p\u00e2n\u0103 \u00een prezent.<\/p>\n<p><span id=\"result_box\" lang=\"ro\"><span class=\"hps\">Povestea<\/span> <span class=\"hps\">din spatele<\/span> acestei poze este una <span class=\"hps\">simpl\u0103,<\/span> <span class=\"hps\">de\u0219i<\/span> <span class=\"hps\">variaz\u0103 \u00een func\u021bie de<\/span> <span class=\"hps\">surs\u0103.<\/span> <span class=\"hps\">Se pare c\u0103<\/span> <span class=\"hps\">familia<\/span> <span class=\"hps\">Cooper<\/span> <span class=\"hps\">s-a mutat<\/span> <span class=\"hps\">\u00eentr-o<\/span> <span class=\"hps\">cas\u0103 nou\u0103<\/span> <span class=\"hps\">\u0219i<\/span> <span class=\"hps\">a dorit s\u0103 fac\u0103 o poz\u0103 de s\u0103rb\u0103tori. De aici \u00eencep dou\u0103 variante ale fotografiei. Prima variant\u0103 ar fi aceea c\u0103 acest cadavru ag\u0103\u0163at de tavan a ap\u0103rut pe poz\u0103 doar dup\u0103 ce filmul a <\/span>fost developat, ceea ce a f\u0103cut ca familia Cooper <span class=\"hps\">s\u0103 se mute<\/span> <span class=\"hps\">imediat<\/span> <span class=\"hps\">din<\/span> <span class=\"hps\">noua lor<\/span> <span class=\"hps\">cas\u0103<\/span>. O a doua variant\u0103 ar fi aceea c\u0103 acolo se afla chiar un cadavru care a c\u0103zut \u00een momentul fotografiei, <span class=\"hps\">familia<\/span> <span class=\"hps\">Cooper<\/span> <span class=\"hps\">reac\u021bion\u00e2nd<\/span> <span class=\"hps\">numai<\/span> <span class=\"hps\">imediat<\/span> <span class=\"hps\">dup\u0103 ce<\/span> <span class=\"hps\">fotografia<\/span> a fost f\u0103cut\u0103; evident, cei din familia Cooper, \u015fi \u00een acest caz, s-au mutat din cas\u0103. <\/span><\/p>\n<p>Analiz\u00e2nd pu\u0163in aceast\u0103 poz\u0103, putem trage urm\u0103toarele concluzii. <span id=\"result_box\" lang=\"ro\"><span class=\"hps\">\u00cen primul r\u00e2nd<\/span>, <span class=\"hps\">umbrele<\/span>. Cadavrul pare s\u0103 aib\u0103 o umbr\u0103 clar\u0103, ceea ce arat\u0103 c\u0103 este <span class=\"hps\">un<\/span> <span class=\"hps\">obiect<\/span> <span class=\"hps\">care<\/span> <span class=\"hps\">nu permite<\/span> <span class=\"hps\">luminii s\u0103 treac\u0103<\/span> <span class=\"hps\">prin el<\/span>. <span class=\"hps\">M<\/span>embrii <span class=\"hps\">familiei<\/span> <span class=\"hps\">din imagine<\/span> <span class=\"hps\">au<\/span> \u015fi ei <span class=\"hps\">umbre<\/span> <span class=\"hps\">\u00een spatele lor<\/span>, de la <span class=\"hps\">sursa de<\/span> <span class=\"hps\">lumin\u0103<\/span> <span class=\"hps\">emis\u0103 de<\/span> <span class=\"hps\">aparatul de fotografiat, av\u00e2nd o<\/span><span class=\"hps\"> direc\u021bie<\/span> <span class=\"hps\">similar\u0103 cu<\/span> umbra<span class=\"hps\"> corpului<\/span> <span class=\"hps\">ag\u0103\u021bat<\/span>. \u00cen plus, acest cadavru pare luminat \u015fi de lum\u00e2n\u0103rile din fa\u0163a sa.<\/span><\/p>\n<p>\u00cen al doilea r\u00e2nd, privi\u0163i m\u00e2na st\u00e2ng\u0103 a cadavrului&#8230; aceasta pare a fi pu\u0163in blurat\u0103, ca \u015fi cum ar fi o mi\u015fcare rapid\u0103 sau poate c\u0103 <span id=\"result_box\" lang=\"ro\"><span class=\"hps\">aceast\u0103 fotografie<\/span> <span class=\"hps\">a fost modificat\u0103<\/span>.<\/span><\/p>\n<p><span id=\"result_box\" lang=\"ro\"><span class=\"hps\">\u00cen al treilea r\u00e2nd, ciudat e faptul c\u0103\u00a0<\/span><span class=\"hps\">fa\u0163a cadavrului<\/span> pare <span class=\"hps\">a fi<\/span> <span class=\"hps\">complet<\/span> <span class=\"hps\">neagr\u0103; ori e<\/span> <span class=\"hps\">ceva<\/span> <span class=\"hps\">paranormal, ori exist\u0103<\/span> o<span class=\"hps\"> lips\u0103<\/span> a <span class=\"hps\">luminii<\/span> <span class=\"hps\">\u00een aceast\u0103 direc\u021bie<\/span>.<\/span><\/p>\n<p><span class=\"hps\">Unii spun<\/span> c\u0103 <span class=\"hps\">fotografia<\/span> <span class=\"hps\">ar fi putut fi<\/span> <span class=\"hps\">modificat\u0103<\/span> <span class=\"hps\">printr-o tehnic\u0103<\/span> <span class=\"hps\">veche<\/span> <span class=\"hps\">cunoscut\u0103 sub numele de<\/span> <span class=\"hps atn\">&#8222;<\/span>dubla <span class=\"hps\">expunere&#8221;,<\/span> <span class=\"hps\">dar<\/span> <span class=\"hps\">dubla<\/span> <span class=\"hps\">expunere<\/span>, de obicei, <span class=\"hps\">face ca<\/span> <span class=\"hps\">lumina<\/span> s\u0103 <span class=\"hps\">treac\u0103 prin<\/span> <span class=\"hps\">obiecte, dar nu \u015fi \u00een cazul acesta.<\/span> \u00cen concluzie, <span class=\"hps\">fotografia<\/span> nu <span class=\"hps\">prezint\u0103<\/span> <span class=\"hps\">multe dovezi<\/span> c\u0103 ar fi fost m<span class=\"hps\">odificat\u0103<\/span>.<span id=\"result_box\" lang=\"ro\"><\/span><\/p>\n<p>A\u015fadar, fie c\u0103 aceast\u0103 imagine este una paranormal\u0103, fie c\u0103 cineva a vrut s\u0103 fac\u0103 o glum\u0103, at\u00e2rn\u00e2nd un fel de trup de tavan&#8230;<span id=\"result_box\" lang=\"ro\"> <span class=\"hps\">Ce <\/span><span class=\"hps\">adev\u0103r crede\u0163i c\u0103<\/span> <span class=\"hps\">se afl\u0103 \u00een spatele<\/span> <span class=\"hps\">acestei<\/span> <span class=\"hps\">fotografii<\/span> <span class=\"hps\">misterioase<\/span>?<\/span><\/p>\n","protected":false},"excerpt":{"rendered":"<p>Una dintre cele mai misterioase \u015fi mai \u00eenfior\u0103toare poze pe care am v\u0103zut-o vreodat\u0103 este poza familiei Cooper, \u00een care, pe l\u00e2ng\u0103 cele dou\u0103 femei \u015fi doi copii, \u00een fundal se poate vedea o &#8222;fantom\u0103 a unui cadavru&#8221;, care pare &#8230; <\/p>\n<p class=\"read-more-container\"><a title=\"N-am mai v\u0103zut vreodat\u0103 \u00een via\u0163a mea o poz\u0103 mai misterioas\u0103 \u015fi mai \u00eenfior\u0103toare: fotografia familiei Cooper! Ce naiba at\u00e2rn\u0103 de tavan!?\" class=\"read-more button\" href=\"https:\/\/www.lovendal.ro\/wp52\/n-am-mai-vazut-vreodata-vreo-poza-mai-misterioasa-si-mai-infioratoare-fotografia-familiei-cooper\/#more-36916\" aria-label=\"Cite\u0219te mai multe despre N-am mai v\u0103zut vreodat\u0103 \u00een via\u0163a mea o poz\u0103 mai misterioas\u0103 \u015fi mai \u00eenfior\u0103toare: fotografia familiei Cooper! Ce naiba at\u00e2rn\u0103 de tavan!?\">Cititi mai multe<\/a><\/p>\n","protected":false},"author":1,"featured_media":74168,"comment_status":"open","ping_status":"open","sticky":false,"template":"","format":"standard","meta":{"footnotes":""},"categories":[2761],"tags":[3135,171,1398,3312,761,3642,952,2263,9812,7614,4255],"class_list":["post-36916","post","type-post","status-publish","format-standard","has-post-thumbnail","hentry","category-poze-controversate","tag-aparat-de-fotografiat","tag-cadavru","tag-cap","tag-casa","tag-fantoma","tag-lumanare","tag-lumina","tag-mana","tag-poze-controversate","tag-tavan","tag-umbra","resize-featured-image"],"yoast_head":"<!-- This site is optimized with the Yoast SEO Premium plugin v23.3 (Yoast SEO v27.4) - https:\/\/yoast.com\/product\/yoast-seo-premium-wordpress\/ -->\n<title>N-am mai v\u0103zut vreodat\u0103 \u00een via\u0163a mea o poz\u0103 mai misterioas\u0103 \u015fi mai \u00eenfior\u0103toare: fotografia familiei Cooper! Ce naiba at\u00e2rn\u0103 de tavan!? - Secretele lui Lovendal<\/title>\n<meta name=\"robots\" content=\"index, follow, max-snippet:-1, max-image-preview:large, max-video-preview:-1\" \/>\n<link rel=\"canonical\" href=\"https:\/\/www.lovendal.ro\/wp52\/n-am-mai-vazut-vreodata-vreo-poza-mai-misterioasa-si-mai-infioratoare-fotografia-familiei-cooper\/\" \/>\n<meta property=\"og:locale\" content=\"ro_RO\" \/>\n<meta property=\"og:type\" content=\"article\" \/>\n<meta property=\"og:title\" content=\"N-am mai v\u0103zut vreodat\u0103 \u00een via\u0163a mea o poz\u0103 mai misterioas\u0103 \u015fi mai \u00eenfior\u0103toare: fotografia familiei Cooper! Ce naiba at\u00e2rn\u0103 de tavan!?\" \/>\n<meta property=\"og:description\" content=\"Una dintre cele mai misterioase \u015fi mai \u00eenfior\u0103toare poze pe care am v\u0103zut-o vreodat\u0103 este poza familiei Cooper, \u00een care, pe l\u00e2ng\u0103 cele dou\u0103 femei \u015fi doi copii, \u00een fundal se poate vedea o &#8222;fantom\u0103 a unui cadavru&#8221;, care pare ... Cititi mai multe\" \/>\n<meta property=\"og:url\" content=\"https:\/\/www.lovendal.ro\/wp52\/n-am-mai-vazut-vreodata-vreo-poza-mai-misterioasa-si-mai-infioratoare-fotografia-familiei-cooper\/\" \/>\n<meta property=\"og:site_name\" content=\"Secretele lui Lovendal\" \/>\n<meta property=\"article:publisher\" content=\"https:\/\/www.facebook.com\/secreteleluilovendal\" \/>\n<meta property=\"article:published_time\" content=\"2014-12-19T21:28:40+00:00\" \/>\n<meta property=\"article:modified_time\" content=\"2021-06-24T15:40:28+00:00\" \/>\n<meta property=\"og:image\" content=\"https:\/\/www.lovendal.ro\/wp52\/wp-content\/uploads\/2014\/12\/cadavru-atarnand-din-tavan-2.jpg\" \/>\n\t<meta property=\"og:image:width\" content=\"350\" \/>\n\t<meta property=\"og:image:height\" content=\"203\" \/>\n\t<meta property=\"og:image:type\" content=\"image\/jpeg\" \/>\n<meta name=\"author\" content=\"admin\" \/>\n<meta name=\"twitter:card\" content=\"summary_large_image\" \/>\n<meta name=\"twitter:label1\" content=\"Scris de\" \/>\n\t<meta name=\"twitter:data1\" content=\"admin\" \/>\n\t<meta name=\"twitter:label2\" content=\"Timp estimat pentru citire\" \/>\n\t<meta name=\"twitter:data2\" content=\"2 minute\" \/>\n<script type=\"application\/ld+json\" class=\"yoast-schema-graph\">{\"@context\":\"https:\\\/\\\/schema.org\",\"@graph\":[{\"@type\":\"Article\",\"@id\":\"https:\\\/\\\/www.lovendal.ro\\\/wp52\\\/n-am-mai-vazut-vreodata-vreo-poza-mai-misterioasa-si-mai-infioratoare-fotografia-familiei-cooper\\\/#article\",\"isPartOf\":{\"@id\":\"https:\\\/\\\/www.lovendal.ro\\\/wp52\\\/n-am-mai-vazut-vreodata-vreo-poza-mai-misterioasa-si-mai-infioratoare-fotografia-familiei-cooper\\\/\"},\"author\":{\"name\":\"admin\",\"@id\":\"https:\\\/\\\/www.lovendal.ro\\\/wp52\\\/#\\\/schema\\\/person\\\/088691de5dfc346bb0c023e1e52ef5d9\"},\"headline\":\"N-am mai v\u0103zut vreodat\u0103 \u00een via\u0163a mea o poz\u0103 mai misterioas\u0103 \u015fi mai \u00eenfior\u0103toare: fotografia familiei Cooper! Ce naiba at\u00e2rn\u0103 de tavan!?\",\"datePublished\":\"2014-12-19T21:28:40+00:00\",\"dateModified\":\"2021-06-24T15:40:28+00:00\",\"mainEntityOfPage\":{\"@id\":\"https:\\\/\\\/www.lovendal.ro\\\/wp52\\\/n-am-mai-vazut-vreodata-vreo-poza-mai-misterioasa-si-mai-infioratoare-fotografia-familiei-cooper\\\/\"},\"wordCount\":480,\"commentCount\":5,\"publisher\":{\"@id\":\"https:\\\/\\\/www.lovendal.ro\\\/wp52\\\/#organization\"},\"image\":{\"@id\":\"https:\\\/\\\/www.lovendal.ro\\\/wp52\\\/n-am-mai-vazut-vreodata-vreo-poza-mai-misterioasa-si-mai-infioratoare-fotografia-familiei-cooper\\\/#primaryimage\"},\"thumbnailUrl\":\"https:\\\/\\\/www.lovendal.ro\\\/wp52\\\/wp-content\\\/uploads\\\/2014\\\/12\\\/cadavru-atarnand-din-tavan-2.jpg\",\"keywords\":[\"aparat de fotografiat\",\"cadavru\",\"cap\",\"cas\u0103\",\"fantom\u0103\",\"lum\u00e2nare\",\"lumin\u0103\",\"m\u00e2n\u0103\",\"Poze controversate\",\"tavan\",\"umbr\u0103\"],\"articleSection\":[\"Poze controversate\"],\"inLanguage\":\"ro-RO\",\"potentialAction\":[{\"@type\":\"CommentAction\",\"name\":\"Comment\",\"target\":[\"https:\\\/\\\/www.lovendal.ro\\\/wp52\\\/n-am-mai-vazut-vreodata-vreo-poza-mai-misterioasa-si-mai-infioratoare-fotografia-familiei-cooper\\\/#respond\"]}]},{\"@type\":\"WebPage\",\"@id\":\"https:\\\/\\\/www.lovendal.ro\\\/wp52\\\/n-am-mai-vazut-vreodata-vreo-poza-mai-misterioasa-si-mai-infioratoare-fotografia-familiei-cooper\\\/\",\"url\":\"https:\\\/\\\/www.lovendal.ro\\\/wp52\\\/n-am-mai-vazut-vreodata-vreo-poza-mai-misterioasa-si-mai-infioratoare-fotografia-familiei-cooper\\\/\",\"name\":\"N-am mai v\u0103zut vreodat\u0103 \u00een via\u0163a mea o poz\u0103 mai misterioas\u0103 \u015fi mai \u00eenfior\u0103toare: fotografia familiei Cooper! Ce naiba at\u00e2rn\u0103 de tavan!? - Secretele lui Lovendal\",\"isPartOf\":{\"@id\":\"https:\\\/\\\/www.lovendal.ro\\\/wp52\\\/#website\"},\"primaryImageOfPage\":{\"@id\":\"https:\\\/\\\/www.lovendal.ro\\\/wp52\\\/n-am-mai-vazut-vreodata-vreo-poza-mai-misterioasa-si-mai-infioratoare-fotografia-familiei-cooper\\\/#primaryimage\"},\"image\":{\"@id\":\"https:\\\/\\\/www.lovendal.ro\\\/wp52\\\/n-am-mai-vazut-vreodata-vreo-poza-mai-misterioasa-si-mai-infioratoare-fotografia-familiei-cooper\\\/#primaryimage\"},\"thumbnailUrl\":\"https:\\\/\\\/www.lovendal.ro\\\/wp52\\\/wp-content\\\/uploads\\\/2014\\\/12\\\/cadavru-atarnand-din-tavan-2.jpg\",\"datePublished\":\"2014-12-19T21:28:40+00:00\",\"dateModified\":\"2021-06-24T15:40:28+00:00\",\"breadcrumb\":{\"@id\":\"https:\\\/\\\/www.lovendal.ro\\\/wp52\\\/n-am-mai-vazut-vreodata-vreo-poza-mai-misterioasa-si-mai-infioratoare-fotografia-familiei-cooper\\\/#breadcrumb\"},\"inLanguage\":\"ro-RO\",\"potentialAction\":[{\"@type\":\"ReadAction\",\"target\":[\"https:\\\/\\\/www.lovendal.ro\\\/wp52\\\/n-am-mai-vazut-vreodata-vreo-poza-mai-misterioasa-si-mai-infioratoare-fotografia-familiei-cooper\\\/\"]}]},{\"@type\":\"ImageObject\",\"inLanguage\":\"ro-RO\",\"@id\":\"https:\\\/\\\/www.lovendal.ro\\\/wp52\\\/n-am-mai-vazut-vreodata-vreo-poza-mai-misterioasa-si-mai-infioratoare-fotografia-familiei-cooper\\\/#primaryimage\",\"url\":\"https:\\\/\\\/www.lovendal.ro\\\/wp52\\\/wp-content\\\/uploads\\\/2014\\\/12\\\/cadavru-atarnand-din-tavan-2.jpg\",\"contentUrl\":\"https:\\\/\\\/www.lovendal.ro\\\/wp52\\\/wp-content\\\/uploads\\\/2014\\\/12\\\/cadavru-atarnand-din-tavan-2.jpg\",\"width\":350,\"height\":203},{\"@type\":\"BreadcrumbList\",\"@id\":\"https:\\\/\\\/www.lovendal.ro\\\/wp52\\\/n-am-mai-vazut-vreodata-vreo-poza-mai-misterioasa-si-mai-infioratoare-fotografia-familiei-cooper\\\/#breadcrumb\",\"itemListElement\":[{\"@type\":\"ListItem\",\"position\":1,\"name\":\"Home\",\"item\":\"https:\\\/\\\/www.lovendal.ro\\\/wp52\\\/\"},{\"@type\":\"ListItem\",\"position\":2,\"name\":\"N-am mai v\u0103zut vreodat\u0103 \u00een via\u0163a mea o poz\u0103 mai misterioas\u0103 \u015fi mai \u00eenfior\u0103toare: fotografia familiei Cooper! Ce naiba at\u00e2rn\u0103 de tavan!?\"}]},{\"@type\":\"WebSite\",\"@id\":\"https:\\\/\\\/www.lovendal.ro\\\/wp52\\\/#website\",\"url\":\"https:\\\/\\\/www.lovendal.ro\\\/wp52\\\/\",\"name\":\"Secretele lui Lovendal\",\"description\":\"Site de secrete, stiinta si metafizica - din 2008 -\",\"publisher\":{\"@id\":\"https:\\\/\\\/www.lovendal.ro\\\/wp52\\\/#organization\"},\"potentialAction\":[{\"@type\":\"SearchAction\",\"target\":{\"@type\":\"EntryPoint\",\"urlTemplate\":\"https:\\\/\\\/www.lovendal.ro\\\/wp52\\\/?s={search_term_string}\"},\"query-input\":{\"@type\":\"PropertyValueSpecification\",\"valueRequired\":true,\"valueName\":\"search_term_string\"}}],\"inLanguage\":\"ro-RO\"},{\"@type\":\"Organization\",\"@id\":\"https:\\\/\\\/www.lovendal.ro\\\/wp52\\\/#organization\",\"name\":\"Secretele lui Lovendal\",\"url\":\"https:\\\/\\\/www.lovendal.ro\\\/wp52\\\/\",\"logo\":{\"@type\":\"ImageObject\",\"inLanguage\":\"ro-RO\",\"@id\":\"https:\\\/\\\/www.lovendal.ro\\\/wp52\\\/#\\\/schema\\\/logo\\\/image\\\/\",\"url\":\"https:\\\/\\\/www.lovendal.ro\\\/wp52\\\/wp-content\\\/uploads\\\/2024\\\/06\\\/cropped-SLL-iun-2024-1.jpg\",\"contentUrl\":\"https:\\\/\\\/www.lovendal.ro\\\/wp52\\\/wp-content\\\/uploads\\\/2024\\\/06\\\/cropped-SLL-iun-2024-1.jpg\",\"width\":771,\"height\":240,\"caption\":\"Secretele lui Lovendal\"},\"image\":{\"@id\":\"https:\\\/\\\/www.lovendal.ro\\\/wp52\\\/#\\\/schema\\\/logo\\\/image\\\/\"},\"sameAs\":[\"https:\\\/\\\/www.facebook.com\\\/secreteleluilovendal\"]},{\"@type\":\"Person\",\"@id\":\"https:\\\/\\\/www.lovendal.ro\\\/wp52\\\/#\\\/schema\\\/person\\\/088691de5dfc346bb0c023e1e52ef5d9\",\"name\":\"admin\",\"image\":{\"@type\":\"ImageObject\",\"inLanguage\":\"ro-RO\",\"@id\":\"https:\\\/\\\/secure.gravatar.com\\\/avatar\\\/ecb9cd41f5f63c9c9b989999a59f6e2639a865ec361e9db054db0679a8f341c2?s=96&d=mm&r=g\",\"url\":\"https:\\\/\\\/secure.gravatar.com\\\/avatar\\\/ecb9cd41f5f63c9c9b989999a59f6e2639a865ec361e9db054db0679a8f341c2?s=96&d=mm&r=g\",\"contentUrl\":\"https:\\\/\\\/secure.gravatar.com\\\/avatar\\\/ecb9cd41f5f63c9c9b989999a59f6e2639a865ec361e9db054db0679a8f341c2?s=96&d=mm&r=g\",\"caption\":\"admin\"},\"sameAs\":[\"https:\\\/\\\/www.lovendal.ro\\\/wp52\"]}]}<\/script>\n<!-- \/ Yoast SEO Premium plugin. -->","yoast_head_json":{"title":"N-am mai v\u0103zut vreodat\u0103 \u00een via\u0163a mea o poz\u0103 mai misterioas\u0103 \u015fi mai \u00eenfior\u0103toare: fotografia familiei Cooper! Ce naiba at\u00e2rn\u0103 de tavan!? - Secretele lui Lovendal","robots":{"index":"index","follow":"follow","max-snippet":"max-snippet:-1","max-image-preview":"max-image-preview:large","max-video-preview":"max-video-preview:-1"},"canonical":"https:\/\/www.lovendal.ro\/wp52\/n-am-mai-vazut-vreodata-vreo-poza-mai-misterioasa-si-mai-infioratoare-fotografia-familiei-cooper\/","og_locale":"ro_RO","og_type":"article","og_title":"N-am mai v\u0103zut vreodat\u0103 \u00een via\u0163a mea o poz\u0103 mai misterioas\u0103 \u015fi mai \u00eenfior\u0103toare: fotografia familiei Cooper! Ce naiba at\u00e2rn\u0103 de tavan!?","og_description":"Una dintre cele mai misterioase \u015fi mai \u00eenfior\u0103toare poze pe care am v\u0103zut-o vreodat\u0103 este poza familiei Cooper, \u00een care, pe l\u00e2ng\u0103 cele dou\u0103 femei \u015fi doi copii, \u00een fundal se poate vedea o &#8222;fantom\u0103 a unui cadavru&#8221;, care pare ... Cititi mai multe","og_url":"https:\/\/www.lovendal.ro\/wp52\/n-am-mai-vazut-vreodata-vreo-poza-mai-misterioasa-si-mai-infioratoare-fotografia-familiei-cooper\/","og_site_name":"Secretele lui Lovendal","article_publisher":"https:\/\/www.facebook.com\/secreteleluilovendal","article_published_time":"2014-12-19T21:28:40+00:00","article_modified_time":"2021-06-24T15:40:28+00:00","og_image":[{"width":350,"height":203,"url":"https:\/\/www.lovendal.ro\/wp52\/wp-content\/uploads\/2014\/12\/cadavru-atarnand-din-tavan-2.jpg","type":"image\/jpeg"}],"author":"admin","twitter_card":"summary_large_image","twitter_misc":{"Scris de":"admin","Timp estimat pentru citire":"2 minute"},"schema":{"@context":"https:\/\/schema.org","@graph":[{"@type":"Article","@id":"https:\/\/www.lovendal.ro\/wp52\/n-am-mai-vazut-vreodata-vreo-poza-mai-misterioasa-si-mai-infioratoare-fotografia-familiei-cooper\/#article","isPartOf":{"@id":"https:\/\/www.lovendal.ro\/wp52\/n-am-mai-vazut-vreodata-vreo-poza-mai-misterioasa-si-mai-infioratoare-fotografia-familiei-cooper\/"},"author":{"name":"admin","@id":"https:\/\/www.lovendal.ro\/wp52\/#\/schema\/person\/088691de5dfc346bb0c023e1e52ef5d9"},"headline":"N-am mai v\u0103zut vreodat\u0103 \u00een via\u0163a mea o poz\u0103 mai misterioas\u0103 \u015fi mai \u00eenfior\u0103toare: fotografia familiei Cooper! Ce naiba at\u00e2rn\u0103 de tavan!?","datePublished":"2014-12-19T21:28:40+00:00","dateModified":"2021-06-24T15:40:28+00:00","mainEntityOfPage":{"@id":"https:\/\/www.lovendal.ro\/wp52\/n-am-mai-vazut-vreodata-vreo-poza-mai-misterioasa-si-mai-infioratoare-fotografia-familiei-cooper\/"},"wordCount":480,"commentCount":5,"publisher":{"@id":"https:\/\/www.lovendal.ro\/wp52\/#organization"},"image":{"@id":"https:\/\/www.lovendal.ro\/wp52\/n-am-mai-vazut-vreodata-vreo-poza-mai-misterioasa-si-mai-infioratoare-fotografia-familiei-cooper\/#primaryimage"},"thumbnailUrl":"https:\/\/www.lovendal.ro\/wp52\/wp-content\/uploads\/2014\/12\/cadavru-atarnand-din-tavan-2.jpg","keywords":["aparat de fotografiat","cadavru","cap","cas\u0103","fantom\u0103","lum\u00e2nare","lumin\u0103","m\u00e2n\u0103","Poze controversate","tavan","umbr\u0103"],"articleSection":["Poze controversate"],"inLanguage":"ro-RO","potentialAction":[{"@type":"CommentAction","name":"Comment","target":["https:\/\/www.lovendal.ro\/wp52\/n-am-mai-vazut-vreodata-vreo-poza-mai-misterioasa-si-mai-infioratoare-fotografia-familiei-cooper\/#respond"]}]},{"@type":"WebPage","@id":"https:\/\/www.lovendal.ro\/wp52\/n-am-mai-vazut-vreodata-vreo-poza-mai-misterioasa-si-mai-infioratoare-fotografia-familiei-cooper\/","url":"https:\/\/www.lovendal.ro\/wp52\/n-am-mai-vazut-vreodata-vreo-poza-mai-misterioasa-si-mai-infioratoare-fotografia-familiei-cooper\/","name":"N-am mai v\u0103zut vreodat\u0103 \u00een via\u0163a mea o poz\u0103 mai misterioas\u0103 \u015fi mai \u00eenfior\u0103toare: fotografia familiei Cooper! Ce naiba at\u00e2rn\u0103 de tavan!? - Secretele lui Lovendal","isPartOf":{"@id":"https:\/\/www.lovendal.ro\/wp52\/#website"},"primaryImageOfPage":{"@id":"https:\/\/www.lovendal.ro\/wp52\/n-am-mai-vazut-vreodata-vreo-poza-mai-misterioasa-si-mai-infioratoare-fotografia-familiei-cooper\/#primaryimage"},"image":{"@id":"https:\/\/www.lovendal.ro\/wp52\/n-am-mai-vazut-vreodata-vreo-poza-mai-misterioasa-si-mai-infioratoare-fotografia-familiei-cooper\/#primaryimage"},"thumbnailUrl":"https:\/\/www.lovendal.ro\/wp52\/wp-content\/uploads\/2014\/12\/cadavru-atarnand-din-tavan-2.jpg","datePublished":"2014-12-19T21:28:40+00:00","dateModified":"2021-06-24T15:40:28+00:00","breadcrumb":{"@id":"https:\/\/www.lovendal.ro\/wp52\/n-am-mai-vazut-vreodata-vreo-poza-mai-misterioasa-si-mai-infioratoare-fotografia-familiei-cooper\/#breadcrumb"},"inLanguage":"ro-RO","potentialAction":[{"@type":"ReadAction","target":["https:\/\/www.lovendal.ro\/wp52\/n-am-mai-vazut-vreodata-vreo-poza-mai-misterioasa-si-mai-infioratoare-fotografia-familiei-cooper\/"]}]},{"@type":"ImageObject","inLanguage":"ro-RO","@id":"https:\/\/www.lovendal.ro\/wp52\/n-am-mai-vazut-vreodata-vreo-poza-mai-misterioasa-si-mai-infioratoare-fotografia-familiei-cooper\/#primaryimage","url":"https:\/\/www.lovendal.ro\/wp52\/wp-content\/uploads\/2014\/12\/cadavru-atarnand-din-tavan-2.jpg","contentUrl":"https:\/\/www.lovendal.ro\/wp52\/wp-content\/uploads\/2014\/12\/cadavru-atarnand-din-tavan-2.jpg","width":350,"height":203},{"@type":"BreadcrumbList","@id":"https:\/\/www.lovendal.ro\/wp52\/n-am-mai-vazut-vreodata-vreo-poza-mai-misterioasa-si-mai-infioratoare-fotografia-familiei-cooper\/#breadcrumb","itemListElement":[{"@type":"ListItem","position":1,"name":"Home","item":"https:\/\/www.lovendal.ro\/wp52\/"},{"@type":"ListItem","position":2,"name":"N-am mai v\u0103zut vreodat\u0103 \u00een via\u0163a mea o poz\u0103 mai misterioas\u0103 \u015fi mai \u00eenfior\u0103toare: fotografia familiei Cooper! Ce naiba at\u00e2rn\u0103 de tavan!?"}]},{"@type":"WebSite","@id":"https:\/\/www.lovendal.ro\/wp52\/#website","url":"https:\/\/www.lovendal.ro\/wp52\/","name":"Secretele lui Lovendal","description":"Site de secrete, stiinta si metafizica - din 2008 -","publisher":{"@id":"https:\/\/www.lovendal.ro\/wp52\/#organization"},"potentialAction":[{"@type":"SearchAction","target":{"@type":"EntryPoint","urlTemplate":"https:\/\/www.lovendal.ro\/wp52\/?s={search_term_string}"},"query-input":{"@type":"PropertyValueSpecification","valueRequired":true,"valueName":"search_term_string"}}],"inLanguage":"ro-RO"},{"@type":"Organization","@id":"https:\/\/www.lovendal.ro\/wp52\/#organization","name":"Secretele lui Lovendal","url":"https:\/\/www.lovendal.ro\/wp52\/","logo":{"@type":"ImageObject","inLanguage":"ro-RO","@id":"https:\/\/www.lovendal.ro\/wp52\/#\/schema\/logo\/image\/","url":"https:\/\/www.lovendal.ro\/wp52\/wp-content\/uploads\/2024\/06\/cropped-SLL-iun-2024-1.jpg","contentUrl":"https:\/\/www.lovendal.ro\/wp52\/wp-content\/uploads\/2024\/06\/cropped-SLL-iun-2024-1.jpg","width":771,"height":240,"caption":"Secretele lui Lovendal"},"image":{"@id":"https:\/\/www.lovendal.ro\/wp52\/#\/schema\/logo\/image\/"},"sameAs":["https:\/\/www.facebook.com\/secreteleluilovendal"]},{"@type":"Person","@id":"https:\/\/www.lovendal.ro\/wp52\/#\/schema\/person\/088691de5dfc346bb0c023e1e52ef5d9","name":"admin","image":{"@type":"ImageObject","inLanguage":"ro-RO","@id":"https:\/\/secure.gravatar.com\/avatar\/ecb9cd41f5f63c9c9b989999a59f6e2639a865ec361e9db054db0679a8f341c2?s=96&d=mm&r=g","url":"https:\/\/secure.gravatar.com\/avatar\/ecb9cd41f5f63c9c9b989999a59f6e2639a865ec361e9db054db0679a8f341c2?s=96&d=mm&r=g","contentUrl":"https:\/\/secure.gravatar.com\/avatar\/ecb9cd41f5f63c9c9b989999a59f6e2639a865ec361e9db054db0679a8f341c2?s=96&d=mm&r=g","caption":"admin"},"sameAs":["https:\/\/www.lovendal.ro\/wp52"]}]}},"_links":{"self":[{"href":"https:\/\/www.lovendal.ro\/wp52\/wp-json\/wp\/v2\/posts\/36916","targetHints":{"allow":["GET"]}}],"collection":[{"href":"https:\/\/www.lovendal.ro\/wp52\/wp-json\/wp\/v2\/posts"}],"about":[{"href":"https:\/\/www.lovendal.ro\/wp52\/wp-json\/wp\/v2\/types\/post"}],"author":[{"embeddable":true,"href":"https:\/\/www.lovendal.ro\/wp52\/wp-json\/wp\/v2\/users\/1"}],"replies":[{"embeddable":true,"href":"https:\/\/www.lovendal.ro\/wp52\/wp-json\/wp\/v2\/comments?post=36916"}],"version-history":[{"count":0,"href":"https:\/\/www.lovendal.ro\/wp52\/wp-json\/wp\/v2\/posts\/36916\/revisions"}],"wp:featuredmedia":[{"embeddable":true,"href":"https:\/\/www.lovendal.ro\/wp52\/wp-json\/wp\/v2\/media\/74168"}],"wp:attachment":[{"href":"https:\/\/www.lovendal.ro\/wp52\/wp-json\/wp\/v2\/media?parent=36916"}],"wp:term":[{"taxonomy":"category","embeddable":true,"href":"https:\/\/www.lovendal.ro\/wp52\/wp-json\/wp\/v2\/categories?post=36916"},{"taxonomy":"post_tag","embeddable":true,"href":"https:\/\/www.lovendal.ro\/wp52\/wp-json\/wp\/v2\/tags?post=36916"}],"curies":[{"name":"wp","href":"https:\/\/api.w.org\/{rel}","templated":true}]}}