{"id":36718,"date":"2014-12-01T21:51:16","date_gmt":"2014-12-01T19:51:16","guid":{"rendered":"http:\/\/www.lovendal.ro\/wp52\/?p=36718"},"modified":"2020-12-05T13:46:40","modified_gmt":"2020-12-05T11:46:40","slug":"desi-murise-marele-poet-ion-minulescu-inca-vorbea-la-telefon-cum-e-posibil-asa-ceva","status":"publish","type":"post","link":"https:\/\/www.lovendal.ro\/wp52\/desi-murise-marele-poet-ion-minulescu-inca-vorbea-la-telefon-cum-e-posibil-asa-ceva\/","title":{"rendered":"De\u015fi &#8222;murise&#8221;, marele poet Ion Minulescu \u00eenc\u0103 vorbea la telefon! Cum e posibil a\u015fa ceva!?"},"content":{"rendered":"<p><img loading=\"lazy\" decoding=\"async\" class=\"alignleft size-full wp-image-36719\" src=\"https:\/\/www.lovendal.ro\/wp52\/wp-content\/uploads\/2014\/12\/Ion_Minulescu.jpg\" alt=\"Ion_Minulescu\" width=\"330\" height=\"329\" srcset=\"https:\/\/www.lovendal.ro\/wp52\/wp-content\/uploads\/2014\/12\/Ion_Minulescu.jpg 330w, https:\/\/www.lovendal.ro\/wp52\/wp-content\/uploads\/2014\/12\/Ion_Minulescu-150x150.jpg 150w, https:\/\/www.lovendal.ro\/wp52\/wp-content\/uploads\/2014\/12\/Ion_Minulescu-300x300.jpg 300w, https:\/\/www.lovendal.ro\/wp52\/wp-content\/uploads\/2014\/12\/Ion_Minulescu-144x144.jpg 144w, https:\/\/www.lovendal.ro\/wp52\/wp-content\/uploads\/2014\/12\/Ion_Minulescu-218x218.jpg 218w, https:\/\/www.lovendal.ro\/wp52\/wp-content\/uploads\/2014\/12\/Ion_Minulescu-73x73.jpg 73w, https:\/\/www.lovendal.ro\/wp52\/wp-content\/uploads\/2014\/12\/Ion_Minulescu-40x40.jpg 40w, https:\/\/www.lovendal.ro\/wp52\/wp-content\/uploads\/2014\/12\/Ion_Minulescu-184x184.jpg 184w\" sizes=\"auto, (max-width: 330px) 100vw, 330px\" \/>Iat\u0103 un articol despre un mare poet rom\u00e2n, dar totu\u015fi mai pu\u0163in studiat. E vorba de Ion Minulescu (1881-1944), un poet important al simbolismului rom\u00e2nesc. El a scris mai multe volume de poezii, dar \u015fi de proz\u0103 (toat\u0103 biografia poetului o pute\u0163i citi pe <a href=\"http:\/\/ro.wikipedia.org\/wiki\/Ion_Minulescu\" target=\"_blank\" rel=\"noopener noreferrer\"><strong>Wikipedia<\/strong><\/a>).<\/p>\n<p>\u015ei haide\u0163i s\u0103 v\u0103 spun dou\u0103 \u00eent\u00e2mpl\u0103ri amuzante din via\u0163a acestui artist.<\/p>\n<p>Prima&#8230; \u00centr-o zi, dup\u0103 ce un poet lipsit de talent, dar delicat \u015fi cu o conversa\u0163ie pl\u0103cut\u0103, i-a citit una din poeziile sale lui Minulescu, acesta l-a invitat \u00een ora\u015f la mas\u0103. Nespus de \u00eenc\u00e2ntat, poetul, la desp\u0103r\u0163ire, nu mai g\u0103sea cuvinte s\u0103-i mul\u0163umeasc\u0103 lui Minulescu, convins c\u0103 invita\u0163ia aceea nu era dec\u00e2t o r\u0103splat\u0103 a talentului s\u0103u. Dar Minulescu \u00eel dezam\u0103gi crunt:<br \/>\n<em>&#8211; Dragul meu, dac\u0103 vrei s\u0103 mai ie\u015fim \u00eempreun\u0103 \u00een ora\u015f, \u00eemi promi\u0163i c\u0103 nu vei mai scrie versuri p\u00e2n\u0103 la sf\u00e2r\u015fitul vie\u0163ii tale!<\/em><br \/>\nA\u015f fi curios s\u0103 fi auzit \u015fi eu acele versuri oribile \ud83d\ude42<\/p>\n<p>A doua povestire&#8230; \u00centr-o diminea\u0163\u0103, un ziar anun\u0163a moartea lui Ion Minulescu. Se preg\u0103teau tot felul de articole omagiale. Un publicist se preg\u0103tea s\u0103-i scrie un necrolog care urma s\u0103 apar\u0103 \u00een ziarul <em>\u201eAurora\u201d<\/em>. Ne\u015ftiind precis data na\u015fterii marelui poet, \u00eei d\u0103 un telefon acas\u0103, cu g\u00e2ndul s\u0103 se intereseze direct de la familia lui. Dar spre surprinderea ziaristului, la telefon \u00eei r\u0103spunde Minulescu \u00eensu\u015fi.<br \/>\n<em>&#8211; Da, am citit \u015fi eu. Am avut o opera\u0163ie grea, dar care a reu\u015fit. Nu credea nimeni&#8230; Oricum, nu-i nimic. Dumneata scrie-\u0163i articolul, \u00eel vei publica ceva mai t\u00e2rziu&#8230;<\/em><\/p>\n","protected":false},"excerpt":{"rendered":"<p>Iat\u0103 un articol despre un mare poet rom\u00e2n, dar totu\u015fi mai pu\u0163in studiat. E vorba de Ion Minulescu (1881-1944), un poet important al simbolismului rom\u00e2nesc. El a scris mai multe volume de poezii, dar \u015fi de proz\u0103 (toat\u0103 biografia poetului &#8230; <\/p>\n<p class=\"read-more-container\"><a title=\"De\u015fi &#8222;murise&#8221;, marele poet Ion Minulescu \u00eenc\u0103 vorbea la telefon! Cum e posibil a\u015fa ceva!?\" class=\"read-more button\" href=\"https:\/\/www.lovendal.ro\/wp52\/desi-murise-marele-poet-ion-minulescu-inca-vorbea-la-telefon-cum-e-posibil-asa-ceva\/#more-36718\" aria-label=\"Cite\u0219te mai multe despre De\u015fi &#8222;murise&#8221;, marele poet Ion Minulescu \u00eenc\u0103 vorbea la telefon! Cum e posibil a\u015fa ceva!?\">Cititi mai multe<\/a><\/p>\n","protected":false},"author":1,"featured_media":36719,"comment_status":"open","ping_status":"open","sticky":false,"template":"","format":"standard","meta":{"footnotes":""},"categories":[28,2833],"tags":[9798,8874,108,8875,215,788,74,1312,4352,5287,4937],"class_list":["post-36718","post","type-post","status-publish","format-standard","has-post-thumbnail","hentry","category-cultura","category-noutati","tag-cultura","tag-ion-minulescu","tag-moarte","tag-necrolog","tag-poet","tag-poezie","tag-romania","tag-telefon","tag-versuri","tag-wikipedia","tag-ziar","resize-featured-image"],"yoast_head":"<!-- This site is optimized with the Yoast SEO Premium plugin v23.3 (Yoast SEO v27.4) - https:\/\/yoast.com\/product\/yoast-seo-premium-wordpress\/ -->\n<title>De\u015fi &quot;murise&quot;, marele poet Ion Minulescu \u00eenc\u0103 vorbea la telefon! Cum e posibil a\u015fa ceva!? - Secretele lui Lovendal<\/title>\n<meta name=\"robots\" content=\"index, follow, max-snippet:-1, max-image-preview:large, max-video-preview:-1\" \/>\n<link rel=\"canonical\" href=\"https:\/\/www.lovendal.ro\/wp52\/desi-murise-marele-poet-ion-minulescu-inca-vorbea-la-telefon-cum-e-posibil-asa-ceva\/\" \/>\n<meta property=\"og:locale\" content=\"ro_RO\" \/>\n<meta property=\"og:type\" content=\"article\" \/>\n<meta property=\"og:title\" content=\"De\u015fi &quot;murise&quot;, marele poet Ion Minulescu \u00eenc\u0103 vorbea la telefon! Cum e posibil a\u015fa ceva!?\" \/>\n<meta property=\"og:description\" content=\"Iat\u0103 un articol despre un mare poet rom\u00e2n, dar totu\u015fi mai pu\u0163in studiat. E vorba de Ion Minulescu (1881-1944), un poet important al simbolismului rom\u00e2nesc. El a scris mai multe volume de poezii, dar \u015fi de proz\u0103 (toat\u0103 biografia poetului ... Cititi mai multe\" \/>\n<meta property=\"og:url\" content=\"https:\/\/www.lovendal.ro\/wp52\/desi-murise-marele-poet-ion-minulescu-inca-vorbea-la-telefon-cum-e-posibil-asa-ceva\/\" \/>\n<meta property=\"og:site_name\" content=\"Secretele lui Lovendal\" \/>\n<meta property=\"article:publisher\" content=\"https:\/\/www.facebook.com\/secreteleluilovendal\" \/>\n<meta property=\"article:published_time\" content=\"2014-12-01T19:51:16+00:00\" \/>\n<meta property=\"article:modified_time\" content=\"2020-12-05T11:46:40+00:00\" \/>\n<meta property=\"og:image\" content=\"https:\/\/www.lovendal.ro\/wp52\/wp-content\/uploads\/2014\/12\/Ion_Minulescu.jpg\" \/>\n\t<meta property=\"og:image:width\" content=\"330\" \/>\n\t<meta property=\"og:image:height\" content=\"329\" \/>\n\t<meta property=\"og:image:type\" content=\"image\/jpeg\" \/>\n<meta name=\"author\" content=\"admin\" \/>\n<meta name=\"twitter:card\" content=\"summary_large_image\" \/>\n<meta name=\"twitter:label1\" content=\"Scris de\" \/>\n\t<meta name=\"twitter:data1\" content=\"admin\" \/>\n\t<meta name=\"twitter:label2\" content=\"Timp estimat pentru citire\" \/>\n\t<meta name=\"twitter:data2\" content=\"1 minut\" \/>\n<script type=\"application\/ld+json\" class=\"yoast-schema-graph\">{\"@context\":\"https:\\\/\\\/schema.org\",\"@graph\":[{\"@type\":\"Article\",\"@id\":\"https:\\\/\\\/www.lovendal.ro\\\/wp52\\\/desi-murise-marele-poet-ion-minulescu-inca-vorbea-la-telefon-cum-e-posibil-asa-ceva\\\/#article\",\"isPartOf\":{\"@id\":\"https:\\\/\\\/www.lovendal.ro\\\/wp52\\\/desi-murise-marele-poet-ion-minulescu-inca-vorbea-la-telefon-cum-e-posibil-asa-ceva\\\/\"},\"author\":{\"name\":\"admin\",\"@id\":\"https:\\\/\\\/www.lovendal.ro\\\/wp52\\\/#\\\/schema\\\/person\\\/088691de5dfc346bb0c023e1e52ef5d9\"},\"headline\":\"De\u015fi &#8222;murise&#8221;, marele poet Ion Minulescu \u00eenc\u0103 vorbea la telefon! Cum e posibil a\u015fa ceva!?\",\"datePublished\":\"2014-12-01T19:51:16+00:00\",\"dateModified\":\"2020-12-05T11:46:40+00:00\",\"mainEntityOfPage\":{\"@id\":\"https:\\\/\\\/www.lovendal.ro\\\/wp52\\\/desi-murise-marele-poet-ion-minulescu-inca-vorbea-la-telefon-cum-e-posibil-asa-ceva\\\/\"},\"wordCount\":308,\"commentCount\":1,\"publisher\":{\"@id\":\"https:\\\/\\\/www.lovendal.ro\\\/wp52\\\/#organization\"},\"image\":{\"@id\":\"https:\\\/\\\/www.lovendal.ro\\\/wp52\\\/desi-murise-marele-poet-ion-minulescu-inca-vorbea-la-telefon-cum-e-posibil-asa-ceva\\\/#primaryimage\"},\"thumbnailUrl\":\"https:\\\/\\\/www.lovendal.ro\\\/wp52\\\/wp-content\\\/uploads\\\/2014\\\/12\\\/Ion_Minulescu.jpg\",\"keywords\":[\"Cultura\",\"Ion Minulescu\",\"moarte\",\"necrolog\",\"poet\",\"poezie\",\"Rom\u00e2nia\",\"telefon\",\"versuri\",\"Wikipedia\",\"ziar\"],\"articleSection\":[\"Cultura\",\"Noutati\"],\"inLanguage\":\"ro-RO\",\"potentialAction\":[{\"@type\":\"CommentAction\",\"name\":\"Comment\",\"target\":[\"https:\\\/\\\/www.lovendal.ro\\\/wp52\\\/desi-murise-marele-poet-ion-minulescu-inca-vorbea-la-telefon-cum-e-posibil-asa-ceva\\\/#respond\"]}]},{\"@type\":\"WebPage\",\"@id\":\"https:\\\/\\\/www.lovendal.ro\\\/wp52\\\/desi-murise-marele-poet-ion-minulescu-inca-vorbea-la-telefon-cum-e-posibil-asa-ceva\\\/\",\"url\":\"https:\\\/\\\/www.lovendal.ro\\\/wp52\\\/desi-murise-marele-poet-ion-minulescu-inca-vorbea-la-telefon-cum-e-posibil-asa-ceva\\\/\",\"name\":\"De\u015fi \\\"murise\\\", marele poet Ion Minulescu \u00eenc\u0103 vorbea la telefon! Cum e posibil a\u015fa ceva!? - Secretele lui Lovendal\",\"isPartOf\":{\"@id\":\"https:\\\/\\\/www.lovendal.ro\\\/wp52\\\/#website\"},\"primaryImageOfPage\":{\"@id\":\"https:\\\/\\\/www.lovendal.ro\\\/wp52\\\/desi-murise-marele-poet-ion-minulescu-inca-vorbea-la-telefon-cum-e-posibil-asa-ceva\\\/#primaryimage\"},\"image\":{\"@id\":\"https:\\\/\\\/www.lovendal.ro\\\/wp52\\\/desi-murise-marele-poet-ion-minulescu-inca-vorbea-la-telefon-cum-e-posibil-asa-ceva\\\/#primaryimage\"},\"thumbnailUrl\":\"https:\\\/\\\/www.lovendal.ro\\\/wp52\\\/wp-content\\\/uploads\\\/2014\\\/12\\\/Ion_Minulescu.jpg\",\"datePublished\":\"2014-12-01T19:51:16+00:00\",\"dateModified\":\"2020-12-05T11:46:40+00:00\",\"breadcrumb\":{\"@id\":\"https:\\\/\\\/www.lovendal.ro\\\/wp52\\\/desi-murise-marele-poet-ion-minulescu-inca-vorbea-la-telefon-cum-e-posibil-asa-ceva\\\/#breadcrumb\"},\"inLanguage\":\"ro-RO\",\"potentialAction\":[{\"@type\":\"ReadAction\",\"target\":[\"https:\\\/\\\/www.lovendal.ro\\\/wp52\\\/desi-murise-marele-poet-ion-minulescu-inca-vorbea-la-telefon-cum-e-posibil-asa-ceva\\\/\"]}]},{\"@type\":\"ImageObject\",\"inLanguage\":\"ro-RO\",\"@id\":\"https:\\\/\\\/www.lovendal.ro\\\/wp52\\\/desi-murise-marele-poet-ion-minulescu-inca-vorbea-la-telefon-cum-e-posibil-asa-ceva\\\/#primaryimage\",\"url\":\"https:\\\/\\\/www.lovendal.ro\\\/wp52\\\/wp-content\\\/uploads\\\/2014\\\/12\\\/Ion_Minulescu.jpg\",\"contentUrl\":\"https:\\\/\\\/www.lovendal.ro\\\/wp52\\\/wp-content\\\/uploads\\\/2014\\\/12\\\/Ion_Minulescu.jpg\",\"width\":330,\"height\":329},{\"@type\":\"BreadcrumbList\",\"@id\":\"https:\\\/\\\/www.lovendal.ro\\\/wp52\\\/desi-murise-marele-poet-ion-minulescu-inca-vorbea-la-telefon-cum-e-posibil-asa-ceva\\\/#breadcrumb\",\"itemListElement\":[{\"@type\":\"ListItem\",\"position\":1,\"name\":\"Home\",\"item\":\"https:\\\/\\\/www.lovendal.ro\\\/wp52\\\/\"},{\"@type\":\"ListItem\",\"position\":2,\"name\":\"De\u015fi &#8222;murise&#8221;, marele poet Ion Minulescu \u00eenc\u0103 vorbea la telefon! Cum e posibil a\u015fa ceva!?\"}]},{\"@type\":\"WebSite\",\"@id\":\"https:\\\/\\\/www.lovendal.ro\\\/wp52\\\/#website\",\"url\":\"https:\\\/\\\/www.lovendal.ro\\\/wp52\\\/\",\"name\":\"Secretele lui Lovendal\",\"description\":\"Site de secrete, stiinta si metafizica - din 2008 -\",\"publisher\":{\"@id\":\"https:\\\/\\\/www.lovendal.ro\\\/wp52\\\/#organization\"},\"potentialAction\":[{\"@type\":\"SearchAction\",\"target\":{\"@type\":\"EntryPoint\",\"urlTemplate\":\"https:\\\/\\\/www.lovendal.ro\\\/wp52\\\/?s={search_term_string}\"},\"query-input\":{\"@type\":\"PropertyValueSpecification\",\"valueRequired\":true,\"valueName\":\"search_term_string\"}}],\"inLanguage\":\"ro-RO\"},{\"@type\":\"Organization\",\"@id\":\"https:\\\/\\\/www.lovendal.ro\\\/wp52\\\/#organization\",\"name\":\"Secretele lui Lovendal\",\"url\":\"https:\\\/\\\/www.lovendal.ro\\\/wp52\\\/\",\"logo\":{\"@type\":\"ImageObject\",\"inLanguage\":\"ro-RO\",\"@id\":\"https:\\\/\\\/www.lovendal.ro\\\/wp52\\\/#\\\/schema\\\/logo\\\/image\\\/\",\"url\":\"https:\\\/\\\/www.lovendal.ro\\\/wp52\\\/wp-content\\\/uploads\\\/2024\\\/06\\\/cropped-SLL-iun-2024-1.jpg\",\"contentUrl\":\"https:\\\/\\\/www.lovendal.ro\\\/wp52\\\/wp-content\\\/uploads\\\/2024\\\/06\\\/cropped-SLL-iun-2024-1.jpg\",\"width\":771,\"height\":240,\"caption\":\"Secretele lui Lovendal\"},\"image\":{\"@id\":\"https:\\\/\\\/www.lovendal.ro\\\/wp52\\\/#\\\/schema\\\/logo\\\/image\\\/\"},\"sameAs\":[\"https:\\\/\\\/www.facebook.com\\\/secreteleluilovendal\"]},{\"@type\":\"Person\",\"@id\":\"https:\\\/\\\/www.lovendal.ro\\\/wp52\\\/#\\\/schema\\\/person\\\/088691de5dfc346bb0c023e1e52ef5d9\",\"name\":\"admin\",\"image\":{\"@type\":\"ImageObject\",\"inLanguage\":\"ro-RO\",\"@id\":\"https:\\\/\\\/secure.gravatar.com\\\/avatar\\\/ecb9cd41f5f63c9c9b989999a59f6e2639a865ec361e9db054db0679a8f341c2?s=96&d=mm&r=g\",\"url\":\"https:\\\/\\\/secure.gravatar.com\\\/avatar\\\/ecb9cd41f5f63c9c9b989999a59f6e2639a865ec361e9db054db0679a8f341c2?s=96&d=mm&r=g\",\"contentUrl\":\"https:\\\/\\\/secure.gravatar.com\\\/avatar\\\/ecb9cd41f5f63c9c9b989999a59f6e2639a865ec361e9db054db0679a8f341c2?s=96&d=mm&r=g\",\"caption\":\"admin\"},\"sameAs\":[\"https:\\\/\\\/www.lovendal.ro\\\/wp52\"]}]}<\/script>\n<!-- \/ Yoast SEO Premium plugin. -->","yoast_head_json":{"title":"De\u015fi \"murise\", marele poet Ion Minulescu \u00eenc\u0103 vorbea la telefon! Cum e posibil a\u015fa ceva!? - Secretele lui Lovendal","robots":{"index":"index","follow":"follow","max-snippet":"max-snippet:-1","max-image-preview":"max-image-preview:large","max-video-preview":"max-video-preview:-1"},"canonical":"https:\/\/www.lovendal.ro\/wp52\/desi-murise-marele-poet-ion-minulescu-inca-vorbea-la-telefon-cum-e-posibil-asa-ceva\/","og_locale":"ro_RO","og_type":"article","og_title":"De\u015fi \"murise\", marele poet Ion Minulescu \u00eenc\u0103 vorbea la telefon! Cum e posibil a\u015fa ceva!?","og_description":"Iat\u0103 un articol despre un mare poet rom\u00e2n, dar totu\u015fi mai pu\u0163in studiat. E vorba de Ion Minulescu (1881-1944), un poet important al simbolismului rom\u00e2nesc. El a scris mai multe volume de poezii, dar \u015fi de proz\u0103 (toat\u0103 biografia poetului ... Cititi mai multe","og_url":"https:\/\/www.lovendal.ro\/wp52\/desi-murise-marele-poet-ion-minulescu-inca-vorbea-la-telefon-cum-e-posibil-asa-ceva\/","og_site_name":"Secretele lui Lovendal","article_publisher":"https:\/\/www.facebook.com\/secreteleluilovendal","article_published_time":"2014-12-01T19:51:16+00:00","article_modified_time":"2020-12-05T11:46:40+00:00","og_image":[{"width":330,"height":329,"url":"https:\/\/www.lovendal.ro\/wp52\/wp-content\/uploads\/2014\/12\/Ion_Minulescu.jpg","type":"image\/jpeg"}],"author":"admin","twitter_card":"summary_large_image","twitter_misc":{"Scris de":"admin","Timp estimat pentru citire":"1 minut"},"schema":{"@context":"https:\/\/schema.org","@graph":[{"@type":"Article","@id":"https:\/\/www.lovendal.ro\/wp52\/desi-murise-marele-poet-ion-minulescu-inca-vorbea-la-telefon-cum-e-posibil-asa-ceva\/#article","isPartOf":{"@id":"https:\/\/www.lovendal.ro\/wp52\/desi-murise-marele-poet-ion-minulescu-inca-vorbea-la-telefon-cum-e-posibil-asa-ceva\/"},"author":{"name":"admin","@id":"https:\/\/www.lovendal.ro\/wp52\/#\/schema\/person\/088691de5dfc346bb0c023e1e52ef5d9"},"headline":"De\u015fi &#8222;murise&#8221;, marele poet Ion Minulescu \u00eenc\u0103 vorbea la telefon! Cum e posibil a\u015fa ceva!?","datePublished":"2014-12-01T19:51:16+00:00","dateModified":"2020-12-05T11:46:40+00:00","mainEntityOfPage":{"@id":"https:\/\/www.lovendal.ro\/wp52\/desi-murise-marele-poet-ion-minulescu-inca-vorbea-la-telefon-cum-e-posibil-asa-ceva\/"},"wordCount":308,"commentCount":1,"publisher":{"@id":"https:\/\/www.lovendal.ro\/wp52\/#organization"},"image":{"@id":"https:\/\/www.lovendal.ro\/wp52\/desi-murise-marele-poet-ion-minulescu-inca-vorbea-la-telefon-cum-e-posibil-asa-ceva\/#primaryimage"},"thumbnailUrl":"https:\/\/www.lovendal.ro\/wp52\/wp-content\/uploads\/2014\/12\/Ion_Minulescu.jpg","keywords":["Cultura","Ion Minulescu","moarte","necrolog","poet","poezie","Rom\u00e2nia","telefon","versuri","Wikipedia","ziar"],"articleSection":["Cultura","Noutati"],"inLanguage":"ro-RO","potentialAction":[{"@type":"CommentAction","name":"Comment","target":["https:\/\/www.lovendal.ro\/wp52\/desi-murise-marele-poet-ion-minulescu-inca-vorbea-la-telefon-cum-e-posibil-asa-ceva\/#respond"]}]},{"@type":"WebPage","@id":"https:\/\/www.lovendal.ro\/wp52\/desi-murise-marele-poet-ion-minulescu-inca-vorbea-la-telefon-cum-e-posibil-asa-ceva\/","url":"https:\/\/www.lovendal.ro\/wp52\/desi-murise-marele-poet-ion-minulescu-inca-vorbea-la-telefon-cum-e-posibil-asa-ceva\/","name":"De\u015fi \"murise\", marele poet Ion Minulescu \u00eenc\u0103 vorbea la telefon! Cum e posibil a\u015fa ceva!? - Secretele lui Lovendal","isPartOf":{"@id":"https:\/\/www.lovendal.ro\/wp52\/#website"},"primaryImageOfPage":{"@id":"https:\/\/www.lovendal.ro\/wp52\/desi-murise-marele-poet-ion-minulescu-inca-vorbea-la-telefon-cum-e-posibil-asa-ceva\/#primaryimage"},"image":{"@id":"https:\/\/www.lovendal.ro\/wp52\/desi-murise-marele-poet-ion-minulescu-inca-vorbea-la-telefon-cum-e-posibil-asa-ceva\/#primaryimage"},"thumbnailUrl":"https:\/\/www.lovendal.ro\/wp52\/wp-content\/uploads\/2014\/12\/Ion_Minulescu.jpg","datePublished":"2014-12-01T19:51:16+00:00","dateModified":"2020-12-05T11:46:40+00:00","breadcrumb":{"@id":"https:\/\/www.lovendal.ro\/wp52\/desi-murise-marele-poet-ion-minulescu-inca-vorbea-la-telefon-cum-e-posibil-asa-ceva\/#breadcrumb"},"inLanguage":"ro-RO","potentialAction":[{"@type":"ReadAction","target":["https:\/\/www.lovendal.ro\/wp52\/desi-murise-marele-poet-ion-minulescu-inca-vorbea-la-telefon-cum-e-posibil-asa-ceva\/"]}]},{"@type":"ImageObject","inLanguage":"ro-RO","@id":"https:\/\/www.lovendal.ro\/wp52\/desi-murise-marele-poet-ion-minulescu-inca-vorbea-la-telefon-cum-e-posibil-asa-ceva\/#primaryimage","url":"https:\/\/www.lovendal.ro\/wp52\/wp-content\/uploads\/2014\/12\/Ion_Minulescu.jpg","contentUrl":"https:\/\/www.lovendal.ro\/wp52\/wp-content\/uploads\/2014\/12\/Ion_Minulescu.jpg","width":330,"height":329},{"@type":"BreadcrumbList","@id":"https:\/\/www.lovendal.ro\/wp52\/desi-murise-marele-poet-ion-minulescu-inca-vorbea-la-telefon-cum-e-posibil-asa-ceva\/#breadcrumb","itemListElement":[{"@type":"ListItem","position":1,"name":"Home","item":"https:\/\/www.lovendal.ro\/wp52\/"},{"@type":"ListItem","position":2,"name":"De\u015fi &#8222;murise&#8221;, marele poet Ion Minulescu \u00eenc\u0103 vorbea la telefon! Cum e posibil a\u015fa ceva!?"}]},{"@type":"WebSite","@id":"https:\/\/www.lovendal.ro\/wp52\/#website","url":"https:\/\/www.lovendal.ro\/wp52\/","name":"Secretele lui Lovendal","description":"Site de secrete, stiinta si metafizica - din 2008 -","publisher":{"@id":"https:\/\/www.lovendal.ro\/wp52\/#organization"},"potentialAction":[{"@type":"SearchAction","target":{"@type":"EntryPoint","urlTemplate":"https:\/\/www.lovendal.ro\/wp52\/?s={search_term_string}"},"query-input":{"@type":"PropertyValueSpecification","valueRequired":true,"valueName":"search_term_string"}}],"inLanguage":"ro-RO"},{"@type":"Organization","@id":"https:\/\/www.lovendal.ro\/wp52\/#organization","name":"Secretele lui Lovendal","url":"https:\/\/www.lovendal.ro\/wp52\/","logo":{"@type":"ImageObject","inLanguage":"ro-RO","@id":"https:\/\/www.lovendal.ro\/wp52\/#\/schema\/logo\/image\/","url":"https:\/\/www.lovendal.ro\/wp52\/wp-content\/uploads\/2024\/06\/cropped-SLL-iun-2024-1.jpg","contentUrl":"https:\/\/www.lovendal.ro\/wp52\/wp-content\/uploads\/2024\/06\/cropped-SLL-iun-2024-1.jpg","width":771,"height":240,"caption":"Secretele lui Lovendal"},"image":{"@id":"https:\/\/www.lovendal.ro\/wp52\/#\/schema\/logo\/image\/"},"sameAs":["https:\/\/www.facebook.com\/secreteleluilovendal"]},{"@type":"Person","@id":"https:\/\/www.lovendal.ro\/wp52\/#\/schema\/person\/088691de5dfc346bb0c023e1e52ef5d9","name":"admin","image":{"@type":"ImageObject","inLanguage":"ro-RO","@id":"https:\/\/secure.gravatar.com\/avatar\/ecb9cd41f5f63c9c9b989999a59f6e2639a865ec361e9db054db0679a8f341c2?s=96&d=mm&r=g","url":"https:\/\/secure.gravatar.com\/avatar\/ecb9cd41f5f63c9c9b989999a59f6e2639a865ec361e9db054db0679a8f341c2?s=96&d=mm&r=g","contentUrl":"https:\/\/secure.gravatar.com\/avatar\/ecb9cd41f5f63c9c9b989999a59f6e2639a865ec361e9db054db0679a8f341c2?s=96&d=mm&r=g","caption":"admin"},"sameAs":["https:\/\/www.lovendal.ro\/wp52"]}]}},"_links":{"self":[{"href":"https:\/\/www.lovendal.ro\/wp52\/wp-json\/wp\/v2\/posts\/36718","targetHints":{"allow":["GET"]}}],"collection":[{"href":"https:\/\/www.lovendal.ro\/wp52\/wp-json\/wp\/v2\/posts"}],"about":[{"href":"https:\/\/www.lovendal.ro\/wp52\/wp-json\/wp\/v2\/types\/post"}],"author":[{"embeddable":true,"href":"https:\/\/www.lovendal.ro\/wp52\/wp-json\/wp\/v2\/users\/1"}],"replies":[{"embeddable":true,"href":"https:\/\/www.lovendal.ro\/wp52\/wp-json\/wp\/v2\/comments?post=36718"}],"version-history":[{"count":0,"href":"https:\/\/www.lovendal.ro\/wp52\/wp-json\/wp\/v2\/posts\/36718\/revisions"}],"wp:featuredmedia":[{"embeddable":true,"href":"https:\/\/www.lovendal.ro\/wp52\/wp-json\/wp\/v2\/media\/36719"}],"wp:attachment":[{"href":"https:\/\/www.lovendal.ro\/wp52\/wp-json\/wp\/v2\/media?parent=36718"}],"wp:term":[{"taxonomy":"category","embeddable":true,"href":"https:\/\/www.lovendal.ro\/wp52\/wp-json\/wp\/v2\/categories?post=36718"},{"taxonomy":"post_tag","embeddable":true,"href":"https:\/\/www.lovendal.ro\/wp52\/wp-json\/wp\/v2\/tags?post=36718"}],"curies":[{"name":"wp","href":"https:\/\/api.w.org\/{rel}","templated":true}]}}