{"id":36625,"date":"2014-11-24T13:14:16","date_gmt":"2014-11-24T10:14:16","guid":{"rendered":"http:\/\/www.lovendal.ro\/wp52\/?p=36625"},"modified":"2020-04-27T11:38:38","modified_gmt":"2020-04-27T08:38:38","slug":"am-incercat-sa-deslusesc-misterul-luminii-portocalii-din-bucuresti-de-dinainte-si-dupa-cutremurul-din-22-noiembrie-2014-iata-la-ce-concluzii-am-ajuns","status":"publish","type":"post","link":"https:\/\/www.lovendal.ro\/wp52\/am-incercat-sa-deslusesc-misterul-luminii-portocalii-din-bucuresti-de-dinainte-si-dupa-cutremurul-din-22-noiembrie-2014-iata-la-ce-concluzii-am-ajuns\/","title":{"rendered":"Am \u00eencercat s\u0103 deslu\u015fesc misterul luminii portocalii din Bucure\u015fti, de dinainte \u015fi dup\u0103 cutremurul din 22 noiembrie 2014! Iat\u0103 la ce concluzii am ajuns&#8230;"},"content":{"rendered":"<p><img loading=\"lazy\" decoding=\"async\" class=\"alignleft size-full wp-image-36626\" src=\"https:\/\/www.lovendal.ro\/wp52\/wp-content\/uploads\/2014\/11\/lumina-misterioasa-Bucuresti.jpg\" alt=\"lumina misterioasa Bucuresti\" width=\"335\" height=\"271\" srcset=\"https:\/\/www.lovendal.ro\/wp52\/wp-content\/uploads\/2014\/11\/lumina-misterioasa-Bucuresti.jpg 335w, https:\/\/www.lovendal.ro\/wp52\/wp-content\/uploads\/2014\/11\/lumina-misterioasa-Bucuresti-300x242.jpg 300w\" sizes=\"auto, (max-width: 335px) 100vw, 335px\" \/>Ieri, \u00een cadrul unui post de pe Facebook rugam cititorii de pe site care sunt din Bucure\u015fti s\u0103-mi spun\u0103 mai multe despre lumina portocalie care ar fi fost observat\u0103 \u00een capitala \u0163\u0103rii imediat dup\u0103 cutremur. Am primit foarte multe mesaje (\u015fi \u00een public \u015fi \u00een particular) \u015fi de aceea le mul\u0163umesc tuturor. Culmea e c\u0103 multe mesaje se contrazic \u00eentre ele, dar totu\u015fi am putut trage ni\u015fte concluzii (sper s\u0103 fie c\u00e2t mai aproape de adev\u0103r):<\/p>\n<p>* lumina &#8222;portocalie&#8221; a ap\u0103rut deasupra Bucure\u015ftiului \u015fi \u00eenainte de cutremur de vreo 2 seri (joi seara \u015fi vineri seara), dar s-a v\u0103zut bine \u015fi imediat dup\u0103 cutremur (s\u00e2mb\u0103t\u0103 seara). Ieri, adic\u0103 duminic\u0103 seara, lumina a fost mai slab\u0103 fa\u0163\u0103 de serile trecute;<\/p>\n<p>* se pare c\u0103 lumina avea o nuan\u0163\u0103 mai alb\u0103struie \u00een serile dinaintea cutremurului, poate din cauza prezen\u0163ei Lunii noi;<\/p>\n<p>* unii spun c\u0103 lumina provine de la reflectoarele de pe National Arena&#8230; e posibil s\u0103 fie adev\u0103rat. Totu\u015fi, cum se face c\u0103 intensitatea \u015fi nuan\u0163a culorii au fost diferite \u00een fiecare sear\u0103? M\u0103 g\u00e2ndesc c\u0103 aceast\u0103 culoare ar fi trebuit s\u0103 fie la fel de intens\u0103 \u00een fiecare sear\u0103 dac\u0103 provenea doar de la stadion.<\/p>\n<p>* e ciudat \u015fi e o mare coinciden\u0163\u0103 c\u0103 aceast\u0103 lumin\u0103 a ap\u0103rut \u00eenaintea \u015fi dup\u0103 cutremur; de ce nu a fost observat\u0103 \u015fi acum o lun\u0103 sau 2 luni? Sau acum c\u00e2teva s\u0103pt\u0103m\u00e2ni? Pentru c\u0103 nu am g\u0103sit relat\u0103ri p\u00e2n\u0103 \u00een prezent c\u0103 ea ar mai fi fost observat\u0103 \u015fi \u00een trecut;<\/p>\n<p>* de ce se aprind reflectoarele pe National Arena \u015fi atunci c\u00e2nd nu se desf\u0103\u015foar\u0103 un meci de fotbal? Le convine celor de la Prim\u0103ria General\u0103 a Capitalei s\u0103 aprind\u0103 reflectoarele a\u015fa de-aiurea, \u00een fiecare sear\u0103, pentru a cheltui o mul\u0163ime de bani pe factura de electricitate?<\/p>\n<p>Acum, dac\u0103 ar fi fost o lumin\u0103 legat\u0103 de cutremur, din punct de vedere \u015ftiin\u0163ific este accept\u0103 aceast\u0103 ipotez\u0103, de\u015fi nu se cunoa\u015fte foarte exact cauza, iar oamenii de \u015ftiin\u0163\u0103 s-au \u00eentrecut \u00een tot felul de explica\u0163ii. Citez de pe <a href=\"http:\/\/en.wikipedia.org\/wiki\/Earthquake_light\" target=\"_blank\" rel=\"noopener noreferrer\"><strong>Wikipedia<\/strong><\/a>:<\/p>\n<p><span id=\"result_box\" lang=\"ro\"><span class=\"hps\">Cercet\u0103rile cu privire la<\/span> <span class=\"hps\">luminile ce apar \u00een preajma<\/span> <span class=\"hps\">cutremurelor se afl\u0103<\/span> <span class=\"hps\">\u00een curs de desf\u0103\u0219urare<\/span>; <span class=\"hps\">ca atare<\/span>, <span class=\"hps\">s-au propus<\/span> <span class=\"hps\">mai multe ipoteze<\/span>. <span class=\"hps\">Cea<\/span><span class=\"hps\"> mai<\/span> <span class=\"hps\">recent\u0103<\/span> <span class=\"hps\">sugereaz\u0103 c\u0103<\/span> <span class=\"hps\">generarea<\/span> <span class=\"hps\">luminilor de<\/span> <span class=\"hps\">cutremur<\/span> <span class=\"hps\">implic\u0103<\/span> <span class=\"hps\">ionizarea<\/span> <span class=\"hps\">oxigenului<\/span> <span class=\"hps\">la<\/span> <span class=\"hps\">anionii<\/span> <span class=\"hps\">de oxigen,<\/span> <span class=\"hps\">prin<\/span> <span class=\"hps\">ruperea<\/span> <span class=\"hps\">leg\u0103turilor peroxidice<\/span> <span class=\"hps\">\u00een<\/span> <span class=\"hps\">anumite<\/span> <span class=\"hps\">tipuri<\/span> <span class=\"hps\">de<\/span> <span class=\"hps\">roci, prin frecarea<\/span> extrem de puternic\u0103 <span class=\"hps\">\u00eenainte \u0219i \u00een timpul<\/span> <span class=\"hps\">unui cutremur<\/span>. <span class=\"hps\">Dupa<\/span> <span class=\"hps\">ionizare<\/span>, <span class=\"hps\">ionii<\/span> scap\u0103 <span class=\"hps\">prin<\/span> <span class=\"hps\">fisurile rocilor<\/span>. <span class=\"hps\">Odat\u0103 ce<\/span> <span class=\"hps\">ace\u015ftia ajung \u00een<\/span> <span class=\"hps\">atmosfer\u0103,<\/span> aceste elemente <span class=\"hps\">pot<\/span> <span class=\"hps\">ioniza<\/span> <span class=\"hps\">perne de aer<\/span>, <span class=\"hps\">form\u00e2nd<\/span> <span class=\"hps\">plasma<\/span> <span class=\"hps\">care emite<\/span> <span class=\"hps\">lumin\u0103<\/span>. E<span class=\"hps\">xperimentele de laborator<\/span> <span class=\"hps\">au<\/span> <span class=\"hps\">confirmat c\u0103<\/span> unele<span class=\"hps\"> pietre<\/span> <span class=\"hps\">pot<\/span> <span class=\"hps\">ioniza<\/span> <span class=\"hps\">oxigenul, atunci<\/span> <span class=\"hps\">c\u00e2nd ele sunt supuse unor<\/span> <span class=\"hps\">niveluri ridicate<\/span> <span class=\"hps\">de stres<\/span>.<\/span><\/p>\n<p>O <span class=\"hps\">alt\u0103<\/span> <span class=\"hps\">explica\u021bie<\/span> <span class=\"hps\">implic\u0103<\/span> <span class=\"hps\">c\u00e2mpuri electrice<\/span> <span class=\"hps\">intense<\/span> <span class=\"hps\">create<\/span> <span class=\"hps\">piezoelectric<\/span> <span class=\"hps\">prin mi\u0219c\u0103ri<\/span> <span class=\"hps\">tectonice<\/span> <span class=\"hps\">de roci<\/span> <span class=\"hps\">care con\u021bin<\/span> <span class=\"hps\">cuar\u021b<\/span>. \u015ei, \u00een fine, o a treia explica\u0163ie ar fi aceea c\u0103 este perturbat local <span class=\"hps\">c\u00e2mpul<\/span> <span class=\"hps\">magnetic al P\u0103m\u00e2ntului<\/span> <span class=\"hps\">\u0219i<\/span> <span class=\"hps\">\/<\/span> <span class=\"hps\">sau<\/span> <span class=\"hps\">ionosfera<\/span> di<span class=\"hps\">n regiunea<\/span> <span class=\"hps\">de<\/span> <span class=\"hps\">stres<\/span> <span class=\"hps\">tectonic<\/span>, din care rezult\u0103 <span class=\"hps\">efectele<\/span> <span class=\"hps\">luminoase<\/span> <span class=\"hps\">observate<\/span>.<\/p>\n<p>P.S. Mul\u0163umesc cititoarei Maria Ilinca de pe <a href=\"https:\/\/www.facebook.com\/ili.mary.58\" target=\"_blank\" rel=\"noopener noreferrer\"><strong>Facebook<\/strong><\/a>, care mi-a trimis mai multe fotografii cu misterioasa culoare din Bucure\u015fti, una din ele folosind-o (cu acordul ei) la \u00eenceputul acestui articol.<\/p>\n","protected":false},"excerpt":{"rendered":"<p>Ieri, \u00een cadrul unui post de pe Facebook rugam cititorii de pe site care sunt din Bucure\u015fti s\u0103-mi spun\u0103 mai multe despre lumina portocalie care ar fi fost observat\u0103 \u00een capitala \u0163\u0103rii imediat dup\u0103 cutremur. Am primit foarte multe mesaje &#8230; <\/p>\n<p class=\"read-more-container\"><a title=\"Am \u00eencercat s\u0103 deslu\u015fesc misterul luminii portocalii din Bucure\u015fti, de dinainte \u015fi dup\u0103 cutremurul din 22 noiembrie 2014! Iat\u0103 la ce concluzii am ajuns&#8230;\" class=\"read-more button\" href=\"https:\/\/www.lovendal.ro\/wp52\/am-incercat-sa-deslusesc-misterul-luminii-portocalii-din-bucuresti-de-dinainte-si-dupa-cutremurul-din-22-noiembrie-2014-iata-la-ce-concluzii-am-ajuns\/#more-36625\" aria-label=\"Cite\u0219te mai multe despre Am \u00eencercat s\u0103 deslu\u015fesc misterul luminii portocalii din Bucure\u015fti, de dinainte \u015fi dup\u0103 cutremurul din 22 noiembrie 2014! Iat\u0103 la ce concluzii am ajuns&#8230;\">Cititi mai multe<\/a><\/p>\n","protected":false},"author":1,"featured_media":36626,"comment_status":"open","ping_status":"open","sticky":false,"template":"","format":"standard","meta":{"footnotes":""},"categories":[475,2833],"tags":[950,6885,827,1662,358,567,2924,1331,4052,95,2239,7189,952,149,8836,151,1692,105,4263,7890,74,5469,5287],"class_list":["post-36625","post","type-post","status-publish","format-standard","has-post-thumbnail","hentry","category-conspiratii-mistere","category-noutati","tag-albastru","tag-aurora","tag-bucuresti","tag-camp-magnetic","tag-conspiratii-si-mistere","tag-cuart","tag-culoare","tag-cutremur","tag-facebook","tag-fotbal","tag-haarp","tag-ioni","tag-lumina","tag-luna","tag-national-arena","tag-oras","tag-oxigen","tag-pamant","tag-portocaliu","tag-roca","tag-romania","tag-stadion","tag-wikipedia","resize-featured-image"],"yoast_head":"<!-- This site is optimized with the Yoast SEO Premium plugin v23.3 (Yoast SEO v27.4) - https:\/\/yoast.com\/product\/yoast-seo-premium-wordpress\/ -->\n<title>Am \u00eencercat s\u0103 deslu\u015fesc misterul luminii portocalii din Bucure\u015fti, de dinainte \u015fi dup\u0103 cutremurul din 22 noiembrie 2014! Iat\u0103 la ce concluzii am ajuns... - Secretele lui Lovendal<\/title>\n<meta name=\"robots\" content=\"index, follow, max-snippet:-1, max-image-preview:large, max-video-preview:-1\" \/>\n<link rel=\"canonical\" href=\"https:\/\/www.lovendal.ro\/wp52\/am-incercat-sa-deslusesc-misterul-luminii-portocalii-din-bucuresti-de-dinainte-si-dupa-cutremurul-din-22-noiembrie-2014-iata-la-ce-concluzii-am-ajuns\/\" \/>\n<meta property=\"og:locale\" content=\"ro_RO\" \/>\n<meta property=\"og:type\" content=\"article\" \/>\n<meta property=\"og:title\" content=\"Am \u00eencercat s\u0103 deslu\u015fesc misterul luminii portocalii din Bucure\u015fti, de dinainte \u015fi dup\u0103 cutremurul din 22 noiembrie 2014! Iat\u0103 la ce concluzii am ajuns...\" \/>\n<meta property=\"og:description\" content=\"Ieri, \u00een cadrul unui post de pe Facebook rugam cititorii de pe site care sunt din Bucure\u015fti s\u0103-mi spun\u0103 mai multe despre lumina portocalie care ar fi fost observat\u0103 \u00een capitala \u0163\u0103rii imediat dup\u0103 cutremur. Am primit foarte multe mesaje ... Cititi mai multe\" \/>\n<meta property=\"og:url\" content=\"https:\/\/www.lovendal.ro\/wp52\/am-incercat-sa-deslusesc-misterul-luminii-portocalii-din-bucuresti-de-dinainte-si-dupa-cutremurul-din-22-noiembrie-2014-iata-la-ce-concluzii-am-ajuns\/\" \/>\n<meta property=\"og:site_name\" content=\"Secretele lui Lovendal\" \/>\n<meta property=\"article:publisher\" content=\"https:\/\/www.facebook.com\/secreteleluilovendal\" \/>\n<meta property=\"article:published_time\" content=\"2014-11-24T10:14:16+00:00\" \/>\n<meta property=\"article:modified_time\" content=\"2020-04-27T08:38:38+00:00\" \/>\n<meta property=\"og:image\" content=\"https:\/\/www.lovendal.ro\/wp52\/wp-content\/uploads\/2014\/11\/lumina-misterioasa-Bucuresti.jpg\" \/>\n\t<meta property=\"og:image:width\" content=\"335\" \/>\n\t<meta property=\"og:image:height\" content=\"271\" \/>\n\t<meta property=\"og:image:type\" content=\"image\/jpeg\" \/>\n<meta name=\"author\" content=\"admin\" \/>\n<meta name=\"twitter:card\" content=\"summary_large_image\" \/>\n<meta name=\"twitter:label1\" content=\"Scris de\" \/>\n\t<meta name=\"twitter:data1\" content=\"admin\" \/>\n\t<meta name=\"twitter:label2\" content=\"Timp estimat pentru citire\" \/>\n\t<meta name=\"twitter:data2\" content=\"3 minute\" \/>\n<script type=\"application\/ld+json\" class=\"yoast-schema-graph\">{\"@context\":\"https:\\\/\\\/schema.org\",\"@graph\":[{\"@type\":\"Article\",\"@id\":\"https:\\\/\\\/www.lovendal.ro\\\/wp52\\\/am-incercat-sa-deslusesc-misterul-luminii-portocalii-din-bucuresti-de-dinainte-si-dupa-cutremurul-din-22-noiembrie-2014-iata-la-ce-concluzii-am-ajuns\\\/#article\",\"isPartOf\":{\"@id\":\"https:\\\/\\\/www.lovendal.ro\\\/wp52\\\/am-incercat-sa-deslusesc-misterul-luminii-portocalii-din-bucuresti-de-dinainte-si-dupa-cutremurul-din-22-noiembrie-2014-iata-la-ce-concluzii-am-ajuns\\\/\"},\"author\":{\"name\":\"admin\",\"@id\":\"https:\\\/\\\/www.lovendal.ro\\\/wp52\\\/#\\\/schema\\\/person\\\/088691de5dfc346bb0c023e1e52ef5d9\"},\"headline\":\"Am \u00eencercat s\u0103 deslu\u015fesc misterul luminii portocalii din Bucure\u015fti, de dinainte \u015fi dup\u0103 cutremurul din 22 noiembrie 2014! Iat\u0103 la ce concluzii am ajuns&#8230;\",\"datePublished\":\"2014-11-24T10:14:16+00:00\",\"dateModified\":\"2020-04-27T08:38:38+00:00\",\"mainEntityOfPage\":{\"@id\":\"https:\\\/\\\/www.lovendal.ro\\\/wp52\\\/am-incercat-sa-deslusesc-misterul-luminii-portocalii-din-bucuresti-de-dinainte-si-dupa-cutremurul-din-22-noiembrie-2014-iata-la-ce-concluzii-am-ajuns\\\/\"},\"wordCount\":590,\"commentCount\":9,\"publisher\":{\"@id\":\"https:\\\/\\\/www.lovendal.ro\\\/wp52\\\/#organization\"},\"image\":{\"@id\":\"https:\\\/\\\/www.lovendal.ro\\\/wp52\\\/am-incercat-sa-deslusesc-misterul-luminii-portocalii-din-bucuresti-de-dinainte-si-dupa-cutremurul-din-22-noiembrie-2014-iata-la-ce-concluzii-am-ajuns\\\/#primaryimage\"},\"thumbnailUrl\":\"https:\\\/\\\/www.lovendal.ro\\\/wp52\\\/wp-content\\\/uploads\\\/2014\\\/11\\\/lumina-misterioasa-Bucuresti.jpg\",\"keywords\":[\"albastru\",\"Aurora\",\"Bucure\u015fti\",\"c\u00e2mp magnetic\",\"Conspiratii si Mistere\",\"cuar\u0163\",\"culoare\",\"cutremur\",\"Facebook\",\"fotbal\",\"HAARP\",\"ioni\",\"lumin\u0103\",\"Lun\u0103\",\"National Arena\",\"ora\u015f\",\"oxigen\",\"P\u0103m\u00e2nt\",\"portocaliu\",\"roc\u0103\",\"Rom\u00e2nia\",\"stadion\",\"Wikipedia\"],\"articleSection\":[\"Conspiratii si Mistere\",\"Noutati\"],\"inLanguage\":\"ro-RO\",\"potentialAction\":[{\"@type\":\"CommentAction\",\"name\":\"Comment\",\"target\":[\"https:\\\/\\\/www.lovendal.ro\\\/wp52\\\/am-incercat-sa-deslusesc-misterul-luminii-portocalii-din-bucuresti-de-dinainte-si-dupa-cutremurul-din-22-noiembrie-2014-iata-la-ce-concluzii-am-ajuns\\\/#respond\"]}]},{\"@type\":\"WebPage\",\"@id\":\"https:\\\/\\\/www.lovendal.ro\\\/wp52\\\/am-incercat-sa-deslusesc-misterul-luminii-portocalii-din-bucuresti-de-dinainte-si-dupa-cutremurul-din-22-noiembrie-2014-iata-la-ce-concluzii-am-ajuns\\\/\",\"url\":\"https:\\\/\\\/www.lovendal.ro\\\/wp52\\\/am-incercat-sa-deslusesc-misterul-luminii-portocalii-din-bucuresti-de-dinainte-si-dupa-cutremurul-din-22-noiembrie-2014-iata-la-ce-concluzii-am-ajuns\\\/\",\"name\":\"Am \u00eencercat s\u0103 deslu\u015fesc misterul luminii portocalii din Bucure\u015fti, de dinainte \u015fi dup\u0103 cutremurul din 22 noiembrie 2014! Iat\u0103 la ce concluzii am ajuns... - Secretele lui Lovendal\",\"isPartOf\":{\"@id\":\"https:\\\/\\\/www.lovendal.ro\\\/wp52\\\/#website\"},\"primaryImageOfPage\":{\"@id\":\"https:\\\/\\\/www.lovendal.ro\\\/wp52\\\/am-incercat-sa-deslusesc-misterul-luminii-portocalii-din-bucuresti-de-dinainte-si-dupa-cutremurul-din-22-noiembrie-2014-iata-la-ce-concluzii-am-ajuns\\\/#primaryimage\"},\"image\":{\"@id\":\"https:\\\/\\\/www.lovendal.ro\\\/wp52\\\/am-incercat-sa-deslusesc-misterul-luminii-portocalii-din-bucuresti-de-dinainte-si-dupa-cutremurul-din-22-noiembrie-2014-iata-la-ce-concluzii-am-ajuns\\\/#primaryimage\"},\"thumbnailUrl\":\"https:\\\/\\\/www.lovendal.ro\\\/wp52\\\/wp-content\\\/uploads\\\/2014\\\/11\\\/lumina-misterioasa-Bucuresti.jpg\",\"datePublished\":\"2014-11-24T10:14:16+00:00\",\"dateModified\":\"2020-04-27T08:38:38+00:00\",\"breadcrumb\":{\"@id\":\"https:\\\/\\\/www.lovendal.ro\\\/wp52\\\/am-incercat-sa-deslusesc-misterul-luminii-portocalii-din-bucuresti-de-dinainte-si-dupa-cutremurul-din-22-noiembrie-2014-iata-la-ce-concluzii-am-ajuns\\\/#breadcrumb\"},\"inLanguage\":\"ro-RO\",\"potentialAction\":[{\"@type\":\"ReadAction\",\"target\":[\"https:\\\/\\\/www.lovendal.ro\\\/wp52\\\/am-incercat-sa-deslusesc-misterul-luminii-portocalii-din-bucuresti-de-dinainte-si-dupa-cutremurul-din-22-noiembrie-2014-iata-la-ce-concluzii-am-ajuns\\\/\"]}]},{\"@type\":\"ImageObject\",\"inLanguage\":\"ro-RO\",\"@id\":\"https:\\\/\\\/www.lovendal.ro\\\/wp52\\\/am-incercat-sa-deslusesc-misterul-luminii-portocalii-din-bucuresti-de-dinainte-si-dupa-cutremurul-din-22-noiembrie-2014-iata-la-ce-concluzii-am-ajuns\\\/#primaryimage\",\"url\":\"https:\\\/\\\/www.lovendal.ro\\\/wp52\\\/wp-content\\\/uploads\\\/2014\\\/11\\\/lumina-misterioasa-Bucuresti.jpg\",\"contentUrl\":\"https:\\\/\\\/www.lovendal.ro\\\/wp52\\\/wp-content\\\/uploads\\\/2014\\\/11\\\/lumina-misterioasa-Bucuresti.jpg\",\"width\":335,\"height\":271},{\"@type\":\"BreadcrumbList\",\"@id\":\"https:\\\/\\\/www.lovendal.ro\\\/wp52\\\/am-incercat-sa-deslusesc-misterul-luminii-portocalii-din-bucuresti-de-dinainte-si-dupa-cutremurul-din-22-noiembrie-2014-iata-la-ce-concluzii-am-ajuns\\\/#breadcrumb\",\"itemListElement\":[{\"@type\":\"ListItem\",\"position\":1,\"name\":\"Home\",\"item\":\"https:\\\/\\\/www.lovendal.ro\\\/wp52\\\/\"},{\"@type\":\"ListItem\",\"position\":2,\"name\":\"Am \u00eencercat s\u0103 deslu\u015fesc misterul luminii portocalii din Bucure\u015fti, de dinainte \u015fi dup\u0103 cutremurul din 22 noiembrie 2014! Iat\u0103 la ce concluzii am ajuns&#8230;\"}]},{\"@type\":\"WebSite\",\"@id\":\"https:\\\/\\\/www.lovendal.ro\\\/wp52\\\/#website\",\"url\":\"https:\\\/\\\/www.lovendal.ro\\\/wp52\\\/\",\"name\":\"Secretele lui Lovendal\",\"description\":\"Site de secrete, stiinta si metafizica - din 2008 -\",\"publisher\":{\"@id\":\"https:\\\/\\\/www.lovendal.ro\\\/wp52\\\/#organization\"},\"potentialAction\":[{\"@type\":\"SearchAction\",\"target\":{\"@type\":\"EntryPoint\",\"urlTemplate\":\"https:\\\/\\\/www.lovendal.ro\\\/wp52\\\/?s={search_term_string}\"},\"query-input\":{\"@type\":\"PropertyValueSpecification\",\"valueRequired\":true,\"valueName\":\"search_term_string\"}}],\"inLanguage\":\"ro-RO\"},{\"@type\":\"Organization\",\"@id\":\"https:\\\/\\\/www.lovendal.ro\\\/wp52\\\/#organization\",\"name\":\"Secretele lui Lovendal\",\"url\":\"https:\\\/\\\/www.lovendal.ro\\\/wp52\\\/\",\"logo\":{\"@type\":\"ImageObject\",\"inLanguage\":\"ro-RO\",\"@id\":\"https:\\\/\\\/www.lovendal.ro\\\/wp52\\\/#\\\/schema\\\/logo\\\/image\\\/\",\"url\":\"https:\\\/\\\/www.lovendal.ro\\\/wp52\\\/wp-content\\\/uploads\\\/2024\\\/06\\\/cropped-SLL-iun-2024-1.jpg\",\"contentUrl\":\"https:\\\/\\\/www.lovendal.ro\\\/wp52\\\/wp-content\\\/uploads\\\/2024\\\/06\\\/cropped-SLL-iun-2024-1.jpg\",\"width\":771,\"height\":240,\"caption\":\"Secretele lui Lovendal\"},\"image\":{\"@id\":\"https:\\\/\\\/www.lovendal.ro\\\/wp52\\\/#\\\/schema\\\/logo\\\/image\\\/\"},\"sameAs\":[\"https:\\\/\\\/www.facebook.com\\\/secreteleluilovendal\"]},{\"@type\":\"Person\",\"@id\":\"https:\\\/\\\/www.lovendal.ro\\\/wp52\\\/#\\\/schema\\\/person\\\/088691de5dfc346bb0c023e1e52ef5d9\",\"name\":\"admin\",\"image\":{\"@type\":\"ImageObject\",\"inLanguage\":\"ro-RO\",\"@id\":\"https:\\\/\\\/secure.gravatar.com\\\/avatar\\\/ecb9cd41f5f63c9c9b989999a59f6e2639a865ec361e9db054db0679a8f341c2?s=96&d=mm&r=g\",\"url\":\"https:\\\/\\\/secure.gravatar.com\\\/avatar\\\/ecb9cd41f5f63c9c9b989999a59f6e2639a865ec361e9db054db0679a8f341c2?s=96&d=mm&r=g\",\"contentUrl\":\"https:\\\/\\\/secure.gravatar.com\\\/avatar\\\/ecb9cd41f5f63c9c9b989999a59f6e2639a865ec361e9db054db0679a8f341c2?s=96&d=mm&r=g\",\"caption\":\"admin\"},\"sameAs\":[\"https:\\\/\\\/www.lovendal.ro\\\/wp52\"]}]}<\/script>\n<!-- \/ Yoast SEO Premium plugin. -->","yoast_head_json":{"title":"Am \u00eencercat s\u0103 deslu\u015fesc misterul luminii portocalii din Bucure\u015fti, de dinainte \u015fi dup\u0103 cutremurul din 22 noiembrie 2014! Iat\u0103 la ce concluzii am ajuns... - Secretele lui Lovendal","robots":{"index":"index","follow":"follow","max-snippet":"max-snippet:-1","max-image-preview":"max-image-preview:large","max-video-preview":"max-video-preview:-1"},"canonical":"https:\/\/www.lovendal.ro\/wp52\/am-incercat-sa-deslusesc-misterul-luminii-portocalii-din-bucuresti-de-dinainte-si-dupa-cutremurul-din-22-noiembrie-2014-iata-la-ce-concluzii-am-ajuns\/","og_locale":"ro_RO","og_type":"article","og_title":"Am \u00eencercat s\u0103 deslu\u015fesc misterul luminii portocalii din Bucure\u015fti, de dinainte \u015fi dup\u0103 cutremurul din 22 noiembrie 2014! Iat\u0103 la ce concluzii am ajuns...","og_description":"Ieri, \u00een cadrul unui post de pe Facebook rugam cititorii de pe site care sunt din Bucure\u015fti s\u0103-mi spun\u0103 mai multe despre lumina portocalie care ar fi fost observat\u0103 \u00een capitala \u0163\u0103rii imediat dup\u0103 cutremur. Am primit foarte multe mesaje ... Cititi mai multe","og_url":"https:\/\/www.lovendal.ro\/wp52\/am-incercat-sa-deslusesc-misterul-luminii-portocalii-din-bucuresti-de-dinainte-si-dupa-cutremurul-din-22-noiembrie-2014-iata-la-ce-concluzii-am-ajuns\/","og_site_name":"Secretele lui Lovendal","article_publisher":"https:\/\/www.facebook.com\/secreteleluilovendal","article_published_time":"2014-11-24T10:14:16+00:00","article_modified_time":"2020-04-27T08:38:38+00:00","og_image":[{"width":335,"height":271,"url":"https:\/\/www.lovendal.ro\/wp52\/wp-content\/uploads\/2014\/11\/lumina-misterioasa-Bucuresti.jpg","type":"image\/jpeg"}],"author":"admin","twitter_card":"summary_large_image","twitter_misc":{"Scris de":"admin","Timp estimat pentru citire":"3 minute"},"schema":{"@context":"https:\/\/schema.org","@graph":[{"@type":"Article","@id":"https:\/\/www.lovendal.ro\/wp52\/am-incercat-sa-deslusesc-misterul-luminii-portocalii-din-bucuresti-de-dinainte-si-dupa-cutremurul-din-22-noiembrie-2014-iata-la-ce-concluzii-am-ajuns\/#article","isPartOf":{"@id":"https:\/\/www.lovendal.ro\/wp52\/am-incercat-sa-deslusesc-misterul-luminii-portocalii-din-bucuresti-de-dinainte-si-dupa-cutremurul-din-22-noiembrie-2014-iata-la-ce-concluzii-am-ajuns\/"},"author":{"name":"admin","@id":"https:\/\/www.lovendal.ro\/wp52\/#\/schema\/person\/088691de5dfc346bb0c023e1e52ef5d9"},"headline":"Am \u00eencercat s\u0103 deslu\u015fesc misterul luminii portocalii din Bucure\u015fti, de dinainte \u015fi dup\u0103 cutremurul din 22 noiembrie 2014! Iat\u0103 la ce concluzii am ajuns&#8230;","datePublished":"2014-11-24T10:14:16+00:00","dateModified":"2020-04-27T08:38:38+00:00","mainEntityOfPage":{"@id":"https:\/\/www.lovendal.ro\/wp52\/am-incercat-sa-deslusesc-misterul-luminii-portocalii-din-bucuresti-de-dinainte-si-dupa-cutremurul-din-22-noiembrie-2014-iata-la-ce-concluzii-am-ajuns\/"},"wordCount":590,"commentCount":9,"publisher":{"@id":"https:\/\/www.lovendal.ro\/wp52\/#organization"},"image":{"@id":"https:\/\/www.lovendal.ro\/wp52\/am-incercat-sa-deslusesc-misterul-luminii-portocalii-din-bucuresti-de-dinainte-si-dupa-cutremurul-din-22-noiembrie-2014-iata-la-ce-concluzii-am-ajuns\/#primaryimage"},"thumbnailUrl":"https:\/\/www.lovendal.ro\/wp52\/wp-content\/uploads\/2014\/11\/lumina-misterioasa-Bucuresti.jpg","keywords":["albastru","Aurora","Bucure\u015fti","c\u00e2mp magnetic","Conspiratii si Mistere","cuar\u0163","culoare","cutremur","Facebook","fotbal","HAARP","ioni","lumin\u0103","Lun\u0103","National Arena","ora\u015f","oxigen","P\u0103m\u00e2nt","portocaliu","roc\u0103","Rom\u00e2nia","stadion","Wikipedia"],"articleSection":["Conspiratii si Mistere","Noutati"],"inLanguage":"ro-RO","potentialAction":[{"@type":"CommentAction","name":"Comment","target":["https:\/\/www.lovendal.ro\/wp52\/am-incercat-sa-deslusesc-misterul-luminii-portocalii-din-bucuresti-de-dinainte-si-dupa-cutremurul-din-22-noiembrie-2014-iata-la-ce-concluzii-am-ajuns\/#respond"]}]},{"@type":"WebPage","@id":"https:\/\/www.lovendal.ro\/wp52\/am-incercat-sa-deslusesc-misterul-luminii-portocalii-din-bucuresti-de-dinainte-si-dupa-cutremurul-din-22-noiembrie-2014-iata-la-ce-concluzii-am-ajuns\/","url":"https:\/\/www.lovendal.ro\/wp52\/am-incercat-sa-deslusesc-misterul-luminii-portocalii-din-bucuresti-de-dinainte-si-dupa-cutremurul-din-22-noiembrie-2014-iata-la-ce-concluzii-am-ajuns\/","name":"Am \u00eencercat s\u0103 deslu\u015fesc misterul luminii portocalii din Bucure\u015fti, de dinainte \u015fi dup\u0103 cutremurul din 22 noiembrie 2014! Iat\u0103 la ce concluzii am ajuns... - Secretele lui Lovendal","isPartOf":{"@id":"https:\/\/www.lovendal.ro\/wp52\/#website"},"primaryImageOfPage":{"@id":"https:\/\/www.lovendal.ro\/wp52\/am-incercat-sa-deslusesc-misterul-luminii-portocalii-din-bucuresti-de-dinainte-si-dupa-cutremurul-din-22-noiembrie-2014-iata-la-ce-concluzii-am-ajuns\/#primaryimage"},"image":{"@id":"https:\/\/www.lovendal.ro\/wp52\/am-incercat-sa-deslusesc-misterul-luminii-portocalii-din-bucuresti-de-dinainte-si-dupa-cutremurul-din-22-noiembrie-2014-iata-la-ce-concluzii-am-ajuns\/#primaryimage"},"thumbnailUrl":"https:\/\/www.lovendal.ro\/wp52\/wp-content\/uploads\/2014\/11\/lumina-misterioasa-Bucuresti.jpg","datePublished":"2014-11-24T10:14:16+00:00","dateModified":"2020-04-27T08:38:38+00:00","breadcrumb":{"@id":"https:\/\/www.lovendal.ro\/wp52\/am-incercat-sa-deslusesc-misterul-luminii-portocalii-din-bucuresti-de-dinainte-si-dupa-cutremurul-din-22-noiembrie-2014-iata-la-ce-concluzii-am-ajuns\/#breadcrumb"},"inLanguage":"ro-RO","potentialAction":[{"@type":"ReadAction","target":["https:\/\/www.lovendal.ro\/wp52\/am-incercat-sa-deslusesc-misterul-luminii-portocalii-din-bucuresti-de-dinainte-si-dupa-cutremurul-din-22-noiembrie-2014-iata-la-ce-concluzii-am-ajuns\/"]}]},{"@type":"ImageObject","inLanguage":"ro-RO","@id":"https:\/\/www.lovendal.ro\/wp52\/am-incercat-sa-deslusesc-misterul-luminii-portocalii-din-bucuresti-de-dinainte-si-dupa-cutremurul-din-22-noiembrie-2014-iata-la-ce-concluzii-am-ajuns\/#primaryimage","url":"https:\/\/www.lovendal.ro\/wp52\/wp-content\/uploads\/2014\/11\/lumina-misterioasa-Bucuresti.jpg","contentUrl":"https:\/\/www.lovendal.ro\/wp52\/wp-content\/uploads\/2014\/11\/lumina-misterioasa-Bucuresti.jpg","width":335,"height":271},{"@type":"BreadcrumbList","@id":"https:\/\/www.lovendal.ro\/wp52\/am-incercat-sa-deslusesc-misterul-luminii-portocalii-din-bucuresti-de-dinainte-si-dupa-cutremurul-din-22-noiembrie-2014-iata-la-ce-concluzii-am-ajuns\/#breadcrumb","itemListElement":[{"@type":"ListItem","position":1,"name":"Home","item":"https:\/\/www.lovendal.ro\/wp52\/"},{"@type":"ListItem","position":2,"name":"Am \u00eencercat s\u0103 deslu\u015fesc misterul luminii portocalii din Bucure\u015fti, de dinainte \u015fi dup\u0103 cutremurul din 22 noiembrie 2014! Iat\u0103 la ce concluzii am ajuns&#8230;"}]},{"@type":"WebSite","@id":"https:\/\/www.lovendal.ro\/wp52\/#website","url":"https:\/\/www.lovendal.ro\/wp52\/","name":"Secretele lui Lovendal","description":"Site de secrete, stiinta si metafizica - din 2008 -","publisher":{"@id":"https:\/\/www.lovendal.ro\/wp52\/#organization"},"potentialAction":[{"@type":"SearchAction","target":{"@type":"EntryPoint","urlTemplate":"https:\/\/www.lovendal.ro\/wp52\/?s={search_term_string}"},"query-input":{"@type":"PropertyValueSpecification","valueRequired":true,"valueName":"search_term_string"}}],"inLanguage":"ro-RO"},{"@type":"Organization","@id":"https:\/\/www.lovendal.ro\/wp52\/#organization","name":"Secretele lui Lovendal","url":"https:\/\/www.lovendal.ro\/wp52\/","logo":{"@type":"ImageObject","inLanguage":"ro-RO","@id":"https:\/\/www.lovendal.ro\/wp52\/#\/schema\/logo\/image\/","url":"https:\/\/www.lovendal.ro\/wp52\/wp-content\/uploads\/2024\/06\/cropped-SLL-iun-2024-1.jpg","contentUrl":"https:\/\/www.lovendal.ro\/wp52\/wp-content\/uploads\/2024\/06\/cropped-SLL-iun-2024-1.jpg","width":771,"height":240,"caption":"Secretele lui Lovendal"},"image":{"@id":"https:\/\/www.lovendal.ro\/wp52\/#\/schema\/logo\/image\/"},"sameAs":["https:\/\/www.facebook.com\/secreteleluilovendal"]},{"@type":"Person","@id":"https:\/\/www.lovendal.ro\/wp52\/#\/schema\/person\/088691de5dfc346bb0c023e1e52ef5d9","name":"admin","image":{"@type":"ImageObject","inLanguage":"ro-RO","@id":"https:\/\/secure.gravatar.com\/avatar\/ecb9cd41f5f63c9c9b989999a59f6e2639a865ec361e9db054db0679a8f341c2?s=96&d=mm&r=g","url":"https:\/\/secure.gravatar.com\/avatar\/ecb9cd41f5f63c9c9b989999a59f6e2639a865ec361e9db054db0679a8f341c2?s=96&d=mm&r=g","contentUrl":"https:\/\/secure.gravatar.com\/avatar\/ecb9cd41f5f63c9c9b989999a59f6e2639a865ec361e9db054db0679a8f341c2?s=96&d=mm&r=g","caption":"admin"},"sameAs":["https:\/\/www.lovendal.ro\/wp52"]}]}},"_links":{"self":[{"href":"https:\/\/www.lovendal.ro\/wp52\/wp-json\/wp\/v2\/posts\/36625","targetHints":{"allow":["GET"]}}],"collection":[{"href":"https:\/\/www.lovendal.ro\/wp52\/wp-json\/wp\/v2\/posts"}],"about":[{"href":"https:\/\/www.lovendal.ro\/wp52\/wp-json\/wp\/v2\/types\/post"}],"author":[{"embeddable":true,"href":"https:\/\/www.lovendal.ro\/wp52\/wp-json\/wp\/v2\/users\/1"}],"replies":[{"embeddable":true,"href":"https:\/\/www.lovendal.ro\/wp52\/wp-json\/wp\/v2\/comments?post=36625"}],"version-history":[{"count":0,"href":"https:\/\/www.lovendal.ro\/wp52\/wp-json\/wp\/v2\/posts\/36625\/revisions"}],"wp:featuredmedia":[{"embeddable":true,"href":"https:\/\/www.lovendal.ro\/wp52\/wp-json\/wp\/v2\/media\/36626"}],"wp:attachment":[{"href":"https:\/\/www.lovendal.ro\/wp52\/wp-json\/wp\/v2\/media?parent=36625"}],"wp:term":[{"taxonomy":"category","embeddable":true,"href":"https:\/\/www.lovendal.ro\/wp52\/wp-json\/wp\/v2\/categories?post=36625"},{"taxonomy":"post_tag","embeddable":true,"href":"https:\/\/www.lovendal.ro\/wp52\/wp-json\/wp\/v2\/tags?post=36625"}],"curies":[{"name":"wp","href":"https:\/\/api.w.org\/{rel}","templated":true}]}}