{"id":36359,"date":"2014-11-01T11:56:37","date_gmt":"2014-11-01T08:56:37","guid":{"rendered":"http:\/\/www.lovendal.ro\/wp52\/?p=36359"},"modified":"2021-01-19T22:04:37","modified_gmt":"2021-01-19T20:04:37","slug":"o-informatie-socanta-putin-mediatizata-in-primavara-lui-1990-ceausescu-ar-fi-trebuit-sa-tina-la-casa-poporului-un-congres-mondial-al-evreimii","status":"publish","type":"post","link":"https:\/\/www.lovendal.ro\/wp52\/o-informatie-socanta-putin-mediatizata-in-primavara-lui-1990-ceausescu-ar-fi-trebuit-sa-tina-la-casa-poporului-un-congres-mondial-al-evreimii\/","title":{"rendered":"O informa\u0163ie \u015focant\u0103 pu\u0163in mediatizat\u0103: \u00een prim\u0103vara lui 1990, Ceau\u015fescu ar fi trebuit s\u0103 \u0163in\u0103 la Casa Poporului un congres mondial al evreimii!"},"content":{"rendered":"<p><a href=\"https:\/\/www.lovendal.ro\/wp52\/wp-content\/uploads\/2014\/11\/Casa-Poporului-Ceausescu-Holocaust.jpg\"><img loading=\"lazy\" decoding=\"async\" class=\"alignleft size-full wp-image-73254\" src=\"https:\/\/www.lovendal.ro\/wp52\/wp-content\/uploads\/2014\/11\/Casa-Poporului-Ceausescu-Holocaust.jpg\" alt=\"\" width=\"350\" height=\"205\" srcset=\"https:\/\/www.lovendal.ro\/wp52\/wp-content\/uploads\/2014\/11\/Casa-Poporului-Ceausescu-Holocaust.jpg 350w, https:\/\/www.lovendal.ro\/wp52\/wp-content\/uploads\/2014\/11\/Casa-Poporului-Ceausescu-Holocaust-300x176.jpg 300w\" sizes=\"auto, (max-width: 350px) 100vw, 350px\" \/><\/a>Conform <a href=\"http:\/\/ro.wikipedia.org\/wiki\/Ion_Coja\" target=\"_blank\" rel=\"noopener noreferrer\"><strong>Wikipediei<\/strong><\/a>, Ion Coja (n\u0103scut \u00een 1942) este un lingvist rom\u00e2n, publicist \u0219i scriitor, militant politic ultrana\u021bionalist. El pretinde c\u0103 \u00een timpul celui de-al doilea r\u0103zboi mondial, pe teritoriul Rom\u00e2niei nu a existat un Holocaust. A fost secretar PCR al Universit\u0103\u021bii Bucure\u0219ti. A fost ales senator \u00een legislatura 1992-1996, pe listele partidului PDAR \u00een jude\u021bul Constan\u021ba. Este conferen\u021biar la Facultatea de Litere de la Universitatea din Bucure\u0219ti unde \u021bine un curs de lingvistic\u01ce general\u0103. Ion Coja neag\u0103 Holocaustul petrecut pe teritoriul Rom\u00e2niei \u0219i sus\u021bine teza originii evreie\u0219ti a pre\u0219edin\u021bilor Rom\u00e2niei Ion Iliescu, Emil Constantinescu \u0219i Traian B\u0103sescu.<\/p>\n<p>Am citit o carte, \u00een care Ion Coja d\u0103 un interviu mai mult dec\u00e2t interesant, \u00een care ne spune urm\u0103toarele: dac\u0103 nu ar fi fost &#8222;revolu\u0163ia de la 1989&#8221;, iar Ceau\u015fescu ar fi condus \u0163ara \u00een continuare, \u00een prim\u0103vara lui 1990, la Bucure\u015fti urma s\u0103 se produc\u0103 un eveniment care ar fi t\u0103iat respira\u0163ia \u00eentregii planete: o comisie forte numeroas\u0103 \u015fi foarte select\u0103 a evreimii mondiale, reprezentativ\u0103 pentru toate marile organiza\u0163ii evreie\u015fti din lume, inclusiv a statului Israel \u015fi a Yad Vashem-ului, B&#8217;Nai Brith, Congresul Mondial Evreiesc (\u015fi alte ONG-uri), urma s\u0103 vin\u0103 la Bucure\u015fti, unde, \u00een cadrul unei solemnit\u0103\u0163i deosebite, cum pomp\u0103 mare, s\u0103 se prezinte semnele recuno\u015ftin\u0163ei evreilor de pretutindeni fa\u0163\u0103 de poporul rom\u00e2n. Omenia rom\u00e2neasc\u0103 a fost at\u00e2t de activ\u0103 \u00een timpul celui de-al doilea r\u0103zboi mondial, \u00eenc\u00e2t evreii au avut parte de un tratament cu totul discriminatoriu \u00een raport cu evreii din celelalte \u0163\u0103ri ocupate de Hitler sau aliate cu acesta.<\/p>\n<p>Astfel, Ceau\u015fescu ar fi reu\u015fit s\u0103 \u00eei manevreze pe marii diploma\u0163i ai evreimii mondiale, astfel \u00eenc\u00e2t ace\u015ftia s\u0103 accepte sau s\u0103 priceap\u0103 c\u0103 este \u00een interesul lor s\u0103 spun\u0103 adev\u0103rul \u015fi s\u0103-l recunoasc\u0103 deschis: faptul c\u0103 \u00een Rom\u00e2nia nu a existat un holocaust, nu a existat un genocid, un pogrom \u00een timpul celui de-al doilea r\u0103zboi mondial! Iar \u00een prim\u0103vara anului 1990, s-ar fi s\u0103rb\u0103torit astfel dou\u0103 evenimente: omagierea poporului rom\u00e2n de c\u0103tre evrei \u015fi inaugurarea Casei Poporului, cea mai mare cl\u0103dire din lume, din punct de vedere al volumului. Dar, toate planurile au c\u0103zut odat\u0103 cu &#8222;revolu\u0163ia&#8221; de la 1989. Ion Coja pretinde c\u0103 a ob\u0163inut aceast\u0103 informa\u0163ie direct de la Ion Ceau\u015fescu, fratele pre\u015fedintelui.<\/p>\n<p>Acum&#8230; referitor la existen\u0163a holocaustului \u00een Rom\u00e2nia. Am informa\u0163ii sigure, direct de la surs\u0103, care confirm\u0103 faptul c\u0103 \u00een timpul celui de-al doilea r\u0103zboi mondial a existat un pogrom, cel pu\u0163in la Ia\u015fi. Mama mea, atunci c\u00e2nd era t\u00e2n\u0103r\u0103 \u015fi era medic de circumscrip\u0163ie, fiind arondat\u0103 unui cartier evreiesc din Ia\u015fi, a avut o mul\u0163ime de pacien\u0163i evrei. Ace\u015ftia i-au povestit cum familiile lor au fost pur \u015fi simplu m\u0103cel\u0103rite \u00een 1941 \u015fi cum au avut noroc s\u0103 scape cu via\u0163\u0103 din acest pogrom. A\u015fadar, nu are rost s\u0103 se nege ceva ce a existat cu siguran\u0163\u0103. Istoria nu poate fi falsificat\u0103, atunci c\u00e2nd ai \u00een fa\u0163\u0103 zeci de declara\u0163ii ale unor martori oculari.<\/p>\n<p>&nbsp;<\/p>\n","protected":false},"excerpt":{"rendered":"<p>Conform Wikipediei, Ion Coja (n\u0103scut \u00een 1942) este un lingvist rom\u00e2n, publicist \u0219i scriitor, militant politic ultrana\u021bionalist. El pretinde c\u0103 \u00een timpul celui de-al doilea r\u0103zboi mondial, pe teritoriul Rom\u00e2niei nu a existat un Holocaust. A fost secretar PCR al &#8230; <\/p>\n<p class=\"read-more-container\"><a title=\"O informa\u0163ie \u015focant\u0103 pu\u0163in mediatizat\u0103: \u00een prim\u0103vara lui 1990, Ceau\u015fescu ar fi trebuit s\u0103 \u0163in\u0103 la Casa Poporului un congres mondial al evreimii!\" class=\"read-more button\" href=\"https:\/\/www.lovendal.ro\/wp52\/o-informatie-socanta-putin-mediatizata-in-primavara-lui-1990-ceausescu-ar-fi-trebuit-sa-tina-la-casa-poporului-un-congres-mondial-al-evreimii\/#more-36359\" aria-label=\"Cite\u0219te mai multe despre O informa\u0163ie \u015focant\u0103 pu\u0163in mediatizat\u0103: \u00een prim\u0103vara lui 1990, Ceau\u015fescu ar fi trebuit s\u0103 \u0163in\u0103 la Casa Poporului un congres mondial al evreimii!\">Cititi mai multe<\/a><\/p>\n","protected":false},"author":1,"featured_media":73254,"comment_status":"open","ping_status":"open","sticky":false,"template":"","format":"standard","meta":{"footnotes":""},"categories":[475,2833],"tags":[174,827,1103,6085,135,1050,358,1135,175,218,8012,85,2610,329,41,8743,118,3763,1705,8744,589,74,1827,2250,5287],"class_list":["post-36359","post","type-post","status-publish","format-standard","has-post-thumbnail","hentry","category-conspiratii-mistere","category-noutati","tag-basescu","tag-bucuresti","tag-carte","tag-casa-poporului","tag-ceausescu","tag-cel-de-al-2-lea-razboi-mondial","tag-conspiratii-si-mistere","tag-constanta","tag-constantinescu","tag-evrei","tag-facultate","tag-hitler","tag-holocaust","tag-iasi","tag-iliescu","tag-ion-coja","tag-israel","tag-medic","tag-parlament","tag-pogrom","tag-revolutia-romana-din-89","tag-romania","tag-senator","tag-universitate","tag-wikipedia","resize-featured-image"],"yoast_head":"<!-- This site is optimized with the Yoast SEO Premium plugin v23.3 (Yoast SEO v27.4) - https:\/\/yoast.com\/product\/yoast-seo-premium-wordpress\/ -->\n<title>O informa\u0163ie \u015focant\u0103 pu\u0163in mediatizat\u0103: \u00een prim\u0103vara lui 1990, Ceau\u015fescu ar fi trebuit s\u0103 \u0163in\u0103 la Casa Poporului un congres mondial al evreimii! - Secretele lui Lovendal<\/title>\n<meta name=\"robots\" content=\"index, follow, max-snippet:-1, max-image-preview:large, max-video-preview:-1\" \/>\n<link rel=\"canonical\" href=\"https:\/\/www.lovendal.ro\/wp52\/o-informatie-socanta-putin-mediatizata-in-primavara-lui-1990-ceausescu-ar-fi-trebuit-sa-tina-la-casa-poporului-un-congres-mondial-al-evreimii\/\" \/>\n<meta property=\"og:locale\" content=\"ro_RO\" \/>\n<meta property=\"og:type\" content=\"article\" \/>\n<meta property=\"og:title\" content=\"O informa\u0163ie \u015focant\u0103 pu\u0163in mediatizat\u0103: \u00een prim\u0103vara lui 1990, Ceau\u015fescu ar fi trebuit s\u0103 \u0163in\u0103 la Casa Poporului un congres mondial al evreimii!\" \/>\n<meta property=\"og:description\" content=\"Conform Wikipediei, Ion Coja (n\u0103scut \u00een 1942) este un lingvist rom\u00e2n, publicist \u0219i scriitor, militant politic ultrana\u021bionalist. El pretinde c\u0103 \u00een timpul celui de-al doilea r\u0103zboi mondial, pe teritoriul Rom\u00e2niei nu a existat un Holocaust. A fost secretar PCR al ... Cititi mai multe\" \/>\n<meta property=\"og:url\" content=\"https:\/\/www.lovendal.ro\/wp52\/o-informatie-socanta-putin-mediatizata-in-primavara-lui-1990-ceausescu-ar-fi-trebuit-sa-tina-la-casa-poporului-un-congres-mondial-al-evreimii\/\" \/>\n<meta property=\"og:site_name\" content=\"Secretele lui Lovendal\" \/>\n<meta property=\"article:publisher\" content=\"https:\/\/www.facebook.com\/secreteleluilovendal\" \/>\n<meta property=\"article:published_time\" content=\"2014-11-01T08:56:37+00:00\" \/>\n<meta property=\"article:modified_time\" content=\"2021-01-19T20:04:37+00:00\" \/>\n<meta property=\"og:image\" content=\"https:\/\/www.lovendal.ro\/wp52\/wp-content\/uploads\/2014\/11\/Casa-Poporului-Ceausescu-Holocaust.jpg\" \/>\n\t<meta property=\"og:image:width\" content=\"350\" \/>\n\t<meta property=\"og:image:height\" content=\"205\" \/>\n\t<meta property=\"og:image:type\" content=\"image\/jpeg\" \/>\n<meta name=\"author\" content=\"admin\" \/>\n<meta name=\"twitter:card\" content=\"summary_large_image\" \/>\n<meta name=\"twitter:label1\" content=\"Scris de\" \/>\n\t<meta name=\"twitter:data1\" content=\"admin\" \/>\n\t<meta name=\"twitter:label2\" content=\"Timp estimat pentru citire\" \/>\n\t<meta name=\"twitter:data2\" content=\"3 minute\" \/>\n<script type=\"application\/ld+json\" class=\"yoast-schema-graph\">{\"@context\":\"https:\\\/\\\/schema.org\",\"@graph\":[{\"@type\":\"Article\",\"@id\":\"https:\\\/\\\/www.lovendal.ro\\\/wp52\\\/o-informatie-socanta-putin-mediatizata-in-primavara-lui-1990-ceausescu-ar-fi-trebuit-sa-tina-la-casa-poporului-un-congres-mondial-al-evreimii\\\/#article\",\"isPartOf\":{\"@id\":\"https:\\\/\\\/www.lovendal.ro\\\/wp52\\\/o-informatie-socanta-putin-mediatizata-in-primavara-lui-1990-ceausescu-ar-fi-trebuit-sa-tina-la-casa-poporului-un-congres-mondial-al-evreimii\\\/\"},\"author\":{\"name\":\"admin\",\"@id\":\"https:\\\/\\\/www.lovendal.ro\\\/wp52\\\/#\\\/schema\\\/person\\\/088691de5dfc346bb0c023e1e52ef5d9\"},\"headline\":\"O informa\u0163ie \u015focant\u0103 pu\u0163in mediatizat\u0103: \u00een prim\u0103vara lui 1990, Ceau\u015fescu ar fi trebuit s\u0103 \u0163in\u0103 la Casa Poporului un congres mondial al evreimii!\",\"datePublished\":\"2014-11-01T08:56:37+00:00\",\"dateModified\":\"2021-01-19T20:04:37+00:00\",\"mainEntityOfPage\":{\"@id\":\"https:\\\/\\\/www.lovendal.ro\\\/wp52\\\/o-informatie-socanta-putin-mediatizata-in-primavara-lui-1990-ceausescu-ar-fi-trebuit-sa-tina-la-casa-poporului-un-congres-mondial-al-evreimii\\\/\"},\"wordCount\":581,\"commentCount\":17,\"publisher\":{\"@id\":\"https:\\\/\\\/www.lovendal.ro\\\/wp52\\\/#organization\"},\"image\":{\"@id\":\"https:\\\/\\\/www.lovendal.ro\\\/wp52\\\/o-informatie-socanta-putin-mediatizata-in-primavara-lui-1990-ceausescu-ar-fi-trebuit-sa-tina-la-casa-poporului-un-congres-mondial-al-evreimii\\\/#primaryimage\"},\"thumbnailUrl\":\"https:\\\/\\\/www.lovendal.ro\\\/wp52\\\/wp-content\\\/uploads\\\/2014\\\/11\\\/Casa-Poporului-Ceausescu-Holocaust.jpg\",\"keywords\":[\"B\u0103sescu\",\"Bucure\u015fti\",\"carte\",\"Casa Poporului\",\"Ceau\u015fescu\",\"cel de-al 2-lea r\u0103zboi mondial\",\"Conspiratii si Mistere\",\"Constan\u0163a\",\"Constantinescu\",\"evrei\",\"facultate\",\"Hitler\",\"Holocaust\",\"Ia\u015fi\",\"Iliescu\",\"Ion Coja\",\"Israel\",\"medic\",\"parlament\",\"pogrom\",\"Revolu\u0163ia rom\u00e2n\u0103 din 89\",\"Rom\u00e2nia\",\"senator\",\"universitate\",\"Wikipedia\"],\"articleSection\":[\"Conspiratii si Mistere\",\"Noutati\"],\"inLanguage\":\"ro-RO\",\"potentialAction\":[{\"@type\":\"CommentAction\",\"name\":\"Comment\",\"target\":[\"https:\\\/\\\/www.lovendal.ro\\\/wp52\\\/o-informatie-socanta-putin-mediatizata-in-primavara-lui-1990-ceausescu-ar-fi-trebuit-sa-tina-la-casa-poporului-un-congres-mondial-al-evreimii\\\/#respond\"]}]},{\"@type\":\"WebPage\",\"@id\":\"https:\\\/\\\/www.lovendal.ro\\\/wp52\\\/o-informatie-socanta-putin-mediatizata-in-primavara-lui-1990-ceausescu-ar-fi-trebuit-sa-tina-la-casa-poporului-un-congres-mondial-al-evreimii\\\/\",\"url\":\"https:\\\/\\\/www.lovendal.ro\\\/wp52\\\/o-informatie-socanta-putin-mediatizata-in-primavara-lui-1990-ceausescu-ar-fi-trebuit-sa-tina-la-casa-poporului-un-congres-mondial-al-evreimii\\\/\",\"name\":\"O informa\u0163ie \u015focant\u0103 pu\u0163in mediatizat\u0103: \u00een prim\u0103vara lui 1990, Ceau\u015fescu ar fi trebuit s\u0103 \u0163in\u0103 la Casa Poporului un congres mondial al evreimii! - Secretele lui Lovendal\",\"isPartOf\":{\"@id\":\"https:\\\/\\\/www.lovendal.ro\\\/wp52\\\/#website\"},\"primaryImageOfPage\":{\"@id\":\"https:\\\/\\\/www.lovendal.ro\\\/wp52\\\/o-informatie-socanta-putin-mediatizata-in-primavara-lui-1990-ceausescu-ar-fi-trebuit-sa-tina-la-casa-poporului-un-congres-mondial-al-evreimii\\\/#primaryimage\"},\"image\":{\"@id\":\"https:\\\/\\\/www.lovendal.ro\\\/wp52\\\/o-informatie-socanta-putin-mediatizata-in-primavara-lui-1990-ceausescu-ar-fi-trebuit-sa-tina-la-casa-poporului-un-congres-mondial-al-evreimii\\\/#primaryimage\"},\"thumbnailUrl\":\"https:\\\/\\\/www.lovendal.ro\\\/wp52\\\/wp-content\\\/uploads\\\/2014\\\/11\\\/Casa-Poporului-Ceausescu-Holocaust.jpg\",\"datePublished\":\"2014-11-01T08:56:37+00:00\",\"dateModified\":\"2021-01-19T20:04:37+00:00\",\"breadcrumb\":{\"@id\":\"https:\\\/\\\/www.lovendal.ro\\\/wp52\\\/o-informatie-socanta-putin-mediatizata-in-primavara-lui-1990-ceausescu-ar-fi-trebuit-sa-tina-la-casa-poporului-un-congres-mondial-al-evreimii\\\/#breadcrumb\"},\"inLanguage\":\"ro-RO\",\"potentialAction\":[{\"@type\":\"ReadAction\",\"target\":[\"https:\\\/\\\/www.lovendal.ro\\\/wp52\\\/o-informatie-socanta-putin-mediatizata-in-primavara-lui-1990-ceausescu-ar-fi-trebuit-sa-tina-la-casa-poporului-un-congres-mondial-al-evreimii\\\/\"]}]},{\"@type\":\"ImageObject\",\"inLanguage\":\"ro-RO\",\"@id\":\"https:\\\/\\\/www.lovendal.ro\\\/wp52\\\/o-informatie-socanta-putin-mediatizata-in-primavara-lui-1990-ceausescu-ar-fi-trebuit-sa-tina-la-casa-poporului-un-congres-mondial-al-evreimii\\\/#primaryimage\",\"url\":\"https:\\\/\\\/www.lovendal.ro\\\/wp52\\\/wp-content\\\/uploads\\\/2014\\\/11\\\/Casa-Poporului-Ceausescu-Holocaust.jpg\",\"contentUrl\":\"https:\\\/\\\/www.lovendal.ro\\\/wp52\\\/wp-content\\\/uploads\\\/2014\\\/11\\\/Casa-Poporului-Ceausescu-Holocaust.jpg\",\"width\":350,\"height\":205},{\"@type\":\"BreadcrumbList\",\"@id\":\"https:\\\/\\\/www.lovendal.ro\\\/wp52\\\/o-informatie-socanta-putin-mediatizata-in-primavara-lui-1990-ceausescu-ar-fi-trebuit-sa-tina-la-casa-poporului-un-congres-mondial-al-evreimii\\\/#breadcrumb\",\"itemListElement\":[{\"@type\":\"ListItem\",\"position\":1,\"name\":\"Home\",\"item\":\"https:\\\/\\\/www.lovendal.ro\\\/wp52\\\/\"},{\"@type\":\"ListItem\",\"position\":2,\"name\":\"O informa\u0163ie \u015focant\u0103 pu\u0163in mediatizat\u0103: \u00een prim\u0103vara lui 1990, Ceau\u015fescu ar fi trebuit s\u0103 \u0163in\u0103 la Casa Poporului un congres mondial al evreimii!\"}]},{\"@type\":\"WebSite\",\"@id\":\"https:\\\/\\\/www.lovendal.ro\\\/wp52\\\/#website\",\"url\":\"https:\\\/\\\/www.lovendal.ro\\\/wp52\\\/\",\"name\":\"Secretele lui Lovendal\",\"description\":\"Site de secrete, stiinta si metafizica - din 2008 -\",\"publisher\":{\"@id\":\"https:\\\/\\\/www.lovendal.ro\\\/wp52\\\/#organization\"},\"potentialAction\":[{\"@type\":\"SearchAction\",\"target\":{\"@type\":\"EntryPoint\",\"urlTemplate\":\"https:\\\/\\\/www.lovendal.ro\\\/wp52\\\/?s={search_term_string}\"},\"query-input\":{\"@type\":\"PropertyValueSpecification\",\"valueRequired\":true,\"valueName\":\"search_term_string\"}}],\"inLanguage\":\"ro-RO\"},{\"@type\":\"Organization\",\"@id\":\"https:\\\/\\\/www.lovendal.ro\\\/wp52\\\/#organization\",\"name\":\"Secretele lui Lovendal\",\"url\":\"https:\\\/\\\/www.lovendal.ro\\\/wp52\\\/\",\"logo\":{\"@type\":\"ImageObject\",\"inLanguage\":\"ro-RO\",\"@id\":\"https:\\\/\\\/www.lovendal.ro\\\/wp52\\\/#\\\/schema\\\/logo\\\/image\\\/\",\"url\":\"https:\\\/\\\/www.lovendal.ro\\\/wp52\\\/wp-content\\\/uploads\\\/2024\\\/06\\\/cropped-SLL-iun-2024-1.jpg\",\"contentUrl\":\"https:\\\/\\\/www.lovendal.ro\\\/wp52\\\/wp-content\\\/uploads\\\/2024\\\/06\\\/cropped-SLL-iun-2024-1.jpg\",\"width\":771,\"height\":240,\"caption\":\"Secretele lui Lovendal\"},\"image\":{\"@id\":\"https:\\\/\\\/www.lovendal.ro\\\/wp52\\\/#\\\/schema\\\/logo\\\/image\\\/\"},\"sameAs\":[\"https:\\\/\\\/www.facebook.com\\\/secreteleluilovendal\"]},{\"@type\":\"Person\",\"@id\":\"https:\\\/\\\/www.lovendal.ro\\\/wp52\\\/#\\\/schema\\\/person\\\/088691de5dfc346bb0c023e1e52ef5d9\",\"name\":\"admin\",\"image\":{\"@type\":\"ImageObject\",\"inLanguage\":\"ro-RO\",\"@id\":\"https:\\\/\\\/secure.gravatar.com\\\/avatar\\\/ecb9cd41f5f63c9c9b989999a59f6e2639a865ec361e9db054db0679a8f341c2?s=96&d=mm&r=g\",\"url\":\"https:\\\/\\\/secure.gravatar.com\\\/avatar\\\/ecb9cd41f5f63c9c9b989999a59f6e2639a865ec361e9db054db0679a8f341c2?s=96&d=mm&r=g\",\"contentUrl\":\"https:\\\/\\\/secure.gravatar.com\\\/avatar\\\/ecb9cd41f5f63c9c9b989999a59f6e2639a865ec361e9db054db0679a8f341c2?s=96&d=mm&r=g\",\"caption\":\"admin\"},\"sameAs\":[\"https:\\\/\\\/www.lovendal.ro\\\/wp52\"]}]}<\/script>\n<!-- \/ Yoast SEO Premium plugin. -->","yoast_head_json":{"title":"O informa\u0163ie \u015focant\u0103 pu\u0163in mediatizat\u0103: \u00een prim\u0103vara lui 1990, Ceau\u015fescu ar fi trebuit s\u0103 \u0163in\u0103 la Casa Poporului un congres mondial al evreimii! - Secretele lui Lovendal","robots":{"index":"index","follow":"follow","max-snippet":"max-snippet:-1","max-image-preview":"max-image-preview:large","max-video-preview":"max-video-preview:-1"},"canonical":"https:\/\/www.lovendal.ro\/wp52\/o-informatie-socanta-putin-mediatizata-in-primavara-lui-1990-ceausescu-ar-fi-trebuit-sa-tina-la-casa-poporului-un-congres-mondial-al-evreimii\/","og_locale":"ro_RO","og_type":"article","og_title":"O informa\u0163ie \u015focant\u0103 pu\u0163in mediatizat\u0103: \u00een prim\u0103vara lui 1990, Ceau\u015fescu ar fi trebuit s\u0103 \u0163in\u0103 la Casa Poporului un congres mondial al evreimii!","og_description":"Conform Wikipediei, Ion Coja (n\u0103scut \u00een 1942) este un lingvist rom\u00e2n, publicist \u0219i scriitor, militant politic ultrana\u021bionalist. El pretinde c\u0103 \u00een timpul celui de-al doilea r\u0103zboi mondial, pe teritoriul Rom\u00e2niei nu a existat un Holocaust. A fost secretar PCR al ... Cititi mai multe","og_url":"https:\/\/www.lovendal.ro\/wp52\/o-informatie-socanta-putin-mediatizata-in-primavara-lui-1990-ceausescu-ar-fi-trebuit-sa-tina-la-casa-poporului-un-congres-mondial-al-evreimii\/","og_site_name":"Secretele lui Lovendal","article_publisher":"https:\/\/www.facebook.com\/secreteleluilovendal","article_published_time":"2014-11-01T08:56:37+00:00","article_modified_time":"2021-01-19T20:04:37+00:00","og_image":[{"width":350,"height":205,"url":"https:\/\/www.lovendal.ro\/wp52\/wp-content\/uploads\/2014\/11\/Casa-Poporului-Ceausescu-Holocaust.jpg","type":"image\/jpeg"}],"author":"admin","twitter_card":"summary_large_image","twitter_misc":{"Scris de":"admin","Timp estimat pentru citire":"3 minute"},"schema":{"@context":"https:\/\/schema.org","@graph":[{"@type":"Article","@id":"https:\/\/www.lovendal.ro\/wp52\/o-informatie-socanta-putin-mediatizata-in-primavara-lui-1990-ceausescu-ar-fi-trebuit-sa-tina-la-casa-poporului-un-congres-mondial-al-evreimii\/#article","isPartOf":{"@id":"https:\/\/www.lovendal.ro\/wp52\/o-informatie-socanta-putin-mediatizata-in-primavara-lui-1990-ceausescu-ar-fi-trebuit-sa-tina-la-casa-poporului-un-congres-mondial-al-evreimii\/"},"author":{"name":"admin","@id":"https:\/\/www.lovendal.ro\/wp52\/#\/schema\/person\/088691de5dfc346bb0c023e1e52ef5d9"},"headline":"O informa\u0163ie \u015focant\u0103 pu\u0163in mediatizat\u0103: \u00een prim\u0103vara lui 1990, Ceau\u015fescu ar fi trebuit s\u0103 \u0163in\u0103 la Casa Poporului un congres mondial al evreimii!","datePublished":"2014-11-01T08:56:37+00:00","dateModified":"2021-01-19T20:04:37+00:00","mainEntityOfPage":{"@id":"https:\/\/www.lovendal.ro\/wp52\/o-informatie-socanta-putin-mediatizata-in-primavara-lui-1990-ceausescu-ar-fi-trebuit-sa-tina-la-casa-poporului-un-congres-mondial-al-evreimii\/"},"wordCount":581,"commentCount":17,"publisher":{"@id":"https:\/\/www.lovendal.ro\/wp52\/#organization"},"image":{"@id":"https:\/\/www.lovendal.ro\/wp52\/o-informatie-socanta-putin-mediatizata-in-primavara-lui-1990-ceausescu-ar-fi-trebuit-sa-tina-la-casa-poporului-un-congres-mondial-al-evreimii\/#primaryimage"},"thumbnailUrl":"https:\/\/www.lovendal.ro\/wp52\/wp-content\/uploads\/2014\/11\/Casa-Poporului-Ceausescu-Holocaust.jpg","keywords":["B\u0103sescu","Bucure\u015fti","carte","Casa Poporului","Ceau\u015fescu","cel de-al 2-lea r\u0103zboi mondial","Conspiratii si Mistere","Constan\u0163a","Constantinescu","evrei","facultate","Hitler","Holocaust","Ia\u015fi","Iliescu","Ion Coja","Israel","medic","parlament","pogrom","Revolu\u0163ia rom\u00e2n\u0103 din 89","Rom\u00e2nia","senator","universitate","Wikipedia"],"articleSection":["Conspiratii si Mistere","Noutati"],"inLanguage":"ro-RO","potentialAction":[{"@type":"CommentAction","name":"Comment","target":["https:\/\/www.lovendal.ro\/wp52\/o-informatie-socanta-putin-mediatizata-in-primavara-lui-1990-ceausescu-ar-fi-trebuit-sa-tina-la-casa-poporului-un-congres-mondial-al-evreimii\/#respond"]}]},{"@type":"WebPage","@id":"https:\/\/www.lovendal.ro\/wp52\/o-informatie-socanta-putin-mediatizata-in-primavara-lui-1990-ceausescu-ar-fi-trebuit-sa-tina-la-casa-poporului-un-congres-mondial-al-evreimii\/","url":"https:\/\/www.lovendal.ro\/wp52\/o-informatie-socanta-putin-mediatizata-in-primavara-lui-1990-ceausescu-ar-fi-trebuit-sa-tina-la-casa-poporului-un-congres-mondial-al-evreimii\/","name":"O informa\u0163ie \u015focant\u0103 pu\u0163in mediatizat\u0103: \u00een prim\u0103vara lui 1990, Ceau\u015fescu ar fi trebuit s\u0103 \u0163in\u0103 la Casa Poporului un congres mondial al evreimii! - Secretele lui Lovendal","isPartOf":{"@id":"https:\/\/www.lovendal.ro\/wp52\/#website"},"primaryImageOfPage":{"@id":"https:\/\/www.lovendal.ro\/wp52\/o-informatie-socanta-putin-mediatizata-in-primavara-lui-1990-ceausescu-ar-fi-trebuit-sa-tina-la-casa-poporului-un-congres-mondial-al-evreimii\/#primaryimage"},"image":{"@id":"https:\/\/www.lovendal.ro\/wp52\/o-informatie-socanta-putin-mediatizata-in-primavara-lui-1990-ceausescu-ar-fi-trebuit-sa-tina-la-casa-poporului-un-congres-mondial-al-evreimii\/#primaryimage"},"thumbnailUrl":"https:\/\/www.lovendal.ro\/wp52\/wp-content\/uploads\/2014\/11\/Casa-Poporului-Ceausescu-Holocaust.jpg","datePublished":"2014-11-01T08:56:37+00:00","dateModified":"2021-01-19T20:04:37+00:00","breadcrumb":{"@id":"https:\/\/www.lovendal.ro\/wp52\/o-informatie-socanta-putin-mediatizata-in-primavara-lui-1990-ceausescu-ar-fi-trebuit-sa-tina-la-casa-poporului-un-congres-mondial-al-evreimii\/#breadcrumb"},"inLanguage":"ro-RO","potentialAction":[{"@type":"ReadAction","target":["https:\/\/www.lovendal.ro\/wp52\/o-informatie-socanta-putin-mediatizata-in-primavara-lui-1990-ceausescu-ar-fi-trebuit-sa-tina-la-casa-poporului-un-congres-mondial-al-evreimii\/"]}]},{"@type":"ImageObject","inLanguage":"ro-RO","@id":"https:\/\/www.lovendal.ro\/wp52\/o-informatie-socanta-putin-mediatizata-in-primavara-lui-1990-ceausescu-ar-fi-trebuit-sa-tina-la-casa-poporului-un-congres-mondial-al-evreimii\/#primaryimage","url":"https:\/\/www.lovendal.ro\/wp52\/wp-content\/uploads\/2014\/11\/Casa-Poporului-Ceausescu-Holocaust.jpg","contentUrl":"https:\/\/www.lovendal.ro\/wp52\/wp-content\/uploads\/2014\/11\/Casa-Poporului-Ceausescu-Holocaust.jpg","width":350,"height":205},{"@type":"BreadcrumbList","@id":"https:\/\/www.lovendal.ro\/wp52\/o-informatie-socanta-putin-mediatizata-in-primavara-lui-1990-ceausescu-ar-fi-trebuit-sa-tina-la-casa-poporului-un-congres-mondial-al-evreimii\/#breadcrumb","itemListElement":[{"@type":"ListItem","position":1,"name":"Home","item":"https:\/\/www.lovendal.ro\/wp52\/"},{"@type":"ListItem","position":2,"name":"O informa\u0163ie \u015focant\u0103 pu\u0163in mediatizat\u0103: \u00een prim\u0103vara lui 1990, Ceau\u015fescu ar fi trebuit s\u0103 \u0163in\u0103 la Casa Poporului un congres mondial al evreimii!"}]},{"@type":"WebSite","@id":"https:\/\/www.lovendal.ro\/wp52\/#website","url":"https:\/\/www.lovendal.ro\/wp52\/","name":"Secretele lui Lovendal","description":"Site de secrete, stiinta si metafizica - din 2008 -","publisher":{"@id":"https:\/\/www.lovendal.ro\/wp52\/#organization"},"potentialAction":[{"@type":"SearchAction","target":{"@type":"EntryPoint","urlTemplate":"https:\/\/www.lovendal.ro\/wp52\/?s={search_term_string}"},"query-input":{"@type":"PropertyValueSpecification","valueRequired":true,"valueName":"search_term_string"}}],"inLanguage":"ro-RO"},{"@type":"Organization","@id":"https:\/\/www.lovendal.ro\/wp52\/#organization","name":"Secretele lui Lovendal","url":"https:\/\/www.lovendal.ro\/wp52\/","logo":{"@type":"ImageObject","inLanguage":"ro-RO","@id":"https:\/\/www.lovendal.ro\/wp52\/#\/schema\/logo\/image\/","url":"https:\/\/www.lovendal.ro\/wp52\/wp-content\/uploads\/2024\/06\/cropped-SLL-iun-2024-1.jpg","contentUrl":"https:\/\/www.lovendal.ro\/wp52\/wp-content\/uploads\/2024\/06\/cropped-SLL-iun-2024-1.jpg","width":771,"height":240,"caption":"Secretele lui Lovendal"},"image":{"@id":"https:\/\/www.lovendal.ro\/wp52\/#\/schema\/logo\/image\/"},"sameAs":["https:\/\/www.facebook.com\/secreteleluilovendal"]},{"@type":"Person","@id":"https:\/\/www.lovendal.ro\/wp52\/#\/schema\/person\/088691de5dfc346bb0c023e1e52ef5d9","name":"admin","image":{"@type":"ImageObject","inLanguage":"ro-RO","@id":"https:\/\/secure.gravatar.com\/avatar\/ecb9cd41f5f63c9c9b989999a59f6e2639a865ec361e9db054db0679a8f341c2?s=96&d=mm&r=g","url":"https:\/\/secure.gravatar.com\/avatar\/ecb9cd41f5f63c9c9b989999a59f6e2639a865ec361e9db054db0679a8f341c2?s=96&d=mm&r=g","contentUrl":"https:\/\/secure.gravatar.com\/avatar\/ecb9cd41f5f63c9c9b989999a59f6e2639a865ec361e9db054db0679a8f341c2?s=96&d=mm&r=g","caption":"admin"},"sameAs":["https:\/\/www.lovendal.ro\/wp52"]}]}},"_links":{"self":[{"href":"https:\/\/www.lovendal.ro\/wp52\/wp-json\/wp\/v2\/posts\/36359","targetHints":{"allow":["GET"]}}],"collection":[{"href":"https:\/\/www.lovendal.ro\/wp52\/wp-json\/wp\/v2\/posts"}],"about":[{"href":"https:\/\/www.lovendal.ro\/wp52\/wp-json\/wp\/v2\/types\/post"}],"author":[{"embeddable":true,"href":"https:\/\/www.lovendal.ro\/wp52\/wp-json\/wp\/v2\/users\/1"}],"replies":[{"embeddable":true,"href":"https:\/\/www.lovendal.ro\/wp52\/wp-json\/wp\/v2\/comments?post=36359"}],"version-history":[{"count":0,"href":"https:\/\/www.lovendal.ro\/wp52\/wp-json\/wp\/v2\/posts\/36359\/revisions"}],"wp:featuredmedia":[{"embeddable":true,"href":"https:\/\/www.lovendal.ro\/wp52\/wp-json\/wp\/v2\/media\/73254"}],"wp:attachment":[{"href":"https:\/\/www.lovendal.ro\/wp52\/wp-json\/wp\/v2\/media?parent=36359"}],"wp:term":[{"taxonomy":"category","embeddable":true,"href":"https:\/\/www.lovendal.ro\/wp52\/wp-json\/wp\/v2\/categories?post=36359"},{"taxonomy":"post_tag","embeddable":true,"href":"https:\/\/www.lovendal.ro\/wp52\/wp-json\/wp\/v2\/tags?post=36359"}],"curies":[{"name":"wp","href":"https:\/\/api.w.org\/{rel}","templated":true}]}}