{"id":36105,"date":"2014-10-15T09:00:22","date_gmt":"2014-10-15T06:00:22","guid":{"rendered":"http:\/\/www.lovendal.ro\/wp52\/?p=36105"},"modified":"2014-10-13T00:19:27","modified_gmt":"2014-10-12T21:19:27","slug":"ce-destepti-erau-sotii-ceausescu-ei-considerau-cancerul-ca-o-boala-infectioasa-ca-si-gripa-sau-ebola-fiindu-le-frica-sa-nu-se-molipseasca","status":"publish","type":"post","link":"https:\/\/www.lovendal.ro\/wp52\/ce-destepti-erau-sotii-ceausescu-ei-considerau-cancerul-ca-o-boala-infectioasa-ca-si-gripa-sau-ebola-fiindu-le-frica-sa-nu-se-molipseasca\/","title":{"rendered":"Ce &#8222;de\u015ftep\u0163i&#8221; erau so\u0163ii Ceau\u015fescu: ei considerau cancerul ca o boal\u0103 infec\u0163ioas\u0103, ca \u015fi gripa sau ebola, fiindu-le fric\u0103 s\u0103 nu se molipseasc\u0103!!"},"content":{"rendered":"<p><img loading=\"lazy\" decoding=\"async\" class=\"alignleft size-full wp-image-36106\" src=\"https:\/\/www.lovendal.ro\/wp52\/wp-content\/uploads\/2014\/10\/Nicolae-Elena-Ceausescu.jpg\" alt=\"Nicolae Elena Ceausescu\" width=\"324\" height=\"297\" srcset=\"https:\/\/www.lovendal.ro\/wp52\/wp-content\/uploads\/2014\/10\/Nicolae-Elena-Ceausescu.jpg 324w, https:\/\/www.lovendal.ro\/wp52\/wp-content\/uploads\/2014\/10\/Nicolae-Elena-Ceausescu-300x275.jpg 300w\" sizes=\"auto, (max-width: 324px) 100vw, 324px\" \/>Pentru cei care \u00eenc\u0103 \u00eei regret\u0103 pe so\u0163ii Ceau\u015fescu, le recomand s\u0103 citeasc\u0103 excep\u0163ionala carte al Violetei N\u0103st\u0103sescu &#8211; <em>&#8222;Elena Ceau\u015fescu. Confesiuni f\u0103r\u0103 frontiere&#8221;.<\/em> Autoarea c\u0103r\u0163ii i-a \u00eenso\u0163it pe so\u0163ii Ceau\u015fescu \u00een vizitele oficiale ale cuplului preziden\u0163ial \u00een diferite \u0163\u0103ri ale lumii. De exemplu, Elena \u015fi Nicolae Ceau\u015fescu credeau nici mai mult nici mai pu\u0163in c\u0103 &#8222;boala secolului&#8221; &#8211; cancerul &#8211; ar fi fost o boal\u0103 infec\u0163ioas\u0103, cum este ebola sau gripa, de exemplu! V\u0103 da\u0163i seama c\u0103 asemenea specimenii ne-au condus at\u00e2\u0163ia ani!<\/p>\n<p>La un moment dat, so\u0163ii Ceau\u015fescu fac o vizit\u0103 oficial\u0103 \u00een Egipt, unde se instaleaz\u0103 la cel mai luxos palat, Kubeh. Citez un fragment din cartea mai sus amintit\u0103:<\/p>\n<p>Ajunsese la urechile Elenei Ceau\u015fescu informa\u0163ia c\u0103, anterior instal\u0103rii ei \u00een palat, apartamentul \u00een care ea \u015fi so\u0163ul ei urmau s\u0103 locuiasc\u0103 fusese ocupat de \u015fahul Iranului, c\u00e2nd pre\u015fedintele Sadat i-a acordat azil \u00een Egipt. La acea dat\u0103, monarhul exilat era grav bolnav. Cuplul preziden\u0163ial era \u00eengrozit de moarte de pericolul cancerului care credeau ei c\u0103 este contagios. Cur\u00e2nd dup\u0103 ce s-au instalat \u00een apartament, m-a<br \/>\nconvocat: \u201eVioleta, du-te \u015fi afl\u0103 dac\u0103 \u015fahul a stat aici. \u015etii cum \u015fi de ce a murit.\u201d M-am dus direct la ofi\u0163erii de serviciu: \u201eVrea s\u0103 \u015ftie dac\u0103 \u015fahul a stat \u00een camerele rezervate lor.\u201d \u201eLas\u0103 chestia asta pe noi\u201d, au spus ei. S-au dus la ea, spun\u00e2ndu-i c\u0103 f\u0103cuser\u0103 cercet\u0103ri \u015fi aflaser\u0103 cu siguran\u0163\u0103 c\u0103 \u015fahul \u015fi so\u0163ia sa locuiser\u0103 \u00eentr-o alt\u0103 arip\u0103 a palatului. Nu era adev\u0103rat.<\/p>\n<p>Mai t\u00e2rziu mi s-a spus c\u0103 tocmai \u00een acel apartament \u015fahul agonizase \u00een ultimele sale zile de via\u0163\u0103. Dar era prea t\u00e2rziu, cei doi apucaser\u0103 s\u0103 se instaleze \u015fi, \u00een afar\u0103 de aceasta, nici nu era treaba mea s\u0103 intervin; era o chestiune de rezolvat \u00eentre ea \u015fi ofi\u0163erii ei de \u00eencredere. De altfel, nu era prima dat\u0103 c\u00e2nd o dezinformau.<\/p>\n<p>Odat\u0103 lini\u015ftit\u0103 \u00een privin\u0163a apartamentului, Elena Ceau\u015fescu mi-a povestit un episod c\u00e2nd avusese o experien\u0163\u0103 similar\u0103 cu prilejul unei vizite \u00een Republica Moldova. Li se rezervase cel mai luxos apartament dintr-o cas\u0103 de oaspe\u0163i de la Chi\u015fin\u0103u pentru a-\u015fi petrece noaptea. Administratorul le-a dezv\u0103luit cu m\u00e2ndrie c\u0103 acel apartament fusese ocupat \u015fi de tovar\u0103\u015ful Brejnev c\u00e2nd se aflase \u00een vizit\u0103 \u00een Moldova. \u201eIar \u00een apartamentul de al\u0103turi\u201d, a ad\u0103ugat el, \u201ea stat tovar\u0103\u015ful Kos\u00e2ghin.\u201d \u201eC\u00e2nd am auzit asta, i-am spus so\u0163ului: Nicule, hai s\u0103 plec\u0103m de aici. \u015etii doar de ce a murit Brejnev. Mai bine s\u0103 ne mut\u0103m \u00een apartamentul lui Kos\u00e2ghin, \u0103sta nu a murit de cancer!\u201d<\/p>\n","protected":false},"excerpt":{"rendered":"<p>Pentru cei care \u00eenc\u0103 \u00eei regret\u0103 pe so\u0163ii Ceau\u015fescu, le recomand s\u0103 citeasc\u0103 excep\u0163ionala carte al Violetei N\u0103st\u0103sescu &#8211; &#8222;Elena Ceau\u015fescu. Confesiuni f\u0103r\u0103 frontiere&#8221;. Autoarea c\u0103r\u0163ii i-a \u00eenso\u0163it pe so\u0163ii Ceau\u015fescu \u00een vizitele oficiale ale cuplului preziden\u0163ial \u00een diferite \u0163\u0103ri &#8230; <\/p>\n<p class=\"read-more-container\"><a title=\"Ce &#8222;de\u015ftep\u0163i&#8221; erau so\u0163ii Ceau\u015fescu: ei considerau cancerul ca o boal\u0103 infec\u0163ioas\u0103, ca \u015fi gripa sau ebola, fiindu-le fric\u0103 s\u0103 nu se molipseasc\u0103!!\" class=\"read-more button\" href=\"https:\/\/www.lovendal.ro\/wp52\/ce-destepti-erau-sotii-ceausescu-ei-considerau-cancerul-ca-o-boala-infectioasa-ca-si-gripa-sau-ebola-fiindu-le-frica-sa-nu-se-molipseasca\/#more-36105\" aria-label=\"Cite\u0219te mai multe despre Ce &#8222;de\u015ftep\u0163i&#8221; erau so\u0163ii Ceau\u015fescu: ei considerau cancerul ca o boal\u0103 infec\u0163ioas\u0103, ca \u015fi gripa sau ebola, fiindu-le fric\u0103 s\u0103 nu se molipseasc\u0103!!\">Cititi mai multe<\/a><\/p>\n","protected":false},"author":1,"featured_media":36106,"comment_status":"open","ping_status":"open","sticky":false,"template":"","format":"standard","meta":{"footnotes":""},"categories":[9,2833],"tags":[170,2773,1103,135,8673,386,595,147,470,1532,2149,4253,74,1924],"class_list":["post-36105","post","type-post","status-publish","format-standard","has-post-thumbnail","hentry","category-istorie","category-noutati","tag-boala","tag-brejnev","tag-carte","tag-ceausescu","tag-chisinau","tag-egipt","tag-elena-ceausescu","tag-gripa","tag-iran","tag-istorie-si-civilizatii","tag-palat","tag-republica-moldova","tag-romania","tag-sah","resize-featured-image"],"yoast_head":"<!-- This site is optimized with the Yoast SEO Premium plugin v23.3 (Yoast SEO v27.4) - https:\/\/yoast.com\/product\/yoast-seo-premium-wordpress\/ -->\n<title>Ce &quot;de\u015ftep\u0163i&quot; erau so\u0163ii Ceau\u015fescu: ei considerau cancerul ca o boal\u0103 infec\u0163ioas\u0103, ca \u015fi gripa sau ebola, fiindu-le fric\u0103 s\u0103 nu se molipseasc\u0103!! - Secretele lui Lovendal<\/title>\n<meta name=\"robots\" content=\"index, follow, max-snippet:-1, max-image-preview:large, max-video-preview:-1\" \/>\n<link rel=\"canonical\" href=\"https:\/\/www.lovendal.ro\/wp52\/ce-destepti-erau-sotii-ceausescu-ei-considerau-cancerul-ca-o-boala-infectioasa-ca-si-gripa-sau-ebola-fiindu-le-frica-sa-nu-se-molipseasca\/\" \/>\n<meta property=\"og:locale\" content=\"ro_RO\" \/>\n<meta property=\"og:type\" content=\"article\" \/>\n<meta property=\"og:title\" content=\"Ce &quot;de\u015ftep\u0163i&quot; erau so\u0163ii Ceau\u015fescu: ei considerau cancerul ca o boal\u0103 infec\u0163ioas\u0103, ca \u015fi gripa sau ebola, fiindu-le fric\u0103 s\u0103 nu se molipseasc\u0103!!\" \/>\n<meta property=\"og:description\" content=\"Pentru cei care \u00eenc\u0103 \u00eei regret\u0103 pe so\u0163ii Ceau\u015fescu, le recomand s\u0103 citeasc\u0103 excep\u0163ionala carte al Violetei N\u0103st\u0103sescu &#8211; &#8222;Elena Ceau\u015fescu. Confesiuni f\u0103r\u0103 frontiere&#8221;. Autoarea c\u0103r\u0163ii i-a \u00eenso\u0163it pe so\u0163ii Ceau\u015fescu \u00een vizitele oficiale ale cuplului preziden\u0163ial \u00een diferite \u0163\u0103ri ... Cititi mai multe\" \/>\n<meta property=\"og:url\" content=\"https:\/\/www.lovendal.ro\/wp52\/ce-destepti-erau-sotii-ceausescu-ei-considerau-cancerul-ca-o-boala-infectioasa-ca-si-gripa-sau-ebola-fiindu-le-frica-sa-nu-se-molipseasca\/\" \/>\n<meta property=\"og:site_name\" content=\"Secretele lui Lovendal\" \/>\n<meta property=\"article:publisher\" content=\"https:\/\/www.facebook.com\/secreteleluilovendal\" \/>\n<meta property=\"article:published_time\" content=\"2014-10-15T06:00:22+00:00\" \/>\n<meta property=\"og:image\" content=\"https:\/\/www.lovendal.ro\/wp52\/wp-content\/uploads\/2014\/10\/Nicolae-Elena-Ceausescu.jpg\" \/>\n\t<meta property=\"og:image:width\" content=\"324\" \/>\n\t<meta property=\"og:image:height\" content=\"297\" \/>\n\t<meta property=\"og:image:type\" content=\"image\/jpeg\" \/>\n<meta name=\"author\" content=\"admin\" \/>\n<meta name=\"twitter:card\" content=\"summary_large_image\" \/>\n<meta name=\"twitter:label1\" content=\"Scris de\" \/>\n\t<meta name=\"twitter:data1\" content=\"admin\" \/>\n\t<meta name=\"twitter:label2\" content=\"Timp estimat pentru citire\" \/>\n\t<meta name=\"twitter:data2\" content=\"2 minute\" \/>\n<script type=\"application\/ld+json\" class=\"yoast-schema-graph\">{\"@context\":\"https:\\\/\\\/schema.org\",\"@graph\":[{\"@type\":\"Article\",\"@id\":\"https:\\\/\\\/www.lovendal.ro\\\/wp52\\\/ce-destepti-erau-sotii-ceausescu-ei-considerau-cancerul-ca-o-boala-infectioasa-ca-si-gripa-sau-ebola-fiindu-le-frica-sa-nu-se-molipseasca\\\/#article\",\"isPartOf\":{\"@id\":\"https:\\\/\\\/www.lovendal.ro\\\/wp52\\\/ce-destepti-erau-sotii-ceausescu-ei-considerau-cancerul-ca-o-boala-infectioasa-ca-si-gripa-sau-ebola-fiindu-le-frica-sa-nu-se-molipseasca\\\/\"},\"author\":{\"name\":\"admin\",\"@id\":\"https:\\\/\\\/www.lovendal.ro\\\/wp52\\\/#\\\/schema\\\/person\\\/088691de5dfc346bb0c023e1e52ef5d9\"},\"headline\":\"Ce &#8222;de\u015ftep\u0163i&#8221; erau so\u0163ii Ceau\u015fescu: ei considerau cancerul ca o boal\u0103 infec\u0163ioas\u0103, ca \u015fi gripa sau ebola, fiindu-le fric\u0103 s\u0103 nu se molipseasc\u0103!!\",\"datePublished\":\"2014-10-15T06:00:22+00:00\",\"mainEntityOfPage\":{\"@id\":\"https:\\\/\\\/www.lovendal.ro\\\/wp52\\\/ce-destepti-erau-sotii-ceausescu-ei-considerau-cancerul-ca-o-boala-infectioasa-ca-si-gripa-sau-ebola-fiindu-le-frica-sa-nu-se-molipseasca\\\/\"},\"wordCount\":505,\"commentCount\":10,\"publisher\":{\"@id\":\"https:\\\/\\\/www.lovendal.ro\\\/wp52\\\/#organization\"},\"image\":{\"@id\":\"https:\\\/\\\/www.lovendal.ro\\\/wp52\\\/ce-destepti-erau-sotii-ceausescu-ei-considerau-cancerul-ca-o-boala-infectioasa-ca-si-gripa-sau-ebola-fiindu-le-frica-sa-nu-se-molipseasca\\\/#primaryimage\"},\"thumbnailUrl\":\"https:\\\/\\\/www.lovendal.ro\\\/wp52\\\/wp-content\\\/uploads\\\/2014\\\/10\\\/Nicolae-Elena-Ceausescu.jpg\",\"keywords\":[\"boal\u0103\",\"Brejnev\",\"carte\",\"Ceau\u015fescu\",\"Chi\u015fin\u0103u\",\"Egipt\",\"Elena Ceau\u015fescu\",\"grip\u0103\",\"Iran\",\"Istorie si Civilizatii\",\"palat\",\"Republica Moldova\",\"Rom\u00e2nia\",\"\u015fah\"],\"articleSection\":[\"Istorie si Civilizatii\",\"Noutati\"],\"inLanguage\":\"ro-RO\",\"potentialAction\":[{\"@type\":\"CommentAction\",\"name\":\"Comment\",\"target\":[\"https:\\\/\\\/www.lovendal.ro\\\/wp52\\\/ce-destepti-erau-sotii-ceausescu-ei-considerau-cancerul-ca-o-boala-infectioasa-ca-si-gripa-sau-ebola-fiindu-le-frica-sa-nu-se-molipseasca\\\/#respond\"]}]},{\"@type\":\"WebPage\",\"@id\":\"https:\\\/\\\/www.lovendal.ro\\\/wp52\\\/ce-destepti-erau-sotii-ceausescu-ei-considerau-cancerul-ca-o-boala-infectioasa-ca-si-gripa-sau-ebola-fiindu-le-frica-sa-nu-se-molipseasca\\\/\",\"url\":\"https:\\\/\\\/www.lovendal.ro\\\/wp52\\\/ce-destepti-erau-sotii-ceausescu-ei-considerau-cancerul-ca-o-boala-infectioasa-ca-si-gripa-sau-ebola-fiindu-le-frica-sa-nu-se-molipseasca\\\/\",\"name\":\"Ce \\\"de\u015ftep\u0163i\\\" erau so\u0163ii Ceau\u015fescu: ei considerau cancerul ca o boal\u0103 infec\u0163ioas\u0103, ca \u015fi gripa sau ebola, fiindu-le fric\u0103 s\u0103 nu se molipseasc\u0103!! - Secretele lui Lovendal\",\"isPartOf\":{\"@id\":\"https:\\\/\\\/www.lovendal.ro\\\/wp52\\\/#website\"},\"primaryImageOfPage\":{\"@id\":\"https:\\\/\\\/www.lovendal.ro\\\/wp52\\\/ce-destepti-erau-sotii-ceausescu-ei-considerau-cancerul-ca-o-boala-infectioasa-ca-si-gripa-sau-ebola-fiindu-le-frica-sa-nu-se-molipseasca\\\/#primaryimage\"},\"image\":{\"@id\":\"https:\\\/\\\/www.lovendal.ro\\\/wp52\\\/ce-destepti-erau-sotii-ceausescu-ei-considerau-cancerul-ca-o-boala-infectioasa-ca-si-gripa-sau-ebola-fiindu-le-frica-sa-nu-se-molipseasca\\\/#primaryimage\"},\"thumbnailUrl\":\"https:\\\/\\\/www.lovendal.ro\\\/wp52\\\/wp-content\\\/uploads\\\/2014\\\/10\\\/Nicolae-Elena-Ceausescu.jpg\",\"datePublished\":\"2014-10-15T06:00:22+00:00\",\"breadcrumb\":{\"@id\":\"https:\\\/\\\/www.lovendal.ro\\\/wp52\\\/ce-destepti-erau-sotii-ceausescu-ei-considerau-cancerul-ca-o-boala-infectioasa-ca-si-gripa-sau-ebola-fiindu-le-frica-sa-nu-se-molipseasca\\\/#breadcrumb\"},\"inLanguage\":\"ro-RO\",\"potentialAction\":[{\"@type\":\"ReadAction\",\"target\":[\"https:\\\/\\\/www.lovendal.ro\\\/wp52\\\/ce-destepti-erau-sotii-ceausescu-ei-considerau-cancerul-ca-o-boala-infectioasa-ca-si-gripa-sau-ebola-fiindu-le-frica-sa-nu-se-molipseasca\\\/\"]}]},{\"@type\":\"ImageObject\",\"inLanguage\":\"ro-RO\",\"@id\":\"https:\\\/\\\/www.lovendal.ro\\\/wp52\\\/ce-destepti-erau-sotii-ceausescu-ei-considerau-cancerul-ca-o-boala-infectioasa-ca-si-gripa-sau-ebola-fiindu-le-frica-sa-nu-se-molipseasca\\\/#primaryimage\",\"url\":\"https:\\\/\\\/www.lovendal.ro\\\/wp52\\\/wp-content\\\/uploads\\\/2014\\\/10\\\/Nicolae-Elena-Ceausescu.jpg\",\"contentUrl\":\"https:\\\/\\\/www.lovendal.ro\\\/wp52\\\/wp-content\\\/uploads\\\/2014\\\/10\\\/Nicolae-Elena-Ceausescu.jpg\",\"width\":324,\"height\":297},{\"@type\":\"BreadcrumbList\",\"@id\":\"https:\\\/\\\/www.lovendal.ro\\\/wp52\\\/ce-destepti-erau-sotii-ceausescu-ei-considerau-cancerul-ca-o-boala-infectioasa-ca-si-gripa-sau-ebola-fiindu-le-frica-sa-nu-se-molipseasca\\\/#breadcrumb\",\"itemListElement\":[{\"@type\":\"ListItem\",\"position\":1,\"name\":\"Home\",\"item\":\"https:\\\/\\\/www.lovendal.ro\\\/wp52\\\/\"},{\"@type\":\"ListItem\",\"position\":2,\"name\":\"Ce &#8222;de\u015ftep\u0163i&#8221; erau so\u0163ii Ceau\u015fescu: ei considerau cancerul ca o boal\u0103 infec\u0163ioas\u0103, ca \u015fi gripa sau ebola, fiindu-le fric\u0103 s\u0103 nu se molipseasc\u0103!!\"}]},{\"@type\":\"WebSite\",\"@id\":\"https:\\\/\\\/www.lovendal.ro\\\/wp52\\\/#website\",\"url\":\"https:\\\/\\\/www.lovendal.ro\\\/wp52\\\/\",\"name\":\"Secretele lui Lovendal\",\"description\":\"Site de secrete, stiinta si metafizica - din 2008 -\",\"publisher\":{\"@id\":\"https:\\\/\\\/www.lovendal.ro\\\/wp52\\\/#organization\"},\"potentialAction\":[{\"@type\":\"SearchAction\",\"target\":{\"@type\":\"EntryPoint\",\"urlTemplate\":\"https:\\\/\\\/www.lovendal.ro\\\/wp52\\\/?s={search_term_string}\"},\"query-input\":{\"@type\":\"PropertyValueSpecification\",\"valueRequired\":true,\"valueName\":\"search_term_string\"}}],\"inLanguage\":\"ro-RO\"},{\"@type\":\"Organization\",\"@id\":\"https:\\\/\\\/www.lovendal.ro\\\/wp52\\\/#organization\",\"name\":\"Secretele lui Lovendal\",\"url\":\"https:\\\/\\\/www.lovendal.ro\\\/wp52\\\/\",\"logo\":{\"@type\":\"ImageObject\",\"inLanguage\":\"ro-RO\",\"@id\":\"https:\\\/\\\/www.lovendal.ro\\\/wp52\\\/#\\\/schema\\\/logo\\\/image\\\/\",\"url\":\"https:\\\/\\\/www.lovendal.ro\\\/wp52\\\/wp-content\\\/uploads\\\/2024\\\/06\\\/cropped-SLL-iun-2024-1.jpg\",\"contentUrl\":\"https:\\\/\\\/www.lovendal.ro\\\/wp52\\\/wp-content\\\/uploads\\\/2024\\\/06\\\/cropped-SLL-iun-2024-1.jpg\",\"width\":771,\"height\":240,\"caption\":\"Secretele lui Lovendal\"},\"image\":{\"@id\":\"https:\\\/\\\/www.lovendal.ro\\\/wp52\\\/#\\\/schema\\\/logo\\\/image\\\/\"},\"sameAs\":[\"https:\\\/\\\/www.facebook.com\\\/secreteleluilovendal\"]},{\"@type\":\"Person\",\"@id\":\"https:\\\/\\\/www.lovendal.ro\\\/wp52\\\/#\\\/schema\\\/person\\\/088691de5dfc346bb0c023e1e52ef5d9\",\"name\":\"admin\",\"image\":{\"@type\":\"ImageObject\",\"inLanguage\":\"ro-RO\",\"@id\":\"https:\\\/\\\/secure.gravatar.com\\\/avatar\\\/ecb9cd41f5f63c9c9b989999a59f6e2639a865ec361e9db054db0679a8f341c2?s=96&d=mm&r=g\",\"url\":\"https:\\\/\\\/secure.gravatar.com\\\/avatar\\\/ecb9cd41f5f63c9c9b989999a59f6e2639a865ec361e9db054db0679a8f341c2?s=96&d=mm&r=g\",\"contentUrl\":\"https:\\\/\\\/secure.gravatar.com\\\/avatar\\\/ecb9cd41f5f63c9c9b989999a59f6e2639a865ec361e9db054db0679a8f341c2?s=96&d=mm&r=g\",\"caption\":\"admin\"},\"sameAs\":[\"https:\\\/\\\/www.lovendal.ro\\\/wp52\"]}]}<\/script>\n<!-- \/ Yoast SEO Premium plugin. -->","yoast_head_json":{"title":"Ce \"de\u015ftep\u0163i\" erau so\u0163ii Ceau\u015fescu: ei considerau cancerul ca o boal\u0103 infec\u0163ioas\u0103, ca \u015fi gripa sau ebola, fiindu-le fric\u0103 s\u0103 nu se molipseasc\u0103!! - Secretele lui Lovendal","robots":{"index":"index","follow":"follow","max-snippet":"max-snippet:-1","max-image-preview":"max-image-preview:large","max-video-preview":"max-video-preview:-1"},"canonical":"https:\/\/www.lovendal.ro\/wp52\/ce-destepti-erau-sotii-ceausescu-ei-considerau-cancerul-ca-o-boala-infectioasa-ca-si-gripa-sau-ebola-fiindu-le-frica-sa-nu-se-molipseasca\/","og_locale":"ro_RO","og_type":"article","og_title":"Ce \"de\u015ftep\u0163i\" erau so\u0163ii Ceau\u015fescu: ei considerau cancerul ca o boal\u0103 infec\u0163ioas\u0103, ca \u015fi gripa sau ebola, fiindu-le fric\u0103 s\u0103 nu se molipseasc\u0103!!","og_description":"Pentru cei care \u00eenc\u0103 \u00eei regret\u0103 pe so\u0163ii Ceau\u015fescu, le recomand s\u0103 citeasc\u0103 excep\u0163ionala carte al Violetei N\u0103st\u0103sescu &#8211; &#8222;Elena Ceau\u015fescu. Confesiuni f\u0103r\u0103 frontiere&#8221;. Autoarea c\u0103r\u0163ii i-a \u00eenso\u0163it pe so\u0163ii Ceau\u015fescu \u00een vizitele oficiale ale cuplului preziden\u0163ial \u00een diferite \u0163\u0103ri ... Cititi mai multe","og_url":"https:\/\/www.lovendal.ro\/wp52\/ce-destepti-erau-sotii-ceausescu-ei-considerau-cancerul-ca-o-boala-infectioasa-ca-si-gripa-sau-ebola-fiindu-le-frica-sa-nu-se-molipseasca\/","og_site_name":"Secretele lui Lovendal","article_publisher":"https:\/\/www.facebook.com\/secreteleluilovendal","article_published_time":"2014-10-15T06:00:22+00:00","og_image":[{"width":324,"height":297,"url":"https:\/\/www.lovendal.ro\/wp52\/wp-content\/uploads\/2014\/10\/Nicolae-Elena-Ceausescu.jpg","type":"image\/jpeg"}],"author":"admin","twitter_card":"summary_large_image","twitter_misc":{"Scris de":"admin","Timp estimat pentru citire":"2 minute"},"schema":{"@context":"https:\/\/schema.org","@graph":[{"@type":"Article","@id":"https:\/\/www.lovendal.ro\/wp52\/ce-destepti-erau-sotii-ceausescu-ei-considerau-cancerul-ca-o-boala-infectioasa-ca-si-gripa-sau-ebola-fiindu-le-frica-sa-nu-se-molipseasca\/#article","isPartOf":{"@id":"https:\/\/www.lovendal.ro\/wp52\/ce-destepti-erau-sotii-ceausescu-ei-considerau-cancerul-ca-o-boala-infectioasa-ca-si-gripa-sau-ebola-fiindu-le-frica-sa-nu-se-molipseasca\/"},"author":{"name":"admin","@id":"https:\/\/www.lovendal.ro\/wp52\/#\/schema\/person\/088691de5dfc346bb0c023e1e52ef5d9"},"headline":"Ce &#8222;de\u015ftep\u0163i&#8221; erau so\u0163ii Ceau\u015fescu: ei considerau cancerul ca o boal\u0103 infec\u0163ioas\u0103, ca \u015fi gripa sau ebola, fiindu-le fric\u0103 s\u0103 nu se molipseasc\u0103!!","datePublished":"2014-10-15T06:00:22+00:00","mainEntityOfPage":{"@id":"https:\/\/www.lovendal.ro\/wp52\/ce-destepti-erau-sotii-ceausescu-ei-considerau-cancerul-ca-o-boala-infectioasa-ca-si-gripa-sau-ebola-fiindu-le-frica-sa-nu-se-molipseasca\/"},"wordCount":505,"commentCount":10,"publisher":{"@id":"https:\/\/www.lovendal.ro\/wp52\/#organization"},"image":{"@id":"https:\/\/www.lovendal.ro\/wp52\/ce-destepti-erau-sotii-ceausescu-ei-considerau-cancerul-ca-o-boala-infectioasa-ca-si-gripa-sau-ebola-fiindu-le-frica-sa-nu-se-molipseasca\/#primaryimage"},"thumbnailUrl":"https:\/\/www.lovendal.ro\/wp52\/wp-content\/uploads\/2014\/10\/Nicolae-Elena-Ceausescu.jpg","keywords":["boal\u0103","Brejnev","carte","Ceau\u015fescu","Chi\u015fin\u0103u","Egipt","Elena Ceau\u015fescu","grip\u0103","Iran","Istorie si Civilizatii","palat","Republica Moldova","Rom\u00e2nia","\u015fah"],"articleSection":["Istorie si Civilizatii","Noutati"],"inLanguage":"ro-RO","potentialAction":[{"@type":"CommentAction","name":"Comment","target":["https:\/\/www.lovendal.ro\/wp52\/ce-destepti-erau-sotii-ceausescu-ei-considerau-cancerul-ca-o-boala-infectioasa-ca-si-gripa-sau-ebola-fiindu-le-frica-sa-nu-se-molipseasca\/#respond"]}]},{"@type":"WebPage","@id":"https:\/\/www.lovendal.ro\/wp52\/ce-destepti-erau-sotii-ceausescu-ei-considerau-cancerul-ca-o-boala-infectioasa-ca-si-gripa-sau-ebola-fiindu-le-frica-sa-nu-se-molipseasca\/","url":"https:\/\/www.lovendal.ro\/wp52\/ce-destepti-erau-sotii-ceausescu-ei-considerau-cancerul-ca-o-boala-infectioasa-ca-si-gripa-sau-ebola-fiindu-le-frica-sa-nu-se-molipseasca\/","name":"Ce \"de\u015ftep\u0163i\" erau so\u0163ii Ceau\u015fescu: ei considerau cancerul ca o boal\u0103 infec\u0163ioas\u0103, ca \u015fi gripa sau ebola, fiindu-le fric\u0103 s\u0103 nu se molipseasc\u0103!! - Secretele lui Lovendal","isPartOf":{"@id":"https:\/\/www.lovendal.ro\/wp52\/#website"},"primaryImageOfPage":{"@id":"https:\/\/www.lovendal.ro\/wp52\/ce-destepti-erau-sotii-ceausescu-ei-considerau-cancerul-ca-o-boala-infectioasa-ca-si-gripa-sau-ebola-fiindu-le-frica-sa-nu-se-molipseasca\/#primaryimage"},"image":{"@id":"https:\/\/www.lovendal.ro\/wp52\/ce-destepti-erau-sotii-ceausescu-ei-considerau-cancerul-ca-o-boala-infectioasa-ca-si-gripa-sau-ebola-fiindu-le-frica-sa-nu-se-molipseasca\/#primaryimage"},"thumbnailUrl":"https:\/\/www.lovendal.ro\/wp52\/wp-content\/uploads\/2014\/10\/Nicolae-Elena-Ceausescu.jpg","datePublished":"2014-10-15T06:00:22+00:00","breadcrumb":{"@id":"https:\/\/www.lovendal.ro\/wp52\/ce-destepti-erau-sotii-ceausescu-ei-considerau-cancerul-ca-o-boala-infectioasa-ca-si-gripa-sau-ebola-fiindu-le-frica-sa-nu-se-molipseasca\/#breadcrumb"},"inLanguage":"ro-RO","potentialAction":[{"@type":"ReadAction","target":["https:\/\/www.lovendal.ro\/wp52\/ce-destepti-erau-sotii-ceausescu-ei-considerau-cancerul-ca-o-boala-infectioasa-ca-si-gripa-sau-ebola-fiindu-le-frica-sa-nu-se-molipseasca\/"]}]},{"@type":"ImageObject","inLanguage":"ro-RO","@id":"https:\/\/www.lovendal.ro\/wp52\/ce-destepti-erau-sotii-ceausescu-ei-considerau-cancerul-ca-o-boala-infectioasa-ca-si-gripa-sau-ebola-fiindu-le-frica-sa-nu-se-molipseasca\/#primaryimage","url":"https:\/\/www.lovendal.ro\/wp52\/wp-content\/uploads\/2014\/10\/Nicolae-Elena-Ceausescu.jpg","contentUrl":"https:\/\/www.lovendal.ro\/wp52\/wp-content\/uploads\/2014\/10\/Nicolae-Elena-Ceausescu.jpg","width":324,"height":297},{"@type":"BreadcrumbList","@id":"https:\/\/www.lovendal.ro\/wp52\/ce-destepti-erau-sotii-ceausescu-ei-considerau-cancerul-ca-o-boala-infectioasa-ca-si-gripa-sau-ebola-fiindu-le-frica-sa-nu-se-molipseasca\/#breadcrumb","itemListElement":[{"@type":"ListItem","position":1,"name":"Home","item":"https:\/\/www.lovendal.ro\/wp52\/"},{"@type":"ListItem","position":2,"name":"Ce &#8222;de\u015ftep\u0163i&#8221; erau so\u0163ii Ceau\u015fescu: ei considerau cancerul ca o boal\u0103 infec\u0163ioas\u0103, ca \u015fi gripa sau ebola, fiindu-le fric\u0103 s\u0103 nu se molipseasc\u0103!!"}]},{"@type":"WebSite","@id":"https:\/\/www.lovendal.ro\/wp52\/#website","url":"https:\/\/www.lovendal.ro\/wp52\/","name":"Secretele lui Lovendal","description":"Site de secrete, stiinta si metafizica - din 2008 -","publisher":{"@id":"https:\/\/www.lovendal.ro\/wp52\/#organization"},"potentialAction":[{"@type":"SearchAction","target":{"@type":"EntryPoint","urlTemplate":"https:\/\/www.lovendal.ro\/wp52\/?s={search_term_string}"},"query-input":{"@type":"PropertyValueSpecification","valueRequired":true,"valueName":"search_term_string"}}],"inLanguage":"ro-RO"},{"@type":"Organization","@id":"https:\/\/www.lovendal.ro\/wp52\/#organization","name":"Secretele lui Lovendal","url":"https:\/\/www.lovendal.ro\/wp52\/","logo":{"@type":"ImageObject","inLanguage":"ro-RO","@id":"https:\/\/www.lovendal.ro\/wp52\/#\/schema\/logo\/image\/","url":"https:\/\/www.lovendal.ro\/wp52\/wp-content\/uploads\/2024\/06\/cropped-SLL-iun-2024-1.jpg","contentUrl":"https:\/\/www.lovendal.ro\/wp52\/wp-content\/uploads\/2024\/06\/cropped-SLL-iun-2024-1.jpg","width":771,"height":240,"caption":"Secretele lui Lovendal"},"image":{"@id":"https:\/\/www.lovendal.ro\/wp52\/#\/schema\/logo\/image\/"},"sameAs":["https:\/\/www.facebook.com\/secreteleluilovendal"]},{"@type":"Person","@id":"https:\/\/www.lovendal.ro\/wp52\/#\/schema\/person\/088691de5dfc346bb0c023e1e52ef5d9","name":"admin","image":{"@type":"ImageObject","inLanguage":"ro-RO","@id":"https:\/\/secure.gravatar.com\/avatar\/ecb9cd41f5f63c9c9b989999a59f6e2639a865ec361e9db054db0679a8f341c2?s=96&d=mm&r=g","url":"https:\/\/secure.gravatar.com\/avatar\/ecb9cd41f5f63c9c9b989999a59f6e2639a865ec361e9db054db0679a8f341c2?s=96&d=mm&r=g","contentUrl":"https:\/\/secure.gravatar.com\/avatar\/ecb9cd41f5f63c9c9b989999a59f6e2639a865ec361e9db054db0679a8f341c2?s=96&d=mm&r=g","caption":"admin"},"sameAs":["https:\/\/www.lovendal.ro\/wp52"]}]}},"_links":{"self":[{"href":"https:\/\/www.lovendal.ro\/wp52\/wp-json\/wp\/v2\/posts\/36105","targetHints":{"allow":["GET"]}}],"collection":[{"href":"https:\/\/www.lovendal.ro\/wp52\/wp-json\/wp\/v2\/posts"}],"about":[{"href":"https:\/\/www.lovendal.ro\/wp52\/wp-json\/wp\/v2\/types\/post"}],"author":[{"embeddable":true,"href":"https:\/\/www.lovendal.ro\/wp52\/wp-json\/wp\/v2\/users\/1"}],"replies":[{"embeddable":true,"href":"https:\/\/www.lovendal.ro\/wp52\/wp-json\/wp\/v2\/comments?post=36105"}],"version-history":[{"count":0,"href":"https:\/\/www.lovendal.ro\/wp52\/wp-json\/wp\/v2\/posts\/36105\/revisions"}],"wp:featuredmedia":[{"embeddable":true,"href":"https:\/\/www.lovendal.ro\/wp52\/wp-json\/wp\/v2\/media\/36106"}],"wp:attachment":[{"href":"https:\/\/www.lovendal.ro\/wp52\/wp-json\/wp\/v2\/media?parent=36105"}],"wp:term":[{"taxonomy":"category","embeddable":true,"href":"https:\/\/www.lovendal.ro\/wp52\/wp-json\/wp\/v2\/categories?post=36105"},{"taxonomy":"post_tag","embeddable":true,"href":"https:\/\/www.lovendal.ro\/wp52\/wp-json\/wp\/v2\/tags?post=36105"}],"curies":[{"name":"wp","href":"https:\/\/api.w.org\/{rel}","templated":true}]}}