{"id":3608,"date":"2009-02-28T10:31:15","date_gmt":"2009-02-28T06:31:15","guid":{"rendered":"http:\/\/www.lovendal.net\/wp52\/?p=3608"},"modified":"2009-03-01T20:49:15","modified_gmt":"2009-03-01T16:49:15","slug":"rochie-de-mireasa-verde-da-caci-rochia-de-mireasa-n-a-fost-intotdeauna-alba","status":"publish","type":"post","link":"https:\/\/www.lovendal.ro\/wp52\/rochie-de-mireasa-verde-da-caci-rochia-de-mireasa-n-a-fost-intotdeauna-alba\/","title":{"rendered":"Rochie de mireas\u0103 verde? Da, c\u0103ci rochia de mireas\u0103 n-a fost \u00eentotdeauna alb\u0103"},"content":{"rendered":"<p><img loading=\"lazy\" decoding=\"async\" class=\"alignleft size-full wp-image-3610\" title=\"giovanniarnolfini\" src=\"https:\/\/www.lovendal.ro\/wp52\/wp-content\/uploads\/2009\/02\/giovanniarnolfini.jpg\" alt=\"giovanniarnolfini\" width=\"326\" height=\"321\" srcset=\"https:\/\/www.lovendal.ro\/wp52\/wp-content\/uploads\/2009\/02\/giovanniarnolfini.jpg 326w, https:\/\/www.lovendal.ro\/wp52\/wp-content\/uploads\/2009\/02\/giovanniarnolfini-300x295.jpg 300w\" sizes=\"auto, (max-width: 326px) 100vw, 326px\" \/>\u00centr-un tablou realizat de pictorul flamand Jan van Eyck (1390-1441), \u00een 1434, \u015fi intitulat <strong>&#8222;Giovanni Arnolfini \u015fi mireasa lui&#8221;<\/strong>, mireasa este \u00eembr\u0103cat\u0103 \u00eentr-o superb\u0103 rochie de culoare verde, aceast\u0103 nuan\u0163\u0103 fiind \u00een acea perioad\u0103 la mare vog\u0103, mai ales pentru mirese, ea fiind simbolul fertilit\u0103\u0163ii. \u00cen tradi\u0163ia cre\u015ftin\u0103 s-a adoptat culoarea alb\u0103 pentru rochia de mireas\u0103, pentru c\u0103 aceasta simbolizeaz\u0103 virginitatea, puritatea \u015fi cur\u0103\u0163enia sufleteasc\u0103.<\/p>\n<p>Dup\u0103 unii istorici, culoarea alb\u0103, pentru rochia de mireas\u0103, a fost impus\u0103 de Anna de Bretagne (1477-1514), fiica ducelui Francisc al II-lea de Bretagne, cu regele francez Ludovic al XII-lea (1495-1515), \u00een 1499. \u015ei tot ea ar fi impus negrul drept culoare de doliu, \u00eembr\u0103c\u00e2nd o rochie de culoare cernit\u0103 la moartea so\u0163ului ei. Al\u0163i istorici atribuie purtarea rochiei albe de mireas\u0103 reginei Sco\u0163iei, Maria Stuart (1542-1567) la c\u0103s\u0103toria ei, \u00een 1558, cu viitorul rege francez Francisc al II-lea, iar rochia neagr\u0103 de doliu, Caterinei de Medici (1519-1589), la moartea so\u0163ului ei, Henric al II-lea, regele Fran\u0163ei, nedesp\u0103r\u0163indu-se toat\u0103 via\u0163a de aceast\u0103 culoare.<\/p>\n<p>Azi, nu peste tot \u00een lume rochia de mireas\u0103 are culoarea alb\u0103. \u00cen China, albul este asociat doliului \u015fi \u00eenseamn\u0103 nenoroc. Se spune c\u0103 atunci c\u00e2nd vreo mireas\u0103 alege s\u0103 se \u00eembrace \u00een alb, p\u0103rin\u0163ii se opun c\u0103s\u0103toriei, merg\u00e2nd p\u00e2n\u0103 acolo \u00eenc\u00e2t s\u0103-\u015fi renege fiica. \u00cen India se admite c\u0103 rochia de mireas\u0103 s\u0103 fie alb\u0103, numai dac\u0103 are neap\u0103rat \u015fi o aplica\u0163ie dintr-un material de alt\u0103 culoare, rochia alb\u0103 complet fiind considerat\u0103 aduc\u0103toare de nefericire. Dup\u0103 cum se \u015ftie, rochia de mireas\u0103 este lung\u0103 \u015fi de multe ori cu tren\u0103. Casa de mod\u0103 &#8222;Coco Chanel&#8221; este cea care a revolu\u0163ionat mod\u0103 pentru femei \u015fi a lansat, \u00een 1920, rochia de mireas\u0103 scurt\u0103. Aceasta era compus\u0103 dintr-o fust\u0103 p\u00e2n\u0103 la genunchi, iar peste ea se purta o tren\u0103 lung\u0103.<\/p>\n","protected":false},"excerpt":{"rendered":"<p>\u00centr-un tablou realizat de pictorul flamand Jan van Eyck (1390-1441), \u00een 1434, \u015fi intitulat &#8222;Giovanni Arnolfini \u015fi mireasa lui&#8221;, mireasa este \u00eembr\u0103cat\u0103 \u00eentr-o superb\u0103 rochie de culoare verde, aceast\u0103 nuan\u0163\u0103 fiind \u00een acea perioad\u0103 la mare vog\u0103, mai ales pentru &#8230; <\/p>\n<p class=\"read-more-container\"><a title=\"Rochie de mireas\u0103 verde? Da, c\u0103ci rochia de mireas\u0103 n-a fost \u00eentotdeauna alb\u0103\" class=\"read-more button\" href=\"https:\/\/www.lovendal.ro\/wp52\/rochie-de-mireasa-verde-da-caci-rochia-de-mireasa-n-a-fost-intotdeauna-alba\/#more-3608\" aria-label=\"Cite\u0219te mai multe despre Rochie de mireas\u0103 verde? Da, c\u0103ci rochia de mireas\u0103 n-a fost \u00eentotdeauna alb\u0103\">Cititi mai multe<\/a><\/p>\n","protected":false},"author":1,"featured_media":3610,"comment_status":"open","ping_status":"closed","sticky":false,"template":"","format":"standard","meta":{"footnotes":""},"categories":[91],"tags":[1162,1161,9801,165,1160,1163],"class_list":["post-3608","post","type-post","status-publish","format-standard","has-post-thumbnail","hentry","category-monden","tag-alb","tag-mireasa","tag-monden","tag-pictor","tag-rochie","tag-verde","resize-featured-image"],"yoast_head":"<!-- This site is optimized with the Yoast SEO Premium plugin v23.3 (Yoast SEO v27.4) - https:\/\/yoast.com\/product\/yoast-seo-premium-wordpress\/ -->\n<title>Rochie de mireas\u0103 verde? Da, c\u0103ci rochia de mireas\u0103 n-a fost \u00eentotdeauna alb\u0103 - Secretele lui Lovendal<\/title>\n<meta name=\"robots\" content=\"index, follow, max-snippet:-1, max-image-preview:large, max-video-preview:-1\" \/>\n<link rel=\"canonical\" href=\"https:\/\/www.lovendal.ro\/wp52\/rochie-de-mireasa-verde-da-caci-rochia-de-mireasa-n-a-fost-intotdeauna-alba\/\" \/>\n<meta property=\"og:locale\" content=\"ro_RO\" \/>\n<meta property=\"og:type\" content=\"article\" \/>\n<meta property=\"og:title\" content=\"Rochie de mireas\u0103 verde? Da, c\u0103ci rochia de mireas\u0103 n-a fost \u00eentotdeauna alb\u0103\" \/>\n<meta property=\"og:description\" content=\"\u00centr-un tablou realizat de pictorul flamand Jan van Eyck (1390-1441), \u00een 1434, \u015fi intitulat &#8222;Giovanni Arnolfini \u015fi mireasa lui&#8221;, mireasa este \u00eembr\u0103cat\u0103 \u00eentr-o superb\u0103 rochie de culoare verde, aceast\u0103 nuan\u0163\u0103 fiind \u00een acea perioad\u0103 la mare vog\u0103, mai ales pentru ... Cititi mai multe\" \/>\n<meta property=\"og:url\" content=\"https:\/\/www.lovendal.ro\/wp52\/rochie-de-mireasa-verde-da-caci-rochia-de-mireasa-n-a-fost-intotdeauna-alba\/\" \/>\n<meta property=\"og:site_name\" content=\"Secretele lui Lovendal\" \/>\n<meta property=\"article:publisher\" content=\"https:\/\/www.facebook.com\/secreteleluilovendal\" \/>\n<meta property=\"article:published_time\" content=\"2009-02-28T06:31:15+00:00\" \/>\n<meta property=\"article:modified_time\" content=\"2009-03-01T16:49:15+00:00\" \/>\n<meta property=\"og:image\" content=\"https:\/\/www.lovendal.ro\/wp52\/wp-content\/uploads\/2009\/02\/giovanniarnolfini.jpg\" \/>\n\t<meta property=\"og:image:width\" content=\"326\" \/>\n\t<meta property=\"og:image:height\" content=\"321\" \/>\n\t<meta property=\"og:image:type\" content=\"image\/jpeg\" \/>\n<meta name=\"author\" content=\"admin\" \/>\n<meta name=\"twitter:card\" content=\"summary_large_image\" \/>\n<meta name=\"twitter:label1\" content=\"Scris de\" \/>\n\t<meta name=\"twitter:data1\" content=\"admin\" \/>\n\t<meta name=\"twitter:label2\" content=\"Timp estimat pentru citire\" \/>\n\t<meta name=\"twitter:data2\" content=\"2 minute\" \/>\n<script type=\"application\/ld+json\" class=\"yoast-schema-graph\">{\"@context\":\"https:\\\/\\\/schema.org\",\"@graph\":[{\"@type\":\"Article\",\"@id\":\"https:\\\/\\\/www.lovendal.ro\\\/wp52\\\/rochie-de-mireasa-verde-da-caci-rochia-de-mireasa-n-a-fost-intotdeauna-alba\\\/#article\",\"isPartOf\":{\"@id\":\"https:\\\/\\\/www.lovendal.ro\\\/wp52\\\/rochie-de-mireasa-verde-da-caci-rochia-de-mireasa-n-a-fost-intotdeauna-alba\\\/\"},\"author\":{\"name\":\"admin\",\"@id\":\"https:\\\/\\\/www.lovendal.ro\\\/wp52\\\/#\\\/schema\\\/person\\\/088691de5dfc346bb0c023e1e52ef5d9\"},\"headline\":\"Rochie de mireas\u0103 verde? Da, c\u0103ci rochia de mireas\u0103 n-a fost \u00eentotdeauna alb\u0103\",\"datePublished\":\"2009-02-28T06:31:15+00:00\",\"dateModified\":\"2009-03-01T16:49:15+00:00\",\"mainEntityOfPage\":{\"@id\":\"https:\\\/\\\/www.lovendal.ro\\\/wp52\\\/rochie-de-mireasa-verde-da-caci-rochia-de-mireasa-n-a-fost-intotdeauna-alba\\\/\"},\"wordCount\":339,\"commentCount\":6,\"publisher\":{\"@id\":\"https:\\\/\\\/www.lovendal.ro\\\/wp52\\\/#organization\"},\"image\":{\"@id\":\"https:\\\/\\\/www.lovendal.ro\\\/wp52\\\/rochie-de-mireasa-verde-da-caci-rochia-de-mireasa-n-a-fost-intotdeauna-alba\\\/#primaryimage\"},\"thumbnailUrl\":\"https:\\\/\\\/www.lovendal.ro\\\/wp52\\\/wp-content\\\/uploads\\\/2009\\\/02\\\/giovanniarnolfini.jpg\",\"keywords\":[\"alb\",\"mireas\u0103\",\"Monden si Divertisment\",\"pictor\",\"rochie\",\"verde\"],\"articleSection\":[\"Monden si Divertisment\"],\"inLanguage\":\"ro-RO\",\"potentialAction\":[{\"@type\":\"CommentAction\",\"name\":\"Comment\",\"target\":[\"https:\\\/\\\/www.lovendal.ro\\\/wp52\\\/rochie-de-mireasa-verde-da-caci-rochia-de-mireasa-n-a-fost-intotdeauna-alba\\\/#respond\"]}]},{\"@type\":\"WebPage\",\"@id\":\"https:\\\/\\\/www.lovendal.ro\\\/wp52\\\/rochie-de-mireasa-verde-da-caci-rochia-de-mireasa-n-a-fost-intotdeauna-alba\\\/\",\"url\":\"https:\\\/\\\/www.lovendal.ro\\\/wp52\\\/rochie-de-mireasa-verde-da-caci-rochia-de-mireasa-n-a-fost-intotdeauna-alba\\\/\",\"name\":\"Rochie de mireas\u0103 verde? Da, c\u0103ci rochia de mireas\u0103 n-a fost \u00eentotdeauna alb\u0103 - Secretele lui Lovendal\",\"isPartOf\":{\"@id\":\"https:\\\/\\\/www.lovendal.ro\\\/wp52\\\/#website\"},\"primaryImageOfPage\":{\"@id\":\"https:\\\/\\\/www.lovendal.ro\\\/wp52\\\/rochie-de-mireasa-verde-da-caci-rochia-de-mireasa-n-a-fost-intotdeauna-alba\\\/#primaryimage\"},\"image\":{\"@id\":\"https:\\\/\\\/www.lovendal.ro\\\/wp52\\\/rochie-de-mireasa-verde-da-caci-rochia-de-mireasa-n-a-fost-intotdeauna-alba\\\/#primaryimage\"},\"thumbnailUrl\":\"https:\\\/\\\/www.lovendal.ro\\\/wp52\\\/wp-content\\\/uploads\\\/2009\\\/02\\\/giovanniarnolfini.jpg\",\"datePublished\":\"2009-02-28T06:31:15+00:00\",\"dateModified\":\"2009-03-01T16:49:15+00:00\",\"breadcrumb\":{\"@id\":\"https:\\\/\\\/www.lovendal.ro\\\/wp52\\\/rochie-de-mireasa-verde-da-caci-rochia-de-mireasa-n-a-fost-intotdeauna-alba\\\/#breadcrumb\"},\"inLanguage\":\"ro-RO\",\"potentialAction\":[{\"@type\":\"ReadAction\",\"target\":[\"https:\\\/\\\/www.lovendal.ro\\\/wp52\\\/rochie-de-mireasa-verde-da-caci-rochia-de-mireasa-n-a-fost-intotdeauna-alba\\\/\"]}]},{\"@type\":\"ImageObject\",\"inLanguage\":\"ro-RO\",\"@id\":\"https:\\\/\\\/www.lovendal.ro\\\/wp52\\\/rochie-de-mireasa-verde-da-caci-rochia-de-mireasa-n-a-fost-intotdeauna-alba\\\/#primaryimage\",\"url\":\"https:\\\/\\\/www.lovendal.ro\\\/wp52\\\/wp-content\\\/uploads\\\/2009\\\/02\\\/giovanniarnolfini.jpg\",\"contentUrl\":\"https:\\\/\\\/www.lovendal.ro\\\/wp52\\\/wp-content\\\/uploads\\\/2009\\\/02\\\/giovanniarnolfini.jpg\",\"width\":\"326\",\"height\":\"321\"},{\"@type\":\"BreadcrumbList\",\"@id\":\"https:\\\/\\\/www.lovendal.ro\\\/wp52\\\/rochie-de-mireasa-verde-da-caci-rochia-de-mireasa-n-a-fost-intotdeauna-alba\\\/#breadcrumb\",\"itemListElement\":[{\"@type\":\"ListItem\",\"position\":1,\"name\":\"Home\",\"item\":\"https:\\\/\\\/www.lovendal.ro\\\/wp52\\\/\"},{\"@type\":\"ListItem\",\"position\":2,\"name\":\"Rochie de mireas\u0103 verde? Da, c\u0103ci rochia de mireas\u0103 n-a fost \u00eentotdeauna alb\u0103\"}]},{\"@type\":\"WebSite\",\"@id\":\"https:\\\/\\\/www.lovendal.ro\\\/wp52\\\/#website\",\"url\":\"https:\\\/\\\/www.lovendal.ro\\\/wp52\\\/\",\"name\":\"Secretele lui Lovendal\",\"description\":\"Site de secrete, stiinta si metafizica - din 2008 -\",\"publisher\":{\"@id\":\"https:\\\/\\\/www.lovendal.ro\\\/wp52\\\/#organization\"},\"potentialAction\":[{\"@type\":\"SearchAction\",\"target\":{\"@type\":\"EntryPoint\",\"urlTemplate\":\"https:\\\/\\\/www.lovendal.ro\\\/wp52\\\/?s={search_term_string}\"},\"query-input\":{\"@type\":\"PropertyValueSpecification\",\"valueRequired\":true,\"valueName\":\"search_term_string\"}}],\"inLanguage\":\"ro-RO\"},{\"@type\":\"Organization\",\"@id\":\"https:\\\/\\\/www.lovendal.ro\\\/wp52\\\/#organization\",\"name\":\"Secretele lui Lovendal\",\"url\":\"https:\\\/\\\/www.lovendal.ro\\\/wp52\\\/\",\"logo\":{\"@type\":\"ImageObject\",\"inLanguage\":\"ro-RO\",\"@id\":\"https:\\\/\\\/www.lovendal.ro\\\/wp52\\\/#\\\/schema\\\/logo\\\/image\\\/\",\"url\":\"https:\\\/\\\/www.lovendal.ro\\\/wp52\\\/wp-content\\\/uploads\\\/2024\\\/06\\\/cropped-SLL-iun-2024-1.jpg\",\"contentUrl\":\"https:\\\/\\\/www.lovendal.ro\\\/wp52\\\/wp-content\\\/uploads\\\/2024\\\/06\\\/cropped-SLL-iun-2024-1.jpg\",\"width\":771,\"height\":240,\"caption\":\"Secretele lui Lovendal\"},\"image\":{\"@id\":\"https:\\\/\\\/www.lovendal.ro\\\/wp52\\\/#\\\/schema\\\/logo\\\/image\\\/\"},\"sameAs\":[\"https:\\\/\\\/www.facebook.com\\\/secreteleluilovendal\"]},{\"@type\":\"Person\",\"@id\":\"https:\\\/\\\/www.lovendal.ro\\\/wp52\\\/#\\\/schema\\\/person\\\/088691de5dfc346bb0c023e1e52ef5d9\",\"name\":\"admin\",\"image\":{\"@type\":\"ImageObject\",\"inLanguage\":\"ro-RO\",\"@id\":\"https:\\\/\\\/secure.gravatar.com\\\/avatar\\\/ecb9cd41f5f63c9c9b989999a59f6e2639a865ec361e9db054db0679a8f341c2?s=96&d=mm&r=g\",\"url\":\"https:\\\/\\\/secure.gravatar.com\\\/avatar\\\/ecb9cd41f5f63c9c9b989999a59f6e2639a865ec361e9db054db0679a8f341c2?s=96&d=mm&r=g\",\"contentUrl\":\"https:\\\/\\\/secure.gravatar.com\\\/avatar\\\/ecb9cd41f5f63c9c9b989999a59f6e2639a865ec361e9db054db0679a8f341c2?s=96&d=mm&r=g\",\"caption\":\"admin\"},\"sameAs\":[\"https:\\\/\\\/www.lovendal.ro\\\/wp52\"]}]}<\/script>\n<!-- \/ Yoast SEO Premium plugin. -->","yoast_head_json":{"title":"Rochie de mireas\u0103 verde? Da, c\u0103ci rochia de mireas\u0103 n-a fost \u00eentotdeauna alb\u0103 - Secretele lui Lovendal","robots":{"index":"index","follow":"follow","max-snippet":"max-snippet:-1","max-image-preview":"max-image-preview:large","max-video-preview":"max-video-preview:-1"},"canonical":"https:\/\/www.lovendal.ro\/wp52\/rochie-de-mireasa-verde-da-caci-rochia-de-mireasa-n-a-fost-intotdeauna-alba\/","og_locale":"ro_RO","og_type":"article","og_title":"Rochie de mireas\u0103 verde? Da, c\u0103ci rochia de mireas\u0103 n-a fost \u00eentotdeauna alb\u0103","og_description":"\u00centr-un tablou realizat de pictorul flamand Jan van Eyck (1390-1441), \u00een 1434, \u015fi intitulat &#8222;Giovanni Arnolfini \u015fi mireasa lui&#8221;, mireasa este \u00eembr\u0103cat\u0103 \u00eentr-o superb\u0103 rochie de culoare verde, aceast\u0103 nuan\u0163\u0103 fiind \u00een acea perioad\u0103 la mare vog\u0103, mai ales pentru ... Cititi mai multe","og_url":"https:\/\/www.lovendal.ro\/wp52\/rochie-de-mireasa-verde-da-caci-rochia-de-mireasa-n-a-fost-intotdeauna-alba\/","og_site_name":"Secretele lui Lovendal","article_publisher":"https:\/\/www.facebook.com\/secreteleluilovendal","article_published_time":"2009-02-28T06:31:15+00:00","article_modified_time":"2009-03-01T16:49:15+00:00","og_image":[{"width":326,"height":321,"url":"https:\/\/www.lovendal.ro\/wp52\/wp-content\/uploads\/2009\/02\/giovanniarnolfini.jpg","type":"image\/jpeg"}],"author":"admin","twitter_card":"summary_large_image","twitter_misc":{"Scris de":"admin","Timp estimat pentru citire":"2 minute"},"schema":{"@context":"https:\/\/schema.org","@graph":[{"@type":"Article","@id":"https:\/\/www.lovendal.ro\/wp52\/rochie-de-mireasa-verde-da-caci-rochia-de-mireasa-n-a-fost-intotdeauna-alba\/#article","isPartOf":{"@id":"https:\/\/www.lovendal.ro\/wp52\/rochie-de-mireasa-verde-da-caci-rochia-de-mireasa-n-a-fost-intotdeauna-alba\/"},"author":{"name":"admin","@id":"https:\/\/www.lovendal.ro\/wp52\/#\/schema\/person\/088691de5dfc346bb0c023e1e52ef5d9"},"headline":"Rochie de mireas\u0103 verde? Da, c\u0103ci rochia de mireas\u0103 n-a fost \u00eentotdeauna alb\u0103","datePublished":"2009-02-28T06:31:15+00:00","dateModified":"2009-03-01T16:49:15+00:00","mainEntityOfPage":{"@id":"https:\/\/www.lovendal.ro\/wp52\/rochie-de-mireasa-verde-da-caci-rochia-de-mireasa-n-a-fost-intotdeauna-alba\/"},"wordCount":339,"commentCount":6,"publisher":{"@id":"https:\/\/www.lovendal.ro\/wp52\/#organization"},"image":{"@id":"https:\/\/www.lovendal.ro\/wp52\/rochie-de-mireasa-verde-da-caci-rochia-de-mireasa-n-a-fost-intotdeauna-alba\/#primaryimage"},"thumbnailUrl":"https:\/\/www.lovendal.ro\/wp52\/wp-content\/uploads\/2009\/02\/giovanniarnolfini.jpg","keywords":["alb","mireas\u0103","Monden si Divertisment","pictor","rochie","verde"],"articleSection":["Monden si Divertisment"],"inLanguage":"ro-RO","potentialAction":[{"@type":"CommentAction","name":"Comment","target":["https:\/\/www.lovendal.ro\/wp52\/rochie-de-mireasa-verde-da-caci-rochia-de-mireasa-n-a-fost-intotdeauna-alba\/#respond"]}]},{"@type":"WebPage","@id":"https:\/\/www.lovendal.ro\/wp52\/rochie-de-mireasa-verde-da-caci-rochia-de-mireasa-n-a-fost-intotdeauna-alba\/","url":"https:\/\/www.lovendal.ro\/wp52\/rochie-de-mireasa-verde-da-caci-rochia-de-mireasa-n-a-fost-intotdeauna-alba\/","name":"Rochie de mireas\u0103 verde? Da, c\u0103ci rochia de mireas\u0103 n-a fost \u00eentotdeauna alb\u0103 - Secretele lui Lovendal","isPartOf":{"@id":"https:\/\/www.lovendal.ro\/wp52\/#website"},"primaryImageOfPage":{"@id":"https:\/\/www.lovendal.ro\/wp52\/rochie-de-mireasa-verde-da-caci-rochia-de-mireasa-n-a-fost-intotdeauna-alba\/#primaryimage"},"image":{"@id":"https:\/\/www.lovendal.ro\/wp52\/rochie-de-mireasa-verde-da-caci-rochia-de-mireasa-n-a-fost-intotdeauna-alba\/#primaryimage"},"thumbnailUrl":"https:\/\/www.lovendal.ro\/wp52\/wp-content\/uploads\/2009\/02\/giovanniarnolfini.jpg","datePublished":"2009-02-28T06:31:15+00:00","dateModified":"2009-03-01T16:49:15+00:00","breadcrumb":{"@id":"https:\/\/www.lovendal.ro\/wp52\/rochie-de-mireasa-verde-da-caci-rochia-de-mireasa-n-a-fost-intotdeauna-alba\/#breadcrumb"},"inLanguage":"ro-RO","potentialAction":[{"@type":"ReadAction","target":["https:\/\/www.lovendal.ro\/wp52\/rochie-de-mireasa-verde-da-caci-rochia-de-mireasa-n-a-fost-intotdeauna-alba\/"]}]},{"@type":"ImageObject","inLanguage":"ro-RO","@id":"https:\/\/www.lovendal.ro\/wp52\/rochie-de-mireasa-verde-da-caci-rochia-de-mireasa-n-a-fost-intotdeauna-alba\/#primaryimage","url":"https:\/\/www.lovendal.ro\/wp52\/wp-content\/uploads\/2009\/02\/giovanniarnolfini.jpg","contentUrl":"https:\/\/www.lovendal.ro\/wp52\/wp-content\/uploads\/2009\/02\/giovanniarnolfini.jpg","width":"326","height":"321"},{"@type":"BreadcrumbList","@id":"https:\/\/www.lovendal.ro\/wp52\/rochie-de-mireasa-verde-da-caci-rochia-de-mireasa-n-a-fost-intotdeauna-alba\/#breadcrumb","itemListElement":[{"@type":"ListItem","position":1,"name":"Home","item":"https:\/\/www.lovendal.ro\/wp52\/"},{"@type":"ListItem","position":2,"name":"Rochie de mireas\u0103 verde? Da, c\u0103ci rochia de mireas\u0103 n-a fost \u00eentotdeauna alb\u0103"}]},{"@type":"WebSite","@id":"https:\/\/www.lovendal.ro\/wp52\/#website","url":"https:\/\/www.lovendal.ro\/wp52\/","name":"Secretele lui Lovendal","description":"Site de secrete, stiinta si metafizica - din 2008 -","publisher":{"@id":"https:\/\/www.lovendal.ro\/wp52\/#organization"},"potentialAction":[{"@type":"SearchAction","target":{"@type":"EntryPoint","urlTemplate":"https:\/\/www.lovendal.ro\/wp52\/?s={search_term_string}"},"query-input":{"@type":"PropertyValueSpecification","valueRequired":true,"valueName":"search_term_string"}}],"inLanguage":"ro-RO"},{"@type":"Organization","@id":"https:\/\/www.lovendal.ro\/wp52\/#organization","name":"Secretele lui Lovendal","url":"https:\/\/www.lovendal.ro\/wp52\/","logo":{"@type":"ImageObject","inLanguage":"ro-RO","@id":"https:\/\/www.lovendal.ro\/wp52\/#\/schema\/logo\/image\/","url":"https:\/\/www.lovendal.ro\/wp52\/wp-content\/uploads\/2024\/06\/cropped-SLL-iun-2024-1.jpg","contentUrl":"https:\/\/www.lovendal.ro\/wp52\/wp-content\/uploads\/2024\/06\/cropped-SLL-iun-2024-1.jpg","width":771,"height":240,"caption":"Secretele lui Lovendal"},"image":{"@id":"https:\/\/www.lovendal.ro\/wp52\/#\/schema\/logo\/image\/"},"sameAs":["https:\/\/www.facebook.com\/secreteleluilovendal"]},{"@type":"Person","@id":"https:\/\/www.lovendal.ro\/wp52\/#\/schema\/person\/088691de5dfc346bb0c023e1e52ef5d9","name":"admin","image":{"@type":"ImageObject","inLanguage":"ro-RO","@id":"https:\/\/secure.gravatar.com\/avatar\/ecb9cd41f5f63c9c9b989999a59f6e2639a865ec361e9db054db0679a8f341c2?s=96&d=mm&r=g","url":"https:\/\/secure.gravatar.com\/avatar\/ecb9cd41f5f63c9c9b989999a59f6e2639a865ec361e9db054db0679a8f341c2?s=96&d=mm&r=g","contentUrl":"https:\/\/secure.gravatar.com\/avatar\/ecb9cd41f5f63c9c9b989999a59f6e2639a865ec361e9db054db0679a8f341c2?s=96&d=mm&r=g","caption":"admin"},"sameAs":["https:\/\/www.lovendal.ro\/wp52"]}]}},"_links":{"self":[{"href":"https:\/\/www.lovendal.ro\/wp52\/wp-json\/wp\/v2\/posts\/3608","targetHints":{"allow":["GET"]}}],"collection":[{"href":"https:\/\/www.lovendal.ro\/wp52\/wp-json\/wp\/v2\/posts"}],"about":[{"href":"https:\/\/www.lovendal.ro\/wp52\/wp-json\/wp\/v2\/types\/post"}],"author":[{"embeddable":true,"href":"https:\/\/www.lovendal.ro\/wp52\/wp-json\/wp\/v2\/users\/1"}],"replies":[{"embeddable":true,"href":"https:\/\/www.lovendal.ro\/wp52\/wp-json\/wp\/v2\/comments?post=3608"}],"version-history":[{"count":0,"href":"https:\/\/www.lovendal.ro\/wp52\/wp-json\/wp\/v2\/posts\/3608\/revisions"}],"wp:featuredmedia":[{"embeddable":true,"href":"https:\/\/www.lovendal.ro\/wp52\/wp-json\/wp\/v2\/media\/3610"}],"wp:attachment":[{"href":"https:\/\/www.lovendal.ro\/wp52\/wp-json\/wp\/v2\/media?parent=3608"}],"wp:term":[{"taxonomy":"category","embeddable":true,"href":"https:\/\/www.lovendal.ro\/wp52\/wp-json\/wp\/v2\/categories?post=3608"},{"taxonomy":"post_tag","embeddable":true,"href":"https:\/\/www.lovendal.ro\/wp52\/wp-json\/wp\/v2\/tags?post=3608"}],"curies":[{"name":"wp","href":"https:\/\/api.w.org\/{rel}","templated":true}]}}