{"id":35857,"date":"2014-09-28T13:34:37","date_gmt":"2014-09-28T10:34:37","guid":{"rendered":"http:\/\/www.lovendal.ro\/wp52\/?p=35857"},"modified":"2023-03-25T09:22:09","modified_gmt":"2023-03-25T07:22:09","slug":"doi-mineri-spanioli-din-insulele-canare-au-ramas-ingroziti-de-trei-fiinte-stralucitoare-umane-care-levitau-intr-o-galerie-misterioasa","status":"publish","type":"post","link":"https:\/\/www.lovendal.ro\/wp52\/doi-mineri-spanioli-din-insulele-canare-au-ramas-ingroziti-de-trei-fiinte-stralucitoare-umane-care-levitau-intr-o-galerie-misterioasa\/","title":{"rendered":"Povestire fantezist\u0103? Doi mineri spanioli din insulele Canare au r\u0103mas \u00eengrozi\u0163i de trei &#8222;fiin\u0163e str\u0103lucitoare umane&#8221; care levitau \u00eentr-o galerie misterioas\u0103!"},"content":{"rendered":"<p><span id=\"result_box\" lang=\"ro\"><span class=\"hps\"><img loading=\"lazy\" decoding=\"async\" class=\"alignleft size-full wp-image-35858\" src=\"https:\/\/www.lovendal.ro\/wp52\/wp-content\/uploads\/2014\/09\/mineri-fiinte-stralucitoare.jpg\" alt=\"mineri fiinte stralucitoare\" width=\"328\" height=\"223\" srcset=\"https:\/\/www.lovendal.ro\/wp52\/wp-content\/uploads\/2014\/09\/mineri-fiinte-stralucitoare.jpg 328w, https:\/\/www.lovendal.ro\/wp52\/wp-content\/uploads\/2014\/09\/mineri-fiinte-stralucitoare-300x203.jpg 300w, https:\/\/www.lovendal.ro\/wp52\/wp-content\/uploads\/2014\/09\/mineri-fiinte-stralucitoare-140x94.jpg 140w\" sizes=\"auto, (max-width: 328px) 100vw, 328px\" \/>Situat pe<\/span> <span class=\"hps\">coasta de<\/span> <span class=\"hps\">nord-vest<\/span> <span class=\"hps\">a<\/span> <span class=\"hps\">Africii, se<\/span> afl\u0103 <span class=\"hps\">arhipelagul<\/span> <span class=\"hps\">vulcanic<\/span> <span class=\"hps\">din<\/span> <span class=\"hps\">Insulele Canare<\/span>. <span class=\"hps\">Cea mai mare dintre<\/span> <span class=\"hps\">aceste insule<\/span>, <span class=\"hps\">Tenerife<\/span>, are <span class=\"hps\">cel mai \u00eenalt<\/span> <span class=\"hps\">vulcan<\/span> <span class=\"hps\">din Europa<\/span> <span class=\"hps\">\u0219i<\/span> <span class=\"hps\">al treilea din lume, Teide. Totodat\u0103,<\/span> <span class=\"hps\">aceast\u0103<\/span> <span class=\"hps\">insul\u0103<\/span> ascunde \u015fi numeroase legende ciudate \u015fi misterioase, una din ele povestind-o aici, \u00een cadrul acestui articol.<\/span><\/p>\n<p><span class=\"hps\">Tenerife<\/span>, <span class=\"hps\">la fel ca multe<\/span> <span class=\"hps\">insule<\/span> <span class=\"hps\">de<\/span> <span class=\"hps\">origine<\/span> <span class=\"hps\">vulcanic\u0103<\/span>, <span class=\"hps\">are<\/span> <span class=\"hps\">o<\/span> <span class=\"hps\">avere<\/span> inestimabil\u0103 <span class=\"hps\">de<\/span> <span class=\"hps\">pietre<\/span> <span class=\"hps\">pre\u021bioase<\/span> <span class=\"hps\">\u0219i<\/span> diamante; aici se g\u0103sesc faimoasele &#8222;diamante Tenerife&#8221;, <span class=\"hps\">extrem de apreciate<\/span> <span class=\"hps\">datorit\u0103 culorii<\/span> <span class=\"hps\">lor<\/span> <span class=\"hps\">galben<\/span> <span class=\"hps\">lucioase<\/span>. De aceea, pe Tenerife au fost construite o mul\u0163ime de galerii \u015fi mine pentru c\u0103utarea acestor pietre pre\u0163ioase.<\/p>\n<p><span id=\"result_box\" lang=\"ro\"><span class=\"hps\">Povestea<\/span> <span class=\"hps\">noastr\u0103 \u00eencepe<\/span> \u00ee<span class=\"hps\">ntr-o zon\u0103<\/span> <span class=\"hps\">muntoas\u0103<\/span> <span class=\"hps\">a<\/span> <span class=\"hps\">insulei Tenerife<\/span>, \u00een partea sa de<span class=\"hps\"> sud-est. Aici se g\u0103se\u015fte<\/span> <span class=\"hps\">o<\/span> <span class=\"hps\">re\u021bea complex\u0103<\/span> <span class=\"hps\">de<\/span> viroage \u015fi albii, ce formeaz\u0103 o galerie, care a <span class=\"hps\">devenit<\/span> <span class=\"hps\">locul de munc\u0103<\/span> <span class=\"hps\">pentru<\/span> <span class=\"hps\">genera\u021bii de<\/span> <span class=\"hps\">mineri<\/span> <span class=\"hps\">\u0219i familiile lor<\/span>. \u00ce<span class=\"hps\">n<\/span> <span class=\"hps\">1912<\/span> <span class=\"hps\">doi<\/span> <span class=\"hps\">mineri<\/span> <span class=\"hps\">lucrau<\/span> <span class=\"hps\">\u00een<\/span> <span class=\"hps\">galeriile<\/span> <span class=\"hps\">Izana, \u00eentr-o albie secat\u0103 a unei viroage.<\/span> <span class=\"hps\">Ei aveau<\/span> <span class=\"hps\">sarcina de a crea<\/span> <span class=\"hps\">o<\/span> <span class=\"hps\">nou\u0103 galerie&#8230; aceasta fiind munca lor de peste 10 ani. <\/span>Dar, \u00een ziua respectiv\u0103, un eveniment ciudat avea s\u0103 le <span class=\"hps\">schimbe<\/span> <span class=\"hps\">via\u021ba pentru totdeauna<\/span>.<\/span><\/p>\n<p><span class=\"hps\">Ei au \u00eenceput<\/span> s\u0103 dea cu <span class=\"hps\">t\u00e2rn\u0103coapele, pentru a muta o st\u00e2nc\u0103. Dup\u0103 vreo 10 minute de lovituri puternice, o bucat\u0103 uria\u015f\u0103 de piatr\u0103 s-a pr\u0103bu\u015fit, av\u00e2nd un diametru de circa 3 metri.<\/span> Dup\u0103 ce praful \u015fi molozul s-au ridicat, \u00een fa\u0163a lor se dezv\u0103luia o galerie necunoscut\u0103, care, evident era opera omului \u015fi nu a naturii. \u00cen fa\u0163a lor se afla un \u00eentuneric negru ca smoala.<\/p>\n<p><span class=\"hps\">\u00cenarma\u021bi cu<\/span> <span class=\"hps\">l\u0103mpi\u00a0<\/span><span class=\"hps\">de petrol, cei doi mineri<\/span> <span class=\"hps\">s-au apropiat<\/span> cu pruden\u0163\u0103 <span class=\"hps\">de intrare. Totu\u015fi, ei nu erau \u00eengrijora\u0163i, c\u0103ci zidurile galeriei p\u0103reau stabile, masive<\/span>, <span class=\"hps\">f\u0103r\u0103<\/span> <span class=\"hps\">cr\u0103p\u0103turi sau fisuri<\/span>. A<span class=\"hps\">coperi\u0219ul<\/span> <span class=\"hps\">\u0219i<\/span> <span class=\"hps\">pardoseala<\/span> galeriei erau <span class=\"hps\">acoperite cu<\/span> <span class=\"hps\">un<\/span> <span class=\"hps\">material<\/span> asem\u0103n\u0103tor <span class=\"hps\">betonului: e clar c\u0103 era vorba de o construc\u0163ie uman\u0103!<\/span><\/p>\n<p>Odat\u0103 ce au p\u0103\u015fit mai ad\u00e2nc \u00een galerie, cei doi au observat c\u0103 aceasta se curba la st\u00e2nga, \u015fi deodat\u0103, \u00een \u00eentunecime, au observat\u00a0<span id=\"result_box\" lang=\"ro\"><span class=\"hps\">o str\u0103lucire<\/span> <span class=\"hps\">bl\u00e2nd\u0103,<\/span> <span class=\"hps\">emanat\u0103<\/span> <span class=\"hps\">din<\/span> <span class=\"hps\">p\u0103r\u021bile laterale ale<\/span> <span class=\"hps\">galeriei<\/span>. Dup\u0103 ce au f\u0103cut 500 de metri \u00een galerie, minerii au fost martorii unui <span class=\"hps\">eveniment<\/span> <span class=\"hps\">imposibil<\/span>: t<span class=\"hps\">rei<\/span> <span class=\"hps\">fiin\u021be<\/span> <span class=\"hps\">luminoase, aflate la circa<\/span> <span class=\"hps\">o sut\u0103<\/span> <span class=\"hps\">de metri<\/span> <span class=\"hps\">dep\u0103rtare, veneau \u00eenspre<\/span><span class=\"hps\"> ei<\/span>. <span class=\"hps\">P\u0103reau<\/span> <span class=\"hps\">a<\/span> <span class=\"hps\">fi<\/span> <span class=\"hps\">umanoizi<\/span> <span class=\"hps\">\u00een<\/span> <span class=\"hps\">aparen\u021b\u0103, dar totu\u015fi mersul lor nu era destul de &#8222;uman&#8221;.<\/span> &#8222;Fiin\u0163ele&#8221; p\u0103reau c\u0103 plutesc deasupra podelei, iar dac\u0103 te uitai jos la ele p\u0103reau c\u0103 nici nu aveau picioare! Creaturile levitau la aproximativ 30 de centimetri fa\u0163\u0103 de sol! <\/span><\/p>\n<p><span id=\"result_box\" lang=\"ro\"><span class=\"hps\">Intra\u0163i \u00een panic\u0103 \u0219i<\/span> <span class=\"hps\">cuprin\u015fi<\/span> <span class=\"hps\">de<\/span> <span class=\"hps\">un sentiment cople\u0219itor de<\/span> <span class=\"hps\">team\u0103<\/span>, <span class=\"hps\">minerii<\/span> <span class=\"hps\">au aruncat<\/span> <span class=\"hps\">jos<\/span> tot ce aveau \u00een m\u00e2n\u0103 <span class=\"hps\">\u0219i<\/span> <span class=\"hps\">au fugit<\/span> \u00eenapoi, ie\u015find<span class=\"hps\"> din<\/span> <span class=\"hps\">galerie<\/span>. Dup\u0103 ce-au p\u0103r\u0103sit galeria, minerii nu s-au mai oprit din fug\u0103 dec\u00e2t p\u00e2n\u0103 la cea mai apropiat\u0103 sta\u0163ie de poli\u0163ie (aflat\u0103 la 4 km distan\u0163\u0103), unde au povestit totul ofi\u0163erilor de serviciu. Poli\u0163i\u015ftii s-au \u00eentors cu minerii la galerie, dar n-au g\u0103sit <span class=\"hps\">nici<\/span> <span class=\"hps\">un semn de<\/span> &#8222;<span class=\"hps\">fiin\u021be<\/span> <span class=\"hps\">stralucitoare&#8221;. <\/span><\/span><\/p>\n<p><span id=\"result_box\" lang=\"ro\">Oare care este adev\u0103rul care st\u0103 la baza acestui incident bizar?<\/span><\/p>\n","protected":false},"excerpt":{"rendered":"<p>Situat pe coasta de nord-vest a Africii, se afl\u0103 arhipelagul vulcanic din Insulele Canare. Cea mai mare dintre aceste insule, Tenerife, are cel mai \u00eenalt vulcan din Europa \u0219i al treilea din lume, Teide. Totodat\u0103, aceast\u0103 insul\u0103 ascunde \u015fi numeroase &#8230; <\/p>\n<p class=\"read-more-container\"><a title=\"Povestire fantezist\u0103? Doi mineri spanioli din insulele Canare au r\u0103mas \u00eengrozi\u0163i de trei &#8222;fiin\u0163e str\u0103lucitoare umane&#8221; care levitau \u00eentr-o galerie misterioas\u0103!\" class=\"read-more button\" href=\"https:\/\/www.lovendal.ro\/wp52\/doi-mineri-spanioli-din-insulele-canare-au-ramas-ingroziti-de-trei-fiinte-stralucitoare-umane-care-levitau-intr-o-galerie-misterioasa\/#more-35857\" aria-label=\"Cite\u0219te mai multe despre Povestire fantezist\u0103? Doi mineri spanioli din insulele Canare au r\u0103mas \u00eengrozi\u0163i de trei &#8222;fiin\u0163e str\u0103lucitoare umane&#8221; care levitau \u00eentr-o galerie misterioas\u0103!\">Cititi mai multe<\/a><\/p>\n","protected":false},"author":1,"featured_media":35858,"comment_status":"open","ping_status":"open","sticky":false,"template":"","format":"standard","meta":{"footnotes":""},"categories":[14],"tags":[235,3322,1164,341,2992,5763,1784,3903,5513,67,952,3207,8589,9796,3234,284,5387,1189,1205,8590,8588,1460],"class_list":["post-35857","post","type-post","status-publish","format-standard","has-post-thumbnail","hentry","category-paranormal-spiritualitate","tag-africa","tag-beton","tag-diamant","tag-europa","tag-galben","tag-galerie","tag-insula","tag-insulele-canare","tag-lampa","tag-levitatie","tag-lumina","tag-mina","tag-mineri","tag-paranormal-spiritualitate","tag-petrol","tag-picioare","tag-pietre-pretioase","tag-politie","tag-stanca","tag-teide","tag-tenerife","tag-vulcan","resize-featured-image"],"yoast_head":"<!-- This site is optimized with the Yoast SEO Premium plugin v23.3 (Yoast SEO v27.4) - https:\/\/yoast.com\/product\/yoast-seo-premium-wordpress\/ -->\n<title>Povestire fantezist\u0103? Doi mineri spanioli din insulele Canare au r\u0103mas \u00eengrozi\u0163i de trei &quot;fiin\u0163e str\u0103lucitoare umane&quot; care levitau \u00eentr-o galerie misterioas\u0103! - Secretele lui Lovendal<\/title>\n<meta name=\"robots\" content=\"index, follow, max-snippet:-1, max-image-preview:large, max-video-preview:-1\" \/>\n<link rel=\"canonical\" href=\"https:\/\/www.lovendal.ro\/wp52\/doi-mineri-spanioli-din-insulele-canare-au-ramas-ingroziti-de-trei-fiinte-stralucitoare-umane-care-levitau-intr-o-galerie-misterioasa\/\" \/>\n<meta property=\"og:locale\" content=\"ro_RO\" \/>\n<meta property=\"og:type\" content=\"article\" \/>\n<meta property=\"og:title\" content=\"Povestire fantezist\u0103? Doi mineri spanioli din insulele Canare au r\u0103mas \u00eengrozi\u0163i de trei &quot;fiin\u0163e str\u0103lucitoare umane&quot; care levitau \u00eentr-o galerie misterioas\u0103!\" \/>\n<meta property=\"og:description\" content=\"Situat pe coasta de nord-vest a Africii, se afl\u0103 arhipelagul vulcanic din Insulele Canare. Cea mai mare dintre aceste insule, Tenerife, are cel mai \u00eenalt vulcan din Europa \u0219i al treilea din lume, Teide. Totodat\u0103, aceast\u0103 insul\u0103 ascunde \u015fi numeroase ... Cititi mai multe\" \/>\n<meta property=\"og:url\" content=\"https:\/\/www.lovendal.ro\/wp52\/doi-mineri-spanioli-din-insulele-canare-au-ramas-ingroziti-de-trei-fiinte-stralucitoare-umane-care-levitau-intr-o-galerie-misterioasa\/\" \/>\n<meta property=\"og:site_name\" content=\"Secretele lui Lovendal\" \/>\n<meta property=\"article:publisher\" content=\"https:\/\/www.facebook.com\/secreteleluilovendal\" \/>\n<meta property=\"article:published_time\" content=\"2014-09-28T10:34:37+00:00\" \/>\n<meta property=\"article:modified_time\" content=\"2023-03-25T07:22:09+00:00\" \/>\n<meta property=\"og:image\" content=\"https:\/\/www.lovendal.ro\/wp52\/wp-content\/uploads\/2014\/09\/mineri-fiinte-stralucitoare.jpg\" \/>\n\t<meta property=\"og:image:width\" content=\"328\" \/>\n\t<meta property=\"og:image:height\" content=\"223\" \/>\n\t<meta property=\"og:image:type\" content=\"image\/jpeg\" \/>\n<meta name=\"author\" content=\"admin\" \/>\n<meta name=\"twitter:card\" content=\"summary_large_image\" \/>\n<meta name=\"twitter:label1\" content=\"Scris de\" \/>\n\t<meta name=\"twitter:data1\" content=\"admin\" \/>\n\t<meta name=\"twitter:label2\" content=\"Timp estimat pentru citire\" \/>\n\t<meta name=\"twitter:data2\" content=\"3 minute\" \/>\n<script type=\"application\/ld+json\" class=\"yoast-schema-graph\">{\"@context\":\"https:\\\/\\\/schema.org\",\"@graph\":[{\"@type\":\"Article\",\"@id\":\"https:\\\/\\\/www.lovendal.ro\\\/wp52\\\/doi-mineri-spanioli-din-insulele-canare-au-ramas-ingroziti-de-trei-fiinte-stralucitoare-umane-care-levitau-intr-o-galerie-misterioasa\\\/#article\",\"isPartOf\":{\"@id\":\"https:\\\/\\\/www.lovendal.ro\\\/wp52\\\/doi-mineri-spanioli-din-insulele-canare-au-ramas-ingroziti-de-trei-fiinte-stralucitoare-umane-care-levitau-intr-o-galerie-misterioasa\\\/\"},\"author\":{\"name\":\"admin\",\"@id\":\"https:\\\/\\\/www.lovendal.ro\\\/wp52\\\/#\\\/schema\\\/person\\\/088691de5dfc346bb0c023e1e52ef5d9\"},\"headline\":\"Povestire fantezist\u0103? Doi mineri spanioli din insulele Canare au r\u0103mas \u00eengrozi\u0163i de trei &#8222;fiin\u0163e str\u0103lucitoare umane&#8221; care levitau \u00eentr-o galerie misterioas\u0103!\",\"datePublished\":\"2014-09-28T10:34:37+00:00\",\"dateModified\":\"2023-03-25T07:22:09+00:00\",\"mainEntityOfPage\":{\"@id\":\"https:\\\/\\\/www.lovendal.ro\\\/wp52\\\/doi-mineri-spanioli-din-insulele-canare-au-ramas-ingroziti-de-trei-fiinte-stralucitoare-umane-care-levitau-intr-o-galerie-misterioasa\\\/\"},\"wordCount\":580,\"commentCount\":4,\"publisher\":{\"@id\":\"https:\\\/\\\/www.lovendal.ro\\\/wp52\\\/#organization\"},\"image\":{\"@id\":\"https:\\\/\\\/www.lovendal.ro\\\/wp52\\\/doi-mineri-spanioli-din-insulele-canare-au-ramas-ingroziti-de-trei-fiinte-stralucitoare-umane-care-levitau-intr-o-galerie-misterioasa\\\/#primaryimage\"},\"thumbnailUrl\":\"https:\\\/\\\/www.lovendal.ro\\\/wp52\\\/wp-content\\\/uploads\\\/2014\\\/09\\\/mineri-fiinte-stralucitoare.jpg\",\"keywords\":[\"Africa\",\"beton\",\"diamant\",\"Europa\",\"galben\",\"galerie\",\"insul\u0103\",\"Insulele Canare\",\"lamp\u0103\",\"levita\u0163ie\",\"lumin\u0103\",\"min\u0103\",\"mineri\",\"Paranormal-Spiritualitate\",\"petrol\",\"picioare\",\"pietre pre\u0163ioase\",\"poli\u0163ie\",\"St\u00e2nca\",\"Teide\",\"Tenerife\",\"vulcan\"],\"articleSection\":[\"Paranormal-Spiritualitate\"],\"inLanguage\":\"ro-RO\",\"potentialAction\":[{\"@type\":\"CommentAction\",\"name\":\"Comment\",\"target\":[\"https:\\\/\\\/www.lovendal.ro\\\/wp52\\\/doi-mineri-spanioli-din-insulele-canare-au-ramas-ingroziti-de-trei-fiinte-stralucitoare-umane-care-levitau-intr-o-galerie-misterioasa\\\/#respond\"]}]},{\"@type\":\"WebPage\",\"@id\":\"https:\\\/\\\/www.lovendal.ro\\\/wp52\\\/doi-mineri-spanioli-din-insulele-canare-au-ramas-ingroziti-de-trei-fiinte-stralucitoare-umane-care-levitau-intr-o-galerie-misterioasa\\\/\",\"url\":\"https:\\\/\\\/www.lovendal.ro\\\/wp52\\\/doi-mineri-spanioli-din-insulele-canare-au-ramas-ingroziti-de-trei-fiinte-stralucitoare-umane-care-levitau-intr-o-galerie-misterioasa\\\/\",\"name\":\"Povestire fantezist\u0103? Doi mineri spanioli din insulele Canare au r\u0103mas \u00eengrozi\u0163i de trei \\\"fiin\u0163e str\u0103lucitoare umane\\\" care levitau \u00eentr-o galerie misterioas\u0103! - Secretele lui Lovendal\",\"isPartOf\":{\"@id\":\"https:\\\/\\\/www.lovendal.ro\\\/wp52\\\/#website\"},\"primaryImageOfPage\":{\"@id\":\"https:\\\/\\\/www.lovendal.ro\\\/wp52\\\/doi-mineri-spanioli-din-insulele-canare-au-ramas-ingroziti-de-trei-fiinte-stralucitoare-umane-care-levitau-intr-o-galerie-misterioasa\\\/#primaryimage\"},\"image\":{\"@id\":\"https:\\\/\\\/www.lovendal.ro\\\/wp52\\\/doi-mineri-spanioli-din-insulele-canare-au-ramas-ingroziti-de-trei-fiinte-stralucitoare-umane-care-levitau-intr-o-galerie-misterioasa\\\/#primaryimage\"},\"thumbnailUrl\":\"https:\\\/\\\/www.lovendal.ro\\\/wp52\\\/wp-content\\\/uploads\\\/2014\\\/09\\\/mineri-fiinte-stralucitoare.jpg\",\"datePublished\":\"2014-09-28T10:34:37+00:00\",\"dateModified\":\"2023-03-25T07:22:09+00:00\",\"breadcrumb\":{\"@id\":\"https:\\\/\\\/www.lovendal.ro\\\/wp52\\\/doi-mineri-spanioli-din-insulele-canare-au-ramas-ingroziti-de-trei-fiinte-stralucitoare-umane-care-levitau-intr-o-galerie-misterioasa\\\/#breadcrumb\"},\"inLanguage\":\"ro-RO\",\"potentialAction\":[{\"@type\":\"ReadAction\",\"target\":[\"https:\\\/\\\/www.lovendal.ro\\\/wp52\\\/doi-mineri-spanioli-din-insulele-canare-au-ramas-ingroziti-de-trei-fiinte-stralucitoare-umane-care-levitau-intr-o-galerie-misterioasa\\\/\"]}]},{\"@type\":\"ImageObject\",\"inLanguage\":\"ro-RO\",\"@id\":\"https:\\\/\\\/www.lovendal.ro\\\/wp52\\\/doi-mineri-spanioli-din-insulele-canare-au-ramas-ingroziti-de-trei-fiinte-stralucitoare-umane-care-levitau-intr-o-galerie-misterioasa\\\/#primaryimage\",\"url\":\"https:\\\/\\\/www.lovendal.ro\\\/wp52\\\/wp-content\\\/uploads\\\/2014\\\/09\\\/mineri-fiinte-stralucitoare.jpg\",\"contentUrl\":\"https:\\\/\\\/www.lovendal.ro\\\/wp52\\\/wp-content\\\/uploads\\\/2014\\\/09\\\/mineri-fiinte-stralucitoare.jpg\",\"width\":328,\"height\":223},{\"@type\":\"BreadcrumbList\",\"@id\":\"https:\\\/\\\/www.lovendal.ro\\\/wp52\\\/doi-mineri-spanioli-din-insulele-canare-au-ramas-ingroziti-de-trei-fiinte-stralucitoare-umane-care-levitau-intr-o-galerie-misterioasa\\\/#breadcrumb\",\"itemListElement\":[{\"@type\":\"ListItem\",\"position\":1,\"name\":\"Home\",\"item\":\"https:\\\/\\\/www.lovendal.ro\\\/wp52\\\/\"},{\"@type\":\"ListItem\",\"position\":2,\"name\":\"Povestire fantezist\u0103? Doi mineri spanioli din insulele Canare au r\u0103mas \u00eengrozi\u0163i de trei &#8222;fiin\u0163e str\u0103lucitoare umane&#8221; care levitau \u00eentr-o galerie misterioas\u0103!\"}]},{\"@type\":\"WebSite\",\"@id\":\"https:\\\/\\\/www.lovendal.ro\\\/wp52\\\/#website\",\"url\":\"https:\\\/\\\/www.lovendal.ro\\\/wp52\\\/\",\"name\":\"Secretele lui Lovendal\",\"description\":\"Site de secrete, stiinta si metafizica - din 2008 -\",\"publisher\":{\"@id\":\"https:\\\/\\\/www.lovendal.ro\\\/wp52\\\/#organization\"},\"potentialAction\":[{\"@type\":\"SearchAction\",\"target\":{\"@type\":\"EntryPoint\",\"urlTemplate\":\"https:\\\/\\\/www.lovendal.ro\\\/wp52\\\/?s={search_term_string}\"},\"query-input\":{\"@type\":\"PropertyValueSpecification\",\"valueRequired\":true,\"valueName\":\"search_term_string\"}}],\"inLanguage\":\"ro-RO\"},{\"@type\":\"Organization\",\"@id\":\"https:\\\/\\\/www.lovendal.ro\\\/wp52\\\/#organization\",\"name\":\"Secretele lui Lovendal\",\"url\":\"https:\\\/\\\/www.lovendal.ro\\\/wp52\\\/\",\"logo\":{\"@type\":\"ImageObject\",\"inLanguage\":\"ro-RO\",\"@id\":\"https:\\\/\\\/www.lovendal.ro\\\/wp52\\\/#\\\/schema\\\/logo\\\/image\\\/\",\"url\":\"https:\\\/\\\/www.lovendal.ro\\\/wp52\\\/wp-content\\\/uploads\\\/2024\\\/06\\\/cropped-SLL-iun-2024-1.jpg\",\"contentUrl\":\"https:\\\/\\\/www.lovendal.ro\\\/wp52\\\/wp-content\\\/uploads\\\/2024\\\/06\\\/cropped-SLL-iun-2024-1.jpg\",\"width\":771,\"height\":240,\"caption\":\"Secretele lui Lovendal\"},\"image\":{\"@id\":\"https:\\\/\\\/www.lovendal.ro\\\/wp52\\\/#\\\/schema\\\/logo\\\/image\\\/\"},\"sameAs\":[\"https:\\\/\\\/www.facebook.com\\\/secreteleluilovendal\"]},{\"@type\":\"Person\",\"@id\":\"https:\\\/\\\/www.lovendal.ro\\\/wp52\\\/#\\\/schema\\\/person\\\/088691de5dfc346bb0c023e1e52ef5d9\",\"name\":\"admin\",\"image\":{\"@type\":\"ImageObject\",\"inLanguage\":\"ro-RO\",\"@id\":\"https:\\\/\\\/secure.gravatar.com\\\/avatar\\\/ecb9cd41f5f63c9c9b989999a59f6e2639a865ec361e9db054db0679a8f341c2?s=96&d=mm&r=g\",\"url\":\"https:\\\/\\\/secure.gravatar.com\\\/avatar\\\/ecb9cd41f5f63c9c9b989999a59f6e2639a865ec361e9db054db0679a8f341c2?s=96&d=mm&r=g\",\"contentUrl\":\"https:\\\/\\\/secure.gravatar.com\\\/avatar\\\/ecb9cd41f5f63c9c9b989999a59f6e2639a865ec361e9db054db0679a8f341c2?s=96&d=mm&r=g\",\"caption\":\"admin\"},\"sameAs\":[\"https:\\\/\\\/www.lovendal.ro\\\/wp52\"]}]}<\/script>\n<!-- \/ Yoast SEO Premium plugin. -->","yoast_head_json":{"title":"Povestire fantezist\u0103? Doi mineri spanioli din insulele Canare au r\u0103mas \u00eengrozi\u0163i de trei \"fiin\u0163e str\u0103lucitoare umane\" care levitau \u00eentr-o galerie misterioas\u0103! - Secretele lui Lovendal","robots":{"index":"index","follow":"follow","max-snippet":"max-snippet:-1","max-image-preview":"max-image-preview:large","max-video-preview":"max-video-preview:-1"},"canonical":"https:\/\/www.lovendal.ro\/wp52\/doi-mineri-spanioli-din-insulele-canare-au-ramas-ingroziti-de-trei-fiinte-stralucitoare-umane-care-levitau-intr-o-galerie-misterioasa\/","og_locale":"ro_RO","og_type":"article","og_title":"Povestire fantezist\u0103? Doi mineri spanioli din insulele Canare au r\u0103mas \u00eengrozi\u0163i de trei \"fiin\u0163e str\u0103lucitoare umane\" care levitau \u00eentr-o galerie misterioas\u0103!","og_description":"Situat pe coasta de nord-vest a Africii, se afl\u0103 arhipelagul vulcanic din Insulele Canare. Cea mai mare dintre aceste insule, Tenerife, are cel mai \u00eenalt vulcan din Europa \u0219i al treilea din lume, Teide. Totodat\u0103, aceast\u0103 insul\u0103 ascunde \u015fi numeroase ... Cititi mai multe","og_url":"https:\/\/www.lovendal.ro\/wp52\/doi-mineri-spanioli-din-insulele-canare-au-ramas-ingroziti-de-trei-fiinte-stralucitoare-umane-care-levitau-intr-o-galerie-misterioasa\/","og_site_name":"Secretele lui Lovendal","article_publisher":"https:\/\/www.facebook.com\/secreteleluilovendal","article_published_time":"2014-09-28T10:34:37+00:00","article_modified_time":"2023-03-25T07:22:09+00:00","og_image":[{"width":328,"height":223,"url":"https:\/\/www.lovendal.ro\/wp52\/wp-content\/uploads\/2014\/09\/mineri-fiinte-stralucitoare.jpg","type":"image\/jpeg"}],"author":"admin","twitter_card":"summary_large_image","twitter_misc":{"Scris de":"admin","Timp estimat pentru citire":"3 minute"},"schema":{"@context":"https:\/\/schema.org","@graph":[{"@type":"Article","@id":"https:\/\/www.lovendal.ro\/wp52\/doi-mineri-spanioli-din-insulele-canare-au-ramas-ingroziti-de-trei-fiinte-stralucitoare-umane-care-levitau-intr-o-galerie-misterioasa\/#article","isPartOf":{"@id":"https:\/\/www.lovendal.ro\/wp52\/doi-mineri-spanioli-din-insulele-canare-au-ramas-ingroziti-de-trei-fiinte-stralucitoare-umane-care-levitau-intr-o-galerie-misterioasa\/"},"author":{"name":"admin","@id":"https:\/\/www.lovendal.ro\/wp52\/#\/schema\/person\/088691de5dfc346bb0c023e1e52ef5d9"},"headline":"Povestire fantezist\u0103? Doi mineri spanioli din insulele Canare au r\u0103mas \u00eengrozi\u0163i de trei &#8222;fiin\u0163e str\u0103lucitoare umane&#8221; care levitau \u00eentr-o galerie misterioas\u0103!","datePublished":"2014-09-28T10:34:37+00:00","dateModified":"2023-03-25T07:22:09+00:00","mainEntityOfPage":{"@id":"https:\/\/www.lovendal.ro\/wp52\/doi-mineri-spanioli-din-insulele-canare-au-ramas-ingroziti-de-trei-fiinte-stralucitoare-umane-care-levitau-intr-o-galerie-misterioasa\/"},"wordCount":580,"commentCount":4,"publisher":{"@id":"https:\/\/www.lovendal.ro\/wp52\/#organization"},"image":{"@id":"https:\/\/www.lovendal.ro\/wp52\/doi-mineri-spanioli-din-insulele-canare-au-ramas-ingroziti-de-trei-fiinte-stralucitoare-umane-care-levitau-intr-o-galerie-misterioasa\/#primaryimage"},"thumbnailUrl":"https:\/\/www.lovendal.ro\/wp52\/wp-content\/uploads\/2014\/09\/mineri-fiinte-stralucitoare.jpg","keywords":["Africa","beton","diamant","Europa","galben","galerie","insul\u0103","Insulele Canare","lamp\u0103","levita\u0163ie","lumin\u0103","min\u0103","mineri","Paranormal-Spiritualitate","petrol","picioare","pietre pre\u0163ioase","poli\u0163ie","St\u00e2nca","Teide","Tenerife","vulcan"],"articleSection":["Paranormal-Spiritualitate"],"inLanguage":"ro-RO","potentialAction":[{"@type":"CommentAction","name":"Comment","target":["https:\/\/www.lovendal.ro\/wp52\/doi-mineri-spanioli-din-insulele-canare-au-ramas-ingroziti-de-trei-fiinte-stralucitoare-umane-care-levitau-intr-o-galerie-misterioasa\/#respond"]}]},{"@type":"WebPage","@id":"https:\/\/www.lovendal.ro\/wp52\/doi-mineri-spanioli-din-insulele-canare-au-ramas-ingroziti-de-trei-fiinte-stralucitoare-umane-care-levitau-intr-o-galerie-misterioasa\/","url":"https:\/\/www.lovendal.ro\/wp52\/doi-mineri-spanioli-din-insulele-canare-au-ramas-ingroziti-de-trei-fiinte-stralucitoare-umane-care-levitau-intr-o-galerie-misterioasa\/","name":"Povestire fantezist\u0103? Doi mineri spanioli din insulele Canare au r\u0103mas \u00eengrozi\u0163i de trei \"fiin\u0163e str\u0103lucitoare umane\" care levitau \u00eentr-o galerie misterioas\u0103! - Secretele lui Lovendal","isPartOf":{"@id":"https:\/\/www.lovendal.ro\/wp52\/#website"},"primaryImageOfPage":{"@id":"https:\/\/www.lovendal.ro\/wp52\/doi-mineri-spanioli-din-insulele-canare-au-ramas-ingroziti-de-trei-fiinte-stralucitoare-umane-care-levitau-intr-o-galerie-misterioasa\/#primaryimage"},"image":{"@id":"https:\/\/www.lovendal.ro\/wp52\/doi-mineri-spanioli-din-insulele-canare-au-ramas-ingroziti-de-trei-fiinte-stralucitoare-umane-care-levitau-intr-o-galerie-misterioasa\/#primaryimage"},"thumbnailUrl":"https:\/\/www.lovendal.ro\/wp52\/wp-content\/uploads\/2014\/09\/mineri-fiinte-stralucitoare.jpg","datePublished":"2014-09-28T10:34:37+00:00","dateModified":"2023-03-25T07:22:09+00:00","breadcrumb":{"@id":"https:\/\/www.lovendal.ro\/wp52\/doi-mineri-spanioli-din-insulele-canare-au-ramas-ingroziti-de-trei-fiinte-stralucitoare-umane-care-levitau-intr-o-galerie-misterioasa\/#breadcrumb"},"inLanguage":"ro-RO","potentialAction":[{"@type":"ReadAction","target":["https:\/\/www.lovendal.ro\/wp52\/doi-mineri-spanioli-din-insulele-canare-au-ramas-ingroziti-de-trei-fiinte-stralucitoare-umane-care-levitau-intr-o-galerie-misterioasa\/"]}]},{"@type":"ImageObject","inLanguage":"ro-RO","@id":"https:\/\/www.lovendal.ro\/wp52\/doi-mineri-spanioli-din-insulele-canare-au-ramas-ingroziti-de-trei-fiinte-stralucitoare-umane-care-levitau-intr-o-galerie-misterioasa\/#primaryimage","url":"https:\/\/www.lovendal.ro\/wp52\/wp-content\/uploads\/2014\/09\/mineri-fiinte-stralucitoare.jpg","contentUrl":"https:\/\/www.lovendal.ro\/wp52\/wp-content\/uploads\/2014\/09\/mineri-fiinte-stralucitoare.jpg","width":328,"height":223},{"@type":"BreadcrumbList","@id":"https:\/\/www.lovendal.ro\/wp52\/doi-mineri-spanioli-din-insulele-canare-au-ramas-ingroziti-de-trei-fiinte-stralucitoare-umane-care-levitau-intr-o-galerie-misterioasa\/#breadcrumb","itemListElement":[{"@type":"ListItem","position":1,"name":"Home","item":"https:\/\/www.lovendal.ro\/wp52\/"},{"@type":"ListItem","position":2,"name":"Povestire fantezist\u0103? Doi mineri spanioli din insulele Canare au r\u0103mas \u00eengrozi\u0163i de trei &#8222;fiin\u0163e str\u0103lucitoare umane&#8221; care levitau \u00eentr-o galerie misterioas\u0103!"}]},{"@type":"WebSite","@id":"https:\/\/www.lovendal.ro\/wp52\/#website","url":"https:\/\/www.lovendal.ro\/wp52\/","name":"Secretele lui Lovendal","description":"Site de secrete, stiinta si metafizica - din 2008 -","publisher":{"@id":"https:\/\/www.lovendal.ro\/wp52\/#organization"},"potentialAction":[{"@type":"SearchAction","target":{"@type":"EntryPoint","urlTemplate":"https:\/\/www.lovendal.ro\/wp52\/?s={search_term_string}"},"query-input":{"@type":"PropertyValueSpecification","valueRequired":true,"valueName":"search_term_string"}}],"inLanguage":"ro-RO"},{"@type":"Organization","@id":"https:\/\/www.lovendal.ro\/wp52\/#organization","name":"Secretele lui Lovendal","url":"https:\/\/www.lovendal.ro\/wp52\/","logo":{"@type":"ImageObject","inLanguage":"ro-RO","@id":"https:\/\/www.lovendal.ro\/wp52\/#\/schema\/logo\/image\/","url":"https:\/\/www.lovendal.ro\/wp52\/wp-content\/uploads\/2024\/06\/cropped-SLL-iun-2024-1.jpg","contentUrl":"https:\/\/www.lovendal.ro\/wp52\/wp-content\/uploads\/2024\/06\/cropped-SLL-iun-2024-1.jpg","width":771,"height":240,"caption":"Secretele lui Lovendal"},"image":{"@id":"https:\/\/www.lovendal.ro\/wp52\/#\/schema\/logo\/image\/"},"sameAs":["https:\/\/www.facebook.com\/secreteleluilovendal"]},{"@type":"Person","@id":"https:\/\/www.lovendal.ro\/wp52\/#\/schema\/person\/088691de5dfc346bb0c023e1e52ef5d9","name":"admin","image":{"@type":"ImageObject","inLanguage":"ro-RO","@id":"https:\/\/secure.gravatar.com\/avatar\/ecb9cd41f5f63c9c9b989999a59f6e2639a865ec361e9db054db0679a8f341c2?s=96&d=mm&r=g","url":"https:\/\/secure.gravatar.com\/avatar\/ecb9cd41f5f63c9c9b989999a59f6e2639a865ec361e9db054db0679a8f341c2?s=96&d=mm&r=g","contentUrl":"https:\/\/secure.gravatar.com\/avatar\/ecb9cd41f5f63c9c9b989999a59f6e2639a865ec361e9db054db0679a8f341c2?s=96&d=mm&r=g","caption":"admin"},"sameAs":["https:\/\/www.lovendal.ro\/wp52"]}]}},"_links":{"self":[{"href":"https:\/\/www.lovendal.ro\/wp52\/wp-json\/wp\/v2\/posts\/35857","targetHints":{"allow":["GET"]}}],"collection":[{"href":"https:\/\/www.lovendal.ro\/wp52\/wp-json\/wp\/v2\/posts"}],"about":[{"href":"https:\/\/www.lovendal.ro\/wp52\/wp-json\/wp\/v2\/types\/post"}],"author":[{"embeddable":true,"href":"https:\/\/www.lovendal.ro\/wp52\/wp-json\/wp\/v2\/users\/1"}],"replies":[{"embeddable":true,"href":"https:\/\/www.lovendal.ro\/wp52\/wp-json\/wp\/v2\/comments?post=35857"}],"version-history":[{"count":1,"href":"https:\/\/www.lovendal.ro\/wp52\/wp-json\/wp\/v2\/posts\/35857\/revisions"}],"predecessor-version":[{"id":84887,"href":"https:\/\/www.lovendal.ro\/wp52\/wp-json\/wp\/v2\/posts\/35857\/revisions\/84887"}],"wp:featuredmedia":[{"embeddable":true,"href":"https:\/\/www.lovendal.ro\/wp52\/wp-json\/wp\/v2\/media\/35858"}],"wp:attachment":[{"href":"https:\/\/www.lovendal.ro\/wp52\/wp-json\/wp\/v2\/media?parent=35857"}],"wp:term":[{"taxonomy":"category","embeddable":true,"href":"https:\/\/www.lovendal.ro\/wp52\/wp-json\/wp\/v2\/categories?post=35857"},{"taxonomy":"post_tag","embeddable":true,"href":"https:\/\/www.lovendal.ro\/wp52\/wp-json\/wp\/v2\/tags?post=35857"}],"curies":[{"name":"wp","href":"https:\/\/api.w.org\/{rel}","templated":true}]}}