{"id":35401,"date":"2014-08-08T08:32:06","date_gmt":"2014-08-08T05:32:06","guid":{"rendered":"http:\/\/www.lovendal.ro\/wp52\/?p=35401"},"modified":"2014-08-08T08:32:06","modified_gmt":"2014-08-08T05:32:06","slug":"steve-jobs-n-a-murit-si-se-plimba-pe-strazile-din-rio-de-janiero-cel-putin-asa-ne-apare-intr-un-selfie","status":"publish","type":"post","link":"https:\/\/www.lovendal.ro\/wp52\/steve-jobs-n-a-murit-si-se-plimba-pe-strazile-din-rio-de-janiero-cel-putin-asa-ne-apare-intr-un-selfie\/","title":{"rendered":"Steve Jobs n-a murit \u015fi se plimb\u0103 pe str\u0103zile din Rio de Janiero! Cel pu\u0163in a\u015fa ne apare \u00eentr-un selfie&#8230;"},"content":{"rendered":"<p><img loading=\"lazy\" decoding=\"async\" class=\"alignleft size-full wp-image-35402\" src=\"https:\/\/www.lovendal.ro\/wp52\/wp-content\/uploads\/2014\/08\/Steve-Jobs-viu-in-Rio-de-Janiero-2.jpg\" alt=\"Steve Jobs viu in Rio de Janiero 2\" width=\"329\" height=\"212\" srcset=\"https:\/\/www.lovendal.ro\/wp52\/wp-content\/uploads\/2014\/08\/Steve-Jobs-viu-in-Rio-de-Janiero-2.jpg 329w, https:\/\/www.lovendal.ro\/wp52\/wp-content\/uploads\/2014\/08\/Steve-Jobs-viu-in-Rio-de-Janiero-2-300x193.jpg 300w\" sizes=\"auto, (max-width: 329px) 100vw, 329px\" \/>Steve Jobs, precum toat\u0103 lumea \u015ftie, a murit \u00een octombrie 2011, \u00een urma unei suferin\u0163e \u00eendelungate. A\u015fa cum spuneam \u015fi atunci, el a fost victima industriei malefice a cancerului (<a href=\"http:\/\/www.almeea.com\/steve-jobs-a-murit-la-56-de-ani-marele-vizionar-victima-industriei-malefice-a-cancerului\/\" target=\"_blank\"><strong>Steve Jobs a murit la 56 de ani. Marele vizionar, victima \u201cindustriei malefice a cancerului\u201d<\/strong><\/a>). Dar s\u0103 fie el oare mort? Pentru c\u0103 \u00eentotdeauna, la decesul unei personalit\u0103\u0163i, exist\u0103 teorii ale conspira\u0163iei care sus\u0163in contariul: acea personalitate \u015fi-a \u00eenscenat moartea \u015fi tr\u0103ie\u015fte bine mersi ascuns\u0103 de ochii lumii. S\u0103 dau doar dou\u0103 exemple celebre: Elvis Presley, care n-ar fi murit \u00een 1977, \u015fi ar tr\u0103i \u015fi ast\u0103zi sub identitatea altui b\u0103rbat (<a href=\"https:\/\/www.lovendal.ro\/wp52\/elvis-presley-traieste-si-azi-deghizat-intr-un-barbat-pe-nume-jon-cotner-iata-5-dovezi-sau-sunt-prea-penibile-pentru-a-fi-crezute\/\" target=\"_blank\"><strong>Elvis Presley tr\u0103ie\u015fte \u015fi azi deghizat \u00eentr-un b\u0103rbat pe nume Jon Cotner. Iat\u0103 5 dovezi\u2026. sau sunt prea penibile pentru a fi crezute?<\/strong><\/a>) sau Michael Jackson care ar tr\u0103i deghizat \u00eentr-o insul\u0103 din Bahrain (<a href=\"https:\/\/www.lovendal.ro\/wp52\/michael-jackson-a-inselat-intreaga-lume-cu-moartea-sa-iar-acum-traieste-deghizat-intr-o-insula-din-bahrain\/\" target=\"_blank\"><strong>Michael Jackson a \u00een\u015felat \u00eentreaga lume cu moartea sa, iar acum tr\u0103ie\u015fte deghizat \u00eentr-o insul\u0103 din Bahrain<\/strong><\/a>).<\/p>\n<p>\u00cen cazul lui Steve Jobs, a ap\u0103rut pe Internet o fotografie (sursa <a href=\"http:\/\/www.reddit.com\/r\/pics\/comments\/2cu340\/steve_jobs_is_in_rio_de_janeiro_alive\/\" target=\"_blank\"><strong>reddit.com<\/strong><\/a>) care sus\u0163ine c\u0103 marele fondator al companiei Apple, Steve Jobs, ar fi \u00een via\u0163\u0103! El ar fi fost fotografiat pe str\u0103zile din Rio de Janiero \u00een 2014&#8230; \u00cen dreapta imaginii se poate observa un b\u0103rbat ce seam\u0103n\u0103 cu Steve Jobs care se afl\u0103 tras \u00eentr-un c\u0103rucior. Cel care \u015fi-a f\u0103cut poza (un selfie) probabil c\u0103 a f\u0103cut imaginea vie\u0163ii sale!<\/p>\n<p>Din punctul meu de vedere, exist\u0103 urm\u0103toarele posibilit\u0103\u0163i:<br \/>\n1) poza e fals\u0103; a fost falsificat\u0103 cu ajutorul lui Photoshop (eu crea cel mai mult aceast\u0103 variant\u0103);<br \/>\n2) poza e autentic\u0103, dar a fost luat\u0103 \u00eenainte de 2011;<br \/>\n3) poza e autentic\u0103, iar Steve Jobs e \u00eenc\u0103 viu;<br \/>\n4) poza e autentic\u0103, iar b\u0103rbatul aflat \u00een c\u0103rucior seam\u0103n\u0103 foarte bine cu Steve Jobs.<\/p>\n<p>A\u015ftept, ca \u00eentotdeauna, p\u0103reri&#8230;<\/p>\n<p><img loading=\"lazy\" decoding=\"async\" class=\"aligncenter size-full wp-image-35403\" src=\"https:\/\/www.lovendal.ro\/wp52\/wp-content\/uploads\/2014\/08\/Steve-Jobs-viu-in-Rio-de-Janiero.jpg\" alt=\"Steve Jobs viu in Rio de Janiero\" width=\"540\" height=\"347\" srcset=\"https:\/\/www.lovendal.ro\/wp52\/wp-content\/uploads\/2014\/08\/Steve-Jobs-viu-in-Rio-de-Janiero.jpg 540w, https:\/\/www.lovendal.ro\/wp52\/wp-content\/uploads\/2014\/08\/Steve-Jobs-viu-in-Rio-de-Janiero-300x192.jpg 300w\" sizes=\"auto, (max-width: 540px) 100vw, 540px\" \/><\/p>\n","protected":false},"excerpt":{"rendered":"<p>Steve Jobs, precum toat\u0103 lumea \u015ftie, a murit \u00een octombrie 2011, \u00een urma unei suferin\u0163e \u00eendelungate. A\u015fa cum spuneam \u015fi atunci, el a fost victima industriei malefice a cancerului (Steve Jobs a murit la 56 de ani. Marele vizionar, victima &#8230; <\/p>\n<p class=\"read-more-container\"><a title=\"Steve Jobs n-a murit \u015fi se plimb\u0103 pe str\u0103zile din Rio de Janiero! Cel pu\u0163in a\u015fa ne apare \u00eentr-un selfie&#8230;\" class=\"read-more button\" href=\"https:\/\/www.lovendal.ro\/wp52\/steve-jobs-n-a-murit-si-se-plimba-pe-strazile-din-rio-de-janiero-cel-putin-asa-ne-apare-intr-un-selfie\/#more-35401\" aria-label=\"Cite\u0219te mai multe despre Steve Jobs n-a murit \u015fi se plimb\u0103 pe str\u0103zile din Rio de Janiero! Cel pu\u0163in a\u015fa ne apare \u00eentr-un selfie&#8230;\">Cititi mai multe<\/a><\/p>\n","protected":false},"author":1,"featured_media":35402,"comment_status":"open","ping_status":"open","sticky":false,"template":"","format":"standard","meta":{"footnotes":""},"categories":[1833,2833],"tags":[3202,1143,9808,15,1747,108,4298,8431,3720],"class_list":["post-35401","post","type-post","status-publish","format-standard","has-post-thumbnail","hentry","category-farse-celebre","category-noutati","tag-apple","tag-elvis-presley","tag-farse-celebre","tag-fotografie","tag-michael-jackson","tag-moarte","tag-rio-de-janiero","tag-selfie","tag-steve-jobs","resize-featured-image"],"yoast_head":"<!-- This site is optimized with the Yoast SEO Premium plugin v23.3 (Yoast SEO v27.4) - https:\/\/yoast.com\/product\/yoast-seo-premium-wordpress\/ -->\n<title>Steve Jobs n-a murit \u015fi se plimb\u0103 pe str\u0103zile din Rio de Janiero! Cel pu\u0163in a\u015fa ne apare \u00eentr-un selfie... - Secretele lui Lovendal<\/title>\n<meta name=\"robots\" content=\"index, follow, max-snippet:-1, max-image-preview:large, max-video-preview:-1\" \/>\n<link rel=\"canonical\" href=\"https:\/\/www.lovendal.ro\/wp52\/steve-jobs-n-a-murit-si-se-plimba-pe-strazile-din-rio-de-janiero-cel-putin-asa-ne-apare-intr-un-selfie\/\" \/>\n<meta property=\"og:locale\" content=\"ro_RO\" \/>\n<meta property=\"og:type\" content=\"article\" \/>\n<meta property=\"og:title\" content=\"Steve Jobs n-a murit \u015fi se plimb\u0103 pe str\u0103zile din Rio de Janiero! Cel pu\u0163in a\u015fa ne apare \u00eentr-un selfie...\" \/>\n<meta property=\"og:description\" content=\"Steve Jobs, precum toat\u0103 lumea \u015ftie, a murit \u00een octombrie 2011, \u00een urma unei suferin\u0163e \u00eendelungate. A\u015fa cum spuneam \u015fi atunci, el a fost victima industriei malefice a cancerului (Steve Jobs a murit la 56 de ani. Marele vizionar, victima ... Cititi mai multe\" \/>\n<meta property=\"og:url\" content=\"https:\/\/www.lovendal.ro\/wp52\/steve-jobs-n-a-murit-si-se-plimba-pe-strazile-din-rio-de-janiero-cel-putin-asa-ne-apare-intr-un-selfie\/\" \/>\n<meta property=\"og:site_name\" content=\"Secretele lui Lovendal\" \/>\n<meta property=\"article:publisher\" content=\"https:\/\/www.facebook.com\/secreteleluilovendal\" \/>\n<meta property=\"article:published_time\" content=\"2014-08-08T05:32:06+00:00\" \/>\n<meta property=\"og:image\" content=\"https:\/\/www.lovendal.ro\/wp52\/wp-content\/uploads\/2014\/08\/Steve-Jobs-viu-in-Rio-de-Janiero-2.jpg\" \/>\n\t<meta property=\"og:image:width\" content=\"329\" \/>\n\t<meta property=\"og:image:height\" content=\"212\" \/>\n\t<meta property=\"og:image:type\" content=\"image\/jpeg\" \/>\n<meta name=\"author\" content=\"admin\" \/>\n<meta name=\"twitter:card\" content=\"summary_large_image\" \/>\n<meta name=\"twitter:label1\" content=\"Scris de\" \/>\n\t<meta name=\"twitter:data1\" content=\"admin\" \/>\n\t<meta name=\"twitter:label2\" content=\"Timp estimat pentru citire\" \/>\n\t<meta name=\"twitter:data2\" content=\"2 minute\" \/>\n<script type=\"application\/ld+json\" class=\"yoast-schema-graph\">{\"@context\":\"https:\\\/\\\/schema.org\",\"@graph\":[{\"@type\":\"Article\",\"@id\":\"https:\\\/\\\/www.lovendal.ro\\\/wp52\\\/steve-jobs-n-a-murit-si-se-plimba-pe-strazile-din-rio-de-janiero-cel-putin-asa-ne-apare-intr-un-selfie\\\/#article\",\"isPartOf\":{\"@id\":\"https:\\\/\\\/www.lovendal.ro\\\/wp52\\\/steve-jobs-n-a-murit-si-se-plimba-pe-strazile-din-rio-de-janiero-cel-putin-asa-ne-apare-intr-un-selfie\\\/\"},\"author\":{\"name\":\"admin\",\"@id\":\"https:\\\/\\\/www.lovendal.ro\\\/wp52\\\/#\\\/schema\\\/person\\\/088691de5dfc346bb0c023e1e52ef5d9\"},\"headline\":\"Steve Jobs n-a murit \u015fi se plimb\u0103 pe str\u0103zile din Rio de Janiero! Cel pu\u0163in a\u015fa ne apare \u00eentr-un selfie&#8230;\",\"datePublished\":\"2014-08-08T05:32:06+00:00\",\"mainEntityOfPage\":{\"@id\":\"https:\\\/\\\/www.lovendal.ro\\\/wp52\\\/steve-jobs-n-a-murit-si-se-plimba-pe-strazile-din-rio-de-janiero-cel-putin-asa-ne-apare-intr-un-selfie\\\/\"},\"wordCount\":337,\"commentCount\":11,\"publisher\":{\"@id\":\"https:\\\/\\\/www.lovendal.ro\\\/wp52\\\/#organization\"},\"image\":{\"@id\":\"https:\\\/\\\/www.lovendal.ro\\\/wp52\\\/steve-jobs-n-a-murit-si-se-plimba-pe-strazile-din-rio-de-janiero-cel-putin-asa-ne-apare-intr-un-selfie\\\/#primaryimage\"},\"thumbnailUrl\":\"https:\\\/\\\/www.lovendal.ro\\\/wp52\\\/wp-content\\\/uploads\\\/2014\\\/08\\\/Steve-Jobs-viu-in-Rio-de-Janiero-2.jpg\",\"keywords\":[\"Apple\",\"Elvis Presley\",\"Farse si Fantezii\",\"fotografie\",\"Michael Jackson\",\"moarte\",\"Rio de Janiero\",\"selfie\",\"Steve Jobs\"],\"articleSection\":[\"Farse si Fantezii\",\"Noutati\"],\"inLanguage\":\"ro-RO\",\"potentialAction\":[{\"@type\":\"CommentAction\",\"name\":\"Comment\",\"target\":[\"https:\\\/\\\/www.lovendal.ro\\\/wp52\\\/steve-jobs-n-a-murit-si-se-plimba-pe-strazile-din-rio-de-janiero-cel-putin-asa-ne-apare-intr-un-selfie\\\/#respond\"]}]},{\"@type\":\"WebPage\",\"@id\":\"https:\\\/\\\/www.lovendal.ro\\\/wp52\\\/steve-jobs-n-a-murit-si-se-plimba-pe-strazile-din-rio-de-janiero-cel-putin-asa-ne-apare-intr-un-selfie\\\/\",\"url\":\"https:\\\/\\\/www.lovendal.ro\\\/wp52\\\/steve-jobs-n-a-murit-si-se-plimba-pe-strazile-din-rio-de-janiero-cel-putin-asa-ne-apare-intr-un-selfie\\\/\",\"name\":\"Steve Jobs n-a murit \u015fi se plimb\u0103 pe str\u0103zile din Rio de Janiero! Cel pu\u0163in a\u015fa ne apare \u00eentr-un selfie... - Secretele lui Lovendal\",\"isPartOf\":{\"@id\":\"https:\\\/\\\/www.lovendal.ro\\\/wp52\\\/#website\"},\"primaryImageOfPage\":{\"@id\":\"https:\\\/\\\/www.lovendal.ro\\\/wp52\\\/steve-jobs-n-a-murit-si-se-plimba-pe-strazile-din-rio-de-janiero-cel-putin-asa-ne-apare-intr-un-selfie\\\/#primaryimage\"},\"image\":{\"@id\":\"https:\\\/\\\/www.lovendal.ro\\\/wp52\\\/steve-jobs-n-a-murit-si-se-plimba-pe-strazile-din-rio-de-janiero-cel-putin-asa-ne-apare-intr-un-selfie\\\/#primaryimage\"},\"thumbnailUrl\":\"https:\\\/\\\/www.lovendal.ro\\\/wp52\\\/wp-content\\\/uploads\\\/2014\\\/08\\\/Steve-Jobs-viu-in-Rio-de-Janiero-2.jpg\",\"datePublished\":\"2014-08-08T05:32:06+00:00\",\"breadcrumb\":{\"@id\":\"https:\\\/\\\/www.lovendal.ro\\\/wp52\\\/steve-jobs-n-a-murit-si-se-plimba-pe-strazile-din-rio-de-janiero-cel-putin-asa-ne-apare-intr-un-selfie\\\/#breadcrumb\"},\"inLanguage\":\"ro-RO\",\"potentialAction\":[{\"@type\":\"ReadAction\",\"target\":[\"https:\\\/\\\/www.lovendal.ro\\\/wp52\\\/steve-jobs-n-a-murit-si-se-plimba-pe-strazile-din-rio-de-janiero-cel-putin-asa-ne-apare-intr-un-selfie\\\/\"]}]},{\"@type\":\"ImageObject\",\"inLanguage\":\"ro-RO\",\"@id\":\"https:\\\/\\\/www.lovendal.ro\\\/wp52\\\/steve-jobs-n-a-murit-si-se-plimba-pe-strazile-din-rio-de-janiero-cel-putin-asa-ne-apare-intr-un-selfie\\\/#primaryimage\",\"url\":\"https:\\\/\\\/www.lovendal.ro\\\/wp52\\\/wp-content\\\/uploads\\\/2014\\\/08\\\/Steve-Jobs-viu-in-Rio-de-Janiero-2.jpg\",\"contentUrl\":\"https:\\\/\\\/www.lovendal.ro\\\/wp52\\\/wp-content\\\/uploads\\\/2014\\\/08\\\/Steve-Jobs-viu-in-Rio-de-Janiero-2.jpg\",\"width\":329,\"height\":212},{\"@type\":\"BreadcrumbList\",\"@id\":\"https:\\\/\\\/www.lovendal.ro\\\/wp52\\\/steve-jobs-n-a-murit-si-se-plimba-pe-strazile-din-rio-de-janiero-cel-putin-asa-ne-apare-intr-un-selfie\\\/#breadcrumb\",\"itemListElement\":[{\"@type\":\"ListItem\",\"position\":1,\"name\":\"Home\",\"item\":\"https:\\\/\\\/www.lovendal.ro\\\/wp52\\\/\"},{\"@type\":\"ListItem\",\"position\":2,\"name\":\"Steve Jobs n-a murit \u015fi se plimb\u0103 pe str\u0103zile din Rio de Janiero! Cel pu\u0163in a\u015fa ne apare \u00eentr-un selfie&#8230;\"}]},{\"@type\":\"WebSite\",\"@id\":\"https:\\\/\\\/www.lovendal.ro\\\/wp52\\\/#website\",\"url\":\"https:\\\/\\\/www.lovendal.ro\\\/wp52\\\/\",\"name\":\"Secretele lui Lovendal\",\"description\":\"Site de secrete, stiinta si metafizica - din 2008 -\",\"publisher\":{\"@id\":\"https:\\\/\\\/www.lovendal.ro\\\/wp52\\\/#organization\"},\"potentialAction\":[{\"@type\":\"SearchAction\",\"target\":{\"@type\":\"EntryPoint\",\"urlTemplate\":\"https:\\\/\\\/www.lovendal.ro\\\/wp52\\\/?s={search_term_string}\"},\"query-input\":{\"@type\":\"PropertyValueSpecification\",\"valueRequired\":true,\"valueName\":\"search_term_string\"}}],\"inLanguage\":\"ro-RO\"},{\"@type\":\"Organization\",\"@id\":\"https:\\\/\\\/www.lovendal.ro\\\/wp52\\\/#organization\",\"name\":\"Secretele lui Lovendal\",\"url\":\"https:\\\/\\\/www.lovendal.ro\\\/wp52\\\/\",\"logo\":{\"@type\":\"ImageObject\",\"inLanguage\":\"ro-RO\",\"@id\":\"https:\\\/\\\/www.lovendal.ro\\\/wp52\\\/#\\\/schema\\\/logo\\\/image\\\/\",\"url\":\"https:\\\/\\\/www.lovendal.ro\\\/wp52\\\/wp-content\\\/uploads\\\/2024\\\/06\\\/cropped-SLL-iun-2024-1.jpg\",\"contentUrl\":\"https:\\\/\\\/www.lovendal.ro\\\/wp52\\\/wp-content\\\/uploads\\\/2024\\\/06\\\/cropped-SLL-iun-2024-1.jpg\",\"width\":771,\"height\":240,\"caption\":\"Secretele lui Lovendal\"},\"image\":{\"@id\":\"https:\\\/\\\/www.lovendal.ro\\\/wp52\\\/#\\\/schema\\\/logo\\\/image\\\/\"},\"sameAs\":[\"https:\\\/\\\/www.facebook.com\\\/secreteleluilovendal\"]},{\"@type\":\"Person\",\"@id\":\"https:\\\/\\\/www.lovendal.ro\\\/wp52\\\/#\\\/schema\\\/person\\\/088691de5dfc346bb0c023e1e52ef5d9\",\"name\":\"admin\",\"image\":{\"@type\":\"ImageObject\",\"inLanguage\":\"ro-RO\",\"@id\":\"https:\\\/\\\/secure.gravatar.com\\\/avatar\\\/ecb9cd41f5f63c9c9b989999a59f6e2639a865ec361e9db054db0679a8f341c2?s=96&d=mm&r=g\",\"url\":\"https:\\\/\\\/secure.gravatar.com\\\/avatar\\\/ecb9cd41f5f63c9c9b989999a59f6e2639a865ec361e9db054db0679a8f341c2?s=96&d=mm&r=g\",\"contentUrl\":\"https:\\\/\\\/secure.gravatar.com\\\/avatar\\\/ecb9cd41f5f63c9c9b989999a59f6e2639a865ec361e9db054db0679a8f341c2?s=96&d=mm&r=g\",\"caption\":\"admin\"},\"sameAs\":[\"https:\\\/\\\/www.lovendal.ro\\\/wp52\"]}]}<\/script>\n<!-- \/ Yoast SEO Premium plugin. -->","yoast_head_json":{"title":"Steve Jobs n-a murit \u015fi se plimb\u0103 pe str\u0103zile din Rio de Janiero! Cel pu\u0163in a\u015fa ne apare \u00eentr-un selfie... - Secretele lui Lovendal","robots":{"index":"index","follow":"follow","max-snippet":"max-snippet:-1","max-image-preview":"max-image-preview:large","max-video-preview":"max-video-preview:-1"},"canonical":"https:\/\/www.lovendal.ro\/wp52\/steve-jobs-n-a-murit-si-se-plimba-pe-strazile-din-rio-de-janiero-cel-putin-asa-ne-apare-intr-un-selfie\/","og_locale":"ro_RO","og_type":"article","og_title":"Steve Jobs n-a murit \u015fi se plimb\u0103 pe str\u0103zile din Rio de Janiero! Cel pu\u0163in a\u015fa ne apare \u00eentr-un selfie...","og_description":"Steve Jobs, precum toat\u0103 lumea \u015ftie, a murit \u00een octombrie 2011, \u00een urma unei suferin\u0163e \u00eendelungate. A\u015fa cum spuneam \u015fi atunci, el a fost victima industriei malefice a cancerului (Steve Jobs a murit la 56 de ani. Marele vizionar, victima ... Cititi mai multe","og_url":"https:\/\/www.lovendal.ro\/wp52\/steve-jobs-n-a-murit-si-se-plimba-pe-strazile-din-rio-de-janiero-cel-putin-asa-ne-apare-intr-un-selfie\/","og_site_name":"Secretele lui Lovendal","article_publisher":"https:\/\/www.facebook.com\/secreteleluilovendal","article_published_time":"2014-08-08T05:32:06+00:00","og_image":[{"width":329,"height":212,"url":"https:\/\/www.lovendal.ro\/wp52\/wp-content\/uploads\/2014\/08\/Steve-Jobs-viu-in-Rio-de-Janiero-2.jpg","type":"image\/jpeg"}],"author":"admin","twitter_card":"summary_large_image","twitter_misc":{"Scris de":"admin","Timp estimat pentru citire":"2 minute"},"schema":{"@context":"https:\/\/schema.org","@graph":[{"@type":"Article","@id":"https:\/\/www.lovendal.ro\/wp52\/steve-jobs-n-a-murit-si-se-plimba-pe-strazile-din-rio-de-janiero-cel-putin-asa-ne-apare-intr-un-selfie\/#article","isPartOf":{"@id":"https:\/\/www.lovendal.ro\/wp52\/steve-jobs-n-a-murit-si-se-plimba-pe-strazile-din-rio-de-janiero-cel-putin-asa-ne-apare-intr-un-selfie\/"},"author":{"name":"admin","@id":"https:\/\/www.lovendal.ro\/wp52\/#\/schema\/person\/088691de5dfc346bb0c023e1e52ef5d9"},"headline":"Steve Jobs n-a murit \u015fi se plimb\u0103 pe str\u0103zile din Rio de Janiero! Cel pu\u0163in a\u015fa ne apare \u00eentr-un selfie&#8230;","datePublished":"2014-08-08T05:32:06+00:00","mainEntityOfPage":{"@id":"https:\/\/www.lovendal.ro\/wp52\/steve-jobs-n-a-murit-si-se-plimba-pe-strazile-din-rio-de-janiero-cel-putin-asa-ne-apare-intr-un-selfie\/"},"wordCount":337,"commentCount":11,"publisher":{"@id":"https:\/\/www.lovendal.ro\/wp52\/#organization"},"image":{"@id":"https:\/\/www.lovendal.ro\/wp52\/steve-jobs-n-a-murit-si-se-plimba-pe-strazile-din-rio-de-janiero-cel-putin-asa-ne-apare-intr-un-selfie\/#primaryimage"},"thumbnailUrl":"https:\/\/www.lovendal.ro\/wp52\/wp-content\/uploads\/2014\/08\/Steve-Jobs-viu-in-Rio-de-Janiero-2.jpg","keywords":["Apple","Elvis Presley","Farse si Fantezii","fotografie","Michael Jackson","moarte","Rio de Janiero","selfie","Steve Jobs"],"articleSection":["Farse si Fantezii","Noutati"],"inLanguage":"ro-RO","potentialAction":[{"@type":"CommentAction","name":"Comment","target":["https:\/\/www.lovendal.ro\/wp52\/steve-jobs-n-a-murit-si-se-plimba-pe-strazile-din-rio-de-janiero-cel-putin-asa-ne-apare-intr-un-selfie\/#respond"]}]},{"@type":"WebPage","@id":"https:\/\/www.lovendal.ro\/wp52\/steve-jobs-n-a-murit-si-se-plimba-pe-strazile-din-rio-de-janiero-cel-putin-asa-ne-apare-intr-un-selfie\/","url":"https:\/\/www.lovendal.ro\/wp52\/steve-jobs-n-a-murit-si-se-plimba-pe-strazile-din-rio-de-janiero-cel-putin-asa-ne-apare-intr-un-selfie\/","name":"Steve Jobs n-a murit \u015fi se plimb\u0103 pe str\u0103zile din Rio de Janiero! Cel pu\u0163in a\u015fa ne apare \u00eentr-un selfie... - Secretele lui Lovendal","isPartOf":{"@id":"https:\/\/www.lovendal.ro\/wp52\/#website"},"primaryImageOfPage":{"@id":"https:\/\/www.lovendal.ro\/wp52\/steve-jobs-n-a-murit-si-se-plimba-pe-strazile-din-rio-de-janiero-cel-putin-asa-ne-apare-intr-un-selfie\/#primaryimage"},"image":{"@id":"https:\/\/www.lovendal.ro\/wp52\/steve-jobs-n-a-murit-si-se-plimba-pe-strazile-din-rio-de-janiero-cel-putin-asa-ne-apare-intr-un-selfie\/#primaryimage"},"thumbnailUrl":"https:\/\/www.lovendal.ro\/wp52\/wp-content\/uploads\/2014\/08\/Steve-Jobs-viu-in-Rio-de-Janiero-2.jpg","datePublished":"2014-08-08T05:32:06+00:00","breadcrumb":{"@id":"https:\/\/www.lovendal.ro\/wp52\/steve-jobs-n-a-murit-si-se-plimba-pe-strazile-din-rio-de-janiero-cel-putin-asa-ne-apare-intr-un-selfie\/#breadcrumb"},"inLanguage":"ro-RO","potentialAction":[{"@type":"ReadAction","target":["https:\/\/www.lovendal.ro\/wp52\/steve-jobs-n-a-murit-si-se-plimba-pe-strazile-din-rio-de-janiero-cel-putin-asa-ne-apare-intr-un-selfie\/"]}]},{"@type":"ImageObject","inLanguage":"ro-RO","@id":"https:\/\/www.lovendal.ro\/wp52\/steve-jobs-n-a-murit-si-se-plimba-pe-strazile-din-rio-de-janiero-cel-putin-asa-ne-apare-intr-un-selfie\/#primaryimage","url":"https:\/\/www.lovendal.ro\/wp52\/wp-content\/uploads\/2014\/08\/Steve-Jobs-viu-in-Rio-de-Janiero-2.jpg","contentUrl":"https:\/\/www.lovendal.ro\/wp52\/wp-content\/uploads\/2014\/08\/Steve-Jobs-viu-in-Rio-de-Janiero-2.jpg","width":329,"height":212},{"@type":"BreadcrumbList","@id":"https:\/\/www.lovendal.ro\/wp52\/steve-jobs-n-a-murit-si-se-plimba-pe-strazile-din-rio-de-janiero-cel-putin-asa-ne-apare-intr-un-selfie\/#breadcrumb","itemListElement":[{"@type":"ListItem","position":1,"name":"Home","item":"https:\/\/www.lovendal.ro\/wp52\/"},{"@type":"ListItem","position":2,"name":"Steve Jobs n-a murit \u015fi se plimb\u0103 pe str\u0103zile din Rio de Janiero! Cel pu\u0163in a\u015fa ne apare \u00eentr-un selfie&#8230;"}]},{"@type":"WebSite","@id":"https:\/\/www.lovendal.ro\/wp52\/#website","url":"https:\/\/www.lovendal.ro\/wp52\/","name":"Secretele lui Lovendal","description":"Site de secrete, stiinta si metafizica - din 2008 -","publisher":{"@id":"https:\/\/www.lovendal.ro\/wp52\/#organization"},"potentialAction":[{"@type":"SearchAction","target":{"@type":"EntryPoint","urlTemplate":"https:\/\/www.lovendal.ro\/wp52\/?s={search_term_string}"},"query-input":{"@type":"PropertyValueSpecification","valueRequired":true,"valueName":"search_term_string"}}],"inLanguage":"ro-RO"},{"@type":"Organization","@id":"https:\/\/www.lovendal.ro\/wp52\/#organization","name":"Secretele lui Lovendal","url":"https:\/\/www.lovendal.ro\/wp52\/","logo":{"@type":"ImageObject","inLanguage":"ro-RO","@id":"https:\/\/www.lovendal.ro\/wp52\/#\/schema\/logo\/image\/","url":"https:\/\/www.lovendal.ro\/wp52\/wp-content\/uploads\/2024\/06\/cropped-SLL-iun-2024-1.jpg","contentUrl":"https:\/\/www.lovendal.ro\/wp52\/wp-content\/uploads\/2024\/06\/cropped-SLL-iun-2024-1.jpg","width":771,"height":240,"caption":"Secretele lui Lovendal"},"image":{"@id":"https:\/\/www.lovendal.ro\/wp52\/#\/schema\/logo\/image\/"},"sameAs":["https:\/\/www.facebook.com\/secreteleluilovendal"]},{"@type":"Person","@id":"https:\/\/www.lovendal.ro\/wp52\/#\/schema\/person\/088691de5dfc346bb0c023e1e52ef5d9","name":"admin","image":{"@type":"ImageObject","inLanguage":"ro-RO","@id":"https:\/\/secure.gravatar.com\/avatar\/ecb9cd41f5f63c9c9b989999a59f6e2639a865ec361e9db054db0679a8f341c2?s=96&d=mm&r=g","url":"https:\/\/secure.gravatar.com\/avatar\/ecb9cd41f5f63c9c9b989999a59f6e2639a865ec361e9db054db0679a8f341c2?s=96&d=mm&r=g","contentUrl":"https:\/\/secure.gravatar.com\/avatar\/ecb9cd41f5f63c9c9b989999a59f6e2639a865ec361e9db054db0679a8f341c2?s=96&d=mm&r=g","caption":"admin"},"sameAs":["https:\/\/www.lovendal.ro\/wp52"]}]}},"_links":{"self":[{"href":"https:\/\/www.lovendal.ro\/wp52\/wp-json\/wp\/v2\/posts\/35401","targetHints":{"allow":["GET"]}}],"collection":[{"href":"https:\/\/www.lovendal.ro\/wp52\/wp-json\/wp\/v2\/posts"}],"about":[{"href":"https:\/\/www.lovendal.ro\/wp52\/wp-json\/wp\/v2\/types\/post"}],"author":[{"embeddable":true,"href":"https:\/\/www.lovendal.ro\/wp52\/wp-json\/wp\/v2\/users\/1"}],"replies":[{"embeddable":true,"href":"https:\/\/www.lovendal.ro\/wp52\/wp-json\/wp\/v2\/comments?post=35401"}],"version-history":[{"count":0,"href":"https:\/\/www.lovendal.ro\/wp52\/wp-json\/wp\/v2\/posts\/35401\/revisions"}],"wp:featuredmedia":[{"embeddable":true,"href":"https:\/\/www.lovendal.ro\/wp52\/wp-json\/wp\/v2\/media\/35402"}],"wp:attachment":[{"href":"https:\/\/www.lovendal.ro\/wp52\/wp-json\/wp\/v2\/media?parent=35401"}],"wp:term":[{"taxonomy":"category","embeddable":true,"href":"https:\/\/www.lovendal.ro\/wp52\/wp-json\/wp\/v2\/categories?post=35401"},{"taxonomy":"post_tag","embeddable":true,"href":"https:\/\/www.lovendal.ro\/wp52\/wp-json\/wp\/v2\/tags?post=35401"}],"curies":[{"name":"wp","href":"https:\/\/api.w.org\/{rel}","templated":true}]}}