{"id":35331,"date":"2014-08-02T07:00:17","date_gmt":"2014-08-02T04:00:17","guid":{"rendered":"http:\/\/www.lovendal.ro\/wp52\/?p=35331"},"modified":"2020-08-31T21:19:49","modified_gmt":"2020-08-31T18:19:49","slug":"un-profet-polonez-spune-ca-cel-de-al-treilea-razboi-mondial-va-incepe-in-italia-papa-va-fi-alungat-iar-preotii-asasinati","status":"publish","type":"post","link":"https:\/\/www.lovendal.ro\/wp52\/un-profet-polonez-spune-ca-cel-de-al-treilea-razboi-mondial-va-incepe-in-italia-papa-va-fi-alungat-iar-preotii-asasinati\/","title":{"rendered":"Un profet polonez spune c\u0103 cel de-al treilea r\u0103zboi mondial va \u00eencepe \u00een Italia! Papa va fi alungat, iar preo\u0163ii asasina\u0163i!"},"content":{"rendered":"<p><img loading=\"lazy\" decoding=\"async\" class=\"alignleft size-full wp-image-35332\" src=\"https:\/\/www.lovendal.ro\/wp52\/wp-content\/uploads\/2014\/08\/cel-de-al-treilea-razboi-mondial-profetie.jpg\" alt=\"cel de-al treilea razboi mondial profetie\" width=\"325\" height=\"231\" srcset=\"https:\/\/www.lovendal.ro\/wp52\/wp-content\/uploads\/2014\/08\/cel-de-al-treilea-razboi-mondial-profetie.jpg 325w, https:\/\/www.lovendal.ro\/wp52\/wp-content\/uploads\/2014\/08\/cel-de-al-treilea-razboi-mondial-profetie-300x213.jpg 300w, https:\/\/www.lovendal.ro\/wp52\/wp-content\/uploads\/2014\/08\/cel-de-al-treilea-razboi-mondial-profetie-20x14.jpg 20w\" sizes=\"auto, (max-width: 325px) 100vw, 325px\" \/>Vizionarul polonez Wladyslaw Biemadd (prin 1980) a descris, \u00eentr-o profe\u0163ie mai pu\u0163in cunoscut\u0103, cel de-al treilea r\u0103zboi mondial ce se apropie:<\/p>\n<p>\u201eLumea va fi pustiit\u0103 printre serie de catastrofe naturale nemaitr\u0103ite p\u00e2n\u0103 atunci: de inunda\u0163ii uria\u015fe, de cutremure \u015fi de foamete. Pe P\u0103m\u00e2nt nu va exista nicio bucat\u0103 de teren care s\u0103 r\u0103m\u00e2n\u0103 neafectat\u0103. \u00cen acela\u015fi timp va avea loc o transformare revolu\u0163ionar\u0103 in plan politic la nivel mondial care-\u015fi va atinge punctul culminant printr-un al treilea r\u0103zboi mondial &#8211; cu interven\u0163ie limitat\u0103 a armelor nucleare, numai \u00een anumite locuri&#8230;<\/p>\n<p>Va fi iadul pe P\u0103m\u00e2nt. Cea mai \u00eengrozitoare faz\u0103 a sa va dura trei luni \u015fi jum\u0103tate. Cel de-al treilea r\u0103zboi mondial va izbucni \u00een Italia. Acolo va \u00eencepe o revolu\u0163ie s\u00e2ngeroas\u0103 \u015fi anume, chiar din inima cre\u015ftinismului, din ora\u015ful Vaticanului. Va fi instalat un guvern comunist \u015fi comuni\u015ftii \u00eei vor chinui pe preo\u0163i, \u00eei vor urm\u0103ri \u015fi asasina. \u00cen timpul acestei tulbur\u0103ri, papa va fugi \u00eempreun\u0103 cu o grup\u0103 format\u0103 din cei mai credincio\u015fi cardinali de pe Scaunul Sf\u00e2nt \u00een Fran\u0163a \u015fi mai t\u00e2rziu \u00een Polonia. El va r\u0103m\u00e2ne in Polonia p\u00e2n\u0103 la sf\u00e2r\u015fitul r\u0103zboiului. Papa va sta trei ani jum\u0103tate \u00een exil. \u00cen tot acest r\u0103stimp, comuni\u015ftii vor batjocori \u015fi devasta Scaunul Sf\u00e2nt. Va urma o mare pedeaps\u0103 asupra bisericii ca isp\u0103\u015fire pentru toate gre\u015felile din trecut&#8221;.<\/p>\n<p>Despre a\u015fa-numitele &#8222;trei zile de \u00eentuneric\u201c care au fost prev\u0103zut\u0103 \u015fi de mul\u0163i al\u0163i vizionari (vezi articolul din iulie 2014: <a href=\"https:\/\/www.lovendal.ro\/wp52\/cele-3-zile-de-intuneric-exista-in-mai-multe-profetii-si-vor-veni-pana-la-urma-atunci-nici-lumina-artificiala-nu-va-functiona\/\" target=\"_blank\" rel=\"noopener noreferrer\"><strong>Cele 3 zile de \u00eentuneric\u201d exist\u0103 \u00een mai multe profe\u0163ii \u015fi\u2026 vor veni p\u00e2n\u0103 la urm\u0103! Atunci, nici lumina artificial\u0103 nu va func\u0163iona!<\/strong><\/a>), Biemadd ne anun\u0163\u0103 urm\u0103toarele:<em> \u201eP\u0103m\u00e2ntul \u00ee\u015fi va pierde pentru c\u00e2teva zile for\u0163a de atrac\u0163ie (posibil printr-o comet\u0103 ce va atinge atmosfera P\u0103m\u00e2ntului sau poate a\u015fa-numita deplasare a polilor). Oamenii aproape c\u0103 nu vor mai avea curajul s\u0103 stea drep\u0163i, de team\u0103 s\u0103 nu pice. \u00cen mai pu\u0163in de c\u00e2teva ore, P\u0103m\u00e2ntul va fi \u00eenconjurat de un \u00eentuneric tot mai puternic, pan\u0103 la eclipsa total\u0103. Mul\u0163i oameni, cuprin\u015fi de panic\u0103, vor crede c\u0103 acesta ar fi sf\u00e2r\u015fitul lumii \u015fi vor muri din sentimentul de groaz\u0103 sau disperare. Dar nu va fi sf\u00e2r\u015fitul lumii, ci doar o catastrof\u0103 la nivel mondial ce nu s-a mai \u00eent\u00e2lnit p\u00e2n\u0103 acum \u015fi pe care omenirea \u015fi-a preg\u0103tit-o singur\u0103. Aceast\u0103 eclips\u0103 va dura trei zile, timp \u00een care oamenii vor sta \u00een cas\u0103, vor face m\u0103t\u0103nii. Lumina ce va putea fi v\u0103zut\u0103 \u00een aceast\u0103 perioad\u0103, va veni de la lum\u00e2n\u0103rile sfin\u0163ite&#8230;\u201c<\/em><\/p>\n","protected":false},"excerpt":{"rendered":"<p>Vizionarul polonez Wladyslaw Biemadd (prin 1980) a descris, \u00eentr-o profe\u0163ie mai pu\u0163in cunoscut\u0103, cel de-al treilea r\u0103zboi mondial ce se apropie: \u201eLumea va fi pustiit\u0103 printre serie de catastrofe naturale nemaitr\u0103ite p\u00e2n\u0103 atunci: de inunda\u0163ii uria\u015fe, de cutremure \u015fi de &#8230; <\/p>\n<p class=\"read-more-container\"><a title=\"Un profet polonez spune c\u0103 cel de-al treilea r\u0103zboi mondial va \u00eencepe \u00een Italia! Papa va fi alungat, iar preo\u0163ii asasina\u0163i!\" class=\"read-more button\" href=\"https:\/\/www.lovendal.ro\/wp52\/un-profet-polonez-spune-ca-cel-de-al-treilea-razboi-mondial-va-incepe-in-italia-papa-va-fi-alungat-iar-preotii-asasinati\/#more-35331\" aria-label=\"Cite\u0219te mai multe despre Un profet polonez spune c\u0103 cel de-al treilea r\u0103zboi mondial va \u00eencepe \u00een Italia! Papa va fi alungat, iar preo\u0163ii asasina\u0163i!\">Cititi mai multe<\/a><\/p>\n","protected":false},"author":1,"featured_media":35332,"comment_status":"open","ping_status":"open","sticky":false,"template":"","format":"standard","meta":{"footnotes":""},"categories":[2833,14],"tags":[7813,5069,81,211,202,4431,86,3642,105,97,9796,583,275,2775,136,339],"class_list":["post-35331","post","type-post","status-publish","format-standard","has-post-thumbnail","hentry","category-noutati","category-paranormal-spiritualitate","tag-cel-de-al-treilea-razboi-mondial","tag-cele-trei-zile-de-intuneric","tag-comunism","tag-crestinism","tag-franta","tag-intuneric","tag-italia","tag-lumanare","tag-pamant","tag-papa","tag-paranormal-spiritualitate","tag-polonia","tag-preoti","tag-profetie","tag-revolutie","tag-vatican","resize-featured-image"],"yoast_head":"<!-- This site is optimized with the Yoast SEO Premium plugin v23.3 (Yoast SEO v27.4) - https:\/\/yoast.com\/product\/yoast-seo-premium-wordpress\/ -->\n<title>Un profet polonez spune c\u0103 cel de-al treilea r\u0103zboi mondial va \u00eencepe \u00een Italia! Papa va fi alungat, iar preo\u0163ii asasina\u0163i! - Secretele lui Lovendal<\/title>\n<meta name=\"robots\" content=\"index, follow, max-snippet:-1, max-image-preview:large, max-video-preview:-1\" \/>\n<link rel=\"canonical\" href=\"https:\/\/www.lovendal.ro\/wp52\/un-profet-polonez-spune-ca-cel-de-al-treilea-razboi-mondial-va-incepe-in-italia-papa-va-fi-alungat-iar-preotii-asasinati\/\" \/>\n<meta property=\"og:locale\" content=\"ro_RO\" \/>\n<meta property=\"og:type\" content=\"article\" \/>\n<meta property=\"og:title\" content=\"Un profet polonez spune c\u0103 cel de-al treilea r\u0103zboi mondial va \u00eencepe \u00een Italia! Papa va fi alungat, iar preo\u0163ii asasina\u0163i!\" \/>\n<meta property=\"og:description\" content=\"Vizionarul polonez Wladyslaw Biemadd (prin 1980) a descris, \u00eentr-o profe\u0163ie mai pu\u0163in cunoscut\u0103, cel de-al treilea r\u0103zboi mondial ce se apropie: \u201eLumea va fi pustiit\u0103 printre serie de catastrofe naturale nemaitr\u0103ite p\u00e2n\u0103 atunci: de inunda\u0163ii uria\u015fe, de cutremure \u015fi de ... Cititi mai multe\" \/>\n<meta property=\"og:url\" content=\"https:\/\/www.lovendal.ro\/wp52\/un-profet-polonez-spune-ca-cel-de-al-treilea-razboi-mondial-va-incepe-in-italia-papa-va-fi-alungat-iar-preotii-asasinati\/\" \/>\n<meta property=\"og:site_name\" content=\"Secretele lui Lovendal\" \/>\n<meta property=\"article:publisher\" content=\"https:\/\/www.facebook.com\/secreteleluilovendal\" \/>\n<meta property=\"article:published_time\" content=\"2014-08-02T04:00:17+00:00\" \/>\n<meta property=\"article:modified_time\" content=\"2020-08-31T18:19:49+00:00\" \/>\n<meta property=\"og:image\" content=\"https:\/\/www.lovendal.ro\/wp52\/wp-content\/uploads\/2014\/08\/cel-de-al-treilea-razboi-mondial-profetie.jpg\" \/>\n\t<meta property=\"og:image:width\" content=\"325\" \/>\n\t<meta property=\"og:image:height\" content=\"231\" \/>\n\t<meta property=\"og:image:type\" content=\"image\/jpeg\" \/>\n<meta name=\"author\" content=\"admin\" \/>\n<meta name=\"twitter:card\" content=\"summary_large_image\" \/>\n<meta name=\"twitter:label1\" content=\"Scris de\" \/>\n\t<meta name=\"twitter:data1\" content=\"admin\" \/>\n\t<meta name=\"twitter:label2\" content=\"Timp estimat pentru citire\" \/>\n\t<meta name=\"twitter:data2\" content=\"2 minute\" \/>\n<script type=\"application\/ld+json\" class=\"yoast-schema-graph\">{\"@context\":\"https:\\\/\\\/schema.org\",\"@graph\":[{\"@type\":\"Article\",\"@id\":\"https:\\\/\\\/www.lovendal.ro\\\/wp52\\\/un-profet-polonez-spune-ca-cel-de-al-treilea-razboi-mondial-va-incepe-in-italia-papa-va-fi-alungat-iar-preotii-asasinati\\\/#article\",\"isPartOf\":{\"@id\":\"https:\\\/\\\/www.lovendal.ro\\\/wp52\\\/un-profet-polonez-spune-ca-cel-de-al-treilea-razboi-mondial-va-incepe-in-italia-papa-va-fi-alungat-iar-preotii-asasinati\\\/\"},\"author\":{\"name\":\"admin\",\"@id\":\"https:\\\/\\\/www.lovendal.ro\\\/wp52\\\/#\\\/schema\\\/person\\\/088691de5dfc346bb0c023e1e52ef5d9\"},\"headline\":\"Un profet polonez spune c\u0103 cel de-al treilea r\u0103zboi mondial va \u00eencepe \u00een Italia! Papa va fi alungat, iar preo\u0163ii asasina\u0163i!\",\"datePublished\":\"2014-08-02T04:00:17+00:00\",\"dateModified\":\"2020-08-31T18:19:49+00:00\",\"mainEntityOfPage\":{\"@id\":\"https:\\\/\\\/www.lovendal.ro\\\/wp52\\\/un-profet-polonez-spune-ca-cel-de-al-treilea-razboi-mondial-va-incepe-in-italia-papa-va-fi-alungat-iar-preotii-asasinati\\\/\"},\"wordCount\":508,\"commentCount\":21,\"publisher\":{\"@id\":\"https:\\\/\\\/www.lovendal.ro\\\/wp52\\\/#organization\"},\"image\":{\"@id\":\"https:\\\/\\\/www.lovendal.ro\\\/wp52\\\/un-profet-polonez-spune-ca-cel-de-al-treilea-razboi-mondial-va-incepe-in-italia-papa-va-fi-alungat-iar-preotii-asasinati\\\/#primaryimage\"},\"thumbnailUrl\":\"https:\\\/\\\/www.lovendal.ro\\\/wp52\\\/wp-content\\\/uploads\\\/2014\\\/08\\\/cel-de-al-treilea-razboi-mondial-profetie.jpg\",\"keywords\":[\"cel de-al treilea r\u0103zboi mondial\",\"cele trei zile de \u00eentuneric\",\"comunism\",\"cre\u015ftinism\",\"Fran\u0163a\",\"\u00eentuneric\",\"Italia\",\"lum\u00e2nare\",\"P\u0103m\u00e2nt\",\"papa\",\"Paranormal-Spiritualitate\",\"Polonia\",\"preo\u0163i\",\"profe\u0163ie\",\"revolu\u0163ie\",\"Vatican\"],\"articleSection\":[\"Noutati\",\"Paranormal-Spiritualitate\"],\"inLanguage\":\"ro-RO\",\"potentialAction\":[{\"@type\":\"CommentAction\",\"name\":\"Comment\",\"target\":[\"https:\\\/\\\/www.lovendal.ro\\\/wp52\\\/un-profet-polonez-spune-ca-cel-de-al-treilea-razboi-mondial-va-incepe-in-italia-papa-va-fi-alungat-iar-preotii-asasinati\\\/#respond\"]}]},{\"@type\":\"WebPage\",\"@id\":\"https:\\\/\\\/www.lovendal.ro\\\/wp52\\\/un-profet-polonez-spune-ca-cel-de-al-treilea-razboi-mondial-va-incepe-in-italia-papa-va-fi-alungat-iar-preotii-asasinati\\\/\",\"url\":\"https:\\\/\\\/www.lovendal.ro\\\/wp52\\\/un-profet-polonez-spune-ca-cel-de-al-treilea-razboi-mondial-va-incepe-in-italia-papa-va-fi-alungat-iar-preotii-asasinati\\\/\",\"name\":\"Un profet polonez spune c\u0103 cel de-al treilea r\u0103zboi mondial va \u00eencepe \u00een Italia! Papa va fi alungat, iar preo\u0163ii asasina\u0163i! - Secretele lui Lovendal\",\"isPartOf\":{\"@id\":\"https:\\\/\\\/www.lovendal.ro\\\/wp52\\\/#website\"},\"primaryImageOfPage\":{\"@id\":\"https:\\\/\\\/www.lovendal.ro\\\/wp52\\\/un-profet-polonez-spune-ca-cel-de-al-treilea-razboi-mondial-va-incepe-in-italia-papa-va-fi-alungat-iar-preotii-asasinati\\\/#primaryimage\"},\"image\":{\"@id\":\"https:\\\/\\\/www.lovendal.ro\\\/wp52\\\/un-profet-polonez-spune-ca-cel-de-al-treilea-razboi-mondial-va-incepe-in-italia-papa-va-fi-alungat-iar-preotii-asasinati\\\/#primaryimage\"},\"thumbnailUrl\":\"https:\\\/\\\/www.lovendal.ro\\\/wp52\\\/wp-content\\\/uploads\\\/2014\\\/08\\\/cel-de-al-treilea-razboi-mondial-profetie.jpg\",\"datePublished\":\"2014-08-02T04:00:17+00:00\",\"dateModified\":\"2020-08-31T18:19:49+00:00\",\"breadcrumb\":{\"@id\":\"https:\\\/\\\/www.lovendal.ro\\\/wp52\\\/un-profet-polonez-spune-ca-cel-de-al-treilea-razboi-mondial-va-incepe-in-italia-papa-va-fi-alungat-iar-preotii-asasinati\\\/#breadcrumb\"},\"inLanguage\":\"ro-RO\",\"potentialAction\":[{\"@type\":\"ReadAction\",\"target\":[\"https:\\\/\\\/www.lovendal.ro\\\/wp52\\\/un-profet-polonez-spune-ca-cel-de-al-treilea-razboi-mondial-va-incepe-in-italia-papa-va-fi-alungat-iar-preotii-asasinati\\\/\"]}]},{\"@type\":\"ImageObject\",\"inLanguage\":\"ro-RO\",\"@id\":\"https:\\\/\\\/www.lovendal.ro\\\/wp52\\\/un-profet-polonez-spune-ca-cel-de-al-treilea-razboi-mondial-va-incepe-in-italia-papa-va-fi-alungat-iar-preotii-asasinati\\\/#primaryimage\",\"url\":\"https:\\\/\\\/www.lovendal.ro\\\/wp52\\\/wp-content\\\/uploads\\\/2014\\\/08\\\/cel-de-al-treilea-razboi-mondial-profetie.jpg\",\"contentUrl\":\"https:\\\/\\\/www.lovendal.ro\\\/wp52\\\/wp-content\\\/uploads\\\/2014\\\/08\\\/cel-de-al-treilea-razboi-mondial-profetie.jpg\",\"width\":325,\"height\":231},{\"@type\":\"BreadcrumbList\",\"@id\":\"https:\\\/\\\/www.lovendal.ro\\\/wp52\\\/un-profet-polonez-spune-ca-cel-de-al-treilea-razboi-mondial-va-incepe-in-italia-papa-va-fi-alungat-iar-preotii-asasinati\\\/#breadcrumb\",\"itemListElement\":[{\"@type\":\"ListItem\",\"position\":1,\"name\":\"Home\",\"item\":\"https:\\\/\\\/www.lovendal.ro\\\/wp52\\\/\"},{\"@type\":\"ListItem\",\"position\":2,\"name\":\"Un profet polonez spune c\u0103 cel de-al treilea r\u0103zboi mondial va \u00eencepe \u00een Italia! Papa va fi alungat, iar preo\u0163ii asasina\u0163i!\"}]},{\"@type\":\"WebSite\",\"@id\":\"https:\\\/\\\/www.lovendal.ro\\\/wp52\\\/#website\",\"url\":\"https:\\\/\\\/www.lovendal.ro\\\/wp52\\\/\",\"name\":\"Secretele lui Lovendal\",\"description\":\"Site de secrete, stiinta si metafizica - din 2008 -\",\"publisher\":{\"@id\":\"https:\\\/\\\/www.lovendal.ro\\\/wp52\\\/#organization\"},\"potentialAction\":[{\"@type\":\"SearchAction\",\"target\":{\"@type\":\"EntryPoint\",\"urlTemplate\":\"https:\\\/\\\/www.lovendal.ro\\\/wp52\\\/?s={search_term_string}\"},\"query-input\":{\"@type\":\"PropertyValueSpecification\",\"valueRequired\":true,\"valueName\":\"search_term_string\"}}],\"inLanguage\":\"ro-RO\"},{\"@type\":\"Organization\",\"@id\":\"https:\\\/\\\/www.lovendal.ro\\\/wp52\\\/#organization\",\"name\":\"Secretele lui Lovendal\",\"url\":\"https:\\\/\\\/www.lovendal.ro\\\/wp52\\\/\",\"logo\":{\"@type\":\"ImageObject\",\"inLanguage\":\"ro-RO\",\"@id\":\"https:\\\/\\\/www.lovendal.ro\\\/wp52\\\/#\\\/schema\\\/logo\\\/image\\\/\",\"url\":\"https:\\\/\\\/www.lovendal.ro\\\/wp52\\\/wp-content\\\/uploads\\\/2024\\\/06\\\/cropped-SLL-iun-2024-1.jpg\",\"contentUrl\":\"https:\\\/\\\/www.lovendal.ro\\\/wp52\\\/wp-content\\\/uploads\\\/2024\\\/06\\\/cropped-SLL-iun-2024-1.jpg\",\"width\":771,\"height\":240,\"caption\":\"Secretele lui Lovendal\"},\"image\":{\"@id\":\"https:\\\/\\\/www.lovendal.ro\\\/wp52\\\/#\\\/schema\\\/logo\\\/image\\\/\"},\"sameAs\":[\"https:\\\/\\\/www.facebook.com\\\/secreteleluilovendal\"]},{\"@type\":\"Person\",\"@id\":\"https:\\\/\\\/www.lovendal.ro\\\/wp52\\\/#\\\/schema\\\/person\\\/088691de5dfc346bb0c023e1e52ef5d9\",\"name\":\"admin\",\"image\":{\"@type\":\"ImageObject\",\"inLanguage\":\"ro-RO\",\"@id\":\"https:\\\/\\\/secure.gravatar.com\\\/avatar\\\/ecb9cd41f5f63c9c9b989999a59f6e2639a865ec361e9db054db0679a8f341c2?s=96&d=mm&r=g\",\"url\":\"https:\\\/\\\/secure.gravatar.com\\\/avatar\\\/ecb9cd41f5f63c9c9b989999a59f6e2639a865ec361e9db054db0679a8f341c2?s=96&d=mm&r=g\",\"contentUrl\":\"https:\\\/\\\/secure.gravatar.com\\\/avatar\\\/ecb9cd41f5f63c9c9b989999a59f6e2639a865ec361e9db054db0679a8f341c2?s=96&d=mm&r=g\",\"caption\":\"admin\"},\"sameAs\":[\"https:\\\/\\\/www.lovendal.ro\\\/wp52\"]}]}<\/script>\n<!-- \/ Yoast SEO Premium plugin. -->","yoast_head_json":{"title":"Un profet polonez spune c\u0103 cel de-al treilea r\u0103zboi mondial va \u00eencepe \u00een Italia! Papa va fi alungat, iar preo\u0163ii asasina\u0163i! - Secretele lui Lovendal","robots":{"index":"index","follow":"follow","max-snippet":"max-snippet:-1","max-image-preview":"max-image-preview:large","max-video-preview":"max-video-preview:-1"},"canonical":"https:\/\/www.lovendal.ro\/wp52\/un-profet-polonez-spune-ca-cel-de-al-treilea-razboi-mondial-va-incepe-in-italia-papa-va-fi-alungat-iar-preotii-asasinati\/","og_locale":"ro_RO","og_type":"article","og_title":"Un profet polonez spune c\u0103 cel de-al treilea r\u0103zboi mondial va \u00eencepe \u00een Italia! Papa va fi alungat, iar preo\u0163ii asasina\u0163i!","og_description":"Vizionarul polonez Wladyslaw Biemadd (prin 1980) a descris, \u00eentr-o profe\u0163ie mai pu\u0163in cunoscut\u0103, cel de-al treilea r\u0103zboi mondial ce se apropie: \u201eLumea va fi pustiit\u0103 printre serie de catastrofe naturale nemaitr\u0103ite p\u00e2n\u0103 atunci: de inunda\u0163ii uria\u015fe, de cutremure \u015fi de ... Cititi mai multe","og_url":"https:\/\/www.lovendal.ro\/wp52\/un-profet-polonez-spune-ca-cel-de-al-treilea-razboi-mondial-va-incepe-in-italia-papa-va-fi-alungat-iar-preotii-asasinati\/","og_site_name":"Secretele lui Lovendal","article_publisher":"https:\/\/www.facebook.com\/secreteleluilovendal","article_published_time":"2014-08-02T04:00:17+00:00","article_modified_time":"2020-08-31T18:19:49+00:00","og_image":[{"width":325,"height":231,"url":"https:\/\/www.lovendal.ro\/wp52\/wp-content\/uploads\/2014\/08\/cel-de-al-treilea-razboi-mondial-profetie.jpg","type":"image\/jpeg"}],"author":"admin","twitter_card":"summary_large_image","twitter_misc":{"Scris de":"admin","Timp estimat pentru citire":"2 minute"},"schema":{"@context":"https:\/\/schema.org","@graph":[{"@type":"Article","@id":"https:\/\/www.lovendal.ro\/wp52\/un-profet-polonez-spune-ca-cel-de-al-treilea-razboi-mondial-va-incepe-in-italia-papa-va-fi-alungat-iar-preotii-asasinati\/#article","isPartOf":{"@id":"https:\/\/www.lovendal.ro\/wp52\/un-profet-polonez-spune-ca-cel-de-al-treilea-razboi-mondial-va-incepe-in-italia-papa-va-fi-alungat-iar-preotii-asasinati\/"},"author":{"name":"admin","@id":"https:\/\/www.lovendal.ro\/wp52\/#\/schema\/person\/088691de5dfc346bb0c023e1e52ef5d9"},"headline":"Un profet polonez spune c\u0103 cel de-al treilea r\u0103zboi mondial va \u00eencepe \u00een Italia! Papa va fi alungat, iar preo\u0163ii asasina\u0163i!","datePublished":"2014-08-02T04:00:17+00:00","dateModified":"2020-08-31T18:19:49+00:00","mainEntityOfPage":{"@id":"https:\/\/www.lovendal.ro\/wp52\/un-profet-polonez-spune-ca-cel-de-al-treilea-razboi-mondial-va-incepe-in-italia-papa-va-fi-alungat-iar-preotii-asasinati\/"},"wordCount":508,"commentCount":21,"publisher":{"@id":"https:\/\/www.lovendal.ro\/wp52\/#organization"},"image":{"@id":"https:\/\/www.lovendal.ro\/wp52\/un-profet-polonez-spune-ca-cel-de-al-treilea-razboi-mondial-va-incepe-in-italia-papa-va-fi-alungat-iar-preotii-asasinati\/#primaryimage"},"thumbnailUrl":"https:\/\/www.lovendal.ro\/wp52\/wp-content\/uploads\/2014\/08\/cel-de-al-treilea-razboi-mondial-profetie.jpg","keywords":["cel de-al treilea r\u0103zboi mondial","cele trei zile de \u00eentuneric","comunism","cre\u015ftinism","Fran\u0163a","\u00eentuneric","Italia","lum\u00e2nare","P\u0103m\u00e2nt","papa","Paranormal-Spiritualitate","Polonia","preo\u0163i","profe\u0163ie","revolu\u0163ie","Vatican"],"articleSection":["Noutati","Paranormal-Spiritualitate"],"inLanguage":"ro-RO","potentialAction":[{"@type":"CommentAction","name":"Comment","target":["https:\/\/www.lovendal.ro\/wp52\/un-profet-polonez-spune-ca-cel-de-al-treilea-razboi-mondial-va-incepe-in-italia-papa-va-fi-alungat-iar-preotii-asasinati\/#respond"]}]},{"@type":"WebPage","@id":"https:\/\/www.lovendal.ro\/wp52\/un-profet-polonez-spune-ca-cel-de-al-treilea-razboi-mondial-va-incepe-in-italia-papa-va-fi-alungat-iar-preotii-asasinati\/","url":"https:\/\/www.lovendal.ro\/wp52\/un-profet-polonez-spune-ca-cel-de-al-treilea-razboi-mondial-va-incepe-in-italia-papa-va-fi-alungat-iar-preotii-asasinati\/","name":"Un profet polonez spune c\u0103 cel de-al treilea r\u0103zboi mondial va \u00eencepe \u00een Italia! Papa va fi alungat, iar preo\u0163ii asasina\u0163i! - Secretele lui Lovendal","isPartOf":{"@id":"https:\/\/www.lovendal.ro\/wp52\/#website"},"primaryImageOfPage":{"@id":"https:\/\/www.lovendal.ro\/wp52\/un-profet-polonez-spune-ca-cel-de-al-treilea-razboi-mondial-va-incepe-in-italia-papa-va-fi-alungat-iar-preotii-asasinati\/#primaryimage"},"image":{"@id":"https:\/\/www.lovendal.ro\/wp52\/un-profet-polonez-spune-ca-cel-de-al-treilea-razboi-mondial-va-incepe-in-italia-papa-va-fi-alungat-iar-preotii-asasinati\/#primaryimage"},"thumbnailUrl":"https:\/\/www.lovendal.ro\/wp52\/wp-content\/uploads\/2014\/08\/cel-de-al-treilea-razboi-mondial-profetie.jpg","datePublished":"2014-08-02T04:00:17+00:00","dateModified":"2020-08-31T18:19:49+00:00","breadcrumb":{"@id":"https:\/\/www.lovendal.ro\/wp52\/un-profet-polonez-spune-ca-cel-de-al-treilea-razboi-mondial-va-incepe-in-italia-papa-va-fi-alungat-iar-preotii-asasinati\/#breadcrumb"},"inLanguage":"ro-RO","potentialAction":[{"@type":"ReadAction","target":["https:\/\/www.lovendal.ro\/wp52\/un-profet-polonez-spune-ca-cel-de-al-treilea-razboi-mondial-va-incepe-in-italia-papa-va-fi-alungat-iar-preotii-asasinati\/"]}]},{"@type":"ImageObject","inLanguage":"ro-RO","@id":"https:\/\/www.lovendal.ro\/wp52\/un-profet-polonez-spune-ca-cel-de-al-treilea-razboi-mondial-va-incepe-in-italia-papa-va-fi-alungat-iar-preotii-asasinati\/#primaryimage","url":"https:\/\/www.lovendal.ro\/wp52\/wp-content\/uploads\/2014\/08\/cel-de-al-treilea-razboi-mondial-profetie.jpg","contentUrl":"https:\/\/www.lovendal.ro\/wp52\/wp-content\/uploads\/2014\/08\/cel-de-al-treilea-razboi-mondial-profetie.jpg","width":325,"height":231},{"@type":"BreadcrumbList","@id":"https:\/\/www.lovendal.ro\/wp52\/un-profet-polonez-spune-ca-cel-de-al-treilea-razboi-mondial-va-incepe-in-italia-papa-va-fi-alungat-iar-preotii-asasinati\/#breadcrumb","itemListElement":[{"@type":"ListItem","position":1,"name":"Home","item":"https:\/\/www.lovendal.ro\/wp52\/"},{"@type":"ListItem","position":2,"name":"Un profet polonez spune c\u0103 cel de-al treilea r\u0103zboi mondial va \u00eencepe \u00een Italia! Papa va fi alungat, iar preo\u0163ii asasina\u0163i!"}]},{"@type":"WebSite","@id":"https:\/\/www.lovendal.ro\/wp52\/#website","url":"https:\/\/www.lovendal.ro\/wp52\/","name":"Secretele lui Lovendal","description":"Site de secrete, stiinta si metafizica - din 2008 -","publisher":{"@id":"https:\/\/www.lovendal.ro\/wp52\/#organization"},"potentialAction":[{"@type":"SearchAction","target":{"@type":"EntryPoint","urlTemplate":"https:\/\/www.lovendal.ro\/wp52\/?s={search_term_string}"},"query-input":{"@type":"PropertyValueSpecification","valueRequired":true,"valueName":"search_term_string"}}],"inLanguage":"ro-RO"},{"@type":"Organization","@id":"https:\/\/www.lovendal.ro\/wp52\/#organization","name":"Secretele lui Lovendal","url":"https:\/\/www.lovendal.ro\/wp52\/","logo":{"@type":"ImageObject","inLanguage":"ro-RO","@id":"https:\/\/www.lovendal.ro\/wp52\/#\/schema\/logo\/image\/","url":"https:\/\/www.lovendal.ro\/wp52\/wp-content\/uploads\/2024\/06\/cropped-SLL-iun-2024-1.jpg","contentUrl":"https:\/\/www.lovendal.ro\/wp52\/wp-content\/uploads\/2024\/06\/cropped-SLL-iun-2024-1.jpg","width":771,"height":240,"caption":"Secretele lui Lovendal"},"image":{"@id":"https:\/\/www.lovendal.ro\/wp52\/#\/schema\/logo\/image\/"},"sameAs":["https:\/\/www.facebook.com\/secreteleluilovendal"]},{"@type":"Person","@id":"https:\/\/www.lovendal.ro\/wp52\/#\/schema\/person\/088691de5dfc346bb0c023e1e52ef5d9","name":"admin","image":{"@type":"ImageObject","inLanguage":"ro-RO","@id":"https:\/\/secure.gravatar.com\/avatar\/ecb9cd41f5f63c9c9b989999a59f6e2639a865ec361e9db054db0679a8f341c2?s=96&d=mm&r=g","url":"https:\/\/secure.gravatar.com\/avatar\/ecb9cd41f5f63c9c9b989999a59f6e2639a865ec361e9db054db0679a8f341c2?s=96&d=mm&r=g","contentUrl":"https:\/\/secure.gravatar.com\/avatar\/ecb9cd41f5f63c9c9b989999a59f6e2639a865ec361e9db054db0679a8f341c2?s=96&d=mm&r=g","caption":"admin"},"sameAs":["https:\/\/www.lovendal.ro\/wp52"]}]}},"_links":{"self":[{"href":"https:\/\/www.lovendal.ro\/wp52\/wp-json\/wp\/v2\/posts\/35331","targetHints":{"allow":["GET"]}}],"collection":[{"href":"https:\/\/www.lovendal.ro\/wp52\/wp-json\/wp\/v2\/posts"}],"about":[{"href":"https:\/\/www.lovendal.ro\/wp52\/wp-json\/wp\/v2\/types\/post"}],"author":[{"embeddable":true,"href":"https:\/\/www.lovendal.ro\/wp52\/wp-json\/wp\/v2\/users\/1"}],"replies":[{"embeddable":true,"href":"https:\/\/www.lovendal.ro\/wp52\/wp-json\/wp\/v2\/comments?post=35331"}],"version-history":[{"count":0,"href":"https:\/\/www.lovendal.ro\/wp52\/wp-json\/wp\/v2\/posts\/35331\/revisions"}],"wp:featuredmedia":[{"embeddable":true,"href":"https:\/\/www.lovendal.ro\/wp52\/wp-json\/wp\/v2\/media\/35332"}],"wp:attachment":[{"href":"https:\/\/www.lovendal.ro\/wp52\/wp-json\/wp\/v2\/media?parent=35331"}],"wp:term":[{"taxonomy":"category","embeddable":true,"href":"https:\/\/www.lovendal.ro\/wp52\/wp-json\/wp\/v2\/categories?post=35331"},{"taxonomy":"post_tag","embeddable":true,"href":"https:\/\/www.lovendal.ro\/wp52\/wp-json\/wp\/v2\/tags?post=35331"}],"curies":[{"name":"wp","href":"https:\/\/api.w.org\/{rel}","templated":true}]}}