{"id":34628,"date":"2014-06-16T07:45:18","date_gmt":"2014-06-16T04:45:18","guid":{"rendered":"http:\/\/www.lovendal.ro\/wp52\/?p=34628"},"modified":"2014-06-16T07:49:31","modified_gmt":"2014-06-16T04:49:31","slug":"cazul-ciudat-al-mortii-parapsihologului-polonez-alexander-imich-cel-mai-batran-om-de-pe-planeta-cu-4-zile-inainte-de-a-muri-el-a-vorbit-cu-spiritele-ce-secrete-a-aflat","status":"publish","type":"post","link":"https:\/\/www.lovendal.ro\/wp52\/cazul-ciudat-al-mortii-parapsihologului-polonez-alexander-imich-cel-mai-batran-om-de-pe-planeta-cu-4-zile-inainte-de-a-muri-el-a-vorbit-cu-spiritele-ce-secrete-a-aflat\/","title":{"rendered":"Cazul ciudat al mor\u0163ii parapsihologului polonez Alexander Imich, cel mai b\u0103tr\u00e2n om de pe planet\u0103&#8230; Cu 4 zile \u00eenainte de a muri, el a vorbit cu spiritele! Ce secrete a aflat?"},"content":{"rendered":"<p><img loading=\"lazy\" decoding=\"async\" class=\"alignleft size-full wp-image-34629\" alt=\"alexander-imich\" src=\"https:\/\/www.lovendal.ro\/wp52\/wp-content\/uploads\/2014\/06\/alexander-imich.jpg\" width=\"331\" height=\"288\" srcset=\"https:\/\/www.lovendal.ro\/wp52\/wp-content\/uploads\/2014\/06\/alexander-imich.jpg 331w, https:\/\/www.lovendal.ro\/wp52\/wp-content\/uploads\/2014\/06\/alexander-imich-300x261.jpg 300w\" sizes=\"auto, (max-width: 331px) 100vw, 331px\" \/>\u00cen aprilie 2014, parapsihologul Alexander Imich a devenit cel mai b\u0103tr\u00e2n om din lume, aflat \u00een via\u0163\u0103. Din p\u0103cate, recordul lui Imich a fost unul scurt, c\u0103ci imigrantul polonez, \u00een v\u00e2rst\u0103 de 111 de ani, a murit zilele acestea.<\/p>\n<p>Imich a fost studiat mai multe cazuri de parapsihologie \u00eenc\u0103 din anii 1930, atunci c\u00e2nd a cercetat \u0219edin\u021bele unui medium polonez cunoscut sub numele de &#8222;Matylda S.&#8221;. Timp de 80 de ani, polonezul a fost dornic \u00een a cerceta posibilitatea existen\u0163ei vie\u0163ii de apoi, iar zilele trecute a f\u0103cut-o prin experien\u021b\u0103 direct\u0103. La o v\u00e2rst\u0103 at\u00e2t de \u00eenaintat\u0103, Imich era con\u0219tient de mortalitatea sa, spun\u00e2ndu-i recent unui prieten c\u0103 <em>&#8222;o compensa\u021bie pentru moarte este aceea c\u0103 voi \u00eenv\u0103\u021ba toate lucrurile pe care nu am fost capabil s\u0103 le \u00eenv\u0103\u0163 aici, pe P\u0103m\u00e2nt.&#8221;<\/em><\/p>\n<p>Interesant e faptul c\u0103 \u00een necrologul din <em>&#8222;New York Times&#8221;<\/em>, putem citi c\u0103 Imich a p\u0103rut s\u0103 aib\u0103 viziuni de pe patul de moarte, cu c\u00e2teva zile \u00eenainte de decesul s\u0103u: <em>&#8222;Domnul Mannion a spus c\u0103 domnul Imich a fost extrem de agitat cu patru zile \u00eenainte de moartea sa, vorbind \u00een polonez\u0103 \u0219i rus\u0103 spiritelor pe care le sim\u0163ea \u00een jurul s\u0103u. El a fost tratat cu medicamente, \u00eenainte de moartea sa&#8221;.<\/em><\/p>\n<p>\u00cen cartea lui Greg Taylor &#8211; <em>&#8222;Nu v\u0103 mai \u00eengrijora\u0163i! Exist\u0103, probabil, via\u0163\u0103 dup\u0103 moarte&#8221; &#8211;\u00a0 <\/em>fenomenele fascinante asociate experien\u0163elor de la sf\u00e2r\u015fitul vie\u0163ii (<em>&#8222;end-of-life experiences&#8221;<\/em>), cum ar fi viziunile de pe patul mor\u0163ii, nu se limiteaz\u0103 doar la c\u00e2teva secunde sau minute \u00eenainte de deces &#8230; ele pot s\u0103 apar\u0103, cu zile, s\u0103pt\u0103m\u00e2ni \u0219i, uneori, chiar cu luni \u00eenainte de moarte. \u0218i ele nu sunt rare: un studiu britanic recent a constatat c\u0103 aproape dou\u0103 treimi din medicii, asistentele medicale \u015fi \u00eengrijitorii spitalelor au constatat c\u0103 pacien\u0163ii lor au fost martorii acestor &#8222;experien\u0163e de la sf\u00e2r\u015fitul vie\u0163ii&#8221;.<\/p>\n<p>Ceea ce pare diferit \u00een acest caz, (de\u0219i nu nemaiauzit), este faptul c\u0103 Imich a fost v\u0103zut &#8222;extrem de agitat&#8221;, \u00een aceste zile finale, \u00een timp ce viziunile de pe patul mor\u0163ii sunt, de obicei, un ajutor util pentru tranzi\u021bia dintre via\u021b\u0103 \u0219i moarte, duc\u00e2ndu-l pe cel care moare \u00eentr-un loc plin de pace \u0219i mul\u021bumire. Agita\u0163ia parapsihologului a ap\u0103rut fie pentru c\u0103 el nu dorea s\u0103 moar\u0103, fie mai degrab\u0103 din cauza altor \u00eemprejur\u0103ri (de exemplu, spiritele nu doreau s\u0103-i vorbeasc\u0103 \u00eenapoi).<\/p>\n<p>\u00cen orice caz, adio, Alexander Imich! S\u0103 sper\u0103m c\u0103 toate secretele \u0163i-au fost dezv\u0103luite acum!<\/p>\n","protected":false},"excerpt":{"rendered":"<p>\u00cen aprilie 2014, parapsihologul Alexander Imich a devenit cel mai b\u0103tr\u00e2n om din lume, aflat \u00een via\u0163\u0103. Din p\u0103cate, recordul lui Imich a fost unul scurt, c\u0103ci imigrantul polonez, \u00een v\u00e2rst\u0103 de 111 de ani, a murit zilele acestea. Imich &#8230; <\/p>\n<p class=\"read-more-container\"><a title=\"Cazul ciudat al mor\u0163ii parapsihologului polonez Alexander Imich, cel mai b\u0103tr\u00e2n om de pe planet\u0103&#8230; Cu 4 zile \u00eenainte de a muri, el a vorbit cu spiritele! Ce secrete a aflat?\" class=\"read-more button\" href=\"https:\/\/www.lovendal.ro\/wp52\/cazul-ciudat-al-mortii-parapsihologului-polonez-alexander-imich-cel-mai-batran-om-de-pe-planeta-cu-4-zile-inainte-de-a-muri-el-a-vorbit-cu-spiritele-ce-secrete-a-aflat\/#more-34628\" aria-label=\"Cite\u0219te mai multe despre Cazul ciudat al mor\u0163ii parapsihologului polonez Alexander Imich, cel mai b\u0103tr\u00e2n om de pe planet\u0103&#8230; Cu 4 zile \u00eenainte de a muri, el a vorbit cu spiritele! Ce secrete a aflat?\">Cititi mai multe<\/a><\/p>\n","protected":false},"author":1,"featured_media":34629,"comment_status":"open","ping_status":"open","sticky":false,"template":"","format":"standard","meta":{"footnotes":""},"categories":[2833,14],"tags":[8218,3392,8220,7091,3763,4999,2458,108,5567,9796,8219,1059,512,366],"class_list":["post-34628","post","type-post","status-publish","format-standard","has-post-thumbnail","hentry","category-noutati","category-paranormal-spiritualitate","tag-alexander-imich","tag-batran","tag-limba-poloneza","tag-limba-rusa","tag-medic","tag-medicamente","tag-medium","tag-moarte","tag-pacient","tag-paranormal-spiritualitate","tag-parapsiholog","tag-spirit","tag-spital","tag-viata","resize-featured-image"],"yoast_head":"<!-- This site is optimized with the Yoast SEO Premium plugin v23.3 (Yoast SEO v27.4) - https:\/\/yoast.com\/product\/yoast-seo-premium-wordpress\/ -->\n<title>Cazul ciudat al mor\u0163ii parapsihologului polonez Alexander Imich, cel mai b\u0103tr\u00e2n om de pe planet\u0103... Cu 4 zile \u00eenainte de a muri, el a vorbit cu spiritele! Ce secrete a aflat?  - Secretele lui Lovendal<\/title>\n<meta name=\"robots\" content=\"index, follow, max-snippet:-1, max-image-preview:large, max-video-preview:-1\" \/>\n<link rel=\"canonical\" href=\"https:\/\/www.lovendal.ro\/wp52\/cazul-ciudat-al-mortii-parapsihologului-polonez-alexander-imich-cel-mai-batran-om-de-pe-planeta-cu-4-zile-inainte-de-a-muri-el-a-vorbit-cu-spiritele-ce-secrete-a-aflat\/\" \/>\n<meta property=\"og:locale\" content=\"ro_RO\" \/>\n<meta property=\"og:type\" content=\"article\" \/>\n<meta property=\"og:title\" content=\"Cazul ciudat al mor\u0163ii parapsihologului polonez Alexander Imich, cel mai b\u0103tr\u00e2n om de pe planet\u0103... Cu 4 zile \u00eenainte de a muri, el a vorbit cu spiritele! Ce secrete a aflat?\" \/>\n<meta property=\"og:description\" content=\"\u00cen aprilie 2014, parapsihologul Alexander Imich a devenit cel mai b\u0103tr\u00e2n om din lume, aflat \u00een via\u0163\u0103. Din p\u0103cate, recordul lui Imich a fost unul scurt, c\u0103ci imigrantul polonez, \u00een v\u00e2rst\u0103 de 111 de ani, a murit zilele acestea. Imich ... Cititi mai multe\" \/>\n<meta property=\"og:url\" content=\"https:\/\/www.lovendal.ro\/wp52\/cazul-ciudat-al-mortii-parapsihologului-polonez-alexander-imich-cel-mai-batran-om-de-pe-planeta-cu-4-zile-inainte-de-a-muri-el-a-vorbit-cu-spiritele-ce-secrete-a-aflat\/\" \/>\n<meta property=\"og:site_name\" content=\"Secretele lui Lovendal\" \/>\n<meta property=\"article:publisher\" content=\"https:\/\/www.facebook.com\/secreteleluilovendal\" \/>\n<meta property=\"article:published_time\" content=\"2014-06-16T04:45:18+00:00\" \/>\n<meta property=\"article:modified_time\" content=\"2014-06-16T04:49:31+00:00\" \/>\n<meta property=\"og:image\" content=\"https:\/\/www.lovendal.ro\/wp52\/wp-content\/uploads\/2014\/06\/alexander-imich.jpg\" \/>\n\t<meta property=\"og:image:width\" content=\"331\" \/>\n\t<meta property=\"og:image:height\" content=\"288\" \/>\n\t<meta property=\"og:image:type\" content=\"image\/jpeg\" \/>\n<meta name=\"author\" content=\"admin\" \/>\n<meta name=\"twitter:card\" content=\"summary_large_image\" \/>\n<meta name=\"twitter:label1\" content=\"Scris de\" \/>\n\t<meta name=\"twitter:data1\" content=\"admin\" \/>\n\t<meta name=\"twitter:label2\" content=\"Timp estimat pentru citire\" \/>\n\t<meta name=\"twitter:data2\" content=\"2 minute\" \/>\n<script type=\"application\/ld+json\" class=\"yoast-schema-graph\">{\"@context\":\"https:\\\/\\\/schema.org\",\"@graph\":[{\"@type\":\"Article\",\"@id\":\"https:\\\/\\\/www.lovendal.ro\\\/wp52\\\/cazul-ciudat-al-mortii-parapsihologului-polonez-alexander-imich-cel-mai-batran-om-de-pe-planeta-cu-4-zile-inainte-de-a-muri-el-a-vorbit-cu-spiritele-ce-secrete-a-aflat\\\/#article\",\"isPartOf\":{\"@id\":\"https:\\\/\\\/www.lovendal.ro\\\/wp52\\\/cazul-ciudat-al-mortii-parapsihologului-polonez-alexander-imich-cel-mai-batran-om-de-pe-planeta-cu-4-zile-inainte-de-a-muri-el-a-vorbit-cu-spiritele-ce-secrete-a-aflat\\\/\"},\"author\":{\"name\":\"admin\",\"@id\":\"https:\\\/\\\/www.lovendal.ro\\\/wp52\\\/#\\\/schema\\\/person\\\/088691de5dfc346bb0c023e1e52ef5d9\"},\"headline\":\"Cazul ciudat al mor\u0163ii parapsihologului polonez Alexander Imich, cel mai b\u0103tr\u00e2n om de pe planet\u0103&#8230; Cu 4 zile \u00eenainte de a muri, el a vorbit cu spiritele! Ce secrete a aflat?\",\"datePublished\":\"2014-06-16T04:45:18+00:00\",\"dateModified\":\"2014-06-16T04:49:31+00:00\",\"mainEntityOfPage\":{\"@id\":\"https:\\\/\\\/www.lovendal.ro\\\/wp52\\\/cazul-ciudat-al-mortii-parapsihologului-polonez-alexander-imich-cel-mai-batran-om-de-pe-planeta-cu-4-zile-inainte-de-a-muri-el-a-vorbit-cu-spiritele-ce-secrete-a-aflat\\\/\"},\"wordCount\":478,\"commentCount\":4,\"publisher\":{\"@id\":\"https:\\\/\\\/www.lovendal.ro\\\/wp52\\\/#organization\"},\"image\":{\"@id\":\"https:\\\/\\\/www.lovendal.ro\\\/wp52\\\/cazul-ciudat-al-mortii-parapsihologului-polonez-alexander-imich-cel-mai-batran-om-de-pe-planeta-cu-4-zile-inainte-de-a-muri-el-a-vorbit-cu-spiritele-ce-secrete-a-aflat\\\/#primaryimage\"},\"thumbnailUrl\":\"https:\\\/\\\/www.lovendal.ro\\\/wp52\\\/wp-content\\\/uploads\\\/2014\\\/06\\\/alexander-imich.jpg\",\"keywords\":[\"Alexander Imich\",\"b\u0103tr\u00e2n\",\"limba polonez\u0103\",\"limba rus\u0103\",\"medic\",\"medicamente\",\"medium\",\"moarte\",\"pacient\",\"Paranormal-Spiritualitate\",\"parapsiholog\",\"spirit\",\"spital\",\"via\u0163\u0103\"],\"articleSection\":[\"Noutati\",\"Paranormal-Spiritualitate\"],\"inLanguage\":\"ro-RO\",\"potentialAction\":[{\"@type\":\"CommentAction\",\"name\":\"Comment\",\"target\":[\"https:\\\/\\\/www.lovendal.ro\\\/wp52\\\/cazul-ciudat-al-mortii-parapsihologului-polonez-alexander-imich-cel-mai-batran-om-de-pe-planeta-cu-4-zile-inainte-de-a-muri-el-a-vorbit-cu-spiritele-ce-secrete-a-aflat\\\/#respond\"]}]},{\"@type\":\"WebPage\",\"@id\":\"https:\\\/\\\/www.lovendal.ro\\\/wp52\\\/cazul-ciudat-al-mortii-parapsihologului-polonez-alexander-imich-cel-mai-batran-om-de-pe-planeta-cu-4-zile-inainte-de-a-muri-el-a-vorbit-cu-spiritele-ce-secrete-a-aflat\\\/\",\"url\":\"https:\\\/\\\/www.lovendal.ro\\\/wp52\\\/cazul-ciudat-al-mortii-parapsihologului-polonez-alexander-imich-cel-mai-batran-om-de-pe-planeta-cu-4-zile-inainte-de-a-muri-el-a-vorbit-cu-spiritele-ce-secrete-a-aflat\\\/\",\"name\":\"Cazul ciudat al mor\u0163ii parapsihologului polonez Alexander Imich, cel mai b\u0103tr\u00e2n om de pe planet\u0103... Cu 4 zile \u00eenainte de a muri, el a vorbit cu spiritele! Ce secrete a aflat? - Secretele lui Lovendal\",\"isPartOf\":{\"@id\":\"https:\\\/\\\/www.lovendal.ro\\\/wp52\\\/#website\"},\"primaryImageOfPage\":{\"@id\":\"https:\\\/\\\/www.lovendal.ro\\\/wp52\\\/cazul-ciudat-al-mortii-parapsihologului-polonez-alexander-imich-cel-mai-batran-om-de-pe-planeta-cu-4-zile-inainte-de-a-muri-el-a-vorbit-cu-spiritele-ce-secrete-a-aflat\\\/#primaryimage\"},\"image\":{\"@id\":\"https:\\\/\\\/www.lovendal.ro\\\/wp52\\\/cazul-ciudat-al-mortii-parapsihologului-polonez-alexander-imich-cel-mai-batran-om-de-pe-planeta-cu-4-zile-inainte-de-a-muri-el-a-vorbit-cu-spiritele-ce-secrete-a-aflat\\\/#primaryimage\"},\"thumbnailUrl\":\"https:\\\/\\\/www.lovendal.ro\\\/wp52\\\/wp-content\\\/uploads\\\/2014\\\/06\\\/alexander-imich.jpg\",\"datePublished\":\"2014-06-16T04:45:18+00:00\",\"dateModified\":\"2014-06-16T04:49:31+00:00\",\"breadcrumb\":{\"@id\":\"https:\\\/\\\/www.lovendal.ro\\\/wp52\\\/cazul-ciudat-al-mortii-parapsihologului-polonez-alexander-imich-cel-mai-batran-om-de-pe-planeta-cu-4-zile-inainte-de-a-muri-el-a-vorbit-cu-spiritele-ce-secrete-a-aflat\\\/#breadcrumb\"},\"inLanguage\":\"ro-RO\",\"potentialAction\":[{\"@type\":\"ReadAction\",\"target\":[\"https:\\\/\\\/www.lovendal.ro\\\/wp52\\\/cazul-ciudat-al-mortii-parapsihologului-polonez-alexander-imich-cel-mai-batran-om-de-pe-planeta-cu-4-zile-inainte-de-a-muri-el-a-vorbit-cu-spiritele-ce-secrete-a-aflat\\\/\"]}]},{\"@type\":\"ImageObject\",\"inLanguage\":\"ro-RO\",\"@id\":\"https:\\\/\\\/www.lovendal.ro\\\/wp52\\\/cazul-ciudat-al-mortii-parapsihologului-polonez-alexander-imich-cel-mai-batran-om-de-pe-planeta-cu-4-zile-inainte-de-a-muri-el-a-vorbit-cu-spiritele-ce-secrete-a-aflat\\\/#primaryimage\",\"url\":\"https:\\\/\\\/www.lovendal.ro\\\/wp52\\\/wp-content\\\/uploads\\\/2014\\\/06\\\/alexander-imich.jpg\",\"contentUrl\":\"https:\\\/\\\/www.lovendal.ro\\\/wp52\\\/wp-content\\\/uploads\\\/2014\\\/06\\\/alexander-imich.jpg\",\"width\":331,\"height\":288},{\"@type\":\"BreadcrumbList\",\"@id\":\"https:\\\/\\\/www.lovendal.ro\\\/wp52\\\/cazul-ciudat-al-mortii-parapsihologului-polonez-alexander-imich-cel-mai-batran-om-de-pe-planeta-cu-4-zile-inainte-de-a-muri-el-a-vorbit-cu-spiritele-ce-secrete-a-aflat\\\/#breadcrumb\",\"itemListElement\":[{\"@type\":\"ListItem\",\"position\":1,\"name\":\"Home\",\"item\":\"https:\\\/\\\/www.lovendal.ro\\\/wp52\\\/\"},{\"@type\":\"ListItem\",\"position\":2,\"name\":\"Cazul ciudat al mor\u0163ii parapsihologului polonez Alexander Imich, cel mai b\u0103tr\u00e2n om de pe planet\u0103&#8230; Cu 4 zile \u00eenainte de a muri, el a vorbit cu spiritele! Ce secrete a aflat?\"}]},{\"@type\":\"WebSite\",\"@id\":\"https:\\\/\\\/www.lovendal.ro\\\/wp52\\\/#website\",\"url\":\"https:\\\/\\\/www.lovendal.ro\\\/wp52\\\/\",\"name\":\"Secretele lui Lovendal\",\"description\":\"Site de secrete, stiinta si metafizica - din 2008 -\",\"publisher\":{\"@id\":\"https:\\\/\\\/www.lovendal.ro\\\/wp52\\\/#organization\"},\"potentialAction\":[{\"@type\":\"SearchAction\",\"target\":{\"@type\":\"EntryPoint\",\"urlTemplate\":\"https:\\\/\\\/www.lovendal.ro\\\/wp52\\\/?s={search_term_string}\"},\"query-input\":{\"@type\":\"PropertyValueSpecification\",\"valueRequired\":true,\"valueName\":\"search_term_string\"}}],\"inLanguage\":\"ro-RO\"},{\"@type\":\"Organization\",\"@id\":\"https:\\\/\\\/www.lovendal.ro\\\/wp52\\\/#organization\",\"name\":\"Secretele lui Lovendal\",\"url\":\"https:\\\/\\\/www.lovendal.ro\\\/wp52\\\/\",\"logo\":{\"@type\":\"ImageObject\",\"inLanguage\":\"ro-RO\",\"@id\":\"https:\\\/\\\/www.lovendal.ro\\\/wp52\\\/#\\\/schema\\\/logo\\\/image\\\/\",\"url\":\"https:\\\/\\\/www.lovendal.ro\\\/wp52\\\/wp-content\\\/uploads\\\/2024\\\/06\\\/cropped-SLL-iun-2024-1.jpg\",\"contentUrl\":\"https:\\\/\\\/www.lovendal.ro\\\/wp52\\\/wp-content\\\/uploads\\\/2024\\\/06\\\/cropped-SLL-iun-2024-1.jpg\",\"width\":771,\"height\":240,\"caption\":\"Secretele lui Lovendal\"},\"image\":{\"@id\":\"https:\\\/\\\/www.lovendal.ro\\\/wp52\\\/#\\\/schema\\\/logo\\\/image\\\/\"},\"sameAs\":[\"https:\\\/\\\/www.facebook.com\\\/secreteleluilovendal\"]},{\"@type\":\"Person\",\"@id\":\"https:\\\/\\\/www.lovendal.ro\\\/wp52\\\/#\\\/schema\\\/person\\\/088691de5dfc346bb0c023e1e52ef5d9\",\"name\":\"admin\",\"image\":{\"@type\":\"ImageObject\",\"inLanguage\":\"ro-RO\",\"@id\":\"https:\\\/\\\/secure.gravatar.com\\\/avatar\\\/ecb9cd41f5f63c9c9b989999a59f6e2639a865ec361e9db054db0679a8f341c2?s=96&d=mm&r=g\",\"url\":\"https:\\\/\\\/secure.gravatar.com\\\/avatar\\\/ecb9cd41f5f63c9c9b989999a59f6e2639a865ec361e9db054db0679a8f341c2?s=96&d=mm&r=g\",\"contentUrl\":\"https:\\\/\\\/secure.gravatar.com\\\/avatar\\\/ecb9cd41f5f63c9c9b989999a59f6e2639a865ec361e9db054db0679a8f341c2?s=96&d=mm&r=g\",\"caption\":\"admin\"},\"sameAs\":[\"https:\\\/\\\/www.lovendal.ro\\\/wp52\"]}]}<\/script>\n<!-- \/ Yoast SEO Premium plugin. -->","yoast_head_json":{"title":"Cazul ciudat al mor\u0163ii parapsihologului polonez Alexander Imich, cel mai b\u0103tr\u00e2n om de pe planet\u0103... Cu 4 zile \u00eenainte de a muri, el a vorbit cu spiritele! Ce secrete a aflat?  - Secretele lui Lovendal","robots":{"index":"index","follow":"follow","max-snippet":"max-snippet:-1","max-image-preview":"max-image-preview:large","max-video-preview":"max-video-preview:-1"},"canonical":"https:\/\/www.lovendal.ro\/wp52\/cazul-ciudat-al-mortii-parapsihologului-polonez-alexander-imich-cel-mai-batran-om-de-pe-planeta-cu-4-zile-inainte-de-a-muri-el-a-vorbit-cu-spiritele-ce-secrete-a-aflat\/","og_locale":"ro_RO","og_type":"article","og_title":"Cazul ciudat al mor\u0163ii parapsihologului polonez Alexander Imich, cel mai b\u0103tr\u00e2n om de pe planet\u0103... Cu 4 zile \u00eenainte de a muri, el a vorbit cu spiritele! Ce secrete a aflat?","og_description":"\u00cen aprilie 2014, parapsihologul Alexander Imich a devenit cel mai b\u0103tr\u00e2n om din lume, aflat \u00een via\u0163\u0103. Din p\u0103cate, recordul lui Imich a fost unul scurt, c\u0103ci imigrantul polonez, \u00een v\u00e2rst\u0103 de 111 de ani, a murit zilele acestea. Imich ... Cititi mai multe","og_url":"https:\/\/www.lovendal.ro\/wp52\/cazul-ciudat-al-mortii-parapsihologului-polonez-alexander-imich-cel-mai-batran-om-de-pe-planeta-cu-4-zile-inainte-de-a-muri-el-a-vorbit-cu-spiritele-ce-secrete-a-aflat\/","og_site_name":"Secretele lui Lovendal","article_publisher":"https:\/\/www.facebook.com\/secreteleluilovendal","article_published_time":"2014-06-16T04:45:18+00:00","article_modified_time":"2014-06-16T04:49:31+00:00","og_image":[{"width":331,"height":288,"url":"https:\/\/www.lovendal.ro\/wp52\/wp-content\/uploads\/2014\/06\/alexander-imich.jpg","type":"image\/jpeg"}],"author":"admin","twitter_card":"summary_large_image","twitter_misc":{"Scris de":"admin","Timp estimat pentru citire":"2 minute"},"schema":{"@context":"https:\/\/schema.org","@graph":[{"@type":"Article","@id":"https:\/\/www.lovendal.ro\/wp52\/cazul-ciudat-al-mortii-parapsihologului-polonez-alexander-imich-cel-mai-batran-om-de-pe-planeta-cu-4-zile-inainte-de-a-muri-el-a-vorbit-cu-spiritele-ce-secrete-a-aflat\/#article","isPartOf":{"@id":"https:\/\/www.lovendal.ro\/wp52\/cazul-ciudat-al-mortii-parapsihologului-polonez-alexander-imich-cel-mai-batran-om-de-pe-planeta-cu-4-zile-inainte-de-a-muri-el-a-vorbit-cu-spiritele-ce-secrete-a-aflat\/"},"author":{"name":"admin","@id":"https:\/\/www.lovendal.ro\/wp52\/#\/schema\/person\/088691de5dfc346bb0c023e1e52ef5d9"},"headline":"Cazul ciudat al mor\u0163ii parapsihologului polonez Alexander Imich, cel mai b\u0103tr\u00e2n om de pe planet\u0103&#8230; Cu 4 zile \u00eenainte de a muri, el a vorbit cu spiritele! Ce secrete a aflat?","datePublished":"2014-06-16T04:45:18+00:00","dateModified":"2014-06-16T04:49:31+00:00","mainEntityOfPage":{"@id":"https:\/\/www.lovendal.ro\/wp52\/cazul-ciudat-al-mortii-parapsihologului-polonez-alexander-imich-cel-mai-batran-om-de-pe-planeta-cu-4-zile-inainte-de-a-muri-el-a-vorbit-cu-spiritele-ce-secrete-a-aflat\/"},"wordCount":478,"commentCount":4,"publisher":{"@id":"https:\/\/www.lovendal.ro\/wp52\/#organization"},"image":{"@id":"https:\/\/www.lovendal.ro\/wp52\/cazul-ciudat-al-mortii-parapsihologului-polonez-alexander-imich-cel-mai-batran-om-de-pe-planeta-cu-4-zile-inainte-de-a-muri-el-a-vorbit-cu-spiritele-ce-secrete-a-aflat\/#primaryimage"},"thumbnailUrl":"https:\/\/www.lovendal.ro\/wp52\/wp-content\/uploads\/2014\/06\/alexander-imich.jpg","keywords":["Alexander Imich","b\u0103tr\u00e2n","limba polonez\u0103","limba rus\u0103","medic","medicamente","medium","moarte","pacient","Paranormal-Spiritualitate","parapsiholog","spirit","spital","via\u0163\u0103"],"articleSection":["Noutati","Paranormal-Spiritualitate"],"inLanguage":"ro-RO","potentialAction":[{"@type":"CommentAction","name":"Comment","target":["https:\/\/www.lovendal.ro\/wp52\/cazul-ciudat-al-mortii-parapsihologului-polonez-alexander-imich-cel-mai-batran-om-de-pe-planeta-cu-4-zile-inainte-de-a-muri-el-a-vorbit-cu-spiritele-ce-secrete-a-aflat\/#respond"]}]},{"@type":"WebPage","@id":"https:\/\/www.lovendal.ro\/wp52\/cazul-ciudat-al-mortii-parapsihologului-polonez-alexander-imich-cel-mai-batran-om-de-pe-planeta-cu-4-zile-inainte-de-a-muri-el-a-vorbit-cu-spiritele-ce-secrete-a-aflat\/","url":"https:\/\/www.lovendal.ro\/wp52\/cazul-ciudat-al-mortii-parapsihologului-polonez-alexander-imich-cel-mai-batran-om-de-pe-planeta-cu-4-zile-inainte-de-a-muri-el-a-vorbit-cu-spiritele-ce-secrete-a-aflat\/","name":"Cazul ciudat al mor\u0163ii parapsihologului polonez Alexander Imich, cel mai b\u0103tr\u00e2n om de pe planet\u0103... Cu 4 zile \u00eenainte de a muri, el a vorbit cu spiritele! Ce secrete a aflat? - Secretele lui Lovendal","isPartOf":{"@id":"https:\/\/www.lovendal.ro\/wp52\/#website"},"primaryImageOfPage":{"@id":"https:\/\/www.lovendal.ro\/wp52\/cazul-ciudat-al-mortii-parapsihologului-polonez-alexander-imich-cel-mai-batran-om-de-pe-planeta-cu-4-zile-inainte-de-a-muri-el-a-vorbit-cu-spiritele-ce-secrete-a-aflat\/#primaryimage"},"image":{"@id":"https:\/\/www.lovendal.ro\/wp52\/cazul-ciudat-al-mortii-parapsihologului-polonez-alexander-imich-cel-mai-batran-om-de-pe-planeta-cu-4-zile-inainte-de-a-muri-el-a-vorbit-cu-spiritele-ce-secrete-a-aflat\/#primaryimage"},"thumbnailUrl":"https:\/\/www.lovendal.ro\/wp52\/wp-content\/uploads\/2014\/06\/alexander-imich.jpg","datePublished":"2014-06-16T04:45:18+00:00","dateModified":"2014-06-16T04:49:31+00:00","breadcrumb":{"@id":"https:\/\/www.lovendal.ro\/wp52\/cazul-ciudat-al-mortii-parapsihologului-polonez-alexander-imich-cel-mai-batran-om-de-pe-planeta-cu-4-zile-inainte-de-a-muri-el-a-vorbit-cu-spiritele-ce-secrete-a-aflat\/#breadcrumb"},"inLanguage":"ro-RO","potentialAction":[{"@type":"ReadAction","target":["https:\/\/www.lovendal.ro\/wp52\/cazul-ciudat-al-mortii-parapsihologului-polonez-alexander-imich-cel-mai-batran-om-de-pe-planeta-cu-4-zile-inainte-de-a-muri-el-a-vorbit-cu-spiritele-ce-secrete-a-aflat\/"]}]},{"@type":"ImageObject","inLanguage":"ro-RO","@id":"https:\/\/www.lovendal.ro\/wp52\/cazul-ciudat-al-mortii-parapsihologului-polonez-alexander-imich-cel-mai-batran-om-de-pe-planeta-cu-4-zile-inainte-de-a-muri-el-a-vorbit-cu-spiritele-ce-secrete-a-aflat\/#primaryimage","url":"https:\/\/www.lovendal.ro\/wp52\/wp-content\/uploads\/2014\/06\/alexander-imich.jpg","contentUrl":"https:\/\/www.lovendal.ro\/wp52\/wp-content\/uploads\/2014\/06\/alexander-imich.jpg","width":331,"height":288},{"@type":"BreadcrumbList","@id":"https:\/\/www.lovendal.ro\/wp52\/cazul-ciudat-al-mortii-parapsihologului-polonez-alexander-imich-cel-mai-batran-om-de-pe-planeta-cu-4-zile-inainte-de-a-muri-el-a-vorbit-cu-spiritele-ce-secrete-a-aflat\/#breadcrumb","itemListElement":[{"@type":"ListItem","position":1,"name":"Home","item":"https:\/\/www.lovendal.ro\/wp52\/"},{"@type":"ListItem","position":2,"name":"Cazul ciudat al mor\u0163ii parapsihologului polonez Alexander Imich, cel mai b\u0103tr\u00e2n om de pe planet\u0103&#8230; Cu 4 zile \u00eenainte de a muri, el a vorbit cu spiritele! Ce secrete a aflat?"}]},{"@type":"WebSite","@id":"https:\/\/www.lovendal.ro\/wp52\/#website","url":"https:\/\/www.lovendal.ro\/wp52\/","name":"Secretele lui Lovendal","description":"Site de secrete, stiinta si metafizica - din 2008 -","publisher":{"@id":"https:\/\/www.lovendal.ro\/wp52\/#organization"},"potentialAction":[{"@type":"SearchAction","target":{"@type":"EntryPoint","urlTemplate":"https:\/\/www.lovendal.ro\/wp52\/?s={search_term_string}"},"query-input":{"@type":"PropertyValueSpecification","valueRequired":true,"valueName":"search_term_string"}}],"inLanguage":"ro-RO"},{"@type":"Organization","@id":"https:\/\/www.lovendal.ro\/wp52\/#organization","name":"Secretele lui Lovendal","url":"https:\/\/www.lovendal.ro\/wp52\/","logo":{"@type":"ImageObject","inLanguage":"ro-RO","@id":"https:\/\/www.lovendal.ro\/wp52\/#\/schema\/logo\/image\/","url":"https:\/\/www.lovendal.ro\/wp52\/wp-content\/uploads\/2024\/06\/cropped-SLL-iun-2024-1.jpg","contentUrl":"https:\/\/www.lovendal.ro\/wp52\/wp-content\/uploads\/2024\/06\/cropped-SLL-iun-2024-1.jpg","width":771,"height":240,"caption":"Secretele lui Lovendal"},"image":{"@id":"https:\/\/www.lovendal.ro\/wp52\/#\/schema\/logo\/image\/"},"sameAs":["https:\/\/www.facebook.com\/secreteleluilovendal"]},{"@type":"Person","@id":"https:\/\/www.lovendal.ro\/wp52\/#\/schema\/person\/088691de5dfc346bb0c023e1e52ef5d9","name":"admin","image":{"@type":"ImageObject","inLanguage":"ro-RO","@id":"https:\/\/secure.gravatar.com\/avatar\/ecb9cd41f5f63c9c9b989999a59f6e2639a865ec361e9db054db0679a8f341c2?s=96&d=mm&r=g","url":"https:\/\/secure.gravatar.com\/avatar\/ecb9cd41f5f63c9c9b989999a59f6e2639a865ec361e9db054db0679a8f341c2?s=96&d=mm&r=g","contentUrl":"https:\/\/secure.gravatar.com\/avatar\/ecb9cd41f5f63c9c9b989999a59f6e2639a865ec361e9db054db0679a8f341c2?s=96&d=mm&r=g","caption":"admin"},"sameAs":["https:\/\/www.lovendal.ro\/wp52"]}]}},"_links":{"self":[{"href":"https:\/\/www.lovendal.ro\/wp52\/wp-json\/wp\/v2\/posts\/34628","targetHints":{"allow":["GET"]}}],"collection":[{"href":"https:\/\/www.lovendal.ro\/wp52\/wp-json\/wp\/v2\/posts"}],"about":[{"href":"https:\/\/www.lovendal.ro\/wp52\/wp-json\/wp\/v2\/types\/post"}],"author":[{"embeddable":true,"href":"https:\/\/www.lovendal.ro\/wp52\/wp-json\/wp\/v2\/users\/1"}],"replies":[{"embeddable":true,"href":"https:\/\/www.lovendal.ro\/wp52\/wp-json\/wp\/v2\/comments?post=34628"}],"version-history":[{"count":0,"href":"https:\/\/www.lovendal.ro\/wp52\/wp-json\/wp\/v2\/posts\/34628\/revisions"}],"wp:featuredmedia":[{"embeddable":true,"href":"https:\/\/www.lovendal.ro\/wp52\/wp-json\/wp\/v2\/media\/34629"}],"wp:attachment":[{"href":"https:\/\/www.lovendal.ro\/wp52\/wp-json\/wp\/v2\/media?parent=34628"}],"wp:term":[{"taxonomy":"category","embeddable":true,"href":"https:\/\/www.lovendal.ro\/wp52\/wp-json\/wp\/v2\/categories?post=34628"},{"taxonomy":"post_tag","embeddable":true,"href":"https:\/\/www.lovendal.ro\/wp52\/wp-json\/wp\/v2\/tags?post=34628"}],"curies":[{"name":"wp","href":"https:\/\/api.w.org\/{rel}","templated":true}]}}