{"id":34030,"date":"2014-05-08T17:42:34","date_gmt":"2014-05-08T14:42:34","guid":{"rendered":"http:\/\/www.lovendal.ro\/wp52\/?p=34030"},"modified":"2014-05-08T17:42:34","modified_gmt":"2014-05-08T14:42:34","slug":"este-umanitatea-pregatita-pentru-un-contact-cu-speciile-extraterestre-oamenii-de-stiinta-cred-ca-nu-suntem-deloc-pregatiti","status":"publish","type":"post","link":"https:\/\/www.lovendal.ro\/wp52\/este-umanitatea-pregatita-pentru-un-contact-cu-speciile-extraterestre-oamenii-de-stiinta-cred-ca-nu-suntem-deloc-pregatiti\/","title":{"rendered":"Este umanitatea preg\u0103tit\u0103 pentru un contact cu speciile extraterestre? Oamenii de \u015ftiin\u0163\u0103 cred c\u0103 nu suntem deloc preg\u0103ti\u0163i&#8230;"},"content":{"rendered":"<p><img loading=\"lazy\" decoding=\"async\" class=\"alignleft size-full wp-image-34031\" alt=\"contact oameni extraterestri\" src=\"https:\/\/www.lovendal.ro\/wp52\/wp-content\/uploads\/2014\/05\/contact-oameni-extraterestri.jpg\" width=\"329\" height=\"245\" srcset=\"https:\/\/www.lovendal.ro\/wp52\/wp-content\/uploads\/2014\/05\/contact-oameni-extraterestri.jpg 329w, https:\/\/www.lovendal.ro\/wp52\/wp-content\/uploads\/2014\/05\/contact-oameni-extraterestri-300x223.jpg 300w\" sizes=\"auto, (max-width: 329px) 100vw, 329px\" \/>Un nou studiu sugereaz\u0103 faptul c\u0103 rasa uman\u0103 nu este preg\u0103tit\u0103 pentru comunicarea cu extratere\u0219trii, scrie site-ul <a href=\"http:\/\/www.redorbit.com\/news\/space\/1113140164\/alien-contact-we-are-not-ready-de-la-torre-050714\/\" target=\"_blank\"><strong>Red Orbit.com<\/strong><\/a>. Precum se \u015ftie, de c\u00e2teva decenii, exist\u0103 programul SETI (Search for Extra-Terrestrial Intelligence; \u00een rom\u00e2n\u0103 C\u0103utarea Vie\u021bii Extraterestre Inteligente) de c\u0103utare a unor semnale &#8222;inteligente&#8221; \u00een Cosmos, provenite de la civiliza\u0163ii extraterestre. Cercet\u0103torii de la SETI au anuntat recent planurile de a incepe un program de comunicare activ\u0103, care ar implica trimiterea de mesaje \u00een spa\u021biu de pe P\u0103m\u00e2nt, \u00een speran\u021ba de a face un contact cu alte specii extraterestre. Unii oameni de \u015ftiin\u0163\u0103 au avertizat asupra pericolului unui asemenea demers; de exemplu, Stephen Hawking a avertizat c\u0103 este o idee proast\u0103 pentru omenire, pentru c\u0103 nu avem idee despre avansurile tehnologice ale celor care ne-ar r\u0103spunde \u015fi nici de inten\u0163iile lor. Oare e bine s\u0103 le trimitem extratere\u015ftrilor loca\u0163ia noastr\u0103 \u00een Cosmos?<\/p>\n<p>Dar, de fapt, marea provocare este urm\u0103toarea: sunt locuitorii P\u0103m\u00e2ntului \u00eentr-o pozi\u021bie pentru a \u00eencepe comunicarea cu o civiliza\u021bie extraterestr\u0103? Pentru a r\u0103spunde la aceast\u0103 \u00eentrebare, profesorul de neurofiziologie Gabriel De la Torre (de la Universitatea din Cadiz) a realizat recent un experiment pentru a determina dac\u0103 omenirea posed\u0103 cuno\u015ftin\u0163e suficiente pentru astfel de comunic\u0103ri. Astfel, el le-a cerut studen\u0163ilor s\u0103i (116 persoane) s\u0103 r\u0103spund\u0103 la o serie de \u00eentreb\u0103ri, menite s\u0103 evalueze gradul de con\u0219tientizare \u0219i de \u00een\u021belegere a Universului nostru, a religiei, precum \u0219i a altor subiecte fundamentale.<\/p>\n<p>Dar rezultatele, publicate \u00een <em>&#8222;Acta Astronautica&#8221;<\/em> sunt destul de descurajatoare. Concluzia sondajului indic\u0103 faptul c\u0103 rasa uman\u0103 \u00eenc\u0103 nu este preg\u0103tit\u0103 pentru a intrat \u00een contact activ cu o civiliza\u0163ie extraterestr\u0103, din cauza lipsei noastre de ansamblu a cuno\u0219tin\u021belor generale: <em>&#8222;Acest studiu-pilot demonstreaz\u0103 c\u0103 toate cuno\u0219tin\u021bele publicului larg cu privire la Cosmos \u0219i la locul nostru \u00een Univers, sunt foarte slabe. Prin urmare, o con\u0219tientizare cosmic\u0103 trebuie s\u0103 fie promovat\u0103 \u00een continuare, folosind cel mai bun instrument disponibil pentru noi: educa\u021bia&#8221;<\/em> a spus De la Torre.<\/p>\n<p>P.S. Cei mai mul\u021bi dintre oameni tind s\u0103 cread\u0103 c\u0103 extratere\u015ftrii ar trebui s\u0103 fie pl\u0103cu\u0163i ochiului, pentru ca noi s\u0103 avem \u00eencredere \u00een ei, chiar dac\u0103, cei mai ur\u00e2\u0163i extratere\u015ftri (din punctul nostru de vedere) ar putea fi specia cea mai binevoitoare din toate rasele extraterestre. Science-fiction-ul ne-a \u00eenr\u0103d\u0103cinat profund \u00een g\u00e2ndirea noastr\u0103 faptul c\u0103 o specie extraterestr\u0103 inteligent\u0103 ar ar\u0103ta ca un Homo Sapiens, cu dou\u0103 picioare, dou\u0103 m\u00e2ini \u015fi un chip. Ne-ar place ca extratere\u015ftrii s\u0103 arate ca noi, dar \u015fansele sunt mult prea mici; dac\u0103 exist\u0103 extratere\u015ftri, atunci \u015fi ei vor ar\u0103ta total diferit fa\u0163\u0103 de noi, din cauza condi\u0163iilor de mediu \u00een care ei ar tr\u0103i. S\u0103 nu uit\u0103m c\u0103 noi nu putem comunica cu g\u00e2ndacii, cu furnicile, cu \u015fobolanii, cu \u015ferpii etc&#8230;. cum s\u0103 avem preten\u0163ia atunci c\u0103 ne-am putea \u00een\u0163elege cu extratere\u015ftrii?? De aceea, noi, oamenii, suntem total nepreg\u0103ti\u0163i pentru o \u00eent\u00e2lnire cu extratere\u015ftrii, din toate punctele de vedere, inclusiv militar sau cultural.<\/p>\n","protected":false},"excerpt":{"rendered":"<p>Un nou studiu sugereaz\u0103 faptul c\u0103 rasa uman\u0103 nu este preg\u0103tit\u0103 pentru comunicarea cu extratere\u0219trii, scrie site-ul Red Orbit.com. Precum se \u015ftie, de c\u00e2teva decenii, exist\u0103 programul SETI (Search for Extra-Terrestrial Intelligence; \u00een rom\u00e2n\u0103 C\u0103utarea Vie\u021bii Extraterestre Inteligente) de c\u0103utare &#8230; <\/p>\n<p class=\"read-more-container\"><a title=\"Este umanitatea preg\u0103tit\u0103 pentru un contact cu speciile extraterestre? Oamenii de \u015ftiin\u0163\u0103 cred c\u0103 nu suntem deloc preg\u0103ti\u0163i&#8230;\" class=\"read-more button\" href=\"https:\/\/www.lovendal.ro\/wp52\/este-umanitatea-pregatita-pentru-un-contact-cu-speciile-extraterestre-oamenii-de-stiinta-cred-ca-nu-suntem-deloc-pregatiti\/#more-34030\" aria-label=\"Cite\u0219te mai multe despre Este umanitatea preg\u0103tit\u0103 pentru un contact cu speciile extraterestre? Oamenii de \u015ftiin\u0163\u0103 cred c\u0103 nu suntem deloc preg\u0103ti\u0163i&#8230;\">Cititi mai multe<\/a><\/p>\n","protected":false},"author":1,"featured_media":34031,"comment_status":"open","ping_status":"open","sticky":false,"template":"","format":"standard","meta":{"footnotes":""},"categories":[2833,106],"tags":[51,1102,1471,810,57,105,1252,515,1979,3203,9803,1087,2250],"class_list":["post-34030","post","type-post","status-publish","format-standard","has-post-thumbnail","hentry","category-noutati","category-stiinta","tag-extraterestri","tag-furnici","tag-gandaci","tag-homo-sapiens","tag-oameni","tag-pamant","tag-sarpe","tag-seti","tag-sobolan","tag-stephen-hawking","tag-stiinta","tag-univers","tag-universitate","resize-featured-image"],"yoast_head":"<!-- This site is optimized with the Yoast SEO Premium plugin v23.3 (Yoast SEO v27.4) - https:\/\/yoast.com\/product\/yoast-seo-premium-wordpress\/ -->\n<title>Este umanitatea preg\u0103tit\u0103 pentru un contact cu speciile extraterestre? Oamenii de \u015ftiin\u0163\u0103 cred c\u0103 nu suntem deloc preg\u0103ti\u0163i... - Secretele lui Lovendal<\/title>\n<meta name=\"robots\" content=\"index, follow, max-snippet:-1, max-image-preview:large, max-video-preview:-1\" \/>\n<link rel=\"canonical\" href=\"https:\/\/www.lovendal.ro\/wp52\/este-umanitatea-pregatita-pentru-un-contact-cu-speciile-extraterestre-oamenii-de-stiinta-cred-ca-nu-suntem-deloc-pregatiti\/\" \/>\n<meta property=\"og:locale\" content=\"ro_RO\" \/>\n<meta property=\"og:type\" content=\"article\" \/>\n<meta property=\"og:title\" content=\"Este umanitatea preg\u0103tit\u0103 pentru un contact cu speciile extraterestre? Oamenii de \u015ftiin\u0163\u0103 cred c\u0103 nu suntem deloc preg\u0103ti\u0163i...\" \/>\n<meta property=\"og:description\" content=\"Un nou studiu sugereaz\u0103 faptul c\u0103 rasa uman\u0103 nu este preg\u0103tit\u0103 pentru comunicarea cu extratere\u0219trii, scrie site-ul Red Orbit.com. Precum se \u015ftie, de c\u00e2teva decenii, exist\u0103 programul SETI (Search for Extra-Terrestrial Intelligence; \u00een rom\u00e2n\u0103 C\u0103utarea Vie\u021bii Extraterestre Inteligente) de c\u0103utare ... Cititi mai multe\" \/>\n<meta property=\"og:url\" content=\"https:\/\/www.lovendal.ro\/wp52\/este-umanitatea-pregatita-pentru-un-contact-cu-speciile-extraterestre-oamenii-de-stiinta-cred-ca-nu-suntem-deloc-pregatiti\/\" \/>\n<meta property=\"og:site_name\" content=\"Secretele lui Lovendal\" \/>\n<meta property=\"article:publisher\" content=\"https:\/\/www.facebook.com\/secreteleluilovendal\" \/>\n<meta property=\"article:published_time\" content=\"2014-05-08T14:42:34+00:00\" \/>\n<meta property=\"og:image\" content=\"https:\/\/www.lovendal.ro\/wp52\/wp-content\/uploads\/2014\/05\/contact-oameni-extraterestri.jpg\" \/>\n\t<meta property=\"og:image:width\" content=\"329\" \/>\n\t<meta property=\"og:image:height\" content=\"245\" \/>\n\t<meta property=\"og:image:type\" content=\"image\/jpeg\" \/>\n<meta name=\"author\" content=\"admin\" \/>\n<meta name=\"twitter:card\" content=\"summary_large_image\" \/>\n<meta name=\"twitter:label1\" content=\"Scris de\" \/>\n\t<meta name=\"twitter:data1\" content=\"admin\" \/>\n\t<meta name=\"twitter:label2\" content=\"Timp estimat pentru citire\" \/>\n\t<meta name=\"twitter:data2\" content=\"3 minute\" \/>\n<script type=\"application\/ld+json\" class=\"yoast-schema-graph\">{\"@context\":\"https:\\\/\\\/schema.org\",\"@graph\":[{\"@type\":\"Article\",\"@id\":\"https:\\\/\\\/www.lovendal.ro\\\/wp52\\\/este-umanitatea-pregatita-pentru-un-contact-cu-speciile-extraterestre-oamenii-de-stiinta-cred-ca-nu-suntem-deloc-pregatiti\\\/#article\",\"isPartOf\":{\"@id\":\"https:\\\/\\\/www.lovendal.ro\\\/wp52\\\/este-umanitatea-pregatita-pentru-un-contact-cu-speciile-extraterestre-oamenii-de-stiinta-cred-ca-nu-suntem-deloc-pregatiti\\\/\"},\"author\":{\"name\":\"admin\",\"@id\":\"https:\\\/\\\/www.lovendal.ro\\\/wp52\\\/#\\\/schema\\\/person\\\/088691de5dfc346bb0c023e1e52ef5d9\"},\"headline\":\"Este umanitatea preg\u0103tit\u0103 pentru un contact cu speciile extraterestre? Oamenii de \u015ftiin\u0163\u0103 cred c\u0103 nu suntem deloc preg\u0103ti\u0163i&#8230;\",\"datePublished\":\"2014-05-08T14:42:34+00:00\",\"mainEntityOfPage\":{\"@id\":\"https:\\\/\\\/www.lovendal.ro\\\/wp52\\\/este-umanitatea-pregatita-pentru-un-contact-cu-speciile-extraterestre-oamenii-de-stiinta-cred-ca-nu-suntem-deloc-pregatiti\\\/\"},\"wordCount\":565,\"commentCount\":17,\"publisher\":{\"@id\":\"https:\\\/\\\/www.lovendal.ro\\\/wp52\\\/#organization\"},\"image\":{\"@id\":\"https:\\\/\\\/www.lovendal.ro\\\/wp52\\\/este-umanitatea-pregatita-pentru-un-contact-cu-speciile-extraterestre-oamenii-de-stiinta-cred-ca-nu-suntem-deloc-pregatiti\\\/#primaryimage\"},\"thumbnailUrl\":\"https:\\\/\\\/www.lovendal.ro\\\/wp52\\\/wp-content\\\/uploads\\\/2014\\\/05\\\/contact-oameni-extraterestri.jpg\",\"keywords\":[\"extratere\u015ftri\",\"furnici\",\"g\u00e2ndaci\",\"Homo Sapiens\",\"oameni\",\"P\u0103m\u00e2nt\",\"\u015farpe\",\"SETI\",\"\u015fobolan\",\"Stephen Hawking\",\"Stiinta\",\"Univers\",\"universitate\"],\"articleSection\":[\"Noutati\",\"Stiinta\"],\"inLanguage\":\"ro-RO\",\"potentialAction\":[{\"@type\":\"CommentAction\",\"name\":\"Comment\",\"target\":[\"https:\\\/\\\/www.lovendal.ro\\\/wp52\\\/este-umanitatea-pregatita-pentru-un-contact-cu-speciile-extraterestre-oamenii-de-stiinta-cred-ca-nu-suntem-deloc-pregatiti\\\/#respond\"]}]},{\"@type\":\"WebPage\",\"@id\":\"https:\\\/\\\/www.lovendal.ro\\\/wp52\\\/este-umanitatea-pregatita-pentru-un-contact-cu-speciile-extraterestre-oamenii-de-stiinta-cred-ca-nu-suntem-deloc-pregatiti\\\/\",\"url\":\"https:\\\/\\\/www.lovendal.ro\\\/wp52\\\/este-umanitatea-pregatita-pentru-un-contact-cu-speciile-extraterestre-oamenii-de-stiinta-cred-ca-nu-suntem-deloc-pregatiti\\\/\",\"name\":\"Este umanitatea preg\u0103tit\u0103 pentru un contact cu speciile extraterestre? Oamenii de \u015ftiin\u0163\u0103 cred c\u0103 nu suntem deloc preg\u0103ti\u0163i... - Secretele lui Lovendal\",\"isPartOf\":{\"@id\":\"https:\\\/\\\/www.lovendal.ro\\\/wp52\\\/#website\"},\"primaryImageOfPage\":{\"@id\":\"https:\\\/\\\/www.lovendal.ro\\\/wp52\\\/este-umanitatea-pregatita-pentru-un-contact-cu-speciile-extraterestre-oamenii-de-stiinta-cred-ca-nu-suntem-deloc-pregatiti\\\/#primaryimage\"},\"image\":{\"@id\":\"https:\\\/\\\/www.lovendal.ro\\\/wp52\\\/este-umanitatea-pregatita-pentru-un-contact-cu-speciile-extraterestre-oamenii-de-stiinta-cred-ca-nu-suntem-deloc-pregatiti\\\/#primaryimage\"},\"thumbnailUrl\":\"https:\\\/\\\/www.lovendal.ro\\\/wp52\\\/wp-content\\\/uploads\\\/2014\\\/05\\\/contact-oameni-extraterestri.jpg\",\"datePublished\":\"2014-05-08T14:42:34+00:00\",\"breadcrumb\":{\"@id\":\"https:\\\/\\\/www.lovendal.ro\\\/wp52\\\/este-umanitatea-pregatita-pentru-un-contact-cu-speciile-extraterestre-oamenii-de-stiinta-cred-ca-nu-suntem-deloc-pregatiti\\\/#breadcrumb\"},\"inLanguage\":\"ro-RO\",\"potentialAction\":[{\"@type\":\"ReadAction\",\"target\":[\"https:\\\/\\\/www.lovendal.ro\\\/wp52\\\/este-umanitatea-pregatita-pentru-un-contact-cu-speciile-extraterestre-oamenii-de-stiinta-cred-ca-nu-suntem-deloc-pregatiti\\\/\"]}]},{\"@type\":\"ImageObject\",\"inLanguage\":\"ro-RO\",\"@id\":\"https:\\\/\\\/www.lovendal.ro\\\/wp52\\\/este-umanitatea-pregatita-pentru-un-contact-cu-speciile-extraterestre-oamenii-de-stiinta-cred-ca-nu-suntem-deloc-pregatiti\\\/#primaryimage\",\"url\":\"https:\\\/\\\/www.lovendal.ro\\\/wp52\\\/wp-content\\\/uploads\\\/2014\\\/05\\\/contact-oameni-extraterestri.jpg\",\"contentUrl\":\"https:\\\/\\\/www.lovendal.ro\\\/wp52\\\/wp-content\\\/uploads\\\/2014\\\/05\\\/contact-oameni-extraterestri.jpg\",\"width\":329,\"height\":245},{\"@type\":\"BreadcrumbList\",\"@id\":\"https:\\\/\\\/www.lovendal.ro\\\/wp52\\\/este-umanitatea-pregatita-pentru-un-contact-cu-speciile-extraterestre-oamenii-de-stiinta-cred-ca-nu-suntem-deloc-pregatiti\\\/#breadcrumb\",\"itemListElement\":[{\"@type\":\"ListItem\",\"position\":1,\"name\":\"Home\",\"item\":\"https:\\\/\\\/www.lovendal.ro\\\/wp52\\\/\"},{\"@type\":\"ListItem\",\"position\":2,\"name\":\"Este umanitatea preg\u0103tit\u0103 pentru un contact cu speciile extraterestre? Oamenii de \u015ftiin\u0163\u0103 cred c\u0103 nu suntem deloc preg\u0103ti\u0163i&#8230;\"}]},{\"@type\":\"WebSite\",\"@id\":\"https:\\\/\\\/www.lovendal.ro\\\/wp52\\\/#website\",\"url\":\"https:\\\/\\\/www.lovendal.ro\\\/wp52\\\/\",\"name\":\"Secretele lui Lovendal\",\"description\":\"Site de secrete, stiinta si metafizica - din 2008 -\",\"publisher\":{\"@id\":\"https:\\\/\\\/www.lovendal.ro\\\/wp52\\\/#organization\"},\"potentialAction\":[{\"@type\":\"SearchAction\",\"target\":{\"@type\":\"EntryPoint\",\"urlTemplate\":\"https:\\\/\\\/www.lovendal.ro\\\/wp52\\\/?s={search_term_string}\"},\"query-input\":{\"@type\":\"PropertyValueSpecification\",\"valueRequired\":true,\"valueName\":\"search_term_string\"}}],\"inLanguage\":\"ro-RO\"},{\"@type\":\"Organization\",\"@id\":\"https:\\\/\\\/www.lovendal.ro\\\/wp52\\\/#organization\",\"name\":\"Secretele lui Lovendal\",\"url\":\"https:\\\/\\\/www.lovendal.ro\\\/wp52\\\/\",\"logo\":{\"@type\":\"ImageObject\",\"inLanguage\":\"ro-RO\",\"@id\":\"https:\\\/\\\/www.lovendal.ro\\\/wp52\\\/#\\\/schema\\\/logo\\\/image\\\/\",\"url\":\"https:\\\/\\\/www.lovendal.ro\\\/wp52\\\/wp-content\\\/uploads\\\/2024\\\/06\\\/cropped-SLL-iun-2024-1.jpg\",\"contentUrl\":\"https:\\\/\\\/www.lovendal.ro\\\/wp52\\\/wp-content\\\/uploads\\\/2024\\\/06\\\/cropped-SLL-iun-2024-1.jpg\",\"width\":771,\"height\":240,\"caption\":\"Secretele lui Lovendal\"},\"image\":{\"@id\":\"https:\\\/\\\/www.lovendal.ro\\\/wp52\\\/#\\\/schema\\\/logo\\\/image\\\/\"},\"sameAs\":[\"https:\\\/\\\/www.facebook.com\\\/secreteleluilovendal\"]},{\"@type\":\"Person\",\"@id\":\"https:\\\/\\\/www.lovendal.ro\\\/wp52\\\/#\\\/schema\\\/person\\\/088691de5dfc346bb0c023e1e52ef5d9\",\"name\":\"admin\",\"image\":{\"@type\":\"ImageObject\",\"inLanguage\":\"ro-RO\",\"@id\":\"https:\\\/\\\/secure.gravatar.com\\\/avatar\\\/ecb9cd41f5f63c9c9b989999a59f6e2639a865ec361e9db054db0679a8f341c2?s=96&d=mm&r=g\",\"url\":\"https:\\\/\\\/secure.gravatar.com\\\/avatar\\\/ecb9cd41f5f63c9c9b989999a59f6e2639a865ec361e9db054db0679a8f341c2?s=96&d=mm&r=g\",\"contentUrl\":\"https:\\\/\\\/secure.gravatar.com\\\/avatar\\\/ecb9cd41f5f63c9c9b989999a59f6e2639a865ec361e9db054db0679a8f341c2?s=96&d=mm&r=g\",\"caption\":\"admin\"},\"sameAs\":[\"https:\\\/\\\/www.lovendal.ro\\\/wp52\"]}]}<\/script>\n<!-- \/ Yoast SEO Premium plugin. -->","yoast_head_json":{"title":"Este umanitatea preg\u0103tit\u0103 pentru un contact cu speciile extraterestre? Oamenii de \u015ftiin\u0163\u0103 cred c\u0103 nu suntem deloc preg\u0103ti\u0163i... - Secretele lui Lovendal","robots":{"index":"index","follow":"follow","max-snippet":"max-snippet:-1","max-image-preview":"max-image-preview:large","max-video-preview":"max-video-preview:-1"},"canonical":"https:\/\/www.lovendal.ro\/wp52\/este-umanitatea-pregatita-pentru-un-contact-cu-speciile-extraterestre-oamenii-de-stiinta-cred-ca-nu-suntem-deloc-pregatiti\/","og_locale":"ro_RO","og_type":"article","og_title":"Este umanitatea preg\u0103tit\u0103 pentru un contact cu speciile extraterestre? Oamenii de \u015ftiin\u0163\u0103 cred c\u0103 nu suntem deloc preg\u0103ti\u0163i...","og_description":"Un nou studiu sugereaz\u0103 faptul c\u0103 rasa uman\u0103 nu este preg\u0103tit\u0103 pentru comunicarea cu extratere\u0219trii, scrie site-ul Red Orbit.com. Precum se \u015ftie, de c\u00e2teva decenii, exist\u0103 programul SETI (Search for Extra-Terrestrial Intelligence; \u00een rom\u00e2n\u0103 C\u0103utarea Vie\u021bii Extraterestre Inteligente) de c\u0103utare ... Cititi mai multe","og_url":"https:\/\/www.lovendal.ro\/wp52\/este-umanitatea-pregatita-pentru-un-contact-cu-speciile-extraterestre-oamenii-de-stiinta-cred-ca-nu-suntem-deloc-pregatiti\/","og_site_name":"Secretele lui Lovendal","article_publisher":"https:\/\/www.facebook.com\/secreteleluilovendal","article_published_time":"2014-05-08T14:42:34+00:00","og_image":[{"width":329,"height":245,"url":"https:\/\/www.lovendal.ro\/wp52\/wp-content\/uploads\/2014\/05\/contact-oameni-extraterestri.jpg","type":"image\/jpeg"}],"author":"admin","twitter_card":"summary_large_image","twitter_misc":{"Scris de":"admin","Timp estimat pentru citire":"3 minute"},"schema":{"@context":"https:\/\/schema.org","@graph":[{"@type":"Article","@id":"https:\/\/www.lovendal.ro\/wp52\/este-umanitatea-pregatita-pentru-un-contact-cu-speciile-extraterestre-oamenii-de-stiinta-cred-ca-nu-suntem-deloc-pregatiti\/#article","isPartOf":{"@id":"https:\/\/www.lovendal.ro\/wp52\/este-umanitatea-pregatita-pentru-un-contact-cu-speciile-extraterestre-oamenii-de-stiinta-cred-ca-nu-suntem-deloc-pregatiti\/"},"author":{"name":"admin","@id":"https:\/\/www.lovendal.ro\/wp52\/#\/schema\/person\/088691de5dfc346bb0c023e1e52ef5d9"},"headline":"Este umanitatea preg\u0103tit\u0103 pentru un contact cu speciile extraterestre? Oamenii de \u015ftiin\u0163\u0103 cred c\u0103 nu suntem deloc preg\u0103ti\u0163i&#8230;","datePublished":"2014-05-08T14:42:34+00:00","mainEntityOfPage":{"@id":"https:\/\/www.lovendal.ro\/wp52\/este-umanitatea-pregatita-pentru-un-contact-cu-speciile-extraterestre-oamenii-de-stiinta-cred-ca-nu-suntem-deloc-pregatiti\/"},"wordCount":565,"commentCount":17,"publisher":{"@id":"https:\/\/www.lovendal.ro\/wp52\/#organization"},"image":{"@id":"https:\/\/www.lovendal.ro\/wp52\/este-umanitatea-pregatita-pentru-un-contact-cu-speciile-extraterestre-oamenii-de-stiinta-cred-ca-nu-suntem-deloc-pregatiti\/#primaryimage"},"thumbnailUrl":"https:\/\/www.lovendal.ro\/wp52\/wp-content\/uploads\/2014\/05\/contact-oameni-extraterestri.jpg","keywords":["extratere\u015ftri","furnici","g\u00e2ndaci","Homo Sapiens","oameni","P\u0103m\u00e2nt","\u015farpe","SETI","\u015fobolan","Stephen Hawking","Stiinta","Univers","universitate"],"articleSection":["Noutati","Stiinta"],"inLanguage":"ro-RO","potentialAction":[{"@type":"CommentAction","name":"Comment","target":["https:\/\/www.lovendal.ro\/wp52\/este-umanitatea-pregatita-pentru-un-contact-cu-speciile-extraterestre-oamenii-de-stiinta-cred-ca-nu-suntem-deloc-pregatiti\/#respond"]}]},{"@type":"WebPage","@id":"https:\/\/www.lovendal.ro\/wp52\/este-umanitatea-pregatita-pentru-un-contact-cu-speciile-extraterestre-oamenii-de-stiinta-cred-ca-nu-suntem-deloc-pregatiti\/","url":"https:\/\/www.lovendal.ro\/wp52\/este-umanitatea-pregatita-pentru-un-contact-cu-speciile-extraterestre-oamenii-de-stiinta-cred-ca-nu-suntem-deloc-pregatiti\/","name":"Este umanitatea preg\u0103tit\u0103 pentru un contact cu speciile extraterestre? Oamenii de \u015ftiin\u0163\u0103 cred c\u0103 nu suntem deloc preg\u0103ti\u0163i... - Secretele lui Lovendal","isPartOf":{"@id":"https:\/\/www.lovendal.ro\/wp52\/#website"},"primaryImageOfPage":{"@id":"https:\/\/www.lovendal.ro\/wp52\/este-umanitatea-pregatita-pentru-un-contact-cu-speciile-extraterestre-oamenii-de-stiinta-cred-ca-nu-suntem-deloc-pregatiti\/#primaryimage"},"image":{"@id":"https:\/\/www.lovendal.ro\/wp52\/este-umanitatea-pregatita-pentru-un-contact-cu-speciile-extraterestre-oamenii-de-stiinta-cred-ca-nu-suntem-deloc-pregatiti\/#primaryimage"},"thumbnailUrl":"https:\/\/www.lovendal.ro\/wp52\/wp-content\/uploads\/2014\/05\/contact-oameni-extraterestri.jpg","datePublished":"2014-05-08T14:42:34+00:00","breadcrumb":{"@id":"https:\/\/www.lovendal.ro\/wp52\/este-umanitatea-pregatita-pentru-un-contact-cu-speciile-extraterestre-oamenii-de-stiinta-cred-ca-nu-suntem-deloc-pregatiti\/#breadcrumb"},"inLanguage":"ro-RO","potentialAction":[{"@type":"ReadAction","target":["https:\/\/www.lovendal.ro\/wp52\/este-umanitatea-pregatita-pentru-un-contact-cu-speciile-extraterestre-oamenii-de-stiinta-cred-ca-nu-suntem-deloc-pregatiti\/"]}]},{"@type":"ImageObject","inLanguage":"ro-RO","@id":"https:\/\/www.lovendal.ro\/wp52\/este-umanitatea-pregatita-pentru-un-contact-cu-speciile-extraterestre-oamenii-de-stiinta-cred-ca-nu-suntem-deloc-pregatiti\/#primaryimage","url":"https:\/\/www.lovendal.ro\/wp52\/wp-content\/uploads\/2014\/05\/contact-oameni-extraterestri.jpg","contentUrl":"https:\/\/www.lovendal.ro\/wp52\/wp-content\/uploads\/2014\/05\/contact-oameni-extraterestri.jpg","width":329,"height":245},{"@type":"BreadcrumbList","@id":"https:\/\/www.lovendal.ro\/wp52\/este-umanitatea-pregatita-pentru-un-contact-cu-speciile-extraterestre-oamenii-de-stiinta-cred-ca-nu-suntem-deloc-pregatiti\/#breadcrumb","itemListElement":[{"@type":"ListItem","position":1,"name":"Home","item":"https:\/\/www.lovendal.ro\/wp52\/"},{"@type":"ListItem","position":2,"name":"Este umanitatea preg\u0103tit\u0103 pentru un contact cu speciile extraterestre? Oamenii de \u015ftiin\u0163\u0103 cred c\u0103 nu suntem deloc preg\u0103ti\u0163i&#8230;"}]},{"@type":"WebSite","@id":"https:\/\/www.lovendal.ro\/wp52\/#website","url":"https:\/\/www.lovendal.ro\/wp52\/","name":"Secretele lui Lovendal","description":"Site de secrete, stiinta si metafizica - din 2008 -","publisher":{"@id":"https:\/\/www.lovendal.ro\/wp52\/#organization"},"potentialAction":[{"@type":"SearchAction","target":{"@type":"EntryPoint","urlTemplate":"https:\/\/www.lovendal.ro\/wp52\/?s={search_term_string}"},"query-input":{"@type":"PropertyValueSpecification","valueRequired":true,"valueName":"search_term_string"}}],"inLanguage":"ro-RO"},{"@type":"Organization","@id":"https:\/\/www.lovendal.ro\/wp52\/#organization","name":"Secretele lui Lovendal","url":"https:\/\/www.lovendal.ro\/wp52\/","logo":{"@type":"ImageObject","inLanguage":"ro-RO","@id":"https:\/\/www.lovendal.ro\/wp52\/#\/schema\/logo\/image\/","url":"https:\/\/www.lovendal.ro\/wp52\/wp-content\/uploads\/2024\/06\/cropped-SLL-iun-2024-1.jpg","contentUrl":"https:\/\/www.lovendal.ro\/wp52\/wp-content\/uploads\/2024\/06\/cropped-SLL-iun-2024-1.jpg","width":771,"height":240,"caption":"Secretele lui Lovendal"},"image":{"@id":"https:\/\/www.lovendal.ro\/wp52\/#\/schema\/logo\/image\/"},"sameAs":["https:\/\/www.facebook.com\/secreteleluilovendal"]},{"@type":"Person","@id":"https:\/\/www.lovendal.ro\/wp52\/#\/schema\/person\/088691de5dfc346bb0c023e1e52ef5d9","name":"admin","image":{"@type":"ImageObject","inLanguage":"ro-RO","@id":"https:\/\/secure.gravatar.com\/avatar\/ecb9cd41f5f63c9c9b989999a59f6e2639a865ec361e9db054db0679a8f341c2?s=96&d=mm&r=g","url":"https:\/\/secure.gravatar.com\/avatar\/ecb9cd41f5f63c9c9b989999a59f6e2639a865ec361e9db054db0679a8f341c2?s=96&d=mm&r=g","contentUrl":"https:\/\/secure.gravatar.com\/avatar\/ecb9cd41f5f63c9c9b989999a59f6e2639a865ec361e9db054db0679a8f341c2?s=96&d=mm&r=g","caption":"admin"},"sameAs":["https:\/\/www.lovendal.ro\/wp52"]}]}},"_links":{"self":[{"href":"https:\/\/www.lovendal.ro\/wp52\/wp-json\/wp\/v2\/posts\/34030","targetHints":{"allow":["GET"]}}],"collection":[{"href":"https:\/\/www.lovendal.ro\/wp52\/wp-json\/wp\/v2\/posts"}],"about":[{"href":"https:\/\/www.lovendal.ro\/wp52\/wp-json\/wp\/v2\/types\/post"}],"author":[{"embeddable":true,"href":"https:\/\/www.lovendal.ro\/wp52\/wp-json\/wp\/v2\/users\/1"}],"replies":[{"embeddable":true,"href":"https:\/\/www.lovendal.ro\/wp52\/wp-json\/wp\/v2\/comments?post=34030"}],"version-history":[{"count":0,"href":"https:\/\/www.lovendal.ro\/wp52\/wp-json\/wp\/v2\/posts\/34030\/revisions"}],"wp:featuredmedia":[{"embeddable":true,"href":"https:\/\/www.lovendal.ro\/wp52\/wp-json\/wp\/v2\/media\/34031"}],"wp:attachment":[{"href":"https:\/\/www.lovendal.ro\/wp52\/wp-json\/wp\/v2\/media?parent=34030"}],"wp:term":[{"taxonomy":"category","embeddable":true,"href":"https:\/\/www.lovendal.ro\/wp52\/wp-json\/wp\/v2\/categories?post=34030"},{"taxonomy":"post_tag","embeddable":true,"href":"https:\/\/www.lovendal.ro\/wp52\/wp-json\/wp\/v2\/tags?post=34030"}],"curies":[{"name":"wp","href":"https:\/\/api.w.org\/{rel}","templated":true}]}}