{"id":33905,"date":"2014-04-29T17:41:28","date_gmt":"2014-04-29T14:41:28","guid":{"rendered":"http:\/\/www.lovendal.ro\/wp52\/?p=33905"},"modified":"2014-04-29T17:41:28","modified_gmt":"2014-04-29T14:41:28","slug":"istoria-galactica-a-omului-noi-nu-suntem-singura-specie-umanoida-poate-suntem-urmasii-lyrianilor-sau-a-populatiei-umanoide-de-pe-steaua-vega","status":"publish","type":"post","link":"https:\/\/www.lovendal.ro\/wp52\/istoria-galactica-a-omului-noi-nu-suntem-singura-specie-umanoida-poate-suntem-urmasii-lyrianilor-sau-a-populatiei-umanoide-de-pe-steaua-vega\/","title":{"rendered":"Istoria galactic\u0103 a omului: noi nu suntem singura specie umanoid\u0103! Poate suntem urma\u015fii Lyrianilor sau a popula\u0163iei umanoide de pe steaua Vega!"},"content":{"rendered":"<p><a href=\"https:\/\/www.lovendal.ro\/wp52\/wp-content\/uploads\/2014\/04\/specii-extraterestre.jpg\"><img loading=\"lazy\" decoding=\"async\" class=\"alignleft size-full wp-image-33906\" alt=\"specii extraterestre\" src=\"https:\/\/www.lovendal.ro\/wp52\/wp-content\/uploads\/2014\/04\/specii-extraterestre.jpg\" width=\"363\" height=\"288\" srcset=\"https:\/\/www.lovendal.ro\/wp52\/wp-content\/uploads\/2014\/04\/specii-extraterestre.jpg 363w, https:\/\/www.lovendal.ro\/wp52\/wp-content\/uploads\/2014\/04\/specii-extraterestre-300x238.jpg 300w\" sizes=\"auto, (max-width: 363px) 100vw, 363px\" \/><\/a>Omul nu este singura specie inteligent\u0103 din aceast\u0103 galaxie \u0219i nici singura civiliza\u021bie umanoid\u0103. Chiar \u00een vecin\u0103tatea noastr\u0103 imediat galactic\u0103 exist\u0103 mai multe rase umanoide. Cele mai multe dintre aceste rase au vizitat P\u0103m\u00e2ntul; unii dintre ei \u00eenc\u0103 o fac \u0219i chiar au baze pe P\u0103m\u00e2nt. Unele rase umanoide extraterestre au jucat de asemenea un rol important \u00een istoria P\u0103m\u00e2ntului \u0219i a omenirii. Ca fapt divers, oamenii nici m\u0103car nu provin de aici, de pe planeta P\u0103m\u00e2nt. Noi suntem descenden\u021bii altor rase umanoide, cum ar fi cele care au vizitat P\u0103m\u00e2ntul cu mult timp \u00een urm\u0103. Prin urmare, dac\u0103 vrem s\u0103 \u00een\u021belegem istoria \u0219i natura noastr\u0103 ca specie, trebuie s\u0103 ne \u00eentoarcem \u00een timp, cu milioane de ani \u00een urm\u0103.<\/p>\n<p>Cele mai importante civiliza\u0163ii umanoide pot fi g\u0103site \u00een sistemele de stele de Lyra, Vega, Sirius, Orion, Pleiade \u0219i Andromeda. Lyra este leag\u0103nul raselor umanoide, \u00een urm\u0103 cu milioane de ani. Cele mai multe rase sunt descendente ale grupul Lyran \/ Vegan. Dac\u0103 vrem s\u0103 simplific\u0103m lucrurile, am putea spune c\u0103 r\u0103sp\u00e2ndirea omenirii prin aceast\u0103 parte a galaxiei, peste milioane de ani, s-a \u00eent\u00e2mplat \u00een 7 valuri consecutive de colonizare.<\/p>\n<p>1. Povestea \u00eencepe \u00een Lyra, unde aproximativ acum 22 milioane de ani, primele civiliza\u0163ii umanoide au \u00eenceput aventurile lor de explorare spa\u021bial\u0103. Prima lume colonizat\u0103 a fost Vega, care era deja locuit\u0103 de o specie umanoid\u0103 \u0219i de specii de pe Apex (o planet\u0103 din Lyra). Mai t\u00e2rziu, exploratorii Lyrani s-au mutat, de asemenea, c\u0103tre Sirius \u0219i Orion, \u00een timp ce al\u021bii au venit pe P\u0103m\u00e2nt, iar de pe P\u0103m\u00e2nt s-au mutat c\u0103tre Pleiade.<\/p>\n<p>2. Popula\u021bia umanoid\u0103 original\u0103 de pe Vega a \u00eenceput cur\u00e2nd propriile explor\u0103ri spa\u021biale \u0219i a creat baze \u00een Altair, Centaur, Sirius \u0219i Orion. Unii dintre ei chiar au venit pe P\u0103m\u00e2nt. \u00cen timp ce explorau Nebuloasa Inelului, ei au dat peste rase reptiliene, care au pretins teritoriul pentru ei \u00een\u0219i\u0219i. R\u0103zboaiele galactice au ap\u0103rut, ele dur\u00e2nd milioane de ani. \u00cen unele p\u0103r\u021bi ale galaxiei noastre, r\u0103zboaiele mai continu\u0103 \u015fi ast\u0103zi.<\/p>\n<p>3. Un r\u0103zboi nuclear de pe planeta Apex (Lyra) a distrus o mare parte din suprafa\u021ba sa, for\u021b\u00e2nd locuitorii ei s\u0103 tr\u0103iasc\u0103 \u00een subteran mii de ani. Radia\u021bia le-a distrus, de asemenea, capacit\u0103\u021bile lor de reproducere, for\u021b\u00e2ndu-le s\u0103 utilizeze clonarea ca modalitate de a supravie\u021bui ca \u015fi specie. Apexienii au devenit mai t\u00e2rziu extratere\u015ftrii cenu\u015fii din sistemul Zeta Reticuli.<\/p>\n<p>4. Coloni\u015ftii s-au mutat apoi \u00een Arcturus, unde au avansat foarte repede. Cei mai mul\u0163i dintre arcturienii zilelor noastre sunt fiin\u0163e non-fizice, multi-dimensionale.<\/p>\n<p>5. \u00cen lumile din jurul lui Sirius, coloni\u015ftii umanoizi au g\u0103sit mai multe specii extraterestre, care nu le pl\u0103cea deloc. Prin urmare, unii coloni\u0219ti au ales s\u0103 se mute c\u0103tre Orion. Mai t\u00e2rziu, o mul\u021bime de sirieni au emigrat, de asemenea, pe P\u0103m\u00e2nt.<\/p>\n<p>6. Principalul c\u00e2mp de lupt\u0103 pentru r\u0103zboaiele galactice a fost cel din Orion. Din acest motiv, mul\u021bi descenden\u021bi ai coloni\u0219tilor umanoizi din Orion, au fugit \u0219i, de asemenea, au emigrat pe P\u0103m\u00e2nt.<\/p>\n<p>7. Unii dintre primii colonizatori Lyrani au trebuit s\u0103 vin\u0103 pe P\u0103m\u00e2nt. C\u00e2nd urma\u0219ii lor, tem\u00e2ndu-se de r\u0103zboaiele galactice, au venit prea aproape de P\u0103m\u00e2nt, cele mai mul\u0163i dintre ei s-au mutat c\u0103tre Pleiade. Dup\u0103 un timp, unii dintre urma\u0219ii lor au decis s\u0103 se re\u00eent\u00e2lneasc\u0103 cu rudele lor de pe P\u0103m\u00e2nt, venind \u00eenapoi pe planeta noastr\u0103.<\/p>\n<p><em><strong>Sursa:<\/strong><\/em> <a href=\"http:\/\/manuel.sekmeth.com\/hb7\/display.php?rec=402\" target=\"_blank\"><strong>manuel.sekmeth.com<\/strong><\/a>.<\/p>\n","protected":false},"excerpt":{"rendered":"<p>Omul nu este singura specie inteligent\u0103 din aceast\u0103 galaxie \u0219i nici singura civiliza\u021bie umanoid\u0103. Chiar \u00een vecin\u0103tatea noastr\u0103 imediat galactic\u0103 exist\u0103 mai multe rase umanoide. Cele mai multe dintre aceste rase au vizitat P\u0103m\u00e2ntul; unii dintre ei \u00eenc\u0103 o fac &#8230; <\/p>\n<p class=\"read-more-container\"><a title=\"Istoria galactic\u0103 a omului: noi nu suntem singura specie umanoid\u0103! Poate suntem urma\u015fii Lyrianilor sau a popula\u0163iei umanoide de pe steaua Vega!\" class=\"read-more button\" href=\"https:\/\/www.lovendal.ro\/wp52\/istoria-galactica-a-omului-noi-nu-suntem-singura-specie-umanoida-poate-suntem-urmasii-lyrianilor-sau-a-populatiei-umanoide-de-pe-steaua-vega\/#more-33905\" aria-label=\"Cite\u0219te mai multe despre Istoria galactic\u0103 a omului: noi nu suntem singura specie umanoid\u0103! Poate suntem urma\u015fii Lyrianilor sau a popula\u0163iei umanoide de pe steaua Vega!\">Cititi mai multe<\/a><\/p>\n","protected":false},"author":1,"featured_media":33906,"comment_status":"open","ping_status":"open","sticky":false,"template":"","format":"standard","meta":{"footnotes":""},"categories":[2833,14],"tags":[5713,1405,5692,51,433,8050,57,1830,3583,131,105,9796,732,3330,4389,73,3387,1673,733,4830,7661,1762],"class_list":["post-33905","post","type-post","status-publish","format-standard","has-post-thumbnail","hentry","category-noutati","category-paranormal-spiritualitate","tag-arcturus","tag-calea-lactee","tag-clonare","tag-extraterestri","tag-galaxie","tag-lyra","tag-oameni","tag-om","tag-omulet-cenusiu","tag-orion","tag-pamant","tag-paranormal-spiritualitate","tag-planeta","tag-pleiade","tag-radiatie","tag-razboi","tag-reptilieni","tag-sirius","tag-stea","tag-subteran","tag-vega","tag-zeta-reticuli"],"yoast_head":"<!-- This site is optimized with the Yoast SEO Premium plugin v23.3 (Yoast SEO v27.4) - https:\/\/yoast.com\/product\/yoast-seo-premium-wordpress\/ -->\n<title>Istoria galactic\u0103 a omului: noi nu suntem singura specie umanoid\u0103! Poate suntem urma\u015fii Lyrianilor sau a popula\u0163iei umanoide de pe steaua Vega! - Secretele lui Lovendal<\/title>\n<meta name=\"robots\" content=\"index, follow, max-snippet:-1, max-image-preview:large, max-video-preview:-1\" \/>\n<link rel=\"canonical\" href=\"https:\/\/www.lovendal.ro\/wp52\/istoria-galactica-a-omului-noi-nu-suntem-singura-specie-umanoida-poate-suntem-urmasii-lyrianilor-sau-a-populatiei-umanoide-de-pe-steaua-vega\/\" \/>\n<meta property=\"og:locale\" content=\"ro_RO\" \/>\n<meta property=\"og:type\" content=\"article\" \/>\n<meta property=\"og:title\" content=\"Istoria galactic\u0103 a omului: noi nu suntem singura specie umanoid\u0103! Poate suntem urma\u015fii Lyrianilor sau a popula\u0163iei umanoide de pe steaua Vega!\" \/>\n<meta property=\"og:description\" content=\"Omul nu este singura specie inteligent\u0103 din aceast\u0103 galaxie \u0219i nici singura civiliza\u021bie umanoid\u0103. Chiar \u00een vecin\u0103tatea noastr\u0103 imediat galactic\u0103 exist\u0103 mai multe rase umanoide. Cele mai multe dintre aceste rase au vizitat P\u0103m\u00e2ntul; unii dintre ei \u00eenc\u0103 o fac ... Cititi mai multe\" \/>\n<meta property=\"og:url\" content=\"https:\/\/www.lovendal.ro\/wp52\/istoria-galactica-a-omului-noi-nu-suntem-singura-specie-umanoida-poate-suntem-urmasii-lyrianilor-sau-a-populatiei-umanoide-de-pe-steaua-vega\/\" \/>\n<meta property=\"og:site_name\" content=\"Secretele lui Lovendal\" \/>\n<meta property=\"article:publisher\" content=\"https:\/\/www.facebook.com\/secreteleluilovendal\" \/>\n<meta property=\"article:published_time\" content=\"2014-04-29T14:41:28+00:00\" \/>\n<meta property=\"og:image\" content=\"https:\/\/www.lovendal.ro\/wp52\/wp-content\/uploads\/2014\/04\/specii-extraterestre.jpg\" \/>\n\t<meta property=\"og:image:width\" content=\"363\" \/>\n\t<meta property=\"og:image:height\" content=\"288\" \/>\n\t<meta property=\"og:image:type\" content=\"image\/jpeg\" \/>\n<meta name=\"author\" content=\"admin\" \/>\n<meta name=\"twitter:card\" content=\"summary_large_image\" \/>\n<meta name=\"twitter:label1\" content=\"Scris de\" \/>\n\t<meta name=\"twitter:data1\" content=\"admin\" \/>\n\t<meta name=\"twitter:label2\" content=\"Timp estimat pentru citire\" \/>\n\t<meta name=\"twitter:data2\" content=\"3 minute\" \/>\n<script type=\"application\/ld+json\" class=\"yoast-schema-graph\">{\"@context\":\"https:\\\/\\\/schema.org\",\"@graph\":[{\"@type\":\"Article\",\"@id\":\"https:\\\/\\\/www.lovendal.ro\\\/wp52\\\/istoria-galactica-a-omului-noi-nu-suntem-singura-specie-umanoida-poate-suntem-urmasii-lyrianilor-sau-a-populatiei-umanoide-de-pe-steaua-vega\\\/#article\",\"isPartOf\":{\"@id\":\"https:\\\/\\\/www.lovendal.ro\\\/wp52\\\/istoria-galactica-a-omului-noi-nu-suntem-singura-specie-umanoida-poate-suntem-urmasii-lyrianilor-sau-a-populatiei-umanoide-de-pe-steaua-vega\\\/\"},\"author\":{\"name\":\"admin\",\"@id\":\"https:\\\/\\\/www.lovendal.ro\\\/wp52\\\/#\\\/schema\\\/person\\\/088691de5dfc346bb0c023e1e52ef5d9\"},\"headline\":\"Istoria galactic\u0103 a omului: noi nu suntem singura specie umanoid\u0103! Poate suntem urma\u015fii Lyrianilor sau a popula\u0163iei umanoide de pe steaua Vega!\",\"datePublished\":\"2014-04-29T14:41:28+00:00\",\"mainEntityOfPage\":{\"@id\":\"https:\\\/\\\/www.lovendal.ro\\\/wp52\\\/istoria-galactica-a-omului-noi-nu-suntem-singura-specie-umanoida-poate-suntem-urmasii-lyrianilor-sau-a-populatiei-umanoide-de-pe-steaua-vega\\\/\"},\"wordCount\":658,\"commentCount\":1,\"publisher\":{\"@id\":\"https:\\\/\\\/www.lovendal.ro\\\/wp52\\\/#organization\"},\"image\":{\"@id\":\"https:\\\/\\\/www.lovendal.ro\\\/wp52\\\/istoria-galactica-a-omului-noi-nu-suntem-singura-specie-umanoida-poate-suntem-urmasii-lyrianilor-sau-a-populatiei-umanoide-de-pe-steaua-vega\\\/#primaryimage\"},\"thumbnailUrl\":\"https:\\\/\\\/www.lovendal.ro\\\/wp52\\\/wp-content\\\/uploads\\\/2014\\\/04\\\/specii-extraterestre.jpg\",\"keywords\":[\"Arcturus\",\"Calea Lactee\",\"clonare\",\"extratere\u015ftri\",\"galaxie\",\"Lyra\",\"oameni\",\"om\",\"omule\u0163 cenu\u015fiu\",\"Orion\",\"P\u0103m\u00e2nt\",\"Paranormal-Spiritualitate\",\"planet\u0103\",\"Pleiade\",\"radia\u0163ie\",\"r\u0103zboi\",\"reptilieni\",\"Sirius\",\"stea\",\"subteran\",\"Vega\",\"Zeta-Reticuli\"],\"articleSection\":[\"Noutati\",\"Paranormal-Spiritualitate\"],\"inLanguage\":\"ro-RO\",\"potentialAction\":[{\"@type\":\"CommentAction\",\"name\":\"Comment\",\"target\":[\"https:\\\/\\\/www.lovendal.ro\\\/wp52\\\/istoria-galactica-a-omului-noi-nu-suntem-singura-specie-umanoida-poate-suntem-urmasii-lyrianilor-sau-a-populatiei-umanoide-de-pe-steaua-vega\\\/#respond\"]}]},{\"@type\":\"WebPage\",\"@id\":\"https:\\\/\\\/www.lovendal.ro\\\/wp52\\\/istoria-galactica-a-omului-noi-nu-suntem-singura-specie-umanoida-poate-suntem-urmasii-lyrianilor-sau-a-populatiei-umanoide-de-pe-steaua-vega\\\/\",\"url\":\"https:\\\/\\\/www.lovendal.ro\\\/wp52\\\/istoria-galactica-a-omului-noi-nu-suntem-singura-specie-umanoida-poate-suntem-urmasii-lyrianilor-sau-a-populatiei-umanoide-de-pe-steaua-vega\\\/\",\"name\":\"Istoria galactic\u0103 a omului: noi nu suntem singura specie umanoid\u0103! Poate suntem urma\u015fii Lyrianilor sau a popula\u0163iei umanoide de pe steaua Vega! - Secretele lui Lovendal\",\"isPartOf\":{\"@id\":\"https:\\\/\\\/www.lovendal.ro\\\/wp52\\\/#website\"},\"primaryImageOfPage\":{\"@id\":\"https:\\\/\\\/www.lovendal.ro\\\/wp52\\\/istoria-galactica-a-omului-noi-nu-suntem-singura-specie-umanoida-poate-suntem-urmasii-lyrianilor-sau-a-populatiei-umanoide-de-pe-steaua-vega\\\/#primaryimage\"},\"image\":{\"@id\":\"https:\\\/\\\/www.lovendal.ro\\\/wp52\\\/istoria-galactica-a-omului-noi-nu-suntem-singura-specie-umanoida-poate-suntem-urmasii-lyrianilor-sau-a-populatiei-umanoide-de-pe-steaua-vega\\\/#primaryimage\"},\"thumbnailUrl\":\"https:\\\/\\\/www.lovendal.ro\\\/wp52\\\/wp-content\\\/uploads\\\/2014\\\/04\\\/specii-extraterestre.jpg\",\"datePublished\":\"2014-04-29T14:41:28+00:00\",\"breadcrumb\":{\"@id\":\"https:\\\/\\\/www.lovendal.ro\\\/wp52\\\/istoria-galactica-a-omului-noi-nu-suntem-singura-specie-umanoida-poate-suntem-urmasii-lyrianilor-sau-a-populatiei-umanoide-de-pe-steaua-vega\\\/#breadcrumb\"},\"inLanguage\":\"ro-RO\",\"potentialAction\":[{\"@type\":\"ReadAction\",\"target\":[\"https:\\\/\\\/www.lovendal.ro\\\/wp52\\\/istoria-galactica-a-omului-noi-nu-suntem-singura-specie-umanoida-poate-suntem-urmasii-lyrianilor-sau-a-populatiei-umanoide-de-pe-steaua-vega\\\/\"]}]},{\"@type\":\"ImageObject\",\"inLanguage\":\"ro-RO\",\"@id\":\"https:\\\/\\\/www.lovendal.ro\\\/wp52\\\/istoria-galactica-a-omului-noi-nu-suntem-singura-specie-umanoida-poate-suntem-urmasii-lyrianilor-sau-a-populatiei-umanoide-de-pe-steaua-vega\\\/#primaryimage\",\"url\":\"https:\\\/\\\/www.lovendal.ro\\\/wp52\\\/wp-content\\\/uploads\\\/2014\\\/04\\\/specii-extraterestre.jpg\",\"contentUrl\":\"https:\\\/\\\/www.lovendal.ro\\\/wp52\\\/wp-content\\\/uploads\\\/2014\\\/04\\\/specii-extraterestre.jpg\",\"width\":363,\"height\":288},{\"@type\":\"BreadcrumbList\",\"@id\":\"https:\\\/\\\/www.lovendal.ro\\\/wp52\\\/istoria-galactica-a-omului-noi-nu-suntem-singura-specie-umanoida-poate-suntem-urmasii-lyrianilor-sau-a-populatiei-umanoide-de-pe-steaua-vega\\\/#breadcrumb\",\"itemListElement\":[{\"@type\":\"ListItem\",\"position\":1,\"name\":\"Home\",\"item\":\"https:\\\/\\\/www.lovendal.ro\\\/wp52\\\/\"},{\"@type\":\"ListItem\",\"position\":2,\"name\":\"Istoria galactic\u0103 a omului: noi nu suntem singura specie umanoid\u0103! Poate suntem urma\u015fii Lyrianilor sau a popula\u0163iei umanoide de pe steaua Vega!\"}]},{\"@type\":\"WebSite\",\"@id\":\"https:\\\/\\\/www.lovendal.ro\\\/wp52\\\/#website\",\"url\":\"https:\\\/\\\/www.lovendal.ro\\\/wp52\\\/\",\"name\":\"Secretele lui Lovendal\",\"description\":\"Site de secrete, stiinta si metafizica - din 2008 -\",\"publisher\":{\"@id\":\"https:\\\/\\\/www.lovendal.ro\\\/wp52\\\/#organization\"},\"potentialAction\":[{\"@type\":\"SearchAction\",\"target\":{\"@type\":\"EntryPoint\",\"urlTemplate\":\"https:\\\/\\\/www.lovendal.ro\\\/wp52\\\/?s={search_term_string}\"},\"query-input\":{\"@type\":\"PropertyValueSpecification\",\"valueRequired\":true,\"valueName\":\"search_term_string\"}}],\"inLanguage\":\"ro-RO\"},{\"@type\":\"Organization\",\"@id\":\"https:\\\/\\\/www.lovendal.ro\\\/wp52\\\/#organization\",\"name\":\"Secretele lui Lovendal\",\"url\":\"https:\\\/\\\/www.lovendal.ro\\\/wp52\\\/\",\"logo\":{\"@type\":\"ImageObject\",\"inLanguage\":\"ro-RO\",\"@id\":\"https:\\\/\\\/www.lovendal.ro\\\/wp52\\\/#\\\/schema\\\/logo\\\/image\\\/\",\"url\":\"https:\\\/\\\/www.lovendal.ro\\\/wp52\\\/wp-content\\\/uploads\\\/2024\\\/06\\\/cropped-SLL-iun-2024-1.jpg\",\"contentUrl\":\"https:\\\/\\\/www.lovendal.ro\\\/wp52\\\/wp-content\\\/uploads\\\/2024\\\/06\\\/cropped-SLL-iun-2024-1.jpg\",\"width\":771,\"height\":240,\"caption\":\"Secretele lui Lovendal\"},\"image\":{\"@id\":\"https:\\\/\\\/www.lovendal.ro\\\/wp52\\\/#\\\/schema\\\/logo\\\/image\\\/\"},\"sameAs\":[\"https:\\\/\\\/www.facebook.com\\\/secreteleluilovendal\"]},{\"@type\":\"Person\",\"@id\":\"https:\\\/\\\/www.lovendal.ro\\\/wp52\\\/#\\\/schema\\\/person\\\/088691de5dfc346bb0c023e1e52ef5d9\",\"name\":\"admin\",\"image\":{\"@type\":\"ImageObject\",\"inLanguage\":\"ro-RO\",\"@id\":\"https:\\\/\\\/secure.gravatar.com\\\/avatar\\\/ecb9cd41f5f63c9c9b989999a59f6e2639a865ec361e9db054db0679a8f341c2?s=96&d=mm&r=g\",\"url\":\"https:\\\/\\\/secure.gravatar.com\\\/avatar\\\/ecb9cd41f5f63c9c9b989999a59f6e2639a865ec361e9db054db0679a8f341c2?s=96&d=mm&r=g\",\"contentUrl\":\"https:\\\/\\\/secure.gravatar.com\\\/avatar\\\/ecb9cd41f5f63c9c9b989999a59f6e2639a865ec361e9db054db0679a8f341c2?s=96&d=mm&r=g\",\"caption\":\"admin\"},\"sameAs\":[\"https:\\\/\\\/www.lovendal.ro\\\/wp52\"]}]}<\/script>\n<!-- \/ Yoast SEO Premium plugin. -->","yoast_head_json":{"title":"Istoria galactic\u0103 a omului: noi nu suntem singura specie umanoid\u0103! Poate suntem urma\u015fii Lyrianilor sau a popula\u0163iei umanoide de pe steaua Vega! - Secretele lui Lovendal","robots":{"index":"index","follow":"follow","max-snippet":"max-snippet:-1","max-image-preview":"max-image-preview:large","max-video-preview":"max-video-preview:-1"},"canonical":"https:\/\/www.lovendal.ro\/wp52\/istoria-galactica-a-omului-noi-nu-suntem-singura-specie-umanoida-poate-suntem-urmasii-lyrianilor-sau-a-populatiei-umanoide-de-pe-steaua-vega\/","og_locale":"ro_RO","og_type":"article","og_title":"Istoria galactic\u0103 a omului: noi nu suntem singura specie umanoid\u0103! Poate suntem urma\u015fii Lyrianilor sau a popula\u0163iei umanoide de pe steaua Vega!","og_description":"Omul nu este singura specie inteligent\u0103 din aceast\u0103 galaxie \u0219i nici singura civiliza\u021bie umanoid\u0103. Chiar \u00een vecin\u0103tatea noastr\u0103 imediat galactic\u0103 exist\u0103 mai multe rase umanoide. Cele mai multe dintre aceste rase au vizitat P\u0103m\u00e2ntul; unii dintre ei \u00eenc\u0103 o fac ... Cititi mai multe","og_url":"https:\/\/www.lovendal.ro\/wp52\/istoria-galactica-a-omului-noi-nu-suntem-singura-specie-umanoida-poate-suntem-urmasii-lyrianilor-sau-a-populatiei-umanoide-de-pe-steaua-vega\/","og_site_name":"Secretele lui Lovendal","article_publisher":"https:\/\/www.facebook.com\/secreteleluilovendal","article_published_time":"2014-04-29T14:41:28+00:00","og_image":[{"width":363,"height":288,"url":"https:\/\/www.lovendal.ro\/wp52\/wp-content\/uploads\/2014\/04\/specii-extraterestre.jpg","type":"image\/jpeg"}],"author":"admin","twitter_card":"summary_large_image","twitter_misc":{"Scris de":"admin","Timp estimat pentru citire":"3 minute"},"schema":{"@context":"https:\/\/schema.org","@graph":[{"@type":"Article","@id":"https:\/\/www.lovendal.ro\/wp52\/istoria-galactica-a-omului-noi-nu-suntem-singura-specie-umanoida-poate-suntem-urmasii-lyrianilor-sau-a-populatiei-umanoide-de-pe-steaua-vega\/#article","isPartOf":{"@id":"https:\/\/www.lovendal.ro\/wp52\/istoria-galactica-a-omului-noi-nu-suntem-singura-specie-umanoida-poate-suntem-urmasii-lyrianilor-sau-a-populatiei-umanoide-de-pe-steaua-vega\/"},"author":{"name":"admin","@id":"https:\/\/www.lovendal.ro\/wp52\/#\/schema\/person\/088691de5dfc346bb0c023e1e52ef5d9"},"headline":"Istoria galactic\u0103 a omului: noi nu suntem singura specie umanoid\u0103! Poate suntem urma\u015fii Lyrianilor sau a popula\u0163iei umanoide de pe steaua Vega!","datePublished":"2014-04-29T14:41:28+00:00","mainEntityOfPage":{"@id":"https:\/\/www.lovendal.ro\/wp52\/istoria-galactica-a-omului-noi-nu-suntem-singura-specie-umanoida-poate-suntem-urmasii-lyrianilor-sau-a-populatiei-umanoide-de-pe-steaua-vega\/"},"wordCount":658,"commentCount":1,"publisher":{"@id":"https:\/\/www.lovendal.ro\/wp52\/#organization"},"image":{"@id":"https:\/\/www.lovendal.ro\/wp52\/istoria-galactica-a-omului-noi-nu-suntem-singura-specie-umanoida-poate-suntem-urmasii-lyrianilor-sau-a-populatiei-umanoide-de-pe-steaua-vega\/#primaryimage"},"thumbnailUrl":"https:\/\/www.lovendal.ro\/wp52\/wp-content\/uploads\/2014\/04\/specii-extraterestre.jpg","keywords":["Arcturus","Calea Lactee","clonare","extratere\u015ftri","galaxie","Lyra","oameni","om","omule\u0163 cenu\u015fiu","Orion","P\u0103m\u00e2nt","Paranormal-Spiritualitate","planet\u0103","Pleiade","radia\u0163ie","r\u0103zboi","reptilieni","Sirius","stea","subteran","Vega","Zeta-Reticuli"],"articleSection":["Noutati","Paranormal-Spiritualitate"],"inLanguage":"ro-RO","potentialAction":[{"@type":"CommentAction","name":"Comment","target":["https:\/\/www.lovendal.ro\/wp52\/istoria-galactica-a-omului-noi-nu-suntem-singura-specie-umanoida-poate-suntem-urmasii-lyrianilor-sau-a-populatiei-umanoide-de-pe-steaua-vega\/#respond"]}]},{"@type":"WebPage","@id":"https:\/\/www.lovendal.ro\/wp52\/istoria-galactica-a-omului-noi-nu-suntem-singura-specie-umanoida-poate-suntem-urmasii-lyrianilor-sau-a-populatiei-umanoide-de-pe-steaua-vega\/","url":"https:\/\/www.lovendal.ro\/wp52\/istoria-galactica-a-omului-noi-nu-suntem-singura-specie-umanoida-poate-suntem-urmasii-lyrianilor-sau-a-populatiei-umanoide-de-pe-steaua-vega\/","name":"Istoria galactic\u0103 a omului: noi nu suntem singura specie umanoid\u0103! Poate suntem urma\u015fii Lyrianilor sau a popula\u0163iei umanoide de pe steaua Vega! - Secretele lui Lovendal","isPartOf":{"@id":"https:\/\/www.lovendal.ro\/wp52\/#website"},"primaryImageOfPage":{"@id":"https:\/\/www.lovendal.ro\/wp52\/istoria-galactica-a-omului-noi-nu-suntem-singura-specie-umanoida-poate-suntem-urmasii-lyrianilor-sau-a-populatiei-umanoide-de-pe-steaua-vega\/#primaryimage"},"image":{"@id":"https:\/\/www.lovendal.ro\/wp52\/istoria-galactica-a-omului-noi-nu-suntem-singura-specie-umanoida-poate-suntem-urmasii-lyrianilor-sau-a-populatiei-umanoide-de-pe-steaua-vega\/#primaryimage"},"thumbnailUrl":"https:\/\/www.lovendal.ro\/wp52\/wp-content\/uploads\/2014\/04\/specii-extraterestre.jpg","datePublished":"2014-04-29T14:41:28+00:00","breadcrumb":{"@id":"https:\/\/www.lovendal.ro\/wp52\/istoria-galactica-a-omului-noi-nu-suntem-singura-specie-umanoida-poate-suntem-urmasii-lyrianilor-sau-a-populatiei-umanoide-de-pe-steaua-vega\/#breadcrumb"},"inLanguage":"ro-RO","potentialAction":[{"@type":"ReadAction","target":["https:\/\/www.lovendal.ro\/wp52\/istoria-galactica-a-omului-noi-nu-suntem-singura-specie-umanoida-poate-suntem-urmasii-lyrianilor-sau-a-populatiei-umanoide-de-pe-steaua-vega\/"]}]},{"@type":"ImageObject","inLanguage":"ro-RO","@id":"https:\/\/www.lovendal.ro\/wp52\/istoria-galactica-a-omului-noi-nu-suntem-singura-specie-umanoida-poate-suntem-urmasii-lyrianilor-sau-a-populatiei-umanoide-de-pe-steaua-vega\/#primaryimage","url":"https:\/\/www.lovendal.ro\/wp52\/wp-content\/uploads\/2014\/04\/specii-extraterestre.jpg","contentUrl":"https:\/\/www.lovendal.ro\/wp52\/wp-content\/uploads\/2014\/04\/specii-extraterestre.jpg","width":363,"height":288},{"@type":"BreadcrumbList","@id":"https:\/\/www.lovendal.ro\/wp52\/istoria-galactica-a-omului-noi-nu-suntem-singura-specie-umanoida-poate-suntem-urmasii-lyrianilor-sau-a-populatiei-umanoide-de-pe-steaua-vega\/#breadcrumb","itemListElement":[{"@type":"ListItem","position":1,"name":"Home","item":"https:\/\/www.lovendal.ro\/wp52\/"},{"@type":"ListItem","position":2,"name":"Istoria galactic\u0103 a omului: noi nu suntem singura specie umanoid\u0103! Poate suntem urma\u015fii Lyrianilor sau a popula\u0163iei umanoide de pe steaua Vega!"}]},{"@type":"WebSite","@id":"https:\/\/www.lovendal.ro\/wp52\/#website","url":"https:\/\/www.lovendal.ro\/wp52\/","name":"Secretele lui Lovendal","description":"Site de secrete, stiinta si metafizica - din 2008 -","publisher":{"@id":"https:\/\/www.lovendal.ro\/wp52\/#organization"},"potentialAction":[{"@type":"SearchAction","target":{"@type":"EntryPoint","urlTemplate":"https:\/\/www.lovendal.ro\/wp52\/?s={search_term_string}"},"query-input":{"@type":"PropertyValueSpecification","valueRequired":true,"valueName":"search_term_string"}}],"inLanguage":"ro-RO"},{"@type":"Organization","@id":"https:\/\/www.lovendal.ro\/wp52\/#organization","name":"Secretele lui Lovendal","url":"https:\/\/www.lovendal.ro\/wp52\/","logo":{"@type":"ImageObject","inLanguage":"ro-RO","@id":"https:\/\/www.lovendal.ro\/wp52\/#\/schema\/logo\/image\/","url":"https:\/\/www.lovendal.ro\/wp52\/wp-content\/uploads\/2024\/06\/cropped-SLL-iun-2024-1.jpg","contentUrl":"https:\/\/www.lovendal.ro\/wp52\/wp-content\/uploads\/2024\/06\/cropped-SLL-iun-2024-1.jpg","width":771,"height":240,"caption":"Secretele lui Lovendal"},"image":{"@id":"https:\/\/www.lovendal.ro\/wp52\/#\/schema\/logo\/image\/"},"sameAs":["https:\/\/www.facebook.com\/secreteleluilovendal"]},{"@type":"Person","@id":"https:\/\/www.lovendal.ro\/wp52\/#\/schema\/person\/088691de5dfc346bb0c023e1e52ef5d9","name":"admin","image":{"@type":"ImageObject","inLanguage":"ro-RO","@id":"https:\/\/secure.gravatar.com\/avatar\/ecb9cd41f5f63c9c9b989999a59f6e2639a865ec361e9db054db0679a8f341c2?s=96&d=mm&r=g","url":"https:\/\/secure.gravatar.com\/avatar\/ecb9cd41f5f63c9c9b989999a59f6e2639a865ec361e9db054db0679a8f341c2?s=96&d=mm&r=g","contentUrl":"https:\/\/secure.gravatar.com\/avatar\/ecb9cd41f5f63c9c9b989999a59f6e2639a865ec361e9db054db0679a8f341c2?s=96&d=mm&r=g","caption":"admin"},"sameAs":["https:\/\/www.lovendal.ro\/wp52"]}]}},"_links":{"self":[{"href":"https:\/\/www.lovendal.ro\/wp52\/wp-json\/wp\/v2\/posts\/33905","targetHints":{"allow":["GET"]}}],"collection":[{"href":"https:\/\/www.lovendal.ro\/wp52\/wp-json\/wp\/v2\/posts"}],"about":[{"href":"https:\/\/www.lovendal.ro\/wp52\/wp-json\/wp\/v2\/types\/post"}],"author":[{"embeddable":true,"href":"https:\/\/www.lovendal.ro\/wp52\/wp-json\/wp\/v2\/users\/1"}],"replies":[{"embeddable":true,"href":"https:\/\/www.lovendal.ro\/wp52\/wp-json\/wp\/v2\/comments?post=33905"}],"version-history":[{"count":0,"href":"https:\/\/www.lovendal.ro\/wp52\/wp-json\/wp\/v2\/posts\/33905\/revisions"}],"wp:featuredmedia":[{"embeddable":true,"href":"https:\/\/www.lovendal.ro\/wp52\/wp-json\/wp\/v2\/media\/33906"}],"wp:attachment":[{"href":"https:\/\/www.lovendal.ro\/wp52\/wp-json\/wp\/v2\/media?parent=33905"}],"wp:term":[{"taxonomy":"category","embeddable":true,"href":"https:\/\/www.lovendal.ro\/wp52\/wp-json\/wp\/v2\/categories?post=33905"},{"taxonomy":"post_tag","embeddable":true,"href":"https:\/\/www.lovendal.ro\/wp52\/wp-json\/wp\/v2\/tags?post=33905"}],"curies":[{"name":"wp","href":"https:\/\/api.w.org\/{rel}","templated":true}]}}