{"id":3390,"date":"2009-02-16T09:22:05","date_gmt":"2009-02-16T05:22:05","guid":{"rendered":"http:\/\/www.lovendal.net\/wp52\/?p=3390"},"modified":"2009-02-17T09:58:59","modified_gmt":"2009-02-17T05:58:59","slug":"nichita-stanescu-geniu-poetic-dar-betiv-si-fara-dinti","status":"publish","type":"post","link":"https:\/\/www.lovendal.ro\/wp52\/nichita-stanescu-geniu-poetic-dar-betiv-si-fara-dinti\/","title":{"rendered":"Nichita St\u0103nescu, geniu poetic, dar be\u0163iv \u015fi f\u0103r\u0103 din\u0163i"},"content":{"rendered":"<p><img loading=\"lazy\" decoding=\"async\" class=\"alignleft size-full wp-image-3391\" title=\"nichita-stanescu\" src=\"https:\/\/www.lovendal.ro\/wp52\/wp-content\/uploads\/2009\/02\/nichita-stanescu.gif\" alt=\"nichita-stanescu\" width=\"227\" height=\"272\" \/>Despre Nichita, toat\u0103 lumea credea c\u0103-i s\u0103rac lipit. Nu era a\u015fa, poate doar \u00een tinere\u0163e. Era poet consacrat \u015fi c\u00e2\u015ftig\u0103 mult pentru vremea aceea, dar era \u015fi un mare ripisipitor. Cheltuia \u00een jur de 10.000 de lei c\u00e2nd salariul mediu era de 1.000 de lei. Nichita c\u00e2\u015ftiga cam 5.000 de lei, leaf\u0103 primit\u0103 pentru un post onorific la &#8222;Rom\u00e2nia literar\u0103&#8221;. Restul c\u00e2\u015ftiga din drepturi de autor. De\u015fi cheltuitor peste m\u0103sur\u0103, Nichita \u00ee\u015fi contabiliza at\u00e2t chefurile c\u00e2t \u015fi \u00eemprumuturile pe care le f\u0103cea altor scriitori. Toate erau trecute cu sfin\u0163enie \u00eentr-un carnet, unde ap\u0103reau inclusiv &#8222;datornicii&#8221;.<\/p>\n<p>\u00cen tinere\u0163e era un b\u0103rbat frumos. Mai t\u00e2rziu \u00eens\u0103 din cauza alcoolului se buh\u0103ise, nu mai avea nici din\u0163i \u00een gura iar fa\u0163a \u00eei era cianotic\u0103. \u015ei totu\u015fi nu era femeie care s\u0103-i reziste. Nichita tr\u0103gea tot timpul la o c\u00e2rcium\u0103 pe l\u00e2ng\u0103 Palatul Elisabeta, acolo unde c\u00e2nta \u015fi Johnny Raducanu. \u00centr-o sear\u0103, la \u015fueta lui Nichita participa \u015fi o t\u00e2n\u0103r\u0103 blond\u0103. Cu greu Nichita a convins-o s\u0103 se \u00eent\u00e2lneasc\u0103 cu el, l\u00e2ng\u0103 Pia\u0163a Amzei, unde locuia poetul. Ner\u0103bd\u0103tor, Nichita a ie\u015fit pe strad\u0103 \u00een \u00eent\u00e2mpinare. D\u00e2nd cu ochii de ni\u015fte militeni, f\u0103r\u0103 ca ace\u015ftia s\u0103-i cear\u0103, Nichita se legitimeaz\u0103. Fata a v\u0103zut scena de departe \u015fi a plecat. O alt\u0103 iubire a lui Nichita a fost o v\u0103duv\u0103 cu un copil, Ionica \u00eei spunea, \u015fi pe care Nichita o vizit\u0103 \u00een mai toate weekendurile. Ionica l-a p\u0103r\u0103sit \u015fi-a plecat \u00een Fran\u0163a.<\/p>\n<p>Din pahar \u00een pahar, Nichita a \u00eenceput s\u0103 coboare treptat pe panta &#8222;sf\u00e2r\u015fitului&#8221;. \u00cen august 1981 are prima criz\u0103 hepatic\u0103 iar o lun\u0103 mai t\u00e2rziu se interneaz\u0103 la Fundeni. Sf\u00e2r\u015fitul \u015fi l-a g\u0103sit tot dup\u0103 o petrecere de pomin\u0103. Pe 9 decembrie 1983 participa la o nunt\u0103 a unor prieteni la Turnu Severin. Se \u00eentoarce pe 12 decembrie \u00een Bucure\u015fti. Seara t\u00e2rziu criza de ficat reapare. Este dus cu Salvarea de urgen\u0163\u0103 la spital, \u00eens\u0103 prea t\u00e2rziu. \u00centr-o mar\u0163i, 13, Nichita se stinge. Oficial, Nichita St\u0103nescu, poetul rom\u00e2n cel mai aproape de premiul Nobel, a murit \u00een urma unui stop cardio-respirator. \u00cen realitate, la autopsie, s-a constat c\u0103 nu mai avea nici m\u0103car o celul\u0103 de ficat. \u015ei-l b\u0103use pe tot.<\/p>\n","protected":false},"excerpt":{"rendered":"<p>Despre Nichita, toat\u0103 lumea credea c\u0103-i s\u0103rac lipit. Nu era a\u015fa, poate doar \u00een tinere\u0163e. Era poet consacrat \u015fi c\u00e2\u015ftig\u0103 mult pentru vremea aceea, dar era \u015fi un mare ripisipitor. Cheltuia \u00een jur de 10.000 de lei c\u00e2nd salariul mediu &#8230; <\/p>\n<p class=\"read-more-container\"><a title=\"Nichita St\u0103nescu, geniu poetic, dar be\u0163iv \u015fi f\u0103r\u0103 din\u0163i\" class=\"read-more button\" href=\"https:\/\/www.lovendal.ro\/wp52\/nichita-stanescu-geniu-poetic-dar-betiv-si-fara-dinti\/#more-3390\" aria-label=\"Cite\u0219te mai multe despre Nichita St\u0103nescu, geniu poetic, dar be\u0163iv \u015fi f\u0103r\u0103 din\u0163i\">Cititi mai multe<\/a><\/p>\n","protected":false},"author":1,"featured_media":3391,"comment_status":"open","ping_status":"closed","sticky":false,"template":"","format":"standard","meta":{"footnotes":""},"categories":[28],"tags":[9798,367,1108,215],"class_list":["post-3390","post","type-post","status-publish","format-standard","has-post-thumbnail","hentry","category-cultura","tag-cultura","tag-literatura","tag-nichita-stanescu","tag-poet","resize-featured-image"],"yoast_head":"<!-- This site is optimized with the Yoast SEO Premium plugin v23.3 (Yoast SEO v27.4) - https:\/\/yoast.com\/product\/yoast-seo-premium-wordpress\/ -->\n<title>Nichita St\u0103nescu, geniu poetic, dar be\u0163iv \u015fi f\u0103r\u0103 din\u0163i - Secretele lui Lovendal<\/title>\n<meta name=\"robots\" content=\"index, follow, max-snippet:-1, max-image-preview:large, max-video-preview:-1\" \/>\n<link rel=\"canonical\" href=\"https:\/\/www.lovendal.ro\/wp52\/nichita-stanescu-geniu-poetic-dar-betiv-si-fara-dinti\/\" \/>\n<meta property=\"og:locale\" content=\"ro_RO\" \/>\n<meta property=\"og:type\" content=\"article\" \/>\n<meta property=\"og:title\" content=\"Nichita St\u0103nescu, geniu poetic, dar be\u0163iv \u015fi f\u0103r\u0103 din\u0163i\" \/>\n<meta property=\"og:description\" content=\"Despre Nichita, toat\u0103 lumea credea c\u0103-i s\u0103rac lipit. Nu era a\u015fa, poate doar \u00een tinere\u0163e. Era poet consacrat \u015fi c\u00e2\u015ftig\u0103 mult pentru vremea aceea, dar era \u015fi un mare ripisipitor. Cheltuia \u00een jur de 10.000 de lei c\u00e2nd salariul mediu ... Cititi mai multe\" \/>\n<meta property=\"og:url\" content=\"https:\/\/www.lovendal.ro\/wp52\/nichita-stanescu-geniu-poetic-dar-betiv-si-fara-dinti\/\" \/>\n<meta property=\"og:site_name\" content=\"Secretele lui Lovendal\" \/>\n<meta property=\"article:publisher\" content=\"https:\/\/www.facebook.com\/secreteleluilovendal\" \/>\n<meta property=\"article:published_time\" content=\"2009-02-16T05:22:05+00:00\" \/>\n<meta property=\"article:modified_time\" content=\"2009-02-17T05:58:59+00:00\" \/>\n<meta property=\"og:image\" content=\"https:\/\/www.lovendal.ro\/wp52\/wp-content\/uploads\/2009\/02\/nichita-stanescu.gif\" \/>\n\t<meta property=\"og:image:width\" content=\"227\" \/>\n\t<meta property=\"og:image:height\" content=\"272\" \/>\n\t<meta property=\"og:image:type\" content=\"image\/gif\" \/>\n<meta name=\"author\" content=\"admin\" \/>\n<meta name=\"twitter:card\" content=\"summary_large_image\" \/>\n<meta name=\"twitter:label1\" content=\"Scris de\" \/>\n\t<meta name=\"twitter:data1\" content=\"admin\" \/>\n\t<meta name=\"twitter:label2\" content=\"Timp estimat pentru citire\" \/>\n\t<meta name=\"twitter:data2\" content=\"2 minute\" \/>\n<script type=\"application\/ld+json\" class=\"yoast-schema-graph\">{\"@context\":\"https:\\\/\\\/schema.org\",\"@graph\":[{\"@type\":\"Article\",\"@id\":\"https:\\\/\\\/www.lovendal.ro\\\/wp52\\\/nichita-stanescu-geniu-poetic-dar-betiv-si-fara-dinti\\\/#article\",\"isPartOf\":{\"@id\":\"https:\\\/\\\/www.lovendal.ro\\\/wp52\\\/nichita-stanescu-geniu-poetic-dar-betiv-si-fara-dinti\\\/\"},\"author\":{\"name\":\"admin\",\"@id\":\"https:\\\/\\\/www.lovendal.ro\\\/wp52\\\/#\\\/schema\\\/person\\\/088691de5dfc346bb0c023e1e52ef5d9\"},\"headline\":\"Nichita St\u0103nescu, geniu poetic, dar be\u0163iv \u015fi f\u0103r\u0103 din\u0163i\",\"datePublished\":\"2009-02-16T05:22:05+00:00\",\"dateModified\":\"2009-02-17T05:58:59+00:00\",\"mainEntityOfPage\":{\"@id\":\"https:\\\/\\\/www.lovendal.ro\\\/wp52\\\/nichita-stanescu-geniu-poetic-dar-betiv-si-fara-dinti\\\/\"},\"wordCount\":424,\"commentCount\":10,\"publisher\":{\"@id\":\"https:\\\/\\\/www.lovendal.ro\\\/wp52\\\/#organization\"},\"image\":{\"@id\":\"https:\\\/\\\/www.lovendal.ro\\\/wp52\\\/nichita-stanescu-geniu-poetic-dar-betiv-si-fara-dinti\\\/#primaryimage\"},\"thumbnailUrl\":\"https:\\\/\\\/www.lovendal.ro\\\/wp52\\\/wp-content\\\/uploads\\\/2009\\\/02\\\/nichita-stanescu.gif\",\"keywords\":[\"Cultura\",\"literatur\u0103\",\"Nichita St\u0103nescu\",\"poet\"],\"articleSection\":[\"Cultura\"],\"inLanguage\":\"ro-RO\",\"potentialAction\":[{\"@type\":\"CommentAction\",\"name\":\"Comment\",\"target\":[\"https:\\\/\\\/www.lovendal.ro\\\/wp52\\\/nichita-stanescu-geniu-poetic-dar-betiv-si-fara-dinti\\\/#respond\"]}]},{\"@type\":\"WebPage\",\"@id\":\"https:\\\/\\\/www.lovendal.ro\\\/wp52\\\/nichita-stanescu-geniu-poetic-dar-betiv-si-fara-dinti\\\/\",\"url\":\"https:\\\/\\\/www.lovendal.ro\\\/wp52\\\/nichita-stanescu-geniu-poetic-dar-betiv-si-fara-dinti\\\/\",\"name\":\"Nichita St\u0103nescu, geniu poetic, dar be\u0163iv \u015fi f\u0103r\u0103 din\u0163i - Secretele lui Lovendal\",\"isPartOf\":{\"@id\":\"https:\\\/\\\/www.lovendal.ro\\\/wp52\\\/#website\"},\"primaryImageOfPage\":{\"@id\":\"https:\\\/\\\/www.lovendal.ro\\\/wp52\\\/nichita-stanescu-geniu-poetic-dar-betiv-si-fara-dinti\\\/#primaryimage\"},\"image\":{\"@id\":\"https:\\\/\\\/www.lovendal.ro\\\/wp52\\\/nichita-stanescu-geniu-poetic-dar-betiv-si-fara-dinti\\\/#primaryimage\"},\"thumbnailUrl\":\"https:\\\/\\\/www.lovendal.ro\\\/wp52\\\/wp-content\\\/uploads\\\/2009\\\/02\\\/nichita-stanescu.gif\",\"datePublished\":\"2009-02-16T05:22:05+00:00\",\"dateModified\":\"2009-02-17T05:58:59+00:00\",\"breadcrumb\":{\"@id\":\"https:\\\/\\\/www.lovendal.ro\\\/wp52\\\/nichita-stanescu-geniu-poetic-dar-betiv-si-fara-dinti\\\/#breadcrumb\"},\"inLanguage\":\"ro-RO\",\"potentialAction\":[{\"@type\":\"ReadAction\",\"target\":[\"https:\\\/\\\/www.lovendal.ro\\\/wp52\\\/nichita-stanescu-geniu-poetic-dar-betiv-si-fara-dinti\\\/\"]}]},{\"@type\":\"ImageObject\",\"inLanguage\":\"ro-RO\",\"@id\":\"https:\\\/\\\/www.lovendal.ro\\\/wp52\\\/nichita-stanescu-geniu-poetic-dar-betiv-si-fara-dinti\\\/#primaryimage\",\"url\":\"https:\\\/\\\/www.lovendal.ro\\\/wp52\\\/wp-content\\\/uploads\\\/2009\\\/02\\\/nichita-stanescu.gif\",\"contentUrl\":\"https:\\\/\\\/www.lovendal.ro\\\/wp52\\\/wp-content\\\/uploads\\\/2009\\\/02\\\/nichita-stanescu.gif\",\"width\":\"227\",\"height\":\"272\"},{\"@type\":\"BreadcrumbList\",\"@id\":\"https:\\\/\\\/www.lovendal.ro\\\/wp52\\\/nichita-stanescu-geniu-poetic-dar-betiv-si-fara-dinti\\\/#breadcrumb\",\"itemListElement\":[{\"@type\":\"ListItem\",\"position\":1,\"name\":\"Home\",\"item\":\"https:\\\/\\\/www.lovendal.ro\\\/wp52\\\/\"},{\"@type\":\"ListItem\",\"position\":2,\"name\":\"Nichita St\u0103nescu, geniu poetic, dar be\u0163iv \u015fi f\u0103r\u0103 din\u0163i\"}]},{\"@type\":\"WebSite\",\"@id\":\"https:\\\/\\\/www.lovendal.ro\\\/wp52\\\/#website\",\"url\":\"https:\\\/\\\/www.lovendal.ro\\\/wp52\\\/\",\"name\":\"Secretele lui Lovendal\",\"description\":\"Site de secrete, stiinta si metafizica - din 2008 -\",\"publisher\":{\"@id\":\"https:\\\/\\\/www.lovendal.ro\\\/wp52\\\/#organization\"},\"potentialAction\":[{\"@type\":\"SearchAction\",\"target\":{\"@type\":\"EntryPoint\",\"urlTemplate\":\"https:\\\/\\\/www.lovendal.ro\\\/wp52\\\/?s={search_term_string}\"},\"query-input\":{\"@type\":\"PropertyValueSpecification\",\"valueRequired\":true,\"valueName\":\"search_term_string\"}}],\"inLanguage\":\"ro-RO\"},{\"@type\":\"Organization\",\"@id\":\"https:\\\/\\\/www.lovendal.ro\\\/wp52\\\/#organization\",\"name\":\"Secretele lui Lovendal\",\"url\":\"https:\\\/\\\/www.lovendal.ro\\\/wp52\\\/\",\"logo\":{\"@type\":\"ImageObject\",\"inLanguage\":\"ro-RO\",\"@id\":\"https:\\\/\\\/www.lovendal.ro\\\/wp52\\\/#\\\/schema\\\/logo\\\/image\\\/\",\"url\":\"https:\\\/\\\/www.lovendal.ro\\\/wp52\\\/wp-content\\\/uploads\\\/2024\\\/06\\\/cropped-SLL-iun-2024-1.jpg\",\"contentUrl\":\"https:\\\/\\\/www.lovendal.ro\\\/wp52\\\/wp-content\\\/uploads\\\/2024\\\/06\\\/cropped-SLL-iun-2024-1.jpg\",\"width\":771,\"height\":240,\"caption\":\"Secretele lui Lovendal\"},\"image\":{\"@id\":\"https:\\\/\\\/www.lovendal.ro\\\/wp52\\\/#\\\/schema\\\/logo\\\/image\\\/\"},\"sameAs\":[\"https:\\\/\\\/www.facebook.com\\\/secreteleluilovendal\"]},{\"@type\":\"Person\",\"@id\":\"https:\\\/\\\/www.lovendal.ro\\\/wp52\\\/#\\\/schema\\\/person\\\/088691de5dfc346bb0c023e1e52ef5d9\",\"name\":\"admin\",\"image\":{\"@type\":\"ImageObject\",\"inLanguage\":\"ro-RO\",\"@id\":\"https:\\\/\\\/secure.gravatar.com\\\/avatar\\\/ecb9cd41f5f63c9c9b989999a59f6e2639a865ec361e9db054db0679a8f341c2?s=96&d=mm&r=g\",\"url\":\"https:\\\/\\\/secure.gravatar.com\\\/avatar\\\/ecb9cd41f5f63c9c9b989999a59f6e2639a865ec361e9db054db0679a8f341c2?s=96&d=mm&r=g\",\"contentUrl\":\"https:\\\/\\\/secure.gravatar.com\\\/avatar\\\/ecb9cd41f5f63c9c9b989999a59f6e2639a865ec361e9db054db0679a8f341c2?s=96&d=mm&r=g\",\"caption\":\"admin\"},\"sameAs\":[\"https:\\\/\\\/www.lovendal.ro\\\/wp52\"]}]}<\/script>\n<!-- \/ Yoast SEO Premium plugin. -->","yoast_head_json":{"title":"Nichita St\u0103nescu, geniu poetic, dar be\u0163iv \u015fi f\u0103r\u0103 din\u0163i - Secretele lui Lovendal","robots":{"index":"index","follow":"follow","max-snippet":"max-snippet:-1","max-image-preview":"max-image-preview:large","max-video-preview":"max-video-preview:-1"},"canonical":"https:\/\/www.lovendal.ro\/wp52\/nichita-stanescu-geniu-poetic-dar-betiv-si-fara-dinti\/","og_locale":"ro_RO","og_type":"article","og_title":"Nichita St\u0103nescu, geniu poetic, dar be\u0163iv \u015fi f\u0103r\u0103 din\u0163i","og_description":"Despre Nichita, toat\u0103 lumea credea c\u0103-i s\u0103rac lipit. Nu era a\u015fa, poate doar \u00een tinere\u0163e. Era poet consacrat \u015fi c\u00e2\u015ftig\u0103 mult pentru vremea aceea, dar era \u015fi un mare ripisipitor. Cheltuia \u00een jur de 10.000 de lei c\u00e2nd salariul mediu ... Cititi mai multe","og_url":"https:\/\/www.lovendal.ro\/wp52\/nichita-stanescu-geniu-poetic-dar-betiv-si-fara-dinti\/","og_site_name":"Secretele lui Lovendal","article_publisher":"https:\/\/www.facebook.com\/secreteleluilovendal","article_published_time":"2009-02-16T05:22:05+00:00","article_modified_time":"2009-02-17T05:58:59+00:00","og_image":[{"width":227,"height":272,"url":"https:\/\/www.lovendal.ro\/wp52\/wp-content\/uploads\/2009\/02\/nichita-stanescu.gif","type":"image\/gif"}],"author":"admin","twitter_card":"summary_large_image","twitter_misc":{"Scris de":"admin","Timp estimat pentru citire":"2 minute"},"schema":{"@context":"https:\/\/schema.org","@graph":[{"@type":"Article","@id":"https:\/\/www.lovendal.ro\/wp52\/nichita-stanescu-geniu-poetic-dar-betiv-si-fara-dinti\/#article","isPartOf":{"@id":"https:\/\/www.lovendal.ro\/wp52\/nichita-stanescu-geniu-poetic-dar-betiv-si-fara-dinti\/"},"author":{"name":"admin","@id":"https:\/\/www.lovendal.ro\/wp52\/#\/schema\/person\/088691de5dfc346bb0c023e1e52ef5d9"},"headline":"Nichita St\u0103nescu, geniu poetic, dar be\u0163iv \u015fi f\u0103r\u0103 din\u0163i","datePublished":"2009-02-16T05:22:05+00:00","dateModified":"2009-02-17T05:58:59+00:00","mainEntityOfPage":{"@id":"https:\/\/www.lovendal.ro\/wp52\/nichita-stanescu-geniu-poetic-dar-betiv-si-fara-dinti\/"},"wordCount":424,"commentCount":10,"publisher":{"@id":"https:\/\/www.lovendal.ro\/wp52\/#organization"},"image":{"@id":"https:\/\/www.lovendal.ro\/wp52\/nichita-stanescu-geniu-poetic-dar-betiv-si-fara-dinti\/#primaryimage"},"thumbnailUrl":"https:\/\/www.lovendal.ro\/wp52\/wp-content\/uploads\/2009\/02\/nichita-stanescu.gif","keywords":["Cultura","literatur\u0103","Nichita St\u0103nescu","poet"],"articleSection":["Cultura"],"inLanguage":"ro-RO","potentialAction":[{"@type":"CommentAction","name":"Comment","target":["https:\/\/www.lovendal.ro\/wp52\/nichita-stanescu-geniu-poetic-dar-betiv-si-fara-dinti\/#respond"]}]},{"@type":"WebPage","@id":"https:\/\/www.lovendal.ro\/wp52\/nichita-stanescu-geniu-poetic-dar-betiv-si-fara-dinti\/","url":"https:\/\/www.lovendal.ro\/wp52\/nichita-stanescu-geniu-poetic-dar-betiv-si-fara-dinti\/","name":"Nichita St\u0103nescu, geniu poetic, dar be\u0163iv \u015fi f\u0103r\u0103 din\u0163i - Secretele lui Lovendal","isPartOf":{"@id":"https:\/\/www.lovendal.ro\/wp52\/#website"},"primaryImageOfPage":{"@id":"https:\/\/www.lovendal.ro\/wp52\/nichita-stanescu-geniu-poetic-dar-betiv-si-fara-dinti\/#primaryimage"},"image":{"@id":"https:\/\/www.lovendal.ro\/wp52\/nichita-stanescu-geniu-poetic-dar-betiv-si-fara-dinti\/#primaryimage"},"thumbnailUrl":"https:\/\/www.lovendal.ro\/wp52\/wp-content\/uploads\/2009\/02\/nichita-stanescu.gif","datePublished":"2009-02-16T05:22:05+00:00","dateModified":"2009-02-17T05:58:59+00:00","breadcrumb":{"@id":"https:\/\/www.lovendal.ro\/wp52\/nichita-stanescu-geniu-poetic-dar-betiv-si-fara-dinti\/#breadcrumb"},"inLanguage":"ro-RO","potentialAction":[{"@type":"ReadAction","target":["https:\/\/www.lovendal.ro\/wp52\/nichita-stanescu-geniu-poetic-dar-betiv-si-fara-dinti\/"]}]},{"@type":"ImageObject","inLanguage":"ro-RO","@id":"https:\/\/www.lovendal.ro\/wp52\/nichita-stanescu-geniu-poetic-dar-betiv-si-fara-dinti\/#primaryimage","url":"https:\/\/www.lovendal.ro\/wp52\/wp-content\/uploads\/2009\/02\/nichita-stanescu.gif","contentUrl":"https:\/\/www.lovendal.ro\/wp52\/wp-content\/uploads\/2009\/02\/nichita-stanescu.gif","width":"227","height":"272"},{"@type":"BreadcrumbList","@id":"https:\/\/www.lovendal.ro\/wp52\/nichita-stanescu-geniu-poetic-dar-betiv-si-fara-dinti\/#breadcrumb","itemListElement":[{"@type":"ListItem","position":1,"name":"Home","item":"https:\/\/www.lovendal.ro\/wp52\/"},{"@type":"ListItem","position":2,"name":"Nichita St\u0103nescu, geniu poetic, dar be\u0163iv \u015fi f\u0103r\u0103 din\u0163i"}]},{"@type":"WebSite","@id":"https:\/\/www.lovendal.ro\/wp52\/#website","url":"https:\/\/www.lovendal.ro\/wp52\/","name":"Secretele lui Lovendal","description":"Site de secrete, stiinta si metafizica - din 2008 -","publisher":{"@id":"https:\/\/www.lovendal.ro\/wp52\/#organization"},"potentialAction":[{"@type":"SearchAction","target":{"@type":"EntryPoint","urlTemplate":"https:\/\/www.lovendal.ro\/wp52\/?s={search_term_string}"},"query-input":{"@type":"PropertyValueSpecification","valueRequired":true,"valueName":"search_term_string"}}],"inLanguage":"ro-RO"},{"@type":"Organization","@id":"https:\/\/www.lovendal.ro\/wp52\/#organization","name":"Secretele lui Lovendal","url":"https:\/\/www.lovendal.ro\/wp52\/","logo":{"@type":"ImageObject","inLanguage":"ro-RO","@id":"https:\/\/www.lovendal.ro\/wp52\/#\/schema\/logo\/image\/","url":"https:\/\/www.lovendal.ro\/wp52\/wp-content\/uploads\/2024\/06\/cropped-SLL-iun-2024-1.jpg","contentUrl":"https:\/\/www.lovendal.ro\/wp52\/wp-content\/uploads\/2024\/06\/cropped-SLL-iun-2024-1.jpg","width":771,"height":240,"caption":"Secretele lui Lovendal"},"image":{"@id":"https:\/\/www.lovendal.ro\/wp52\/#\/schema\/logo\/image\/"},"sameAs":["https:\/\/www.facebook.com\/secreteleluilovendal"]},{"@type":"Person","@id":"https:\/\/www.lovendal.ro\/wp52\/#\/schema\/person\/088691de5dfc346bb0c023e1e52ef5d9","name":"admin","image":{"@type":"ImageObject","inLanguage":"ro-RO","@id":"https:\/\/secure.gravatar.com\/avatar\/ecb9cd41f5f63c9c9b989999a59f6e2639a865ec361e9db054db0679a8f341c2?s=96&d=mm&r=g","url":"https:\/\/secure.gravatar.com\/avatar\/ecb9cd41f5f63c9c9b989999a59f6e2639a865ec361e9db054db0679a8f341c2?s=96&d=mm&r=g","contentUrl":"https:\/\/secure.gravatar.com\/avatar\/ecb9cd41f5f63c9c9b989999a59f6e2639a865ec361e9db054db0679a8f341c2?s=96&d=mm&r=g","caption":"admin"},"sameAs":["https:\/\/www.lovendal.ro\/wp52"]}]}},"_links":{"self":[{"href":"https:\/\/www.lovendal.ro\/wp52\/wp-json\/wp\/v2\/posts\/3390","targetHints":{"allow":["GET"]}}],"collection":[{"href":"https:\/\/www.lovendal.ro\/wp52\/wp-json\/wp\/v2\/posts"}],"about":[{"href":"https:\/\/www.lovendal.ro\/wp52\/wp-json\/wp\/v2\/types\/post"}],"author":[{"embeddable":true,"href":"https:\/\/www.lovendal.ro\/wp52\/wp-json\/wp\/v2\/users\/1"}],"replies":[{"embeddable":true,"href":"https:\/\/www.lovendal.ro\/wp52\/wp-json\/wp\/v2\/comments?post=3390"}],"version-history":[{"count":0,"href":"https:\/\/www.lovendal.ro\/wp52\/wp-json\/wp\/v2\/posts\/3390\/revisions"}],"wp:featuredmedia":[{"embeddable":true,"href":"https:\/\/www.lovendal.ro\/wp52\/wp-json\/wp\/v2\/media\/3391"}],"wp:attachment":[{"href":"https:\/\/www.lovendal.ro\/wp52\/wp-json\/wp\/v2\/media?parent=3390"}],"wp:term":[{"taxonomy":"category","embeddable":true,"href":"https:\/\/www.lovendal.ro\/wp52\/wp-json\/wp\/v2\/categories?post=3390"},{"taxonomy":"post_tag","embeddable":true,"href":"https:\/\/www.lovendal.ro\/wp52\/wp-json\/wp\/v2\/tags?post=3390"}],"curies":[{"name":"wp","href":"https:\/\/api.w.org\/{rel}","templated":true}]}}