{"id":3378,"date":"2009-02-16T09:29:07","date_gmt":"2009-02-16T05:29:07","guid":{"rendered":"http:\/\/www.lovendal.net\/wp52\/?p=3378"},"modified":"2009-02-17T13:20:22","modified_gmt":"2009-02-17T09:20:22","slug":"calendarul-dacic-mai-precis-decat-cel-mayas-reper-pentru-nasa","status":"publish","type":"post","link":"https:\/\/www.lovendal.ro\/wp52\/calendarul-dacic-mai-precis-decat-cel-mayas-reper-pentru-nasa\/","title":{"rendered":"Calendarul dacic, mai precis dec\u00e2t cel maya\u015f (reper pentru NASA)"},"content":{"rendered":"<p><img loading=\"lazy\" decoding=\"async\" class=\"alignleft size-full wp-image-3394\" title=\"calendarul-maya\" src=\"https:\/\/www.lovendal.ro\/wp52\/wp-content\/uploads\/2009\/02\/calendarul-maya.jpg\" alt=\"calendarul-maya\" width=\"390\" height=\"272\" srcset=\"https:\/\/www.lovendal.ro\/wp52\/wp-content\/uploads\/2009\/02\/calendarul-maya.jpg 390w, https:\/\/www.lovendal.ro\/wp52\/wp-content\/uploads\/2009\/02\/calendarul-maya-300x209.jpg 300w\" sizes=\"auto, (max-width: 390px) 100vw, 390px\" \/>Maya r\u0103m\u00e2ne \u00een continuare o civiliza\u0163ie misterioas\u0103, ap\u0103rut\u0103 din neant \u015fi cu o origine \u00eenc\u0103 nedeslu\u015fit\u0103, la fel ca \u00een cazul Sumerului, Indului sau Egiptului Antic.O civiliza\u0163ie cu un calendar inexplicabil de asem\u0103n\u0103tor cu cel al dacilor, cu date cosmice calculate p\u00e2n\u0103 la milioane de ani \u00een trecut, deci av\u00e2nd cuno\u015ftiin\u0163e astronomice extraordinar de avansate. O dovad\u0103 \u00een acest sens este \u015fi calendarul, de o exactitate demn\u0103 de secolul XX. Anul maya\u015f avea 365,242129 zile, \u00een condi\u0163iile \u00een care actualele calcule dimensioneaz\u0103 anul la 356,242198 zile. Pentru comparative, s\u0103 re\u0163inem un am\u0103nunt: calendarul Gregorian indic\u0103 365,2425 zile.<\/p>\n<p>Civiliza\u0163ia maya este acreditat\u0103 cu cel mai exact calendar din istorie p\u00e2n\u0103 la cel din zilele noastre, calculate de NASA. Ca de obicei dacii sunt ignora\u0163i din nou, cu o mare rea-credin\u0163\u0103! Calendarul dacic este, \u00een realitate, mult mai exact dec\u00e2t cel maya\u015f \u015fi incredibil de apropiat de cel actual: 365,242197 zile ! Adic\u0103 o eroare de 12 secunde (1234\/100) pe zi!Asem\u0103narea cu dacii o g\u0103sim \u015fi \u00een denumirea c\u0103r\u0163ii sfinte a mayasilor, numit\u0103 <span style=\"text-decoration: underline;\">Popol Vuh<\/span> (tradus\u0103 \u00een sec. al XVI-lea), din care afl\u0103m informa\u0163ii absolute extraordinare, de la trecutul anterior Potopului p\u00e2n\u0103 la viitorul care ne a\u015fteapt\u0103.<\/p>\n","protected":false},"excerpt":{"rendered":"<p>Maya r\u0103m\u00e2ne \u00een continuare o civiliza\u0163ie misterioas\u0103, ap\u0103rut\u0103 din neant \u015fi cu o origine \u00eenc\u0103 nedeslu\u015fit\u0103, la fel ca \u00een cazul Sumerului, Indului sau Egiptului Antic.O civiliza\u0163ie cu un calendar inexplicabil de asem\u0103n\u0103tor cu cel al dacilor, cu date cosmice &#8230; <\/p>\n<p class=\"read-more-container\"><a title=\"Calendarul dacic, mai precis dec\u00e2t cel maya\u015f (reper pentru NASA)\" class=\"read-more button\" href=\"https:\/\/www.lovendal.ro\/wp52\/calendarul-dacic-mai-precis-decat-cel-mayas-reper-pentru-nasa\/#more-3378\" aria-label=\"Cite\u0219te mai multe despre Calendarul dacic, mai precis dec\u00e2t cel maya\u015f (reper pentru NASA)\">Cititi mai multe<\/a><\/p>\n","protected":false},"author":1,"featured_media":3394,"comment_status":"open","ping_status":"closed","sticky":false,"template":"","format":"standard","meta":{"footnotes":""},"categories":[14],"tags":[342,1110,1109,150,9796],"class_list":["post-3378","post","type-post","status-publish","format-standard","has-post-thumbnail","hentry","category-paranormal-spiritualitate","tag-calendar","tag-daci","tag-maya","tag-nasa","tag-paranormal-spiritualitate","resize-featured-image"],"yoast_head":"<!-- This site is optimized with the Yoast SEO Premium plugin v23.3 (Yoast SEO v27.4) - https:\/\/yoast.com\/product\/yoast-seo-premium-wordpress\/ -->\n<title>Calendarul dacic, mai precis dec\u00e2t cel maya\u015f (reper pentru NASA) - Secretele lui Lovendal<\/title>\n<meta name=\"robots\" content=\"index, follow, max-snippet:-1, max-image-preview:large, max-video-preview:-1\" \/>\n<link rel=\"canonical\" href=\"https:\/\/www.lovendal.ro\/wp52\/calendarul-dacic-mai-precis-decat-cel-mayas-reper-pentru-nasa\/\" \/>\n<meta property=\"og:locale\" content=\"ro_RO\" \/>\n<meta property=\"og:type\" content=\"article\" \/>\n<meta property=\"og:title\" content=\"Calendarul dacic, mai precis dec\u00e2t cel maya\u015f (reper pentru NASA)\" \/>\n<meta property=\"og:description\" content=\"Maya r\u0103m\u00e2ne \u00een continuare o civiliza\u0163ie misterioas\u0103, ap\u0103rut\u0103 din neant \u015fi cu o origine \u00eenc\u0103 nedeslu\u015fit\u0103, la fel ca \u00een cazul Sumerului, Indului sau Egiptului Antic.O civiliza\u0163ie cu un calendar inexplicabil de asem\u0103n\u0103tor cu cel al dacilor, cu date cosmice ... Cititi mai multe\" \/>\n<meta property=\"og:url\" content=\"https:\/\/www.lovendal.ro\/wp52\/calendarul-dacic-mai-precis-decat-cel-mayas-reper-pentru-nasa\/\" \/>\n<meta property=\"og:site_name\" content=\"Secretele lui Lovendal\" \/>\n<meta property=\"article:publisher\" content=\"https:\/\/www.facebook.com\/secreteleluilovendal\" \/>\n<meta property=\"article:published_time\" content=\"2009-02-16T05:29:07+00:00\" \/>\n<meta property=\"article:modified_time\" content=\"2009-02-17T09:20:22+00:00\" \/>\n<meta property=\"og:image\" content=\"https:\/\/www.lovendal.ro\/wp52\/wp-content\/uploads\/2009\/02\/calendarul-maya.jpg\" \/>\n\t<meta property=\"og:image:width\" content=\"390\" \/>\n\t<meta property=\"og:image:height\" content=\"272\" \/>\n\t<meta property=\"og:image:type\" content=\"image\/jpeg\" \/>\n<meta name=\"author\" content=\"admin\" \/>\n<meta name=\"twitter:card\" content=\"summary_large_image\" \/>\n<meta name=\"twitter:label1\" content=\"Scris de\" \/>\n\t<meta name=\"twitter:data1\" content=\"admin\" \/>\n\t<meta name=\"twitter:label2\" content=\"Timp estimat pentru citire\" \/>\n\t<meta name=\"twitter:data2\" content=\"1 minut\" \/>\n<script type=\"application\/ld+json\" class=\"yoast-schema-graph\">{\"@context\":\"https:\\\/\\\/schema.org\",\"@graph\":[{\"@type\":\"Article\",\"@id\":\"https:\\\/\\\/www.lovendal.ro\\\/wp52\\\/calendarul-dacic-mai-precis-decat-cel-mayas-reper-pentru-nasa\\\/#article\",\"isPartOf\":{\"@id\":\"https:\\\/\\\/www.lovendal.ro\\\/wp52\\\/calendarul-dacic-mai-precis-decat-cel-mayas-reper-pentru-nasa\\\/\"},\"author\":{\"name\":\"admin\",\"@id\":\"https:\\\/\\\/www.lovendal.ro\\\/wp52\\\/#\\\/schema\\\/person\\\/088691de5dfc346bb0c023e1e52ef5d9\"},\"headline\":\"Calendarul dacic, mai precis dec\u00e2t cel maya\u015f (reper pentru NASA)\",\"datePublished\":\"2009-02-16T05:29:07+00:00\",\"dateModified\":\"2009-02-17T09:20:22+00:00\",\"mainEntityOfPage\":{\"@id\":\"https:\\\/\\\/www.lovendal.ro\\\/wp52\\\/calendarul-dacic-mai-precis-decat-cel-mayas-reper-pentru-nasa\\\/\"},\"wordCount\":228,\"commentCount\":11,\"publisher\":{\"@id\":\"https:\\\/\\\/www.lovendal.ro\\\/wp52\\\/#organization\"},\"image\":{\"@id\":\"https:\\\/\\\/www.lovendal.ro\\\/wp52\\\/calendarul-dacic-mai-precis-decat-cel-mayas-reper-pentru-nasa\\\/#primaryimage\"},\"thumbnailUrl\":\"https:\\\/\\\/www.lovendal.ro\\\/wp52\\\/wp-content\\\/uploads\\\/2009\\\/02\\\/calendarul-maya.jpg\",\"keywords\":[\"calendar\",\"daci\",\"maya\",\"NASA\",\"Paranormal-Spiritualitate\"],\"articleSection\":[\"Paranormal-Spiritualitate\"],\"inLanguage\":\"ro-RO\",\"potentialAction\":[{\"@type\":\"CommentAction\",\"name\":\"Comment\",\"target\":[\"https:\\\/\\\/www.lovendal.ro\\\/wp52\\\/calendarul-dacic-mai-precis-decat-cel-mayas-reper-pentru-nasa\\\/#respond\"]}]},{\"@type\":\"WebPage\",\"@id\":\"https:\\\/\\\/www.lovendal.ro\\\/wp52\\\/calendarul-dacic-mai-precis-decat-cel-mayas-reper-pentru-nasa\\\/\",\"url\":\"https:\\\/\\\/www.lovendal.ro\\\/wp52\\\/calendarul-dacic-mai-precis-decat-cel-mayas-reper-pentru-nasa\\\/\",\"name\":\"Calendarul dacic, mai precis dec\u00e2t cel maya\u015f (reper pentru NASA) - Secretele lui Lovendal\",\"isPartOf\":{\"@id\":\"https:\\\/\\\/www.lovendal.ro\\\/wp52\\\/#website\"},\"primaryImageOfPage\":{\"@id\":\"https:\\\/\\\/www.lovendal.ro\\\/wp52\\\/calendarul-dacic-mai-precis-decat-cel-mayas-reper-pentru-nasa\\\/#primaryimage\"},\"image\":{\"@id\":\"https:\\\/\\\/www.lovendal.ro\\\/wp52\\\/calendarul-dacic-mai-precis-decat-cel-mayas-reper-pentru-nasa\\\/#primaryimage\"},\"thumbnailUrl\":\"https:\\\/\\\/www.lovendal.ro\\\/wp52\\\/wp-content\\\/uploads\\\/2009\\\/02\\\/calendarul-maya.jpg\",\"datePublished\":\"2009-02-16T05:29:07+00:00\",\"dateModified\":\"2009-02-17T09:20:22+00:00\",\"breadcrumb\":{\"@id\":\"https:\\\/\\\/www.lovendal.ro\\\/wp52\\\/calendarul-dacic-mai-precis-decat-cel-mayas-reper-pentru-nasa\\\/#breadcrumb\"},\"inLanguage\":\"ro-RO\",\"potentialAction\":[{\"@type\":\"ReadAction\",\"target\":[\"https:\\\/\\\/www.lovendal.ro\\\/wp52\\\/calendarul-dacic-mai-precis-decat-cel-mayas-reper-pentru-nasa\\\/\"]}]},{\"@type\":\"ImageObject\",\"inLanguage\":\"ro-RO\",\"@id\":\"https:\\\/\\\/www.lovendal.ro\\\/wp52\\\/calendarul-dacic-mai-precis-decat-cel-mayas-reper-pentru-nasa\\\/#primaryimage\",\"url\":\"https:\\\/\\\/www.lovendal.ro\\\/wp52\\\/wp-content\\\/uploads\\\/2009\\\/02\\\/calendarul-maya.jpg\",\"contentUrl\":\"https:\\\/\\\/www.lovendal.ro\\\/wp52\\\/wp-content\\\/uploads\\\/2009\\\/02\\\/calendarul-maya.jpg\",\"width\":\"390\",\"height\":\"272\"},{\"@type\":\"BreadcrumbList\",\"@id\":\"https:\\\/\\\/www.lovendal.ro\\\/wp52\\\/calendarul-dacic-mai-precis-decat-cel-mayas-reper-pentru-nasa\\\/#breadcrumb\",\"itemListElement\":[{\"@type\":\"ListItem\",\"position\":1,\"name\":\"Home\",\"item\":\"https:\\\/\\\/www.lovendal.ro\\\/wp52\\\/\"},{\"@type\":\"ListItem\",\"position\":2,\"name\":\"Calendarul dacic, mai precis dec\u00e2t cel maya\u015f (reper pentru NASA)\"}]},{\"@type\":\"WebSite\",\"@id\":\"https:\\\/\\\/www.lovendal.ro\\\/wp52\\\/#website\",\"url\":\"https:\\\/\\\/www.lovendal.ro\\\/wp52\\\/\",\"name\":\"Secretele lui Lovendal\",\"description\":\"Site de secrete, stiinta si metafizica - din 2008 -\",\"publisher\":{\"@id\":\"https:\\\/\\\/www.lovendal.ro\\\/wp52\\\/#organization\"},\"potentialAction\":[{\"@type\":\"SearchAction\",\"target\":{\"@type\":\"EntryPoint\",\"urlTemplate\":\"https:\\\/\\\/www.lovendal.ro\\\/wp52\\\/?s={search_term_string}\"},\"query-input\":{\"@type\":\"PropertyValueSpecification\",\"valueRequired\":true,\"valueName\":\"search_term_string\"}}],\"inLanguage\":\"ro-RO\"},{\"@type\":\"Organization\",\"@id\":\"https:\\\/\\\/www.lovendal.ro\\\/wp52\\\/#organization\",\"name\":\"Secretele lui Lovendal\",\"url\":\"https:\\\/\\\/www.lovendal.ro\\\/wp52\\\/\",\"logo\":{\"@type\":\"ImageObject\",\"inLanguage\":\"ro-RO\",\"@id\":\"https:\\\/\\\/www.lovendal.ro\\\/wp52\\\/#\\\/schema\\\/logo\\\/image\\\/\",\"url\":\"https:\\\/\\\/www.lovendal.ro\\\/wp52\\\/wp-content\\\/uploads\\\/2024\\\/06\\\/cropped-SLL-iun-2024-1.jpg\",\"contentUrl\":\"https:\\\/\\\/www.lovendal.ro\\\/wp52\\\/wp-content\\\/uploads\\\/2024\\\/06\\\/cropped-SLL-iun-2024-1.jpg\",\"width\":771,\"height\":240,\"caption\":\"Secretele lui Lovendal\"},\"image\":{\"@id\":\"https:\\\/\\\/www.lovendal.ro\\\/wp52\\\/#\\\/schema\\\/logo\\\/image\\\/\"},\"sameAs\":[\"https:\\\/\\\/www.facebook.com\\\/secreteleluilovendal\"]},{\"@type\":\"Person\",\"@id\":\"https:\\\/\\\/www.lovendal.ro\\\/wp52\\\/#\\\/schema\\\/person\\\/088691de5dfc346bb0c023e1e52ef5d9\",\"name\":\"admin\",\"image\":{\"@type\":\"ImageObject\",\"inLanguage\":\"ro-RO\",\"@id\":\"https:\\\/\\\/secure.gravatar.com\\\/avatar\\\/ecb9cd41f5f63c9c9b989999a59f6e2639a865ec361e9db054db0679a8f341c2?s=96&d=mm&r=g\",\"url\":\"https:\\\/\\\/secure.gravatar.com\\\/avatar\\\/ecb9cd41f5f63c9c9b989999a59f6e2639a865ec361e9db054db0679a8f341c2?s=96&d=mm&r=g\",\"contentUrl\":\"https:\\\/\\\/secure.gravatar.com\\\/avatar\\\/ecb9cd41f5f63c9c9b989999a59f6e2639a865ec361e9db054db0679a8f341c2?s=96&d=mm&r=g\",\"caption\":\"admin\"},\"sameAs\":[\"https:\\\/\\\/www.lovendal.ro\\\/wp52\"]}]}<\/script>\n<!-- \/ Yoast SEO Premium plugin. -->","yoast_head_json":{"title":"Calendarul dacic, mai precis dec\u00e2t cel maya\u015f (reper pentru NASA) - Secretele lui Lovendal","robots":{"index":"index","follow":"follow","max-snippet":"max-snippet:-1","max-image-preview":"max-image-preview:large","max-video-preview":"max-video-preview:-1"},"canonical":"https:\/\/www.lovendal.ro\/wp52\/calendarul-dacic-mai-precis-decat-cel-mayas-reper-pentru-nasa\/","og_locale":"ro_RO","og_type":"article","og_title":"Calendarul dacic, mai precis dec\u00e2t cel maya\u015f (reper pentru NASA)","og_description":"Maya r\u0103m\u00e2ne \u00een continuare o civiliza\u0163ie misterioas\u0103, ap\u0103rut\u0103 din neant \u015fi cu o origine \u00eenc\u0103 nedeslu\u015fit\u0103, la fel ca \u00een cazul Sumerului, Indului sau Egiptului Antic.O civiliza\u0163ie cu un calendar inexplicabil de asem\u0103n\u0103tor cu cel al dacilor, cu date cosmice ... Cititi mai multe","og_url":"https:\/\/www.lovendal.ro\/wp52\/calendarul-dacic-mai-precis-decat-cel-mayas-reper-pentru-nasa\/","og_site_name":"Secretele lui Lovendal","article_publisher":"https:\/\/www.facebook.com\/secreteleluilovendal","article_published_time":"2009-02-16T05:29:07+00:00","article_modified_time":"2009-02-17T09:20:22+00:00","og_image":[{"width":390,"height":272,"url":"https:\/\/www.lovendal.ro\/wp52\/wp-content\/uploads\/2009\/02\/calendarul-maya.jpg","type":"image\/jpeg"}],"author":"admin","twitter_card":"summary_large_image","twitter_misc":{"Scris de":"admin","Timp estimat pentru citire":"1 minut"},"schema":{"@context":"https:\/\/schema.org","@graph":[{"@type":"Article","@id":"https:\/\/www.lovendal.ro\/wp52\/calendarul-dacic-mai-precis-decat-cel-mayas-reper-pentru-nasa\/#article","isPartOf":{"@id":"https:\/\/www.lovendal.ro\/wp52\/calendarul-dacic-mai-precis-decat-cel-mayas-reper-pentru-nasa\/"},"author":{"name":"admin","@id":"https:\/\/www.lovendal.ro\/wp52\/#\/schema\/person\/088691de5dfc346bb0c023e1e52ef5d9"},"headline":"Calendarul dacic, mai precis dec\u00e2t cel maya\u015f (reper pentru NASA)","datePublished":"2009-02-16T05:29:07+00:00","dateModified":"2009-02-17T09:20:22+00:00","mainEntityOfPage":{"@id":"https:\/\/www.lovendal.ro\/wp52\/calendarul-dacic-mai-precis-decat-cel-mayas-reper-pentru-nasa\/"},"wordCount":228,"commentCount":11,"publisher":{"@id":"https:\/\/www.lovendal.ro\/wp52\/#organization"},"image":{"@id":"https:\/\/www.lovendal.ro\/wp52\/calendarul-dacic-mai-precis-decat-cel-mayas-reper-pentru-nasa\/#primaryimage"},"thumbnailUrl":"https:\/\/www.lovendal.ro\/wp52\/wp-content\/uploads\/2009\/02\/calendarul-maya.jpg","keywords":["calendar","daci","maya","NASA","Paranormal-Spiritualitate"],"articleSection":["Paranormal-Spiritualitate"],"inLanguage":"ro-RO","potentialAction":[{"@type":"CommentAction","name":"Comment","target":["https:\/\/www.lovendal.ro\/wp52\/calendarul-dacic-mai-precis-decat-cel-mayas-reper-pentru-nasa\/#respond"]}]},{"@type":"WebPage","@id":"https:\/\/www.lovendal.ro\/wp52\/calendarul-dacic-mai-precis-decat-cel-mayas-reper-pentru-nasa\/","url":"https:\/\/www.lovendal.ro\/wp52\/calendarul-dacic-mai-precis-decat-cel-mayas-reper-pentru-nasa\/","name":"Calendarul dacic, mai precis dec\u00e2t cel maya\u015f (reper pentru NASA) - Secretele lui Lovendal","isPartOf":{"@id":"https:\/\/www.lovendal.ro\/wp52\/#website"},"primaryImageOfPage":{"@id":"https:\/\/www.lovendal.ro\/wp52\/calendarul-dacic-mai-precis-decat-cel-mayas-reper-pentru-nasa\/#primaryimage"},"image":{"@id":"https:\/\/www.lovendal.ro\/wp52\/calendarul-dacic-mai-precis-decat-cel-mayas-reper-pentru-nasa\/#primaryimage"},"thumbnailUrl":"https:\/\/www.lovendal.ro\/wp52\/wp-content\/uploads\/2009\/02\/calendarul-maya.jpg","datePublished":"2009-02-16T05:29:07+00:00","dateModified":"2009-02-17T09:20:22+00:00","breadcrumb":{"@id":"https:\/\/www.lovendal.ro\/wp52\/calendarul-dacic-mai-precis-decat-cel-mayas-reper-pentru-nasa\/#breadcrumb"},"inLanguage":"ro-RO","potentialAction":[{"@type":"ReadAction","target":["https:\/\/www.lovendal.ro\/wp52\/calendarul-dacic-mai-precis-decat-cel-mayas-reper-pentru-nasa\/"]}]},{"@type":"ImageObject","inLanguage":"ro-RO","@id":"https:\/\/www.lovendal.ro\/wp52\/calendarul-dacic-mai-precis-decat-cel-mayas-reper-pentru-nasa\/#primaryimage","url":"https:\/\/www.lovendal.ro\/wp52\/wp-content\/uploads\/2009\/02\/calendarul-maya.jpg","contentUrl":"https:\/\/www.lovendal.ro\/wp52\/wp-content\/uploads\/2009\/02\/calendarul-maya.jpg","width":"390","height":"272"},{"@type":"BreadcrumbList","@id":"https:\/\/www.lovendal.ro\/wp52\/calendarul-dacic-mai-precis-decat-cel-mayas-reper-pentru-nasa\/#breadcrumb","itemListElement":[{"@type":"ListItem","position":1,"name":"Home","item":"https:\/\/www.lovendal.ro\/wp52\/"},{"@type":"ListItem","position":2,"name":"Calendarul dacic, mai precis dec\u00e2t cel maya\u015f (reper pentru NASA)"}]},{"@type":"WebSite","@id":"https:\/\/www.lovendal.ro\/wp52\/#website","url":"https:\/\/www.lovendal.ro\/wp52\/","name":"Secretele lui Lovendal","description":"Site de secrete, stiinta si metafizica - din 2008 -","publisher":{"@id":"https:\/\/www.lovendal.ro\/wp52\/#organization"},"potentialAction":[{"@type":"SearchAction","target":{"@type":"EntryPoint","urlTemplate":"https:\/\/www.lovendal.ro\/wp52\/?s={search_term_string}"},"query-input":{"@type":"PropertyValueSpecification","valueRequired":true,"valueName":"search_term_string"}}],"inLanguage":"ro-RO"},{"@type":"Organization","@id":"https:\/\/www.lovendal.ro\/wp52\/#organization","name":"Secretele lui Lovendal","url":"https:\/\/www.lovendal.ro\/wp52\/","logo":{"@type":"ImageObject","inLanguage":"ro-RO","@id":"https:\/\/www.lovendal.ro\/wp52\/#\/schema\/logo\/image\/","url":"https:\/\/www.lovendal.ro\/wp52\/wp-content\/uploads\/2024\/06\/cropped-SLL-iun-2024-1.jpg","contentUrl":"https:\/\/www.lovendal.ro\/wp52\/wp-content\/uploads\/2024\/06\/cropped-SLL-iun-2024-1.jpg","width":771,"height":240,"caption":"Secretele lui Lovendal"},"image":{"@id":"https:\/\/www.lovendal.ro\/wp52\/#\/schema\/logo\/image\/"},"sameAs":["https:\/\/www.facebook.com\/secreteleluilovendal"]},{"@type":"Person","@id":"https:\/\/www.lovendal.ro\/wp52\/#\/schema\/person\/088691de5dfc346bb0c023e1e52ef5d9","name":"admin","image":{"@type":"ImageObject","inLanguage":"ro-RO","@id":"https:\/\/secure.gravatar.com\/avatar\/ecb9cd41f5f63c9c9b989999a59f6e2639a865ec361e9db054db0679a8f341c2?s=96&d=mm&r=g","url":"https:\/\/secure.gravatar.com\/avatar\/ecb9cd41f5f63c9c9b989999a59f6e2639a865ec361e9db054db0679a8f341c2?s=96&d=mm&r=g","contentUrl":"https:\/\/secure.gravatar.com\/avatar\/ecb9cd41f5f63c9c9b989999a59f6e2639a865ec361e9db054db0679a8f341c2?s=96&d=mm&r=g","caption":"admin"},"sameAs":["https:\/\/www.lovendal.ro\/wp52"]}]}},"_links":{"self":[{"href":"https:\/\/www.lovendal.ro\/wp52\/wp-json\/wp\/v2\/posts\/3378","targetHints":{"allow":["GET"]}}],"collection":[{"href":"https:\/\/www.lovendal.ro\/wp52\/wp-json\/wp\/v2\/posts"}],"about":[{"href":"https:\/\/www.lovendal.ro\/wp52\/wp-json\/wp\/v2\/types\/post"}],"author":[{"embeddable":true,"href":"https:\/\/www.lovendal.ro\/wp52\/wp-json\/wp\/v2\/users\/1"}],"replies":[{"embeddable":true,"href":"https:\/\/www.lovendal.ro\/wp52\/wp-json\/wp\/v2\/comments?post=3378"}],"version-history":[{"count":0,"href":"https:\/\/www.lovendal.ro\/wp52\/wp-json\/wp\/v2\/posts\/3378\/revisions"}],"wp:featuredmedia":[{"embeddable":true,"href":"https:\/\/www.lovendal.ro\/wp52\/wp-json\/wp\/v2\/media\/3394"}],"wp:attachment":[{"href":"https:\/\/www.lovendal.ro\/wp52\/wp-json\/wp\/v2\/media?parent=3378"}],"wp:term":[{"taxonomy":"category","embeddable":true,"href":"https:\/\/www.lovendal.ro\/wp52\/wp-json\/wp\/v2\/categories?post=3378"},{"taxonomy":"post_tag","embeddable":true,"href":"https:\/\/www.lovendal.ro\/wp52\/wp-json\/wp\/v2\/tags?post=3378"}],"curies":[{"name":"wp","href":"https:\/\/api.w.org\/{rel}","templated":true}]}}