{"id":33761,"date":"2014-04-19T07:00:11","date_gmt":"2014-04-19T04:00:11","guid":{"rendered":"http:\/\/www.lovendal.ro\/wp52\/?p=33761"},"modified":"2014-04-19T01:06:27","modified_gmt":"2014-04-18T22:06:27","slug":"sa-i-multumim-vesnic-marthei-bibescu-daca-nu-ar-fi-fost-patrioata-arad-oradea-sau-satu-mare-erau-acum-orase-unguresti-sua-dorea-sa-ne-tradeze-aparand-interesele-maghiarilor","status":"publish","type":"post","link":"https:\/\/www.lovendal.ro\/wp52\/sa-i-multumim-vesnic-marthei-bibescu-daca-nu-ar-fi-fost-patrioata-arad-oradea-sau-satu-mare-erau-acum-orase-unguresti-sua-dorea-sa-ne-tradeze-aparand-interesele-maghiarilor\/","title":{"rendered":"S\u0103-i mul\u0163umim ve\u015fnic Marthei Bibescu! Dac\u0103 nu ar fi fost patrioat\u0103, Arad, Oradea sau Satu Mare erau acum ora\u015fe ungure\u015fti! SUA dorea s\u0103 ne tr\u0103deze, ap\u0103r\u00e2nd interesele maghiarilor!"},"content":{"rendered":"<p><a href=\"https:\/\/www.lovendal.ro\/wp52\/wp-content\/uploads\/2014\/04\/Martha-Bibescu.jpg\"><img loading=\"lazy\" decoding=\"async\" class=\"alignleft size-full wp-image-33762\" alt=\"Martha Bibescu\" src=\"https:\/\/www.lovendal.ro\/wp52\/wp-content\/uploads\/2014\/04\/Martha-Bibescu.jpg\" width=\"335\" height=\"327\" srcset=\"https:\/\/www.lovendal.ro\/wp52\/wp-content\/uploads\/2014\/04\/Martha-Bibescu.jpg 335w, https:\/\/www.lovendal.ro\/wp52\/wp-content\/uploads\/2014\/04\/Martha-Bibescu-300x292.jpg 300w\" sizes=\"auto, (max-width: 335px) 100vw, 335px\" \/><\/a>Rom\u00e2nii ar trebui s\u0103 \u00eei fie recunosc\u0103tori pe vecie Marthei Bibescu, o adev\u0103rat\u0103 patrioat\u0103, cum rar mai \u00eent\u00e2lne\u015fti \u00een ziua de ast\u0103zi. Romancier\u0103, scriitoare, dar \u015fi implicat\u0103 \u00een politic\u0103, Martha Bibescu, folosindu-se de inteligen\u0163a personal\u0103, a devenit iubita Lordului Thompson, reprezentantul Marii Britanii \u00een Consiliul Superior de la Versailles, creat la sf\u00e2r\u015fitul primului r\u0103zboi mondial. Lordul Thompson a ac\u0163ionat pe toat\u0103 durata negocierilor ca un veritabil agent de influen\u0163\u0103 al Rom\u00e2niei; Martha Bibescu s-a deplasat la Paris, unde a stat pe toat\u0103 durata negocierilor de pace, \u0163in\u00e2nd o str\u00e2ns\u0103 leg\u0103tur\u0103 cu Lordul Thompson.<\/p>\n<p>\u00cen iunie 1920 s-a semnat tratatul de la Trianon, care consfin\u0163ea grani\u0163ele definitive dintre Ungaria \u015fi Rom\u00e2nia. La Trianon au fost discutate mai multe variante ale traseului frontierei dintre Rom\u00e2nia Mare \u015fi Ungaria. Varianta cea mai favorabil\u0103 Rom\u00e2niei a fost sustinut\u0103 de c\u0103tre delega\u0163ia Marii Britanii, din care f\u0103cea parte \u015fi Lordul Thompson. Foarte nefavorabil era proiectul de frontier\u0103 sus\u0163inut de c\u0103tre delega\u0163ia S.U.A. Dac\u0103 acesta ar fi fost adoptat, atunci ora\u015fele Arad, Salonta, Oradea, Carei \u015fi Satu Mare ar fi revenit Ungariei. Interesant este faptul c\u0103, la Conferin\u0163a de Pace de la Paris din 1947, Budapesta a insistat ca frontiera dintre Ungaria \u015fi Rom\u00e2nia s\u0103 fie exact cea propus\u0103 de c\u0103tre S.U.A la Trianon. Washingtonul era de aceea\u015fi p\u0103rere.<\/p>\n<p>A nu se uita c\u0103 Martha Bibescu avea o p\u0103rere foarte proast\u0103 despre SUA, a\u015fa cum spuneam \u015fi eu \u00een articolul acesta (<a href=\"https:\/\/www.lovendal.ro\/wp52\/martha-bibescu-credea-despre-sua-ca-este-o-asa-zisa-democratie\/\" target=\"_blank\"><strong>Martha Bibescu credea despre SUA c\u0103 este \u201co a\u015fa-zis\u0103 democra\u0163ie\u201d<\/strong><\/a>). Ea a petrecut o perioad\u0103 \u00een America, afirm\u00e2nd c\u0103 &#8222;<em>\u015eederea mea la Washington mi-a m\u0103rit \u00eendoielile \u00een ceea ce prive\u015fte a\u015fa-zisa mare democra\u0163ie american\u0103\u201d<\/em>. Noi atunci de ce mai privim cu at\u00e2t de mult\u0103 admira\u0163ie c\u0103tre Statele Unite?<\/p>\n","protected":false},"excerpt":{"rendered":"<p>Rom\u00e2nii ar trebui s\u0103 \u00eei fie recunosc\u0103tori pe vecie Marthei Bibescu, o adev\u0103rat\u0103 patrioat\u0103, cum rar mai \u00eent\u00e2lne\u015fti \u00een ziua de ast\u0103zi. Romancier\u0103, scriitoare, dar \u015fi implicat\u0103 \u00een politic\u0103, Martha Bibescu, folosindu-se de inteligen\u0163a personal\u0103, a devenit iubita Lordului Thompson, &#8230; <\/p>\n<p class=\"read-more-container\"><a title=\"S\u0103-i mul\u0163umim ve\u015fnic Marthei Bibescu! Dac\u0103 nu ar fi fost patrioat\u0103, Arad, Oradea sau Satu Mare erau acum ora\u015fe ungure\u015fti! SUA dorea s\u0103 ne tr\u0103deze, ap\u0103r\u00e2nd interesele maghiarilor!\" class=\"read-more button\" href=\"https:\/\/www.lovendal.ro\/wp52\/sa-i-multumim-vesnic-marthei-bibescu-daca-nu-ar-fi-fost-patrioata-arad-oradea-sau-satu-mare-erau-acum-orase-unguresti-sua-dorea-sa-ne-tradeze-aparand-interesele-maghiarilor\/#more-33761\" aria-label=\"Cite\u0219te mai multe despre S\u0103-i mul\u0163umim ve\u015fnic Marthei Bibescu! Dac\u0103 nu ar fi fost patrioat\u0103, Arad, Oradea sau Satu Mare erau acum ora\u015fe ungure\u015fti! SUA dorea s\u0103 ne tr\u0103deze, ap\u0103r\u00e2nd interesele maghiarilor!\">Cititi mai multe<\/a><\/p>\n","protected":false},"author":1,"featured_media":33762,"comment_status":"open","ping_status":"open","sticky":false,"template":"","format":"standard","meta":{"footnotes":""},"categories":[9,2833],"tags":[4952,1506,7179,1532,392,2892,8016,1220,74,8017,23,3025,591,1836,422],"class_list":["post-33761","post","type-post","status-publish","format-standard","has-post-thumbnail","hentry","category-istorie","category-noutati","tag-arad","tag-democratie","tag-granita","tag-istorie-si-civilizatii","tag-marea-britanie","tag-martha-bibescu","tag-oradea","tag-primul-razboi-mondial","tag-romania","tag-satu-mare","tag-sua","tag-trianon","tag-ungaria","tag-versailles","tag-washington","resize-featured-image"],"yoast_head":"<!-- This site is optimized with the Yoast SEO Premium plugin v23.3 (Yoast SEO v27.4) - https:\/\/yoast.com\/product\/yoast-seo-premium-wordpress\/ -->\n<title>S\u0103-i mul\u0163umim ve\u015fnic Marthei Bibescu! Dac\u0103 nu ar fi fost patrioat\u0103, Arad, Oradea sau Satu Mare erau acum ora\u015fe ungure\u015fti! SUA dorea s\u0103 ne tr\u0103deze, ap\u0103r\u00e2nd interesele maghiarilor! - Secretele lui Lovendal<\/title>\n<meta name=\"robots\" content=\"index, follow, max-snippet:-1, max-image-preview:large, max-video-preview:-1\" \/>\n<link rel=\"canonical\" href=\"https:\/\/www.lovendal.ro\/wp52\/sa-i-multumim-vesnic-marthei-bibescu-daca-nu-ar-fi-fost-patrioata-arad-oradea-sau-satu-mare-erau-acum-orase-unguresti-sua-dorea-sa-ne-tradeze-aparand-interesele-maghiarilor\/\" \/>\n<meta property=\"og:locale\" content=\"ro_RO\" \/>\n<meta property=\"og:type\" content=\"article\" \/>\n<meta property=\"og:title\" content=\"S\u0103-i mul\u0163umim ve\u015fnic Marthei Bibescu! Dac\u0103 nu ar fi fost patrioat\u0103, Arad, Oradea sau Satu Mare erau acum ora\u015fe ungure\u015fti! SUA dorea s\u0103 ne tr\u0103deze, ap\u0103r\u00e2nd interesele maghiarilor!\" \/>\n<meta property=\"og:description\" content=\"Rom\u00e2nii ar trebui s\u0103 \u00eei fie recunosc\u0103tori pe vecie Marthei Bibescu, o adev\u0103rat\u0103 patrioat\u0103, cum rar mai \u00eent\u00e2lne\u015fti \u00een ziua de ast\u0103zi. Romancier\u0103, scriitoare, dar \u015fi implicat\u0103 \u00een politic\u0103, Martha Bibescu, folosindu-se de inteligen\u0163a personal\u0103, a devenit iubita Lordului Thompson, ... Cititi mai multe\" \/>\n<meta property=\"og:url\" content=\"https:\/\/www.lovendal.ro\/wp52\/sa-i-multumim-vesnic-marthei-bibescu-daca-nu-ar-fi-fost-patrioata-arad-oradea-sau-satu-mare-erau-acum-orase-unguresti-sua-dorea-sa-ne-tradeze-aparand-interesele-maghiarilor\/\" \/>\n<meta property=\"og:site_name\" content=\"Secretele lui Lovendal\" \/>\n<meta property=\"article:publisher\" content=\"https:\/\/www.facebook.com\/secreteleluilovendal\" \/>\n<meta property=\"article:published_time\" content=\"2014-04-19T04:00:11+00:00\" \/>\n<meta property=\"og:image\" content=\"https:\/\/www.lovendal.ro\/wp52\/wp-content\/uploads\/2014\/04\/Martha-Bibescu.jpg\" \/>\n\t<meta property=\"og:image:width\" content=\"335\" \/>\n\t<meta property=\"og:image:height\" content=\"327\" \/>\n\t<meta property=\"og:image:type\" content=\"image\/jpeg\" \/>\n<meta name=\"author\" content=\"admin\" \/>\n<meta name=\"twitter:card\" content=\"summary_large_image\" \/>\n<meta name=\"twitter:label1\" content=\"Scris de\" \/>\n\t<meta name=\"twitter:data1\" content=\"admin\" \/>\n\t<meta name=\"twitter:label2\" content=\"Timp estimat pentru citire\" \/>\n\t<meta name=\"twitter:data2\" content=\"2 minute\" \/>\n<script type=\"application\/ld+json\" class=\"yoast-schema-graph\">{\"@context\":\"https:\\\/\\\/schema.org\",\"@graph\":[{\"@type\":\"Article\",\"@id\":\"https:\\\/\\\/www.lovendal.ro\\\/wp52\\\/sa-i-multumim-vesnic-marthei-bibescu-daca-nu-ar-fi-fost-patrioata-arad-oradea-sau-satu-mare-erau-acum-orase-unguresti-sua-dorea-sa-ne-tradeze-aparand-interesele-maghiarilor\\\/#article\",\"isPartOf\":{\"@id\":\"https:\\\/\\\/www.lovendal.ro\\\/wp52\\\/sa-i-multumim-vesnic-marthei-bibescu-daca-nu-ar-fi-fost-patrioata-arad-oradea-sau-satu-mare-erau-acum-orase-unguresti-sua-dorea-sa-ne-tradeze-aparand-interesele-maghiarilor\\\/\"},\"author\":{\"name\":\"admin\",\"@id\":\"https:\\\/\\\/www.lovendal.ro\\\/wp52\\\/#\\\/schema\\\/person\\\/088691de5dfc346bb0c023e1e52ef5d9\"},\"headline\":\"S\u0103-i mul\u0163umim ve\u015fnic Marthei Bibescu! Dac\u0103 nu ar fi fost patrioat\u0103, Arad, Oradea sau Satu Mare erau acum ora\u015fe ungure\u015fti! SUA dorea s\u0103 ne tr\u0103deze, ap\u0103r\u00e2nd interesele maghiarilor!\",\"datePublished\":\"2014-04-19T04:00:11+00:00\",\"mainEntityOfPage\":{\"@id\":\"https:\\\/\\\/www.lovendal.ro\\\/wp52\\\/sa-i-multumim-vesnic-marthei-bibescu-daca-nu-ar-fi-fost-patrioata-arad-oradea-sau-satu-mare-erau-acum-orase-unguresti-sua-dorea-sa-ne-tradeze-aparand-interesele-maghiarilor\\\/\"},\"wordCount\":365,\"commentCount\":9,\"publisher\":{\"@id\":\"https:\\\/\\\/www.lovendal.ro\\\/wp52\\\/#organization\"},\"image\":{\"@id\":\"https:\\\/\\\/www.lovendal.ro\\\/wp52\\\/sa-i-multumim-vesnic-marthei-bibescu-daca-nu-ar-fi-fost-patrioata-arad-oradea-sau-satu-mare-erau-acum-orase-unguresti-sua-dorea-sa-ne-tradeze-aparand-interesele-maghiarilor\\\/#primaryimage\"},\"thumbnailUrl\":\"https:\\\/\\\/www.lovendal.ro\\\/wp52\\\/wp-content\\\/uploads\\\/2014\\\/04\\\/Martha-Bibescu.jpg\",\"keywords\":[\"Arad\",\"democra\u0163ie\",\"grani\u0163\u0103\",\"Istorie si Civilizatii\",\"Marea Britanie\",\"Martha Bibescu\",\"Oradea\",\"primul r\u0103zboi mondial\",\"Rom\u00e2nia\",\"Satu Mare\",\"SUA\",\"Trianon\",\"Ungaria\",\"Versailles\",\"Washington\"],\"articleSection\":[\"Istorie si Civilizatii\",\"Noutati\"],\"inLanguage\":\"ro-RO\",\"potentialAction\":[{\"@type\":\"CommentAction\",\"name\":\"Comment\",\"target\":[\"https:\\\/\\\/www.lovendal.ro\\\/wp52\\\/sa-i-multumim-vesnic-marthei-bibescu-daca-nu-ar-fi-fost-patrioata-arad-oradea-sau-satu-mare-erau-acum-orase-unguresti-sua-dorea-sa-ne-tradeze-aparand-interesele-maghiarilor\\\/#respond\"]}]},{\"@type\":\"WebPage\",\"@id\":\"https:\\\/\\\/www.lovendal.ro\\\/wp52\\\/sa-i-multumim-vesnic-marthei-bibescu-daca-nu-ar-fi-fost-patrioata-arad-oradea-sau-satu-mare-erau-acum-orase-unguresti-sua-dorea-sa-ne-tradeze-aparand-interesele-maghiarilor\\\/\",\"url\":\"https:\\\/\\\/www.lovendal.ro\\\/wp52\\\/sa-i-multumim-vesnic-marthei-bibescu-daca-nu-ar-fi-fost-patrioata-arad-oradea-sau-satu-mare-erau-acum-orase-unguresti-sua-dorea-sa-ne-tradeze-aparand-interesele-maghiarilor\\\/\",\"name\":\"S\u0103-i mul\u0163umim ve\u015fnic Marthei Bibescu! Dac\u0103 nu ar fi fost patrioat\u0103, Arad, Oradea sau Satu Mare erau acum ora\u015fe ungure\u015fti! SUA dorea s\u0103 ne tr\u0103deze, ap\u0103r\u00e2nd interesele maghiarilor! - Secretele lui Lovendal\",\"isPartOf\":{\"@id\":\"https:\\\/\\\/www.lovendal.ro\\\/wp52\\\/#website\"},\"primaryImageOfPage\":{\"@id\":\"https:\\\/\\\/www.lovendal.ro\\\/wp52\\\/sa-i-multumim-vesnic-marthei-bibescu-daca-nu-ar-fi-fost-patrioata-arad-oradea-sau-satu-mare-erau-acum-orase-unguresti-sua-dorea-sa-ne-tradeze-aparand-interesele-maghiarilor\\\/#primaryimage\"},\"image\":{\"@id\":\"https:\\\/\\\/www.lovendal.ro\\\/wp52\\\/sa-i-multumim-vesnic-marthei-bibescu-daca-nu-ar-fi-fost-patrioata-arad-oradea-sau-satu-mare-erau-acum-orase-unguresti-sua-dorea-sa-ne-tradeze-aparand-interesele-maghiarilor\\\/#primaryimage\"},\"thumbnailUrl\":\"https:\\\/\\\/www.lovendal.ro\\\/wp52\\\/wp-content\\\/uploads\\\/2014\\\/04\\\/Martha-Bibescu.jpg\",\"datePublished\":\"2014-04-19T04:00:11+00:00\",\"breadcrumb\":{\"@id\":\"https:\\\/\\\/www.lovendal.ro\\\/wp52\\\/sa-i-multumim-vesnic-marthei-bibescu-daca-nu-ar-fi-fost-patrioata-arad-oradea-sau-satu-mare-erau-acum-orase-unguresti-sua-dorea-sa-ne-tradeze-aparand-interesele-maghiarilor\\\/#breadcrumb\"},\"inLanguage\":\"ro-RO\",\"potentialAction\":[{\"@type\":\"ReadAction\",\"target\":[\"https:\\\/\\\/www.lovendal.ro\\\/wp52\\\/sa-i-multumim-vesnic-marthei-bibescu-daca-nu-ar-fi-fost-patrioata-arad-oradea-sau-satu-mare-erau-acum-orase-unguresti-sua-dorea-sa-ne-tradeze-aparand-interesele-maghiarilor\\\/\"]}]},{\"@type\":\"ImageObject\",\"inLanguage\":\"ro-RO\",\"@id\":\"https:\\\/\\\/www.lovendal.ro\\\/wp52\\\/sa-i-multumim-vesnic-marthei-bibescu-daca-nu-ar-fi-fost-patrioata-arad-oradea-sau-satu-mare-erau-acum-orase-unguresti-sua-dorea-sa-ne-tradeze-aparand-interesele-maghiarilor\\\/#primaryimage\",\"url\":\"https:\\\/\\\/www.lovendal.ro\\\/wp52\\\/wp-content\\\/uploads\\\/2014\\\/04\\\/Martha-Bibescu.jpg\",\"contentUrl\":\"https:\\\/\\\/www.lovendal.ro\\\/wp52\\\/wp-content\\\/uploads\\\/2014\\\/04\\\/Martha-Bibescu.jpg\",\"width\":335,\"height\":327},{\"@type\":\"BreadcrumbList\",\"@id\":\"https:\\\/\\\/www.lovendal.ro\\\/wp52\\\/sa-i-multumim-vesnic-marthei-bibescu-daca-nu-ar-fi-fost-patrioata-arad-oradea-sau-satu-mare-erau-acum-orase-unguresti-sua-dorea-sa-ne-tradeze-aparand-interesele-maghiarilor\\\/#breadcrumb\",\"itemListElement\":[{\"@type\":\"ListItem\",\"position\":1,\"name\":\"Home\",\"item\":\"https:\\\/\\\/www.lovendal.ro\\\/wp52\\\/\"},{\"@type\":\"ListItem\",\"position\":2,\"name\":\"S\u0103-i mul\u0163umim ve\u015fnic Marthei Bibescu! Dac\u0103 nu ar fi fost patrioat\u0103, Arad, Oradea sau Satu Mare erau acum ora\u015fe ungure\u015fti! SUA dorea s\u0103 ne tr\u0103deze, ap\u0103r\u00e2nd interesele maghiarilor!\"}]},{\"@type\":\"WebSite\",\"@id\":\"https:\\\/\\\/www.lovendal.ro\\\/wp52\\\/#website\",\"url\":\"https:\\\/\\\/www.lovendal.ro\\\/wp52\\\/\",\"name\":\"Secretele lui Lovendal\",\"description\":\"Site de secrete, stiinta si metafizica - din 2008 -\",\"publisher\":{\"@id\":\"https:\\\/\\\/www.lovendal.ro\\\/wp52\\\/#organization\"},\"potentialAction\":[{\"@type\":\"SearchAction\",\"target\":{\"@type\":\"EntryPoint\",\"urlTemplate\":\"https:\\\/\\\/www.lovendal.ro\\\/wp52\\\/?s={search_term_string}\"},\"query-input\":{\"@type\":\"PropertyValueSpecification\",\"valueRequired\":true,\"valueName\":\"search_term_string\"}}],\"inLanguage\":\"ro-RO\"},{\"@type\":\"Organization\",\"@id\":\"https:\\\/\\\/www.lovendal.ro\\\/wp52\\\/#organization\",\"name\":\"Secretele lui Lovendal\",\"url\":\"https:\\\/\\\/www.lovendal.ro\\\/wp52\\\/\",\"logo\":{\"@type\":\"ImageObject\",\"inLanguage\":\"ro-RO\",\"@id\":\"https:\\\/\\\/www.lovendal.ro\\\/wp52\\\/#\\\/schema\\\/logo\\\/image\\\/\",\"url\":\"https:\\\/\\\/www.lovendal.ro\\\/wp52\\\/wp-content\\\/uploads\\\/2024\\\/06\\\/cropped-SLL-iun-2024-1.jpg\",\"contentUrl\":\"https:\\\/\\\/www.lovendal.ro\\\/wp52\\\/wp-content\\\/uploads\\\/2024\\\/06\\\/cropped-SLL-iun-2024-1.jpg\",\"width\":771,\"height\":240,\"caption\":\"Secretele lui Lovendal\"},\"image\":{\"@id\":\"https:\\\/\\\/www.lovendal.ro\\\/wp52\\\/#\\\/schema\\\/logo\\\/image\\\/\"},\"sameAs\":[\"https:\\\/\\\/www.facebook.com\\\/secreteleluilovendal\"]},{\"@type\":\"Person\",\"@id\":\"https:\\\/\\\/www.lovendal.ro\\\/wp52\\\/#\\\/schema\\\/person\\\/088691de5dfc346bb0c023e1e52ef5d9\",\"name\":\"admin\",\"image\":{\"@type\":\"ImageObject\",\"inLanguage\":\"ro-RO\",\"@id\":\"https:\\\/\\\/secure.gravatar.com\\\/avatar\\\/ecb9cd41f5f63c9c9b989999a59f6e2639a865ec361e9db054db0679a8f341c2?s=96&d=mm&r=g\",\"url\":\"https:\\\/\\\/secure.gravatar.com\\\/avatar\\\/ecb9cd41f5f63c9c9b989999a59f6e2639a865ec361e9db054db0679a8f341c2?s=96&d=mm&r=g\",\"contentUrl\":\"https:\\\/\\\/secure.gravatar.com\\\/avatar\\\/ecb9cd41f5f63c9c9b989999a59f6e2639a865ec361e9db054db0679a8f341c2?s=96&d=mm&r=g\",\"caption\":\"admin\"},\"sameAs\":[\"https:\\\/\\\/www.lovendal.ro\\\/wp52\"]}]}<\/script>\n<!-- \/ Yoast SEO Premium plugin. -->","yoast_head_json":{"title":"S\u0103-i mul\u0163umim ve\u015fnic Marthei Bibescu! Dac\u0103 nu ar fi fost patrioat\u0103, Arad, Oradea sau Satu Mare erau acum ora\u015fe ungure\u015fti! SUA dorea s\u0103 ne tr\u0103deze, ap\u0103r\u00e2nd interesele maghiarilor! - Secretele lui Lovendal","robots":{"index":"index","follow":"follow","max-snippet":"max-snippet:-1","max-image-preview":"max-image-preview:large","max-video-preview":"max-video-preview:-1"},"canonical":"https:\/\/www.lovendal.ro\/wp52\/sa-i-multumim-vesnic-marthei-bibescu-daca-nu-ar-fi-fost-patrioata-arad-oradea-sau-satu-mare-erau-acum-orase-unguresti-sua-dorea-sa-ne-tradeze-aparand-interesele-maghiarilor\/","og_locale":"ro_RO","og_type":"article","og_title":"S\u0103-i mul\u0163umim ve\u015fnic Marthei Bibescu! Dac\u0103 nu ar fi fost patrioat\u0103, Arad, Oradea sau Satu Mare erau acum ora\u015fe ungure\u015fti! SUA dorea s\u0103 ne tr\u0103deze, ap\u0103r\u00e2nd interesele maghiarilor!","og_description":"Rom\u00e2nii ar trebui s\u0103 \u00eei fie recunosc\u0103tori pe vecie Marthei Bibescu, o adev\u0103rat\u0103 patrioat\u0103, cum rar mai \u00eent\u00e2lne\u015fti \u00een ziua de ast\u0103zi. Romancier\u0103, scriitoare, dar \u015fi implicat\u0103 \u00een politic\u0103, Martha Bibescu, folosindu-se de inteligen\u0163a personal\u0103, a devenit iubita Lordului Thompson, ... Cititi mai multe","og_url":"https:\/\/www.lovendal.ro\/wp52\/sa-i-multumim-vesnic-marthei-bibescu-daca-nu-ar-fi-fost-patrioata-arad-oradea-sau-satu-mare-erau-acum-orase-unguresti-sua-dorea-sa-ne-tradeze-aparand-interesele-maghiarilor\/","og_site_name":"Secretele lui Lovendal","article_publisher":"https:\/\/www.facebook.com\/secreteleluilovendal","article_published_time":"2014-04-19T04:00:11+00:00","og_image":[{"width":335,"height":327,"url":"https:\/\/www.lovendal.ro\/wp52\/wp-content\/uploads\/2014\/04\/Martha-Bibescu.jpg","type":"image\/jpeg"}],"author":"admin","twitter_card":"summary_large_image","twitter_misc":{"Scris de":"admin","Timp estimat pentru citire":"2 minute"},"schema":{"@context":"https:\/\/schema.org","@graph":[{"@type":"Article","@id":"https:\/\/www.lovendal.ro\/wp52\/sa-i-multumim-vesnic-marthei-bibescu-daca-nu-ar-fi-fost-patrioata-arad-oradea-sau-satu-mare-erau-acum-orase-unguresti-sua-dorea-sa-ne-tradeze-aparand-interesele-maghiarilor\/#article","isPartOf":{"@id":"https:\/\/www.lovendal.ro\/wp52\/sa-i-multumim-vesnic-marthei-bibescu-daca-nu-ar-fi-fost-patrioata-arad-oradea-sau-satu-mare-erau-acum-orase-unguresti-sua-dorea-sa-ne-tradeze-aparand-interesele-maghiarilor\/"},"author":{"name":"admin","@id":"https:\/\/www.lovendal.ro\/wp52\/#\/schema\/person\/088691de5dfc346bb0c023e1e52ef5d9"},"headline":"S\u0103-i mul\u0163umim ve\u015fnic Marthei Bibescu! Dac\u0103 nu ar fi fost patrioat\u0103, Arad, Oradea sau Satu Mare erau acum ora\u015fe ungure\u015fti! SUA dorea s\u0103 ne tr\u0103deze, ap\u0103r\u00e2nd interesele maghiarilor!","datePublished":"2014-04-19T04:00:11+00:00","mainEntityOfPage":{"@id":"https:\/\/www.lovendal.ro\/wp52\/sa-i-multumim-vesnic-marthei-bibescu-daca-nu-ar-fi-fost-patrioata-arad-oradea-sau-satu-mare-erau-acum-orase-unguresti-sua-dorea-sa-ne-tradeze-aparand-interesele-maghiarilor\/"},"wordCount":365,"commentCount":9,"publisher":{"@id":"https:\/\/www.lovendal.ro\/wp52\/#organization"},"image":{"@id":"https:\/\/www.lovendal.ro\/wp52\/sa-i-multumim-vesnic-marthei-bibescu-daca-nu-ar-fi-fost-patrioata-arad-oradea-sau-satu-mare-erau-acum-orase-unguresti-sua-dorea-sa-ne-tradeze-aparand-interesele-maghiarilor\/#primaryimage"},"thumbnailUrl":"https:\/\/www.lovendal.ro\/wp52\/wp-content\/uploads\/2014\/04\/Martha-Bibescu.jpg","keywords":["Arad","democra\u0163ie","grani\u0163\u0103","Istorie si Civilizatii","Marea Britanie","Martha Bibescu","Oradea","primul r\u0103zboi mondial","Rom\u00e2nia","Satu Mare","SUA","Trianon","Ungaria","Versailles","Washington"],"articleSection":["Istorie si Civilizatii","Noutati"],"inLanguage":"ro-RO","potentialAction":[{"@type":"CommentAction","name":"Comment","target":["https:\/\/www.lovendal.ro\/wp52\/sa-i-multumim-vesnic-marthei-bibescu-daca-nu-ar-fi-fost-patrioata-arad-oradea-sau-satu-mare-erau-acum-orase-unguresti-sua-dorea-sa-ne-tradeze-aparand-interesele-maghiarilor\/#respond"]}]},{"@type":"WebPage","@id":"https:\/\/www.lovendal.ro\/wp52\/sa-i-multumim-vesnic-marthei-bibescu-daca-nu-ar-fi-fost-patrioata-arad-oradea-sau-satu-mare-erau-acum-orase-unguresti-sua-dorea-sa-ne-tradeze-aparand-interesele-maghiarilor\/","url":"https:\/\/www.lovendal.ro\/wp52\/sa-i-multumim-vesnic-marthei-bibescu-daca-nu-ar-fi-fost-patrioata-arad-oradea-sau-satu-mare-erau-acum-orase-unguresti-sua-dorea-sa-ne-tradeze-aparand-interesele-maghiarilor\/","name":"S\u0103-i mul\u0163umim ve\u015fnic Marthei Bibescu! Dac\u0103 nu ar fi fost patrioat\u0103, Arad, Oradea sau Satu Mare erau acum ora\u015fe ungure\u015fti! SUA dorea s\u0103 ne tr\u0103deze, ap\u0103r\u00e2nd interesele maghiarilor! - Secretele lui Lovendal","isPartOf":{"@id":"https:\/\/www.lovendal.ro\/wp52\/#website"},"primaryImageOfPage":{"@id":"https:\/\/www.lovendal.ro\/wp52\/sa-i-multumim-vesnic-marthei-bibescu-daca-nu-ar-fi-fost-patrioata-arad-oradea-sau-satu-mare-erau-acum-orase-unguresti-sua-dorea-sa-ne-tradeze-aparand-interesele-maghiarilor\/#primaryimage"},"image":{"@id":"https:\/\/www.lovendal.ro\/wp52\/sa-i-multumim-vesnic-marthei-bibescu-daca-nu-ar-fi-fost-patrioata-arad-oradea-sau-satu-mare-erau-acum-orase-unguresti-sua-dorea-sa-ne-tradeze-aparand-interesele-maghiarilor\/#primaryimage"},"thumbnailUrl":"https:\/\/www.lovendal.ro\/wp52\/wp-content\/uploads\/2014\/04\/Martha-Bibescu.jpg","datePublished":"2014-04-19T04:00:11+00:00","breadcrumb":{"@id":"https:\/\/www.lovendal.ro\/wp52\/sa-i-multumim-vesnic-marthei-bibescu-daca-nu-ar-fi-fost-patrioata-arad-oradea-sau-satu-mare-erau-acum-orase-unguresti-sua-dorea-sa-ne-tradeze-aparand-interesele-maghiarilor\/#breadcrumb"},"inLanguage":"ro-RO","potentialAction":[{"@type":"ReadAction","target":["https:\/\/www.lovendal.ro\/wp52\/sa-i-multumim-vesnic-marthei-bibescu-daca-nu-ar-fi-fost-patrioata-arad-oradea-sau-satu-mare-erau-acum-orase-unguresti-sua-dorea-sa-ne-tradeze-aparand-interesele-maghiarilor\/"]}]},{"@type":"ImageObject","inLanguage":"ro-RO","@id":"https:\/\/www.lovendal.ro\/wp52\/sa-i-multumim-vesnic-marthei-bibescu-daca-nu-ar-fi-fost-patrioata-arad-oradea-sau-satu-mare-erau-acum-orase-unguresti-sua-dorea-sa-ne-tradeze-aparand-interesele-maghiarilor\/#primaryimage","url":"https:\/\/www.lovendal.ro\/wp52\/wp-content\/uploads\/2014\/04\/Martha-Bibescu.jpg","contentUrl":"https:\/\/www.lovendal.ro\/wp52\/wp-content\/uploads\/2014\/04\/Martha-Bibescu.jpg","width":335,"height":327},{"@type":"BreadcrumbList","@id":"https:\/\/www.lovendal.ro\/wp52\/sa-i-multumim-vesnic-marthei-bibescu-daca-nu-ar-fi-fost-patrioata-arad-oradea-sau-satu-mare-erau-acum-orase-unguresti-sua-dorea-sa-ne-tradeze-aparand-interesele-maghiarilor\/#breadcrumb","itemListElement":[{"@type":"ListItem","position":1,"name":"Home","item":"https:\/\/www.lovendal.ro\/wp52\/"},{"@type":"ListItem","position":2,"name":"S\u0103-i mul\u0163umim ve\u015fnic Marthei Bibescu! Dac\u0103 nu ar fi fost patrioat\u0103, Arad, Oradea sau Satu Mare erau acum ora\u015fe ungure\u015fti! SUA dorea s\u0103 ne tr\u0103deze, ap\u0103r\u00e2nd interesele maghiarilor!"}]},{"@type":"WebSite","@id":"https:\/\/www.lovendal.ro\/wp52\/#website","url":"https:\/\/www.lovendal.ro\/wp52\/","name":"Secretele lui Lovendal","description":"Site de secrete, stiinta si metafizica - din 2008 -","publisher":{"@id":"https:\/\/www.lovendal.ro\/wp52\/#organization"},"potentialAction":[{"@type":"SearchAction","target":{"@type":"EntryPoint","urlTemplate":"https:\/\/www.lovendal.ro\/wp52\/?s={search_term_string}"},"query-input":{"@type":"PropertyValueSpecification","valueRequired":true,"valueName":"search_term_string"}}],"inLanguage":"ro-RO"},{"@type":"Organization","@id":"https:\/\/www.lovendal.ro\/wp52\/#organization","name":"Secretele lui Lovendal","url":"https:\/\/www.lovendal.ro\/wp52\/","logo":{"@type":"ImageObject","inLanguage":"ro-RO","@id":"https:\/\/www.lovendal.ro\/wp52\/#\/schema\/logo\/image\/","url":"https:\/\/www.lovendal.ro\/wp52\/wp-content\/uploads\/2024\/06\/cropped-SLL-iun-2024-1.jpg","contentUrl":"https:\/\/www.lovendal.ro\/wp52\/wp-content\/uploads\/2024\/06\/cropped-SLL-iun-2024-1.jpg","width":771,"height":240,"caption":"Secretele lui Lovendal"},"image":{"@id":"https:\/\/www.lovendal.ro\/wp52\/#\/schema\/logo\/image\/"},"sameAs":["https:\/\/www.facebook.com\/secreteleluilovendal"]},{"@type":"Person","@id":"https:\/\/www.lovendal.ro\/wp52\/#\/schema\/person\/088691de5dfc346bb0c023e1e52ef5d9","name":"admin","image":{"@type":"ImageObject","inLanguage":"ro-RO","@id":"https:\/\/secure.gravatar.com\/avatar\/ecb9cd41f5f63c9c9b989999a59f6e2639a865ec361e9db054db0679a8f341c2?s=96&d=mm&r=g","url":"https:\/\/secure.gravatar.com\/avatar\/ecb9cd41f5f63c9c9b989999a59f6e2639a865ec361e9db054db0679a8f341c2?s=96&d=mm&r=g","contentUrl":"https:\/\/secure.gravatar.com\/avatar\/ecb9cd41f5f63c9c9b989999a59f6e2639a865ec361e9db054db0679a8f341c2?s=96&d=mm&r=g","caption":"admin"},"sameAs":["https:\/\/www.lovendal.ro\/wp52"]}]}},"_links":{"self":[{"href":"https:\/\/www.lovendal.ro\/wp52\/wp-json\/wp\/v2\/posts\/33761","targetHints":{"allow":["GET"]}}],"collection":[{"href":"https:\/\/www.lovendal.ro\/wp52\/wp-json\/wp\/v2\/posts"}],"about":[{"href":"https:\/\/www.lovendal.ro\/wp52\/wp-json\/wp\/v2\/types\/post"}],"author":[{"embeddable":true,"href":"https:\/\/www.lovendal.ro\/wp52\/wp-json\/wp\/v2\/users\/1"}],"replies":[{"embeddable":true,"href":"https:\/\/www.lovendal.ro\/wp52\/wp-json\/wp\/v2\/comments?post=33761"}],"version-history":[{"count":0,"href":"https:\/\/www.lovendal.ro\/wp52\/wp-json\/wp\/v2\/posts\/33761\/revisions"}],"wp:featuredmedia":[{"embeddable":true,"href":"https:\/\/www.lovendal.ro\/wp52\/wp-json\/wp\/v2\/media\/33762"}],"wp:attachment":[{"href":"https:\/\/www.lovendal.ro\/wp52\/wp-json\/wp\/v2\/media?parent=33761"}],"wp:term":[{"taxonomy":"category","embeddable":true,"href":"https:\/\/www.lovendal.ro\/wp52\/wp-json\/wp\/v2\/categories?post=33761"},{"taxonomy":"post_tag","embeddable":true,"href":"https:\/\/www.lovendal.ro\/wp52\/wp-json\/wp\/v2\/tags?post=33761"}],"curies":[{"name":"wp","href":"https:\/\/api.w.org\/{rel}","templated":true}]}}