{"id":33225,"date":"2014-03-10T00:06:13","date_gmt":"2014-03-09T22:06:13","guid":{"rendered":"http:\/\/www.lovendal.ro\/wp52\/?p=33225"},"modified":"2021-06-22T00:38:46","modified_gmt":"2021-06-21T21:38:46","slug":"armata-de-copii-cu-ochi-negri-se-afla-printre-noi-ei-sunt-rezultatul-unei-incrucisari-genetice-intre-extraterestrii-nephilim-si-femeile-umane","status":"publish","type":"post","link":"https:\/\/www.lovendal.ro\/wp52\/armata-de-copii-cu-ochi-negri-se-afla-printre-noi-ei-sunt-rezultatul-unei-incrucisari-genetice-intre-extraterestrii-nephilim-si-femeile-umane\/","title":{"rendered":"Armata de copii cu ochi negri se afl\u0103 printre noi? Sunt ei rezultatul unei \u00eencruci\u015f\u0103ri genetice \u00eentre extratere\u015ftrii Nephilim \u015fi femeile umane?"},"content":{"rendered":"<p><a href=\"https:\/\/www.lovendal.ro\/wp52\/wp-content\/uploads\/2014\/03\/copiii-cu-ochi-negri.jpg\"><img loading=\"lazy\" decoding=\"async\" class=\"alignleft size-full wp-image-33227\" src=\"https:\/\/www.lovendal.ro\/wp52\/wp-content\/uploads\/2014\/03\/copiii-cu-ochi-negri.jpg\" alt=\"copiii cu ochi negri\" width=\"334\" height=\"241\" srcset=\"https:\/\/www.lovendal.ro\/wp52\/wp-content\/uploads\/2014\/03\/copiii-cu-ochi-negri.jpg 334w, https:\/\/www.lovendal.ro\/wp52\/wp-content\/uploads\/2014\/03\/copiii-cu-ochi-negri-300x216.jpg 300w\" sizes=\"auto, (max-width: 334px) 100vw, 334px\" \/><\/a>\u00cen 2011, scriam un articola\u015f intitulat &#8222;<a href=\"https:\/\/www.lovendal.ro\/wp52\/moartea-poate-veni-de-la-o-femeie-cu-ochi-negri-fara-emotii-si-fara-viata\/\" target=\"_blank\" rel=\"noopener noreferrer\"><strong>Moartea poate veni de la o femeie cu ochi negri, f\u0103r\u0103 emo\u0163ii \u015fi f\u0103r\u0103 via\u0163\u0103<\/strong><\/a>&#8222;. Despre ce era vorba \u00een articol? Despre povestea unei femei din SUA care s-a \u00eent\u00e2lnit cu o fiin\u0163\u0103 cu ochi negri, f\u0103r\u0103 emo\u0163ii \u015fi f\u0103r\u0103 via\u0163\u0103. Iat\u0103 relatarea \u00eengrozit\u0103 a femeii:<\/p>\n<p><em>&#8222;Evenimentul care am s\u0103 vi-l relatez mi s-a \u00eent\u00e2mplat \u00eentr-o s\u00e2mb\u0103t\u0103 sear\u0103, \u00een septembrie 2004. \u00cen acea zi, am \u00eencercat s\u0103-mi repar boilerul care se stricase. Deja afar\u0103 \u00eencepuse s\u0103 se cam \u00eentunece, c\u00e2nd am auzit o b\u0103taie \u00een u\u015f\u0103. Prima dat\u0103 nu m-am gr\u0103bit s\u0103 r\u0103spund, dar, c\u00e2nd am auzit cea de a doua b\u0103taie, m-a dus c\u0103tre u\u015f\u0103, cu g\u00e2ndul de a deschide u\u015fa. Dar, deodat\u0103, am \u00eenceput s\u0103 m\u0103 simt nelini\u015ftit\u0103; f\u0103r\u0103 vreun motiv anume, inima \u00eencepuse s\u0103-mi bat\u0103 foarte tare. \u00cenainte de a r\u0103spunde la u\u015f\u0103, m-am dus la geamul lateral pentru a vedea cine e la u\u015f\u0103. Am v\u0103zut c\u0103 era vorba de o femeie matur\u0103 \u015fi, de\u015fi era cam \u00eentuneric, mi s-a p\u0103rut a fi o vecin\u0103 de a mea. Atunci, brusc, nelini\u015ftea mi-a trecut \u015fi m-am repezit la u\u015f\u0103 pentru a o deschide.<\/em><\/p>\n<div>\n<p><em>C\u00e2nd am deschis u\u015fa, am r\u0103mas \u00eenm\u0103rmurit\u0103. \u00cen fa\u0163a mea st\u0103tea o femeie care p\u0103rea c\u0103 nu are ochi. Imediat, o senza\u0163ie de fric\u0103 imens\u0103 mi-a cople\u015fit tot sufletul. M\u0103 uitam la femeia aceea \u015fi p\u0103rea c\u0103 nu avea nimic: nici ochi, nici emo\u0163ii, nici via\u0163\u0103. P\u0103rea c\u0103 este \u00eens\u0103\u015fi moartea. Era doar \u00eentuneric. <\/em><em>A\u015fa cum st\u0103team toat\u0103 \u015focat\u0103, nefiind capabil\u0103 s\u0103 m\u0103 mi\u015fc, am auzit-o spun\u00e2nd: \u201cLas\u0103-m\u0103 s\u0103 intru \u00een\u0103untru\u201d. Vocea ei p\u0103rea a fi normal\u0103, dar, de \u00eendat\u0103 ce ea a spus asta, \u00eentreaga lume din jurul meu se transform\u0103 \u00een \u00eentuneric. Sim\u0163eam doar moarte l\u00e2ng\u0103 ea. Am \u00eenchis u\u015fa rapid \u015fi am \u00eencuiat-o. Eram prea \u00eengrozit-o pentru a m\u0103 ma uita pe geam. N-am mai v\u0103zut-o niciodat\u0103 de atunci pe acea femeie, dar parc\u0103 o pot sim\u0163i \u015fi ast\u0103zi. \u015ei c\u00e2nd o simt, intru \u00eentr-o stare de panic\u0103, de parc\u0103 cred c\u0103 mor. De asemenea, de multe ori, am visat-o pe acea femeie, av\u00e2nd de fiecare dat\u0103 co\u015fmaruri&#8221;.<\/em><\/p>\n<p>O \u00eent\u00e2mplare \u00eenfrico\u015f\u0103toare&#8230; dar, de ce am adus aminte de ea? Pentru c\u0103 acea femeie cu ochi negri s-ar putea s\u0103 fie una din miile sau zecile de mii de experimente genetice \u00eenfrico\u015f\u0103toare, realizate de oameni de \u015ftiin\u0163\u0103 diabolici, afla\u0163i \u00een slujba Ocultei Mondiale. Pove\u015fti despre prezen\u0163a fiin\u0163elor (\u015fi \u00een special a copiilor) cu ochi negri circul\u0103 \u00eenc\u0103 din anii 90. De obicei, ace\u015ftia bat la u\u015fa oamenilor obi\u015fnui\u0163i, \u00eens\u0103 \u00eenf\u0103\u0163i\u015farea lor este \u00eensp\u0103im\u00e2nt\u0103toare: ochii lor sunt negri, nu au iris, nu au albea\u0163a din ochi, par a fi un vid negru f\u0103r\u0103 suflet&#8230;<\/p>\n<p>\u00centr-un interviu de aproape 1 or\u0103 (din p\u0103cater videoclipul YouTube cu interviul nu mai exist\u0103 la ora actual\u0103), acordat de cercet\u0103torul Lynn Marzulli site-ului Prophetic Info Wars, se demonstreaz\u0103 f\u0103r\u0103 t\u0103gad\u0103 c\u0103 ace\u015fti copii cu ochi negri exist\u0103, reprezent\u00e2nd un program secret de \u00eencruci\u015fare hibrid\u0103 \u015fi de schimbare a ADN-ului nostru. De fapt, ace\u0219ti copii-demon sunt rezultatul unui program secret de \u00eencruci\u015fare \u00eentre extratere\u015ftrii Nephilim din Biblie (urma\u0219ii lui Satana) \u0219i femeile umane, rezult\u00e2nd un hibrid, care are un corp uman \u015fi care nu poate fi diferen\u0163iat cu adev\u0103rat de o fiin\u021b\u0103 uman\u0103, dec\u00e2t faptul c\u0103 ochii s\u0103i sunt negri. Hibrizii au capacitatea s\u0103-\u015fi lege min\u0163ile \u00eentre ei, s\u0103 citeasc\u0103 g\u00e2ndurile \u015fi emo\u0163iile oamenilor obi\u015fnui\u0163i. De asemenea, ei pot s\u0103-\u015fi schimbe forma sau au capacitatea de a deveni invizibili.<\/p>\n<\/div>\n","protected":false},"excerpt":{"rendered":"<p>\u00cen 2011, scriam un articola\u015f intitulat &#8222;Moartea poate veni de la o femeie cu ochi negri, f\u0103r\u0103 emo\u0163ii \u015fi f\u0103r\u0103 via\u0163\u0103&#8222;. Despre ce era vorba \u00een articol? Despre povestea unei femei din SUA care s-a \u00eent\u00e2lnit cu o fiin\u0163\u0103 cu &#8230; <\/p>\n<p class=\"read-more-container\"><a title=\"Armata de copii cu ochi negri se afl\u0103 printre noi? Sunt ei rezultatul unei \u00eencruci\u015f\u0103ri genetice \u00eentre extratere\u015ftrii Nephilim \u015fi femeile umane?\" class=\"read-more button\" href=\"https:\/\/www.lovendal.ro\/wp52\/armata-de-copii-cu-ochi-negri-se-afla-printre-noi-ei-sunt-rezultatul-unei-incrucisari-genetice-intre-extraterestrii-nephilim-si-femeile-umane\/#more-33225\" aria-label=\"Cite\u0219te mai multe despre Armata de copii cu ochi negri se afl\u0103 printre noi? Sunt ei rezultatul unei \u00eencruci\u015f\u0103ri genetice \u00eentre extratere\u015ftrii Nephilim \u015fi femeile umane?\">Cititi mai multe<\/a><\/p>\n","protected":false},"author":1,"featured_media":33227,"comment_status":"open","ping_status":"open","sticky":false,"template":"","format":"standard","meta":{"footnotes":""},"categories":[475],"tags":[60,358,1355,4749,51,1121,2817,4464,7852,4823,1454,6904,4496,755,3066,4169,166,4495,750,23,1676,4223],"class_list":["post-33225","post","type-post","status-publish","format-standard","has-post-thumbnail","hentry","category-conspiratii-mistere","tag-biblie","tag-conspiratii-si-mistere","tag-copil","tag-emotie","tag-extraterestri","tag-femeie","tag-genetica","tag-guvern","tag-incrucisare","tag-interviu","tag-invizibil","tag-iris","tag-mass-media","tag-minte","tag-negru","tag-nephilim","tag-ochi","tag-oculta-mondiala","tag-satana","tag-sua","tag-suflet","tag-youtube","resize-featured-image"],"yoast_head":"<!-- This site is optimized with the Yoast SEO Premium plugin v23.3 (Yoast SEO v27.4) - https:\/\/yoast.com\/product\/yoast-seo-premium-wordpress\/ -->\n<title>Armata de copii cu ochi negri se afl\u0103 printre noi? Sunt ei rezultatul unei \u00eencruci\u015f\u0103ri genetice \u00eentre extratere\u015ftrii Nephilim \u015fi femeile umane? - Secretele lui Lovendal<\/title>\n<meta name=\"robots\" content=\"index, follow, max-snippet:-1, max-image-preview:large, max-video-preview:-1\" \/>\n<link rel=\"canonical\" href=\"https:\/\/www.lovendal.ro\/wp52\/armata-de-copii-cu-ochi-negri-se-afla-printre-noi-ei-sunt-rezultatul-unei-incrucisari-genetice-intre-extraterestrii-nephilim-si-femeile-umane\/\" \/>\n<meta property=\"og:locale\" content=\"ro_RO\" \/>\n<meta property=\"og:type\" content=\"article\" \/>\n<meta property=\"og:title\" content=\"Armata de copii cu ochi negri se afl\u0103 printre noi? Sunt ei rezultatul unei \u00eencruci\u015f\u0103ri genetice \u00eentre extratere\u015ftrii Nephilim \u015fi femeile umane?\" \/>\n<meta property=\"og:description\" content=\"\u00cen 2011, scriam un articola\u015f intitulat &#8222;Moartea poate veni de la o femeie cu ochi negri, f\u0103r\u0103 emo\u0163ii \u015fi f\u0103r\u0103 via\u0163\u0103&#8222;. Despre ce era vorba \u00een articol? Despre povestea unei femei din SUA care s-a \u00eent\u00e2lnit cu o fiin\u0163\u0103 cu ... Cititi mai multe\" \/>\n<meta property=\"og:url\" content=\"https:\/\/www.lovendal.ro\/wp52\/armata-de-copii-cu-ochi-negri-se-afla-printre-noi-ei-sunt-rezultatul-unei-incrucisari-genetice-intre-extraterestrii-nephilim-si-femeile-umane\/\" \/>\n<meta property=\"og:site_name\" content=\"Secretele lui Lovendal\" \/>\n<meta property=\"article:publisher\" content=\"https:\/\/www.facebook.com\/secreteleluilovendal\" \/>\n<meta property=\"article:published_time\" content=\"2014-03-09T22:06:13+00:00\" \/>\n<meta property=\"article:modified_time\" content=\"2021-06-21T21:38:46+00:00\" \/>\n<meta property=\"og:image\" content=\"https:\/\/www.lovendal.ro\/wp52\/wp-content\/uploads\/2014\/03\/copiii-cu-ochi-negri.jpg\" \/>\n\t<meta property=\"og:image:width\" content=\"334\" \/>\n\t<meta property=\"og:image:height\" content=\"241\" \/>\n\t<meta property=\"og:image:type\" content=\"image\/jpeg\" \/>\n<meta name=\"author\" content=\"admin\" \/>\n<meta name=\"twitter:card\" content=\"summary_large_image\" \/>\n<meta name=\"twitter:label1\" content=\"Scris de\" \/>\n\t<meta name=\"twitter:data1\" content=\"admin\" \/>\n\t<meta name=\"twitter:label2\" content=\"Timp estimat pentru citire\" \/>\n\t<meta name=\"twitter:data2\" content=\"3 minute\" \/>\n<script type=\"application\/ld+json\" class=\"yoast-schema-graph\">{\"@context\":\"https:\\\/\\\/schema.org\",\"@graph\":[{\"@type\":\"Article\",\"@id\":\"https:\\\/\\\/www.lovendal.ro\\\/wp52\\\/armata-de-copii-cu-ochi-negri-se-afla-printre-noi-ei-sunt-rezultatul-unei-incrucisari-genetice-intre-extraterestrii-nephilim-si-femeile-umane\\\/#article\",\"isPartOf\":{\"@id\":\"https:\\\/\\\/www.lovendal.ro\\\/wp52\\\/armata-de-copii-cu-ochi-negri-se-afla-printre-noi-ei-sunt-rezultatul-unei-incrucisari-genetice-intre-extraterestrii-nephilim-si-femeile-umane\\\/\"},\"author\":{\"name\":\"admin\",\"@id\":\"https:\\\/\\\/www.lovendal.ro\\\/wp52\\\/#\\\/schema\\\/person\\\/088691de5dfc346bb0c023e1e52ef5d9\"},\"headline\":\"Armata de copii cu ochi negri se afl\u0103 printre noi? Sunt ei rezultatul unei \u00eencruci\u015f\u0103ri genetice \u00eentre extratere\u015ftrii Nephilim \u015fi femeile umane?\",\"datePublished\":\"2014-03-09T22:06:13+00:00\",\"dateModified\":\"2021-06-21T21:38:46+00:00\",\"mainEntityOfPage\":{\"@id\":\"https:\\\/\\\/www.lovendal.ro\\\/wp52\\\/armata-de-copii-cu-ochi-negri-se-afla-printre-noi-ei-sunt-rezultatul-unei-incrucisari-genetice-intre-extraterestrii-nephilim-si-femeile-umane\\\/\"},\"wordCount\":696,\"commentCount\":1,\"publisher\":{\"@id\":\"https:\\\/\\\/www.lovendal.ro\\\/wp52\\\/#organization\"},\"image\":{\"@id\":\"https:\\\/\\\/www.lovendal.ro\\\/wp52\\\/armata-de-copii-cu-ochi-negri-se-afla-printre-noi-ei-sunt-rezultatul-unei-incrucisari-genetice-intre-extraterestrii-nephilim-si-femeile-umane\\\/#primaryimage\"},\"thumbnailUrl\":\"https:\\\/\\\/www.lovendal.ro\\\/wp52\\\/wp-content\\\/uploads\\\/2014\\\/03\\\/copiii-cu-ochi-negri.jpg\",\"keywords\":[\"Biblie\",\"Conspiratii si Mistere\",\"copil\",\"emo\u0163ie\",\"extratere\u015ftri\",\"femeie\",\"genetic\u0103\",\"guvern\",\"\u00eencruci\u015fare\",\"interviu\",\"invizibil\",\"Iris\",\"mass-media\",\"minte\",\"negru\",\"Nephilim\",\"ochi\",\"Oculta Mondial\u0103\",\"Satana\",\"SUA\",\"suflet\",\"YouTube\"],\"articleSection\":[\"Conspiratii si Mistere\"],\"inLanguage\":\"ro-RO\",\"potentialAction\":[{\"@type\":\"CommentAction\",\"name\":\"Comment\",\"target\":[\"https:\\\/\\\/www.lovendal.ro\\\/wp52\\\/armata-de-copii-cu-ochi-negri-se-afla-printre-noi-ei-sunt-rezultatul-unei-incrucisari-genetice-intre-extraterestrii-nephilim-si-femeile-umane\\\/#respond\"]}]},{\"@type\":\"WebPage\",\"@id\":\"https:\\\/\\\/www.lovendal.ro\\\/wp52\\\/armata-de-copii-cu-ochi-negri-se-afla-printre-noi-ei-sunt-rezultatul-unei-incrucisari-genetice-intre-extraterestrii-nephilim-si-femeile-umane\\\/\",\"url\":\"https:\\\/\\\/www.lovendal.ro\\\/wp52\\\/armata-de-copii-cu-ochi-negri-se-afla-printre-noi-ei-sunt-rezultatul-unei-incrucisari-genetice-intre-extraterestrii-nephilim-si-femeile-umane\\\/\",\"name\":\"Armata de copii cu ochi negri se afl\u0103 printre noi? Sunt ei rezultatul unei \u00eencruci\u015f\u0103ri genetice \u00eentre extratere\u015ftrii Nephilim \u015fi femeile umane? - Secretele lui Lovendal\",\"isPartOf\":{\"@id\":\"https:\\\/\\\/www.lovendal.ro\\\/wp52\\\/#website\"},\"primaryImageOfPage\":{\"@id\":\"https:\\\/\\\/www.lovendal.ro\\\/wp52\\\/armata-de-copii-cu-ochi-negri-se-afla-printre-noi-ei-sunt-rezultatul-unei-incrucisari-genetice-intre-extraterestrii-nephilim-si-femeile-umane\\\/#primaryimage\"},\"image\":{\"@id\":\"https:\\\/\\\/www.lovendal.ro\\\/wp52\\\/armata-de-copii-cu-ochi-negri-se-afla-printre-noi-ei-sunt-rezultatul-unei-incrucisari-genetice-intre-extraterestrii-nephilim-si-femeile-umane\\\/#primaryimage\"},\"thumbnailUrl\":\"https:\\\/\\\/www.lovendal.ro\\\/wp52\\\/wp-content\\\/uploads\\\/2014\\\/03\\\/copiii-cu-ochi-negri.jpg\",\"datePublished\":\"2014-03-09T22:06:13+00:00\",\"dateModified\":\"2021-06-21T21:38:46+00:00\",\"breadcrumb\":{\"@id\":\"https:\\\/\\\/www.lovendal.ro\\\/wp52\\\/armata-de-copii-cu-ochi-negri-se-afla-printre-noi-ei-sunt-rezultatul-unei-incrucisari-genetice-intre-extraterestrii-nephilim-si-femeile-umane\\\/#breadcrumb\"},\"inLanguage\":\"ro-RO\",\"potentialAction\":[{\"@type\":\"ReadAction\",\"target\":[\"https:\\\/\\\/www.lovendal.ro\\\/wp52\\\/armata-de-copii-cu-ochi-negri-se-afla-printre-noi-ei-sunt-rezultatul-unei-incrucisari-genetice-intre-extraterestrii-nephilim-si-femeile-umane\\\/\"]}]},{\"@type\":\"ImageObject\",\"inLanguage\":\"ro-RO\",\"@id\":\"https:\\\/\\\/www.lovendal.ro\\\/wp52\\\/armata-de-copii-cu-ochi-negri-se-afla-printre-noi-ei-sunt-rezultatul-unei-incrucisari-genetice-intre-extraterestrii-nephilim-si-femeile-umane\\\/#primaryimage\",\"url\":\"https:\\\/\\\/www.lovendal.ro\\\/wp52\\\/wp-content\\\/uploads\\\/2014\\\/03\\\/copiii-cu-ochi-negri.jpg\",\"contentUrl\":\"https:\\\/\\\/www.lovendal.ro\\\/wp52\\\/wp-content\\\/uploads\\\/2014\\\/03\\\/copiii-cu-ochi-negri.jpg\",\"width\":334,\"height\":241},{\"@type\":\"BreadcrumbList\",\"@id\":\"https:\\\/\\\/www.lovendal.ro\\\/wp52\\\/armata-de-copii-cu-ochi-negri-se-afla-printre-noi-ei-sunt-rezultatul-unei-incrucisari-genetice-intre-extraterestrii-nephilim-si-femeile-umane\\\/#breadcrumb\",\"itemListElement\":[{\"@type\":\"ListItem\",\"position\":1,\"name\":\"Home\",\"item\":\"https:\\\/\\\/www.lovendal.ro\\\/wp52\\\/\"},{\"@type\":\"ListItem\",\"position\":2,\"name\":\"Armata de copii cu ochi negri se afl\u0103 printre noi? Sunt ei rezultatul unei \u00eencruci\u015f\u0103ri genetice \u00eentre extratere\u015ftrii Nephilim \u015fi femeile umane?\"}]},{\"@type\":\"WebSite\",\"@id\":\"https:\\\/\\\/www.lovendal.ro\\\/wp52\\\/#website\",\"url\":\"https:\\\/\\\/www.lovendal.ro\\\/wp52\\\/\",\"name\":\"Secretele lui Lovendal\",\"description\":\"Site de secrete, stiinta si metafizica - din 2008 -\",\"publisher\":{\"@id\":\"https:\\\/\\\/www.lovendal.ro\\\/wp52\\\/#organization\"},\"potentialAction\":[{\"@type\":\"SearchAction\",\"target\":{\"@type\":\"EntryPoint\",\"urlTemplate\":\"https:\\\/\\\/www.lovendal.ro\\\/wp52\\\/?s={search_term_string}\"},\"query-input\":{\"@type\":\"PropertyValueSpecification\",\"valueRequired\":true,\"valueName\":\"search_term_string\"}}],\"inLanguage\":\"ro-RO\"},{\"@type\":\"Organization\",\"@id\":\"https:\\\/\\\/www.lovendal.ro\\\/wp52\\\/#organization\",\"name\":\"Secretele lui Lovendal\",\"url\":\"https:\\\/\\\/www.lovendal.ro\\\/wp52\\\/\",\"logo\":{\"@type\":\"ImageObject\",\"inLanguage\":\"ro-RO\",\"@id\":\"https:\\\/\\\/www.lovendal.ro\\\/wp52\\\/#\\\/schema\\\/logo\\\/image\\\/\",\"url\":\"https:\\\/\\\/www.lovendal.ro\\\/wp52\\\/wp-content\\\/uploads\\\/2024\\\/06\\\/cropped-SLL-iun-2024-1.jpg\",\"contentUrl\":\"https:\\\/\\\/www.lovendal.ro\\\/wp52\\\/wp-content\\\/uploads\\\/2024\\\/06\\\/cropped-SLL-iun-2024-1.jpg\",\"width\":771,\"height\":240,\"caption\":\"Secretele lui Lovendal\"},\"image\":{\"@id\":\"https:\\\/\\\/www.lovendal.ro\\\/wp52\\\/#\\\/schema\\\/logo\\\/image\\\/\"},\"sameAs\":[\"https:\\\/\\\/www.facebook.com\\\/secreteleluilovendal\"]},{\"@type\":\"Person\",\"@id\":\"https:\\\/\\\/www.lovendal.ro\\\/wp52\\\/#\\\/schema\\\/person\\\/088691de5dfc346bb0c023e1e52ef5d9\",\"name\":\"admin\",\"image\":{\"@type\":\"ImageObject\",\"inLanguage\":\"ro-RO\",\"@id\":\"https:\\\/\\\/secure.gravatar.com\\\/avatar\\\/ecb9cd41f5f63c9c9b989999a59f6e2639a865ec361e9db054db0679a8f341c2?s=96&d=mm&r=g\",\"url\":\"https:\\\/\\\/secure.gravatar.com\\\/avatar\\\/ecb9cd41f5f63c9c9b989999a59f6e2639a865ec361e9db054db0679a8f341c2?s=96&d=mm&r=g\",\"contentUrl\":\"https:\\\/\\\/secure.gravatar.com\\\/avatar\\\/ecb9cd41f5f63c9c9b989999a59f6e2639a865ec361e9db054db0679a8f341c2?s=96&d=mm&r=g\",\"caption\":\"admin\"},\"sameAs\":[\"https:\\\/\\\/www.lovendal.ro\\\/wp52\"]}]}<\/script>\n<!-- \/ Yoast SEO Premium plugin. -->","yoast_head_json":{"title":"Armata de copii cu ochi negri se afl\u0103 printre noi? Sunt ei rezultatul unei \u00eencruci\u015f\u0103ri genetice \u00eentre extratere\u015ftrii Nephilim \u015fi femeile umane? - Secretele lui Lovendal","robots":{"index":"index","follow":"follow","max-snippet":"max-snippet:-1","max-image-preview":"max-image-preview:large","max-video-preview":"max-video-preview:-1"},"canonical":"https:\/\/www.lovendal.ro\/wp52\/armata-de-copii-cu-ochi-negri-se-afla-printre-noi-ei-sunt-rezultatul-unei-incrucisari-genetice-intre-extraterestrii-nephilim-si-femeile-umane\/","og_locale":"ro_RO","og_type":"article","og_title":"Armata de copii cu ochi negri se afl\u0103 printre noi? Sunt ei rezultatul unei \u00eencruci\u015f\u0103ri genetice \u00eentre extratere\u015ftrii Nephilim \u015fi femeile umane?","og_description":"\u00cen 2011, scriam un articola\u015f intitulat &#8222;Moartea poate veni de la o femeie cu ochi negri, f\u0103r\u0103 emo\u0163ii \u015fi f\u0103r\u0103 via\u0163\u0103&#8222;. Despre ce era vorba \u00een articol? Despre povestea unei femei din SUA care s-a \u00eent\u00e2lnit cu o fiin\u0163\u0103 cu ... Cititi mai multe","og_url":"https:\/\/www.lovendal.ro\/wp52\/armata-de-copii-cu-ochi-negri-se-afla-printre-noi-ei-sunt-rezultatul-unei-incrucisari-genetice-intre-extraterestrii-nephilim-si-femeile-umane\/","og_site_name":"Secretele lui Lovendal","article_publisher":"https:\/\/www.facebook.com\/secreteleluilovendal","article_published_time":"2014-03-09T22:06:13+00:00","article_modified_time":"2021-06-21T21:38:46+00:00","og_image":[{"width":334,"height":241,"url":"https:\/\/www.lovendal.ro\/wp52\/wp-content\/uploads\/2014\/03\/copiii-cu-ochi-negri.jpg","type":"image\/jpeg"}],"author":"admin","twitter_card":"summary_large_image","twitter_misc":{"Scris de":"admin","Timp estimat pentru citire":"3 minute"},"schema":{"@context":"https:\/\/schema.org","@graph":[{"@type":"Article","@id":"https:\/\/www.lovendal.ro\/wp52\/armata-de-copii-cu-ochi-negri-se-afla-printre-noi-ei-sunt-rezultatul-unei-incrucisari-genetice-intre-extraterestrii-nephilim-si-femeile-umane\/#article","isPartOf":{"@id":"https:\/\/www.lovendal.ro\/wp52\/armata-de-copii-cu-ochi-negri-se-afla-printre-noi-ei-sunt-rezultatul-unei-incrucisari-genetice-intre-extraterestrii-nephilim-si-femeile-umane\/"},"author":{"name":"admin","@id":"https:\/\/www.lovendal.ro\/wp52\/#\/schema\/person\/088691de5dfc346bb0c023e1e52ef5d9"},"headline":"Armata de copii cu ochi negri se afl\u0103 printre noi? Sunt ei rezultatul unei \u00eencruci\u015f\u0103ri genetice \u00eentre extratere\u015ftrii Nephilim \u015fi femeile umane?","datePublished":"2014-03-09T22:06:13+00:00","dateModified":"2021-06-21T21:38:46+00:00","mainEntityOfPage":{"@id":"https:\/\/www.lovendal.ro\/wp52\/armata-de-copii-cu-ochi-negri-se-afla-printre-noi-ei-sunt-rezultatul-unei-incrucisari-genetice-intre-extraterestrii-nephilim-si-femeile-umane\/"},"wordCount":696,"commentCount":1,"publisher":{"@id":"https:\/\/www.lovendal.ro\/wp52\/#organization"},"image":{"@id":"https:\/\/www.lovendal.ro\/wp52\/armata-de-copii-cu-ochi-negri-se-afla-printre-noi-ei-sunt-rezultatul-unei-incrucisari-genetice-intre-extraterestrii-nephilim-si-femeile-umane\/#primaryimage"},"thumbnailUrl":"https:\/\/www.lovendal.ro\/wp52\/wp-content\/uploads\/2014\/03\/copiii-cu-ochi-negri.jpg","keywords":["Biblie","Conspiratii si Mistere","copil","emo\u0163ie","extratere\u015ftri","femeie","genetic\u0103","guvern","\u00eencruci\u015fare","interviu","invizibil","Iris","mass-media","minte","negru","Nephilim","ochi","Oculta Mondial\u0103","Satana","SUA","suflet","YouTube"],"articleSection":["Conspiratii si Mistere"],"inLanguage":"ro-RO","potentialAction":[{"@type":"CommentAction","name":"Comment","target":["https:\/\/www.lovendal.ro\/wp52\/armata-de-copii-cu-ochi-negri-se-afla-printre-noi-ei-sunt-rezultatul-unei-incrucisari-genetice-intre-extraterestrii-nephilim-si-femeile-umane\/#respond"]}]},{"@type":"WebPage","@id":"https:\/\/www.lovendal.ro\/wp52\/armata-de-copii-cu-ochi-negri-se-afla-printre-noi-ei-sunt-rezultatul-unei-incrucisari-genetice-intre-extraterestrii-nephilim-si-femeile-umane\/","url":"https:\/\/www.lovendal.ro\/wp52\/armata-de-copii-cu-ochi-negri-se-afla-printre-noi-ei-sunt-rezultatul-unei-incrucisari-genetice-intre-extraterestrii-nephilim-si-femeile-umane\/","name":"Armata de copii cu ochi negri se afl\u0103 printre noi? Sunt ei rezultatul unei \u00eencruci\u015f\u0103ri genetice \u00eentre extratere\u015ftrii Nephilim \u015fi femeile umane? - Secretele lui Lovendal","isPartOf":{"@id":"https:\/\/www.lovendal.ro\/wp52\/#website"},"primaryImageOfPage":{"@id":"https:\/\/www.lovendal.ro\/wp52\/armata-de-copii-cu-ochi-negri-se-afla-printre-noi-ei-sunt-rezultatul-unei-incrucisari-genetice-intre-extraterestrii-nephilim-si-femeile-umane\/#primaryimage"},"image":{"@id":"https:\/\/www.lovendal.ro\/wp52\/armata-de-copii-cu-ochi-negri-se-afla-printre-noi-ei-sunt-rezultatul-unei-incrucisari-genetice-intre-extraterestrii-nephilim-si-femeile-umane\/#primaryimage"},"thumbnailUrl":"https:\/\/www.lovendal.ro\/wp52\/wp-content\/uploads\/2014\/03\/copiii-cu-ochi-negri.jpg","datePublished":"2014-03-09T22:06:13+00:00","dateModified":"2021-06-21T21:38:46+00:00","breadcrumb":{"@id":"https:\/\/www.lovendal.ro\/wp52\/armata-de-copii-cu-ochi-negri-se-afla-printre-noi-ei-sunt-rezultatul-unei-incrucisari-genetice-intre-extraterestrii-nephilim-si-femeile-umane\/#breadcrumb"},"inLanguage":"ro-RO","potentialAction":[{"@type":"ReadAction","target":["https:\/\/www.lovendal.ro\/wp52\/armata-de-copii-cu-ochi-negri-se-afla-printre-noi-ei-sunt-rezultatul-unei-incrucisari-genetice-intre-extraterestrii-nephilim-si-femeile-umane\/"]}]},{"@type":"ImageObject","inLanguage":"ro-RO","@id":"https:\/\/www.lovendal.ro\/wp52\/armata-de-copii-cu-ochi-negri-se-afla-printre-noi-ei-sunt-rezultatul-unei-incrucisari-genetice-intre-extraterestrii-nephilim-si-femeile-umane\/#primaryimage","url":"https:\/\/www.lovendal.ro\/wp52\/wp-content\/uploads\/2014\/03\/copiii-cu-ochi-negri.jpg","contentUrl":"https:\/\/www.lovendal.ro\/wp52\/wp-content\/uploads\/2014\/03\/copiii-cu-ochi-negri.jpg","width":334,"height":241},{"@type":"BreadcrumbList","@id":"https:\/\/www.lovendal.ro\/wp52\/armata-de-copii-cu-ochi-negri-se-afla-printre-noi-ei-sunt-rezultatul-unei-incrucisari-genetice-intre-extraterestrii-nephilim-si-femeile-umane\/#breadcrumb","itemListElement":[{"@type":"ListItem","position":1,"name":"Home","item":"https:\/\/www.lovendal.ro\/wp52\/"},{"@type":"ListItem","position":2,"name":"Armata de copii cu ochi negri se afl\u0103 printre noi? Sunt ei rezultatul unei \u00eencruci\u015f\u0103ri genetice \u00eentre extratere\u015ftrii Nephilim \u015fi femeile umane?"}]},{"@type":"WebSite","@id":"https:\/\/www.lovendal.ro\/wp52\/#website","url":"https:\/\/www.lovendal.ro\/wp52\/","name":"Secretele lui Lovendal","description":"Site de secrete, stiinta si metafizica - din 2008 -","publisher":{"@id":"https:\/\/www.lovendal.ro\/wp52\/#organization"},"potentialAction":[{"@type":"SearchAction","target":{"@type":"EntryPoint","urlTemplate":"https:\/\/www.lovendal.ro\/wp52\/?s={search_term_string}"},"query-input":{"@type":"PropertyValueSpecification","valueRequired":true,"valueName":"search_term_string"}}],"inLanguage":"ro-RO"},{"@type":"Organization","@id":"https:\/\/www.lovendal.ro\/wp52\/#organization","name":"Secretele lui Lovendal","url":"https:\/\/www.lovendal.ro\/wp52\/","logo":{"@type":"ImageObject","inLanguage":"ro-RO","@id":"https:\/\/www.lovendal.ro\/wp52\/#\/schema\/logo\/image\/","url":"https:\/\/www.lovendal.ro\/wp52\/wp-content\/uploads\/2024\/06\/cropped-SLL-iun-2024-1.jpg","contentUrl":"https:\/\/www.lovendal.ro\/wp52\/wp-content\/uploads\/2024\/06\/cropped-SLL-iun-2024-1.jpg","width":771,"height":240,"caption":"Secretele lui Lovendal"},"image":{"@id":"https:\/\/www.lovendal.ro\/wp52\/#\/schema\/logo\/image\/"},"sameAs":["https:\/\/www.facebook.com\/secreteleluilovendal"]},{"@type":"Person","@id":"https:\/\/www.lovendal.ro\/wp52\/#\/schema\/person\/088691de5dfc346bb0c023e1e52ef5d9","name":"admin","image":{"@type":"ImageObject","inLanguage":"ro-RO","@id":"https:\/\/secure.gravatar.com\/avatar\/ecb9cd41f5f63c9c9b989999a59f6e2639a865ec361e9db054db0679a8f341c2?s=96&d=mm&r=g","url":"https:\/\/secure.gravatar.com\/avatar\/ecb9cd41f5f63c9c9b989999a59f6e2639a865ec361e9db054db0679a8f341c2?s=96&d=mm&r=g","contentUrl":"https:\/\/secure.gravatar.com\/avatar\/ecb9cd41f5f63c9c9b989999a59f6e2639a865ec361e9db054db0679a8f341c2?s=96&d=mm&r=g","caption":"admin"},"sameAs":["https:\/\/www.lovendal.ro\/wp52"]}]}},"_links":{"self":[{"href":"https:\/\/www.lovendal.ro\/wp52\/wp-json\/wp\/v2\/posts\/33225","targetHints":{"allow":["GET"]}}],"collection":[{"href":"https:\/\/www.lovendal.ro\/wp52\/wp-json\/wp\/v2\/posts"}],"about":[{"href":"https:\/\/www.lovendal.ro\/wp52\/wp-json\/wp\/v2\/types\/post"}],"author":[{"embeddable":true,"href":"https:\/\/www.lovendal.ro\/wp52\/wp-json\/wp\/v2\/users\/1"}],"replies":[{"embeddable":true,"href":"https:\/\/www.lovendal.ro\/wp52\/wp-json\/wp\/v2\/comments?post=33225"}],"version-history":[{"count":0,"href":"https:\/\/www.lovendal.ro\/wp52\/wp-json\/wp\/v2\/posts\/33225\/revisions"}],"wp:featuredmedia":[{"embeddable":true,"href":"https:\/\/www.lovendal.ro\/wp52\/wp-json\/wp\/v2\/media\/33227"}],"wp:attachment":[{"href":"https:\/\/www.lovendal.ro\/wp52\/wp-json\/wp\/v2\/media?parent=33225"}],"wp:term":[{"taxonomy":"category","embeddable":true,"href":"https:\/\/www.lovendal.ro\/wp52\/wp-json\/wp\/v2\/categories?post=33225"},{"taxonomy":"post_tag","embeddable":true,"href":"https:\/\/www.lovendal.ro\/wp52\/wp-json\/wp\/v2\/tags?post=33225"}],"curies":[{"name":"wp","href":"https:\/\/api.w.org\/{rel}","templated":true}]}}