{"id":32931,"date":"2014-02-21T17:56:32","date_gmt":"2014-02-21T15:56:32","guid":{"rendered":"http:\/\/www.lovendal.ro\/wp52\/?p=32931"},"modified":"2014-02-21T17:56:32","modified_gmt":"2014-02-21T15:56:32","slug":"cea-mai-puternic-poz-protestelor-stradale-din-kiev-ucraina-tat-fiul-su-plini-de-snge-privesc-cu-disperare-revolt-ceea-ce-se-ntmpl-jurul-lor","status":"publish","type":"post","link":"https:\/\/www.lovendal.ro\/wp52\/cea-mai-puternic-poz-protestelor-stradale-din-kiev-ucraina-tat-fiul-su-plini-de-snge-privesc-cu-disperare-revolt-ceea-ce-se-ntmpl-jurul-lor\/","title":{"rendered":"Cea mai &#8222;puternic\u0103&#8221; poz\u0103 a protestelor stradale din Kiev (Ucraina): un tat\u0103 \u015fi fiul s\u0103u, plini de s\u00e2nge, privesc cu disperare \u015fi revolt\u0103 ceea ce se \u00eent\u00e2mpl\u0103 \u00een jurul lor!"},"content":{"rendered":"<p><a href=\"https:\/\/www.lovendal.ro\/wp52\/wp-content\/uploads\/2014\/02\/tatal-si-fiu-Kiev.jpg\"><img loading=\"lazy\" decoding=\"async\" class=\"alignleft  wp-image-32932\" alt=\"tatal si fiu Kiev\" src=\"https:\/\/www.lovendal.ro\/wp52\/wp-content\/uploads\/2014\/02\/tatal-si-fiu-Kiev.jpg\" width=\"327\" height=\"209\" \/><\/a>Referitor la protestele violente din capitala Ucrainei (Kiev), \u00een zilele noastre, m\u0103 uitam pe <a href=\"https:\/\/twitter.com\/vaughnwallace\/status\/435913741117304832\/photo\/1\" target=\"_blank\"><strong>Twiter<\/strong><strong><\/strong><\/a> \u015fi am g\u0103sit o poz\u0103 mai mult dec\u00e2t expresiv\u0103. Aceast\u0103 poz\u0103 (pe care o vede\u0163i \u00een st\u00e2nga imaginii) poate c\u0103 este cea mai &#8222;puternic\u0103&#8221; fotografie a acestui an. Ea a fost realizat\u0103 de corespondentul Reuters, Vlad Sodel.<\/p>\n<p>\u00cen st\u00e2nga imaginii se poate vedea un poli\u0163ist, bine echipat, parc\u0103 nep\u0103s\u0103tor, iar \u00een dreapta doi protestari, tat\u0103 \u015fi fiu, ambii plin de s\u00e2nge pe cap. Tat\u0103l \u00ee\u015fi \u0163ine fiul de bra\u0163, dar chipul tat\u0103lui este absolut de neuitat. \u00cen ochii s\u0103i se cite\u015fte disperarea \u015fi revolta, dar c\u00e2nd m\u0103 uit mai bine la fotografie \u00eemi d\u0103 impresia uneori c\u0103 ar fi un zombi, plin de s\u00e2nge. Oricum, poza e mai mult dec\u00e2t incredibil\u0103, \u015fi, cum spunea foarte bine un cititor, <em>&#8222;aceast\u0103 fotografie va sf\u00e2r\u015fi \u00een c\u0103r\u0163ile de istorie pentru deceniile care vor urma.&#8221;<\/em><\/p>\n<p>Din moment ce Vlad Sodel a postat imaginea pe contul s\u0103u de <a href=\"https:\/\/www.facebook.com\/photo.php?fbid=652563521455869&amp;set=pb.100001066824158.-2207520000.1392906073.&amp;type=3&amp;theater\" target=\"_blank\"><strong>Facebook<\/strong><\/a>, mul\u0163i s-au \u00eentrebat: &#8222;Cine sunt cei doi?&#8221; Iar r\u0103spunsul a venit prompt: b\u0103rbatul se nume\u015fte Mykola Kuznetsov, \u015fi este profesor la Academia Na\u0163ional\u0103 de \u015etiin\u0163e a Ucrainei. A\u015fadar, nu e vreun borfa\u015f sau vreun golan de pe strad\u0103. Nu se \u015ftie dac\u0103 profesorul Kuznetsov \u015fi fiul s\u0103u au avut vreo implicare activ\u0103 \u00een proteste, sau pur \u015fi simplu au fost prin\u015fi \u00eent\u00e2mpl\u0103tor \u00een mijlocul evenimentelor violente din Kiev; dar un lucru e sigur: disperarea din chipurile lor au captat aten\u0163ia a milioane de oameni.<\/p>\n<p><a href=\"https:\/\/www.lovendal.ro\/wp52\/wp-content\/uploads\/2014\/02\/tatal-si-fiu-Kiev-2.jpg\"><img loading=\"lazy\" decoding=\"async\" class=\"aligncenter size-full wp-image-32933\" alt=\"tatal si fiu Kiev 2\" src=\"https:\/\/www.lovendal.ro\/wp52\/wp-content\/uploads\/2014\/02\/tatal-si-fiu-Kiev-2.jpg\" width=\"540\" height=\"367\" srcset=\"https:\/\/www.lovendal.ro\/wp52\/wp-content\/uploads\/2014\/02\/tatal-si-fiu-Kiev-2.jpg 540w, https:\/\/www.lovendal.ro\/wp52\/wp-content\/uploads\/2014\/02\/tatal-si-fiu-Kiev-2-300x203.jpg 300w\" sizes=\"auto, (max-width: 540px) 100vw, 540px\" \/><\/a><\/p>\n","protected":false},"excerpt":{"rendered":"<p>Referitor la protestele violente din capitala Ucrainei (Kiev), \u00een zilele noastre, m\u0103 uitam pe Twiter \u015fi am g\u0103sit o poz\u0103 mai mult dec\u00e2t expresiv\u0103. Aceast\u0103 poz\u0103 (pe care o vede\u0163i \u00een st\u00e2nga imaginii) poate c\u0103 este cea mai &#8222;puternic\u0103&#8221; fotografie &#8230; <\/p>\n<p class=\"read-more-container\"><a title=\"Cea mai &#8222;puternic\u0103&#8221; poz\u0103 a protestelor stradale din Kiev (Ucraina): un tat\u0103 \u015fi fiul s\u0103u, plini de s\u00e2nge, privesc cu disperare \u015fi revolt\u0103 ceea ce se \u00eent\u00e2mpl\u0103 \u00een jurul lor!\" class=\"read-more button\" href=\"https:\/\/www.lovendal.ro\/wp52\/cea-mai-puternic-poz-protestelor-stradale-din-kiev-ucraina-tat-fiul-su-plini-de-snge-privesc-cu-disperare-revolt-ceea-ce-se-ntmpl-jurul-lor\/#more-32931\" aria-label=\"Cite\u0219te mai multe despre Cea mai &#8222;puternic\u0103&#8221; poz\u0103 a protestelor stradale din Kiev (Ucraina): un tat\u0103 \u015fi fiul s\u0103u, plini de s\u00e2nge, privesc cu disperare \u015fi revolt\u0103 ceea ce se \u00eent\u00e2mpl\u0103 \u00een jurul lor!\">Cititi mai multe<\/a><\/p>\n","protected":false},"author":1,"featured_media":32932,"comment_status":"open","ping_status":"open","sticky":false,"template":"","format":"standard","meta":{"footnotes":""},"categories":[2833,2761],"tags":[4052,2837,9812,2478,7764,1964,4474,1343,2250,141],"class_list":["post-32931","post","type-post","status-publish","format-standard","has-post-thumbnail","hentry","category-noutati","category-poze-controversate","tag-facebook","tag-kiev","tag-poze-controversate","tag-profesor","tag-proteste","tag-sange","tag-twitter","tag-ucraina","tag-universitate","tag-zombi","resize-featured-image"],"yoast_head":"<!-- This site is optimized with the Yoast SEO Premium plugin v23.3 (Yoast SEO v27.4) - https:\/\/yoast.com\/product\/yoast-seo-premium-wordpress\/ -->\n<title>Cea mai &quot;puternic\u0103&quot; poz\u0103 a protestelor stradale din Kiev (Ucraina): un tat\u0103 \u015fi fiul s\u0103u, plini de s\u00e2nge, privesc cu disperare \u015fi revolt\u0103 ceea ce se \u00eent\u00e2mpl\u0103 \u00een jurul lor! - Secretele lui Lovendal<\/title>\n<meta name=\"robots\" content=\"index, follow, max-snippet:-1, max-image-preview:large, max-video-preview:-1\" \/>\n<link rel=\"canonical\" href=\"https:\/\/www.lovendal.ro\/wp52\/cea-mai-puternic-poz-protestelor-stradale-din-kiev-ucraina-tat-fiul-su-plini-de-snge-privesc-cu-disperare-revolt-ceea-ce-se-ntmpl-jurul-lor\/\" \/>\n<meta property=\"og:locale\" content=\"ro_RO\" \/>\n<meta property=\"og:type\" content=\"article\" \/>\n<meta property=\"og:title\" content=\"Cea mai &quot;puternic\u0103&quot; poz\u0103 a protestelor stradale din Kiev (Ucraina): un tat\u0103 \u015fi fiul s\u0103u, plini de s\u00e2nge, privesc cu disperare \u015fi revolt\u0103 ceea ce se \u00eent\u00e2mpl\u0103 \u00een jurul lor!\" \/>\n<meta property=\"og:description\" content=\"Referitor la protestele violente din capitala Ucrainei (Kiev), \u00een zilele noastre, m\u0103 uitam pe Twiter \u015fi am g\u0103sit o poz\u0103 mai mult dec\u00e2t expresiv\u0103. Aceast\u0103 poz\u0103 (pe care o vede\u0163i \u00een st\u00e2nga imaginii) poate c\u0103 este cea mai &#8222;puternic\u0103&#8221; fotografie ... Cititi mai multe\" \/>\n<meta property=\"og:url\" content=\"https:\/\/www.lovendal.ro\/wp52\/cea-mai-puternic-poz-protestelor-stradale-din-kiev-ucraina-tat-fiul-su-plini-de-snge-privesc-cu-disperare-revolt-ceea-ce-se-ntmpl-jurul-lor\/\" \/>\n<meta property=\"og:site_name\" content=\"Secretele lui Lovendal\" \/>\n<meta property=\"article:publisher\" content=\"https:\/\/www.facebook.com\/secreteleluilovendal\" \/>\n<meta property=\"article:published_time\" content=\"2014-02-21T15:56:32+00:00\" \/>\n<meta property=\"og:image\" content=\"https:\/\/www.lovendal.ro\/wp52\/wp-content\/uploads\/2014\/02\/tatal-si-fiu-Kiev.jpg\" \/>\n\t<meta property=\"og:image:width\" content=\"334\" \/>\n\t<meta property=\"og:image:height\" content=\"182\" \/>\n\t<meta property=\"og:image:type\" content=\"image\/jpeg\" \/>\n<meta name=\"author\" content=\"admin\" \/>\n<meta name=\"twitter:card\" content=\"summary_large_image\" \/>\n<meta name=\"twitter:label1\" content=\"Scris de\" \/>\n\t<meta name=\"twitter:data1\" content=\"admin\" \/>\n\t<meta name=\"twitter:label2\" content=\"Timp estimat pentru citire\" \/>\n\t<meta name=\"twitter:data2\" content=\"1 minut\" \/>\n<script type=\"application\/ld+json\" class=\"yoast-schema-graph\">{\"@context\":\"https:\\\/\\\/schema.org\",\"@graph\":[{\"@type\":\"Article\",\"@id\":\"https:\\\/\\\/www.lovendal.ro\\\/wp52\\\/cea-mai-puternic-poz-protestelor-stradale-din-kiev-ucraina-tat-fiul-su-plini-de-snge-privesc-cu-disperare-revolt-ceea-ce-se-ntmpl-jurul-lor\\\/#article\",\"isPartOf\":{\"@id\":\"https:\\\/\\\/www.lovendal.ro\\\/wp52\\\/cea-mai-puternic-poz-protestelor-stradale-din-kiev-ucraina-tat-fiul-su-plini-de-snge-privesc-cu-disperare-revolt-ceea-ce-se-ntmpl-jurul-lor\\\/\"},\"author\":{\"name\":\"admin\",\"@id\":\"https:\\\/\\\/www.lovendal.ro\\\/wp52\\\/#\\\/schema\\\/person\\\/088691de5dfc346bb0c023e1e52ef5d9\"},\"headline\":\"Cea mai &#8222;puternic\u0103&#8221; poz\u0103 a protestelor stradale din Kiev (Ucraina): un tat\u0103 \u015fi fiul s\u0103u, plini de s\u00e2nge, privesc cu disperare \u015fi revolt\u0103 ceea ce se \u00eent\u00e2mpl\u0103 \u00een jurul lor!\",\"datePublished\":\"2014-02-21T15:56:32+00:00\",\"mainEntityOfPage\":{\"@id\":\"https:\\\/\\\/www.lovendal.ro\\\/wp52\\\/cea-mai-puternic-poz-protestelor-stradale-din-kiev-ucraina-tat-fiul-su-plini-de-snge-privesc-cu-disperare-revolt-ceea-ce-se-ntmpl-jurul-lor\\\/\"},\"wordCount\":309,\"commentCount\":5,\"publisher\":{\"@id\":\"https:\\\/\\\/www.lovendal.ro\\\/wp52\\\/#organization\"},\"image\":{\"@id\":\"https:\\\/\\\/www.lovendal.ro\\\/wp52\\\/cea-mai-puternic-poz-protestelor-stradale-din-kiev-ucraina-tat-fiul-su-plini-de-snge-privesc-cu-disperare-revolt-ceea-ce-se-ntmpl-jurul-lor\\\/#primaryimage\"},\"thumbnailUrl\":\"https:\\\/\\\/www.lovendal.ro\\\/wp52\\\/wp-content\\\/uploads\\\/2014\\\/02\\\/tatal-si-fiu-Kiev.jpg\",\"keywords\":[\"Facebook\",\"Kiev\",\"Poze controversate\",\"profesor\",\"proteste\",\"s\u00e2nge\",\"Twitter\",\"Ucraina\",\"universitate\",\"zombi\"],\"articleSection\":[\"Noutati\",\"Poze controversate\"],\"inLanguage\":\"ro-RO\",\"potentialAction\":[{\"@type\":\"CommentAction\",\"name\":\"Comment\",\"target\":[\"https:\\\/\\\/www.lovendal.ro\\\/wp52\\\/cea-mai-puternic-poz-protestelor-stradale-din-kiev-ucraina-tat-fiul-su-plini-de-snge-privesc-cu-disperare-revolt-ceea-ce-se-ntmpl-jurul-lor\\\/#respond\"]}]},{\"@type\":\"WebPage\",\"@id\":\"https:\\\/\\\/www.lovendal.ro\\\/wp52\\\/cea-mai-puternic-poz-protestelor-stradale-din-kiev-ucraina-tat-fiul-su-plini-de-snge-privesc-cu-disperare-revolt-ceea-ce-se-ntmpl-jurul-lor\\\/\",\"url\":\"https:\\\/\\\/www.lovendal.ro\\\/wp52\\\/cea-mai-puternic-poz-protestelor-stradale-din-kiev-ucraina-tat-fiul-su-plini-de-snge-privesc-cu-disperare-revolt-ceea-ce-se-ntmpl-jurul-lor\\\/\",\"name\":\"Cea mai \\\"puternic\u0103\\\" poz\u0103 a protestelor stradale din Kiev (Ucraina): un tat\u0103 \u015fi fiul s\u0103u, plini de s\u00e2nge, privesc cu disperare \u015fi revolt\u0103 ceea ce se \u00eent\u00e2mpl\u0103 \u00een jurul lor! - Secretele lui Lovendal\",\"isPartOf\":{\"@id\":\"https:\\\/\\\/www.lovendal.ro\\\/wp52\\\/#website\"},\"primaryImageOfPage\":{\"@id\":\"https:\\\/\\\/www.lovendal.ro\\\/wp52\\\/cea-mai-puternic-poz-protestelor-stradale-din-kiev-ucraina-tat-fiul-su-plini-de-snge-privesc-cu-disperare-revolt-ceea-ce-se-ntmpl-jurul-lor\\\/#primaryimage\"},\"image\":{\"@id\":\"https:\\\/\\\/www.lovendal.ro\\\/wp52\\\/cea-mai-puternic-poz-protestelor-stradale-din-kiev-ucraina-tat-fiul-su-plini-de-snge-privesc-cu-disperare-revolt-ceea-ce-se-ntmpl-jurul-lor\\\/#primaryimage\"},\"thumbnailUrl\":\"https:\\\/\\\/www.lovendal.ro\\\/wp52\\\/wp-content\\\/uploads\\\/2014\\\/02\\\/tatal-si-fiu-Kiev.jpg\",\"datePublished\":\"2014-02-21T15:56:32+00:00\",\"breadcrumb\":{\"@id\":\"https:\\\/\\\/www.lovendal.ro\\\/wp52\\\/cea-mai-puternic-poz-protestelor-stradale-din-kiev-ucraina-tat-fiul-su-plini-de-snge-privesc-cu-disperare-revolt-ceea-ce-se-ntmpl-jurul-lor\\\/#breadcrumb\"},\"inLanguage\":\"ro-RO\",\"potentialAction\":[{\"@type\":\"ReadAction\",\"target\":[\"https:\\\/\\\/www.lovendal.ro\\\/wp52\\\/cea-mai-puternic-poz-protestelor-stradale-din-kiev-ucraina-tat-fiul-su-plini-de-snge-privesc-cu-disperare-revolt-ceea-ce-se-ntmpl-jurul-lor\\\/\"]}]},{\"@type\":\"ImageObject\",\"inLanguage\":\"ro-RO\",\"@id\":\"https:\\\/\\\/www.lovendal.ro\\\/wp52\\\/cea-mai-puternic-poz-protestelor-stradale-din-kiev-ucraina-tat-fiul-su-plini-de-snge-privesc-cu-disperare-revolt-ceea-ce-se-ntmpl-jurul-lor\\\/#primaryimage\",\"url\":\"https:\\\/\\\/www.lovendal.ro\\\/wp52\\\/wp-content\\\/uploads\\\/2014\\\/02\\\/tatal-si-fiu-Kiev.jpg\",\"contentUrl\":\"https:\\\/\\\/www.lovendal.ro\\\/wp52\\\/wp-content\\\/uploads\\\/2014\\\/02\\\/tatal-si-fiu-Kiev.jpg\",\"width\":334,\"height\":182},{\"@type\":\"BreadcrumbList\",\"@id\":\"https:\\\/\\\/www.lovendal.ro\\\/wp52\\\/cea-mai-puternic-poz-protestelor-stradale-din-kiev-ucraina-tat-fiul-su-plini-de-snge-privesc-cu-disperare-revolt-ceea-ce-se-ntmpl-jurul-lor\\\/#breadcrumb\",\"itemListElement\":[{\"@type\":\"ListItem\",\"position\":1,\"name\":\"Home\",\"item\":\"https:\\\/\\\/www.lovendal.ro\\\/wp52\\\/\"},{\"@type\":\"ListItem\",\"position\":2,\"name\":\"Cea mai &#8222;puternic\u0103&#8221; poz\u0103 a protestelor stradale din Kiev (Ucraina): un tat\u0103 \u015fi fiul s\u0103u, plini de s\u00e2nge, privesc cu disperare \u015fi revolt\u0103 ceea ce se \u00eent\u00e2mpl\u0103 \u00een jurul lor!\"}]},{\"@type\":\"WebSite\",\"@id\":\"https:\\\/\\\/www.lovendal.ro\\\/wp52\\\/#website\",\"url\":\"https:\\\/\\\/www.lovendal.ro\\\/wp52\\\/\",\"name\":\"Secretele lui Lovendal\",\"description\":\"Site de secrete, stiinta si metafizica - din 2008 -\",\"publisher\":{\"@id\":\"https:\\\/\\\/www.lovendal.ro\\\/wp52\\\/#organization\"},\"potentialAction\":[{\"@type\":\"SearchAction\",\"target\":{\"@type\":\"EntryPoint\",\"urlTemplate\":\"https:\\\/\\\/www.lovendal.ro\\\/wp52\\\/?s={search_term_string}\"},\"query-input\":{\"@type\":\"PropertyValueSpecification\",\"valueRequired\":true,\"valueName\":\"search_term_string\"}}],\"inLanguage\":\"ro-RO\"},{\"@type\":\"Organization\",\"@id\":\"https:\\\/\\\/www.lovendal.ro\\\/wp52\\\/#organization\",\"name\":\"Secretele lui Lovendal\",\"url\":\"https:\\\/\\\/www.lovendal.ro\\\/wp52\\\/\",\"logo\":{\"@type\":\"ImageObject\",\"inLanguage\":\"ro-RO\",\"@id\":\"https:\\\/\\\/www.lovendal.ro\\\/wp52\\\/#\\\/schema\\\/logo\\\/image\\\/\",\"url\":\"https:\\\/\\\/www.lovendal.ro\\\/wp52\\\/wp-content\\\/uploads\\\/2024\\\/06\\\/cropped-SLL-iun-2024-1.jpg\",\"contentUrl\":\"https:\\\/\\\/www.lovendal.ro\\\/wp52\\\/wp-content\\\/uploads\\\/2024\\\/06\\\/cropped-SLL-iun-2024-1.jpg\",\"width\":771,\"height\":240,\"caption\":\"Secretele lui Lovendal\"},\"image\":{\"@id\":\"https:\\\/\\\/www.lovendal.ro\\\/wp52\\\/#\\\/schema\\\/logo\\\/image\\\/\"},\"sameAs\":[\"https:\\\/\\\/www.facebook.com\\\/secreteleluilovendal\"]},{\"@type\":\"Person\",\"@id\":\"https:\\\/\\\/www.lovendal.ro\\\/wp52\\\/#\\\/schema\\\/person\\\/088691de5dfc346bb0c023e1e52ef5d9\",\"name\":\"admin\",\"image\":{\"@type\":\"ImageObject\",\"inLanguage\":\"ro-RO\",\"@id\":\"https:\\\/\\\/secure.gravatar.com\\\/avatar\\\/ecb9cd41f5f63c9c9b989999a59f6e2639a865ec361e9db054db0679a8f341c2?s=96&d=mm&r=g\",\"url\":\"https:\\\/\\\/secure.gravatar.com\\\/avatar\\\/ecb9cd41f5f63c9c9b989999a59f6e2639a865ec361e9db054db0679a8f341c2?s=96&d=mm&r=g\",\"contentUrl\":\"https:\\\/\\\/secure.gravatar.com\\\/avatar\\\/ecb9cd41f5f63c9c9b989999a59f6e2639a865ec361e9db054db0679a8f341c2?s=96&d=mm&r=g\",\"caption\":\"admin\"},\"sameAs\":[\"https:\\\/\\\/www.lovendal.ro\\\/wp52\"]}]}<\/script>\n<!-- \/ Yoast SEO Premium plugin. -->","yoast_head_json":{"title":"Cea mai \"puternic\u0103\" poz\u0103 a protestelor stradale din Kiev (Ucraina): un tat\u0103 \u015fi fiul s\u0103u, plini de s\u00e2nge, privesc cu disperare \u015fi revolt\u0103 ceea ce se \u00eent\u00e2mpl\u0103 \u00een jurul lor! - Secretele lui Lovendal","robots":{"index":"index","follow":"follow","max-snippet":"max-snippet:-1","max-image-preview":"max-image-preview:large","max-video-preview":"max-video-preview:-1"},"canonical":"https:\/\/www.lovendal.ro\/wp52\/cea-mai-puternic-poz-protestelor-stradale-din-kiev-ucraina-tat-fiul-su-plini-de-snge-privesc-cu-disperare-revolt-ceea-ce-se-ntmpl-jurul-lor\/","og_locale":"ro_RO","og_type":"article","og_title":"Cea mai \"puternic\u0103\" poz\u0103 a protestelor stradale din Kiev (Ucraina): un tat\u0103 \u015fi fiul s\u0103u, plini de s\u00e2nge, privesc cu disperare \u015fi revolt\u0103 ceea ce se \u00eent\u00e2mpl\u0103 \u00een jurul lor!","og_description":"Referitor la protestele violente din capitala Ucrainei (Kiev), \u00een zilele noastre, m\u0103 uitam pe Twiter \u015fi am g\u0103sit o poz\u0103 mai mult dec\u00e2t expresiv\u0103. Aceast\u0103 poz\u0103 (pe care o vede\u0163i \u00een st\u00e2nga imaginii) poate c\u0103 este cea mai &#8222;puternic\u0103&#8221; fotografie ... Cititi mai multe","og_url":"https:\/\/www.lovendal.ro\/wp52\/cea-mai-puternic-poz-protestelor-stradale-din-kiev-ucraina-tat-fiul-su-plini-de-snge-privesc-cu-disperare-revolt-ceea-ce-se-ntmpl-jurul-lor\/","og_site_name":"Secretele lui Lovendal","article_publisher":"https:\/\/www.facebook.com\/secreteleluilovendal","article_published_time":"2014-02-21T15:56:32+00:00","og_image":[{"width":334,"height":182,"url":"https:\/\/www.lovendal.ro\/wp52\/wp-content\/uploads\/2014\/02\/tatal-si-fiu-Kiev.jpg","type":"image\/jpeg"}],"author":"admin","twitter_card":"summary_large_image","twitter_misc":{"Scris de":"admin","Timp estimat pentru citire":"1 minut"},"schema":{"@context":"https:\/\/schema.org","@graph":[{"@type":"Article","@id":"https:\/\/www.lovendal.ro\/wp52\/cea-mai-puternic-poz-protestelor-stradale-din-kiev-ucraina-tat-fiul-su-plini-de-snge-privesc-cu-disperare-revolt-ceea-ce-se-ntmpl-jurul-lor\/#article","isPartOf":{"@id":"https:\/\/www.lovendal.ro\/wp52\/cea-mai-puternic-poz-protestelor-stradale-din-kiev-ucraina-tat-fiul-su-plini-de-snge-privesc-cu-disperare-revolt-ceea-ce-se-ntmpl-jurul-lor\/"},"author":{"name":"admin","@id":"https:\/\/www.lovendal.ro\/wp52\/#\/schema\/person\/088691de5dfc346bb0c023e1e52ef5d9"},"headline":"Cea mai &#8222;puternic\u0103&#8221; poz\u0103 a protestelor stradale din Kiev (Ucraina): un tat\u0103 \u015fi fiul s\u0103u, plini de s\u00e2nge, privesc cu disperare \u015fi revolt\u0103 ceea ce se \u00eent\u00e2mpl\u0103 \u00een jurul lor!","datePublished":"2014-02-21T15:56:32+00:00","mainEntityOfPage":{"@id":"https:\/\/www.lovendal.ro\/wp52\/cea-mai-puternic-poz-protestelor-stradale-din-kiev-ucraina-tat-fiul-su-plini-de-snge-privesc-cu-disperare-revolt-ceea-ce-se-ntmpl-jurul-lor\/"},"wordCount":309,"commentCount":5,"publisher":{"@id":"https:\/\/www.lovendal.ro\/wp52\/#organization"},"image":{"@id":"https:\/\/www.lovendal.ro\/wp52\/cea-mai-puternic-poz-protestelor-stradale-din-kiev-ucraina-tat-fiul-su-plini-de-snge-privesc-cu-disperare-revolt-ceea-ce-se-ntmpl-jurul-lor\/#primaryimage"},"thumbnailUrl":"https:\/\/www.lovendal.ro\/wp52\/wp-content\/uploads\/2014\/02\/tatal-si-fiu-Kiev.jpg","keywords":["Facebook","Kiev","Poze controversate","profesor","proteste","s\u00e2nge","Twitter","Ucraina","universitate","zombi"],"articleSection":["Noutati","Poze controversate"],"inLanguage":"ro-RO","potentialAction":[{"@type":"CommentAction","name":"Comment","target":["https:\/\/www.lovendal.ro\/wp52\/cea-mai-puternic-poz-protestelor-stradale-din-kiev-ucraina-tat-fiul-su-plini-de-snge-privesc-cu-disperare-revolt-ceea-ce-se-ntmpl-jurul-lor\/#respond"]}]},{"@type":"WebPage","@id":"https:\/\/www.lovendal.ro\/wp52\/cea-mai-puternic-poz-protestelor-stradale-din-kiev-ucraina-tat-fiul-su-plini-de-snge-privesc-cu-disperare-revolt-ceea-ce-se-ntmpl-jurul-lor\/","url":"https:\/\/www.lovendal.ro\/wp52\/cea-mai-puternic-poz-protestelor-stradale-din-kiev-ucraina-tat-fiul-su-plini-de-snge-privesc-cu-disperare-revolt-ceea-ce-se-ntmpl-jurul-lor\/","name":"Cea mai \"puternic\u0103\" poz\u0103 a protestelor stradale din Kiev (Ucraina): un tat\u0103 \u015fi fiul s\u0103u, plini de s\u00e2nge, privesc cu disperare \u015fi revolt\u0103 ceea ce se \u00eent\u00e2mpl\u0103 \u00een jurul lor! - Secretele lui Lovendal","isPartOf":{"@id":"https:\/\/www.lovendal.ro\/wp52\/#website"},"primaryImageOfPage":{"@id":"https:\/\/www.lovendal.ro\/wp52\/cea-mai-puternic-poz-protestelor-stradale-din-kiev-ucraina-tat-fiul-su-plini-de-snge-privesc-cu-disperare-revolt-ceea-ce-se-ntmpl-jurul-lor\/#primaryimage"},"image":{"@id":"https:\/\/www.lovendal.ro\/wp52\/cea-mai-puternic-poz-protestelor-stradale-din-kiev-ucraina-tat-fiul-su-plini-de-snge-privesc-cu-disperare-revolt-ceea-ce-se-ntmpl-jurul-lor\/#primaryimage"},"thumbnailUrl":"https:\/\/www.lovendal.ro\/wp52\/wp-content\/uploads\/2014\/02\/tatal-si-fiu-Kiev.jpg","datePublished":"2014-02-21T15:56:32+00:00","breadcrumb":{"@id":"https:\/\/www.lovendal.ro\/wp52\/cea-mai-puternic-poz-protestelor-stradale-din-kiev-ucraina-tat-fiul-su-plini-de-snge-privesc-cu-disperare-revolt-ceea-ce-se-ntmpl-jurul-lor\/#breadcrumb"},"inLanguage":"ro-RO","potentialAction":[{"@type":"ReadAction","target":["https:\/\/www.lovendal.ro\/wp52\/cea-mai-puternic-poz-protestelor-stradale-din-kiev-ucraina-tat-fiul-su-plini-de-snge-privesc-cu-disperare-revolt-ceea-ce-se-ntmpl-jurul-lor\/"]}]},{"@type":"ImageObject","inLanguage":"ro-RO","@id":"https:\/\/www.lovendal.ro\/wp52\/cea-mai-puternic-poz-protestelor-stradale-din-kiev-ucraina-tat-fiul-su-plini-de-snge-privesc-cu-disperare-revolt-ceea-ce-se-ntmpl-jurul-lor\/#primaryimage","url":"https:\/\/www.lovendal.ro\/wp52\/wp-content\/uploads\/2014\/02\/tatal-si-fiu-Kiev.jpg","contentUrl":"https:\/\/www.lovendal.ro\/wp52\/wp-content\/uploads\/2014\/02\/tatal-si-fiu-Kiev.jpg","width":334,"height":182},{"@type":"BreadcrumbList","@id":"https:\/\/www.lovendal.ro\/wp52\/cea-mai-puternic-poz-protestelor-stradale-din-kiev-ucraina-tat-fiul-su-plini-de-snge-privesc-cu-disperare-revolt-ceea-ce-se-ntmpl-jurul-lor\/#breadcrumb","itemListElement":[{"@type":"ListItem","position":1,"name":"Home","item":"https:\/\/www.lovendal.ro\/wp52\/"},{"@type":"ListItem","position":2,"name":"Cea mai &#8222;puternic\u0103&#8221; poz\u0103 a protestelor stradale din Kiev (Ucraina): un tat\u0103 \u015fi fiul s\u0103u, plini de s\u00e2nge, privesc cu disperare \u015fi revolt\u0103 ceea ce se \u00eent\u00e2mpl\u0103 \u00een jurul lor!"}]},{"@type":"WebSite","@id":"https:\/\/www.lovendal.ro\/wp52\/#website","url":"https:\/\/www.lovendal.ro\/wp52\/","name":"Secretele lui Lovendal","description":"Site de secrete, stiinta si metafizica - din 2008 -","publisher":{"@id":"https:\/\/www.lovendal.ro\/wp52\/#organization"},"potentialAction":[{"@type":"SearchAction","target":{"@type":"EntryPoint","urlTemplate":"https:\/\/www.lovendal.ro\/wp52\/?s={search_term_string}"},"query-input":{"@type":"PropertyValueSpecification","valueRequired":true,"valueName":"search_term_string"}}],"inLanguage":"ro-RO"},{"@type":"Organization","@id":"https:\/\/www.lovendal.ro\/wp52\/#organization","name":"Secretele lui Lovendal","url":"https:\/\/www.lovendal.ro\/wp52\/","logo":{"@type":"ImageObject","inLanguage":"ro-RO","@id":"https:\/\/www.lovendal.ro\/wp52\/#\/schema\/logo\/image\/","url":"https:\/\/www.lovendal.ro\/wp52\/wp-content\/uploads\/2024\/06\/cropped-SLL-iun-2024-1.jpg","contentUrl":"https:\/\/www.lovendal.ro\/wp52\/wp-content\/uploads\/2024\/06\/cropped-SLL-iun-2024-1.jpg","width":771,"height":240,"caption":"Secretele lui Lovendal"},"image":{"@id":"https:\/\/www.lovendal.ro\/wp52\/#\/schema\/logo\/image\/"},"sameAs":["https:\/\/www.facebook.com\/secreteleluilovendal"]},{"@type":"Person","@id":"https:\/\/www.lovendal.ro\/wp52\/#\/schema\/person\/088691de5dfc346bb0c023e1e52ef5d9","name":"admin","image":{"@type":"ImageObject","inLanguage":"ro-RO","@id":"https:\/\/secure.gravatar.com\/avatar\/ecb9cd41f5f63c9c9b989999a59f6e2639a865ec361e9db054db0679a8f341c2?s=96&d=mm&r=g","url":"https:\/\/secure.gravatar.com\/avatar\/ecb9cd41f5f63c9c9b989999a59f6e2639a865ec361e9db054db0679a8f341c2?s=96&d=mm&r=g","contentUrl":"https:\/\/secure.gravatar.com\/avatar\/ecb9cd41f5f63c9c9b989999a59f6e2639a865ec361e9db054db0679a8f341c2?s=96&d=mm&r=g","caption":"admin"},"sameAs":["https:\/\/www.lovendal.ro\/wp52"]}]}},"_links":{"self":[{"href":"https:\/\/www.lovendal.ro\/wp52\/wp-json\/wp\/v2\/posts\/32931","targetHints":{"allow":["GET"]}}],"collection":[{"href":"https:\/\/www.lovendal.ro\/wp52\/wp-json\/wp\/v2\/posts"}],"about":[{"href":"https:\/\/www.lovendal.ro\/wp52\/wp-json\/wp\/v2\/types\/post"}],"author":[{"embeddable":true,"href":"https:\/\/www.lovendal.ro\/wp52\/wp-json\/wp\/v2\/users\/1"}],"replies":[{"embeddable":true,"href":"https:\/\/www.lovendal.ro\/wp52\/wp-json\/wp\/v2\/comments?post=32931"}],"version-history":[{"count":0,"href":"https:\/\/www.lovendal.ro\/wp52\/wp-json\/wp\/v2\/posts\/32931\/revisions"}],"wp:featuredmedia":[{"embeddable":true,"href":"https:\/\/www.lovendal.ro\/wp52\/wp-json\/wp\/v2\/media\/32932"}],"wp:attachment":[{"href":"https:\/\/www.lovendal.ro\/wp52\/wp-json\/wp\/v2\/media?parent=32931"}],"wp:term":[{"taxonomy":"category","embeddable":true,"href":"https:\/\/www.lovendal.ro\/wp52\/wp-json\/wp\/v2\/categories?post=32931"},{"taxonomy":"post_tag","embeddable":true,"href":"https:\/\/www.lovendal.ro\/wp52\/wp-json\/wp\/v2\/tags?post=32931"}],"curies":[{"name":"wp","href":"https:\/\/api.w.org\/{rel}","templated":true}]}}