{"id":3292,"date":"2009-02-12T09:35:08","date_gmt":"2009-02-12T05:35:08","guid":{"rendered":"http:\/\/www.lovendal.net\/wp52\/?p=3292"},"modified":"2009-02-13T09:47:13","modified_gmt":"2009-02-13T05:47:13","slug":"barbu-stefanescu-delavrancea-avocatul-lui-caragiale-intr-un-proces-celebru","status":"publish","type":"post","link":"https:\/\/www.lovendal.ro\/wp52\/barbu-stefanescu-delavrancea-avocatul-lui-caragiale-intr-un-proces-celebru\/","title":{"rendered":"Barbu \u015etef\u0103nescu Delavrancea, avocatul lui Caragiale \u00eentr-un proces celebru"},"content":{"rendered":"<p><img loading=\"lazy\" decoding=\"async\" class=\"alignleft size-full wp-image-3293\" title=\"delavrancea-caragiale\" src=\"https:\/\/www.lovendal.ro\/wp52\/wp-content\/uploads\/2009\/02\/delavrancea-caragiale.jpg\" alt=\"delavrancea-caragiale\" width=\"351\" height=\"259\" srcset=\"https:\/\/www.lovendal.ro\/wp52\/wp-content\/uploads\/2009\/02\/delavrancea-caragiale.jpg 351w, https:\/\/www.lovendal.ro\/wp52\/wp-content\/uploads\/2009\/02\/delavrancea-caragiale-300x221.jpg 300w\" sizes=\"auto, (max-width: 351px) 100vw, 351px\" \/>Se \u015ftie de Barbu \u015etef\u0103nescu Delavrancea ca scriitor, dar ca avocat mult mai pu\u0163ine lucruri, cu toate c\u0103 \u015fi \u00een acest ultim domeniu, Delavrancea a fost extraordinar; a uimit, a \u00eenc\u00e2ntat, a aprins pasiuni \u015fi a st\u00e2rnit gelozii&#8230;<\/p>\n<p>Avocat al cauzelor pierdute din capul locului pentru toat\u0103 lumea &#8211; mai pu\u0163in pentru Delavrancea &#8211; era c\u0103utat \u00een disperare de cel \u00eenvins de sl\u0103biciunea omeneasc\u0103, de cel care vedea \u00een el pe unicul salvator. \u015ei mai \u00eentotdeauna Delavrancea a salvat! Marele orator reu\u015fea cu cheia minunatului sau cuv\u00e2nt, care, &#8222;insinua, r\u0103scolea, cucerea&#8221;, s\u0103 deschid\u0103 por\u0163ile z\u0103vor\u00e2te ale inimilor jura\u0163ilor, s\u0103 p\u0103trund\u0103 \u00een sufletul lor gonind r\u0103ceal\u0103, indiferent\u0103, revolt\u0103 \u015fi aduc\u00e2nd mil\u0103, \u00een\u0163elegerea, \u00een\u0163elepciunea \u015fi bun\u0103tatea omeneasc\u0103.<\/p>\n<p>Delavrancea a pledat \u00een numeroase procese, majoritatea de natur\u0103 penal\u0103, celebre \u00een vremea aceea fiind: procesul cunoscut sub denumirea &#8222;Crima din strad\u0103 Soarelui&#8221; (1888); procesul Br\u0103deanu-Popescu (1893), acuza\u0163i pentru ofense aduse coroanei; procesul pasional al Olg\u0103i L\u0103\u0163escu-Sabechi (1896); procesul duelului Nicolae Filipescu-Lahovari (1898) etc.<\/p>\n<p>Pledoarii magnifice, capodopere ale geniului, a rostit Delavrancea \u00een procesul Caragiale-Caion (1902) \u015fi \u00een cel al arhitectului Ion Socolescu (1903) cunoscut \u015fi sub denumirea de Inocent.<\/p>\n<p><em><strong>Caragiale, acuzat de plagiat<\/strong><\/em><\/p>\n<p>\u00cen procesul Caragiale-Caion, Delavrancea a fost avocatul marelui dramaturg \u00een ac\u0163iunea pe care acesta a intentat-o, la 18 decembrie 1901, \u00eempotriva unui publicist obscur, Const. Al. Ionescu, cunoscut sub pseudonimul de Caion, pentru infrac\u0163iunea de calomnie prin pres\u0103. Caion \u00eel acuzase pe Caragiale \u00een dou\u0103 articole c\u0103 a plagiat drama <span style=\"text-decoration: underline;\">N\u0103pasta<\/span>, ini\u0163ial dup\u0103 o oarecare pies\u0103 <span style=\"text-decoration: underline;\">Nenorocul<\/span>, a unui anume autor ungur, Kemeny Istvan, ulterior, dup\u0103 <span style=\"text-decoration: underline;\">La puissance des tenebres<\/span> (<span style=\"text-decoration: underline;\">Puterea \u00eentunericului<\/span>) de Lev Tolstoi.<\/p>\n<p>A pledat \u00een acest proces nu numai marele avocat \u015fi om de cultur\u0103, ci \u015fi criticul literar \u015fi, mai ales, prietenul \u015fi admiratorul lui Caragiale. Dezvolt\u00e2nd argumente logice cu n\u0103praznice desc\u0103rc\u0103ri de emo\u0163ii, lumin\u00e2nd \u015fi eviden\u0163iind portretul moral \u015fi artistic al lui Caragiale \u00een contrast cu r\u0103utatea patologic\u0103, cu minciuna \u015fi josnicia lui Caion, Delavrancea a ridicat \u00eempotriva calomniatorului nu numai jura\u0163ii \u015fi mul\u0163imea din sala de judecat\u0103, ci \u015fi \u00eentreaga colectivitate rom\u00e2neasc\u0103 ofensat\u0103 de Caion, pentru c\u0103, acuz\u00e2ndu-l pe Caragiale, &#8222;\u00eenseamn\u0103 a izbi \u00een credin\u0163\u0103, \u00een admira\u0163ia \u015fi fala rom\u00e2nilor&#8221;.<\/p>\n<p>\u00cen urma fulminantei pledoarii, Caion a fost condamnat la trei luni \u00eenchisoare, 500 de lei amend\u0103 \u015fi 10 000 lei desp\u0103gubiri civile (fa\u0163\u0103 de 20 000 lei, c\u00e2t ceruse Caragiale). Chiar dac\u0103, \u00een urma rejudec\u0103rii cauzei Caion a fost achitat, aceasta nu mic\u015foreaz\u0103 succesul lui Delavrancea, pentru c\u0103 nici el, nici dramaturgul nu au dorit condamnarea vinovatului, ci numai spulberarea acuza\u0163iilor de plagiat, \u00eenl\u0103turarea oric\u0103rui dubiu privind originalitatea operei lui Caragiale, obiectiv pe deplin realizat.<\/p>\n","protected":false},"excerpt":{"rendered":"<p>Se \u015ftie de Barbu \u015etef\u0103nescu Delavrancea ca scriitor, dar ca avocat mult mai pu\u0163ine lucruri, cu toate c\u0103 \u015fi \u00een acest ultim domeniu, Delavrancea a fost extraordinar; a uimit, a \u00eenc\u00e2ntat, a aprins pasiuni \u015fi a st\u00e2rnit gelozii&#8230; Avocat al &#8230; <\/p>\n<p class=\"read-more-container\"><a title=\"Barbu \u015etef\u0103nescu Delavrancea, avocatul lui Caragiale \u00eentr-un proces celebru\" class=\"read-more button\" href=\"https:\/\/www.lovendal.ro\/wp52\/barbu-stefanescu-delavrancea-avocatul-lui-caragiale-intr-un-proces-celebru\/#more-3292\" aria-label=\"Cite\u0219te mai multe despre Barbu \u015etef\u0103nescu Delavrancea, avocatul lui Caragiale \u00eentr-un proces celebru\">Cititi mai multe<\/a><\/p>\n","protected":false},"author":1,"featured_media":3293,"comment_status":"open","ping_status":"closed","sticky":false,"template":"","format":"standard","meta":{"footnotes":""},"categories":[28],"tags":[1091,1051,9798,1090,1092,183],"class_list":["post-3292","post","type-post","status-publish","format-standard","has-post-thumbnail","hentry","category-cultura","tag-avocat","tag-caragiale","tag-cultura","tag-delavrancea","tag-plagiat","tag-proces","resize-featured-image"],"yoast_head":"<!-- This site is optimized with the Yoast SEO Premium plugin v23.3 (Yoast SEO v27.4) - https:\/\/yoast.com\/product\/yoast-seo-premium-wordpress\/ -->\n<title>Barbu \u015etef\u0103nescu Delavrancea, avocatul lui Caragiale \u00eentr-un proces celebru - Secretele lui Lovendal<\/title>\n<meta name=\"robots\" content=\"index, follow, max-snippet:-1, max-image-preview:large, max-video-preview:-1\" \/>\n<link rel=\"canonical\" href=\"https:\/\/www.lovendal.ro\/wp52\/barbu-stefanescu-delavrancea-avocatul-lui-caragiale-intr-un-proces-celebru\/\" \/>\n<meta property=\"og:locale\" content=\"ro_RO\" \/>\n<meta property=\"og:type\" content=\"article\" \/>\n<meta property=\"og:title\" content=\"Barbu \u015etef\u0103nescu Delavrancea, avocatul lui Caragiale \u00eentr-un proces celebru\" \/>\n<meta property=\"og:description\" content=\"Se \u015ftie de Barbu \u015etef\u0103nescu Delavrancea ca scriitor, dar ca avocat mult mai pu\u0163ine lucruri, cu toate c\u0103 \u015fi \u00een acest ultim domeniu, Delavrancea a fost extraordinar; a uimit, a \u00eenc\u00e2ntat, a aprins pasiuni \u015fi a st\u00e2rnit gelozii&#8230; Avocat al ... Cititi mai multe\" \/>\n<meta property=\"og:url\" content=\"https:\/\/www.lovendal.ro\/wp52\/barbu-stefanescu-delavrancea-avocatul-lui-caragiale-intr-un-proces-celebru\/\" \/>\n<meta property=\"og:site_name\" content=\"Secretele lui Lovendal\" \/>\n<meta property=\"article:publisher\" content=\"https:\/\/www.facebook.com\/secreteleluilovendal\" \/>\n<meta property=\"article:published_time\" content=\"2009-02-12T05:35:08+00:00\" \/>\n<meta property=\"article:modified_time\" content=\"2009-02-13T05:47:13+00:00\" \/>\n<meta property=\"og:image\" content=\"https:\/\/www.lovendal.ro\/wp52\/wp-content\/uploads\/2009\/02\/delavrancea-caragiale.jpg\" \/>\n\t<meta property=\"og:image:width\" content=\"351\" \/>\n\t<meta property=\"og:image:height\" content=\"259\" \/>\n\t<meta property=\"og:image:type\" content=\"image\/jpeg\" \/>\n<meta name=\"author\" content=\"admin\" \/>\n<meta name=\"twitter:card\" content=\"summary_large_image\" \/>\n<meta name=\"twitter:label1\" content=\"Scris de\" \/>\n\t<meta name=\"twitter:data1\" content=\"admin\" \/>\n\t<meta name=\"twitter:label2\" content=\"Timp estimat pentru citire\" \/>\n\t<meta name=\"twitter:data2\" content=\"2 minute\" \/>\n<script type=\"application\/ld+json\" class=\"yoast-schema-graph\">{\"@context\":\"https:\\\/\\\/schema.org\",\"@graph\":[{\"@type\":\"Article\",\"@id\":\"https:\\\/\\\/www.lovendal.ro\\\/wp52\\\/barbu-stefanescu-delavrancea-avocatul-lui-caragiale-intr-un-proces-celebru\\\/#article\",\"isPartOf\":{\"@id\":\"https:\\\/\\\/www.lovendal.ro\\\/wp52\\\/barbu-stefanescu-delavrancea-avocatul-lui-caragiale-intr-un-proces-celebru\\\/\"},\"author\":{\"name\":\"admin\",\"@id\":\"https:\\\/\\\/www.lovendal.ro\\\/wp52\\\/#\\\/schema\\\/person\\\/088691de5dfc346bb0c023e1e52ef5d9\"},\"headline\":\"Barbu \u015etef\u0103nescu Delavrancea, avocatul lui Caragiale \u00eentr-un proces celebru\",\"datePublished\":\"2009-02-12T05:35:08+00:00\",\"dateModified\":\"2009-02-13T05:47:13+00:00\",\"mainEntityOfPage\":{\"@id\":\"https:\\\/\\\/www.lovendal.ro\\\/wp52\\\/barbu-stefanescu-delavrancea-avocatul-lui-caragiale-intr-un-proces-celebru\\\/\"},\"wordCount\":476,\"commentCount\":2,\"publisher\":{\"@id\":\"https:\\\/\\\/www.lovendal.ro\\\/wp52\\\/#organization\"},\"image\":{\"@id\":\"https:\\\/\\\/www.lovendal.ro\\\/wp52\\\/barbu-stefanescu-delavrancea-avocatul-lui-caragiale-intr-un-proces-celebru\\\/#primaryimage\"},\"thumbnailUrl\":\"https:\\\/\\\/www.lovendal.ro\\\/wp52\\\/wp-content\\\/uploads\\\/2009\\\/02\\\/delavrancea-caragiale.jpg\",\"keywords\":[\"avocat\",\"Caragiale\",\"Cultura\",\"Delavrancea\",\"plagiat\",\"proces\"],\"articleSection\":[\"Cultura\"],\"inLanguage\":\"ro-RO\",\"potentialAction\":[{\"@type\":\"CommentAction\",\"name\":\"Comment\",\"target\":[\"https:\\\/\\\/www.lovendal.ro\\\/wp52\\\/barbu-stefanescu-delavrancea-avocatul-lui-caragiale-intr-un-proces-celebru\\\/#respond\"]}]},{\"@type\":\"WebPage\",\"@id\":\"https:\\\/\\\/www.lovendal.ro\\\/wp52\\\/barbu-stefanescu-delavrancea-avocatul-lui-caragiale-intr-un-proces-celebru\\\/\",\"url\":\"https:\\\/\\\/www.lovendal.ro\\\/wp52\\\/barbu-stefanescu-delavrancea-avocatul-lui-caragiale-intr-un-proces-celebru\\\/\",\"name\":\"Barbu \u015etef\u0103nescu Delavrancea, avocatul lui Caragiale \u00eentr-un proces celebru - Secretele lui Lovendal\",\"isPartOf\":{\"@id\":\"https:\\\/\\\/www.lovendal.ro\\\/wp52\\\/#website\"},\"primaryImageOfPage\":{\"@id\":\"https:\\\/\\\/www.lovendal.ro\\\/wp52\\\/barbu-stefanescu-delavrancea-avocatul-lui-caragiale-intr-un-proces-celebru\\\/#primaryimage\"},\"image\":{\"@id\":\"https:\\\/\\\/www.lovendal.ro\\\/wp52\\\/barbu-stefanescu-delavrancea-avocatul-lui-caragiale-intr-un-proces-celebru\\\/#primaryimage\"},\"thumbnailUrl\":\"https:\\\/\\\/www.lovendal.ro\\\/wp52\\\/wp-content\\\/uploads\\\/2009\\\/02\\\/delavrancea-caragiale.jpg\",\"datePublished\":\"2009-02-12T05:35:08+00:00\",\"dateModified\":\"2009-02-13T05:47:13+00:00\",\"breadcrumb\":{\"@id\":\"https:\\\/\\\/www.lovendal.ro\\\/wp52\\\/barbu-stefanescu-delavrancea-avocatul-lui-caragiale-intr-un-proces-celebru\\\/#breadcrumb\"},\"inLanguage\":\"ro-RO\",\"potentialAction\":[{\"@type\":\"ReadAction\",\"target\":[\"https:\\\/\\\/www.lovendal.ro\\\/wp52\\\/barbu-stefanescu-delavrancea-avocatul-lui-caragiale-intr-un-proces-celebru\\\/\"]}]},{\"@type\":\"ImageObject\",\"inLanguage\":\"ro-RO\",\"@id\":\"https:\\\/\\\/www.lovendal.ro\\\/wp52\\\/barbu-stefanescu-delavrancea-avocatul-lui-caragiale-intr-un-proces-celebru\\\/#primaryimage\",\"url\":\"https:\\\/\\\/www.lovendal.ro\\\/wp52\\\/wp-content\\\/uploads\\\/2009\\\/02\\\/delavrancea-caragiale.jpg\",\"contentUrl\":\"https:\\\/\\\/www.lovendal.ro\\\/wp52\\\/wp-content\\\/uploads\\\/2009\\\/02\\\/delavrancea-caragiale.jpg\",\"width\":\"351\",\"height\":\"259\"},{\"@type\":\"BreadcrumbList\",\"@id\":\"https:\\\/\\\/www.lovendal.ro\\\/wp52\\\/barbu-stefanescu-delavrancea-avocatul-lui-caragiale-intr-un-proces-celebru\\\/#breadcrumb\",\"itemListElement\":[{\"@type\":\"ListItem\",\"position\":1,\"name\":\"Home\",\"item\":\"https:\\\/\\\/www.lovendal.ro\\\/wp52\\\/\"},{\"@type\":\"ListItem\",\"position\":2,\"name\":\"Barbu \u015etef\u0103nescu Delavrancea, avocatul lui Caragiale \u00eentr-un proces celebru\"}]},{\"@type\":\"WebSite\",\"@id\":\"https:\\\/\\\/www.lovendal.ro\\\/wp52\\\/#website\",\"url\":\"https:\\\/\\\/www.lovendal.ro\\\/wp52\\\/\",\"name\":\"Secretele lui Lovendal\",\"description\":\"Site de secrete, stiinta si metafizica - din 2008 -\",\"publisher\":{\"@id\":\"https:\\\/\\\/www.lovendal.ro\\\/wp52\\\/#organization\"},\"potentialAction\":[{\"@type\":\"SearchAction\",\"target\":{\"@type\":\"EntryPoint\",\"urlTemplate\":\"https:\\\/\\\/www.lovendal.ro\\\/wp52\\\/?s={search_term_string}\"},\"query-input\":{\"@type\":\"PropertyValueSpecification\",\"valueRequired\":true,\"valueName\":\"search_term_string\"}}],\"inLanguage\":\"ro-RO\"},{\"@type\":\"Organization\",\"@id\":\"https:\\\/\\\/www.lovendal.ro\\\/wp52\\\/#organization\",\"name\":\"Secretele lui Lovendal\",\"url\":\"https:\\\/\\\/www.lovendal.ro\\\/wp52\\\/\",\"logo\":{\"@type\":\"ImageObject\",\"inLanguage\":\"ro-RO\",\"@id\":\"https:\\\/\\\/www.lovendal.ro\\\/wp52\\\/#\\\/schema\\\/logo\\\/image\\\/\",\"url\":\"https:\\\/\\\/www.lovendal.ro\\\/wp52\\\/wp-content\\\/uploads\\\/2024\\\/06\\\/cropped-SLL-iun-2024-1.jpg\",\"contentUrl\":\"https:\\\/\\\/www.lovendal.ro\\\/wp52\\\/wp-content\\\/uploads\\\/2024\\\/06\\\/cropped-SLL-iun-2024-1.jpg\",\"width\":771,\"height\":240,\"caption\":\"Secretele lui Lovendal\"},\"image\":{\"@id\":\"https:\\\/\\\/www.lovendal.ro\\\/wp52\\\/#\\\/schema\\\/logo\\\/image\\\/\"},\"sameAs\":[\"https:\\\/\\\/www.facebook.com\\\/secreteleluilovendal\"]},{\"@type\":\"Person\",\"@id\":\"https:\\\/\\\/www.lovendal.ro\\\/wp52\\\/#\\\/schema\\\/person\\\/088691de5dfc346bb0c023e1e52ef5d9\",\"name\":\"admin\",\"image\":{\"@type\":\"ImageObject\",\"inLanguage\":\"ro-RO\",\"@id\":\"https:\\\/\\\/secure.gravatar.com\\\/avatar\\\/ecb9cd41f5f63c9c9b989999a59f6e2639a865ec361e9db054db0679a8f341c2?s=96&d=mm&r=g\",\"url\":\"https:\\\/\\\/secure.gravatar.com\\\/avatar\\\/ecb9cd41f5f63c9c9b989999a59f6e2639a865ec361e9db054db0679a8f341c2?s=96&d=mm&r=g\",\"contentUrl\":\"https:\\\/\\\/secure.gravatar.com\\\/avatar\\\/ecb9cd41f5f63c9c9b989999a59f6e2639a865ec361e9db054db0679a8f341c2?s=96&d=mm&r=g\",\"caption\":\"admin\"},\"sameAs\":[\"https:\\\/\\\/www.lovendal.ro\\\/wp52\"]}]}<\/script>\n<!-- \/ Yoast SEO Premium plugin. -->","yoast_head_json":{"title":"Barbu \u015etef\u0103nescu Delavrancea, avocatul lui Caragiale \u00eentr-un proces celebru - Secretele lui Lovendal","robots":{"index":"index","follow":"follow","max-snippet":"max-snippet:-1","max-image-preview":"max-image-preview:large","max-video-preview":"max-video-preview:-1"},"canonical":"https:\/\/www.lovendal.ro\/wp52\/barbu-stefanescu-delavrancea-avocatul-lui-caragiale-intr-un-proces-celebru\/","og_locale":"ro_RO","og_type":"article","og_title":"Barbu \u015etef\u0103nescu Delavrancea, avocatul lui Caragiale \u00eentr-un proces celebru","og_description":"Se \u015ftie de Barbu \u015etef\u0103nescu Delavrancea ca scriitor, dar ca avocat mult mai pu\u0163ine lucruri, cu toate c\u0103 \u015fi \u00een acest ultim domeniu, Delavrancea a fost extraordinar; a uimit, a \u00eenc\u00e2ntat, a aprins pasiuni \u015fi a st\u00e2rnit gelozii&#8230; Avocat al ... Cititi mai multe","og_url":"https:\/\/www.lovendal.ro\/wp52\/barbu-stefanescu-delavrancea-avocatul-lui-caragiale-intr-un-proces-celebru\/","og_site_name":"Secretele lui Lovendal","article_publisher":"https:\/\/www.facebook.com\/secreteleluilovendal","article_published_time":"2009-02-12T05:35:08+00:00","article_modified_time":"2009-02-13T05:47:13+00:00","og_image":[{"width":351,"height":259,"url":"https:\/\/www.lovendal.ro\/wp52\/wp-content\/uploads\/2009\/02\/delavrancea-caragiale.jpg","type":"image\/jpeg"}],"author":"admin","twitter_card":"summary_large_image","twitter_misc":{"Scris de":"admin","Timp estimat pentru citire":"2 minute"},"schema":{"@context":"https:\/\/schema.org","@graph":[{"@type":"Article","@id":"https:\/\/www.lovendal.ro\/wp52\/barbu-stefanescu-delavrancea-avocatul-lui-caragiale-intr-un-proces-celebru\/#article","isPartOf":{"@id":"https:\/\/www.lovendal.ro\/wp52\/barbu-stefanescu-delavrancea-avocatul-lui-caragiale-intr-un-proces-celebru\/"},"author":{"name":"admin","@id":"https:\/\/www.lovendal.ro\/wp52\/#\/schema\/person\/088691de5dfc346bb0c023e1e52ef5d9"},"headline":"Barbu \u015etef\u0103nescu Delavrancea, avocatul lui Caragiale \u00eentr-un proces celebru","datePublished":"2009-02-12T05:35:08+00:00","dateModified":"2009-02-13T05:47:13+00:00","mainEntityOfPage":{"@id":"https:\/\/www.lovendal.ro\/wp52\/barbu-stefanescu-delavrancea-avocatul-lui-caragiale-intr-un-proces-celebru\/"},"wordCount":476,"commentCount":2,"publisher":{"@id":"https:\/\/www.lovendal.ro\/wp52\/#organization"},"image":{"@id":"https:\/\/www.lovendal.ro\/wp52\/barbu-stefanescu-delavrancea-avocatul-lui-caragiale-intr-un-proces-celebru\/#primaryimage"},"thumbnailUrl":"https:\/\/www.lovendal.ro\/wp52\/wp-content\/uploads\/2009\/02\/delavrancea-caragiale.jpg","keywords":["avocat","Caragiale","Cultura","Delavrancea","plagiat","proces"],"articleSection":["Cultura"],"inLanguage":"ro-RO","potentialAction":[{"@type":"CommentAction","name":"Comment","target":["https:\/\/www.lovendal.ro\/wp52\/barbu-stefanescu-delavrancea-avocatul-lui-caragiale-intr-un-proces-celebru\/#respond"]}]},{"@type":"WebPage","@id":"https:\/\/www.lovendal.ro\/wp52\/barbu-stefanescu-delavrancea-avocatul-lui-caragiale-intr-un-proces-celebru\/","url":"https:\/\/www.lovendal.ro\/wp52\/barbu-stefanescu-delavrancea-avocatul-lui-caragiale-intr-un-proces-celebru\/","name":"Barbu \u015etef\u0103nescu Delavrancea, avocatul lui Caragiale \u00eentr-un proces celebru - Secretele lui Lovendal","isPartOf":{"@id":"https:\/\/www.lovendal.ro\/wp52\/#website"},"primaryImageOfPage":{"@id":"https:\/\/www.lovendal.ro\/wp52\/barbu-stefanescu-delavrancea-avocatul-lui-caragiale-intr-un-proces-celebru\/#primaryimage"},"image":{"@id":"https:\/\/www.lovendal.ro\/wp52\/barbu-stefanescu-delavrancea-avocatul-lui-caragiale-intr-un-proces-celebru\/#primaryimage"},"thumbnailUrl":"https:\/\/www.lovendal.ro\/wp52\/wp-content\/uploads\/2009\/02\/delavrancea-caragiale.jpg","datePublished":"2009-02-12T05:35:08+00:00","dateModified":"2009-02-13T05:47:13+00:00","breadcrumb":{"@id":"https:\/\/www.lovendal.ro\/wp52\/barbu-stefanescu-delavrancea-avocatul-lui-caragiale-intr-un-proces-celebru\/#breadcrumb"},"inLanguage":"ro-RO","potentialAction":[{"@type":"ReadAction","target":["https:\/\/www.lovendal.ro\/wp52\/barbu-stefanescu-delavrancea-avocatul-lui-caragiale-intr-un-proces-celebru\/"]}]},{"@type":"ImageObject","inLanguage":"ro-RO","@id":"https:\/\/www.lovendal.ro\/wp52\/barbu-stefanescu-delavrancea-avocatul-lui-caragiale-intr-un-proces-celebru\/#primaryimage","url":"https:\/\/www.lovendal.ro\/wp52\/wp-content\/uploads\/2009\/02\/delavrancea-caragiale.jpg","contentUrl":"https:\/\/www.lovendal.ro\/wp52\/wp-content\/uploads\/2009\/02\/delavrancea-caragiale.jpg","width":"351","height":"259"},{"@type":"BreadcrumbList","@id":"https:\/\/www.lovendal.ro\/wp52\/barbu-stefanescu-delavrancea-avocatul-lui-caragiale-intr-un-proces-celebru\/#breadcrumb","itemListElement":[{"@type":"ListItem","position":1,"name":"Home","item":"https:\/\/www.lovendal.ro\/wp52\/"},{"@type":"ListItem","position":2,"name":"Barbu \u015etef\u0103nescu Delavrancea, avocatul lui Caragiale \u00eentr-un proces celebru"}]},{"@type":"WebSite","@id":"https:\/\/www.lovendal.ro\/wp52\/#website","url":"https:\/\/www.lovendal.ro\/wp52\/","name":"Secretele lui Lovendal","description":"Site de secrete, stiinta si metafizica - din 2008 -","publisher":{"@id":"https:\/\/www.lovendal.ro\/wp52\/#organization"},"potentialAction":[{"@type":"SearchAction","target":{"@type":"EntryPoint","urlTemplate":"https:\/\/www.lovendal.ro\/wp52\/?s={search_term_string}"},"query-input":{"@type":"PropertyValueSpecification","valueRequired":true,"valueName":"search_term_string"}}],"inLanguage":"ro-RO"},{"@type":"Organization","@id":"https:\/\/www.lovendal.ro\/wp52\/#organization","name":"Secretele lui Lovendal","url":"https:\/\/www.lovendal.ro\/wp52\/","logo":{"@type":"ImageObject","inLanguage":"ro-RO","@id":"https:\/\/www.lovendal.ro\/wp52\/#\/schema\/logo\/image\/","url":"https:\/\/www.lovendal.ro\/wp52\/wp-content\/uploads\/2024\/06\/cropped-SLL-iun-2024-1.jpg","contentUrl":"https:\/\/www.lovendal.ro\/wp52\/wp-content\/uploads\/2024\/06\/cropped-SLL-iun-2024-1.jpg","width":771,"height":240,"caption":"Secretele lui Lovendal"},"image":{"@id":"https:\/\/www.lovendal.ro\/wp52\/#\/schema\/logo\/image\/"},"sameAs":["https:\/\/www.facebook.com\/secreteleluilovendal"]},{"@type":"Person","@id":"https:\/\/www.lovendal.ro\/wp52\/#\/schema\/person\/088691de5dfc346bb0c023e1e52ef5d9","name":"admin","image":{"@type":"ImageObject","inLanguage":"ro-RO","@id":"https:\/\/secure.gravatar.com\/avatar\/ecb9cd41f5f63c9c9b989999a59f6e2639a865ec361e9db054db0679a8f341c2?s=96&d=mm&r=g","url":"https:\/\/secure.gravatar.com\/avatar\/ecb9cd41f5f63c9c9b989999a59f6e2639a865ec361e9db054db0679a8f341c2?s=96&d=mm&r=g","contentUrl":"https:\/\/secure.gravatar.com\/avatar\/ecb9cd41f5f63c9c9b989999a59f6e2639a865ec361e9db054db0679a8f341c2?s=96&d=mm&r=g","caption":"admin"},"sameAs":["https:\/\/www.lovendal.ro\/wp52"]}]}},"_links":{"self":[{"href":"https:\/\/www.lovendal.ro\/wp52\/wp-json\/wp\/v2\/posts\/3292","targetHints":{"allow":["GET"]}}],"collection":[{"href":"https:\/\/www.lovendal.ro\/wp52\/wp-json\/wp\/v2\/posts"}],"about":[{"href":"https:\/\/www.lovendal.ro\/wp52\/wp-json\/wp\/v2\/types\/post"}],"author":[{"embeddable":true,"href":"https:\/\/www.lovendal.ro\/wp52\/wp-json\/wp\/v2\/users\/1"}],"replies":[{"embeddable":true,"href":"https:\/\/www.lovendal.ro\/wp52\/wp-json\/wp\/v2\/comments?post=3292"}],"version-history":[{"count":0,"href":"https:\/\/www.lovendal.ro\/wp52\/wp-json\/wp\/v2\/posts\/3292\/revisions"}],"wp:featuredmedia":[{"embeddable":true,"href":"https:\/\/www.lovendal.ro\/wp52\/wp-json\/wp\/v2\/media\/3293"}],"wp:attachment":[{"href":"https:\/\/www.lovendal.ro\/wp52\/wp-json\/wp\/v2\/media?parent=3292"}],"wp:term":[{"taxonomy":"category","embeddable":true,"href":"https:\/\/www.lovendal.ro\/wp52\/wp-json\/wp\/v2\/categories?post=3292"},{"taxonomy":"post_tag","embeddable":true,"href":"https:\/\/www.lovendal.ro\/wp52\/wp-json\/wp\/v2\/tags?post=3292"}],"curies":[{"name":"wp","href":"https:\/\/api.w.org\/{rel}","templated":true}]}}