{"id":3272,"date":"2009-02-12T09:29:43","date_gmt":"2009-02-12T05:29:43","guid":{"rendered":"http:\/\/www.lovendal.net\/wp52\/?p=3272"},"modified":"2009-02-13T09:46:54","modified_gmt":"2009-02-13T05:46:54","slug":"se-afla-pamantul-intr-o-bula-abnormala-de-spatiu-timp","status":"publish","type":"post","link":"https:\/\/www.lovendal.ro\/wp52\/se-afla-pamantul-intr-o-bula-abnormala-de-spatiu-timp\/","title":{"rendered":"Se afl\u0103 P\u0103m\u00e2ntul \u00eentr-o bul\u0103 abnormal\u0103 de spa\u0163iu-timp?"},"content":{"rendered":"<p><img loading=\"lazy\" decoding=\"async\" class=\"alignleft size-full wp-image-3286\" title=\"cosmologie\" src=\"https:\/\/www.lovendal.ro\/wp52\/wp-content\/uploads\/2009\/02\/cosmologie.jpg\" alt=\"cosmologie\" width=\"289\" height=\"261\" \/>P\u0103m\u00e2ntul s-ar putea afla \u00eentr-o &#8222;balon&#8221; atipic de spa\u0163iu-timp, din care cea mai mare parte a sa este vidat\u0103, relateaz\u0103 USA Today. Aceasta ar fi explica\u0163ia pentru accelera\u0163ia aparent\u0103 a expansiunii universului, a c\u0103rei cauza este considerat\u0103 energia neagr\u0103 (forma ipotetic\u0103 de energie, capabil\u0103 de a p\u0103trunde prin orice tip de materie \u015fi de a \u00eempinge totul \u201c\u00een afar\u0103\u201d).<\/p>\n<p>P\u0103rerea general\u0103 actual\u0103 este c\u0103 74% din univers este alc\u0103tuit din energie neagr\u0103, \u00een propor\u0163ie de 21% format din materie neagr\u0103, materia \u201cnormal\u0103\u201d ocup\u00e2nd doar 5%.<\/p>\n<p>Supernovele sunt considerate a fi indicatoare conform c\u0103rora distan\u0163a se poate calcula cu exactitate. Oamenii de \u015ftiin\u0163\u0103 de la Universitatea Oxford din Anglia au descoperit c\u0103 acestea par s\u0103 se \u00eendep\u0103rteze de P\u0103m\u00e2nt mai repede dec\u00e2t ar fi normal, iar concluzia a fost c\u0103 viteza mai mic\u0103 a acestora s-ar ob\u0163ine doar \u00eentr-o zon\u0103 a universului \u00een care materia ar ocupa mai pu\u0163in spa\u0163iu dec\u00e2t \u00een alte zone.<\/p>\n<p>\u201cTeoria vidului\u201d sfideaz\u0103 principiul impus \u00een \u015ftiin\u0163\u0103 \u00een urm\u0103 cu 450 ani: Nicholas Copernicus a demonstrat c\u0103 P\u0103m\u00e2ntul se \u00eenv\u00e2rte \u00een jurul Soarelui \u015fi nu invers. A revolu\u0163ionat \u015ftiin\u0163a, iar majoritatea teoriilor ulterioare au fost nevoite s\u0103-l respecte. Pentru c\u0103 un argument s\u0103 fie valabil era nevoie s\u0103 nu fie aplicabil doar P\u0103m\u00e2ntului. \u00cens\u0103 potrivit recentei teorii, P\u0103m\u00e2ntul se afla \u00eentr-o pozi\u0163ie unic\u0103, ceea ce pare \u00eenc\u0103 improbabil pentru majoritatea oamenilor de \u015ftiin\u0163\u0103.<\/p>\n","protected":false},"excerpt":{"rendered":"<p>P\u0103m\u00e2ntul s-ar putea afla \u00eentr-o &#8222;balon&#8221; atipic de spa\u0163iu-timp, din care cea mai mare parte a sa este vidat\u0103, relateaz\u0103 USA Today. Aceasta ar fi explica\u0163ia pentru accelera\u0163ia aparent\u0103 a expansiunii universului, a c\u0103rei cauza este considerat\u0103 energia neagr\u0103 (forma &#8230; <\/p>\n<p class=\"read-more-container\"><a title=\"Se afl\u0103 P\u0103m\u00e2ntul \u00eentr-o bul\u0103 abnormal\u0103 de spa\u0163iu-timp?\" class=\"read-more button\" href=\"https:\/\/www.lovendal.ro\/wp52\/se-afla-pamantul-intr-o-bula-abnormala-de-spatiu-timp\/#more-3272\" aria-label=\"Cite\u0219te mai multe despre Se afl\u0103 P\u0103m\u00e2ntul \u00eentr-o bul\u0103 abnormal\u0103 de spa\u0163iu-timp?\">Cititi mai multe<\/a><\/p>\n","protected":false},"author":1,"featured_media":3286,"comment_status":"open","ping_status":"closed","sticky":false,"template":"","format":"standard","meta":{"footnotes":""},"categories":[106],"tags":[102,105,9803,1087],"class_list":["post-3272","post","type-post","status-publish","format-standard","has-post-thumbnail","hentry","category-stiinta","tag-astronomie","tag-pamant","tag-stiinta","tag-univers","resize-featured-image"],"yoast_head":"<!-- This site is optimized with the Yoast SEO Premium plugin v23.3 (Yoast SEO v27.4) - https:\/\/yoast.com\/product\/yoast-seo-premium-wordpress\/ -->\n<title>Se afl\u0103 P\u0103m\u00e2ntul \u00eentr-o bul\u0103 abnormal\u0103 de spa\u0163iu-timp? - Secretele lui Lovendal<\/title>\n<meta name=\"robots\" content=\"index, follow, max-snippet:-1, max-image-preview:large, max-video-preview:-1\" \/>\n<link rel=\"canonical\" href=\"https:\/\/www.lovendal.ro\/wp52\/se-afla-pamantul-intr-o-bula-abnormala-de-spatiu-timp\/\" \/>\n<meta property=\"og:locale\" content=\"ro_RO\" \/>\n<meta property=\"og:type\" content=\"article\" \/>\n<meta property=\"og:title\" content=\"Se afl\u0103 P\u0103m\u00e2ntul \u00eentr-o bul\u0103 abnormal\u0103 de spa\u0163iu-timp?\" \/>\n<meta property=\"og:description\" content=\"P\u0103m\u00e2ntul s-ar putea afla \u00eentr-o &#8222;balon&#8221; atipic de spa\u0163iu-timp, din care cea mai mare parte a sa este vidat\u0103, relateaz\u0103 USA Today. Aceasta ar fi explica\u0163ia pentru accelera\u0163ia aparent\u0103 a expansiunii universului, a c\u0103rei cauza este considerat\u0103 energia neagr\u0103 (forma ... Cititi mai multe\" \/>\n<meta property=\"og:url\" content=\"https:\/\/www.lovendal.ro\/wp52\/se-afla-pamantul-intr-o-bula-abnormala-de-spatiu-timp\/\" \/>\n<meta property=\"og:site_name\" content=\"Secretele lui Lovendal\" \/>\n<meta property=\"article:publisher\" content=\"https:\/\/www.facebook.com\/secreteleluilovendal\" \/>\n<meta property=\"article:published_time\" content=\"2009-02-12T05:29:43+00:00\" \/>\n<meta property=\"article:modified_time\" content=\"2009-02-13T05:46:54+00:00\" \/>\n<meta property=\"og:image\" content=\"https:\/\/www.lovendal.ro\/wp52\/wp-content\/uploads\/2009\/02\/cosmologie.jpg\" \/>\n\t<meta property=\"og:image:width\" content=\"289\" \/>\n\t<meta property=\"og:image:height\" content=\"261\" \/>\n\t<meta property=\"og:image:type\" content=\"image\/jpeg\" \/>\n<meta name=\"author\" content=\"admin\" \/>\n<meta name=\"twitter:card\" content=\"summary_large_image\" \/>\n<meta name=\"twitter:label1\" content=\"Scris de\" \/>\n\t<meta name=\"twitter:data1\" content=\"admin\" \/>\n\t<meta name=\"twitter:label2\" content=\"Timp estimat pentru citire\" \/>\n\t<meta name=\"twitter:data2\" content=\"1 minut\" \/>\n<script type=\"application\/ld+json\" class=\"yoast-schema-graph\">{\"@context\":\"https:\\\/\\\/schema.org\",\"@graph\":[{\"@type\":\"Article\",\"@id\":\"https:\\\/\\\/www.lovendal.ro\\\/wp52\\\/se-afla-pamantul-intr-o-bula-abnormala-de-spatiu-timp\\\/#article\",\"isPartOf\":{\"@id\":\"https:\\\/\\\/www.lovendal.ro\\\/wp52\\\/se-afla-pamantul-intr-o-bula-abnormala-de-spatiu-timp\\\/\"},\"author\":{\"name\":\"admin\",\"@id\":\"https:\\\/\\\/www.lovendal.ro\\\/wp52\\\/#\\\/schema\\\/person\\\/088691de5dfc346bb0c023e1e52ef5d9\"},\"headline\":\"Se afl\u0103 P\u0103m\u00e2ntul \u00eentr-o bul\u0103 abnormal\u0103 de spa\u0163iu-timp?\",\"datePublished\":\"2009-02-12T05:29:43+00:00\",\"dateModified\":\"2009-02-13T05:46:54+00:00\",\"mainEntityOfPage\":{\"@id\":\"https:\\\/\\\/www.lovendal.ro\\\/wp52\\\/se-afla-pamantul-intr-o-bula-abnormala-de-spatiu-timp\\\/\"},\"wordCount\":265,\"commentCount\":1,\"publisher\":{\"@id\":\"https:\\\/\\\/www.lovendal.ro\\\/wp52\\\/#organization\"},\"image\":{\"@id\":\"https:\\\/\\\/www.lovendal.ro\\\/wp52\\\/se-afla-pamantul-intr-o-bula-abnormala-de-spatiu-timp\\\/#primaryimage\"},\"thumbnailUrl\":\"https:\\\/\\\/www.lovendal.ro\\\/wp52\\\/wp-content\\\/uploads\\\/2009\\\/02\\\/cosmologie.jpg\",\"keywords\":[\"astronomie\",\"P\u0103m\u00e2nt\",\"Stiinta\",\"Univers\"],\"articleSection\":[\"Stiinta\"],\"inLanguage\":\"ro-RO\",\"potentialAction\":[{\"@type\":\"CommentAction\",\"name\":\"Comment\",\"target\":[\"https:\\\/\\\/www.lovendal.ro\\\/wp52\\\/se-afla-pamantul-intr-o-bula-abnormala-de-spatiu-timp\\\/#respond\"]}]},{\"@type\":\"WebPage\",\"@id\":\"https:\\\/\\\/www.lovendal.ro\\\/wp52\\\/se-afla-pamantul-intr-o-bula-abnormala-de-spatiu-timp\\\/\",\"url\":\"https:\\\/\\\/www.lovendal.ro\\\/wp52\\\/se-afla-pamantul-intr-o-bula-abnormala-de-spatiu-timp\\\/\",\"name\":\"Se afl\u0103 P\u0103m\u00e2ntul \u00eentr-o bul\u0103 abnormal\u0103 de spa\u0163iu-timp? - Secretele lui Lovendal\",\"isPartOf\":{\"@id\":\"https:\\\/\\\/www.lovendal.ro\\\/wp52\\\/#website\"},\"primaryImageOfPage\":{\"@id\":\"https:\\\/\\\/www.lovendal.ro\\\/wp52\\\/se-afla-pamantul-intr-o-bula-abnormala-de-spatiu-timp\\\/#primaryimage\"},\"image\":{\"@id\":\"https:\\\/\\\/www.lovendal.ro\\\/wp52\\\/se-afla-pamantul-intr-o-bula-abnormala-de-spatiu-timp\\\/#primaryimage\"},\"thumbnailUrl\":\"https:\\\/\\\/www.lovendal.ro\\\/wp52\\\/wp-content\\\/uploads\\\/2009\\\/02\\\/cosmologie.jpg\",\"datePublished\":\"2009-02-12T05:29:43+00:00\",\"dateModified\":\"2009-02-13T05:46:54+00:00\",\"breadcrumb\":{\"@id\":\"https:\\\/\\\/www.lovendal.ro\\\/wp52\\\/se-afla-pamantul-intr-o-bula-abnormala-de-spatiu-timp\\\/#breadcrumb\"},\"inLanguage\":\"ro-RO\",\"potentialAction\":[{\"@type\":\"ReadAction\",\"target\":[\"https:\\\/\\\/www.lovendal.ro\\\/wp52\\\/se-afla-pamantul-intr-o-bula-abnormala-de-spatiu-timp\\\/\"]}]},{\"@type\":\"ImageObject\",\"inLanguage\":\"ro-RO\",\"@id\":\"https:\\\/\\\/www.lovendal.ro\\\/wp52\\\/se-afla-pamantul-intr-o-bula-abnormala-de-spatiu-timp\\\/#primaryimage\",\"url\":\"https:\\\/\\\/www.lovendal.ro\\\/wp52\\\/wp-content\\\/uploads\\\/2009\\\/02\\\/cosmologie.jpg\",\"contentUrl\":\"https:\\\/\\\/www.lovendal.ro\\\/wp52\\\/wp-content\\\/uploads\\\/2009\\\/02\\\/cosmologie.jpg\",\"width\":\"289\",\"height\":\"261\"},{\"@type\":\"BreadcrumbList\",\"@id\":\"https:\\\/\\\/www.lovendal.ro\\\/wp52\\\/se-afla-pamantul-intr-o-bula-abnormala-de-spatiu-timp\\\/#breadcrumb\",\"itemListElement\":[{\"@type\":\"ListItem\",\"position\":1,\"name\":\"Home\",\"item\":\"https:\\\/\\\/www.lovendal.ro\\\/wp52\\\/\"},{\"@type\":\"ListItem\",\"position\":2,\"name\":\"Se afl\u0103 P\u0103m\u00e2ntul \u00eentr-o bul\u0103 abnormal\u0103 de spa\u0163iu-timp?\"}]},{\"@type\":\"WebSite\",\"@id\":\"https:\\\/\\\/www.lovendal.ro\\\/wp52\\\/#website\",\"url\":\"https:\\\/\\\/www.lovendal.ro\\\/wp52\\\/\",\"name\":\"Secretele lui Lovendal\",\"description\":\"Site de secrete, stiinta si metafizica - din 2008 -\",\"publisher\":{\"@id\":\"https:\\\/\\\/www.lovendal.ro\\\/wp52\\\/#organization\"},\"potentialAction\":[{\"@type\":\"SearchAction\",\"target\":{\"@type\":\"EntryPoint\",\"urlTemplate\":\"https:\\\/\\\/www.lovendal.ro\\\/wp52\\\/?s={search_term_string}\"},\"query-input\":{\"@type\":\"PropertyValueSpecification\",\"valueRequired\":true,\"valueName\":\"search_term_string\"}}],\"inLanguage\":\"ro-RO\"},{\"@type\":\"Organization\",\"@id\":\"https:\\\/\\\/www.lovendal.ro\\\/wp52\\\/#organization\",\"name\":\"Secretele lui Lovendal\",\"url\":\"https:\\\/\\\/www.lovendal.ro\\\/wp52\\\/\",\"logo\":{\"@type\":\"ImageObject\",\"inLanguage\":\"ro-RO\",\"@id\":\"https:\\\/\\\/www.lovendal.ro\\\/wp52\\\/#\\\/schema\\\/logo\\\/image\\\/\",\"url\":\"https:\\\/\\\/www.lovendal.ro\\\/wp52\\\/wp-content\\\/uploads\\\/2024\\\/06\\\/cropped-SLL-iun-2024-1.jpg\",\"contentUrl\":\"https:\\\/\\\/www.lovendal.ro\\\/wp52\\\/wp-content\\\/uploads\\\/2024\\\/06\\\/cropped-SLL-iun-2024-1.jpg\",\"width\":771,\"height\":240,\"caption\":\"Secretele lui Lovendal\"},\"image\":{\"@id\":\"https:\\\/\\\/www.lovendal.ro\\\/wp52\\\/#\\\/schema\\\/logo\\\/image\\\/\"},\"sameAs\":[\"https:\\\/\\\/www.facebook.com\\\/secreteleluilovendal\"]},{\"@type\":\"Person\",\"@id\":\"https:\\\/\\\/www.lovendal.ro\\\/wp52\\\/#\\\/schema\\\/person\\\/088691de5dfc346bb0c023e1e52ef5d9\",\"name\":\"admin\",\"image\":{\"@type\":\"ImageObject\",\"inLanguage\":\"ro-RO\",\"@id\":\"https:\\\/\\\/secure.gravatar.com\\\/avatar\\\/ecb9cd41f5f63c9c9b989999a59f6e2639a865ec361e9db054db0679a8f341c2?s=96&d=mm&r=g\",\"url\":\"https:\\\/\\\/secure.gravatar.com\\\/avatar\\\/ecb9cd41f5f63c9c9b989999a59f6e2639a865ec361e9db054db0679a8f341c2?s=96&d=mm&r=g\",\"contentUrl\":\"https:\\\/\\\/secure.gravatar.com\\\/avatar\\\/ecb9cd41f5f63c9c9b989999a59f6e2639a865ec361e9db054db0679a8f341c2?s=96&d=mm&r=g\",\"caption\":\"admin\"},\"sameAs\":[\"https:\\\/\\\/www.lovendal.ro\\\/wp52\"]}]}<\/script>\n<!-- \/ Yoast SEO Premium plugin. -->","yoast_head_json":{"title":"Se afl\u0103 P\u0103m\u00e2ntul \u00eentr-o bul\u0103 abnormal\u0103 de spa\u0163iu-timp? - Secretele lui Lovendal","robots":{"index":"index","follow":"follow","max-snippet":"max-snippet:-1","max-image-preview":"max-image-preview:large","max-video-preview":"max-video-preview:-1"},"canonical":"https:\/\/www.lovendal.ro\/wp52\/se-afla-pamantul-intr-o-bula-abnormala-de-spatiu-timp\/","og_locale":"ro_RO","og_type":"article","og_title":"Se afl\u0103 P\u0103m\u00e2ntul \u00eentr-o bul\u0103 abnormal\u0103 de spa\u0163iu-timp?","og_description":"P\u0103m\u00e2ntul s-ar putea afla \u00eentr-o &#8222;balon&#8221; atipic de spa\u0163iu-timp, din care cea mai mare parte a sa este vidat\u0103, relateaz\u0103 USA Today. Aceasta ar fi explica\u0163ia pentru accelera\u0163ia aparent\u0103 a expansiunii universului, a c\u0103rei cauza este considerat\u0103 energia neagr\u0103 (forma ... Cititi mai multe","og_url":"https:\/\/www.lovendal.ro\/wp52\/se-afla-pamantul-intr-o-bula-abnormala-de-spatiu-timp\/","og_site_name":"Secretele lui Lovendal","article_publisher":"https:\/\/www.facebook.com\/secreteleluilovendal","article_published_time":"2009-02-12T05:29:43+00:00","article_modified_time":"2009-02-13T05:46:54+00:00","og_image":[{"width":289,"height":261,"url":"https:\/\/www.lovendal.ro\/wp52\/wp-content\/uploads\/2009\/02\/cosmologie.jpg","type":"image\/jpeg"}],"author":"admin","twitter_card":"summary_large_image","twitter_misc":{"Scris de":"admin","Timp estimat pentru citire":"1 minut"},"schema":{"@context":"https:\/\/schema.org","@graph":[{"@type":"Article","@id":"https:\/\/www.lovendal.ro\/wp52\/se-afla-pamantul-intr-o-bula-abnormala-de-spatiu-timp\/#article","isPartOf":{"@id":"https:\/\/www.lovendal.ro\/wp52\/se-afla-pamantul-intr-o-bula-abnormala-de-spatiu-timp\/"},"author":{"name":"admin","@id":"https:\/\/www.lovendal.ro\/wp52\/#\/schema\/person\/088691de5dfc346bb0c023e1e52ef5d9"},"headline":"Se afl\u0103 P\u0103m\u00e2ntul \u00eentr-o bul\u0103 abnormal\u0103 de spa\u0163iu-timp?","datePublished":"2009-02-12T05:29:43+00:00","dateModified":"2009-02-13T05:46:54+00:00","mainEntityOfPage":{"@id":"https:\/\/www.lovendal.ro\/wp52\/se-afla-pamantul-intr-o-bula-abnormala-de-spatiu-timp\/"},"wordCount":265,"commentCount":1,"publisher":{"@id":"https:\/\/www.lovendal.ro\/wp52\/#organization"},"image":{"@id":"https:\/\/www.lovendal.ro\/wp52\/se-afla-pamantul-intr-o-bula-abnormala-de-spatiu-timp\/#primaryimage"},"thumbnailUrl":"https:\/\/www.lovendal.ro\/wp52\/wp-content\/uploads\/2009\/02\/cosmologie.jpg","keywords":["astronomie","P\u0103m\u00e2nt","Stiinta","Univers"],"articleSection":["Stiinta"],"inLanguage":"ro-RO","potentialAction":[{"@type":"CommentAction","name":"Comment","target":["https:\/\/www.lovendal.ro\/wp52\/se-afla-pamantul-intr-o-bula-abnormala-de-spatiu-timp\/#respond"]}]},{"@type":"WebPage","@id":"https:\/\/www.lovendal.ro\/wp52\/se-afla-pamantul-intr-o-bula-abnormala-de-spatiu-timp\/","url":"https:\/\/www.lovendal.ro\/wp52\/se-afla-pamantul-intr-o-bula-abnormala-de-spatiu-timp\/","name":"Se afl\u0103 P\u0103m\u00e2ntul \u00eentr-o bul\u0103 abnormal\u0103 de spa\u0163iu-timp? - Secretele lui Lovendal","isPartOf":{"@id":"https:\/\/www.lovendal.ro\/wp52\/#website"},"primaryImageOfPage":{"@id":"https:\/\/www.lovendal.ro\/wp52\/se-afla-pamantul-intr-o-bula-abnormala-de-spatiu-timp\/#primaryimage"},"image":{"@id":"https:\/\/www.lovendal.ro\/wp52\/se-afla-pamantul-intr-o-bula-abnormala-de-spatiu-timp\/#primaryimage"},"thumbnailUrl":"https:\/\/www.lovendal.ro\/wp52\/wp-content\/uploads\/2009\/02\/cosmologie.jpg","datePublished":"2009-02-12T05:29:43+00:00","dateModified":"2009-02-13T05:46:54+00:00","breadcrumb":{"@id":"https:\/\/www.lovendal.ro\/wp52\/se-afla-pamantul-intr-o-bula-abnormala-de-spatiu-timp\/#breadcrumb"},"inLanguage":"ro-RO","potentialAction":[{"@type":"ReadAction","target":["https:\/\/www.lovendal.ro\/wp52\/se-afla-pamantul-intr-o-bula-abnormala-de-spatiu-timp\/"]}]},{"@type":"ImageObject","inLanguage":"ro-RO","@id":"https:\/\/www.lovendal.ro\/wp52\/se-afla-pamantul-intr-o-bula-abnormala-de-spatiu-timp\/#primaryimage","url":"https:\/\/www.lovendal.ro\/wp52\/wp-content\/uploads\/2009\/02\/cosmologie.jpg","contentUrl":"https:\/\/www.lovendal.ro\/wp52\/wp-content\/uploads\/2009\/02\/cosmologie.jpg","width":"289","height":"261"},{"@type":"BreadcrumbList","@id":"https:\/\/www.lovendal.ro\/wp52\/se-afla-pamantul-intr-o-bula-abnormala-de-spatiu-timp\/#breadcrumb","itemListElement":[{"@type":"ListItem","position":1,"name":"Home","item":"https:\/\/www.lovendal.ro\/wp52\/"},{"@type":"ListItem","position":2,"name":"Se afl\u0103 P\u0103m\u00e2ntul \u00eentr-o bul\u0103 abnormal\u0103 de spa\u0163iu-timp?"}]},{"@type":"WebSite","@id":"https:\/\/www.lovendal.ro\/wp52\/#website","url":"https:\/\/www.lovendal.ro\/wp52\/","name":"Secretele lui Lovendal","description":"Site de secrete, stiinta si metafizica - din 2008 -","publisher":{"@id":"https:\/\/www.lovendal.ro\/wp52\/#organization"},"potentialAction":[{"@type":"SearchAction","target":{"@type":"EntryPoint","urlTemplate":"https:\/\/www.lovendal.ro\/wp52\/?s={search_term_string}"},"query-input":{"@type":"PropertyValueSpecification","valueRequired":true,"valueName":"search_term_string"}}],"inLanguage":"ro-RO"},{"@type":"Organization","@id":"https:\/\/www.lovendal.ro\/wp52\/#organization","name":"Secretele lui Lovendal","url":"https:\/\/www.lovendal.ro\/wp52\/","logo":{"@type":"ImageObject","inLanguage":"ro-RO","@id":"https:\/\/www.lovendal.ro\/wp52\/#\/schema\/logo\/image\/","url":"https:\/\/www.lovendal.ro\/wp52\/wp-content\/uploads\/2024\/06\/cropped-SLL-iun-2024-1.jpg","contentUrl":"https:\/\/www.lovendal.ro\/wp52\/wp-content\/uploads\/2024\/06\/cropped-SLL-iun-2024-1.jpg","width":771,"height":240,"caption":"Secretele lui Lovendal"},"image":{"@id":"https:\/\/www.lovendal.ro\/wp52\/#\/schema\/logo\/image\/"},"sameAs":["https:\/\/www.facebook.com\/secreteleluilovendal"]},{"@type":"Person","@id":"https:\/\/www.lovendal.ro\/wp52\/#\/schema\/person\/088691de5dfc346bb0c023e1e52ef5d9","name":"admin","image":{"@type":"ImageObject","inLanguage":"ro-RO","@id":"https:\/\/secure.gravatar.com\/avatar\/ecb9cd41f5f63c9c9b989999a59f6e2639a865ec361e9db054db0679a8f341c2?s=96&d=mm&r=g","url":"https:\/\/secure.gravatar.com\/avatar\/ecb9cd41f5f63c9c9b989999a59f6e2639a865ec361e9db054db0679a8f341c2?s=96&d=mm&r=g","contentUrl":"https:\/\/secure.gravatar.com\/avatar\/ecb9cd41f5f63c9c9b989999a59f6e2639a865ec361e9db054db0679a8f341c2?s=96&d=mm&r=g","caption":"admin"},"sameAs":["https:\/\/www.lovendal.ro\/wp52"]}]}},"_links":{"self":[{"href":"https:\/\/www.lovendal.ro\/wp52\/wp-json\/wp\/v2\/posts\/3272","targetHints":{"allow":["GET"]}}],"collection":[{"href":"https:\/\/www.lovendal.ro\/wp52\/wp-json\/wp\/v2\/posts"}],"about":[{"href":"https:\/\/www.lovendal.ro\/wp52\/wp-json\/wp\/v2\/types\/post"}],"author":[{"embeddable":true,"href":"https:\/\/www.lovendal.ro\/wp52\/wp-json\/wp\/v2\/users\/1"}],"replies":[{"embeddable":true,"href":"https:\/\/www.lovendal.ro\/wp52\/wp-json\/wp\/v2\/comments?post=3272"}],"version-history":[{"count":0,"href":"https:\/\/www.lovendal.ro\/wp52\/wp-json\/wp\/v2\/posts\/3272\/revisions"}],"wp:featuredmedia":[{"embeddable":true,"href":"https:\/\/www.lovendal.ro\/wp52\/wp-json\/wp\/v2\/media\/3286"}],"wp:attachment":[{"href":"https:\/\/www.lovendal.ro\/wp52\/wp-json\/wp\/v2\/media?parent=3272"}],"wp:term":[{"taxonomy":"category","embeddable":true,"href":"https:\/\/www.lovendal.ro\/wp52\/wp-json\/wp\/v2\/categories?post=3272"},{"taxonomy":"post_tag","embeddable":true,"href":"https:\/\/www.lovendal.ro\/wp52\/wp-json\/wp\/v2\/tags?post=3272"}],"curies":[{"name":"wp","href":"https:\/\/api.w.org\/{rel}","templated":true}]}}