{"id":32559,"date":"2014-02-02T22:03:57","date_gmt":"2014-02-02T20:03:57","guid":{"rendered":"http:\/\/www.lovendal.ro\/wp52\/?p=32559"},"modified":"2020-05-22T15:02:44","modified_gmt":"2020-05-22T12:02:44","slug":"hitler-a-fost-initiat-in-tainele-doctrinei-secrete-la-ce-se-refera-ea-legatura-misterioasa-intre-illuminati-ocultista-madame-blavatsky-si-hitler","status":"publish","type":"post","link":"https:\/\/www.lovendal.ro\/wp52\/hitler-a-fost-initiat-in-tainele-doctrinei-secrete-la-ce-se-refera-ea-legatura-misterioasa-intre-illuminati-ocultista-madame-blavatsky-si-hitler\/","title":{"rendered":"Hitler a fost ini\u0163iat \u00een tainele &#8222;Doctrinei Secrete&#8221;. La ce se refer\u0103 ea? Leg\u0103tura misterioas\u0103 \u00eentre Illuminati, ocultista Madame Blavatsky \u015fi Hitler"},"content":{"rendered":"<p><a href=\"https:\/\/www.lovendal.ro\/wp52\/wp-content\/uploads\/2014\/02\/DOCTRINA-SECRETA-Hitler.jpg\"><img loading=\"lazy\" decoding=\"async\" class=\"alignleft size-full wp-image-32560\" src=\"https:\/\/www.lovendal.ro\/wp52\/wp-content\/uploads\/2014\/02\/DOCTRINA-SECRETA-Hitler.jpg\" alt=\"DOCTRINA SECRETA Hitler\" width=\"327\" height=\"251\" srcset=\"https:\/\/www.lovendal.ro\/wp52\/wp-content\/uploads\/2014\/02\/DOCTRINA-SECRETA-Hitler.jpg 327w, https:\/\/www.lovendal.ro\/wp52\/wp-content\/uploads\/2014\/02\/DOCTRINA-SECRETA-Hitler-300x230.jpg 300w, https:\/\/www.lovendal.ro\/wp52\/wp-content\/uploads\/2014\/02\/DOCTRINA-SECRETA-Hitler-20x15.jpg 20w\" sizes=\"auto, (max-width: 327px) 100vw, 327px\" \/><\/a>Dietrich Eckhart este considerat a fi fondatorul nazismului. El a avut o admira\u0163ie imens\u0103 fa\u0163\u0103 de Hitler; \u00een timp ce se afla pe patul de moarte, \u00een 1923, Eckart a spus: <em>\u201eUrma\u0163i-l pe Hitler! El va dansa, dar eu sunt acela care a compus melodia. Eu l-am ini\u0163iat in tainele Doctrinei Secrete, i-am deschis centrii de viziune, oferindu-i mijloacele de a comunica cu Puterile. Nu m\u0103 jeli\u0163i, c\u0103ci prin activitatea mea voi fi influen\u0163at istoria mai mult dec\u00e2t oricare alt german&#8221;. <\/em>\u015ei Hitler, la r\u00e2ndul s\u0103u, i-a dedicat un omagiu lui Eckart; dictatorul german \u00ee\u015fi \u00eencheia astfel infama lucrare<em> &#8222;Mein Kampf&#8221;: &#8222;\u015ei doresc, de asemenea, s\u0103 \u00eenscriu \u00een r\u00e2ndurile (eroilor nazi\u015fti) pe acel om care, fiind unul dintre cei nai buni, cu vorba \u015fi cu g\u00e2ndul \u015fi, \u00een cele din urm\u0103, cu faptele sale, \u015fi-a dedicat via\u0163a trezirii poporului s\u0103u &#8211; adic\u0103 al nostru: Dietrich Eckart&#8221;.<\/em><\/p>\n<p>\u201eDoctrina Secret\u0103&#8221;, care i-a fost \u00eemp\u0103rt\u0103\u015fit\u0103 lui Hitler de c\u0103tre Eckart era un conglomerat de idei \u015fi filozofii care-\u015fi aveau, \u00een cea mai mare parte, originea \u00een operele doamnei Blavatsky \u015fi \u00een Societatea ei Teozofic\u0103.<\/p>\n<p>Societatea Teozofic\u0103 a fost \u00eenfiin\u0163at\u0103 \u00een 1875 la New York de c\u0103tre o mistic\u0103 de origine rus\u0103, pe nume Helena Petrovna Blavatsky. \u00centre 1877 \u015fi 1888 a publicat materiale oculte, printre care \u015fi cele mai celebre c\u0103r\u0163i ale sale, intitulate <em>&#8222;Isis dezv\u0103luit\u0103&#8221;<\/em>\u015fi <em>&#8222;Doctrina secret\u0103&#8221;<\/em>. Ambele lucr\u0103ri inten\u0163ionau s\u0103 prezinte o interpretare cvasi-\u015ftiin\u0163ific\u0103 a religiei, care atunci se afla \u00een declin, din cauza descoperirilor \u015ftiin\u0163ifice \u015fi a teoriilor lui Darwin.<\/p>\n<p>Teozofia \u00ee\u015fi are originile \u00een opera acelora\u015fi filozofi antici venera\u0163i de societ\u0103\u0163ile secrete ale francmasoneriei, Illuminati \u015fi Mesele Rotunde, Platon \u015fi Pitagora, precum \u015fi \u00een \u015fcolile de cercetare a Misterelor Egiptene. Madame Blavatsky se inspira din plin, de asemenea, din con\u0163inutul Talmudului \u015fi al Cabalei evreie\u015fti, ciment\u00e2nd astfel leg\u0103tura cu Misterele Antice. Societatea teozofic\u0103 nu este un grup de studiu, ci, \u00een esen\u0163a sa, este o societate de propagand\u0103, cu scopul de a \u00eenlocui \u00eenv\u0103\u0163\u0103turile pure \u015fi simple ale cre\u015ftinismului cu un conglomerat uluitor de supersti\u0163ii orientale, mistere ale Cabalei \u015fi \u015farlatanismul secolului al XVIII-lea.<\/p>\n<p>Societatea Helenei Blavatsky r\u0103sp\u00e2ndea credin\u0163a \u00eentr-un singur Creator, consider\u00e2nd c\u0103 \u00een Univers exist\u0103 o unitate fundamental\u0103 care \u00eei include pe to\u0163i oamenii, c\u0103 \u00een toate religiile se g\u0103sesc interpret\u0103ri secrete \u015fi, punctul cel mai controversat, c\u0103 \u201emarii st\u0103p\u00e2ni&#8221; sau \u201eadep\u0163i&#8221;, numi\u0163i uneori \u201eMarea Fr\u0103\u0163ie Alb\u0103&#8221;, dirijeaz\u0103 \u00een secret evolu\u0163ia omenirii.<\/p>\n<p>Acum s\u0103 revenim pu\u0163in la &#8222;Doctrina secret\u0103&#8221; relevat\u0103 lui Hitler. \u00cen cadrul acestei Doctrine, extratere\u015ftrii veni\u0163i pe Terra cu mult timp \u00een urm\u0103 au produs prin manipulare genetic\u0103 fiin\u0163e hibride de origine uman\u0103 \u015fi divin\u0103, \u00eemp\u0103r\u0163ite \u00een \u015fapte subrase: rmoahalii, tlavatlii, toltecii, turanienii, arienii, akkadienii \u015fi mongolii. \u00cen timpul acestui proces, au existat multe gre\u015feli, ceea ce a avut ca rezultat apari\u0163ia unor mutan\u0163i precum \u201euria\u015fii&#8221; din mitologia biblic\u0103 \u015fi cea nordic\u0103. Aceste rase au tr\u0103it cicluri progresive de via\u0163\u0103 \u00een timpul legendarei Atlantide. Odat\u0103 cu distrugerea acesteia, rasele s-au r\u0103sp\u00e2ndit \u00een toat\u0103 lumea, iar calit\u0103\u0163ile lor mentale \u015fi fizice au \u00eenceput s\u0103 degenereze. Speran\u0163a lor de via\u0163\u0103 s-a mic\u015forat semnificativ, \u00een vreme ce s-au \u201eascu\u0163it&#8221; procesele de g\u00e2ndire, pentru a-i ajuta s\u0103 supravie\u0163uiasc\u0103 \u00een lumea material\u0103. Aceste capacit\u0103\u0163i de g\u00e2ndire \u015fi percep\u0163ie senzorial\u0103 au fost dob\u00e2ndite cu pre\u0163ul pierderii totale a puterilor magice pe care le aveau asupra naturii \u015fi a for\u0163elor vitale din organismul uman. Odat\u0103 cu pierderea acestor puteri intuitive, oamenii primitivi au fost \u00eenv\u0103\u0163a\u0163i de creatorii lor c\u0103 mersul tuturor lucrurilor de pe Terra era dirijat de ni\u015fte \u00abzei\u00bb invizibili \u015fi c\u0103 ei ar trebui s\u0103-i slujeasc\u0103 f\u0103r\u0103 rezerve pe ace\u015ftia. Mai presus de toate, ei au fost \u00eenv\u0103\u0163a\u0163i s\u0103-\u015fi respecte \u015fi s\u0103-\u015fi protejeze puritatea s\u00e2ngelui.<\/p>\n","protected":false},"excerpt":{"rendered":"<p>Dietrich Eckhart este considerat a fi fondatorul nazismului. El a avut o admira\u0163ie imens\u0103 fa\u0163\u0103 de Hitler; \u00een timp ce se afla pe patul de moarte, \u00een 1923, Eckart a spus: \u201eUrma\u0163i-l pe Hitler! El va dansa, dar eu sunt &#8230; <\/p>\n<p class=\"read-more-container\"><a title=\"Hitler a fost ini\u0163iat \u00een tainele &#8222;Doctrinei Secrete&#8221;. La ce se refer\u0103 ea? Leg\u0103tura misterioas\u0103 \u00eentre Illuminati, ocultista Madame Blavatsky \u015fi Hitler\" class=\"read-more button\" href=\"https:\/\/www.lovendal.ro\/wp52\/hitler-a-fost-initiat-in-tainele-doctrinei-secrete-la-ce-se-refera-ea-legatura-misterioasa-intre-illuminati-ocultista-madame-blavatsky-si-hitler\/#more-32559\" aria-label=\"Cite\u0219te mai multe despre Hitler a fost ini\u0163iat \u00een tainele &#8222;Doctrinei Secrete&#8221;. La ce se refer\u0103 ea? Leg\u0103tura misterioas\u0103 \u00eentre Illuminati, ocultista Madame Blavatsky \u015fi Hitler\">Cititi mai multe<\/a><\/p>\n","protected":false},"author":1,"featured_media":32560,"comment_status":"open","ping_status":"open","sticky":false,"template":"","format":"standard","meta":{"footnotes":""},"categories":[2833,14],"tags":[192,305,252,7636,7637,51,37,38,4789,85,1289,616,1820,7638,525,9796,545,1666,1813,2031,4429],"class_list":["post-32559","post","type-post","status-publish","format-standard","has-post-thumbnail","hentry","category-noutati","category-paranormal-spiritualitate","tag-atlantida","tag-cabala","tag-darwin","tag-dietrich-eckart","tag-doctrina-secreta","tag-extraterestri","tag-filozof","tag-francmasonerie","tag-giganti","tag-hitler","tag-illuminati","tag-madame-blavatsky","tag-mein-kampf","tag-misterele-antice","tag-new-york","tag-paranormal-spiritualitate","tag-pitagora","tag-platon","tag-talmud","tag-teosofie","tag-zei","resize-featured-image"],"yoast_head":"<!-- This site is optimized with the Yoast SEO Premium plugin v23.3 (Yoast SEO v27.4) - https:\/\/yoast.com\/product\/yoast-seo-premium-wordpress\/ -->\n<title>Hitler a fost ini\u0163iat \u00een tainele &quot;Doctrinei Secrete&quot;. La ce se refer\u0103 ea? Leg\u0103tura misterioas\u0103 \u00eentre Illuminati, ocultista Madame Blavatsky \u015fi Hitler - Secretele lui Lovendal<\/title>\n<meta name=\"robots\" content=\"index, follow, max-snippet:-1, max-image-preview:large, max-video-preview:-1\" \/>\n<link rel=\"canonical\" href=\"https:\/\/www.lovendal.ro\/wp52\/hitler-a-fost-initiat-in-tainele-doctrinei-secrete-la-ce-se-refera-ea-legatura-misterioasa-intre-illuminati-ocultista-madame-blavatsky-si-hitler\/\" \/>\n<meta property=\"og:locale\" content=\"ro_RO\" \/>\n<meta property=\"og:type\" content=\"article\" \/>\n<meta property=\"og:title\" content=\"Hitler a fost ini\u0163iat \u00een tainele &quot;Doctrinei Secrete&quot;. La ce se refer\u0103 ea? Leg\u0103tura misterioas\u0103 \u00eentre Illuminati, ocultista Madame Blavatsky \u015fi Hitler\" \/>\n<meta property=\"og:description\" content=\"Dietrich Eckhart este considerat a fi fondatorul nazismului. El a avut o admira\u0163ie imens\u0103 fa\u0163\u0103 de Hitler; \u00een timp ce se afla pe patul de moarte, \u00een 1923, Eckart a spus: \u201eUrma\u0163i-l pe Hitler! El va dansa, dar eu sunt ... Cititi mai multe\" \/>\n<meta property=\"og:url\" content=\"https:\/\/www.lovendal.ro\/wp52\/hitler-a-fost-initiat-in-tainele-doctrinei-secrete-la-ce-se-refera-ea-legatura-misterioasa-intre-illuminati-ocultista-madame-blavatsky-si-hitler\/\" \/>\n<meta property=\"og:site_name\" content=\"Secretele lui Lovendal\" \/>\n<meta property=\"article:publisher\" content=\"https:\/\/www.facebook.com\/secreteleluilovendal\" \/>\n<meta property=\"article:published_time\" content=\"2014-02-02T20:03:57+00:00\" \/>\n<meta property=\"article:modified_time\" content=\"2020-05-22T12:02:44+00:00\" \/>\n<meta property=\"og:image\" content=\"https:\/\/www.lovendal.ro\/wp52\/wp-content\/uploads\/2014\/02\/DOCTRINA-SECRETA-Hitler.jpg\" \/>\n\t<meta property=\"og:image:width\" content=\"327\" \/>\n\t<meta property=\"og:image:height\" content=\"251\" \/>\n\t<meta property=\"og:image:type\" content=\"image\/jpeg\" \/>\n<meta name=\"author\" content=\"admin\" \/>\n<meta name=\"twitter:card\" content=\"summary_large_image\" \/>\n<meta name=\"twitter:label1\" content=\"Scris de\" \/>\n\t<meta name=\"twitter:data1\" content=\"admin\" \/>\n\t<meta name=\"twitter:label2\" content=\"Timp estimat pentru citire\" \/>\n\t<meta name=\"twitter:data2\" content=\"3 minute\" \/>\n<script type=\"application\/ld+json\" class=\"yoast-schema-graph\">{\"@context\":\"https:\\\/\\\/schema.org\",\"@graph\":[{\"@type\":\"Article\",\"@id\":\"https:\\\/\\\/www.lovendal.ro\\\/wp52\\\/hitler-a-fost-initiat-in-tainele-doctrinei-secrete-la-ce-se-refera-ea-legatura-misterioasa-intre-illuminati-ocultista-madame-blavatsky-si-hitler\\\/#article\",\"isPartOf\":{\"@id\":\"https:\\\/\\\/www.lovendal.ro\\\/wp52\\\/hitler-a-fost-initiat-in-tainele-doctrinei-secrete-la-ce-se-refera-ea-legatura-misterioasa-intre-illuminati-ocultista-madame-blavatsky-si-hitler\\\/\"},\"author\":{\"name\":\"admin\",\"@id\":\"https:\\\/\\\/www.lovendal.ro\\\/wp52\\\/#\\\/schema\\\/person\\\/088691de5dfc346bb0c023e1e52ef5d9\"},\"headline\":\"Hitler a fost ini\u0163iat \u00een tainele &#8222;Doctrinei Secrete&#8221;. La ce se refer\u0103 ea? Leg\u0103tura misterioas\u0103 \u00eentre Illuminati, ocultista Madame Blavatsky \u015fi Hitler\",\"datePublished\":\"2014-02-02T20:03:57+00:00\",\"dateModified\":\"2020-05-22T12:02:44+00:00\",\"mainEntityOfPage\":{\"@id\":\"https:\\\/\\\/www.lovendal.ro\\\/wp52\\\/hitler-a-fost-initiat-in-tainele-doctrinei-secrete-la-ce-se-refera-ea-legatura-misterioasa-intre-illuminati-ocultista-madame-blavatsky-si-hitler\\\/\"},\"wordCount\":716,\"commentCount\":2,\"publisher\":{\"@id\":\"https:\\\/\\\/www.lovendal.ro\\\/wp52\\\/#organization\"},\"image\":{\"@id\":\"https:\\\/\\\/www.lovendal.ro\\\/wp52\\\/hitler-a-fost-initiat-in-tainele-doctrinei-secrete-la-ce-se-refera-ea-legatura-misterioasa-intre-illuminati-ocultista-madame-blavatsky-si-hitler\\\/#primaryimage\"},\"thumbnailUrl\":\"https:\\\/\\\/www.lovendal.ro\\\/wp52\\\/wp-content\\\/uploads\\\/2014\\\/02\\\/DOCTRINA-SECRETA-Hitler.jpg\",\"keywords\":[\"Atlantida\",\"Cabala\",\"Darwin\",\"Dietrich Eckart\",\"Doctrina Secret\u0103\",\"extratere\u015ftri\",\"filozof\",\"francmasonerie\",\"gigan\u0163i\",\"Hitler\",\"Illuminati\",\"Madame Blavatsky\",\"Mein Kampf\",\"Misterele Antice\",\"New York\",\"Paranormal-Spiritualitate\",\"Pitagora\",\"Platon\",\"Talmud\",\"teosofie\",\"zei\"],\"articleSection\":[\"Noutati\",\"Paranormal-Spiritualitate\"],\"inLanguage\":\"ro-RO\",\"potentialAction\":[{\"@type\":\"CommentAction\",\"name\":\"Comment\",\"target\":[\"https:\\\/\\\/www.lovendal.ro\\\/wp52\\\/hitler-a-fost-initiat-in-tainele-doctrinei-secrete-la-ce-se-refera-ea-legatura-misterioasa-intre-illuminati-ocultista-madame-blavatsky-si-hitler\\\/#respond\"]}]},{\"@type\":\"WebPage\",\"@id\":\"https:\\\/\\\/www.lovendal.ro\\\/wp52\\\/hitler-a-fost-initiat-in-tainele-doctrinei-secrete-la-ce-se-refera-ea-legatura-misterioasa-intre-illuminati-ocultista-madame-blavatsky-si-hitler\\\/\",\"url\":\"https:\\\/\\\/www.lovendal.ro\\\/wp52\\\/hitler-a-fost-initiat-in-tainele-doctrinei-secrete-la-ce-se-refera-ea-legatura-misterioasa-intre-illuminati-ocultista-madame-blavatsky-si-hitler\\\/\",\"name\":\"Hitler a fost ini\u0163iat \u00een tainele \\\"Doctrinei Secrete\\\". La ce se refer\u0103 ea? Leg\u0103tura misterioas\u0103 \u00eentre Illuminati, ocultista Madame Blavatsky \u015fi Hitler - Secretele lui Lovendal\",\"isPartOf\":{\"@id\":\"https:\\\/\\\/www.lovendal.ro\\\/wp52\\\/#website\"},\"primaryImageOfPage\":{\"@id\":\"https:\\\/\\\/www.lovendal.ro\\\/wp52\\\/hitler-a-fost-initiat-in-tainele-doctrinei-secrete-la-ce-se-refera-ea-legatura-misterioasa-intre-illuminati-ocultista-madame-blavatsky-si-hitler\\\/#primaryimage\"},\"image\":{\"@id\":\"https:\\\/\\\/www.lovendal.ro\\\/wp52\\\/hitler-a-fost-initiat-in-tainele-doctrinei-secrete-la-ce-se-refera-ea-legatura-misterioasa-intre-illuminati-ocultista-madame-blavatsky-si-hitler\\\/#primaryimage\"},\"thumbnailUrl\":\"https:\\\/\\\/www.lovendal.ro\\\/wp52\\\/wp-content\\\/uploads\\\/2014\\\/02\\\/DOCTRINA-SECRETA-Hitler.jpg\",\"datePublished\":\"2014-02-02T20:03:57+00:00\",\"dateModified\":\"2020-05-22T12:02:44+00:00\",\"breadcrumb\":{\"@id\":\"https:\\\/\\\/www.lovendal.ro\\\/wp52\\\/hitler-a-fost-initiat-in-tainele-doctrinei-secrete-la-ce-se-refera-ea-legatura-misterioasa-intre-illuminati-ocultista-madame-blavatsky-si-hitler\\\/#breadcrumb\"},\"inLanguage\":\"ro-RO\",\"potentialAction\":[{\"@type\":\"ReadAction\",\"target\":[\"https:\\\/\\\/www.lovendal.ro\\\/wp52\\\/hitler-a-fost-initiat-in-tainele-doctrinei-secrete-la-ce-se-refera-ea-legatura-misterioasa-intre-illuminati-ocultista-madame-blavatsky-si-hitler\\\/\"]}]},{\"@type\":\"ImageObject\",\"inLanguage\":\"ro-RO\",\"@id\":\"https:\\\/\\\/www.lovendal.ro\\\/wp52\\\/hitler-a-fost-initiat-in-tainele-doctrinei-secrete-la-ce-se-refera-ea-legatura-misterioasa-intre-illuminati-ocultista-madame-blavatsky-si-hitler\\\/#primaryimage\",\"url\":\"https:\\\/\\\/www.lovendal.ro\\\/wp52\\\/wp-content\\\/uploads\\\/2014\\\/02\\\/DOCTRINA-SECRETA-Hitler.jpg\",\"contentUrl\":\"https:\\\/\\\/www.lovendal.ro\\\/wp52\\\/wp-content\\\/uploads\\\/2014\\\/02\\\/DOCTRINA-SECRETA-Hitler.jpg\",\"width\":327,\"height\":251},{\"@type\":\"BreadcrumbList\",\"@id\":\"https:\\\/\\\/www.lovendal.ro\\\/wp52\\\/hitler-a-fost-initiat-in-tainele-doctrinei-secrete-la-ce-se-refera-ea-legatura-misterioasa-intre-illuminati-ocultista-madame-blavatsky-si-hitler\\\/#breadcrumb\",\"itemListElement\":[{\"@type\":\"ListItem\",\"position\":1,\"name\":\"Home\",\"item\":\"https:\\\/\\\/www.lovendal.ro\\\/wp52\\\/\"},{\"@type\":\"ListItem\",\"position\":2,\"name\":\"Hitler a fost ini\u0163iat \u00een tainele &#8222;Doctrinei Secrete&#8221;. La ce se refer\u0103 ea? Leg\u0103tura misterioas\u0103 \u00eentre Illuminati, ocultista Madame Blavatsky \u015fi Hitler\"}]},{\"@type\":\"WebSite\",\"@id\":\"https:\\\/\\\/www.lovendal.ro\\\/wp52\\\/#website\",\"url\":\"https:\\\/\\\/www.lovendal.ro\\\/wp52\\\/\",\"name\":\"Secretele lui Lovendal\",\"description\":\"Site de secrete, stiinta si metafizica - din 2008 -\",\"publisher\":{\"@id\":\"https:\\\/\\\/www.lovendal.ro\\\/wp52\\\/#organization\"},\"potentialAction\":[{\"@type\":\"SearchAction\",\"target\":{\"@type\":\"EntryPoint\",\"urlTemplate\":\"https:\\\/\\\/www.lovendal.ro\\\/wp52\\\/?s={search_term_string}\"},\"query-input\":{\"@type\":\"PropertyValueSpecification\",\"valueRequired\":true,\"valueName\":\"search_term_string\"}}],\"inLanguage\":\"ro-RO\"},{\"@type\":\"Organization\",\"@id\":\"https:\\\/\\\/www.lovendal.ro\\\/wp52\\\/#organization\",\"name\":\"Secretele lui Lovendal\",\"url\":\"https:\\\/\\\/www.lovendal.ro\\\/wp52\\\/\",\"logo\":{\"@type\":\"ImageObject\",\"inLanguage\":\"ro-RO\",\"@id\":\"https:\\\/\\\/www.lovendal.ro\\\/wp52\\\/#\\\/schema\\\/logo\\\/image\\\/\",\"url\":\"https:\\\/\\\/www.lovendal.ro\\\/wp52\\\/wp-content\\\/uploads\\\/2024\\\/06\\\/cropped-SLL-iun-2024-1.jpg\",\"contentUrl\":\"https:\\\/\\\/www.lovendal.ro\\\/wp52\\\/wp-content\\\/uploads\\\/2024\\\/06\\\/cropped-SLL-iun-2024-1.jpg\",\"width\":771,\"height\":240,\"caption\":\"Secretele lui Lovendal\"},\"image\":{\"@id\":\"https:\\\/\\\/www.lovendal.ro\\\/wp52\\\/#\\\/schema\\\/logo\\\/image\\\/\"},\"sameAs\":[\"https:\\\/\\\/www.facebook.com\\\/secreteleluilovendal\"]},{\"@type\":\"Person\",\"@id\":\"https:\\\/\\\/www.lovendal.ro\\\/wp52\\\/#\\\/schema\\\/person\\\/088691de5dfc346bb0c023e1e52ef5d9\",\"name\":\"admin\",\"image\":{\"@type\":\"ImageObject\",\"inLanguage\":\"ro-RO\",\"@id\":\"https:\\\/\\\/secure.gravatar.com\\\/avatar\\\/ecb9cd41f5f63c9c9b989999a59f6e2639a865ec361e9db054db0679a8f341c2?s=96&d=mm&r=g\",\"url\":\"https:\\\/\\\/secure.gravatar.com\\\/avatar\\\/ecb9cd41f5f63c9c9b989999a59f6e2639a865ec361e9db054db0679a8f341c2?s=96&d=mm&r=g\",\"contentUrl\":\"https:\\\/\\\/secure.gravatar.com\\\/avatar\\\/ecb9cd41f5f63c9c9b989999a59f6e2639a865ec361e9db054db0679a8f341c2?s=96&d=mm&r=g\",\"caption\":\"admin\"},\"sameAs\":[\"https:\\\/\\\/www.lovendal.ro\\\/wp52\"]}]}<\/script>\n<!-- \/ Yoast SEO Premium plugin. -->","yoast_head_json":{"title":"Hitler a fost ini\u0163iat \u00een tainele \"Doctrinei Secrete\". La ce se refer\u0103 ea? Leg\u0103tura misterioas\u0103 \u00eentre Illuminati, ocultista Madame Blavatsky \u015fi Hitler - Secretele lui Lovendal","robots":{"index":"index","follow":"follow","max-snippet":"max-snippet:-1","max-image-preview":"max-image-preview:large","max-video-preview":"max-video-preview:-1"},"canonical":"https:\/\/www.lovendal.ro\/wp52\/hitler-a-fost-initiat-in-tainele-doctrinei-secrete-la-ce-se-refera-ea-legatura-misterioasa-intre-illuminati-ocultista-madame-blavatsky-si-hitler\/","og_locale":"ro_RO","og_type":"article","og_title":"Hitler a fost ini\u0163iat \u00een tainele \"Doctrinei Secrete\". La ce se refer\u0103 ea? Leg\u0103tura misterioas\u0103 \u00eentre Illuminati, ocultista Madame Blavatsky \u015fi Hitler","og_description":"Dietrich Eckhart este considerat a fi fondatorul nazismului. El a avut o admira\u0163ie imens\u0103 fa\u0163\u0103 de Hitler; \u00een timp ce se afla pe patul de moarte, \u00een 1923, Eckart a spus: \u201eUrma\u0163i-l pe Hitler! El va dansa, dar eu sunt ... Cititi mai multe","og_url":"https:\/\/www.lovendal.ro\/wp52\/hitler-a-fost-initiat-in-tainele-doctrinei-secrete-la-ce-se-refera-ea-legatura-misterioasa-intre-illuminati-ocultista-madame-blavatsky-si-hitler\/","og_site_name":"Secretele lui Lovendal","article_publisher":"https:\/\/www.facebook.com\/secreteleluilovendal","article_published_time":"2014-02-02T20:03:57+00:00","article_modified_time":"2020-05-22T12:02:44+00:00","og_image":[{"width":327,"height":251,"url":"https:\/\/www.lovendal.ro\/wp52\/wp-content\/uploads\/2014\/02\/DOCTRINA-SECRETA-Hitler.jpg","type":"image\/jpeg"}],"author":"admin","twitter_card":"summary_large_image","twitter_misc":{"Scris de":"admin","Timp estimat pentru citire":"3 minute"},"schema":{"@context":"https:\/\/schema.org","@graph":[{"@type":"Article","@id":"https:\/\/www.lovendal.ro\/wp52\/hitler-a-fost-initiat-in-tainele-doctrinei-secrete-la-ce-se-refera-ea-legatura-misterioasa-intre-illuminati-ocultista-madame-blavatsky-si-hitler\/#article","isPartOf":{"@id":"https:\/\/www.lovendal.ro\/wp52\/hitler-a-fost-initiat-in-tainele-doctrinei-secrete-la-ce-se-refera-ea-legatura-misterioasa-intre-illuminati-ocultista-madame-blavatsky-si-hitler\/"},"author":{"name":"admin","@id":"https:\/\/www.lovendal.ro\/wp52\/#\/schema\/person\/088691de5dfc346bb0c023e1e52ef5d9"},"headline":"Hitler a fost ini\u0163iat \u00een tainele &#8222;Doctrinei Secrete&#8221;. La ce se refer\u0103 ea? Leg\u0103tura misterioas\u0103 \u00eentre Illuminati, ocultista Madame Blavatsky \u015fi Hitler","datePublished":"2014-02-02T20:03:57+00:00","dateModified":"2020-05-22T12:02:44+00:00","mainEntityOfPage":{"@id":"https:\/\/www.lovendal.ro\/wp52\/hitler-a-fost-initiat-in-tainele-doctrinei-secrete-la-ce-se-refera-ea-legatura-misterioasa-intre-illuminati-ocultista-madame-blavatsky-si-hitler\/"},"wordCount":716,"commentCount":2,"publisher":{"@id":"https:\/\/www.lovendal.ro\/wp52\/#organization"},"image":{"@id":"https:\/\/www.lovendal.ro\/wp52\/hitler-a-fost-initiat-in-tainele-doctrinei-secrete-la-ce-se-refera-ea-legatura-misterioasa-intre-illuminati-ocultista-madame-blavatsky-si-hitler\/#primaryimage"},"thumbnailUrl":"https:\/\/www.lovendal.ro\/wp52\/wp-content\/uploads\/2014\/02\/DOCTRINA-SECRETA-Hitler.jpg","keywords":["Atlantida","Cabala","Darwin","Dietrich Eckart","Doctrina Secret\u0103","extratere\u015ftri","filozof","francmasonerie","gigan\u0163i","Hitler","Illuminati","Madame Blavatsky","Mein Kampf","Misterele Antice","New York","Paranormal-Spiritualitate","Pitagora","Platon","Talmud","teosofie","zei"],"articleSection":["Noutati","Paranormal-Spiritualitate"],"inLanguage":"ro-RO","potentialAction":[{"@type":"CommentAction","name":"Comment","target":["https:\/\/www.lovendal.ro\/wp52\/hitler-a-fost-initiat-in-tainele-doctrinei-secrete-la-ce-se-refera-ea-legatura-misterioasa-intre-illuminati-ocultista-madame-blavatsky-si-hitler\/#respond"]}]},{"@type":"WebPage","@id":"https:\/\/www.lovendal.ro\/wp52\/hitler-a-fost-initiat-in-tainele-doctrinei-secrete-la-ce-se-refera-ea-legatura-misterioasa-intre-illuminati-ocultista-madame-blavatsky-si-hitler\/","url":"https:\/\/www.lovendal.ro\/wp52\/hitler-a-fost-initiat-in-tainele-doctrinei-secrete-la-ce-se-refera-ea-legatura-misterioasa-intre-illuminati-ocultista-madame-blavatsky-si-hitler\/","name":"Hitler a fost ini\u0163iat \u00een tainele \"Doctrinei Secrete\". La ce se refer\u0103 ea? Leg\u0103tura misterioas\u0103 \u00eentre Illuminati, ocultista Madame Blavatsky \u015fi Hitler - Secretele lui Lovendal","isPartOf":{"@id":"https:\/\/www.lovendal.ro\/wp52\/#website"},"primaryImageOfPage":{"@id":"https:\/\/www.lovendal.ro\/wp52\/hitler-a-fost-initiat-in-tainele-doctrinei-secrete-la-ce-se-refera-ea-legatura-misterioasa-intre-illuminati-ocultista-madame-blavatsky-si-hitler\/#primaryimage"},"image":{"@id":"https:\/\/www.lovendal.ro\/wp52\/hitler-a-fost-initiat-in-tainele-doctrinei-secrete-la-ce-se-refera-ea-legatura-misterioasa-intre-illuminati-ocultista-madame-blavatsky-si-hitler\/#primaryimage"},"thumbnailUrl":"https:\/\/www.lovendal.ro\/wp52\/wp-content\/uploads\/2014\/02\/DOCTRINA-SECRETA-Hitler.jpg","datePublished":"2014-02-02T20:03:57+00:00","dateModified":"2020-05-22T12:02:44+00:00","breadcrumb":{"@id":"https:\/\/www.lovendal.ro\/wp52\/hitler-a-fost-initiat-in-tainele-doctrinei-secrete-la-ce-se-refera-ea-legatura-misterioasa-intre-illuminati-ocultista-madame-blavatsky-si-hitler\/#breadcrumb"},"inLanguage":"ro-RO","potentialAction":[{"@type":"ReadAction","target":["https:\/\/www.lovendal.ro\/wp52\/hitler-a-fost-initiat-in-tainele-doctrinei-secrete-la-ce-se-refera-ea-legatura-misterioasa-intre-illuminati-ocultista-madame-blavatsky-si-hitler\/"]}]},{"@type":"ImageObject","inLanguage":"ro-RO","@id":"https:\/\/www.lovendal.ro\/wp52\/hitler-a-fost-initiat-in-tainele-doctrinei-secrete-la-ce-se-refera-ea-legatura-misterioasa-intre-illuminati-ocultista-madame-blavatsky-si-hitler\/#primaryimage","url":"https:\/\/www.lovendal.ro\/wp52\/wp-content\/uploads\/2014\/02\/DOCTRINA-SECRETA-Hitler.jpg","contentUrl":"https:\/\/www.lovendal.ro\/wp52\/wp-content\/uploads\/2014\/02\/DOCTRINA-SECRETA-Hitler.jpg","width":327,"height":251},{"@type":"BreadcrumbList","@id":"https:\/\/www.lovendal.ro\/wp52\/hitler-a-fost-initiat-in-tainele-doctrinei-secrete-la-ce-se-refera-ea-legatura-misterioasa-intre-illuminati-ocultista-madame-blavatsky-si-hitler\/#breadcrumb","itemListElement":[{"@type":"ListItem","position":1,"name":"Home","item":"https:\/\/www.lovendal.ro\/wp52\/"},{"@type":"ListItem","position":2,"name":"Hitler a fost ini\u0163iat \u00een tainele &#8222;Doctrinei Secrete&#8221;. La ce se refer\u0103 ea? Leg\u0103tura misterioas\u0103 \u00eentre Illuminati, ocultista Madame Blavatsky \u015fi Hitler"}]},{"@type":"WebSite","@id":"https:\/\/www.lovendal.ro\/wp52\/#website","url":"https:\/\/www.lovendal.ro\/wp52\/","name":"Secretele lui Lovendal","description":"Site de secrete, stiinta si metafizica - din 2008 -","publisher":{"@id":"https:\/\/www.lovendal.ro\/wp52\/#organization"},"potentialAction":[{"@type":"SearchAction","target":{"@type":"EntryPoint","urlTemplate":"https:\/\/www.lovendal.ro\/wp52\/?s={search_term_string}"},"query-input":{"@type":"PropertyValueSpecification","valueRequired":true,"valueName":"search_term_string"}}],"inLanguage":"ro-RO"},{"@type":"Organization","@id":"https:\/\/www.lovendal.ro\/wp52\/#organization","name":"Secretele lui Lovendal","url":"https:\/\/www.lovendal.ro\/wp52\/","logo":{"@type":"ImageObject","inLanguage":"ro-RO","@id":"https:\/\/www.lovendal.ro\/wp52\/#\/schema\/logo\/image\/","url":"https:\/\/www.lovendal.ro\/wp52\/wp-content\/uploads\/2024\/06\/cropped-SLL-iun-2024-1.jpg","contentUrl":"https:\/\/www.lovendal.ro\/wp52\/wp-content\/uploads\/2024\/06\/cropped-SLL-iun-2024-1.jpg","width":771,"height":240,"caption":"Secretele lui Lovendal"},"image":{"@id":"https:\/\/www.lovendal.ro\/wp52\/#\/schema\/logo\/image\/"},"sameAs":["https:\/\/www.facebook.com\/secreteleluilovendal"]},{"@type":"Person","@id":"https:\/\/www.lovendal.ro\/wp52\/#\/schema\/person\/088691de5dfc346bb0c023e1e52ef5d9","name":"admin","image":{"@type":"ImageObject","inLanguage":"ro-RO","@id":"https:\/\/secure.gravatar.com\/avatar\/ecb9cd41f5f63c9c9b989999a59f6e2639a865ec361e9db054db0679a8f341c2?s=96&d=mm&r=g","url":"https:\/\/secure.gravatar.com\/avatar\/ecb9cd41f5f63c9c9b989999a59f6e2639a865ec361e9db054db0679a8f341c2?s=96&d=mm&r=g","contentUrl":"https:\/\/secure.gravatar.com\/avatar\/ecb9cd41f5f63c9c9b989999a59f6e2639a865ec361e9db054db0679a8f341c2?s=96&d=mm&r=g","caption":"admin"},"sameAs":["https:\/\/www.lovendal.ro\/wp52"]}]}},"_links":{"self":[{"href":"https:\/\/www.lovendal.ro\/wp52\/wp-json\/wp\/v2\/posts\/32559","targetHints":{"allow":["GET"]}}],"collection":[{"href":"https:\/\/www.lovendal.ro\/wp52\/wp-json\/wp\/v2\/posts"}],"about":[{"href":"https:\/\/www.lovendal.ro\/wp52\/wp-json\/wp\/v2\/types\/post"}],"author":[{"embeddable":true,"href":"https:\/\/www.lovendal.ro\/wp52\/wp-json\/wp\/v2\/users\/1"}],"replies":[{"embeddable":true,"href":"https:\/\/www.lovendal.ro\/wp52\/wp-json\/wp\/v2\/comments?post=32559"}],"version-history":[{"count":0,"href":"https:\/\/www.lovendal.ro\/wp52\/wp-json\/wp\/v2\/posts\/32559\/revisions"}],"wp:featuredmedia":[{"embeddable":true,"href":"https:\/\/www.lovendal.ro\/wp52\/wp-json\/wp\/v2\/media\/32560"}],"wp:attachment":[{"href":"https:\/\/www.lovendal.ro\/wp52\/wp-json\/wp\/v2\/media?parent=32559"}],"wp:term":[{"taxonomy":"category","embeddable":true,"href":"https:\/\/www.lovendal.ro\/wp52\/wp-json\/wp\/v2\/categories?post=32559"},{"taxonomy":"post_tag","embeddable":true,"href":"https:\/\/www.lovendal.ro\/wp52\/wp-json\/wp\/v2\/tags?post=32559"}],"curies":[{"name":"wp","href":"https:\/\/api.w.org\/{rel}","templated":true}]}}