{"id":32401,"date":"2014-01-23T13:07:10","date_gmt":"2014-01-23T11:07:10","guid":{"rendered":"http:\/\/www.lovendal.ro\/wp52\/?p=32401"},"modified":"2024-11-14T09:46:12","modified_gmt":"2024-11-14T07:46:12","slug":"intalnirea-fantastica-a-amiralului-byrd-cu-lumea-ascunsa-de-la-polul-nord-paduri-munti-mamuti-ozn-uri-si-orase-de-cristal","status":"publish","type":"post","link":"https:\/\/www.lovendal.ro\/wp52\/intalnirea-fantastica-a-amiralului-byrd-cu-lumea-ascunsa-de-la-polul-nord-paduri-munti-mamuti-ozn-uri-si-orase-de-cristal\/","title":{"rendered":"\u00cent\u00e2lnirea fantastic\u0103 a amiralului Byrd cu lumea ascuns\u0103 de la Polul Nord: p\u0103duri, mun\u0163i, mamu\u0163i, OZN-uri \u015fi ora\u015fe de cristal&#8230;"},"content":{"rendered":"<p><a href=\"https:\/\/www.lovendal.ro\/wp52\/wp-content\/uploads\/2014\/01\/amiralul-Byrd5.jpg\"><img loading=\"lazy\" decoding=\"async\" class=\"alignleft size-full wp-image-73795\" src=\"https:\/\/www.lovendal.ro\/wp52\/wp-content\/uploads\/2014\/01\/amiralul-Byrd5.jpg\" alt=\"\" width=\"334\" height=\"245\" srcset=\"https:\/\/www.lovendal.ro\/wp52\/wp-content\/uploads\/2014\/01\/amiralul-Byrd5.jpg 334w, https:\/\/www.lovendal.ro\/wp52\/wp-content\/uploads\/2014\/01\/amiralul-Byrd5-300x220.jpg 300w, https:\/\/www.lovendal.ro\/wp52\/wp-content\/uploads\/2014\/01\/amiralul-Byrd5-80x60.jpg 80w\" sizes=\"auto, (max-width: 334px) 100vw, 334px\" \/><\/a>Despre teoria P\u0103m\u00e2ntului gol \u015fi locuibil \u00een interior am scris mai multe articole pe &#8222;Secretele lui Lovendal&#8221;. Conform sus\u0163in\u0103torilor acestei teorii, contrar cu ceea ce ni se explic\u0103 \u00een c\u0103r\u0163ile de \u015ftiin\u0163\u0103 moderne, P\u0103m\u00e2ntul nu este o sfer\u0103 solid\u0103, cu un miez de fier lichid sau semilichid \u00een interior, ci, mai degrab\u0103 se aseam\u0103n\u0103 cu un ou, al c\u0103rui albu\u015f a fost \u00eendep\u0103rtat, r\u0103m\u00e2n\u00e2nd astfel un spa\u0163iu gol \u00een interiorul acestui ou. Teoria P\u0103m\u00e2ntului gol mai spune c\u0103 &#8222;g\u0103lbenu\u015ful oului&#8221; ar fi un mini-soare care ofer\u0103 at\u00e2t via\u0163\u0103 c\u00e2t \u015fi lumin\u0103 lumii interioare. Centrul gravita\u0163iei nu se afl\u0103 \u00een centrul P\u0103m\u00e2ntului, a\u015fa cum ne \u00eenva\u0163\u0103 geologia \u015fi fizica modern\u0103, ci undeva la mijlocul mantelei sub\u0163ire, care se afl\u0103 sub scoar\u0163a P\u0103m\u00e2ntului. Astfel, gravita\u0163ia ac\u0163ioneaz\u0103 egal at\u00e2t \u00een interiorul P\u0103m\u00e2ntului, c\u00e2t \u015fi \u00een exteriorul ei; o minge va c\u0103dea \u00eenspre P\u0103m\u00e2nt, pentru noi care st\u0103m pe suprafa\u0163a lui, dar, la fel, pe mantaua P\u0103m\u00e2ntului, pentru cineva care ar locui \u00een interiorul Terrei noastre. Un locuitor al lumii interioare ar avea parte, la fel ca \u015fi noi, de un un cer albastru, un Soare, dar \u015fi alte elemente ale naturii, ca v\u0103i, mun\u0163i, lacuri, oceane.<\/p>\n<p>Conform unei relat\u0103ri care a circulat \u00een lumea conspira\u0163iilor, imediat dup\u0103 cel de-al doilea r\u0103zboi, un ofi\u0163er superior american, faimosul de acum amiral Richard Byrd, a fost trimis de guvernul american \u00eentr-o expedi\u0163ie la Polul Nord, pentru a determina fezabilitatea unor mine de uraniu la Cercul Arctic. Acolo, amiralul Byrd a descoperit o nou\u0103 lume, Polul Nord fiind poarta de intrare c\u0103tre lumea subteran\u0103. Iat\u0103 c\u00e2teva fragmente din presupusul jurnal de bord al amiralului Byrd, care pe 19 februarie 1947 a f\u0103cut o descoperire epocal\u0103:<\/p>\n<p><strong>Ora 09:15<\/strong>: \u00cen dep\u0103rtare, observ ceea ce par a fi mun\u0163i.<\/p>\n<p><strong>Ora 09:49:<\/strong> Dup\u0103 29 minute de zbor, \u00eemi dau seama c\u0103, de fapt, nu poate fi vorba de nicio iluzie. Chiar se afl\u0103 mun\u0163i de \u00een\u0103l\u0163ime mic\u0103, pe care nu i-am v\u0103zut niciodat\u0103 p\u00e2n\u0103 acum.<\/p>\n<p><strong>Ora 10:00:<\/strong> Travers\u0103m un munte de \u00een\u0103l\u0163ime mic\u0103. Dincolo de munte, observ o vale cu un mic r\u00e2u un mijloc. Acolo jos n-ar fi trebuit s\u0103 se afle vreo vale verde! \u00cen mod categoric, ceva e gre\u015fit \u015fi anormal! Ar fi trebuit s\u0103 avem parte doar de ghea\u0163\u0103 \u015fi z\u0103pad\u0103! Pe culmile mun\u0163ilor, observ mari p\u0103duri. Instrumentele noastre de naviga\u0163ie continu\u0103 s\u0103 se \u00eenv\u00e2rt\u0103, giroscopul oscileaz\u0103 \u00eenainte \u015fi \u00eenapoi!<\/p>\n<p><strong>Ora 10:05:<\/strong> La altitudinea de 1.400 de picioare, efectuez o \u00eentoarcere u\u015foar\u0103 la st\u00e2nga, pentru a observa mai bine valea. Este verde ca urmare a prezen\u0163ei ierbii. Lumina pare a fi diferit\u0103.. nu mai pot vedea Soarele. Mai facem \u00eenc\u0103 o \u00eentoarcere la st\u00e2nga \u015fi observ\u0103m un animal sub noi. Pare a fi un elefant. Nu! Seam\u0103n\u0103 mai degrab\u0103 cu un mamut! Este incredibil! Cobor la altitudinea de 1.000 de metri pentru a examina mai bine animalul; \u00eemi iau binoclul \u015fi, \u00een mod categoric, observ c\u0103 este un animal ce seam\u0103n\u0103 cu un mamut!<\/p>\n<p><strong> Ora 10:30:<\/strong> Observ mai multe dealuri verzi. Indicatorul de temperatur\u0103 exterioar\u0103 arat\u0103 o temperatur\u0103 de 23 de grade! Continui s\u0103 zbor. Instrumentele de naviga\u0163ie par OK acum, dar sta\u0163ia radio nu func\u0163ioneaz\u0103.<\/p>\n<p><strong>Ora 11:30:<\/strong> \u00cen fa\u0163\u0103 observ ceea ce pare a fi un ora\u015f!!! Acest lucru e imposibil! Observ \u015fi ni\u015fte farfurii zbur\u0103toare! M-am apropiat destul de mult de ele, pentru a observa ce semne au desenate pe ele: e vorba de zvastica!! Acest lucru e fantastic! \u00cencerc din nou s\u0103 iau leg\u0103tura radio, dar aceasta nu func\u0163ioneaz\u0103! Parc\u0103 sunt prins \u00eentr-un fel de capcan\u0103 aici.<\/p>\n<p><strong>Ora 11:35:<\/strong> \u00cen radiourile noastre se aude o voce \u00een limba englez\u0103, dar cu accent nordic sau germanic: <em>&#8222;Bine a\u0163i venit, amirale, \u00een domeniul nostru. Te vom ateriza \u00een 7 minute. Relaxeaz\u0103-te, amirale, v\u0103 afla\u0163i \u00een m\u00e2ini bune&#8221;.<\/em> Am observat c\u0103 motoarele avonului nostru nu mai func\u0163ioneaz\u0103. Aeronava noastr\u0103 se afl\u0103 sub un control exterior, iar acum se \u00eentoarce singur\u0103. Butoanele de comand\u0103 sunt inutile.<\/p>\n<p><strong> Ora 11:40:<\/strong> Am recep\u0163ionat \u00eenc\u0103 un alt mesaj de comand\u0103. \u00cencepem s\u0103 ateriz\u0103m, iar avionul pur \u015fi simplu se coboar\u0103 \u00een jos, de parc\u0103 ar fi prins \u00eentr-un fel de lift invizibil.<\/p>\n<p><strong>Ora 11:45:<\/strong> C\u00e2\u0163iva oameni se \u00eendreapt\u0103 spre aeronava noastr\u0103. Ei sunt \u00eenal\u0163i \u015fi blonzi. Nu \u015ftiu ce se va \u00eent\u00e2mpla acum, dar ei par c\u0103 nu au arme. Am auzit o voce care \u00eemi ordon\u0103 s\u0103 deschis u\u015fa cargoului. M-am conformat.<\/p>\n<p>Din acest moment, evenimentele v\u0103 relatez din memorie. Am fost transborda\u0163i pe o platform\u0103 f\u0103r\u0103 ro\u0163i. Aceasta se deplasa c\u0103tre un ora\u015f str\u0103lucitor, care p\u0103rea s\u0103 fie construit din cristal. \u00cen cur\u00e2nd, ajungem l\u00e2ng\u0103 o cl\u0103dire mare, ce p\u0103rea at\u00e2t de neobi\u015fnuit\u0103, \u00eenc\u00e2t sigur nu am v\u0103zut-o vreodat\u0103. La intrare, ni s-a oferit o b\u0103utur\u0103 cald\u0103 \u015fi extrem de delicioas\u0103. Dup\u0103 circa 10 minute, suntem invita\u0163i c\u0103tre o \u00eenc\u0103pere, care avea la intrare o u\u015f\u0103 uria\u015f\u0103 cu o inscrip\u0163ie necunoscut\u0103. Dup\u0103 ce-am intrat, am auzit o voce: <em>&#8222;Nu-\u0163i fie fric\u0103, amirale, vei avea o \u00eent\u00e2lnire cu Maestrul&#8230;&#8221;<\/em><\/p>\n<p>Poate c\u0103 unii dintre voi cunoa\u015fte\u0163i acest jurnal&#8230; dar pentru cei care nu-l cunosc \u00eenc\u0103, vre\u0163i s\u0103 v\u0103 prezint \u00eentr-un alt articol \u015fi continuarea? S\u0103 vedem ce secrete ar fi aflat Byrd de la \u00eent\u00e2lnirea cu Maestrul&#8230;<\/p>\n","protected":false},"excerpt":{"rendered":"<p>Despre teoria P\u0103m\u00e2ntului gol \u015fi locuibil \u00een interior am scris mai multe articole pe &#8222;Secretele lui Lovendal&#8221;. Conform sus\u0163in\u0103torilor acestei teorii, contrar cu ceea ce ni se explic\u0103 \u00een c\u0103r\u0163ile de \u015ftiin\u0163\u0103 moderne, P\u0103m\u00e2ntul nu este o sfer\u0103 solid\u0103, cu &#8230; <\/p>\n<p class=\"read-more-container\"><a title=\"\u00cent\u00e2lnirea fantastic\u0103 a amiralului Byrd cu lumea ascuns\u0103 de la Polul Nord: p\u0103duri, mun\u0163i, mamu\u0163i, OZN-uri \u015fi ora\u015fe de cristal&#8230;\" class=\"read-more button\" href=\"https:\/\/www.lovendal.ro\/wp52\/intalnirea-fantastica-a-amiralului-byrd-cu-lumea-ascunsa-de-la-polul-nord-paduri-munti-mamuti-ozn-uri-si-orase-de-cristal\/#more-32401\" aria-label=\"Cite\u0219te mai multe despre \u00cent\u00e2lnirea fantastic\u0103 a amiralului Byrd cu lumea ascuns\u0103 de la Polul Nord: p\u0103duri, mun\u0163i, mamu\u0163i, OZN-uri \u015fi ora\u015fe de cristal&#8230;\">Cititi mai multe<\/a><\/p>\n","protected":false},"author":1,"featured_media":73795,"comment_status":"open","ping_status":"open","sticky":false,"template":"","format":"standard","meta":{"footnotes":""},"categories":[14],"tags":[3700,6585,762,1619,7581,1050,1036,2039,648,1578,4314,1367,3115,1302,952,5029,4927,1510,815,151,1136,550,105,1180,9796,153,232,3042,7038,865,23,4881,1163,3530,493],"class_list":["post-32401","post","type-post","status-publish","format-standard","has-post-thumbnail","hentry","category-paranormal-spiritualitate","tag-amiral","tag-animal","tag-avion","tag-binoclu","tag-byrd","tag-cel-de-al-2-lea-razboi-mondial","tag-cristal","tag-elefant","tag-farfurie-zburatoare","tag-gheata","tag-giroscop","tag-gravitatie","tag-iarba","tag-lift","tag-lumina","tag-mamut","tag-manta","tag-motor","tag-munti","tag-oras","tag-ou","tag-paduri","tag-pamant","tag-pamantul-gol","tag-paranormal-spiritualitate","tag-polul-nord","tag-radio","tag-rau","tag-scoarta-terestra","tag-soare","tag-sua","tag-uraniu","tag-verde","tag-zapada","tag-zvastica","resize-featured-image"],"yoast_head":"<!-- This site is optimized with the Yoast SEO Premium plugin v23.3 (Yoast SEO v27.4) - https:\/\/yoast.com\/product\/yoast-seo-premium-wordpress\/ -->\n<title>\u00cent\u00e2lnirea fantastic\u0103 a amiralului Byrd cu lumea ascuns\u0103 de la Polul Nord: p\u0103duri, mun\u0163i, mamu\u0163i, OZN-uri \u015fi ora\u015fe de cristal... - Secretele lui Lovendal<\/title>\n<meta name=\"robots\" content=\"index, follow, max-snippet:-1, max-image-preview:large, max-video-preview:-1\" \/>\n<link rel=\"canonical\" href=\"https:\/\/www.lovendal.ro\/wp52\/intalnirea-fantastica-a-amiralului-byrd-cu-lumea-ascunsa-de-la-polul-nord-paduri-munti-mamuti-ozn-uri-si-orase-de-cristal\/\" \/>\n<meta property=\"og:locale\" content=\"ro_RO\" \/>\n<meta property=\"og:type\" content=\"article\" \/>\n<meta property=\"og:title\" content=\"\u00cent\u00e2lnirea fantastic\u0103 a amiralului Byrd cu lumea ascuns\u0103 de la Polul Nord: p\u0103duri, mun\u0163i, mamu\u0163i, OZN-uri \u015fi ora\u015fe de cristal...\" \/>\n<meta property=\"og:description\" content=\"Despre teoria P\u0103m\u00e2ntului gol \u015fi locuibil \u00een interior am scris mai multe articole pe &#8222;Secretele lui Lovendal&#8221;. Conform sus\u0163in\u0103torilor acestei teorii, contrar cu ceea ce ni se explic\u0103 \u00een c\u0103r\u0163ile de \u015ftiin\u0163\u0103 moderne, P\u0103m\u00e2ntul nu este o sfer\u0103 solid\u0103, cu ... Cititi mai multe\" \/>\n<meta property=\"og:url\" content=\"https:\/\/www.lovendal.ro\/wp52\/intalnirea-fantastica-a-amiralului-byrd-cu-lumea-ascunsa-de-la-polul-nord-paduri-munti-mamuti-ozn-uri-si-orase-de-cristal\/\" \/>\n<meta property=\"og:site_name\" content=\"Secretele lui Lovendal\" \/>\n<meta property=\"article:publisher\" content=\"https:\/\/www.facebook.com\/secreteleluilovendal\" \/>\n<meta property=\"article:published_time\" content=\"2014-01-23T11:07:10+00:00\" \/>\n<meta property=\"article:modified_time\" content=\"2024-11-14T07:46:12+00:00\" \/>\n<meta property=\"og:image\" content=\"https:\/\/www.lovendal.ro\/wp52\/wp-content\/uploads\/2014\/01\/amiralul-Byrd5.jpg\" \/>\n\t<meta property=\"og:image:width\" content=\"334\" \/>\n\t<meta property=\"og:image:height\" content=\"245\" \/>\n\t<meta property=\"og:image:type\" content=\"image\/jpeg\" \/>\n<meta name=\"author\" content=\"admin\" \/>\n<meta name=\"twitter:card\" content=\"summary_large_image\" \/>\n<meta name=\"twitter:label1\" content=\"Scris de\" \/>\n\t<meta name=\"twitter:data1\" content=\"admin\" \/>\n\t<meta name=\"twitter:label2\" content=\"Timp estimat pentru citire\" \/>\n\t<meta name=\"twitter:data2\" content=\"6 minute\" \/>\n<script type=\"application\/ld+json\" class=\"yoast-schema-graph\">{\"@context\":\"https:\\\/\\\/schema.org\",\"@graph\":[{\"@type\":\"Article\",\"@id\":\"https:\\\/\\\/www.lovendal.ro\\\/wp52\\\/intalnirea-fantastica-a-amiralului-byrd-cu-lumea-ascunsa-de-la-polul-nord-paduri-munti-mamuti-ozn-uri-si-orase-de-cristal\\\/#article\",\"isPartOf\":{\"@id\":\"https:\\\/\\\/www.lovendal.ro\\\/wp52\\\/intalnirea-fantastica-a-amiralului-byrd-cu-lumea-ascunsa-de-la-polul-nord-paduri-munti-mamuti-ozn-uri-si-orase-de-cristal\\\/\"},\"author\":{\"name\":\"admin\",\"@id\":\"https:\\\/\\\/www.lovendal.ro\\\/wp52\\\/#\\\/schema\\\/person\\\/088691de5dfc346bb0c023e1e52ef5d9\"},\"headline\":\"\u00cent\u00e2lnirea fantastic\u0103 a amiralului Byrd cu lumea ascuns\u0103 de la Polul Nord: p\u0103duri, mun\u0163i, mamu\u0163i, OZN-uri \u015fi ora\u015fe de cristal&#8230;\",\"datePublished\":\"2014-01-23T11:07:10+00:00\",\"dateModified\":\"2024-11-14T07:46:12+00:00\",\"mainEntityOfPage\":{\"@id\":\"https:\\\/\\\/www.lovendal.ro\\\/wp52\\\/intalnirea-fantastica-a-amiralului-byrd-cu-lumea-ascunsa-de-la-polul-nord-paduri-munti-mamuti-ozn-uri-si-orase-de-cristal\\\/\"},\"wordCount\":982,\"commentCount\":1,\"publisher\":{\"@id\":\"https:\\\/\\\/www.lovendal.ro\\\/wp52\\\/#organization\"},\"image\":{\"@id\":\"https:\\\/\\\/www.lovendal.ro\\\/wp52\\\/intalnirea-fantastica-a-amiralului-byrd-cu-lumea-ascunsa-de-la-polul-nord-paduri-munti-mamuti-ozn-uri-si-orase-de-cristal\\\/#primaryimage\"},\"thumbnailUrl\":\"https:\\\/\\\/www.lovendal.ro\\\/wp52\\\/wp-content\\\/uploads\\\/2014\\\/01\\\/amiralul-Byrd5.jpg\",\"keywords\":[\"amiral\",\"animal\",\"avion\",\"binoclu\",\"Byrd\",\"cel de-al 2-lea r\u0103zboi mondial\",\"cristal\",\"elefant\",\"farfurie zbur\u0103toare\",\"ghea\u0163\u0103\",\"giroscop\",\"gravita\u0163ie\",\"iarb\u0103\",\"lift\",\"lumin\u0103\",\"mamut\",\"manta\",\"motor\",\"mun\u0163i\",\"ora\u015f\",\"ou\",\"p\u0103duri\",\"P\u0103m\u00e2nt\",\"p\u0103m\u00e2ntul gol\",\"Paranormal-Spiritualitate\",\"Polul Nord\",\"radio\",\"r\u00e2u\",\"scoar\u021b\u0103 terestr\u0103\",\"Soare\",\"SUA\",\"uraniu\",\"verde\",\"z\u0103pad\u0103\",\"zvastic\u0103\"],\"articleSection\":[\"Paranormal-Spiritualitate\"],\"inLanguage\":\"ro-RO\",\"potentialAction\":[{\"@type\":\"CommentAction\",\"name\":\"Comment\",\"target\":[\"https:\\\/\\\/www.lovendal.ro\\\/wp52\\\/intalnirea-fantastica-a-amiralului-byrd-cu-lumea-ascunsa-de-la-polul-nord-paduri-munti-mamuti-ozn-uri-si-orase-de-cristal\\\/#respond\"]}]},{\"@type\":\"WebPage\",\"@id\":\"https:\\\/\\\/www.lovendal.ro\\\/wp52\\\/intalnirea-fantastica-a-amiralului-byrd-cu-lumea-ascunsa-de-la-polul-nord-paduri-munti-mamuti-ozn-uri-si-orase-de-cristal\\\/\",\"url\":\"https:\\\/\\\/www.lovendal.ro\\\/wp52\\\/intalnirea-fantastica-a-amiralului-byrd-cu-lumea-ascunsa-de-la-polul-nord-paduri-munti-mamuti-ozn-uri-si-orase-de-cristal\\\/\",\"name\":\"\u00cent\u00e2lnirea fantastic\u0103 a amiralului Byrd cu lumea ascuns\u0103 de la Polul Nord: p\u0103duri, mun\u0163i, mamu\u0163i, OZN-uri \u015fi ora\u015fe de cristal... - Secretele lui Lovendal\",\"isPartOf\":{\"@id\":\"https:\\\/\\\/www.lovendal.ro\\\/wp52\\\/#website\"},\"primaryImageOfPage\":{\"@id\":\"https:\\\/\\\/www.lovendal.ro\\\/wp52\\\/intalnirea-fantastica-a-amiralului-byrd-cu-lumea-ascunsa-de-la-polul-nord-paduri-munti-mamuti-ozn-uri-si-orase-de-cristal\\\/#primaryimage\"},\"image\":{\"@id\":\"https:\\\/\\\/www.lovendal.ro\\\/wp52\\\/intalnirea-fantastica-a-amiralului-byrd-cu-lumea-ascunsa-de-la-polul-nord-paduri-munti-mamuti-ozn-uri-si-orase-de-cristal\\\/#primaryimage\"},\"thumbnailUrl\":\"https:\\\/\\\/www.lovendal.ro\\\/wp52\\\/wp-content\\\/uploads\\\/2014\\\/01\\\/amiralul-Byrd5.jpg\",\"datePublished\":\"2014-01-23T11:07:10+00:00\",\"dateModified\":\"2024-11-14T07:46:12+00:00\",\"breadcrumb\":{\"@id\":\"https:\\\/\\\/www.lovendal.ro\\\/wp52\\\/intalnirea-fantastica-a-amiralului-byrd-cu-lumea-ascunsa-de-la-polul-nord-paduri-munti-mamuti-ozn-uri-si-orase-de-cristal\\\/#breadcrumb\"},\"inLanguage\":\"ro-RO\",\"potentialAction\":[{\"@type\":\"ReadAction\",\"target\":[\"https:\\\/\\\/www.lovendal.ro\\\/wp52\\\/intalnirea-fantastica-a-amiralului-byrd-cu-lumea-ascunsa-de-la-polul-nord-paduri-munti-mamuti-ozn-uri-si-orase-de-cristal\\\/\"]}]},{\"@type\":\"ImageObject\",\"inLanguage\":\"ro-RO\",\"@id\":\"https:\\\/\\\/www.lovendal.ro\\\/wp52\\\/intalnirea-fantastica-a-amiralului-byrd-cu-lumea-ascunsa-de-la-polul-nord-paduri-munti-mamuti-ozn-uri-si-orase-de-cristal\\\/#primaryimage\",\"url\":\"https:\\\/\\\/www.lovendal.ro\\\/wp52\\\/wp-content\\\/uploads\\\/2014\\\/01\\\/amiralul-Byrd5.jpg\",\"contentUrl\":\"https:\\\/\\\/www.lovendal.ro\\\/wp52\\\/wp-content\\\/uploads\\\/2014\\\/01\\\/amiralul-Byrd5.jpg\",\"width\":334,\"height\":245},{\"@type\":\"BreadcrumbList\",\"@id\":\"https:\\\/\\\/www.lovendal.ro\\\/wp52\\\/intalnirea-fantastica-a-amiralului-byrd-cu-lumea-ascunsa-de-la-polul-nord-paduri-munti-mamuti-ozn-uri-si-orase-de-cristal\\\/#breadcrumb\",\"itemListElement\":[{\"@type\":\"ListItem\",\"position\":1,\"name\":\"Home\",\"item\":\"https:\\\/\\\/www.lovendal.ro\\\/wp52\\\/\"},{\"@type\":\"ListItem\",\"position\":2,\"name\":\"\u00cent\u00e2lnirea fantastic\u0103 a amiralului Byrd cu lumea ascuns\u0103 de la Polul Nord: p\u0103duri, mun\u0163i, mamu\u0163i, OZN-uri \u015fi ora\u015fe de cristal&#8230;\"}]},{\"@type\":\"WebSite\",\"@id\":\"https:\\\/\\\/www.lovendal.ro\\\/wp52\\\/#website\",\"url\":\"https:\\\/\\\/www.lovendal.ro\\\/wp52\\\/\",\"name\":\"Secretele lui Lovendal\",\"description\":\"Site de secrete, stiinta si metafizica - din 2008 -\",\"publisher\":{\"@id\":\"https:\\\/\\\/www.lovendal.ro\\\/wp52\\\/#organization\"},\"potentialAction\":[{\"@type\":\"SearchAction\",\"target\":{\"@type\":\"EntryPoint\",\"urlTemplate\":\"https:\\\/\\\/www.lovendal.ro\\\/wp52\\\/?s={search_term_string}\"},\"query-input\":{\"@type\":\"PropertyValueSpecification\",\"valueRequired\":true,\"valueName\":\"search_term_string\"}}],\"inLanguage\":\"ro-RO\"},{\"@type\":\"Organization\",\"@id\":\"https:\\\/\\\/www.lovendal.ro\\\/wp52\\\/#organization\",\"name\":\"Secretele lui Lovendal\",\"url\":\"https:\\\/\\\/www.lovendal.ro\\\/wp52\\\/\",\"logo\":{\"@type\":\"ImageObject\",\"inLanguage\":\"ro-RO\",\"@id\":\"https:\\\/\\\/www.lovendal.ro\\\/wp52\\\/#\\\/schema\\\/logo\\\/image\\\/\",\"url\":\"https:\\\/\\\/www.lovendal.ro\\\/wp52\\\/wp-content\\\/uploads\\\/2024\\\/06\\\/cropped-SLL-iun-2024-1.jpg\",\"contentUrl\":\"https:\\\/\\\/www.lovendal.ro\\\/wp52\\\/wp-content\\\/uploads\\\/2024\\\/06\\\/cropped-SLL-iun-2024-1.jpg\",\"width\":771,\"height\":240,\"caption\":\"Secretele lui Lovendal\"},\"image\":{\"@id\":\"https:\\\/\\\/www.lovendal.ro\\\/wp52\\\/#\\\/schema\\\/logo\\\/image\\\/\"},\"sameAs\":[\"https:\\\/\\\/www.facebook.com\\\/secreteleluilovendal\"]},{\"@type\":\"Person\",\"@id\":\"https:\\\/\\\/www.lovendal.ro\\\/wp52\\\/#\\\/schema\\\/person\\\/088691de5dfc346bb0c023e1e52ef5d9\",\"name\":\"admin\",\"image\":{\"@type\":\"ImageObject\",\"inLanguage\":\"ro-RO\",\"@id\":\"https:\\\/\\\/secure.gravatar.com\\\/avatar\\\/ecb9cd41f5f63c9c9b989999a59f6e2639a865ec361e9db054db0679a8f341c2?s=96&d=mm&r=g\",\"url\":\"https:\\\/\\\/secure.gravatar.com\\\/avatar\\\/ecb9cd41f5f63c9c9b989999a59f6e2639a865ec361e9db054db0679a8f341c2?s=96&d=mm&r=g\",\"contentUrl\":\"https:\\\/\\\/secure.gravatar.com\\\/avatar\\\/ecb9cd41f5f63c9c9b989999a59f6e2639a865ec361e9db054db0679a8f341c2?s=96&d=mm&r=g\",\"caption\":\"admin\"},\"sameAs\":[\"https:\\\/\\\/www.lovendal.ro\\\/wp52\"]}]}<\/script>\n<!-- \/ Yoast SEO Premium plugin. -->","yoast_head_json":{"title":"\u00cent\u00e2lnirea fantastic\u0103 a amiralului Byrd cu lumea ascuns\u0103 de la Polul Nord: p\u0103duri, mun\u0163i, mamu\u0163i, OZN-uri \u015fi ora\u015fe de cristal... - Secretele lui Lovendal","robots":{"index":"index","follow":"follow","max-snippet":"max-snippet:-1","max-image-preview":"max-image-preview:large","max-video-preview":"max-video-preview:-1"},"canonical":"https:\/\/www.lovendal.ro\/wp52\/intalnirea-fantastica-a-amiralului-byrd-cu-lumea-ascunsa-de-la-polul-nord-paduri-munti-mamuti-ozn-uri-si-orase-de-cristal\/","og_locale":"ro_RO","og_type":"article","og_title":"\u00cent\u00e2lnirea fantastic\u0103 a amiralului Byrd cu lumea ascuns\u0103 de la Polul Nord: p\u0103duri, mun\u0163i, mamu\u0163i, OZN-uri \u015fi ora\u015fe de cristal...","og_description":"Despre teoria P\u0103m\u00e2ntului gol \u015fi locuibil \u00een interior am scris mai multe articole pe &#8222;Secretele lui Lovendal&#8221;. Conform sus\u0163in\u0103torilor acestei teorii, contrar cu ceea ce ni se explic\u0103 \u00een c\u0103r\u0163ile de \u015ftiin\u0163\u0103 moderne, P\u0103m\u00e2ntul nu este o sfer\u0103 solid\u0103, cu ... Cititi mai multe","og_url":"https:\/\/www.lovendal.ro\/wp52\/intalnirea-fantastica-a-amiralului-byrd-cu-lumea-ascunsa-de-la-polul-nord-paduri-munti-mamuti-ozn-uri-si-orase-de-cristal\/","og_site_name":"Secretele lui Lovendal","article_publisher":"https:\/\/www.facebook.com\/secreteleluilovendal","article_published_time":"2014-01-23T11:07:10+00:00","article_modified_time":"2024-11-14T07:46:12+00:00","og_image":[{"width":334,"height":245,"url":"https:\/\/www.lovendal.ro\/wp52\/wp-content\/uploads\/2014\/01\/amiralul-Byrd5.jpg","type":"image\/jpeg"}],"author":"admin","twitter_card":"summary_large_image","twitter_misc":{"Scris de":"admin","Timp estimat pentru citire":"6 minute"},"schema":{"@context":"https:\/\/schema.org","@graph":[{"@type":"Article","@id":"https:\/\/www.lovendal.ro\/wp52\/intalnirea-fantastica-a-amiralului-byrd-cu-lumea-ascunsa-de-la-polul-nord-paduri-munti-mamuti-ozn-uri-si-orase-de-cristal\/#article","isPartOf":{"@id":"https:\/\/www.lovendal.ro\/wp52\/intalnirea-fantastica-a-amiralului-byrd-cu-lumea-ascunsa-de-la-polul-nord-paduri-munti-mamuti-ozn-uri-si-orase-de-cristal\/"},"author":{"name":"admin","@id":"https:\/\/www.lovendal.ro\/wp52\/#\/schema\/person\/088691de5dfc346bb0c023e1e52ef5d9"},"headline":"\u00cent\u00e2lnirea fantastic\u0103 a amiralului Byrd cu lumea ascuns\u0103 de la Polul Nord: p\u0103duri, mun\u0163i, mamu\u0163i, OZN-uri \u015fi ora\u015fe de cristal&#8230;","datePublished":"2014-01-23T11:07:10+00:00","dateModified":"2024-11-14T07:46:12+00:00","mainEntityOfPage":{"@id":"https:\/\/www.lovendal.ro\/wp52\/intalnirea-fantastica-a-amiralului-byrd-cu-lumea-ascunsa-de-la-polul-nord-paduri-munti-mamuti-ozn-uri-si-orase-de-cristal\/"},"wordCount":982,"commentCount":1,"publisher":{"@id":"https:\/\/www.lovendal.ro\/wp52\/#organization"},"image":{"@id":"https:\/\/www.lovendal.ro\/wp52\/intalnirea-fantastica-a-amiralului-byrd-cu-lumea-ascunsa-de-la-polul-nord-paduri-munti-mamuti-ozn-uri-si-orase-de-cristal\/#primaryimage"},"thumbnailUrl":"https:\/\/www.lovendal.ro\/wp52\/wp-content\/uploads\/2014\/01\/amiralul-Byrd5.jpg","keywords":["amiral","animal","avion","binoclu","Byrd","cel de-al 2-lea r\u0103zboi mondial","cristal","elefant","farfurie zbur\u0103toare","ghea\u0163\u0103","giroscop","gravita\u0163ie","iarb\u0103","lift","lumin\u0103","mamut","manta","motor","mun\u0163i","ora\u015f","ou","p\u0103duri","P\u0103m\u00e2nt","p\u0103m\u00e2ntul gol","Paranormal-Spiritualitate","Polul Nord","radio","r\u00e2u","scoar\u021b\u0103 terestr\u0103","Soare","SUA","uraniu","verde","z\u0103pad\u0103","zvastic\u0103"],"articleSection":["Paranormal-Spiritualitate"],"inLanguage":"ro-RO","potentialAction":[{"@type":"CommentAction","name":"Comment","target":["https:\/\/www.lovendal.ro\/wp52\/intalnirea-fantastica-a-amiralului-byrd-cu-lumea-ascunsa-de-la-polul-nord-paduri-munti-mamuti-ozn-uri-si-orase-de-cristal\/#respond"]}]},{"@type":"WebPage","@id":"https:\/\/www.lovendal.ro\/wp52\/intalnirea-fantastica-a-amiralului-byrd-cu-lumea-ascunsa-de-la-polul-nord-paduri-munti-mamuti-ozn-uri-si-orase-de-cristal\/","url":"https:\/\/www.lovendal.ro\/wp52\/intalnirea-fantastica-a-amiralului-byrd-cu-lumea-ascunsa-de-la-polul-nord-paduri-munti-mamuti-ozn-uri-si-orase-de-cristal\/","name":"\u00cent\u00e2lnirea fantastic\u0103 a amiralului Byrd cu lumea ascuns\u0103 de la Polul Nord: p\u0103duri, mun\u0163i, mamu\u0163i, OZN-uri \u015fi ora\u015fe de cristal... - Secretele lui Lovendal","isPartOf":{"@id":"https:\/\/www.lovendal.ro\/wp52\/#website"},"primaryImageOfPage":{"@id":"https:\/\/www.lovendal.ro\/wp52\/intalnirea-fantastica-a-amiralului-byrd-cu-lumea-ascunsa-de-la-polul-nord-paduri-munti-mamuti-ozn-uri-si-orase-de-cristal\/#primaryimage"},"image":{"@id":"https:\/\/www.lovendal.ro\/wp52\/intalnirea-fantastica-a-amiralului-byrd-cu-lumea-ascunsa-de-la-polul-nord-paduri-munti-mamuti-ozn-uri-si-orase-de-cristal\/#primaryimage"},"thumbnailUrl":"https:\/\/www.lovendal.ro\/wp52\/wp-content\/uploads\/2014\/01\/amiralul-Byrd5.jpg","datePublished":"2014-01-23T11:07:10+00:00","dateModified":"2024-11-14T07:46:12+00:00","breadcrumb":{"@id":"https:\/\/www.lovendal.ro\/wp52\/intalnirea-fantastica-a-amiralului-byrd-cu-lumea-ascunsa-de-la-polul-nord-paduri-munti-mamuti-ozn-uri-si-orase-de-cristal\/#breadcrumb"},"inLanguage":"ro-RO","potentialAction":[{"@type":"ReadAction","target":["https:\/\/www.lovendal.ro\/wp52\/intalnirea-fantastica-a-amiralului-byrd-cu-lumea-ascunsa-de-la-polul-nord-paduri-munti-mamuti-ozn-uri-si-orase-de-cristal\/"]}]},{"@type":"ImageObject","inLanguage":"ro-RO","@id":"https:\/\/www.lovendal.ro\/wp52\/intalnirea-fantastica-a-amiralului-byrd-cu-lumea-ascunsa-de-la-polul-nord-paduri-munti-mamuti-ozn-uri-si-orase-de-cristal\/#primaryimage","url":"https:\/\/www.lovendal.ro\/wp52\/wp-content\/uploads\/2014\/01\/amiralul-Byrd5.jpg","contentUrl":"https:\/\/www.lovendal.ro\/wp52\/wp-content\/uploads\/2014\/01\/amiralul-Byrd5.jpg","width":334,"height":245},{"@type":"BreadcrumbList","@id":"https:\/\/www.lovendal.ro\/wp52\/intalnirea-fantastica-a-amiralului-byrd-cu-lumea-ascunsa-de-la-polul-nord-paduri-munti-mamuti-ozn-uri-si-orase-de-cristal\/#breadcrumb","itemListElement":[{"@type":"ListItem","position":1,"name":"Home","item":"https:\/\/www.lovendal.ro\/wp52\/"},{"@type":"ListItem","position":2,"name":"\u00cent\u00e2lnirea fantastic\u0103 a amiralului Byrd cu lumea ascuns\u0103 de la Polul Nord: p\u0103duri, mun\u0163i, mamu\u0163i, OZN-uri \u015fi ora\u015fe de cristal&#8230;"}]},{"@type":"WebSite","@id":"https:\/\/www.lovendal.ro\/wp52\/#website","url":"https:\/\/www.lovendal.ro\/wp52\/","name":"Secretele lui Lovendal","description":"Site de secrete, stiinta si metafizica - din 2008 -","publisher":{"@id":"https:\/\/www.lovendal.ro\/wp52\/#organization"},"potentialAction":[{"@type":"SearchAction","target":{"@type":"EntryPoint","urlTemplate":"https:\/\/www.lovendal.ro\/wp52\/?s={search_term_string}"},"query-input":{"@type":"PropertyValueSpecification","valueRequired":true,"valueName":"search_term_string"}}],"inLanguage":"ro-RO"},{"@type":"Organization","@id":"https:\/\/www.lovendal.ro\/wp52\/#organization","name":"Secretele lui Lovendal","url":"https:\/\/www.lovendal.ro\/wp52\/","logo":{"@type":"ImageObject","inLanguage":"ro-RO","@id":"https:\/\/www.lovendal.ro\/wp52\/#\/schema\/logo\/image\/","url":"https:\/\/www.lovendal.ro\/wp52\/wp-content\/uploads\/2024\/06\/cropped-SLL-iun-2024-1.jpg","contentUrl":"https:\/\/www.lovendal.ro\/wp52\/wp-content\/uploads\/2024\/06\/cropped-SLL-iun-2024-1.jpg","width":771,"height":240,"caption":"Secretele lui Lovendal"},"image":{"@id":"https:\/\/www.lovendal.ro\/wp52\/#\/schema\/logo\/image\/"},"sameAs":["https:\/\/www.facebook.com\/secreteleluilovendal"]},{"@type":"Person","@id":"https:\/\/www.lovendal.ro\/wp52\/#\/schema\/person\/088691de5dfc346bb0c023e1e52ef5d9","name":"admin","image":{"@type":"ImageObject","inLanguage":"ro-RO","@id":"https:\/\/secure.gravatar.com\/avatar\/ecb9cd41f5f63c9c9b989999a59f6e2639a865ec361e9db054db0679a8f341c2?s=96&d=mm&r=g","url":"https:\/\/secure.gravatar.com\/avatar\/ecb9cd41f5f63c9c9b989999a59f6e2639a865ec361e9db054db0679a8f341c2?s=96&d=mm&r=g","contentUrl":"https:\/\/secure.gravatar.com\/avatar\/ecb9cd41f5f63c9c9b989999a59f6e2639a865ec361e9db054db0679a8f341c2?s=96&d=mm&r=g","caption":"admin"},"sameAs":["https:\/\/www.lovendal.ro\/wp52"]}]}},"_links":{"self":[{"href":"https:\/\/www.lovendal.ro\/wp52\/wp-json\/wp\/v2\/posts\/32401","targetHints":{"allow":["GET"]}}],"collection":[{"href":"https:\/\/www.lovendal.ro\/wp52\/wp-json\/wp\/v2\/posts"}],"about":[{"href":"https:\/\/www.lovendal.ro\/wp52\/wp-json\/wp\/v2\/types\/post"}],"author":[{"embeddable":true,"href":"https:\/\/www.lovendal.ro\/wp52\/wp-json\/wp\/v2\/users\/1"}],"replies":[{"embeddable":true,"href":"https:\/\/www.lovendal.ro\/wp52\/wp-json\/wp\/v2\/comments?post=32401"}],"version-history":[{"count":1,"href":"https:\/\/www.lovendal.ro\/wp52\/wp-json\/wp\/v2\/posts\/32401\/revisions"}],"predecessor-version":[{"id":95479,"href":"https:\/\/www.lovendal.ro\/wp52\/wp-json\/wp\/v2\/posts\/32401\/revisions\/95479"}],"wp:featuredmedia":[{"embeddable":true,"href":"https:\/\/www.lovendal.ro\/wp52\/wp-json\/wp\/v2\/media\/73795"}],"wp:attachment":[{"href":"https:\/\/www.lovendal.ro\/wp52\/wp-json\/wp\/v2\/media?parent=32401"}],"wp:term":[{"taxonomy":"category","embeddable":true,"href":"https:\/\/www.lovendal.ro\/wp52\/wp-json\/wp\/v2\/categories?post=32401"},{"taxonomy":"post_tag","embeddable":true,"href":"https:\/\/www.lovendal.ro\/wp52\/wp-json\/wp\/v2\/tags?post=32401"}],"curies":[{"name":"wp","href":"https:\/\/api.w.org\/{rel}","templated":true}]}}