{"id":32346,"date":"2014-01-19T00:53:41","date_gmt":"2014-01-18T22:53:41","guid":{"rendered":"http:\/\/www.lovendal.ro\/wp52\/?p=32346"},"modified":"2014-01-19T00:54:24","modified_gmt":"2014-01-18T22:54:24","slug":"un-spectru-ciudat-si-un-halou-de-culoarea-curcubeului-a-fost-fotografiat-de-un-vanator-fenomen-natural-sau-manifestarea-unui-spirit","status":"publish","type":"post","link":"https:\/\/www.lovendal.ro\/wp52\/un-spectru-ciudat-si-un-halou-de-culoarea-curcubeului-a-fost-fotografiat-de-un-vanator-fenomen-natural-sau-manifestarea-unui-spirit\/","title":{"rendered":"Un spectru ciudat \u015fi un halou de culoarea curcubeului a fost fotografiat de un v\u00e2n\u0103tor! Fenomen natural sau manifestarea unui spirit?"},"content":{"rendered":"<p><a href=\"https:\/\/www.lovendal.ro\/wp52\/wp-content\/uploads\/2014\/01\/aparitie-stranie-2.jpg\"><img loading=\"lazy\" decoding=\"async\" class=\"alignleft size-full wp-image-32349\" alt=\"aparitie stranie 2\" src=\"https:\/\/www.lovendal.ro\/wp52\/wp-content\/uploads\/2014\/01\/aparitie-stranie-2.jpg\" width=\"329\" height=\"225\" srcset=\"https:\/\/www.lovendal.ro\/wp52\/wp-content\/uploads\/2014\/01\/aparitie-stranie-2.jpg 329w, https:\/\/www.lovendal.ro\/wp52\/wp-content\/uploads\/2014\/01\/aparitie-stranie-2-300x205.jpg 300w\" sizes=\"auto, (max-width: 329px) 100vw, 329px\" \/><\/a>O fotografie neobi\u0219nuit\u0103, ce a fost luat\u0103 \u00een timpul unei partide de v\u00e2n\u0103toare, a creat controverse pe re\u021belele de socializare, \u00eentruc\u00e2t s-a reu\u0219it captarea unui spectru bizar pe aparatul de fotografiat.<\/p>\n<p>\u00cen poza misterioas\u0103, pute\u021bi vedea un obiect ciudat, cu o umbr\u0103 \u0219i cu o sfer\u0103 \u00een jurul lui, \u00een principal, de culorile curcubeului. Incidentul i-a uimit pe to\u021bi cei care au v\u0103zut fotografia, ob\u0163in\u00e2nd aten\u021bia mass-medii. Fenomen natural? Sau aspect care merge cu mult dincolo de \u00een\u021belegerea noastr\u0103?<\/p>\n<p>Dup\u0103 ce a v\u0103zut &#8222;globul de aur&#8221; pe care l-a fotografiat, Scott Vierck a \u00eenceput s\u0103 se g\u00e2ndeasc\u0103 la senza\u021bia stranie pe care a tr\u0103it-o \u00een p\u0103durile din sud-vestul statului Oregon (SUA) \u00een c\u0103utarea de v\u00e2nat. Vierck, un fermier \u00een v\u00e2rst\u0103 de 54 de ani, avea speran\u021ba de a termina partida de v\u00e2n\u0103toare \u00eenainte de ivirea zorilor, pe 14 decembrie 2013. Zona nu era foarte cunoscut\u0103, iar terenul era destul de accidentat.<\/p>\n<p>La un moment dat, b\u0103rbatul a \u00eenceput s\u0103 experimenteze un sentiment ciudat: <em>&#8222;Am avut un sentiment foarte ciudat&#8221;<\/em>, explic\u0103 Vierck. <em>&#8222;Eram destul de \u00eencordat&#8221;.<\/em> B\u0103rbatul a parcat ma\u0219ina \u0219i a mers \u00eentr-o poian\u0103, de unde a \u00eenceput s\u0103 priveasc\u0103 prin binoclu. Nev\u0103z\u00e2nd nimic \u00een acea direc\u021bie, b\u0103rbatul s-a \u00eentors \u0219i, deodat\u0103, el observ\u0103 ceea ce p\u0103rea a fi un glob cu lumin\u0103 str\u0103lucitoare, ce se reflecta \u00een valea de cea\u0163\u0103, \u015fi care avea un spectru obscur \u00een mijlocul ei.<\/p>\n<p><em>&#8222;M-am g\u00e2ndit imediat: asta e ciudat, umbra mea se afl\u0103 chiar \u00een mijlocul globului&#8221;,<\/em> a spus Vierck. <em>&#8222;N-am mai v\u0103zut a\u0219a ceva. Era \u00een special ceva auriu, dar avea \u015fi c\u00e2teva culori ale curcubeului. \u0218i m-am g\u00e2ndit: Ce dracu e asta?&#8221;<\/em><\/p>\n<p>Primul lucru pe care l-a crezut Vierck a fost acela c\u0103 globul format era reflectarea unei sticle sau unui obiect metalic din jurul ei; de aceea, a p\u0103\u015fit pu\u0163in \u00eenainte. Dar c\u00e2nd s-a mutat, globul p\u0103rea complet imobil, st\u00e2nd perfect \u00een jurul umbrei b\u0103rbatului. G\u00e2ndindu-se apoi c\u0103 cercul luminos ar putea fi o reflexie a ceva metalic de pe haina sa, fermierul a \u00eencercat s\u0103 se acopere complet, dar cercul se afla totu\u015fi acolo!<\/p>\n<p><em>&#8222;Am mers 40 sau 50 de metri \u00een toate direc\u021biile, dar globul st\u0103tea perfect imobil \u00een jurul meu. Avea dimensiunea care poate fi v\u0103zut\u0103 din fotografie&#8221;,<\/em> a spus Vierck, ad\u0103ug\u00e2nd c\u0103 <em>&#8222;dup\u0103 un minut, trebuie s\u0103 spun c\u0103 m-am speriat.&#8221;<\/em><\/p>\n<p>Din cauza fenomenului misterios, b\u0103rbatul a decis s\u0103 fac\u0103 dou\u0103 imagini, doar pentru a se convinge c\u0103 globul era real, \u015fi nu doar imagina\u021bia sa, dar dup\u0103 vizionarea imaginilor pe camera foto, globul continua s\u0103 fie acolo. Apoi, la un moment dat, misteriosul spectru a disp\u0103rut.<\/p>\n<p>B\u0103rbatul spune c\u0103 spectrul din fotografia nu poate fi umbra sa, din moment ce doar m\u00e2na sa dreapt\u0103 era ridicat\u0103 c\u00e2nd a f\u0103cut poza, iar cea st\u00e2ng\u0103 era cobor\u00e2t\u0103 jos; dar, dac\u0103 se m\u0103re\u015fte fotografia se observ\u0103 c\u0103 &#8222;umbra&#8221; pare a avea m\u00e2inile \u00een sus, ca ni\u015fte aripi.<\/p>\n<p>So\u0163ia fermierului crede c\u0103 acel spectru ar putea fi vorba de spiritul mort al bunicului b\u0103rbatului ei, care l-a \u00eenv\u0103\u021bat s\u0103 v\u00e2neze \u0219i s\u0103 pescuiasc\u0103 \u0219i care a tr\u0103it \u00een aceast\u0103 zon\u0103. Dar Vierck, fiind mai sceptic, nu a \u00eemp\u0103rt\u0103\u0219it aceast\u0103 idee: <em>&#8222;Am tot \u00eencercat s\u0103 g\u0103sesc o explica\u021bie mai plauzibil\u0103, ceva de genul c\u0103ldura corpului meu sau umiditatea din aer, dar nu am g\u0103sit nicio solu\u0163ie satisf\u0103c\u0103toare.&#8221;<\/em><\/p>\n<p>Dup\u0103 ce imaginea lui Vierck a devenit public\u0103, mul\u021bi oameni au \u00eemp\u0103rt\u0103\u0219it ideea so\u021biei sale, c\u0103 ar putea fi vorba de un \u00eenger sau spirit din familie. Sunt al\u0163ii care sugereaz\u0103 \u00eens\u0103 c\u0103 ar putea fi vorba de un fenomen natural care se nume\u015fte &#8222;spectrul Brocken&#8221; sau &#8222;spectru montan&#8221;. Fenomenul apare \u00een orice zon\u0103 montan\u0103, \u015fi este descris ca o umbr\u0103 enorm\u0103 \u015fi m\u0103rit\u0103 a unui observator; pic\u0103turile de ap\u0103 suspendate \u00een aer sunt reflectate \u00een lumina Soarelui spre observator, form\u00e2nd un halou de lumin\u0103 colorat\u0103 \u00een jurul unei umbre fantomatice.<\/p>\n<p>Dar totu\u015fi, fermierul sus\u0163ine c\u0103 umbra era imobil\u0103 odat\u0103 cu mi\u015fcarea sa, ceea ce complic\u0103 \u015fi mai mult cazul&#8230;<\/p>\n<p><em><strong>Sursa articolului:<\/strong><\/em> <a href=\"http:\/\/www.yakimaherald.com\/schools\/eastvalley\/eastvalleysports\/1795735-8\/elk-hunters-photo-leaves-plenty-to-the-imagination\" target=\"_blank\"><strong>Yakima Herald Republic.com<\/strong><\/a><\/p>\n<p><a href=\"https:\/\/www.lovendal.ro\/wp52\/wp-content\/uploads\/2014\/01\/aparitie-stranie-1.jpg\"><img loading=\"lazy\" decoding=\"async\" class=\"aligncenter size-full wp-image-32347\" alt=\"aparitie stranie 1\" src=\"https:\/\/www.lovendal.ro\/wp52\/wp-content\/uploads\/2014\/01\/aparitie-stranie-1.jpg\" width=\"542\" height=\"397\" srcset=\"https:\/\/www.lovendal.ro\/wp52\/wp-content\/uploads\/2014\/01\/aparitie-stranie-1.jpg 542w, https:\/\/www.lovendal.ro\/wp52\/wp-content\/uploads\/2014\/01\/aparitie-stranie-1-300x219.jpg 300w\" sizes=\"auto, (max-width: 542px) 100vw, 542px\" \/><\/a><\/p>\n<figure id=\"attachment_32348\" aria-describedby=\"caption-attachment-32348\" style=\"width: 532px\" class=\"wp-caption aligncenter\"><a href=\"https:\/\/www.lovendal.ro\/wp52\/wp-content\/uploads\/2014\/01\/spectru-Brocken.jpg\"><img loading=\"lazy\" decoding=\"async\" class=\"size-full wp-image-32348\" alt=\"Spectru Brocken, un fenomen natural\" src=\"https:\/\/www.lovendal.ro\/wp52\/wp-content\/uploads\/2014\/01\/spectru-Brocken.jpg\" width=\"542\" height=\"414\" srcset=\"https:\/\/www.lovendal.ro\/wp52\/wp-content\/uploads\/2014\/01\/spectru-Brocken.jpg 542w, https:\/\/www.lovendal.ro\/wp52\/wp-content\/uploads\/2014\/01\/spectru-Brocken-300x229.jpg 300w\" sizes=\"auto, (max-width: 542px) 100vw, 542px\" \/><\/a><figcaption id=\"caption-attachment-32348\" class=\"wp-caption-text\">Spectru Brocken, un fenomen natural<\/figcaption><\/figure>\n","protected":false},"excerpt":{"rendered":"<p>O fotografie neobi\u0219nuit\u0103, ce a fost luat\u0103 \u00een timpul unei partide de v\u00e2n\u0103toare, a creat controverse pe re\u021belele de socializare, \u00eentruc\u00e2t s-a reu\u0219it captarea unui spectru bizar pe aparatul de fotografiat. \u00cen poza misterioas\u0103, pute\u021bi vedea un obiect ciudat, cu &#8230; <\/p>\n<p class=\"read-more-container\"><a title=\"Un spectru ciudat \u015fi un halou de culoarea curcubeului a fost fotografiat de un v\u00e2n\u0103tor! Fenomen natural sau manifestarea unui spirit?\" class=\"read-more button\" href=\"https:\/\/www.lovendal.ro\/wp52\/un-spectru-ciudat-si-un-halou-de-culoarea-curcubeului-a-fost-fotografiat-de-un-vanator-fenomen-natural-sau-manifestarea-unui-spirit\/#more-32346\" aria-label=\"Cite\u0219te mai multe despre Un spectru ciudat \u015fi un halou de culoarea curcubeului a fost fotografiat de un v\u00e2n\u0103tor! Fenomen natural sau manifestarea unui spirit?\">Cititi mai multe<\/a><\/p>\n","protected":false},"author":1,"featured_media":32349,"comment_status":"open","ping_status":"open","sticky":false,"template":"","format":"standard","meta":{"footnotes":""},"categories":[2833,2761],"tags":[685,1619,7566,2258,2472,4382,5744,1828,2263,580,7326,2398,9812,6025,7565,1059,23,4255,58,5657],"class_list":["post-32346","post","type-post","status-publish","format-standard","has-post-thumbnail","hentry","category-noutati","category-poze-controversate","tag-aur","tag-binoclu","tag-camera-foto","tag-ceata","tag-curcubeu","tag-glob","tag-halo","tag-inger","tag-mana","tag-masina","tag-oregon","tag-padure","tag-poze-controversate","tag-spectru","tag-spectrul-brocken","tag-spirit","tag-sua","tag-umbra","tag-vanatoare","tag-vanator","resize-featured-image"],"yoast_head":"<!-- This site is optimized with the Yoast SEO Premium plugin v23.3 (Yoast SEO v27.4) - https:\/\/yoast.com\/product\/yoast-seo-premium-wordpress\/ -->\n<title>Un spectru ciudat \u015fi un halou de culoarea curcubeului a fost fotografiat de un v\u00e2n\u0103tor! Fenomen natural sau manifestarea unui spirit? - Secretele lui Lovendal<\/title>\n<meta name=\"robots\" content=\"index, follow, max-snippet:-1, max-image-preview:large, max-video-preview:-1\" \/>\n<link rel=\"canonical\" href=\"https:\/\/www.lovendal.ro\/wp52\/un-spectru-ciudat-si-un-halou-de-culoarea-curcubeului-a-fost-fotografiat-de-un-vanator-fenomen-natural-sau-manifestarea-unui-spirit\/\" \/>\n<meta property=\"og:locale\" content=\"ro_RO\" \/>\n<meta property=\"og:type\" content=\"article\" \/>\n<meta property=\"og:title\" content=\"Un spectru ciudat \u015fi un halou de culoarea curcubeului a fost fotografiat de un v\u00e2n\u0103tor! Fenomen natural sau manifestarea unui spirit?\" \/>\n<meta property=\"og:description\" content=\"O fotografie neobi\u0219nuit\u0103, ce a fost luat\u0103 \u00een timpul unei partide de v\u00e2n\u0103toare, a creat controverse pe re\u021belele de socializare, \u00eentruc\u00e2t s-a reu\u0219it captarea unui spectru bizar pe aparatul de fotografiat. \u00cen poza misterioas\u0103, pute\u021bi vedea un obiect ciudat, cu ... Cititi mai multe\" \/>\n<meta property=\"og:url\" content=\"https:\/\/www.lovendal.ro\/wp52\/un-spectru-ciudat-si-un-halou-de-culoarea-curcubeului-a-fost-fotografiat-de-un-vanator-fenomen-natural-sau-manifestarea-unui-spirit\/\" \/>\n<meta property=\"og:site_name\" content=\"Secretele lui Lovendal\" \/>\n<meta property=\"article:publisher\" content=\"https:\/\/www.facebook.com\/secreteleluilovendal\" \/>\n<meta property=\"article:published_time\" content=\"2014-01-18T22:53:41+00:00\" \/>\n<meta property=\"article:modified_time\" content=\"2014-01-18T22:54:24+00:00\" \/>\n<meta property=\"og:image\" content=\"https:\/\/www.lovendal.ro\/wp52\/wp-content\/uploads\/2014\/01\/aparitie-stranie-2.jpg\" \/>\n\t<meta property=\"og:image:width\" content=\"329\" \/>\n\t<meta property=\"og:image:height\" content=\"225\" \/>\n\t<meta property=\"og:image:type\" content=\"image\/jpeg\" \/>\n<meta name=\"author\" content=\"admin\" \/>\n<meta name=\"twitter:card\" content=\"summary_large_image\" \/>\n<meta name=\"twitter:label1\" content=\"Scris de\" \/>\n\t<meta name=\"twitter:data1\" content=\"admin\" \/>\n\t<meta name=\"twitter:label2\" content=\"Timp estimat pentru citire\" \/>\n\t<meta name=\"twitter:data2\" content=\"4 minute\" \/>\n<script type=\"application\/ld+json\" class=\"yoast-schema-graph\">{\"@context\":\"https:\\\/\\\/schema.org\",\"@graph\":[{\"@type\":\"Article\",\"@id\":\"https:\\\/\\\/www.lovendal.ro\\\/wp52\\\/un-spectru-ciudat-si-un-halou-de-culoarea-curcubeului-a-fost-fotografiat-de-un-vanator-fenomen-natural-sau-manifestarea-unui-spirit\\\/#article\",\"isPartOf\":{\"@id\":\"https:\\\/\\\/www.lovendal.ro\\\/wp52\\\/un-spectru-ciudat-si-un-halou-de-culoarea-curcubeului-a-fost-fotografiat-de-un-vanator-fenomen-natural-sau-manifestarea-unui-spirit\\\/\"},\"author\":{\"name\":\"admin\",\"@id\":\"https:\\\/\\\/www.lovendal.ro\\\/wp52\\\/#\\\/schema\\\/person\\\/088691de5dfc346bb0c023e1e52ef5d9\"},\"headline\":\"Un spectru ciudat \u015fi un halou de culoarea curcubeului a fost fotografiat de un v\u00e2n\u0103tor! Fenomen natural sau manifestarea unui spirit?\",\"datePublished\":\"2014-01-18T22:53:41+00:00\",\"dateModified\":\"2014-01-18T22:54:24+00:00\",\"mainEntityOfPage\":{\"@id\":\"https:\\\/\\\/www.lovendal.ro\\\/wp52\\\/un-spectru-ciudat-si-un-halou-de-culoarea-curcubeului-a-fost-fotografiat-de-un-vanator-fenomen-natural-sau-manifestarea-unui-spirit\\\/\"},\"wordCount\":783,\"commentCount\":8,\"publisher\":{\"@id\":\"https:\\\/\\\/www.lovendal.ro\\\/wp52\\\/#organization\"},\"image\":{\"@id\":\"https:\\\/\\\/www.lovendal.ro\\\/wp52\\\/un-spectru-ciudat-si-un-halou-de-culoarea-curcubeului-a-fost-fotografiat-de-un-vanator-fenomen-natural-sau-manifestarea-unui-spirit\\\/#primaryimage\"},\"thumbnailUrl\":\"https:\\\/\\\/www.lovendal.ro\\\/wp52\\\/wp-content\\\/uploads\\\/2014\\\/01\\\/aparitie-stranie-2.jpg\",\"keywords\":[\"aur\",\"binoclu\",\"camer\u0103 foto\",\"cea\u0163\u0103\",\"curcubeu\",\"glob\",\"halo\",\"\u00eenger\",\"m\u00e2n\u0103\",\"ma\u015fin\u0103\",\"Oregon\",\"p\u0103dure\",\"Poze controversate\",\"spectru\",\"spectrul Brocken\",\"spirit\",\"SUA\",\"umbr\u0103\",\"v\u00e2n\u0103toare\",\"v\u00e2n\u0103tor\"],\"articleSection\":[\"Noutati\",\"Poze controversate\"],\"inLanguage\":\"ro-RO\",\"potentialAction\":[{\"@type\":\"CommentAction\",\"name\":\"Comment\",\"target\":[\"https:\\\/\\\/www.lovendal.ro\\\/wp52\\\/un-spectru-ciudat-si-un-halou-de-culoarea-curcubeului-a-fost-fotografiat-de-un-vanator-fenomen-natural-sau-manifestarea-unui-spirit\\\/#respond\"]}]},{\"@type\":\"WebPage\",\"@id\":\"https:\\\/\\\/www.lovendal.ro\\\/wp52\\\/un-spectru-ciudat-si-un-halou-de-culoarea-curcubeului-a-fost-fotografiat-de-un-vanator-fenomen-natural-sau-manifestarea-unui-spirit\\\/\",\"url\":\"https:\\\/\\\/www.lovendal.ro\\\/wp52\\\/un-spectru-ciudat-si-un-halou-de-culoarea-curcubeului-a-fost-fotografiat-de-un-vanator-fenomen-natural-sau-manifestarea-unui-spirit\\\/\",\"name\":\"Un spectru ciudat \u015fi un halou de culoarea curcubeului a fost fotografiat de un v\u00e2n\u0103tor! Fenomen natural sau manifestarea unui spirit? - Secretele lui Lovendal\",\"isPartOf\":{\"@id\":\"https:\\\/\\\/www.lovendal.ro\\\/wp52\\\/#website\"},\"primaryImageOfPage\":{\"@id\":\"https:\\\/\\\/www.lovendal.ro\\\/wp52\\\/un-spectru-ciudat-si-un-halou-de-culoarea-curcubeului-a-fost-fotografiat-de-un-vanator-fenomen-natural-sau-manifestarea-unui-spirit\\\/#primaryimage\"},\"image\":{\"@id\":\"https:\\\/\\\/www.lovendal.ro\\\/wp52\\\/un-spectru-ciudat-si-un-halou-de-culoarea-curcubeului-a-fost-fotografiat-de-un-vanator-fenomen-natural-sau-manifestarea-unui-spirit\\\/#primaryimage\"},\"thumbnailUrl\":\"https:\\\/\\\/www.lovendal.ro\\\/wp52\\\/wp-content\\\/uploads\\\/2014\\\/01\\\/aparitie-stranie-2.jpg\",\"datePublished\":\"2014-01-18T22:53:41+00:00\",\"dateModified\":\"2014-01-18T22:54:24+00:00\",\"breadcrumb\":{\"@id\":\"https:\\\/\\\/www.lovendal.ro\\\/wp52\\\/un-spectru-ciudat-si-un-halou-de-culoarea-curcubeului-a-fost-fotografiat-de-un-vanator-fenomen-natural-sau-manifestarea-unui-spirit\\\/#breadcrumb\"},\"inLanguage\":\"ro-RO\",\"potentialAction\":[{\"@type\":\"ReadAction\",\"target\":[\"https:\\\/\\\/www.lovendal.ro\\\/wp52\\\/un-spectru-ciudat-si-un-halou-de-culoarea-curcubeului-a-fost-fotografiat-de-un-vanator-fenomen-natural-sau-manifestarea-unui-spirit\\\/\"]}]},{\"@type\":\"ImageObject\",\"inLanguage\":\"ro-RO\",\"@id\":\"https:\\\/\\\/www.lovendal.ro\\\/wp52\\\/un-spectru-ciudat-si-un-halou-de-culoarea-curcubeului-a-fost-fotografiat-de-un-vanator-fenomen-natural-sau-manifestarea-unui-spirit\\\/#primaryimage\",\"url\":\"https:\\\/\\\/www.lovendal.ro\\\/wp52\\\/wp-content\\\/uploads\\\/2014\\\/01\\\/aparitie-stranie-2.jpg\",\"contentUrl\":\"https:\\\/\\\/www.lovendal.ro\\\/wp52\\\/wp-content\\\/uploads\\\/2014\\\/01\\\/aparitie-stranie-2.jpg\",\"width\":329,\"height\":225},{\"@type\":\"BreadcrumbList\",\"@id\":\"https:\\\/\\\/www.lovendal.ro\\\/wp52\\\/un-spectru-ciudat-si-un-halou-de-culoarea-curcubeului-a-fost-fotografiat-de-un-vanator-fenomen-natural-sau-manifestarea-unui-spirit\\\/#breadcrumb\",\"itemListElement\":[{\"@type\":\"ListItem\",\"position\":1,\"name\":\"Home\",\"item\":\"https:\\\/\\\/www.lovendal.ro\\\/wp52\\\/\"},{\"@type\":\"ListItem\",\"position\":2,\"name\":\"Un spectru ciudat \u015fi un halou de culoarea curcubeului a fost fotografiat de un v\u00e2n\u0103tor! Fenomen natural sau manifestarea unui spirit?\"}]},{\"@type\":\"WebSite\",\"@id\":\"https:\\\/\\\/www.lovendal.ro\\\/wp52\\\/#website\",\"url\":\"https:\\\/\\\/www.lovendal.ro\\\/wp52\\\/\",\"name\":\"Secretele lui Lovendal\",\"description\":\"Site de secrete, stiinta si metafizica - din 2008 -\",\"publisher\":{\"@id\":\"https:\\\/\\\/www.lovendal.ro\\\/wp52\\\/#organization\"},\"potentialAction\":[{\"@type\":\"SearchAction\",\"target\":{\"@type\":\"EntryPoint\",\"urlTemplate\":\"https:\\\/\\\/www.lovendal.ro\\\/wp52\\\/?s={search_term_string}\"},\"query-input\":{\"@type\":\"PropertyValueSpecification\",\"valueRequired\":true,\"valueName\":\"search_term_string\"}}],\"inLanguage\":\"ro-RO\"},{\"@type\":\"Organization\",\"@id\":\"https:\\\/\\\/www.lovendal.ro\\\/wp52\\\/#organization\",\"name\":\"Secretele lui Lovendal\",\"url\":\"https:\\\/\\\/www.lovendal.ro\\\/wp52\\\/\",\"logo\":{\"@type\":\"ImageObject\",\"inLanguage\":\"ro-RO\",\"@id\":\"https:\\\/\\\/www.lovendal.ro\\\/wp52\\\/#\\\/schema\\\/logo\\\/image\\\/\",\"url\":\"https:\\\/\\\/www.lovendal.ro\\\/wp52\\\/wp-content\\\/uploads\\\/2024\\\/06\\\/cropped-SLL-iun-2024-1.jpg\",\"contentUrl\":\"https:\\\/\\\/www.lovendal.ro\\\/wp52\\\/wp-content\\\/uploads\\\/2024\\\/06\\\/cropped-SLL-iun-2024-1.jpg\",\"width\":771,\"height\":240,\"caption\":\"Secretele lui Lovendal\"},\"image\":{\"@id\":\"https:\\\/\\\/www.lovendal.ro\\\/wp52\\\/#\\\/schema\\\/logo\\\/image\\\/\"},\"sameAs\":[\"https:\\\/\\\/www.facebook.com\\\/secreteleluilovendal\"]},{\"@type\":\"Person\",\"@id\":\"https:\\\/\\\/www.lovendal.ro\\\/wp52\\\/#\\\/schema\\\/person\\\/088691de5dfc346bb0c023e1e52ef5d9\",\"name\":\"admin\",\"image\":{\"@type\":\"ImageObject\",\"inLanguage\":\"ro-RO\",\"@id\":\"https:\\\/\\\/secure.gravatar.com\\\/avatar\\\/ecb9cd41f5f63c9c9b989999a59f6e2639a865ec361e9db054db0679a8f341c2?s=96&d=mm&r=g\",\"url\":\"https:\\\/\\\/secure.gravatar.com\\\/avatar\\\/ecb9cd41f5f63c9c9b989999a59f6e2639a865ec361e9db054db0679a8f341c2?s=96&d=mm&r=g\",\"contentUrl\":\"https:\\\/\\\/secure.gravatar.com\\\/avatar\\\/ecb9cd41f5f63c9c9b989999a59f6e2639a865ec361e9db054db0679a8f341c2?s=96&d=mm&r=g\",\"caption\":\"admin\"},\"sameAs\":[\"https:\\\/\\\/www.lovendal.ro\\\/wp52\"]}]}<\/script>\n<!-- \/ Yoast SEO Premium plugin. -->","yoast_head_json":{"title":"Un spectru ciudat \u015fi un halou de culoarea curcubeului a fost fotografiat de un v\u00e2n\u0103tor! Fenomen natural sau manifestarea unui spirit? - Secretele lui Lovendal","robots":{"index":"index","follow":"follow","max-snippet":"max-snippet:-1","max-image-preview":"max-image-preview:large","max-video-preview":"max-video-preview:-1"},"canonical":"https:\/\/www.lovendal.ro\/wp52\/un-spectru-ciudat-si-un-halou-de-culoarea-curcubeului-a-fost-fotografiat-de-un-vanator-fenomen-natural-sau-manifestarea-unui-spirit\/","og_locale":"ro_RO","og_type":"article","og_title":"Un spectru ciudat \u015fi un halou de culoarea curcubeului a fost fotografiat de un v\u00e2n\u0103tor! Fenomen natural sau manifestarea unui spirit?","og_description":"O fotografie neobi\u0219nuit\u0103, ce a fost luat\u0103 \u00een timpul unei partide de v\u00e2n\u0103toare, a creat controverse pe re\u021belele de socializare, \u00eentruc\u00e2t s-a reu\u0219it captarea unui spectru bizar pe aparatul de fotografiat. \u00cen poza misterioas\u0103, pute\u021bi vedea un obiect ciudat, cu ... Cititi mai multe","og_url":"https:\/\/www.lovendal.ro\/wp52\/un-spectru-ciudat-si-un-halou-de-culoarea-curcubeului-a-fost-fotografiat-de-un-vanator-fenomen-natural-sau-manifestarea-unui-spirit\/","og_site_name":"Secretele lui Lovendal","article_publisher":"https:\/\/www.facebook.com\/secreteleluilovendal","article_published_time":"2014-01-18T22:53:41+00:00","article_modified_time":"2014-01-18T22:54:24+00:00","og_image":[{"width":329,"height":225,"url":"https:\/\/www.lovendal.ro\/wp52\/wp-content\/uploads\/2014\/01\/aparitie-stranie-2.jpg","type":"image\/jpeg"}],"author":"admin","twitter_card":"summary_large_image","twitter_misc":{"Scris de":"admin","Timp estimat pentru citire":"4 minute"},"schema":{"@context":"https:\/\/schema.org","@graph":[{"@type":"Article","@id":"https:\/\/www.lovendal.ro\/wp52\/un-spectru-ciudat-si-un-halou-de-culoarea-curcubeului-a-fost-fotografiat-de-un-vanator-fenomen-natural-sau-manifestarea-unui-spirit\/#article","isPartOf":{"@id":"https:\/\/www.lovendal.ro\/wp52\/un-spectru-ciudat-si-un-halou-de-culoarea-curcubeului-a-fost-fotografiat-de-un-vanator-fenomen-natural-sau-manifestarea-unui-spirit\/"},"author":{"name":"admin","@id":"https:\/\/www.lovendal.ro\/wp52\/#\/schema\/person\/088691de5dfc346bb0c023e1e52ef5d9"},"headline":"Un spectru ciudat \u015fi un halou de culoarea curcubeului a fost fotografiat de un v\u00e2n\u0103tor! Fenomen natural sau manifestarea unui spirit?","datePublished":"2014-01-18T22:53:41+00:00","dateModified":"2014-01-18T22:54:24+00:00","mainEntityOfPage":{"@id":"https:\/\/www.lovendal.ro\/wp52\/un-spectru-ciudat-si-un-halou-de-culoarea-curcubeului-a-fost-fotografiat-de-un-vanator-fenomen-natural-sau-manifestarea-unui-spirit\/"},"wordCount":783,"commentCount":8,"publisher":{"@id":"https:\/\/www.lovendal.ro\/wp52\/#organization"},"image":{"@id":"https:\/\/www.lovendal.ro\/wp52\/un-spectru-ciudat-si-un-halou-de-culoarea-curcubeului-a-fost-fotografiat-de-un-vanator-fenomen-natural-sau-manifestarea-unui-spirit\/#primaryimage"},"thumbnailUrl":"https:\/\/www.lovendal.ro\/wp52\/wp-content\/uploads\/2014\/01\/aparitie-stranie-2.jpg","keywords":["aur","binoclu","camer\u0103 foto","cea\u0163\u0103","curcubeu","glob","halo","\u00eenger","m\u00e2n\u0103","ma\u015fin\u0103","Oregon","p\u0103dure","Poze controversate","spectru","spectrul Brocken","spirit","SUA","umbr\u0103","v\u00e2n\u0103toare","v\u00e2n\u0103tor"],"articleSection":["Noutati","Poze controversate"],"inLanguage":"ro-RO","potentialAction":[{"@type":"CommentAction","name":"Comment","target":["https:\/\/www.lovendal.ro\/wp52\/un-spectru-ciudat-si-un-halou-de-culoarea-curcubeului-a-fost-fotografiat-de-un-vanator-fenomen-natural-sau-manifestarea-unui-spirit\/#respond"]}]},{"@type":"WebPage","@id":"https:\/\/www.lovendal.ro\/wp52\/un-spectru-ciudat-si-un-halou-de-culoarea-curcubeului-a-fost-fotografiat-de-un-vanator-fenomen-natural-sau-manifestarea-unui-spirit\/","url":"https:\/\/www.lovendal.ro\/wp52\/un-spectru-ciudat-si-un-halou-de-culoarea-curcubeului-a-fost-fotografiat-de-un-vanator-fenomen-natural-sau-manifestarea-unui-spirit\/","name":"Un spectru ciudat \u015fi un halou de culoarea curcubeului a fost fotografiat de un v\u00e2n\u0103tor! Fenomen natural sau manifestarea unui spirit? - Secretele lui Lovendal","isPartOf":{"@id":"https:\/\/www.lovendal.ro\/wp52\/#website"},"primaryImageOfPage":{"@id":"https:\/\/www.lovendal.ro\/wp52\/un-spectru-ciudat-si-un-halou-de-culoarea-curcubeului-a-fost-fotografiat-de-un-vanator-fenomen-natural-sau-manifestarea-unui-spirit\/#primaryimage"},"image":{"@id":"https:\/\/www.lovendal.ro\/wp52\/un-spectru-ciudat-si-un-halou-de-culoarea-curcubeului-a-fost-fotografiat-de-un-vanator-fenomen-natural-sau-manifestarea-unui-spirit\/#primaryimage"},"thumbnailUrl":"https:\/\/www.lovendal.ro\/wp52\/wp-content\/uploads\/2014\/01\/aparitie-stranie-2.jpg","datePublished":"2014-01-18T22:53:41+00:00","dateModified":"2014-01-18T22:54:24+00:00","breadcrumb":{"@id":"https:\/\/www.lovendal.ro\/wp52\/un-spectru-ciudat-si-un-halou-de-culoarea-curcubeului-a-fost-fotografiat-de-un-vanator-fenomen-natural-sau-manifestarea-unui-spirit\/#breadcrumb"},"inLanguage":"ro-RO","potentialAction":[{"@type":"ReadAction","target":["https:\/\/www.lovendal.ro\/wp52\/un-spectru-ciudat-si-un-halou-de-culoarea-curcubeului-a-fost-fotografiat-de-un-vanator-fenomen-natural-sau-manifestarea-unui-spirit\/"]}]},{"@type":"ImageObject","inLanguage":"ro-RO","@id":"https:\/\/www.lovendal.ro\/wp52\/un-spectru-ciudat-si-un-halou-de-culoarea-curcubeului-a-fost-fotografiat-de-un-vanator-fenomen-natural-sau-manifestarea-unui-spirit\/#primaryimage","url":"https:\/\/www.lovendal.ro\/wp52\/wp-content\/uploads\/2014\/01\/aparitie-stranie-2.jpg","contentUrl":"https:\/\/www.lovendal.ro\/wp52\/wp-content\/uploads\/2014\/01\/aparitie-stranie-2.jpg","width":329,"height":225},{"@type":"BreadcrumbList","@id":"https:\/\/www.lovendal.ro\/wp52\/un-spectru-ciudat-si-un-halou-de-culoarea-curcubeului-a-fost-fotografiat-de-un-vanator-fenomen-natural-sau-manifestarea-unui-spirit\/#breadcrumb","itemListElement":[{"@type":"ListItem","position":1,"name":"Home","item":"https:\/\/www.lovendal.ro\/wp52\/"},{"@type":"ListItem","position":2,"name":"Un spectru ciudat \u015fi un halou de culoarea curcubeului a fost fotografiat de un v\u00e2n\u0103tor! Fenomen natural sau manifestarea unui spirit?"}]},{"@type":"WebSite","@id":"https:\/\/www.lovendal.ro\/wp52\/#website","url":"https:\/\/www.lovendal.ro\/wp52\/","name":"Secretele lui Lovendal","description":"Site de secrete, stiinta si metafizica - din 2008 -","publisher":{"@id":"https:\/\/www.lovendal.ro\/wp52\/#organization"},"potentialAction":[{"@type":"SearchAction","target":{"@type":"EntryPoint","urlTemplate":"https:\/\/www.lovendal.ro\/wp52\/?s={search_term_string}"},"query-input":{"@type":"PropertyValueSpecification","valueRequired":true,"valueName":"search_term_string"}}],"inLanguage":"ro-RO"},{"@type":"Organization","@id":"https:\/\/www.lovendal.ro\/wp52\/#organization","name":"Secretele lui Lovendal","url":"https:\/\/www.lovendal.ro\/wp52\/","logo":{"@type":"ImageObject","inLanguage":"ro-RO","@id":"https:\/\/www.lovendal.ro\/wp52\/#\/schema\/logo\/image\/","url":"https:\/\/www.lovendal.ro\/wp52\/wp-content\/uploads\/2024\/06\/cropped-SLL-iun-2024-1.jpg","contentUrl":"https:\/\/www.lovendal.ro\/wp52\/wp-content\/uploads\/2024\/06\/cropped-SLL-iun-2024-1.jpg","width":771,"height":240,"caption":"Secretele lui Lovendal"},"image":{"@id":"https:\/\/www.lovendal.ro\/wp52\/#\/schema\/logo\/image\/"},"sameAs":["https:\/\/www.facebook.com\/secreteleluilovendal"]},{"@type":"Person","@id":"https:\/\/www.lovendal.ro\/wp52\/#\/schema\/person\/088691de5dfc346bb0c023e1e52ef5d9","name":"admin","image":{"@type":"ImageObject","inLanguage":"ro-RO","@id":"https:\/\/secure.gravatar.com\/avatar\/ecb9cd41f5f63c9c9b989999a59f6e2639a865ec361e9db054db0679a8f341c2?s=96&d=mm&r=g","url":"https:\/\/secure.gravatar.com\/avatar\/ecb9cd41f5f63c9c9b989999a59f6e2639a865ec361e9db054db0679a8f341c2?s=96&d=mm&r=g","contentUrl":"https:\/\/secure.gravatar.com\/avatar\/ecb9cd41f5f63c9c9b989999a59f6e2639a865ec361e9db054db0679a8f341c2?s=96&d=mm&r=g","caption":"admin"},"sameAs":["https:\/\/www.lovendal.ro\/wp52"]}]}},"_links":{"self":[{"href":"https:\/\/www.lovendal.ro\/wp52\/wp-json\/wp\/v2\/posts\/32346","targetHints":{"allow":["GET"]}}],"collection":[{"href":"https:\/\/www.lovendal.ro\/wp52\/wp-json\/wp\/v2\/posts"}],"about":[{"href":"https:\/\/www.lovendal.ro\/wp52\/wp-json\/wp\/v2\/types\/post"}],"author":[{"embeddable":true,"href":"https:\/\/www.lovendal.ro\/wp52\/wp-json\/wp\/v2\/users\/1"}],"replies":[{"embeddable":true,"href":"https:\/\/www.lovendal.ro\/wp52\/wp-json\/wp\/v2\/comments?post=32346"}],"version-history":[{"count":0,"href":"https:\/\/www.lovendal.ro\/wp52\/wp-json\/wp\/v2\/posts\/32346\/revisions"}],"wp:featuredmedia":[{"embeddable":true,"href":"https:\/\/www.lovendal.ro\/wp52\/wp-json\/wp\/v2\/media\/32349"}],"wp:attachment":[{"href":"https:\/\/www.lovendal.ro\/wp52\/wp-json\/wp\/v2\/media?parent=32346"}],"wp:term":[{"taxonomy":"category","embeddable":true,"href":"https:\/\/www.lovendal.ro\/wp52\/wp-json\/wp\/v2\/categories?post=32346"},{"taxonomy":"post_tag","embeddable":true,"href":"https:\/\/www.lovendal.ro\/wp52\/wp-json\/wp\/v2\/tags?post=32346"}],"curies":[{"name":"wp","href":"https:\/\/api.w.org\/{rel}","templated":true}]}}