{"id":31533,"date":"2013-12-02T00:17:29","date_gmt":"2013-12-01T22:17:29","guid":{"rendered":"http:\/\/www.lovendal.ro\/wp52\/?p=31533"},"modified":"2013-12-02T00:17:29","modified_gmt":"2013-12-01T22:17:29","slug":"se-intampla-ceva-foarte-ciudat-cu-apele-oceanului-pacific-acesta-moare-ca-urmare-a-deseurilor-de-la-fukushima-sau-e-vorba-de-ceva-mai-misterios","status":"publish","type":"post","link":"https:\/\/www.lovendal.ro\/wp52\/se-intampla-ceva-foarte-ciudat-cu-apele-oceanului-pacific-acesta-moare-ca-urmare-a-deseurilor-de-la-fukushima-sau-e-vorba-de-ceva-mai-misterios\/","title":{"rendered":"Se \u00eent\u00e2mpl\u0103 ceva foarte ciudat cu apele Oceanului Pacific! Acesta &#8222;moare&#8221; ca urmare a de\u015feurilor de la Fukushima? Sau e vorba de ceva mai misterios?"},"content":{"rendered":"<p><a href=\"https:\/\/www.lovendal.ro\/wp52\/wp-content\/uploads\/2013\/12\/oceanul-pacific-moare.jpg\"><img loading=\"lazy\" decoding=\"async\" class=\"alignleft size-full wp-image-31534\" alt=\"oceanul pacific moare\" src=\"https:\/\/www.lovendal.ro\/wp52\/wp-content\/uploads\/2013\/12\/oceanul-pacific-moare.jpg\" width=\"329\" height=\"247\" srcset=\"https:\/\/www.lovendal.ro\/wp52\/wp-content\/uploads\/2013\/12\/oceanul-pacific-moare.jpg 329w, https:\/\/www.lovendal.ro\/wp52\/wp-content\/uploads\/2013\/12\/oceanul-pacific-moare-300x225.jpg 300w\" sizes=\"auto, (max-width: 329px) 100vw, 329px\" \/><\/a>Oamenii de \u015ftiin\u0163\u0103, dar \u015fi cei care str\u0103bat Oceanul Pacific au remarcat \u00een ultima vreme o serie de comportamente ciudate ale creaturilor marine din Oceanul Pacific. \u00centrebarea care se pune este de ce? Exist\u0103 oare vreo leg\u0103tur\u0103 cu de\u015feurile radioactive care s-au scurs \u00een ocean din cauza pierderilor radioactive de la centrala atomic\u0103 de la Fukushima (Japonia), eveniment care s-a \u00eent\u00e2mplat \u00een anul 2011? Totul e posibil.<\/p>\n<p>S\u0103 vedem ce \u015ftiri \u00eent\u00e2lnim \u00een presa interna\u0163ional\u0103:<\/p>\n<p><strong>6 noiembrie 2013, <a href=\"http:\/\/www.cbc.ca\/news\/canada\/british-columbia\/what-s-going-on-in-b-c-s-weird-ocean-waters-1.2365025\" target=\"_blank\">CBC News<\/a>: &#8222;<em>Ce se \u00eent\u00e2mpl\u0103 \u00een apele oceanului din British Columbia?<\/em>&#8222;<\/strong><\/p>\n<p><em>&#8222;Oamenii de \u015ftiin\u0163\u0103 sunt uimi\u0163i. Ceva foarte straniu se \u00eent\u00e2mpl\u0103 \u00een oceanul \u015fi \u00een apele din jurul lui British Columbia (provincie canadian\u0103, situat\u0103 \u00een vestul \u0163\u0103rii, la marginea Oceanului Pacific). Creaturile marine se comport\u0103 foarte straniu. Iar speciile care se vedeau rar acum apar tot mai des. Exist\u0103 o activitate marin\u0103 extraordinar\u0103, din California \u015fi p\u00e2n\u0103 \u00een Alaska. Unii spun c\u0103 ar fi cea legat de dezastrul ecologic de la Fukushima, dar nu se \u015ftie nimic sigur p\u00e2n\u0103 acum.&#8221;<\/em><\/p>\n<p><strong>27 noiembrie 2013, <a href=\"http:\/\/www.cbc.ca\/news\/canada\/british-columbia\/curious-humpback-encounter-dazzles-whale-watchers-1.2442133\" target=\"_blank\">CBC News<\/a>: <em>&#8222;O balen\u0103 cu cocoa\u015f\u0103 \u00eei ume\u015fte pe turi\u015fti&#8221;<br \/>\n<\/em><\/strong><\/p>\n<p>Articolul spune c\u0103 un grup de turi\u015fti aflat pe o nav\u0103 \u00een apropiere de Insula D&#8217;Arcy (aflat\u0103 \u00een Canada, \u00eentr-un golf al Oceanului Pacific), a observat o balen\u0103 cu cocoa\u015f\u0103, o specie extrem de rar\u0103. C\u0103pitanul vasului a declarat c\u0103 navigheaz\u0103 pe aceste ape din 1988, dar n-a \u00eent\u00e2lnit niciodat\u0103 p\u00e2n\u0103 \u00een prezent o asemenea specie.<\/p>\n<p><strong>27 noiembrie 2013, <a href=\"http:\/\/blogs.laweekly.com\/informer\/2013\/11\/baby_sharks_los_angeles.php\" target=\"_blank\">LA Weekly<\/a>: <em>&#8222;Puii de rechin invadeaz\u0103 plajele din Los Angeles&#8221;<\/em><\/strong><\/p>\n<p>Articolul ne precizeaz\u0103 o adev\u0103rat\u0103 invazie de rechini \u00een apropierea \u0163\u0103rmurilor Los Angeles-ului, aflat \u015fi el pe \u0163\u0103rmul Oceanului Pacific. Dac\u0103 \u00een anii anteriori se semnalau 2 rechini pe an, acum sunt observa\u0163i \u00een medie de 2 rechini pe zi!<\/p>\n<p>Oare ce se \u00eent\u00e2mpl\u0103? Oceanul Pacific &#8222;moare&#8221; ca urmare a otr\u0103vurilor deversate de centrala atomic\u0103 de la Fukushima (situat \u00een partea vestic\u0103), iar speciile marine fug \u015fi migreaz\u0103 spre \u0163\u0103rmurile estice ale oceanului? Sau are vreo leg\u0103tur\u0103 cu taifunul uciga\u015f Hayian care a avut loc \u00een Filipine la \u00eenceputul lunii noiembrie 2013? Pe m\u0103sur\u0103 ce aflu noi informa\u0163ii, am s\u0103 mai scriu pe site \u00een leg\u0103tur\u0103 cu acest subiect.<\/p>\n","protected":false},"excerpt":{"rendered":"<p>Oamenii de \u015ftiin\u0163\u0103, dar \u015fi cei care str\u0103bat Oceanul Pacific au remarcat \u00een ultima vreme o serie de comportamente ciudate ale creaturilor marine din Oceanul Pacific. \u00centrebarea care se pune este de ce? Exist\u0103 oare vreo leg\u0103tur\u0103 cu de\u015feurile radioactive &#8230; <\/p>\n<p class=\"read-more-container\"><a title=\"Se \u00eent\u00e2mpl\u0103 ceva foarte ciudat cu apele Oceanului Pacific! Acesta &#8222;moare&#8221; ca urmare a de\u015feurilor de la Fukushima? Sau e vorba de ceva mai misterios?\" class=\"read-more button\" href=\"https:\/\/www.lovendal.ro\/wp52\/se-intampla-ceva-foarte-ciudat-cu-apele-oceanului-pacific-acesta-moare-ca-urmare-a-deseurilor-de-la-fukushima-sau-e-vorba-de-ceva-mai-misterios\/#more-31533\" aria-label=\"Cite\u0219te mai multe despre Se \u00eent\u00e2mpl\u0103 ceva foarte ciudat cu apele Oceanului Pacific! Acesta &#8222;moare&#8221; ca urmare a de\u015feurilor de la Fukushima? Sau e vorba de ceva mai misterios?\">Cititi mai multe<\/a><\/p>\n","protected":false},"author":1,"featured_media":31534,"comment_status":"open","ping_status":"open","sticky":false,"template":"","format":"standard","meta":{"footnotes":""},"categories":[54,2833],"tags":[2491,1521,7303,1393,272,2025,4070,5472,7302,1784,128,4029,9800,291,1604,1973,2038,3204,4807,23,7172],"class_list":["post-31533","post","type-post","status-publish","format-standard","has-post-thumbnail","hentry","category-natura-animale","category-noutati","tag-alaska","tag-balena","tag-british-columbia","tag-california","tag-canada","tag-filipine","tag-fukushima","tag-golf","tag-hayian","tag-insula","tag-japonia","tag-los-angeles","tag-natura-animale","tag-nava","tag-ocean","tag-oceanul-pacific","tag-plaja","tag-radiatii","tag-rechin","tag-sua","tag-taifun","resize-featured-image"],"yoast_head":"<!-- This site is optimized with the Yoast SEO Premium plugin v23.3 (Yoast SEO v27.4) - https:\/\/yoast.com\/product\/yoast-seo-premium-wordpress\/ -->\n<title>Se \u00eent\u00e2mpl\u0103 ceva foarte ciudat cu apele Oceanului Pacific! Acesta &quot;moare&quot; ca urmare a de\u015feurilor de la Fukushima? Sau e vorba de ceva mai misterios? - Secretele lui Lovendal<\/title>\n<meta name=\"robots\" content=\"index, follow, max-snippet:-1, max-image-preview:large, max-video-preview:-1\" \/>\n<link rel=\"canonical\" href=\"https:\/\/www.lovendal.ro\/wp52\/se-intampla-ceva-foarte-ciudat-cu-apele-oceanului-pacific-acesta-moare-ca-urmare-a-deseurilor-de-la-fukushima-sau-e-vorba-de-ceva-mai-misterios\/\" \/>\n<meta property=\"og:locale\" content=\"ro_RO\" \/>\n<meta property=\"og:type\" content=\"article\" \/>\n<meta property=\"og:title\" content=\"Se \u00eent\u00e2mpl\u0103 ceva foarte ciudat cu apele Oceanului Pacific! Acesta &quot;moare&quot; ca urmare a de\u015feurilor de la Fukushima? Sau e vorba de ceva mai misterios?\" \/>\n<meta property=\"og:description\" content=\"Oamenii de \u015ftiin\u0163\u0103, dar \u015fi cei care str\u0103bat Oceanul Pacific au remarcat \u00een ultima vreme o serie de comportamente ciudate ale creaturilor marine din Oceanul Pacific. \u00centrebarea care se pune este de ce? Exist\u0103 oare vreo leg\u0103tur\u0103 cu de\u015feurile radioactive ... Cititi mai multe\" \/>\n<meta property=\"og:url\" content=\"https:\/\/www.lovendal.ro\/wp52\/se-intampla-ceva-foarte-ciudat-cu-apele-oceanului-pacific-acesta-moare-ca-urmare-a-deseurilor-de-la-fukushima-sau-e-vorba-de-ceva-mai-misterios\/\" \/>\n<meta property=\"og:site_name\" content=\"Secretele lui Lovendal\" \/>\n<meta property=\"article:publisher\" content=\"https:\/\/www.facebook.com\/secreteleluilovendal\" \/>\n<meta property=\"article:published_time\" content=\"2013-12-01T22:17:29+00:00\" \/>\n<meta property=\"og:image\" content=\"https:\/\/www.lovendal.ro\/wp52\/wp-content\/uploads\/2013\/12\/oceanul-pacific-moare.jpg\" \/>\n\t<meta property=\"og:image:width\" content=\"329\" \/>\n\t<meta property=\"og:image:height\" content=\"247\" \/>\n\t<meta property=\"og:image:type\" content=\"image\/jpeg\" \/>\n<meta name=\"author\" content=\"admin\" \/>\n<meta name=\"twitter:card\" content=\"summary_large_image\" \/>\n<meta name=\"twitter:label1\" content=\"Scris de\" \/>\n\t<meta name=\"twitter:data1\" content=\"admin\" \/>\n\t<meta name=\"twitter:label2\" content=\"Timp estimat pentru citire\" \/>\n\t<meta name=\"twitter:data2\" content=\"2 minute\" \/>\n<script type=\"application\/ld+json\" class=\"yoast-schema-graph\">{\"@context\":\"https:\\\/\\\/schema.org\",\"@graph\":[{\"@type\":\"Article\",\"@id\":\"https:\\\/\\\/www.lovendal.ro\\\/wp52\\\/se-intampla-ceva-foarte-ciudat-cu-apele-oceanului-pacific-acesta-moare-ca-urmare-a-deseurilor-de-la-fukushima-sau-e-vorba-de-ceva-mai-misterios\\\/#article\",\"isPartOf\":{\"@id\":\"https:\\\/\\\/www.lovendal.ro\\\/wp52\\\/se-intampla-ceva-foarte-ciudat-cu-apele-oceanului-pacific-acesta-moare-ca-urmare-a-deseurilor-de-la-fukushima-sau-e-vorba-de-ceva-mai-misterios\\\/\"},\"author\":{\"name\":\"admin\",\"@id\":\"https:\\\/\\\/www.lovendal.ro\\\/wp52\\\/#\\\/schema\\\/person\\\/088691de5dfc346bb0c023e1e52ef5d9\"},\"headline\":\"Se \u00eent\u00e2mpl\u0103 ceva foarte ciudat cu apele Oceanului Pacific! Acesta &#8222;moare&#8221; ca urmare a de\u015feurilor de la Fukushima? Sau e vorba de ceva mai misterios?\",\"datePublished\":\"2013-12-01T22:17:29+00:00\",\"mainEntityOfPage\":{\"@id\":\"https:\\\/\\\/www.lovendal.ro\\\/wp52\\\/se-intampla-ceva-foarte-ciudat-cu-apele-oceanului-pacific-acesta-moare-ca-urmare-a-deseurilor-de-la-fukushima-sau-e-vorba-de-ceva-mai-misterios\\\/\"},\"wordCount\":401,\"commentCount\":8,\"publisher\":{\"@id\":\"https:\\\/\\\/www.lovendal.ro\\\/wp52\\\/#organization\"},\"image\":{\"@id\":\"https:\\\/\\\/www.lovendal.ro\\\/wp52\\\/se-intampla-ceva-foarte-ciudat-cu-apele-oceanului-pacific-acesta-moare-ca-urmare-a-deseurilor-de-la-fukushima-sau-e-vorba-de-ceva-mai-misterios\\\/#primaryimage\"},\"thumbnailUrl\":\"https:\\\/\\\/www.lovendal.ro\\\/wp52\\\/wp-content\\\/uploads\\\/2013\\\/12\\\/oceanul-pacific-moare.jpg\",\"keywords\":[\"Alaska\",\"balen\u0103\",\"British Columbia\",\"California\",\"Canada\",\"Filipine\",\"Fukushima\",\"golf\",\"Hayian\",\"insul\u0103\",\"Japonia\",\"Los Angeles\",\"Natura-Animale\",\"nav\u0103\",\"ocean\",\"Oceanul Pacific\",\"plaj\u0103\",\"radiatii\",\"rechin\",\"SUA\",\"taifun\"],\"articleSection\":[\"Natura-Animale\",\"Noutati\"],\"inLanguage\":\"ro-RO\",\"potentialAction\":[{\"@type\":\"CommentAction\",\"name\":\"Comment\",\"target\":[\"https:\\\/\\\/www.lovendal.ro\\\/wp52\\\/se-intampla-ceva-foarte-ciudat-cu-apele-oceanului-pacific-acesta-moare-ca-urmare-a-deseurilor-de-la-fukushima-sau-e-vorba-de-ceva-mai-misterios\\\/#respond\"]}]},{\"@type\":\"WebPage\",\"@id\":\"https:\\\/\\\/www.lovendal.ro\\\/wp52\\\/se-intampla-ceva-foarte-ciudat-cu-apele-oceanului-pacific-acesta-moare-ca-urmare-a-deseurilor-de-la-fukushima-sau-e-vorba-de-ceva-mai-misterios\\\/\",\"url\":\"https:\\\/\\\/www.lovendal.ro\\\/wp52\\\/se-intampla-ceva-foarte-ciudat-cu-apele-oceanului-pacific-acesta-moare-ca-urmare-a-deseurilor-de-la-fukushima-sau-e-vorba-de-ceva-mai-misterios\\\/\",\"name\":\"Se \u00eent\u00e2mpl\u0103 ceva foarte ciudat cu apele Oceanului Pacific! Acesta \\\"moare\\\" ca urmare a de\u015feurilor de la Fukushima? Sau e vorba de ceva mai misterios? - Secretele lui Lovendal\",\"isPartOf\":{\"@id\":\"https:\\\/\\\/www.lovendal.ro\\\/wp52\\\/#website\"},\"primaryImageOfPage\":{\"@id\":\"https:\\\/\\\/www.lovendal.ro\\\/wp52\\\/se-intampla-ceva-foarte-ciudat-cu-apele-oceanului-pacific-acesta-moare-ca-urmare-a-deseurilor-de-la-fukushima-sau-e-vorba-de-ceva-mai-misterios\\\/#primaryimage\"},\"image\":{\"@id\":\"https:\\\/\\\/www.lovendal.ro\\\/wp52\\\/se-intampla-ceva-foarte-ciudat-cu-apele-oceanului-pacific-acesta-moare-ca-urmare-a-deseurilor-de-la-fukushima-sau-e-vorba-de-ceva-mai-misterios\\\/#primaryimage\"},\"thumbnailUrl\":\"https:\\\/\\\/www.lovendal.ro\\\/wp52\\\/wp-content\\\/uploads\\\/2013\\\/12\\\/oceanul-pacific-moare.jpg\",\"datePublished\":\"2013-12-01T22:17:29+00:00\",\"breadcrumb\":{\"@id\":\"https:\\\/\\\/www.lovendal.ro\\\/wp52\\\/se-intampla-ceva-foarte-ciudat-cu-apele-oceanului-pacific-acesta-moare-ca-urmare-a-deseurilor-de-la-fukushima-sau-e-vorba-de-ceva-mai-misterios\\\/#breadcrumb\"},\"inLanguage\":\"ro-RO\",\"potentialAction\":[{\"@type\":\"ReadAction\",\"target\":[\"https:\\\/\\\/www.lovendal.ro\\\/wp52\\\/se-intampla-ceva-foarte-ciudat-cu-apele-oceanului-pacific-acesta-moare-ca-urmare-a-deseurilor-de-la-fukushima-sau-e-vorba-de-ceva-mai-misterios\\\/\"]}]},{\"@type\":\"ImageObject\",\"inLanguage\":\"ro-RO\",\"@id\":\"https:\\\/\\\/www.lovendal.ro\\\/wp52\\\/se-intampla-ceva-foarte-ciudat-cu-apele-oceanului-pacific-acesta-moare-ca-urmare-a-deseurilor-de-la-fukushima-sau-e-vorba-de-ceva-mai-misterios\\\/#primaryimage\",\"url\":\"https:\\\/\\\/www.lovendal.ro\\\/wp52\\\/wp-content\\\/uploads\\\/2013\\\/12\\\/oceanul-pacific-moare.jpg\",\"contentUrl\":\"https:\\\/\\\/www.lovendal.ro\\\/wp52\\\/wp-content\\\/uploads\\\/2013\\\/12\\\/oceanul-pacific-moare.jpg\",\"width\":329,\"height\":247},{\"@type\":\"BreadcrumbList\",\"@id\":\"https:\\\/\\\/www.lovendal.ro\\\/wp52\\\/se-intampla-ceva-foarte-ciudat-cu-apele-oceanului-pacific-acesta-moare-ca-urmare-a-deseurilor-de-la-fukushima-sau-e-vorba-de-ceva-mai-misterios\\\/#breadcrumb\",\"itemListElement\":[{\"@type\":\"ListItem\",\"position\":1,\"name\":\"Home\",\"item\":\"https:\\\/\\\/www.lovendal.ro\\\/wp52\\\/\"},{\"@type\":\"ListItem\",\"position\":2,\"name\":\"Se \u00eent\u00e2mpl\u0103 ceva foarte ciudat cu apele Oceanului Pacific! Acesta &#8222;moare&#8221; ca urmare a de\u015feurilor de la Fukushima? Sau e vorba de ceva mai misterios?\"}]},{\"@type\":\"WebSite\",\"@id\":\"https:\\\/\\\/www.lovendal.ro\\\/wp52\\\/#website\",\"url\":\"https:\\\/\\\/www.lovendal.ro\\\/wp52\\\/\",\"name\":\"Secretele lui Lovendal\",\"description\":\"Site de secrete, stiinta si metafizica - din 2008 -\",\"publisher\":{\"@id\":\"https:\\\/\\\/www.lovendal.ro\\\/wp52\\\/#organization\"},\"potentialAction\":[{\"@type\":\"SearchAction\",\"target\":{\"@type\":\"EntryPoint\",\"urlTemplate\":\"https:\\\/\\\/www.lovendal.ro\\\/wp52\\\/?s={search_term_string}\"},\"query-input\":{\"@type\":\"PropertyValueSpecification\",\"valueRequired\":true,\"valueName\":\"search_term_string\"}}],\"inLanguage\":\"ro-RO\"},{\"@type\":\"Organization\",\"@id\":\"https:\\\/\\\/www.lovendal.ro\\\/wp52\\\/#organization\",\"name\":\"Secretele lui Lovendal\",\"url\":\"https:\\\/\\\/www.lovendal.ro\\\/wp52\\\/\",\"logo\":{\"@type\":\"ImageObject\",\"inLanguage\":\"ro-RO\",\"@id\":\"https:\\\/\\\/www.lovendal.ro\\\/wp52\\\/#\\\/schema\\\/logo\\\/image\\\/\",\"url\":\"https:\\\/\\\/www.lovendal.ro\\\/wp52\\\/wp-content\\\/uploads\\\/2024\\\/06\\\/cropped-SLL-iun-2024-1.jpg\",\"contentUrl\":\"https:\\\/\\\/www.lovendal.ro\\\/wp52\\\/wp-content\\\/uploads\\\/2024\\\/06\\\/cropped-SLL-iun-2024-1.jpg\",\"width\":771,\"height\":240,\"caption\":\"Secretele lui Lovendal\"},\"image\":{\"@id\":\"https:\\\/\\\/www.lovendal.ro\\\/wp52\\\/#\\\/schema\\\/logo\\\/image\\\/\"},\"sameAs\":[\"https:\\\/\\\/www.facebook.com\\\/secreteleluilovendal\"]},{\"@type\":\"Person\",\"@id\":\"https:\\\/\\\/www.lovendal.ro\\\/wp52\\\/#\\\/schema\\\/person\\\/088691de5dfc346bb0c023e1e52ef5d9\",\"name\":\"admin\",\"image\":{\"@type\":\"ImageObject\",\"inLanguage\":\"ro-RO\",\"@id\":\"https:\\\/\\\/secure.gravatar.com\\\/avatar\\\/ecb9cd41f5f63c9c9b989999a59f6e2639a865ec361e9db054db0679a8f341c2?s=96&d=mm&r=g\",\"url\":\"https:\\\/\\\/secure.gravatar.com\\\/avatar\\\/ecb9cd41f5f63c9c9b989999a59f6e2639a865ec361e9db054db0679a8f341c2?s=96&d=mm&r=g\",\"contentUrl\":\"https:\\\/\\\/secure.gravatar.com\\\/avatar\\\/ecb9cd41f5f63c9c9b989999a59f6e2639a865ec361e9db054db0679a8f341c2?s=96&d=mm&r=g\",\"caption\":\"admin\"},\"sameAs\":[\"https:\\\/\\\/www.lovendal.ro\\\/wp52\"]}]}<\/script>\n<!-- \/ Yoast SEO Premium plugin. -->","yoast_head_json":{"title":"Se \u00eent\u00e2mpl\u0103 ceva foarte ciudat cu apele Oceanului Pacific! Acesta \"moare\" ca urmare a de\u015feurilor de la Fukushima? Sau e vorba de ceva mai misterios? - Secretele lui Lovendal","robots":{"index":"index","follow":"follow","max-snippet":"max-snippet:-1","max-image-preview":"max-image-preview:large","max-video-preview":"max-video-preview:-1"},"canonical":"https:\/\/www.lovendal.ro\/wp52\/se-intampla-ceva-foarte-ciudat-cu-apele-oceanului-pacific-acesta-moare-ca-urmare-a-deseurilor-de-la-fukushima-sau-e-vorba-de-ceva-mai-misterios\/","og_locale":"ro_RO","og_type":"article","og_title":"Se \u00eent\u00e2mpl\u0103 ceva foarte ciudat cu apele Oceanului Pacific! Acesta \"moare\" ca urmare a de\u015feurilor de la Fukushima? Sau e vorba de ceva mai misterios?","og_description":"Oamenii de \u015ftiin\u0163\u0103, dar \u015fi cei care str\u0103bat Oceanul Pacific au remarcat \u00een ultima vreme o serie de comportamente ciudate ale creaturilor marine din Oceanul Pacific. \u00centrebarea care se pune este de ce? Exist\u0103 oare vreo leg\u0103tur\u0103 cu de\u015feurile radioactive ... Cititi mai multe","og_url":"https:\/\/www.lovendal.ro\/wp52\/se-intampla-ceva-foarte-ciudat-cu-apele-oceanului-pacific-acesta-moare-ca-urmare-a-deseurilor-de-la-fukushima-sau-e-vorba-de-ceva-mai-misterios\/","og_site_name":"Secretele lui Lovendal","article_publisher":"https:\/\/www.facebook.com\/secreteleluilovendal","article_published_time":"2013-12-01T22:17:29+00:00","og_image":[{"width":329,"height":247,"url":"https:\/\/www.lovendal.ro\/wp52\/wp-content\/uploads\/2013\/12\/oceanul-pacific-moare.jpg","type":"image\/jpeg"}],"author":"admin","twitter_card":"summary_large_image","twitter_misc":{"Scris de":"admin","Timp estimat pentru citire":"2 minute"},"schema":{"@context":"https:\/\/schema.org","@graph":[{"@type":"Article","@id":"https:\/\/www.lovendal.ro\/wp52\/se-intampla-ceva-foarte-ciudat-cu-apele-oceanului-pacific-acesta-moare-ca-urmare-a-deseurilor-de-la-fukushima-sau-e-vorba-de-ceva-mai-misterios\/#article","isPartOf":{"@id":"https:\/\/www.lovendal.ro\/wp52\/se-intampla-ceva-foarte-ciudat-cu-apele-oceanului-pacific-acesta-moare-ca-urmare-a-deseurilor-de-la-fukushima-sau-e-vorba-de-ceva-mai-misterios\/"},"author":{"name":"admin","@id":"https:\/\/www.lovendal.ro\/wp52\/#\/schema\/person\/088691de5dfc346bb0c023e1e52ef5d9"},"headline":"Se \u00eent\u00e2mpl\u0103 ceva foarte ciudat cu apele Oceanului Pacific! Acesta &#8222;moare&#8221; ca urmare a de\u015feurilor de la Fukushima? Sau e vorba de ceva mai misterios?","datePublished":"2013-12-01T22:17:29+00:00","mainEntityOfPage":{"@id":"https:\/\/www.lovendal.ro\/wp52\/se-intampla-ceva-foarte-ciudat-cu-apele-oceanului-pacific-acesta-moare-ca-urmare-a-deseurilor-de-la-fukushima-sau-e-vorba-de-ceva-mai-misterios\/"},"wordCount":401,"commentCount":8,"publisher":{"@id":"https:\/\/www.lovendal.ro\/wp52\/#organization"},"image":{"@id":"https:\/\/www.lovendal.ro\/wp52\/se-intampla-ceva-foarte-ciudat-cu-apele-oceanului-pacific-acesta-moare-ca-urmare-a-deseurilor-de-la-fukushima-sau-e-vorba-de-ceva-mai-misterios\/#primaryimage"},"thumbnailUrl":"https:\/\/www.lovendal.ro\/wp52\/wp-content\/uploads\/2013\/12\/oceanul-pacific-moare.jpg","keywords":["Alaska","balen\u0103","British Columbia","California","Canada","Filipine","Fukushima","golf","Hayian","insul\u0103","Japonia","Los Angeles","Natura-Animale","nav\u0103","ocean","Oceanul Pacific","plaj\u0103","radiatii","rechin","SUA","taifun"],"articleSection":["Natura-Animale","Noutati"],"inLanguage":"ro-RO","potentialAction":[{"@type":"CommentAction","name":"Comment","target":["https:\/\/www.lovendal.ro\/wp52\/se-intampla-ceva-foarte-ciudat-cu-apele-oceanului-pacific-acesta-moare-ca-urmare-a-deseurilor-de-la-fukushima-sau-e-vorba-de-ceva-mai-misterios\/#respond"]}]},{"@type":"WebPage","@id":"https:\/\/www.lovendal.ro\/wp52\/se-intampla-ceva-foarte-ciudat-cu-apele-oceanului-pacific-acesta-moare-ca-urmare-a-deseurilor-de-la-fukushima-sau-e-vorba-de-ceva-mai-misterios\/","url":"https:\/\/www.lovendal.ro\/wp52\/se-intampla-ceva-foarte-ciudat-cu-apele-oceanului-pacific-acesta-moare-ca-urmare-a-deseurilor-de-la-fukushima-sau-e-vorba-de-ceva-mai-misterios\/","name":"Se \u00eent\u00e2mpl\u0103 ceva foarte ciudat cu apele Oceanului Pacific! Acesta \"moare\" ca urmare a de\u015feurilor de la Fukushima? Sau e vorba de ceva mai misterios? - Secretele lui Lovendal","isPartOf":{"@id":"https:\/\/www.lovendal.ro\/wp52\/#website"},"primaryImageOfPage":{"@id":"https:\/\/www.lovendal.ro\/wp52\/se-intampla-ceva-foarte-ciudat-cu-apele-oceanului-pacific-acesta-moare-ca-urmare-a-deseurilor-de-la-fukushima-sau-e-vorba-de-ceva-mai-misterios\/#primaryimage"},"image":{"@id":"https:\/\/www.lovendal.ro\/wp52\/se-intampla-ceva-foarte-ciudat-cu-apele-oceanului-pacific-acesta-moare-ca-urmare-a-deseurilor-de-la-fukushima-sau-e-vorba-de-ceva-mai-misterios\/#primaryimage"},"thumbnailUrl":"https:\/\/www.lovendal.ro\/wp52\/wp-content\/uploads\/2013\/12\/oceanul-pacific-moare.jpg","datePublished":"2013-12-01T22:17:29+00:00","breadcrumb":{"@id":"https:\/\/www.lovendal.ro\/wp52\/se-intampla-ceva-foarte-ciudat-cu-apele-oceanului-pacific-acesta-moare-ca-urmare-a-deseurilor-de-la-fukushima-sau-e-vorba-de-ceva-mai-misterios\/#breadcrumb"},"inLanguage":"ro-RO","potentialAction":[{"@type":"ReadAction","target":["https:\/\/www.lovendal.ro\/wp52\/se-intampla-ceva-foarte-ciudat-cu-apele-oceanului-pacific-acesta-moare-ca-urmare-a-deseurilor-de-la-fukushima-sau-e-vorba-de-ceva-mai-misterios\/"]}]},{"@type":"ImageObject","inLanguage":"ro-RO","@id":"https:\/\/www.lovendal.ro\/wp52\/se-intampla-ceva-foarte-ciudat-cu-apele-oceanului-pacific-acesta-moare-ca-urmare-a-deseurilor-de-la-fukushima-sau-e-vorba-de-ceva-mai-misterios\/#primaryimage","url":"https:\/\/www.lovendal.ro\/wp52\/wp-content\/uploads\/2013\/12\/oceanul-pacific-moare.jpg","contentUrl":"https:\/\/www.lovendal.ro\/wp52\/wp-content\/uploads\/2013\/12\/oceanul-pacific-moare.jpg","width":329,"height":247},{"@type":"BreadcrumbList","@id":"https:\/\/www.lovendal.ro\/wp52\/se-intampla-ceva-foarte-ciudat-cu-apele-oceanului-pacific-acesta-moare-ca-urmare-a-deseurilor-de-la-fukushima-sau-e-vorba-de-ceva-mai-misterios\/#breadcrumb","itemListElement":[{"@type":"ListItem","position":1,"name":"Home","item":"https:\/\/www.lovendal.ro\/wp52\/"},{"@type":"ListItem","position":2,"name":"Se \u00eent\u00e2mpl\u0103 ceva foarte ciudat cu apele Oceanului Pacific! Acesta &#8222;moare&#8221; ca urmare a de\u015feurilor de la Fukushima? Sau e vorba de ceva mai misterios?"}]},{"@type":"WebSite","@id":"https:\/\/www.lovendal.ro\/wp52\/#website","url":"https:\/\/www.lovendal.ro\/wp52\/","name":"Secretele lui Lovendal","description":"Site de secrete, stiinta si metafizica - din 2008 -","publisher":{"@id":"https:\/\/www.lovendal.ro\/wp52\/#organization"},"potentialAction":[{"@type":"SearchAction","target":{"@type":"EntryPoint","urlTemplate":"https:\/\/www.lovendal.ro\/wp52\/?s={search_term_string}"},"query-input":{"@type":"PropertyValueSpecification","valueRequired":true,"valueName":"search_term_string"}}],"inLanguage":"ro-RO"},{"@type":"Organization","@id":"https:\/\/www.lovendal.ro\/wp52\/#organization","name":"Secretele lui Lovendal","url":"https:\/\/www.lovendal.ro\/wp52\/","logo":{"@type":"ImageObject","inLanguage":"ro-RO","@id":"https:\/\/www.lovendal.ro\/wp52\/#\/schema\/logo\/image\/","url":"https:\/\/www.lovendal.ro\/wp52\/wp-content\/uploads\/2024\/06\/cropped-SLL-iun-2024-1.jpg","contentUrl":"https:\/\/www.lovendal.ro\/wp52\/wp-content\/uploads\/2024\/06\/cropped-SLL-iun-2024-1.jpg","width":771,"height":240,"caption":"Secretele lui Lovendal"},"image":{"@id":"https:\/\/www.lovendal.ro\/wp52\/#\/schema\/logo\/image\/"},"sameAs":["https:\/\/www.facebook.com\/secreteleluilovendal"]},{"@type":"Person","@id":"https:\/\/www.lovendal.ro\/wp52\/#\/schema\/person\/088691de5dfc346bb0c023e1e52ef5d9","name":"admin","image":{"@type":"ImageObject","inLanguage":"ro-RO","@id":"https:\/\/secure.gravatar.com\/avatar\/ecb9cd41f5f63c9c9b989999a59f6e2639a865ec361e9db054db0679a8f341c2?s=96&d=mm&r=g","url":"https:\/\/secure.gravatar.com\/avatar\/ecb9cd41f5f63c9c9b989999a59f6e2639a865ec361e9db054db0679a8f341c2?s=96&d=mm&r=g","contentUrl":"https:\/\/secure.gravatar.com\/avatar\/ecb9cd41f5f63c9c9b989999a59f6e2639a865ec361e9db054db0679a8f341c2?s=96&d=mm&r=g","caption":"admin"},"sameAs":["https:\/\/www.lovendal.ro\/wp52"]}]}},"_links":{"self":[{"href":"https:\/\/www.lovendal.ro\/wp52\/wp-json\/wp\/v2\/posts\/31533","targetHints":{"allow":["GET"]}}],"collection":[{"href":"https:\/\/www.lovendal.ro\/wp52\/wp-json\/wp\/v2\/posts"}],"about":[{"href":"https:\/\/www.lovendal.ro\/wp52\/wp-json\/wp\/v2\/types\/post"}],"author":[{"embeddable":true,"href":"https:\/\/www.lovendal.ro\/wp52\/wp-json\/wp\/v2\/users\/1"}],"replies":[{"embeddable":true,"href":"https:\/\/www.lovendal.ro\/wp52\/wp-json\/wp\/v2\/comments?post=31533"}],"version-history":[{"count":0,"href":"https:\/\/www.lovendal.ro\/wp52\/wp-json\/wp\/v2\/posts\/31533\/revisions"}],"wp:featuredmedia":[{"embeddable":true,"href":"https:\/\/www.lovendal.ro\/wp52\/wp-json\/wp\/v2\/media\/31534"}],"wp:attachment":[{"href":"https:\/\/www.lovendal.ro\/wp52\/wp-json\/wp\/v2\/media?parent=31533"}],"wp:term":[{"taxonomy":"category","embeddable":true,"href":"https:\/\/www.lovendal.ro\/wp52\/wp-json\/wp\/v2\/categories?post=31533"},{"taxonomy":"post_tag","embeddable":true,"href":"https:\/\/www.lovendal.ro\/wp52\/wp-json\/wp\/v2\/tags?post=31533"}],"curies":[{"name":"wp","href":"https:\/\/api.w.org\/{rel}","templated":true}]}}