{"id":31402,"date":"2013-11-22T21:46:04","date_gmt":"2013-11-22T19:46:04","guid":{"rendered":"http:\/\/www.lovendal.ro\/wp52\/?p=31402"},"modified":"2013-11-22T21:47:06","modified_gmt":"2013-11-22T19:47:06","slug":"locuitorii-din-franta-sunt-bulversati-un-misterios-material-subtire-stralucitor-si-alb-cade-din-cer-par-de-inger-chemtrails-sau-panze-de-paianjen","status":"publish","type":"post","link":"https:\/\/www.lovendal.ro\/wp52\/locuitorii-din-franta-sunt-bulversati-un-misterios-material-subtire-stralucitor-si-alb-cade-din-cer-par-de-inger-chemtrails-sau-panze-de-paianjen\/","title":{"rendered":"Locuitorii din Fran\u0163a sunt bulversa\u0163i: un misterios material sub\u0163ire &#8211; str\u0103lucitor \u015fi alb &#8211; cade din cer! &#8222;P\u0103r de \u00eenger&#8221;, chemtrails sau p\u00e2nze de p\u0103ianjen?"},"content":{"rendered":"<p><a href=\"https:\/\/www.lovendal.ro\/wp52\/wp-content\/uploads\/2013\/11\/par-de-inger-in-Franta.jpg\"><img loading=\"lazy\" decoding=\"async\" class=\"alignleft size-full wp-image-31403\" alt=\"par de inger in Franta\" src=\"https:\/\/www.lovendal.ro\/wp52\/wp-content\/uploads\/2013\/11\/par-de-inger-in-Franta.jpg\" width=\"326\" height=\"301\" \/><\/a>O substan\u021b\u0103 ciudat\u0103 de culoare alb\u0103 \u015fi sub\u021bire, care a c\u0103zut din cer la \u00eenceputul lunii noiembrie 2013, a creat o ampl\u0103 dezbatere \u00een Fran\u021ba, scrie site-ul francez <a href=\"http:\/\/mouvida.com\/urgent-ces-mysterieuses-toiles-daraignees-qui-tombent-sur-lagglomeration-de-valence-drome\/\" target=\"_blank\"><strong>mouvida.com<\/strong><\/a>. Nedumeri\u0163i \u0219i speria\u0163i, locuitorii din dou\u0103 localit\u0103\u0163i franceze, Drome \u015fi Ardeche, au chemat poli\u021bia \u0219i pompierii s\u0103 examineze substan\u021ba misterioas\u0103. Ce sunt aceste \u015firuri lungi \u015fi m\u0103t\u0103soase care plutesc \u00een aer?<\/p>\n<p>Nu se \u015ftie dac\u0103 materialul necunoscut c\u0103zut din cer a fost toxic, \u015fi, cu toate acestea, nicio analiz\u0103 nu a fost solicitat\u0103 de autorit\u0103\u0163i. Aceast\u0103 &#8222;m\u0103tase celest\u0103&#8221; este foarte similar\u0103 cu ceea ce se nume\u015fte &#8222;p\u0103r de \u00eenger&#8221;, adic\u0103 un material sub\u0163ire, foarte delicat, str\u0103lucitor \u015fi alb. Nu pu\u0163ini sunt cei care asociaz\u0103 &#8222;p\u0103rul de \u00eenger&#8221; cu OZN-urile.<\/p>\n<p>De-a lungul anilor, au existat o serie de rapoarte de c\u0103deri de &#8222;p\u0103r de \u00eenger&#8221; \u00een \u00eentreaga lume. Exist\u0103 foarte pu\u021bine probe ale acestei substan\u021be extrem de neobi\u0219nuite. Materialul este foarte dificil \u00een a fi examinat, deoarece el se tope\u0219te atunci c\u00e2nd este atins.<\/p>\n<p>Exist\u0103 \u0219i alte ipoteze cu privire la originea acestui material ciudat. Unii cred c\u0103 el ar putea fi rezultatul &#8222;d\u00e2relor chimice de pe cer&#8221; (a\u015fa zisul chemtrails), pe c\u00e2nd oamenii de \u015ftiin\u0163\u0103 au sugerat c\u0103 filamente misterioase nu ar reprezenta dec\u00e2t simple p\u00e2nze de p\u0103ianjen, care sunt mutate de v\u00e2nt dintr-un loc \u00een altul. Acestea ar ap\u0103rea atunci c\u00e2nd condi\u021biile meteorologice se schimba dramatic sau p\u0103ianjenii doresc s\u0103 migreze pentru a-\u015fi alege locuri mai bune de v\u00e2n\u0103toare.<\/p>\n","protected":false},"excerpt":{"rendered":"<p>O substan\u021b\u0103 ciudat\u0103 de culoare alb\u0103 \u015fi sub\u021bire, care a c\u0103zut din cer la \u00eenceputul lunii noiembrie 2013, a creat o ampl\u0103 dezbatere \u00een Fran\u021ba, scrie site-ul francez mouvida.com. Nedumeri\u0163i \u0219i speria\u0163i, locuitorii din dou\u0103 localit\u0103\u0163i franceze, Drome \u015fi Ardeche, &#8230; <\/p>\n<p class=\"read-more-container\"><a title=\"Locuitorii din Fran\u0163a sunt bulversa\u0163i: un misterios material sub\u0163ire &#8211; str\u0103lucitor \u015fi alb &#8211; cade din cer! &#8222;P\u0103r de \u00eenger&#8221;, chemtrails sau p\u00e2nze de p\u0103ianjen?\" class=\"read-more button\" href=\"https:\/\/www.lovendal.ro\/wp52\/locuitorii-din-franta-sunt-bulversati-un-misterios-material-subtire-stralucitor-si-alb-cade-din-cer-par-de-inger-chemtrails-sau-panze-de-paianjen\/#more-31402\" aria-label=\"Cite\u0219te mai multe despre Locuitorii din Fran\u0163a sunt bulversa\u0163i: un misterios material sub\u0163ire &#8211; str\u0103lucitor \u015fi alb &#8211; cade din cer! &#8222;P\u0103r de \u00eenger&#8221;, chemtrails sau p\u00e2nze de p\u0103ianjen?\">Cititi mai multe<\/a><\/p>\n","protected":false},"author":1,"featured_media":31403,"comment_status":"open","ping_status":"open","sticky":false,"template":"","format":"standard","meta":{"footnotes":""},"categories":[5040,2833],"tags":[1162,9818,2466,5733,202,50,1639,7250,6032,4330],"class_list":["post-31402","post","type-post","status-publish","format-standard","has-post-thumbnail","hentry","category-bizar","category-noutati","tag-alb","tag-bizar","tag-cer","tag-chemtrails","tag-franta","tag-ozn","tag-paianjen","tag-panza-de-paianjen","tag-par-de-inger","tag-vant","resize-featured-image"],"yoast_head":"<!-- This site is optimized with the Yoast SEO Premium plugin v23.3 (Yoast SEO v27.4) - https:\/\/yoast.com\/product\/yoast-seo-premium-wordpress\/ -->\n<title>Locuitorii din Fran\u0163a sunt bulversa\u0163i: un misterios material sub\u0163ire - str\u0103lucitor \u015fi alb - cade din cer! &quot;P\u0103r de \u00eenger&quot;, chemtrails sau p\u00e2nze de p\u0103ianjen? - Secretele lui Lovendal<\/title>\n<meta name=\"robots\" content=\"index, follow, max-snippet:-1, max-image-preview:large, max-video-preview:-1\" \/>\n<link rel=\"canonical\" href=\"https:\/\/www.lovendal.ro\/wp52\/locuitorii-din-franta-sunt-bulversati-un-misterios-material-subtire-stralucitor-si-alb-cade-din-cer-par-de-inger-chemtrails-sau-panze-de-paianjen\/\" \/>\n<meta property=\"og:locale\" content=\"ro_RO\" \/>\n<meta property=\"og:type\" content=\"article\" \/>\n<meta property=\"og:title\" content=\"Locuitorii din Fran\u0163a sunt bulversa\u0163i: un misterios material sub\u0163ire - str\u0103lucitor \u015fi alb - cade din cer! &quot;P\u0103r de \u00eenger&quot;, chemtrails sau p\u00e2nze de p\u0103ianjen?\" \/>\n<meta property=\"og:description\" content=\"O substan\u021b\u0103 ciudat\u0103 de culoare alb\u0103 \u015fi sub\u021bire, care a c\u0103zut din cer la \u00eenceputul lunii noiembrie 2013, a creat o ampl\u0103 dezbatere \u00een Fran\u021ba, scrie site-ul francez mouvida.com. Nedumeri\u0163i \u0219i speria\u0163i, locuitorii din dou\u0103 localit\u0103\u0163i franceze, Drome \u015fi Ardeche, ... Cititi mai multe\" \/>\n<meta property=\"og:url\" content=\"https:\/\/www.lovendal.ro\/wp52\/locuitorii-din-franta-sunt-bulversati-un-misterios-material-subtire-stralucitor-si-alb-cade-din-cer-par-de-inger-chemtrails-sau-panze-de-paianjen\/\" \/>\n<meta property=\"og:site_name\" content=\"Secretele lui Lovendal\" \/>\n<meta property=\"article:publisher\" content=\"https:\/\/www.facebook.com\/secreteleluilovendal\" \/>\n<meta property=\"article:published_time\" content=\"2013-11-22T19:46:04+00:00\" \/>\n<meta property=\"article:modified_time\" content=\"2013-11-22T19:47:06+00:00\" \/>\n<meta property=\"og:image\" content=\"https:\/\/www.lovendal.ro\/wp52\/wp-content\/uploads\/2013\/11\/par-de-inger-in-Franta.jpg\" \/>\n\t<meta property=\"og:image:width\" content=\"326\" \/>\n\t<meta property=\"og:image:height\" content=\"301\" \/>\n\t<meta property=\"og:image:type\" content=\"image\/jpeg\" \/>\n<meta name=\"author\" content=\"admin\" \/>\n<meta name=\"twitter:card\" content=\"summary_large_image\" \/>\n<meta name=\"twitter:label1\" content=\"Scris de\" \/>\n\t<meta name=\"twitter:data1\" content=\"admin\" \/>\n\t<meta name=\"twitter:label2\" content=\"Timp estimat pentru citire\" \/>\n\t<meta name=\"twitter:data2\" content=\"1 minut\" \/>\n<script type=\"application\/ld+json\" class=\"yoast-schema-graph\">{\"@context\":\"https:\\\/\\\/schema.org\",\"@graph\":[{\"@type\":\"Article\",\"@id\":\"https:\\\/\\\/www.lovendal.ro\\\/wp52\\\/locuitorii-din-franta-sunt-bulversati-un-misterios-material-subtire-stralucitor-si-alb-cade-din-cer-par-de-inger-chemtrails-sau-panze-de-paianjen\\\/#article\",\"isPartOf\":{\"@id\":\"https:\\\/\\\/www.lovendal.ro\\\/wp52\\\/locuitorii-din-franta-sunt-bulversati-un-misterios-material-subtire-stralucitor-si-alb-cade-din-cer-par-de-inger-chemtrails-sau-panze-de-paianjen\\\/\"},\"author\":{\"name\":\"admin\",\"@id\":\"https:\\\/\\\/www.lovendal.ro\\\/wp52\\\/#\\\/schema\\\/person\\\/088691de5dfc346bb0c023e1e52ef5d9\"},\"headline\":\"Locuitorii din Fran\u0163a sunt bulversa\u0163i: un misterios material sub\u0163ire &#8211; str\u0103lucitor \u015fi alb &#8211; cade din cer! &#8222;P\u0103r de \u00eenger&#8221;, chemtrails sau p\u00e2nze de p\u0103ianjen?\",\"datePublished\":\"2013-11-22T19:46:04+00:00\",\"dateModified\":\"2013-11-22T19:47:06+00:00\",\"mainEntityOfPage\":{\"@id\":\"https:\\\/\\\/www.lovendal.ro\\\/wp52\\\/locuitorii-din-franta-sunt-bulversati-un-misterios-material-subtire-stralucitor-si-alb-cade-din-cer-par-de-inger-chemtrails-sau-panze-de-paianjen\\\/\"},\"wordCount\":311,\"commentCount\":6,\"publisher\":{\"@id\":\"https:\\\/\\\/www.lovendal.ro\\\/wp52\\\/#organization\"},\"image\":{\"@id\":\"https:\\\/\\\/www.lovendal.ro\\\/wp52\\\/locuitorii-din-franta-sunt-bulversati-un-misterios-material-subtire-stralucitor-si-alb-cade-din-cer-par-de-inger-chemtrails-sau-panze-de-paianjen\\\/#primaryimage\"},\"thumbnailUrl\":\"https:\\\/\\\/www.lovendal.ro\\\/wp52\\\/wp-content\\\/uploads\\\/2013\\\/11\\\/par-de-inger-in-Franta.jpg\",\"keywords\":[\"alb\",\"Bizar\",\"cer\",\"chemtrails\",\"Fran\u0163a\",\"OZN\",\"p\u0103ianjen\",\"p\u00e2nz\u0103 de p\u0103ianjen\",\"p\u0103r de \u00eenger\",\"v\u00e2nt\"],\"articleSection\":[\"Bizar\",\"Noutati\"],\"inLanguage\":\"ro-RO\",\"potentialAction\":[{\"@type\":\"CommentAction\",\"name\":\"Comment\",\"target\":[\"https:\\\/\\\/www.lovendal.ro\\\/wp52\\\/locuitorii-din-franta-sunt-bulversati-un-misterios-material-subtire-stralucitor-si-alb-cade-din-cer-par-de-inger-chemtrails-sau-panze-de-paianjen\\\/#respond\"]}]},{\"@type\":\"WebPage\",\"@id\":\"https:\\\/\\\/www.lovendal.ro\\\/wp52\\\/locuitorii-din-franta-sunt-bulversati-un-misterios-material-subtire-stralucitor-si-alb-cade-din-cer-par-de-inger-chemtrails-sau-panze-de-paianjen\\\/\",\"url\":\"https:\\\/\\\/www.lovendal.ro\\\/wp52\\\/locuitorii-din-franta-sunt-bulversati-un-misterios-material-subtire-stralucitor-si-alb-cade-din-cer-par-de-inger-chemtrails-sau-panze-de-paianjen\\\/\",\"name\":\"Locuitorii din Fran\u0163a sunt bulversa\u0163i: un misterios material sub\u0163ire - str\u0103lucitor \u015fi alb - cade din cer! \\\"P\u0103r de \u00eenger\\\", chemtrails sau p\u00e2nze de p\u0103ianjen? - Secretele lui Lovendal\",\"isPartOf\":{\"@id\":\"https:\\\/\\\/www.lovendal.ro\\\/wp52\\\/#website\"},\"primaryImageOfPage\":{\"@id\":\"https:\\\/\\\/www.lovendal.ro\\\/wp52\\\/locuitorii-din-franta-sunt-bulversati-un-misterios-material-subtire-stralucitor-si-alb-cade-din-cer-par-de-inger-chemtrails-sau-panze-de-paianjen\\\/#primaryimage\"},\"image\":{\"@id\":\"https:\\\/\\\/www.lovendal.ro\\\/wp52\\\/locuitorii-din-franta-sunt-bulversati-un-misterios-material-subtire-stralucitor-si-alb-cade-din-cer-par-de-inger-chemtrails-sau-panze-de-paianjen\\\/#primaryimage\"},\"thumbnailUrl\":\"https:\\\/\\\/www.lovendal.ro\\\/wp52\\\/wp-content\\\/uploads\\\/2013\\\/11\\\/par-de-inger-in-Franta.jpg\",\"datePublished\":\"2013-11-22T19:46:04+00:00\",\"dateModified\":\"2013-11-22T19:47:06+00:00\",\"breadcrumb\":{\"@id\":\"https:\\\/\\\/www.lovendal.ro\\\/wp52\\\/locuitorii-din-franta-sunt-bulversati-un-misterios-material-subtire-stralucitor-si-alb-cade-din-cer-par-de-inger-chemtrails-sau-panze-de-paianjen\\\/#breadcrumb\"},\"inLanguage\":\"ro-RO\",\"potentialAction\":[{\"@type\":\"ReadAction\",\"target\":[\"https:\\\/\\\/www.lovendal.ro\\\/wp52\\\/locuitorii-din-franta-sunt-bulversati-un-misterios-material-subtire-stralucitor-si-alb-cade-din-cer-par-de-inger-chemtrails-sau-panze-de-paianjen\\\/\"]}]},{\"@type\":\"ImageObject\",\"inLanguage\":\"ro-RO\",\"@id\":\"https:\\\/\\\/www.lovendal.ro\\\/wp52\\\/locuitorii-din-franta-sunt-bulversati-un-misterios-material-subtire-stralucitor-si-alb-cade-din-cer-par-de-inger-chemtrails-sau-panze-de-paianjen\\\/#primaryimage\",\"url\":\"https:\\\/\\\/www.lovendal.ro\\\/wp52\\\/wp-content\\\/uploads\\\/2013\\\/11\\\/par-de-inger-in-Franta.jpg\",\"contentUrl\":\"https:\\\/\\\/www.lovendal.ro\\\/wp52\\\/wp-content\\\/uploads\\\/2013\\\/11\\\/par-de-inger-in-Franta.jpg\",\"width\":326,\"height\":301},{\"@type\":\"BreadcrumbList\",\"@id\":\"https:\\\/\\\/www.lovendal.ro\\\/wp52\\\/locuitorii-din-franta-sunt-bulversati-un-misterios-material-subtire-stralucitor-si-alb-cade-din-cer-par-de-inger-chemtrails-sau-panze-de-paianjen\\\/#breadcrumb\",\"itemListElement\":[{\"@type\":\"ListItem\",\"position\":1,\"name\":\"Home\",\"item\":\"https:\\\/\\\/www.lovendal.ro\\\/wp52\\\/\"},{\"@type\":\"ListItem\",\"position\":2,\"name\":\"Locuitorii din Fran\u0163a sunt bulversa\u0163i: un misterios material sub\u0163ire &#8211; str\u0103lucitor \u015fi alb &#8211; cade din cer! &#8222;P\u0103r de \u00eenger&#8221;, chemtrails sau p\u00e2nze de p\u0103ianjen?\"}]},{\"@type\":\"WebSite\",\"@id\":\"https:\\\/\\\/www.lovendal.ro\\\/wp52\\\/#website\",\"url\":\"https:\\\/\\\/www.lovendal.ro\\\/wp52\\\/\",\"name\":\"Secretele lui Lovendal\",\"description\":\"Site de secrete, stiinta si metafizica - din 2008 -\",\"publisher\":{\"@id\":\"https:\\\/\\\/www.lovendal.ro\\\/wp52\\\/#organization\"},\"potentialAction\":[{\"@type\":\"SearchAction\",\"target\":{\"@type\":\"EntryPoint\",\"urlTemplate\":\"https:\\\/\\\/www.lovendal.ro\\\/wp52\\\/?s={search_term_string}\"},\"query-input\":{\"@type\":\"PropertyValueSpecification\",\"valueRequired\":true,\"valueName\":\"search_term_string\"}}],\"inLanguage\":\"ro-RO\"},{\"@type\":\"Organization\",\"@id\":\"https:\\\/\\\/www.lovendal.ro\\\/wp52\\\/#organization\",\"name\":\"Secretele lui Lovendal\",\"url\":\"https:\\\/\\\/www.lovendal.ro\\\/wp52\\\/\",\"logo\":{\"@type\":\"ImageObject\",\"inLanguage\":\"ro-RO\",\"@id\":\"https:\\\/\\\/www.lovendal.ro\\\/wp52\\\/#\\\/schema\\\/logo\\\/image\\\/\",\"url\":\"https:\\\/\\\/www.lovendal.ro\\\/wp52\\\/wp-content\\\/uploads\\\/2024\\\/06\\\/cropped-SLL-iun-2024-1.jpg\",\"contentUrl\":\"https:\\\/\\\/www.lovendal.ro\\\/wp52\\\/wp-content\\\/uploads\\\/2024\\\/06\\\/cropped-SLL-iun-2024-1.jpg\",\"width\":771,\"height\":240,\"caption\":\"Secretele lui Lovendal\"},\"image\":{\"@id\":\"https:\\\/\\\/www.lovendal.ro\\\/wp52\\\/#\\\/schema\\\/logo\\\/image\\\/\"},\"sameAs\":[\"https:\\\/\\\/www.facebook.com\\\/secreteleluilovendal\"]},{\"@type\":\"Person\",\"@id\":\"https:\\\/\\\/www.lovendal.ro\\\/wp52\\\/#\\\/schema\\\/person\\\/088691de5dfc346bb0c023e1e52ef5d9\",\"name\":\"admin\",\"image\":{\"@type\":\"ImageObject\",\"inLanguage\":\"ro-RO\",\"@id\":\"https:\\\/\\\/secure.gravatar.com\\\/avatar\\\/ecb9cd41f5f63c9c9b989999a59f6e2639a865ec361e9db054db0679a8f341c2?s=96&d=mm&r=g\",\"url\":\"https:\\\/\\\/secure.gravatar.com\\\/avatar\\\/ecb9cd41f5f63c9c9b989999a59f6e2639a865ec361e9db054db0679a8f341c2?s=96&d=mm&r=g\",\"contentUrl\":\"https:\\\/\\\/secure.gravatar.com\\\/avatar\\\/ecb9cd41f5f63c9c9b989999a59f6e2639a865ec361e9db054db0679a8f341c2?s=96&d=mm&r=g\",\"caption\":\"admin\"},\"sameAs\":[\"https:\\\/\\\/www.lovendal.ro\\\/wp52\"]}]}<\/script>\n<!-- \/ Yoast SEO Premium plugin. -->","yoast_head_json":{"title":"Locuitorii din Fran\u0163a sunt bulversa\u0163i: un misterios material sub\u0163ire - str\u0103lucitor \u015fi alb - cade din cer! \"P\u0103r de \u00eenger\", chemtrails sau p\u00e2nze de p\u0103ianjen? - Secretele lui Lovendal","robots":{"index":"index","follow":"follow","max-snippet":"max-snippet:-1","max-image-preview":"max-image-preview:large","max-video-preview":"max-video-preview:-1"},"canonical":"https:\/\/www.lovendal.ro\/wp52\/locuitorii-din-franta-sunt-bulversati-un-misterios-material-subtire-stralucitor-si-alb-cade-din-cer-par-de-inger-chemtrails-sau-panze-de-paianjen\/","og_locale":"ro_RO","og_type":"article","og_title":"Locuitorii din Fran\u0163a sunt bulversa\u0163i: un misterios material sub\u0163ire - str\u0103lucitor \u015fi alb - cade din cer! \"P\u0103r de \u00eenger\", chemtrails sau p\u00e2nze de p\u0103ianjen?","og_description":"O substan\u021b\u0103 ciudat\u0103 de culoare alb\u0103 \u015fi sub\u021bire, care a c\u0103zut din cer la \u00eenceputul lunii noiembrie 2013, a creat o ampl\u0103 dezbatere \u00een Fran\u021ba, scrie site-ul francez mouvida.com. Nedumeri\u0163i \u0219i speria\u0163i, locuitorii din dou\u0103 localit\u0103\u0163i franceze, Drome \u015fi Ardeche, ... Cititi mai multe","og_url":"https:\/\/www.lovendal.ro\/wp52\/locuitorii-din-franta-sunt-bulversati-un-misterios-material-subtire-stralucitor-si-alb-cade-din-cer-par-de-inger-chemtrails-sau-panze-de-paianjen\/","og_site_name":"Secretele lui Lovendal","article_publisher":"https:\/\/www.facebook.com\/secreteleluilovendal","article_published_time":"2013-11-22T19:46:04+00:00","article_modified_time":"2013-11-22T19:47:06+00:00","og_image":[{"width":326,"height":301,"url":"https:\/\/www.lovendal.ro\/wp52\/wp-content\/uploads\/2013\/11\/par-de-inger-in-Franta.jpg","type":"image\/jpeg"}],"author":"admin","twitter_card":"summary_large_image","twitter_misc":{"Scris de":"admin","Timp estimat pentru citire":"1 minut"},"schema":{"@context":"https:\/\/schema.org","@graph":[{"@type":"Article","@id":"https:\/\/www.lovendal.ro\/wp52\/locuitorii-din-franta-sunt-bulversati-un-misterios-material-subtire-stralucitor-si-alb-cade-din-cer-par-de-inger-chemtrails-sau-panze-de-paianjen\/#article","isPartOf":{"@id":"https:\/\/www.lovendal.ro\/wp52\/locuitorii-din-franta-sunt-bulversati-un-misterios-material-subtire-stralucitor-si-alb-cade-din-cer-par-de-inger-chemtrails-sau-panze-de-paianjen\/"},"author":{"name":"admin","@id":"https:\/\/www.lovendal.ro\/wp52\/#\/schema\/person\/088691de5dfc346bb0c023e1e52ef5d9"},"headline":"Locuitorii din Fran\u0163a sunt bulversa\u0163i: un misterios material sub\u0163ire &#8211; str\u0103lucitor \u015fi alb &#8211; cade din cer! &#8222;P\u0103r de \u00eenger&#8221;, chemtrails sau p\u00e2nze de p\u0103ianjen?","datePublished":"2013-11-22T19:46:04+00:00","dateModified":"2013-11-22T19:47:06+00:00","mainEntityOfPage":{"@id":"https:\/\/www.lovendal.ro\/wp52\/locuitorii-din-franta-sunt-bulversati-un-misterios-material-subtire-stralucitor-si-alb-cade-din-cer-par-de-inger-chemtrails-sau-panze-de-paianjen\/"},"wordCount":311,"commentCount":6,"publisher":{"@id":"https:\/\/www.lovendal.ro\/wp52\/#organization"},"image":{"@id":"https:\/\/www.lovendal.ro\/wp52\/locuitorii-din-franta-sunt-bulversati-un-misterios-material-subtire-stralucitor-si-alb-cade-din-cer-par-de-inger-chemtrails-sau-panze-de-paianjen\/#primaryimage"},"thumbnailUrl":"https:\/\/www.lovendal.ro\/wp52\/wp-content\/uploads\/2013\/11\/par-de-inger-in-Franta.jpg","keywords":["alb","Bizar","cer","chemtrails","Fran\u0163a","OZN","p\u0103ianjen","p\u00e2nz\u0103 de p\u0103ianjen","p\u0103r de \u00eenger","v\u00e2nt"],"articleSection":["Bizar","Noutati"],"inLanguage":"ro-RO","potentialAction":[{"@type":"CommentAction","name":"Comment","target":["https:\/\/www.lovendal.ro\/wp52\/locuitorii-din-franta-sunt-bulversati-un-misterios-material-subtire-stralucitor-si-alb-cade-din-cer-par-de-inger-chemtrails-sau-panze-de-paianjen\/#respond"]}]},{"@type":"WebPage","@id":"https:\/\/www.lovendal.ro\/wp52\/locuitorii-din-franta-sunt-bulversati-un-misterios-material-subtire-stralucitor-si-alb-cade-din-cer-par-de-inger-chemtrails-sau-panze-de-paianjen\/","url":"https:\/\/www.lovendal.ro\/wp52\/locuitorii-din-franta-sunt-bulversati-un-misterios-material-subtire-stralucitor-si-alb-cade-din-cer-par-de-inger-chemtrails-sau-panze-de-paianjen\/","name":"Locuitorii din Fran\u0163a sunt bulversa\u0163i: un misterios material sub\u0163ire - str\u0103lucitor \u015fi alb - cade din cer! \"P\u0103r de \u00eenger\", chemtrails sau p\u00e2nze de p\u0103ianjen? - Secretele lui Lovendal","isPartOf":{"@id":"https:\/\/www.lovendal.ro\/wp52\/#website"},"primaryImageOfPage":{"@id":"https:\/\/www.lovendal.ro\/wp52\/locuitorii-din-franta-sunt-bulversati-un-misterios-material-subtire-stralucitor-si-alb-cade-din-cer-par-de-inger-chemtrails-sau-panze-de-paianjen\/#primaryimage"},"image":{"@id":"https:\/\/www.lovendal.ro\/wp52\/locuitorii-din-franta-sunt-bulversati-un-misterios-material-subtire-stralucitor-si-alb-cade-din-cer-par-de-inger-chemtrails-sau-panze-de-paianjen\/#primaryimage"},"thumbnailUrl":"https:\/\/www.lovendal.ro\/wp52\/wp-content\/uploads\/2013\/11\/par-de-inger-in-Franta.jpg","datePublished":"2013-11-22T19:46:04+00:00","dateModified":"2013-11-22T19:47:06+00:00","breadcrumb":{"@id":"https:\/\/www.lovendal.ro\/wp52\/locuitorii-din-franta-sunt-bulversati-un-misterios-material-subtire-stralucitor-si-alb-cade-din-cer-par-de-inger-chemtrails-sau-panze-de-paianjen\/#breadcrumb"},"inLanguage":"ro-RO","potentialAction":[{"@type":"ReadAction","target":["https:\/\/www.lovendal.ro\/wp52\/locuitorii-din-franta-sunt-bulversati-un-misterios-material-subtire-stralucitor-si-alb-cade-din-cer-par-de-inger-chemtrails-sau-panze-de-paianjen\/"]}]},{"@type":"ImageObject","inLanguage":"ro-RO","@id":"https:\/\/www.lovendal.ro\/wp52\/locuitorii-din-franta-sunt-bulversati-un-misterios-material-subtire-stralucitor-si-alb-cade-din-cer-par-de-inger-chemtrails-sau-panze-de-paianjen\/#primaryimage","url":"https:\/\/www.lovendal.ro\/wp52\/wp-content\/uploads\/2013\/11\/par-de-inger-in-Franta.jpg","contentUrl":"https:\/\/www.lovendal.ro\/wp52\/wp-content\/uploads\/2013\/11\/par-de-inger-in-Franta.jpg","width":326,"height":301},{"@type":"BreadcrumbList","@id":"https:\/\/www.lovendal.ro\/wp52\/locuitorii-din-franta-sunt-bulversati-un-misterios-material-subtire-stralucitor-si-alb-cade-din-cer-par-de-inger-chemtrails-sau-panze-de-paianjen\/#breadcrumb","itemListElement":[{"@type":"ListItem","position":1,"name":"Home","item":"https:\/\/www.lovendal.ro\/wp52\/"},{"@type":"ListItem","position":2,"name":"Locuitorii din Fran\u0163a sunt bulversa\u0163i: un misterios material sub\u0163ire &#8211; str\u0103lucitor \u015fi alb &#8211; cade din cer! &#8222;P\u0103r de \u00eenger&#8221;, chemtrails sau p\u00e2nze de p\u0103ianjen?"}]},{"@type":"WebSite","@id":"https:\/\/www.lovendal.ro\/wp52\/#website","url":"https:\/\/www.lovendal.ro\/wp52\/","name":"Secretele lui Lovendal","description":"Site de secrete, stiinta si metafizica - din 2008 -","publisher":{"@id":"https:\/\/www.lovendal.ro\/wp52\/#organization"},"potentialAction":[{"@type":"SearchAction","target":{"@type":"EntryPoint","urlTemplate":"https:\/\/www.lovendal.ro\/wp52\/?s={search_term_string}"},"query-input":{"@type":"PropertyValueSpecification","valueRequired":true,"valueName":"search_term_string"}}],"inLanguage":"ro-RO"},{"@type":"Organization","@id":"https:\/\/www.lovendal.ro\/wp52\/#organization","name":"Secretele lui Lovendal","url":"https:\/\/www.lovendal.ro\/wp52\/","logo":{"@type":"ImageObject","inLanguage":"ro-RO","@id":"https:\/\/www.lovendal.ro\/wp52\/#\/schema\/logo\/image\/","url":"https:\/\/www.lovendal.ro\/wp52\/wp-content\/uploads\/2024\/06\/cropped-SLL-iun-2024-1.jpg","contentUrl":"https:\/\/www.lovendal.ro\/wp52\/wp-content\/uploads\/2024\/06\/cropped-SLL-iun-2024-1.jpg","width":771,"height":240,"caption":"Secretele lui Lovendal"},"image":{"@id":"https:\/\/www.lovendal.ro\/wp52\/#\/schema\/logo\/image\/"},"sameAs":["https:\/\/www.facebook.com\/secreteleluilovendal"]},{"@type":"Person","@id":"https:\/\/www.lovendal.ro\/wp52\/#\/schema\/person\/088691de5dfc346bb0c023e1e52ef5d9","name":"admin","image":{"@type":"ImageObject","inLanguage":"ro-RO","@id":"https:\/\/secure.gravatar.com\/avatar\/ecb9cd41f5f63c9c9b989999a59f6e2639a865ec361e9db054db0679a8f341c2?s=96&d=mm&r=g","url":"https:\/\/secure.gravatar.com\/avatar\/ecb9cd41f5f63c9c9b989999a59f6e2639a865ec361e9db054db0679a8f341c2?s=96&d=mm&r=g","contentUrl":"https:\/\/secure.gravatar.com\/avatar\/ecb9cd41f5f63c9c9b989999a59f6e2639a865ec361e9db054db0679a8f341c2?s=96&d=mm&r=g","caption":"admin"},"sameAs":["https:\/\/www.lovendal.ro\/wp52"]}]}},"_links":{"self":[{"href":"https:\/\/www.lovendal.ro\/wp52\/wp-json\/wp\/v2\/posts\/31402","targetHints":{"allow":["GET"]}}],"collection":[{"href":"https:\/\/www.lovendal.ro\/wp52\/wp-json\/wp\/v2\/posts"}],"about":[{"href":"https:\/\/www.lovendal.ro\/wp52\/wp-json\/wp\/v2\/types\/post"}],"author":[{"embeddable":true,"href":"https:\/\/www.lovendal.ro\/wp52\/wp-json\/wp\/v2\/users\/1"}],"replies":[{"embeddable":true,"href":"https:\/\/www.lovendal.ro\/wp52\/wp-json\/wp\/v2\/comments?post=31402"}],"version-history":[{"count":0,"href":"https:\/\/www.lovendal.ro\/wp52\/wp-json\/wp\/v2\/posts\/31402\/revisions"}],"wp:featuredmedia":[{"embeddable":true,"href":"https:\/\/www.lovendal.ro\/wp52\/wp-json\/wp\/v2\/media\/31403"}],"wp:attachment":[{"href":"https:\/\/www.lovendal.ro\/wp52\/wp-json\/wp\/v2\/media?parent=31402"}],"wp:term":[{"taxonomy":"category","embeddable":true,"href":"https:\/\/www.lovendal.ro\/wp52\/wp-json\/wp\/v2\/categories?post=31402"},{"taxonomy":"post_tag","embeddable":true,"href":"https:\/\/www.lovendal.ro\/wp52\/wp-json\/wp\/v2\/tags?post=31402"}],"curies":[{"name":"wp","href":"https:\/\/api.w.org\/{rel}","templated":true}]}}